{"id":65581,"date":"2022-12-20T17:38:50","date_gmt":"2022-12-20T15:38:50","guid":{"rendered":"https:\/\/blog.cofb.cat\/?p=65581"},"modified":"2023-10-09T13:02:11","modified_gmt":"2023-10-09T13:02:11","slug":"junta-general-ordinaria-aprovada-per-unanimitat-la-proposta-de-pressupostos-per-al-2023","status":"publish","type":"post","link":"https:\/\/www.cofb.org\/es\/2022\/12\/20\/junta-general-ordinaria-aprovada-per-unanimitat-la-proposta-de-pressupostos-per-al-2023\/","title":{"rendered":"Junta General Ordinaria: Aprobada por unanimidad la propuesta de presupuestos para 2023"},"content":{"rendered":"<p>El pasado lunes 19 de diciembre, tuvo lugar en el <strong>Col\u00b7legi de Farmac\u00e8utics de Barcelona (COFB)<\/strong> la <strong>Junta General Ordinaria <\/strong>en qu\u00e9 <strong>se aprobaron por unanimidad la propuesta de presupuestos para 2023<\/strong>. En la Junta Ordinaria, que pudo seguirse en formato presencial y en formato webinar, el tesorero del COFB, <strong>Miquel Recasens<\/strong>, present\u00f3 el<strong>Informe de Tesorer\u00eda<\/strong> y el presidente del COFB, <strong>Jordi Casas<\/strong>, present\u00f3 el<strong>Informe de Presidencia<\/strong>. La Junta tambi\u00e9n cont\u00f3 participaci\u00f3n de la secretaria del COFB, <strong>Aina Surroca<\/strong>. Tanto el Informe de Presidencia como el de Tesorer\u00eda se encuentran <strong>disponibles en la intranet colegial<\/strong>.<\/p>\n\n\n\n<figure class=\"wp-block-image size-full\"><a href=\"https:\/\/www.cofb.org\/wp-content\/uploads\/2023\/10\/COFB_JUNTA-GENERAL-ORDINARIA_19122022_1-1024x513-1.jpg\" target=\"_blank\" rel=\"noopener\"><img fetchpriority=\"high\" decoding=\"async\" width=\"1024\" height=\"513\" src=\"https:\/\/www.cofb.org\/wp-content\/uploads\/2023\/10\/COFB_JUNTA-GENERAL-ORDINARIA_19122022_1-1024x513-1.jpg\" alt=\"\" class=\"wp-image-68979\" srcset=\"https:\/\/www.cofb.org\/wp-content\/uploads\/2023\/10\/COFB_JUNTA-GENERAL-ORDINARIA_19122022_1-1024x513-1.jpg 1024w, https:\/\/www.cofb.org\/wp-content\/uploads\/2023\/10\/COFB_JUNTA-GENERAL-ORDINARIA_19122022_1-1024x513-1-300x150.jpg 300w, https:\/\/www.cofb.org\/wp-content\/uploads\/2023\/10\/COFB_JUNTA-GENERAL-ORDINARIA_19122022_1-1024x513-1-768x385.jpg 768w, https:\/\/www.cofb.org\/wp-content\/uploads\/2023\/10\/COFB_JUNTA-GENERAL-ORDINARIA_19122022_1-1024x513-1-18x9.jpg 18w\" sizes=\"(max-width: 1024px) 100vw, 1024px\" \/><\/a><figcaption class=\"wp-element-caption\">Presentaci\u00f3n de los Informes de Presidencia y Tesorer\u00eda en la Junta General Ordinaria por parte del presidente, Jordi Casas; la secretaria, Aina Surroca (izquierda); y del tesorero, Miquel Recasens (derecha).<\/figcaption><\/figure>\n\n\n\n<h2 class=\"wp-block-heading\"><strong>Informe de Tesorer\u00eda<\/strong><\/h2>\n\n\n\n<p>El tesorero del COFB,&nbsp;<strong>Miquel Recasens<\/strong>, present\u00f3 la propuesta de presupuestos para 2023, que consta de tres l\u00edneas de trabajo de actuaci\u00f3n prioritaria:&nbsp;<strong>solvencia y sostenibilidad econ\u00f3mica del COFB<\/strong>,&nbsp;<strong>promoci\u00f3n de la profesi\u00f3n farmac\u00e9utica como agentes de salud<\/strong>&nbsp;y <strong>apoyo al colectivo colegial ya los grupos y entidades vinculados<\/strong>.<\/p>\n\n\n\n<p><strong>Solvencia y sostenibilidad econ\u00f3mica del COFB<\/strong><\/p>\n\n\n\n<p>En este primer bloque, el tesorero hizo referencia a que desde el COFB se<strong>afrontar\u00e1 el aumento de los costes derivados de la inflaci\u00f3n<\/strong>. Por otra parte, <strong>se concentrar\u00e1 la aportaci\u00f3n de CaixaBank en el servicio de facturaci\u00f3n y liquidaci\u00f3n de recetas<\/strong>. En este punto, Recasens destac\u00f3 que para el ejercicio 2023&nbsp;<strong>se recuperar\u00e1n los ingresos de Infarma<\/strong>; y anunci\u00f3 que&nbsp;<strong>se invertir\u00e1 en la recuperaci\u00f3n de la contribuci\u00f3n de los ingresos de formaci\u00f3n<\/strong>, puesto que se adaptar\u00e1 el formato de las actividades formativas a la demanda actual de los colegiados. Para cerrar este punto, coment\u00f3 que como siempre, se busca <strong>mantener el equilibrio entre el gasto<\/strong> y la <strong>sostenibilidad de la corporaci\u00f3n.<\/strong><\/p>\n\n\n\n<p><strong>Promoci\u00f3n de la profesi\u00f3n farmac\u00e9utica como agentes de salud<\/strong><\/p>\n\n\n\n<p>Como segunda l\u00ednea de trabajo, Recasens apunt\u00f3 que se incorporar\u00e1 y&nbsp;<strong>se reforzar\u00e1 con m\u00e1s recursos los servicios de deontolog\u00eda e inspecci\u00f3n; se incrementar\u00e1 las posibilidades de seguimiento de proyectos y resoluci\u00f3n de dudas<\/strong>, potenciando servicios de atenci\u00f3n a los usuarios; se incorporar\u00e1 el servicio de una&nbsp;<strong>nueva base de datos cient\u00edfica; y se potenciar\u00e1 la representaci\u00f3n institucional&nbsp;<\/strong>en foros, asociaciones y consejos del sistema sanitario y de la sociedad civil.<\/p>\n\n\n\n<p><strong>Apoyo al colectivo colegial ya los grupos y entidades vinculados<\/strong><\/p>\n\n\n\n<p>En este \u00faltimo punto, Miquel Recasens coment\u00f3 que se quiere&nbsp;<strong>potenciar la red de coordinadores y personas delegadas<\/strong>. Tambi\u00e9n hizo menci\u00f3n al<strong>activaci\u00f3n de eventos de reencuentro y conexi\u00f3n colegial<\/strong>, como el D\u00eda del Farmac\u00e9utico, que ya se volvi\u00f3 a celebrar en 2022, y para la celebraci\u00f3n del 125 aniversario del COFB. El tesorero inform\u00f3 que tambi\u00e9n se dedicar\u00e1n partidas presupuestarias para la<strong>&nbsp;implicaci\u00f3n conjunta con actividades sociales<\/strong> para la&nbsp;<strong>Comisi\u00f3n de Compromiso Social (RSC)<\/strong>&nbsp;y la&nbsp;<strong>Comisi\u00f3n de Igualdad de G\u00e9nero<\/strong>.<\/p>\n\n\n\n<figure class=\"wp-block-image size-large\"><a href=\"https:\/\/blog.cofb.cat\/wp-content\/uploads\/2022\/12\/COFB_JUNTA-GENERAL-ORDINARIA_19122022_3.jpg\" target=\"_blank\" rel=\"noopener\"><img decoding=\"async\" src=\"https:\/\/blog.cofb.cat\/wp-content\/uploads\/2022\/12\/COFB_JUNTA-GENERAL-ORDINARIA_19122022_3-1024x512.jpg\" alt=\"\" class=\"wp-image-65632\"\/><\/a><figcaption class=\"wp-element-caption\">El tesorero del COFB, Miquel Recasens, present\u00f3 la propuesta de presupuestos para 2023.<\/figcaption><\/figure>\n\n\n\n<p>El tesorero se\u00f1al\u00f3 que se incorporan&nbsp;<strong>nuevos recursos personales y profesionales en comunicaci\u00f3n y marketing&nbsp;<\/strong>por potenciar a\u00fan m\u00e1s el contacto con los colegiados; y que se&nbsp;<strong>remodelar\u00e1n espacios de la sede colegial<\/strong>, en concreto, la recepci\u00f3n y el \u00e1rea de biblioteca y comunicaci\u00f3n.<\/p>\n\n\n\n<h2 class=\"wp-block-heading\"><strong>Informe de Presidencia<\/strong><\/h2>\n\n\n\n<p>En el Informe de Presidencia, <strong>Jordi Casas <\/strong>repas\u00f3, en primer lugar, un blog en referencia a la <strong>normativa y en la actualidad<\/strong> entorno al Col\u00b7legi. En este apartado, el presidente del COFB hizo menci\u00f3n de las <strong>plataformas de intermediaci\u00f3n de venta de medicamentos por medios telem\u00e1ticos<\/strong>, por todas las consultas y llamadas que ha habido este \u00faltimo a\u00f1o. En este sentido, Casas apunt\u00f3 que desde el 2019, el<strong>AMPOS <\/strong>y el <strong>Departament de Salut <\/strong>han llevado a cabo diferentes actuaciones por <strong>solicitar informaci\u00f3n y abrir expedientes por la actuaci\u00f3n de determinadas empresas y plataformas<\/strong>. Siguiendo en la actualidad normativa, coment\u00f3 que la modificaci\u00f3n del texto refundido de la <strong>Ley de garant\u00edas y uso racional de los medicamentos y productos sanitarios entra en la fase final<\/strong>. A principios de 2023, aparecer\u00e1 un texto que se someter\u00e1 a audiencia p\u00fablica. Tambi\u00e9n explic\u00f3 a los colegiados que, el pasado septiembre, se puso en marcha <strong>&quot;Mi cartera&quot;<\/strong>, un monedero digital impulsado por la Generalitat que se estren\u00f3 con la <strong>tarjeta sanitaria individual (TSI)<\/strong> a las m\u00e1s de <strong>3.200 farmacias de Catalu\u00f1a<\/strong>.<\/p>\n\n\n\n<p>En este primer bloque, el presidente record\u00f3 a los <strong>cambios gubernamentales en el \u00e1mbito sanitario<\/strong> que ha habido el \u00faltimo semestre: en concreto mencion\u00f3 a <strong>Manel Balcells<\/strong>, que tom\u00f3 posesi\u00f3n como <strong>consejero de Salud<\/strong>; a <strong>Ramon Canal<\/strong>, como nuevo <strong>director de CatSalut<\/strong>; y en el \u00e1mbito estatal, <strong>C\u00e9sar Hern\u00e1ndez<\/strong>, que fue nombrado <strong>director general de Farmacia del Ministerio de Sanidad<\/strong>.<\/p>\n\n\n\n<h3 class=\"wp-block-heading\"><strong>Proyectos profesionales<\/strong> <\/h3>\n\n\n\n<p>Casas dedic\u00f3 un segundo bloque a los <strong>proyectos profesionales<\/strong> que se pusieron en marcha desde el COFB en el \u00faltimo semestre del a\u00f1o y detall\u00f3 las novedades para el pr\u00f3ximo a\u00f1o 2023. En primer lugar, inform\u00f3 de que se inici\u00f3 una <strong>prueba piloto<\/strong> del <strong>Programa sobre el buen uso de los medicamentos (PESBUM) en cuatro centros educativos<\/strong>, con un total de <strong>345 asistentes<\/strong>. Aparte de la prueba piloto, el programa ha contado con <strong>215 farmac\u00e9uticos formadores<\/strong>, que han impartido <strong>76 sesiones<\/strong>, con un total de <strong>521 asistencias<\/strong>. En el Informe de Presidencia, Jordi Casas tambi\u00e9n coment\u00f3 que el <strong>COFB colabor\u00f3 con el Ayuntamiento de Barcelona<\/strong> para impulsar la <strong>Tarjeta Cuidadora<\/strong>, una iniciativa en la que ya se han adherido <strong>181 farmacias comunitarias<\/strong> desde septiembre. En total se han realizado <strong>11 sesiones<\/strong> con <strong>m\u00e1s de un centenar de asistentes<\/strong> y uno de los programas que realizan es el PESBUM. <\/p>\n\n\n\n<figure class=\"wp-block-image size-large\"><a href=\"https:\/\/blog.cofb.cat\/wp-content\/uploads\/2022\/12\/COFB_JUNTA-GENERAL-ORDINARIA_19122022_2.jpg\" target=\"_blank\" rel=\"noopener\"><img decoding=\"async\" src=\"https:\/\/blog.cofb.cat\/wp-content\/uploads\/2022\/12\/COFB_JUNTA-GENERAL-ORDINARIA_19122022_2-1024x513.jpg\" alt=\"El president, Jordi Casas, a l'inici de la presentaci\u00f3 de l'Informe de Presid\u00e8ncia. \" class=\"wp-image-65631\" title=\"El presidente, Jordi Casas, en el inicio de la presentaci\u00f3n del Informe de Presidencia. \"\/><\/a><figcaption class=\"wp-element-caption\">El presidente, Jordi Casas, en el inicio de la presentaci\u00f3n del Informe de Presidencia. <\/figcaption><\/figure>\n\n\n\n<p>En el mismo blog, el presidente hizo menci\u00f3n a <strong>Farmaserveis<\/strong>. Pr\u00f3ximamente, se llevar\u00e1 a cabo una campa\u00f1a para promover el uso de esta herramienta entre los farmac\u00e9uticos y, durante el 2023, se pondr\u00e1 en marcha una <strong>nueva app para el usuario<\/strong>. Jordi Casas tambi\u00e9n valor\u00f3 la <strong>prueba piloto del Programa de Detecci\u00f3n Precoz del C\u00e1ncer de Coll Uter\u00ed<\/strong>, que en 2021 se inici\u00f3 en El Prat de Llobregat en 22 farmacias y <strong>este a\u00f1o se ha consolidado, ya que el pasado junio se incorporaron 49 farmacias<\/strong> de Begues, Castelldefels, Gav\u00e0, Las Tiendas de Sitges, Sant Climent de Llobregat y Viladecans. Siguiendo en el blog de proyectos, Casas mencion\u00f3 <strong>la evoluci\u00f3n del estudio Derma-Riesgo<\/strong>, que en el \u00faltimo semestre se ha llevado a cabo la formaci\u00f3n, las reuniones locales ABS y el inicio del estudio. Para cerrar este blog, el presidente del COFB explic\u00f3 a los colegiados que el circuito de <strong>Paxlovid <\/strong>se ampliar\u00e1 a pacientes ingresados en los hospitales y, a partir de enero, participar\u00e1n <strong>56 hospitales catalanes y los 4 distribuidores mayoritarios. <\/strong><\/p>\n\n\n\n<h3 class=\"wp-block-heading\"><strong>Prestaci\u00f3n farmac\u00e9utica<\/strong><\/h3>\n\n\n\n<p>El tercer bloque, Jordi Casas lo dedic\u00f3 a la <strong>prestaci\u00f3n farmac\u00e9utica<\/strong>, y lo inici\u00f3 haciendo menci\u00f3n a la <strong>problem\u00e1tica de los desabastecimientos<\/strong>, poniendo especial \u00e9nfasis en los problemas de suministro de amoxicilina pedi\u00e1trica de los \u00faltimos meses. En este sentido, el presidente record\u00f3 que los farmac\u00e9uticos y farmac\u00e9uticas tienen a su alcance herramientas como el <strong>CISMED<\/strong> o el <strong>Farmahelp<\/strong> para poder dar respuesta a la falta de suministro.<\/p>\n\n\n\n<p>El presidente del Col\u00b7legi, para cerrar este apartado, puso en valor otros proyectos como <strong>&quot;la Oficina de farmacia libre de papeles&quot;<\/strong>, una iniciativa que comenz\u00f3 con una prueba piloto, despu\u00e9s de que se firmara un convenio entre el Consejo de Farmac\u00e9uticos de Catalunya y el Departamento de Salud, el pasado mes de junio. Tambi\u00e9n hizo referencia a las cifras positivas, en cuanto a la reducci\u00f3n de medicamentos falsificados, en las farmacias de Barcelona que utilizan el <strong>Sistema Espa\u00f1ol de Verificaci\u00f3n de Medicamentos (SEVeM)<\/strong>.<\/p>\n\n\n\n<h3 class=\"wp-block-heading\"><strong>Actualidad del COFB<\/strong><\/h3>\n\n\n\n<p>Sobre el<strong>actualidad del COFB<\/strong>, en el cuarto bloque, Jordi Casas coment\u00f3 que este a\u00f1o se celebraron dos actos de la <strong>Fiesta del Farmac\u00e9utico<\/strong>, reuniendo tres promociones de farmac\u00e9uticos correspondientes a los a\u00f1os 2020, 2021 y 2022. Por un lado, en el recinto modernista de <strong>el Hospital de Sant Pau<\/strong> se homenajearon y entregaron las insignias de plata <strong>a los farmac\u00e9uticos que cumpl\u00edan 25 a\u00f1os de colegiaci\u00f3n<\/strong>; por otra parte, en <strong>Palacio de la M\u00fasica Catalana,<\/strong> se reuni\u00f3 a los colegiados que cumpl\u00edan <strong>50 a\u00f1os de profesi\u00f3n<\/strong>, haci\u00e9ndoles entrega de la insignia de oro. Haciendo referencia a las celebraciones, aprovech\u00f3 para anunciar que en 2023, el Col\u00b7legi de Farmac\u00e8utics de Barcelona celebrar\u00e1 <strong>125 a\u00f1os <\/strong>y que se est\u00e1n preparando diversas acciones para conmemorar este objetivo.<\/p>\n\n\n\n<p>Casas tambi\u00e9n destac\u00f3 que este a\u00f1o <strong>Infarma Barcelona 2023<\/strong> tendr\u00e1 lugar los d\u00edas <strong>14, 15 y 16 de marzo en la Fira de Barcelona<\/strong>, bajo el<strong> lema \u201cLa respuesta a los desaf\u00edos de la salud\u201d<\/strong>. En la \u00faltima parte de este punto, Jordi Casas mencion\u00f3 que el pasado octubre se llev\u00f3 a cabo la <strong>Jornada de coordinadores y delegados<\/strong>. En el acto, se hizo una explicaci\u00f3n del funcionamiento de la red de coordinadores y delegados, se present\u00f3 el nuevo portal, y se abordaron proyectos en despliegue. <\/p>\n\n\n<div class=\"destacat-blog\">\n\n\n<h2 class=\"wp-block-heading\"><strong>Comunicaci\u00f3n<\/strong><\/h2>\n\n\n\n<p>En el \u00faltimo bloque, el presidente del COFB hizo referencia a los puntos m\u00e1s relevantes en el \u00e1rea de <strong>Comunicaci\u00f3n<\/strong>. Casas destac\u00f3 las <strong>intervenciones en los medios<\/strong> por parte de los portavoces del Col\u00b7legi, durante el \u00faltimo semestre del a\u00f1o, en noticias en relaci\u00f3n con el desabastecimiento de amoxicilina pedi\u00e1trica en las farmacias, la presentaci\u00f3n de \u201cMi cartera\u201d con la Tarjeta Sanitaria Individual (TSI) , la colaboraci\u00f3n del Col\u00b7legi con la puesta en marcha de la Tarjeta Cuidadora y sobre los test combinados de COVID y gripe. Tambi\u00e9n mencion\u00f3 la repercusi\u00f3n en los medios de la inauguraci\u00f3n del Programa de Formaci\u00f3n Continuada del COFB, el D\u00eda Mundial del Farmac\u00e9utico 2022, la regulaci\u00f3n del uso terap\u00e9utico del cannabis y finalmente, la activaci\u00f3n de la interoperabilidad europea y el estudio de ICS sobre la resistencia antibi\u00f3tica. <\/p>\n\n\n\n<figure class=\"wp-block-image size-large\"><a href=\"https:\/\/blog.cofb.cat\/wp-content\/uploads\/2022\/12\/COFB_JUNTA-GENERAL-ORDINARIA_19122022_4.jpg\" target=\"_blank\" rel=\"noopener\"><img decoding=\"async\" src=\"https:\/\/blog.cofb.cat\/wp-content\/uploads\/2022\/12\/COFB_JUNTA-GENERAL-ORDINARIA_19122022_4-1024x597.jpg\" alt=\"Continguts digitals per als farmac\u00e8utics.\" class=\"wp-image-65633\" title=\"Contenidos digitales para los farmac\u00e9uticos.\"\/><\/a><figcaption class=\"wp-element-caption\"><strong>Contenidos digitales para los farmac\u00e9uticos.<\/strong><\/figcaption><\/figure>\n\n\n\n<p>En cuanto al<strong>actividad digital<\/strong>, el presidente hizo hincapi\u00e9 en los nuevos <strong>contenidos digitales<\/strong>, creados desde el COFB, entorno a los <strong>d\u00edas mundiales <\/strong>y sobre <strong>consejos de salud,<\/strong> con el objetivo de que los farmac\u00e9uticos tengan material gr\u00e1fico para compartir en las redes sociales para conmemorar e informar determinadas fechas se\u00f1aladas. Adem\u00e1s, puso de relieve que la comunidad del Col\u00b7legi en las <strong>redes sociales<\/strong> (Instagram, Twitter, Facebook y LinkedIn) ha superado a los <strong>12.000 seguidores<\/strong>, siendo <strong>Instagram la red social que mayor crecimiento ha obtenido<\/strong>. Respeto a la actividad de la <strong>web institucional<\/strong> (<a href=\"http:\/\/www.cofb.org\/es\/\" target=\"_blank\" rel=\"noreferrer noopener\">www.cofb.org<\/a>), Casas inform\u00f3 de que la web ha contado con 1.150.000 p\u00e1ginas visualizadas, 562.730 visitas y 409.130 visitantes durante el 2022.<\/p> <\/div>","protected":false},"excerpt":{"rendered":"<p>El pasado lunes 19 de diciembre, tuvo lugar en el Colegio de Farmac\u00e9uticos de Barcelona (COFB) la Junta General Ordinaria en la que se aprobaron por unanimidad la propuesta de presupuestos para 2023. En la Junta Ordinaria, que se pudo seguir en formato presencial y en formato [\u2026]<\/p>","protected":false},"author":1,"featured_media":67808,"comment_status":"open","ping_status":"open","sticky":false,"template":"","format":"standard","meta":{"_uag_custom_page_level_css":"","site-sidebar-layout":"default","site-content-layout":"","ast-site-content-layout":"default","site-content-style":"default","site-sidebar-style":"default","ast-global-header-display":"","ast-banner-title-visibility":"","ast-main-header-display":"","ast-hfb-above-header-display":"","ast-hfb-below-header-display":"","ast-hfb-mobile-header-display":"","site-post-title":"","ast-breadcrumbs-content":"","ast-featured-img":"disabled","footer-sml-layout":"","theme-transparent-header-meta":"","adv-header-id-meta":"","stick-header-meta":"","header-above-stick-meta":"","header-main-stick-meta":"","header-below-stick-meta":"","astra-migrate-meta-layouts":"default","ast-page-background-enabled":"default","ast-page-background-meta":{"desktop":{"background-color":"var(--ast-global-color-4)","background-image":"","background-repeat":"repeat","background-position":"center center","background-size":"auto","background-attachment":"scroll","background-type":"","background-media":"","overlay-type":"","overlay-color":"","overlay-opacity":"","overlay-gradient":""},"tablet":{"background-color":"","background-image":"","background-repeat":"repeat","background-position":"center center","background-size":"auto","background-attachment":"scroll","background-type":"","background-media":"","overlay-type":"","overlay-color":"","overlay-opacity":"","overlay-gradient":""},"mobile":{"background-color":"","background-image":"","background-repeat":"repeat","background-position":"center center","background-size":"auto","background-attachment":"scroll","background-type":"","background-media":"","overlay-type":"","overlay-color":"","overlay-opacity":"","overlay-gradient":""}},"ast-content-background-meta":{"desktop":{"background-color":"var(--ast-global-color-5)","background-image":"","background-repeat":"repeat","background-position":"center center","background-size":"auto","background-attachment":"scroll","background-type":"","background-media":"","overlay-type":"","overlay-color":"","overlay-opacity":"","overlay-gradient":""},"tablet":{"background-color":"var(--ast-global-color-5)","background-image":"","background-repeat":"repeat","background-position":"center center","background-size":"auto","background-attachment":"scroll","background-type":"","background-media":"","overlay-type":"","overlay-color":"","overlay-opacity":"","overlay-gradient":""},"mobile":{"background-color":"var(--ast-global-color-5)","background-image":"","background-repeat":"repeat","background-position":"center center","background-size":"auto","background-attachment":"scroll","background-type":"","background-media":"","overlay-type":"","overlay-color":"","overlay-opacity":"","overlay-gradient":""}},"footnotes":""},"categories":[23,57],"tags":[410,18,19,553,53,69,413,415,773,416,417,420,31,580,1025,1026,421,1027,1028,1029],"class_list":["post-65581","post","type-post","status-publish","format-standard","has-post-thumbnail","hentry","category-destacats","category-mon-collegial","tag-aprovacio-pressupostos","tag-cofb","tag-collegi-de-farmaceutics-de-barcelona","tag-comunicacio","tag-farmaceutics","tag-farmacia-comunitaria","tag-informe-de-presidencia","tag-informe-de-tresoreria","tag-informe-presidencia","tag-jgo","tag-junta-de-govern","tag-junta-general-ordinaria","tag-mitjans-de-comunicacio","tag-president","tag-president-del-collegi-de-farmaceutics-de-barcelona","tag-pressupost","tag-pressupostos","tag-proposta-de-pressupostos","tag-tresorer","tag-tresoreria"],"yoast_head":"<!-- This site is optimized with the Yoast SEO plugin v22.4 - https:\/\/yoast.com\/wordpress\/plugins\/seo\/ -->\n<title>Junta General Ordin\u00e0ria: Aprovada per unanimitat la proposta de pressupostos per al 2023 - Col\u00b7legi de Farmac\u00e8utics de Barcelona<\/title>\n<meta name=\"description\" content=\"El passat 19 de desembre, va tenir lloc en COFB la Junta General Ordin\u00e0ria en qu\u00e8 es van aprovar per unanimitat els pressupostos per al 2023\" \/>\n<meta name=\"robots\" content=\"index, follow, max-snippet:-1, max-image-preview:large, max-video-preview:-1\" \/>\n<link rel=\"canonical\" href=\"https:\/\/novaorg.cofb.net\/2022\/12\/20\/junta-general-ordinaria-aprovada-per-unanimitat-la-proposta-de-pressupostos-per-al-2023\/\" \/>\n<meta property=\"og:locale\" content=\"es_ES\" \/>\n<meta property=\"og:type\" content=\"article\" \/>\n<meta property=\"og:title\" content=\"Junta General Ordin\u00e0ria: Aprovada per unanimitat la proposta de pressupostos per al 2023 - Col\u00b7legi de Farmac\u00e8utics de Barcelona\" \/>\n<meta property=\"og:description\" content=\"El passat 19 de desembre, va tenir lloc en COFB la Junta General Ordin\u00e0ria en qu\u00e8 es van aprovar per unanimitat els pressupostos per al 2023\" \/>\n<meta property=\"og:url\" content=\"https:\/\/novaorg.cofb.net\/2022\/12\/20\/junta-general-ordinaria-aprovada-per-unanimitat-la-proposta-de-pressupostos-per-al-2023\/\" \/>\n<meta property=\"og:site_name\" content=\"Col\u00b7legi de Farmac\u00e8utics de Barcelona\" \/>\n<meta property=\"article:publisher\" content=\"https:\/\/www.facebook.com\/farmaceuticsbcn\/\" \/>\n<meta property=\"article:published_time\" content=\"2022-12-20T15:38:50+00:00\" \/>\n<meta property=\"article:modified_time\" content=\"2023-10-09T13:02:11+00:00\" \/>\n<meta property=\"og:image\" content=\"https:\/\/novaorg.cofb.net\/wp-content\/uploads\/2023\/07\/COFB_JUNTA-GENERAL-ORDINARIA_19122022_1-1024x513-1.jpg\" \/>\n\t<meta property=\"og:image:width\" content=\"1024\" \/>\n\t<meta property=\"og:image:height\" content=\"513\" \/>\n\t<meta property=\"og:image:type\" content=\"image\/jpeg\" \/>\n<meta name=\"author\" content=\"wpAdminCofbOrg\" \/>\n<meta name=\"twitter:card\" content=\"summary_large_image\" \/>\n<meta name=\"twitter:creator\" content=\"@farmaceuticsbcn\" \/>\n<meta name=\"twitter:site\" content=\"@farmaceuticsbcn\" \/>\n<meta name=\"twitter:label1\" content=\"Escrito por\" \/>\n\t<meta name=\"twitter:data1\" content=\"wpAdminCofbOrg\" \/>\n\t<meta name=\"twitter:label2\" content=\"Tiempo de lectura\" \/>\n\t<meta name=\"twitter:data2\" content=\"9 minutos\" \/>\n<script type=\"application\/ld+json\" class=\"yoast-schema-graph\">{\"@context\":\"https:\/\/schema.org\",\"@graph\":[{\"@type\":\"Article\",\"@id\":\"https:\/\/novaorg.cofb.net\/2022\/12\/20\/junta-general-ordinaria-aprovada-per-unanimitat-la-proposta-de-pressupostos-per-al-2023\/#article\",\"isPartOf\":{\"@id\":\"https:\/\/novaorg.cofb.net\/2022\/12\/20\/junta-general-ordinaria-aprovada-per-unanimitat-la-proposta-de-pressupostos-per-al-2023\/\"},\"author\":{\"name\":\"wpAdminCofbOrg\",\"@id\":\"https:\/\/www.cofb.org\/#\/schema\/person\/22ed7eea88da74b0fa4d3154ad87ffcb\"},\"headline\":\"Junta General Ordin\u00e0ria: Aprovada per unanimitat la proposta de pressupostos per al 2023\",\"datePublished\":\"2022-12-20T15:38:50+00:00\",\"dateModified\":\"2023-10-09T13:02:11+00:00\",\"mainEntityOfPage\":{\"@id\":\"https:\/\/novaorg.cofb.net\/2022\/12\/20\/junta-general-ordinaria-aprovada-per-unanimitat-la-proposta-de-pressupostos-per-al-2023\/\"},\"wordCount\":1903,\"commentCount\":0,\"publisher\":{\"@id\":\"https:\/\/www.cofb.org\/#organization\"},\"image\":{\"@id\":\"https:\/\/novaorg.cofb.net\/2022\/12\/20\/junta-general-ordinaria-aprovada-per-unanimitat-la-proposta-de-pressupostos-per-al-2023\/#primaryimage\"},\"thumbnailUrl\":\"https:\/\/www.cofb.org\/wp-content\/uploads\/2023\/07\/COFB_JUNTA-GENERAL-ORDINARIA_19122022_1-1024x513-1.jpg\",\"keywords\":[\"aprovaci\u00f3 pressupostos\",\"COFB\",\"Col\u00b7legi de Farmac\u00e8utics de Barcelona\",\"comunicaci\u00f3\",\"farmac\u00e8utics\",\"farm\u00e0cia comunit\u00e0ria\",\"informe de presid\u00e8ncia\",\"informe de tresoreria\",\"informe presid\u00e8ncia\",\"JGO\",\"Junta de Govern\",\"Junta General Ordin\u00e0ria\",\"mitjans de comunicaci\u00f3\",\"president\",\"president del Col\u00b7legi de Farmac\u00e8utics de Barcelona\",\"pressupost\",\"pressupostos\",\"proposta de pressupostos\",\"tresorer\",\"tresoreria\"],\"articleSection\":[\"Destacats\",\"M\u00f3n col\u00b7legial\"],\"inLanguage\":\"es\",\"potentialAction\":[{\"@type\":\"CommentAction\",\"name\":\"Comment\",\"target\":[\"https:\/\/novaorg.cofb.net\/2022\/12\/20\/junta-general-ordinaria-aprovada-per-unanimitat-la-proposta-de-pressupostos-per-al-2023\/#respond\"]}]},{\"@type\":\"WebPage\",\"@id\":\"https:\/\/novaorg.cofb.net\/2022\/12\/20\/junta-general-ordinaria-aprovada-per-unanimitat-la-proposta-de-pressupostos-per-al-2023\/\",\"url\":\"https:\/\/novaorg.cofb.net\/2022\/12\/20\/junta-general-ordinaria-aprovada-per-unanimitat-la-proposta-de-pressupostos-per-al-2023\/\",\"name\":\"Junta General Ordin\u00e0ria: Aprovada per unanimitat la proposta de pressupostos per al 2023 - Col\u00b7legi de Farmac\u00e8utics de Barcelona\",\"isPartOf\":{\"@id\":\"https:\/\/www.cofb.org\/#website\"},\"primaryImageOfPage\":{\"@id\":\"https:\/\/novaorg.cofb.net\/2022\/12\/20\/junta-general-ordinaria-aprovada-per-unanimitat-la-proposta-de-pressupostos-per-al-2023\/#primaryimage\"},\"image\":{\"@id\":\"https:\/\/novaorg.cofb.net\/2022\/12\/20\/junta-general-ordinaria-aprovada-per-unanimitat-la-proposta-de-pressupostos-per-al-2023\/#primaryimage\"},\"thumbnailUrl\":\"https:\/\/www.cofb.org\/wp-content\/uploads\/2023\/07\/COFB_JUNTA-GENERAL-ORDINARIA_19122022_1-1024x513-1.jpg\",\"datePublished\":\"2022-12-20T15:38:50+00:00\",\"dateModified\":\"2023-10-09T13:02:11+00:00\",\"description\":\"El passat 19 de desembre, va tenir lloc en COFB la Junta General Ordin\u00e0ria en qu\u00e8 es van aprovar per unanimitat els pressupostos per al 2023\",\"breadcrumb\":{\"@id\":\"https:\/\/novaorg.cofb.net\/2022\/12\/20\/junta-general-ordinaria-aprovada-per-unanimitat-la-proposta-de-pressupostos-per-al-2023\/#breadcrumb\"},\"inLanguage\":\"es\",\"potentialAction\":[{\"@type\":\"ReadAction\",\"target\":[\"https:\/\/novaorg.cofb.net\/2022\/12\/20\/junta-general-ordinaria-aprovada-per-unanimitat-la-proposta-de-pressupostos-per-al-2023\/\"]}]},{\"@type\":\"ImageObject\",\"inLanguage\":\"es\",\"@id\":\"https:\/\/novaorg.cofb.net\/2022\/12\/20\/junta-general-ordinaria-aprovada-per-unanimitat-la-proposta-de-pressupostos-per-al-2023\/#primaryimage\",\"url\":\"https:\/\/www.cofb.org\/wp-content\/uploads\/2023\/07\/COFB_JUNTA-GENERAL-ORDINARIA_19122022_1-1024x513-1.jpg\",\"contentUrl\":\"https:\/\/www.cofb.org\/wp-content\/uploads\/2023\/07\/COFB_JUNTA-GENERAL-ORDINARIA_19122022_1-1024x513-1.jpg\",\"width\":1024,\"height\":513},{\"@type\":\"BreadcrumbList\",\"@id\":\"https:\/\/novaorg.cofb.net\/2022\/12\/20\/junta-general-ordinaria-aprovada-per-unanimitat-la-proposta-de-pressupostos-per-al-2023\/#breadcrumb\",\"itemListElement\":[{\"@type\":\"ListItem\",\"position\":1,\"name\":\"Inici\",\"item\":\"https:\/\/novaorg.cofb.net\/\"},{\"@type\":\"ListItem\",\"position\":2,\"name\":\"Junta General Ordin\u00e0ria: Aprovada per unanimitat la proposta de pressupostos per al 2023\"}]},{\"@type\":\"WebSite\",\"@id\":\"https:\/\/www.cofb.org\/#website\",\"url\":\"https:\/\/www.cofb.org\/\",\"name\":\"Col\u00b7legi de Farmac\u00e8utics de Barcelona\",\"description\":\"\",\"publisher\":{\"@id\":\"https:\/\/www.cofb.org\/#organization\"},\"potentialAction\":[{\"@type\":\"SearchAction\",\"target\":{\"@type\":\"EntryPoint\",\"urlTemplate\":\"https:\/\/www.cofb.org\/?s={search_term_string}\"},\"query-input\":\"required name=search_term_string\"}],\"inLanguage\":\"es\"},{\"@type\":\"Organization\",\"@id\":\"https:\/\/www.cofb.org\/#organization\",\"name\":\"Col\u00b7legi de Farmac\u00e8utics de Barcelona\",\"url\":\"https:\/\/www.cofb.org\/\",\"logo\":{\"@type\":\"ImageObject\",\"inLanguage\":\"es\",\"@id\":\"https:\/\/www.cofb.org\/#\/schema\/logo\/image\/\",\"url\":\"https:\/\/www.cofb.org\/wp-content\/uploads\/2023\/11\/cropped-Logotip-COFB.png\",\"contentUrl\":\"https:\/\/www.cofb.org\/wp-content\/uploads\/2023\/11\/cropped-Logotip-COFB.png\",\"width\":500,\"height\":105,\"caption\":\"Col\u00b7legi de Farmac\u00e8utics de Barcelona\"},\"image\":{\"@id\":\"https:\/\/www.cofb.org\/#\/schema\/logo\/image\/\"},\"sameAs\":[\"https:\/\/www.facebook.com\/farmaceuticsbcn\/\",\"https:\/\/twitter.com\/farmaceuticsbcn\",\"https:\/\/www.instagram.com\/farmaceuticsbcn\/\",\"https:\/\/www.linkedin.com\/company\/farmaceuticsbcn\/\"]},{\"@type\":\"Person\",\"@id\":\"https:\/\/www.cofb.org\/#\/schema\/person\/22ed7eea88da74b0fa4d3154ad87ffcb\",\"name\":\"wpAdminCofbOrg\",\"image\":{\"@type\":\"ImageObject\",\"inLanguage\":\"es\",\"@id\":\"https:\/\/www.cofb.org\/#\/schema\/person\/image\/\",\"url\":\"https:\/\/secure.gravatar.com\/avatar\/1721b20b3b8ca882c3b56ec6c978c594fff670e40c0718e9190eaeeb76aae7d8?s=96&d=mm&r=g\",\"contentUrl\":\"https:\/\/secure.gravatar.com\/avatar\/1721b20b3b8ca882c3b56ec6c978c594fff670e40c0718e9190eaeeb76aae7d8?s=96&d=mm&r=g\",\"caption\":\"wpAdminCofbOrg\"},\"sameAs\":[\"http:\/\/192.168.64.122\/wordpress\"],\"url\":\"https:\/\/www.cofb.org\/es\/author\/wpadmincofborg\/\"}]}<\/script>\n<!-- \/ Yoast SEO plugin. -->","yoast_head_json":{"title":"Junta General Ordin\u00e0ria: Aprovada per unanimitat la proposta de pressupostos per al 2023 - Col\u00b7legi de Farmac\u00e8utics de Barcelona","description":"El passat 19 de desembre, va tenir lloc en COFB la Junta General Ordin\u00e0ria en qu\u00e8 es van aprovar per unanimitat els pressupostos per al 2023","robots":{"index":"index","follow":"follow","max-snippet":"max-snippet:-1","max-image-preview":"max-image-preview:large","max-video-preview":"max-video-preview:-1"},"canonical":"https:\/\/novaorg.cofb.net\/2022\/12\/20\/junta-general-ordinaria-aprovada-per-unanimitat-la-proposta-de-pressupostos-per-al-2023\/","og_locale":"es_ES","og_type":"article","og_title":"Junta General Ordin\u00e0ria: Aprovada per unanimitat la proposta de pressupostos per al 2023 - Col\u00b7legi de Farmac\u00e8utics de Barcelona","og_description":"El passat 19 de desembre, va tenir lloc en COFB la Junta General Ordin\u00e0ria en qu\u00e8 es van aprovar per unanimitat els pressupostos per al 2023","og_url":"https:\/\/novaorg.cofb.net\/2022\/12\/20\/junta-general-ordinaria-aprovada-per-unanimitat-la-proposta-de-pressupostos-per-al-2023\/","og_site_name":"Col\u00b7legi de Farmac\u00e8utics de Barcelona","article_publisher":"https:\/\/www.facebook.com\/farmaceuticsbcn\/","article_published_time":"2022-12-20T15:38:50+00:00","article_modified_time":"2023-10-09T13:02:11+00:00","og_image":[{"width":1024,"height":513,"url":"https:\/\/novaorg.cofb.net\/wp-content\/uploads\/2023\/07\/COFB_JUNTA-GENERAL-ORDINARIA_19122022_1-1024x513-1.jpg","type":"image\/jpeg"}],"author":"wpAdminCofbOrg","twitter_card":"summary_large_image","twitter_creator":"@farmaceuticsbcn","twitter_site":"@farmaceuticsbcn","twitter_misc":{"Escrito por":"wpAdminCofbOrg","Tiempo de lectura":"9 minutos"},"schema":{"@context":"https:\/\/schema.org","@graph":[{"@type":"Article","@id":"https:\/\/novaorg.cofb.net\/2022\/12\/20\/junta-general-ordinaria-aprovada-per-unanimitat-la-proposta-de-pressupostos-per-al-2023\/#article","isPartOf":{"@id":"https:\/\/novaorg.cofb.net\/2022\/12\/20\/junta-general-ordinaria-aprovada-per-unanimitat-la-proposta-de-pressupostos-per-al-2023\/"},"author":{"name":"wpAdminCofbOrg","@id":"https:\/\/www.cofb.org\/#\/schema\/person\/22ed7eea88da74b0fa4d3154ad87ffcb"},"headline":"Junta General Ordin\u00e0ria: Aprovada per unanimitat la proposta de pressupostos per al 2023","datePublished":"2022-12-20T15:38:50+00:00","dateModified":"2023-10-09T13:02:11+00:00","mainEntityOfPage":{"@id":"https:\/\/novaorg.cofb.net\/2022\/12\/20\/junta-general-ordinaria-aprovada-per-unanimitat-la-proposta-de-pressupostos-per-al-2023\/"},"wordCount":1903,"commentCount":0,"publisher":{"@id":"https:\/\/www.cofb.org\/#organization"},"image":{"@id":"https:\/\/novaorg.cofb.net\/2022\/12\/20\/junta-general-ordinaria-aprovada-per-unanimitat-la-proposta-de-pressupostos-per-al-2023\/#primaryimage"},"thumbnailUrl":"https:\/\/www.cofb.org\/wp-content\/uploads\/2023\/07\/COFB_JUNTA-GENERAL-ORDINARIA_19122022_1-1024x513-1.jpg","keywords":["aprovaci\u00f3 pressupostos","COFB","Col\u00b7legi de Farmac\u00e8utics de Barcelona","comunicaci\u00f3","farmac\u00e8utics","farm\u00e0cia comunit\u00e0ria","informe de presid\u00e8ncia","informe de tresoreria","informe presid\u00e8ncia","JGO","Junta de Govern","Junta General Ordin\u00e0ria","mitjans de comunicaci\u00f3","president","president del Col\u00b7legi de Farmac\u00e8utics de Barcelona","pressupost","pressupostos","proposta de pressupostos","tresorer","tresoreria"],"articleSection":["Destacats","M\u00f3n col\u00b7legial"],"inLanguage":"es","potentialAction":[{"@type":"CommentAction","name":"Comment","target":["https:\/\/novaorg.cofb.net\/2022\/12\/20\/junta-general-ordinaria-aprovada-per-unanimitat-la-proposta-de-pressupostos-per-al-2023\/#respond"]}]},{"@type":"WebPage","@id":"https:\/\/novaorg.cofb.net\/2022\/12\/20\/junta-general-ordinaria-aprovada-per-unanimitat-la-proposta-de-pressupostos-per-al-2023\/","url":"https:\/\/novaorg.cofb.net\/2022\/12\/20\/junta-general-ordinaria-aprovada-per-unanimitat-la-proposta-de-pressupostos-per-al-2023\/","name":"Junta General Ordin\u00e0ria: Aprovada per unanimitat la proposta de pressupostos per al 2023 - Col\u00b7legi de Farmac\u00e8utics de Barcelona","isPartOf":{"@id":"https:\/\/www.cofb.org\/#website"},"primaryImageOfPage":{"@id":"https:\/\/novaorg.cofb.net\/2022\/12\/20\/junta-general-ordinaria-aprovada-per-unanimitat-la-proposta-de-pressupostos-per-al-2023\/#primaryimage"},"image":{"@id":"https:\/\/novaorg.cofb.net\/2022\/12\/20\/junta-general-ordinaria-aprovada-per-unanimitat-la-proposta-de-pressupostos-per-al-2023\/#primaryimage"},"thumbnailUrl":"https:\/\/www.cofb.org\/wp-content\/uploads\/2023\/07\/COFB_JUNTA-GENERAL-ORDINARIA_19122022_1-1024x513-1.jpg","datePublished":"2022-12-20T15:38:50+00:00","dateModified":"2023-10-09T13:02:11+00:00","description":"El passat 19 de desembre, va tenir lloc en COFB la Junta General Ordin\u00e0ria en qu\u00e8 es van aprovar per unanimitat els pressupostos per al 2023","breadcrumb":{"@id":"https:\/\/novaorg.cofb.net\/2022\/12\/20\/junta-general-ordinaria-aprovada-per-unanimitat-la-proposta-de-pressupostos-per-al-2023\/#breadcrumb"},"inLanguage":"es","potentialAction":[{"@type":"ReadAction","target":["https:\/\/novaorg.cofb.net\/2022\/12\/20\/junta-general-ordinaria-aprovada-per-unanimitat-la-proposta-de-pressupostos-per-al-2023\/"]}]},{"@type":"ImageObject","inLanguage":"es","@id":"https:\/\/novaorg.cofb.net\/2022\/12\/20\/junta-general-ordinaria-aprovada-per-unanimitat-la-proposta-de-pressupostos-per-al-2023\/#primaryimage","url":"https:\/\/www.cofb.org\/wp-content\/uploads\/2023\/07\/COFB_JUNTA-GENERAL-ORDINARIA_19122022_1-1024x513-1.jpg","contentUrl":"https:\/\/www.cofb.org\/wp-content\/uploads\/2023\/07\/COFB_JUNTA-GENERAL-ORDINARIA_19122022_1-1024x513-1.jpg","width":1024,"height":513},{"@type":"BreadcrumbList","@id":"https:\/\/novaorg.cofb.net\/2022\/12\/20\/junta-general-ordinaria-aprovada-per-unanimitat-la-proposta-de-pressupostos-per-al-2023\/#breadcrumb","itemListElement":[{"@type":"ListItem","position":1,"name":"Inici","item":"https:\/\/novaorg.cofb.net\/"},{"@type":"ListItem","position":2,"name":"Junta General Ordin\u00e0ria: Aprovada per unanimitat la proposta de pressupostos per al 2023"}]},{"@type":"WebSite","@id":"https:\/\/www.cofb.org\/#website","url":"https:\/\/www.cofb.org\/","name":"Col\u00b7legi de Farmac\u00e8utics de Barcelona","description":"","publisher":{"@id":"https:\/\/www.cofb.org\/#organization"},"potentialAction":[{"@type":"SearchAction","target":{"@type":"EntryPoint","urlTemplate":"https:\/\/www.cofb.org\/?s={search_term_string}"},"query-input":"required name=search_term_string"}],"inLanguage":"es"},{"@type":"Organization","@id":"https:\/\/www.cofb.org\/#organization","name":"Col\u00b7legi de Farmac\u00e8utics de Barcelona","url":"https:\/\/www.cofb.org\/","logo":{"@type":"ImageObject","inLanguage":"es","@id":"https:\/\/www.cofb.org\/#\/schema\/logo\/image\/","url":"https:\/\/www.cofb.org\/wp-content\/uploads\/2023\/11\/cropped-Logotip-COFB.png","contentUrl":"https:\/\/www.cofb.org\/wp-content\/uploads\/2023\/11\/cropped-Logotip-COFB.png","width":500,"height":105,"caption":"Col\u00b7legi de Farmac\u00e8utics de Barcelona"},"image":{"@id":"https:\/\/www.cofb.org\/#\/schema\/logo\/image\/"},"sameAs":["https:\/\/www.facebook.com\/farmaceuticsbcn\/","https:\/\/twitter.com\/farmaceuticsbcn","https:\/\/www.instagram.com\/farmaceuticsbcn\/","https:\/\/www.linkedin.com\/company\/farmaceuticsbcn\/"]},{"@type":"Person","@id":"https:\/\/www.cofb.org\/#\/schema\/person\/22ed7eea88da74b0fa4d3154ad87ffcb","name":"wpAdminCofbOrg","image":{"@type":"ImageObject","inLanguage":"es","@id":"https:\/\/www.cofb.org\/#\/schema\/person\/image\/","url":"https:\/\/secure.gravatar.com\/avatar\/1721b20b3b8ca882c3b56ec6c978c594fff670e40c0718e9190eaeeb76aae7d8?s=96&d=mm&r=g","contentUrl":"https:\/\/secure.gravatar.com\/avatar\/1721b20b3b8ca882c3b56ec6c978c594fff670e40c0718e9190eaeeb76aae7d8?s=96&d=mm&r=g","caption":"wpAdminCofbOrg"},"sameAs":["http:\/\/192.168.64.122\/wordpress"],"url":"https:\/\/www.cofb.org\/es\/author\/wpadmincofborg\/"}]}},"uagb_featured_image_src":{"full":["https:\/\/www.cofb.org\/wp-content\/uploads\/2023\/07\/COFB_JUNTA-GENERAL-ORDINARIA_19122022_1-1024x513-1.jpg",1024,513,false],"thumbnail":["https:\/\/www.cofb.org\/wp-content\/uploads\/2023\/07\/COFB_JUNTA-GENERAL-ORDINARIA_19122022_1-1024x513-1-150x150.jpg",150,150,true],"medium":["https:\/\/www.cofb.org\/wp-content\/uploads\/2023\/07\/COFB_JUNTA-GENERAL-ORDINARIA_19122022_1-1024x513-1-300x150.jpg",300,150,true],"medium_large":["https:\/\/www.cofb.org\/wp-content\/uploads\/2023\/07\/COFB_JUNTA-GENERAL-ORDINARIA_19122022_1-1024x513-1-768x385.jpg",768,385,true],"large":["https:\/\/www.cofb.org\/wp-content\/uploads\/2023\/07\/COFB_JUNTA-GENERAL-ORDINARIA_19122022_1-1024x513-1.jpg",1024,513,false],"1536x1536":["https:\/\/www.cofb.org\/wp-content\/uploads\/2023\/07\/COFB_JUNTA-GENERAL-ORDINARIA_19122022_1-1024x513-1.jpg",1024,513,false],"2048x2048":["https:\/\/www.cofb.org\/wp-content\/uploads\/2023\/07\/COFB_JUNTA-GENERAL-ORDINARIA_19122022_1-1024x513-1.jpg",1024,513,false],"trp-custom-language-flag":["https:\/\/www.cofb.org\/wp-content\/uploads\/2023\/07\/COFB_JUNTA-GENERAL-ORDINARIA_19122022_1-1024x513-1.jpg",18,9,false]},"uagb_author_info":{"display_name":"wpAdminCofbOrg","author_link":"https:\/\/www.cofb.org\/es\/author\/wpadmincofborg\/"},"uagb_comment_info":0,"uagb_excerpt":"El passat dilluns 19 de desembre, va tenir lloc en el Col\u00b7legi de Farmac\u00e8utics de Barcelona (COFB) la Junta General Ordin\u00e0ria en qu\u00e8 es van aprovar per unanimitat la proposta de pressupostos per al 2023. En la Junta Ordin\u00e0ria, que es va poder seguir en format presencial i en format [&hellip;]","_links":{"self":[{"href":"https:\/\/www.cofb.org\/es\/wp-json\/wp\/v2\/posts\/65581","targetHints":{"allow":["GET"]}}],"collection":[{"href":"https:\/\/www.cofb.org\/es\/wp-json\/wp\/v2\/posts"}],"about":[{"href":"https:\/\/www.cofb.org\/es\/wp-json\/wp\/v2\/types\/post"}],"author":[{"embeddable":true,"href":"https:\/\/www.cofb.org\/es\/wp-json\/wp\/v2\/users\/1"}],"replies":[{"embeddable":true,"href":"https:\/\/www.cofb.org\/es\/wp-json\/wp\/v2\/comments?post=65581"}],"version-history":[{"count":3,"href":"https:\/\/www.cofb.org\/es\/wp-json\/wp\/v2\/posts\/65581\/revisions"}],"predecessor-version":[{"id":68980,"href":"https:\/\/www.cofb.org\/es\/wp-json\/wp\/v2\/posts\/65581\/revisions\/68980"}],"wp:featuredmedia":[{"embeddable":true,"href":"https:\/\/www.cofb.org\/es\/wp-json\/wp\/v2\/media\/67808"}],"wp:attachment":[{"href":"https:\/\/www.cofb.org\/es\/wp-json\/wp\/v2\/media?parent=65581"}],"wp:term":[{"taxonomy":"category","embeddable":true,"href":"https:\/\/www.cofb.org\/es\/wp-json\/wp\/v2\/categories?post=65581"},{"taxonomy":"post_tag","embeddable":true,"href":"https:\/\/www.cofb.org\/es\/wp-json\/wp\/v2\/tags?post=65581"}],"curies":[{"name":"wp","href":"https:\/\/api.w.org\/{rel}","templated":true}]}}