{"id":65508,"date":"2022-12-14T15:36:00","date_gmt":"2022-12-14T13:36:00","guid":{"rendered":"https:\/\/blog.cofb.cat\/?p=65508"},"modified":"2024-07-01T16:13:53","modified_gmt":"2024-07-01T16:13:53","slug":"la-resposta-als-desafiaments-de-la-salut-lema-dinfarma-barcelona-2023","status":"publish","type":"post","link":"https:\/\/www.cofb.org\/es\/2022\/12\/14\/la-resposta-als-desafiaments-de-la-salut-lema-dinfarma-barcelona-2023\/","title":{"rendered":"&quot;La respuesta a los desaf\u00edos de la salud&quot;, lema de Infarma Barcelona 2023"},"content":{"rendered":"<p><strong>&quot;La respuesta a los desaf\u00edos de la salud&quot;<\/strong> es el <strong>lema<\/strong> elegido para <strong><a href=\"https:\/\/www.infarma.es\/\" target=\"_blank\" rel=\"noreferrer noopener\">Infarma Barcelona 2023<\/a><\/strong>, organizado por <strong>Col\u00b7legi de Farmac\u00e8utics de Barcelona (COFB)<\/strong>, el <strong>Colegio de Farmac\u00e9uticos de Madrid (COFM)<\/strong> y <strong>Interalia<\/strong>. \u00c9sta <strong>33a edici\u00f3n<\/strong> de la <strong>Encuentro Europeo de Farmacia<\/strong>, que integra el <strong>Congreso Europeo de Oficina de Farmacia<\/strong> y el <strong>Sal\u00f3n de Medicamentos y Parafarmacia<\/strong>, se celebrar\u00e1 los d\u00edas <strong>14, 15 y 16 de marzo<\/strong> y tendr\u00e1 lugar en el recinto <strong>Gran V\u00eda de Fira de Barcelona<\/strong>.<\/p>\n\n\n\n<h2 class=\"wp-block-heading\"><strong>Infarma, el espacio id\u00f3neo para dar respuesta a los retos de la salud<\/strong><\/h2>\n\n\n\n<p>Partiendo del aprendizaje adquirido despu\u00e9s de dos a\u00f1os de pandemia y del importante rol que ha tenido el farmac\u00e9utico como agente de salud, <strong>Infarma tiene tres grandes objetivos con la elecci\u00f3n de este lema<\/strong>.<\/p>\n\n\n\n<figure class=\"wp-block-image size-large\"><a href=\"https:\/\/blog.cofb.cat\/wp-content\/uploads\/2022\/12\/COFB_INFARMA_14122022_1.jpg\" target=\"_blank\" rel=\"noopener\"><img decoding=\"async\" src=\"https:\/\/blog.cofb.cat\/wp-content\/uploads\/2022\/12\/COFB_INFARMA_14122022_1-1024x757.jpg\" alt=\"\" class=\"wp-image-65509\"\/><\/a><\/figure>\n\n\n\n<p>En primer lugar, poner \u00e9nfasis en la <strong>importancia de estar preparados, desde el sector farmac\u00e9utico, para dar respuesta a los retos sanitarios presentes y futuros. <\/strong>En segundo lugar, destacar la necesidad de contar con <strong>herramientas que permitan afrontar estos retos desde el desarrollo, el crecimiento y la innovaci\u00f3n<\/strong>. En tercer lugar, <strong>poner en valor todo lo que pueden aportar los farmac\u00e9uticos a la salud p\u00fablica, desde los diferentes \u00e1mbitos de ejercicio, como un aliado m\u00e1s dentro del sistema sanitario<\/strong>.<\/p>\n\n\n\n<p>En este sentido,<strong> Infarma se convertir\u00e1 en el espacio id\u00f3neo para dar respuesta a los grandes interrogantes que plantean los retos de la salud<\/strong>. A trav\u00e9s de las diferentes actividades programadas, ser\u00e1 de nuevo el <strong>punto de encuentro de referencia de la profesi\u00f3n farmac\u00e9utica, donde poder actualizar conocimientos, intercambiar experiencias, compartir inquietudes y debatir sobre las principales novedades del sector.<\/strong><\/p>\n\n\n\n<h2 class=\"wp-block-heading\"><strong>En marcha las reuniones del Comit\u00e9 Organizador y Comit\u00e9 Cient\u00edfico<\/strong><\/h2>\n\n\n\n<p>Durante este \u00faltimo semestre de 2022, ya <strong>se han realizado diferentes reuniones para poner en marcha la organizaci\u00f3n de Infarma<\/strong>, que en 2019, en su \u00faltima cita en Barcelona, reuni\u00f3 a m\u00e1s de 33.700 visitantes profesionales, m\u00e1s de 3.400 congresistas y ponentes y m\u00e1s de 400 expositores entre laboratorios y empresas. Concretamente, <a href=\"https:\/\/blog.cofb.cat\/blog\/2022\/10\/11\/infarma-2023-primera-reunio-del-comite-cientific\/\" target=\"_blank\" rel=\"noreferrer noopener\">el <strong>Comit\u00e9 Cient\u00edfico <\/strong>celebr\u00f3 la primera reuni\u00f3n<\/a> a principios del mes de octubre, con el fin de avanzar, entre otros, con el <strong>dise\u00f1o<\/strong> y el<strong>estructura <\/strong>del <strong>programa cient\u00edfico<\/strong>, la <strong>propuesta de la conferencia inaugural <\/strong>y la presentaci\u00f3n del espacio <strong>&quot;Iniciativas de \u00e9xito&quot;<\/strong>, as\u00ed como los aspectos relacionados con las normas y presentaci\u00f3n de los p\u00f3sters cient\u00edficos de esta edici\u00f3n.<\/p>\n\n\n\n<figure class=\"wp-block-image size-large\"><a href=\"https:\/\/blog.cofb.cat\/wp-content\/uploads\/2022\/10\/COFB_ComCientificInfarma2023_05102022_1-scaled.jpg\" target=\"_blank\" rel=\"noopener\"><img decoding=\"async\" src=\"https:\/\/blog.cofb.cat\/wp-content\/uploads\/2022\/10\/COFB_ComCientificInfarma2023_05102022_1-1024x512.jpg\" alt=\"\" class=\"wp-image-64628\"\/><\/a><figcaption class=\"wp-element-caption\">Miembros del Comit\u00e9 Cient\u00edfico de Infarma Barcelona 2023, durante su primer encuentro en Barcelona.<\/figcaption><\/figure>\n\n\n\n<p>Previamente al encuentro del Comit\u00e9 Cient\u00edfico, tuvo lugar la primera reuni\u00f3n del <strong>Comit\u00e9 Organizador<\/strong>, en la que participaron los presidentes y miembros de ambos <strong>Colegios Farmac\u00e9uticos<\/strong> y <strong>Interalia<\/strong>, como coorganizadora del evento.<\/p>","protected":false},"excerpt":{"rendered":"<p>&quot;La respuesta a los desaf\u00edos de la salud&quot; es el lema elegido para Infarma Barcelona 2023, organizado por el Colegio de Farmac\u00e9uticos de Barcelona (COFB), el Colegio de Farmac\u00e9uticos de Madrid (COFM) e Interalia. Esta 33\u00aa edici\u00f3n del Encuentro Europeo de Farmacia, que integra el Congreso Europeo de Oficina de Farmacia [\u2026]<\/p>","protected":false},"author":1,"featured_media":67817,"comment_status":"open","ping_status":"open","sticky":false,"template":"","format":"standard","meta":{"_uag_custom_page_level_css":"","site-sidebar-layout":"default","site-content-layout":"","ast-site-content-layout":"default","site-content-style":"default","site-sidebar-style":"default","ast-global-header-display":"","ast-banner-title-visibility":"","ast-main-header-display":"","ast-hfb-above-header-display":"","ast-hfb-below-header-display":"","ast-hfb-mobile-header-display":"","site-post-title":"","ast-breadcrumbs-content":"","ast-featured-img":"disabled","footer-sml-layout":"","theme-transparent-header-meta":"","adv-header-id-meta":"","stick-header-meta":"","header-above-stick-meta":"","header-main-stick-meta":"","header-below-stick-meta":"","astra-migrate-meta-layouts":"set","ast-page-background-enabled":"default","ast-page-background-meta":{"desktop":{"background-color":"var(--ast-global-color-4)","background-image":"","background-repeat":"repeat","background-position":"center center","background-size":"auto","background-attachment":"scroll","background-type":"","background-media":"","overlay-type":"","overlay-color":"","overlay-opacity":"","overlay-gradient":""},"tablet":{"background-color":"","background-image":"","background-repeat":"repeat","background-position":"center center","background-size":"auto","background-attachment":"scroll","background-type":"","background-media":"","overlay-type":"","overlay-color":"","overlay-opacity":"","overlay-gradient":""},"mobile":{"background-color":"","background-image":"","background-repeat":"repeat","background-position":"center center","background-size":"auto","background-attachment":"scroll","background-type":"","background-media":"","overlay-type":"","overlay-color":"","overlay-opacity":"","overlay-gradient":""}},"ast-content-background-meta":{"desktop":{"background-color":"var(--ast-global-color-5)","background-image":"","background-repeat":"repeat","background-position":"center center","background-size":"auto","background-attachment":"scroll","background-type":"","background-media":"","overlay-type":"","overlay-color":"","overlay-opacity":"","overlay-gradient":""},"tablet":{"background-color":"var(--ast-global-color-5)","background-image":"","background-repeat":"repeat","background-position":"center center","background-size":"auto","background-attachment":"scroll","background-type":"","background-media":"","overlay-type":"","overlay-color":"","overlay-opacity":"","overlay-gradient":""},"mobile":{"background-color":"var(--ast-global-color-5)","background-image":"","background-repeat":"repeat","background-position":"center center","background-size":"auto","background-attachment":"scroll","background-type":"","background-media":"","overlay-type":"","overlay-color":"","overlay-opacity":"","overlay-gradient":""}},"footnotes":""},"categories":[23,2165],"tags":[18,19,183,1014,1015,186,187,1016,53,69,28,1017,29,115,1018,117,196],"class_list":["post-65508","post","type-post","status-publish","format-standard","has-post-thumbnail","hentry","category-destacats","category-infarma","tag-cofb","tag-collegi-de-farmaceutics-de-barcelona","tag-colegio-de-farmaceuticos-de-madrid","tag-comite-cientific","tag-comite-organitzador","tag-congres-europeu-doficina-de-farmacia-i-salo-de-medicaments-i-parafarmacia","tag-congres-i-salo","tag-encuentro-europeo-de-farmacia","tag-farmaceutics","tag-farmacia-comunitaria","tag-infarma","tag-infarma-2023","tag-infarma-barcelona","tag-interalia","tag-reptes","tag-salut","tag-sector-farmaceutic"],"yoast_head":"<!-- This site is optimized with the Yoast SEO plugin v22.4 - https:\/\/yoast.com\/wordpress\/plugins\/seo\/ -->\n<title>\u201cLa resposta als desafiaments de la salut\u201d, lema d\u2019Infarma Barcelona 2023 - Col\u00b7legi de Farmac\u00e8utics de Barcelona<\/title>\n<meta name=\"description\" content=\"\u201cLa resposta als reptes de la salut\u201d \u00e9s el lema triat per a Infarma Barcelona 2023, organitzat pel COFB, el COFM i Interalia.\" \/>\n<meta name=\"robots\" content=\"index, follow, max-snippet:-1, max-image-preview:large, max-video-preview:-1\" \/>\n<link rel=\"canonical\" href=\"https:\/\/www.cofb.org\/es\/2022\/12\/14\/la-resposta-als-desafiaments-de-la-salut-lema-dinfarma-barcelona-2023\/\" \/>\n<meta property=\"og:locale\" content=\"es_ES\" \/>\n<meta property=\"og:type\" content=\"article\" \/>\n<meta property=\"og:title\" content=\"\u201cLa resposta als desafiaments de la salut\u201d, lema d\u2019Infarma Barcelona 2023 - Col\u00b7legi de Farmac\u00e8utics de Barcelona\" \/>\n<meta property=\"og:description\" content=\"\u201cLa resposta als reptes de la salut\u201d \u00e9s el lema triat per a Infarma Barcelona 2023, organitzat pel COFB, el COFM i Interalia.\" \/>\n<meta property=\"og:url\" content=\"https:\/\/www.cofb.org\/es\/2022\/12\/14\/la-resposta-als-desafiaments-de-la-salut-lema-dinfarma-barcelona-2023\/\" \/>\n<meta property=\"og:site_name\" content=\"Col\u00b7legi de Farmac\u00e8utics de Barcelona\" \/>\n<meta property=\"article:publisher\" content=\"https:\/\/www.facebook.com\/farmaceuticsbcn\/\" \/>\n<meta property=\"article:published_time\" content=\"2022-12-14T13:36:00+00:00\" \/>\n<meta property=\"article:modified_time\" content=\"2024-07-01T16:13:53+00:00\" \/>\n<meta property=\"og:image\" content=\"https:\/\/www.cofb.org\/wp-content\/uploads\/2023\/07\/COFB_INFARMA_14122022_1-1024x757-1.jpg\" \/>\n\t<meta property=\"og:image:width\" content=\"1024\" \/>\n\t<meta property=\"og:image:height\" content=\"757\" \/>\n\t<meta property=\"og:image:type\" content=\"image\/jpeg\" \/>\n<meta name=\"author\" content=\"wpAdminCofbOrg\" \/>\n<meta name=\"twitter:card\" content=\"summary_large_image\" \/>\n<meta name=\"twitter:creator\" content=\"@farmaceuticsbcn\" \/>\n<meta name=\"twitter:site\" content=\"@farmaceuticsbcn\" \/>\n<meta name=\"twitter:label1\" content=\"Escrito por\" \/>\n\t<meta name=\"twitter:data1\" content=\"wpAdminCofbOrg\" \/>\n\t<meta name=\"twitter:label2\" content=\"Tiempo de lectura\" \/>\n\t<meta name=\"twitter:data2\" content=\"3 minutos\" \/>\n<script type=\"application\/ld+json\" class=\"yoast-schema-graph\">{\"@context\":\"https:\/\/schema.org\",\"@graph\":[{\"@type\":\"Article\",\"@id\":\"https:\/\/www.cofb.org\/2022\/12\/14\/la-resposta-als-desafiaments-de-la-salut-lema-dinfarma-barcelona-2023\/#article\",\"isPartOf\":{\"@id\":\"https:\/\/www.cofb.org\/2022\/12\/14\/la-resposta-als-desafiaments-de-la-salut-lema-dinfarma-barcelona-2023\/\"},\"author\":{\"name\":\"wpAdminCofbOrg\",\"@id\":\"https:\/\/www.cofb.org\/#\/schema\/person\/22ed7eea88da74b0fa4d3154ad87ffcb\"},\"headline\":\"\u201cLa resposta als desafiaments de la salut\u201d, lema d\u2019Infarma Barcelona 2023\",\"datePublished\":\"2022-12-14T13:36:00+00:00\",\"dateModified\":\"2024-07-01T16:13:53+00:00\",\"mainEntityOfPage\":{\"@id\":\"https:\/\/www.cofb.org\/2022\/12\/14\/la-resposta-als-desafiaments-de-la-salut-lema-dinfarma-barcelona-2023\/\"},\"wordCount\":479,\"commentCount\":0,\"publisher\":{\"@id\":\"https:\/\/www.cofb.org\/#organization\"},\"image\":{\"@id\":\"https:\/\/www.cofb.org\/2022\/12\/14\/la-resposta-als-desafiaments-de-la-salut-lema-dinfarma-barcelona-2023\/#primaryimage\"},\"thumbnailUrl\":\"https:\/\/www.cofb.org\/wp-content\/uploads\/2023\/07\/COFB_INFARMA_14122022_1-1024x757-1.jpg\",\"keywords\":[\"COFB\",\"Col\u00b7legi de Farmac\u00e8utics de Barcelona\",\"Colegio de Farmac\u00e9uticos de Madrid\",\"Comit\u00e8 cient\u00edfic\",\"comit\u00e8 organitzador\",\"Congr\u00e9s Europeu d'Oficina de Farm\u00e0cia i Sal\u00f3 de Medicaments i Parafarm\u00e0cia\",\"Congr\u00e9s i Sal\u00f3\",\"Encuentro Europeo de Farmacia\",\"farmac\u00e8utics\",\"farm\u00e0cia comunit\u00e0ria\",\"Infarma\",\"Infarma 2023\",\"Infarma Barcelona\",\"Interalia\",\"Reptes\",\"salut\",\"sector farmac\u00e8utic\"],\"articleSection\":[\"Destacats\",\"Infarma\"],\"inLanguage\":\"es\",\"potentialAction\":[{\"@type\":\"CommentAction\",\"name\":\"Comment\",\"target\":[\"https:\/\/www.cofb.org\/2022\/12\/14\/la-resposta-als-desafiaments-de-la-salut-lema-dinfarma-barcelona-2023\/#respond\"]}]},{\"@type\":\"WebPage\",\"@id\":\"https:\/\/www.cofb.org\/2022\/12\/14\/la-resposta-als-desafiaments-de-la-salut-lema-dinfarma-barcelona-2023\/\",\"url\":\"https:\/\/www.cofb.org\/2022\/12\/14\/la-resposta-als-desafiaments-de-la-salut-lema-dinfarma-barcelona-2023\/\",\"name\":\"\u201cLa resposta als desafiaments de la salut\u201d, lema d\u2019Infarma Barcelona 2023 - Col\u00b7legi de Farmac\u00e8utics de Barcelona\",\"isPartOf\":{\"@id\":\"https:\/\/www.cofb.org\/#website\"},\"primaryImageOfPage\":{\"@id\":\"https:\/\/www.cofb.org\/2022\/12\/14\/la-resposta-als-desafiaments-de-la-salut-lema-dinfarma-barcelona-2023\/#primaryimage\"},\"image\":{\"@id\":\"https:\/\/www.cofb.org\/2022\/12\/14\/la-resposta-als-desafiaments-de-la-salut-lema-dinfarma-barcelona-2023\/#primaryimage\"},\"thumbnailUrl\":\"https:\/\/www.cofb.org\/wp-content\/uploads\/2023\/07\/COFB_INFARMA_14122022_1-1024x757-1.jpg\",\"datePublished\":\"2022-12-14T13:36:00+00:00\",\"dateModified\":\"2024-07-01T16:13:53+00:00\",\"description\":\"\u201cLa resposta als reptes de la salut\u201d \u00e9s el lema triat per a Infarma Barcelona 2023, organitzat pel COFB, el COFM i Interalia.\",\"breadcrumb\":{\"@id\":\"https:\/\/www.cofb.org\/2022\/12\/14\/la-resposta-als-desafiaments-de-la-salut-lema-dinfarma-barcelona-2023\/#breadcrumb\"},\"inLanguage\":\"es\",\"potentialAction\":[{\"@type\":\"ReadAction\",\"target\":[\"https:\/\/www.cofb.org\/2022\/12\/14\/la-resposta-als-desafiaments-de-la-salut-lema-dinfarma-barcelona-2023\/\"]}]},{\"@type\":\"ImageObject\",\"inLanguage\":\"es\",\"@id\":\"https:\/\/www.cofb.org\/2022\/12\/14\/la-resposta-als-desafiaments-de-la-salut-lema-dinfarma-barcelona-2023\/#primaryimage\",\"url\":\"https:\/\/www.cofb.org\/wp-content\/uploads\/2023\/07\/COFB_INFARMA_14122022_1-1024x757-1.jpg\",\"contentUrl\":\"https:\/\/www.cofb.org\/wp-content\/uploads\/2023\/07\/COFB_INFARMA_14122022_1-1024x757-1.jpg\",\"width\":1024,\"height\":757},{\"@type\":\"BreadcrumbList\",\"@id\":\"https:\/\/www.cofb.org\/2022\/12\/14\/la-resposta-als-desafiaments-de-la-salut-lema-dinfarma-barcelona-2023\/#breadcrumb\",\"itemListElement\":[{\"@type\":\"ListItem\",\"position\":1,\"name\":\"Inici\",\"item\":\"https:\/\/novaorg.cofb.net\/\"},{\"@type\":\"ListItem\",\"position\":2,\"name\":\"\u201cLa resposta als desafiaments de la salut\u201d, lema d\u2019Infarma Barcelona 2023\"}]},{\"@type\":\"WebSite\",\"@id\":\"https:\/\/www.cofb.org\/#website\",\"url\":\"https:\/\/www.cofb.org\/\",\"name\":\"Col\u00b7legi de Farmac\u00e8utics de Barcelona\",\"description\":\"\",\"publisher\":{\"@id\":\"https:\/\/www.cofb.org\/#organization\"},\"potentialAction\":[{\"@type\":\"SearchAction\",\"target\":{\"@type\":\"EntryPoint\",\"urlTemplate\":\"https:\/\/www.cofb.org\/?s={search_term_string}\"},\"query-input\":\"required name=search_term_string\"}],\"inLanguage\":\"es\"},{\"@type\":\"Organization\",\"@id\":\"https:\/\/www.cofb.org\/#organization\",\"name\":\"Col\u00b7legi de Farmac\u00e8utics de Barcelona\",\"url\":\"https:\/\/www.cofb.org\/\",\"logo\":{\"@type\":\"ImageObject\",\"inLanguage\":\"es\",\"@id\":\"https:\/\/www.cofb.org\/#\/schema\/logo\/image\/\",\"url\":\"https:\/\/www.cofb.org\/wp-content\/uploads\/2023\/11\/cropped-Logotip-COFB.png\",\"contentUrl\":\"https:\/\/www.cofb.org\/wp-content\/uploads\/2023\/11\/cropped-Logotip-COFB.png\",\"width\":500,\"height\":105,\"caption\":\"Col\u00b7legi de Farmac\u00e8utics de Barcelona\"},\"image\":{\"@id\":\"https:\/\/www.cofb.org\/#\/schema\/logo\/image\/\"},\"sameAs\":[\"https:\/\/www.facebook.com\/farmaceuticsbcn\/\",\"https:\/\/twitter.com\/farmaceuticsbcn\",\"https:\/\/www.instagram.com\/farmaceuticsbcn\/\",\"https:\/\/www.linkedin.com\/company\/farmaceuticsbcn\/\"]},{\"@type\":\"Person\",\"@id\":\"https:\/\/www.cofb.org\/#\/schema\/person\/22ed7eea88da74b0fa4d3154ad87ffcb\",\"name\":\"wpAdminCofbOrg\",\"image\":{\"@type\":\"ImageObject\",\"inLanguage\":\"es\",\"@id\":\"https:\/\/www.cofb.org\/#\/schema\/person\/image\/\",\"url\":\"https:\/\/secure.gravatar.com\/avatar\/1721b20b3b8ca882c3b56ec6c978c594fff670e40c0718e9190eaeeb76aae7d8?s=96&d=mm&r=g\",\"contentUrl\":\"https:\/\/secure.gravatar.com\/avatar\/1721b20b3b8ca882c3b56ec6c978c594fff670e40c0718e9190eaeeb76aae7d8?s=96&d=mm&r=g\",\"caption\":\"wpAdminCofbOrg\"},\"sameAs\":[\"http:\/\/192.168.64.122\/wordpress\"],\"url\":\"https:\/\/www.cofb.org\/es\/author\/wpadmincofborg\/\"}]}<\/script>\n<!-- \/ Yoast SEO plugin. -->","yoast_head_json":{"title":"\u201cLa resposta als desafiaments de la salut\u201d, lema d\u2019Infarma Barcelona 2023 - Col\u00b7legi de Farmac\u00e8utics de Barcelona","description":"\u201cLa resposta als reptes de la salut\u201d \u00e9s el lema triat per a Infarma Barcelona 2023, organitzat pel COFB, el COFM i Interalia.","robots":{"index":"index","follow":"follow","max-snippet":"max-snippet:-1","max-image-preview":"max-image-preview:large","max-video-preview":"max-video-preview:-1"},"canonical":"https:\/\/www.cofb.org\/es\/2022\/12\/14\/la-resposta-als-desafiaments-de-la-salut-lema-dinfarma-barcelona-2023\/","og_locale":"es_ES","og_type":"article","og_title":"\u201cLa resposta als desafiaments de la salut\u201d, lema d\u2019Infarma Barcelona 2023 - Col\u00b7legi de Farmac\u00e8utics de Barcelona","og_description":"\u201cLa resposta als reptes de la salut\u201d \u00e9s el lema triat per a Infarma Barcelona 2023, organitzat pel COFB, el COFM i Interalia.","og_url":"https:\/\/www.cofb.org\/es\/2022\/12\/14\/la-resposta-als-desafiaments-de-la-salut-lema-dinfarma-barcelona-2023\/","og_site_name":"Col\u00b7legi de Farmac\u00e8utics de Barcelona","article_publisher":"https:\/\/www.facebook.com\/farmaceuticsbcn\/","article_published_time":"2022-12-14T13:36:00+00:00","article_modified_time":"2024-07-01T16:13:53+00:00","og_image":[{"width":1024,"height":757,"url":"https:\/\/www.cofb.org\/wp-content\/uploads\/2023\/07\/COFB_INFARMA_14122022_1-1024x757-1.jpg","type":"image\/jpeg"}],"author":"wpAdminCofbOrg","twitter_card":"summary_large_image","twitter_creator":"@farmaceuticsbcn","twitter_site":"@farmaceuticsbcn","twitter_misc":{"Escrito por":"wpAdminCofbOrg","Tiempo de lectura":"3 minutos"},"schema":{"@context":"https:\/\/schema.org","@graph":[{"@type":"Article","@id":"https:\/\/www.cofb.org\/2022\/12\/14\/la-resposta-als-desafiaments-de-la-salut-lema-dinfarma-barcelona-2023\/#article","isPartOf":{"@id":"https:\/\/www.cofb.org\/2022\/12\/14\/la-resposta-als-desafiaments-de-la-salut-lema-dinfarma-barcelona-2023\/"},"author":{"name":"wpAdminCofbOrg","@id":"https:\/\/www.cofb.org\/#\/schema\/person\/22ed7eea88da74b0fa4d3154ad87ffcb"},"headline":"\u201cLa resposta als desafiaments de la salut\u201d, lema d\u2019Infarma Barcelona 2023","datePublished":"2022-12-14T13:36:00+00:00","dateModified":"2024-07-01T16:13:53+00:00","mainEntityOfPage":{"@id":"https:\/\/www.cofb.org\/2022\/12\/14\/la-resposta-als-desafiaments-de-la-salut-lema-dinfarma-barcelona-2023\/"},"wordCount":479,"commentCount":0,"publisher":{"@id":"https:\/\/www.cofb.org\/#organization"},"image":{"@id":"https:\/\/www.cofb.org\/2022\/12\/14\/la-resposta-als-desafiaments-de-la-salut-lema-dinfarma-barcelona-2023\/#primaryimage"},"thumbnailUrl":"https:\/\/www.cofb.org\/wp-content\/uploads\/2023\/07\/COFB_INFARMA_14122022_1-1024x757-1.jpg","keywords":["COFB","Col\u00b7legi de Farmac\u00e8utics de Barcelona","Colegio de Farmac\u00e9uticos de Madrid","Comit\u00e8 cient\u00edfic","comit\u00e8 organitzador","Congr\u00e9s Europeu d'Oficina de Farm\u00e0cia i Sal\u00f3 de Medicaments i Parafarm\u00e0cia","Congr\u00e9s i Sal\u00f3","Encuentro Europeo de Farmacia","farmac\u00e8utics","farm\u00e0cia comunit\u00e0ria","Infarma","Infarma 2023","Infarma Barcelona","Interalia","Reptes","salut","sector farmac\u00e8utic"],"articleSection":["Destacats","Infarma"],"inLanguage":"es","potentialAction":[{"@type":"CommentAction","name":"Comment","target":["https:\/\/www.cofb.org\/2022\/12\/14\/la-resposta-als-desafiaments-de-la-salut-lema-dinfarma-barcelona-2023\/#respond"]}]},{"@type":"WebPage","@id":"https:\/\/www.cofb.org\/2022\/12\/14\/la-resposta-als-desafiaments-de-la-salut-lema-dinfarma-barcelona-2023\/","url":"https:\/\/www.cofb.org\/2022\/12\/14\/la-resposta-als-desafiaments-de-la-salut-lema-dinfarma-barcelona-2023\/","name":"\u201cLa resposta als desafiaments de la salut\u201d, lema d\u2019Infarma Barcelona 2023 - Col\u00b7legi de Farmac\u00e8utics de Barcelona","isPartOf":{"@id":"https:\/\/www.cofb.org\/#website"},"primaryImageOfPage":{"@id":"https:\/\/www.cofb.org\/2022\/12\/14\/la-resposta-als-desafiaments-de-la-salut-lema-dinfarma-barcelona-2023\/#primaryimage"},"image":{"@id":"https:\/\/www.cofb.org\/2022\/12\/14\/la-resposta-als-desafiaments-de-la-salut-lema-dinfarma-barcelona-2023\/#primaryimage"},"thumbnailUrl":"https:\/\/www.cofb.org\/wp-content\/uploads\/2023\/07\/COFB_INFARMA_14122022_1-1024x757-1.jpg","datePublished":"2022-12-14T13:36:00+00:00","dateModified":"2024-07-01T16:13:53+00:00","description":"\u201cLa resposta als reptes de la salut\u201d \u00e9s el lema triat per a Infarma Barcelona 2023, organitzat pel COFB, el COFM i Interalia.","breadcrumb":{"@id":"https:\/\/www.cofb.org\/2022\/12\/14\/la-resposta-als-desafiaments-de-la-salut-lema-dinfarma-barcelona-2023\/#breadcrumb"},"inLanguage":"es","potentialAction":[{"@type":"ReadAction","target":["https:\/\/www.cofb.org\/2022\/12\/14\/la-resposta-als-desafiaments-de-la-salut-lema-dinfarma-barcelona-2023\/"]}]},{"@type":"ImageObject","inLanguage":"es","@id":"https:\/\/www.cofb.org\/2022\/12\/14\/la-resposta-als-desafiaments-de-la-salut-lema-dinfarma-barcelona-2023\/#primaryimage","url":"https:\/\/www.cofb.org\/wp-content\/uploads\/2023\/07\/COFB_INFARMA_14122022_1-1024x757-1.jpg","contentUrl":"https:\/\/www.cofb.org\/wp-content\/uploads\/2023\/07\/COFB_INFARMA_14122022_1-1024x757-1.jpg","width":1024,"height":757},{"@type":"BreadcrumbList","@id":"https:\/\/www.cofb.org\/2022\/12\/14\/la-resposta-als-desafiaments-de-la-salut-lema-dinfarma-barcelona-2023\/#breadcrumb","itemListElement":[{"@type":"ListItem","position":1,"name":"Inici","item":"https:\/\/novaorg.cofb.net\/"},{"@type":"ListItem","position":2,"name":"\u201cLa resposta als desafiaments de la salut\u201d, lema d\u2019Infarma Barcelona 2023"}]},{"@type":"WebSite","@id":"https:\/\/www.cofb.org\/#website","url":"https:\/\/www.cofb.org\/","name":"Col\u00b7legi de Farmac\u00e8utics de Barcelona","description":"","publisher":{"@id":"https:\/\/www.cofb.org\/#organization"},"potentialAction":[{"@type":"SearchAction","target":{"@type":"EntryPoint","urlTemplate":"https:\/\/www.cofb.org\/?s={search_term_string}"},"query-input":"required name=search_term_string"}],"inLanguage":"es"},{"@type":"Organization","@id":"https:\/\/www.cofb.org\/#organization","name":"Col\u00b7legi de Farmac\u00e8utics de Barcelona","url":"https:\/\/www.cofb.org\/","logo":{"@type":"ImageObject","inLanguage":"es","@id":"https:\/\/www.cofb.org\/#\/schema\/logo\/image\/","url":"https:\/\/www.cofb.org\/wp-content\/uploads\/2023\/11\/cropped-Logotip-COFB.png","contentUrl":"https:\/\/www.cofb.org\/wp-content\/uploads\/2023\/11\/cropped-Logotip-COFB.png","width":500,"height":105,"caption":"Col\u00b7legi de Farmac\u00e8utics de Barcelona"},"image":{"@id":"https:\/\/www.cofb.org\/#\/schema\/logo\/image\/"},"sameAs":["https:\/\/www.facebook.com\/farmaceuticsbcn\/","https:\/\/twitter.com\/farmaceuticsbcn","https:\/\/www.instagram.com\/farmaceuticsbcn\/","https:\/\/www.linkedin.com\/company\/farmaceuticsbcn\/"]},{"@type":"Person","@id":"https:\/\/www.cofb.org\/#\/schema\/person\/22ed7eea88da74b0fa4d3154ad87ffcb","name":"wpAdminCofbOrg","image":{"@type":"ImageObject","inLanguage":"es","@id":"https:\/\/www.cofb.org\/#\/schema\/person\/image\/","url":"https:\/\/secure.gravatar.com\/avatar\/1721b20b3b8ca882c3b56ec6c978c594fff670e40c0718e9190eaeeb76aae7d8?s=96&d=mm&r=g","contentUrl":"https:\/\/secure.gravatar.com\/avatar\/1721b20b3b8ca882c3b56ec6c978c594fff670e40c0718e9190eaeeb76aae7d8?s=96&d=mm&r=g","caption":"wpAdminCofbOrg"},"sameAs":["http:\/\/192.168.64.122\/wordpress"],"url":"https:\/\/www.cofb.org\/es\/author\/wpadmincofborg\/"}]}},"uagb_featured_image_src":{"full":["https:\/\/www.cofb.org\/wp-content\/uploads\/2023\/07\/COFB_INFARMA_14122022_1-1024x757-1.jpg",1024,757,false],"thumbnail":["https:\/\/www.cofb.org\/wp-content\/uploads\/2023\/07\/COFB_INFARMA_14122022_1-1024x757-1-150x150.jpg",150,150,true],"medium":["https:\/\/www.cofb.org\/wp-content\/uploads\/2023\/07\/COFB_INFARMA_14122022_1-1024x757-1-300x222.jpg",300,222,true],"medium_large":["https:\/\/www.cofb.org\/wp-content\/uploads\/2023\/07\/COFB_INFARMA_14122022_1-1024x757-1-768x568.jpg",768,568,true],"large":["https:\/\/www.cofb.org\/wp-content\/uploads\/2023\/07\/COFB_INFARMA_14122022_1-1024x757-1.jpg",1024,757,false],"1536x1536":["https:\/\/www.cofb.org\/wp-content\/uploads\/2023\/07\/COFB_INFARMA_14122022_1-1024x757-1.jpg",1024,757,false],"2048x2048":["https:\/\/www.cofb.org\/wp-content\/uploads\/2023\/07\/COFB_INFARMA_14122022_1-1024x757-1.jpg",1024,757,false],"trp-custom-language-flag":["https:\/\/www.cofb.org\/wp-content\/uploads\/2023\/07\/COFB_INFARMA_14122022_1-1024x757-1.jpg",16,12,false]},"uagb_author_info":{"display_name":"wpAdminCofbOrg","author_link":"https:\/\/www.cofb.org\/es\/author\/wpadmincofborg\/"},"uagb_comment_info":0,"uagb_excerpt":"\u201cLa resposta als desafiaments de la salut\u201d \u00e9s el lema triat per a Infarma Barcelona 2023, organitzat pel Col\u00b7legi de Farmac\u00e8utics de Barcelona (COFB), el Colegio de Farmac\u00e9uticos de Madrid (COFM) i Interalia. Aquesta 33a edici\u00f3 de la Trobada Europea de Farm\u00e0cia, que integra el Congr\u00e9s Europeu d&#8217;Oficina de Farm\u00e0cia [&hellip;]","_links":{"self":[{"href":"https:\/\/www.cofb.org\/es\/wp-json\/wp\/v2\/posts\/65508","targetHints":{"allow":["GET"]}}],"collection":[{"href":"https:\/\/www.cofb.org\/es\/wp-json\/wp\/v2\/posts"}],"about":[{"href":"https:\/\/www.cofb.org\/es\/wp-json\/wp\/v2\/types\/post"}],"author":[{"embeddable":true,"href":"https:\/\/www.cofb.org\/es\/wp-json\/wp\/v2\/users\/1"}],"replies":[{"embeddable":true,"href":"https:\/\/www.cofb.org\/es\/wp-json\/wp\/v2\/comments?post=65508"}],"version-history":[{"count":2,"href":"https:\/\/www.cofb.org\/es\/wp-json\/wp\/v2\/posts\/65508\/revisions"}],"predecessor-version":[{"id":78642,"href":"https:\/\/www.cofb.org\/es\/wp-json\/wp\/v2\/posts\/65508\/revisions\/78642"}],"wp:featuredmedia":[{"embeddable":true,"href":"https:\/\/www.cofb.org\/es\/wp-json\/wp\/v2\/media\/67817"}],"wp:attachment":[{"href":"https:\/\/www.cofb.org\/es\/wp-json\/wp\/v2\/media?parent=65508"}],"wp:term":[{"taxonomy":"category","embeddable":true,"href":"https:\/\/www.cofb.org\/es\/wp-json\/wp\/v2\/categories?post=65508"},{"taxonomy":"post_tag","embeddable":true,"href":"https:\/\/www.cofb.org\/es\/wp-json\/wp\/v2\/tags?post=65508"}],"curies":[{"name":"wp","href":"https:\/\/api.w.org\/{rel}","templated":true}]}}