{"id":65147,"date":"2022-12-07T18:42:47","date_gmt":"2022-12-07T16:42:47","guid":{"rendered":"https:\/\/blog.cofb.cat\/?p=65147"},"modified":"2023-10-09T13:06:33","modified_gmt":"2023-10-09T13:06:33","slug":"actualitzacio-en-el-maneig-de-lanticoagulacio-oral","status":"publish","type":"post","link":"https:\/\/www.cofb.org\/es\/2022\/12\/07\/actualitzacio-en-el-maneig-de-lanticoagulacio-oral\/","title":{"rendered":"Actualizaci\u00f3n en el manejo de la anticoagulaci\u00f3n oral"},"content":{"rendered":"<p>El pasado 18 de noviembre de 2022, el <strong>Col\u00b7legi de Farmac\u00e8utics de Barcelona (COFB)<\/strong>, conjuntamente con la <strong>Sociedad Catalana de Farmacia Cl\u00ednica<\/strong>, realiz\u00f3 la jornada \u201c<strong>Actualizaci\u00f3n en el manejo de la anticoagulaci\u00f3n oral<\/strong>\u201c. Una jornada organizada con el patrocinio de los laboratorios<a href=\"https:\/\/www.bms.com\/\"> <strong>Bristol-Myers Squibb<\/strong><\/a><strong> <\/strong>y <strong><a href=\"https:\/\/www.pfizer.es\/home\">Pfizer<\/a><\/strong>. En la charla particip\u00f3 el hemat\u00f3logo y jefe cl\u00ednico del Hospital de la Santa Cruz y San Pablo, el <strong>Dr. Jos\u00e9 Mateo<\/strong>; el cardi\u00f3logo y jefe de servicio del Hospital Mois\u00e8s Broggi, el <strong>Dr. Rom\u00e1n Freixa<\/strong>; la farmac\u00e9utica de Atenci\u00f3n Primaria de Barcelona Ciudad del Instituto Catal\u00e1n de la Salud (ICS), <strong>Amelia Troncoso<\/strong>; y la vocal de Atenci\u00f3n Primaria del COFB, <strong>Roser Vall\u00e8s<\/strong>, que moder\u00f3 la sesi\u00f3n.<\/p>\n\n\n\n<figure class=\"wp-block-image size-large\"><a href=\"https:\/\/blog.cofb.cat\/wp-content\/uploads\/2022\/12\/COFB_Anticoagulacio-oral_01122022_9-scaled.jpg\" target=\"_blank\" rel=\"noopener\"><img decoding=\"async\" src=\"https:\/\/blog.cofb.cat\/wp-content\/uploads\/2022\/12\/COFB_Anticoagulacio-oral_01122022_9-1024x576.jpg\" alt=\"\" class=\"wp-image-65409\" title=\"Los ponentes durante la sesi\u00f3n sobre manejo de los anticoagulantes.\"\/><\/a><\/figure>\n\n\n\n<p>La jornada se llev\u00f3 a cabo con <strong>el objetivo<\/strong> de<strong>actualizar los contenidos con respecto a los anticoagulantes orales (ACO) <\/strong>y los <strong>anticoagulantes de acci\u00f3n directa (ACOD).<\/strong><\/p>\n\n\n\n<h2 class=\"wp-block-heading\"><strong>Antecedentes de la anticoagulaci\u00f3n oral<\/strong><\/h2>\n\n\n\n<p>Al inicio de la sesi\u00f3n, la vocal de Atenci\u00f3n Primaria del COFB, <strong>Roser Vall\u00e8s<\/strong>, explic\u00f3 que \u201chasta <strong>hace relativamente pocos a\u00f1os<\/strong>, s\u00f3lo hab\u00eda disponibles <strong>dos principios activos<\/strong> de<strong>anticoagulantes orales (ACO)<\/strong>, la <strong>warfarina<\/strong> y <strong>el acenocumarol<\/strong>, con el mismo mecanismo de acci\u00f3n\u201d. A partir de la entrada en el mercado de un <strong>nuevo grupo de anticoagulantes orales<\/strong>, llamados <strong>anticoagulantes de acci\u00f3n directa (ACOD)<\/strong>, \u201cel <strong>mundo de la anticoagulaci\u00f3n ambulatoria<\/strong> sufri\u00f3 una <strong>revoluci\u00f3n farmacol\u00f3gica<\/strong>; y m\u00e1s a\u00fan, teniendo en cuenta que coincidi\u00f3 tambi\u00e9n con la <strong>revisi\u00f3n de los criterios de anticoagulaci\u00f3n<\/strong>, haciendo que la poblaci\u00f3n diana a recibir este tratamiento fuera a\u00fan m\u00e1s amplia\u201d. <\/p>\n\n\n\n<figure class=\"wp-block-image size-large\"><a href=\"https:\/\/blog.cofb.cat\/wp-content\/uploads\/2022\/12\/COFB_Anticoagulacio-oral_01122022_7.jpg\" target=\"_blank\" rel=\"noopener\"><img decoding=\"async\" src=\"https:\/\/blog.cofb.cat\/wp-content\/uploads\/2022\/12\/COFB_Anticoagulacio-oral_01122022_7-1024x637.jpg\" alt=\"La vocal d\u2019Atenci\u00f3 Prim\u00e0ria del COFB, Roser Vall\u00e8s, moderant la confer\u00e8ncia. \" class=\"wp-image-65280\" title=\" La vocal de Atenci\u00f3n Primaria del COFB, Roser Vall\u00e8s, moderando la conferencia. \"\/><\/a><figcaption class=\"wp-element-caption\"> La vocal de Atenci\u00f3n Primaria del COFB, Roser Vall\u00e8s, moderando la conferencia. <\/figcaption><\/figure>\n\n\n\n<p>Al principio, los <strong>ACOD <\/strong>eran unos medicamentos que <strong>se utilizaban con mucha precauci\u00f3n <\/strong>porque, tal y como coment\u00f3 la vocal de Atenci\u00f3n Primaria del COFB, <strong>Roser Vall\u00e8s<\/strong>, \u201ca diferencia de la warfarina y el acenocumarol, <strong>desconoc\u00edamos su seguridad a largo plazo<\/strong>, <strong>no ten\u00edamos disponible ninguna medida para valorar el grado de descoagulaci\u00f3n de los pacientes<\/strong> y <strong>tampoco dispon\u00edamos de un ant\u00eddoto en caso de sobredosificaci\u00f3n<\/strong>\u201d. Y a\u00f1ad\u00eda: \u201ccon el tiempo algunos de estos interrogantes se han ido respondiendo y <strong>cada vez se ha ido ampliando su uso<\/strong>\u201d.<\/p>\n\n\n\n<h2 class=\"wp-block-heading\"><strong>Actualizaci\u00f3n del manejo de los ACO <\/strong><\/h2>\n\n\n\n<p>Los ponentes van <strong>aportar su experiencia<\/strong> durante la conferencia, debido a que en la actualidad ya se tiene <strong>m\u00e1s experiencias con estos f\u00e1rmacos<\/strong>. En la charla se dieron respuesta a algunas cuestiones <strong>sobre en qu\u00e9 lugar en la terap\u00e9utica de la anticoagulaci\u00f3n oral les corresponde<\/strong> a estos f\u00e1rmacos; sobre <strong>c\u00f3mo queda el posicionamiento de la warfarina y el acenocumarol<\/strong>; y sobre <strong>si son seguros los ACOD para utilizarlos en toda la poblaci\u00f3n candidata <\/strong>a recibir anticoagulaci\u00f3n oral.<\/p>\n\n\n\n<figure class=\"wp-block-image size-large is-resized\"><a href=\"https:\/\/blog.cofb.cat\/wp-content\/uploads\/2022\/12\/COFB_Anticoagulacio-oral_01122022_2-scaled.jpg\" target=\"_blank\" rel=\"noopener\"><img fetchpriority=\"high\" decoding=\"async\" src=\"https:\/\/blog.cofb.cat\/wp-content\/uploads\/2022\/12\/COFB_Anticoagulacio-oral_01122022_2-1024x576.jpg\" alt=\"L\u2019hemat\u00f2leg i cap cl\u00ednic de l\u2019Hospital de la Santa creu i Sant Pau, el Dr. Jos\u00e9 Mateo, durant la confer\u00e8ncia.\" class=\"wp-image-65158\" style=\"width:840px;height:472px\" width=\"840\" height=\"472\" title=\"El hemat\u00f3logo y jefe cl\u00ednico del Hospital de la Santa cruz y San Pablo, el dr. Jos\u00e9 Mateo, durante la conferencia.\"\/><\/a><figcaption class=\"wp-element-caption\">El hemat\u00f3logo y jefe cl\u00ednico del Hospital de la Santa cruz y San Pablo, el dr. Jos\u00e9 Mateo, durante la jornada.<\/figcaption><\/figure>\n\n\n\n<p>El hemat\u00f3logo y jefe cl\u00ednico del Hospital de la Santa Cruz y San Pablo, el <strong>Dr. Jos\u00e9 Mateo<\/strong>, ofreci\u00f3 informaci\u00f3n actualizada sobre toda la <strong>fisiolog\u00eda de la hemostasia,<\/strong> que <strong>se activa ante un da\u00f1o tisular<\/strong>. Respecto a los conocimientos que se ten\u00edan en el siglo XX, el dr. Mateo explic\u00f3 que &quot;es un proceso mucho m\u00e1s complicado y en el que intervienen muchos m\u00e1s factores de lo que se cre\u00eda en su momento&quot;. Por eso, coment\u00f3 que es importante para entender c\u00f3mo funcionan los anticoagulantes orales y cu\u00e1l debe ser su manejo.<\/p>\n\n\n\n<figure class=\"wp-block-image size-large is-resized\"><a href=\"https:\/\/blog.cofb.cat\/wp-content\/uploads\/2022\/12\/COFB_Anticoagulacio-oral_01122022_3-scaled.jpg\" target=\"_blank\" rel=\"noopener\"><img decoding=\"async\" src=\"https:\/\/blog.cofb.cat\/wp-content\/uploads\/2022\/12\/COFB_Anticoagulacio-oral_01122022_3-1024x576.jpg\" alt=\"El Dr. Roman Freixa, cardi\u00f2leg i cap de servei de l\u2019Hospital Mois\u00e8s Broggi, iniciant la seva pon\u00e8ncia. \" class=\"wp-image-65159\" style=\"width:840px;height:472px\" width=\"840\" height=\"472\" title=\"  El dr. Permanece Freixa, cardi\u00f3logo y jefe de servicio del Hospital Mois\u00e8s Broggi, iniciando su ponencia. \"\/><\/a><figcaption class=\"wp-element-caption\">  El dr. Permanece Freixa, cardi\u00f3logo y jefe de servicio del Hospital Mois\u00e8s Broggi, iniciando su ponencia. <\/figcaption><\/figure>\n\n\n\n<p>Sobre las <strong>indicaciones cl\u00ednicas que tienen actualmente los ACO <\/strong>y las <strong>consecuencias que puede tener un mal control de \u00e9stos<\/strong>, habl\u00f3 el cardi\u00f3logo y jefe de servicio del Hospital Mois\u00e8s Broggi, el <strong>Dr. Rom\u00e1n Freixa<\/strong>. En este sentido, el cardi\u00f3logo especific\u00f3 que \u201ces relevante <strong>ajustar correctamente las dosis de los ACOD<\/strong>\u201c, ya que con <strong>el acenocumarol y la warfarina<\/strong> \u201c<strong>lo tenemos m\u00e1s interiorizado con el control del INR<\/strong>, pero en la actualidad est\u00e1n viendo <strong>problemas provocados por una infradosificaci\u00f3n de los ACOD<\/strong>\u201d.<\/p>\n\n\n\n<figure class=\"wp-block-image size-large\"><a href=\"https:\/\/blog.cofb.cat\/wp-content\/uploads\/2022\/12\/COFB_Anticoagulacio-oral_01122022_4-scaled.jpg\" target=\"_blank\" rel=\"noopener\"><img decoding=\"async\" src=\"https:\/\/blog.cofb.cat\/wp-content\/uploads\/2022\/12\/COFB_Anticoagulacio-oral_01122022_4-1024x576.jpg\" alt=\"Am\u00e8lia Troncoso, farmac\u00e8utica d\u2019atenci\u00f3 prim\u00e0ria de Barcelona ciutat de l\u2019Institut Catal\u00e0 de la Salut.\" class=\"wp-image-65160\" title=\"Amelia Troncoso, farmac\u00e9utica de atenci\u00f3n primaria de Barcelona ciudad del Institut Catal\u00e0 de la Salut.\"\/><\/a><figcaption class=\"wp-element-caption\">Amelia Troncoso, farmac\u00e9utica de atenci\u00f3n primaria de Barcelona Ciudad del Instituto Catal\u00e1n de la Salud.<\/figcaption><\/figure>\n\n\n\n<p>La farmac\u00e9utica de atenci\u00f3n primaria de Barcelona Ciudad del ICS, <strong>Amelia Troncoso<\/strong>, hizo una <strong>revisi\u00f3n muy completa y actualizada del perfil de seguridad de todos los anticoagulantes orales<\/strong> y de los <strong>aspectos de farmacovigilancia<\/strong> y de manejo, a tener en cuenta con este tipo de f\u00e1rmaco para garantizar al m\u00e1ximo su seguridad.<\/p>\n\n\n\n<figure class=\"wp-block-image size-full\"><a href=\"https:\/\/blog.cofb.cat\/wp-content\/uploads\/2022\/12\/COFB_Anticoagulacio-oral_01122022_8.png\" target=\"_blank\" rel=\"noopener\"><img decoding=\"async\" src=\"https:\/\/blog.cofb.cat\/wp-content\/uploads\/2022\/12\/COFB_Anticoagulacio-oral_01122022_8.png\" alt=\"Els ponents durant la sessi\u00f3 sobre maneig dels anticoagulants.\" class=\"wp-image-65408\" title=\"Los ponentes durante la sesi\u00f3n sobre manejo de los anticoagulantes.\"\/><\/a><figcaption class=\"wp-element-caption\"> Los ponentes y el paciente en la mesa de debate del manejo de los anticoagulantes. <\/figcaption><\/figure>\n\n\n\n<p>En el marco de la actividad formativa, se hizo una <strong>mesa de di\u00e1logo y de debate<\/strong> con el paciente, <strong>Isidro Dordes<\/strong>, y el resto de ponentes sobre los <strong>aspectos pr\u00e1cticos y del d\u00eda a d\u00eda que necesita el paciente<\/strong>, tanto del <strong>tratamiento anticoagulante<\/strong> como de los profesionales sanitarios implicados en este tratamiento.<\/p>\n\n\n\n<h2 class=\"wp-block-heading\"><strong>La realidad de los anticoagulantes orales de acci\u00f3n directa<\/strong><\/h2>\n\n\n\n<p>La vocal de Atenci\u00f3n Primaria del COFB, <strong>Roser Vall\u00e8s<\/strong>, coment\u00f3 que \u201clos <strong>ACOD tienen un perfil de seguridad adecuado para ciertos pacientes<\/strong> (no en todos est\u00e1n indicados y aqu\u00ed el acenocumarol y la warfarina tienen mucha importancia) y <strong>tienen ciertas ventajas en su manejo respecto al acenocumarol o la warfarina<\/strong>\u201c. Sin embargo, Vall\u00e8s record\u00f3 que \u201chay que tener presente que tambi\u00e9n <strong>pueden tener interacciones con otros medicamentos<\/strong> y que<strong> es importante ajustar correctamente la dosis que se necesita<\/strong>\u201d.<\/p>\n\n\n\n<figure class=\"wp-block-image size-large\"><a href=\"https:\/\/blog.cofb.cat\/wp-content\/uploads\/2022\/12\/COFB_Anticoagulacio-oral_01122022_5-scaled.jpg\" target=\"_blank\" rel=\"noopener\"><img decoding=\"async\" src=\"https:\/\/blog.cofb.cat\/wp-content\/uploads\/2022\/12\/COFB_Anticoagulacio-oral_01122022_5-1024x576.jpg\" alt=\"La vocal d\u2019Atenci\u00f3 Prim\u00e0ria del COFB, Roser Vall\u00e8s, moderant l'acte.\" class=\"wp-image-65161\" title=\" La vocal de Atenci\u00f3n Primaria del COFB, Roser Vall\u00e8s, moderando el acto.\"\/><\/a><figcaption class=\"wp-element-caption\"> La vocal de Atenci\u00f3n Primaria del COFB, Roser Vall\u00e8s, durante su intervenci\u00f3n.<\/figcaption><\/figure>\n\n\n\n<p>Por \u00faltimo, Vall\u00e8s recalc\u00f3 que \u201ces muy relevante de cara al <strong>paciente informarle correctamente sobre su tratamiento y patolog\u00eda<\/strong> y que les <strong>mensajes sean inequ\u00edvocos entre los distintos profesionales asistenciales<\/strong> que lo atienden (m\u00e9dico, enfermera de la atenci\u00f3n especializada y de la atenci\u00f3n primaria y farmac\u00e9uticos de atenci\u00f3n primaria y oficinas de farmacia)\u201d. Y a\u00f1adi\u00f3 que \u201cuno <strong>de los problemas que tienen actualmente los ACOD<\/strong> <strong>es su elevado precio<\/strong> en comparaci\u00f3n con el acenocumarol y la warfarina. Est\u00e1 previsto que en los pr\u00f3ximos meses se empiecen en <strong>comercializar las primeras especialidades EFG de estos f\u00e1rmacos<\/strong>, lo que ayudar\u00e1 a paliar este problema\u201d.<\/p>\n\n\n\n<p class=\"has-text-align-right\"><strong>Con el patrocinio de:<\/strong><\/p>\n\n\n\n<figure class=\"wp-block-image size-large\"><img decoding=\"async\" src=\"https:\/\/blog.cofb.cat\/wp-content\/uploads\/2022\/12\/BRISTOL-PFIZER-2022-1024x95.png\" alt=\"\" class=\"wp-image-65447\"\/><\/figure>","protected":false},"excerpt":{"rendered":"<p>El pasado 18 de noviembre de 2022, el Colegio de Farmac\u00e9uticos de Barcelona (COFB), conjuntamente con la Sociedad Catalana de Farmacia Cl\u00ednica, realiz\u00f3 la jornada &quot;Actualizaci\u00f3n en el manejo de la anticoagulaci\u00f3n oral&quot;. Una jornada organizada con el patrocinio de los laboratorios Bristol-Myers Squibb y Pfizer. En la charla va [\u2026]<\/p>","protected":false},"author":1,"featured_media":67792,"comment_status":"open","ping_status":"open","sticky":false,"template":"","format":"standard","meta":{"_uag_custom_page_level_css":"","site-sidebar-layout":"default","site-content-layout":"","ast-site-content-layout":"default","site-content-style":"default","site-sidebar-style":"default","ast-global-header-display":"","ast-banner-title-visibility":"","ast-main-header-display":"","ast-hfb-above-header-display":"","ast-hfb-below-header-display":"","ast-hfb-mobile-header-display":"","site-post-title":"","ast-breadcrumbs-content":"","ast-featured-img":"disabled","footer-sml-layout":"","theme-transparent-header-meta":"","adv-header-id-meta":"","stick-header-meta":"","header-above-stick-meta":"","header-main-stick-meta":"","header-below-stick-meta":"","astra-migrate-meta-layouts":"default","ast-page-background-enabled":"default","ast-page-background-meta":{"desktop":{"background-color":"var(--ast-global-color-4)","background-image":"","background-repeat":"repeat","background-position":"center center","background-size":"auto","background-attachment":"scroll","background-type":"","background-media":"","overlay-type":"","overlay-color":"","overlay-opacity":"","overlay-gradient":""},"tablet":{"background-color":"","background-image":"","background-repeat":"repeat","background-position":"center center","background-size":"auto","background-attachment":"scroll","background-type":"","background-media":"","overlay-type":"","overlay-color":"","overlay-opacity":"","overlay-gradient":""},"mobile":{"background-color":"","background-image":"","background-repeat":"repeat","background-position":"center center","background-size":"auto","background-attachment":"scroll","background-type":"","background-media":"","overlay-type":"","overlay-color":"","overlay-opacity":"","overlay-gradient":""}},"ast-content-background-meta":{"desktop":{"background-color":"var(--ast-global-color-5)","background-image":"","background-repeat":"repeat","background-position":"center center","background-size":"auto","background-attachment":"scroll","background-type":"","background-media":"","overlay-type":"","overlay-color":"","overlay-opacity":"","overlay-gradient":""},"tablet":{"background-color":"var(--ast-global-color-5)","background-image":"","background-repeat":"repeat","background-position":"center center","background-size":"auto","background-attachment":"scroll","background-type":"","background-media":"","overlay-type":"","overlay-color":"","overlay-opacity":"","overlay-gradient":""},"mobile":{"background-color":"var(--ast-global-color-5)","background-image":"","background-repeat":"repeat","background-position":"center center","background-size":"auto","background-attachment":"scroll","background-type":"","background-media":"","overlay-type":"","overlay-color":"","overlay-opacity":"","overlay-gradient":""}},"footnotes":""},"categories":[23,57],"tags":[1005,1006,1007,1008,1009,1010,64,938,18,19,53,1011,1012,286,1013],"class_list":["post-65147","post","type-post","status-publish","format-standard","has-post-thumbnail","hentry","category-destacats","category-mon-collegial","tag-acod","tag-anticoagulacio","tag-anticoagulacio-oral","tag-anticoagulants","tag-anticoagulants-daccio-directa","tag-anticoagulants-orals","tag-atencio-farmaceutica","tag-atencio-primaria","tag-cofb","tag-collegi-de-farmaceutics-de-barcelona","tag-farmaceutics","tag-farmaceutics-datencio-primaria","tag-hematologia","tag-societat-catalana-de-farmacia-clinica","tag-vocalia-datencio-primaria"],"yoast_head":"<!-- This site is optimized with the Yoast SEO plugin v22.4 - https:\/\/yoast.com\/wordpress\/plugins\/seo\/ -->\n<title>Actualitzaci\u00f3 en el maneig de l\u2019anticoagulaci\u00f3 oral - Col\u00b7legi de Farmac\u00e8utics de Barcelona<\/title>\n<meta name=\"description\" content=\"El COFB, conjuntament amb la Societat Catalana de Farm\u00e0cia Cl\u00ednica, va realitzar una jornada sobre el maneig de l\u2019anticoagulaci\u00f3 oral.\" \/>\n<meta name=\"robots\" content=\"index, follow, max-snippet:-1, max-image-preview:large, max-video-preview:-1\" \/>\n<link rel=\"canonical\" href=\"https:\/\/novaorg.cofb.net\/2022\/12\/07\/actualitzacio-en-el-maneig-de-lanticoagulacio-oral\/\" \/>\n<meta property=\"og:locale\" content=\"es_ES\" \/>\n<meta property=\"og:type\" content=\"article\" \/>\n<meta property=\"og:title\" content=\"Actualitzaci\u00f3 en el maneig de l\u2019anticoagulaci\u00f3 oral - Col\u00b7legi de Farmac\u00e8utics de Barcelona\" \/>\n<meta property=\"og:description\" content=\"El COFB, conjuntament amb la Societat Catalana de Farm\u00e0cia Cl\u00ednica, va realitzar una jornada sobre el maneig de l\u2019anticoagulaci\u00f3 oral.\" \/>\n<meta property=\"og:url\" content=\"https:\/\/novaorg.cofb.net\/2022\/12\/07\/actualitzacio-en-el-maneig-de-lanticoagulacio-oral\/\" \/>\n<meta property=\"og:site_name\" content=\"Col\u00b7legi de Farmac\u00e8utics de Barcelona\" \/>\n<meta property=\"article:publisher\" content=\"https:\/\/www.facebook.com\/farmaceuticsbcn\/\" \/>\n<meta property=\"article:published_time\" content=\"2022-12-07T16:42:47+00:00\" \/>\n<meta property=\"article:modified_time\" content=\"2023-10-09T13:06:33+00:00\" \/>\n<meta property=\"og:image\" content=\"https:\/\/novaorg.cofb.net\/wp-content\/uploads\/2023\/07\/COFB_Anticoagulacio-oral_01122022_9-1024x576-1.jpg\" \/>\n\t<meta property=\"og:image:width\" content=\"1024\" \/>\n\t<meta property=\"og:image:height\" content=\"576\" \/>\n\t<meta property=\"og:image:type\" content=\"image\/jpeg\" \/>\n<meta name=\"author\" content=\"wpAdminCofbOrg\" \/>\n<meta name=\"twitter:card\" content=\"summary_large_image\" \/>\n<meta name=\"twitter:creator\" content=\"@farmaceuticsbcn\" \/>\n<meta name=\"twitter:site\" content=\"@farmaceuticsbcn\" \/>\n<meta name=\"twitter:label1\" content=\"Escrito por\" \/>\n\t<meta name=\"twitter:data1\" content=\"wpAdminCofbOrg\" \/>\n\t<meta name=\"twitter:label2\" content=\"Tiempo de lectura\" \/>\n\t<meta name=\"twitter:data2\" content=\"6 minutos\" \/>\n<script type=\"application\/ld+json\" class=\"yoast-schema-graph\">{\"@context\":\"https:\/\/schema.org\",\"@graph\":[{\"@type\":\"Article\",\"@id\":\"https:\/\/novaorg.cofb.net\/2022\/12\/07\/actualitzacio-en-el-maneig-de-lanticoagulacio-oral\/#article\",\"isPartOf\":{\"@id\":\"https:\/\/novaorg.cofb.net\/2022\/12\/07\/actualitzacio-en-el-maneig-de-lanticoagulacio-oral\/\"},\"author\":{\"name\":\"wpAdminCofbOrg\",\"@id\":\"https:\/\/www.cofb.org\/#\/schema\/person\/22ed7eea88da74b0fa4d3154ad87ffcb\"},\"headline\":\"Actualitzaci\u00f3 en el maneig de l\u2019anticoagulaci\u00f3 oral\",\"datePublished\":\"2022-12-07T16:42:47+00:00\",\"dateModified\":\"2023-10-09T13:06:33+00:00\",\"mainEntityOfPage\":{\"@id\":\"https:\/\/novaorg.cofb.net\/2022\/12\/07\/actualitzacio-en-el-maneig-de-lanticoagulacio-oral\/\"},\"wordCount\":1105,\"commentCount\":0,\"publisher\":{\"@id\":\"https:\/\/www.cofb.org\/#organization\"},\"image\":{\"@id\":\"https:\/\/novaorg.cofb.net\/2022\/12\/07\/actualitzacio-en-el-maneig-de-lanticoagulacio-oral\/#primaryimage\"},\"thumbnailUrl\":\"https:\/\/www.cofb.org\/wp-content\/uploads\/2023\/07\/COFB_Anticoagulacio-oral_01122022_9-1024x576-1.jpg\",\"keywords\":[\"ACOD\",\"anticoagulaci\u00f3\",\"anticoagulaci\u00f3 oral\",\"anticoagulants\",\"anticoagulants d\u2019acci\u00f3 directa\",\"anticoagulants orals\",\"Atenci\u00f3 farmac\u00e8utica\",\"Atenci\u00f3 prim\u00e0ria\",\"COFB\",\"Col\u00b7legi de Farmac\u00e8utics de Barcelona\",\"farmac\u00e8utics\",\"farmac\u00e8utics d'atenci\u00f3 prim\u00e0ria\",\"Hematologia\",\"Societat Catalana de Farm\u00e0cia Cl\u00ednica\",\"Vocalia d'Atenci\u00f3 Prim\u00e0ria\"],\"articleSection\":[\"Destacats\",\"M\u00f3n col\u00b7legial\"],\"inLanguage\":\"es\",\"potentialAction\":[{\"@type\":\"CommentAction\",\"name\":\"Comment\",\"target\":[\"https:\/\/novaorg.cofb.net\/2022\/12\/07\/actualitzacio-en-el-maneig-de-lanticoagulacio-oral\/#respond\"]}]},{\"@type\":\"WebPage\",\"@id\":\"https:\/\/novaorg.cofb.net\/2022\/12\/07\/actualitzacio-en-el-maneig-de-lanticoagulacio-oral\/\",\"url\":\"https:\/\/novaorg.cofb.net\/2022\/12\/07\/actualitzacio-en-el-maneig-de-lanticoagulacio-oral\/\",\"name\":\"Actualitzaci\u00f3 en el maneig de l\u2019anticoagulaci\u00f3 oral - Col\u00b7legi de Farmac\u00e8utics de Barcelona\",\"isPartOf\":{\"@id\":\"https:\/\/www.cofb.org\/#website\"},\"primaryImageOfPage\":{\"@id\":\"https:\/\/novaorg.cofb.net\/2022\/12\/07\/actualitzacio-en-el-maneig-de-lanticoagulacio-oral\/#primaryimage\"},\"image\":{\"@id\":\"https:\/\/novaorg.cofb.net\/2022\/12\/07\/actualitzacio-en-el-maneig-de-lanticoagulacio-oral\/#primaryimage\"},\"thumbnailUrl\":\"https:\/\/www.cofb.org\/wp-content\/uploads\/2023\/07\/COFB_Anticoagulacio-oral_01122022_9-1024x576-1.jpg\",\"datePublished\":\"2022-12-07T16:42:47+00:00\",\"dateModified\":\"2023-10-09T13:06:33+00:00\",\"description\":\"El COFB, conjuntament amb la Societat Catalana de Farm\u00e0cia Cl\u00ednica, va realitzar una jornada sobre el maneig de l\u2019anticoagulaci\u00f3 oral.\",\"breadcrumb\":{\"@id\":\"https:\/\/novaorg.cofb.net\/2022\/12\/07\/actualitzacio-en-el-maneig-de-lanticoagulacio-oral\/#breadcrumb\"},\"inLanguage\":\"es\",\"potentialAction\":[{\"@type\":\"ReadAction\",\"target\":[\"https:\/\/novaorg.cofb.net\/2022\/12\/07\/actualitzacio-en-el-maneig-de-lanticoagulacio-oral\/\"]}]},{\"@type\":\"ImageObject\",\"inLanguage\":\"es\",\"@id\":\"https:\/\/novaorg.cofb.net\/2022\/12\/07\/actualitzacio-en-el-maneig-de-lanticoagulacio-oral\/#primaryimage\",\"url\":\"https:\/\/www.cofb.org\/wp-content\/uploads\/2023\/07\/COFB_Anticoagulacio-oral_01122022_9-1024x576-1.jpg\",\"contentUrl\":\"https:\/\/www.cofb.org\/wp-content\/uploads\/2023\/07\/COFB_Anticoagulacio-oral_01122022_9-1024x576-1.jpg\",\"width\":1024,\"height\":576},{\"@type\":\"BreadcrumbList\",\"@id\":\"https:\/\/novaorg.cofb.net\/2022\/12\/07\/actualitzacio-en-el-maneig-de-lanticoagulacio-oral\/#breadcrumb\",\"itemListElement\":[{\"@type\":\"ListItem\",\"position\":1,\"name\":\"Inici\",\"item\":\"https:\/\/novaorg.cofb.net\/\"},{\"@type\":\"ListItem\",\"position\":2,\"name\":\"Actualitzaci\u00f3 en el maneig de l\u2019anticoagulaci\u00f3 oral\"}]},{\"@type\":\"WebSite\",\"@id\":\"https:\/\/www.cofb.org\/#website\",\"url\":\"https:\/\/www.cofb.org\/\",\"name\":\"Col\u00b7legi de Farmac\u00e8utics de Barcelona\",\"description\":\"\",\"publisher\":{\"@id\":\"https:\/\/www.cofb.org\/#organization\"},\"potentialAction\":[{\"@type\":\"SearchAction\",\"target\":{\"@type\":\"EntryPoint\",\"urlTemplate\":\"https:\/\/www.cofb.org\/?s={search_term_string}\"},\"query-input\":\"required name=search_term_string\"}],\"inLanguage\":\"es\"},{\"@type\":\"Organization\",\"@id\":\"https:\/\/www.cofb.org\/#organization\",\"name\":\"Col\u00b7legi de Farmac\u00e8utics de Barcelona\",\"url\":\"https:\/\/www.cofb.org\/\",\"logo\":{\"@type\":\"ImageObject\",\"inLanguage\":\"es\",\"@id\":\"https:\/\/www.cofb.org\/#\/schema\/logo\/image\/\",\"url\":\"https:\/\/www.cofb.org\/wp-content\/uploads\/2023\/11\/cropped-Logotip-COFB.png\",\"contentUrl\":\"https:\/\/www.cofb.org\/wp-content\/uploads\/2023\/11\/cropped-Logotip-COFB.png\",\"width\":500,\"height\":105,\"caption\":\"Col\u00b7legi de Farmac\u00e8utics de Barcelona\"},\"image\":{\"@id\":\"https:\/\/www.cofb.org\/#\/schema\/logo\/image\/\"},\"sameAs\":[\"https:\/\/www.facebook.com\/farmaceuticsbcn\/\",\"https:\/\/twitter.com\/farmaceuticsbcn\",\"https:\/\/www.instagram.com\/farmaceuticsbcn\/\",\"https:\/\/www.linkedin.com\/company\/farmaceuticsbcn\/\"]},{\"@type\":\"Person\",\"@id\":\"https:\/\/www.cofb.org\/#\/schema\/person\/22ed7eea88da74b0fa4d3154ad87ffcb\",\"name\":\"wpAdminCofbOrg\",\"image\":{\"@type\":\"ImageObject\",\"inLanguage\":\"es\",\"@id\":\"https:\/\/www.cofb.org\/#\/schema\/person\/image\/\",\"url\":\"https:\/\/secure.gravatar.com\/avatar\/1721b20b3b8ca882c3b56ec6c978c594fff670e40c0718e9190eaeeb76aae7d8?s=96&d=mm&r=g\",\"contentUrl\":\"https:\/\/secure.gravatar.com\/avatar\/1721b20b3b8ca882c3b56ec6c978c594fff670e40c0718e9190eaeeb76aae7d8?s=96&d=mm&r=g\",\"caption\":\"wpAdminCofbOrg\"},\"sameAs\":[\"http:\/\/192.168.64.122\/wordpress\"],\"url\":\"https:\/\/www.cofb.org\/es\/author\/wpadmincofborg\/\"}]}<\/script>\n<!-- \/ Yoast SEO plugin. -->","yoast_head_json":{"title":"Actualitzaci\u00f3 en el maneig de l\u2019anticoagulaci\u00f3 oral - Col\u00b7legi de Farmac\u00e8utics de Barcelona","description":"El COFB, conjuntament amb la Societat Catalana de Farm\u00e0cia Cl\u00ednica, va realitzar una jornada sobre el maneig de l\u2019anticoagulaci\u00f3 oral.","robots":{"index":"index","follow":"follow","max-snippet":"max-snippet:-1","max-image-preview":"max-image-preview:large","max-video-preview":"max-video-preview:-1"},"canonical":"https:\/\/novaorg.cofb.net\/2022\/12\/07\/actualitzacio-en-el-maneig-de-lanticoagulacio-oral\/","og_locale":"es_ES","og_type":"article","og_title":"Actualitzaci\u00f3 en el maneig de l\u2019anticoagulaci\u00f3 oral - Col\u00b7legi de Farmac\u00e8utics de Barcelona","og_description":"El COFB, conjuntament amb la Societat Catalana de Farm\u00e0cia Cl\u00ednica, va realitzar una jornada sobre el maneig de l\u2019anticoagulaci\u00f3 oral.","og_url":"https:\/\/novaorg.cofb.net\/2022\/12\/07\/actualitzacio-en-el-maneig-de-lanticoagulacio-oral\/","og_site_name":"Col\u00b7legi de Farmac\u00e8utics de Barcelona","article_publisher":"https:\/\/www.facebook.com\/farmaceuticsbcn\/","article_published_time":"2022-12-07T16:42:47+00:00","article_modified_time":"2023-10-09T13:06:33+00:00","og_image":[{"width":1024,"height":576,"url":"https:\/\/novaorg.cofb.net\/wp-content\/uploads\/2023\/07\/COFB_Anticoagulacio-oral_01122022_9-1024x576-1.jpg","type":"image\/jpeg"}],"author":"wpAdminCofbOrg","twitter_card":"summary_large_image","twitter_creator":"@farmaceuticsbcn","twitter_site":"@farmaceuticsbcn","twitter_misc":{"Escrito por":"wpAdminCofbOrg","Tiempo de lectura":"6 minutos"},"schema":{"@context":"https:\/\/schema.org","@graph":[{"@type":"Article","@id":"https:\/\/novaorg.cofb.net\/2022\/12\/07\/actualitzacio-en-el-maneig-de-lanticoagulacio-oral\/#article","isPartOf":{"@id":"https:\/\/novaorg.cofb.net\/2022\/12\/07\/actualitzacio-en-el-maneig-de-lanticoagulacio-oral\/"},"author":{"name":"wpAdminCofbOrg","@id":"https:\/\/www.cofb.org\/#\/schema\/person\/22ed7eea88da74b0fa4d3154ad87ffcb"},"headline":"Actualitzaci\u00f3 en el maneig de l\u2019anticoagulaci\u00f3 oral","datePublished":"2022-12-07T16:42:47+00:00","dateModified":"2023-10-09T13:06:33+00:00","mainEntityOfPage":{"@id":"https:\/\/novaorg.cofb.net\/2022\/12\/07\/actualitzacio-en-el-maneig-de-lanticoagulacio-oral\/"},"wordCount":1105,"commentCount":0,"publisher":{"@id":"https:\/\/www.cofb.org\/#organization"},"image":{"@id":"https:\/\/novaorg.cofb.net\/2022\/12\/07\/actualitzacio-en-el-maneig-de-lanticoagulacio-oral\/#primaryimage"},"thumbnailUrl":"https:\/\/www.cofb.org\/wp-content\/uploads\/2023\/07\/COFB_Anticoagulacio-oral_01122022_9-1024x576-1.jpg","keywords":["ACOD","anticoagulaci\u00f3","anticoagulaci\u00f3 oral","anticoagulants","anticoagulants d\u2019acci\u00f3 directa","anticoagulants orals","Atenci\u00f3 farmac\u00e8utica","Atenci\u00f3 prim\u00e0ria","COFB","Col\u00b7legi de Farmac\u00e8utics de Barcelona","farmac\u00e8utics","farmac\u00e8utics d'atenci\u00f3 prim\u00e0ria","Hematologia","Societat Catalana de Farm\u00e0cia Cl\u00ednica","Vocalia d'Atenci\u00f3 Prim\u00e0ria"],"articleSection":["Destacats","M\u00f3n col\u00b7legial"],"inLanguage":"es","potentialAction":[{"@type":"CommentAction","name":"Comment","target":["https:\/\/novaorg.cofb.net\/2022\/12\/07\/actualitzacio-en-el-maneig-de-lanticoagulacio-oral\/#respond"]}]},{"@type":"WebPage","@id":"https:\/\/novaorg.cofb.net\/2022\/12\/07\/actualitzacio-en-el-maneig-de-lanticoagulacio-oral\/","url":"https:\/\/novaorg.cofb.net\/2022\/12\/07\/actualitzacio-en-el-maneig-de-lanticoagulacio-oral\/","name":"Actualitzaci\u00f3 en el maneig de l\u2019anticoagulaci\u00f3 oral - Col\u00b7legi de Farmac\u00e8utics de Barcelona","isPartOf":{"@id":"https:\/\/www.cofb.org\/#website"},"primaryImageOfPage":{"@id":"https:\/\/novaorg.cofb.net\/2022\/12\/07\/actualitzacio-en-el-maneig-de-lanticoagulacio-oral\/#primaryimage"},"image":{"@id":"https:\/\/novaorg.cofb.net\/2022\/12\/07\/actualitzacio-en-el-maneig-de-lanticoagulacio-oral\/#primaryimage"},"thumbnailUrl":"https:\/\/www.cofb.org\/wp-content\/uploads\/2023\/07\/COFB_Anticoagulacio-oral_01122022_9-1024x576-1.jpg","datePublished":"2022-12-07T16:42:47+00:00","dateModified":"2023-10-09T13:06:33+00:00","description":"El COFB, conjuntament amb la Societat Catalana de Farm\u00e0cia Cl\u00ednica, va realitzar una jornada sobre el maneig de l\u2019anticoagulaci\u00f3 oral.","breadcrumb":{"@id":"https:\/\/novaorg.cofb.net\/2022\/12\/07\/actualitzacio-en-el-maneig-de-lanticoagulacio-oral\/#breadcrumb"},"inLanguage":"es","potentialAction":[{"@type":"ReadAction","target":["https:\/\/novaorg.cofb.net\/2022\/12\/07\/actualitzacio-en-el-maneig-de-lanticoagulacio-oral\/"]}]},{"@type":"ImageObject","inLanguage":"es","@id":"https:\/\/novaorg.cofb.net\/2022\/12\/07\/actualitzacio-en-el-maneig-de-lanticoagulacio-oral\/#primaryimage","url":"https:\/\/www.cofb.org\/wp-content\/uploads\/2023\/07\/COFB_Anticoagulacio-oral_01122022_9-1024x576-1.jpg","contentUrl":"https:\/\/www.cofb.org\/wp-content\/uploads\/2023\/07\/COFB_Anticoagulacio-oral_01122022_9-1024x576-1.jpg","width":1024,"height":576},{"@type":"BreadcrumbList","@id":"https:\/\/novaorg.cofb.net\/2022\/12\/07\/actualitzacio-en-el-maneig-de-lanticoagulacio-oral\/#breadcrumb","itemListElement":[{"@type":"ListItem","position":1,"name":"Inici","item":"https:\/\/novaorg.cofb.net\/"},{"@type":"ListItem","position":2,"name":"Actualitzaci\u00f3 en el maneig de l\u2019anticoagulaci\u00f3 oral"}]},{"@type":"WebSite","@id":"https:\/\/www.cofb.org\/#website","url":"https:\/\/www.cofb.org\/","name":"Col\u00b7legi de Farmac\u00e8utics de Barcelona","description":"","publisher":{"@id":"https:\/\/www.cofb.org\/#organization"},"potentialAction":[{"@type":"SearchAction","target":{"@type":"EntryPoint","urlTemplate":"https:\/\/www.cofb.org\/?s={search_term_string}"},"query-input":"required name=search_term_string"}],"inLanguage":"es"},{"@type":"Organization","@id":"https:\/\/www.cofb.org\/#organization","name":"Col\u00b7legi de Farmac\u00e8utics de Barcelona","url":"https:\/\/www.cofb.org\/","logo":{"@type":"ImageObject","inLanguage":"es","@id":"https:\/\/www.cofb.org\/#\/schema\/logo\/image\/","url":"https:\/\/www.cofb.org\/wp-content\/uploads\/2023\/11\/cropped-Logotip-COFB.png","contentUrl":"https:\/\/www.cofb.org\/wp-content\/uploads\/2023\/11\/cropped-Logotip-COFB.png","width":500,"height":105,"caption":"Col\u00b7legi de Farmac\u00e8utics de Barcelona"},"image":{"@id":"https:\/\/www.cofb.org\/#\/schema\/logo\/image\/"},"sameAs":["https:\/\/www.facebook.com\/farmaceuticsbcn\/","https:\/\/twitter.com\/farmaceuticsbcn","https:\/\/www.instagram.com\/farmaceuticsbcn\/","https:\/\/www.linkedin.com\/company\/farmaceuticsbcn\/"]},{"@type":"Person","@id":"https:\/\/www.cofb.org\/#\/schema\/person\/22ed7eea88da74b0fa4d3154ad87ffcb","name":"wpAdminCofbOrg","image":{"@type":"ImageObject","inLanguage":"es","@id":"https:\/\/www.cofb.org\/#\/schema\/person\/image\/","url":"https:\/\/secure.gravatar.com\/avatar\/1721b20b3b8ca882c3b56ec6c978c594fff670e40c0718e9190eaeeb76aae7d8?s=96&d=mm&r=g","contentUrl":"https:\/\/secure.gravatar.com\/avatar\/1721b20b3b8ca882c3b56ec6c978c594fff670e40c0718e9190eaeeb76aae7d8?s=96&d=mm&r=g","caption":"wpAdminCofbOrg"},"sameAs":["http:\/\/192.168.64.122\/wordpress"],"url":"https:\/\/www.cofb.org\/es\/author\/wpadmincofborg\/"}]}},"uagb_featured_image_src":{"full":["https:\/\/www.cofb.org\/wp-content\/uploads\/2023\/07\/COFB_Anticoagulacio-oral_01122022_9-1024x576-1.jpg",1024,576,false],"thumbnail":["https:\/\/www.cofb.org\/wp-content\/uploads\/2023\/07\/COFB_Anticoagulacio-oral_01122022_9-1024x576-1-150x150.jpg",150,150,true],"medium":["https:\/\/www.cofb.org\/wp-content\/uploads\/2023\/07\/COFB_Anticoagulacio-oral_01122022_9-1024x576-1-300x169.jpg",300,169,true],"medium_large":["https:\/\/www.cofb.org\/wp-content\/uploads\/2023\/07\/COFB_Anticoagulacio-oral_01122022_9-1024x576-1-768x432.jpg",768,432,true],"large":["https:\/\/www.cofb.org\/wp-content\/uploads\/2023\/07\/COFB_Anticoagulacio-oral_01122022_9-1024x576-1.jpg",1024,576,false],"1536x1536":["https:\/\/www.cofb.org\/wp-content\/uploads\/2023\/07\/COFB_Anticoagulacio-oral_01122022_9-1024x576-1.jpg",1024,576,false],"2048x2048":["https:\/\/www.cofb.org\/wp-content\/uploads\/2023\/07\/COFB_Anticoagulacio-oral_01122022_9-1024x576-1.jpg",1024,576,false],"trp-custom-language-flag":["https:\/\/www.cofb.org\/wp-content\/uploads\/2023\/07\/COFB_Anticoagulacio-oral_01122022_9-1024x576-1.jpg",18,10,false]},"uagb_author_info":{"display_name":"wpAdminCofbOrg","author_link":"https:\/\/www.cofb.org\/es\/author\/wpadmincofborg\/"},"uagb_comment_info":0,"uagb_excerpt":"El passat 18 de novembre de 2022, el Col\u00b7legi de Farmac\u00e8utics de Barcelona (COFB), conjuntament amb la Societat Catalana de Farm\u00e0cia Cl\u00ednica, va realitzar la jornada &#8220;Actualitzaci\u00f3 en el maneig de l\u2019anticoagulaci\u00f3 oral&#8220;. Una jornada organitzada amb el patrocini dels laboratoris Bristol-Myers Squibb i Pfizer. En la xerrada hi va [&hellip;]","_links":{"self":[{"href":"https:\/\/www.cofb.org\/es\/wp-json\/wp\/v2\/posts\/65147","targetHints":{"allow":["GET"]}}],"collection":[{"href":"https:\/\/www.cofb.org\/es\/wp-json\/wp\/v2\/posts"}],"about":[{"href":"https:\/\/www.cofb.org\/es\/wp-json\/wp\/v2\/types\/post"}],"author":[{"embeddable":true,"href":"https:\/\/www.cofb.org\/es\/wp-json\/wp\/v2\/users\/1"}],"replies":[{"embeddable":true,"href":"https:\/\/www.cofb.org\/es\/wp-json\/wp\/v2\/comments?post=65147"}],"version-history":[{"count":3,"href":"https:\/\/www.cofb.org\/es\/wp-json\/wp\/v2\/posts\/65147\/revisions"}],"predecessor-version":[{"id":68985,"href":"https:\/\/www.cofb.org\/es\/wp-json\/wp\/v2\/posts\/65147\/revisions\/68985"}],"wp:featuredmedia":[{"embeddable":true,"href":"https:\/\/www.cofb.org\/es\/wp-json\/wp\/v2\/media\/67792"}],"wp:attachment":[{"href":"https:\/\/www.cofb.org\/es\/wp-json\/wp\/v2\/media?parent=65147"}],"wp:term":[{"taxonomy":"category","embeddable":true,"href":"https:\/\/www.cofb.org\/es\/wp-json\/wp\/v2\/categories?post=65147"},{"taxonomy":"post_tag","embeddable":true,"href":"https:\/\/www.cofb.org\/es\/wp-json\/wp\/v2\/tags?post=65147"}],"curies":[{"name":"wp","href":"https:\/\/api.w.org\/{rel}","templated":true}]}}