{"id":65120,"date":"2022-12-15T17:12:00","date_gmt":"2022-12-15T15:12:00","guid":{"rendered":"https:\/\/blog.cofb.cat\/?p=65120"},"modified":"2023-10-09T13:03:39","modified_gmt":"2023-10-09T13:03:39","slug":"nova-edicio-del-taller-de-dispositius-dinhalacio-al-cofb","status":"publish","type":"post","link":"https:\/\/www.cofb.org\/es\/2022\/12\/15\/nova-edicio-del-taller-de-dispositius-dinhalacio-al-cofb\/","title":{"rendered":"Nueva edici\u00f3n del taller de dispositivos de inhalaci\u00f3n en el COFB"},"content":{"rendered":"<p>El pasado 30 de noviembre, el <strong>Col\u00b7legi de Farmac\u00e8utics de Barcelona (COFB) <\/strong>organiz\u00f3 un <strong>taller<\/strong> <strong>presencial<\/strong> sobre <strong>dispositivos de inhalaci\u00f3n<\/strong>, con el patrocinio de <strong><a href=\"https:\/\/www.chiesi.es\/\">Chiesi<\/a><\/strong>. El taller lo imparti\u00f3 la farmac\u00e9utica comunitaria experta en atenci\u00f3n farmac\u00e9utica y farmacia asistencial y fundadora de Farmaval, <strong>Cristina Lucas Fern\u00e1ndez<\/strong>.<\/p>\n\n\n\n<figure class=\"wp-block-image size-full\"><a href=\"https:\/\/www.cofb.org\/wp-content\/uploads\/2023\/10\/COFB_TALLER-INHALADORS_30112022_6-1024x553-1.jpg\" target=\"_blank\" rel=\"noopener\"><img fetchpriority=\"high\" decoding=\"async\" width=\"1024\" height=\"553\" src=\"https:\/\/www.cofb.org\/wp-content\/uploads\/2023\/10\/COFB_TALLER-INHALADORS_30112022_6-1024x553-1.jpg\" alt=\"\" class=\"wp-image-68981\" title=\"Cristina Lucas impartiendo el taller de inhaladores en farmac\u00e9uticos y farmac\u00e9uticas. \" srcset=\"https:\/\/www.cofb.org\/wp-content\/uploads\/2023\/10\/COFB_TALLER-INHALADORS_30112022_6-1024x553-1.jpg 1024w, https:\/\/www.cofb.org\/wp-content\/uploads\/2023\/10\/COFB_TALLER-INHALADORS_30112022_6-1024x553-1-300x162.jpg 300w, https:\/\/www.cofb.org\/wp-content\/uploads\/2023\/10\/COFB_TALLER-INHALADORS_30112022_6-1024x553-1-768x415.jpg 768w, https:\/\/www.cofb.org\/wp-content\/uploads\/2023\/10\/COFB_TALLER-INHALADORS_30112022_6-1024x553-1-18x10.jpg 18w\" sizes=\"(max-width: 1024px) 100vw, 1024px\" \/><\/a><figcaption class=\"wp-element-caption\">La experta en atenci\u00f3n farmac\u00e9utica y farmacia asistencial a punto de empezar el taller.<\/figcaption><\/figure>\n\n\n\n<p>Los <strong>objetivos principales <\/strong>del taller fueron dar a conocer a los farmac\u00e9uticos y farmac\u00e9uticas <strong>correcto funcionamiento de los dispositivos de inhalaci\u00f3n y c\u00f3mo hacer un buen uso de los mismos<\/strong>; que el profesional <strong>adquiera seguridad y confianza para conseguir una atenci\u00f3n farmac\u00e9utica de calidad<\/strong>; y, por \u00faltimo, saber c\u00f3mo <strong>intervenir adecuadamente y dar valor en cada dispensaci\u00f3n<\/strong>.<\/p>\n\n\n\n<h2 class=\"wp-block-heading\"><strong>La importancia del correcto funcionamiento de los inhaladores<\/strong> <\/h2>\n\n\n\n<p>La farmac\u00e9utica comunitaria, <strong>Cristina Lucas<\/strong>, inici\u00f3 la sesi\u00f3n poniendo en contexto la <strong>situaci\u00f3n actual en cuanto a la enfermedad pulmonar obstructiva cr\u00f3nica (EPOC)<\/strong>: \u201cun 50% de las personas <strong>asm\u00e1ticas<\/strong> tienen un <strong>mal control de la enfermedad<\/strong>; y m\u00e1s de uno <strong>80% de las EPOC no est\u00e1n diagnosticadas<\/strong>. Adem\u00e1s, <strong>la adherencia de los pacientes con patolog\u00edas respiratorias cr\u00f3nicas<\/strong> <strong>obstructivas<\/strong>, <strong>no supera el 50%\u201d.<\/strong> Esta poca adherencia y falta de continuidad en el uso de los dispositivos, seg\u00fan Lucas, \u201cse convierte en <strong>el uso incorrecto de los dispositivos<\/strong>, ya que m\u00e1s de uno <strong>90% de los pacientes tiene una mala t\u00e9cnica inhalada<\/strong> y, por tanto, la eficacia del tratamiento disminuye\u201d. En este sentido, la farmac\u00e9utica comunitaria aseguraba que \u201c<strong>con una buena t\u00e9cnica inhalada, se puede resolver gran parte del problema<\/strong>\u201d.<\/p>\n\n\n\n<figure class=\"wp-block-image size-large\"><a href=\"https:\/\/blog.cofb.cat\/wp-content\/uploads\/2022\/12\/COFB_TALLER-INHALADORS_30112022_7-scaled.jpg\" target=\"_blank\" rel=\"noopener\"><img decoding=\"async\" src=\"https:\/\/blog.cofb.cat\/wp-content\/uploads\/2022\/12\/COFB_TALLER-INHALADORS_30112022_7-1024x594.jpg\" alt=\"Cristina Lucas impartint el taller d'inhaladors als farmac\u00e8utics i farmac\u00e8utiques. \" class=\"wp-image-65571\" title=\"Cristina Lucas impartiendo el taller de inhaladores en farmac\u00e9uticos y farmac\u00e9uticas. \"\/><\/a><figcaption class=\"wp-element-caption\">Cristina Lucas impartiendo el taller de inhaladores en farmac\u00e9uticos y farmac\u00e9uticas. <\/figcaption><\/figure>\n\n\n\n<p>Y a\u00f1adi\u00f3: \u201clos que dispensamos a los inhaladores somos nosotros (farmac\u00e9uticos), as\u00ed que nos toca dar este paso adelante\u201d. Por <strong>formaci\u00f3n, vocaci\u00f3n y responsabilidad profesional y moral<\/strong>, \u201clos profesionales del \u00e1mbito farmac\u00e9utico podemos cubrir esta necesidad y <strong>ayudar a los pacientes a utilizar correctamente los inhaladores<\/strong> porque por <strong>no perder eficacia<\/strong> debido al mal uso\u201d.<\/p>\n\n\n\n<p>Lucas comparti\u00f3 con los asistentes un <strong>estudio<\/strong> de 2017, realizado a 6.304 profesionales, que mostraba que <strong>el 10,8% de los profesionales sanitarios no conocen la t\u00e9cnica de inhalaci\u00f3n correcta<\/strong>. Por eso, el taller se centr\u00f3 especialmente en <strong>conocer cu\u00e1l es uso correcto de los dispositivos de inhalaci\u00f3n en asma y EPOC<\/strong>, en <strong>revisar las diferentes tipolog\u00edas de inhaladores disponibles en el mercado<\/strong> y las <strong>diferentes t\u00e9cnicas de manipulaci\u00f3n <\/strong>para conseguir una correcta atenci\u00f3n farmac\u00e9utica a la hora de dispensar este tipo de aparatos.<\/p>\n\n\n<div class=\"destacat-blog\">\n\n\n<h2 class=\"wp-block-heading\"><strong>Tipolog\u00edas y t\u00e9cnicas de los sistemas de inhalaci\u00f3n<\/strong><\/h2>\n\n\n\n<p>De forma gr\u00e1fica, la farmac\u00e9utica mostr\u00f3 las tipolog\u00edas y t\u00e9cnicas de los sistemas de inhalaci\u00f3n que se diferencian en dos modalidades: los inhaladores de <strong>cartucho presurizado (pMDI)<\/strong> y los <strong>inhaladores de polvo seco (DPI)<\/strong>.<\/p>\n\n\n\n<p>Los inhaladores <strong>pMDI <\/strong>son los presurizados y los hay <strong>tres tipolog\u00edas diferentes<\/strong>: el <strong>convencional <\/strong>(de suspensi\u00f3n), que se utiliza con el inhalador convencional, que es necesario agitarlo y liberar 1 o 2 dosis en el primer uso; el de <strong>part\u00edculas extrafinas<\/strong> (disoluci\u00f3n), que son los dispositivos Modulite y Alvesco, que no hace falta agitarlos; y el de <strong>niebla fina<\/strong>, que se utiliza con el dispositivo Respimat, que en este caso es un cartucho presurizado y nebulizador, la soluci\u00f3n del f\u00e1rmaco se encuentra en forma de nube de vapor suave y no es necesario agitarlo, entre otras caracter\u00edsticas del producto.<\/p>\n\n\n\n<figure class=\"wp-block-image size-large\"><a href=\"https:\/\/blog.cofb.cat\/wp-content\/uploads\/2022\/11\/COFB_TALLER-INHALADORS_30112022_3-scaled.jpg\" target=\"_blank\" rel=\"noopener\"><img decoding=\"async\" src=\"https:\/\/blog.cofb.cat\/wp-content\/uploads\/2022\/11\/COFB_TALLER-INHALADORS_30112022_3-1024x576.jpg\" alt=\"Tipologies d'inhaladors emprats a la pr\u00e0ctica del taller.\" class=\"wp-image-65129\" title=\"Tipolog\u00edas de inhaladores empleados en la pr\u00e1ctica del taller.\"\/><\/a><figcaption class=\"wp-element-caption\">Tipolog\u00edas de inhaladores empleados en la pr\u00e1ctica del taller.<\/figcaption><\/figure>\n\n\n\n<p>En cuanto a los inhaladores les <strong>DPI<\/strong>, \u00e9stos son de polvo seco y se pueden encontrar en dos modalidades: en <strong>unidosis<\/strong> y en <strong>multidosis<\/strong>. Por un lado, de los inhaladores <strong>DPI en formato unidosis<\/strong> est\u00e1n los siguientes dispositivos: Aerolizer, Breezhaler, Handihaler, Zonda y Glenmark. Por otra parte, los dispositivos <strong>DPI multidosis, <\/strong>el principio activo est\u00e1 en reservorio, y los dispositivos de inhalaci\u00f3n que existen son: Turbuhaler, Easyhaler, Twisthaler, Nexthaler, Multidosis, Spiromax, Genuair, Novolizer, Accuhaler, Ellipta , el Fosfopiro y el Airmaster.<\/p><\/div>\n\n\n\n<p>La experta en atenci\u00f3n farmac\u00e9utica hizo un repaso de los <strong>beneficios de las c\u00e1maras de inhalaci\u00f3n<\/strong>, recomendadas para personas mayores, lactantes y ni\u00f1os, as\u00ed como de los sistemas de limpieza de estos dispositivos.<\/p>\n\n\n\n<p>Por \u00faltimo, en la \u00faltima parte del taller se llev\u00f3 a cabo una <strong>sesi\u00f3n pr\u00e1ctica <\/strong>de manipulaci\u00f3n de diferentes <strong>tipolog\u00edas de inhaladores <\/strong>y la ponente expuso varios <strong>casos reales de manipulaci\u00f3n incorrecta del inhalador<\/strong>.<\/p>\n\n\n\n<p class=\"has-text-align-right\"><strong>Con el patrocinio de:<\/strong><\/p>\n\n\n\n<figure class=\"wp-block-image alignright size-full\"><a href=\"https:\/\/www.chiesi.es\/\" target=\"_blank\" rel=\"noopener\"><img decoding=\"async\" src=\"https:\/\/blog.cofb.cat\/wp-content\/uploads\/2021\/12\/Chiesi.png\" alt=\"\" class=\"wp-image-58905\"\/><\/a><\/figure>","protected":false},"excerpt":{"rendered":"<p>El pasado 30 de noviembre, el Colegio de Farmac\u00e9uticos de Barcelona (COFB) organiz\u00f3 un taller presencial sobre dispositivos de inhalaci\u00f3n con el patrocinio de Chiesi. El taller lo imparti\u00f3 la farmac\u00e9utica comunitaria experta en atenci\u00f3n farmac\u00e9utica y farmacia asistencial y fundadora de Farmaval, Cristina Lucas Fern\u00e1ndez. Los objetivos principales [\u2026]<\/p>","protected":false},"author":1,"featured_media":67810,"comment_status":"open","ping_status":"open","sticky":false,"template":"","format":"standard","meta":{"_uag_custom_page_level_css":"","site-sidebar-layout":"default","site-content-layout":"","ast-site-content-layout":"default","site-content-style":"default","site-sidebar-style":"default","ast-global-header-display":"","ast-banner-title-visibility":"","ast-main-header-display":"","ast-hfb-above-header-display":"","ast-hfb-below-header-display":"","ast-hfb-mobile-header-display":"","site-post-title":"","ast-breadcrumbs-content":"","ast-featured-img":"disabled","footer-sml-layout":"","theme-transparent-header-meta":"","adv-header-id-meta":"","stick-header-meta":"","header-above-stick-meta":"","header-main-stick-meta":"","header-below-stick-meta":"","astra-migrate-meta-layouts":"default","ast-page-background-enabled":"default","ast-page-background-meta":{"desktop":{"background-color":"var(--ast-global-color-4)","background-image":"","background-repeat":"repeat","background-position":"center center","background-size":"auto","background-attachment":"scroll","background-type":"","background-media":"","overlay-type":"","overlay-color":"","overlay-opacity":"","overlay-gradient":""},"tablet":{"background-color":"","background-image":"","background-repeat":"repeat","background-position":"center center","background-size":"auto","background-attachment":"scroll","background-type":"","background-media":"","overlay-type":"","overlay-color":"","overlay-opacity":"","overlay-gradient":""},"mobile":{"background-color":"","background-image":"","background-repeat":"repeat","background-position":"center center","background-size":"auto","background-attachment":"scroll","background-type":"","background-media":"","overlay-type":"","overlay-color":"","overlay-opacity":"","overlay-gradient":""}},"ast-content-background-meta":{"desktop":{"background-color":"var(--ast-global-color-5)","background-image":"","background-repeat":"repeat","background-position":"center center","background-size":"auto","background-attachment":"scroll","background-type":"","background-media":"","overlay-type":"","overlay-color":"","overlay-opacity":"","overlay-gradient":""},"tablet":{"background-color":"var(--ast-global-color-5)","background-image":"","background-repeat":"repeat","background-position":"center center","background-size":"auto","background-attachment":"scroll","background-type":"","background-media":"","overlay-type":"","overlay-color":"","overlay-opacity":"","overlay-gradient":""},"mobile":{"background-color":"var(--ast-global-color-5)","background-image":"","background-repeat":"repeat","background-position":"center center","background-size":"auto","background-attachment":"scroll","background-type":"","background-media":"","overlay-type":"","overlay-color":"","overlay-opacity":"","overlay-gradient":""}},"footnotes":""},"categories":[23,57],"tags":[211,64,998,18,19,999,1000,53,68,69,70,1001,1002,1003,1004,76,206],"class_list":["post-65120","post","type-post","status-publish","format-standard","has-post-thumbnail","hentry","category-destacats","category-mon-collegial","tag-asma","tag-atencio-farmaceutica","tag-cameres-dinhalacio","tag-cofb","tag-collegi-de-farmaceutics-de-barcelona","tag-congres-nacional-atencio-farmaceutica","tag-dispositius-dinhalacio","tag-farmaceutics","tag-farmacia","tag-farmacia-comunitaria","tag-formacio","tag-inhaladors","tag-inhaladors-pols-seca","tag-inhaladors-pressuritzats","tag-mpoc","tag-oficina-de-farmacia","tag-taller"],"yoast_head":"<!-- This site is optimized with the Yoast SEO plugin v22.4 - https:\/\/yoast.com\/wordpress\/plugins\/seo\/ -->\n<title>Nova edici\u00f3 del taller de dispositius d&#039;inhalaci\u00f3 al COFB - Col\u00b7legi de Farmac\u00e8utics de Barcelona<\/title>\n<meta name=\"description\" content=\"El COFB va organitzar un taller presencial sobre els dispositius d\u2019inhalaci\u00f3, amb el patrocini de Chiesi.\" \/>\n<meta name=\"robots\" content=\"index, follow, max-snippet:-1, max-image-preview:large, max-video-preview:-1\" \/>\n<link rel=\"canonical\" href=\"https:\/\/novaorg.cofb.net\/2022\/12\/15\/nova-edicio-del-taller-de-dispositius-dinhalacio-al-cofb\/\" \/>\n<meta property=\"og:locale\" content=\"es_ES\" \/>\n<meta property=\"og:type\" content=\"article\" \/>\n<meta property=\"og:title\" content=\"Nova edici\u00f3 del taller de dispositius d&#039;inhalaci\u00f3 al COFB - Col\u00b7legi de Farmac\u00e8utics de Barcelona\" \/>\n<meta property=\"og:description\" content=\"El COFB va organitzar un taller presencial sobre els dispositius d\u2019inhalaci\u00f3, amb el patrocini de Chiesi.\" \/>\n<meta property=\"og:url\" content=\"https:\/\/novaorg.cofb.net\/2022\/12\/15\/nova-edicio-del-taller-de-dispositius-dinhalacio-al-cofb\/\" \/>\n<meta property=\"og:site_name\" content=\"Col\u00b7legi de Farmac\u00e8utics de Barcelona\" \/>\n<meta property=\"article:publisher\" content=\"https:\/\/www.facebook.com\/farmaceuticsbcn\/\" \/>\n<meta property=\"article:published_time\" content=\"2022-12-15T15:12:00+00:00\" \/>\n<meta property=\"article:modified_time\" content=\"2023-10-09T13:03:39+00:00\" \/>\n<meta property=\"og:image\" content=\"https:\/\/novaorg.cofb.net\/wp-content\/uploads\/2023\/07\/COFB_TALLER-INHALADORS_30112022_6-1024x553-1.jpg\" \/>\n\t<meta property=\"og:image:width\" content=\"1024\" \/>\n\t<meta property=\"og:image:height\" content=\"553\" \/>\n\t<meta property=\"og:image:type\" content=\"image\/jpeg\" \/>\n<meta name=\"author\" content=\"wpAdminCofbOrg\" \/>\n<meta name=\"twitter:card\" content=\"summary_large_image\" \/>\n<meta name=\"twitter:creator\" content=\"@farmaceuticsbcn\" \/>\n<meta name=\"twitter:site\" content=\"@farmaceuticsbcn\" \/>\n<meta name=\"twitter:label1\" content=\"Escrito por\" \/>\n\t<meta name=\"twitter:data1\" content=\"wpAdminCofbOrg\" \/>\n\t<meta name=\"twitter:label2\" content=\"Tiempo de lectura\" \/>\n\t<meta name=\"twitter:data2\" content=\"5 minutos\" \/>\n<script type=\"application\/ld+json\" class=\"yoast-schema-graph\">{\"@context\":\"https:\/\/schema.org\",\"@graph\":[{\"@type\":\"Article\",\"@id\":\"https:\/\/novaorg.cofb.net\/2022\/12\/15\/nova-edicio-del-taller-de-dispositius-dinhalacio-al-cofb\/#article\",\"isPartOf\":{\"@id\":\"https:\/\/novaorg.cofb.net\/2022\/12\/15\/nova-edicio-del-taller-de-dispositius-dinhalacio-al-cofb\/\"},\"author\":{\"name\":\"wpAdminCofbOrg\",\"@id\":\"https:\/\/www.cofb.org\/#\/schema\/person\/22ed7eea88da74b0fa4d3154ad87ffcb\"},\"headline\":\"Nova edici\u00f3 del taller de dispositius d&#8217;inhalaci\u00f3 al COFB\",\"datePublished\":\"2022-12-15T15:12:00+00:00\",\"dateModified\":\"2023-10-09T13:03:39+00:00\",\"mainEntityOfPage\":{\"@id\":\"https:\/\/novaorg.cofb.net\/2022\/12\/15\/nova-edicio-del-taller-de-dispositius-dinhalacio-al-cofb\/\"},\"wordCount\":778,\"commentCount\":0,\"publisher\":{\"@id\":\"https:\/\/www.cofb.org\/#organization\"},\"image\":{\"@id\":\"https:\/\/novaorg.cofb.net\/2022\/12\/15\/nova-edicio-del-taller-de-dispositius-dinhalacio-al-cofb\/#primaryimage\"},\"thumbnailUrl\":\"https:\/\/www.cofb.org\/wp-content\/uploads\/2023\/07\/COFB_TALLER-INHALADORS_30112022_6-1024x553-1.jpg\",\"keywords\":[\"asma\",\"Atenci\u00f3 farmac\u00e8utica\",\"c\u00e0meres d&#039;inhalaci\u00f3\",\"COFB\",\"Col\u00b7legi de Farmac\u00e8utics de Barcelona\",\"Congr\u00e9s Nacional Atenci\u00f3 Farmac\u00e8utica\",\"dispositius d'inhalaci\u00f3\",\"farmac\u00e8utics\",\"Farm\u00e0cia\",\"farm\u00e0cia comunit\u00e0ria\",\"Formaci\u00f3\",\"inhaladors\",\"inhaladors pols seca\",\"inhaladors pressuritzats\",\"MPOC\",\"Oficina de farm\u00e0cia\",\"taller\"],\"articleSection\":[\"Destacats\",\"M\u00f3n col\u00b7legial\"],\"inLanguage\":\"es\",\"potentialAction\":[{\"@type\":\"CommentAction\",\"name\":\"Comment\",\"target\":[\"https:\/\/novaorg.cofb.net\/2022\/12\/15\/nova-edicio-del-taller-de-dispositius-dinhalacio-al-cofb\/#respond\"]}]},{\"@type\":\"WebPage\",\"@id\":\"https:\/\/novaorg.cofb.net\/2022\/12\/15\/nova-edicio-del-taller-de-dispositius-dinhalacio-al-cofb\/\",\"url\":\"https:\/\/novaorg.cofb.net\/2022\/12\/15\/nova-edicio-del-taller-de-dispositius-dinhalacio-al-cofb\/\",\"name\":\"Nova edici\u00f3 del taller de dispositius d'inhalaci\u00f3 al COFB - Col\u00b7legi de Farmac\u00e8utics de Barcelona\",\"isPartOf\":{\"@id\":\"https:\/\/www.cofb.org\/#website\"},\"primaryImageOfPage\":{\"@id\":\"https:\/\/novaorg.cofb.net\/2022\/12\/15\/nova-edicio-del-taller-de-dispositius-dinhalacio-al-cofb\/#primaryimage\"},\"image\":{\"@id\":\"https:\/\/novaorg.cofb.net\/2022\/12\/15\/nova-edicio-del-taller-de-dispositius-dinhalacio-al-cofb\/#primaryimage\"},\"thumbnailUrl\":\"https:\/\/www.cofb.org\/wp-content\/uploads\/2023\/07\/COFB_TALLER-INHALADORS_30112022_6-1024x553-1.jpg\",\"datePublished\":\"2022-12-15T15:12:00+00:00\",\"dateModified\":\"2023-10-09T13:03:39+00:00\",\"description\":\"El COFB va organitzar un taller presencial sobre els dispositius d\u2019inhalaci\u00f3, amb el patrocini de Chiesi.\",\"breadcrumb\":{\"@id\":\"https:\/\/novaorg.cofb.net\/2022\/12\/15\/nova-edicio-del-taller-de-dispositius-dinhalacio-al-cofb\/#breadcrumb\"},\"inLanguage\":\"es\",\"potentialAction\":[{\"@type\":\"ReadAction\",\"target\":[\"https:\/\/novaorg.cofb.net\/2022\/12\/15\/nova-edicio-del-taller-de-dispositius-dinhalacio-al-cofb\/\"]}]},{\"@type\":\"ImageObject\",\"inLanguage\":\"es\",\"@id\":\"https:\/\/novaorg.cofb.net\/2022\/12\/15\/nova-edicio-del-taller-de-dispositius-dinhalacio-al-cofb\/#primaryimage\",\"url\":\"https:\/\/www.cofb.org\/wp-content\/uploads\/2023\/07\/COFB_TALLER-INHALADORS_30112022_6-1024x553-1.jpg\",\"contentUrl\":\"https:\/\/www.cofb.org\/wp-content\/uploads\/2023\/07\/COFB_TALLER-INHALADORS_30112022_6-1024x553-1.jpg\",\"width\":1024,\"height\":553},{\"@type\":\"BreadcrumbList\",\"@id\":\"https:\/\/novaorg.cofb.net\/2022\/12\/15\/nova-edicio-del-taller-de-dispositius-dinhalacio-al-cofb\/#breadcrumb\",\"itemListElement\":[{\"@type\":\"ListItem\",\"position\":1,\"name\":\"Inici\",\"item\":\"https:\/\/novaorg.cofb.net\/\"},{\"@type\":\"ListItem\",\"position\":2,\"name\":\"Nova edici\u00f3 del taller de dispositius d&#8217;inhalaci\u00f3 al COFB\"}]},{\"@type\":\"WebSite\",\"@id\":\"https:\/\/www.cofb.org\/#website\",\"url\":\"https:\/\/www.cofb.org\/\",\"name\":\"Col\u00b7legi de Farmac\u00e8utics de Barcelona\",\"description\":\"\",\"publisher\":{\"@id\":\"https:\/\/www.cofb.org\/#organization\"},\"potentialAction\":[{\"@type\":\"SearchAction\",\"target\":{\"@type\":\"EntryPoint\",\"urlTemplate\":\"https:\/\/www.cofb.org\/?s={search_term_string}\"},\"query-input\":\"required name=search_term_string\"}],\"inLanguage\":\"es\"},{\"@type\":\"Organization\",\"@id\":\"https:\/\/www.cofb.org\/#organization\",\"name\":\"Col\u00b7legi de Farmac\u00e8utics de Barcelona\",\"url\":\"https:\/\/www.cofb.org\/\",\"logo\":{\"@type\":\"ImageObject\",\"inLanguage\":\"es\",\"@id\":\"https:\/\/www.cofb.org\/#\/schema\/logo\/image\/\",\"url\":\"https:\/\/www.cofb.org\/wp-content\/uploads\/2023\/11\/cropped-Logotip-COFB.png\",\"contentUrl\":\"https:\/\/www.cofb.org\/wp-content\/uploads\/2023\/11\/cropped-Logotip-COFB.png\",\"width\":500,\"height\":105,\"caption\":\"Col\u00b7legi de Farmac\u00e8utics de Barcelona\"},\"image\":{\"@id\":\"https:\/\/www.cofb.org\/#\/schema\/logo\/image\/\"},\"sameAs\":[\"https:\/\/www.facebook.com\/farmaceuticsbcn\/\",\"https:\/\/twitter.com\/farmaceuticsbcn\",\"https:\/\/www.instagram.com\/farmaceuticsbcn\/\",\"https:\/\/www.linkedin.com\/company\/farmaceuticsbcn\/\"]},{\"@type\":\"Person\",\"@id\":\"https:\/\/www.cofb.org\/#\/schema\/person\/22ed7eea88da74b0fa4d3154ad87ffcb\",\"name\":\"wpAdminCofbOrg\",\"image\":{\"@type\":\"ImageObject\",\"inLanguage\":\"es\",\"@id\":\"https:\/\/www.cofb.org\/#\/schema\/person\/image\/\",\"url\":\"https:\/\/secure.gravatar.com\/avatar\/1721b20b3b8ca882c3b56ec6c978c594fff670e40c0718e9190eaeeb76aae7d8?s=96&d=mm&r=g\",\"contentUrl\":\"https:\/\/secure.gravatar.com\/avatar\/1721b20b3b8ca882c3b56ec6c978c594fff670e40c0718e9190eaeeb76aae7d8?s=96&d=mm&r=g\",\"caption\":\"wpAdminCofbOrg\"},\"sameAs\":[\"http:\/\/192.168.64.122\/wordpress\"],\"url\":\"https:\/\/www.cofb.org\/es\/author\/wpadmincofborg\/\"}]}<\/script>\n<!-- \/ Yoast SEO plugin. -->","yoast_head_json":{"title":"Nova edici\u00f3 del taller de dispositius d'inhalaci\u00f3 al COFB - Col\u00b7legi de Farmac\u00e8utics de Barcelona","description":"El COFB va organitzar un taller presencial sobre els dispositius d\u2019inhalaci\u00f3, amb el patrocini de Chiesi.","robots":{"index":"index","follow":"follow","max-snippet":"max-snippet:-1","max-image-preview":"max-image-preview:large","max-video-preview":"max-video-preview:-1"},"canonical":"https:\/\/novaorg.cofb.net\/2022\/12\/15\/nova-edicio-del-taller-de-dispositius-dinhalacio-al-cofb\/","og_locale":"es_ES","og_type":"article","og_title":"Nova edici\u00f3 del taller de dispositius d'inhalaci\u00f3 al COFB - Col\u00b7legi de Farmac\u00e8utics de Barcelona","og_description":"El COFB va organitzar un taller presencial sobre els dispositius d\u2019inhalaci\u00f3, amb el patrocini de Chiesi.","og_url":"https:\/\/novaorg.cofb.net\/2022\/12\/15\/nova-edicio-del-taller-de-dispositius-dinhalacio-al-cofb\/","og_site_name":"Col\u00b7legi de Farmac\u00e8utics de Barcelona","article_publisher":"https:\/\/www.facebook.com\/farmaceuticsbcn\/","article_published_time":"2022-12-15T15:12:00+00:00","article_modified_time":"2023-10-09T13:03:39+00:00","og_image":[{"width":1024,"height":553,"url":"https:\/\/novaorg.cofb.net\/wp-content\/uploads\/2023\/07\/COFB_TALLER-INHALADORS_30112022_6-1024x553-1.jpg","type":"image\/jpeg"}],"author":"wpAdminCofbOrg","twitter_card":"summary_large_image","twitter_creator":"@farmaceuticsbcn","twitter_site":"@farmaceuticsbcn","twitter_misc":{"Escrito por":"wpAdminCofbOrg","Tiempo de lectura":"5 minutos"},"schema":{"@context":"https:\/\/schema.org","@graph":[{"@type":"Article","@id":"https:\/\/novaorg.cofb.net\/2022\/12\/15\/nova-edicio-del-taller-de-dispositius-dinhalacio-al-cofb\/#article","isPartOf":{"@id":"https:\/\/novaorg.cofb.net\/2022\/12\/15\/nova-edicio-del-taller-de-dispositius-dinhalacio-al-cofb\/"},"author":{"name":"wpAdminCofbOrg","@id":"https:\/\/www.cofb.org\/#\/schema\/person\/22ed7eea88da74b0fa4d3154ad87ffcb"},"headline":"Nova edici\u00f3 del taller de dispositius d&#8217;inhalaci\u00f3 al COFB","datePublished":"2022-12-15T15:12:00+00:00","dateModified":"2023-10-09T13:03:39+00:00","mainEntityOfPage":{"@id":"https:\/\/novaorg.cofb.net\/2022\/12\/15\/nova-edicio-del-taller-de-dispositius-dinhalacio-al-cofb\/"},"wordCount":778,"commentCount":0,"publisher":{"@id":"https:\/\/www.cofb.org\/#organization"},"image":{"@id":"https:\/\/novaorg.cofb.net\/2022\/12\/15\/nova-edicio-del-taller-de-dispositius-dinhalacio-al-cofb\/#primaryimage"},"thumbnailUrl":"https:\/\/www.cofb.org\/wp-content\/uploads\/2023\/07\/COFB_TALLER-INHALADORS_30112022_6-1024x553-1.jpg","keywords":["asma","Atenci\u00f3 farmac\u00e8utica","c\u00e0meres d&#039;inhalaci\u00f3","COFB","Col\u00b7legi de Farmac\u00e8utics de Barcelona","Congr\u00e9s Nacional Atenci\u00f3 Farmac\u00e8utica","dispositius d'inhalaci\u00f3","farmac\u00e8utics","Farm\u00e0cia","farm\u00e0cia comunit\u00e0ria","Formaci\u00f3","inhaladors","inhaladors pols seca","inhaladors pressuritzats","MPOC","Oficina de farm\u00e0cia","taller"],"articleSection":["Destacats","M\u00f3n col\u00b7legial"],"inLanguage":"es","potentialAction":[{"@type":"CommentAction","name":"Comment","target":["https:\/\/novaorg.cofb.net\/2022\/12\/15\/nova-edicio-del-taller-de-dispositius-dinhalacio-al-cofb\/#respond"]}]},{"@type":"WebPage","@id":"https:\/\/novaorg.cofb.net\/2022\/12\/15\/nova-edicio-del-taller-de-dispositius-dinhalacio-al-cofb\/","url":"https:\/\/novaorg.cofb.net\/2022\/12\/15\/nova-edicio-del-taller-de-dispositius-dinhalacio-al-cofb\/","name":"Nova edici\u00f3 del taller de dispositius d'inhalaci\u00f3 al COFB - Col\u00b7legi de Farmac\u00e8utics de Barcelona","isPartOf":{"@id":"https:\/\/www.cofb.org\/#website"},"primaryImageOfPage":{"@id":"https:\/\/novaorg.cofb.net\/2022\/12\/15\/nova-edicio-del-taller-de-dispositius-dinhalacio-al-cofb\/#primaryimage"},"image":{"@id":"https:\/\/novaorg.cofb.net\/2022\/12\/15\/nova-edicio-del-taller-de-dispositius-dinhalacio-al-cofb\/#primaryimage"},"thumbnailUrl":"https:\/\/www.cofb.org\/wp-content\/uploads\/2023\/07\/COFB_TALLER-INHALADORS_30112022_6-1024x553-1.jpg","datePublished":"2022-12-15T15:12:00+00:00","dateModified":"2023-10-09T13:03:39+00:00","description":"El COFB va organitzar un taller presencial sobre els dispositius d\u2019inhalaci\u00f3, amb el patrocini de Chiesi.","breadcrumb":{"@id":"https:\/\/novaorg.cofb.net\/2022\/12\/15\/nova-edicio-del-taller-de-dispositius-dinhalacio-al-cofb\/#breadcrumb"},"inLanguage":"es","potentialAction":[{"@type":"ReadAction","target":["https:\/\/novaorg.cofb.net\/2022\/12\/15\/nova-edicio-del-taller-de-dispositius-dinhalacio-al-cofb\/"]}]},{"@type":"ImageObject","inLanguage":"es","@id":"https:\/\/novaorg.cofb.net\/2022\/12\/15\/nova-edicio-del-taller-de-dispositius-dinhalacio-al-cofb\/#primaryimage","url":"https:\/\/www.cofb.org\/wp-content\/uploads\/2023\/07\/COFB_TALLER-INHALADORS_30112022_6-1024x553-1.jpg","contentUrl":"https:\/\/www.cofb.org\/wp-content\/uploads\/2023\/07\/COFB_TALLER-INHALADORS_30112022_6-1024x553-1.jpg","width":1024,"height":553},{"@type":"BreadcrumbList","@id":"https:\/\/novaorg.cofb.net\/2022\/12\/15\/nova-edicio-del-taller-de-dispositius-dinhalacio-al-cofb\/#breadcrumb","itemListElement":[{"@type":"ListItem","position":1,"name":"Inici","item":"https:\/\/novaorg.cofb.net\/"},{"@type":"ListItem","position":2,"name":"Nova edici\u00f3 del taller de dispositius d&#8217;inhalaci\u00f3 al COFB"}]},{"@type":"WebSite","@id":"https:\/\/www.cofb.org\/#website","url":"https:\/\/www.cofb.org\/","name":"Col\u00b7legi de Farmac\u00e8utics de Barcelona","description":"","publisher":{"@id":"https:\/\/www.cofb.org\/#organization"},"potentialAction":[{"@type":"SearchAction","target":{"@type":"EntryPoint","urlTemplate":"https:\/\/www.cofb.org\/?s={search_term_string}"},"query-input":"required name=search_term_string"}],"inLanguage":"es"},{"@type":"Organization","@id":"https:\/\/www.cofb.org\/#organization","name":"Col\u00b7legi de Farmac\u00e8utics de Barcelona","url":"https:\/\/www.cofb.org\/","logo":{"@type":"ImageObject","inLanguage":"es","@id":"https:\/\/www.cofb.org\/#\/schema\/logo\/image\/","url":"https:\/\/www.cofb.org\/wp-content\/uploads\/2023\/11\/cropped-Logotip-COFB.png","contentUrl":"https:\/\/www.cofb.org\/wp-content\/uploads\/2023\/11\/cropped-Logotip-COFB.png","width":500,"height":105,"caption":"Col\u00b7legi de Farmac\u00e8utics de Barcelona"},"image":{"@id":"https:\/\/www.cofb.org\/#\/schema\/logo\/image\/"},"sameAs":["https:\/\/www.facebook.com\/farmaceuticsbcn\/","https:\/\/twitter.com\/farmaceuticsbcn","https:\/\/www.instagram.com\/farmaceuticsbcn\/","https:\/\/www.linkedin.com\/company\/farmaceuticsbcn\/"]},{"@type":"Person","@id":"https:\/\/www.cofb.org\/#\/schema\/person\/22ed7eea88da74b0fa4d3154ad87ffcb","name":"wpAdminCofbOrg","image":{"@type":"ImageObject","inLanguage":"es","@id":"https:\/\/www.cofb.org\/#\/schema\/person\/image\/","url":"https:\/\/secure.gravatar.com\/avatar\/1721b20b3b8ca882c3b56ec6c978c594fff670e40c0718e9190eaeeb76aae7d8?s=96&d=mm&r=g","contentUrl":"https:\/\/secure.gravatar.com\/avatar\/1721b20b3b8ca882c3b56ec6c978c594fff670e40c0718e9190eaeeb76aae7d8?s=96&d=mm&r=g","caption":"wpAdminCofbOrg"},"sameAs":["http:\/\/192.168.64.122\/wordpress"],"url":"https:\/\/www.cofb.org\/es\/author\/wpadmincofborg\/"}]}},"uagb_featured_image_src":{"full":["https:\/\/www.cofb.org\/wp-content\/uploads\/2023\/07\/COFB_TALLER-INHALADORS_30112022_6-1024x553-1.jpg",1024,553,false],"thumbnail":["https:\/\/www.cofb.org\/wp-content\/uploads\/2023\/07\/COFB_TALLER-INHALADORS_30112022_6-1024x553-1-150x150.jpg",150,150,true],"medium":["https:\/\/www.cofb.org\/wp-content\/uploads\/2023\/07\/COFB_TALLER-INHALADORS_30112022_6-1024x553-1-300x162.jpg",300,162,true],"medium_large":["https:\/\/www.cofb.org\/wp-content\/uploads\/2023\/07\/COFB_TALLER-INHALADORS_30112022_6-1024x553-1-768x415.jpg",768,415,true],"large":["https:\/\/www.cofb.org\/wp-content\/uploads\/2023\/07\/COFB_TALLER-INHALADORS_30112022_6-1024x553-1.jpg",1024,553,false],"1536x1536":["https:\/\/www.cofb.org\/wp-content\/uploads\/2023\/07\/COFB_TALLER-INHALADORS_30112022_6-1024x553-1.jpg",1024,553,false],"2048x2048":["https:\/\/www.cofb.org\/wp-content\/uploads\/2023\/07\/COFB_TALLER-INHALADORS_30112022_6-1024x553-1.jpg",1024,553,false],"trp-custom-language-flag":["https:\/\/www.cofb.org\/wp-content\/uploads\/2023\/07\/COFB_TALLER-INHALADORS_30112022_6-1024x553-1.jpg",18,10,false]},"uagb_author_info":{"display_name":"wpAdminCofbOrg","author_link":"https:\/\/www.cofb.org\/es\/author\/wpadmincofborg\/"},"uagb_comment_info":0,"uagb_excerpt":"El passat 30 de novembre, el Col\u00b7legi de Farmac\u00e8utics de Barcelona (COFB) va organitzar un taller presencial sobre dispositius d\u2019inhalaci\u00f3, amb el patrocini de Chiesi. El taller el va impartir la farmac\u00e8utica comunit\u00e0ria experta en atenci\u00f3 farmac\u00e8utica i farm\u00e0cia assistencial i fundadora de Farmaval, Cristina Lucas Fern\u00e1ndez. Els objectius principals [&hellip;]","_links":{"self":[{"href":"https:\/\/www.cofb.org\/es\/wp-json\/wp\/v2\/posts\/65120","targetHints":{"allow":["GET"]}}],"collection":[{"href":"https:\/\/www.cofb.org\/es\/wp-json\/wp\/v2\/posts"}],"about":[{"href":"https:\/\/www.cofb.org\/es\/wp-json\/wp\/v2\/types\/post"}],"author":[{"embeddable":true,"href":"https:\/\/www.cofb.org\/es\/wp-json\/wp\/v2\/users\/1"}],"replies":[{"embeddable":true,"href":"https:\/\/www.cofb.org\/es\/wp-json\/wp\/v2\/comments?post=65120"}],"version-history":[{"count":4,"href":"https:\/\/www.cofb.org\/es\/wp-json\/wp\/v2\/posts\/65120\/revisions"}],"predecessor-version":[{"id":68982,"href":"https:\/\/www.cofb.org\/es\/wp-json\/wp\/v2\/posts\/65120\/revisions\/68982"}],"wp:featuredmedia":[{"embeddable":true,"href":"https:\/\/www.cofb.org\/es\/wp-json\/wp\/v2\/media\/67810"}],"wp:attachment":[{"href":"https:\/\/www.cofb.org\/es\/wp-json\/wp\/v2\/media?parent=65120"}],"wp:term":[{"taxonomy":"category","embeddable":true,"href":"https:\/\/www.cofb.org\/es\/wp-json\/wp\/v2\/categories?post=65120"},{"taxonomy":"post_tag","embeddable":true,"href":"https:\/\/www.cofb.org\/es\/wp-json\/wp\/v2\/tags?post=65120"}],"curies":[{"name":"wp","href":"https:\/\/api.w.org\/{rel}","templated":true}]}}