{"id":64974,"date":"2022-11-30T12:36:39","date_gmt":"2022-11-30T10:36:39","guid":{"rendered":"https:\/\/blog.cofb.cat\/?p=64974"},"modified":"2024-07-04T15:53:38","modified_gmt":"2024-07-04T15:53:38","slug":"setembre-i-octubre-la-presentacio-de-la-meva-cartera-la-targeta-cuidadora-i-el-dia-mundial-del-farmaceutic-temes-mes-destacats-als-mitjans","status":"publish","type":"post","link":"https:\/\/www.cofb.org\/es\/2022\/11\/30\/setembre-i-octubre-la-presentacio-de-la-meva-cartera-la-targeta-cuidadora-i-el-dia-mundial-del-farmaceutic-temes-mes-destacats-als-mitjans\/","title":{"rendered":"Septiembre y octubre: La presentaci\u00f3n de \u201cMi cartera\u201d, la tarjeta cuidadora y el D\u00eda Mundial del Farmac\u00e9utico, temas m\u00e1s destacados en los medios"},"content":{"rendered":"<p><\/p>\n\n\n\n<h2 class=\"wp-block-heading\"><strong>Presentaci\u00f3n de \u201cMi cartera\u201d con la Tarjeta Sanitaria Individual<\/strong><\/h2>\n\n\n\n<p>El pasado septiembre, el <strong>Gobierno de la Generalidad<\/strong> present\u00f3 <strong>&quot;Mi cartera&quot;<\/strong>, uno <strong>\u201cwallet\u201d<\/strong> digital por tener todos los t\u00edtulos en un \u00fanico espacio, a trav\u00e9s de los dispositivos m\u00f3viles. \u201cMi cartera\u201d se estren\u00f3 con la <strong>tarjeta sanitaria individual (TSI)<\/strong>, que ya se puede utilizar en las <strong>farmacias de Catalu\u00f1a<\/strong>. El presidente del <strong>Col\u00b7legi de Farmac\u00e8utics de Barcelona (COFB)<\/strong>, <strong>Jordi Casas<\/strong>, particip\u00f3 en la <strong>rueda de prensa de presentaci\u00f3n<\/strong> de esta iniciativa, que tuvo repercusi\u00f3n en <a href=\"https:\/\/www.europapress.es\/catalunya\/noticia-govern-lanza-wallet-digital-tener-tarjetas-identificativas-movil-20220922132511.html\" target=\"_blank\" rel=\"noreferrer noopener\">Europa Press<\/a>, en el <a href=\"https:\/\/www.ccma.cat\/tv3\/alacarta\/telenoticies\/telenoticies-migdia-22092022\/video\/6176932\/\" target=\"_blank\" rel=\"noreferrer noopener\">Telenoticias Mediod\u00eda de TV3<\/a> y en la web del <a href=\"https:\/\/www.ccma.cat\/324\/ja-pots-tenir-la-targeta-sanitaria-al-mobil-una-nova-cartera-digital-permetra-incorporar-lhi\/noticia\/3185827\/\" target=\"_blank\" rel=\"noreferrer noopener\">3\/24<\/a>. Tambi\u00e9n lo public\u00f3 La Vanguardia, en su versi\u00f3n en papel; el diario <a href=\"https:\/\/www.elpuntavui.cat\/societat\/article\/5-societat\/2195845-el-govern-crea-un-moneder-digital-per-portar-targetes-al-mobil.html\" target=\"_blank\" rel=\"noreferrer noopener\">El Punt Avui<\/a>, tanto en la versi\u00f3n online como en papel; <a href=\"https:\/\/www.redaccionmedica.com\/autonomias\/cataluna\/asi-es-la-pionera-tarjeta-sanitaria-con-sistema-de-wallet-digital-6036\" target=\"_blank\" rel=\"noreferrer noopener\">Redacci\u00f3n M\u00e9dica<\/a>, <a href=\"http:\/\/www.gentedigital.es\/catalunya\/noticia\/3467554\/el-govern-lanza-un-wallet-digital-para-tener-tarjetas-identificativas-en-el-movil\/\" target=\"_blank\" rel=\"noreferrer noopener\">Gente Digital<\/a> y el diario <a href=\"https:\/\/www.segre.com\/noticies\/guia\/2022\/09\/22\/tot_mobil_neix_wallet_digital_catalunya_per_portar_les_targetes_telefon_184507_1111.html\" target=\"_blank\" rel=\"noreferrer noopener\">Segre<\/a>, que hizo eco tanto en la edici\u00f3n online como en la edici\u00f3n en papel.<\/p>\n\n\n\n<figure class=\"wp-block-image size-large\"><a href=\"https:\/\/blog.cofb.cat\/wp-content\/uploads\/2022\/11\/COFB_RECULL-MITJANS-SETEMBRE-I-OCTUBRE_29112022_1.jpg\" target=\"_blank\" rel=\"noopener\"><img decoding=\"async\" src=\"https:\/\/blog.cofb.cat\/wp-content\/uploads\/2022\/11\/COFB_RECULL-MITJANS-SETEMBRE-I-OCTUBRE_29112022_1-1024x576.jpg\" alt=\"\" class=\"wp-image-65111\"\/><\/a><\/figure>\n\n\n\n<h2 class=\"wp-block-heading\"><strong>Colaboraci\u00f3n de las farmacias en la Tarjeta Cuidadora<\/strong><\/h2>\n\n\n\n<p><strong>El<strong>Ayuntamiento de Barcelona <\/strong><\/strong>ha creado la <strong><strong>Tarjeta Cuidadora<\/strong><\/strong>, disponible desde el 19 de septiembre, para ofrecer <strong>servicios y recursos gratuitos y personalizados<\/strong> a los <strong>cuidadores y cuidadoras<\/strong> que est\u00e1n a cargo de personas enfermas, dependientes, con discapacidad o mayores.<\/p>\n\n\n\n<p>Una iniciativa impulsada con la <strong>colaboraci\u00f3n del Col\u00b7legi de Farmac\u00e8utics de Barcelona (COFB)<\/strong>, ya que los <strong>farmac\u00e9uticos comunitarios<\/strong>, entre otras iniciativas, ofrecer\u00e1n desde los <strong>espacios Villas Vecinas<\/strong> sesiones sobre el <strong>buen uso de los medicamentos<\/strong>, sobre <strong>qu\u00e9 es necesario saber sobre el dolor<\/strong> y sobre <strong>qu\u00e9 es necesario saber del insomnio<\/strong>. <\/p>\n\n\n\n<p>En la rueda de prensa de <strong>presentaci\u00f3n<\/strong>, particip\u00f3 el tesorero del COFB, <strong>Miquel Recasens<\/strong>, y se hizo eco <a href=\"https:\/\/beteve.cat\/societat\/barcelona-crea-targeta-serveis-persones-cuidadores\/\" target=\"_blank\" rel=\"noreferrer noopener\">Betev\u00e9<\/a>, <a href=\"https:\/\/www.lavanguardia.com\/local\/barcelona\/20220908\/8510984\/barcelona-lanza-tarjeta-servicios-gratuitos-personas-cuidadoras.html\" target=\"_blank\" rel=\"noreferrer noopener\">La Vanguardia<\/a>, en la versi\u00f3n online y en papel y <a href=\"https:\/\/www.elperiodico.com\/es\/barcelona\/20220908\/barcelona-crea-targeta-cuidadora-ayudar-75185234\" target=\"_blank\" rel=\"noreferrer noopener\">El Peri\u00f3dico<\/a>. Aparte, tambi\u00e9n lo public\u00f3 la <a href=\"https:\/\/www.cope.es\/emisoras\/cataluna\/barcelona-provincia\/barcelona\/noticias\/barcelona-impulsa-una-tarjeta-para-ofrecer-recursos-gratuitos-personas-cuidadoras-20220908_2278796\" target=\"_blank\" rel=\"noreferrer noopener\">Cope<\/a>, Europa Press, <a href=\"https:\/\/www.20minutos.es\/noticia\/5053177\/0\/barcelona-ofrecera-voluntarios-para-que-las-personas-cuidadoras-puedan-tomarse-un-respiro\/\" target=\"_blank\" rel=\"noreferrer noopener\">20minutos<\/a> y <a href=\"https:\/\/www.eldiario.es\/catalunya\/barcelona-ofrecera-descuentos-servicios-apoyo-emocional-gratuitos-355-000-personas-cuidadoras_1_9299193.html\" target=\"_blank\" rel=\"noreferrer noopener\">elDiario.es<\/a>.<\/p>\n\n\n\n<figure class=\"wp-block-image size-full\"><a href=\"https:\/\/blog.cofb.cat\/wp-content\/uploads\/2022\/11\/COFB_RECULL-MITJANS-SETEMBRE-I-OCTUBRE_29112022_2.jpg\" target=\"_blank\" rel=\"noopener\"><img decoding=\"async\" src=\"https:\/\/blog.cofb.cat\/wp-content\/uploads\/2022\/11\/COFB_RECULL-MITJANS-SETEMBRE-I-OCTUBRE_29112022_2.jpg\" alt=\"\" class=\"wp-image-65100\"\/><\/a><\/figure>\n\n\n\n<h2 class=\"wp-block-heading\"><strong>D\u00eda Mundial del Farmac\u00e9utico<\/strong><\/h2>\n\n\n\n<p>Con motivo del <strong>D\u00eda Mundial del Farmac\u00e9utico<\/strong>, el <strong>25 de septiembre<\/strong>, y bajo el lema <strong>&quot;La Farmacia, unida por un mundo m\u00e1s saludable&quot;<\/strong>, el <strong>Col\u00b7legi de Farmac\u00e8utics de Barcelona (COFB) <\/strong>se adhiri\u00f3 en la conmemoraci\u00f3n de ese d\u00eda para poner en valor la labor de los profesionales, de todos los \u00e1mbitos de la profesi\u00f3n, que trabajan diariamente por la <strong>promoci\u00f3n de la salud<\/strong> y la <strong>prevenci\u00f3n de la dolencia<\/strong>. La nota de prensa que envi\u00f3 COFB, lo destacaron los medios especializados <a href=\"https:\/\/www.imfarmacias.es\/noticia\/29971\/promocion-de-la-salud-y-prevencion-de-la-enfermedad-valores-que-des.html\" target=\"_blank\" rel=\"noreferrer noopener\">IM Farmacias<\/a>, <a href=\"https:\/\/diariofarma.com\/2022\/09\/23\/unidos-por-un-mundo-mas-saludable\" target=\"_blank\" rel=\"noreferrer noopener\">DiarioFarma<\/a> y <a href=\"https:\/\/www.phmk.es\/farmacia\/asi-han-celebrado-los-farmaceuticos-su-dia-mundial-en-2022#:~:text=Los%2078.128%20farmac%C3%A9uticos%20colegiados%20han,por%20un%20mundo%20m%C3%A1s%20saludable%E2%80%9D.\" target=\"_blank\" rel=\"noreferrer noopener\">Pharma Market<\/a>.<\/p>\n\n\n\n<h2 class=\"wp-block-heading\"><strong>Inauguraci\u00f3n del Programa de Formaci\u00f3n Continua del COFB<\/strong><\/h2>\n\n\n\n<p>El 13 de octubre, la secretaria de Salud P\u00fablica del Departamento de Salud de la Generalitat de Catalunya, <strong>Carmen Cabezas<\/strong>, inaugur\u00f3 el nuevo <strong>Programa de Formaci\u00f3n Continua 2022-2023 del Col\u00b7legi de Farmac\u00e8utics de Barcelona (COFB)<\/strong>. Durante el acto de presentaci\u00f3n del programa, moderado por <strong>presidente del COFB<\/strong>, <strong>Jordi Casas<\/strong>, Cabezas repas\u00f3 las diferentes <strong>prioridades<\/strong> en el<strong>estrategia de Salud P\u00fablica de Catalu\u00f1a<\/strong>, en el marco de la conferencia \u201cEstrategias de Salud P\u00fablica 2022-2023: \u00bfqu\u00e9 nos espera?\u201d. Y la secretaria y responsable de la Comisi\u00f3n Delegada de Formaci\u00f3n Continuada del COFB, <strong>Aina Surroca<\/strong>, ofreci\u00f3 detalles del nuevo programa de formaci\u00f3n<strong>. <\/strong>Diferentes medios especializados se hicieron eco de la nota de prensa enviada por el COFB del acto de presentaci\u00f3n, en cuyo caso lo comunicaron <a href=\"https:\/\/www.imfarmacias.es\/noticia\/30208\/la-secretaria-de-salud-publica-del-departament-de-salut-inaugura-el-n.html\" target=\"_blank\" rel=\"noreferrer noopener\">IM Farmacias<\/a>, <a href=\"https:\/\/www.farmaventas.es\/noticias-del-sector\/13350-la-secretaria-de-salud-publica-del-departament-de-salut-carmen-cabezas-inaugura-el-nuevo-programa-formativo-del-cof-de-barcelona.html\" target=\"_blank\" rel=\"noreferrer noopener\">Farmaventas<\/a> y <a href=\"https:\/\/www.pmfarma.es\/noticias\/35149-la-secretaria-de-salud-pyblica-del-departament-de-salut-carmen-cabezas-inaugura-el-nuevo-programa-formativo-del-cof-de-barcelona.html\" target=\"_blank\" rel=\"noreferrer noopener\">PMFarma<\/a>.<\/p>\n\n\n\n<figure class=\"wp-block-image size-full\"><a href=\"https:\/\/blog.cofb.cat\/wp-content\/uploads\/2022\/11\/COFB_RECULL-MITJANS-SETEMBRE-I-OCTUBRE_29112022_3.jpg\" target=\"_blank\" rel=\"noopener\"><img decoding=\"async\" src=\"https:\/\/blog.cofb.cat\/wp-content\/uploads\/2022\/11\/COFB_RECULL-MITJANS-SETEMBRE-I-OCTUBRE_29112022_3.jpg\" alt=\"\" class=\"wp-image-65101\"\/><\/a><\/figure>\n\n\n\n<h2 class=\"wp-block-heading\"><strong>Macetas combinadas de COVID y Grip<\/strong><\/h2>\n\n\n\n<p>Con la llegada del oto\u00f1o, las <strong>farmacias<\/strong> adquirieron <strong>test combinados de COVID y gripe <\/strong>previendo una mayor incidencia de estas enfermedades. Unos tests que permiten diagnosticar, con una <strong>sola muestra<\/strong>, de qu\u00e9 virus est\u00e1 contagiado el usuario. <a href=\"https:\/\/beteve.cat\/societat\/test-combinat-covid-grip-venda-farmacies\/\" target=\"_blank\" rel=\"noreferrer noopener\">Betev\u00e9<\/a> hizo eco desde la <strong>Farmacia Marta Gento<\/strong>, con el testimonio de la farmac\u00e9utica de Barcelona, <strong>Lydia Vall\u00e9s<\/strong>. Al respecto, el programa \u201cEl Caf\u00e9 de la Radio\u201d de <a href=\"https:\/\/radiosabadell.fm\/alacarta\/audio\/marta-navarro-directora-dinfeccioses-del-tauli-la-covid-es-molt-residual-nomes-tenim\" target=\"_blank\" rel=\"noreferrer noopener\">Radio Sabadell<\/a> entrevist\u00f3 a la <strong>Meritxell Blanchart<\/strong>, coordinadora de las farmacias del Vall\u00e8s Occidental Este del COFB, para saber si cu\u00e1l <strong>demanda<\/strong> hab\u00eda tests. <a href=\"https:\/\/www.lasexta.com\/noticias\/nacional\/llegan-test-diagnosticar-covid-gripe-mismo-tiempo-cuestan-294-euros-hace-falta-receta_2022102263541821b3700000011d12d6.html\" target=\"_blank\" rel=\"noreferrer noopener\">La Sexta<\/a> tambi\u00e9n hizo eco y complement\u00f3 la pieza informativa con declaraciones de la farmac\u00e9utica y coordinadora de las farmacias del Barcelon\u00e8s Nord, <strong>Ariadna Condon<\/strong>. Asimismo, el programa \u201cLa Linterna\u201d de <a href=\"https:\/\/www.cope.es\/emisoras\/cataluna\/barcelona-provincia\/barcelona\/la-linterna-cope-catalunya-i-andorra\/noticias\/linterna-cope-catalunya-andorra-octubre-2022-20221026_2365168\" target=\"_blank\" rel=\"noreferrer noopener\">COPE Catalu\u00f1a<\/a> (a partir del minuto 20:42), entrevist\u00f3 al vocal de An\u00e1lisis del COFB, <strong>Xavier Tejedor<\/strong>.<\/p>\n\n\n\n<p>M\u00e1s all\u00e1 de los test de ant\u00edgenos, este octubre <a href=\"https:\/\/www.lavanguardia.com\/encatala\/20221006\/8556654\/inercia-covid-augura-onada-nous-tests-salut-per-fer-casa.html\" target=\"_blank\" rel=\"noreferrer noopener\">La Vanguardia<\/a> digital y en su versi\u00f3n en papel public\u00f3 una noticia que hac\u00eda referencia al h\u00e1bito que ha adquirido la sociedad al hacerse <strong>pruebas de autodiagn\u00f3stico<\/strong>, que recogi\u00f3 declaraciones del vocal de An\u00e1lisis del COFB, Xavier Tejedor. Y en relaci\u00f3n con los tests y los an\u00e1lisis, <a href=\"https:\/\/cuidateplus.marca.com\/bienestar\/2022\/10\/09\/analisis-heces-necesario-180077.html\" target=\"_blank\" rel=\"noreferrer noopener\">Cu\u00eddate Plus<\/a> realiz\u00f3 una noticia para aclarar cu\u00e1ndo es necesario hacer <strong>an\u00e1lisis de heces<\/strong>, tambi\u00e9n con la participaci\u00f3n de <strong>Tejedor<\/strong>.<\/p>\n\n\n\n<figure class=\"wp-block-image size-full\"><a href=\"https:\/\/blog.cofb.cat\/wp-content\/uploads\/2022\/11\/COFB_RECULL-MITJANS-SETEMBRE-I-OCTUBRE_29112022_4-1.jpg\" target=\"_blank\" rel=\"noopener\"><img decoding=\"async\" src=\"https:\/\/blog.cofb.cat\/wp-content\/uploads\/2022\/11\/COFB_RECULL-MITJANS-SETEMBRE-I-OCTUBRE_29112022_4-1.jpg\" alt=\"\" class=\"wp-image-65104\"\/><\/a><\/figure>\n\n\n\n<h2 class=\"wp-block-heading\"><strong>El COFB como<\/strong>&nbsp;<strong>fuente de informaci\u00f3n<\/strong><\/h2>\n\n\n\n<h3 class=\"wp-block-heading\"><strong><strong>Consejo farmac\u00e9utico ante el uso de distintos medicamentos<\/strong><\/strong><\/h3>\n\n\n\n<p>A finales de septiembre, El Taqu\u00edgrafo public\u00f3 un <a href=\"https:\/\/www.eltaquigrafo.com\/articulo\/investigacion\/la-moda-del-cloretilo-vuelve-a-protagonizar-graves-incidentes-entre-los-mas-jovenes\/20220922092112020190.html\" target=\"_blank\" rel=\"noreferrer noopener\">reportaje sobre la inhalaci\u00f3n del \u201cCloretilo\u201d<\/a> utilizada como droga entre los j\u00f3venes, con el consejo farmac\u00e9utico proporcionado por el Centro de Informaci\u00f3n del Medicamento (CIM). Por otra parte, a principios de octubre, la Agencia Europea del Medicamento lanz\u00f3 una alerta sobre los riesgos para la salud que puede provocar el consumo prolongado de f\u00e1rmacos que contienen ibuprofeno y code\u00edna, y se hicieron varios medios. eco. La responsable del CIM, Lorena Rivera, fue <a href=\"https:\/\/www.rtve.es\/play\/audios\/de-boca-a-orella\/manifestacions-dones-iran-aconseguir-canvi-real\/6706583\/\" target=\"_blank\" rel=\"noreferrer noopener\">entrevistada sobre el tema por el programa &quot;De boca a oreja&quot;<\/a>, de Radio 4 (minuto \u2013 27:22) y por <a href=\"https:\/\/www.cope.es\/emisoras\/cataluna\/barcelona-provincia\/barcelona\/la-linterna-cope-catalunya-i-andorra\/noticias\/lagencia-europea-medicaments-alerta-consumir-farmacs-que-combinen-ibuprofen-codeina-pot-ser-letal-20221005_2327336\" target=\"_blank\" rel=\"noreferrer noopener\">&quot;La Linterna&quot; de COPE Catalu\u00f1a y Andorra<\/a>. <a href=\"https:\/\/www.rtve.es\/play\/videos\/linformatiu\/04102022\/6706563\/\" target=\"_blank\" rel=\"noreferrer noopener\">El informativo del 4 de octubre de TVE Catalunya <\/a>tambi\u00e9n trat\u00f3 el tema con informaci\u00f3n proporcionada por el CIM (a partir del minuto -12:02).<\/p>\n\n\n\n<p>Cu\u00eddate Plus public\u00f3 un <a href=\"https:\/\/cuidateplus.marca.com\/medicamentos\/2022\/10\/22\/ibuprofeno-sirve-efectos-secundarios-180098.html\" target=\"_blank\" rel=\"noreferrer noopener\">art\u00edculo sobre el ibuprofeno<\/a> (que es porque sirve y efectos secundarios) con declaraciones de Judith Carrera, del Centro de Informaci\u00f3n del Medicamento del COFB. Por \u00faltimo, el programa <a href=\"https:\/\/www.ccma.cat\/tv3\/alacarta\/tot-es-mou\/tot-es-mou-19102022\/video\/6181420\/\" target=\"_blank\" rel=\"noreferrer noopener\">Todo se mueve de TV3 <\/a>entrevist\u00f3 a Lorena Rivera el 19 de octubre sobre el posible efecto de las pastillas de yodo ante la radiaci\u00f3n nuclear (a partir del minuto 1:09:43). El CIM del COFB tambi\u00e9n aport\u00f3 informaci\u00f3n sobre la <strong>sinusitis<\/strong>, en una noticia realizada por <a href=\"https:\/\/www.diariomedico.com\/farmacia\/comunitaria\/autocuidado\/seguir-pautas-de-autocuidado-primer-consejo-farmaceutico-frente-la-sinusitis.html\" target=\"_blank\" rel=\"noreferrer noopener\">Diario Medico<\/a> el pasado octubre, en el que se proporcion\u00f3 informaci\u00f3n sobre si la sinusitis es un virus o bacteria; algunas pautas de autocuidado; c\u00f3mo reconocer esta enfermedad desde la farmacia; y sobre qu\u00e9 tratamientos farmacol\u00f3gicos son m\u00e1s adecuados.<\/p>\n\n\n\n<figure class=\"wp-block-image size-full\"><a href=\"https:\/\/blog.cofb.cat\/wp-content\/uploads\/2022\/11\/COFB_RECULL-MITJANS-SETEMBRE-I-OCTUBRE_29112022_5.jpg\" target=\"_blank\" rel=\"noopener\"><img decoding=\"async\" src=\"https:\/\/blog.cofb.cat\/wp-content\/uploads\/2022\/11\/COFB_RECULL-MITJANS-SETEMBRE-I-OCTUBRE_29112022_5.jpg\" alt=\"\" class=\"wp-image-65105\"\/><\/a><\/figure>\n\n\n\n<h3 class=\"wp-block-heading\"><strong>Alimentaci\u00f3n y Nutrici\u00f3n<\/strong><\/h3>\n\n\n\n<p>La vocal de Alimentaci\u00f3n y Nutrici\u00f3n del COFB, <strong>Anna Bach-Faig<\/strong>, fue entrevistada por el medio <a href=\"https:\/\/www.eldebate.com\/salud-y-bienestar\/bienestar\/alimentacion\/20220923\/entrevista-nutricionista_61015.html\" target=\"_blank\" rel=\"noreferrer noopener\">El Debate<\/a>, donde analiz\u00f3 los <strong>h\u00e1bitos alimenticios<\/strong> de la sociedad actual y los diferentes <strong>factores<\/strong> que provocan que se <strong>descuide la dieta<\/strong>. El mismo mes de octubre, <a href=\"https:\/\/www.elplural.com\/sociedad\/obesidad-pobreza-dos-cinco-personas-dieta-saludable_299575102\" target=\"_blank\" rel=\"noreferrer noopener\">El Plural<\/a> publicaba una noticia sobre el<strong>obesidad <\/strong>con relaci\u00f3n a la <strong>pobreza<\/strong>. En este caso, la vocal de Alimentaci\u00f3n y Nutrici\u00f3n de COFB aport\u00f3 algunos datos sobre c\u00f3mo la situaci\u00f3n econ\u00f3mica actual est\u00e1 estrechamente vinculada con la obesidad.&nbsp;<\/p>\n\n\n\n<p>Sobre los <strong>probi\u00f3ticos en torno a la farmacia comunitaria<\/strong>, habl\u00f3 el miembro de la vocal\u00eda de Alimentaci\u00f3n y Nutrici\u00f3n del COFB, <strong>Andreu Prados<\/strong>, en una entrevista en <a href=\"https:\/\/farmacosalud.com\/probioticos-en-el-entorno-de-la-farmacia-comunitaria\/\" target=\"_blank\" rel=\"noreferrer noopener\">Farmacosalud<\/a>. Prados respondi\u00f3 algunas cuestiones sobre por qu\u00e9 son beneficiosos los probi\u00f3ticos, cu\u00e1les son los criterios de selecci\u00f3n entre los distintos tipos o si aparte de ser terap\u00e9uticos, tambi\u00e9n son preventivos, entre otros temas.<\/p>\n\n\n\n<figure class=\"wp-block-image size-full\"><a href=\"https:\/\/blog.cofb.cat\/wp-content\/uploads\/2022\/11\/COFB_RECULL-MITJANS-SETEMBRE-I-OCTUBRE_29112022_6.jpg\" target=\"_blank\" rel=\"noopener\"><img decoding=\"async\" src=\"https:\/\/blog.cofb.cat\/wp-content\/uploads\/2022\/11\/COFB_RECULL-MITJANS-SETEMBRE-I-OCTUBRE_29112022_6.jpg\" alt=\"\" class=\"wp-image-65106\"\/><\/a><\/figure>\n\n\n\n<h3 class=\"wp-block-heading\"><strong>Cannabis medicinal<\/strong><\/h3>\n\n\n\n<p><a href=\"https:\/\/www.diariomedico.com\/farmacia\/industria\/allue-creus-no-es-tan-facil-montar-un-estudio-piloto-de-formulas-magistrales-con-cannabis.html\" target=\"_blank\" rel=\"noreferrer noopener\">Diario M\u00e9dico<\/a> entrevist\u00f3 al vocal de Plantas Medicinales del COFB, <strong>Josep Allu\u00e9<\/strong>, donde habl\u00f3 sobre <strong>el uso medicinal del cannabis<\/strong> y sobre <strong>el estudio piloto de f\u00f3rmulas magistrales<\/strong> en <strong>farmacias<\/strong> con esta sustancia. En el mismo diario, Josep Allu\u00e9 public\u00f3 un <strong><a href=\"https:\/\/www.diariomedico.com\/farmacia\/opinion\/estudio-piloto-y-posibilidades-del-cannabis-medicinal.html\" target=\"_blank\" rel=\"noreferrer noopener\">art\u00edculo de opini\u00f3n<\/a><\/strong> sobre el<strong>uso m\u00e9dico del cannabis<\/strong> <strong><em>&quot;Estudio &#039;piloto&#039; y posibilidades del cannabis medicinal&quot;<\/em><\/strong>. En el art\u00edculo, Allu\u00e9 hizo un repaso cronol\u00f3gico desde 1961, cuando se clasific\u00f3 el cannabis como droga, hasta la actualidad; tambi\u00e9n expuso los principales puntos del Informe de la Subcomisi\u00f3n publicado en el BOE, que tiene por objeto \u201canalizar las experiencias de regulaci\u00f3n del cannabis para el uso medicinal\u201d.<\/p>\n\n\n\n<h3 class=\"wp-block-heading\"><strong>Atenci\u00f3n farmac\u00e9utica a residencias<\/strong><\/h3>\n\n\n\n<p>Este septiembre, <a href=\"https:\/\/www.diariomedico.com\/farmacia\/profesion\/atencion-farmaceutica-residencias-en-busca-del-mejor-modelo.html\" target=\"_blank\" rel=\"noreferrer noopener\">Diario M\u00e9dico<\/a> repas\u00f3 el<strong> modelo de atenci\u00f3n farmac\u00e9utica en el \u00e1mbito nacional<\/strong>. El Col\u00b7legi de Farmac\u00e8utics de Barcelona (COFB) puntualizaba en el art\u00edculo que la atenci\u00f3n farmac\u00e9utica en Catalu\u00f1a en las residencias se rige seg\u00fan lo que dicta la normativa estatal.<\/p>\n\n\n\n<figure class=\"wp-block-image size-full\"><a href=\"https:\/\/blog.cofb.cat\/wp-content\/uploads\/2022\/11\/COFB_RECULL-MITJANS-SETEMBRE-I-OCTUBRE_29112022_7.jpg\" target=\"_blank\" rel=\"noopener\"><img decoding=\"async\" src=\"https:\/\/blog.cofb.cat\/wp-content\/uploads\/2022\/11\/COFB_RECULL-MITJANS-SETEMBRE-I-OCTUBRE_29112022_7.jpg\" alt=\"\" class=\"wp-image-65108\"\/><\/a><\/figure>\n\n\n\n<h3 class=\"wp-block-heading\"><strong>Ahorro energ\u00e9tico<\/strong><\/h3>\n\n\n\n<p>El <a href=\"https:\/\/elglobal.es\/farmacia\/asi-es-como-los-cof-lideran-la-lucha-por-el-ahorro-energetico\/\" target=\"_blank\" rel=\"noreferrer noopener\">Global<\/a>, tanto en la versi\u00f3n online como en la de papel, destacaba este septiembre las <strong>iniciativas de ahorro energ\u00e9tico<\/strong> que hab\u00edan puesto en marcha los <strong>Colegios Oficiales de Farmacias del estado<\/strong>, siguiendo las medidas del Decreto sobre el ahorro y la eficiencia energ\u00e9tica aprobado por el Congreso. En concreto, en el art\u00edculo se hac\u00eda referencia a algunas <strong>iniciativas<\/strong> puestas en marcha desde el COFB como: el<strong>apagado autom\u00e1tico de la climatizaci\u00f3n de la sede<\/strong>; la colaboraci\u00f3n con las farmacias desde <strong>CoFBServicios <\/strong>para la <strong>gesti\u00f3n de residuos sanitarios<\/strong> y <strong>reciclaje de documentos<\/strong>; y el proyecto <em>FarmaServicios<\/em>, un servicio que permite realizar el de <strong>registro de datos de salud de forma digital.<\/strong><\/p>\n\n\n\n<h2 class=\"wp-block-heading\"><strong>Menciones en el COFB<\/strong><\/h2>\n\n\n\n<h3 class=\"wp-block-heading\"><strong>Formaciones de \u00c1gora Sanitaria<\/strong><\/h3>\n\n\n\n<p>A principios de septiembre, <strong>\u00c1gora Sanitaria<\/strong> y la<strong>Asociaci\u00f3n para el Autocuidado de la Salud (anefp) <\/strong>anunciaron las fechas del <strong>&nbsp;webinar \u201c\u00bfC\u00f3mo poner en marcha un e-commerce en mi farmacia?\u201d<\/strong>, que forma parte del ciclo de webinars <strong>&quot;Digitalizando la farmacia&quot;<\/strong>. Se hicieron eco <a href=\"https:\/\/revistafarmanatur.com\/formacion\/agora-sanitaria-anefp-desarrollan-las-claves-poner-marcha-e-commerce-la-farmacia\/\" target=\"_blank\" rel=\"noreferrer noopener\">Farmanaturo<\/a>, <a href=\"https:\/\/www.imfarmacias.es\/noticia\/29688\/nuevo-impulso-a-la-digitalizacion-de-las-farmacias.html\" target=\"_blank\" rel=\"noreferrer noopener\">IM Farmacias<\/a>, <a href=\"https:\/\/www.pmfarma.es\/noticias\/34755-yagora-sanitaria-y-anefp-desarrollan-las-claves-para-poner-en-marcha-un-e-commerce-en-la-farmacia.html\" target=\"_blank\" rel=\"noreferrer noopener\">PMFarma<\/a>, que lo complement\u00f3 con declaraciones de la vicepresidenta del COFB, <strong>N\u00faria Bosch<\/strong>. Tambi\u00e9n lo difundieron Europa Press y El Global, en su edici\u00f3n en papel. Adem\u00e1s, diferentes medios recogieron la nota de prensa enviada despu\u00e9s de la formaci\u00f3n, como <a href=\"https:\/\/www.infosalus.com\/farmacia\/noticia-mercado-farmacia-on-line-roza-300-millones-euros-ano-20221004183347.htm\" target=\"_blank\" rel=\"noreferrer noopener\">Infosalus<\/a>, <a href=\"https:\/\/diariofarma.com\/2022\/10\/04\/el-mercado-de-la-farmacia-online-roza-los-300-millones-de-euros-al-ano\" target=\"_blank\" rel=\"noreferrer noopener\">Diariofarma<\/a>, <a href=\"https:\/\/www.diariosigloxxi.com\/texto-ep\/mostrar\/20221004183347\/mercado-farmacia-on-line-roza-300-millones-euros-ano-segun-consultora-iqvia\" target=\"_blank\" rel=\"noreferrer noopener\">Diario Siglo XXI<\/a>, <a href=\"https:\/\/www.imfarmacias.es\/noticia\/30078\/el-mercado-digital-farmaceutico-genera-cerca-de-300-millones-de-euros.html\" target=\"_blank\" rel=\"noreferrer noopener\">IM Farmacias<\/a> y <a href=\"https:\/\/www.pmfarma.es\/noticias\/35057-el-mercado-de-la-farmacia-on-line-roza-los-300-millones-de-euros-al-ayo.html\" target=\"_blank\" rel=\"noreferrer noopener\">PMFarma<\/a>.<\/p>\n\n\n\n<figure class=\"wp-block-image size-full\"><a href=\"https:\/\/blog.cofb.cat\/wp-content\/uploads\/2022\/11\/COFB_RECULL-MITJANS-SETEMBRE-I-OCTUBRE_29112022_8.jpg\" target=\"_blank\" rel=\"noopener\"><img decoding=\"async\" src=\"https:\/\/blog.cofb.cat\/wp-content\/uploads\/2022\/11\/COFB_RECULL-MITJANS-SETEMBRE-I-OCTUBRE_29112022_8.jpg\" alt=\"\" class=\"wp-image-65109\"\/><\/a><\/figure>\n\n\n\n<p>Por \u00faltimo, el pasado octubre <strong>\u00c1gora Saniraria<\/strong> colabor\u00f3 por primera vez con <strong>AdSalutamos <\/strong>para impulsar la formaci\u00f3n \u201c<strong>Abordaje del sue\u00f1o y sus implicaciones en la salud<\/strong>\u201d. En este caso, <a href=\"https:\/\/www.imfarmacias.es\/noticia\/30132\/agora-sanitaria-y-adsalutem-enfatizan-el-potencial-del-farmaceutico.html\" target=\"_blank\" rel=\"noreferrer noopener\">IM Farmacias<\/a> realiz\u00f3 una noticia en la web con todos los detalles del programa de la formaci\u00f3n, que complement\u00f3 con declaraciones de la secretaria y responsable de la Comisi\u00f3n Delegada de Formaci\u00f3n Continuada del COFB, <strong>Aina Surroca.<\/strong><\/p>","protected":false},"excerpt":{"rendered":"<p>Presentaci\u00f3n de \u201cMi cartera\u201d con la Tarjeta Sanitaria Individual El pasado septiembre, el Gobierno de la Generalitat present\u00f3 \u201cMi cartera\u201d, un \u201cwallet\u201d digital para tener todos los t\u00edtulos en un \u00fanico espacio, a trav\u00e9s de los dispositivos m\u00f3viles. \u201cMi cartera\u201d se estren\u00f3 con la tarjeta sanitaria [\u2026]<\/p>","protected":false},"author":1,"featured_media":78723,"comment_status":"open","ping_status":"open","sticky":false,"template":"","format":"standard","meta":{"_uag_custom_page_level_css":"","site-sidebar-layout":"default","site-content-layout":"","ast-site-content-layout":"default","site-content-style":"default","site-sidebar-style":"default","ast-global-header-display":"","ast-banner-title-visibility":"","ast-main-header-display":"","ast-hfb-above-header-display":"","ast-hfb-below-header-display":"","ast-hfb-mobile-header-display":"","site-post-title":"","ast-breadcrumbs-content":"","ast-featured-img":"disabled","footer-sml-layout":"","theme-transparent-header-meta":"","adv-header-id-meta":"","stick-header-meta":"","header-above-stick-meta":"","header-main-stick-meta":"","header-below-stick-meta":"","astra-migrate-meta-layouts":"set","ast-page-background-enabled":"default","ast-page-background-meta":{"desktop":{"background-color":"var(--ast-global-color-4)","background-image":"","background-repeat":"repeat","background-position":"center center","background-size":"auto","background-attachment":"scroll","background-type":"","background-media":"","overlay-type":"","overlay-color":"","overlay-opacity":"","overlay-gradient":""},"tablet":{"background-color":"","background-image":"","background-repeat":"repeat","background-position":"center center","background-size":"auto","background-attachment":"scroll","background-type":"","background-media":"","overlay-type":"","overlay-color":"","overlay-opacity":"","overlay-gradient":""},"mobile":{"background-color":"","background-image":"","background-repeat":"repeat","background-position":"center center","background-size":"auto","background-attachment":"scroll","background-type":"","background-media":"","overlay-type":"","overlay-color":"","overlay-opacity":"","overlay-gradient":""}},"ast-content-background-meta":{"desktop":{"background-color":"var(--ast-global-color-5)","background-image":"","background-repeat":"repeat","background-position":"center center","background-size":"auto","background-attachment":"scroll","background-type":"","background-media":"","overlay-type":"","overlay-color":"","overlay-opacity":"","overlay-gradient":""},"tablet":{"background-color":"var(--ast-global-color-5)","background-image":"","background-repeat":"repeat","background-position":"center center","background-size":"auto","background-attachment":"scroll","background-type":"","background-media":"","overlay-type":"","overlay-color":"","overlay-opacity":"","overlay-gradient":""},"mobile":{"background-color":"var(--ast-global-color-5)","background-image":"","background-repeat":"repeat","background-position":"center center","background-size":"auto","background-attachment":"scroll","background-type":"","background-media":"","overlay-type":"","overlay-color":"","overlay-opacity":"","overlay-gradient":""}},"footnotes":""},"categories":[23,32],"tags":[642,391,984,985,393,986,987,18,19,916,39,69,70,46,76,95,637,988,491,989,990,497],"class_list":["post-64974","post","type-post","status-publish","format-standard","has-post-thumbnail","hentry","category-destacats","category-noticies-farmacia","tag-adsalutem","tag-agora-sanitaria-3","tag-ajuntament-de-barcelona","tag-anefp","tag-cannabis","tag-cartera-digital","tag-cloretilo","tag-cofb","tag-collegi-de-farmaceutics-de-barcelona","tag-dia-mundial-del-farmaceutic","tag-dieta","tag-farmacia-comunitaria","tag-formacio","tag-nutricio","tag-oficina-de-farmacia","tag-probiotics","tag-programa-de-formacio-continuada","tag-sinusitis","tag-test-autodiagnostic","tag-test-combinat","tag-test-intolerancia","tag-tests-covid"],"yoast_head":"<!-- This site is optimized with the Yoast SEO plugin v22.4 - https:\/\/yoast.com\/wordpress\/plugins\/seo\/ -->\n<title>Setembre i octubre: La presentaci\u00f3 de &quot;La meva cartera&quot;, la targeta cuidadora i el Dia Mundial del Farmac\u00e8utic, temes m\u00e9s destacats als mitjans - Col\u00b7legi de Farmac\u00e8utics de Barcelona<\/title>\n<meta name=\"description\" content=\"Al setembre i l&#039;octubre, els temes m\u00e9s destacats als mitjans van ser la presentaci\u00f3 de &quot;La meva cartera&quot;, la targeta cuidadora i el Dia Mundial del Farmac\u00e8utic, temes m\u00e9s destacats als mitjans\" \/>\n<meta name=\"robots\" content=\"index, follow, max-snippet:-1, max-image-preview:large, max-video-preview:-1\" \/>\n<link rel=\"canonical\" href=\"https:\/\/www.cofb.org\/es\/2022\/11\/30\/setembre-i-octubre-la-presentacio-de-la-meva-cartera-la-targeta-cuidadora-i-el-dia-mundial-del-farmaceutic-temes-mes-destacats-als-mitjans\/\" \/>\n<meta property=\"og:locale\" content=\"es_ES\" \/>\n<meta property=\"og:type\" content=\"article\" \/>\n<meta property=\"og:title\" content=\"Setembre i octubre: La presentaci\u00f3 de &quot;La meva cartera&quot;, la targeta cuidadora i el Dia Mundial del Farmac\u00e8utic, temes m\u00e9s destacats als mitjans - Col\u00b7legi de Farmac\u00e8utics de Barcelona\" \/>\n<meta property=\"og:description\" content=\"Al setembre i l&#039;octubre, els temes m\u00e9s destacats als mitjans van ser la presentaci\u00f3 de &quot;La meva cartera&quot;, la targeta cuidadora i el Dia Mundial del Farmac\u00e8utic, temes m\u00e9s destacats als mitjans\" \/>\n<meta property=\"og:url\" content=\"https:\/\/www.cofb.org\/es\/2022\/11\/30\/setembre-i-octubre-la-presentacio-de-la-meva-cartera-la-targeta-cuidadora-i-el-dia-mundial-del-farmaceutic-temes-mes-destacats-als-mitjans\/\" \/>\n<meta property=\"og:site_name\" content=\"Col\u00b7legi de Farmac\u00e8utics de Barcelona\" \/>\n<meta property=\"article:publisher\" content=\"https:\/\/www.facebook.com\/farmaceuticsbcn\/\" \/>\n<meta property=\"article:published_time\" content=\"2022-11-30T10:36:39+00:00\" \/>\n<meta property=\"article:modified_time\" content=\"2024-07-04T15:53:38+00:00\" \/>\n<meta property=\"og:image\" content=\"https:\/\/www.cofb.org\/wp-content\/uploads\/2022\/11\/Setembre-i-octubre-2022.jpg\" \/>\n\t<meta property=\"og:image:width\" content=\"1170\" \/>\n\t<meta property=\"og:image:height\" content=\"580\" \/>\n\t<meta property=\"og:image:type\" content=\"image\/jpeg\" \/>\n<meta name=\"author\" content=\"wpAdminCofbOrg\" \/>\n<meta name=\"twitter:card\" content=\"summary_large_image\" \/>\n<meta name=\"twitter:creator\" content=\"@farmaceuticsbcn\" \/>\n<meta name=\"twitter:site\" content=\"@farmaceuticsbcn\" \/>\n<meta name=\"twitter:label1\" content=\"Escrito por\" \/>\n\t<meta name=\"twitter:data1\" content=\"wpAdminCofbOrg\" \/>\n\t<meta name=\"twitter:label2\" content=\"Tiempo de lectura\" \/>\n\t<meta name=\"twitter:data2\" content=\"11 minutos\" \/>\n<script type=\"application\/ld+json\" class=\"yoast-schema-graph\">{\"@context\":\"https:\/\/schema.org\",\"@graph\":[{\"@type\":\"Article\",\"@id\":\"https:\/\/www.cofb.org\/2022\/11\/30\/setembre-i-octubre-la-presentacio-de-la-meva-cartera-la-targeta-cuidadora-i-el-dia-mundial-del-farmaceutic-temes-mes-destacats-als-mitjans\/#article\",\"isPartOf\":{\"@id\":\"https:\/\/www.cofb.org\/2022\/11\/30\/setembre-i-octubre-la-presentacio-de-la-meva-cartera-la-targeta-cuidadora-i-el-dia-mundial-del-farmaceutic-temes-mes-destacats-als-mitjans\/\"},\"author\":{\"name\":\"wpAdminCofbOrg\",\"@id\":\"https:\/\/www.cofb.org\/#\/schema\/person\/22ed7eea88da74b0fa4d3154ad87ffcb\"},\"headline\":\"Setembre i octubre: La presentaci\u00f3 de &#8220;La meva cartera&#8221;, la targeta cuidadora i el Dia Mundial del Farmac\u00e8utic, temes m\u00e9s destacats als mitjans\",\"datePublished\":\"2022-11-30T10:36:39+00:00\",\"dateModified\":\"2024-07-04T15:53:38+00:00\",\"mainEntityOfPage\":{\"@id\":\"https:\/\/www.cofb.org\/2022\/11\/30\/setembre-i-octubre-la-presentacio-de-la-meva-cartera-la-targeta-cuidadora-i-el-dia-mundial-del-farmaceutic-temes-mes-destacats-als-mitjans\/\"},\"wordCount\":1806,\"commentCount\":0,\"publisher\":{\"@id\":\"https:\/\/www.cofb.org\/#organization\"},\"image\":{\"@id\":\"https:\/\/www.cofb.org\/2022\/11\/30\/setembre-i-octubre-la-presentacio-de-la-meva-cartera-la-targeta-cuidadora-i-el-dia-mundial-del-farmaceutic-temes-mes-destacats-als-mitjans\/#primaryimage\"},\"thumbnailUrl\":\"https:\/\/www.cofb.org\/wp-content\/uploads\/2022\/11\/Setembre-i-octubre-2022.jpg\",\"keywords\":[\"AdSalutem\",\"\u00c0gora Sanit\u00e0ria\",\"Ajuntament de Barcelona\",\"anefp\",\"c\u00e0nnabis\",\"cartera digital\",\"Cloretilo\",\"COFB\",\"Col\u00b7legi de Farmac\u00e8utics de Barcelona\",\"Dia Mundial del Farmac\u00e8utic\",\"dieta\",\"farm\u00e0cia comunit\u00e0ria\",\"Formaci\u00f3\",\"Nutrici\u00f3\",\"Oficina de farm\u00e0cia\",\"probi\u00f2tics\",\"programa de formaci\u00f3 continuada\",\"sinusitis\",\"test autodiagn\u00f2stic\",\"test combinat\",\"test intoler\u00e0ncia\",\"tests COVID\"],\"articleSection\":[\"Destacats\",\"Not\u00edcies farm\u00e0cia\"],\"inLanguage\":\"es\",\"potentialAction\":[{\"@type\":\"CommentAction\",\"name\":\"Comment\",\"target\":[\"https:\/\/www.cofb.org\/2022\/11\/30\/setembre-i-octubre-la-presentacio-de-la-meva-cartera-la-targeta-cuidadora-i-el-dia-mundial-del-farmaceutic-temes-mes-destacats-als-mitjans\/#respond\"]}]},{\"@type\":\"WebPage\",\"@id\":\"https:\/\/www.cofb.org\/2022\/11\/30\/setembre-i-octubre-la-presentacio-de-la-meva-cartera-la-targeta-cuidadora-i-el-dia-mundial-del-farmaceutic-temes-mes-destacats-als-mitjans\/\",\"url\":\"https:\/\/www.cofb.org\/2022\/11\/30\/setembre-i-octubre-la-presentacio-de-la-meva-cartera-la-targeta-cuidadora-i-el-dia-mundial-del-farmaceutic-temes-mes-destacats-als-mitjans\/\",\"name\":\"Setembre i octubre: La presentaci\u00f3 de \\\"La meva cartera\\\", la targeta cuidadora i el Dia Mundial del Farmac\u00e8utic, temes m\u00e9s destacats als mitjans - Col\u00b7legi de Farmac\u00e8utics de Barcelona\",\"isPartOf\":{\"@id\":\"https:\/\/www.cofb.org\/#website\"},\"primaryImageOfPage\":{\"@id\":\"https:\/\/www.cofb.org\/2022\/11\/30\/setembre-i-octubre-la-presentacio-de-la-meva-cartera-la-targeta-cuidadora-i-el-dia-mundial-del-farmaceutic-temes-mes-destacats-als-mitjans\/#primaryimage\"},\"image\":{\"@id\":\"https:\/\/www.cofb.org\/2022\/11\/30\/setembre-i-octubre-la-presentacio-de-la-meva-cartera-la-targeta-cuidadora-i-el-dia-mundial-del-farmaceutic-temes-mes-destacats-als-mitjans\/#primaryimage\"},\"thumbnailUrl\":\"https:\/\/www.cofb.org\/wp-content\/uploads\/2022\/11\/Setembre-i-octubre-2022.jpg\",\"datePublished\":\"2022-11-30T10:36:39+00:00\",\"dateModified\":\"2024-07-04T15:53:38+00:00\",\"description\":\"Al setembre i l'octubre, els temes m\u00e9s destacats als mitjans van ser la presentaci\u00f3 de \\\"La meva cartera\\\", la targeta cuidadora i el Dia Mundial del Farmac\u00e8utic, temes m\u00e9s destacats als mitjans\",\"breadcrumb\":{\"@id\":\"https:\/\/www.cofb.org\/2022\/11\/30\/setembre-i-octubre-la-presentacio-de-la-meva-cartera-la-targeta-cuidadora-i-el-dia-mundial-del-farmaceutic-temes-mes-destacats-als-mitjans\/#breadcrumb\"},\"inLanguage\":\"es\",\"potentialAction\":[{\"@type\":\"ReadAction\",\"target\":[\"https:\/\/www.cofb.org\/2022\/11\/30\/setembre-i-octubre-la-presentacio-de-la-meva-cartera-la-targeta-cuidadora-i-el-dia-mundial-del-farmaceutic-temes-mes-destacats-als-mitjans\/\"]}]},{\"@type\":\"ImageObject\",\"inLanguage\":\"es\",\"@id\":\"https:\/\/www.cofb.org\/2022\/11\/30\/setembre-i-octubre-la-presentacio-de-la-meva-cartera-la-targeta-cuidadora-i-el-dia-mundial-del-farmaceutic-temes-mes-destacats-als-mitjans\/#primaryimage\",\"url\":\"https:\/\/www.cofb.org\/wp-content\/uploads\/2022\/11\/Setembre-i-octubre-2022.jpg\",\"contentUrl\":\"https:\/\/www.cofb.org\/wp-content\/uploads\/2022\/11\/Setembre-i-octubre-2022.jpg\",\"width\":1170,\"height\":580},{\"@type\":\"BreadcrumbList\",\"@id\":\"https:\/\/www.cofb.org\/2022\/11\/30\/setembre-i-octubre-la-presentacio-de-la-meva-cartera-la-targeta-cuidadora-i-el-dia-mundial-del-farmaceutic-temes-mes-destacats-als-mitjans\/#breadcrumb\",\"itemListElement\":[{\"@type\":\"ListItem\",\"position\":1,\"name\":\"Inici\",\"item\":\"https:\/\/novaorg.cofb.net\/\"},{\"@type\":\"ListItem\",\"position\":2,\"name\":\"Setembre i octubre: La presentaci\u00f3 de &#8220;La meva cartera&#8221;, la targeta cuidadora i el Dia Mundial del Farmac\u00e8utic, temes m\u00e9s destacats als mitjans\"}]},{\"@type\":\"WebSite\",\"@id\":\"https:\/\/www.cofb.org\/#website\",\"url\":\"https:\/\/www.cofb.org\/\",\"name\":\"Col\u00b7legi de Farmac\u00e8utics de Barcelona\",\"description\":\"\",\"publisher\":{\"@id\":\"https:\/\/www.cofb.org\/#organization\"},\"potentialAction\":[{\"@type\":\"SearchAction\",\"target\":{\"@type\":\"EntryPoint\",\"urlTemplate\":\"https:\/\/www.cofb.org\/?s={search_term_string}\"},\"query-input\":\"required name=search_term_string\"}],\"inLanguage\":\"es\"},{\"@type\":\"Organization\",\"@id\":\"https:\/\/www.cofb.org\/#organization\",\"name\":\"Col\u00b7legi de Farmac\u00e8utics de Barcelona\",\"url\":\"https:\/\/www.cofb.org\/\",\"logo\":{\"@type\":\"ImageObject\",\"inLanguage\":\"es\",\"@id\":\"https:\/\/www.cofb.org\/#\/schema\/logo\/image\/\",\"url\":\"https:\/\/www.cofb.org\/wp-content\/uploads\/2023\/11\/cropped-Logotip-COFB.png\",\"contentUrl\":\"https:\/\/www.cofb.org\/wp-content\/uploads\/2023\/11\/cropped-Logotip-COFB.png\",\"width\":500,\"height\":105,\"caption\":\"Col\u00b7legi de Farmac\u00e8utics de Barcelona\"},\"image\":{\"@id\":\"https:\/\/www.cofb.org\/#\/schema\/logo\/image\/\"},\"sameAs\":[\"https:\/\/www.facebook.com\/farmaceuticsbcn\/\",\"https:\/\/twitter.com\/farmaceuticsbcn\",\"https:\/\/www.instagram.com\/farmaceuticsbcn\/\",\"https:\/\/www.linkedin.com\/company\/farmaceuticsbcn\/\"]},{\"@type\":\"Person\",\"@id\":\"https:\/\/www.cofb.org\/#\/schema\/person\/22ed7eea88da74b0fa4d3154ad87ffcb\",\"name\":\"wpAdminCofbOrg\",\"image\":{\"@type\":\"ImageObject\",\"inLanguage\":\"es\",\"@id\":\"https:\/\/www.cofb.org\/#\/schema\/person\/image\/\",\"url\":\"https:\/\/secure.gravatar.com\/avatar\/1721b20b3b8ca882c3b56ec6c978c594fff670e40c0718e9190eaeeb76aae7d8?s=96&d=mm&r=g\",\"contentUrl\":\"https:\/\/secure.gravatar.com\/avatar\/1721b20b3b8ca882c3b56ec6c978c594fff670e40c0718e9190eaeeb76aae7d8?s=96&d=mm&r=g\",\"caption\":\"wpAdminCofbOrg\"},\"sameAs\":[\"http:\/\/192.168.64.122\/wordpress\"],\"url\":\"https:\/\/www.cofb.org\/es\/author\/wpadmincofborg\/\"}]}<\/script>\n<!-- \/ Yoast SEO plugin. -->","yoast_head_json":{"title":"Setembre i octubre: La presentaci\u00f3 de \"La meva cartera\", la targeta cuidadora i el Dia Mundial del Farmac\u00e8utic, temes m\u00e9s destacats als mitjans - Col\u00b7legi de Farmac\u00e8utics de Barcelona","description":"Al setembre i l'octubre, els temes m\u00e9s destacats als mitjans van ser la presentaci\u00f3 de \"La meva cartera\", la targeta cuidadora i el Dia Mundial del Farmac\u00e8utic, temes m\u00e9s destacats als mitjans","robots":{"index":"index","follow":"follow","max-snippet":"max-snippet:-1","max-image-preview":"max-image-preview:large","max-video-preview":"max-video-preview:-1"},"canonical":"https:\/\/www.cofb.org\/es\/2022\/11\/30\/setembre-i-octubre-la-presentacio-de-la-meva-cartera-la-targeta-cuidadora-i-el-dia-mundial-del-farmaceutic-temes-mes-destacats-als-mitjans\/","og_locale":"es_ES","og_type":"article","og_title":"Setembre i octubre: La presentaci\u00f3 de \"La meva cartera\", la targeta cuidadora i el Dia Mundial del Farmac\u00e8utic, temes m\u00e9s destacats als mitjans - Col\u00b7legi de Farmac\u00e8utics de Barcelona","og_description":"Al setembre i l'octubre, els temes m\u00e9s destacats als mitjans van ser la presentaci\u00f3 de \"La meva cartera\", la targeta cuidadora i el Dia Mundial del Farmac\u00e8utic, temes m\u00e9s destacats als mitjans","og_url":"https:\/\/www.cofb.org\/es\/2022\/11\/30\/setembre-i-octubre-la-presentacio-de-la-meva-cartera-la-targeta-cuidadora-i-el-dia-mundial-del-farmaceutic-temes-mes-destacats-als-mitjans\/","og_site_name":"Col\u00b7legi de Farmac\u00e8utics de Barcelona","article_publisher":"https:\/\/www.facebook.com\/farmaceuticsbcn\/","article_published_time":"2022-11-30T10:36:39+00:00","article_modified_time":"2024-07-04T15:53:38+00:00","og_image":[{"width":1170,"height":580,"url":"https:\/\/www.cofb.org\/wp-content\/uploads\/2022\/11\/Setembre-i-octubre-2022.jpg","type":"image\/jpeg"}],"author":"wpAdminCofbOrg","twitter_card":"summary_large_image","twitter_creator":"@farmaceuticsbcn","twitter_site":"@farmaceuticsbcn","twitter_misc":{"Escrito por":"wpAdminCofbOrg","Tiempo de lectura":"11 minutos"},"schema":{"@context":"https:\/\/schema.org","@graph":[{"@type":"Article","@id":"https:\/\/www.cofb.org\/2022\/11\/30\/setembre-i-octubre-la-presentacio-de-la-meva-cartera-la-targeta-cuidadora-i-el-dia-mundial-del-farmaceutic-temes-mes-destacats-als-mitjans\/#article","isPartOf":{"@id":"https:\/\/www.cofb.org\/2022\/11\/30\/setembre-i-octubre-la-presentacio-de-la-meva-cartera-la-targeta-cuidadora-i-el-dia-mundial-del-farmaceutic-temes-mes-destacats-als-mitjans\/"},"author":{"name":"wpAdminCofbOrg","@id":"https:\/\/www.cofb.org\/#\/schema\/person\/22ed7eea88da74b0fa4d3154ad87ffcb"},"headline":"Setembre i octubre: La presentaci\u00f3 de &#8220;La meva cartera&#8221;, la targeta cuidadora i el Dia Mundial del Farmac\u00e8utic, temes m\u00e9s destacats als mitjans","datePublished":"2022-11-30T10:36:39+00:00","dateModified":"2024-07-04T15:53:38+00:00","mainEntityOfPage":{"@id":"https:\/\/www.cofb.org\/2022\/11\/30\/setembre-i-octubre-la-presentacio-de-la-meva-cartera-la-targeta-cuidadora-i-el-dia-mundial-del-farmaceutic-temes-mes-destacats-als-mitjans\/"},"wordCount":1806,"commentCount":0,"publisher":{"@id":"https:\/\/www.cofb.org\/#organization"},"image":{"@id":"https:\/\/www.cofb.org\/2022\/11\/30\/setembre-i-octubre-la-presentacio-de-la-meva-cartera-la-targeta-cuidadora-i-el-dia-mundial-del-farmaceutic-temes-mes-destacats-als-mitjans\/#primaryimage"},"thumbnailUrl":"https:\/\/www.cofb.org\/wp-content\/uploads\/2022\/11\/Setembre-i-octubre-2022.jpg","keywords":["AdSalutem","\u00c0gora Sanit\u00e0ria","Ajuntament de Barcelona","anefp","c\u00e0nnabis","cartera digital","Cloretilo","COFB","Col\u00b7legi de Farmac\u00e8utics de Barcelona","Dia Mundial del Farmac\u00e8utic","dieta","farm\u00e0cia comunit\u00e0ria","Formaci\u00f3","Nutrici\u00f3","Oficina de farm\u00e0cia","probi\u00f2tics","programa de formaci\u00f3 continuada","sinusitis","test autodiagn\u00f2stic","test combinat","test intoler\u00e0ncia","tests COVID"],"articleSection":["Destacats","Not\u00edcies farm\u00e0cia"],"inLanguage":"es","potentialAction":[{"@type":"CommentAction","name":"Comment","target":["https:\/\/www.cofb.org\/2022\/11\/30\/setembre-i-octubre-la-presentacio-de-la-meva-cartera-la-targeta-cuidadora-i-el-dia-mundial-del-farmaceutic-temes-mes-destacats-als-mitjans\/#respond"]}]},{"@type":"WebPage","@id":"https:\/\/www.cofb.org\/2022\/11\/30\/setembre-i-octubre-la-presentacio-de-la-meva-cartera-la-targeta-cuidadora-i-el-dia-mundial-del-farmaceutic-temes-mes-destacats-als-mitjans\/","url":"https:\/\/www.cofb.org\/2022\/11\/30\/setembre-i-octubre-la-presentacio-de-la-meva-cartera-la-targeta-cuidadora-i-el-dia-mundial-del-farmaceutic-temes-mes-destacats-als-mitjans\/","name":"Setembre i octubre: La presentaci\u00f3 de \"La meva cartera\", la targeta cuidadora i el Dia Mundial del Farmac\u00e8utic, temes m\u00e9s destacats als mitjans - Col\u00b7legi de Farmac\u00e8utics de Barcelona","isPartOf":{"@id":"https:\/\/www.cofb.org\/#website"},"primaryImageOfPage":{"@id":"https:\/\/www.cofb.org\/2022\/11\/30\/setembre-i-octubre-la-presentacio-de-la-meva-cartera-la-targeta-cuidadora-i-el-dia-mundial-del-farmaceutic-temes-mes-destacats-als-mitjans\/#primaryimage"},"image":{"@id":"https:\/\/www.cofb.org\/2022\/11\/30\/setembre-i-octubre-la-presentacio-de-la-meva-cartera-la-targeta-cuidadora-i-el-dia-mundial-del-farmaceutic-temes-mes-destacats-als-mitjans\/#primaryimage"},"thumbnailUrl":"https:\/\/www.cofb.org\/wp-content\/uploads\/2022\/11\/Setembre-i-octubre-2022.jpg","datePublished":"2022-11-30T10:36:39+00:00","dateModified":"2024-07-04T15:53:38+00:00","description":"Al setembre i l'octubre, els temes m\u00e9s destacats als mitjans van ser la presentaci\u00f3 de \"La meva cartera\", la targeta cuidadora i el Dia Mundial del Farmac\u00e8utic, temes m\u00e9s destacats als mitjans","breadcrumb":{"@id":"https:\/\/www.cofb.org\/2022\/11\/30\/setembre-i-octubre-la-presentacio-de-la-meva-cartera-la-targeta-cuidadora-i-el-dia-mundial-del-farmaceutic-temes-mes-destacats-als-mitjans\/#breadcrumb"},"inLanguage":"es","potentialAction":[{"@type":"ReadAction","target":["https:\/\/www.cofb.org\/2022\/11\/30\/setembre-i-octubre-la-presentacio-de-la-meva-cartera-la-targeta-cuidadora-i-el-dia-mundial-del-farmaceutic-temes-mes-destacats-als-mitjans\/"]}]},{"@type":"ImageObject","inLanguage":"es","@id":"https:\/\/www.cofb.org\/2022\/11\/30\/setembre-i-octubre-la-presentacio-de-la-meva-cartera-la-targeta-cuidadora-i-el-dia-mundial-del-farmaceutic-temes-mes-destacats-als-mitjans\/#primaryimage","url":"https:\/\/www.cofb.org\/wp-content\/uploads\/2022\/11\/Setembre-i-octubre-2022.jpg","contentUrl":"https:\/\/www.cofb.org\/wp-content\/uploads\/2022\/11\/Setembre-i-octubre-2022.jpg","width":1170,"height":580},{"@type":"BreadcrumbList","@id":"https:\/\/www.cofb.org\/2022\/11\/30\/setembre-i-octubre-la-presentacio-de-la-meva-cartera-la-targeta-cuidadora-i-el-dia-mundial-del-farmaceutic-temes-mes-destacats-als-mitjans\/#breadcrumb","itemListElement":[{"@type":"ListItem","position":1,"name":"Inici","item":"https:\/\/novaorg.cofb.net\/"},{"@type":"ListItem","position":2,"name":"Setembre i octubre: La presentaci\u00f3 de &#8220;La meva cartera&#8221;, la targeta cuidadora i el Dia Mundial del Farmac\u00e8utic, temes m\u00e9s destacats als mitjans"}]},{"@type":"WebSite","@id":"https:\/\/www.cofb.org\/#website","url":"https:\/\/www.cofb.org\/","name":"Col\u00b7legi de Farmac\u00e8utics de Barcelona","description":"","publisher":{"@id":"https:\/\/www.cofb.org\/#organization"},"potentialAction":[{"@type":"SearchAction","target":{"@type":"EntryPoint","urlTemplate":"https:\/\/www.cofb.org\/?s={search_term_string}"},"query-input":"required name=search_term_string"}],"inLanguage":"es"},{"@type":"Organization","@id":"https:\/\/www.cofb.org\/#organization","name":"Col\u00b7legi de Farmac\u00e8utics de Barcelona","url":"https:\/\/www.cofb.org\/","logo":{"@type":"ImageObject","inLanguage":"es","@id":"https:\/\/www.cofb.org\/#\/schema\/logo\/image\/","url":"https:\/\/www.cofb.org\/wp-content\/uploads\/2023\/11\/cropped-Logotip-COFB.png","contentUrl":"https:\/\/www.cofb.org\/wp-content\/uploads\/2023\/11\/cropped-Logotip-COFB.png","width":500,"height":105,"caption":"Col\u00b7legi de Farmac\u00e8utics de Barcelona"},"image":{"@id":"https:\/\/www.cofb.org\/#\/schema\/logo\/image\/"},"sameAs":["https:\/\/www.facebook.com\/farmaceuticsbcn\/","https:\/\/twitter.com\/farmaceuticsbcn","https:\/\/www.instagram.com\/farmaceuticsbcn\/","https:\/\/www.linkedin.com\/company\/farmaceuticsbcn\/"]},{"@type":"Person","@id":"https:\/\/www.cofb.org\/#\/schema\/person\/22ed7eea88da74b0fa4d3154ad87ffcb","name":"wpAdminCofbOrg","image":{"@type":"ImageObject","inLanguage":"es","@id":"https:\/\/www.cofb.org\/#\/schema\/person\/image\/","url":"https:\/\/secure.gravatar.com\/avatar\/1721b20b3b8ca882c3b56ec6c978c594fff670e40c0718e9190eaeeb76aae7d8?s=96&d=mm&r=g","contentUrl":"https:\/\/secure.gravatar.com\/avatar\/1721b20b3b8ca882c3b56ec6c978c594fff670e40c0718e9190eaeeb76aae7d8?s=96&d=mm&r=g","caption":"wpAdminCofbOrg"},"sameAs":["http:\/\/192.168.64.122\/wordpress"],"url":"https:\/\/www.cofb.org\/es\/author\/wpadmincofborg\/"}]}},"uagb_featured_image_src":{"full":["https:\/\/www.cofb.org\/wp-content\/uploads\/2022\/11\/Setembre-i-octubre-2022.jpg",1170,580,false],"thumbnail":["https:\/\/www.cofb.org\/wp-content\/uploads\/2022\/11\/Setembre-i-octubre-2022-150x150.jpg",150,150,true],"medium":["https:\/\/www.cofb.org\/wp-content\/uploads\/2022\/11\/Setembre-i-octubre-2022-300x149.jpg",300,149,true],"medium_large":["https:\/\/www.cofb.org\/wp-content\/uploads\/2022\/11\/Setembre-i-octubre-2022-768x381.jpg",768,381,true],"large":["https:\/\/www.cofb.org\/wp-content\/uploads\/2022\/11\/Setembre-i-octubre-2022-1024x508.jpg",1024,508,true],"1536x1536":["https:\/\/www.cofb.org\/wp-content\/uploads\/2022\/11\/Setembre-i-octubre-2022.jpg",1170,580,false],"2048x2048":["https:\/\/www.cofb.org\/wp-content\/uploads\/2022\/11\/Setembre-i-octubre-2022.jpg",1170,580,false],"trp-custom-language-flag":["https:\/\/www.cofb.org\/wp-content\/uploads\/2022\/11\/Setembre-i-octubre-2022-18x9.jpg",18,9,true]},"uagb_author_info":{"display_name":"wpAdminCofbOrg","author_link":"https:\/\/www.cofb.org\/es\/author\/wpadmincofborg\/"},"uagb_comment_info":0,"uagb_excerpt":"Presentaci\u00f3 de &#8220;La meva cartera&#8221; amb la Targeta Sanit\u00e0ria Individual El passat setembre, el Govern de la Generalitat va presentar \u201cLa meva cartera\u201d, un \u201cwallet\u201d digital per tenir tots els t\u00edtols en un \u00fanic espai, a trav\u00e9s dels dispositius m\u00f2bils. \u201cLa meva cartera\u201d es va estrenar amb la targeta sanit\u00e0ria [&hellip;]","_links":{"self":[{"href":"https:\/\/www.cofb.org\/es\/wp-json\/wp\/v2\/posts\/64974","targetHints":{"allow":["GET"]}}],"collection":[{"href":"https:\/\/www.cofb.org\/es\/wp-json\/wp\/v2\/posts"}],"about":[{"href":"https:\/\/www.cofb.org\/es\/wp-json\/wp\/v2\/types\/post"}],"author":[{"embeddable":true,"href":"https:\/\/www.cofb.org\/es\/wp-json\/wp\/v2\/users\/1"}],"replies":[{"embeddable":true,"href":"https:\/\/www.cofb.org\/es\/wp-json\/wp\/v2\/comments?post=64974"}],"version-history":[{"count":2,"href":"https:\/\/www.cofb.org\/es\/wp-json\/wp\/v2\/posts\/64974\/revisions"}],"predecessor-version":[{"id":78724,"href":"https:\/\/www.cofb.org\/es\/wp-json\/wp\/v2\/posts\/64974\/revisions\/78724"}],"wp:featuredmedia":[{"embeddable":true,"href":"https:\/\/www.cofb.org\/es\/wp-json\/wp\/v2\/media\/78723"}],"wp:attachment":[{"href":"https:\/\/www.cofb.org\/es\/wp-json\/wp\/v2\/media?parent=64974"}],"wp:term":[{"taxonomy":"category","embeddable":true,"href":"https:\/\/www.cofb.org\/es\/wp-json\/wp\/v2\/categories?post=64974"},{"taxonomy":"post_tag","embeddable":true,"href":"https:\/\/www.cofb.org\/es\/wp-json\/wp\/v2\/tags?post=64974"}],"curies":[{"name":"wp","href":"https:\/\/api.w.org\/{rel}","templated":true}]}}