{"id":64867,"date":"2022-11-14T14:03:00","date_gmt":"2022-11-14T12:03:00","guid":{"rendered":"https:\/\/blog.cofb.cat\/?p=64867"},"modified":"2023-10-09T13:18:45","modified_gmt":"2023-10-09T13:18:45","slug":"la-diada-del-farmaceutic-del-cofb-va-tornar-dos-anys-despres-per-homenatjar-als-farmaceutics-i-farmaceutiques-de-tres-promocions-que-complien-25-i-50-anys-de-collegiacio","status":"publish","type":"post","link":"https:\/\/www.cofb.org\/es\/2022\/11\/14\/la-diada-del-farmaceutic-del-cofb-va-tornar-dos-anys-despres-per-homenatjar-als-farmaceutics-i-farmaceutiques-de-tres-promocions-que-complien-25-i-50-anys-de-collegiacio\/","title":{"rendered":"La Diada del Farmac\u00e9utico del COFB volvi\u00f3 dos a\u00f1os despu\u00e9s para homenajear a los farmac\u00e9uticos y farmac\u00e9uticas de tres promociones que cumpl\u00edan 25 y 50 a\u00f1os de colegiaci\u00f3n"},"content":{"rendered":"<p>Despu\u00e9s de dos a\u00f1os de par\u00e9ntesis por la pandemia, <strong>el D\u00eda del Farmac\u00e9utico<\/strong> volvi\u00f3 para homenajear a los profesionales que cumpl\u00edan <strong>25 y 50 a\u00f1os <\/strong>como colegiados y colegiadas, en dos jornadas que agruparon las promociones de<strong> 2020, 2021 y 2022.<\/strong> <\/p>\n\n\n\n<figure class=\"wp-block-image size-large\"><a href=\"https:\/\/blog.cofb.cat\/wp-content\/uploads\/2022\/12\/COFB_DIADA25_131222_HOSPITALSTPAU1.jpg\" target=\"_blank\" rel=\"noopener\"><img decoding=\"async\" src=\"https:\/\/blog.cofb.cat\/wp-content\/uploads\/2022\/12\/COFB_DIADA25_131222_HOSPITALSTPAU1-1024x683.jpg\" alt=\"Els jardins de l'Hospital de Sant Pau amb motiu de la celebraci\u00f3 de la Diada del Farmac\u00e8utic.\" class=\"wp-image-65489\" title=\"Los jardines del Hospital de Sant Pau con motivo de la celebraci\u00f3n de la Fiesta del Farmac\u00e9utico.\"\/><\/a><figcaption class=\"wp-element-caption\">Los jardines del Hospital de Sant Pau con motivo de la celebraci\u00f3n de la Fiesta del Farmac\u00e9utico.<\/figcaption><\/figure>\n\n\n\n<p>El Hospital de Sant Pau, el <strong>15 de septiembre<\/strong>, alberg\u00f3 la celebraci\u00f3n de quienes celebraban los<strong> 25 a\u00f1os <\/strong>de colegiaci\u00f3n, mientras que el <strong>19 de octubre<\/strong>, un mes despu\u00e9s, <strong>el Palacio de la M\u00fasica Catalana <\/strong>fue testigo de los que cumpl\u00edan 50. Durante los dos actos no faltaron los discursos, el reencuentro de los profesionales y la entrega de insignias a los compa\u00f1eros\/as.<\/p>\n\n\n\n<h2 class=\"wp-block-heading\"><strong>25 a\u00f1os de colegiaci\u00f3n en el Hospital de Sant Pau<\/strong><\/h2>\n\n\n\n<p>En el marco de la celebraci\u00f3n por los 25 a\u00f1os, las tres promociones se reencontraron en los jardines del recinto modernista del Hospital de Sant Pau. El <strong>presidente del COFB<\/strong>, <strong>Jordi Casas, <\/strong>les dio la bienvenida: \u201cTen\u00edamos muchas ganas de reencontrarnos y compartir este cuarto de siglo de trayectoria profesional. Durante este tiempo, hemos vivido importantes cambios y avances, y hemos demostrado que <strong>somos agentes de salud clave en el engranaje del sistema sanitario<\/strong>, donde el paciente siempre ha estado y estar\u00e1 en el centro de nuestras actuaciones\u201d. <\/p>\n\n\n\n<figure class=\"wp-block-image size-large\"><a href=\"https:\/\/blog.cofb.cat\/wp-content\/uploads\/2022\/12\/COFB_DIADA25_131222_PRESIDENT.jpg\" target=\"_blank\" rel=\"noopener\"><img decoding=\"async\" src=\"https:\/\/blog.cofb.cat\/wp-content\/uploads\/2022\/12\/COFB_DIADA25_131222_PRESIDENT-1024x657.jpg\" alt=\"El president del COFB, Jordi Casas, durant l'acte d'homenatge als 25 anys de col\u00b7legiaci\u00f3.\" class=\"wp-image-65515\" title=\"El presidente del COFB, Jordi Casas, durante el acto de homenaje a los 25 a\u00f1os de colegiaci\u00f3n.\"\/><\/a><figcaption class=\"wp-element-caption\">El presidente del COFB, Jordi Casas, durante el acto de homenaje a los 25 a\u00f1os de colegiaci\u00f3n.<\/figcaption><\/figure>\n\n\n\n<p><strong>Tres de los farmac\u00e9uticos presentes<\/strong>, Dolors Borr\u00e0s, de la promoci\u00f3n de 2020, Jaume Guill\u00e9n, de 2021 y Montse Iracheta, de 2022, nos han compartido la suya <strong>trayectoria en el mundo de la farmacia<\/strong>, as\u00ed como sus sentimientos, experiencias y reflexiones sobre la profesi\u00f3n que les ha marcado la vida.<\/p>\n\n\n\n<h3 class=\"wp-block-heading\"><strong><strong>\u201cLa c\u00f3vido nos ha llevado a que nos valoren otros compa\u00f1eros de profesi\u00f3n sanitaria<\/strong>&#8220;<\/strong><\/h3>\n\n\n\n<p>\u201cHe entendido, con los a\u00f1os, que <strong>la farmacia no es s\u00f3lo dispensar o vender. La clave es entender qu\u00e9 le sucede a cada paciente, y mi obsesi\u00f3n es descubrirlo<\/strong>. \u00c9sta ha sido de las experiencias m\u00e1s relevantes de mi vida: darme cuenta realmente de cu\u00e1l es la profesi\u00f3n farmac\u00e9utica\u201d, proclama Jaume Guill\u00e9n. Dolors Borr\u00e0s, por su parte, destaca tambi\u00e9n <strong>&quot;el trato con la gente e intentar ayudar&quot;<\/strong> como en la esencia de su vocaci\u00f3n, desde que de peque\u00f1a aprendi\u00f3 el oficio \u201ccon mi padre, en una farmacia muy barrio\u201d. <\/p>\n\n\n\n<figure class=\"wp-block-image size-large\"><a href=\"https:\/\/blog.cofb.cat\/wp-content\/uploads\/2022\/11\/COFB_DIADA-220922-3.jpg\" target=\"_blank\" rel=\"noopener\"><img decoding=\"async\" src=\"https:\/\/blog.cofb.cat\/wp-content\/uploads\/2022\/11\/COFB_DIADA-220922-3-1024x683.jpg\" alt=\"Montse Iracheta, homenatjada pels seus 25 anys de col\u00b7legiaci\u00f3.\" class=\"wp-image-65070\" title=\"Montse Iracheta, homenajeada por sus 25 a\u00f1os de colegiaci\u00f3n.\"\/><\/a><figcaption class=\"wp-element-caption\">Montse Iracheta, homenajeada por sus 25 a\u00f1os de colegiaci\u00f3n.<\/figcaption><\/figure>\n\n\n\n<p>Un oficio que, seg\u00fan Montse Iracheta, ha sufrido &quot;un punto de inflexi\u00f3n&quot;, a ra\u00edz de la pandemia. <strong>&quot;La covid fue una desgracia, pero nos ha llevado a que nos valoren otros compa\u00f1eros de profesi\u00f3n sanitaria&quot;<\/strong>, y destaca que la farmacia debe considerarse como \u201cuno <strong>establecimiento sanitario que, por tanto, requiere conocimientos, aprendizaje y seguimiento<\/strong>&#8220;.<\/p>\n\n\n\n<h3 class=\"wp-block-heading\"><strong>&quot;Nos hemos formado much\u00edsimo y eso nos abre nuevos campos de entender la profesi\u00f3n&quot; <\/strong><\/h3>\n\n\n\n<p>Los tres profesionales concuerdan que <strong>los cambios en el mundo de la farmacia se han incrementado mucho <\/strong>durante las \u00faltimas d\u00e9cadas. Guill\u00e9n afirma que cuando entr\u00f3 \u201cten\u00edamos una farmacia b\u00e1sicamente dispensadora y ahora proporcionamos varios servicios de salud; <strong>pasamos consultas, asesoramos, cuidamos de nuestros pacientes de una manera muy diferente a lo que hac\u00edamos al inicio.<\/strong> La visi\u00f3n cambia. Evolucionamos, nos hemos formado much\u00edsimo y esto nos abre nuevos campos de entender la profesi\u00f3n y trabajarla de forma muy diferente\u201d. <\/p>\n\n\n\n<figure class=\"wp-block-image size-large\"><a href=\"https:\/\/blog.cofb.cat\/wp-content\/uploads\/2022\/11\/COFB_DIADA-220922-2.jpg\" target=\"_blank\" rel=\"noopener\"><img decoding=\"async\" src=\"https:\/\/blog.cofb.cat\/wp-content\/uploads\/2022\/11\/COFB_DIADA-220922-2-1024x683.jpg\" alt=\"Jaume Guill\u00e9n, homenatjat pels seus 25 anys de col\u00b7legiaci\u00f3.\" class=\"wp-image-65069\" title=\" Jaume Guill\u00e9n, homenajeado por sus 25 a\u00f1os de colegiaci\u00f3n.\"\/><\/a><figcaption class=\"wp-element-caption\"> Jaume Guill\u00e9n, homenajeado por sus 25 a\u00f1os de colegiaci\u00f3n.<\/figcaption><\/figure>\n\n\n\n<p>Iracheta destaca esta formaci\u00f3n como elemento clave en su carrera, puesto que le ha proporcionado \u201cun aprendizaje continuado, as\u00ed como poder conocer a mucha gente; desde el primer momento me apunt\u00e9 a muchas cosas y esto me ha hecho aprender y no quedarme s\u00f3lo con lo que estudias en el grado. <strong>La accesibilidad durante estos 25 a\u00f1os en la formaci\u00f3n ha estado muy bien<\/strong>\u201c. Borr\u00e0s por su parte destaca que \u201c<strong>la evoluci\u00f3n de la farmacia ha sido muy grande<\/strong>&#8220;. <\/p>\n\n\n\n<h3 class=\"wp-block-heading\"><strong>&quot;Lo que yo quiero ser\u00eda ir hacia una farmacia m\u00e1s asistencial&quot; <\/strong><\/h3>\n\n\n\n<p>Guill\u00e9n apunta que \u201cyo siempre he defendido que el presente y el futuro de la profesi\u00f3n pasar\u00e1 por los servicios de salud. <strong>La farmacia debe convertirnos en un <em>hub<\/em> de salud<\/strong>, donde el paciente no s\u00f3lo vendr\u00e1 a buscar su medicaci\u00f3n, sino que cuidaremos de su bienestar. Es la mejor herramienta para empoderarnos\u201d.<\/p>\n\n\n\n<figure class=\"wp-block-image size-large\"><a href=\"https:\/\/blog.cofb.cat\/wp-content\/uploads\/2022\/11\/COFB_DIADA-220922-1-1.jpg\" target=\"_blank\" rel=\"noopener\"><img decoding=\"async\" src=\"https:\/\/blog.cofb.cat\/wp-content\/uploads\/2022\/11\/COFB_DIADA-220922-1-1-1024x683.jpg\" alt=\"Dolors Borr\u00e0s, homenatjada pels seus 25 anys de col\u00b7legiaci\u00f3.\" class=\"wp-image-65072\" title=\"Dolors Borr\u00e0s, homenajeada por sus 25 a\u00f1os de colegiaci\u00f3n.\"\/><\/a><figcaption class=\"wp-element-caption\">  Dolors Borr\u00e0s, homenajeada por sus 25 a\u00f1os de colegiaci\u00f3n. <\/figcaption><\/figure>\n\n\n\n<p>Sobre el futuro de la profesi\u00f3n, Iracheta lo tiene claro: <strong>&quot;lo que yo quiero ser\u00eda ir hacia una farmacia m\u00e1s asistencial&quot;<\/strong>. Borr\u00e0s reconoce que con tantos cambios, el futuro es imprevisible, pero aun as\u00ed, <strong>&quot;siempre estamos a la expectativa, con ilusi\u00f3n, y deseado que contin\u00fae todo bien&quot;<\/strong>.<\/p>\n\n\n<div class=\"destacat-blog\">\n\n\n<h2 class=\"wp-block-heading\"><strong>Las tres promociones que han celebrado los 25 a\u00f1os de colegiaci\u00f3n, en im\u00e1genes<\/strong><\/h2>\n\n\n\n<figure class=\"wp-block-image size-full\"><a href=\"https:\/\/www.cofb.org\/wp-content\/uploads\/2023\/10\/COFB_DIADA25_131222_PROMOCIONS1-1024x683-1.jpg\" target=\"_blank\" rel=\"noopener\"><img fetchpriority=\"high\" decoding=\"async\" width=\"1024\" height=\"683\" src=\"https:\/\/www.cofb.org\/wp-content\/uploads\/2023\/10\/COFB_DIADA25_131222_PROMOCIONS1-1024x683-1.jpg\" alt=\"\" class=\"wp-image-68996\" title=\"Foto de grupo con los colegiados que celebraban 25 a\u00f1os de colegiaci\u00f3n (promoci\u00f3n 2021).\" srcset=\"https:\/\/www.cofb.org\/wp-content\/uploads\/2023\/10\/COFB_DIADA25_131222_PROMOCIONS1-1024x683-1.jpg 1024w, https:\/\/www.cofb.org\/wp-content\/uploads\/2023\/10\/COFB_DIADA25_131222_PROMOCIONS1-1024x683-1-300x200.jpg 300w, https:\/\/www.cofb.org\/wp-content\/uploads\/2023\/10\/COFB_DIADA25_131222_PROMOCIONS1-1024x683-1-768x512.jpg 768w, https:\/\/www.cofb.org\/wp-content\/uploads\/2023\/10\/COFB_DIADA25_131222_PROMOCIONS1-1024x683-1-18x12.jpg 18w\" sizes=\"(max-width: 1024px) 100vw, 1024px\" \/><\/a><figcaption class=\"wp-element-caption\"> Foto de grupo con los colegiados que celebraban 25 a\u00f1os de colegiaci\u00f3n (promoci\u00f3n 2020). <\/figcaption><\/figure>\n\n\n\n<figure class=\"wp-block-image size-large\"><a href=\"https:\/\/blog.cofb.cat\/wp-content\/uploads\/2022\/12\/COFB_DIADA25_131222_PROMOCIONS4.jpg\" target=\"_blank\" rel=\"noopener\"><img decoding=\"async\" src=\"https:\/\/blog.cofb.cat\/wp-content\/uploads\/2022\/12\/COFB_DIADA25_131222_PROMOCIONS4-1024x683.jpg\" alt=\"Foto de grup amb els col\u00b7legiats que celebraven 25 anys de col\u00b7legiaci\u00f3 (promoci\u00f3 2021).\" class=\"wp-image-65503\" title=\"Foto de grupo con los colegiados que celebraban 25 a\u00f1os de colegiaci\u00f3n (promoci\u00f3n 2021).\"\/><\/a><figcaption class=\"wp-element-caption\">  Foto de grupo con los colegiados que celebraban 25 a\u00f1os de colegiaci\u00f3n (promoci\u00f3n 2021). <\/figcaption><\/figure>\n\n\n\n<figure class=\"wp-block-image size-large\"><a href=\"https:\/\/blog.cofb.cat\/wp-content\/uploads\/2022\/12\/COFB_DIADA25_131222_PROMOCIONS2.jpg\" target=\"_blank\" rel=\"noopener\"><img decoding=\"async\" src=\"https:\/\/blog.cofb.cat\/wp-content\/uploads\/2022\/12\/COFB_DIADA25_131222_PROMOCIONS2-1024x683.jpg\" alt=\"Foto de grup amb els col\u00b7legiats que celebraven 25 anys de col\u00b7legiaci\u00f3 (promoci\u00f3 2022).\" class=\"wp-image-65501\" title=\"Foto de grupo con los colegiados que celebraban 25 a\u00f1os de colegiaci\u00f3n (promoci\u00f3n 2022).\"\/><\/a><figcaption class=\"wp-element-caption\">Foto de grupo con los colegiados que celebraban 25 a\u00f1os de colegiaci\u00f3n (promoci\u00f3n 2022).<\/figcaption><\/figure><\/div>\n\n\n\n<h2 class=\"wp-block-heading\"><strong>50 a\u00f1os de colegiaci\u00f3n en el Palau de la M\u00fasica Catalana<\/strong><\/h2>\n\n\n\n<p>El <strong>Palau de la M\u00fasica Catalana<\/strong> acogi\u00f3 la segunda parte de la Diada del Farmac\u00e9utico, con el homenaje y entrega de insignias a los compa\u00f1eros\/as de las promociones <strong>de 2020, 2021 y 2022<\/strong> que celebraron <strong>50 de colegiaci\u00f3n<\/strong>. \u201cHan sido precursores de la farmacia actual, impulsores del cambio y testigos de su evoluci\u00f3n. Por supuesto, la profesi\u00f3n farmac\u00e9utica que se encuentran las actuales generaciones es gracias al legado que ha dejado ustedes durante los 50 a\u00f1os de ejercicio\u201d, manifest\u00f3 el <strong>presidente del COFB, Jordi Casas<\/strong>, durante su discurso inicial; en el que tambi\u00e9n aprovech\u00f3 para destacar \u201cla integraci\u00f3n en el sistema de salud, la coordinaci\u00f3n entre niveles asistenciales y la digitalizaci\u00f3n e innovaci\u00f3n del sector\u201d, como tres grandes objetivos estrat\u00e9gicos hacia los que debe seguir avanzando el mundo de la farmacia.<\/p>\n\n\n\n<figure class=\"wp-block-image size-large\"><img decoding=\"async\" src=\"https:\/\/blog.cofb.cat\/wp-content\/uploads\/2022\/12\/COFB_DIADA50_131222_PRESIDENT-1-1024x683.jpg\" alt=\"El president del COFB, Jordi Casas, durant l'acte d'homenatge als 50 anys de col\u00b7legiaci\u00f3.  \" class=\"wp-image-65578\" title=\"El presidente del COFB, Jordi Casas, durante el acto de homenaje a los 50 a\u00f1os de colegiaci\u00f3n.  \"\/><figcaption class=\"wp-element-caption\"> El presidente del COFB, Jordi Casas, durante el acto de homenaje a los 50 a\u00f1os de colegiaci\u00f3n.  <\/figcaption><\/figure>\n\n\n\n<p>Dos de los compa\u00f1eros\/as colegiados, <strong>Rosa Guix, de la promoci\u00f3n de 2022, y Josep Boatella, de la de 2021<\/strong>, nos cuentan su experiencia durante este medio siglo de profesi\u00f3n.<\/p>\n\n\n\n<h3 class=\"wp-block-heading\"><strong>\u201cEl contacto con la gente en el mostrador me dio la vida. Ayudar me llenaba mucho\u201d<\/strong><\/h3>\n\n\n\n<p>Rosa Guix proviene de familia de farmac\u00e9uticos, \u201cmis padres lo eran, <strong>el apellido Mestre viene de 1610 y ha ido pasando de padres a hijos<\/strong>\u201c. Cuenta que se inici\u00f3 en la profesi\u00f3n muy joven, con 21 a\u00f1os. Su madre se march\u00f3 a una farmacia que ten\u00edan en Moncada, y \u201cyo me encontr\u00e9 delante de un mostrador como dentro de una plaza de toros, porque antes no se hac\u00edan pr\u00e1cticas; fue un poco duro, pero lo cog\u00ed con mucho empuje, con mucho gusto, con mucha ilusi\u00f3n\u201d. De la profesi\u00f3n destaca <strong>\u201cel contacto con la gente, que a m\u00ed me dio vida. <\/strong>Actualmente, todav\u00eda me encuentro con amigas en la farmacia, que pas\u00e9 a mi hija, y hacemos charlas largas y caf\u00e9s. <strong>A m\u00ed el aspecto humano, el aspecto de ayudar, me llenaba mucho\u201d<\/strong>.<\/p>\n\n\n\n<figure class=\"wp-block-image size-large\"><a href=\"https:\/\/blog.cofb.cat\/wp-content\/uploads\/2022\/11\/COFB_DIADA-261022-4.jpg\" target=\"_blank\" rel=\"noopener\"><img decoding=\"async\" src=\"https:\/\/blog.cofb.cat\/wp-content\/uploads\/2022\/11\/COFB_DIADA-261022-4-1024x683.jpg\" alt=\"Rosa Guix, homenatjada pels seus 50 anys de col\u00b7legiaci\u00f3.\" class=\"wp-image-65073\" title=\"Rosa Guix, homenajeada por sus 50 a\u00f1os de colegiaci\u00f3n.\"\/><\/a><figcaption class=\"wp-element-caption\"> Rosa Guix, homenajeada por sus 50 a\u00f1os de colegiaci\u00f3n.<\/figcaption><\/figure>\n\n\n\n<p>Josep Boatella, por su parte, <strong>ha dedicado su carrera a la docencia<\/strong>, llegando a ser decano de la Facultad de Farmacia. <strong>&quot;Todos los que est\u00e1n aqu\u00ed han pasado por las clases, y cuando voy a la farmacia, a muchas me conocen&quot;<\/strong>, explica. Por lo que respecta a <strong>la evoluci\u00f3n de los estudios<\/strong>, Boatella cree que \u201cantes la formaci\u00f3n del farmac\u00e9utico era mucho m\u00e1s sencilla que la de ahora. Hoy es mucho m\u00e1s dif\u00edcil la carrera. Yo no s\u00e9 si la superar\u00eda\u201d comenta entre risas. Otra de las diferencias que ha detectado es \u201cque <strong>hubo una \u00e9poca en la que la mayor\u00eda de estudiantes, eran hijos o familiares de farmac\u00e9uticos, y ahora ya no es as\u00ed<\/strong>. Aparte, se abri\u00f3 mucho el campo: ahora est\u00e1 todo el tema de la farmacia hospitalaria, la docencia\u2026 M\u00e1s salidas\u201d.<\/p>\n\n\n\n<h3 class=\"wp-block-heading\">&#8220;<strong>En la facultad si me preguntaban si me sent\u00eda m\u00e1s profesor o farmac\u00e9utico, yo respond\u00eda &#039;farmac\u00e9utico<\/strong>&#8216;&#8221;<\/h3>\n\n\n\n<p>Por lo que respecta al reconocimiento por parte del Col\u00b7legi, ambos colegiados lo viven \"con mucha ilusi\u00f3n\". Yeso porque le evoca a su familia: \u201c<strong>recuerdo a mi madre en la \u00e9poca de las Olimpiadas, subida all\u00e1 arriba en un entarimado, en Montju\u00efc, y pens\u00e9: oh, 50 a\u00f1os\u2026 \u00a1Yo no llegar\u00e9! Qu\u00e9 gozo, qu\u00e9 honor<\/strong>!\u201d <\/p>\n\n\n\n<figure class=\"wp-block-image size-large\"><a href=\"https:\/\/blog.cofb.cat\/wp-content\/uploads\/2022\/11\/COFB_DIADA-260922-5.jpg\" target=\"_blank\" rel=\"noopener\"><img decoding=\"async\" src=\"https:\/\/blog.cofb.cat\/wp-content\/uploads\/2022\/11\/COFB_DIADA-260922-5-1024x683.jpg\" alt=\"Josep Boatella, homenatjat pels seus 50 anys de col\u00b7legiaci\u00f3.\" class=\"wp-image-65074\" title=\"Josep Boatella, homenajeado por sus 50 a\u00f1os de colegiaci\u00f3n.\"\/><\/a><figcaption class=\"wp-element-caption\"> Josep Boatella, homenajeado por sus 50 a\u00f1os de colegiaci\u00f3n.<\/figcaption><\/figure>\n\n\n\n<p>Boatella confiesa que \u201cme genera ilusi\u00f3n y cierta nostalgia\u2026 Porque veo que han pasado muchos a\u00f1os. <strong>En la facultad yo siempre preguntaba a mis compa\u00f1eros, \u00bft\u00fa qu\u00e9 te sientes m\u00e1s profesor o farmac\u00e9utico? La mayor\u00eda me llamaban profesor. Y yo respond\u00eda, pues yo farmac\u00e9utico.<\/strong> Mi padre era farmac\u00e9utico, siempre me he sentido muy farmac\u00e9utico. Y he luchado mucho. A mi modo, pero he luchado mucho por la formaci\u00f3n del farmac\u00e9utico\u201d.<\/p>\n\n\n<div class=\"destacat-blog\">\n\n\n<h2 class=\"wp-block-heading\"> <strong>Las tres promociones que han celebrado los 50 a\u00f1os de colegiaci\u00f3n, en im\u00e1genes<\/strong><\/h2>\n\n\n\n<figure class=\"wp-block-image size-large\"><a href=\"https:\/\/blog.cofb.cat\/wp-content\/uploads\/2022\/12\/COFB_DIADA50_131222_PROMOCIONS.jpg\" target=\"_blank\" rel=\"noopener\"><img decoding=\"async\" src=\"https:\/\/blog.cofb.cat\/wp-content\/uploads\/2022\/12\/COFB_DIADA50_131222_PROMOCIONS-1024x683.jpg\" alt=\"Foto de grup amb els col\u00b7legiats que celebraven 50 anys de col\u00b7legiaci\u00f3 (promoci\u00f3 2020). \" class=\"wp-image-65504\" title=\"Foto de grupo con los colegiados que celebraban 50 a\u00f1os de colegiaci\u00f3n (promoci\u00f3n 2020). \"\/><\/a><figcaption class=\"wp-element-caption\"> Foto de grupo con los colegiados que celebraban 50 a\u00f1os de colegiaci\u00f3n (promoci\u00f3n 2020). <\/figcaption><\/figure>\n\n\n\n<figure class=\"wp-block-image size-large\"><a href=\"https:\/\/blog.cofb.cat\/wp-content\/uploads\/2022\/12\/COFB_DIADA50_131222_PROMOCIONS2.jpg\" target=\"_blank\" rel=\"noopener\"><img decoding=\"async\" src=\"https:\/\/blog.cofb.cat\/wp-content\/uploads\/2022\/12\/COFB_DIADA50_131222_PROMOCIONS2-1024x683.jpg\" alt=\"Foto de grup amb els col\u00b7legiats que celebraven 50 anys de col\u00b7legiaci\u00f3 (promoci\u00f3 2021). \" class=\"wp-image-65505\" title=\"Foto de grupo con los colegiados que celebraban 50 a\u00f1os de colegiaci\u00f3n (promoci\u00f3n 2021). \"\/><\/a><figcaption class=\"wp-element-caption\"> Foto de grupo con los colegiados que celebraban 50 a\u00f1os de colegiaci\u00f3n (promoci\u00f3n 2021). <\/figcaption><\/figure>\n\n\n\n<figure class=\"wp-block-image size-large\"><a href=\"https:\/\/blog.cofb.cat\/wp-content\/uploads\/2022\/12\/COFB_DIADA50_131222_PROMOCIONS3.jpg\" target=\"_blank\" rel=\"noopener\"><img decoding=\"async\" src=\"https:\/\/blog.cofb.cat\/wp-content\/uploads\/2022\/12\/COFB_DIADA50_131222_PROMOCIONS3-1024x683.jpg\" alt=\"Foto de grup amb els col\u00b7legiats que celebraven 50 anys de col\u00b7legiaci\u00f3 (promoci\u00f3 2022). \" class=\"wp-image-65506\" title=\"Foto de grupo con los colegiados que celebraban 50 a\u00f1os de colegiaci\u00f3n (promoci\u00f3n 2022). \"\/><\/a><figcaption class=\"wp-element-caption\"> Foto de grupo con los colegiados que celebraban 50 a\u00f1os de colegiaci\u00f3n (promoci\u00f3n 2022). <\/figcaption><\/figure><\/div>\n\n\n\n<h3 class=\"wp-block-heading\"><strong>Entrega de premios y becas<\/strong> <\/h3>\n\n\n\n<p>Adicionalmente, durante el acto de celebraci\u00f3n en el Palau de la M\u00fasica Catalana, se llev\u00f3 a cabo un <strong>reconocimiento p\u00fablico a la investigaci\u00f3n<\/strong> con el <strong>entrega de diplomas <\/strong>que acreditan los trabajos premiados realizados durante 2021 ya los proyectos de investigaci\u00f3n a desarrollar durante 2021-2022. La<strong> <\/strong>Dra. Maria Rubio-Valera, fue la primera en recoger el <strong>premio al mejor art\u00edculo publicado<\/strong> en una revista de acceso abierto para \u201c<strong>\u00bfQui\u00e9n sufre la pobreza farmac\u00e9utica y cu\u00e1les son sus necesidades? Evidencia en Catalu\u00f1a\u201d<\/strong>, en representaci\u00f3n de sus autores\/as. Por otra parte, Anna Camps, recogi\u00f3, en representaci\u00f3n de sus autores\/as, el <strong>Premio al mejor proyecto comunitario para \u201cPuntuaci\u00f3n de riesgo gen\u00e9tico de gravedad de COVID-19 en pacientes positivos por SARS-CoV-2. Estudio CARGENCORS<\/strong>&#8220;.<\/p>\n\n\n\n<div class=\"wp-block-columns is-layout-flex wp-container-core-columns-is-layout-28f84493 wp-block-columns-is-layout-flex\">\n<div class=\"wp-block-column is-layout-flow wp-block-column-is-layout-flow\">\n<figure class=\"wp-block-image size-large\"><a href=\"https:\/\/blog.cofb.cat\/wp-content\/uploads\/2022\/12\/cofb.221019-a004.jpg\" target=\"_blank\" rel=\"noopener\"><img decoding=\"async\" src=\"https:\/\/blog.cofb.cat\/wp-content\/uploads\/2022\/12\/cofb.221019-a004-1024x683.jpg\" alt=\"La Dra. Maria Rubio-Valera recull el premi al millor article publicat en una revista d'acc\u00e9s obert.\" class=\"wp-image-65493\" title=\"La Dra. Maria Rubio-Valera recoge el premio al mejor art\u00edculo publicado en una revista de acceso abierto.\"\/><\/a><figcaption class=\"wp-element-caption\"> La Dra. Maria Rubio-Valera recogi\u00f3 el premio al mejor art\u00edculo publicado en una revista de acceso abierto<\/figcaption><\/figure>\n<\/div>\n\n\n\n<div class=\"wp-block-column is-layout-flow wp-block-column-is-layout-flow\">\n<figure class=\"wp-block-image size-large\"><a href=\"https:\/\/blog.cofb.cat\/wp-content\/uploads\/2022\/12\/cofb.221019-a005.jpg\" target=\"_blank\" rel=\"noopener\"><img decoding=\"async\" src=\"https:\/\/blog.cofb.cat\/wp-content\/uploads\/2022\/12\/cofb.221019-a005-1024x683.jpg\" alt=\"Anna Camps, va recollir el reconeixement en representaci\u00f3 dels seus autors\/es Premi al millor projecte comunitari.\" class=\"wp-image-65494\" title=\"Anna Camps, recogi\u00f3 el reconocimiento en representaci\u00f3n de sus autores\/as Premio al mejor proyecto comunitario.\"\/><\/a><figcaption class=\"wp-element-caption\">  La farmac\u00e9utica Anna Camps recogi\u00f3 el premio al mejor proyecto comunitario.<\/figcaption><\/figure>\n<\/div>\n\n\n\n<div class=\"wp-block-column is-layout-flow wp-block-column-is-layout-flow\">\n<figure class=\"wp-block-image size-large\"><a href=\"https:\/\/blog.cofb.cat\/wp-content\/uploads\/2022\/12\/cofb.221019-a006.jpg\" target=\"_blank\" rel=\"noopener\"><img decoding=\"async\" src=\"https:\/\/blog.cofb.cat\/wp-content\/uploads\/2022\/12\/cofb.221019-a006-1024x683.jpg\" alt=\"El Dr. Daniel Sevilla va recollir la beca per a projectes relacionats amb l'atenci\u00f3 i recerca farmac\u00e8utica.\" class=\"wp-image-65495\" title=\"El dr. Daniel Sevilla recogi\u00f3 la beca para proyectos relacionados con la atenci\u00f3n y la investigaci\u00f3n farmac\u00e9utica.\"\/><\/a><figcaption class=\"wp-element-caption\">  El dr. Daniel Sevilla recogi\u00f3 la beca para proyectos relacionados con la atenci\u00f3n y la investigaci\u00f3n farmac\u00e9utica. <\/figcaption><\/figure>\n<\/div>\n<\/div>\n\n\n\n<p>Por \u00faltimo, el dr. Daniel Sevilla recogi\u00f3 la <strong>beca para proyectos relacionados con la atenci\u00f3n e investigaci\u00f3n farmac\u00e9utica<\/strong> por \u201cImpacto de una intervenci\u00f3n multidisciplinar basada en la revisi\u00f3n centrada en la persona en pacientes institucionalizados\u201d. La Diada concluy\u00f3 la jornada a ritmo de m\u00fasica de la mano del <strong>Coro Joven del Orfe\u00f3 Catal\u00e0<\/strong>, dirigido por Pablo Larraz y Oriol Castanyer, y con Paul Perera al piano.<\/p>\n\n\n\n<figure class=\"wp-block-image size-large\"><a href=\"https:\/\/blog.cofb.cat\/wp-content\/uploads\/2022\/12\/cofb.221019-a014.jpg\" target=\"_blank\" rel=\"noopener\"><img decoding=\"async\" src=\"https:\/\/blog.cofb.cat\/wp-content\/uploads\/2022\/12\/cofb.221019-a014-1024x683.jpg\" alt=\"Actuaci\u00f3 musical del Cor Jove de l\u2019Orfe\u00f3 Catal\u00e0. \" class=\"wp-image-65499\" title=\"Actuaci\u00f3n musical del Cor Jove del Orfe\u00f3 Catal\u00e0. \"\/><\/a><figcaption class=\"wp-element-caption\">  Actuaci\u00f3n musical del Cor Jove del Orfe\u00f3 Catal\u00e0.  <\/figcaption><\/figure>","protected":false},"excerpt":{"rendered":"<p>Despu\u00e9s de dos a\u00f1os de par\u00e9ntesis por la pandemia, la Diada del Farmac\u00e9utico volvi\u00f3 para homenajear a los profesionales que cumpl\u00edan 25 y 50 a\u00f1os como colegiados y colegiadas, en dos jornadas que agruparon las promociones de 2020, 2021 y 2022 .El Hospital de Sant Pau, el 15 de [\u2026]<\/p>","protected":false},"author":1,"featured_media":67833,"comment_status":"open","ping_status":"open","sticky":false,"template":"","format":"standard","meta":{"_uag_custom_page_level_css":"","site-sidebar-layout":"default","site-content-layout":"","ast-site-content-layout":"default","site-content-style":"default","site-sidebar-style":"default","ast-global-header-display":"","ast-banner-title-visibility":"","ast-main-header-display":"","ast-hfb-above-header-display":"","ast-hfb-below-header-display":"","ast-hfb-mobile-header-display":"","site-post-title":"","ast-breadcrumbs-content":"","ast-featured-img":"disabled","footer-sml-layout":"","theme-transparent-header-meta":"","adv-header-id-meta":"","stick-header-meta":"","header-above-stick-meta":"","header-main-stick-meta":"","header-below-stick-meta":"","astra-migrate-meta-layouts":"default","ast-page-background-enabled":"default","ast-page-background-meta":{"desktop":{"background-color":"var(--ast-global-color-4)","background-image":"","background-repeat":"repeat","background-position":"center center","background-size":"auto","background-attachment":"scroll","background-type":"","background-media":"","overlay-type":"","overlay-color":"","overlay-opacity":"","overlay-gradient":""},"tablet":{"background-color":"","background-image":"","background-repeat":"repeat","background-position":"center center","background-size":"auto","background-attachment":"scroll","background-type":"","background-media":"","overlay-type":"","overlay-color":"","overlay-opacity":"","overlay-gradient":""},"mobile":{"background-color":"","background-image":"","background-repeat":"repeat","background-position":"center center","background-size":"auto","background-attachment":"scroll","background-type":"","background-media":"","overlay-type":"","overlay-color":"","overlay-opacity":"","overlay-gradient":""}},"ast-content-background-meta":{"desktop":{"background-color":"var(--ast-global-color-5)","background-image":"","background-repeat":"repeat","background-position":"center center","background-size":"auto","background-attachment":"scroll","background-type":"","background-media":"","overlay-type":"","overlay-color":"","overlay-opacity":"","overlay-gradient":""},"tablet":{"background-color":"var(--ast-global-color-5)","background-image":"","background-repeat":"repeat","background-position":"center center","background-size":"auto","background-attachment":"scroll","background-type":"","background-media":"","overlay-type":"","overlay-color":"","overlay-opacity":"","overlay-gradient":""},"mobile":{"background-color":"var(--ast-global-color-5)","background-image":"","background-repeat":"repeat","background-position":"center center","background-size":"auto","background-attachment":"scroll","background-type":"","background-media":"","overlay-type":"","overlay-color":"","overlay-opacity":"","overlay-gradient":""}},"footnotes":""},"categories":[23,57],"tags":[355,18,19,968,692,969,970,971,972,53,69,973,974],"class_list":["post-64867","post","type-post","status-publish","format-standard","has-post-thumbnail","hentry","category-destacats","category-mon-collegial","tag-beques-i-premis","tag-cofb","tag-collegi-de-farmaceutics-de-barcelona","tag-collegiacio","tag-collegiats","tag-diada","tag-diada-del-farmaceutic","tag-docencia","tag-estudis","tag-farmaceutics","tag-farmacia-comunitaria","tag-homenatge","tag-insignies"],"yoast_head":"<!-- This site is optimized with the Yoast SEO plugin v22.4 - https:\/\/yoast.com\/wordpress\/plugins\/seo\/ -->\n<title>La Diada del Farmac\u00e8utic del COFB va tornar dos anys despr\u00e9s per homenatjar als farmac\u00e8utics i farmac\u00e8utiques de tres promocions que complien 25 i 50 anys de col\u00b7legiaci\u00f3 - Col\u00b7legi de Farmac\u00e8utics de Barcelona<\/title>\n<meta name=\"description\" content=\"La Diada del Farmac\u00e8utic va tornar dos anys despr\u00e9s per homenatjar als professionals que complien 25 i 50 anys com a col\u00b7legiats i col\u00b7legiades\" \/>\n<meta name=\"robots\" content=\"index, follow, max-snippet:-1, max-image-preview:large, max-video-preview:-1\" \/>\n<link rel=\"canonical\" href=\"https:\/\/novaorg.cofb.net\/2022\/11\/14\/la-diada-del-farmaceutic-del-cofb-va-tornar-dos-anys-despres-per-homenatjar-als-farmaceutics-i-farmaceutiques-de-tres-promocions-que-complien-25-i-50-anys-de-collegiacio\/\" \/>\n<meta property=\"og:locale\" content=\"es_ES\" \/>\n<meta property=\"og:type\" content=\"article\" \/>\n<meta property=\"og:title\" content=\"La Diada del Farmac\u00e8utic del COFB va tornar dos anys despr\u00e9s per homenatjar als farmac\u00e8utics i farmac\u00e8utiques de tres promocions que complien 25 i 50 anys de col\u00b7legiaci\u00f3 - Col\u00b7legi de Farmac\u00e8utics de Barcelona\" \/>\n<meta property=\"og:description\" content=\"La Diada del Farmac\u00e8utic va tornar dos anys despr\u00e9s per homenatjar als professionals que complien 25 i 50 anys com a col\u00b7legiats i col\u00b7legiades\" \/>\n<meta property=\"og:url\" content=\"https:\/\/novaorg.cofb.net\/2022\/11\/14\/la-diada-del-farmaceutic-del-cofb-va-tornar-dos-anys-despres-per-homenatjar-als-farmaceutics-i-farmaceutiques-de-tres-promocions-que-complien-25-i-50-anys-de-collegiacio\/\" \/>\n<meta property=\"og:site_name\" content=\"Col\u00b7legi de Farmac\u00e8utics de Barcelona\" \/>\n<meta property=\"article:publisher\" content=\"https:\/\/www.facebook.com\/farmaceuticsbcn\/\" \/>\n<meta property=\"article:published_time\" content=\"2022-11-14T12:03:00+00:00\" \/>\n<meta property=\"article:modified_time\" content=\"2023-10-09T13:18:45+00:00\" \/>\n<meta property=\"og:image\" content=\"https:\/\/novaorg.cofb.net\/wp-content\/uploads\/2023\/07\/COFB_DIADA25_131222_HOSPITALSTPAU1-1024x683-1.jpg\" \/>\n\t<meta property=\"og:image:width\" content=\"1024\" \/>\n\t<meta property=\"og:image:height\" content=\"683\" \/>\n\t<meta property=\"og:image:type\" content=\"image\/jpeg\" \/>\n<meta name=\"author\" content=\"wpAdminCofbOrg\" \/>\n<meta name=\"twitter:card\" content=\"summary_large_image\" \/>\n<meta name=\"twitter:creator\" content=\"@farmaceuticsbcn\" \/>\n<meta name=\"twitter:site\" content=\"@farmaceuticsbcn\" \/>\n<meta name=\"twitter:label1\" content=\"Escrito por\" \/>\n\t<meta name=\"twitter:data1\" content=\"wpAdminCofbOrg\" \/>\n\t<meta name=\"twitter:label2\" content=\"Tiempo de lectura\" \/>\n\t<meta name=\"twitter:data2\" content=\"12 minutos\" \/>\n<script type=\"application\/ld+json\" class=\"yoast-schema-graph\">{\"@context\":\"https:\/\/schema.org\",\"@graph\":[{\"@type\":\"Article\",\"@id\":\"https:\/\/novaorg.cofb.net\/2022\/11\/14\/la-diada-del-farmaceutic-del-cofb-va-tornar-dos-anys-despres-per-homenatjar-als-farmaceutics-i-farmaceutiques-de-tres-promocions-que-complien-25-i-50-anys-de-collegiacio\/#article\",\"isPartOf\":{\"@id\":\"https:\/\/novaorg.cofb.net\/2022\/11\/14\/la-diada-del-farmaceutic-del-cofb-va-tornar-dos-anys-despres-per-homenatjar-als-farmaceutics-i-farmaceutiques-de-tres-promocions-que-complien-25-i-50-anys-de-collegiacio\/\"},\"author\":{\"name\":\"wpAdminCofbOrg\",\"@id\":\"https:\/\/www.cofb.org\/#\/schema\/person\/22ed7eea88da74b0fa4d3154ad87ffcb\"},\"headline\":\"La Diada del Farmac\u00e8utic del COFB va tornar dos anys despr\u00e9s per homenatjar als farmac\u00e8utics i farmac\u00e8utiques de tres promocions que complien 25 i 50 anys de col\u00b7legiaci\u00f3\",\"datePublished\":\"2022-11-14T12:03:00+00:00\",\"dateModified\":\"2023-10-09T13:18:45+00:00\",\"mainEntityOfPage\":{\"@id\":\"https:\/\/novaorg.cofb.net\/2022\/11\/14\/la-diada-del-farmaceutic-del-cofb-va-tornar-dos-anys-despres-per-homenatjar-als-farmaceutics-i-farmaceutiques-de-tres-promocions-que-complien-25-i-50-anys-de-collegiacio\/\"},\"wordCount\":1939,\"commentCount\":0,\"publisher\":{\"@id\":\"https:\/\/www.cofb.org\/#organization\"},\"image\":{\"@id\":\"https:\/\/novaorg.cofb.net\/2022\/11\/14\/la-diada-del-farmaceutic-del-cofb-va-tornar-dos-anys-despres-per-homenatjar-als-farmaceutics-i-farmaceutiques-de-tres-promocions-que-complien-25-i-50-anys-de-collegiacio\/#primaryimage\"},\"thumbnailUrl\":\"https:\/\/www.cofb.org\/wp-content\/uploads\/2023\/07\/COFB_DIADA25_131222_HOSPITALSTPAU1-1024x683-1.jpg\",\"keywords\":[\"beques i premis\",\"COFB\",\"Col\u00b7legi de Farmac\u00e8utics de Barcelona\",\"col\u00b7legiaci\u00f3\",\"col\u00b7legiats\",\"Diada\",\"Diada del Farmac\u00e8utic\",\"doc\u00e8ncia\",\"estudis\",\"farmac\u00e8utics\",\"farm\u00e0cia comunit\u00e0ria\",\"homenatge\",\"ins\u00edgnies\"],\"articleSection\":[\"Destacats\",\"M\u00f3n col\u00b7legial\"],\"inLanguage\":\"es\",\"potentialAction\":[{\"@type\":\"CommentAction\",\"name\":\"Comment\",\"target\":[\"https:\/\/novaorg.cofb.net\/2022\/11\/14\/la-diada-del-farmaceutic-del-cofb-va-tornar-dos-anys-despres-per-homenatjar-als-farmaceutics-i-farmaceutiques-de-tres-promocions-que-complien-25-i-50-anys-de-collegiacio\/#respond\"]}]},{\"@type\":\"WebPage\",\"@id\":\"https:\/\/novaorg.cofb.net\/2022\/11\/14\/la-diada-del-farmaceutic-del-cofb-va-tornar-dos-anys-despres-per-homenatjar-als-farmaceutics-i-farmaceutiques-de-tres-promocions-que-complien-25-i-50-anys-de-collegiacio\/\",\"url\":\"https:\/\/novaorg.cofb.net\/2022\/11\/14\/la-diada-del-farmaceutic-del-cofb-va-tornar-dos-anys-despres-per-homenatjar-als-farmaceutics-i-farmaceutiques-de-tres-promocions-que-complien-25-i-50-anys-de-collegiacio\/\",\"name\":\"La Diada del Farmac\u00e8utic del COFB va tornar dos anys despr\u00e9s per homenatjar als farmac\u00e8utics i farmac\u00e8utiques de tres promocions que complien 25 i 50 anys de col\u00b7legiaci\u00f3 - Col\u00b7legi de Farmac\u00e8utics de Barcelona\",\"isPartOf\":{\"@id\":\"https:\/\/www.cofb.org\/#website\"},\"primaryImageOfPage\":{\"@id\":\"https:\/\/novaorg.cofb.net\/2022\/11\/14\/la-diada-del-farmaceutic-del-cofb-va-tornar-dos-anys-despres-per-homenatjar-als-farmaceutics-i-farmaceutiques-de-tres-promocions-que-complien-25-i-50-anys-de-collegiacio\/#primaryimage\"},\"image\":{\"@id\":\"https:\/\/novaorg.cofb.net\/2022\/11\/14\/la-diada-del-farmaceutic-del-cofb-va-tornar-dos-anys-despres-per-homenatjar-als-farmaceutics-i-farmaceutiques-de-tres-promocions-que-complien-25-i-50-anys-de-collegiacio\/#primaryimage\"},\"thumbnailUrl\":\"https:\/\/www.cofb.org\/wp-content\/uploads\/2023\/07\/COFB_DIADA25_131222_HOSPITALSTPAU1-1024x683-1.jpg\",\"datePublished\":\"2022-11-14T12:03:00+00:00\",\"dateModified\":\"2023-10-09T13:18:45+00:00\",\"description\":\"La Diada del Farmac\u00e8utic va tornar dos anys despr\u00e9s per homenatjar als professionals que complien 25 i 50 anys com a col\u00b7legiats i col\u00b7legiades\",\"breadcrumb\":{\"@id\":\"https:\/\/novaorg.cofb.net\/2022\/11\/14\/la-diada-del-farmaceutic-del-cofb-va-tornar-dos-anys-despres-per-homenatjar-als-farmaceutics-i-farmaceutiques-de-tres-promocions-que-complien-25-i-50-anys-de-collegiacio\/#breadcrumb\"},\"inLanguage\":\"es\",\"potentialAction\":[{\"@type\":\"ReadAction\",\"target\":[\"https:\/\/novaorg.cofb.net\/2022\/11\/14\/la-diada-del-farmaceutic-del-cofb-va-tornar-dos-anys-despres-per-homenatjar-als-farmaceutics-i-farmaceutiques-de-tres-promocions-que-complien-25-i-50-anys-de-collegiacio\/\"]}]},{\"@type\":\"ImageObject\",\"inLanguage\":\"es\",\"@id\":\"https:\/\/novaorg.cofb.net\/2022\/11\/14\/la-diada-del-farmaceutic-del-cofb-va-tornar-dos-anys-despres-per-homenatjar-als-farmaceutics-i-farmaceutiques-de-tres-promocions-que-complien-25-i-50-anys-de-collegiacio\/#primaryimage\",\"url\":\"https:\/\/www.cofb.org\/wp-content\/uploads\/2023\/07\/COFB_DIADA25_131222_HOSPITALSTPAU1-1024x683-1.jpg\",\"contentUrl\":\"https:\/\/www.cofb.org\/wp-content\/uploads\/2023\/07\/COFB_DIADA25_131222_HOSPITALSTPAU1-1024x683-1.jpg\",\"width\":1024,\"height\":683},{\"@type\":\"BreadcrumbList\",\"@id\":\"https:\/\/novaorg.cofb.net\/2022\/11\/14\/la-diada-del-farmaceutic-del-cofb-va-tornar-dos-anys-despres-per-homenatjar-als-farmaceutics-i-farmaceutiques-de-tres-promocions-que-complien-25-i-50-anys-de-collegiacio\/#breadcrumb\",\"itemListElement\":[{\"@type\":\"ListItem\",\"position\":1,\"name\":\"Inici\",\"item\":\"https:\/\/novaorg.cofb.net\/\"},{\"@type\":\"ListItem\",\"position\":2,\"name\":\"La Diada del Farmac\u00e8utic del COFB va tornar dos anys despr\u00e9s per homenatjar als farmac\u00e8utics i farmac\u00e8utiques de tres promocions que complien 25 i 50 anys de col\u00b7legiaci\u00f3\"}]},{\"@type\":\"WebSite\",\"@id\":\"https:\/\/www.cofb.org\/#website\",\"url\":\"https:\/\/www.cofb.org\/\",\"name\":\"Col\u00b7legi de Farmac\u00e8utics de Barcelona\",\"description\":\"\",\"publisher\":{\"@id\":\"https:\/\/www.cofb.org\/#organization\"},\"potentialAction\":[{\"@type\":\"SearchAction\",\"target\":{\"@type\":\"EntryPoint\",\"urlTemplate\":\"https:\/\/www.cofb.org\/?s={search_term_string}\"},\"query-input\":\"required name=search_term_string\"}],\"inLanguage\":\"es\"},{\"@type\":\"Organization\",\"@id\":\"https:\/\/www.cofb.org\/#organization\",\"name\":\"Col\u00b7legi de Farmac\u00e8utics de Barcelona\",\"url\":\"https:\/\/www.cofb.org\/\",\"logo\":{\"@type\":\"ImageObject\",\"inLanguage\":\"es\",\"@id\":\"https:\/\/www.cofb.org\/#\/schema\/logo\/image\/\",\"url\":\"https:\/\/www.cofb.org\/wp-content\/uploads\/2023\/11\/cropped-Logotip-COFB.png\",\"contentUrl\":\"https:\/\/www.cofb.org\/wp-content\/uploads\/2023\/11\/cropped-Logotip-COFB.png\",\"width\":500,\"height\":105,\"caption\":\"Col\u00b7legi de Farmac\u00e8utics de Barcelona\"},\"image\":{\"@id\":\"https:\/\/www.cofb.org\/#\/schema\/logo\/image\/\"},\"sameAs\":[\"https:\/\/www.facebook.com\/farmaceuticsbcn\/\",\"https:\/\/twitter.com\/farmaceuticsbcn\",\"https:\/\/www.instagram.com\/farmaceuticsbcn\/\",\"https:\/\/www.linkedin.com\/company\/farmaceuticsbcn\/\"]},{\"@type\":\"Person\",\"@id\":\"https:\/\/www.cofb.org\/#\/schema\/person\/22ed7eea88da74b0fa4d3154ad87ffcb\",\"name\":\"wpAdminCofbOrg\",\"image\":{\"@type\":\"ImageObject\",\"inLanguage\":\"es\",\"@id\":\"https:\/\/www.cofb.org\/#\/schema\/person\/image\/\",\"url\":\"https:\/\/secure.gravatar.com\/avatar\/1721b20b3b8ca882c3b56ec6c978c594fff670e40c0718e9190eaeeb76aae7d8?s=96&d=mm&r=g\",\"contentUrl\":\"https:\/\/secure.gravatar.com\/avatar\/1721b20b3b8ca882c3b56ec6c978c594fff670e40c0718e9190eaeeb76aae7d8?s=96&d=mm&r=g\",\"caption\":\"wpAdminCofbOrg\"},\"sameAs\":[\"http:\/\/192.168.64.122\/wordpress\"],\"url\":\"https:\/\/www.cofb.org\/es\/author\/wpadmincofborg\/\"}]}<\/script>\n<!-- \/ Yoast SEO plugin. -->","yoast_head_json":{"title":"La Diada del Farmac\u00e8utic del COFB va tornar dos anys despr\u00e9s per homenatjar als farmac\u00e8utics i farmac\u00e8utiques de tres promocions que complien 25 i 50 anys de col\u00b7legiaci\u00f3 - Col\u00b7legi de Farmac\u00e8utics de Barcelona","description":"La Diada del Farmac\u00e8utic va tornar dos anys despr\u00e9s per homenatjar als professionals que complien 25 i 50 anys com a col\u00b7legiats i col\u00b7legiades","robots":{"index":"index","follow":"follow","max-snippet":"max-snippet:-1","max-image-preview":"max-image-preview:large","max-video-preview":"max-video-preview:-1"},"canonical":"https:\/\/novaorg.cofb.net\/2022\/11\/14\/la-diada-del-farmaceutic-del-cofb-va-tornar-dos-anys-despres-per-homenatjar-als-farmaceutics-i-farmaceutiques-de-tres-promocions-que-complien-25-i-50-anys-de-collegiacio\/","og_locale":"es_ES","og_type":"article","og_title":"La Diada del Farmac\u00e8utic del COFB va tornar dos anys despr\u00e9s per homenatjar als farmac\u00e8utics i farmac\u00e8utiques de tres promocions que complien 25 i 50 anys de col\u00b7legiaci\u00f3 - Col\u00b7legi de Farmac\u00e8utics de Barcelona","og_description":"La Diada del Farmac\u00e8utic va tornar dos anys despr\u00e9s per homenatjar als professionals que complien 25 i 50 anys com a col\u00b7legiats i col\u00b7legiades","og_url":"https:\/\/novaorg.cofb.net\/2022\/11\/14\/la-diada-del-farmaceutic-del-cofb-va-tornar-dos-anys-despres-per-homenatjar-als-farmaceutics-i-farmaceutiques-de-tres-promocions-que-complien-25-i-50-anys-de-collegiacio\/","og_site_name":"Col\u00b7legi de Farmac\u00e8utics de Barcelona","article_publisher":"https:\/\/www.facebook.com\/farmaceuticsbcn\/","article_published_time":"2022-11-14T12:03:00+00:00","article_modified_time":"2023-10-09T13:18:45+00:00","og_image":[{"width":1024,"height":683,"url":"https:\/\/novaorg.cofb.net\/wp-content\/uploads\/2023\/07\/COFB_DIADA25_131222_HOSPITALSTPAU1-1024x683-1.jpg","type":"image\/jpeg"}],"author":"wpAdminCofbOrg","twitter_card":"summary_large_image","twitter_creator":"@farmaceuticsbcn","twitter_site":"@farmaceuticsbcn","twitter_misc":{"Escrito por":"wpAdminCofbOrg","Tiempo de lectura":"12 minutos"},"schema":{"@context":"https:\/\/schema.org","@graph":[{"@type":"Article","@id":"https:\/\/novaorg.cofb.net\/2022\/11\/14\/la-diada-del-farmaceutic-del-cofb-va-tornar-dos-anys-despres-per-homenatjar-als-farmaceutics-i-farmaceutiques-de-tres-promocions-que-complien-25-i-50-anys-de-collegiacio\/#article","isPartOf":{"@id":"https:\/\/novaorg.cofb.net\/2022\/11\/14\/la-diada-del-farmaceutic-del-cofb-va-tornar-dos-anys-despres-per-homenatjar-als-farmaceutics-i-farmaceutiques-de-tres-promocions-que-complien-25-i-50-anys-de-collegiacio\/"},"author":{"name":"wpAdminCofbOrg","@id":"https:\/\/www.cofb.org\/#\/schema\/person\/22ed7eea88da74b0fa4d3154ad87ffcb"},"headline":"La Diada del Farmac\u00e8utic del COFB va tornar dos anys despr\u00e9s per homenatjar als farmac\u00e8utics i farmac\u00e8utiques de tres promocions que complien 25 i 50 anys de col\u00b7legiaci\u00f3","datePublished":"2022-11-14T12:03:00+00:00","dateModified":"2023-10-09T13:18:45+00:00","mainEntityOfPage":{"@id":"https:\/\/novaorg.cofb.net\/2022\/11\/14\/la-diada-del-farmaceutic-del-cofb-va-tornar-dos-anys-despres-per-homenatjar-als-farmaceutics-i-farmaceutiques-de-tres-promocions-que-complien-25-i-50-anys-de-collegiacio\/"},"wordCount":1939,"commentCount":0,"publisher":{"@id":"https:\/\/www.cofb.org\/#organization"},"image":{"@id":"https:\/\/novaorg.cofb.net\/2022\/11\/14\/la-diada-del-farmaceutic-del-cofb-va-tornar-dos-anys-despres-per-homenatjar-als-farmaceutics-i-farmaceutiques-de-tres-promocions-que-complien-25-i-50-anys-de-collegiacio\/#primaryimage"},"thumbnailUrl":"https:\/\/www.cofb.org\/wp-content\/uploads\/2023\/07\/COFB_DIADA25_131222_HOSPITALSTPAU1-1024x683-1.jpg","keywords":["beques i premis","COFB","Col\u00b7legi de Farmac\u00e8utics de Barcelona","col\u00b7legiaci\u00f3","col\u00b7legiats","Diada","Diada del Farmac\u00e8utic","doc\u00e8ncia","estudis","farmac\u00e8utics","farm\u00e0cia comunit\u00e0ria","homenatge","ins\u00edgnies"],"articleSection":["Destacats","M\u00f3n col\u00b7legial"],"inLanguage":"es","potentialAction":[{"@type":"CommentAction","name":"Comment","target":["https:\/\/novaorg.cofb.net\/2022\/11\/14\/la-diada-del-farmaceutic-del-cofb-va-tornar-dos-anys-despres-per-homenatjar-als-farmaceutics-i-farmaceutiques-de-tres-promocions-que-complien-25-i-50-anys-de-collegiacio\/#respond"]}]},{"@type":"WebPage","@id":"https:\/\/novaorg.cofb.net\/2022\/11\/14\/la-diada-del-farmaceutic-del-cofb-va-tornar-dos-anys-despres-per-homenatjar-als-farmaceutics-i-farmaceutiques-de-tres-promocions-que-complien-25-i-50-anys-de-collegiacio\/","url":"https:\/\/novaorg.cofb.net\/2022\/11\/14\/la-diada-del-farmaceutic-del-cofb-va-tornar-dos-anys-despres-per-homenatjar-als-farmaceutics-i-farmaceutiques-de-tres-promocions-que-complien-25-i-50-anys-de-collegiacio\/","name":"La Diada del Farmac\u00e8utic del COFB va tornar dos anys despr\u00e9s per homenatjar als farmac\u00e8utics i farmac\u00e8utiques de tres promocions que complien 25 i 50 anys de col\u00b7legiaci\u00f3 - Col\u00b7legi de Farmac\u00e8utics de Barcelona","isPartOf":{"@id":"https:\/\/www.cofb.org\/#website"},"primaryImageOfPage":{"@id":"https:\/\/novaorg.cofb.net\/2022\/11\/14\/la-diada-del-farmaceutic-del-cofb-va-tornar-dos-anys-despres-per-homenatjar-als-farmaceutics-i-farmaceutiques-de-tres-promocions-que-complien-25-i-50-anys-de-collegiacio\/#primaryimage"},"image":{"@id":"https:\/\/novaorg.cofb.net\/2022\/11\/14\/la-diada-del-farmaceutic-del-cofb-va-tornar-dos-anys-despres-per-homenatjar-als-farmaceutics-i-farmaceutiques-de-tres-promocions-que-complien-25-i-50-anys-de-collegiacio\/#primaryimage"},"thumbnailUrl":"https:\/\/www.cofb.org\/wp-content\/uploads\/2023\/07\/COFB_DIADA25_131222_HOSPITALSTPAU1-1024x683-1.jpg","datePublished":"2022-11-14T12:03:00+00:00","dateModified":"2023-10-09T13:18:45+00:00","description":"La Diada del Farmac\u00e8utic va tornar dos anys despr\u00e9s per homenatjar als professionals que complien 25 i 50 anys com a col\u00b7legiats i col\u00b7legiades","breadcrumb":{"@id":"https:\/\/novaorg.cofb.net\/2022\/11\/14\/la-diada-del-farmaceutic-del-cofb-va-tornar-dos-anys-despres-per-homenatjar-als-farmaceutics-i-farmaceutiques-de-tres-promocions-que-complien-25-i-50-anys-de-collegiacio\/#breadcrumb"},"inLanguage":"es","potentialAction":[{"@type":"ReadAction","target":["https:\/\/novaorg.cofb.net\/2022\/11\/14\/la-diada-del-farmaceutic-del-cofb-va-tornar-dos-anys-despres-per-homenatjar-als-farmaceutics-i-farmaceutiques-de-tres-promocions-que-complien-25-i-50-anys-de-collegiacio\/"]}]},{"@type":"ImageObject","inLanguage":"es","@id":"https:\/\/novaorg.cofb.net\/2022\/11\/14\/la-diada-del-farmaceutic-del-cofb-va-tornar-dos-anys-despres-per-homenatjar-als-farmaceutics-i-farmaceutiques-de-tres-promocions-que-complien-25-i-50-anys-de-collegiacio\/#primaryimage","url":"https:\/\/www.cofb.org\/wp-content\/uploads\/2023\/07\/COFB_DIADA25_131222_HOSPITALSTPAU1-1024x683-1.jpg","contentUrl":"https:\/\/www.cofb.org\/wp-content\/uploads\/2023\/07\/COFB_DIADA25_131222_HOSPITALSTPAU1-1024x683-1.jpg","width":1024,"height":683},{"@type":"BreadcrumbList","@id":"https:\/\/novaorg.cofb.net\/2022\/11\/14\/la-diada-del-farmaceutic-del-cofb-va-tornar-dos-anys-despres-per-homenatjar-als-farmaceutics-i-farmaceutiques-de-tres-promocions-que-complien-25-i-50-anys-de-collegiacio\/#breadcrumb","itemListElement":[{"@type":"ListItem","position":1,"name":"Inici","item":"https:\/\/novaorg.cofb.net\/"},{"@type":"ListItem","position":2,"name":"La Diada del Farmac\u00e8utic del COFB va tornar dos anys despr\u00e9s per homenatjar als farmac\u00e8utics i farmac\u00e8utiques de tres promocions que complien 25 i 50 anys de col\u00b7legiaci\u00f3"}]},{"@type":"WebSite","@id":"https:\/\/www.cofb.org\/#website","url":"https:\/\/www.cofb.org\/","name":"Col\u00b7legi de Farmac\u00e8utics de Barcelona","description":"","publisher":{"@id":"https:\/\/www.cofb.org\/#organization"},"potentialAction":[{"@type":"SearchAction","target":{"@type":"EntryPoint","urlTemplate":"https:\/\/www.cofb.org\/?s={search_term_string}"},"query-input":"required name=search_term_string"}],"inLanguage":"es"},{"@type":"Organization","@id":"https:\/\/www.cofb.org\/#organization","name":"Col\u00b7legi de Farmac\u00e8utics de Barcelona","url":"https:\/\/www.cofb.org\/","logo":{"@type":"ImageObject","inLanguage":"es","@id":"https:\/\/www.cofb.org\/#\/schema\/logo\/image\/","url":"https:\/\/www.cofb.org\/wp-content\/uploads\/2023\/11\/cropped-Logotip-COFB.png","contentUrl":"https:\/\/www.cofb.org\/wp-content\/uploads\/2023\/11\/cropped-Logotip-COFB.png","width":500,"height":105,"caption":"Col\u00b7legi de Farmac\u00e8utics de Barcelona"},"image":{"@id":"https:\/\/www.cofb.org\/#\/schema\/logo\/image\/"},"sameAs":["https:\/\/www.facebook.com\/farmaceuticsbcn\/","https:\/\/twitter.com\/farmaceuticsbcn","https:\/\/www.instagram.com\/farmaceuticsbcn\/","https:\/\/www.linkedin.com\/company\/farmaceuticsbcn\/"]},{"@type":"Person","@id":"https:\/\/www.cofb.org\/#\/schema\/person\/22ed7eea88da74b0fa4d3154ad87ffcb","name":"wpAdminCofbOrg","image":{"@type":"ImageObject","inLanguage":"es","@id":"https:\/\/www.cofb.org\/#\/schema\/person\/image\/","url":"https:\/\/secure.gravatar.com\/avatar\/1721b20b3b8ca882c3b56ec6c978c594fff670e40c0718e9190eaeeb76aae7d8?s=96&d=mm&r=g","contentUrl":"https:\/\/secure.gravatar.com\/avatar\/1721b20b3b8ca882c3b56ec6c978c594fff670e40c0718e9190eaeeb76aae7d8?s=96&d=mm&r=g","caption":"wpAdminCofbOrg"},"sameAs":["http:\/\/192.168.64.122\/wordpress"],"url":"https:\/\/www.cofb.org\/es\/author\/wpadmincofborg\/"}]}},"uagb_featured_image_src":{"full":["https:\/\/www.cofb.org\/wp-content\/uploads\/2023\/07\/COFB_DIADA25_131222_HOSPITALSTPAU1-1024x683-1.jpg",1024,683,false],"thumbnail":["https:\/\/www.cofb.org\/wp-content\/uploads\/2023\/07\/COFB_DIADA25_131222_HOSPITALSTPAU1-1024x683-1-150x150.jpg",150,150,true],"medium":["https:\/\/www.cofb.org\/wp-content\/uploads\/2023\/07\/COFB_DIADA25_131222_HOSPITALSTPAU1-1024x683-1-300x200.jpg",300,200,true],"medium_large":["https:\/\/www.cofb.org\/wp-content\/uploads\/2023\/07\/COFB_DIADA25_131222_HOSPITALSTPAU1-1024x683-1-768x512.jpg",768,512,true],"large":["https:\/\/www.cofb.org\/wp-content\/uploads\/2023\/07\/COFB_DIADA25_131222_HOSPITALSTPAU1-1024x683-1.jpg",1024,683,false],"1536x1536":["https:\/\/www.cofb.org\/wp-content\/uploads\/2023\/07\/COFB_DIADA25_131222_HOSPITALSTPAU1-1024x683-1.jpg",1024,683,false],"2048x2048":["https:\/\/www.cofb.org\/wp-content\/uploads\/2023\/07\/COFB_DIADA25_131222_HOSPITALSTPAU1-1024x683-1.jpg",1024,683,false],"trp-custom-language-flag":["https:\/\/www.cofb.org\/wp-content\/uploads\/2023\/07\/COFB_DIADA25_131222_HOSPITALSTPAU1-1024x683-1.jpg",18,12,false]},"uagb_author_info":{"display_name":"wpAdminCofbOrg","author_link":"https:\/\/www.cofb.org\/es\/author\/wpadmincofborg\/"},"uagb_comment_info":0,"uagb_excerpt":"Despr\u00e9s de dos anys de par\u00e8ntesi per la pand\u00e8mia, la Diada del Farmac\u00e8utic va tornar per homenatjar als professionals que complien 25 i 50 anys com a col\u00b7legiats i col\u00b7legiades, en dues jornades que van agrupar les promocions de 2020, 2021 i 2022. L&#8217;Hospital de Sant Pau, el 15 de [&hellip;]","_links":{"self":[{"href":"https:\/\/www.cofb.org\/es\/wp-json\/wp\/v2\/posts\/64867","targetHints":{"allow":["GET"]}}],"collection":[{"href":"https:\/\/www.cofb.org\/es\/wp-json\/wp\/v2\/posts"}],"about":[{"href":"https:\/\/www.cofb.org\/es\/wp-json\/wp\/v2\/types\/post"}],"author":[{"embeddable":true,"href":"https:\/\/www.cofb.org\/es\/wp-json\/wp\/v2\/users\/1"}],"replies":[{"embeddable":true,"href":"https:\/\/www.cofb.org\/es\/wp-json\/wp\/v2\/comments?post=64867"}],"version-history":[{"count":3,"href":"https:\/\/www.cofb.org\/es\/wp-json\/wp\/v2\/posts\/64867\/revisions"}],"predecessor-version":[{"id":68997,"href":"https:\/\/www.cofb.org\/es\/wp-json\/wp\/v2\/posts\/64867\/revisions\/68997"}],"wp:featuredmedia":[{"embeddable":true,"href":"https:\/\/www.cofb.org\/es\/wp-json\/wp\/v2\/media\/67833"}],"wp:attachment":[{"href":"https:\/\/www.cofb.org\/es\/wp-json\/wp\/v2\/media?parent=64867"}],"wp:term":[{"taxonomy":"category","embeddable":true,"href":"https:\/\/www.cofb.org\/es\/wp-json\/wp\/v2\/categories?post=64867"},{"taxonomy":"post_tag","embeddable":true,"href":"https:\/\/www.cofb.org\/es\/wp-json\/wp\/v2\/tags?post=64867"}],"curies":[{"name":"wp","href":"https:\/\/api.w.org\/{rel}","templated":true}]}}