{"id":64837,"date":"2022-11-29T15:10:51","date_gmt":"2022-11-29T13:10:51","guid":{"rendered":"https:\/\/blog.cofb.cat\/?p=64837"},"modified":"2023-10-09T13:14:45","modified_gmt":"2023-10-09T13:14:45","slug":"deteccio-i-resolucio-de-la-grip-el-refredat-i-la-covid-des-de-la-farmacia-comunitaria","status":"publish","type":"post","link":"https:\/\/www.cofb.org\/es\/2022\/11\/29\/deteccio-i-resolucio-de-la-grip-el-refredat-i-la-covid-des-de-la-farmacia-comunitaria\/","title":{"rendered":"Detecci\u00f3n y resoluci\u00f3n de la gripe, resfriado y COVID desde la farmacia comunitaria"},"content":{"rendered":"<p>El pasado 8 de noviembre, el <strong>Col\u00b7legi de Farmac\u00e8utics de Barcelona (COFB)<\/strong> organiz\u00f3 la conferencia <strong>&quot;Gripe, resfriado y COVID: detecci\u00f3n y resoluci\u00f3n en la farmacia comunitaria&quot;<\/strong>, con el patrocinio de<a href=\"https:\/\/vicks.es\/es-es\" target=\"_blank\" rel=\"noreferrer noopener\"><strong> Vicks<\/strong>.<\/a> El vocal de Oficina de Farmacia del COFB, <strong>Guillermo Bagaria<\/strong>, fue el encargado de <strong>moderar<\/strong> la <strong>sesi\u00f3n<\/strong> en formato <strong>webinar<\/strong>. Una formaci\u00f3n que imparti\u00f3 la farmac\u00e9utica comunitaria y vocal de la Junta de Gobierno del COFB, <strong>Laura Gom\u00e0<\/strong>; y el farmac\u00e9utico comunitario y vocal de Investigaci\u00f3n y Docencia del COF de Toledo, <strong>Guillermo Estrada<\/strong>.<\/p>\n\n\n\n<figure class=\"wp-block-image size-large\"><a href=\"https:\/\/blog.cofb.cat\/wp-content\/uploads\/2022\/11\/COFB_GripCovidRefredat_20221108_0.png\" target=\"_blank\" rel=\"noopener\"><img decoding=\"async\" src=\"https:\/\/blog.cofb.cat\/wp-content\/uploads\/2022\/11\/COFB_GripCovidRefredat_20221108_0-1024x576.png\" alt=\"El vocal d\u2019Oficina de Farm\u00e0cia del COFB, Guillermo Bagaria (a baix a l'esquerra), va moderar la sessi\u00f3.\" class=\"wp-image-65027\" title=\"  El vocal de Oficina de Farmacia del COFB, Guillermo Bagaria (abajo a la izquierda), moder\u00f3 su sesi\u00f3n.\"\/><\/a><figcaption class=\"wp-element-caption\"> El vocal de Oficina de Farmacia del COFB, Guillermo Bagaria (abajo a la izquierda), moder\u00f3 su sesi\u00f3n.<\/figcaption><\/figure>\n\n\n\n<p>Los <strong>objetivos principales<\/strong> de la conferencia eran ofrecer informaci\u00f3n detallada al farmac\u00e9utico para que pueda <strong>distinguir las diferentes enfermedades respiratorias del trato superior<\/strong>, que muy a menudo, tienen <strong>s\u00edntomas en com\u00fan<\/strong> y se pueden confundir. As\u00ed pues, en la conferencia se diferenciaron los s\u00edntomas de la <strong>gripe, el resfriado y la COVID<\/strong>; se explic\u00f3 el <strong>protocolo de derivaci\u00f3n<\/strong>; y se detallaron los <strong>tratamientos farmacol\u00f3gicos y fitoterap\u00e9uticos<\/strong> que se pueden aconsejar desde el<strong>oficina de farmacia<\/strong>.<\/p>\n\n\n\n<h2 class=\"wp-block-heading\"><strong>Tratamientos farmacol\u00f3gicos, fitoterap\u00e9uticos y no farmacol\u00f3gicos<\/strong><\/h2>\n\n\n\n<p>Guillermo Estrada inici\u00f3 su presentaci\u00f3n recalcando la <strong>importancia de que el farmac\u00e9utico sea cada vez m\u00e1s part\u00edcipe en la resoluci\u00f3n de las infecciones<\/strong> <strong>respiratorias<\/strong>, ya que son el principal motivo de<strong>absentismo laboral y escolar <\/strong>(entre un 10% y un 17% de las bajas laborales en Espa\u00f1a son consecuencia de la gripe estacional). Por esta raz\u00f3n, el farmac\u00e9utico comentaba que \u201cdesde la farmacia, por el hecho de <strong>no poder dispensar antibi\u00f3ticos<\/strong>, lo \u00fanico que podemos hacer es <strong>aliviar la sintomatolog\u00eda\u201d<\/strong>.<\/p>\n\n\n\n<p><strong>Estrada<\/strong> tambi\u00e9n asegur\u00f3 que se puede <strong>mitigar el potencial de la gripe<\/strong> y que \u201cahora tenemos una gran oportunidad, si lanzamos una buena campa\u00f1a de vacunaci\u00f3n y si somos efectivos. \u201cAll\u00ed en las farmacias tenemos una gran responsabilidad, no s\u00f3lo por vacunarse como sanitarios sino por concienciar a las personas de riesgo que pasan por las farmacias\u201d, se\u00f1al\u00f3.<\/p>\n\n\n\n<figure class=\"wp-block-image size-large\"><a href=\"https:\/\/blog.cofb.cat\/wp-content\/uploads\/2022\/11\/COFB_FitoterapiaInsuficienciaVenosa_20221020_3.png\" target=\"_blank\" rel=\"noopener\"><img decoding=\"async\" src=\"https:\/\/blog.cofb.cat\/wp-content\/uploads\/2022\/11\/COFB_FitoterapiaInsuficienciaVenosa_20221020_3-1024x576.png\" alt=\"Guillermo Estrada, farmac\u00e8utic comunitari i vocal d\u2019Investigaci\u00f3 i Doc\u00e8ncia del COF de Toledo, en un moment de la seva presentaci\u00f3. \" class=\"wp-image-64720\" title=\" Guillermo Estrada, farmac\u00e9utico comunitario y vocal de Investigaci\u00f3n y Docencia del COF de Toledo, en un momento de su presentaci\u00f3n. \"\/><\/a><figcaption class=\"wp-element-caption\"> Guillermo Estrada, farmac\u00e9utico comunitario y vocal de Investigaci\u00f3n y Docencia del COF de Toledo, en un momento de su presentaci\u00f3n. <\/figcaption><\/figure>\n\n\n\n<p>El farmac\u00e9utico repas\u00f3 los <strong>tratamientos<\/strong> para tratar estas enfermedades respiratorias, tratamientos <strong>farmacol\u00f3gicos<\/strong> como los analg\u00e9sicos, anest\u00e9sicos, mucol\u00edticos, descongestivos, antihistam\u00ednicos, entre otros; y los <strong>fitoterap\u00e9uticos<\/strong> como el<em>echinaccea purpurea<\/em>, <em>salix cortex<\/em>, el alcanfor o el mentol, entre otros.<\/p>\n\n\n\n<p>Por otra parte, en cuanto a los <strong>tratamientos no farmacol\u00f3gicos<\/strong>, Estrada coment\u00f3 que la <strong>calidad del sue\u00f1o<\/strong> tambi\u00e9n juega un papel importante en el <strong>contagio, el sufrimiento y la recuperaci\u00f3n de las enfermedades respiratorias<\/strong>. En este sentido, tambi\u00e9n hizo menci\u00f3n <strong>de medidas como el descanso, la buena hidrataci\u00f3n, los lavados nasales con soluciones salinas, entre otros<\/strong>.<\/p>\n\n\n\n<p>Estrada tambi\u00e9n explic\u00f3 algunos de los falsos <strong>mitos, <\/strong>entorno a las enfermedades respiratorias, como el hecho de que la vacuna de la gripe debilita al sistema inmune o que las PCR y los ant\u00edgenos no detectan la SARS CoV2.<\/p>\n\n\n<div class=\"destacat-blog\">\n\n\n<h2 class=\"wp-block-heading\"><strong>Diferencias sintomatol\u00f3gicas de la gripe, resfriado y COVID<\/strong><\/h2>\n\n\n\n<p><strong>Las enfermedades respiratorias del trato superior<\/strong> en algunas ocasiones comparten sintomatolog\u00eda, pero existen algunos aspectos diferenciadores. <strong>Guillermo Estrada<\/strong> repas\u00f3 las particularidades de cada una:<\/p>\n\n\n\n<p>Los <strong>resfriados<\/strong> est\u00e1n producidos por <strong>Rinovirus 40%, Coronavirus 20%, VRS 5%<\/strong>. Normalmente, el per\u00edodo de<strong>incubaci\u00f3n es corto<\/strong>, de 1-3 d\u00edas, y dura menos de 14 d\u00edas. Los <strong>s\u00edntomas aparecen de forma gradual <\/strong>y los m\u00e1s frecuentes son: el dolor de garganta, la rinorrea, la tos, estornudos y el malestar general. <strong>No suelen provocar fiebre ni s\u00edntomas graves<\/strong> y se resuelven por s\u00ed mismos.<\/p>\n\n\n\n<p>En cuanto a la <strong>gripe<\/strong>, se trata de una<strong> infecci\u00f3n viral<\/strong>, que muchas veces<strong> se confunde con el resfriado<\/strong>. En este caso, el per\u00edodo de<strong>incubaci\u00f3n es 1-2 d\u00edas<\/strong>, puede alargarse entre 7 y 14 d\u00edas. <strong>La gripe suele ser estacional<\/strong>, a diferencia de los resfriados. Otro hecho diferencial con los resfriados es que<strong> los s\u00edntomas aparecen de forma repentina<\/strong> y <strong>son m\u00e1s severos<\/strong>. La sintomatolog\u00eda principal de la gripe es la fiebre, el dolor de cabeza, el dolor muscular, el cansancio, la tos o el dolor abdominal.<\/p>\n\n\n\n<figure class=\"wp-block-image size-full\"><a href=\"https:\/\/blog.cofb.cat\/wp-content\/uploads\/2022\/11\/COFB_GripCovidRefredat_20221108_4.jpg\" target=\"_blank\" rel=\"noopener\"><img decoding=\"async\" src=\"https:\/\/blog.cofb.cat\/wp-content\/uploads\/2022\/11\/COFB_GripCovidRefredat_20221108_4.jpg\" alt=\"\" class=\"wp-image-65080\"\/><\/a><\/figure>\n\n\n\n<p>Las <strong>alergias<\/strong> tambi\u00e9n <strong>se pueden confundir con el resfriado<\/strong>, pero los principales elementos diferenciadores son si ha habido <strong>exposici\u00f3n con alg\u00fan elemento al\u00e9rgeno<\/strong> y que <strong>no hay per\u00edodo de incubaci\u00f3n<\/strong>. La sintomatolog\u00eda es espec\u00edfica; principalmente la alergia produce picores, estornudos, tos y trabajo respiratorio.<\/p>\n\n\n\n<p>Por \u00faltimo, la <strong>CUBIDO<\/strong> tambi\u00e9n <strong>es viral<\/strong>, tiene un<strong> per\u00edodo de incubaci\u00f3n de 2-14 d\u00edas<\/strong> (seg\u00fan la variante) y puede durar entre 7 y 25 d\u00edas. La COVID puede provocar dolor de garganta, cefalea, rinorrea, tos seca, cansancio, malestar general, febrero, p\u00e9rdida del gusto y el olfato y trabajo respiratorio.<\/p><\/div>\n\n\n\n<h2 class=\"wp-block-heading\"><strong>Incidencia de la gripe y experiencias de protocolos de actuaci\u00f3n<\/strong><\/h2>\n\n\n\n<p>La vocal de la Junta de Gobierno del COFB, <strong>Laura Gom\u00e0<\/strong>, expuso la experiencia sobre la incidencia de la gripe en las farmacias que forman parte de <strong>la red de Farmacias Centinela (FS) de Catalu\u00f1a<\/strong> que llevan a cabo una labor de farmacovigilancia, tambi\u00e9n son observatorio de medicamentos de abuso y vigilancia de Salud P\u00fablica (trastornos del sue\u00f1o y <strong>vigilancia sindr\u00f3mica de la gripe<\/strong>). Las cifras extra\u00eddas de las farmacias centinela muestran c\u00f3mo la <strong>incidencia de la gripe<\/strong> disminuy\u00f3 con <strong>el aumento de contagios de COVID<\/strong>, los a\u00f1os 2020-2021 y 2021-2022. Gom\u00e0 coment\u00f3 que la <strong>temporada de gripe 2022-2023<\/strong> &quot;se ha empezado como en temporadas anteriores a la COVID-19, pero estamos ya subiendo por encima de otros a\u00f1os, habr\u00e1 que ver c\u00f3mo se va evolucionando&quot;.<\/p>\n\n\n\n<figure class=\"wp-block-image size-full\"><a href=\"https:\/\/www.cofb.org\/wp-content\/uploads\/2023\/10\/COFB_GripCovidRefredat_20221108_3.png\" target=\"_blank\" rel=\"noopener\"><img fetchpriority=\"high\" decoding=\"async\" width=\"460\" height=\"258\" src=\"https:\/\/www.cofb.org\/wp-content\/uploads\/2023\/10\/COFB_GripCovidRefredat_20221108_3.png\" alt=\"\" class=\"wp-image-68991\" title=\" Guillermo Estrada, farmac\u00e9utico comunitario y vocal de Investigaci\u00f3n y Docencia del COF de Toledo, en un momento de su presentaci\u00f3n. \" srcset=\"https:\/\/www.cofb.org\/wp-content\/uploads\/2023\/10\/COFB_GripCovidRefredat_20221108_3.png 460w, https:\/\/www.cofb.org\/wp-content\/uploads\/2023\/10\/COFB_GripCovidRefredat_20221108_3-300x168.png 300w, https:\/\/www.cofb.org\/wp-content\/uploads\/2023\/10\/COFB_GripCovidRefredat_20221108_3-18x10.png 18w\" sizes=\"(max-width: 460px) 100vw, 460px\" \/><\/a><figcaption class=\"wp-element-caption\">  La vocal de la Junta de Gobierno del COFB, Laura Gom\u00e0, durante su presentaci\u00f3n. <\/figcaption><\/figure>\n\n\n\n<p>Por \u00faltimo, <strong>Gom\u00e0<\/strong> cont\u00f3 dos <strong>experiencias de protocolos de actuaci\u00f3n<\/strong>: el <strong>protocolo de derivaci\u00f3n COVID19<\/strong>, el<strong> JoDIC<\/strong>, que consist\u00eda en derivar, informar y concienciar a la poblaci\u00f3n desde la farmacia comunitaria para cortar la cadena de transmisi\u00f3n de la COVID-19; y el <strong>protocolo de detecci\u00f3n y derivaci\u00f3n COVID persistente, <\/strong>que seg\u00fan comentaba Gom\u00e0 &quot;es un proyecto que est\u00e1 en estudio y que est\u00e1n pendientes de ver la viabilidad para continuarlo&quot;.<\/p>\n\n\n\n<div class=\"wp-block-columns is-layout-flex wp-container-core-columns-is-layout-28f84493 wp-block-columns-is-layout-flex\">\n<div class=\"wp-block-column is-layout-flow wp-block-column-is-layout-flow\"><\/div>\n\n\n\n<div class=\"wp-block-column is-layout-flow wp-block-column-is-layout-flow\"><\/div>\n\n\n\n<div class=\"wp-block-column is-layout-flow wp-block-column-is-layout-flow\">\n<p class=\"has-text-align-right\"><strong>Con el patrocinio de:<\/strong><\/p>\n\n\n\n<p> <figure class=\"wp-block-image alignright size-thumbnail\"><a rel=\"noopener\" href=\"https:\/\/vicks.es\/es-es\" target=\"_blank\"><img decoding=\"async\" class=\"wp-image-64839\" src=\"https:\/\/blog.cofb.cat\/wp-content\/uploads\/2022\/11\/VICKS_logo_transparent-150x150.png\" alt=\"\"><\/a><\/figure> <\/p>\n<\/div>\n<\/div>","protected":false},"excerpt":{"rendered":"<p>El pasado 8 de noviembre, el Colegio de Farmac\u00e9uticos de Barcelona (COFB) organiz\u00f3 la conferencia &quot;Gripe, resfriado y COVID: detecci\u00f3n y resoluci\u00f3n en la farmacia comunitaria&quot;, con el patrocinio de Vicks. El vocal de Oficina de Farmacia del COFB, Guillermo Bagaria, fue el encargado de moderar la sesi\u00f3n en formato [\u2026]<\/p>","protected":false},"author":1,"featured_media":67827,"comment_status":"open","ping_status":"open","sticky":false,"template":"","format":"standard","meta":{"_uag_custom_page_level_css":"","site-sidebar-layout":"default","site-content-layout":"","ast-site-content-layout":"default","site-content-style":"default","site-sidebar-style":"default","ast-global-header-display":"","ast-banner-title-visibility":"","ast-main-header-display":"","ast-hfb-above-header-display":"","ast-hfb-below-header-display":"","ast-hfb-mobile-header-display":"","site-post-title":"","ast-breadcrumbs-content":"","ast-featured-img":"disabled","footer-sml-layout":"","theme-transparent-header-meta":"","adv-header-id-meta":"","stick-header-meta":"","header-above-stick-meta":"","header-main-stick-meta":"","header-below-stick-meta":"","astra-migrate-meta-layouts":"default","ast-page-background-enabled":"default","ast-page-background-meta":{"desktop":{"background-color":"var(--ast-global-color-4)","background-image":"","background-repeat":"repeat","background-position":"center center","background-size":"auto","background-attachment":"scroll","background-type":"","background-media":"","overlay-type":"","overlay-color":"","overlay-opacity":"","overlay-gradient":""},"tablet":{"background-color":"","background-image":"","background-repeat":"repeat","background-position":"center center","background-size":"auto","background-attachment":"scroll","background-type":"","background-media":"","overlay-type":"","overlay-color":"","overlay-opacity":"","overlay-gradient":""},"mobile":{"background-color":"","background-image":"","background-repeat":"repeat","background-position":"center center","background-size":"auto","background-attachment":"scroll","background-type":"","background-media":"","overlay-type":"","overlay-color":"","overlay-opacity":"","overlay-gradient":""}},"ast-content-background-meta":{"desktop":{"background-color":"var(--ast-global-color-5)","background-image":"","background-repeat":"repeat","background-position":"center center","background-size":"auto","background-attachment":"scroll","background-type":"","background-media":"","overlay-type":"","overlay-color":"","overlay-opacity":"","overlay-gradient":""},"tablet":{"background-color":"var(--ast-global-color-5)","background-image":"","background-repeat":"repeat","background-position":"center center","background-size":"auto","background-attachment":"scroll","background-type":"","background-media":"","overlay-type":"","overlay-color":"","overlay-opacity":"","overlay-gradient":""},"mobile":{"background-color":"var(--ast-global-color-5)","background-image":"","background-repeat":"repeat","background-position":"center center","background-size":"auto","background-attachment":"scroll","background-type":"","background-media":"","overlay-type":"","overlay-color":"","overlay-opacity":"","overlay-gradient":""}},"footnotes":""},"categories":[23,57],"tags":[64,18,19,520,963,53,68,69,964,965,226,76,966,78,967,337],"class_list":["post-64837","post","type-post","status-publish","format-standard","has-post-thumbnail","hentry","category-destacats","category-mon-collegial","tag-atencio-farmaceutica","tag-cofb","tag-collegi-de-farmaceutics-de-barcelona","tag-conferencia","tag-covid19","tag-farmaceutics","tag-farmacia","tag-farmacia-comunitaria","tag-grip","tag-grip-i-refredat","tag-malalties-respiratories","tag-oficina-de-farmacia","tag-refredat","tag-tractament-farmacologic","tag-tractament-fitoterapeutic","tag-webinar"],"yoast_head":"<!-- This site is optimized with the Yoast SEO plugin v22.4 - https:\/\/yoast.com\/wordpress\/plugins\/seo\/ -->\n<title>Detecci\u00f3 i resoluci\u00f3 de la grip, el refredat i la COVID des de la farm\u00e0cia comunit\u00e0ria - Col\u00b7legi de Farmac\u00e8utics de Barcelona<\/title>\n<meta name=\"description\" content=\"El passat 8 de novembre, el COFB va organitzar la confer\u00e8ncia \u201cGrip, refredat i COVID: detecci\u00f3 i resoluci\u00f3 en la farm\u00e0cia comunit\u00e0ria\u201d, amb el patrocini de Laboratorios Vicks.\" \/>\n<meta name=\"robots\" content=\"index, follow, max-snippet:-1, max-image-preview:large, max-video-preview:-1\" \/>\n<link rel=\"canonical\" href=\"https:\/\/novaorg.cofb.net\/2022\/11\/29\/deteccio-i-resolucio-de-la-grip-el-refredat-i-la-covid-des-de-la-farmacia-comunitaria\/\" \/>\n<meta property=\"og:locale\" content=\"es_ES\" \/>\n<meta property=\"og:type\" content=\"article\" \/>\n<meta property=\"og:title\" content=\"Detecci\u00f3 i resoluci\u00f3 de la grip, el refredat i la COVID des de la farm\u00e0cia comunit\u00e0ria - Col\u00b7legi de Farmac\u00e8utics de Barcelona\" \/>\n<meta property=\"og:description\" content=\"El passat 8 de novembre, el COFB va organitzar la confer\u00e8ncia \u201cGrip, refredat i COVID: detecci\u00f3 i resoluci\u00f3 en la farm\u00e0cia comunit\u00e0ria\u201d, amb el patrocini de Laboratorios Vicks.\" \/>\n<meta property=\"og:url\" content=\"https:\/\/novaorg.cofb.net\/2022\/11\/29\/deteccio-i-resolucio-de-la-grip-el-refredat-i-la-covid-des-de-la-farmacia-comunitaria\/\" \/>\n<meta property=\"og:site_name\" content=\"Col\u00b7legi de Farmac\u00e8utics de Barcelona\" \/>\n<meta property=\"article:publisher\" content=\"https:\/\/www.facebook.com\/farmaceuticsbcn\/\" \/>\n<meta property=\"article:published_time\" content=\"2022-11-29T13:10:51+00:00\" \/>\n<meta property=\"article:modified_time\" content=\"2023-10-09T13:14:45+00:00\" \/>\n<meta property=\"og:image\" content=\"https:\/\/novaorg.cofb.net\/wp-content\/uploads\/2023\/07\/COFB_GripCovidRefredat_20221108_0-1024x576-1.png\" \/>\n\t<meta property=\"og:image:width\" content=\"1024\" \/>\n\t<meta property=\"og:image:height\" content=\"576\" \/>\n\t<meta property=\"og:image:type\" content=\"image\/png\" \/>\n<meta name=\"author\" content=\"wpAdminCofbOrg\" \/>\n<meta name=\"twitter:card\" content=\"summary_large_image\" \/>\n<meta name=\"twitter:creator\" content=\"@farmaceuticsbcn\" \/>\n<meta name=\"twitter:site\" content=\"@farmaceuticsbcn\" \/>\n<meta name=\"twitter:label1\" content=\"Escrito por\" \/>\n\t<meta name=\"twitter:data1\" content=\"wpAdminCofbOrg\" \/>\n\t<meta name=\"twitter:label2\" content=\"Tiempo de lectura\" \/>\n\t<meta name=\"twitter:data2\" content=\"6 minutos\" \/>\n<script type=\"application\/ld+json\" class=\"yoast-schema-graph\">{\"@context\":\"https:\/\/schema.org\",\"@graph\":[{\"@type\":\"Article\",\"@id\":\"https:\/\/novaorg.cofb.net\/2022\/11\/29\/deteccio-i-resolucio-de-la-grip-el-refredat-i-la-covid-des-de-la-farmacia-comunitaria\/#article\",\"isPartOf\":{\"@id\":\"https:\/\/novaorg.cofb.net\/2022\/11\/29\/deteccio-i-resolucio-de-la-grip-el-refredat-i-la-covid-des-de-la-farmacia-comunitaria\/\"},\"author\":{\"name\":\"wpAdminCofbOrg\",\"@id\":\"https:\/\/www.cofb.org\/#\/schema\/person\/22ed7eea88da74b0fa4d3154ad87ffcb\"},\"headline\":\"Detecci\u00f3 i resoluci\u00f3 de la grip, el refredat i la COVID des de la farm\u00e0cia comunit\u00e0ria\",\"datePublished\":\"2022-11-29T13:10:51+00:00\",\"dateModified\":\"2023-10-09T13:14:45+00:00\",\"mainEntityOfPage\":{\"@id\":\"https:\/\/novaorg.cofb.net\/2022\/11\/29\/deteccio-i-resolucio-de-la-grip-el-refredat-i-la-covid-des-de-la-farmacia-comunitaria\/\"},\"wordCount\":1103,\"commentCount\":0,\"publisher\":{\"@id\":\"https:\/\/www.cofb.org\/#organization\"},\"image\":{\"@id\":\"https:\/\/novaorg.cofb.net\/2022\/11\/29\/deteccio-i-resolucio-de-la-grip-el-refredat-i-la-covid-des-de-la-farmacia-comunitaria\/#primaryimage\"},\"thumbnailUrl\":\"https:\/\/www.cofb.org\/wp-content\/uploads\/2023\/07\/COFB_GripCovidRefredat_20221108_0-1024x576-1.png\",\"keywords\":[\"Atenci\u00f3 farmac\u00e8utica\",\"COFB\",\"Col\u00b7legi de Farmac\u00e8utics de Barcelona\",\"confer\u00e8ncia\",\"COVID19\",\"farmac\u00e8utics\",\"Farm\u00e0cia\",\"farm\u00e0cia comunit\u00e0ria\",\"Grip\",\"grip i refredat\",\"malalties respirat\u00f2ries\",\"Oficina de farm\u00e0cia\",\"refredat\",\"tractament farmacol\u00f2gic\",\"tractament fitoterap\u00e8utic\",\"webinar\"],\"articleSection\":[\"Destacats\",\"M\u00f3n col\u00b7legial\"],\"inLanguage\":\"es\",\"potentialAction\":[{\"@type\":\"CommentAction\",\"name\":\"Comment\",\"target\":[\"https:\/\/novaorg.cofb.net\/2022\/11\/29\/deteccio-i-resolucio-de-la-grip-el-refredat-i-la-covid-des-de-la-farmacia-comunitaria\/#respond\"]}]},{\"@type\":\"WebPage\",\"@id\":\"https:\/\/novaorg.cofb.net\/2022\/11\/29\/deteccio-i-resolucio-de-la-grip-el-refredat-i-la-covid-des-de-la-farmacia-comunitaria\/\",\"url\":\"https:\/\/novaorg.cofb.net\/2022\/11\/29\/deteccio-i-resolucio-de-la-grip-el-refredat-i-la-covid-des-de-la-farmacia-comunitaria\/\",\"name\":\"Detecci\u00f3 i resoluci\u00f3 de la grip, el refredat i la COVID des de la farm\u00e0cia comunit\u00e0ria - Col\u00b7legi de Farmac\u00e8utics de Barcelona\",\"isPartOf\":{\"@id\":\"https:\/\/www.cofb.org\/#website\"},\"primaryImageOfPage\":{\"@id\":\"https:\/\/novaorg.cofb.net\/2022\/11\/29\/deteccio-i-resolucio-de-la-grip-el-refredat-i-la-covid-des-de-la-farmacia-comunitaria\/#primaryimage\"},\"image\":{\"@id\":\"https:\/\/novaorg.cofb.net\/2022\/11\/29\/deteccio-i-resolucio-de-la-grip-el-refredat-i-la-covid-des-de-la-farmacia-comunitaria\/#primaryimage\"},\"thumbnailUrl\":\"https:\/\/www.cofb.org\/wp-content\/uploads\/2023\/07\/COFB_GripCovidRefredat_20221108_0-1024x576-1.png\",\"datePublished\":\"2022-11-29T13:10:51+00:00\",\"dateModified\":\"2023-10-09T13:14:45+00:00\",\"description\":\"El passat 8 de novembre, el COFB va organitzar la confer\u00e8ncia \u201cGrip, refredat i COVID: detecci\u00f3 i resoluci\u00f3 en la farm\u00e0cia comunit\u00e0ria\u201d, amb el patrocini de Laboratorios Vicks.\",\"breadcrumb\":{\"@id\":\"https:\/\/novaorg.cofb.net\/2022\/11\/29\/deteccio-i-resolucio-de-la-grip-el-refredat-i-la-covid-des-de-la-farmacia-comunitaria\/#breadcrumb\"},\"inLanguage\":\"es\",\"potentialAction\":[{\"@type\":\"ReadAction\",\"target\":[\"https:\/\/novaorg.cofb.net\/2022\/11\/29\/deteccio-i-resolucio-de-la-grip-el-refredat-i-la-covid-des-de-la-farmacia-comunitaria\/\"]}]},{\"@type\":\"ImageObject\",\"inLanguage\":\"es\",\"@id\":\"https:\/\/novaorg.cofb.net\/2022\/11\/29\/deteccio-i-resolucio-de-la-grip-el-refredat-i-la-covid-des-de-la-farmacia-comunitaria\/#primaryimage\",\"url\":\"https:\/\/www.cofb.org\/wp-content\/uploads\/2023\/07\/COFB_GripCovidRefredat_20221108_0-1024x576-1.png\",\"contentUrl\":\"https:\/\/www.cofb.org\/wp-content\/uploads\/2023\/07\/COFB_GripCovidRefredat_20221108_0-1024x576-1.png\",\"width\":1024,\"height\":576},{\"@type\":\"BreadcrumbList\",\"@id\":\"https:\/\/novaorg.cofb.net\/2022\/11\/29\/deteccio-i-resolucio-de-la-grip-el-refredat-i-la-covid-des-de-la-farmacia-comunitaria\/#breadcrumb\",\"itemListElement\":[{\"@type\":\"ListItem\",\"position\":1,\"name\":\"Inici\",\"item\":\"https:\/\/novaorg.cofb.net\/\"},{\"@type\":\"ListItem\",\"position\":2,\"name\":\"Detecci\u00f3 i resoluci\u00f3 de la grip, el refredat i la COVID des de la farm\u00e0cia comunit\u00e0ria\"}]},{\"@type\":\"WebSite\",\"@id\":\"https:\/\/www.cofb.org\/#website\",\"url\":\"https:\/\/www.cofb.org\/\",\"name\":\"Col\u00b7legi de Farmac\u00e8utics de Barcelona\",\"description\":\"\",\"publisher\":{\"@id\":\"https:\/\/www.cofb.org\/#organization\"},\"potentialAction\":[{\"@type\":\"SearchAction\",\"target\":{\"@type\":\"EntryPoint\",\"urlTemplate\":\"https:\/\/www.cofb.org\/?s={search_term_string}\"},\"query-input\":\"required name=search_term_string\"}],\"inLanguage\":\"es\"},{\"@type\":\"Organization\",\"@id\":\"https:\/\/www.cofb.org\/#organization\",\"name\":\"Col\u00b7legi de Farmac\u00e8utics de Barcelona\",\"url\":\"https:\/\/www.cofb.org\/\",\"logo\":{\"@type\":\"ImageObject\",\"inLanguage\":\"es\",\"@id\":\"https:\/\/www.cofb.org\/#\/schema\/logo\/image\/\",\"url\":\"https:\/\/www.cofb.org\/wp-content\/uploads\/2023\/11\/cropped-Logotip-COFB.png\",\"contentUrl\":\"https:\/\/www.cofb.org\/wp-content\/uploads\/2023\/11\/cropped-Logotip-COFB.png\",\"width\":500,\"height\":105,\"caption\":\"Col\u00b7legi de Farmac\u00e8utics de Barcelona\"},\"image\":{\"@id\":\"https:\/\/www.cofb.org\/#\/schema\/logo\/image\/\"},\"sameAs\":[\"https:\/\/www.facebook.com\/farmaceuticsbcn\/\",\"https:\/\/twitter.com\/farmaceuticsbcn\",\"https:\/\/www.instagram.com\/farmaceuticsbcn\/\",\"https:\/\/www.linkedin.com\/company\/farmaceuticsbcn\/\"]},{\"@type\":\"Person\",\"@id\":\"https:\/\/www.cofb.org\/#\/schema\/person\/22ed7eea88da74b0fa4d3154ad87ffcb\",\"name\":\"wpAdminCofbOrg\",\"image\":{\"@type\":\"ImageObject\",\"inLanguage\":\"es\",\"@id\":\"https:\/\/www.cofb.org\/#\/schema\/person\/image\/\",\"url\":\"https:\/\/secure.gravatar.com\/avatar\/1721b20b3b8ca882c3b56ec6c978c594fff670e40c0718e9190eaeeb76aae7d8?s=96&d=mm&r=g\",\"contentUrl\":\"https:\/\/secure.gravatar.com\/avatar\/1721b20b3b8ca882c3b56ec6c978c594fff670e40c0718e9190eaeeb76aae7d8?s=96&d=mm&r=g\",\"caption\":\"wpAdminCofbOrg\"},\"sameAs\":[\"http:\/\/192.168.64.122\/wordpress\"],\"url\":\"https:\/\/www.cofb.org\/es\/author\/wpadmincofborg\/\"}]}<\/script>\n<!-- \/ Yoast SEO plugin. -->","yoast_head_json":{"title":"Detecci\u00f3 i resoluci\u00f3 de la grip, el refredat i la COVID des de la farm\u00e0cia comunit\u00e0ria - Col\u00b7legi de Farmac\u00e8utics de Barcelona","description":"El passat 8 de novembre, el COFB va organitzar la confer\u00e8ncia \u201cGrip, refredat i COVID: detecci\u00f3 i resoluci\u00f3 en la farm\u00e0cia comunit\u00e0ria\u201d, amb el patrocini de Laboratorios Vicks.","robots":{"index":"index","follow":"follow","max-snippet":"max-snippet:-1","max-image-preview":"max-image-preview:large","max-video-preview":"max-video-preview:-1"},"canonical":"https:\/\/novaorg.cofb.net\/2022\/11\/29\/deteccio-i-resolucio-de-la-grip-el-refredat-i-la-covid-des-de-la-farmacia-comunitaria\/","og_locale":"es_ES","og_type":"article","og_title":"Detecci\u00f3 i resoluci\u00f3 de la grip, el refredat i la COVID des de la farm\u00e0cia comunit\u00e0ria - Col\u00b7legi de Farmac\u00e8utics de Barcelona","og_description":"El passat 8 de novembre, el COFB va organitzar la confer\u00e8ncia \u201cGrip, refredat i COVID: detecci\u00f3 i resoluci\u00f3 en la farm\u00e0cia comunit\u00e0ria\u201d, amb el patrocini de Laboratorios Vicks.","og_url":"https:\/\/novaorg.cofb.net\/2022\/11\/29\/deteccio-i-resolucio-de-la-grip-el-refredat-i-la-covid-des-de-la-farmacia-comunitaria\/","og_site_name":"Col\u00b7legi de Farmac\u00e8utics de Barcelona","article_publisher":"https:\/\/www.facebook.com\/farmaceuticsbcn\/","article_published_time":"2022-11-29T13:10:51+00:00","article_modified_time":"2023-10-09T13:14:45+00:00","og_image":[{"width":1024,"height":576,"url":"https:\/\/novaorg.cofb.net\/wp-content\/uploads\/2023\/07\/COFB_GripCovidRefredat_20221108_0-1024x576-1.png","type":"image\/png"}],"author":"wpAdminCofbOrg","twitter_card":"summary_large_image","twitter_creator":"@farmaceuticsbcn","twitter_site":"@farmaceuticsbcn","twitter_misc":{"Escrito por":"wpAdminCofbOrg","Tiempo de lectura":"6 minutos"},"schema":{"@context":"https:\/\/schema.org","@graph":[{"@type":"Article","@id":"https:\/\/novaorg.cofb.net\/2022\/11\/29\/deteccio-i-resolucio-de-la-grip-el-refredat-i-la-covid-des-de-la-farmacia-comunitaria\/#article","isPartOf":{"@id":"https:\/\/novaorg.cofb.net\/2022\/11\/29\/deteccio-i-resolucio-de-la-grip-el-refredat-i-la-covid-des-de-la-farmacia-comunitaria\/"},"author":{"name":"wpAdminCofbOrg","@id":"https:\/\/www.cofb.org\/#\/schema\/person\/22ed7eea88da74b0fa4d3154ad87ffcb"},"headline":"Detecci\u00f3 i resoluci\u00f3 de la grip, el refredat i la COVID des de la farm\u00e0cia comunit\u00e0ria","datePublished":"2022-11-29T13:10:51+00:00","dateModified":"2023-10-09T13:14:45+00:00","mainEntityOfPage":{"@id":"https:\/\/novaorg.cofb.net\/2022\/11\/29\/deteccio-i-resolucio-de-la-grip-el-refredat-i-la-covid-des-de-la-farmacia-comunitaria\/"},"wordCount":1103,"commentCount":0,"publisher":{"@id":"https:\/\/www.cofb.org\/#organization"},"image":{"@id":"https:\/\/novaorg.cofb.net\/2022\/11\/29\/deteccio-i-resolucio-de-la-grip-el-refredat-i-la-covid-des-de-la-farmacia-comunitaria\/#primaryimage"},"thumbnailUrl":"https:\/\/www.cofb.org\/wp-content\/uploads\/2023\/07\/COFB_GripCovidRefredat_20221108_0-1024x576-1.png","keywords":["Atenci\u00f3 farmac\u00e8utica","COFB","Col\u00b7legi de Farmac\u00e8utics de Barcelona","confer\u00e8ncia","COVID19","farmac\u00e8utics","Farm\u00e0cia","farm\u00e0cia comunit\u00e0ria","Grip","grip i refredat","malalties respirat\u00f2ries","Oficina de farm\u00e0cia","refredat","tractament farmacol\u00f2gic","tractament fitoterap\u00e8utic","webinar"],"articleSection":["Destacats","M\u00f3n col\u00b7legial"],"inLanguage":"es","potentialAction":[{"@type":"CommentAction","name":"Comment","target":["https:\/\/novaorg.cofb.net\/2022\/11\/29\/deteccio-i-resolucio-de-la-grip-el-refredat-i-la-covid-des-de-la-farmacia-comunitaria\/#respond"]}]},{"@type":"WebPage","@id":"https:\/\/novaorg.cofb.net\/2022\/11\/29\/deteccio-i-resolucio-de-la-grip-el-refredat-i-la-covid-des-de-la-farmacia-comunitaria\/","url":"https:\/\/novaorg.cofb.net\/2022\/11\/29\/deteccio-i-resolucio-de-la-grip-el-refredat-i-la-covid-des-de-la-farmacia-comunitaria\/","name":"Detecci\u00f3 i resoluci\u00f3 de la grip, el refredat i la COVID des de la farm\u00e0cia comunit\u00e0ria - Col\u00b7legi de Farmac\u00e8utics de Barcelona","isPartOf":{"@id":"https:\/\/www.cofb.org\/#website"},"primaryImageOfPage":{"@id":"https:\/\/novaorg.cofb.net\/2022\/11\/29\/deteccio-i-resolucio-de-la-grip-el-refredat-i-la-covid-des-de-la-farmacia-comunitaria\/#primaryimage"},"image":{"@id":"https:\/\/novaorg.cofb.net\/2022\/11\/29\/deteccio-i-resolucio-de-la-grip-el-refredat-i-la-covid-des-de-la-farmacia-comunitaria\/#primaryimage"},"thumbnailUrl":"https:\/\/www.cofb.org\/wp-content\/uploads\/2023\/07\/COFB_GripCovidRefredat_20221108_0-1024x576-1.png","datePublished":"2022-11-29T13:10:51+00:00","dateModified":"2023-10-09T13:14:45+00:00","description":"El passat 8 de novembre, el COFB va organitzar la confer\u00e8ncia \u201cGrip, refredat i COVID: detecci\u00f3 i resoluci\u00f3 en la farm\u00e0cia comunit\u00e0ria\u201d, amb el patrocini de Laboratorios Vicks.","breadcrumb":{"@id":"https:\/\/novaorg.cofb.net\/2022\/11\/29\/deteccio-i-resolucio-de-la-grip-el-refredat-i-la-covid-des-de-la-farmacia-comunitaria\/#breadcrumb"},"inLanguage":"es","potentialAction":[{"@type":"ReadAction","target":["https:\/\/novaorg.cofb.net\/2022\/11\/29\/deteccio-i-resolucio-de-la-grip-el-refredat-i-la-covid-des-de-la-farmacia-comunitaria\/"]}]},{"@type":"ImageObject","inLanguage":"es","@id":"https:\/\/novaorg.cofb.net\/2022\/11\/29\/deteccio-i-resolucio-de-la-grip-el-refredat-i-la-covid-des-de-la-farmacia-comunitaria\/#primaryimage","url":"https:\/\/www.cofb.org\/wp-content\/uploads\/2023\/07\/COFB_GripCovidRefredat_20221108_0-1024x576-1.png","contentUrl":"https:\/\/www.cofb.org\/wp-content\/uploads\/2023\/07\/COFB_GripCovidRefredat_20221108_0-1024x576-1.png","width":1024,"height":576},{"@type":"BreadcrumbList","@id":"https:\/\/novaorg.cofb.net\/2022\/11\/29\/deteccio-i-resolucio-de-la-grip-el-refredat-i-la-covid-des-de-la-farmacia-comunitaria\/#breadcrumb","itemListElement":[{"@type":"ListItem","position":1,"name":"Inici","item":"https:\/\/novaorg.cofb.net\/"},{"@type":"ListItem","position":2,"name":"Detecci\u00f3 i resoluci\u00f3 de la grip, el refredat i la COVID des de la farm\u00e0cia comunit\u00e0ria"}]},{"@type":"WebSite","@id":"https:\/\/www.cofb.org\/#website","url":"https:\/\/www.cofb.org\/","name":"Col\u00b7legi de Farmac\u00e8utics de Barcelona","description":"","publisher":{"@id":"https:\/\/www.cofb.org\/#organization"},"potentialAction":[{"@type":"SearchAction","target":{"@type":"EntryPoint","urlTemplate":"https:\/\/www.cofb.org\/?s={search_term_string}"},"query-input":"required name=search_term_string"}],"inLanguage":"es"},{"@type":"Organization","@id":"https:\/\/www.cofb.org\/#organization","name":"Col\u00b7legi de Farmac\u00e8utics de Barcelona","url":"https:\/\/www.cofb.org\/","logo":{"@type":"ImageObject","inLanguage":"es","@id":"https:\/\/www.cofb.org\/#\/schema\/logo\/image\/","url":"https:\/\/www.cofb.org\/wp-content\/uploads\/2023\/11\/cropped-Logotip-COFB.png","contentUrl":"https:\/\/www.cofb.org\/wp-content\/uploads\/2023\/11\/cropped-Logotip-COFB.png","width":500,"height":105,"caption":"Col\u00b7legi de Farmac\u00e8utics de Barcelona"},"image":{"@id":"https:\/\/www.cofb.org\/#\/schema\/logo\/image\/"},"sameAs":["https:\/\/www.facebook.com\/farmaceuticsbcn\/","https:\/\/twitter.com\/farmaceuticsbcn","https:\/\/www.instagram.com\/farmaceuticsbcn\/","https:\/\/www.linkedin.com\/company\/farmaceuticsbcn\/"]},{"@type":"Person","@id":"https:\/\/www.cofb.org\/#\/schema\/person\/22ed7eea88da74b0fa4d3154ad87ffcb","name":"wpAdminCofbOrg","image":{"@type":"ImageObject","inLanguage":"es","@id":"https:\/\/www.cofb.org\/#\/schema\/person\/image\/","url":"https:\/\/secure.gravatar.com\/avatar\/1721b20b3b8ca882c3b56ec6c978c594fff670e40c0718e9190eaeeb76aae7d8?s=96&d=mm&r=g","contentUrl":"https:\/\/secure.gravatar.com\/avatar\/1721b20b3b8ca882c3b56ec6c978c594fff670e40c0718e9190eaeeb76aae7d8?s=96&d=mm&r=g","caption":"wpAdminCofbOrg"},"sameAs":["http:\/\/192.168.64.122\/wordpress"],"url":"https:\/\/www.cofb.org\/es\/author\/wpadmincofborg\/"}]}},"uagb_featured_image_src":{"full":["https:\/\/www.cofb.org\/wp-content\/uploads\/2023\/07\/COFB_GripCovidRefredat_20221108_0-1024x576-1.png",1024,576,false],"thumbnail":["https:\/\/www.cofb.org\/wp-content\/uploads\/2023\/07\/COFB_GripCovidRefredat_20221108_0-1024x576-1-150x150.png",150,150,true],"medium":["https:\/\/www.cofb.org\/wp-content\/uploads\/2023\/07\/COFB_GripCovidRefredat_20221108_0-1024x576-1-300x169.png",300,169,true],"medium_large":["https:\/\/www.cofb.org\/wp-content\/uploads\/2023\/07\/COFB_GripCovidRefredat_20221108_0-1024x576-1-768x432.png",768,432,true],"large":["https:\/\/www.cofb.org\/wp-content\/uploads\/2023\/07\/COFB_GripCovidRefredat_20221108_0-1024x576-1.png",1024,576,false],"1536x1536":["https:\/\/www.cofb.org\/wp-content\/uploads\/2023\/07\/COFB_GripCovidRefredat_20221108_0-1024x576-1.png",1024,576,false],"2048x2048":["https:\/\/www.cofb.org\/wp-content\/uploads\/2023\/07\/COFB_GripCovidRefredat_20221108_0-1024x576-1.png",1024,576,false],"trp-custom-language-flag":["https:\/\/www.cofb.org\/wp-content\/uploads\/2023\/07\/COFB_GripCovidRefredat_20221108_0-1024x576-1.png",18,10,false]},"uagb_author_info":{"display_name":"wpAdminCofbOrg","author_link":"https:\/\/www.cofb.org\/es\/author\/wpadmincofborg\/"},"uagb_comment_info":0,"uagb_excerpt":"El passat 8 de novembre, el Col\u00b7legi de Farmac\u00e8utics de Barcelona (COFB) va organitzar la confer\u00e8ncia \u201cGrip, refredat i COVID: detecci\u00f3 i resoluci\u00f3 en la farm\u00e0cia comunit\u00e0ria\u201d, amb el patrocini de Vicks. El vocal d\u2019Oficina de Farm\u00e0cia del COFB, Guillermo Bagaria, va ser l\u2019encarregat de moderar la sessi\u00f3 en format [&hellip;]","_links":{"self":[{"href":"https:\/\/www.cofb.org\/es\/wp-json\/wp\/v2\/posts\/64837","targetHints":{"allow":["GET"]}}],"collection":[{"href":"https:\/\/www.cofb.org\/es\/wp-json\/wp\/v2\/posts"}],"about":[{"href":"https:\/\/www.cofb.org\/es\/wp-json\/wp\/v2\/types\/post"}],"author":[{"embeddable":true,"href":"https:\/\/www.cofb.org\/es\/wp-json\/wp\/v2\/users\/1"}],"replies":[{"embeddable":true,"href":"https:\/\/www.cofb.org\/es\/wp-json\/wp\/v2\/comments?post=64837"}],"version-history":[{"count":5,"href":"https:\/\/www.cofb.org\/es\/wp-json\/wp\/v2\/posts\/64837\/revisions"}],"predecessor-version":[{"id":68994,"href":"https:\/\/www.cofb.org\/es\/wp-json\/wp\/v2\/posts\/64837\/revisions\/68994"}],"wp:featuredmedia":[{"embeddable":true,"href":"https:\/\/www.cofb.org\/es\/wp-json\/wp\/v2\/media\/67827"}],"wp:attachment":[{"href":"https:\/\/www.cofb.org\/es\/wp-json\/wp\/v2\/media?parent=64837"}],"wp:term":[{"taxonomy":"category","embeddable":true,"href":"https:\/\/www.cofb.org\/es\/wp-json\/wp\/v2\/categories?post=64837"},{"taxonomy":"post_tag","embeddable":true,"href":"https:\/\/www.cofb.org\/es\/wp-json\/wp\/v2\/tags?post=64837"}],"curies":[{"name":"wp","href":"https:\/\/api.w.org\/{rel}","templated":true}]}}