{"id":63916,"date":"2022-06-27T18:29:00","date_gmt":"2022-06-27T16:29:00","guid":{"rendered":"https:\/\/blog.cofb.cat\/?p=63916"},"modified":"2023-10-09T14:56:17","modified_gmt":"2023-10-09T14:56:17","slug":"novetats-en-el-tractament-de-la-psoriasi-i-de-lartritis-psoriasica","status":"publish","type":"post","link":"https:\/\/www.cofb.org\/es\/2022\/06\/27\/novetats-en-el-tractament-de-la-psoriasi-i-de-lartritis-psoriasica\/","title":{"rendered":"Novedades en el tratamiento de la psoriasis y de la artritis psori\u00e1sica"},"content":{"rendered":"<p>El pasado 2 de junio se celebr\u00f3 en el <strong>Col\u00b7legi de Farmac\u00e8utics de Barcelona<\/strong> la formaci\u00f3n <strong>&quot;Novedades en el tratamiento de la psoriasis y de la artritis psori\u00e1sica&quot;<\/strong>, organizada conjuntamente con la <a href=\"http:\/\/www.scfarmclin.org\/\" target=\"_blank\" rel=\"noreferrer noopener\">Sociedad Catalana de Farmacia Cl\u00ednica<\/a> y que cont\u00f3 con el patrocinio de <a href=\"https:\/\/www.janssen.com\/es\">Janssen<\/a>. Los ponentes fueron <strong>Ramon Jodar,<\/strong>&nbsp;jefe del Servicio de Farmacia del Hospital Universitario de Bellvitge, <strong>Jordi Mollet<\/strong>, dermat\u00f3logo del Hospital Universitari Vall d&#039;Hebron, <strong>Alba Erra<\/strong>, reumatologa del Servicio de Reumatolog\u00eda y responsable de la l\u00ednea de artritis psori\u00e1sica de la Unidad de Inflamaci\u00f3n y Autoinmunidad del Hospital Universitari Vall d&#039;Hebron, <strong>Montserrat Gin\u00e9s<\/strong>, vicepresidenta primera de Acci\u00f3n Psoriasis, y <strong>Merc\u00e8 Vilanova<\/strong>, paciente y miembro de la misma asociaci\u00f3n. <strong>David Conde<\/strong>, vocal de Hospitales del COFB, introdujo la sesi\u00f3n.<\/p>\n\n\n\n<figure class=\"wp-block-image size-full\"><img fetchpriority=\"high\" decoding=\"async\" width=\"1024\" height=\"585\" src=\"https:\/\/www.cofb.org\/wp-content\/uploads\/2023\/10\/COFB_Novetats-Psoriasi_02062022_1-1024x585-1.jpg\" alt=\"\" class=\"wp-image-69012\" title=\"Alba Erra, responsable de la l\u00ednea de artritis psori\u00e1sica de la Unidad de Inflamaci\u00f3n y Autoinmunidad del Hospital Vall d&#039;Hebron, en un momento de su presentaci\u00f3n.\" srcset=\"https:\/\/www.cofb.org\/wp-content\/uploads\/2023\/10\/COFB_Novetats-Psoriasi_02062022_1-1024x585-1.jpg 1024w, https:\/\/www.cofb.org\/wp-content\/uploads\/2023\/10\/COFB_Novetats-Psoriasi_02062022_1-1024x585-1-300x171.jpg 300w, https:\/\/www.cofb.org\/wp-content\/uploads\/2023\/10\/COFB_Novetats-Psoriasi_02062022_1-1024x585-1-768x439.jpg 768w, https:\/\/www.cofb.org\/wp-content\/uploads\/2023\/10\/COFB_Novetats-Psoriasi_02062022_1-1024x585-1-18x10.jpg 18w\" sizes=\"(max-width: 1024px) 100vw, 1024px\" \/><figcaption class=\"wp-element-caption\">Ramon Jodar, jefe del Servicio de Farmacia del Hospital Universitari de Bellvitge, durante su exposici\u00f3n.<\/figcaption><\/figure>\n\n\n\n<p>Dirigida a farmac\u00e9uticos hospitalarios, los objetivos de esta sesi\u00f3n se centraron en la revisi\u00f3n de las <strong>alternativas terap\u00e9uticas <\/strong>en el tratamiento de la artritis psori\u00e1sica, conocer las \u00faltimas <strong>novedades de los tratamientos biol\u00f3gicos<\/strong>, entender<strong> el abordaje compartido del paciente <\/strong>con psoriasis y artritis psori\u00e1sica, as\u00ed como debatir sobre el<strong>acceso a los nuevos tratamientos.<\/strong><\/p>\n\n\n\n<h2 class=\"wp-block-heading\"><strong>Contribuci\u00f3n de los tratamientos biol\u00f3gicos<\/strong><\/h2>\n\n\n\n<p>Arranc\u00f3 la formaci\u00f3n con \u201c<strong>Innovaci\u00f3n en los tratamientos biol\u00f3gicos<\/strong>\u201d, a cargo de <strong>Ramon Jodar<\/strong>, jefe del Servicio de Farmacia del Hospital Universitario de Bellvitge. Destac\u00f3 que la irrupci\u00f3n en terap\u00e9utica de nuevos biol\u00f3gicos \u201cest\u00e1 generando una <strong>gran oportunidad de nuevas estrategias de abordaje de estas enfermedades<\/strong> inmunomediadas\u201d como consecuencia de \u201cconocer mejor las nuevas dianas terap\u00e9uticas\u201d. <\/p>\n\n\n<div class=\"destacat-blog\">\n\n\n<h3 class=\"wp-block-heading\"><strong>El impacto de la artritis psori\u00e1sica<\/strong><\/h3>\n\n\n\n<p>La <strong>prevalencia de la psoriasis es de aproximadamente un 1,4% de la poblaci\u00f3n espa\u00f1ola<\/strong> y afecta igualmente a ambos sexos con picos de incidencia m\u00e1xima en la segunda y en la quinta d\u00e9cada de la vida. <strong>La artritis psori\u00e1sica se produce en un 15% de pacientes con psoriasis y puede afectar a cualquier articulaci\u00f3n del cuerpo.<\/strong> El impacto de la artritis psori\u00e1sica depende de la articulaci\u00f3n implicada y de la gravedad de los s\u00edntomas. <strong>Un diagn\u00f3stico precoz, h\u00e1bitos de vida saludables y los tratamientos farmacol\u00f3gicos id\u00f3neos mejorar\u00e1n el estado de salud <\/strong>de las personas que presentan estas patolog\u00edas. <\/p>\n\n\n\n<p><\/p> <\/div>\n\n\n\n<p>En este sentido, precis\u00f3 que \u201cla aparici\u00f3n de distintos medicamentos con diversas dianas terap\u00e9uticas y la necesaria experiencia de uso, dibujan un escenario din\u00e1mico y abierto a distintas opciones que se ir\u00e1n modulando en los pr\u00f3ximos a\u00f1os\u201d. Respecto al<strong> papel de los servicios de farmacia <\/strong>los puso en valor ya que \u201c<strong>al tratarse de enfermedades cr\u00f3nicas, su papel es muy importante en el seguimiento de los pacientes<\/strong>\u201d. Como conclusi\u00f3n, Jodar le dio una <strong>gran relevancia en la irrupci\u00f3n de estos tratamientos biol\u00f3gicos<\/strong> en la terapia, ya que \u201cest\u00e1n contribuyendo a <strong>mejorar espectacularmente la vida de los pacientes con psoriasis y artritis psori\u00e1sica<\/strong>\u201d. <\/p>\n\n\n\n<h2 class=\"wp-block-heading\"><strong>Novedades terap\u00e9uticas en el tratamiento <\/strong><\/h2>\n\n\n\n<p>Seguidamente, en su presentaci\u00f3n sobre las <strong>novedades terap\u00e9uticas alternativas en el tratamiento de la artritis psori\u00e1sica<\/strong>, <strong>Alba Erra<\/strong>, responsable de la l\u00ednea de artritis psori\u00e1sica de la Unidad de Inflamaci\u00f3n y Autoinmunidad del Hospital Vall d&#039;Hebron, se\u00f1al\u00f3 que \u201c<strong>la persistencia del tratamiento en los pacientes es muy baja<\/strong>\u201d y que \u201c<strong>a pesar de los tratamientos disponibles actualmente<\/strong>, hay un porcentaje de <strong>pacientes que no responden<\/strong>\u201d. <\/p>\n\n\n\n<figure class=\"wp-block-image size-large\"><img decoding=\"async\" src=\"https:\/\/blog.cofb.cat\/wp-content\/uploads\/2022\/06\/COFB_Novetats-Psoriasi_02062022_2-1024x590.jpg\" alt=\"Alba Erra, responsable de la l\u00ednia d\u2019artritis psori\u00e0sica de la Unitat d\u2019Inflamaci\u00f3 i Autoimmunitat de l\u2019Hospital Vall d\u2019Hebron, en un moment de la seva presentaci\u00f3.\" class=\"wp-image-63924\" title=\"Alba Erra, responsable de la l\u00ednea de artritis psori\u00e1sica de la Unidad de Inflamaci\u00f3n y Autoinmunidad del Hospital Vall d&#039;Hebron, en un momento de su presentaci\u00f3n.\"\/><figcaption class=\"wp-element-caption\"> Alba Erra, responsable de la l\u00ednea de artritis psori\u00e1sica de la Unidad de Inflamaci\u00f3n y Autoinmunidad del Hospital Vall d&#039;Hebron, en un momento de su presentaci\u00f3n.<\/figcaption><\/figure>\n\n\n\n<p>En todo caso destac\u00f3 que \u201ces <strong>muy importante el abordaje multidisciplinar de la enfermedad<\/strong> a trav\u00e9s de consultas dermatol\u00f3gicas y reumatol\u00f3gicas\u201d y que la indicaci\u00f3n del tratamiento debe ir hacia \u201cla <strong>medicina personalizada, en funci\u00f3n de la cl\u00ednica y las comorbilidades que presenta el paciente<\/strong> en cada caso\u201d. Profundizando en los tratamientos, Erra comparti\u00f3 que \u201cla<em><strong>upadacitinib<\/strong><\/em> <strong>ha demostrado eficacia<\/strong> en los dominios articulares y extraarticulares de la artritis psori\u00e1sica con la inhibici\u00f3n selectiva de la JAK-1\u201d. Asimismo, \u201cel tratamiento con<strong> <em>guselkumab<\/em> tambi\u00e9n se ha mostrado eficaz<\/strong> en todos los dominios con un buen perfil de seguridad\u201d, concluy\u00f3. <\/p>\n\n\n\n<h2 class=\"wp-block-heading\"><strong>Consulta compartida y enfoque integral del paciente<\/strong><\/h2>\n\n\n\n<p>El dermat\u00f3logo del Hospital Vall d&#039;Hebron, <strong>Jordi Mollet<\/strong>, centr\u00f3 su intervenci\u00f3n en <strong>el enfoque integral de paciente con psoriasis y artritis psori\u00e1sica mediante la consulta compartida, desde los \u00e1mbitos de la dermatolog\u00eda y la reumatolog\u00eda<\/strong>. En primera instancia, detall\u00f3 las ventajas de una intervenci\u00f3n precoz en la patolog\u00eda, que pueden ir desde la inhibici\u00f3n o retraso de da\u00f1os estructurales a mejoras en el dolor, la fatiga, la depresi\u00f3n y la calidad de vida.<\/p>\n\n\n\n<figure class=\"wp-block-image size-full\"><img decoding=\"async\" width=\"1024\" height=\"582\" src=\"https:\/\/www.cofb.org\/wp-content\/uploads\/2023\/10\/COFB_Novetats-Psoriasi_02062022_4-1024x582-1.jpg\" alt=\"\" class=\"wp-image-69013\" title=\"Alba Erra, responsable de la l\u00ednea de artritis psori\u00e1sica de la Unidad de Inflamaci\u00f3n y Autoinmunidad del Hospital Vall d&#039;Hebron, en un momento de su presentaci\u00f3n.\" srcset=\"https:\/\/www.cofb.org\/wp-content\/uploads\/2023\/10\/COFB_Novetats-Psoriasi_02062022_4-1024x582-1.jpg 1024w, https:\/\/www.cofb.org\/wp-content\/uploads\/2023\/10\/COFB_Novetats-Psoriasi_02062022_4-1024x582-1-300x171.jpg 300w, https:\/\/www.cofb.org\/wp-content\/uploads\/2023\/10\/COFB_Novetats-Psoriasi_02062022_4-1024x582-1-768x437.jpg 768w, https:\/\/www.cofb.org\/wp-content\/uploads\/2023\/10\/COFB_Novetats-Psoriasi_02062022_4-1024x582-1-18x10.jpg 18w\" sizes=\"(max-width: 1024px) 100vw, 1024px\" \/><figcaption class=\"wp-element-caption\">Jordi Mollet, dermat\u00f3logo del Hospital Universitario Vall d&#039;Hebron, abord\u00f3 la consulta compartida, desde los \u00e1mbitos de la dermatolog\u00eda y la reumatolog\u00eda.<\/figcaption><\/figure>\n\n\n\n<p>Mollet record\u00f3 la<strong> importancia del dermat\u00f3logo en el cribado de la artritis psori\u00e1sica <\/strong>se\u00f1alando que \u201crepresenta la primera l\u00ednea de actuaci\u00f3n por su diagn\u00f3stico e intervenci\u00f3n y la mayor\u00eda de pacientes ver\u00e1n a un dermat\u00f3logo antes de que aparezcan los s\u00edntomas articulares\u201d, obteniendo as\u00ed \u201cel <strong>m\u00e1ximo beneficio terap\u00e9utico derivando precozmente al reumat\u00f3logo por su evaluaci\u00f3n y tratamiento especializado<\/strong>\u201c. Esta aproximaci\u00f3n colaborativa entre reumat\u00f3logos y dermat\u00f3logos \u201c<strong>genera tratamientos consensuados, satisface a los pacientes y profesionales, ahorra visitas y pruebas evitando duplicidades, facilita proyectos de investigaci\u00f3n y, sobre todo, trabaja por el futuro de la enfermedad psori\u00e1sica<\/strong>\u201c, concluy\u00f3 el dermat\u00f3logo.<\/p>\n\n\n<div class=\"destacat-blog\">\n\n\n<h2 class=\"wp-block-heading\"><strong>La visi\u00f3n del paciente<\/strong><\/h2>\n\n\n\n<p>Como clausura de la sesi\u00f3n, <strong>Montserrat Gin\u00e9s<\/strong>, vicepresidenta primera de Acci\u00f3n Psoriasis, y  <strong>Merc\u00e8 Vilanova,<\/strong> paciente y miembro de la propia asociaci\u00f3n, abordaron el acceso y equidad a los nuevos tratamientos. En primer lugar, recordaron que \u201c<strong>a cada paciente la enfermedad nos afecta de una forma y en un grado diferente. No s\u00f3lo son las afectaciones que se pueden tener en la piel o en las articulaciones\u201d<\/strong>. \u201cLa psoriasis y la artritis psori\u00e1sica <strong>tienen una afectaci\u00f3n emocional muy importante y forma parte de nuestra enfermedad<\/strong>\u201d, se\u00f1al\u00f3. Aparte de las comorbilidades f\u00edsicas, \u201cla depresi\u00f3n o la ansiedad tambi\u00e9n las sufrimos\u201d. <\/p>\n\n\n\n<figure class=\"wp-block-image size-large\"><img decoding=\"async\" src=\"https:\/\/blog.cofb.cat\/wp-content\/uploads\/2022\/06\/COFB_Novetats-Psoriasi_02062022_3-1024x590.jpg\" alt=\"Montserrat Gin\u00e9s , vicepresidenta primera d\u2019Acci\u00f3n Psoriasis, i Merc\u00e8 Vilanova, pacient i membre de la mateixa associaci\u00f3, van cloure la sessi\u00f3 informativa.\" class=\"wp-image-63925\" title=\" Montserrat Gin\u00e9s , vicepresidenta primera de Acci\u00f3n Psoriasis, y Merc\u00e8 Vilanova, paciente y miembro de la misma asociaci\u00f3n, cerraron la sesi\u00f3n informativa.\"\/><figcaption class=\"wp-element-caption\">  Montserrat Gin\u00e9s , vicepresidenta primera de Acci\u00f3n Psoriasis, y Merc\u00e8 Vilanova, paciente y miembro de la misma asociaci\u00f3n, cerraron la sesi\u00f3n informativa.<\/figcaption><\/figure>\n\n\n\n<p>Record\u00f3 la importancia de asociaciones como <a href=\"https:\/\/www.accionpsoriasis.org\/\" target=\"_blank\" rel=\"noreferrer noopener\">Acci\u00f3n Psoriasis<\/a>, que este a\u00f1o cumple 30 a\u00f1os, y que se ha convertido en un espacio de acogida por pacientes y sus familias, al tiempo que un espacio de formaci\u00f3n para aprender de la enfermedad. Como destac\u00f3 Gin\u00e9s, \u201c<strong>cuanto m\u00e1s conocemos de la enfermedad mejor la podremos llevar y mejor ser\u00e1 nuestra relaci\u00f3n con todos los profesionales de la salud<\/strong>&#8220;.<br>En el \u00e1mbito de los tratamientos, reconoci\u00f3 que \u201c<strong>los medicamentos biol\u00f3gicos nos han cambiado la vida<\/strong>, pero es cierto que todav\u00eda estamos accediendo de forma desigual. Sabemos que son tratamientos muy caros y de complicados procesos\u201d. La vicepresidenta primera de Acci\u00f3n Psoriasis, reivindic\u00f3 que \u201c<strong>queda mucho por hacer, ya que un 47% de pacientes con la enfermedad en estadio grave, no est\u00e1 satisfecho con su tratamiento<\/strong>&#8220;. <\/p> <\/div>\n\n\n\n<div class=\"wp-block-columns is-layout-flex wp-container-core-columns-is-layout-28f84493 wp-block-columns-is-layout-flex\">\n<div class=\"wp-block-column is-layout-flow wp-block-column-is-layout-flow\"><\/div>\n\n\n\n<div class=\"wp-block-column is-layout-flow wp-block-column-is-layout-flow\"><\/div>\n\n\n\n<div class=\"wp-block-column is-layout-flow wp-block-column-is-layout-flow\">\n<p class=\"has-text-align-right\"><strong>Actividad organizada conjuntamente con:<\/strong><\/p>\n\n\n\n<div class=\"wp-block-uagb-image uagb-block-aa5488f7 wp-block-uagb-image--layout-default wp-block-uagb-image--effect-static wp-block-uagb-image--align-none\"><figure class=\"wp-block-uagb-image__figure\"><img loading=\"lazy\" decoding=\"async\" srcset=\"https:\/\/www.cofb.org\/wp-content\/uploads\/2023\/10\/societat-catalana-farmacia.png \" sizes=\"auto, (max-width: 480px) 150px\" src=\"https:\/\/www.cofb.org\/wp-content\/uploads\/2023\/10\/societat-catalana-farmacia.png\" alt=\"\" class=\"uag-image-69016\" width=\"630\" height=\"409\" title=\"\"\/><\/figure><\/div>\n\n\n\n<p class=\"has-text-align-right\"><strong>Con el patrocinio de:<\/strong><\/p>\n\n\n\n<div class=\"wp-block-uagb-image uagb-block-b8df44a9 wp-block-uagb-image--layout-default wp-block-uagb-image--effect-static wp-block-uagb-image--align-none\"><figure class=\"wp-block-uagb-image__figure\"><img loading=\"lazy\" decoding=\"async\" srcset=\"https:\/\/www.cofb.org\/wp-content\/uploads\/2023\/10\/janssen-1-1024x576.png \" sizes=\"auto, (max-width: 480px) 150px\" src=\"https:\/\/www.cofb.org\/wp-content\/uploads\/2023\/10\/janssen-1-1024x576.png\" alt=\"\" class=\"uag-image-69017\" width=\"1280\" height=\"720\" title=\"\"\/><\/figure><\/div>\n<\/div>\n<\/div>","protected":false},"excerpt":{"rendered":"<p>El pasado 2 de junio se celebr\u00f3 en el Colegio de Farmac\u00e9uticos de Barcelona la formaci\u00f3n &quot;Novedades en el tratamiento de la psoriasis y de la artritis psori\u00e1sica&quot;, organizada conjuntamente con la Sociedad Catalana de Farmacia Cl\u00ednica y que cont\u00f3 con el patrocinio de Janssen. Los ponentes fueron Ram\u00f3n [\u2026]<\/p>","protected":false},"author":1,"featured_media":67884,"comment_status":"open","ping_status":"open","sticky":false,"template":"","format":"standard","meta":{"_uag_custom_page_level_css":"","site-sidebar-layout":"default","site-content-layout":"","ast-site-content-layout":"default","site-content-style":"default","site-sidebar-style":"default","ast-global-header-display":"","ast-banner-title-visibility":"","ast-main-header-display":"","ast-hfb-above-header-display":"","ast-hfb-below-header-display":"","ast-hfb-mobile-header-display":"","site-post-title":"","ast-breadcrumbs-content":"","ast-featured-img":"disabled","footer-sml-layout":"","theme-transparent-header-meta":"","adv-header-id-meta":"","stick-header-meta":"","header-above-stick-meta":"","header-main-stick-meta":"","header-below-stick-meta":"","astra-migrate-meta-layouts":"default","ast-page-background-enabled":"default","ast-page-background-meta":{"desktop":{"background-color":"var(--ast-global-color-4)","background-image":"","background-repeat":"repeat","background-position":"center center","background-size":"auto","background-attachment":"scroll","background-type":"","background-media":"","overlay-type":"","overlay-color":"","overlay-opacity":"","overlay-gradient":""},"tablet":{"background-color":"","background-image":"","background-repeat":"repeat","background-position":"center center","background-size":"auto","background-attachment":"scroll","background-type":"","background-media":"","overlay-type":"","overlay-color":"","overlay-opacity":"","overlay-gradient":""},"mobile":{"background-color":"","background-image":"","background-repeat":"repeat","background-position":"center center","background-size":"auto","background-attachment":"scroll","background-type":"","background-media":"","overlay-type":"","overlay-color":"","overlay-opacity":"","overlay-gradient":""}},"ast-content-background-meta":{"desktop":{"background-color":"var(--ast-global-color-5)","background-image":"","background-repeat":"repeat","background-position":"center center","background-size":"auto","background-attachment":"scroll","background-type":"","background-media":"","overlay-type":"","overlay-color":"","overlay-opacity":"","overlay-gradient":""},"tablet":{"background-color":"var(--ast-global-color-5)","background-image":"","background-repeat":"repeat","background-position":"center center","background-size":"auto","background-attachment":"scroll","background-type":"","background-media":"","overlay-type":"","overlay-color":"","overlay-opacity":"","overlay-gradient":""},"mobile":{"background-color":"var(--ast-global-color-5)","background-image":"","background-repeat":"repeat","background-position":"center center","background-size":"auto","background-attachment":"scroll","background-type":"","background-media":"","overlay-type":"","overlay-color":"","overlay-opacity":"","overlay-gradient":""}},"footnotes":""},"categories":[23,57],"tags":[802,803,209,64,19,79,53,804,231,805,806,807],"class_list":["post-63916","post","type-post","status-publish","format-standard","has-post-thumbnail","hentry","category-destacats","category-mon-collegial","tag-accio-psoriasi","tag-accion-psoriasis","tag-artritis-psoriasica","tag-atencio-farmaceutica","tag-collegi-de-farmaceutics-de-barcelona","tag-dermatologia","tag-farmaceutics","tag-guselkumab","tag-psoriasi","tag-reumatologia","tag-salut-articular","tag-upadacitinib"],"yoast_head":"<!-- This site is optimized with the Yoast SEO plugin v22.4 - https:\/\/yoast.com\/wordpress\/plugins\/seo\/ -->\n<title>Novetats en el tractament de la psoriasi i de l&#039;artritis psori\u00e0sica - Col\u00b7legi de Farmac\u00e8utics de Barcelona<\/title>\n<meta name=\"description\" content=\"El passat 2 de juny es va celebrar al COFB la formaci\u00f3 &quot;Novetats en el tractament de la psoriasi i de l&#039;artritis psori\u00e0sica&quot;\" \/>\n<meta name=\"robots\" content=\"index, follow, max-snippet:-1, max-image-preview:large, max-video-preview:-1\" \/>\n<link rel=\"canonical\" href=\"https:\/\/novaorg.cofb.net\/2022\/06\/27\/novetats-en-el-tractament-de-la-psoriasi-i-de-lartritis-psoriasica\/\" \/>\n<meta property=\"og:locale\" content=\"es_ES\" \/>\n<meta property=\"og:type\" content=\"article\" \/>\n<meta property=\"og:title\" content=\"Novetats en el tractament de la psoriasi i de l&#039;artritis psori\u00e0sica - Col\u00b7legi de Farmac\u00e8utics de Barcelona\" \/>\n<meta property=\"og:description\" content=\"El passat 2 de juny es va celebrar al COFB la formaci\u00f3 &quot;Novetats en el tractament de la psoriasi i de l&#039;artritis psori\u00e0sica&quot;\" \/>\n<meta property=\"og:url\" content=\"https:\/\/novaorg.cofb.net\/2022\/06\/27\/novetats-en-el-tractament-de-la-psoriasi-i-de-lartritis-psoriasica\/\" \/>\n<meta property=\"og:site_name\" content=\"Col\u00b7legi de Farmac\u00e8utics de Barcelona\" \/>\n<meta property=\"article:publisher\" content=\"https:\/\/www.facebook.com\/farmaceuticsbcn\/\" \/>\n<meta property=\"article:published_time\" content=\"2022-06-27T16:29:00+00:00\" \/>\n<meta property=\"article:modified_time\" content=\"2023-10-09T14:56:17+00:00\" \/>\n<meta property=\"og:image\" content=\"https:\/\/novaorg.cofb.net\/wp-content\/uploads\/2023\/07\/COFB_Novetats-Psoriasi_02062022_1-1024x585-1.jpg\" \/>\n\t<meta property=\"og:image:width\" content=\"1024\" \/>\n\t<meta property=\"og:image:height\" content=\"585\" \/>\n\t<meta property=\"og:image:type\" content=\"image\/jpeg\" \/>\n<meta name=\"author\" content=\"wpAdminCofbOrg\" \/>\n<meta name=\"twitter:card\" content=\"summary_large_image\" \/>\n<meta name=\"twitter:creator\" content=\"@farmaceuticsbcn\" \/>\n<meta name=\"twitter:site\" content=\"@farmaceuticsbcn\" \/>\n<meta name=\"twitter:label1\" content=\"Escrito por\" \/>\n\t<meta name=\"twitter:data1\" content=\"wpAdminCofbOrg\" \/>\n\t<meta name=\"twitter:label2\" content=\"Tiempo de lectura\" \/>\n\t<meta name=\"twitter:data2\" content=\"7 minutos\" \/>\n<script type=\"application\/ld+json\" class=\"yoast-schema-graph\">{\"@context\":\"https:\/\/schema.org\",\"@graph\":[{\"@type\":\"Article\",\"@id\":\"https:\/\/novaorg.cofb.net\/2022\/06\/27\/novetats-en-el-tractament-de-la-psoriasi-i-de-lartritis-psoriasica\/#article\",\"isPartOf\":{\"@id\":\"https:\/\/novaorg.cofb.net\/2022\/06\/27\/novetats-en-el-tractament-de-la-psoriasi-i-de-lartritis-psoriasica\/\"},\"author\":{\"name\":\"wpAdminCofbOrg\",\"@id\":\"https:\/\/www.cofb.org\/#\/schema\/person\/22ed7eea88da74b0fa4d3154ad87ffcb\"},\"headline\":\"Novetats en el tractament de la psoriasi i de l&#8217;artritis psori\u00e0sica\",\"datePublished\":\"2022-06-27T16:29:00+00:00\",\"dateModified\":\"2023-10-09T14:56:17+00:00\",\"mainEntityOfPage\":{\"@id\":\"https:\/\/novaorg.cofb.net\/2022\/06\/27\/novetats-en-el-tractament-de-la-psoriasi-i-de-lartritis-psoriasica\/\"},\"wordCount\":1279,\"commentCount\":0,\"publisher\":{\"@id\":\"https:\/\/www.cofb.org\/#organization\"},\"image\":{\"@id\":\"https:\/\/novaorg.cofb.net\/2022\/06\/27\/novetats-en-el-tractament-de-la-psoriasi-i-de-lartritis-psoriasica\/#primaryimage\"},\"thumbnailUrl\":\"https:\/\/www.cofb.org\/wp-content\/uploads\/2023\/07\/COFB_Novetats-Psoriasi_02062022_1-1024x585-1.jpg\",\"keywords\":[\"Acci\u00f3 Psoriasi\",\"Acci\u00f3n Psoriasis\",\"artritis psori\u00e0sica\",\"Atenci\u00f3 farmac\u00e8utica\",\"Col\u00b7legi de Farmac\u00e8utics de Barcelona\",\"dermatologia\",\"farmac\u00e8utics\",\"guselkumab\",\"psoriasi\",\"reumatologia\",\"salut articular\",\"upadacitinib\"],\"articleSection\":[\"Destacats\",\"M\u00f3n col\u00b7legial\"],\"inLanguage\":\"es\",\"potentialAction\":[{\"@type\":\"CommentAction\",\"name\":\"Comment\",\"target\":[\"https:\/\/novaorg.cofb.net\/2022\/06\/27\/novetats-en-el-tractament-de-la-psoriasi-i-de-lartritis-psoriasica\/#respond\"]}]},{\"@type\":\"WebPage\",\"@id\":\"https:\/\/novaorg.cofb.net\/2022\/06\/27\/novetats-en-el-tractament-de-la-psoriasi-i-de-lartritis-psoriasica\/\",\"url\":\"https:\/\/novaorg.cofb.net\/2022\/06\/27\/novetats-en-el-tractament-de-la-psoriasi-i-de-lartritis-psoriasica\/\",\"name\":\"Novetats en el tractament de la psoriasi i de l'artritis psori\u00e0sica - Col\u00b7legi de Farmac\u00e8utics de Barcelona\",\"isPartOf\":{\"@id\":\"https:\/\/www.cofb.org\/#website\"},\"primaryImageOfPage\":{\"@id\":\"https:\/\/novaorg.cofb.net\/2022\/06\/27\/novetats-en-el-tractament-de-la-psoriasi-i-de-lartritis-psoriasica\/#primaryimage\"},\"image\":{\"@id\":\"https:\/\/novaorg.cofb.net\/2022\/06\/27\/novetats-en-el-tractament-de-la-psoriasi-i-de-lartritis-psoriasica\/#primaryimage\"},\"thumbnailUrl\":\"https:\/\/www.cofb.org\/wp-content\/uploads\/2023\/07\/COFB_Novetats-Psoriasi_02062022_1-1024x585-1.jpg\",\"datePublished\":\"2022-06-27T16:29:00+00:00\",\"dateModified\":\"2023-10-09T14:56:17+00:00\",\"description\":\"El passat 2 de juny es va celebrar al COFB la formaci\u00f3 \\\"Novetats en el tractament de la psoriasi i de l'artritis psori\u00e0sica\\\"\",\"breadcrumb\":{\"@id\":\"https:\/\/novaorg.cofb.net\/2022\/06\/27\/novetats-en-el-tractament-de-la-psoriasi-i-de-lartritis-psoriasica\/#breadcrumb\"},\"inLanguage\":\"es\",\"potentialAction\":[{\"@type\":\"ReadAction\",\"target\":[\"https:\/\/novaorg.cofb.net\/2022\/06\/27\/novetats-en-el-tractament-de-la-psoriasi-i-de-lartritis-psoriasica\/\"]}]},{\"@type\":\"ImageObject\",\"inLanguage\":\"es\",\"@id\":\"https:\/\/novaorg.cofb.net\/2022\/06\/27\/novetats-en-el-tractament-de-la-psoriasi-i-de-lartritis-psoriasica\/#primaryimage\",\"url\":\"https:\/\/www.cofb.org\/wp-content\/uploads\/2023\/07\/COFB_Novetats-Psoriasi_02062022_1-1024x585-1.jpg\",\"contentUrl\":\"https:\/\/www.cofb.org\/wp-content\/uploads\/2023\/07\/COFB_Novetats-Psoriasi_02062022_1-1024x585-1.jpg\",\"width\":1024,\"height\":585},{\"@type\":\"BreadcrumbList\",\"@id\":\"https:\/\/novaorg.cofb.net\/2022\/06\/27\/novetats-en-el-tractament-de-la-psoriasi-i-de-lartritis-psoriasica\/#breadcrumb\",\"itemListElement\":[{\"@type\":\"ListItem\",\"position\":1,\"name\":\"Inici\",\"item\":\"https:\/\/novaorg.cofb.net\/\"},{\"@type\":\"ListItem\",\"position\":2,\"name\":\"Novetats en el tractament de la psoriasi i de l&#8217;artritis psori\u00e0sica\"}]},{\"@type\":\"WebSite\",\"@id\":\"https:\/\/www.cofb.org\/#website\",\"url\":\"https:\/\/www.cofb.org\/\",\"name\":\"Col\u00b7legi de Farmac\u00e8utics de Barcelona\",\"description\":\"\",\"publisher\":{\"@id\":\"https:\/\/www.cofb.org\/#organization\"},\"potentialAction\":[{\"@type\":\"SearchAction\",\"target\":{\"@type\":\"EntryPoint\",\"urlTemplate\":\"https:\/\/www.cofb.org\/?s={search_term_string}\"},\"query-input\":\"required name=search_term_string\"}],\"inLanguage\":\"es\"},{\"@type\":\"Organization\",\"@id\":\"https:\/\/www.cofb.org\/#organization\",\"name\":\"Col\u00b7legi de Farmac\u00e8utics de Barcelona\",\"url\":\"https:\/\/www.cofb.org\/\",\"logo\":{\"@type\":\"ImageObject\",\"inLanguage\":\"es\",\"@id\":\"https:\/\/www.cofb.org\/#\/schema\/logo\/image\/\",\"url\":\"https:\/\/www.cofb.org\/wp-content\/uploads\/2023\/11\/cropped-Logotip-COFB.png\",\"contentUrl\":\"https:\/\/www.cofb.org\/wp-content\/uploads\/2023\/11\/cropped-Logotip-COFB.png\",\"width\":500,\"height\":105,\"caption\":\"Col\u00b7legi de Farmac\u00e8utics de Barcelona\"},\"image\":{\"@id\":\"https:\/\/www.cofb.org\/#\/schema\/logo\/image\/\"},\"sameAs\":[\"https:\/\/www.facebook.com\/farmaceuticsbcn\/\",\"https:\/\/twitter.com\/farmaceuticsbcn\",\"https:\/\/www.instagram.com\/farmaceuticsbcn\/\",\"https:\/\/www.linkedin.com\/company\/farmaceuticsbcn\/\"]},{\"@type\":\"Person\",\"@id\":\"https:\/\/www.cofb.org\/#\/schema\/person\/22ed7eea88da74b0fa4d3154ad87ffcb\",\"name\":\"wpAdminCofbOrg\",\"image\":{\"@type\":\"ImageObject\",\"inLanguage\":\"es\",\"@id\":\"https:\/\/www.cofb.org\/#\/schema\/person\/image\/\",\"url\":\"https:\/\/secure.gravatar.com\/avatar\/1721b20b3b8ca882c3b56ec6c978c594fff670e40c0718e9190eaeeb76aae7d8?s=96&d=mm&r=g\",\"contentUrl\":\"https:\/\/secure.gravatar.com\/avatar\/1721b20b3b8ca882c3b56ec6c978c594fff670e40c0718e9190eaeeb76aae7d8?s=96&d=mm&r=g\",\"caption\":\"wpAdminCofbOrg\"},\"sameAs\":[\"http:\/\/192.168.64.122\/wordpress\"],\"url\":\"https:\/\/www.cofb.org\/es\/author\/wpadmincofborg\/\"}]}<\/script>\n<!-- \/ Yoast SEO plugin. -->","yoast_head_json":{"title":"Novetats en el tractament de la psoriasi i de l'artritis psori\u00e0sica - Col\u00b7legi de Farmac\u00e8utics de Barcelona","description":"El passat 2 de juny es va celebrar al COFB la formaci\u00f3 \"Novetats en el tractament de la psoriasi i de l'artritis psori\u00e0sica\"","robots":{"index":"index","follow":"follow","max-snippet":"max-snippet:-1","max-image-preview":"max-image-preview:large","max-video-preview":"max-video-preview:-1"},"canonical":"https:\/\/novaorg.cofb.net\/2022\/06\/27\/novetats-en-el-tractament-de-la-psoriasi-i-de-lartritis-psoriasica\/","og_locale":"es_ES","og_type":"article","og_title":"Novetats en el tractament de la psoriasi i de l'artritis psori\u00e0sica - Col\u00b7legi de Farmac\u00e8utics de Barcelona","og_description":"El passat 2 de juny es va celebrar al COFB la formaci\u00f3 \"Novetats en el tractament de la psoriasi i de l'artritis psori\u00e0sica\"","og_url":"https:\/\/novaorg.cofb.net\/2022\/06\/27\/novetats-en-el-tractament-de-la-psoriasi-i-de-lartritis-psoriasica\/","og_site_name":"Col\u00b7legi de Farmac\u00e8utics de Barcelona","article_publisher":"https:\/\/www.facebook.com\/farmaceuticsbcn\/","article_published_time":"2022-06-27T16:29:00+00:00","article_modified_time":"2023-10-09T14:56:17+00:00","og_image":[{"width":1024,"height":585,"url":"https:\/\/novaorg.cofb.net\/wp-content\/uploads\/2023\/07\/COFB_Novetats-Psoriasi_02062022_1-1024x585-1.jpg","type":"image\/jpeg"}],"author":"wpAdminCofbOrg","twitter_card":"summary_large_image","twitter_creator":"@farmaceuticsbcn","twitter_site":"@farmaceuticsbcn","twitter_misc":{"Escrito por":"wpAdminCofbOrg","Tiempo de lectura":"7 minutos"},"schema":{"@context":"https:\/\/schema.org","@graph":[{"@type":"Article","@id":"https:\/\/novaorg.cofb.net\/2022\/06\/27\/novetats-en-el-tractament-de-la-psoriasi-i-de-lartritis-psoriasica\/#article","isPartOf":{"@id":"https:\/\/novaorg.cofb.net\/2022\/06\/27\/novetats-en-el-tractament-de-la-psoriasi-i-de-lartritis-psoriasica\/"},"author":{"name":"wpAdminCofbOrg","@id":"https:\/\/www.cofb.org\/#\/schema\/person\/22ed7eea88da74b0fa4d3154ad87ffcb"},"headline":"Novetats en el tractament de la psoriasi i de l&#8217;artritis psori\u00e0sica","datePublished":"2022-06-27T16:29:00+00:00","dateModified":"2023-10-09T14:56:17+00:00","mainEntityOfPage":{"@id":"https:\/\/novaorg.cofb.net\/2022\/06\/27\/novetats-en-el-tractament-de-la-psoriasi-i-de-lartritis-psoriasica\/"},"wordCount":1279,"commentCount":0,"publisher":{"@id":"https:\/\/www.cofb.org\/#organization"},"image":{"@id":"https:\/\/novaorg.cofb.net\/2022\/06\/27\/novetats-en-el-tractament-de-la-psoriasi-i-de-lartritis-psoriasica\/#primaryimage"},"thumbnailUrl":"https:\/\/www.cofb.org\/wp-content\/uploads\/2023\/07\/COFB_Novetats-Psoriasi_02062022_1-1024x585-1.jpg","keywords":["Acci\u00f3 Psoriasi","Acci\u00f3n Psoriasis","artritis psori\u00e0sica","Atenci\u00f3 farmac\u00e8utica","Col\u00b7legi de Farmac\u00e8utics de Barcelona","dermatologia","farmac\u00e8utics","guselkumab","psoriasi","reumatologia","salut articular","upadacitinib"],"articleSection":["Destacats","M\u00f3n col\u00b7legial"],"inLanguage":"es","potentialAction":[{"@type":"CommentAction","name":"Comment","target":["https:\/\/novaorg.cofb.net\/2022\/06\/27\/novetats-en-el-tractament-de-la-psoriasi-i-de-lartritis-psoriasica\/#respond"]}]},{"@type":"WebPage","@id":"https:\/\/novaorg.cofb.net\/2022\/06\/27\/novetats-en-el-tractament-de-la-psoriasi-i-de-lartritis-psoriasica\/","url":"https:\/\/novaorg.cofb.net\/2022\/06\/27\/novetats-en-el-tractament-de-la-psoriasi-i-de-lartritis-psoriasica\/","name":"Novetats en el tractament de la psoriasi i de l'artritis psori\u00e0sica - Col\u00b7legi de Farmac\u00e8utics de Barcelona","isPartOf":{"@id":"https:\/\/www.cofb.org\/#website"},"primaryImageOfPage":{"@id":"https:\/\/novaorg.cofb.net\/2022\/06\/27\/novetats-en-el-tractament-de-la-psoriasi-i-de-lartritis-psoriasica\/#primaryimage"},"image":{"@id":"https:\/\/novaorg.cofb.net\/2022\/06\/27\/novetats-en-el-tractament-de-la-psoriasi-i-de-lartritis-psoriasica\/#primaryimage"},"thumbnailUrl":"https:\/\/www.cofb.org\/wp-content\/uploads\/2023\/07\/COFB_Novetats-Psoriasi_02062022_1-1024x585-1.jpg","datePublished":"2022-06-27T16:29:00+00:00","dateModified":"2023-10-09T14:56:17+00:00","description":"El passat 2 de juny es va celebrar al COFB la formaci\u00f3 \"Novetats en el tractament de la psoriasi i de l'artritis psori\u00e0sica\"","breadcrumb":{"@id":"https:\/\/novaorg.cofb.net\/2022\/06\/27\/novetats-en-el-tractament-de-la-psoriasi-i-de-lartritis-psoriasica\/#breadcrumb"},"inLanguage":"es","potentialAction":[{"@type":"ReadAction","target":["https:\/\/novaorg.cofb.net\/2022\/06\/27\/novetats-en-el-tractament-de-la-psoriasi-i-de-lartritis-psoriasica\/"]}]},{"@type":"ImageObject","inLanguage":"es","@id":"https:\/\/novaorg.cofb.net\/2022\/06\/27\/novetats-en-el-tractament-de-la-psoriasi-i-de-lartritis-psoriasica\/#primaryimage","url":"https:\/\/www.cofb.org\/wp-content\/uploads\/2023\/07\/COFB_Novetats-Psoriasi_02062022_1-1024x585-1.jpg","contentUrl":"https:\/\/www.cofb.org\/wp-content\/uploads\/2023\/07\/COFB_Novetats-Psoriasi_02062022_1-1024x585-1.jpg","width":1024,"height":585},{"@type":"BreadcrumbList","@id":"https:\/\/novaorg.cofb.net\/2022\/06\/27\/novetats-en-el-tractament-de-la-psoriasi-i-de-lartritis-psoriasica\/#breadcrumb","itemListElement":[{"@type":"ListItem","position":1,"name":"Inici","item":"https:\/\/novaorg.cofb.net\/"},{"@type":"ListItem","position":2,"name":"Novetats en el tractament de la psoriasi i de l&#8217;artritis psori\u00e0sica"}]},{"@type":"WebSite","@id":"https:\/\/www.cofb.org\/#website","url":"https:\/\/www.cofb.org\/","name":"Col\u00b7legi de Farmac\u00e8utics de Barcelona","description":"","publisher":{"@id":"https:\/\/www.cofb.org\/#organization"},"potentialAction":[{"@type":"SearchAction","target":{"@type":"EntryPoint","urlTemplate":"https:\/\/www.cofb.org\/?s={search_term_string}"},"query-input":"required name=search_term_string"}],"inLanguage":"es"},{"@type":"Organization","@id":"https:\/\/www.cofb.org\/#organization","name":"Col\u00b7legi de Farmac\u00e8utics de Barcelona","url":"https:\/\/www.cofb.org\/","logo":{"@type":"ImageObject","inLanguage":"es","@id":"https:\/\/www.cofb.org\/#\/schema\/logo\/image\/","url":"https:\/\/www.cofb.org\/wp-content\/uploads\/2023\/11\/cropped-Logotip-COFB.png","contentUrl":"https:\/\/www.cofb.org\/wp-content\/uploads\/2023\/11\/cropped-Logotip-COFB.png","width":500,"height":105,"caption":"Col\u00b7legi de Farmac\u00e8utics de Barcelona"},"image":{"@id":"https:\/\/www.cofb.org\/#\/schema\/logo\/image\/"},"sameAs":["https:\/\/www.facebook.com\/farmaceuticsbcn\/","https:\/\/twitter.com\/farmaceuticsbcn","https:\/\/www.instagram.com\/farmaceuticsbcn\/","https:\/\/www.linkedin.com\/company\/farmaceuticsbcn\/"]},{"@type":"Person","@id":"https:\/\/www.cofb.org\/#\/schema\/person\/22ed7eea88da74b0fa4d3154ad87ffcb","name":"wpAdminCofbOrg","image":{"@type":"ImageObject","inLanguage":"es","@id":"https:\/\/www.cofb.org\/#\/schema\/person\/image\/","url":"https:\/\/secure.gravatar.com\/avatar\/1721b20b3b8ca882c3b56ec6c978c594fff670e40c0718e9190eaeeb76aae7d8?s=96&d=mm&r=g","contentUrl":"https:\/\/secure.gravatar.com\/avatar\/1721b20b3b8ca882c3b56ec6c978c594fff670e40c0718e9190eaeeb76aae7d8?s=96&d=mm&r=g","caption":"wpAdminCofbOrg"},"sameAs":["http:\/\/192.168.64.122\/wordpress"],"url":"https:\/\/www.cofb.org\/es\/author\/wpadmincofborg\/"}]}},"uagb_featured_image_src":{"full":["https:\/\/www.cofb.org\/wp-content\/uploads\/2023\/07\/COFB_Novetats-Psoriasi_02062022_1-1024x585-1.jpg",1024,585,false],"thumbnail":["https:\/\/www.cofb.org\/wp-content\/uploads\/2023\/07\/COFB_Novetats-Psoriasi_02062022_1-1024x585-1-150x150.jpg",150,150,true],"medium":["https:\/\/www.cofb.org\/wp-content\/uploads\/2023\/07\/COFB_Novetats-Psoriasi_02062022_1-1024x585-1-300x171.jpg",300,171,true],"medium_large":["https:\/\/www.cofb.org\/wp-content\/uploads\/2023\/07\/COFB_Novetats-Psoriasi_02062022_1-1024x585-1-768x439.jpg",768,439,true],"large":["https:\/\/www.cofb.org\/wp-content\/uploads\/2023\/07\/COFB_Novetats-Psoriasi_02062022_1-1024x585-1.jpg",1024,585,false],"1536x1536":["https:\/\/www.cofb.org\/wp-content\/uploads\/2023\/07\/COFB_Novetats-Psoriasi_02062022_1-1024x585-1.jpg",1024,585,false],"2048x2048":["https:\/\/www.cofb.org\/wp-content\/uploads\/2023\/07\/COFB_Novetats-Psoriasi_02062022_1-1024x585-1.jpg",1024,585,false],"trp-custom-language-flag":["https:\/\/www.cofb.org\/wp-content\/uploads\/2023\/07\/COFB_Novetats-Psoriasi_02062022_1-1024x585-1.jpg",18,10,false]},"uagb_author_info":{"display_name":"wpAdminCofbOrg","author_link":"https:\/\/www.cofb.org\/es\/author\/wpadmincofborg\/"},"uagb_comment_info":0,"uagb_excerpt":"El passat 2 de juny es va celebrar al Col\u00b7legi de Farmac\u00e8utics de Barcelona la formaci\u00f3 &#8220;Novetats en el tractament de la psoriasi i de l&#8217;artritis psori\u00e0sica&#8221;, organitzada conjuntament amb la Societat Catalana de Farm\u00e0cia Cl\u00ednica i que va comptar amb el patrocini de Janssen. Els ponents van ser Ramon [&hellip;]","_links":{"self":[{"href":"https:\/\/www.cofb.org\/es\/wp-json\/wp\/v2\/posts\/63916","targetHints":{"allow":["GET"]}}],"collection":[{"href":"https:\/\/www.cofb.org\/es\/wp-json\/wp\/v2\/posts"}],"about":[{"href":"https:\/\/www.cofb.org\/es\/wp-json\/wp\/v2\/types\/post"}],"author":[{"embeddable":true,"href":"https:\/\/www.cofb.org\/es\/wp-json\/wp\/v2\/users\/1"}],"replies":[{"embeddable":true,"href":"https:\/\/www.cofb.org\/es\/wp-json\/wp\/v2\/comments?post=63916"}],"version-history":[{"count":5,"href":"https:\/\/www.cofb.org\/es\/wp-json\/wp\/v2\/posts\/63916\/revisions"}],"predecessor-version":[{"id":69018,"href":"https:\/\/www.cofb.org\/es\/wp-json\/wp\/v2\/posts\/63916\/revisions\/69018"}],"wp:featuredmedia":[{"embeddable":true,"href":"https:\/\/www.cofb.org\/es\/wp-json\/wp\/v2\/media\/67884"}],"wp:attachment":[{"href":"https:\/\/www.cofb.org\/es\/wp-json\/wp\/v2\/media?parent=63916"}],"wp:term":[{"taxonomy":"category","embeddable":true,"href":"https:\/\/www.cofb.org\/es\/wp-json\/wp\/v2\/categories?post=63916"},{"taxonomy":"post_tag","embeddable":true,"href":"https:\/\/www.cofb.org\/es\/wp-json\/wp\/v2\/tags?post=63916"}],"curies":[{"name":"wp","href":"https:\/\/api.w.org\/{rel}","templated":true}]}}