{"id":63911,"date":"2022-06-27T17:58:24","date_gmt":"2022-06-27T15:58:24","guid":{"rendered":"https:\/\/blog.cofb.cat\/?p=63911"},"modified":"2024-07-04T15:51:41","modified_gmt":"2024-07-04T15:51:41","slug":"maig-la-campanya-atencio-pell-2022-i-la-nova-borsa-de-treball-del-cofb-temes-mes-destacats-als-mitjans","status":"publish","type":"post","link":"https:\/\/www.cofb.org\/es\/2022\/06\/27\/maig-la-campanya-atencio-pell-2022-i-la-nova-borsa-de-treball-del-cofb-temes-mes-destacats-als-mitjans\/","title":{"rendered":"Mayo: La campa\u00f1a &#039;Atenci\u00f3 Pell 2022&#039; y la nueva bolsa de trabajo del COFB, temas m\u00e1s destacados en los medios"},"content":{"rendered":"<h2 class=\"wp-block-heading\"><br><strong>Campa\u00f1a \u201cAtenci\u00f3n Piel 2022\u201d<\/strong><\/h2>\n\n\n\n<p>El pasado 24 de mayo tuvo lugar la <strong>rueda de prensa<\/strong> donde se present\u00f3 la <strong>campa\u00f1a \u201cAtenci\u00f3n Piel 2022<\/strong>\u201c, con la participaci\u00f3n de <strong>Marta Alcalde<\/strong>, vocal de Dermofarmacia y Productos Sanitarios del COFB, y <strong>Josep Malvehy<\/strong>, coordinador del grupo de melanoma en el Hospital Cl\u00ednic de Barcelona. En el marco de esta iniciativa, que lleva por lema <strong>&quot;Tu piel es \u00fanica, tu protecci\u00f3n solar tambi\u00e9n&quot;<\/strong>, las <strong>farmacias de la provincia de Barcelona <\/strong>fomentan una correcta <strong>protecci\u00f3n solar entre la poblaci\u00f3n<\/strong> y, como <strong>novedad<\/strong>, este a\u00f1o se cuenta con la colaboraci\u00f3n de diferentes <strong>asociaciones de pacientes.  <\/strong><\/p>\n\n\n\n<p>Tanto medios generalistas como especializados se hicieron eco de esta campa\u00f1a: <a href=\"https:\/\/www.alacarta.cat\/noticiesenxarxa\/capitol\/noticies_en_xarxa_25052022\" target=\"_blank\" rel=\"noreferrer noopener\">La Red<\/a> (minuto 17:24), <a href=\"https:\/\/play.cadenaser.com\/audio\/ser_cataluna_hoyporhoycatalunya_20220525_065000_070000\/\" target=\"_blank\" rel=\"noreferrer noopener\">Cadena Ser<\/a>, <a href=\"https:\/\/www.rtve.es\/play\/audios\/serveis-informatius-radio-4\/protegir-sol-estiu\/6547251\/\" target=\"_blank\" rel=\"noreferrer noopener\">Radio 4<\/a>, <a href=\"https:\/\/www.cope.es\/emisoras\/cataluna\/barcelona-provincia\/barcelona\/noticias\/collegi-farmaceutics-barcelona-impulsa-campana-antencio-pell-2022-teva-pell-unica-20220524_2100635\" target=\"_blank\" rel=\"noreferrer noopener\">Cope<\/a>, <a href=\"https:\/\/www.europapress.es\/catalunya\/noticia-400-farmacias-barcelona-participan-campana-correcta-proteccion-solar-20220524185233.html\" target=\"_blank\" rel=\"noreferrer noopener\">Europa Press,<\/a> <a href=\"http:\/\/www.gentedigital.es\/catalunya\/noticia\/3391593\/unas-400-farmacias-de-barcelona-participan-en-una-campana-para-una-correcta-proteccion-solar\/\" target=\"_blank\" rel=\"noreferrer noopener\">Gente Digital<\/a>, <a href=\"https:\/\/www.republica.com\/ciencia-y-tecnologia\/protegerse-del-sol-y-educar-a-los-mas-pequenos-claves-contra-melanomas-20220524-19111441975\/\" target=\"_blank\" rel=\"noreferrer noopener\">Rep\u00fablica<\/a>, <a href=\"https:\/\/www.imfarmacias.es\/noticia\/28640\/el-cof-de-barcelonay-el-hospital-clinic-ponen-en-marcha-la-campana.html\" target=\"_blank\" rel=\"noreferrer noopener\">imFarmacias<\/a>, <a href=\"https:\/\/www.elfarmaceutico.es\/tendencias\/esta-pasando\/noticias\/farmaceuticos-as-provincia-barcelona-fomentaran-adecuada-proteccion-solar-pacientes-patologias-dermatologicas_151127_102.html\" target=\"_blank\" rel=\"noreferrer noopener\">El Farmac\u00e9utico<\/a>, <a href=\"https:\/\/revistafarmanatur.com\/home-izq\/campana-atenciopell2022-piel-unica-proteccion-solar-tambien\/\" target=\"_blank\" rel=\"noreferrer noopener\">Farmanaturo <\/a>y <a href=\"https:\/\/www.phmk.es\/farmacia\/mas-de-500-farmaceuticos-de-la-provincia-de-barcelona-fomentaran-una-proteccion-solar-correcta-entre-la-poblacion\" target=\"_blank\" rel=\"noreferrer noopener\">Pharma Market<\/a>. Aparte, <a href=\"https:\/\/www.diariomedico.com\/farmacia\/comunitaria\/autocuidado\/estos-son-los-consejos-de-fotoproteccion-para-pacientes-dermatologicos.html\" target=\"_blank\" rel=\"noreferrer noopener\">Diario M\u00e9dico<\/a> public\u00f3 una pieza con declaraciones de la vocal de Dermofarmacia del COFB, donde se centr\u00f3 en los consejos de protecci\u00f3n solar que deben seguir los pacientes con patolog\u00edas dermatol\u00f3gicas. <\/p>\n\n\n\n<figure class=\"wp-block-image size-full\"><img decoding=\"async\" src=\"https:\/\/blog.cofb.cat\/wp-content\/uploads\/2022\/06\/COFB_RecullMitjansMaig_1-3-edited.png\" alt=\"\" class=\"wp-image-63971\"\/><\/figure>\n\n\n\n<h2 class=\"wp-block-heading\"><strong>Nueva bolsa de trabajo del COFB <\/strong><\/h2>\n\n\n\n<p>A principios de mayo, el COFB envi\u00f3 una nota de prensa para informar que la <strong>bolsa de trabajo del Colegio<\/strong> se hab\u00eda <strong>renovado<\/strong>, ofreciendo la <strong>posibilidad de que farmac\u00e9uticos\/as no colegiados en la provincia de Barcelona pudieran acceder, <\/strong>previa validaci\u00f3n de su titulaci\u00f3n. <\/p>\n\n\n\n<p>La prensa especializada recogi\u00f3 ampliamente esta noticia, que se valora positivamente para los farmac\u00e9uticos candidatos y para las empresas usuarias de la bolsa de trabajo -tanto oficinas de farmacia como organizaciones de otra tipolog\u00eda-, puesto que se dota al portal de m\u00e1s calidad y se cuenta con una oferta de candidatos m\u00e1s amplia y renovada. Los medios que lo recogieron fueron los siguientes: <a href=\"https:\/\/www.imfarmacias.es\/noticia\/28341\/la-bolsa-de-trabajo-del-cofb-abre-sus-ofertas-a-farmaceuticosas-de-c.html\" target=\"_blank\" rel=\"noreferrer noopener\">imFarmacias<\/a>, <a href=\"https:\/\/www.diariofarma.com\/2022\/05\/03\/la-bolsa-de-trabajo-del-cofb-se-renueva\" target=\"_blank\" rel=\"noreferrer noopener\">Diariofarma<\/a>, <a href=\"https:\/\/revistaacofar.com\/actualidad\/noticias\/la-bolsa-de-trabajo-del-cofb-se-renueva-podran-inscribirse-farmaceuticos-de-cualquier-provincia-espanola\/\" target=\"_blank\" rel=\"noreferrer noopener\">Revista Acofar<\/a>, <a href=\"https:\/\/www.farmaventas.es\/noticias-del-sector\/12836-la-bolsa-de-trabajo-del-cofb-se-renueva-facilitando-que-farmaceuticos-as-de-cualquier-provincia-espanola-puedan-inscribirse-en-las-ofertas-disponibles.html\" target=\"_blank\" rel=\"noreferrer noopener\">Farmaventas<\/a>, <a href=\"https:\/\/www.elfarmaceutico.es\/tendencias\/esta-pasando\/noticias\/bolsa-trabajo-cofb-se-renueva_151042_102.html\" target=\"_blank\" rel=\"noreferrer noopener\">El Farmac\u00e9utico<\/a>, <a href=\"https:\/\/www.phmk.es\/farmacia\/la-bolsa-de-trabajo-del-cofb-se-renueva-y-permite-la-inscripcion-de-farmaceuticos-de-cualquier-region-de-espana\" target=\"_blank\" rel=\"noreferrer noopener\">Pharma Market<\/a> y <a href=\"https:\/\/revistafarmanatur.com\/noticias\/la-bolsa-trabajo-del-cofb-se-renueva-facilitando-farmaceutics-cualquier-provincia-espanola-puedan-inscribirse\/\" target=\"_blank\" rel=\"noreferrer noopener\">Farmanaturo<\/a>. <\/p>\n\n\n\n<figure class=\"wp-block-image size-full\"><img decoding=\"async\" src=\"https:\/\/blog.cofb.cat\/wp-content\/uploads\/2022\/06\/COFB_RecullMitjansMaig_2-2.png\" alt=\"\" class=\"wp-image-63966\"\/><\/figure>\n\n\n\n<h2 class=\"wp-block-heading\"><strong>Mollet, ciudad cardioprotegida<\/strong><\/h2>\n\n\n\n<p><strong>Mollet ha incorporado desfibriladores port\u00e1tiles en todas las farmacias de la ciudad<\/strong> y, de esta forma, se convierte en la quinta ciudad de Catalu\u00f1a con las farmacias cardioprotegidas. Se trata de una iniciativa impulsada por el Ayuntamiento de Mollet, la Fundaci\u00f3n Barcelona Salut y el Col\u00b7legi de Farmac\u00e8utics de Barcelona, con la colaboraci\u00f3n de Merck. <\/p>\n\n\n\n<p><strong>Guillermo Bagar\u00eda<\/strong>, vocal de Oficina de Farmacia del COFB, particip\u00f3 en la rueda de prensa donde se present\u00f3 la iniciativa y mostr\u00f3 su<strong> satisfacci\u00f3n por el hecho de que todas las farmacias de la ciudad hubieran decidido formar parte de ese proyecto colaborador e integrativo. <\/strong>Se hicieron eco <a href=\"https:\/\/www.sommollet.cat\/noticia\/81051\/mollet-incorpora-desfibrilladors-portatils-a-totes-les-farmacies-de-la-ciutat\" target=\"_blank\" rel=\"noreferrer noopener\">Somos Mollet<\/a>, <a href=\"https:\/\/molletviu.com\/2022\/05\/11\/les-farmacies-de-mollet-incorporen-desfibrilladors-portatils-de-darrera-generacio\/\" target=\"_blank\" rel=\"noreferrer noopener\">Mollet Vive<\/a> y <a href=\"https:\/\/www.elperiodico.cat\/ca\/mollet-del-valles\/20220512\/mollet-valls-cinquena-ciutat-catalunya-13647261\" target=\"_blank\" rel=\"noreferrer noopener\">El Peri\u00f3dico<\/a>. <\/p>\n\n\n\n<figure class=\"wp-block-image size-full\"><img decoding=\"async\" src=\"https:\/\/blog.cofb.cat\/wp-content\/uploads\/2022\/06\/COFB_RecullMitjansMaig_3.png\" alt=\"\" class=\"wp-image-63954\"\/><\/figure>\n\n\n\n<h2 class=\"wp-block-heading\"><strong>El COFB como fuente de informaci\u00f3n<\/strong><\/h2>\n\n\n\n<h3 class=\"wp-block-heading\"><strong>Propiedades y riesgos del aloe vera<\/strong><\/h3>\n\n\n\n<p><a href=\"https:\/\/www.rac1.cat\/societat\/20220526\/4112057243079\/aloe-vera-gel-propietats-riscos-salut-planta-medicinal-laxant-pell-com-aplicar-consells.html\" target=\"_blank\" rel=\"noreferrer noopener\">RAC1<\/a> public\u00f3 en su web una pieza sobre <strong>propiedades y riesgos del aloe vera,<\/strong> que cont\u00f3 con la participaci\u00f3n del vocal de Plantas medicinales del COFB, <strong>Josep Allu\u00e9<\/strong>. Entre otras cuestiones, Allu\u00e9 incidi\u00f3 en la <strong>importancia de diferenciar muy bien qu\u00e9 parte de la planta se utiliza en cada caso<\/strong>, detall\u00f3 <strong>c\u00f3mo aplicarla correctamente en la piel<\/strong> y destac\u00f3 <strong>otros usos que tiene,<\/strong> como por ejemplo, como <strong>efecto laxante. <\/strong><\/p>\n\n\n\n<p>A partir de la informaci\u00f3n de esta pieza, <a href=\"https:\/\/www.lavanguardia.com\/natural\/plantas\/20220529\/8301995\/propiedades-riesgos-aloe-vera-asi-tienes-utilizar-sea-eficaz-seguro-pmv.html\" target=\"_blank\" rel=\"noreferrer noopener\">La Vanguardia<\/a> tambi\u00e9n public\u00f3 un contenido en su web y <a href=\"https:\/\/www.cope.es\/emisoras\/cataluna\/barcelona-provincia\/barcelona\/la-linterna-cope-catalunya-i-andorra\/noticias\/linterna-cope-catalunya-andorra-maig-2022-20220530_2113031\" target=\"_blank\" rel=\"noreferrer noopener\">Cope <\/a>realiz\u00f3 una entrevista en el vocal de Plantas medicinales del COFB (a partir del minuto 49:20).  <\/p>\n\n\n\n<h3 class=\"wp-block-heading\"><strong>Interpretaci\u00f3n del resultado positivo de un test de ant\u00edgenos<\/strong><\/h3>\n\n\n\n<p><strong>&quot;\u00bfEs cierto que si la l\u00ednea de un test de ant\u00edgenos positivo est\u00e1 poco definida hay poca carga viral?&quot;.<\/strong> \u00c9sta es la pregunta que plante\u00f3 <a href=\"https:\/\/www.rac1.cat\/societat\/20220504\/4111690059153\/test-antigens-positiu-definida-poca-carrega-viral.html\" target=\"_blank\" rel=\"noreferrer noopener\">RAC1<\/a> para publicar una pieza en su web, en la que incluy\u00f3 <strong>informaci\u00f3n proporcionada por el COFB. <\/strong>Desde el Col\u00b7legi, se traslad\u00f3 que <strong>no se hab\u00eda encontrado ninguna fuente fiable que afirmara que la intensidad del color de un test de ant\u00edgenos de autodiagn\u00f3stico positivo estuviera relacionada con la carga viral.<\/strong> En cualquier caso, se incidi\u00f3 en que el test se interpreta como positivo al margen de la intensidad de la l\u00ednea T, por tanto, es necesario actuar de la misma manera tanto si la l\u00ednea es borrosa como si est\u00e1 bien marcada.&nbsp;<\/p>\n\n\n\n<figure class=\"wp-block-image size-full\"><img decoding=\"async\" src=\"https:\/\/blog.cofb.cat\/wp-content\/uploads\/2022\/06\/COFB_RecullMitjansMaig_4-3-edited.png\" alt=\"\" class=\"wp-image-63969\"\/><\/figure>\n\n\n\n<h3 class=\"wp-block-heading\"><strong>Dispensaci\u00f3n de Paxlovid a trav\u00e9s de las farmacias comunitarias<\/strong><\/h3>\n\n\n\n<p><a href=\"https:\/\/www.diariomedico.com\/farmacia\/comunitaria\/politica\/como-se-esta-dispensando-paxlovid-en-las-farmacias.html\" target=\"_blank\" rel=\"noreferrer noopener\">Correo Farmac\u00e9utico<\/a> public\u00f3 una noticia en la que hizo seguimiento de c\u00f3mo se estaba dispensando el Paxlovid a trav\u00e9s de las farmacias. En el caso de <strong>Catalu\u00f1a<\/strong>, el <strong>circuito se activ\u00f3 el 4 de abril<\/strong> y, desde entonces, se han realizado <strong>116 dispensaciones<\/strong>. <\/p>\n\n\n\n<h3 class=\"wp-block-heading\"><strong>Consejo farmac\u00e9utico frente a la cefalea<\/strong><\/h3>\n\n\n\n<p>En el marco de un especial sobre autocuidado, Correo Farmac\u00e9utico public\u00f3 en la edici\u00f3n en papel un art\u00edculo titulado <strong>&quot;Cefalea: conocer a los desencadenantes y no automedicarse previenen su aparici\u00f3n&quot;<\/strong>. La pieza cont\u00f3 con y<strong>nformaci\u00f3n extra\u00edda de la web de salud del COFB, farmaceuticonline.com,<\/strong> d\u00f3nde se detall\u00f3, entre otros aspectos, qu\u00e9 factores pueden desencadenar la migra\u00f1a y qu\u00e9 consejos se pueden dar desde la farmacia para combatirla. <\/p>\n\n\n\n<figure class=\"wp-block-image size-full\"><img decoding=\"async\" src=\"https:\/\/blog.cofb.cat\/wp-content\/uploads\/2022\/06\/COFB_RecullMitjansMaig_5-edited.png\" alt=\"\" class=\"wp-image-63957\"\/><\/figure>\n\n\n\n<h2 class=\"wp-block-heading\"><strong>Menciones en el COFB<\/strong><\/h2>\n\n\n\n<h3 class=\"wp-block-heading\"><strong>Desnutrici\u00f3n en personas adultas: c\u00f3mo abordarla desde la farmacia comunitaria <\/strong><\/h3>\n\n\n\n<p><a href=\"https:\/\/www.elfarmaceutico.es\/tendencias\/te-interesa\/desnutricion-adulto-mayor-farmacia-comunitaria_151071_102.html\" target=\"_blank\" rel=\"noreferrer noopener\">El Farmac\u00e9utico <\/a>recogi\u00f3 una <strong>publicaci\u00f3n del grupo de Envejecimiento Saludable de la Vocal\u00eda de Alimentaci\u00f3n y Nutrici\u00f3n del COFB, <\/strong>que estaba centrado en la <strong>desnutrici\u00f3n en personas adultas y su abordaje desde la farmacia comunitaria. <\/strong>A lo largo del monogr\u00e1fico, se detallan distintos aspectos, como la magnitud del problema, causas, consecuencias y el papel de la farmacia. <\/p>\n\n\n\n<h3 class=\"wp-block-heading\"><strong>Vitaminas y complementos: cu\u00e1ndo, c\u00f3mo y por qu\u00e9<\/strong><\/h3>\n\n\n\n<p>Casi <strong>700 farmac\u00e9uticos <\/strong>participaron en el <strong>webinar de \u00c1gora Sanitaria,<\/strong> el portal de formaci\u00f3n online de los Colegios de Farmac\u00e9uticos de Barcelona y Madrid, sobre <strong>vitaminas y complementos<\/strong>. La actividad formativa cont\u00f3 con el patrocinio de GSK y tuvo una amplia repercusi\u00f3n en la prensa especializada: <a href=\"https:\/\/www.redaccionmedica.com\/secciones\/industria\/gsk-incluye-en-su-web-formacion-en-nutricion-gratuita-para-farmaceuticos-5318\" target=\"_blank\" rel=\"noreferrer noopener\">Redacci\u00f3n M\u00e9dica<\/a>, <a href=\"https:\/\/www.diariofarma.com\/2022\/05\/24\/vitaminas-como-cuando-y-por-que\" target=\"_blank\" rel=\"noreferrer noopener\">Diariofarma<\/a>, <a href=\"https:\/\/www.consalud.es\/ecsalud\/nacional\/gsk-colabora-en-vitaminas-como-cuando-por-que-nueva-formacion-gratuita-farmaceuticos_115103_102.html\" target=\"_blank\" rel=\"noreferrer noopener\">ConSalud<\/a>, <a href=\"https:\/\/www.anisalud.com\/actualidad\/notas-de-prensa-anis\/8815-%E2%80%9Cvitaminas-c%C3%B3mo%2C-cu%C3%A1ndo-y-por-qu%C3%A9%E2%80%9D%2C-nueva-formaci%C3%B3n-online-gratuita-ya-disponible-para-farmac%C3%A9uticos\" target=\"_blank\" rel=\"noreferrer noopener\">Anisalud<\/a>, <a href=\"https:\/\/www.pmfarma.es\/noticias\/34167-vitaminas-como-cuando-y-por-que-nueva-formacion-online-gratuita-ya-disponible-para-farmaceuticos.html\" target=\"_blank\" rel=\"noreferrer noopener\">PMFarma <\/a>y <a href=\"https:\/\/www.imfarmacias.es\/noticia\/28619\/formacion-gratuitasobre-la-dispensacion-de-vitaminas.html\" target=\"_blank\" rel=\"noreferrer noopener\">imFarmacias<\/a>. <\/p>\n\n\n\n<p><\/p>","protected":false},"excerpt":{"rendered":"<p>Campa\u00f1a \u201cAtenci\u00f3 Piel 2022\u201d El pasado 24 de mayo tuvo lugar la rueda de prensa donde se present\u00f3 la campa\u00f1a \u201cAtenci\u00f3 Piel 2022\u201c, con la participaci\u00f3n de Marta Alcalde, vocal de Dermofarmacia y Productos Sanitarios del COFB, y Josep Malvehy, coordinador del grupo de melanoma en el Hospital Cl\u00ednic [\u2026]<\/p>","protected":false},"author":1,"featured_media":78718,"comment_status":"open","ping_status":"open","sticky":false,"template":"","format":"standard","meta":{"_uag_custom_page_level_css":"","site-sidebar-layout":"default","site-content-layout":"","ast-site-content-layout":"default","site-content-style":"default","site-sidebar-style":"default","ast-global-header-display":"","ast-banner-title-visibility":"","ast-main-header-display":"","ast-hfb-above-header-display":"","ast-hfb-below-header-display":"","ast-hfb-mobile-header-display":"","site-post-title":"","ast-breadcrumbs-content":"","ast-featured-img":"disabled","footer-sml-layout":"","theme-transparent-header-meta":"","adv-header-id-meta":"","stick-header-meta":"","header-above-stick-meta":"","header-main-stick-meta":"","header-below-stick-meta":"","astra-migrate-meta-layouts":"set","ast-page-background-enabled":"default","ast-page-background-meta":{"desktop":{"background-color":"var(--ast-global-color-4)","background-image":"","background-repeat":"repeat","background-position":"center center","background-size":"auto","background-attachment":"scroll","background-type":"","background-media":"","overlay-type":"","overlay-color":"","overlay-opacity":"","overlay-gradient":""},"tablet":{"background-color":"","background-image":"","background-repeat":"repeat","background-position":"center center","background-size":"auto","background-attachment":"scroll","background-type":"","background-media":"","overlay-type":"","overlay-color":"","overlay-opacity":"","overlay-gradient":""},"mobile":{"background-color":"","background-image":"","background-repeat":"repeat","background-position":"center center","background-size":"auto","background-attachment":"scroll","background-type":"","background-media":"","overlay-type":"","overlay-color":"","overlay-opacity":"","overlay-gradient":""}},"ast-content-background-meta":{"desktop":{"background-color":"var(--ast-global-color-5)","background-image":"","background-repeat":"repeat","background-position":"center center","background-size":"auto","background-attachment":"scroll","background-type":"","background-media":"","overlay-type":"","overlay-color":"","overlay-opacity":"","overlay-gradient":""},"tablet":{"background-color":"var(--ast-global-color-5)","background-image":"","background-repeat":"repeat","background-position":"center center","background-size":"auto","background-attachment":"scroll","background-type":"","background-media":"","overlay-type":"","overlay-color":"","overlay-opacity":"","overlay-gradient":""},"mobile":{"background-color":"var(--ast-global-color-5)","background-image":"","background-repeat":"repeat","background-position":"center center","background-size":"auto","background-attachment":"scroll","background-type":"","background-media":"","overlay-type":"","overlay-color":"","overlay-opacity":"","overlay-gradient":""}},"footnotes":""},"categories":[23,32],"tags":[792,793,392,794,795,18,19,796,797,479,53,25,70,459,31,798,799,800,725,492,801],"class_list":["post-63911","post","type-post","status-publish","format-standard","has-post-thumbnail","hentry","category-destacats","category-noticies-farmacia","tag-agora-sanitaria-4","tag-aloe-vera","tag-atencio-pell","tag-borsa-treball","tag-cefalea","tag-cofb","tag-collegi-de-farmaceutics-de-barcelona","tag-complements","tag-desfibrilladors","tag-desnutricio","tag-farmaceutics","tag-farmacies","tag-formacio","tag-mitjans","tag-mitjans-de-comunicacio","tag-mollet","tag-nota-de-premsa","tag-paxlovid","tag-proteccio-solar","tag-tests-antigens","tag-vitamines"],"yoast_head":"<!-- This site is optimized with the Yoast SEO plugin v22.4 - https:\/\/yoast.com\/wordpress\/plugins\/seo\/ -->\n<title>Maig: La campanya &#039;Atenci\u00f3 Pell 2022&#039; i la nova borsa de treball del COFB, temes m\u00e9s destacats als mitjans - Col\u00b7legi de Farmac\u00e8utics de Barcelona<\/title>\n<meta name=\"description\" content=\"Durant el mes de maig, els temes m\u00e9s destacats als mitjans han estat la campanya &#039;Atenci\u00f3 Pell 2022&#039; i la nova borsa de treball del COFB\" \/>\n<meta name=\"robots\" content=\"index, follow, max-snippet:-1, max-image-preview:large, max-video-preview:-1\" \/>\n<link rel=\"canonical\" href=\"https:\/\/www.cofb.org\/es\/2022\/06\/27\/maig-la-campanya-atencio-pell-2022-i-la-nova-borsa-de-treball-del-cofb-temes-mes-destacats-als-mitjans\/\" \/>\n<meta property=\"og:locale\" content=\"es_ES\" \/>\n<meta property=\"og:type\" content=\"article\" \/>\n<meta property=\"og:title\" content=\"Maig: La campanya &#039;Atenci\u00f3 Pell 2022&#039; i la nova borsa de treball del COFB, temes m\u00e9s destacats als mitjans - Col\u00b7legi de Farmac\u00e8utics de Barcelona\" \/>\n<meta property=\"og:description\" content=\"Durant el mes de maig, els temes m\u00e9s destacats als mitjans han estat la campanya &#039;Atenci\u00f3 Pell 2022&#039; i la nova borsa de treball del COFB\" \/>\n<meta property=\"og:url\" content=\"https:\/\/www.cofb.org\/es\/2022\/06\/27\/maig-la-campanya-atencio-pell-2022-i-la-nova-borsa-de-treball-del-cofb-temes-mes-destacats-als-mitjans\/\" \/>\n<meta property=\"og:site_name\" content=\"Col\u00b7legi de Farmac\u00e8utics de Barcelona\" \/>\n<meta property=\"article:publisher\" content=\"https:\/\/www.facebook.com\/farmaceuticsbcn\/\" \/>\n<meta property=\"article:published_time\" content=\"2022-06-27T15:58:24+00:00\" \/>\n<meta property=\"article:modified_time\" content=\"2024-07-04T15:51:41+00:00\" \/>\n<meta property=\"og:image\" content=\"https:\/\/www.cofb.org\/wp-content\/uploads\/2022\/06\/Maig-2022.jpg\" \/>\n\t<meta property=\"og:image:width\" content=\"1170\" \/>\n\t<meta property=\"og:image:height\" content=\"580\" \/>\n\t<meta property=\"og:image:type\" content=\"image\/jpeg\" \/>\n<meta name=\"author\" content=\"wpAdminCofbOrg\" \/>\n<meta name=\"twitter:card\" content=\"summary_large_image\" \/>\n<meta name=\"twitter:creator\" content=\"@farmaceuticsbcn\" \/>\n<meta name=\"twitter:site\" content=\"@farmaceuticsbcn\" \/>\n<meta name=\"twitter:label1\" content=\"Escrito por\" \/>\n\t<meta name=\"twitter:data1\" content=\"wpAdminCofbOrg\" \/>\n\t<meta name=\"twitter:label2\" content=\"Tiempo de lectura\" \/>\n\t<meta name=\"twitter:data2\" content=\"7 minutos\" \/>\n<script type=\"application\/ld+json\" class=\"yoast-schema-graph\">{\"@context\":\"https:\/\/schema.org\",\"@graph\":[{\"@type\":\"Article\",\"@id\":\"https:\/\/www.cofb.org\/2022\/06\/27\/maig-la-campanya-atencio-pell-2022-i-la-nova-borsa-de-treball-del-cofb-temes-mes-destacats-als-mitjans\/#article\",\"isPartOf\":{\"@id\":\"https:\/\/www.cofb.org\/2022\/06\/27\/maig-la-campanya-atencio-pell-2022-i-la-nova-borsa-de-treball-del-cofb-temes-mes-destacats-als-mitjans\/\"},\"author\":{\"name\":\"wpAdminCofbOrg\",\"@id\":\"https:\/\/www.cofb.org\/#\/schema\/person\/22ed7eea88da74b0fa4d3154ad87ffcb\"},\"headline\":\"Maig: La campanya &#8216;Atenci\u00f3 Pell 2022&#8217; i la nova borsa de treball del COFB, temes m\u00e9s destacats als mitjans\",\"datePublished\":\"2022-06-27T15:58:24+00:00\",\"dateModified\":\"2024-07-04T15:51:41+00:00\",\"mainEntityOfPage\":{\"@id\":\"https:\/\/www.cofb.org\/2022\/06\/27\/maig-la-campanya-atencio-pell-2022-i-la-nova-borsa-de-treball-del-cofb-temes-mes-destacats-als-mitjans\/\"},\"wordCount\":1049,\"commentCount\":0,\"publisher\":{\"@id\":\"https:\/\/www.cofb.org\/#organization\"},\"image\":{\"@id\":\"https:\/\/www.cofb.org\/2022\/06\/27\/maig-la-campanya-atencio-pell-2022-i-la-nova-borsa-de-treball-del-cofb-temes-mes-destacats-als-mitjans\/#primaryimage\"},\"thumbnailUrl\":\"https:\/\/www.cofb.org\/wp-content\/uploads\/2022\/06\/Maig-2022.jpg\",\"keywords\":[\"\u00e0gora sanit\u00e0ria\",\"\u00e0loe vera\",\"Atenci\u00f3 Pell\",\"borsa treball\",\"cefalea\",\"COFB\",\"Col\u00b7legi de Farmac\u00e8utics de Barcelona\",\"complements\",\"desfibril\u00b7ladors\",\"desnutrici\u00f3\",\"farmac\u00e8utics\",\"farm\u00e0cies\",\"Formaci\u00f3\",\"Mitjans\",\"mitjans de comunicaci\u00f3\",\"mollet\",\"nota de premsa\",\"paxlovid\",\"protecci\u00f3 solar\",\"tests ant\u00edgens\",\"vitamines\"],\"articleSection\":[\"Destacats\",\"Not\u00edcies farm\u00e0cia\"],\"inLanguage\":\"es\",\"potentialAction\":[{\"@type\":\"CommentAction\",\"name\":\"Comment\",\"target\":[\"https:\/\/www.cofb.org\/2022\/06\/27\/maig-la-campanya-atencio-pell-2022-i-la-nova-borsa-de-treball-del-cofb-temes-mes-destacats-als-mitjans\/#respond\"]}]},{\"@type\":\"WebPage\",\"@id\":\"https:\/\/www.cofb.org\/2022\/06\/27\/maig-la-campanya-atencio-pell-2022-i-la-nova-borsa-de-treball-del-cofb-temes-mes-destacats-als-mitjans\/\",\"url\":\"https:\/\/www.cofb.org\/2022\/06\/27\/maig-la-campanya-atencio-pell-2022-i-la-nova-borsa-de-treball-del-cofb-temes-mes-destacats-als-mitjans\/\",\"name\":\"Maig: La campanya 'Atenci\u00f3 Pell 2022' i la nova borsa de treball del COFB, temes m\u00e9s destacats als mitjans - Col\u00b7legi de Farmac\u00e8utics de Barcelona\",\"isPartOf\":{\"@id\":\"https:\/\/www.cofb.org\/#website\"},\"primaryImageOfPage\":{\"@id\":\"https:\/\/www.cofb.org\/2022\/06\/27\/maig-la-campanya-atencio-pell-2022-i-la-nova-borsa-de-treball-del-cofb-temes-mes-destacats-als-mitjans\/#primaryimage\"},\"image\":{\"@id\":\"https:\/\/www.cofb.org\/2022\/06\/27\/maig-la-campanya-atencio-pell-2022-i-la-nova-borsa-de-treball-del-cofb-temes-mes-destacats-als-mitjans\/#primaryimage\"},\"thumbnailUrl\":\"https:\/\/www.cofb.org\/wp-content\/uploads\/2022\/06\/Maig-2022.jpg\",\"datePublished\":\"2022-06-27T15:58:24+00:00\",\"dateModified\":\"2024-07-04T15:51:41+00:00\",\"description\":\"Durant el mes de maig, els temes m\u00e9s destacats als mitjans han estat la campanya 'Atenci\u00f3 Pell 2022' i la nova borsa de treball del COFB\",\"breadcrumb\":{\"@id\":\"https:\/\/www.cofb.org\/2022\/06\/27\/maig-la-campanya-atencio-pell-2022-i-la-nova-borsa-de-treball-del-cofb-temes-mes-destacats-als-mitjans\/#breadcrumb\"},\"inLanguage\":\"es\",\"potentialAction\":[{\"@type\":\"ReadAction\",\"target\":[\"https:\/\/www.cofb.org\/2022\/06\/27\/maig-la-campanya-atencio-pell-2022-i-la-nova-borsa-de-treball-del-cofb-temes-mes-destacats-als-mitjans\/\"]}]},{\"@type\":\"ImageObject\",\"inLanguage\":\"es\",\"@id\":\"https:\/\/www.cofb.org\/2022\/06\/27\/maig-la-campanya-atencio-pell-2022-i-la-nova-borsa-de-treball-del-cofb-temes-mes-destacats-als-mitjans\/#primaryimage\",\"url\":\"https:\/\/www.cofb.org\/wp-content\/uploads\/2022\/06\/Maig-2022.jpg\",\"contentUrl\":\"https:\/\/www.cofb.org\/wp-content\/uploads\/2022\/06\/Maig-2022.jpg\",\"width\":1170,\"height\":580},{\"@type\":\"BreadcrumbList\",\"@id\":\"https:\/\/www.cofb.org\/2022\/06\/27\/maig-la-campanya-atencio-pell-2022-i-la-nova-borsa-de-treball-del-cofb-temes-mes-destacats-als-mitjans\/#breadcrumb\",\"itemListElement\":[{\"@type\":\"ListItem\",\"position\":1,\"name\":\"Inici\",\"item\":\"https:\/\/novaorg.cofb.net\/\"},{\"@type\":\"ListItem\",\"position\":2,\"name\":\"Maig: La campanya &#8216;Atenci\u00f3 Pell 2022&#8217; i la nova borsa de treball del COFB, temes m\u00e9s destacats als mitjans\"}]},{\"@type\":\"WebSite\",\"@id\":\"https:\/\/www.cofb.org\/#website\",\"url\":\"https:\/\/www.cofb.org\/\",\"name\":\"Col\u00b7legi de Farmac\u00e8utics de Barcelona\",\"description\":\"\",\"publisher\":{\"@id\":\"https:\/\/www.cofb.org\/#organization\"},\"potentialAction\":[{\"@type\":\"SearchAction\",\"target\":{\"@type\":\"EntryPoint\",\"urlTemplate\":\"https:\/\/www.cofb.org\/?s={search_term_string}\"},\"query-input\":\"required name=search_term_string\"}],\"inLanguage\":\"es\"},{\"@type\":\"Organization\",\"@id\":\"https:\/\/www.cofb.org\/#organization\",\"name\":\"Col\u00b7legi de Farmac\u00e8utics de Barcelona\",\"url\":\"https:\/\/www.cofb.org\/\",\"logo\":{\"@type\":\"ImageObject\",\"inLanguage\":\"es\",\"@id\":\"https:\/\/www.cofb.org\/#\/schema\/logo\/image\/\",\"url\":\"https:\/\/www.cofb.org\/wp-content\/uploads\/2023\/11\/cropped-Logotip-COFB.png\",\"contentUrl\":\"https:\/\/www.cofb.org\/wp-content\/uploads\/2023\/11\/cropped-Logotip-COFB.png\",\"width\":500,\"height\":105,\"caption\":\"Col\u00b7legi de Farmac\u00e8utics de Barcelona\"},\"image\":{\"@id\":\"https:\/\/www.cofb.org\/#\/schema\/logo\/image\/\"},\"sameAs\":[\"https:\/\/www.facebook.com\/farmaceuticsbcn\/\",\"https:\/\/twitter.com\/farmaceuticsbcn\",\"https:\/\/www.instagram.com\/farmaceuticsbcn\/\",\"https:\/\/www.linkedin.com\/company\/farmaceuticsbcn\/\"]},{\"@type\":\"Person\",\"@id\":\"https:\/\/www.cofb.org\/#\/schema\/person\/22ed7eea88da74b0fa4d3154ad87ffcb\",\"name\":\"wpAdminCofbOrg\",\"image\":{\"@type\":\"ImageObject\",\"inLanguage\":\"es\",\"@id\":\"https:\/\/www.cofb.org\/#\/schema\/person\/image\/\",\"url\":\"https:\/\/secure.gravatar.com\/avatar\/1721b20b3b8ca882c3b56ec6c978c594fff670e40c0718e9190eaeeb76aae7d8?s=96&d=mm&r=g\",\"contentUrl\":\"https:\/\/secure.gravatar.com\/avatar\/1721b20b3b8ca882c3b56ec6c978c594fff670e40c0718e9190eaeeb76aae7d8?s=96&d=mm&r=g\",\"caption\":\"wpAdminCofbOrg\"},\"sameAs\":[\"http:\/\/192.168.64.122\/wordpress\"],\"url\":\"https:\/\/www.cofb.org\/es\/author\/wpadmincofborg\/\"}]}<\/script>\n<!-- \/ Yoast SEO plugin. -->","yoast_head_json":{"title":"Maig: La campanya 'Atenci\u00f3 Pell 2022' i la nova borsa de treball del COFB, temes m\u00e9s destacats als mitjans - Col\u00b7legi de Farmac\u00e8utics de Barcelona","description":"Durant el mes de maig, els temes m\u00e9s destacats als mitjans han estat la campanya 'Atenci\u00f3 Pell 2022' i la nova borsa de treball del COFB","robots":{"index":"index","follow":"follow","max-snippet":"max-snippet:-1","max-image-preview":"max-image-preview:large","max-video-preview":"max-video-preview:-1"},"canonical":"https:\/\/www.cofb.org\/es\/2022\/06\/27\/maig-la-campanya-atencio-pell-2022-i-la-nova-borsa-de-treball-del-cofb-temes-mes-destacats-als-mitjans\/","og_locale":"es_ES","og_type":"article","og_title":"Maig: La campanya 'Atenci\u00f3 Pell 2022' i la nova borsa de treball del COFB, temes m\u00e9s destacats als mitjans - Col\u00b7legi de Farmac\u00e8utics de Barcelona","og_description":"Durant el mes de maig, els temes m\u00e9s destacats als mitjans han estat la campanya 'Atenci\u00f3 Pell 2022' i la nova borsa de treball del COFB","og_url":"https:\/\/www.cofb.org\/es\/2022\/06\/27\/maig-la-campanya-atencio-pell-2022-i-la-nova-borsa-de-treball-del-cofb-temes-mes-destacats-als-mitjans\/","og_site_name":"Col\u00b7legi de Farmac\u00e8utics de Barcelona","article_publisher":"https:\/\/www.facebook.com\/farmaceuticsbcn\/","article_published_time":"2022-06-27T15:58:24+00:00","article_modified_time":"2024-07-04T15:51:41+00:00","og_image":[{"width":1170,"height":580,"url":"https:\/\/www.cofb.org\/wp-content\/uploads\/2022\/06\/Maig-2022.jpg","type":"image\/jpeg"}],"author":"wpAdminCofbOrg","twitter_card":"summary_large_image","twitter_creator":"@farmaceuticsbcn","twitter_site":"@farmaceuticsbcn","twitter_misc":{"Escrito por":"wpAdminCofbOrg","Tiempo de lectura":"7 minutos"},"schema":{"@context":"https:\/\/schema.org","@graph":[{"@type":"Article","@id":"https:\/\/www.cofb.org\/2022\/06\/27\/maig-la-campanya-atencio-pell-2022-i-la-nova-borsa-de-treball-del-cofb-temes-mes-destacats-als-mitjans\/#article","isPartOf":{"@id":"https:\/\/www.cofb.org\/2022\/06\/27\/maig-la-campanya-atencio-pell-2022-i-la-nova-borsa-de-treball-del-cofb-temes-mes-destacats-als-mitjans\/"},"author":{"name":"wpAdminCofbOrg","@id":"https:\/\/www.cofb.org\/#\/schema\/person\/22ed7eea88da74b0fa4d3154ad87ffcb"},"headline":"Maig: La campanya &#8216;Atenci\u00f3 Pell 2022&#8217; i la nova borsa de treball del COFB, temes m\u00e9s destacats als mitjans","datePublished":"2022-06-27T15:58:24+00:00","dateModified":"2024-07-04T15:51:41+00:00","mainEntityOfPage":{"@id":"https:\/\/www.cofb.org\/2022\/06\/27\/maig-la-campanya-atencio-pell-2022-i-la-nova-borsa-de-treball-del-cofb-temes-mes-destacats-als-mitjans\/"},"wordCount":1049,"commentCount":0,"publisher":{"@id":"https:\/\/www.cofb.org\/#organization"},"image":{"@id":"https:\/\/www.cofb.org\/2022\/06\/27\/maig-la-campanya-atencio-pell-2022-i-la-nova-borsa-de-treball-del-cofb-temes-mes-destacats-als-mitjans\/#primaryimage"},"thumbnailUrl":"https:\/\/www.cofb.org\/wp-content\/uploads\/2022\/06\/Maig-2022.jpg","keywords":["\u00e0gora sanit\u00e0ria","\u00e0loe vera","Atenci\u00f3 Pell","borsa treball","cefalea","COFB","Col\u00b7legi de Farmac\u00e8utics de Barcelona","complements","desfibril\u00b7ladors","desnutrici\u00f3","farmac\u00e8utics","farm\u00e0cies","Formaci\u00f3","Mitjans","mitjans de comunicaci\u00f3","mollet","nota de premsa","paxlovid","protecci\u00f3 solar","tests ant\u00edgens","vitamines"],"articleSection":["Destacats","Not\u00edcies farm\u00e0cia"],"inLanguage":"es","potentialAction":[{"@type":"CommentAction","name":"Comment","target":["https:\/\/www.cofb.org\/2022\/06\/27\/maig-la-campanya-atencio-pell-2022-i-la-nova-borsa-de-treball-del-cofb-temes-mes-destacats-als-mitjans\/#respond"]}]},{"@type":"WebPage","@id":"https:\/\/www.cofb.org\/2022\/06\/27\/maig-la-campanya-atencio-pell-2022-i-la-nova-borsa-de-treball-del-cofb-temes-mes-destacats-als-mitjans\/","url":"https:\/\/www.cofb.org\/2022\/06\/27\/maig-la-campanya-atencio-pell-2022-i-la-nova-borsa-de-treball-del-cofb-temes-mes-destacats-als-mitjans\/","name":"Maig: La campanya 'Atenci\u00f3 Pell 2022' i la nova borsa de treball del COFB, temes m\u00e9s destacats als mitjans - Col\u00b7legi de Farmac\u00e8utics de Barcelona","isPartOf":{"@id":"https:\/\/www.cofb.org\/#website"},"primaryImageOfPage":{"@id":"https:\/\/www.cofb.org\/2022\/06\/27\/maig-la-campanya-atencio-pell-2022-i-la-nova-borsa-de-treball-del-cofb-temes-mes-destacats-als-mitjans\/#primaryimage"},"image":{"@id":"https:\/\/www.cofb.org\/2022\/06\/27\/maig-la-campanya-atencio-pell-2022-i-la-nova-borsa-de-treball-del-cofb-temes-mes-destacats-als-mitjans\/#primaryimage"},"thumbnailUrl":"https:\/\/www.cofb.org\/wp-content\/uploads\/2022\/06\/Maig-2022.jpg","datePublished":"2022-06-27T15:58:24+00:00","dateModified":"2024-07-04T15:51:41+00:00","description":"Durant el mes de maig, els temes m\u00e9s destacats als mitjans han estat la campanya 'Atenci\u00f3 Pell 2022' i la nova borsa de treball del COFB","breadcrumb":{"@id":"https:\/\/www.cofb.org\/2022\/06\/27\/maig-la-campanya-atencio-pell-2022-i-la-nova-borsa-de-treball-del-cofb-temes-mes-destacats-als-mitjans\/#breadcrumb"},"inLanguage":"es","potentialAction":[{"@type":"ReadAction","target":["https:\/\/www.cofb.org\/2022\/06\/27\/maig-la-campanya-atencio-pell-2022-i-la-nova-borsa-de-treball-del-cofb-temes-mes-destacats-als-mitjans\/"]}]},{"@type":"ImageObject","inLanguage":"es","@id":"https:\/\/www.cofb.org\/2022\/06\/27\/maig-la-campanya-atencio-pell-2022-i-la-nova-borsa-de-treball-del-cofb-temes-mes-destacats-als-mitjans\/#primaryimage","url":"https:\/\/www.cofb.org\/wp-content\/uploads\/2022\/06\/Maig-2022.jpg","contentUrl":"https:\/\/www.cofb.org\/wp-content\/uploads\/2022\/06\/Maig-2022.jpg","width":1170,"height":580},{"@type":"BreadcrumbList","@id":"https:\/\/www.cofb.org\/2022\/06\/27\/maig-la-campanya-atencio-pell-2022-i-la-nova-borsa-de-treball-del-cofb-temes-mes-destacats-als-mitjans\/#breadcrumb","itemListElement":[{"@type":"ListItem","position":1,"name":"Inici","item":"https:\/\/novaorg.cofb.net\/"},{"@type":"ListItem","position":2,"name":"Maig: La campanya &#8216;Atenci\u00f3 Pell 2022&#8217; i la nova borsa de treball del COFB, temes m\u00e9s destacats als mitjans"}]},{"@type":"WebSite","@id":"https:\/\/www.cofb.org\/#website","url":"https:\/\/www.cofb.org\/","name":"Col\u00b7legi de Farmac\u00e8utics de Barcelona","description":"","publisher":{"@id":"https:\/\/www.cofb.org\/#organization"},"potentialAction":[{"@type":"SearchAction","target":{"@type":"EntryPoint","urlTemplate":"https:\/\/www.cofb.org\/?s={search_term_string}"},"query-input":"required name=search_term_string"}],"inLanguage":"es"},{"@type":"Organization","@id":"https:\/\/www.cofb.org\/#organization","name":"Col\u00b7legi de Farmac\u00e8utics de Barcelona","url":"https:\/\/www.cofb.org\/","logo":{"@type":"ImageObject","inLanguage":"es","@id":"https:\/\/www.cofb.org\/#\/schema\/logo\/image\/","url":"https:\/\/www.cofb.org\/wp-content\/uploads\/2023\/11\/cropped-Logotip-COFB.png","contentUrl":"https:\/\/www.cofb.org\/wp-content\/uploads\/2023\/11\/cropped-Logotip-COFB.png","width":500,"height":105,"caption":"Col\u00b7legi de Farmac\u00e8utics de Barcelona"},"image":{"@id":"https:\/\/www.cofb.org\/#\/schema\/logo\/image\/"},"sameAs":["https:\/\/www.facebook.com\/farmaceuticsbcn\/","https:\/\/twitter.com\/farmaceuticsbcn","https:\/\/www.instagram.com\/farmaceuticsbcn\/","https:\/\/www.linkedin.com\/company\/farmaceuticsbcn\/"]},{"@type":"Person","@id":"https:\/\/www.cofb.org\/#\/schema\/person\/22ed7eea88da74b0fa4d3154ad87ffcb","name":"wpAdminCofbOrg","image":{"@type":"ImageObject","inLanguage":"es","@id":"https:\/\/www.cofb.org\/#\/schema\/person\/image\/","url":"https:\/\/secure.gravatar.com\/avatar\/1721b20b3b8ca882c3b56ec6c978c594fff670e40c0718e9190eaeeb76aae7d8?s=96&d=mm&r=g","contentUrl":"https:\/\/secure.gravatar.com\/avatar\/1721b20b3b8ca882c3b56ec6c978c594fff670e40c0718e9190eaeeb76aae7d8?s=96&d=mm&r=g","caption":"wpAdminCofbOrg"},"sameAs":["http:\/\/192.168.64.122\/wordpress"],"url":"https:\/\/www.cofb.org\/es\/author\/wpadmincofborg\/"}]}},"uagb_featured_image_src":{"full":["https:\/\/www.cofb.org\/wp-content\/uploads\/2022\/06\/Maig-2022.jpg",1170,580,false],"thumbnail":["https:\/\/www.cofb.org\/wp-content\/uploads\/2022\/06\/Maig-2022-150x150.jpg",150,150,true],"medium":["https:\/\/www.cofb.org\/wp-content\/uploads\/2022\/06\/Maig-2022-300x149.jpg",300,149,true],"medium_large":["https:\/\/www.cofb.org\/wp-content\/uploads\/2022\/06\/Maig-2022-768x381.jpg",768,381,true],"large":["https:\/\/www.cofb.org\/wp-content\/uploads\/2022\/06\/Maig-2022-1024x508.jpg",1024,508,true],"1536x1536":["https:\/\/www.cofb.org\/wp-content\/uploads\/2022\/06\/Maig-2022.jpg",1170,580,false],"2048x2048":["https:\/\/www.cofb.org\/wp-content\/uploads\/2022\/06\/Maig-2022.jpg",1170,580,false],"trp-custom-language-flag":["https:\/\/www.cofb.org\/wp-content\/uploads\/2022\/06\/Maig-2022-18x9.jpg",18,9,true]},"uagb_author_info":{"display_name":"wpAdminCofbOrg","author_link":"https:\/\/www.cofb.org\/es\/author\/wpadmincofborg\/"},"uagb_comment_info":0,"uagb_excerpt":"Campanya &#8220;Atenci\u00f3 Pell 2022&#8221; El passat 24 de maig va tenir lloc la roda de premsa on es va presentar la campanya &#8220;Atenci\u00f3 Pell 2022&#8220;, amb la participaci\u00f3 de Marta Alcalde, vocal de Dermofarm\u00e0cia i Productes Sanitaris del COFB, i Josep Malvehy, coordinador del grup de melanoma a l\u2019Hospital Cl\u00ednic [&hellip;]","_links":{"self":[{"href":"https:\/\/www.cofb.org\/es\/wp-json\/wp\/v2\/posts\/63911","targetHints":{"allow":["GET"]}}],"collection":[{"href":"https:\/\/www.cofb.org\/es\/wp-json\/wp\/v2\/posts"}],"about":[{"href":"https:\/\/www.cofb.org\/es\/wp-json\/wp\/v2\/types\/post"}],"author":[{"embeddable":true,"href":"https:\/\/www.cofb.org\/es\/wp-json\/wp\/v2\/users\/1"}],"replies":[{"embeddable":true,"href":"https:\/\/www.cofb.org\/es\/wp-json\/wp\/v2\/comments?post=63911"}],"version-history":[{"count":2,"href":"https:\/\/www.cofb.org\/es\/wp-json\/wp\/v2\/posts\/63911\/revisions"}],"predecessor-version":[{"id":78719,"href":"https:\/\/www.cofb.org\/es\/wp-json\/wp\/v2\/posts\/63911\/revisions\/78719"}],"wp:featuredmedia":[{"embeddable":true,"href":"https:\/\/www.cofb.org\/es\/wp-json\/wp\/v2\/media\/78718"}],"wp:attachment":[{"href":"https:\/\/www.cofb.org\/es\/wp-json\/wp\/v2\/media?parent=63911"}],"wp:term":[{"taxonomy":"category","embeddable":true,"href":"https:\/\/www.cofb.org\/es\/wp-json\/wp\/v2\/categories?post=63911"},{"taxonomy":"post_tag","embeddable":true,"href":"https:\/\/www.cofb.org\/es\/wp-json\/wp\/v2\/tags?post=63911"}],"curies":[{"name":"wp","href":"https:\/\/api.w.org\/{rel}","templated":true}]}}