{"id":63813,"date":"2022-06-21T13:36:54","date_gmt":"2022-06-21T11:36:54","guid":{"rendered":"https:\/\/blog.cofb.cat\/?p=63813"},"modified":"2023-09-21T09:07:17","modified_gmt":"2023-09-21T09:07:17","slug":"junta-general-ordinaria-aprovada-per-unanimitat-la-liquidacio-del-pressupost-de-2021","status":"publish","type":"post","link":"https:\/\/www.cofb.org\/es\/2022\/06\/21\/junta-general-ordinaria-aprovada-per-unanimitat-la-liquidacio-del-pressupost-de-2021\/","title":{"rendered":"Junta General Ordinaria: Aprobada por unanimidad la liquidaci\u00f3n del presupuesto de 2021"},"content":{"rendered":"<p>El pasado <strong>lunes 20 de junio<\/strong> tuvo lugar en <strong>Col\u00b7legi de Farmac\u00e8utics de Barcelona<\/strong>&nbsp;(COFB) la <strong>Junta General Ordinaria<\/strong> (JGO), donde se va <strong>aprobar por unanimidad la<\/strong> <strong>liquidaci\u00f3n del presupuesto de 2021<\/strong>. La <strong>Junta<\/strong> estuvo encabezada por los miembros que integran el<strong>equipo econ\u00f3mico<\/strong>: el presidente, <strong>Jordi Casas<\/strong>; la vicepresidenta, <strong>N\u00faria Bosch<\/strong>; la secretaria, <strong>Aina Surroca<\/strong>; y el tesorero, <strong>Miquel Recasens<\/strong>.<\/p>\n\n\n\n<figure class=\"wp-block-image size-large is-resized\"><img fetchpriority=\"high\" decoding=\"async\" src=\"https:\/\/blog.cofb.cat\/wp-content\/uploads\/2022\/06\/COFB_JGO_21062022_1-1024x513.jpg\" alt=\"\" class=\"wp-image-63827\" style=\"width:840px;height:420px\" width=\"840\" height=\"420\"\/><figcaption class=\"wp-element-caption\"> De izquierda a derecha, los 4 de los miembros de la Junta del COFB que encabezaron la JGO: Aina Surroca, secretaria; Jordi Casas, presidente; N\u00faria Bosch, vicepresidenta; y Miquel Recasens, tesorero. <\/figcaption><\/figure>\n\n\n\n<h2 class=\"wp-block-heading\"><strong>Informe de Secretar\u00eda<\/strong><\/h2>\n\n\n\n<p>La <strong>secretaria del COFB<\/strong>, <strong>Aina Surroca<\/strong>, comenz\u00f3 su intervenci\u00f3n repasando algunas de las <strong>cifras m\u00e1s destacadas de la profesi\u00f3n en la provincia de Barcelona<\/strong>. En 2021 ha contado con <strong>9.182<\/strong> <strong>colegiados\/das<\/strong> (un 74,1%, mujeres) y <strong>2.357<\/strong> <strong>oficinas de farmacia<\/strong> (9 nuevas), se han facturado <strong>107.481.762 recetas facturadas<\/strong> y se han realizado<strong> 22.384 servicios de guardia nocturna<\/strong>.  <\/p>\n\n\n\n<p>A continuaci\u00f3n, pas\u00f3 al segundo bloque, centrado en la <strong>Memoria de gesti\u00f3n de actividades del COFB<\/strong> <strong>de 2021<\/strong>, donde detall\u00f3 los datos m\u00e1s relevantes de los distintos departamentos del COFB. En total, se han atendido <strong>m\u00e1s de 153.000<\/strong>&nbsp;<strong>consultas telef\u00f3nicas<\/strong>, la <strong>Gu\u00eda de Dispensaci\u00f3n <\/strong>del <strong>Centro de Informaci\u00f3n del Medicamento (CIM)<\/strong> ha recibido <strong>383.570 visitas<\/strong>, <strong>Secretar\u00eda <\/strong>ha tramitado <strong>3.168 expedientes <\/strong>y <strong>Asesor\u00eda Jur\u00eddica<\/strong> ha registrado <strong>2.670 documentos de entrada.<\/strong><\/p>\n\n\n\n<p>En relaci\u00f3n con la <strong>formaci\u00f3n continuada<\/strong>, Surroca destac\u00f3 <strong>la apuesta y la consolidaci\u00f3n de la formaci\u00f3n h\u00edbrida, <\/strong>con la inauguraci\u00f3n de distintas aulas con este objetivo. En 2021 se han impartido <strong>246 actividades formativas<\/strong>, con <strong>m\u00e1s de 20.000<\/strong> personas inscritas (una media del&nbsp;<strong>60%<\/strong> a trav\u00e9s de <strong><em>Webinar<\/em> <\/strong>-formaci\u00f3n s\u00edncrona-, uno <strong>35% online <\/strong>-formaci\u00f3n as\u00edncrona- y uno <strong>5% presencial<\/strong>). Por otra parte, tambi\u00e9n destac\u00f3 que <strong>\u00c1gora Sanitaria<\/strong>, la plataforma de formaci\u00f3n online de los Colegios de Farmac\u00e9uticos de Barcelona y Madrid, ha logrado <strong>m\u00e1s de 100.000 inscripciones<\/strong>.<\/p>\n\n\n\n<figure class=\"wp-block-image size-large\"><img decoding=\"async\" src=\"https:\/\/blog.cofb.cat\/wp-content\/uploads\/2022\/06\/COFB_JGO_21062022_2-1024x645.jpg\" alt=\"\" class=\"wp-image-63878\"\/><figcaption class=\"wp-element-caption\">Aina Surroca, secretaria del COFB, durante la presentaci\u00f3n de la Memoria de<strong> <\/strong>gesti\u00f3n de actividades del COFB.<\/figcaption><\/figure>\n\n\n\n<p>En cuanto a los proyectos, campa\u00f1as y servicios, Surroca hizo referencia a las <strong>m\u00e1s de 600 farmacias con alta solicitada <\/strong>a <strong>Farmaserveis<\/strong>&nbsp;ya la nueva edici\u00f3n de la <strong>campa\u00f1a Atenci\u00f3n Piel,<\/strong> que se realiz\u00f3 conjuntamente con \u00f3pticos y optometristas. A continuaci\u00f3n, la secretaria hizo un repaso de los datos principales de <strong>servicios ya consolidados,<\/strong> como el <strong>Programa de Intercambio de Jeringuillas, el Programa de detecci\u00f3n precoz del VIH con test r\u00e1pido, el Programa de Detecci\u00f3n precoz de c\u00e1ncer de colon y recto o la entrega de Medicamentos Hospitalarios de Dispensaci\u00f3n Ambulatoria (MHDA)<\/strong> a trav\u00e9s de las farmacias comunitarias; de <strong>nuevos proyectos puestos en marcha,<\/strong> como el<strong> Programa TAR y el piloto del Programa de detecci\u00f3n precoz c\u00e1ncer de cuello uterino<\/strong>; y tambi\u00e9n de<strong>iniciativas que se han llevado a cabo en el territorio<\/strong>, como las <strong>encuestas a la poblaci\u00f3n de Anoia sobre el uso de antibi\u00f3ticos <\/strong>y la<strong> campa\u00f1a de difusi\u00f3n del Baix Llobregat Litoral-SAP Delta sobre el buen uso de los antimicrobuanos. <\/strong><\/p>\n\n\n<div class=\"destacat-blog\">\n\n\n<h3 class=\"wp-block-heading\"><strong>Datos m\u00e1s relevantes en el \u00e1mbito de la Comunicaci\u00f3n<\/strong><\/h3>\n\n\n\n<p>Durante el a\u00f1o 2021, la<strong> comunicaci\u00f3n<\/strong> continu\u00f3 teniendo una <strong>gran importancia<\/strong>. Las webs <strong>cofb.org<\/strong>, <strong>blog.cofb.cat<\/strong>, <strong>farmaceuticonline.com<\/strong> y la <strong>web de colegiados<\/strong> recibieron <strong>m\u00e1s de 5.000.000 visitas<\/strong>. En relaci\u00f3n con <strong>la actividad en las redes sociales<\/strong>, se han realizado <strong>1.871 publicaciones<\/strong>, que generaron <strong>m\u00e1s de 17.000 interacciones<\/strong>, contando Twitter, Facebook, Linkedin y la nueva cuenta de Instagram; y ha habido un <strong>crecimiento del 19,9% de la comunidad COFB<\/strong>. <\/p>\n\n\n\n<figure class=\"wp-block-image size-large\"><img decoding=\"async\" src=\"https:\/\/blog.cofb.cat\/wp-content\/uploads\/2022\/06\/COFB_JGO_21062022_6-1024x543.jpg\" alt=\"\" class=\"wp-image-63889\"\/><\/figure>\n\n\n\n<p>Otros datos destacados de comunicaci\u00f3n externa son los<strong> 42 notas de prensa<\/strong> enviadas a los medios de comunicaci\u00f3n, las <strong>m\u00e1s de 900 repercusiones en prensa, radio, televisi\u00f3n y medios digitales<\/strong> y las <strong>m\u00e1s de 300 peticiones atendidas.<\/strong> En cuanto a la<strong> comunicaci\u00f3n colegial<\/strong>, se enviaron <strong>m\u00e1s de 1.000 comunicaciones<\/strong> por correo electr\u00f3nico y se recogi\u00f3 que el<strong>App del COFB<\/strong> se descarg\u00f3 <strong>401 veces<\/strong>, que <strong>Farmagu\u00eda<\/strong> recibi\u00f3 <strong>250.264 visitas<\/strong> y se descarg\u00f3 unas <strong>1.655 veces <\/strong>y que el <strong>Health Symptoms Translator<\/strong> contabiliz\u00f3 su <strong>326.<\/strong><\/p><\/div>\n\n\n\n<p>La <strong>secretaria tambi\u00e9n expuso que desde el Departamento de Deontolog\u00eda se han realizado 429 visitas de inspecci\u00f3n \/ asesoramiento<\/strong>; que<strong> Infarma Virtual 2021<\/strong> cont\u00f3 con <strong>cerca de 6.000 asistentes y m\u00e1s de 200 expositores;<\/strong> y que desde la <strong>Comisi\u00f3n de Compromiso Social del COFB <\/strong>se han impulsado nuevos proyectos, como <strong> Farmact\u00edvate y las campa\u00f1as con San Juan de Dios y Oncolliga.<\/strong> Otros datos que mencion\u00f3 fueron los relativos a la <strong>bolsa de trabajo del COFB,<\/strong>&nbsp;las del <strong>certificado digital,&nbsp;<\/strong>los <strong>proyectos becados y premiados<\/strong>, y la actividad de <strong>CoFBServicios. <\/strong><\/p>\n\n\n\n<h2 class=\"wp-block-heading\"><strong>Informe de Tesorer\u00eda<\/strong><\/h2>\n\n\n\n<p>Durante el Informe de Tesorer\u00eda, el <strong>tesorero del COFB, Miquel Recasens<\/strong>, explic\u00f3 que e<strong>l presupuesto institucional se ha liquidado con un super\u00e1vit de 346.751,53 \u20ac<\/strong>. Una parte importante de este super\u00e1vit ha sido originado por <strong>dos operaciones extraordinarias<\/strong> con las que no se contaba cuando se hizo el presupuesto de 2021: por un lado, la venta de la plataforma de Farmaserveis en el Consejo de Colegios Farmac\u00e9uticos de Catalu\u00f1a; por su parte, la venta de las acciones que ten\u00eda el COFB de la empresa Firmaprofessional.<strong> La Junta General aprob\u00f3 aplicar el 78% de este super\u00e1vit en neto patrimonial <\/strong>(correspondiente a la suma del resultado ordinario del presupuesto institucional y el resultado extraordinario de la venta de Firmaprofessional)<strong> y el 22% en el fondo de la receta electr\u00f3nica <\/strong>(correspondiente a la suma de la venta de Farmaserveis, que se financi\u00f3 con ese mismo fondo, y la cantidad resultante del servicio de facturaci\u00f3n y liquidaci\u00f3n de recetas).<\/p>\n\n\n\n<figure class=\"wp-block-image size-large\"><img decoding=\"async\" src=\"https:\/\/blog.cofb.cat\/wp-content\/uploads\/2022\/06\/COFB_JGO_21062022_3-1024x602.jpg\" alt=\"\" class=\"wp-image-63881\"\/><figcaption class=\"wp-element-caption\">Miquel Recasens, tesorero del COFB, present\u00f3 la liquidaci\u00f3n del presupuesto de 2021, que se aprob\u00f3 por unanimidad.<\/figcaption><\/figure>\n\n\n\n<p>A continuaci\u00f3n, Recasens hizo un <strong>repaso de los ingresos y gastos habidos en los 4 bloques en los que se divide el presupuesto del COFB: institucional, facturaci\u00f3n y liquidaci\u00f3n de recetas, Farmaservicios y partidas compensadas.<\/strong> M\u00e1s concretamente, en el apartado<strong> de ingresos del blog institucional<\/strong>, puso en valor que la <strong>Formaci\u00f3n hab\u00eda funcionado mejor de lo esperado, <\/strong>gracias, en gran medida, a las <strong>aulas h\u00edbridas<\/strong> que se han impulsado desde el COFB y que han permitido extender la oferta formativa. Tambi\u00e9n destac\u00f3 la<strong> recuperaci\u00f3n de ingresos por patrocinios, la recuperaci\u00f3n de tasas de nueva instalaci\u00f3n de oficinas de Farmacia, o el incremento casi del 50% de los servicios de prestaciones ortoprot\u00e9ticas (PAO).<\/strong><\/p>\n\n\n\n<p>En cuanto a las <strong>gastos<\/strong>, el tesorero del COFB expuso que, con motivo de la obtenci\u00f3n de ingresos extraordinarios, <strong>se ha destinado una parte a acelerar la digitalizaci\u00f3n de documentos de contabilidad y expedientes<\/strong>, acci\u00f3n que inicialmente se ten\u00eda previsto repartir en distintos ejercicios. Tambi\u00e9n destac\u00f3 que <strong>en la sede Colegial se hab\u00eda alcanzado la disminuci\u00f3n de 50.000 \u20ac que se presupuesta <\/strong>y, en cuanto a las <strong>gastos administrativos<\/strong>, tambi\u00e9n <strong>se han reducido significativamente,<\/strong> especialmente las de la partida de servicios de impresi\u00f3n y material fungible. Esta reducci\u00f3n ha sido posible gracias a la <strong>disminuci\u00f3n de uso de papel, con el objetivo<\/strong> de hacer del COFB una <strong>instituci\u00f3n cada vez m\u00e1s sostenible.<\/strong><\/p>\n\n\n\n<figure class=\"wp-block-image size-large\"><img decoding=\"async\" src=\"https:\/\/blog.cofb.cat\/wp-content\/uploads\/2022\/06\/COFB_JGO_21062022_4-1024x671.jpg\" alt=\"\" class=\"wp-image-63882\"\/><figcaption class=\"wp-element-caption\">El presidente del COFB, Jordi Casas, en la presentaci\u00f3n del Informe de Presidencia, durante la Junta General Ordinaria.<br><\/figcaption><\/figure>\n\n\n\n<h2 class=\"wp-block-heading\"><strong>Informe de Presidencia&nbsp;<\/strong><\/h2>\n\n\n\n<p><strong>Jordi Casas, presidente del COFB,<\/strong> inici\u00f3 el informe de Presidencia de la Junta General haciendo referencia a las <strong>sesiones informativas que se han llevado a cabo en el territorio<\/strong> desde el pasado mes de mayo, que han contado con<strong> m\u00e1s de 300 asistentes<\/strong> y d\u00f3nde se han abordado temas relacionados con la <strong>dispensaci\u00f3n <\/strong>(recetas electr\u00f3nicas del CatSalut y privadas, farmacia libre de papel, SEVeM, interoperabilidad europea y servicio de control de temperatura), con las <strong>incidencias en el suministro <\/strong>(CISMED y Farmahelp), con el <strong>Col\u00b7legi <\/strong>(portal de tr\u00e1mites y gu\u00eda de autoinspecci\u00f3n) y con la <strong>farmacia asistencial <\/strong>(Farmaservicios). <\/p>\n\n\n<div class=\"destacat-blog\">\n\n\n<h3 class=\"wp-block-heading\"><strong>Proyectos profesionales en marcha<\/strong><\/h3>\n\n\n\n<p>El presidente del COFB habl\u00f3 de<strong> el estado de situaci\u00f3n de diferentes proyectos profesionales, <\/strong>como el <strong>Programa TAR,<\/strong> en cuyo marco, m\u00e1s de 1.100 farmacias han supervisado m\u00e1s de 625.000 tests de ant\u00edgenos (financiados y no financiados) y han notificado m\u00e1s de 259.000 resultados positivos de tests realizados a domicilio; el<strong> entrega de proximidad de medicamentos hospitalarios de dispensaci\u00f3n ambulatoria (MHDA),<\/strong> que ya cuenta con m\u00e1s de 55.000 entregas; el <strong>Programa de detecci\u00f3n precoz de c\u00e1ncer de cuello uterino<\/strong>, que gracias al \u00e9xito que est\u00e1 teniendo est\u00e1 previsto que se ampl\u00ede a m\u00e1s zonas del Baix Llobregat; el <strong>Programa de educaci\u00f3n sanitaria sobre buen uso de los medicamentos,<\/strong> que tendr\u00e1 nuevas sesiones sobre PROA y ampliar\u00e1 el p\u00fablico objetivo realizando sesiones en escuelas; y el <strong>circuito de dispensaci\u00f3n de Paxlovid<\/strong>, a trav\u00e9s de las farmacias, que ya cuenta con 168 dispensaciones.<\/p> <\/div>\n\n\n\n<p>A continuaci\u00f3n, <strong>N\u00faria Bosch<\/strong>, <strong>vicepresidenta del COFB<\/strong>, present\u00f3 las<strong> iniciativas m\u00e1s remarcables de Comunicaci\u00f3n<\/strong> durante el <strong>primer semestre del a\u00f1o 2022<\/strong>. Una de ellas fue la <strong>rueda de prensa<\/strong> del pasado <strong>24 de mayo<\/strong>&nbsp;para dar a conocer<strong>&nbsp;en los medios<\/strong>&nbsp;la <strong>campa\u00f1a \u201cAtenci\u00f3n Piel 2022\u201d<\/strong>, as\u00ed como las diferentes acciones que se han llevado a cabo en el marco de la <strong>campa\u00f1a de comunicaci\u00f3n<\/strong>: publicidad exterior, cu\u00f1as en radio e inserciones en redes sociales y Google Ads.<\/p>\n\n\n\n<p>Bosch hizo referencia a la programaci\u00f3n de <strong>contenidos digitales de salud que se preparar\u00e1n desde el COFB para el farmac\u00e9utico\/a<\/strong>, as\u00ed como las <strong>repercusiones en medios m\u00e1s destacadas durante estos primeros seis meses,<\/strong> donde se ha conseguido, entre otros, que la farmacia sea <strong>portada de peri\u00f3dicos<\/strong> y sea tema de<strong>apertura en telediarios. <\/strong><\/p>\n\n\n\n<figure class=\"wp-block-image size-large\"><img decoding=\"async\" src=\"https:\/\/blog.cofb.cat\/wp-content\/uploads\/2022\/06\/COFB_JGO_21062022_5-2-1024x569.jpg\" alt=\"\" class=\"wp-image-63883\"\/><figcaption class=\"wp-element-caption\">La vicepresidenta del COFB, Nuria Bosch, en un momento de su intervenci\u00f3n. <br><\/figcaption><\/figure>\n\n\n\n<p>Tambi\u00e9n traslad\u00f3 a los <strong>Congresos que tendr\u00e1n lugar pr\u00f3ximamente -Congreso Nacional Farmac\u00e9utico, FIP World Congress y World Hospital Conrgess<\/strong>-, donde e<strong>se presentar\u00e1n proyectos en los que ha participado el COFB<\/strong>; y <strong>Infarma Barcelona 2023,<\/strong> que tendr\u00e1 lugar el 14, 15 y 16 de marzo en Fira Barcelona. Ya en la parte final de la Junta General, la vicepresidenta del COFB destac\u00f3 las <strong>diferentes iniciativas puestas en marcha para ayudar a farmac\u00e9uticos provenientes de Ucrania<\/strong>, as\u00ed como la <strong>nueva bolsa de trabajo <\/strong>del COFB, que se ha abierto recientemente a farmac\u00e9uticos de otras comunidades aut\u00f3nomas. <\/p>\n\n\n<div class=\"destacat-blog\">\nCada a\u00f1o, el Col\u00b7legi lleva a cabo <strong>dos Juntas Generales<\/strong> relacionadas con el presupuesto del COFB en las que se presenta a los colegiados la <strong>liquidaci\u00f3n del a\u00f1o anterior<\/strong> (<em>Junta del mes de junio<\/em>) y la <strong>propuesta de presupuesto para el a\u00f1o siguiente<\/strong> (<em>Junta del mes de diciembre<\/em>). La aprobaci\u00f3n de los presupuestos se somete a la <strong>votaci\u00f3n de los colegiados<\/strong> que asisten.<\/p>\n<\/p><\/div>","protected":false},"excerpt":{"rendered":"<p>El pasado lunes 20 de junio tuvo lugar en el Colegio de Farmac\u00e9uticos de Barcelona (COFB) la Junta General Ordinaria (JGO), donde se aprob\u00f3 por unanimidad la liquidaci\u00f3n del presupuesto de 2021. La Junta estuvo encabezada por los miembros que integran el equipo econ\u00f3mico: el presidente, Jordi Casas; la vicepresidenta, N\u00faria [\u2026]<\/p>","protected":false},"author":1,"featured_media":67888,"comment_status":"open","ping_status":"open","sticky":false,"template":"","format":"standard","meta":{"_uag_custom_page_level_css":"","site-sidebar-layout":"default","site-content-layout":"","ast-site-content-layout":"default","site-content-style":"default","site-sidebar-style":"default","ast-global-header-display":"","ast-banner-title-visibility":"","ast-main-header-display":"","ast-hfb-above-header-display":"","ast-hfb-below-header-display":"","ast-hfb-mobile-header-display":"","site-post-title":"","ast-breadcrumbs-content":"","ast-featured-img":"disabled","footer-sml-layout":"","theme-transparent-header-meta":"","adv-header-id-meta":"","stick-header-meta":"","header-above-stick-meta":"","header-main-stick-meta":"","header-below-stick-meta":"","astra-migrate-meta-layouts":"default","ast-page-background-enabled":"default","ast-page-background-meta":{"desktop":{"background-color":"var(--ast-global-color-4)","background-image":"","background-repeat":"repeat","background-position":"center center","background-size":"auto","background-attachment":"scroll","background-type":"","background-media":"","overlay-type":"","overlay-color":"","overlay-opacity":"","overlay-gradient":""},"tablet":{"background-color":"","background-image":"","background-repeat":"repeat","background-position":"center center","background-size":"auto","background-attachment":"scroll","background-type":"","background-media":"","overlay-type":"","overlay-color":"","overlay-opacity":"","overlay-gradient":""},"mobile":{"background-color":"","background-image":"","background-repeat":"repeat","background-position":"center center","background-size":"auto","background-attachment":"scroll","background-type":"","background-media":"","overlay-type":"","overlay-color":"","overlay-opacity":"","overlay-gradient":""}},"ast-content-background-meta":{"desktop":{"background-color":"var(--ast-global-color-5)","background-image":"","background-repeat":"repeat","background-position":"center center","background-size":"auto","background-attachment":"scroll","background-type":"","background-media":"","overlay-type":"","overlay-color":"","overlay-opacity":"","overlay-gradient":""},"tablet":{"background-color":"var(--ast-global-color-5)","background-image":"","background-repeat":"repeat","background-position":"center center","background-size":"auto","background-attachment":"scroll","background-type":"","background-media":"","overlay-type":"","overlay-color":"","overlay-opacity":"","overlay-gradient":""},"mobile":{"background-color":"var(--ast-global-color-5)","background-image":"","background-repeat":"repeat","background-position":"center center","background-size":"auto","background-attachment":"scroll","background-type":"","background-media":"","overlay-type":"","overlay-color":"","overlay-opacity":"","overlay-gradient":""}},"footnotes":""},"categories":[23,57],"tags":[18,19,692,553,53,773,774,775,420,776,777,778,779],"class_list":["post-63813","post","type-post","status-publish","format-standard","has-post-thumbnail","hentry","category-destacats","category-mon-collegial","tag-cofb","tag-collegi-de-farmaceutics-de-barcelona","tag-collegiats","tag-comunicacio","tag-farmaceutics","tag-informe-presidencia","tag-informe-secretaria","tag-informe-tresoreria","tag-junta-general-ordinaria","tag-liquidacio-pressupost","tag-memoria-gestio","tag-projectes","tag-xifres"],"yoast_head":"<!-- This site is optimized with the Yoast SEO plugin v22.4 - https:\/\/yoast.com\/wordpress\/plugins\/seo\/ -->\n<title>Junta General Ordin\u00e0ria: Aprovada per unanimitat la liquidaci\u00f3 del pressupost de 2021 - Col\u00b7legi de Farmac\u00e8utics de Barcelona<\/title>\n<meta name=\"description\" content=\"El passat 20 de juny va tenir lloc al COFB la Junta General Ordin\u00e0ria, on es va aprovar per unanimitat la liquidaci\u00f3 del pressupost de 2021.\" \/>\n<meta name=\"robots\" content=\"index, follow, max-snippet:-1, max-image-preview:large, max-video-preview:-1\" \/>\n<link rel=\"canonical\" href=\"https:\/\/novaorg.cofb.net\/2022\/06\/21\/junta-general-ordinaria-aprovada-per-unanimitat-la-liquidacio-del-pressupost-de-2021\/\" \/>\n<meta property=\"og:locale\" content=\"es_ES\" \/>\n<meta property=\"og:type\" content=\"article\" \/>\n<meta property=\"og:title\" content=\"Junta General Ordin\u00e0ria: Aprovada per unanimitat la liquidaci\u00f3 del pressupost de 2021 - Col\u00b7legi de Farmac\u00e8utics de Barcelona\" \/>\n<meta property=\"og:description\" content=\"El passat 20 de juny va tenir lloc al COFB la Junta General Ordin\u00e0ria, on es va aprovar per unanimitat la liquidaci\u00f3 del pressupost de 2021.\" \/>\n<meta property=\"og:url\" content=\"https:\/\/novaorg.cofb.net\/2022\/06\/21\/junta-general-ordinaria-aprovada-per-unanimitat-la-liquidacio-del-pressupost-de-2021\/\" \/>\n<meta property=\"og:site_name\" content=\"Col\u00b7legi de Farmac\u00e8utics de Barcelona\" \/>\n<meta property=\"article:publisher\" content=\"https:\/\/www.facebook.com\/farmaceuticsbcn\/\" \/>\n<meta property=\"article:published_time\" content=\"2022-06-21T11:36:54+00:00\" \/>\n<meta property=\"article:modified_time\" content=\"2023-09-21T09:07:17+00:00\" \/>\n<meta property=\"og:image\" content=\"https:\/\/novaorg.cofb.net\/wp-content\/uploads\/2023\/07\/COFB_JGO_21062022_1-1024x513-1.jpg\" \/>\n\t<meta property=\"og:image:width\" content=\"1024\" \/>\n\t<meta property=\"og:image:height\" content=\"513\" \/>\n\t<meta property=\"og:image:type\" content=\"image\/jpeg\" \/>\n<meta name=\"author\" content=\"wpAdminCofbOrg\" \/>\n<meta name=\"twitter:card\" content=\"summary_large_image\" \/>\n<meta name=\"twitter:creator\" content=\"@farmaceuticsbcn\" \/>\n<meta name=\"twitter:site\" content=\"@farmaceuticsbcn\" \/>\n<meta name=\"twitter:label1\" content=\"Escrito por\" \/>\n\t<meta name=\"twitter:data1\" content=\"wpAdminCofbOrg\" \/>\n\t<meta name=\"twitter:label2\" content=\"Tiempo de lectura\" \/>\n\t<meta name=\"twitter:data2\" content=\"9 minutos\" \/>\n<script type=\"application\/ld+json\" class=\"yoast-schema-graph\">{\"@context\":\"https:\/\/schema.org\",\"@graph\":[{\"@type\":\"Article\",\"@id\":\"https:\/\/novaorg.cofb.net\/2022\/06\/21\/junta-general-ordinaria-aprovada-per-unanimitat-la-liquidacio-del-pressupost-de-2021\/#article\",\"isPartOf\":{\"@id\":\"https:\/\/novaorg.cofb.net\/2022\/06\/21\/junta-general-ordinaria-aprovada-per-unanimitat-la-liquidacio-del-pressupost-de-2021\/\"},\"author\":{\"name\":\"wpAdminCofbOrg\",\"@id\":\"https:\/\/www.cofb.org\/#\/schema\/person\/22ed7eea88da74b0fa4d3154ad87ffcb\"},\"headline\":\"Junta General Ordin\u00e0ria: Aprovada per unanimitat la liquidaci\u00f3 del pressupost de 2021\",\"datePublished\":\"2022-06-21T11:36:54+00:00\",\"dateModified\":\"2023-09-21T09:07:17+00:00\",\"mainEntityOfPage\":{\"@id\":\"https:\/\/novaorg.cofb.net\/2022\/06\/21\/junta-general-ordinaria-aprovada-per-unanimitat-la-liquidacio-del-pressupost-de-2021\/\"},\"wordCount\":1839,\"commentCount\":0,\"publisher\":{\"@id\":\"https:\/\/www.cofb.org\/#organization\"},\"image\":{\"@id\":\"https:\/\/novaorg.cofb.net\/2022\/06\/21\/junta-general-ordinaria-aprovada-per-unanimitat-la-liquidacio-del-pressupost-de-2021\/#primaryimage\"},\"thumbnailUrl\":\"https:\/\/www.cofb.org\/wp-content\/uploads\/2023\/07\/COFB_JGO_21062022_1-1024x513-1.jpg\",\"keywords\":[\"COFB\",\"Col\u00b7legi de Farmac\u00e8utics de Barcelona\",\"col\u00b7legiats\",\"comunicaci\u00f3\",\"farmac\u00e8utics\",\"informe presid\u00e8ncia\",\"informe secretaria\",\"informe tresoreria\",\"Junta General Ordin\u00e0ria\",\"liquidaci\u00f3 pressupost\",\"mem\u00f2ria gesti\u00f3\",\"projectes\",\"xifres\"],\"articleSection\":[\"Destacats\",\"M\u00f3n col\u00b7legial\"],\"inLanguage\":\"es\",\"potentialAction\":[{\"@type\":\"CommentAction\",\"name\":\"Comment\",\"target\":[\"https:\/\/novaorg.cofb.net\/2022\/06\/21\/junta-general-ordinaria-aprovada-per-unanimitat-la-liquidacio-del-pressupost-de-2021\/#respond\"]}]},{\"@type\":\"WebPage\",\"@id\":\"https:\/\/novaorg.cofb.net\/2022\/06\/21\/junta-general-ordinaria-aprovada-per-unanimitat-la-liquidacio-del-pressupost-de-2021\/\",\"url\":\"https:\/\/novaorg.cofb.net\/2022\/06\/21\/junta-general-ordinaria-aprovada-per-unanimitat-la-liquidacio-del-pressupost-de-2021\/\",\"name\":\"Junta General Ordin\u00e0ria: Aprovada per unanimitat la liquidaci\u00f3 del pressupost de 2021 - Col\u00b7legi de Farmac\u00e8utics de Barcelona\",\"isPartOf\":{\"@id\":\"https:\/\/www.cofb.org\/#website\"},\"primaryImageOfPage\":{\"@id\":\"https:\/\/novaorg.cofb.net\/2022\/06\/21\/junta-general-ordinaria-aprovada-per-unanimitat-la-liquidacio-del-pressupost-de-2021\/#primaryimage\"},\"image\":{\"@id\":\"https:\/\/novaorg.cofb.net\/2022\/06\/21\/junta-general-ordinaria-aprovada-per-unanimitat-la-liquidacio-del-pressupost-de-2021\/#primaryimage\"},\"thumbnailUrl\":\"https:\/\/www.cofb.org\/wp-content\/uploads\/2023\/07\/COFB_JGO_21062022_1-1024x513-1.jpg\",\"datePublished\":\"2022-06-21T11:36:54+00:00\",\"dateModified\":\"2023-09-21T09:07:17+00:00\",\"description\":\"El passat 20 de juny va tenir lloc al COFB la Junta General Ordin\u00e0ria, on es va aprovar per unanimitat la liquidaci\u00f3 del pressupost de 2021.\",\"breadcrumb\":{\"@id\":\"https:\/\/novaorg.cofb.net\/2022\/06\/21\/junta-general-ordinaria-aprovada-per-unanimitat-la-liquidacio-del-pressupost-de-2021\/#breadcrumb\"},\"inLanguage\":\"es\",\"potentialAction\":[{\"@type\":\"ReadAction\",\"target\":[\"https:\/\/novaorg.cofb.net\/2022\/06\/21\/junta-general-ordinaria-aprovada-per-unanimitat-la-liquidacio-del-pressupost-de-2021\/\"]}]},{\"@type\":\"ImageObject\",\"inLanguage\":\"es\",\"@id\":\"https:\/\/novaorg.cofb.net\/2022\/06\/21\/junta-general-ordinaria-aprovada-per-unanimitat-la-liquidacio-del-pressupost-de-2021\/#primaryimage\",\"url\":\"https:\/\/www.cofb.org\/wp-content\/uploads\/2023\/07\/COFB_JGO_21062022_1-1024x513-1.jpg\",\"contentUrl\":\"https:\/\/www.cofb.org\/wp-content\/uploads\/2023\/07\/COFB_JGO_21062022_1-1024x513-1.jpg\",\"width\":1024,\"height\":513},{\"@type\":\"BreadcrumbList\",\"@id\":\"https:\/\/novaorg.cofb.net\/2022\/06\/21\/junta-general-ordinaria-aprovada-per-unanimitat-la-liquidacio-del-pressupost-de-2021\/#breadcrumb\",\"itemListElement\":[{\"@type\":\"ListItem\",\"position\":1,\"name\":\"Inici\",\"item\":\"https:\/\/novaorg.cofb.net\/\"},{\"@type\":\"ListItem\",\"position\":2,\"name\":\"Junta General Ordin\u00e0ria: Aprovada per unanimitat la liquidaci\u00f3 del pressupost de 2021\"}]},{\"@type\":\"WebSite\",\"@id\":\"https:\/\/www.cofb.org\/#website\",\"url\":\"https:\/\/www.cofb.org\/\",\"name\":\"Col\u00b7legi de Farmac\u00e8utics de Barcelona\",\"description\":\"\",\"publisher\":{\"@id\":\"https:\/\/www.cofb.org\/#organization\"},\"potentialAction\":[{\"@type\":\"SearchAction\",\"target\":{\"@type\":\"EntryPoint\",\"urlTemplate\":\"https:\/\/www.cofb.org\/?s={search_term_string}\"},\"query-input\":\"required name=search_term_string\"}],\"inLanguage\":\"es\"},{\"@type\":\"Organization\",\"@id\":\"https:\/\/www.cofb.org\/#organization\",\"name\":\"Col\u00b7legi de Farmac\u00e8utics de Barcelona\",\"url\":\"https:\/\/www.cofb.org\/\",\"logo\":{\"@type\":\"ImageObject\",\"inLanguage\":\"es\",\"@id\":\"https:\/\/www.cofb.org\/#\/schema\/logo\/image\/\",\"url\":\"https:\/\/www.cofb.org\/wp-content\/uploads\/2023\/11\/cropped-Logotip-COFB.png\",\"contentUrl\":\"https:\/\/www.cofb.org\/wp-content\/uploads\/2023\/11\/cropped-Logotip-COFB.png\",\"width\":500,\"height\":105,\"caption\":\"Col\u00b7legi de Farmac\u00e8utics de Barcelona\"},\"image\":{\"@id\":\"https:\/\/www.cofb.org\/#\/schema\/logo\/image\/\"},\"sameAs\":[\"https:\/\/www.facebook.com\/farmaceuticsbcn\/\",\"https:\/\/twitter.com\/farmaceuticsbcn\",\"https:\/\/www.instagram.com\/farmaceuticsbcn\/\",\"https:\/\/www.linkedin.com\/company\/farmaceuticsbcn\/\"]},{\"@type\":\"Person\",\"@id\":\"https:\/\/www.cofb.org\/#\/schema\/person\/22ed7eea88da74b0fa4d3154ad87ffcb\",\"name\":\"wpAdminCofbOrg\",\"image\":{\"@type\":\"ImageObject\",\"inLanguage\":\"es\",\"@id\":\"https:\/\/www.cofb.org\/#\/schema\/person\/image\/\",\"url\":\"https:\/\/secure.gravatar.com\/avatar\/1721b20b3b8ca882c3b56ec6c978c594fff670e40c0718e9190eaeeb76aae7d8?s=96&d=mm&r=g\",\"contentUrl\":\"https:\/\/secure.gravatar.com\/avatar\/1721b20b3b8ca882c3b56ec6c978c594fff670e40c0718e9190eaeeb76aae7d8?s=96&d=mm&r=g\",\"caption\":\"wpAdminCofbOrg\"},\"sameAs\":[\"http:\/\/192.168.64.122\/wordpress\"],\"url\":\"https:\/\/www.cofb.org\/es\/author\/wpadmincofborg\/\"}]}<\/script>\n<!-- \/ Yoast SEO plugin. -->","yoast_head_json":{"title":"Junta General Ordin\u00e0ria: Aprovada per unanimitat la liquidaci\u00f3 del pressupost de 2021 - Col\u00b7legi de Farmac\u00e8utics de Barcelona","description":"El passat 20 de juny va tenir lloc al COFB la Junta General Ordin\u00e0ria, on es va aprovar per unanimitat la liquidaci\u00f3 del pressupost de 2021.","robots":{"index":"index","follow":"follow","max-snippet":"max-snippet:-1","max-image-preview":"max-image-preview:large","max-video-preview":"max-video-preview:-1"},"canonical":"https:\/\/novaorg.cofb.net\/2022\/06\/21\/junta-general-ordinaria-aprovada-per-unanimitat-la-liquidacio-del-pressupost-de-2021\/","og_locale":"es_ES","og_type":"article","og_title":"Junta General Ordin\u00e0ria: Aprovada per unanimitat la liquidaci\u00f3 del pressupost de 2021 - Col\u00b7legi de Farmac\u00e8utics de Barcelona","og_description":"El passat 20 de juny va tenir lloc al COFB la Junta General Ordin\u00e0ria, on es va aprovar per unanimitat la liquidaci\u00f3 del pressupost de 2021.","og_url":"https:\/\/novaorg.cofb.net\/2022\/06\/21\/junta-general-ordinaria-aprovada-per-unanimitat-la-liquidacio-del-pressupost-de-2021\/","og_site_name":"Col\u00b7legi de Farmac\u00e8utics de Barcelona","article_publisher":"https:\/\/www.facebook.com\/farmaceuticsbcn\/","article_published_time":"2022-06-21T11:36:54+00:00","article_modified_time":"2023-09-21T09:07:17+00:00","og_image":[{"width":1024,"height":513,"url":"https:\/\/novaorg.cofb.net\/wp-content\/uploads\/2023\/07\/COFB_JGO_21062022_1-1024x513-1.jpg","type":"image\/jpeg"}],"author":"wpAdminCofbOrg","twitter_card":"summary_large_image","twitter_creator":"@farmaceuticsbcn","twitter_site":"@farmaceuticsbcn","twitter_misc":{"Escrito por":"wpAdminCofbOrg","Tiempo de lectura":"9 minutos"},"schema":{"@context":"https:\/\/schema.org","@graph":[{"@type":"Article","@id":"https:\/\/novaorg.cofb.net\/2022\/06\/21\/junta-general-ordinaria-aprovada-per-unanimitat-la-liquidacio-del-pressupost-de-2021\/#article","isPartOf":{"@id":"https:\/\/novaorg.cofb.net\/2022\/06\/21\/junta-general-ordinaria-aprovada-per-unanimitat-la-liquidacio-del-pressupost-de-2021\/"},"author":{"name":"wpAdminCofbOrg","@id":"https:\/\/www.cofb.org\/#\/schema\/person\/22ed7eea88da74b0fa4d3154ad87ffcb"},"headline":"Junta General Ordin\u00e0ria: Aprovada per unanimitat la liquidaci\u00f3 del pressupost de 2021","datePublished":"2022-06-21T11:36:54+00:00","dateModified":"2023-09-21T09:07:17+00:00","mainEntityOfPage":{"@id":"https:\/\/novaorg.cofb.net\/2022\/06\/21\/junta-general-ordinaria-aprovada-per-unanimitat-la-liquidacio-del-pressupost-de-2021\/"},"wordCount":1839,"commentCount":0,"publisher":{"@id":"https:\/\/www.cofb.org\/#organization"},"image":{"@id":"https:\/\/novaorg.cofb.net\/2022\/06\/21\/junta-general-ordinaria-aprovada-per-unanimitat-la-liquidacio-del-pressupost-de-2021\/#primaryimage"},"thumbnailUrl":"https:\/\/www.cofb.org\/wp-content\/uploads\/2023\/07\/COFB_JGO_21062022_1-1024x513-1.jpg","keywords":["COFB","Col\u00b7legi de Farmac\u00e8utics de Barcelona","col\u00b7legiats","comunicaci\u00f3","farmac\u00e8utics","informe presid\u00e8ncia","informe secretaria","informe tresoreria","Junta General Ordin\u00e0ria","liquidaci\u00f3 pressupost","mem\u00f2ria gesti\u00f3","projectes","xifres"],"articleSection":["Destacats","M\u00f3n col\u00b7legial"],"inLanguage":"es","potentialAction":[{"@type":"CommentAction","name":"Comment","target":["https:\/\/novaorg.cofb.net\/2022\/06\/21\/junta-general-ordinaria-aprovada-per-unanimitat-la-liquidacio-del-pressupost-de-2021\/#respond"]}]},{"@type":"WebPage","@id":"https:\/\/novaorg.cofb.net\/2022\/06\/21\/junta-general-ordinaria-aprovada-per-unanimitat-la-liquidacio-del-pressupost-de-2021\/","url":"https:\/\/novaorg.cofb.net\/2022\/06\/21\/junta-general-ordinaria-aprovada-per-unanimitat-la-liquidacio-del-pressupost-de-2021\/","name":"Junta General Ordin\u00e0ria: Aprovada per unanimitat la liquidaci\u00f3 del pressupost de 2021 - Col\u00b7legi de Farmac\u00e8utics de Barcelona","isPartOf":{"@id":"https:\/\/www.cofb.org\/#website"},"primaryImageOfPage":{"@id":"https:\/\/novaorg.cofb.net\/2022\/06\/21\/junta-general-ordinaria-aprovada-per-unanimitat-la-liquidacio-del-pressupost-de-2021\/#primaryimage"},"image":{"@id":"https:\/\/novaorg.cofb.net\/2022\/06\/21\/junta-general-ordinaria-aprovada-per-unanimitat-la-liquidacio-del-pressupost-de-2021\/#primaryimage"},"thumbnailUrl":"https:\/\/www.cofb.org\/wp-content\/uploads\/2023\/07\/COFB_JGO_21062022_1-1024x513-1.jpg","datePublished":"2022-06-21T11:36:54+00:00","dateModified":"2023-09-21T09:07:17+00:00","description":"El passat 20 de juny va tenir lloc al COFB la Junta General Ordin\u00e0ria, on es va aprovar per unanimitat la liquidaci\u00f3 del pressupost de 2021.","breadcrumb":{"@id":"https:\/\/novaorg.cofb.net\/2022\/06\/21\/junta-general-ordinaria-aprovada-per-unanimitat-la-liquidacio-del-pressupost-de-2021\/#breadcrumb"},"inLanguage":"es","potentialAction":[{"@type":"ReadAction","target":["https:\/\/novaorg.cofb.net\/2022\/06\/21\/junta-general-ordinaria-aprovada-per-unanimitat-la-liquidacio-del-pressupost-de-2021\/"]}]},{"@type":"ImageObject","inLanguage":"es","@id":"https:\/\/novaorg.cofb.net\/2022\/06\/21\/junta-general-ordinaria-aprovada-per-unanimitat-la-liquidacio-del-pressupost-de-2021\/#primaryimage","url":"https:\/\/www.cofb.org\/wp-content\/uploads\/2023\/07\/COFB_JGO_21062022_1-1024x513-1.jpg","contentUrl":"https:\/\/www.cofb.org\/wp-content\/uploads\/2023\/07\/COFB_JGO_21062022_1-1024x513-1.jpg","width":1024,"height":513},{"@type":"BreadcrumbList","@id":"https:\/\/novaorg.cofb.net\/2022\/06\/21\/junta-general-ordinaria-aprovada-per-unanimitat-la-liquidacio-del-pressupost-de-2021\/#breadcrumb","itemListElement":[{"@type":"ListItem","position":1,"name":"Inici","item":"https:\/\/novaorg.cofb.net\/"},{"@type":"ListItem","position":2,"name":"Junta General Ordin\u00e0ria: Aprovada per unanimitat la liquidaci\u00f3 del pressupost de 2021"}]},{"@type":"WebSite","@id":"https:\/\/www.cofb.org\/#website","url":"https:\/\/www.cofb.org\/","name":"Col\u00b7legi de Farmac\u00e8utics de Barcelona","description":"","publisher":{"@id":"https:\/\/www.cofb.org\/#organization"},"potentialAction":[{"@type":"SearchAction","target":{"@type":"EntryPoint","urlTemplate":"https:\/\/www.cofb.org\/?s={search_term_string}"},"query-input":"required name=search_term_string"}],"inLanguage":"es"},{"@type":"Organization","@id":"https:\/\/www.cofb.org\/#organization","name":"Col\u00b7legi de Farmac\u00e8utics de Barcelona","url":"https:\/\/www.cofb.org\/","logo":{"@type":"ImageObject","inLanguage":"es","@id":"https:\/\/www.cofb.org\/#\/schema\/logo\/image\/","url":"https:\/\/www.cofb.org\/wp-content\/uploads\/2023\/11\/cropped-Logotip-COFB.png","contentUrl":"https:\/\/www.cofb.org\/wp-content\/uploads\/2023\/11\/cropped-Logotip-COFB.png","width":500,"height":105,"caption":"Col\u00b7legi de Farmac\u00e8utics de Barcelona"},"image":{"@id":"https:\/\/www.cofb.org\/#\/schema\/logo\/image\/"},"sameAs":["https:\/\/www.facebook.com\/farmaceuticsbcn\/","https:\/\/twitter.com\/farmaceuticsbcn","https:\/\/www.instagram.com\/farmaceuticsbcn\/","https:\/\/www.linkedin.com\/company\/farmaceuticsbcn\/"]},{"@type":"Person","@id":"https:\/\/www.cofb.org\/#\/schema\/person\/22ed7eea88da74b0fa4d3154ad87ffcb","name":"wpAdminCofbOrg","image":{"@type":"ImageObject","inLanguage":"es","@id":"https:\/\/www.cofb.org\/#\/schema\/person\/image\/","url":"https:\/\/secure.gravatar.com\/avatar\/1721b20b3b8ca882c3b56ec6c978c594fff670e40c0718e9190eaeeb76aae7d8?s=96&d=mm&r=g","contentUrl":"https:\/\/secure.gravatar.com\/avatar\/1721b20b3b8ca882c3b56ec6c978c594fff670e40c0718e9190eaeeb76aae7d8?s=96&d=mm&r=g","caption":"wpAdminCofbOrg"},"sameAs":["http:\/\/192.168.64.122\/wordpress"],"url":"https:\/\/www.cofb.org\/es\/author\/wpadmincofborg\/"}]}},"uagb_featured_image_src":{"full":["https:\/\/www.cofb.org\/wp-content\/uploads\/2023\/07\/COFB_JGO_21062022_1-1024x513-1.jpg",1024,513,false],"thumbnail":["https:\/\/www.cofb.org\/wp-content\/uploads\/2023\/07\/COFB_JGO_21062022_1-1024x513-1-150x150.jpg",150,150,true],"medium":["https:\/\/www.cofb.org\/wp-content\/uploads\/2023\/07\/COFB_JGO_21062022_1-1024x513-1-300x150.jpg",300,150,true],"medium_large":["https:\/\/www.cofb.org\/wp-content\/uploads\/2023\/07\/COFB_JGO_21062022_1-1024x513-1-768x385.jpg",768,385,true],"large":["https:\/\/www.cofb.org\/wp-content\/uploads\/2023\/07\/COFB_JGO_21062022_1-1024x513-1.jpg",1024,513,false],"1536x1536":["https:\/\/www.cofb.org\/wp-content\/uploads\/2023\/07\/COFB_JGO_21062022_1-1024x513-1.jpg",1024,513,false],"2048x2048":["https:\/\/www.cofb.org\/wp-content\/uploads\/2023\/07\/COFB_JGO_21062022_1-1024x513-1.jpg",1024,513,false],"trp-custom-language-flag":["https:\/\/www.cofb.org\/wp-content\/uploads\/2023\/07\/COFB_JGO_21062022_1-1024x513-1.jpg",18,9,false]},"uagb_author_info":{"display_name":"wpAdminCofbOrg","author_link":"https:\/\/www.cofb.org\/es\/author\/wpadmincofborg\/"},"uagb_comment_info":0,"uagb_excerpt":"El passat dilluns 20 de juny va tenir lloc al Col\u00b7legi de Farmac\u00e8utics de Barcelona&nbsp;(COFB) la Junta General Ordin\u00e0ria (JGO), on es va aprovar per unanimitat la liquidaci\u00f3 del pressupost de 2021. La Junta va estar encap\u00e7alada pels membres que integren l&#8217;equip econ\u00f2mic: el president, Jordi Casas; la vicepresidenta, N\u00faria [&hellip;]","_links":{"self":[{"href":"https:\/\/www.cofb.org\/es\/wp-json\/wp\/v2\/posts\/63813","targetHints":{"allow":["GET"]}}],"collection":[{"href":"https:\/\/www.cofb.org\/es\/wp-json\/wp\/v2\/posts"}],"about":[{"href":"https:\/\/www.cofb.org\/es\/wp-json\/wp\/v2\/types\/post"}],"author":[{"embeddable":true,"href":"https:\/\/www.cofb.org\/es\/wp-json\/wp\/v2\/users\/1"}],"replies":[{"embeddable":true,"href":"https:\/\/www.cofb.org\/es\/wp-json\/wp\/v2\/comments?post=63813"}],"version-history":[{"count":2,"href":"https:\/\/www.cofb.org\/es\/wp-json\/wp\/v2\/posts\/63813\/revisions"}],"predecessor-version":[{"id":68723,"href":"https:\/\/www.cofb.org\/es\/wp-json\/wp\/v2\/posts\/63813\/revisions\/68723"}],"wp:featuredmedia":[{"embeddable":true,"href":"https:\/\/www.cofb.org\/es\/wp-json\/wp\/v2\/media\/67888"}],"wp:attachment":[{"href":"https:\/\/www.cofb.org\/es\/wp-json\/wp\/v2\/media?parent=63813"}],"wp:term":[{"taxonomy":"category","embeddable":true,"href":"https:\/\/www.cofb.org\/es\/wp-json\/wp\/v2\/categories?post=63813"},{"taxonomy":"post_tag","embeddable":true,"href":"https:\/\/www.cofb.org\/es\/wp-json\/wp\/v2\/tags?post=63813"}],"curies":[{"name":"wp","href":"https:\/\/api.w.org\/{rel}","templated":true}]}}