{"id":63791,"date":"2022-06-16T17:50:43","date_gmt":"2022-06-16T15:50:43","guid":{"rendered":"https:\/\/blog.cofb.cat\/?p=63791"},"modified":"2023-10-09T15:13:04","modified_gmt":"2023-10-09T15:13:04","slug":"el-cofb-clausura-la-primera-edicio-hibrida-del-mgof-novetat-que-es-mantindra-per-al-curs-2022-2023","status":"publish","type":"post","link":"https:\/\/www.cofb.org\/es\/2022\/06\/16\/el-cofb-clausura-la-primera-edicio-hibrida-del-mgof-novetat-que-es-mantindra-per-al-curs-2022-2023\/","title":{"rendered":"El COFB clausura la primera edici\u00f3n h\u00edbrida del MGOF, novedad que se mantendr\u00e1 para el curso 2022-2023"},"content":{"rendered":"<p>El pasado 7 de junio tuvo lugar la <strong>clausura de la XVII edici\u00f3n del M\u00e1ster de Gesti\u00f3n de la Oficina de Farmacia (MGOF),<\/strong> organizado por <strong>Col\u00b7legi de Farmac\u00e8utics de Barcelona (COFB). <\/strong>Un a\u00f1o m\u00e1s, el M\u00e1ster ha proporcionado a farmac\u00e9uticos\/as conocimientos en las grandes \u00e1reas que engloban la gesti\u00f3n de la empresa (finanzas, gesti\u00f3n de personas y marketing), y en las herramientas necesarias para realizar el an\u00e1lisis de oportunidades, tomar decisiones y aplicar las principales habilidades en la direcci\u00f3n. <\/p>\n\n\n\n<figure class=\"wp-block-image size-large\"><img decoding=\"async\" src=\"https:\/\/blog.cofb.cat\/wp-content\/uploads\/2022\/06\/COFB-Cloenda-MGOF-edicio-XVII-16062022-1024x567.jpg\" alt=\"Un moment de la cloenda de la XVII edici\u00f3 del MGOF. D'esquerra a dreta: Cristina Rodr\u00edguez, Aina Surroca, Jordi Casas, Juan Carlos Sierra i M\u00f3nica Gallach.\" class=\"wp-image-63797\" title=\"Un momento de la clausura de la XVII edici\u00f3n del MGOF. De izquierda a derecha: Cristina Rodr\u00edguez, Aina Surroca, Jordi Casas, Juan Carlos Sierra y M\u00f3nica Gallach.\"\/><figcaption class=\"wp-element-caption\">Un momento de la clausura de la XVII edici\u00f3n del MGOF. De izquierda a derecha: Cristina Rodr\u00edguez, Aina Surroca, Jordi Casas, Juan Carlos Sierra y M\u00f3nica Gallach.<\/figcaption><\/figure>\n\n\n\n<p>Durante la clausura, <strong>Jordi Casas<\/strong>, presidente del Col\u00b7legi de Farmac\u00e8utics de Barcelona (COFB), remarc\u00f3 que <strong>esta formaci\u00f3n &quot;es clave en el ejercicio profesional dentro de la oficina de farmacia para completar la vertiente cient\u00edfica y t\u00e9cnica que se adquiere durante el estudio del Grado&quot;<\/strong>. En el acto tambi\u00e9n estuvieron presentes <strong>Aina Surroca<\/strong>, secretaria del COFB y responsable de la Comisi\u00f3n Delegada de Formaci\u00f3n Continua; <strong>Juan Carlos Serra<\/strong>, director del MGOF; y <strong>Cristina Rodr\u00edguez<\/strong> y <strong>M\u00f3nica Gallach<\/strong>, coordinadoras del M\u00e1ster y miembros del Departamento de Formaci\u00f3n y Desarrollo Profesional del COFB.<\/p>\n\n\n<div class=\"destacat-blog\">\n\n\n<h2 class=\"wp-block-heading\"><strong>Modalidad h\u00edbrida por primera vez<\/strong><\/h2>\n\n\n\n<p>A ra\u00edz de la pandemia sanitaria vivida recientemente, la <strong>digitalizaci\u00f3n<\/strong> ha irrumpido en nuestras vidas, y es por eso que esta edici\u00f3n del MGOF ha ofrecido <strong>primera vez<\/strong> la posibilidad de cursar el M\u00e1ster en<strong> modalidad h\u00edbrida<\/strong> \u2013<strong>presencial y virtual<\/strong>-, adapt\u00e1ndose a las necesidades y preferencias de los alumnos.<\/p>\n\n\n\n<p>Para la <strong>XVIII edici\u00f3n<\/strong>, que tendr\u00e1 lugar durante el <strong>curso 2022-2023<\/strong>, se mantendr\u00e1 esta <strong>modalidad h\u00edbrida.<\/strong> El objetivo es <strong>facilitar<\/strong> <strong>que<\/strong> <strong>farmac\u00e9uticos\/cas de otras comunidades aut\u00f3nomas<\/strong> <strong>puedan realizar el M\u00e1ster<\/strong> y, de esta forma, <strong>recibir una formaci\u00f3n de \u00e9xito despu\u00e9s de 17 a\u00f1os alcanz\u00e1ndolo. <\/strong>En este sentido, gracias a <strong>el aula h\u00edbrida del COFB<\/strong>, dise\u00f1ada espec\u00edficamente para formaciones que combinan el formato presencial y virtual, se garantizar\u00e1 que todos los estudiantes obtengan la misma formaci\u00f3n te\u00f3rica, participativa y din\u00e1mica, independientemente de si se encuentran en el aula f\u00edsicamente o en remoto.<\/p><\/div>\n\n\n\n<h2 class=\"wp-block-heading\"><strong>\u00bfQu\u00e9 opinan los alumnos de esta edici\u00f3n del M\u00e1ster?<\/strong><\/h2>\n\n\n\n<p>Los estudiantes de la XVII edici\u00f3n del MGOF han valorado muy positivamente el M\u00e1ster, destacando su <strong>contenido pr\u00e1ctico<\/strong> y la<strong>adecuaci\u00f3n a sus objetivos<\/strong>. Adem\u00e1s, han coincidido en la <strong>inmediata aplicabilidad<\/strong> que \u00e9ste ofrece como uno de sus puntos m\u00e1s fuertes.<\/p>\n\n\n\n<figure class=\"wp-block-image size-full\"><img fetchpriority=\"high\" decoding=\"async\" width=\"615\" height=\"308\" src=\"https:\/\/www.cofb.org\/wp-content\/uploads\/2023\/10\/COFB-Cloenda-MGOF-edicio-XVII-16062022-2.jpg\" alt=\"\" class=\"wp-image-69020\" title=\"Un momento de la clausura de la XVII edici\u00f3n del MGOF. De izquierda a derecha: Cristina Rodr\u00edguez, Aina Surroca, Jordi Casas, Juan Carlos Sierra y M\u00f3nica Gallach.\" srcset=\"https:\/\/www.cofb.org\/wp-content\/uploads\/2023\/10\/COFB-Cloenda-MGOF-edicio-XVII-16062022-2.jpg 615w, https:\/\/www.cofb.org\/wp-content\/uploads\/2023\/10\/COFB-Cloenda-MGOF-edicio-XVII-16062022-2-300x150.jpg 300w, https:\/\/www.cofb.org\/wp-content\/uploads\/2023\/10\/COFB-Cloenda-MGOF-edicio-XVII-16062022-2-18x9.jpg 18w\" sizes=\"(max-width: 615px) 100vw, 615px\" \/><figcaption class=\"wp-element-caption\">Foto de grupo durante la clausura de la XVII edici\u00f3n del MGOF.<\/figcaption><\/figure>\n\n\n\n<p><strong>Susana Valc\u00e1rcel<\/strong>, nueva titular de oficina de farmacia, necesitaba formaci\u00f3n urgente sobre c\u00f3mo gestionar una oficina de farmacia: \u201cVi que el COFB ofrec\u00eda este M\u00e1ster y <strong>se adecuaba totalmente a lo que estaba buscando <\/strong>porque trataba a los <strong>pilares fundamentales de la gesti\u00f3n de oficina de farmacia<\/strong>. <strong>Una vez finalizado, puedo decir que ha superado mis expectativas, tanto a nivel de organizaci\u00f3n, como de los contenidos y los ponentes\u201d.<\/strong><\/p>\n\n\n\n<p><strong>V\u00edctor Garc\u00eda,<\/strong> farmac\u00e9utico sustituto y futuro titular de oficina de farmacia, remarca tambi\u00e9n el <strong>valor humano<\/strong> del M\u00e1ster: \u201cMe llevo sobre todo a los <strong>conocimientos<\/strong> adquiridos a lo largo de estos meses<strong> y el equipo que hemos hecho<\/strong>, tanto con los m\u00edos <strong>compa\u00f1eros<\/strong> como con el <strong>profesorado<\/strong>\u201d. En cuanto a <strong>la aplicaci\u00f3n en el puesto de trabajo<\/strong>, afirma que <strong>\u201ces un M\u00e1ster muy din\u00e1mico y pr\u00e1ctico. Puedes venir a clase por la ma\u00f1ana y por la tarde estar aplicando los conocimientos a la farmacia\u201d.<\/strong><\/p>\n\n\n<div class=\"destacat-blog\">\n\n\n<h2 class=\"wp-block-heading\"><strong>Finanzas y fiscalidad, Gesti\u00f3n de personas y Marketing, los tres m\u00f3dulos del MGOF<\/strong><\/h2>\n\n\n\n<p>El MGOF, dirigido a titulares de oficina de farmacia o graduados en Farmacia que quieren adquirir conocimientos en la gesti\u00f3n de la farmacia comunitaria, consta de <strong>tres m\u00f3dulos<\/strong>: <strong>Finanzas y fiscalidad, Gesti\u00f3n de personas y Marketing<\/strong>. Con el fin de hacerlo m\u00e1s accesible, el alumnado tiene la opci\u00f3n de cursar estos m\u00f3dulos <strong>por separado<\/strong>, en funci\u00f3n de sus intereses y disponibilidad.<\/p>\n\n\n\n<p>A su vez, a partir de un <strong>aprendizaje activo<\/strong> y <strong>pr\u00e1ctico<\/strong>, los tres grandes objetivos del M\u00e1ster son los siguientes: conocer las <strong>diferentes \u00e1reas funcionales<\/strong> y los <strong>procesos de negocio<\/strong> de la farmacia por tener una <strong>visi\u00f3n global<\/strong>, <strong>generalista<\/strong> y <strong>integradora<\/strong> de la <strong>direcci\u00f3n<\/strong> y <strong>gesti\u00f3n de empresas<\/strong>; desarrollar las <strong>capacidades directivas<\/strong> para liderar el equipo de colaboradores; y adquirir los <strong>conocimientos necesarios para poder actuar de forma eficiente como responsable de una empresa<\/strong> con las caracter\u00edsticas que la regulan y la hacen diferente al resto.<\/p> <\/div>","protected":false},"excerpt":{"rendered":"<p>El pasado 7 de junio tuvo lugar la clausura de la XVII edici\u00f3n del M\u00e1ster de Gesti\u00f3n de la Oficina de Farmacia (MGOF), organizado por el Colegio de Farmac\u00e9uticos de Barcelona (COFB). Un a\u00f1o m\u00e1s, el M\u00e1ster ha proporcionado a farmac\u00e9uticos\/as conocimientos en las grandes \u00e1reas que engloban la gesti\u00f3n de [\u2026]<\/p>","protected":false},"author":1,"featured_media":67892,"comment_status":"open","ping_status":"open","sticky":false,"template":"","format":"standard","meta":{"_uag_custom_page_level_css":"","site-sidebar-layout":"default","site-content-layout":"","ast-site-content-layout":"default","site-content-style":"default","site-sidebar-style":"default","ast-global-header-display":"","ast-banner-title-visibility":"","ast-main-header-display":"","ast-hfb-above-header-display":"","ast-hfb-below-header-display":"","ast-hfb-mobile-header-display":"","site-post-title":"","ast-breadcrumbs-content":"","ast-featured-img":"disabled","footer-sml-layout":"","theme-transparent-header-meta":"","adv-header-id-meta":"","stick-header-meta":"","header-above-stick-meta":"","header-main-stick-meta":"","header-below-stick-meta":"","astra-migrate-meta-layouts":"default","ast-page-background-enabled":"default","ast-page-background-meta":{"desktop":{"background-color":"var(--ast-global-color-4)","background-image":"","background-repeat":"repeat","background-position":"center center","background-size":"auto","background-attachment":"scroll","background-type":"","background-media":"","overlay-type":"","overlay-color":"","overlay-opacity":"","overlay-gradient":""},"tablet":{"background-color":"","background-image":"","background-repeat":"repeat","background-position":"center center","background-size":"auto","background-attachment":"scroll","background-type":"","background-media":"","overlay-type":"","overlay-color":"","overlay-opacity":"","overlay-gradient":""},"mobile":{"background-color":"","background-image":"","background-repeat":"repeat","background-position":"center center","background-size":"auto","background-attachment":"scroll","background-type":"","background-media":"","overlay-type":"","overlay-color":"","overlay-opacity":"","overlay-gradient":""}},"ast-content-background-meta":{"desktop":{"background-color":"var(--ast-global-color-5)","background-image":"","background-repeat":"repeat","background-position":"center center","background-size":"auto","background-attachment":"scroll","background-type":"","background-media":"","overlay-type":"","overlay-color":"","overlay-opacity":"","overlay-gradient":""},"tablet":{"background-color":"var(--ast-global-color-5)","background-image":"","background-repeat":"repeat","background-position":"center center","background-size":"auto","background-attachment":"scroll","background-type":"","background-media":"","overlay-type":"","overlay-color":"","overlay-opacity":"","overlay-gradient":""},"mobile":{"background-color":"var(--ast-global-color-5)","background-image":"","background-repeat":"repeat","background-position":"center center","background-size":"auto","background-attachment":"scroll","background-type":"","background-media":"","overlay-type":"","overlay-color":"","overlay-opacity":"","overlay-gradient":""}},"footnotes":""},"categories":[23,57],"tags":[762,763,764,19,112,765,766,52,767,70,768,769,770,771,646,772,471],"class_list":["post-63791","post","type-post","status-publish","format-standard","has-post-thumbnail","hentry","category-destacats","category-mon-collegial","tag-alumnes","tag-aula-hibrida","tag-cloenda","tag-collegi-de-farmaceutics-de-barcelona","tag-digitalitzacio","tag-direccio","tag-edicio-xvii-mgof","tag-farmaceutic","tag-finances","tag-formacio","tag-gestio-de-persones","tag-habilitats","tag-marqueting","tag-master-en-gestio-de-loficina-de-farmacia","tag-modalitat-hibrida","tag-moduls","tag-pandemia"],"yoast_head":"<!-- This site is optimized with the Yoast SEO plugin v22.4 - https:\/\/yoast.com\/wordpress\/plugins\/seo\/ -->\n<title>El COFB clausura la primera edici\u00f3 h\u00edbrida del MGOF, novetat que es mantindr\u00e0 per al curs 2022-2023 - Col\u00b7legi de Farmac\u00e8utics de Barcelona<\/title>\n<meta name=\"description\" content=\"El passat 7 de juny va tenir lloc la cloenda de la XVII edici\u00f3 del M\u00e0ster de Gesti\u00f3 de l\u2019Oficina de Farm\u00e0cia (MGOF).\" \/>\n<meta name=\"robots\" content=\"index, follow, max-snippet:-1, max-image-preview:large, max-video-preview:-1\" \/>\n<link rel=\"canonical\" href=\"https:\/\/novaorg.cofb.net\/2022\/06\/16\/el-cofb-clausura-la-primera-edicio-hibrida-del-mgof-novetat-que-es-mantindra-per-al-curs-2022-2023\/\" \/>\n<meta property=\"og:locale\" content=\"es_ES\" \/>\n<meta property=\"og:type\" content=\"article\" \/>\n<meta property=\"og:title\" content=\"El COFB clausura la primera edici\u00f3 h\u00edbrida del MGOF, novetat que es mantindr\u00e0 per al curs 2022-2023 - Col\u00b7legi de Farmac\u00e8utics de Barcelona\" \/>\n<meta property=\"og:description\" content=\"El passat 7 de juny va tenir lloc la cloenda de la XVII edici\u00f3 del M\u00e0ster de Gesti\u00f3 de l\u2019Oficina de Farm\u00e0cia (MGOF).\" \/>\n<meta property=\"og:url\" content=\"https:\/\/novaorg.cofb.net\/2022\/06\/16\/el-cofb-clausura-la-primera-edicio-hibrida-del-mgof-novetat-que-es-mantindra-per-al-curs-2022-2023\/\" \/>\n<meta property=\"og:site_name\" content=\"Col\u00b7legi de Farmac\u00e8utics de Barcelona\" \/>\n<meta property=\"article:publisher\" content=\"https:\/\/www.facebook.com\/farmaceuticsbcn\/\" \/>\n<meta property=\"article:published_time\" content=\"2022-06-16T15:50:43+00:00\" \/>\n<meta property=\"article:modified_time\" content=\"2023-10-09T15:13:04+00:00\" \/>\n<meta property=\"og:image\" content=\"https:\/\/novaorg.cofb.net\/wp-content\/uploads\/2023\/07\/COFB-Cloenda-MGOF-edicio-XVII-16062022-1024x567-1.jpg\" \/>\n\t<meta property=\"og:image:width\" content=\"1024\" \/>\n\t<meta property=\"og:image:height\" content=\"567\" \/>\n\t<meta property=\"og:image:type\" content=\"image\/jpeg\" \/>\n<meta name=\"author\" content=\"wpAdminCofbOrg\" \/>\n<meta name=\"twitter:card\" content=\"summary_large_image\" \/>\n<meta name=\"twitter:creator\" content=\"@farmaceuticsbcn\" \/>\n<meta name=\"twitter:site\" content=\"@farmaceuticsbcn\" \/>\n<meta name=\"twitter:label1\" content=\"Escrito por\" \/>\n\t<meta name=\"twitter:data1\" content=\"wpAdminCofbOrg\" \/>\n\t<meta name=\"twitter:label2\" content=\"Tiempo de lectura\" \/>\n\t<meta name=\"twitter:data2\" content=\"4 minutos\" \/>\n<script type=\"application\/ld+json\" class=\"yoast-schema-graph\">{\"@context\":\"https:\/\/schema.org\",\"@graph\":[{\"@type\":\"Article\",\"@id\":\"https:\/\/novaorg.cofb.net\/2022\/06\/16\/el-cofb-clausura-la-primera-edicio-hibrida-del-mgof-novetat-que-es-mantindra-per-al-curs-2022-2023\/#article\",\"isPartOf\":{\"@id\":\"https:\/\/novaorg.cofb.net\/2022\/06\/16\/el-cofb-clausura-la-primera-edicio-hibrida-del-mgof-novetat-que-es-mantindra-per-al-curs-2022-2023\/\"},\"author\":{\"name\":\"wpAdminCofbOrg\",\"@id\":\"https:\/\/www.cofb.org\/#\/schema\/person\/22ed7eea88da74b0fa4d3154ad87ffcb\"},\"headline\":\"El COFB clausura la primera edici\u00f3 h\u00edbrida del MGOF, novetat que es mantindr\u00e0 per al curs 2022-2023\",\"datePublished\":\"2022-06-16T15:50:43+00:00\",\"dateModified\":\"2023-10-09T15:13:04+00:00\",\"mainEntityOfPage\":{\"@id\":\"https:\/\/novaorg.cofb.net\/2022\/06\/16\/el-cofb-clausura-la-primera-edicio-hibrida-del-mgof-novetat-que-es-mantindra-per-al-curs-2022-2023\/\"},\"wordCount\":814,\"commentCount\":0,\"publisher\":{\"@id\":\"https:\/\/www.cofb.org\/#organization\"},\"image\":{\"@id\":\"https:\/\/novaorg.cofb.net\/2022\/06\/16\/el-cofb-clausura-la-primera-edicio-hibrida-del-mgof-novetat-que-es-mantindra-per-al-curs-2022-2023\/#primaryimage\"},\"thumbnailUrl\":\"https:\/\/www.cofb.org\/wp-content\/uploads\/2023\/07\/COFB-Cloenda-MGOF-edicio-XVII-16062022-1024x567-1.jpg\",\"keywords\":[\"alumnes\",\"aula h\u00edbrida\",\"cloenda\",\"Col\u00b7legi de Farmac\u00e8utics de Barcelona\",\"Digitalitzaci\u00f3\",\"direcci\u00f3\",\"edici\u00f3 XVII MGOF\",\"farmac\u00e8utic\",\"finances\",\"Formaci\u00f3\",\"gesti\u00f3 de persones\",\"habilitats\",\"m\u00e0rqueting\",\"M\u00e0ster en Gesti\u00f3 de l'Oficina de Farm\u00e0cia\",\"modalitat h\u00edbrida\",\"m\u00f2duls\",\"pand\u00e8mia\"],\"articleSection\":[\"Destacats\",\"M\u00f3n col\u00b7legial\"],\"inLanguage\":\"es\",\"potentialAction\":[{\"@type\":\"CommentAction\",\"name\":\"Comment\",\"target\":[\"https:\/\/novaorg.cofb.net\/2022\/06\/16\/el-cofb-clausura-la-primera-edicio-hibrida-del-mgof-novetat-que-es-mantindra-per-al-curs-2022-2023\/#respond\"]}]},{\"@type\":\"WebPage\",\"@id\":\"https:\/\/novaorg.cofb.net\/2022\/06\/16\/el-cofb-clausura-la-primera-edicio-hibrida-del-mgof-novetat-que-es-mantindra-per-al-curs-2022-2023\/\",\"url\":\"https:\/\/novaorg.cofb.net\/2022\/06\/16\/el-cofb-clausura-la-primera-edicio-hibrida-del-mgof-novetat-que-es-mantindra-per-al-curs-2022-2023\/\",\"name\":\"El COFB clausura la primera edici\u00f3 h\u00edbrida del MGOF, novetat que es mantindr\u00e0 per al curs 2022-2023 - Col\u00b7legi de Farmac\u00e8utics de Barcelona\",\"isPartOf\":{\"@id\":\"https:\/\/www.cofb.org\/#website\"},\"primaryImageOfPage\":{\"@id\":\"https:\/\/novaorg.cofb.net\/2022\/06\/16\/el-cofb-clausura-la-primera-edicio-hibrida-del-mgof-novetat-que-es-mantindra-per-al-curs-2022-2023\/#primaryimage\"},\"image\":{\"@id\":\"https:\/\/novaorg.cofb.net\/2022\/06\/16\/el-cofb-clausura-la-primera-edicio-hibrida-del-mgof-novetat-que-es-mantindra-per-al-curs-2022-2023\/#primaryimage\"},\"thumbnailUrl\":\"https:\/\/www.cofb.org\/wp-content\/uploads\/2023\/07\/COFB-Cloenda-MGOF-edicio-XVII-16062022-1024x567-1.jpg\",\"datePublished\":\"2022-06-16T15:50:43+00:00\",\"dateModified\":\"2023-10-09T15:13:04+00:00\",\"description\":\"El passat 7 de juny va tenir lloc la cloenda de la XVII edici\u00f3 del M\u00e0ster de Gesti\u00f3 de l\u2019Oficina de Farm\u00e0cia (MGOF).\",\"breadcrumb\":{\"@id\":\"https:\/\/novaorg.cofb.net\/2022\/06\/16\/el-cofb-clausura-la-primera-edicio-hibrida-del-mgof-novetat-que-es-mantindra-per-al-curs-2022-2023\/#breadcrumb\"},\"inLanguage\":\"es\",\"potentialAction\":[{\"@type\":\"ReadAction\",\"target\":[\"https:\/\/novaorg.cofb.net\/2022\/06\/16\/el-cofb-clausura-la-primera-edicio-hibrida-del-mgof-novetat-que-es-mantindra-per-al-curs-2022-2023\/\"]}]},{\"@type\":\"ImageObject\",\"inLanguage\":\"es\",\"@id\":\"https:\/\/novaorg.cofb.net\/2022\/06\/16\/el-cofb-clausura-la-primera-edicio-hibrida-del-mgof-novetat-que-es-mantindra-per-al-curs-2022-2023\/#primaryimage\",\"url\":\"https:\/\/www.cofb.org\/wp-content\/uploads\/2023\/07\/COFB-Cloenda-MGOF-edicio-XVII-16062022-1024x567-1.jpg\",\"contentUrl\":\"https:\/\/www.cofb.org\/wp-content\/uploads\/2023\/07\/COFB-Cloenda-MGOF-edicio-XVII-16062022-1024x567-1.jpg\",\"width\":1024,\"height\":567},{\"@type\":\"BreadcrumbList\",\"@id\":\"https:\/\/novaorg.cofb.net\/2022\/06\/16\/el-cofb-clausura-la-primera-edicio-hibrida-del-mgof-novetat-que-es-mantindra-per-al-curs-2022-2023\/#breadcrumb\",\"itemListElement\":[{\"@type\":\"ListItem\",\"position\":1,\"name\":\"Inici\",\"item\":\"https:\/\/novaorg.cofb.net\/\"},{\"@type\":\"ListItem\",\"position\":2,\"name\":\"El COFB clausura la primera edici\u00f3 h\u00edbrida del MGOF, novetat que es mantindr\u00e0 per al curs 2022-2023\"}]},{\"@type\":\"WebSite\",\"@id\":\"https:\/\/www.cofb.org\/#website\",\"url\":\"https:\/\/www.cofb.org\/\",\"name\":\"Col\u00b7legi de Farmac\u00e8utics de Barcelona\",\"description\":\"\",\"publisher\":{\"@id\":\"https:\/\/www.cofb.org\/#organization\"},\"potentialAction\":[{\"@type\":\"SearchAction\",\"target\":{\"@type\":\"EntryPoint\",\"urlTemplate\":\"https:\/\/www.cofb.org\/?s={search_term_string}\"},\"query-input\":\"required name=search_term_string\"}],\"inLanguage\":\"es\"},{\"@type\":\"Organization\",\"@id\":\"https:\/\/www.cofb.org\/#organization\",\"name\":\"Col\u00b7legi de Farmac\u00e8utics de Barcelona\",\"url\":\"https:\/\/www.cofb.org\/\",\"logo\":{\"@type\":\"ImageObject\",\"inLanguage\":\"es\",\"@id\":\"https:\/\/www.cofb.org\/#\/schema\/logo\/image\/\",\"url\":\"https:\/\/www.cofb.org\/wp-content\/uploads\/2023\/11\/cropped-Logotip-COFB.png\",\"contentUrl\":\"https:\/\/www.cofb.org\/wp-content\/uploads\/2023\/11\/cropped-Logotip-COFB.png\",\"width\":500,\"height\":105,\"caption\":\"Col\u00b7legi de Farmac\u00e8utics de Barcelona\"},\"image\":{\"@id\":\"https:\/\/www.cofb.org\/#\/schema\/logo\/image\/\"},\"sameAs\":[\"https:\/\/www.facebook.com\/farmaceuticsbcn\/\",\"https:\/\/twitter.com\/farmaceuticsbcn\",\"https:\/\/www.instagram.com\/farmaceuticsbcn\/\",\"https:\/\/www.linkedin.com\/company\/farmaceuticsbcn\/\"]},{\"@type\":\"Person\",\"@id\":\"https:\/\/www.cofb.org\/#\/schema\/person\/22ed7eea88da74b0fa4d3154ad87ffcb\",\"name\":\"wpAdminCofbOrg\",\"image\":{\"@type\":\"ImageObject\",\"inLanguage\":\"es\",\"@id\":\"https:\/\/www.cofb.org\/#\/schema\/person\/image\/\",\"url\":\"https:\/\/secure.gravatar.com\/avatar\/1721b20b3b8ca882c3b56ec6c978c594fff670e40c0718e9190eaeeb76aae7d8?s=96&d=mm&r=g\",\"contentUrl\":\"https:\/\/secure.gravatar.com\/avatar\/1721b20b3b8ca882c3b56ec6c978c594fff670e40c0718e9190eaeeb76aae7d8?s=96&d=mm&r=g\",\"caption\":\"wpAdminCofbOrg\"},\"sameAs\":[\"http:\/\/192.168.64.122\/wordpress\"],\"url\":\"https:\/\/www.cofb.org\/es\/author\/wpadmincofborg\/\"}]}<\/script>\n<!-- \/ Yoast SEO plugin. -->","yoast_head_json":{"title":"El COFB clausura la primera edici\u00f3 h\u00edbrida del MGOF, novetat que es mantindr\u00e0 per al curs 2022-2023 - Col\u00b7legi de Farmac\u00e8utics de Barcelona","description":"El passat 7 de juny va tenir lloc la cloenda de la XVII edici\u00f3 del M\u00e0ster de Gesti\u00f3 de l\u2019Oficina de Farm\u00e0cia (MGOF).","robots":{"index":"index","follow":"follow","max-snippet":"max-snippet:-1","max-image-preview":"max-image-preview:large","max-video-preview":"max-video-preview:-1"},"canonical":"https:\/\/novaorg.cofb.net\/2022\/06\/16\/el-cofb-clausura-la-primera-edicio-hibrida-del-mgof-novetat-que-es-mantindra-per-al-curs-2022-2023\/","og_locale":"es_ES","og_type":"article","og_title":"El COFB clausura la primera edici\u00f3 h\u00edbrida del MGOF, novetat que es mantindr\u00e0 per al curs 2022-2023 - Col\u00b7legi de Farmac\u00e8utics de Barcelona","og_description":"El passat 7 de juny va tenir lloc la cloenda de la XVII edici\u00f3 del M\u00e0ster de Gesti\u00f3 de l\u2019Oficina de Farm\u00e0cia (MGOF).","og_url":"https:\/\/novaorg.cofb.net\/2022\/06\/16\/el-cofb-clausura-la-primera-edicio-hibrida-del-mgof-novetat-que-es-mantindra-per-al-curs-2022-2023\/","og_site_name":"Col\u00b7legi de Farmac\u00e8utics de Barcelona","article_publisher":"https:\/\/www.facebook.com\/farmaceuticsbcn\/","article_published_time":"2022-06-16T15:50:43+00:00","article_modified_time":"2023-10-09T15:13:04+00:00","og_image":[{"width":1024,"height":567,"url":"https:\/\/novaorg.cofb.net\/wp-content\/uploads\/2023\/07\/COFB-Cloenda-MGOF-edicio-XVII-16062022-1024x567-1.jpg","type":"image\/jpeg"}],"author":"wpAdminCofbOrg","twitter_card":"summary_large_image","twitter_creator":"@farmaceuticsbcn","twitter_site":"@farmaceuticsbcn","twitter_misc":{"Escrito por":"wpAdminCofbOrg","Tiempo de lectura":"4 minutos"},"schema":{"@context":"https:\/\/schema.org","@graph":[{"@type":"Article","@id":"https:\/\/novaorg.cofb.net\/2022\/06\/16\/el-cofb-clausura-la-primera-edicio-hibrida-del-mgof-novetat-que-es-mantindra-per-al-curs-2022-2023\/#article","isPartOf":{"@id":"https:\/\/novaorg.cofb.net\/2022\/06\/16\/el-cofb-clausura-la-primera-edicio-hibrida-del-mgof-novetat-que-es-mantindra-per-al-curs-2022-2023\/"},"author":{"name":"wpAdminCofbOrg","@id":"https:\/\/www.cofb.org\/#\/schema\/person\/22ed7eea88da74b0fa4d3154ad87ffcb"},"headline":"El COFB clausura la primera edici\u00f3 h\u00edbrida del MGOF, novetat que es mantindr\u00e0 per al curs 2022-2023","datePublished":"2022-06-16T15:50:43+00:00","dateModified":"2023-10-09T15:13:04+00:00","mainEntityOfPage":{"@id":"https:\/\/novaorg.cofb.net\/2022\/06\/16\/el-cofb-clausura-la-primera-edicio-hibrida-del-mgof-novetat-que-es-mantindra-per-al-curs-2022-2023\/"},"wordCount":814,"commentCount":0,"publisher":{"@id":"https:\/\/www.cofb.org\/#organization"},"image":{"@id":"https:\/\/novaorg.cofb.net\/2022\/06\/16\/el-cofb-clausura-la-primera-edicio-hibrida-del-mgof-novetat-que-es-mantindra-per-al-curs-2022-2023\/#primaryimage"},"thumbnailUrl":"https:\/\/www.cofb.org\/wp-content\/uploads\/2023\/07\/COFB-Cloenda-MGOF-edicio-XVII-16062022-1024x567-1.jpg","keywords":["alumnes","aula h\u00edbrida","cloenda","Col\u00b7legi de Farmac\u00e8utics de Barcelona","Digitalitzaci\u00f3","direcci\u00f3","edici\u00f3 XVII MGOF","farmac\u00e8utic","finances","Formaci\u00f3","gesti\u00f3 de persones","habilitats","m\u00e0rqueting","M\u00e0ster en Gesti\u00f3 de l'Oficina de Farm\u00e0cia","modalitat h\u00edbrida","m\u00f2duls","pand\u00e8mia"],"articleSection":["Destacats","M\u00f3n col\u00b7legial"],"inLanguage":"es","potentialAction":[{"@type":"CommentAction","name":"Comment","target":["https:\/\/novaorg.cofb.net\/2022\/06\/16\/el-cofb-clausura-la-primera-edicio-hibrida-del-mgof-novetat-que-es-mantindra-per-al-curs-2022-2023\/#respond"]}]},{"@type":"WebPage","@id":"https:\/\/novaorg.cofb.net\/2022\/06\/16\/el-cofb-clausura-la-primera-edicio-hibrida-del-mgof-novetat-que-es-mantindra-per-al-curs-2022-2023\/","url":"https:\/\/novaorg.cofb.net\/2022\/06\/16\/el-cofb-clausura-la-primera-edicio-hibrida-del-mgof-novetat-que-es-mantindra-per-al-curs-2022-2023\/","name":"El COFB clausura la primera edici\u00f3 h\u00edbrida del MGOF, novetat que es mantindr\u00e0 per al curs 2022-2023 - Col\u00b7legi de Farmac\u00e8utics de Barcelona","isPartOf":{"@id":"https:\/\/www.cofb.org\/#website"},"primaryImageOfPage":{"@id":"https:\/\/novaorg.cofb.net\/2022\/06\/16\/el-cofb-clausura-la-primera-edicio-hibrida-del-mgof-novetat-que-es-mantindra-per-al-curs-2022-2023\/#primaryimage"},"image":{"@id":"https:\/\/novaorg.cofb.net\/2022\/06\/16\/el-cofb-clausura-la-primera-edicio-hibrida-del-mgof-novetat-que-es-mantindra-per-al-curs-2022-2023\/#primaryimage"},"thumbnailUrl":"https:\/\/www.cofb.org\/wp-content\/uploads\/2023\/07\/COFB-Cloenda-MGOF-edicio-XVII-16062022-1024x567-1.jpg","datePublished":"2022-06-16T15:50:43+00:00","dateModified":"2023-10-09T15:13:04+00:00","description":"El passat 7 de juny va tenir lloc la cloenda de la XVII edici\u00f3 del M\u00e0ster de Gesti\u00f3 de l\u2019Oficina de Farm\u00e0cia (MGOF).","breadcrumb":{"@id":"https:\/\/novaorg.cofb.net\/2022\/06\/16\/el-cofb-clausura-la-primera-edicio-hibrida-del-mgof-novetat-que-es-mantindra-per-al-curs-2022-2023\/#breadcrumb"},"inLanguage":"es","potentialAction":[{"@type":"ReadAction","target":["https:\/\/novaorg.cofb.net\/2022\/06\/16\/el-cofb-clausura-la-primera-edicio-hibrida-del-mgof-novetat-que-es-mantindra-per-al-curs-2022-2023\/"]}]},{"@type":"ImageObject","inLanguage":"es","@id":"https:\/\/novaorg.cofb.net\/2022\/06\/16\/el-cofb-clausura-la-primera-edicio-hibrida-del-mgof-novetat-que-es-mantindra-per-al-curs-2022-2023\/#primaryimage","url":"https:\/\/www.cofb.org\/wp-content\/uploads\/2023\/07\/COFB-Cloenda-MGOF-edicio-XVII-16062022-1024x567-1.jpg","contentUrl":"https:\/\/www.cofb.org\/wp-content\/uploads\/2023\/07\/COFB-Cloenda-MGOF-edicio-XVII-16062022-1024x567-1.jpg","width":1024,"height":567},{"@type":"BreadcrumbList","@id":"https:\/\/novaorg.cofb.net\/2022\/06\/16\/el-cofb-clausura-la-primera-edicio-hibrida-del-mgof-novetat-que-es-mantindra-per-al-curs-2022-2023\/#breadcrumb","itemListElement":[{"@type":"ListItem","position":1,"name":"Inici","item":"https:\/\/novaorg.cofb.net\/"},{"@type":"ListItem","position":2,"name":"El COFB clausura la primera edici\u00f3 h\u00edbrida del MGOF, novetat que es mantindr\u00e0 per al curs 2022-2023"}]},{"@type":"WebSite","@id":"https:\/\/www.cofb.org\/#website","url":"https:\/\/www.cofb.org\/","name":"Col\u00b7legi de Farmac\u00e8utics de Barcelona","description":"","publisher":{"@id":"https:\/\/www.cofb.org\/#organization"},"potentialAction":[{"@type":"SearchAction","target":{"@type":"EntryPoint","urlTemplate":"https:\/\/www.cofb.org\/?s={search_term_string}"},"query-input":"required name=search_term_string"}],"inLanguage":"es"},{"@type":"Organization","@id":"https:\/\/www.cofb.org\/#organization","name":"Col\u00b7legi de Farmac\u00e8utics de Barcelona","url":"https:\/\/www.cofb.org\/","logo":{"@type":"ImageObject","inLanguage":"es","@id":"https:\/\/www.cofb.org\/#\/schema\/logo\/image\/","url":"https:\/\/www.cofb.org\/wp-content\/uploads\/2023\/11\/cropped-Logotip-COFB.png","contentUrl":"https:\/\/www.cofb.org\/wp-content\/uploads\/2023\/11\/cropped-Logotip-COFB.png","width":500,"height":105,"caption":"Col\u00b7legi de Farmac\u00e8utics de Barcelona"},"image":{"@id":"https:\/\/www.cofb.org\/#\/schema\/logo\/image\/"},"sameAs":["https:\/\/www.facebook.com\/farmaceuticsbcn\/","https:\/\/twitter.com\/farmaceuticsbcn","https:\/\/www.instagram.com\/farmaceuticsbcn\/","https:\/\/www.linkedin.com\/company\/farmaceuticsbcn\/"]},{"@type":"Person","@id":"https:\/\/www.cofb.org\/#\/schema\/person\/22ed7eea88da74b0fa4d3154ad87ffcb","name":"wpAdminCofbOrg","image":{"@type":"ImageObject","inLanguage":"es","@id":"https:\/\/www.cofb.org\/#\/schema\/person\/image\/","url":"https:\/\/secure.gravatar.com\/avatar\/1721b20b3b8ca882c3b56ec6c978c594fff670e40c0718e9190eaeeb76aae7d8?s=96&d=mm&r=g","contentUrl":"https:\/\/secure.gravatar.com\/avatar\/1721b20b3b8ca882c3b56ec6c978c594fff670e40c0718e9190eaeeb76aae7d8?s=96&d=mm&r=g","caption":"wpAdminCofbOrg"},"sameAs":["http:\/\/192.168.64.122\/wordpress"],"url":"https:\/\/www.cofb.org\/es\/author\/wpadmincofborg\/"}]}},"uagb_featured_image_src":{"full":["https:\/\/www.cofb.org\/wp-content\/uploads\/2023\/07\/COFB-Cloenda-MGOF-edicio-XVII-16062022-1024x567-1.jpg",1024,567,false],"thumbnail":["https:\/\/www.cofb.org\/wp-content\/uploads\/2023\/07\/COFB-Cloenda-MGOF-edicio-XVII-16062022-1024x567-1-150x150.jpg",150,150,true],"medium":["https:\/\/www.cofb.org\/wp-content\/uploads\/2023\/07\/COFB-Cloenda-MGOF-edicio-XVII-16062022-1024x567-1-300x166.jpg",300,166,true],"medium_large":["https:\/\/www.cofb.org\/wp-content\/uploads\/2023\/07\/COFB-Cloenda-MGOF-edicio-XVII-16062022-1024x567-1-768x425.jpg",768,425,true],"large":["https:\/\/www.cofb.org\/wp-content\/uploads\/2023\/07\/COFB-Cloenda-MGOF-edicio-XVII-16062022-1024x567-1.jpg",1024,567,false],"1536x1536":["https:\/\/www.cofb.org\/wp-content\/uploads\/2023\/07\/COFB-Cloenda-MGOF-edicio-XVII-16062022-1024x567-1.jpg",1024,567,false],"2048x2048":["https:\/\/www.cofb.org\/wp-content\/uploads\/2023\/07\/COFB-Cloenda-MGOF-edicio-XVII-16062022-1024x567-1.jpg",1024,567,false],"trp-custom-language-flag":["https:\/\/www.cofb.org\/wp-content\/uploads\/2023\/07\/COFB-Cloenda-MGOF-edicio-XVII-16062022-1024x567-1.jpg",18,10,false]},"uagb_author_info":{"display_name":"wpAdminCofbOrg","author_link":"https:\/\/www.cofb.org\/es\/author\/wpadmincofborg\/"},"uagb_comment_info":0,"uagb_excerpt":"El passat 7 de juny va tenir lloc la cloenda de la XVII edici\u00f3 del M\u00e0ster de Gesti\u00f3 de l\u2019Oficina de Farm\u00e0cia (MGOF), organitzat pel Col\u00b7legi de Farmac\u00e8utics de Barcelona (COFB). Un any m\u00e9s, el M\u00e0ster ha proporcionat a farmac\u00e8utics\/ques coneixements en les grans \u00e0rees que engloben la gesti\u00f3 de [&hellip;]","_links":{"self":[{"href":"https:\/\/www.cofb.org\/es\/wp-json\/wp\/v2\/posts\/63791","targetHints":{"allow":["GET"]}}],"collection":[{"href":"https:\/\/www.cofb.org\/es\/wp-json\/wp\/v2\/posts"}],"about":[{"href":"https:\/\/www.cofb.org\/es\/wp-json\/wp\/v2\/types\/post"}],"author":[{"embeddable":true,"href":"https:\/\/www.cofb.org\/es\/wp-json\/wp\/v2\/users\/1"}],"replies":[{"embeddable":true,"href":"https:\/\/www.cofb.org\/es\/wp-json\/wp\/v2\/comments?post=63791"}],"version-history":[{"count":3,"href":"https:\/\/www.cofb.org\/es\/wp-json\/wp\/v2\/posts\/63791\/revisions"}],"predecessor-version":[{"id":69021,"href":"https:\/\/www.cofb.org\/es\/wp-json\/wp\/v2\/posts\/63791\/revisions\/69021"}],"wp:featuredmedia":[{"embeddable":true,"href":"https:\/\/www.cofb.org\/es\/wp-json\/wp\/v2\/media\/67892"}],"wp:attachment":[{"href":"https:\/\/www.cofb.org\/es\/wp-json\/wp\/v2\/media?parent=63791"}],"wp:term":[{"taxonomy":"category","embeddable":true,"href":"https:\/\/www.cofb.org\/es\/wp-json\/wp\/v2\/categories?post=63791"},{"taxonomy":"post_tag","embeddable":true,"href":"https:\/\/www.cofb.org\/es\/wp-json\/wp\/v2\/tags?post=63791"}],"curies":[{"name":"wp","href":"https:\/\/api.w.org\/{rel}","templated":true}]}}