{"id":63760,"date":"2022-06-21T12:49:00","date_gmt":"2022-06-21T10:49:00","guid":{"rendered":"https:\/\/blog.cofb.cat\/?p=63760"},"modified":"2023-10-09T15:11:57","modified_gmt":"2023-10-09T15:11:57","slug":"afeccions-oculars-que-cursen-amb-ulls-vermells-casos-practics-a-loficina-de-farmacia","status":"publish","type":"post","link":"https:\/\/www.cofb.org\/es\/2022\/06\/21\/afeccions-oculars-que-cursen-amb-ulls-vermells-casos-practics-a-loficina-de-farmacia\/","title":{"rendered":"Afecciones oculares que cursan con ojos rojos. Casos pr\u00e1cticos en la oficina de farmacia"},"content":{"rendered":"<p>El pasado 31 de mayo<strong>l Colegio de Farmac\u00e9uticos de Barcelona<\/strong> acogi\u00f3 la conferencia \u201c<strong>Afecciones oculares que cursan con ojos rojos. Casos pr\u00e1cticos en la oficina de farmacia\u201d<\/strong> en modalidad webinar, con el patrocinio de <a href=\"https:\/\/www.bausch.com.es\/inicio\/\" target=\"_blank\" rel=\"noreferrer noopener\">Bausch+Lomb<\/a>. El ponente fue <strong>Pablo Gili<\/strong>, oftalm\u00f3logo en el Hospital Universitario \u201cFundaci\u00f3n Alcorc\u00f3n\u201d de Madrid y profesor acreditado por la ANECA. <strong>Guillermo Bagar\u00eda<\/strong>, vocal de Oficina de Farmacia del COFB, moder\u00f3 la sesi\u00f3n.<\/p>\n\n\n\n<figure class=\"wp-block-image size-large\"><img decoding=\"async\" src=\"https:\/\/blog.cofb.cat\/wp-content\/uploads\/2022\/06\/COFB-Afeccions-Oculars-31052022-4.png-1024x559.jpg\" alt=\"L'oftalm\u00f2leg Pablo Gili en un moment de la sessi\u00f3 &quot;Afeccions oculars que cursen amb ulls vermells. Casos pr\u00e0ctics a l'oficina de farm\u00e0cia&quot; . \" class=\"wp-image-63905\" title=\"El oftalm\u00f3logo Pablo Gili en un momento de la sesi\u00f3n &quot;Afecciones oculares que cursan con ojos rojos. Casos pr\u00e1cticos en la oficina de farmacia&quot; .\"\/><figcaption class=\"wp-element-caption\">El oftalm\u00f3logo Pablo Gili en un momento de la sesi\u00f3n \u201cAfecciones oculares que cursan con ojos rojos. Casos pr\u00e1cticos en la oficina de farmacia\u201d . <\/figcaption><\/figure>\n\n\n\n<p>El<strong>objetivo<\/strong> de la conferencia fue ayudar a <strong>identificar las diferentes patolog\u00edas que cursan con ojo rojo<\/strong> para poder ofrecer las <strong>recomendaciones terap\u00e9uticas m\u00e1s indicadas<\/strong> y\/o <strong>derivar correctamente al m\u00e9dico.<\/strong> Este curso quiso abordar el<strong>actuaci\u00f3n farmac\u00e9utica en afecciones oculares<\/strong> de una manera muy <strong>din\u00e1mica y pr\u00e1ctica<\/strong>.<\/p>\n\n\n\n<h2 class=\"wp-block-heading\"><strong>El ojo rojo: concepto y casos cl\u00ednicos<\/strong><\/h2>\n\n\n\n<p><strong>Gili<\/strong> inici\u00f3 la sesi\u00f3n realizando una breve introducci\u00f3n sobre conceptos generales del ojo rojo. <strong>&quot;El ojo rojo hace referencia al enrojecimiento de la superficie anterior del ojo e incluso, a veces, se habla de los p\u00e1rpados y las estructuras anexas al ojo&quot;<\/strong>, explic\u00f3. <\/p>\n\n\n<div class=\"destacat-blog\">\n\n\n<h3 class=\"wp-block-heading\"><strong>Causas y s\u00edntomas del ojo rojo<\/strong><\/h3>\n\n\n\n<p><strong>El ojo rojo es un signo<\/strong>, es decir, algo que vemos en el paciente, y, a la vez, <strong>un s\u00edntoma<\/strong>, tal y como remarc\u00f3 el ponente. Puede aparecer de <strong>forma aislada<\/strong> sin tener otro s\u00edntoma o signo asociado, o puede aparecer <strong>asociado a diversas causas<\/strong>:<\/p>\n\n\n\n<ul class=\"wp-block-list\">\n<li>La <strong>conjuntivitis<\/strong> es la causa m\u00e1s frecuente, pero tambi\u00e9n la menos grave.<\/li>\n\n\n\n<li>La <strong>queratitis<\/strong>, <strong>uve\u00edtis <\/strong>y el <strong>glaucoma <\/strong>son afectaciones m\u00e1s graves pero, por fortuna, menos frecuentes.<\/li>\n<\/ul>\n\n\n\n<figure class=\"wp-block-image size-full\"><img decoding=\"async\" src=\"https:\/\/blog.cofb.cat\/wp-content\/uploads\/2022\/06\/COFB-Afeccions-Oculars-31052022-2-edited.jpg\" alt=\"\" class=\"wp-image-63901\"\/><\/figure>\n\n\n\n<p>Otros <strong>s\u00edntomas<\/strong> que pueden acompa\u00f1ar al ojo rojo son molestias como el <strong>lagrimeo<\/strong>, la <strong>picor <\/strong>y <strong>ardor<\/strong>, <strong>dolor ocular <\/strong>o <strong>alteraciones visuales<\/strong>. Gili tambi\u00e9n nombr\u00f3 otros signos y s\u00edntomas con <strong>m\u00e1s gravedad<\/strong>, como las <strong>anomal\u00edas pupilares<\/strong>, la <strong>p\u00e9rdida de transparencia de la c\u00f3rnea y\/o la c\u00e1mara<\/strong>, y la <strong>falta de respuesta al tratamiento<\/strong> (en 24-48 horas) asociados al ojo rojo.<\/p> <\/div>\n\n\n\n<p>Seguidamente, el oftalm\u00f3logo present\u00f3 <strong>4 casos cl\u00ednicos de diferentes afecciones oculares <\/strong>para realizar una <strong>actividad pr\u00e1ctica en formato de preguntas con los participantes de la formaci\u00f3n<\/strong>. Estas afecciones fueron la hemorragia subconjuntival, la conjuntivitis, el b\u00faho, y la \u00falcera corneal infecciosa. <\/p>\n\n\n\n<h2 class=\"wp-block-heading\"><strong>Recomendaciones generales sobre el manejo del ojo rojo en la farmacia comunitaria<\/strong><\/h2>\n\n\n\n<p>Concluyendo la conferencia, <strong>Gili <\/strong>hizo un repaso de las afecciones oculares que cursan con ojos rojos leves indicando sus causas, s\u00edntomas, signos y respectivo tratamiento. El oftalm\u00f3logo indic\u00f3 que \u201c<strong>de acuerdo con lo que le diga el paciente o el aspecto del ojo, tendr\u00e1 que tener una sospecha diagn\u00f3stica<\/strong> y, en funci\u00f3n de esto, debe dar a los <strong>pacientes<\/strong> unas <strong>recomendaciones <\/strong>o aconsejar una <strong>derivaci\u00f3n al oftalm\u00f3logo o al m\u00e9dico de cabecera<\/strong>\u201c. Tambi\u00e9n remarc\u00f3 que <strong>un ojo rojo grave requerir\u00e1 siempre la actuaci\u00f3n de un oftalm\u00f3logo<\/strong>. <\/p>\n\n\n<div class=\"destacat-blog\">\n\n\n<h3 class=\"wp-block-heading\"><strong>Consejos generales para aplicar en casa<\/strong> <strong>en caso de sufrir ojos rojos<\/strong><\/h3>\n\n\n\n<ul class=\"wp-block-list\">\n<li>Evitar el uso de lentillas<\/li>\n\n\n\n<li>Limpieza de bordes palpebrales con toallitas<\/li>\n\n\n\n<li>Limpieza de las secreciones oculares con suero<\/li>\n\n\n\n<li>Usar m\u00e1scaras o trapos fr\u00edos (calientes en el caso de los b\u00fahos)<\/li>\n\n\n\n<li>Uso de l\u00e1grimas artificiales y geles<\/li>\n\n\n\n<li>Colirios antibi\u00f3ticos si hay lega\u00f1a<\/li>\n\n\n\n<li>Evitar uso indiscriminado de corticoides<\/li>\n<\/ul>\n\n\n\n<p><strong>Si al ojo rojo le acompa\u00f1a dolor y\/o disminuci\u00f3n de la visi\u00f3n, debe remitirse siempre al oftalm\u00f3logo.<\/strong><\/p> <\/div>\n\n\n\n<div class=\"wp-block-columns is-layout-flex wp-container-core-columns-is-layout-28f84493 wp-block-columns-is-layout-flex\">\n<div class=\"wp-block-column is-layout-flow wp-block-column-is-layout-flow\"><\/div>\n\n\n\n<div class=\"wp-block-column is-layout-flow wp-block-column-is-layout-flow\"><\/div>\n\n\n\n<div class=\"wp-block-column is-layout-flow wp-block-column-is-layout-flow\">\n<p class=\"has-text-align-right\"><strong>Con el patrocinio de:<\/strong><\/p>\n\n\n\n<p> <figure class=\"wp-block-image alignright size-large is-resized\"><a rel=\"noopener\" href=\"https:\/\/www.bausch.com.es\/inicio\/\" target=\"_blank\"><img decoding=\"async\" width=\"281\" height=\"83\" class=\"wp-image-63761\" style=\"width:281px;height:83px\" src=\"https:\/\/blog.cofb.cat\/wp-content\/uploads\/2022\/06\/logo-BAUSCH-AND-LOMB_fons-transparent-1024x308.png\" alt=\"\"><\/a><\/figure> <\/p>\n<\/div>\n<\/div>","protected":false},"excerpt":{"rendered":"<p>El pasado 31 de mayo el Colegio de Farmac\u00e9uticos de Barcelona acogi\u00f3 la conferencia &quot;Afecciones oculares que cursan con ojos rojos. Casos pr\u00e1cticos en la oficina de farmacia&quot; en modalidad webinar, con el patrocinio de Bausch+Lomb. El ponente fue Pablo Gili, oftalm\u00f3logo en el Hospital Universitario \u201cFundaci\u00f3n Alcorc\u00f3n\u201d de Madrid [\u2026]<\/p>","protected":false},"author":1,"featured_media":67890,"comment_status":"open","ping_status":"open","sticky":false,"template":"","format":"standard","meta":{"_uag_custom_page_level_css":"","site-sidebar-layout":"default","site-content-layout":"","ast-site-content-layout":"default","site-content-style":"default","site-sidebar-style":"default","ast-global-header-display":"","ast-banner-title-visibility":"","ast-main-header-display":"","ast-hfb-above-header-display":"","ast-hfb-below-header-display":"","ast-hfb-mobile-header-display":"","site-post-title":"","ast-breadcrumbs-content":"","ast-featured-img":"disabled","footer-sml-layout":"","theme-transparent-header-meta":"","adv-header-id-meta":"","stick-header-meta":"","header-above-stick-meta":"","header-main-stick-meta":"","header-below-stick-meta":"","astra-migrate-meta-layouts":"default","ast-page-background-enabled":"default","ast-page-background-meta":{"desktop":{"background-color":"var(--ast-global-color-4)","background-image":"","background-repeat":"repeat","background-position":"center center","background-size":"auto","background-attachment":"scroll","background-type":"","background-media":"","overlay-type":"","overlay-color":"","overlay-opacity":"","overlay-gradient":""},"tablet":{"background-color":"","background-image":"","background-repeat":"repeat","background-position":"center center","background-size":"auto","background-attachment":"scroll","background-type":"","background-media":"","overlay-type":"","overlay-color":"","overlay-opacity":"","overlay-gradient":""},"mobile":{"background-color":"","background-image":"","background-repeat":"repeat","background-position":"center center","background-size":"auto","background-attachment":"scroll","background-type":"","background-media":"","overlay-type":"","overlay-color":"","overlay-opacity":"","overlay-gradient":""}},"ast-content-background-meta":{"desktop":{"background-color":"var(--ast-global-color-5)","background-image":"","background-repeat":"repeat","background-position":"center center","background-size":"auto","background-attachment":"scroll","background-type":"","background-media":"","overlay-type":"","overlay-color":"","overlay-opacity":"","overlay-gradient":""},"tablet":{"background-color":"var(--ast-global-color-5)","background-image":"","background-repeat":"repeat","background-position":"center center","background-size":"auto","background-attachment":"scroll","background-type":"","background-media":"","overlay-type":"","overlay-color":"","overlay-opacity":"","overlay-gradient":""},"mobile":{"background-color":"var(--ast-global-color-5)","background-image":"","background-repeat":"repeat","background-position":"center center","background-size":"auto","background-attachment":"scroll","background-type":"","background-media":"","overlay-type":"","overlay-color":"","overlay-opacity":"","overlay-gradient":""}},"footnotes":""},"categories":[23,57],"tags":[],"class_list":["post-63760","post","type-post","status-publish","format-standard","has-post-thumbnail","hentry","category-destacats","category-mon-collegial"],"yoast_head":"<!-- This site is optimized with the Yoast SEO plugin v22.4 - https:\/\/yoast.com\/wordpress\/plugins\/seo\/ -->\n<title>Afeccions oculars que cursen amb ulls vermells. Casos pr\u00e0ctics a l&#039;oficina de farm\u00e0cia - Col\u00b7legi de Farmac\u00e8utics de Barcelona<\/title>\n<meta name=\"description\" content=\"El passat 31 de maig el Col\u00b7legi de Farmac\u00e8utics de Barcelona va acollir va acollir la confer\u00e8ncia &quot;Afeccions oculars que cursen amb ulls vermells. Casos pr\u00e0ctics a l&#039;oficina de farm\u00e0cia&quot;.\" \/>\n<meta name=\"robots\" content=\"index, follow, max-snippet:-1, max-image-preview:large, max-video-preview:-1\" \/>\n<link rel=\"canonical\" href=\"https:\/\/novaorg.cofb.net\/2022\/06\/21\/afeccions-oculars-que-cursen-amb-ulls-vermells-casos-practics-a-loficina-de-farmacia\/\" \/>\n<meta property=\"og:locale\" content=\"es_ES\" \/>\n<meta property=\"og:type\" content=\"article\" \/>\n<meta property=\"og:title\" content=\"Afeccions oculars que cursen amb ulls vermells. Casos pr\u00e0ctics a l&#039;oficina de farm\u00e0cia - Col\u00b7legi de Farmac\u00e8utics de Barcelona\" \/>\n<meta property=\"og:description\" content=\"El passat 31 de maig el Col\u00b7legi de Farmac\u00e8utics de Barcelona va acollir va acollir la confer\u00e8ncia &quot;Afeccions oculars que cursen amb ulls vermells. Casos pr\u00e0ctics a l&#039;oficina de farm\u00e0cia&quot;.\" \/>\n<meta property=\"og:url\" content=\"https:\/\/novaorg.cofb.net\/2022\/06\/21\/afeccions-oculars-que-cursen-amb-ulls-vermells-casos-practics-a-loficina-de-farmacia\/\" \/>\n<meta property=\"og:site_name\" content=\"Col\u00b7legi de Farmac\u00e8utics de Barcelona\" \/>\n<meta property=\"article:publisher\" content=\"https:\/\/www.facebook.com\/farmaceuticsbcn\/\" \/>\n<meta property=\"article:published_time\" content=\"2022-06-21T10:49:00+00:00\" \/>\n<meta property=\"article:modified_time\" content=\"2023-10-09T15:11:57+00:00\" \/>\n<meta property=\"og:image\" content=\"https:\/\/novaorg.cofb.net\/wp-content\/uploads\/2023\/07\/COFB-Afeccions-Oculars-31052022-4.png-1024x559-1.jpg\" \/>\n\t<meta property=\"og:image:width\" content=\"1024\" \/>\n\t<meta property=\"og:image:height\" content=\"559\" \/>\n\t<meta property=\"og:image:type\" content=\"image\/jpeg\" \/>\n<meta name=\"author\" content=\"wpAdminCofbOrg\" \/>\n<meta name=\"twitter:card\" content=\"summary_large_image\" \/>\n<meta name=\"twitter:creator\" content=\"@farmaceuticsbcn\" \/>\n<meta name=\"twitter:site\" content=\"@farmaceuticsbcn\" \/>\n<meta name=\"twitter:label1\" content=\"Escrito por\" \/>\n\t<meta name=\"twitter:data1\" content=\"wpAdminCofbOrg\" \/>\n\t<meta name=\"twitter:label2\" content=\"Tiempo de lectura\" \/>\n\t<meta name=\"twitter:data2\" content=\"4 minutos\" \/>\n<script type=\"application\/ld+json\" class=\"yoast-schema-graph\">{\"@context\":\"https:\/\/schema.org\",\"@graph\":[{\"@type\":\"Article\",\"@id\":\"https:\/\/novaorg.cofb.net\/2022\/06\/21\/afeccions-oculars-que-cursen-amb-ulls-vermells-casos-practics-a-loficina-de-farmacia\/#article\",\"isPartOf\":{\"@id\":\"https:\/\/novaorg.cofb.net\/2022\/06\/21\/afeccions-oculars-que-cursen-amb-ulls-vermells-casos-practics-a-loficina-de-farmacia\/\"},\"author\":{\"name\":\"wpAdminCofbOrg\",\"@id\":\"https:\/\/www.cofb.org\/#\/schema\/person\/22ed7eea88da74b0fa4d3154ad87ffcb\"},\"headline\":\"Afeccions oculars que cursen amb ulls vermells. Casos pr\u00e0ctics a l&#8217;oficina de farm\u00e0cia\",\"datePublished\":\"2022-06-21T10:49:00+00:00\",\"dateModified\":\"2023-10-09T15:11:57+00:00\",\"mainEntityOfPage\":{\"@id\":\"https:\/\/novaorg.cofb.net\/2022\/06\/21\/afeccions-oculars-que-cursen-amb-ulls-vermells-casos-practics-a-loficina-de-farmacia\/\"},\"wordCount\":657,\"commentCount\":0,\"publisher\":{\"@id\":\"https:\/\/www.cofb.org\/#organization\"},\"image\":{\"@id\":\"https:\/\/novaorg.cofb.net\/2022\/06\/21\/afeccions-oculars-que-cursen-amb-ulls-vermells-casos-practics-a-loficina-de-farmacia\/#primaryimage\"},\"thumbnailUrl\":\"https:\/\/www.cofb.org\/wp-content\/uploads\/2023\/07\/COFB-Afeccions-Oculars-31052022-4.png-1024x559-1.jpg\",\"articleSection\":[\"Destacats\",\"M\u00f3n col\u00b7legial\"],\"inLanguage\":\"es\",\"potentialAction\":[{\"@type\":\"CommentAction\",\"name\":\"Comment\",\"target\":[\"https:\/\/novaorg.cofb.net\/2022\/06\/21\/afeccions-oculars-que-cursen-amb-ulls-vermells-casos-practics-a-loficina-de-farmacia\/#respond\"]}]},{\"@type\":\"WebPage\",\"@id\":\"https:\/\/novaorg.cofb.net\/2022\/06\/21\/afeccions-oculars-que-cursen-amb-ulls-vermells-casos-practics-a-loficina-de-farmacia\/\",\"url\":\"https:\/\/novaorg.cofb.net\/2022\/06\/21\/afeccions-oculars-que-cursen-amb-ulls-vermells-casos-practics-a-loficina-de-farmacia\/\",\"name\":\"Afeccions oculars que cursen amb ulls vermells. Casos pr\u00e0ctics a l'oficina de farm\u00e0cia - Col\u00b7legi de Farmac\u00e8utics de Barcelona\",\"isPartOf\":{\"@id\":\"https:\/\/www.cofb.org\/#website\"},\"primaryImageOfPage\":{\"@id\":\"https:\/\/novaorg.cofb.net\/2022\/06\/21\/afeccions-oculars-que-cursen-amb-ulls-vermells-casos-practics-a-loficina-de-farmacia\/#primaryimage\"},\"image\":{\"@id\":\"https:\/\/novaorg.cofb.net\/2022\/06\/21\/afeccions-oculars-que-cursen-amb-ulls-vermells-casos-practics-a-loficina-de-farmacia\/#primaryimage\"},\"thumbnailUrl\":\"https:\/\/www.cofb.org\/wp-content\/uploads\/2023\/07\/COFB-Afeccions-Oculars-31052022-4.png-1024x559-1.jpg\",\"datePublished\":\"2022-06-21T10:49:00+00:00\",\"dateModified\":\"2023-10-09T15:11:57+00:00\",\"description\":\"El passat 31 de maig el Col\u00b7legi de Farmac\u00e8utics de Barcelona va acollir va acollir la confer\u00e8ncia \\\"Afeccions oculars que cursen amb ulls vermells. Casos pr\u00e0ctics a l'oficina de farm\u00e0cia\\\".\",\"breadcrumb\":{\"@id\":\"https:\/\/novaorg.cofb.net\/2022\/06\/21\/afeccions-oculars-que-cursen-amb-ulls-vermells-casos-practics-a-loficina-de-farmacia\/#breadcrumb\"},\"inLanguage\":\"es\",\"potentialAction\":[{\"@type\":\"ReadAction\",\"target\":[\"https:\/\/novaorg.cofb.net\/2022\/06\/21\/afeccions-oculars-que-cursen-amb-ulls-vermells-casos-practics-a-loficina-de-farmacia\/\"]}]},{\"@type\":\"ImageObject\",\"inLanguage\":\"es\",\"@id\":\"https:\/\/novaorg.cofb.net\/2022\/06\/21\/afeccions-oculars-que-cursen-amb-ulls-vermells-casos-practics-a-loficina-de-farmacia\/#primaryimage\",\"url\":\"https:\/\/www.cofb.org\/wp-content\/uploads\/2023\/07\/COFB-Afeccions-Oculars-31052022-4.png-1024x559-1.jpg\",\"contentUrl\":\"https:\/\/www.cofb.org\/wp-content\/uploads\/2023\/07\/COFB-Afeccions-Oculars-31052022-4.png-1024x559-1.jpg\",\"width\":1024,\"height\":559},{\"@type\":\"BreadcrumbList\",\"@id\":\"https:\/\/novaorg.cofb.net\/2022\/06\/21\/afeccions-oculars-que-cursen-amb-ulls-vermells-casos-practics-a-loficina-de-farmacia\/#breadcrumb\",\"itemListElement\":[{\"@type\":\"ListItem\",\"position\":1,\"name\":\"Inici\",\"item\":\"https:\/\/novaorg.cofb.net\/\"},{\"@type\":\"ListItem\",\"position\":2,\"name\":\"Afeccions oculars que cursen amb ulls vermells. Casos pr\u00e0ctics a l&#8217;oficina de farm\u00e0cia\"}]},{\"@type\":\"WebSite\",\"@id\":\"https:\/\/www.cofb.org\/#website\",\"url\":\"https:\/\/www.cofb.org\/\",\"name\":\"Col\u00b7legi de Farmac\u00e8utics de Barcelona\",\"description\":\"\",\"publisher\":{\"@id\":\"https:\/\/www.cofb.org\/#organization\"},\"potentialAction\":[{\"@type\":\"SearchAction\",\"target\":{\"@type\":\"EntryPoint\",\"urlTemplate\":\"https:\/\/www.cofb.org\/?s={search_term_string}\"},\"query-input\":\"required name=search_term_string\"}],\"inLanguage\":\"es\"},{\"@type\":\"Organization\",\"@id\":\"https:\/\/www.cofb.org\/#organization\",\"name\":\"Col\u00b7legi de Farmac\u00e8utics de Barcelona\",\"url\":\"https:\/\/www.cofb.org\/\",\"logo\":{\"@type\":\"ImageObject\",\"inLanguage\":\"es\",\"@id\":\"https:\/\/www.cofb.org\/#\/schema\/logo\/image\/\",\"url\":\"https:\/\/www.cofb.org\/wp-content\/uploads\/2023\/11\/cropped-Logotip-COFB.png\",\"contentUrl\":\"https:\/\/www.cofb.org\/wp-content\/uploads\/2023\/11\/cropped-Logotip-COFB.png\",\"width\":500,\"height\":105,\"caption\":\"Col\u00b7legi de Farmac\u00e8utics de Barcelona\"},\"image\":{\"@id\":\"https:\/\/www.cofb.org\/#\/schema\/logo\/image\/\"},\"sameAs\":[\"https:\/\/www.facebook.com\/farmaceuticsbcn\/\",\"https:\/\/twitter.com\/farmaceuticsbcn\",\"https:\/\/www.instagram.com\/farmaceuticsbcn\/\",\"https:\/\/www.linkedin.com\/company\/farmaceuticsbcn\/\"]},{\"@type\":\"Person\",\"@id\":\"https:\/\/www.cofb.org\/#\/schema\/person\/22ed7eea88da74b0fa4d3154ad87ffcb\",\"name\":\"wpAdminCofbOrg\",\"image\":{\"@type\":\"ImageObject\",\"inLanguage\":\"es\",\"@id\":\"https:\/\/www.cofb.org\/#\/schema\/person\/image\/\",\"url\":\"https:\/\/secure.gravatar.com\/avatar\/1721b20b3b8ca882c3b56ec6c978c594fff670e40c0718e9190eaeeb76aae7d8?s=96&d=mm&r=g\",\"contentUrl\":\"https:\/\/secure.gravatar.com\/avatar\/1721b20b3b8ca882c3b56ec6c978c594fff670e40c0718e9190eaeeb76aae7d8?s=96&d=mm&r=g\",\"caption\":\"wpAdminCofbOrg\"},\"sameAs\":[\"http:\/\/192.168.64.122\/wordpress\"],\"url\":\"https:\/\/www.cofb.org\/es\/author\/wpadmincofborg\/\"}]}<\/script>\n<!-- \/ Yoast SEO plugin. -->","yoast_head_json":{"title":"Afeccions oculars que cursen amb ulls vermells. Casos pr\u00e0ctics a l'oficina de farm\u00e0cia - Col\u00b7legi de Farmac\u00e8utics de Barcelona","description":"El passat 31 de maig el Col\u00b7legi de Farmac\u00e8utics de Barcelona va acollir va acollir la confer\u00e8ncia \"Afeccions oculars que cursen amb ulls vermells. Casos pr\u00e0ctics a l'oficina de farm\u00e0cia\".","robots":{"index":"index","follow":"follow","max-snippet":"max-snippet:-1","max-image-preview":"max-image-preview:large","max-video-preview":"max-video-preview:-1"},"canonical":"https:\/\/novaorg.cofb.net\/2022\/06\/21\/afeccions-oculars-que-cursen-amb-ulls-vermells-casos-practics-a-loficina-de-farmacia\/","og_locale":"es_ES","og_type":"article","og_title":"Afeccions oculars que cursen amb ulls vermells. Casos pr\u00e0ctics a l'oficina de farm\u00e0cia - Col\u00b7legi de Farmac\u00e8utics de Barcelona","og_description":"El passat 31 de maig el Col\u00b7legi de Farmac\u00e8utics de Barcelona va acollir va acollir la confer\u00e8ncia \"Afeccions oculars que cursen amb ulls vermells. Casos pr\u00e0ctics a l'oficina de farm\u00e0cia\".","og_url":"https:\/\/novaorg.cofb.net\/2022\/06\/21\/afeccions-oculars-que-cursen-amb-ulls-vermells-casos-practics-a-loficina-de-farmacia\/","og_site_name":"Col\u00b7legi de Farmac\u00e8utics de Barcelona","article_publisher":"https:\/\/www.facebook.com\/farmaceuticsbcn\/","article_published_time":"2022-06-21T10:49:00+00:00","article_modified_time":"2023-10-09T15:11:57+00:00","og_image":[{"width":1024,"height":559,"url":"https:\/\/novaorg.cofb.net\/wp-content\/uploads\/2023\/07\/COFB-Afeccions-Oculars-31052022-4.png-1024x559-1.jpg","type":"image\/jpeg"}],"author":"wpAdminCofbOrg","twitter_card":"summary_large_image","twitter_creator":"@farmaceuticsbcn","twitter_site":"@farmaceuticsbcn","twitter_misc":{"Escrito por":"wpAdminCofbOrg","Tiempo de lectura":"4 minutos"},"schema":{"@context":"https:\/\/schema.org","@graph":[{"@type":"Article","@id":"https:\/\/novaorg.cofb.net\/2022\/06\/21\/afeccions-oculars-que-cursen-amb-ulls-vermells-casos-practics-a-loficina-de-farmacia\/#article","isPartOf":{"@id":"https:\/\/novaorg.cofb.net\/2022\/06\/21\/afeccions-oculars-que-cursen-amb-ulls-vermells-casos-practics-a-loficina-de-farmacia\/"},"author":{"name":"wpAdminCofbOrg","@id":"https:\/\/www.cofb.org\/#\/schema\/person\/22ed7eea88da74b0fa4d3154ad87ffcb"},"headline":"Afeccions oculars que cursen amb ulls vermells. Casos pr\u00e0ctics a l&#8217;oficina de farm\u00e0cia","datePublished":"2022-06-21T10:49:00+00:00","dateModified":"2023-10-09T15:11:57+00:00","mainEntityOfPage":{"@id":"https:\/\/novaorg.cofb.net\/2022\/06\/21\/afeccions-oculars-que-cursen-amb-ulls-vermells-casos-practics-a-loficina-de-farmacia\/"},"wordCount":657,"commentCount":0,"publisher":{"@id":"https:\/\/www.cofb.org\/#organization"},"image":{"@id":"https:\/\/novaorg.cofb.net\/2022\/06\/21\/afeccions-oculars-que-cursen-amb-ulls-vermells-casos-practics-a-loficina-de-farmacia\/#primaryimage"},"thumbnailUrl":"https:\/\/www.cofb.org\/wp-content\/uploads\/2023\/07\/COFB-Afeccions-Oculars-31052022-4.png-1024x559-1.jpg","articleSection":["Destacats","M\u00f3n col\u00b7legial"],"inLanguage":"es","potentialAction":[{"@type":"CommentAction","name":"Comment","target":["https:\/\/novaorg.cofb.net\/2022\/06\/21\/afeccions-oculars-que-cursen-amb-ulls-vermells-casos-practics-a-loficina-de-farmacia\/#respond"]}]},{"@type":"WebPage","@id":"https:\/\/novaorg.cofb.net\/2022\/06\/21\/afeccions-oculars-que-cursen-amb-ulls-vermells-casos-practics-a-loficina-de-farmacia\/","url":"https:\/\/novaorg.cofb.net\/2022\/06\/21\/afeccions-oculars-que-cursen-amb-ulls-vermells-casos-practics-a-loficina-de-farmacia\/","name":"Afeccions oculars que cursen amb ulls vermells. Casos pr\u00e0ctics a l'oficina de farm\u00e0cia - Col\u00b7legi de Farmac\u00e8utics de Barcelona","isPartOf":{"@id":"https:\/\/www.cofb.org\/#website"},"primaryImageOfPage":{"@id":"https:\/\/novaorg.cofb.net\/2022\/06\/21\/afeccions-oculars-que-cursen-amb-ulls-vermells-casos-practics-a-loficina-de-farmacia\/#primaryimage"},"image":{"@id":"https:\/\/novaorg.cofb.net\/2022\/06\/21\/afeccions-oculars-que-cursen-amb-ulls-vermells-casos-practics-a-loficina-de-farmacia\/#primaryimage"},"thumbnailUrl":"https:\/\/www.cofb.org\/wp-content\/uploads\/2023\/07\/COFB-Afeccions-Oculars-31052022-4.png-1024x559-1.jpg","datePublished":"2022-06-21T10:49:00+00:00","dateModified":"2023-10-09T15:11:57+00:00","description":"El passat 31 de maig el Col\u00b7legi de Farmac\u00e8utics de Barcelona va acollir va acollir la confer\u00e8ncia \"Afeccions oculars que cursen amb ulls vermells. Casos pr\u00e0ctics a l'oficina de farm\u00e0cia\".","breadcrumb":{"@id":"https:\/\/novaorg.cofb.net\/2022\/06\/21\/afeccions-oculars-que-cursen-amb-ulls-vermells-casos-practics-a-loficina-de-farmacia\/#breadcrumb"},"inLanguage":"es","potentialAction":[{"@type":"ReadAction","target":["https:\/\/novaorg.cofb.net\/2022\/06\/21\/afeccions-oculars-que-cursen-amb-ulls-vermells-casos-practics-a-loficina-de-farmacia\/"]}]},{"@type":"ImageObject","inLanguage":"es","@id":"https:\/\/novaorg.cofb.net\/2022\/06\/21\/afeccions-oculars-que-cursen-amb-ulls-vermells-casos-practics-a-loficina-de-farmacia\/#primaryimage","url":"https:\/\/www.cofb.org\/wp-content\/uploads\/2023\/07\/COFB-Afeccions-Oculars-31052022-4.png-1024x559-1.jpg","contentUrl":"https:\/\/www.cofb.org\/wp-content\/uploads\/2023\/07\/COFB-Afeccions-Oculars-31052022-4.png-1024x559-1.jpg","width":1024,"height":559},{"@type":"BreadcrumbList","@id":"https:\/\/novaorg.cofb.net\/2022\/06\/21\/afeccions-oculars-que-cursen-amb-ulls-vermells-casos-practics-a-loficina-de-farmacia\/#breadcrumb","itemListElement":[{"@type":"ListItem","position":1,"name":"Inici","item":"https:\/\/novaorg.cofb.net\/"},{"@type":"ListItem","position":2,"name":"Afeccions oculars que cursen amb ulls vermells. Casos pr\u00e0ctics a l&#8217;oficina de farm\u00e0cia"}]},{"@type":"WebSite","@id":"https:\/\/www.cofb.org\/#website","url":"https:\/\/www.cofb.org\/","name":"Col\u00b7legi de Farmac\u00e8utics de Barcelona","description":"","publisher":{"@id":"https:\/\/www.cofb.org\/#organization"},"potentialAction":[{"@type":"SearchAction","target":{"@type":"EntryPoint","urlTemplate":"https:\/\/www.cofb.org\/?s={search_term_string}"},"query-input":"required name=search_term_string"}],"inLanguage":"es"},{"@type":"Organization","@id":"https:\/\/www.cofb.org\/#organization","name":"Col\u00b7legi de Farmac\u00e8utics de Barcelona","url":"https:\/\/www.cofb.org\/","logo":{"@type":"ImageObject","inLanguage":"es","@id":"https:\/\/www.cofb.org\/#\/schema\/logo\/image\/","url":"https:\/\/www.cofb.org\/wp-content\/uploads\/2023\/11\/cropped-Logotip-COFB.png","contentUrl":"https:\/\/www.cofb.org\/wp-content\/uploads\/2023\/11\/cropped-Logotip-COFB.png","width":500,"height":105,"caption":"Col\u00b7legi de Farmac\u00e8utics de Barcelona"},"image":{"@id":"https:\/\/www.cofb.org\/#\/schema\/logo\/image\/"},"sameAs":["https:\/\/www.facebook.com\/farmaceuticsbcn\/","https:\/\/twitter.com\/farmaceuticsbcn","https:\/\/www.instagram.com\/farmaceuticsbcn\/","https:\/\/www.linkedin.com\/company\/farmaceuticsbcn\/"]},{"@type":"Person","@id":"https:\/\/www.cofb.org\/#\/schema\/person\/22ed7eea88da74b0fa4d3154ad87ffcb","name":"wpAdminCofbOrg","image":{"@type":"ImageObject","inLanguage":"es","@id":"https:\/\/www.cofb.org\/#\/schema\/person\/image\/","url":"https:\/\/secure.gravatar.com\/avatar\/1721b20b3b8ca882c3b56ec6c978c594fff670e40c0718e9190eaeeb76aae7d8?s=96&d=mm&r=g","contentUrl":"https:\/\/secure.gravatar.com\/avatar\/1721b20b3b8ca882c3b56ec6c978c594fff670e40c0718e9190eaeeb76aae7d8?s=96&d=mm&r=g","caption":"wpAdminCofbOrg"},"sameAs":["http:\/\/192.168.64.122\/wordpress"],"url":"https:\/\/www.cofb.org\/es\/author\/wpadmincofborg\/"}]}},"uagb_featured_image_src":{"full":["https:\/\/www.cofb.org\/wp-content\/uploads\/2023\/07\/COFB-Afeccions-Oculars-31052022-4.png-1024x559-1.jpg",1024,559,false],"thumbnail":["https:\/\/www.cofb.org\/wp-content\/uploads\/2023\/07\/COFB-Afeccions-Oculars-31052022-4.png-1024x559-1-150x150.jpg",150,150,true],"medium":["https:\/\/www.cofb.org\/wp-content\/uploads\/2023\/07\/COFB-Afeccions-Oculars-31052022-4.png-1024x559-1-300x164.jpg",300,164,true],"medium_large":["https:\/\/www.cofb.org\/wp-content\/uploads\/2023\/07\/COFB-Afeccions-Oculars-31052022-4.png-1024x559-1-768x419.jpg",768,419,true],"large":["https:\/\/www.cofb.org\/wp-content\/uploads\/2023\/07\/COFB-Afeccions-Oculars-31052022-4.png-1024x559-1.jpg",1024,559,false],"1536x1536":["https:\/\/www.cofb.org\/wp-content\/uploads\/2023\/07\/COFB-Afeccions-Oculars-31052022-4.png-1024x559-1.jpg",1024,559,false],"2048x2048":["https:\/\/www.cofb.org\/wp-content\/uploads\/2023\/07\/COFB-Afeccions-Oculars-31052022-4.png-1024x559-1.jpg",1024,559,false],"trp-custom-language-flag":["https:\/\/www.cofb.org\/wp-content\/uploads\/2023\/07\/COFB-Afeccions-Oculars-31052022-4.png-1024x559-1.jpg",18,10,false]},"uagb_author_info":{"display_name":"wpAdminCofbOrg","author_link":"https:\/\/www.cofb.org\/es\/author\/wpadmincofborg\/"},"uagb_comment_info":0,"uagb_excerpt":"El passat 31 de maig el Col\u00b7legi de Farmac\u00e8utics de Barcelona va acollir la confer\u00e8ncia &#8220;Afeccions oculars que cursen amb ulls vermells. Casos pr\u00e0ctics a l&#8217;oficina de farm\u00e0cia&#8221; en modalitat webinar, amb el patrocini de Bausch+Lomb. El ponent va ser Pablo Gili, oftalm\u00f2leg a l&#8217;Hospital Universitari &#8220;Fundaci\u00f3n Alcorc\u00f3n&#8221; de Madrid [&hellip;]","_links":{"self":[{"href":"https:\/\/www.cofb.org\/es\/wp-json\/wp\/v2\/posts\/63760","targetHints":{"allow":["GET"]}}],"collection":[{"href":"https:\/\/www.cofb.org\/es\/wp-json\/wp\/v2\/posts"}],"about":[{"href":"https:\/\/www.cofb.org\/es\/wp-json\/wp\/v2\/types\/post"}],"author":[{"embeddable":true,"href":"https:\/\/www.cofb.org\/es\/wp-json\/wp\/v2\/users\/1"}],"replies":[{"embeddable":true,"href":"https:\/\/www.cofb.org\/es\/wp-json\/wp\/v2\/comments?post=63760"}],"version-history":[{"count":3,"href":"https:\/\/www.cofb.org\/es\/wp-json\/wp\/v2\/posts\/63760\/revisions"}],"predecessor-version":[{"id":69019,"href":"https:\/\/www.cofb.org\/es\/wp-json\/wp\/v2\/posts\/63760\/revisions\/69019"}],"wp:featuredmedia":[{"embeddable":true,"href":"https:\/\/www.cofb.org\/es\/wp-json\/wp\/v2\/media\/67890"}],"wp:attachment":[{"href":"https:\/\/www.cofb.org\/es\/wp-json\/wp\/v2\/media?parent=63760"}],"wp:term":[{"taxonomy":"category","embeddable":true,"href":"https:\/\/www.cofb.org\/es\/wp-json\/wp\/v2\/categories?post=63760"},{"taxonomy":"post_tag","embeddable":true,"href":"https:\/\/www.cofb.org\/es\/wp-json\/wp\/v2\/tags?post=63760"}],"curies":[{"name":"wp","href":"https:\/\/api.w.org\/{rel}","templated":true}]}}