{"id":63609,"date":"2022-06-01T17:19:38","date_gmt":"2022-06-01T15:19:38","guid":{"rendered":"https:\/\/blog.cofb.cat\/?p=63609"},"modified":"2023-10-10T06:14:18","modified_gmt":"2023-10-10T06:14:18","slug":"novetats-en-lambit-de-la-microbiota-i-en-el-maneig-dels-probiotics-i-prebiotics","status":"publish","type":"post","link":"https:\/\/www.cofb.org\/es\/2022\/06\/01\/novetats-en-lambit-de-la-microbiota-i-en-el-maneig-dels-probiotics-i-prebiotics\/","title":{"rendered":"Novedades en el \u00e1mbito de la microbiota y en el manejo de los probi\u00f3ticos y prebi\u00f3ticos"},"content":{"rendered":"<p>El pasado <strong>18 de mayo<\/strong> tuvo lugar en <strong>Col\u00b7legi de Farmac\u00e8utics de Barcelona<\/strong> una nueva <strong>actualizaci\u00f3n en microbiota y probi\u00f3ticos<\/strong>. Esta formaci\u00f3n estuvo organizada conjuntamente con la <a href=\"https:\/\/semipyp.es\/\" target=\"_blank\" rel=\"noreferrer noopener\">Sociedad Espa\u00f1ola de Microbiota, Probi\u00f3ticos y Prebi\u00f3ticos (SEMiPyP)<\/a> y patrocinada por <a href=\"https:\/\/biotical.es\/es\/\" target=\"_blank\" rel=\"noreferrer noopener\">Biotical Health<\/a>, <a href=\"https:\/\/faesfarma.com\/\" target=\"_blank\" rel=\"noreferrer noopener\">Faes Farma<\/a>, <a href=\"https:\/\/www.grifols.com\/es\/home\" target=\"_blank\" rel=\"noreferrer noopener\">Grifols<\/a> y <a href=\"https:\/\/www.stada.es\/\" target=\"_blank\" rel=\"noreferrer noopener\">Stada<\/a>.  <strong>Anna Bach-Faig<\/strong>, vocal de Alimentaci\u00f3n y Nutrici\u00f3n del COFB, y <strong>Ascensi\u00f3n Marcos<\/strong>, profesora de Investigaci\u00f3n del CSIC y Vocal de Asuntos Institucionales de la SEMiPyP, fueron las encargadas de moderar la sesi\u00f3n. <\/p>\n\n\n\n<figure class=\"wp-block-image size-full\"><img decoding=\"async\" src=\"https:\/\/blog.cofb.cat\/wp-content\/uploads\/2022\/05\/COFB-Probiotics-18052022.jpg\" alt=\"El passat 18 de maig va tenir lloc al COFB la formaci\u00f3 &quot;Actualitzaci\u00f3 en microbiota i probi\u00f2tics&quot;.\" class=\"wp-image-63631\" title=\"El pasado 18 de mayo tuvo lugar en el COFB la formaci\u00f3n &quot;Actualizaci\u00f3n en microbiota y probi\u00f3ticos&quot;.\"\/><figcaption class=\"wp-element-caption\">El pasado 18 de mayo tuvo lugar en el COFB la formaci\u00f3n &quot;Actualizaci\u00f3n en microbiota y probi\u00f3ticos&quot;.<\/figcaption><\/figure>\n\n\n\n<p>Durante esta sesi\u00f3n, y de la mano de expertos referentes en la tem\u00e1tica, se conocieron las <strong>novedades e investigaciones<\/strong> m\u00e1s recientes y se profundiz\u00f3 en el conocimiento de la <strong>microbiota<\/strong> y el <strong>manejo de los probi\u00f3ticos y los probi\u00f3ticos<\/strong>.<\/p>\n\n\n\n<h2 class=\"wp-block-heading\"><strong>La microbiota y los probi\u00f3ticos, de la mano de los expertos<\/strong><\/h2>\n\n\n\n<p>La sesi\u00f3n se desarroll\u00f3 en cuatro intervenciones donde los ponentes abordaron diferentes temas y aspectos hacia la microbiota y los probi\u00f3ticos. <strong>Evaristo Su\u00e1rez<\/strong>, catedr\u00e1tico de Microbiolog\u00eda en la Universidad de Oviedo y Vocal de Investigaci\u00f3n B\u00e1sica de la SEMiPyP, inici\u00f3 la primera intervenci\u00f3n hablando sobre <strong>el papel de la microbiota en el binomio salud\/enfermedad<\/strong>. <\/p>\n\n\n\n<figure class=\"wp-block-image size-full\"><img fetchpriority=\"high\" decoding=\"async\" width=\"1024\" height=\"576\" src=\"https:\/\/www.cofb.org\/wp-content\/uploads\/2023\/10\/COFB-Probiotics-18052022_3-1024x576-1.jpg\" alt=\"\" class=\"wp-image-69030\" title=\"El pasado 18 de mayo tuvo lugar en el COFB la formaci\u00f3n &quot;Actualizaci\u00f3n en microbiota y probi\u00f3ticos&quot;.\" srcset=\"https:\/\/www.cofb.org\/wp-content\/uploads\/2023\/10\/COFB-Probiotics-18052022_3-1024x576-1.jpg 1024w, https:\/\/www.cofb.org\/wp-content\/uploads\/2023\/10\/COFB-Probiotics-18052022_3-1024x576-1-300x169.jpg 300w, https:\/\/www.cofb.org\/wp-content\/uploads\/2023\/10\/COFB-Probiotics-18052022_3-1024x576-1-768x432.jpg 768w, https:\/\/www.cofb.org\/wp-content\/uploads\/2023\/10\/COFB-Probiotics-18052022_3-1024x576-1-18x10.jpg 18w\" sizes=\"(max-width: 1024px) 100vw, 1024px\" \/><figcaption class=\"wp-element-caption\"> El catedr\u00e1tico de Microbiolog\u00eda de la Universidad de Oviedo, Evaristo Su\u00e1rez, en el inicio de su intervenci\u00f3n. <\/figcaption><\/figure>\n\n\n\n<p>Seguidamente, <strong>Guillermo \u00c1lvarez<\/strong>, m\u00e9dico adjunto a la unidad de Gastroenterolog\u00eda y Nutrici\u00f3n Pedi\u00e1trica del Hospital Gregorio Mara\u00f1\u00f3n (Madrid) y presidente de la SEMiPyP, dedic\u00f3 su exposici\u00f3n a los <strong>medicamentos y el microbioma intestinal<\/strong>. <\/p>\n\n\n<div class=\"destacat-blog\">\n\n\n<h2 class=\"wp-block-heading\"><strong>Microbioma: objeto de atenci\u00f3n creciente  <\/strong><\/h2>\n\n\n\n<p>El <strong>microbioma<\/strong> ha recibido una atenci\u00f3n creciente en los \u00faltimos 15 a\u00f1os con numerosos estudios que informan cambios en la <strong>microbiota intestinal<\/strong>, no s\u00f3lo en obesidad, diabetes y enfermedades hep\u00e1ticas, sino tambi\u00e9n en c\u00e1ncer y enfermedades neurodegenerativas. La evidencia reciente muestra c\u00f3mo <strong>f\u00e1rmacos con dianas humanas<\/strong> pueden tener un <strong>impacto negativo<\/strong> en la microbiota intestinal, m\u00e1s all\u00e1 del conocido impacto de los <strong>antibi\u00f3ticos<\/strong>. Estas investigaciones, adem\u00e1s, demuestran que los <strong>bacterias intestinales podr\u00edan modular la eficacia y la toxicidad de muchos f\u00e1rmacos<\/strong>.<\/p> <\/div>\n\n\n\n<p>A continuaci\u00f3n, <strong><span class=\"has-inline-color has-black-color\">Francisco Guarner<\/span><\/strong><span class=\"has-inline-color has-vivid-red-color\">,<\/span> especialista en&nbsp;<strong>enfermedades del trato digestivo<\/strong> de la unidad de Investigaci\u00f3n del Sistema Digestivo en el Hospital Vall d&#039;Hebron de Barcelona, habl\u00f3 sobre el<strong>impacto de los antibi\u00f3ticos sobre el microbioma<\/strong>. <\/p>\n\n\n\n<figure class=\"wp-block-image size-large\"><img decoding=\"async\" src=\"https:\/\/blog.cofb.cat\/wp-content\/uploads\/2022\/06\/COFB-Probiotics-18052022_2-1024x578.jpg\" alt=\"El Dr. Francisco Guarner en un moment de la seva exposici\u00f3.\" class=\"wp-image-63683\" title=\"El dr. Francisco Guarner en un momento de su exposici\u00f3n.\"\/><figcaption class=\"wp-element-caption\">El dr. Francisco Guarner en un momento de su exposici\u00f3n.<\/figcaption><\/figure>\n\n\n\n<p>Por \u00faltimo,  <strong>Juan Miguel Rodr\u00edguez<\/strong>, catedr\u00e1tico del Departamento de Nutrici\u00f3n y Ciencia de los Alimentos en la Universidad Complutense de Madrid y Vocal de la SEMiPyP, cerr\u00f3 el ciclo de intervenciones hablando sobre <strong>nuevos probi\u00f3ticos, prebi\u00f3ticos y posbi\u00f3ticos<\/strong>.<\/p>\n\n\n\n<h2 class=\"wp-block-heading\"><strong>Probi\u00f3ticos en la oficina de farmacia<\/strong><\/h2>\n\n\n\n<p>Finalizando la sesi\u00f3n, los diferentes laboratorios patrocinadores de la formaci\u00f3n presentaron, en formato de comunicaci\u00f3n oral, varios <strong>tipos de probi\u00f3ticos<\/strong> que se pueden encontrar en el<strong>oficina de farmacia<\/strong>, todos ellos destinados a mejorar la salud intestinal, estimular el sistema inmunitario, o mantener el bienestar \u00edntimo y urinario.<\/p>\n\n\n\n<div class=\"wp-block-columns is-layout-flex wp-container-core-columns-is-layout-28f84493 wp-block-columns-is-layout-flex\">\n<div class=\"wp-block-column is-layout-flow wp-block-column-is-layout-flow\"><\/div>\n\n\n\n<div class=\"wp-block-column is-layout-flow wp-block-column-is-layout-flow\"><\/div>\n\n\n\n<div class=\"wp-block-column is-layout-flow wp-block-column-is-layout-flow\">\n<p class=\"has-text-align-right\"><strong>Organizado conjuntamente con:<\/strong><\/p>\n\n\n\n<figure class=\"wp-block-image alignright size-large is-resized\"><a href=\"https:\/\/semipyp.es\/\" target=\"_blank\" rel=\"noopener\"><img decoding=\"async\" src=\"https:\/\/blog.cofb.cat\/wp-content\/uploads\/2022\/05\/SEMiPyP_logo_transparent-1024x1024.png\" alt=\"\" class=\"wp-image-63632\" style=\"width:131px;height:131px\" width=\"131\" height=\"131\"\/><\/a><\/figure>\n<\/div>\n<\/div>\n\n\n\n<div class=\"wp-block-columns is-layout-flex wp-container-core-columns-is-layout-28f84493 wp-block-columns-is-layout-flex\">\n<div class=\"wp-block-column is-layout-flow wp-block-column-is-layout-flow\"><\/div>\n\n\n\n<div class=\"wp-block-column is-layout-flow wp-block-column-is-layout-flow\"><\/div>\n\n\n\n<div class=\"wp-block-column is-layout-flow wp-block-column-is-layout-flow\">\n<p class=\"has-text-align-right\"><strong>Con el patrocinio de:<\/strong><\/p>\n\n\n\n<div class=\"wp-block-columns is-layout-flex wp-container-core-columns-is-layout-28f84493 wp-block-columns-is-layout-flex\">\n<div class=\"wp-block-column is-layout-flow wp-block-column-is-layout-flow\">\n<figure class=\"wp-block-image alignright size-large is-resized\"><a href=\"https:\/\/www.grifols.com\/es\/home\" target=\"_blank\" rel=\"noopener\"><img decoding=\"async\" src=\"https:\/\/blog.cofb.cat\/wp-content\/uploads\/2022\/05\/GRIFOLS-2022_logo_transparent-1024x232.png\" alt=\"\" class=\"wp-image-63636\" style=\"width:100px;height:21px\" width=\"100\" height=\"21\"\/><\/a><\/figure>\n<\/div>\n\n\n\n<div class=\"wp-block-column is-layout-flow wp-block-column-is-layout-flow\">\n<figure class=\"wp-block-image alignright size-large is-resized\"><a href=\"https:\/\/www.stada.es\/\" target=\"_blank\" rel=\"noopener\"><img loading=\"lazy\" decoding=\"async\" src=\"https:\/\/blog.cofb.cat\/wp-content\/uploads\/2022\/05\/Stada_logo-2022_transparent-1-1024x630.png\" alt=\"\" class=\"wp-image-63637\" style=\"width:85px;height:52px\" width=\"85\" height=\"52\"\/><\/a><\/figure>\n<\/div>\n\n\n\n<div class=\"wp-block-column is-layout-flow wp-block-column-is-layout-flow\">\n<figure class=\"wp-block-image alignright size-large is-resized\"><a href=\"https:\/\/faesfarma.com\/\" target=\"_blank\" rel=\"noopener\"><img loading=\"lazy\" decoding=\"async\" src=\"https:\/\/blog.cofb.cat\/wp-content\/uploads\/2022\/05\/FAES-FARMA_logo-2_transparent-1-1024x563.png\" alt=\"\" class=\"wp-image-63635\" style=\"width:95px;height:52px\" width=\"95\" height=\"52\"\/><\/a><\/figure>\n<\/div>\n\n\n\n<div class=\"wp-block-column is-layout-flow wp-block-column-is-layout-flow\">\n<figure class=\"wp-block-image alignright size-large is-resized\"><a href=\"https:\/\/biotical.es\/es\/\" target=\"_blank\" rel=\"noopener\"><img loading=\"lazy\" decoding=\"async\" src=\"https:\/\/blog.cofb.cat\/wp-content\/uploads\/2022\/05\/BIOTICAL_logo_transparent-1024x668.png\" alt=\"\" class=\"wp-image-63633\" style=\"width:95px;height:61px\" width=\"95\" height=\"61\"\/><\/a><\/figure>\n<\/div>\n<\/div>\n<\/div>\n<\/div>","protected":false},"excerpt":{"rendered":"<p>El pasado 18 de mayo tuvo lugar en el Colegio de Farmac\u00e9uticos de Barcelona una nueva actualizaci\u00f3n en microbiota y probi\u00f3ticos. Esta formaci\u00f3n estuvo organizada conjuntamente con la Sociedad Espa\u00f1ola de Microbiota, Probi\u00f3ticos y Prebi\u00f3ticos (SEMiPyP) y patrocinada por Biotical Health, Faes Farma, Grifols y Stada. Anna Bach-Faig, vocal [\u2026]<\/p>","protected":false},"author":1,"featured_media":67900,"comment_status":"open","ping_status":"open","sticky":false,"template":"","format":"standard","meta":{"_uag_custom_page_level_css":"","site-sidebar-layout":"default","site-content-layout":"","ast-site-content-layout":"default","site-content-style":"default","site-sidebar-style":"default","ast-global-header-display":"","ast-banner-title-visibility":"","ast-main-header-display":"","ast-hfb-above-header-display":"","ast-hfb-below-header-display":"","ast-hfb-mobile-header-display":"","site-post-title":"","ast-breadcrumbs-content":"","ast-featured-img":"disabled","footer-sml-layout":"","theme-transparent-header-meta":"","adv-header-id-meta":"","stick-header-meta":"","header-above-stick-meta":"","header-main-stick-meta":"","header-below-stick-meta":"","astra-migrate-meta-layouts":"default","ast-page-background-enabled":"default","ast-page-background-meta":{"desktop":{"background-color":"var(--ast-global-color-4)","background-image":"","background-repeat":"repeat","background-position":"center center","background-size":"auto","background-attachment":"scroll","background-type":"","background-media":"","overlay-type":"","overlay-color":"","overlay-opacity":"","overlay-gradient":""},"tablet":{"background-color":"","background-image":"","background-repeat":"repeat","background-position":"center center","background-size":"auto","background-attachment":"scroll","background-type":"","background-media":"","overlay-type":"","overlay-color":"","overlay-opacity":"","overlay-gradient":""},"mobile":{"background-color":"","background-image":"","background-repeat":"repeat","background-position":"center center","background-size":"auto","background-attachment":"scroll","background-type":"","background-media":"","overlay-type":"","overlay-color":"","overlay-opacity":"","overlay-gradient":""}},"ast-content-background-meta":{"desktop":{"background-color":"var(--ast-global-color-5)","background-image":"","background-repeat":"repeat","background-position":"center center","background-size":"auto","background-attachment":"scroll","background-type":"","background-media":"","overlay-type":"","overlay-color":"","overlay-opacity":"","overlay-gradient":""},"tablet":{"background-color":"var(--ast-global-color-5)","background-image":"","background-repeat":"repeat","background-position":"center center","background-size":"auto","background-attachment":"scroll","background-type":"","background-media":"","overlay-type":"","overlay-color":"","overlay-opacity":"","overlay-gradient":""},"mobile":{"background-color":"var(--ast-global-color-5)","background-image":"","background-repeat":"repeat","background-position":"center center","background-size":"auto","background-attachment":"scroll","background-type":"","background-media":"","overlay-type":"","overlay-color":"","overlay-opacity":"","overlay-gradient":""}},"footnotes":""},"categories":[23,57],"tags":[269,742,18,19,68,70,44,45,743,744,745,76,746,747,95,117,623],"class_list":["post-63609","post","type-post","status-publish","format-standard","has-post-thumbnail","hentry","category-destacats","category-mon-collegial","tag-antibiotics","tag-bacteris","tag-cofb","tag-collegi-de-farmaceutics-de-barcelona","tag-farmacia","tag-formacio","tag-malaltia","tag-medicaments","tag-microbioma","tag-microbiota","tag-microbiota-intestinal","tag-oficina-de-farmacia","tag-postbiotics","tag-prebiotics","tag-probiotics","tag-salut","tag-sessio-formativa"],"yoast_head":"<!-- This site is optimized with the Yoast SEO plugin v22.4 - https:\/\/yoast.com\/wordpress\/plugins\/seo\/ -->\n<title>Novetats en l&#039;\u00e0mbit de la microbiota i en el maneig dels probi\u00f2tics i prebi\u00f2tics - Col\u00b7legi de Farmac\u00e8utics de Barcelona<\/title>\n<meta name=\"description\" content=\"El passat 18 de maig va tenir lloc al Col\u00b7legi de Farmac\u00e8utics de Barcelona una nova formaci\u00f3 sobre l&#039;actualitzaci\u00f3 en microbiota i probi\u00f2tics.\" \/>\n<meta name=\"robots\" content=\"index, follow, max-snippet:-1, max-image-preview:large, max-video-preview:-1\" \/>\n<link rel=\"canonical\" href=\"https:\/\/novaorg.cofb.net\/2022\/06\/01\/novetats-en-lambit-de-la-microbiota-i-en-el-maneig-dels-probiotics-i-prebiotics\/\" \/>\n<meta property=\"og:locale\" content=\"es_ES\" \/>\n<meta property=\"og:type\" content=\"article\" \/>\n<meta property=\"og:title\" content=\"Novetats en l&#039;\u00e0mbit de la microbiota i en el maneig dels probi\u00f2tics i prebi\u00f2tics - Col\u00b7legi de Farmac\u00e8utics de Barcelona\" \/>\n<meta property=\"og:description\" content=\"El passat 18 de maig va tenir lloc al Col\u00b7legi de Farmac\u00e8utics de Barcelona una nova formaci\u00f3 sobre l&#039;actualitzaci\u00f3 en microbiota i probi\u00f2tics.\" \/>\n<meta property=\"og:url\" content=\"https:\/\/novaorg.cofb.net\/2022\/06\/01\/novetats-en-lambit-de-la-microbiota-i-en-el-maneig-dels-probiotics-i-prebiotics\/\" \/>\n<meta property=\"og:site_name\" content=\"Col\u00b7legi de Farmac\u00e8utics de Barcelona\" \/>\n<meta property=\"article:publisher\" content=\"https:\/\/www.facebook.com\/farmaceuticsbcn\/\" \/>\n<meta property=\"article:published_time\" content=\"2022-06-01T15:19:38+00:00\" \/>\n<meta property=\"article:modified_time\" content=\"2023-10-10T06:14:18+00:00\" \/>\n<meta property=\"og:image\" content=\"https:\/\/novaorg.cofb.net\/wp-content\/uploads\/2023\/07\/COFB-Probiotics-18052022.jpg\" \/>\n\t<meta property=\"og:image:width\" content=\"800\" \/>\n\t<meta property=\"og:image:height\" content=\"450\" \/>\n\t<meta property=\"og:image:type\" content=\"image\/jpeg\" \/>\n<meta name=\"author\" content=\"wpAdminCofbOrg\" \/>\n<meta name=\"twitter:card\" content=\"summary_large_image\" \/>\n<meta name=\"twitter:creator\" content=\"@farmaceuticsbcn\" \/>\n<meta name=\"twitter:site\" content=\"@farmaceuticsbcn\" \/>\n<meta name=\"twitter:label1\" content=\"Escrito por\" \/>\n\t<meta name=\"twitter:data1\" content=\"wpAdminCofbOrg\" \/>\n\t<meta name=\"twitter:label2\" content=\"Tiempo de lectura\" \/>\n\t<meta name=\"twitter:data2\" content=\"4 minutos\" \/>\n<script type=\"application\/ld+json\" class=\"yoast-schema-graph\">{\"@context\":\"https:\/\/schema.org\",\"@graph\":[{\"@type\":\"Article\",\"@id\":\"https:\/\/novaorg.cofb.net\/2022\/06\/01\/novetats-en-lambit-de-la-microbiota-i-en-el-maneig-dels-probiotics-i-prebiotics\/#article\",\"isPartOf\":{\"@id\":\"https:\/\/novaorg.cofb.net\/2022\/06\/01\/novetats-en-lambit-de-la-microbiota-i-en-el-maneig-dels-probiotics-i-prebiotics\/\"},\"author\":{\"name\":\"wpAdminCofbOrg\",\"@id\":\"https:\/\/www.cofb.org\/#\/schema\/person\/22ed7eea88da74b0fa4d3154ad87ffcb\"},\"headline\":\"Novetats en l&#8217;\u00e0mbit de la microbiota i en el maneig dels probi\u00f2tics i prebi\u00f2tics\",\"datePublished\":\"2022-06-01T15:19:38+00:00\",\"dateModified\":\"2023-10-10T06:14:18+00:00\",\"mainEntityOfPage\":{\"@id\":\"https:\/\/novaorg.cofb.net\/2022\/06\/01\/novetats-en-lambit-de-la-microbiota-i-en-el-maneig-dels-probiotics-i-prebiotics\/\"},\"wordCount\":548,\"commentCount\":0,\"publisher\":{\"@id\":\"https:\/\/www.cofb.org\/#organization\"},\"image\":{\"@id\":\"https:\/\/novaorg.cofb.net\/2022\/06\/01\/novetats-en-lambit-de-la-microbiota-i-en-el-maneig-dels-probiotics-i-prebiotics\/#primaryimage\"},\"thumbnailUrl\":\"https:\/\/www.cofb.org\/wp-content\/uploads\/2023\/07\/COFB-Probiotics-18052022.jpg\",\"keywords\":[\"antibi\u00f2tics\",\"bacteris\",\"COFB\",\"Col\u00b7legi de Farmac\u00e8utics de Barcelona\",\"Farm\u00e0cia\",\"Formaci\u00f3\",\"malaltia\",\"medicaments\",\"microbioma\",\"microbiota\",\"microbiota intestinal\",\"Oficina de farm\u00e0cia\",\"postbi\u00f2tics\",\"prebi\u00f2tics\",\"probi\u00f2tics\",\"salut\",\"sessi\u00f3 formativa\"],\"articleSection\":[\"Destacats\",\"M\u00f3n col\u00b7legial\"],\"inLanguage\":\"es\",\"potentialAction\":[{\"@type\":\"CommentAction\",\"name\":\"Comment\",\"target\":[\"https:\/\/novaorg.cofb.net\/2022\/06\/01\/novetats-en-lambit-de-la-microbiota-i-en-el-maneig-dels-probiotics-i-prebiotics\/#respond\"]}]},{\"@type\":\"WebPage\",\"@id\":\"https:\/\/novaorg.cofb.net\/2022\/06\/01\/novetats-en-lambit-de-la-microbiota-i-en-el-maneig-dels-probiotics-i-prebiotics\/\",\"url\":\"https:\/\/novaorg.cofb.net\/2022\/06\/01\/novetats-en-lambit-de-la-microbiota-i-en-el-maneig-dels-probiotics-i-prebiotics\/\",\"name\":\"Novetats en l'\u00e0mbit de la microbiota i en el maneig dels probi\u00f2tics i prebi\u00f2tics - Col\u00b7legi de Farmac\u00e8utics de Barcelona\",\"isPartOf\":{\"@id\":\"https:\/\/www.cofb.org\/#website\"},\"primaryImageOfPage\":{\"@id\":\"https:\/\/novaorg.cofb.net\/2022\/06\/01\/novetats-en-lambit-de-la-microbiota-i-en-el-maneig-dels-probiotics-i-prebiotics\/#primaryimage\"},\"image\":{\"@id\":\"https:\/\/novaorg.cofb.net\/2022\/06\/01\/novetats-en-lambit-de-la-microbiota-i-en-el-maneig-dels-probiotics-i-prebiotics\/#primaryimage\"},\"thumbnailUrl\":\"https:\/\/www.cofb.org\/wp-content\/uploads\/2023\/07\/COFB-Probiotics-18052022.jpg\",\"datePublished\":\"2022-06-01T15:19:38+00:00\",\"dateModified\":\"2023-10-10T06:14:18+00:00\",\"description\":\"El passat 18 de maig va tenir lloc al Col\u00b7legi de Farmac\u00e8utics de Barcelona una nova formaci\u00f3 sobre l'actualitzaci\u00f3 en microbiota i probi\u00f2tics.\",\"breadcrumb\":{\"@id\":\"https:\/\/novaorg.cofb.net\/2022\/06\/01\/novetats-en-lambit-de-la-microbiota-i-en-el-maneig-dels-probiotics-i-prebiotics\/#breadcrumb\"},\"inLanguage\":\"es\",\"potentialAction\":[{\"@type\":\"ReadAction\",\"target\":[\"https:\/\/novaorg.cofb.net\/2022\/06\/01\/novetats-en-lambit-de-la-microbiota-i-en-el-maneig-dels-probiotics-i-prebiotics\/\"]}]},{\"@type\":\"ImageObject\",\"inLanguage\":\"es\",\"@id\":\"https:\/\/novaorg.cofb.net\/2022\/06\/01\/novetats-en-lambit-de-la-microbiota-i-en-el-maneig-dels-probiotics-i-prebiotics\/#primaryimage\",\"url\":\"https:\/\/www.cofb.org\/wp-content\/uploads\/2023\/07\/COFB-Probiotics-18052022.jpg\",\"contentUrl\":\"https:\/\/www.cofb.org\/wp-content\/uploads\/2023\/07\/COFB-Probiotics-18052022.jpg\",\"width\":800,\"height\":450},{\"@type\":\"BreadcrumbList\",\"@id\":\"https:\/\/novaorg.cofb.net\/2022\/06\/01\/novetats-en-lambit-de-la-microbiota-i-en-el-maneig-dels-probiotics-i-prebiotics\/#breadcrumb\",\"itemListElement\":[{\"@type\":\"ListItem\",\"position\":1,\"name\":\"Inici\",\"item\":\"https:\/\/novaorg.cofb.net\/\"},{\"@type\":\"ListItem\",\"position\":2,\"name\":\"Novetats en l&#8217;\u00e0mbit de la microbiota i en el maneig dels probi\u00f2tics i prebi\u00f2tics\"}]},{\"@type\":\"WebSite\",\"@id\":\"https:\/\/www.cofb.org\/#website\",\"url\":\"https:\/\/www.cofb.org\/\",\"name\":\"Col\u00b7legi de Farmac\u00e8utics de Barcelona\",\"description\":\"\",\"publisher\":{\"@id\":\"https:\/\/www.cofb.org\/#organization\"},\"potentialAction\":[{\"@type\":\"SearchAction\",\"target\":{\"@type\":\"EntryPoint\",\"urlTemplate\":\"https:\/\/www.cofb.org\/?s={search_term_string}\"},\"query-input\":\"required name=search_term_string\"}],\"inLanguage\":\"es\"},{\"@type\":\"Organization\",\"@id\":\"https:\/\/www.cofb.org\/#organization\",\"name\":\"Col\u00b7legi de Farmac\u00e8utics de Barcelona\",\"url\":\"https:\/\/www.cofb.org\/\",\"logo\":{\"@type\":\"ImageObject\",\"inLanguage\":\"es\",\"@id\":\"https:\/\/www.cofb.org\/#\/schema\/logo\/image\/\",\"url\":\"https:\/\/www.cofb.org\/wp-content\/uploads\/2023\/11\/cropped-Logotip-COFB.png\",\"contentUrl\":\"https:\/\/www.cofb.org\/wp-content\/uploads\/2023\/11\/cropped-Logotip-COFB.png\",\"width\":500,\"height\":105,\"caption\":\"Col\u00b7legi de Farmac\u00e8utics de Barcelona\"},\"image\":{\"@id\":\"https:\/\/www.cofb.org\/#\/schema\/logo\/image\/\"},\"sameAs\":[\"https:\/\/www.facebook.com\/farmaceuticsbcn\/\",\"https:\/\/twitter.com\/farmaceuticsbcn\",\"https:\/\/www.instagram.com\/farmaceuticsbcn\/\",\"https:\/\/www.linkedin.com\/company\/farmaceuticsbcn\/\"]},{\"@type\":\"Person\",\"@id\":\"https:\/\/www.cofb.org\/#\/schema\/person\/22ed7eea88da74b0fa4d3154ad87ffcb\",\"name\":\"wpAdminCofbOrg\",\"image\":{\"@type\":\"ImageObject\",\"inLanguage\":\"es\",\"@id\":\"https:\/\/www.cofb.org\/#\/schema\/person\/image\/\",\"url\":\"https:\/\/secure.gravatar.com\/avatar\/1721b20b3b8ca882c3b56ec6c978c594fff670e40c0718e9190eaeeb76aae7d8?s=96&d=mm&r=g\",\"contentUrl\":\"https:\/\/secure.gravatar.com\/avatar\/1721b20b3b8ca882c3b56ec6c978c594fff670e40c0718e9190eaeeb76aae7d8?s=96&d=mm&r=g\",\"caption\":\"wpAdminCofbOrg\"},\"sameAs\":[\"http:\/\/192.168.64.122\/wordpress\"],\"url\":\"https:\/\/www.cofb.org\/es\/author\/wpadmincofborg\/\"}]}<\/script>\n<!-- \/ Yoast SEO plugin. -->","yoast_head_json":{"title":"Novetats en l'\u00e0mbit de la microbiota i en el maneig dels probi\u00f2tics i prebi\u00f2tics - Col\u00b7legi de Farmac\u00e8utics de Barcelona","description":"El passat 18 de maig va tenir lloc al Col\u00b7legi de Farmac\u00e8utics de Barcelona una nova formaci\u00f3 sobre l'actualitzaci\u00f3 en microbiota i probi\u00f2tics.","robots":{"index":"index","follow":"follow","max-snippet":"max-snippet:-1","max-image-preview":"max-image-preview:large","max-video-preview":"max-video-preview:-1"},"canonical":"https:\/\/novaorg.cofb.net\/2022\/06\/01\/novetats-en-lambit-de-la-microbiota-i-en-el-maneig-dels-probiotics-i-prebiotics\/","og_locale":"es_ES","og_type":"article","og_title":"Novetats en l'\u00e0mbit de la microbiota i en el maneig dels probi\u00f2tics i prebi\u00f2tics - Col\u00b7legi de Farmac\u00e8utics de Barcelona","og_description":"El passat 18 de maig va tenir lloc al Col\u00b7legi de Farmac\u00e8utics de Barcelona una nova formaci\u00f3 sobre l'actualitzaci\u00f3 en microbiota i probi\u00f2tics.","og_url":"https:\/\/novaorg.cofb.net\/2022\/06\/01\/novetats-en-lambit-de-la-microbiota-i-en-el-maneig-dels-probiotics-i-prebiotics\/","og_site_name":"Col\u00b7legi de Farmac\u00e8utics de Barcelona","article_publisher":"https:\/\/www.facebook.com\/farmaceuticsbcn\/","article_published_time":"2022-06-01T15:19:38+00:00","article_modified_time":"2023-10-10T06:14:18+00:00","og_image":[{"width":800,"height":450,"url":"https:\/\/novaorg.cofb.net\/wp-content\/uploads\/2023\/07\/COFB-Probiotics-18052022.jpg","type":"image\/jpeg"}],"author":"wpAdminCofbOrg","twitter_card":"summary_large_image","twitter_creator":"@farmaceuticsbcn","twitter_site":"@farmaceuticsbcn","twitter_misc":{"Escrito por":"wpAdminCofbOrg","Tiempo de lectura":"4 minutos"},"schema":{"@context":"https:\/\/schema.org","@graph":[{"@type":"Article","@id":"https:\/\/novaorg.cofb.net\/2022\/06\/01\/novetats-en-lambit-de-la-microbiota-i-en-el-maneig-dels-probiotics-i-prebiotics\/#article","isPartOf":{"@id":"https:\/\/novaorg.cofb.net\/2022\/06\/01\/novetats-en-lambit-de-la-microbiota-i-en-el-maneig-dels-probiotics-i-prebiotics\/"},"author":{"name":"wpAdminCofbOrg","@id":"https:\/\/www.cofb.org\/#\/schema\/person\/22ed7eea88da74b0fa4d3154ad87ffcb"},"headline":"Novetats en l&#8217;\u00e0mbit de la microbiota i en el maneig dels probi\u00f2tics i prebi\u00f2tics","datePublished":"2022-06-01T15:19:38+00:00","dateModified":"2023-10-10T06:14:18+00:00","mainEntityOfPage":{"@id":"https:\/\/novaorg.cofb.net\/2022\/06\/01\/novetats-en-lambit-de-la-microbiota-i-en-el-maneig-dels-probiotics-i-prebiotics\/"},"wordCount":548,"commentCount":0,"publisher":{"@id":"https:\/\/www.cofb.org\/#organization"},"image":{"@id":"https:\/\/novaorg.cofb.net\/2022\/06\/01\/novetats-en-lambit-de-la-microbiota-i-en-el-maneig-dels-probiotics-i-prebiotics\/#primaryimage"},"thumbnailUrl":"https:\/\/www.cofb.org\/wp-content\/uploads\/2023\/07\/COFB-Probiotics-18052022.jpg","keywords":["antibi\u00f2tics","bacteris","COFB","Col\u00b7legi de Farmac\u00e8utics de Barcelona","Farm\u00e0cia","Formaci\u00f3","malaltia","medicaments","microbioma","microbiota","microbiota intestinal","Oficina de farm\u00e0cia","postbi\u00f2tics","prebi\u00f2tics","probi\u00f2tics","salut","sessi\u00f3 formativa"],"articleSection":["Destacats","M\u00f3n col\u00b7legial"],"inLanguage":"es","potentialAction":[{"@type":"CommentAction","name":"Comment","target":["https:\/\/novaorg.cofb.net\/2022\/06\/01\/novetats-en-lambit-de-la-microbiota-i-en-el-maneig-dels-probiotics-i-prebiotics\/#respond"]}]},{"@type":"WebPage","@id":"https:\/\/novaorg.cofb.net\/2022\/06\/01\/novetats-en-lambit-de-la-microbiota-i-en-el-maneig-dels-probiotics-i-prebiotics\/","url":"https:\/\/novaorg.cofb.net\/2022\/06\/01\/novetats-en-lambit-de-la-microbiota-i-en-el-maneig-dels-probiotics-i-prebiotics\/","name":"Novetats en l'\u00e0mbit de la microbiota i en el maneig dels probi\u00f2tics i prebi\u00f2tics - Col\u00b7legi de Farmac\u00e8utics de Barcelona","isPartOf":{"@id":"https:\/\/www.cofb.org\/#website"},"primaryImageOfPage":{"@id":"https:\/\/novaorg.cofb.net\/2022\/06\/01\/novetats-en-lambit-de-la-microbiota-i-en-el-maneig-dels-probiotics-i-prebiotics\/#primaryimage"},"image":{"@id":"https:\/\/novaorg.cofb.net\/2022\/06\/01\/novetats-en-lambit-de-la-microbiota-i-en-el-maneig-dels-probiotics-i-prebiotics\/#primaryimage"},"thumbnailUrl":"https:\/\/www.cofb.org\/wp-content\/uploads\/2023\/07\/COFB-Probiotics-18052022.jpg","datePublished":"2022-06-01T15:19:38+00:00","dateModified":"2023-10-10T06:14:18+00:00","description":"El passat 18 de maig va tenir lloc al Col\u00b7legi de Farmac\u00e8utics de Barcelona una nova formaci\u00f3 sobre l'actualitzaci\u00f3 en microbiota i probi\u00f2tics.","breadcrumb":{"@id":"https:\/\/novaorg.cofb.net\/2022\/06\/01\/novetats-en-lambit-de-la-microbiota-i-en-el-maneig-dels-probiotics-i-prebiotics\/#breadcrumb"},"inLanguage":"es","potentialAction":[{"@type":"ReadAction","target":["https:\/\/novaorg.cofb.net\/2022\/06\/01\/novetats-en-lambit-de-la-microbiota-i-en-el-maneig-dels-probiotics-i-prebiotics\/"]}]},{"@type":"ImageObject","inLanguage":"es","@id":"https:\/\/novaorg.cofb.net\/2022\/06\/01\/novetats-en-lambit-de-la-microbiota-i-en-el-maneig-dels-probiotics-i-prebiotics\/#primaryimage","url":"https:\/\/www.cofb.org\/wp-content\/uploads\/2023\/07\/COFB-Probiotics-18052022.jpg","contentUrl":"https:\/\/www.cofb.org\/wp-content\/uploads\/2023\/07\/COFB-Probiotics-18052022.jpg","width":800,"height":450},{"@type":"BreadcrumbList","@id":"https:\/\/novaorg.cofb.net\/2022\/06\/01\/novetats-en-lambit-de-la-microbiota-i-en-el-maneig-dels-probiotics-i-prebiotics\/#breadcrumb","itemListElement":[{"@type":"ListItem","position":1,"name":"Inici","item":"https:\/\/novaorg.cofb.net\/"},{"@type":"ListItem","position":2,"name":"Novetats en l&#8217;\u00e0mbit de la microbiota i en el maneig dels probi\u00f2tics i prebi\u00f2tics"}]},{"@type":"WebSite","@id":"https:\/\/www.cofb.org\/#website","url":"https:\/\/www.cofb.org\/","name":"Col\u00b7legi de Farmac\u00e8utics de Barcelona","description":"","publisher":{"@id":"https:\/\/www.cofb.org\/#organization"},"potentialAction":[{"@type":"SearchAction","target":{"@type":"EntryPoint","urlTemplate":"https:\/\/www.cofb.org\/?s={search_term_string}"},"query-input":"required name=search_term_string"}],"inLanguage":"es"},{"@type":"Organization","@id":"https:\/\/www.cofb.org\/#organization","name":"Col\u00b7legi de Farmac\u00e8utics de Barcelona","url":"https:\/\/www.cofb.org\/","logo":{"@type":"ImageObject","inLanguage":"es","@id":"https:\/\/www.cofb.org\/#\/schema\/logo\/image\/","url":"https:\/\/www.cofb.org\/wp-content\/uploads\/2023\/11\/cropped-Logotip-COFB.png","contentUrl":"https:\/\/www.cofb.org\/wp-content\/uploads\/2023\/11\/cropped-Logotip-COFB.png","width":500,"height":105,"caption":"Col\u00b7legi de Farmac\u00e8utics de Barcelona"},"image":{"@id":"https:\/\/www.cofb.org\/#\/schema\/logo\/image\/"},"sameAs":["https:\/\/www.facebook.com\/farmaceuticsbcn\/","https:\/\/twitter.com\/farmaceuticsbcn","https:\/\/www.instagram.com\/farmaceuticsbcn\/","https:\/\/www.linkedin.com\/company\/farmaceuticsbcn\/"]},{"@type":"Person","@id":"https:\/\/www.cofb.org\/#\/schema\/person\/22ed7eea88da74b0fa4d3154ad87ffcb","name":"wpAdminCofbOrg","image":{"@type":"ImageObject","inLanguage":"es","@id":"https:\/\/www.cofb.org\/#\/schema\/person\/image\/","url":"https:\/\/secure.gravatar.com\/avatar\/1721b20b3b8ca882c3b56ec6c978c594fff670e40c0718e9190eaeeb76aae7d8?s=96&d=mm&r=g","contentUrl":"https:\/\/secure.gravatar.com\/avatar\/1721b20b3b8ca882c3b56ec6c978c594fff670e40c0718e9190eaeeb76aae7d8?s=96&d=mm&r=g","caption":"wpAdminCofbOrg"},"sameAs":["http:\/\/192.168.64.122\/wordpress"],"url":"https:\/\/www.cofb.org\/es\/author\/wpadmincofborg\/"}]}},"uagb_featured_image_src":{"full":["https:\/\/www.cofb.org\/wp-content\/uploads\/2023\/07\/COFB-Probiotics-18052022.jpg",800,450,false],"thumbnail":["https:\/\/www.cofb.org\/wp-content\/uploads\/2023\/07\/COFB-Probiotics-18052022-150x150.jpg",150,150,true],"medium":["https:\/\/www.cofb.org\/wp-content\/uploads\/2023\/07\/COFB-Probiotics-18052022-300x169.jpg",300,169,true],"medium_large":["https:\/\/www.cofb.org\/wp-content\/uploads\/2023\/07\/COFB-Probiotics-18052022-768x432.jpg",768,432,true],"large":["https:\/\/www.cofb.org\/wp-content\/uploads\/2023\/07\/COFB-Probiotics-18052022.jpg",800,450,false],"1536x1536":["https:\/\/www.cofb.org\/wp-content\/uploads\/2023\/07\/COFB-Probiotics-18052022.jpg",800,450,false],"2048x2048":["https:\/\/www.cofb.org\/wp-content\/uploads\/2023\/07\/COFB-Probiotics-18052022.jpg",800,450,false],"trp-custom-language-flag":["https:\/\/www.cofb.org\/wp-content\/uploads\/2023\/07\/COFB-Probiotics-18052022.jpg",18,10,false]},"uagb_author_info":{"display_name":"wpAdminCofbOrg","author_link":"https:\/\/www.cofb.org\/es\/author\/wpadmincofborg\/"},"uagb_comment_info":0,"uagb_excerpt":"El passat 18 de maig va tenir lloc al Col\u00b7legi de Farmac\u00e8utics de Barcelona una nova actualitzaci\u00f3 en microbiota i probi\u00f2tics. Aquesta formaci\u00f3 va estar organitzada conjuntament amb la Societat Espanyola de Microbiota, Probi\u00f2tics i Prebi\u00f2tics (SEMiPyP) i patrocinada per Biotical Health, Faes Farma, Grifols i Stada. Anna Bach-Faig, vocal [&hellip;]","_links":{"self":[{"href":"https:\/\/www.cofb.org\/es\/wp-json\/wp\/v2\/posts\/63609","targetHints":{"allow":["GET"]}}],"collection":[{"href":"https:\/\/www.cofb.org\/es\/wp-json\/wp\/v2\/posts"}],"about":[{"href":"https:\/\/www.cofb.org\/es\/wp-json\/wp\/v2\/types\/post"}],"author":[{"embeddable":true,"href":"https:\/\/www.cofb.org\/es\/wp-json\/wp\/v2\/users\/1"}],"replies":[{"embeddable":true,"href":"https:\/\/www.cofb.org\/es\/wp-json\/wp\/v2\/comments?post=63609"}],"version-history":[{"count":4,"href":"https:\/\/www.cofb.org\/es\/wp-json\/wp\/v2\/posts\/63609\/revisions"}],"predecessor-version":[{"id":69031,"href":"https:\/\/www.cofb.org\/es\/wp-json\/wp\/v2\/posts\/63609\/revisions\/69031"}],"wp:featuredmedia":[{"embeddable":true,"href":"https:\/\/www.cofb.org\/es\/wp-json\/wp\/v2\/media\/67900"}],"wp:attachment":[{"href":"https:\/\/www.cofb.org\/es\/wp-json\/wp\/v2\/media?parent=63609"}],"wp:term":[{"taxonomy":"category","embeddable":true,"href":"https:\/\/www.cofb.org\/es\/wp-json\/wp\/v2\/categories?post=63609"},{"taxonomy":"post_tag","embeddable":true,"href":"https:\/\/www.cofb.org\/es\/wp-json\/wp\/v2\/tags?post=63609"}],"curies":[{"name":"wp","href":"https:\/\/api.w.org\/{rel}","templated":true}]}}