{"id":63541,"date":"2022-06-08T18:12:26","date_gmt":"2022-06-08T16:12:26","guid":{"rendered":"https:\/\/blog.cofb.cat\/?p=63541"},"modified":"2023-09-21T09:10:25","modified_gmt":"2023-09-21T09:10:25","slug":"point-of-care-testing-poct-a-loficina-de-farmacia-que-hem-de-saber-i-quin-es-el-seu-abast","status":"publish","type":"post","link":"https:\/\/www.cofb.org\/es\/2022\/06\/08\/point-of-care-testing-poct-a-loficina-de-farmacia-que-hem-de-saber-i-quin-es-el-seu-abast\/","title":{"rendered":"Point of care testing (POCT) en la oficina de farmacia. \u00bfQu\u00e9 debemos saber y cu\u00e1l es su alcance?"},"content":{"rendered":"<p>Del 12 al 24 de mayo se celebr\u00f3 en <strong>Col\u00b7legi de Farmac\u00e8utics de Barcelona<\/strong> el curso <strong>&quot;Point of care testing (POCT) en la farmacia&quot;<\/strong>, patrocinado por <a href=\"https:\/\/www.roche.es\/\" target=\"_blank\" rel=\"noreferrer noopener\">Roche<\/a>. La actividad formativa const\u00f3 de cuatro sesiones en modalidad h\u00edbrida, combinando teor\u00eda y pr\u00e1ctica.<strong> Xavier Tejedor<\/strong>, vocal de An\u00e1lisis Cl\u00ednicos del COFB y facultativo especialista de An\u00e1lisis Cl\u00ednicos en el Laboratorio Cl\u00ednico Metropolitana Norte-Hospital Universitario Germans Trias i Pujol, fue el encargado de coordinar estas sesiones. <\/p>\n\n\n\n<figure class=\"wp-block-image size-full\"><img decoding=\"async\" src=\"https:\/\/blog.cofb.cat\/wp-content\/uploads\/2022\/06\/COFB_PointofCare_24052022_1.jpg\" alt=\"Xavier Tejedor, vocal d'An\u00e0lisis Cl\u00edniques del COFB, presentant la formaci\u00f3.\" class=\"wp-image-63720\" title=\"Xavier Tejedor, vocal de An\u00e1lisis Cl\u00ednicos del COFB, presentando la formaci\u00f3n.\"\/><figcaption class=\"wp-element-caption\">Xavier Tejedor, vocal de An\u00e1lisis Cl\u00ednicos del COFB, presentando la formaci\u00f3n.<\/figcaption><\/figure>\n\n\n\n<p>Los <strong>objetivos <\/strong>de la formaci\u00f3n fueron revisar <strong>conceptos b\u00e1sicos<\/strong> en torno a la validez de estas pruebas diagn\u00f3sticas, profundizar en el conocimiento sobre las diferentes<strong> especificaciones t\u00e9cnicas<\/strong> declaradas en cada tipo de test, proporcionar<strong> herramientas pr\u00e1cticas para optimizar el rendimiento de los dispositivos utilizados<\/strong>, y adquirir un conocimiento \u00f3ptimo de las <strong>limitaciones de este tipo de pruebas<\/strong> para mejorar la <strong>interpretaci\u00f3n <\/strong>final de los resultados. <\/p>\n\n\n\n<h2 class=\"wp-block-heading\"><strong>Alcance y finalidad del Point of Care Testing<\/strong><\/h2>\n\n\n\n<p>Entendemos el <strong>Point Of Care Testing (POCT) <\/strong>como en las pruebas de laboratorio en el lugar de asistencia del paciente con el fin de obtener la informaci\u00f3n necesaria para su atenci\u00f3n inmediata. En este sentido, <strong>Tejedor<\/strong> precis\u00f3 que <strong>&quot;abarcan todas las pruebas que se realizan a un paciente en el lugar donde se proporciona la atenci\u00f3n o el tratamiento&quot;<\/strong>. Esta atenci\u00f3n al paciente llevada a cabo tradicionalmente por su m\u00e9dico de cabecera \u201cse ha extendido a<strong> cualquier entorno sanitario<\/strong>, como por ejemplo en el<strong>oficina de farmacia<\/strong> o en entornos de atenci\u00f3n primaria o diferentes servicios hospitalarios como la UCI o quir\u00f3fanos\u201d, indic\u00f3 el vocal de An\u00e1lisis Cl\u00ednicos del COFB. Esto hace que \u201clos <strong>resultados est\u00e9n disponibles con relativa agilidad<\/strong>, de modo que se puedan <strong>tomar decisiones cl\u00ednicas r\u00e1pidamente<\/strong>\u201c. Por \u00faltimo,<strong> Tejedor<\/strong> record\u00f3 que \u201c<strong>todas<\/strong> <strong>las pruebas que se realizan en la farmacia comunitaria se consideran POCT<\/strong> y pueden servir bien para <strong>cribado<\/strong> o bien por <strong>seguimiento farmacoterap\u00e9utico<\/strong> de determinadas patolog\u00edas\u201d. <\/p>\n\n\n<div class=\"destacat-blog\">\n\n\n<h3 class=\"wp-block-heading\"><strong>Las pruebas en la farmacia comunitaria y la mejora de la salud poblacional<\/strong><\/h3>\n\n\n\n<p>La<strong> farmacia comunitaria<\/strong> desempe\u00f1a un papel esencial, dentro de la asistencia sanitaria, en la prevenci\u00f3n, pero tambi\u00e9n en el seguimiento de diversas patolog\u00edas como las que suponen un elevado riesgo de enfermedad cardiovascular. En este contexto, el despliegue de un <strong>servicio basado en la determinaci\u00f3n r\u00e1pida de pruebas b\u00e1sicas en fluidos corporales<\/strong>, garantizando la <strong>validez de los resultados<\/strong> y su <strong>correcta interpretaci\u00f3n<\/strong>, contribuye decididamente a la mejora de la salud poblacional.<\/p> <\/div>\n\n\n\n<h2 class=\"wp-block-heading\"><strong>Objetivos y contenidos de la formaci\u00f3n<\/strong><\/h2>\n\n\n\n<p><strong>Xavier Tejedor<\/strong> se\u00f1al\u00f3 que el principal prop\u00f3sito del curso era \u201cofrecer a todos los que nos dediquemos al \u00e1mbito de oficina de farmacia unas herramientas de utilidad para valorar en cualquier momento el rendimiento de nuestros instrumentos y tambi\u00e9n poder hacer una interpretaci\u00f3n \u00fatil de los mismos por los pacientes, alguno de ellos cr\u00f3nicos\u201d. <\/p>\n\n\n\n<p>La primera sesi\u00f3n corri\u00f3 a cargo de <strong>Josep Maria Dom\u00e8nech<\/strong>, catedr\u00e1tico en Estad\u00edstica Aplicada en el Laboratorio de Estad\u00edstica Aplicada de la UAB. En esta sesi\u00f3n, Dom\u00e8nech habl\u00f3 sobre la <strong>validez de una prueba diagn\u00f3stica desde la vertiente estad\u00edstica, su exactitud diagn\u00f3stica, y su poder predictivo.<\/strong><\/p>\n\n\n\n<figure class=\"wp-block-image size-full\"><img decoding=\"async\" src=\"https:\/\/blog.cofb.cat\/wp-content\/uploads\/2022\/06\/COFB_PointofCare_24052022_2.png\" alt=\"Josep Maria Dom\u00e8nech, catedr\u00e0tic en Estad\u00edstica Aplicada a la UAB,  durant la seva intervenci\u00f3.\" class=\"wp-image-63722\" title=\"Josep Maria Dom\u00e8nech, catedr\u00e1tico en Estad\u00edstica Aplicada en la UAB, durante su intervenci\u00f3n.\"\/><figcaption class=\"wp-element-caption\">Josep Maria Dom\u00e8nech, catedr\u00e1tico en Estad\u00edstica Aplicada en la UAB, durante su intervenci\u00f3n.<\/figcaption><\/figure>\n\n\n\n<p>La segunda sesi\u00f3n comenz\u00f3 con la intervenci\u00f3n de <strong>Xavier Tejedor<\/strong> que, adem\u00e1s de vocal del COFB, desarrolla su labor como facultativo especialista de An\u00e1lisis Cl\u00ednicos en el Laboratorio Cl\u00ednico Metropolitana Norte-Hospital Universitario Germans Trias i Pujol. <strong>Tejedor<\/strong> centr\u00f3 su intervenci\u00f3n en las<strong> pruebas de autotest<\/strong> (test VIH, test de embarazo, test SARS-CoV2, test faringoamigdalitis estreptococcio y tiras multiparam\u00e9tricas de orina). A continuaci\u00f3n, <strong>Marta \u00c1lvarez<\/strong>, facultativa especialista en Bioqu\u00edmica Cl\u00ednica y adjunta al servicio de An\u00e1lisis Cl\u00ednicos y Bioqu\u00edmico del Hospital Universitario Germans Trias i Pujol, centr\u00f3 su exposici\u00f3n en los diferentes <strong>dispositivos de autocontrol<\/strong>, su rendimiento y limitaciones, as\u00ed como la <strong>interpretaci\u00f3n de sus resultados<\/strong>.<\/p>\n\n\n\n<figure class=\"wp-block-image size-full\"><img decoding=\"async\" src=\"https:\/\/blog.cofb.cat\/wp-content\/uploads\/2022\/06\/COFB_PointofCare_24052022_3.jpg\" alt=\"Marta \u00c1lvarez, facultativa especialista en Bioqu\u00edmica Cl\u00ednica, durant la segona sessi\u00f3 del curs.\" class=\"wp-image-63723\" title=\"Marta \u00c1lvarez, facultativa especialista en Bioqu\u00edmica Cl\u00ednica, en la segunda sesi\u00f3n del curso.\"\/><figcaption class=\"wp-element-caption\">Marta \u00c1lvarez, facultativa especialista en Bioqu\u00edmica Cl\u00ednica, en la segunda sesi\u00f3n del curso.<\/figcaption><\/figure>\n\n\n\n<p>La tercera sesi\u00f3n compartida por <strong>Susana Malumbres<\/strong>, facultativa especialista en Bioqu\u00edmica Cl\u00ednica en el Laboratorio Cl\u00ednico Metropolitana Norte-Hospital Universitario Germans Trias i Pujol, y <strong>Joan Olivan<\/strong>, consultor <em>sufriente cara<\/em> de Roche, gir\u00f3 alrededor de las <strong>pruebas de bioqu\u00edmica b\u00e1sica en dispositivos multiparam\u00e9tricos y aspectos pr\u00e1cticos en el uso de estos dispositivos. <\/strong><\/p>\n\n\n\n<figure class=\"wp-block-image size-large\"><img decoding=\"async\" src=\"https:\/\/blog.cofb.cat\/wp-content\/uploads\/2022\/06\/COFB_PointofCare_24052022_4-1024x580.jpg\" alt=\"Joan Olivan, consultor patient care de Roche, i Susana Malumbres,  especialista en Bioqu\u00edmica Cl\u00ednica al Laboratori Cl\u00ednic Metropolitana Nord-Hospital Universitari Germans Trias i Pujol, van compartir la tercera sessi\u00f3 del curs de POCT. \" class=\"wp-image-63718\" title=\"Joan Olivan, consultor sufriente cara de Roche, y Susana Malumbres, especialista en Bioqu\u00edmica Cl\u00ednica en el Laboratorio Cl\u00ednico Metropolitana Norte-Hospital Universitario Germans Trias i Pujol, compartieron la tercera sesi\u00f3n del curso de POCT. \"\/><figcaption class=\"wp-element-caption\">Joan Olivan, consultor sufriente cara de Roche, y Susana Malumbres, especialista en Bioqu\u00edmica Cl\u00ednica en el Laboratorio Cl\u00ednico Metropolitana Norte-Hospital Universitario Germans Trias i Pujol, compartieron la tercera sesi\u00f3n del curso de POCT. <\/figcaption><\/figure>\n\n\n\n<p>La \u00faltima jornada del curso corri\u00f3 a cargo de <strong>Raquel Garc\u00eda<\/strong>, t\u00e9cnica superior del \u00c1rea de in vitro del Departamento de Productos Sanitarios de la AEMPS, y <strong>Margarita Mart\u00edn<\/strong>, jefe de \u00c1rea de Designaci\u00f3n y Supervisi\u00f3n de Organismo notificado de la AEMPS. Centro en el <strong>marco legal y regulador actual<\/strong> <strong>de las pruebas de autodiagn\u00f3stico, las ponentes detallaron el papel de la AEMPS en el control del cumplimiento de los requisitos exigidos en los diferentes test. Tambi\u00e9n hicieron un repaso de<\/strong>e las pruebas de autodiagn\u00f3stico que actualmente pueden ser dispensadas en la oficina de farmacia sin prescripci\u00f3n m\u00e9dica, as\u00ed como su visi\u00f3n sobre el futuro de estas pruebas.<\/p>\n\n\n\n<p class=\"has-text-align-right\"><strong>Con el patrocinio de:<\/strong><\/p>\n\n\n\n<figure class=\"wp-block-image alignright size-full is-resized\"><a href=\"https:\/\/www.roche.es\/\" target=\"_blank\" rel=\"noopener\"><img decoding=\"async\" src=\"https:\/\/blog.cofb.cat\/wp-content\/uploads\/2022\/05\/Roche_Logo_fons-transparent_2022.png\" alt=\"\" class=\"wp-image-63545\" style=\"width:129px;height:67px\" width=\"129\" height=\"67\"\/><\/a><\/figure>","protected":false},"excerpt":{"rendered":"<p>Del 12 al 24 de mayo se celebr\u00f3 en el Colegio de Farmac\u00e9uticos de Barcelona el curso &quot;Point of care testing (POCT) en la farmacia&quot;, patrocinado por Roche. La actividad formativa const\u00f3 de cuatro sesiones en modalidad h\u00edbrida, combinando teor\u00eda y pr\u00e1ctica. Xavier Tejedor, vocal de An\u00e1lisis Cl\u00ednicos del COFB y [\u2026]<\/p>","protected":false},"author":1,"featured_media":67898,"comment_status":"open","ping_status":"open","sticky":false,"template":"","format":"standard","meta":{"_uag_custom_page_level_css":"","site-sidebar-layout":"default","site-content-layout":"","ast-site-content-layout":"default","site-content-style":"default","site-sidebar-style":"default","ast-global-header-display":"","ast-banner-title-visibility":"","ast-main-header-display":"","ast-hfb-above-header-display":"","ast-hfb-below-header-display":"","ast-hfb-mobile-header-display":"","site-post-title":"","ast-breadcrumbs-content":"","ast-featured-img":"disabled","footer-sml-layout":"","theme-transparent-header-meta":"","adv-header-id-meta":"","stick-header-meta":"","header-above-stick-meta":"","header-main-stick-meta":"","header-below-stick-meta":"","astra-migrate-meta-layouts":"default","ast-page-background-enabled":"default","ast-page-background-meta":{"desktop":{"background-color":"var(--ast-global-color-4)","background-image":"","background-repeat":"repeat","background-position":"center center","background-size":"auto","background-attachment":"scroll","background-type":"","background-media":"","overlay-type":"","overlay-color":"","overlay-opacity":"","overlay-gradient":""},"tablet":{"background-color":"","background-image":"","background-repeat":"repeat","background-position":"center center","background-size":"auto","background-attachment":"scroll","background-type":"","background-media":"","overlay-type":"","overlay-color":"","overlay-opacity":"","overlay-gradient":""},"mobile":{"background-color":"","background-image":"","background-repeat":"repeat","background-position":"center center","background-size":"auto","background-attachment":"scroll","background-type":"","background-media":"","overlay-type":"","overlay-color":"","overlay-opacity":"","overlay-gradient":""}},"ast-content-background-meta":{"desktop":{"background-color":"var(--ast-global-color-5)","background-image":"","background-repeat":"repeat","background-position":"center center","background-size":"auto","background-attachment":"scroll","background-type":"","background-media":"","overlay-type":"","overlay-color":"","overlay-opacity":"","overlay-gradient":""},"tablet":{"background-color":"var(--ast-global-color-5)","background-image":"","background-repeat":"repeat","background-position":"center center","background-size":"auto","background-attachment":"scroll","background-type":"","background-media":"","overlay-type":"","overlay-color":"","overlay-opacity":"","overlay-gradient":""},"mobile":{"background-color":"var(--ast-global-color-5)","background-image":"","background-repeat":"repeat","background-position":"center center","background-size":"auto","background-attachment":"scroll","background-type":"","background-media":"","overlay-type":"","overlay-color":"","overlay-opacity":"","overlay-gradient":""}},"footnotes":""},"categories":[23,57],"tags":[64,18,19,728,68,113,69,70,729,730,731,732,733,734,735],"class_list":["post-63541","post","type-post","status-publish","format-standard","has-post-thumbnail","hentry","category-destacats","category-mon-collegial","tag-atencio-farmaceutica","tag-cofb","tag-collegi-de-farmaceutics-de-barcelona","tag-cribratge","tag-farmacia","tag-farmacia-assistencial","tag-farmacia-comunitaria","tag-formacio","tag-poct","tag-point-of-care","tag-point-of-care-testing","tag-prova-diagnostica","tag-proves-de-deteccio","tag-serveis-professionals-farmaceutics-assistencials","tag-tests-autodiagnostic"],"yoast_head":"<!-- This site is optimized with the Yoast SEO plugin v22.4 - https:\/\/yoast.com\/wordpress\/plugins\/seo\/ -->\n<title>Point of care testing (POCT) a l&#039;oficina de farm\u00e0cia. Qu\u00e8 hem de saber i quin \u00e9s el seu abast? - Col\u00b7legi de Farmac\u00e8utics de Barcelona<\/title>\n<meta name=\"description\" content=\"El passat 12 de maig va donar inici al Col\u00b7legi de Farmac\u00e8utics de Barcelona el curs de &quot;Point of care testing (POCT) en la f\u00e0rmacia&quot;.\" \/>\n<meta name=\"robots\" content=\"index, follow, max-snippet:-1, max-image-preview:large, max-video-preview:-1\" \/>\n<link rel=\"canonical\" href=\"https:\/\/novaorg.cofb.net\/2022\/06\/08\/point-of-care-testing-poct-a-loficina-de-farmacia-que-hem-de-saber-i-quin-es-el-seu-abast\/\" \/>\n<meta property=\"og:locale\" content=\"es_ES\" \/>\n<meta property=\"og:type\" content=\"article\" \/>\n<meta property=\"og:title\" content=\"Point of care testing (POCT) a l&#039;oficina de farm\u00e0cia. Qu\u00e8 hem de saber i quin \u00e9s el seu abast? - Col\u00b7legi de Farmac\u00e8utics de Barcelona\" \/>\n<meta property=\"og:description\" content=\"El passat 12 de maig va donar inici al Col\u00b7legi de Farmac\u00e8utics de Barcelona el curs de &quot;Point of care testing (POCT) en la f\u00e0rmacia&quot;.\" \/>\n<meta property=\"og:url\" content=\"https:\/\/novaorg.cofb.net\/2022\/06\/08\/point-of-care-testing-poct-a-loficina-de-farmacia-que-hem-de-saber-i-quin-es-el-seu-abast\/\" \/>\n<meta property=\"og:site_name\" content=\"Col\u00b7legi de Farmac\u00e8utics de Barcelona\" \/>\n<meta property=\"article:publisher\" content=\"https:\/\/www.facebook.com\/farmaceuticsbcn\/\" \/>\n<meta property=\"article:published_time\" content=\"2022-06-08T16:12:26+00:00\" \/>\n<meta property=\"article:modified_time\" content=\"2023-09-21T09:10:25+00:00\" \/>\n<meta property=\"og:image\" content=\"https:\/\/novaorg.cofb.net\/wp-content\/uploads\/2023\/07\/COFB_PointofCare_24052022_1.jpg\" \/>\n\t<meta property=\"og:image:width\" content=\"1024\" \/>\n\t<meta property=\"og:image:height\" content=\"576\" \/>\n\t<meta property=\"og:image:type\" content=\"image\/jpeg\" \/>\n<meta name=\"author\" content=\"wpAdminCofbOrg\" \/>\n<meta name=\"twitter:card\" content=\"summary_large_image\" \/>\n<meta name=\"twitter:creator\" content=\"@farmaceuticsbcn\" \/>\n<meta name=\"twitter:site\" content=\"@farmaceuticsbcn\" \/>\n<meta name=\"twitter:label1\" content=\"Escrito por\" \/>\n\t<meta name=\"twitter:data1\" content=\"wpAdminCofbOrg\" \/>\n\t<meta name=\"twitter:label2\" content=\"Tiempo de lectura\" \/>\n\t<meta name=\"twitter:data2\" content=\"5 minutos\" \/>\n<script type=\"application\/ld+json\" class=\"yoast-schema-graph\">{\"@context\":\"https:\/\/schema.org\",\"@graph\":[{\"@type\":\"Article\",\"@id\":\"https:\/\/novaorg.cofb.net\/2022\/06\/08\/point-of-care-testing-poct-a-loficina-de-farmacia-que-hem-de-saber-i-quin-es-el-seu-abast\/#article\",\"isPartOf\":{\"@id\":\"https:\/\/novaorg.cofb.net\/2022\/06\/08\/point-of-care-testing-poct-a-loficina-de-farmacia-que-hem-de-saber-i-quin-es-el-seu-abast\/\"},\"author\":{\"name\":\"wpAdminCofbOrg\",\"@id\":\"https:\/\/www.cofb.org\/#\/schema\/person\/22ed7eea88da74b0fa4d3154ad87ffcb\"},\"headline\":\"Point of care testing (POCT) a l&#8217;oficina de farm\u00e0cia. Qu\u00e8 hem de saber i quin \u00e9s el seu abast?\",\"datePublished\":\"2022-06-08T16:12:26+00:00\",\"dateModified\":\"2023-09-21T09:10:25+00:00\",\"mainEntityOfPage\":{\"@id\":\"https:\/\/novaorg.cofb.net\/2022\/06\/08\/point-of-care-testing-poct-a-loficina-de-farmacia-que-hem-de-saber-i-quin-es-el-seu-abast\/\"},\"wordCount\":962,\"commentCount\":0,\"publisher\":{\"@id\":\"https:\/\/www.cofb.org\/#organization\"},\"image\":{\"@id\":\"https:\/\/novaorg.cofb.net\/2022\/06\/08\/point-of-care-testing-poct-a-loficina-de-farmacia-que-hem-de-saber-i-quin-es-el-seu-abast\/#primaryimage\"},\"thumbnailUrl\":\"https:\/\/www.cofb.org\/wp-content\/uploads\/2023\/07\/COFB_PointofCare_24052022_1.jpg\",\"keywords\":[\"Atenci\u00f3 farmac\u00e8utica\",\"COFB\",\"Col\u00b7legi de Farmac\u00e8utics de Barcelona\",\"cribratge\",\"Farm\u00e0cia\",\"farm\u00e0cia assistencial\",\"farm\u00e0cia comunit\u00e0ria\",\"Formaci\u00f3\",\"POCT\",\"Point of Care\",\"Point of Care Testing\",\"prova diagn\u00f2stica\",\"proves de detecci\u00f3\",\"Serveis Professionals Farmac\u00e8utics Assistencials\",\"tests autodiagn\u00f2stic\"],\"articleSection\":[\"Destacats\",\"M\u00f3n col\u00b7legial\"],\"inLanguage\":\"es\",\"potentialAction\":[{\"@type\":\"CommentAction\",\"name\":\"Comment\",\"target\":[\"https:\/\/novaorg.cofb.net\/2022\/06\/08\/point-of-care-testing-poct-a-loficina-de-farmacia-que-hem-de-saber-i-quin-es-el-seu-abast\/#respond\"]}]},{\"@type\":\"WebPage\",\"@id\":\"https:\/\/novaorg.cofb.net\/2022\/06\/08\/point-of-care-testing-poct-a-loficina-de-farmacia-que-hem-de-saber-i-quin-es-el-seu-abast\/\",\"url\":\"https:\/\/novaorg.cofb.net\/2022\/06\/08\/point-of-care-testing-poct-a-loficina-de-farmacia-que-hem-de-saber-i-quin-es-el-seu-abast\/\",\"name\":\"Point of care testing (POCT) a l'oficina de farm\u00e0cia. Qu\u00e8 hem de saber i quin \u00e9s el seu abast? - Col\u00b7legi de Farmac\u00e8utics de Barcelona\",\"isPartOf\":{\"@id\":\"https:\/\/www.cofb.org\/#website\"},\"primaryImageOfPage\":{\"@id\":\"https:\/\/novaorg.cofb.net\/2022\/06\/08\/point-of-care-testing-poct-a-loficina-de-farmacia-que-hem-de-saber-i-quin-es-el-seu-abast\/#primaryimage\"},\"image\":{\"@id\":\"https:\/\/novaorg.cofb.net\/2022\/06\/08\/point-of-care-testing-poct-a-loficina-de-farmacia-que-hem-de-saber-i-quin-es-el-seu-abast\/#primaryimage\"},\"thumbnailUrl\":\"https:\/\/www.cofb.org\/wp-content\/uploads\/2023\/07\/COFB_PointofCare_24052022_1.jpg\",\"datePublished\":\"2022-06-08T16:12:26+00:00\",\"dateModified\":\"2023-09-21T09:10:25+00:00\",\"description\":\"El passat 12 de maig va donar inici al Col\u00b7legi de Farmac\u00e8utics de Barcelona el curs de \\\"Point of care testing (POCT) en la f\u00e0rmacia\\\".\",\"breadcrumb\":{\"@id\":\"https:\/\/novaorg.cofb.net\/2022\/06\/08\/point-of-care-testing-poct-a-loficina-de-farmacia-que-hem-de-saber-i-quin-es-el-seu-abast\/#breadcrumb\"},\"inLanguage\":\"es\",\"potentialAction\":[{\"@type\":\"ReadAction\",\"target\":[\"https:\/\/novaorg.cofb.net\/2022\/06\/08\/point-of-care-testing-poct-a-loficina-de-farmacia-que-hem-de-saber-i-quin-es-el-seu-abast\/\"]}]},{\"@type\":\"ImageObject\",\"inLanguage\":\"es\",\"@id\":\"https:\/\/novaorg.cofb.net\/2022\/06\/08\/point-of-care-testing-poct-a-loficina-de-farmacia-que-hem-de-saber-i-quin-es-el-seu-abast\/#primaryimage\",\"url\":\"https:\/\/www.cofb.org\/wp-content\/uploads\/2023\/07\/COFB_PointofCare_24052022_1.jpg\",\"contentUrl\":\"https:\/\/www.cofb.org\/wp-content\/uploads\/2023\/07\/COFB_PointofCare_24052022_1.jpg\",\"width\":1024,\"height\":576},{\"@type\":\"BreadcrumbList\",\"@id\":\"https:\/\/novaorg.cofb.net\/2022\/06\/08\/point-of-care-testing-poct-a-loficina-de-farmacia-que-hem-de-saber-i-quin-es-el-seu-abast\/#breadcrumb\",\"itemListElement\":[{\"@type\":\"ListItem\",\"position\":1,\"name\":\"Inici\",\"item\":\"https:\/\/novaorg.cofb.net\/\"},{\"@type\":\"ListItem\",\"position\":2,\"name\":\"Point of care testing (POCT) a l&#8217;oficina de farm\u00e0cia. Qu\u00e8 hem de saber i quin \u00e9s el seu abast?\"}]},{\"@type\":\"WebSite\",\"@id\":\"https:\/\/www.cofb.org\/#website\",\"url\":\"https:\/\/www.cofb.org\/\",\"name\":\"Col\u00b7legi de Farmac\u00e8utics de Barcelona\",\"description\":\"\",\"publisher\":{\"@id\":\"https:\/\/www.cofb.org\/#organization\"},\"potentialAction\":[{\"@type\":\"SearchAction\",\"target\":{\"@type\":\"EntryPoint\",\"urlTemplate\":\"https:\/\/www.cofb.org\/?s={search_term_string}\"},\"query-input\":\"required name=search_term_string\"}],\"inLanguage\":\"es\"},{\"@type\":\"Organization\",\"@id\":\"https:\/\/www.cofb.org\/#organization\",\"name\":\"Col\u00b7legi de Farmac\u00e8utics de Barcelona\",\"url\":\"https:\/\/www.cofb.org\/\",\"logo\":{\"@type\":\"ImageObject\",\"inLanguage\":\"es\",\"@id\":\"https:\/\/www.cofb.org\/#\/schema\/logo\/image\/\",\"url\":\"https:\/\/www.cofb.org\/wp-content\/uploads\/2023\/11\/cropped-Logotip-COFB.png\",\"contentUrl\":\"https:\/\/www.cofb.org\/wp-content\/uploads\/2023\/11\/cropped-Logotip-COFB.png\",\"width\":500,\"height\":105,\"caption\":\"Col\u00b7legi de Farmac\u00e8utics de Barcelona\"},\"image\":{\"@id\":\"https:\/\/www.cofb.org\/#\/schema\/logo\/image\/\"},\"sameAs\":[\"https:\/\/www.facebook.com\/farmaceuticsbcn\/\",\"https:\/\/twitter.com\/farmaceuticsbcn\",\"https:\/\/www.instagram.com\/farmaceuticsbcn\/\",\"https:\/\/www.linkedin.com\/company\/farmaceuticsbcn\/\"]},{\"@type\":\"Person\",\"@id\":\"https:\/\/www.cofb.org\/#\/schema\/person\/22ed7eea88da74b0fa4d3154ad87ffcb\",\"name\":\"wpAdminCofbOrg\",\"image\":{\"@type\":\"ImageObject\",\"inLanguage\":\"es\",\"@id\":\"https:\/\/www.cofb.org\/#\/schema\/person\/image\/\",\"url\":\"https:\/\/secure.gravatar.com\/avatar\/1721b20b3b8ca882c3b56ec6c978c594fff670e40c0718e9190eaeeb76aae7d8?s=96&d=mm&r=g\",\"contentUrl\":\"https:\/\/secure.gravatar.com\/avatar\/1721b20b3b8ca882c3b56ec6c978c594fff670e40c0718e9190eaeeb76aae7d8?s=96&d=mm&r=g\",\"caption\":\"wpAdminCofbOrg\"},\"sameAs\":[\"http:\/\/192.168.64.122\/wordpress\"],\"url\":\"https:\/\/www.cofb.org\/es\/author\/wpadmincofborg\/\"}]}<\/script>\n<!-- \/ Yoast SEO plugin. -->","yoast_head_json":{"title":"Point of care testing (POCT) a l'oficina de farm\u00e0cia. Qu\u00e8 hem de saber i quin \u00e9s el seu abast? - Col\u00b7legi de Farmac\u00e8utics de Barcelona","description":"El passat 12 de maig va donar inici al Col\u00b7legi de Farmac\u00e8utics de Barcelona el curs de \"Point of care testing (POCT) en la f\u00e0rmacia\".","robots":{"index":"index","follow":"follow","max-snippet":"max-snippet:-1","max-image-preview":"max-image-preview:large","max-video-preview":"max-video-preview:-1"},"canonical":"https:\/\/novaorg.cofb.net\/2022\/06\/08\/point-of-care-testing-poct-a-loficina-de-farmacia-que-hem-de-saber-i-quin-es-el-seu-abast\/","og_locale":"es_ES","og_type":"article","og_title":"Point of care testing (POCT) a l'oficina de farm\u00e0cia. Qu\u00e8 hem de saber i quin \u00e9s el seu abast? - Col\u00b7legi de Farmac\u00e8utics de Barcelona","og_description":"El passat 12 de maig va donar inici al Col\u00b7legi de Farmac\u00e8utics de Barcelona el curs de \"Point of care testing (POCT) en la f\u00e0rmacia\".","og_url":"https:\/\/novaorg.cofb.net\/2022\/06\/08\/point-of-care-testing-poct-a-loficina-de-farmacia-que-hem-de-saber-i-quin-es-el-seu-abast\/","og_site_name":"Col\u00b7legi de Farmac\u00e8utics de Barcelona","article_publisher":"https:\/\/www.facebook.com\/farmaceuticsbcn\/","article_published_time":"2022-06-08T16:12:26+00:00","article_modified_time":"2023-09-21T09:10:25+00:00","og_image":[{"width":1024,"height":576,"url":"https:\/\/novaorg.cofb.net\/wp-content\/uploads\/2023\/07\/COFB_PointofCare_24052022_1.jpg","type":"image\/jpeg"}],"author":"wpAdminCofbOrg","twitter_card":"summary_large_image","twitter_creator":"@farmaceuticsbcn","twitter_site":"@farmaceuticsbcn","twitter_misc":{"Escrito por":"wpAdminCofbOrg","Tiempo de lectura":"5 minutos"},"schema":{"@context":"https:\/\/schema.org","@graph":[{"@type":"Article","@id":"https:\/\/novaorg.cofb.net\/2022\/06\/08\/point-of-care-testing-poct-a-loficina-de-farmacia-que-hem-de-saber-i-quin-es-el-seu-abast\/#article","isPartOf":{"@id":"https:\/\/novaorg.cofb.net\/2022\/06\/08\/point-of-care-testing-poct-a-loficina-de-farmacia-que-hem-de-saber-i-quin-es-el-seu-abast\/"},"author":{"name":"wpAdminCofbOrg","@id":"https:\/\/www.cofb.org\/#\/schema\/person\/22ed7eea88da74b0fa4d3154ad87ffcb"},"headline":"Point of care testing (POCT) a l&#8217;oficina de farm\u00e0cia. Qu\u00e8 hem de saber i quin \u00e9s el seu abast?","datePublished":"2022-06-08T16:12:26+00:00","dateModified":"2023-09-21T09:10:25+00:00","mainEntityOfPage":{"@id":"https:\/\/novaorg.cofb.net\/2022\/06\/08\/point-of-care-testing-poct-a-loficina-de-farmacia-que-hem-de-saber-i-quin-es-el-seu-abast\/"},"wordCount":962,"commentCount":0,"publisher":{"@id":"https:\/\/www.cofb.org\/#organization"},"image":{"@id":"https:\/\/novaorg.cofb.net\/2022\/06\/08\/point-of-care-testing-poct-a-loficina-de-farmacia-que-hem-de-saber-i-quin-es-el-seu-abast\/#primaryimage"},"thumbnailUrl":"https:\/\/www.cofb.org\/wp-content\/uploads\/2023\/07\/COFB_PointofCare_24052022_1.jpg","keywords":["Atenci\u00f3 farmac\u00e8utica","COFB","Col\u00b7legi de Farmac\u00e8utics de Barcelona","cribratge","Farm\u00e0cia","farm\u00e0cia assistencial","farm\u00e0cia comunit\u00e0ria","Formaci\u00f3","POCT","Point of Care","Point of Care Testing","prova diagn\u00f2stica","proves de detecci\u00f3","Serveis Professionals Farmac\u00e8utics Assistencials","tests autodiagn\u00f2stic"],"articleSection":["Destacats","M\u00f3n col\u00b7legial"],"inLanguage":"es","potentialAction":[{"@type":"CommentAction","name":"Comment","target":["https:\/\/novaorg.cofb.net\/2022\/06\/08\/point-of-care-testing-poct-a-loficina-de-farmacia-que-hem-de-saber-i-quin-es-el-seu-abast\/#respond"]}]},{"@type":"WebPage","@id":"https:\/\/novaorg.cofb.net\/2022\/06\/08\/point-of-care-testing-poct-a-loficina-de-farmacia-que-hem-de-saber-i-quin-es-el-seu-abast\/","url":"https:\/\/novaorg.cofb.net\/2022\/06\/08\/point-of-care-testing-poct-a-loficina-de-farmacia-que-hem-de-saber-i-quin-es-el-seu-abast\/","name":"Point of care testing (POCT) a l'oficina de farm\u00e0cia. Qu\u00e8 hem de saber i quin \u00e9s el seu abast? - Col\u00b7legi de Farmac\u00e8utics de Barcelona","isPartOf":{"@id":"https:\/\/www.cofb.org\/#website"},"primaryImageOfPage":{"@id":"https:\/\/novaorg.cofb.net\/2022\/06\/08\/point-of-care-testing-poct-a-loficina-de-farmacia-que-hem-de-saber-i-quin-es-el-seu-abast\/#primaryimage"},"image":{"@id":"https:\/\/novaorg.cofb.net\/2022\/06\/08\/point-of-care-testing-poct-a-loficina-de-farmacia-que-hem-de-saber-i-quin-es-el-seu-abast\/#primaryimage"},"thumbnailUrl":"https:\/\/www.cofb.org\/wp-content\/uploads\/2023\/07\/COFB_PointofCare_24052022_1.jpg","datePublished":"2022-06-08T16:12:26+00:00","dateModified":"2023-09-21T09:10:25+00:00","description":"El passat 12 de maig va donar inici al Col\u00b7legi de Farmac\u00e8utics de Barcelona el curs de \"Point of care testing (POCT) en la f\u00e0rmacia\".","breadcrumb":{"@id":"https:\/\/novaorg.cofb.net\/2022\/06\/08\/point-of-care-testing-poct-a-loficina-de-farmacia-que-hem-de-saber-i-quin-es-el-seu-abast\/#breadcrumb"},"inLanguage":"es","potentialAction":[{"@type":"ReadAction","target":["https:\/\/novaorg.cofb.net\/2022\/06\/08\/point-of-care-testing-poct-a-loficina-de-farmacia-que-hem-de-saber-i-quin-es-el-seu-abast\/"]}]},{"@type":"ImageObject","inLanguage":"es","@id":"https:\/\/novaorg.cofb.net\/2022\/06\/08\/point-of-care-testing-poct-a-loficina-de-farmacia-que-hem-de-saber-i-quin-es-el-seu-abast\/#primaryimage","url":"https:\/\/www.cofb.org\/wp-content\/uploads\/2023\/07\/COFB_PointofCare_24052022_1.jpg","contentUrl":"https:\/\/www.cofb.org\/wp-content\/uploads\/2023\/07\/COFB_PointofCare_24052022_1.jpg","width":1024,"height":576},{"@type":"BreadcrumbList","@id":"https:\/\/novaorg.cofb.net\/2022\/06\/08\/point-of-care-testing-poct-a-loficina-de-farmacia-que-hem-de-saber-i-quin-es-el-seu-abast\/#breadcrumb","itemListElement":[{"@type":"ListItem","position":1,"name":"Inici","item":"https:\/\/novaorg.cofb.net\/"},{"@type":"ListItem","position":2,"name":"Point of care testing (POCT) a l&#8217;oficina de farm\u00e0cia. Qu\u00e8 hem de saber i quin \u00e9s el seu abast?"}]},{"@type":"WebSite","@id":"https:\/\/www.cofb.org\/#website","url":"https:\/\/www.cofb.org\/","name":"Col\u00b7legi de Farmac\u00e8utics de Barcelona","description":"","publisher":{"@id":"https:\/\/www.cofb.org\/#organization"},"potentialAction":[{"@type":"SearchAction","target":{"@type":"EntryPoint","urlTemplate":"https:\/\/www.cofb.org\/?s={search_term_string}"},"query-input":"required name=search_term_string"}],"inLanguage":"es"},{"@type":"Organization","@id":"https:\/\/www.cofb.org\/#organization","name":"Col\u00b7legi de Farmac\u00e8utics de Barcelona","url":"https:\/\/www.cofb.org\/","logo":{"@type":"ImageObject","inLanguage":"es","@id":"https:\/\/www.cofb.org\/#\/schema\/logo\/image\/","url":"https:\/\/www.cofb.org\/wp-content\/uploads\/2023\/11\/cropped-Logotip-COFB.png","contentUrl":"https:\/\/www.cofb.org\/wp-content\/uploads\/2023\/11\/cropped-Logotip-COFB.png","width":500,"height":105,"caption":"Col\u00b7legi de Farmac\u00e8utics de Barcelona"},"image":{"@id":"https:\/\/www.cofb.org\/#\/schema\/logo\/image\/"},"sameAs":["https:\/\/www.facebook.com\/farmaceuticsbcn\/","https:\/\/twitter.com\/farmaceuticsbcn","https:\/\/www.instagram.com\/farmaceuticsbcn\/","https:\/\/www.linkedin.com\/company\/farmaceuticsbcn\/"]},{"@type":"Person","@id":"https:\/\/www.cofb.org\/#\/schema\/person\/22ed7eea88da74b0fa4d3154ad87ffcb","name":"wpAdminCofbOrg","image":{"@type":"ImageObject","inLanguage":"es","@id":"https:\/\/www.cofb.org\/#\/schema\/person\/image\/","url":"https:\/\/secure.gravatar.com\/avatar\/1721b20b3b8ca882c3b56ec6c978c594fff670e40c0718e9190eaeeb76aae7d8?s=96&d=mm&r=g","contentUrl":"https:\/\/secure.gravatar.com\/avatar\/1721b20b3b8ca882c3b56ec6c978c594fff670e40c0718e9190eaeeb76aae7d8?s=96&d=mm&r=g","caption":"wpAdminCofbOrg"},"sameAs":["http:\/\/192.168.64.122\/wordpress"],"url":"https:\/\/www.cofb.org\/es\/author\/wpadmincofborg\/"}]}},"uagb_featured_image_src":{"full":["https:\/\/www.cofb.org\/wp-content\/uploads\/2023\/07\/COFB_PointofCare_24052022_1.jpg",1024,576,false],"thumbnail":["https:\/\/www.cofb.org\/wp-content\/uploads\/2023\/07\/COFB_PointofCare_24052022_1-150x150.jpg",150,150,true],"medium":["https:\/\/www.cofb.org\/wp-content\/uploads\/2023\/07\/COFB_PointofCare_24052022_1-300x169.jpg",300,169,true],"medium_large":["https:\/\/www.cofb.org\/wp-content\/uploads\/2023\/07\/COFB_PointofCare_24052022_1-768x432.jpg",768,432,true],"large":["https:\/\/www.cofb.org\/wp-content\/uploads\/2023\/07\/COFB_PointofCare_24052022_1.jpg",1024,576,false],"1536x1536":["https:\/\/www.cofb.org\/wp-content\/uploads\/2023\/07\/COFB_PointofCare_24052022_1.jpg",1024,576,false],"2048x2048":["https:\/\/www.cofb.org\/wp-content\/uploads\/2023\/07\/COFB_PointofCare_24052022_1.jpg",1024,576,false],"trp-custom-language-flag":["https:\/\/www.cofb.org\/wp-content\/uploads\/2023\/07\/COFB_PointofCare_24052022_1.jpg",18,10,false]},"uagb_author_info":{"display_name":"wpAdminCofbOrg","author_link":"https:\/\/www.cofb.org\/es\/author\/wpadmincofborg\/"},"uagb_comment_info":0,"uagb_excerpt":"Del 12 al 24 de maig es va celebrar al Col\u00b7legi de Farmac\u00e8utics de Barcelona el curs &#8220;Point of care testing (POCT) en la f\u00e0rmacia&#8221;, patrocinat per Roche. L&#8217;activitat formativa va constar de quatre sessions en modalitat h\u00edbrida, combinant teoria i pr\u00e0ctica. Xavier Tejedor, vocal d&#8217;An\u00e0lisis Cl\u00edniques del COFB i [&hellip;]","_links":{"self":[{"href":"https:\/\/www.cofb.org\/es\/wp-json\/wp\/v2\/posts\/63541","targetHints":{"allow":["GET"]}}],"collection":[{"href":"https:\/\/www.cofb.org\/es\/wp-json\/wp\/v2\/posts"}],"about":[{"href":"https:\/\/www.cofb.org\/es\/wp-json\/wp\/v2\/types\/post"}],"author":[{"embeddable":true,"href":"https:\/\/www.cofb.org\/es\/wp-json\/wp\/v2\/users\/1"}],"replies":[{"embeddable":true,"href":"https:\/\/www.cofb.org\/es\/wp-json\/wp\/v2\/comments?post=63541"}],"version-history":[{"count":2,"href":"https:\/\/www.cofb.org\/es\/wp-json\/wp\/v2\/posts\/63541\/revisions"}],"predecessor-version":[{"id":68728,"href":"https:\/\/www.cofb.org\/es\/wp-json\/wp\/v2\/posts\/63541\/revisions\/68728"}],"wp:featuredmedia":[{"embeddable":true,"href":"https:\/\/www.cofb.org\/es\/wp-json\/wp\/v2\/media\/67898"}],"wp:attachment":[{"href":"https:\/\/www.cofb.org\/es\/wp-json\/wp\/v2\/media?parent=63541"}],"wp:term":[{"taxonomy":"category","embeddable":true,"href":"https:\/\/www.cofb.org\/es\/wp-json\/wp\/v2\/categories?post=63541"},{"taxonomy":"post_tag","embeddable":true,"href":"https:\/\/www.cofb.org\/es\/wp-json\/wp\/v2\/tags?post=63541"}],"curies":[{"name":"wp","href":"https:\/\/api.w.org\/{rel}","templated":true}]}}