{"id":62920,"date":"2022-05-02T16:52:13","date_gmt":"2022-05-02T14:52:13","guid":{"rendered":"https:\/\/blog.cofb.cat\/?p=62920"},"modified":"2023-09-21T09:15:42","modified_gmt":"2023-09-21T09:15:42","slug":"la-perforacio-del-lobul-de-lorella-en-lambit-de-loficina-de-farmacia","status":"publish","type":"post","link":"https:\/\/www.cofb.org\/es\/2022\/05\/02\/la-perforacio-del-lobul-de-lorella-en-lambit-de-loficina-de-farmacia\/","title":{"rendered":"La perforaci\u00f3n del l\u00f3bulo de la oreja en el \u00e1mbito de la oficina de farmacia"},"content":{"rendered":"<p>El pasado <strong>21 de abril<\/strong> tuvo lugar en <strong>Col\u00b7legi de Farmac\u00e8utics de Barcelona (COFB)<\/strong> la formaci\u00f3n <strong>&quot;La perforaci\u00f3n del l\u00f3bulo de la oreja&quot;<\/strong>, patrocinado por <a href=\"https:\/\/www.prim.es\/\" target=\"_blank\" rel=\"noreferrer noopener\"><strong>Delgado<\/strong><\/a>. <strong>Marta Alcalde<\/strong>, vocal de Dermofarmacia y Productos Sanitarios del <strong>COFB<\/strong> fue la encargada de coordinar la sesi\u00f3n. La formaci\u00f3n, repetida a causa de una alta demanda, tuvo un gran \u00e9xito acogiendo <strong>m\u00e1s de 300 inscritos<\/strong>. La ponente fue <strong>Gema Garrig\u00f3s<\/strong>, farmac\u00e9utica y bioqu\u00edmica y responsable de negocio de <strong><a href=\"https:\/\/www.prim.es\/\" target=\"_blank\" rel=\"noreferrer noopener\">Delgado<\/a><\/strong>.  <\/p>\n\n\n\n<figure class=\"wp-block-image size-full\"><img decoding=\"async\" src=\"https:\/\/blog.cofb.cat\/wp-content\/uploads\/2022\/05\/COFB_Perforacio-Lobul-Orella_210422_1.jpg\" alt=\"Gema Garrig\u00f3s, en un moment de la formaci\u00f3 &quot;La perforaci\u00f3 del l\u00f2bul de l'orella&quot;.\" class=\"wp-image-63328\" title=\"Gema Garrig\u00f3s, en un momento de la formaci\u00f3n &quot;La perforaci\u00f3n del l\u00f3bulo de la oreja&quot;.\"\/><figcaption class=\"wp-element-caption\">Gema Garrig\u00f3s, en un momento de la formaci\u00f3n &quot;La perforaci\u00f3n del l\u00f3bulo de la oreja&quot;.<\/figcaption><\/figure>\n\n\n\n<p>El objetivo de este taller fue <strong>profundizar en los puntos m\u00e1s relevantes que afectan a la perforaci\u00f3n del l\u00f3bulo de la oreja en el \u00e1mbito de la oficina de farmacia<\/strong>. Durante la formaci\u00f3n se abordaron aspectos como la aplicaci\u00f3n de <strong>medidas higi\u00e9nicas y sanitarias<\/strong> posteriores con el fin de <strong>prevenir riesgos<\/strong>, la realizaci\u00f3n de <strong>cuidados posteriores a realizar<\/strong> para evitar reacciones adversas, o <strong>cuestiones legales<\/strong> a tener en cuenta.<\/p>\n\n\n\n<h2 class=\"wp-block-heading\"><strong><strong>La perforaci\u00f3n del l\u00f3bulo de la oreja<\/strong> <\/strong><\/h2>\n\n\n\n<p><strong>Garrigoso <\/strong>introdujo la sesi\u00f3n definiendo el concepto de <strong>piercing<\/strong>, mencionando las <strong>responsabilidades en la oficina de farmacia<\/strong> y explicando brevemente <strong>aspectos legislativos<\/strong> sobre la <strong>perforaci\u00f3n<\/strong>. \u201cEsta pr\u00e1ctica queda circunscrita a la farmacia. Implica \u00fanicamente la perforaci\u00f3n del l\u00f3bulo de la oreja, nunca del cart\u00edlago. La perforaci\u00f3n debe realizarse mediante sistemas de clavado y sujeci\u00f3n <strong>de forma autom\u00e1tica, con material est\u00e9ril y desechable<\/strong>\u201c, remarc\u00f3. <\/p>\n\n\n\n<p>La farmac\u00e9utica y bioqu\u00edmica puso de manifiesto que la <strong>perforaci\u00f3n del l\u00f3bulo de la oreja<\/strong> es una de las tendencias del momento. <strong>Garrigoso <\/strong>la defini\u00f3 como <strong>&quot;un fen\u00f3meno din\u00e1mico y socialmente aceptado que no tiene edad&quot;<\/strong>. La oreja es un territorio abierto a <strong>la est\u00e9tica <\/strong>y en <strong>la autoexpresi\u00f3n <\/strong>que permite crear una<strong> identidad propia<\/strong>. Se estima que entre el <strong>50% y el 90%<\/strong> de la poblaci\u00f3n tiene una o m\u00e1s perforaciones en cualquiera de sus formas.<\/p>\n\n\n\n<figure class=\"wp-block-image size-full\"><img decoding=\"async\" src=\"https:\/\/blog.cofb.cat\/wp-content\/uploads\/2022\/05\/COFB_Perforacio-Lobul-Orella_210422_2.png\" alt=\"La sessi\u00f3 &quot;La perforaci\u00f3 del l\u00f2bul de l'orella&quot; tamb\u00e9 va comptar amb una part pr\u00e0ctica.\" class=\"wp-image-63330\" title=\"La sesi\u00f3n &quot;La perforaci\u00f3n del l\u00f3bulo de la oreja&quot; tambi\u00e9n cont\u00f3 con una parte pr\u00e1ctica.\"\/><figcaption class=\"wp-element-caption\"> La sesi\u00f3n &quot;La perforaci\u00f3n del l\u00f3bulo de la oreja&quot; tambi\u00e9n cont\u00f3 con una parte pr\u00e1ctica. <\/figcaption><\/figure>\n\n\n\n<p>A continuaci\u00f3n, la ponente<strong> <\/strong>habl\u00f3 sobre <strong>la anatom\u00eda <\/strong>y la <strong>fisiolog\u00eda <\/strong>del <strong>pabell\u00f3n auricular<\/strong>, el<strong> l\u00f3bulo de la oreja<\/strong> y los <strong>tipos de piercing<\/strong> m\u00e1s comunes en la oreja. En cuanto a la perforaci\u00f3n del l\u00f3bulo de la oreja, haciendo menci\u00f3n tambi\u00e9n a los materiales, la preparaci\u00f3n y el procedimiento. <\/p>\n\n\n\n<p>Para la preparaci\u00f3n de la perforaci\u00f3n es primordial, en primer lugar, <strong>informar al cliente <\/strong>sobre el procedimiento, las posibles complicaciones, y los cuidados posteriores, firmando la autorizaci\u00f3n pertinente. Garrig\u00f3s record\u00f3 que \u201c<strong>el procedimiento consta de 3 sencillos pasos: limpiar, marcar y perforar<\/strong>\u201d y que \u201chay que estudiar el modelo y el metal del pendiente escogido por el cliente, sentarse al cliente en un lugar c\u00f3modo, preparar los materiales necesarios y comprobar el l\u00f3bulo de la oreja donde se llevar\u00e1 a cabo la perforaci\u00f3n para buscar alguna cicatriz o queloide\u201d. <\/p>\n\n\n<div class=\"destacat-blog\">\n\n\n<p>Los <strong>principales materiales<\/strong> que se utilizan en la perforaci\u00f3n son<strong> el instrumento de perforaci\u00f3n, los casetes est\u00e9riles, el marcador de uso t\u00f3pico, y los pendientes hipoalerg\u00e9nicos<\/strong>, las cuales deben ser <strong>dermatol\u00f3gicamente compatibles de acuerdo con las directivas del n\u00edquel<\/strong> y deben realizar una perforaci\u00f3n <strong>segura, suave e higi\u00e9nica<\/strong>.<\/p> <\/div>\n\n\n\n<h2 class=\"wp-block-heading\"><strong>Medidas higi\u00e9nicas, cuidados y complicaciones<\/strong><\/h2>\n\n\n\n<p><strong>Garrigoso <\/strong>insisti\u00f3 en la importancia de dar <strong>instrucciones verbales al cliente<\/strong> sobre las <strong>cuidados <\/strong>a seguir despu\u00e9s de la perforaci\u00f3n a fin de que la <strong>cicatrizaci\u00f3n <\/strong>sea lo m\u00e1s r\u00e1pida posible y sin complicaciones. Es necesario entregar al cliente el <strong>hoja de cuidados <\/strong>posteriores a la perforaci\u00f3n. Mantener los pendientes en la oreja durante 6 semanas y cuidar la perforaci\u00f3n 3 veces al d\u00eda manteniendo la zona limpia y aireada son, entre otras, los principales cuidados a llevar a cabo.<\/p>\n\n\n<div class=\"destacat-blog\">\n\n\n<h3 class=\"wp-block-heading\"><strong>No todas las personas pueden perforarse el l\u00f3bulo<\/strong><\/h3>\n\n\n\n<p>Hay que evitar realizar perforaciones en:<\/p>\n\n\n\n<ul class=\"wp-block-list\">\n\n<li>Personas con inmunidad reducida. <\/li>\n\n\n<li>Embarazadas.<\/li>\n\n\n<li>Pacientes con riesgo de cicatrizaci\u00f3n patol\u00f3gica. <\/li>\n\n\n<li>Personas con dermatitis infecciosas activas.<\/li>\n\n\n<li>Pacientes con antecedentes de mala cicatrizaci\u00f3n o formaci\u00f3n de queloides. <\/li>\n\n\n<li>Pacientes en tratamiento con anticoagulantes. <\/li>\n\n<\/ul> <\/div>\n\n\n\n<p>Advirti\u00f3 que no seguir adecuadamente las<strong> pautas higi\u00e9nicas y sanitarias<\/strong>, las <strong>tirones, <\/strong>y los <strong>golpes <\/strong>que pueden reabrir la herida producen la mayor parte de las <strong>complicaciones <\/strong>despu\u00e9s de la perforaci\u00f3n. En este sentido, indic\u00f3 que pueden aparecer <strong>infecciones bacterianas<\/strong>, <strong>reacciones al\u00e9rgicas<\/strong>, <strong>hemorragias<\/strong>, <strong>esguinces<\/strong>, <strong>cicatrices hipertr\u00f3ficas<\/strong> o <strong>queloides<\/strong>.<\/p>\n\n\n\n<p><\/p>\n\n\n\n<p class=\"has-text-align-right\"><strong>Con el patrocinio de:<\/strong><\/p>\n\n\n\n<figure class=\"wp-block-image alignright size-large is-resized\"><a href=\"https:\/\/www.prim.es\/\" target=\"_blank\" rel=\"noopener\"><img decoding=\"async\" src=\"https:\/\/blog.cofb.cat\/wp-content\/uploads\/2022\/04\/PRIM_logo_transparent-1024x484.png\" alt=\"\" class=\"wp-image-62921\" style=\"width:137px;height:64px\" width=\"137\" height=\"64\"\/><\/a><\/figure>","protected":false},"excerpt":{"rendered":"<p>El pasado 21 de abril tuvo lugar en el Colegio de Farmac\u00e9uticos de Barcelona (COFB) la formaci\u00f3n &quot;La perforaci\u00f3n del l\u00f3bulo de la oreja&quot;, patrocinado por Prim. Marta Alcalde, vocal de Dermofarmacia y Productos Sanitarios del COFB fue la encargada de coordinar la sesi\u00f3n. La formaci\u00f3n, repetida a causa de una alta demanda, [\u2026]<\/p>","protected":false},"author":1,"featured_media":67920,"comment_status":"open","ping_status":"open","sticky":false,"template":"","format":"standard","meta":{"_uag_custom_page_level_css":"","site-sidebar-layout":"default","site-content-layout":"","ast-site-content-layout":"default","site-content-style":"default","site-sidebar-style":"default","ast-global-header-display":"","ast-banner-title-visibility":"","ast-main-header-display":"","ast-hfb-above-header-display":"","ast-hfb-below-header-display":"","ast-hfb-mobile-header-display":"","site-post-title":"","ast-breadcrumbs-content":"","ast-featured-img":"disabled","footer-sml-layout":"","theme-transparent-header-meta":"","adv-header-id-meta":"","stick-header-meta":"","header-above-stick-meta":"","header-main-stick-meta":"","header-below-stick-meta":"","astra-migrate-meta-layouts":"default","ast-page-background-enabled":"default","ast-page-background-meta":{"desktop":{"background-color":"var(--ast-global-color-4)","background-image":"","background-repeat":"repeat","background-position":"center center","background-size":"auto","background-attachment":"scroll","background-type":"","background-media":"","overlay-type":"","overlay-color":"","overlay-opacity":"","overlay-gradient":""},"tablet":{"background-color":"","background-image":"","background-repeat":"repeat","background-position":"center center","background-size":"auto","background-attachment":"scroll","background-type":"","background-media":"","overlay-type":"","overlay-color":"","overlay-opacity":"","overlay-gradient":""},"mobile":{"background-color":"","background-image":"","background-repeat":"repeat","background-position":"center center","background-size":"auto","background-attachment":"scroll","background-type":"","background-media":"","overlay-type":"","overlay-color":"","overlay-opacity":"","overlay-gradient":""}},"ast-content-background-meta":{"desktop":{"background-color":"var(--ast-global-color-5)","background-image":"","background-repeat":"repeat","background-position":"center center","background-size":"auto","background-attachment":"scroll","background-type":"","background-media":"","overlay-type":"","overlay-color":"","overlay-opacity":"","overlay-gradient":""},"tablet":{"background-color":"var(--ast-global-color-5)","background-image":"","background-repeat":"repeat","background-position":"center center","background-size":"auto","background-attachment":"scroll","background-type":"","background-media":"","overlay-type":"","overlay-color":"","overlay-opacity":"","overlay-gradient":""},"mobile":{"background-color":"var(--ast-global-color-5)","background-image":"","background-repeat":"repeat","background-position":"center center","background-size":"auto","background-attachment":"scroll","background-type":"","background-media":"","overlay-type":"","overlay-color":"","overlay-opacity":"","overlay-gradient":""}},"footnotes":""},"categories":[23,57],"tags":[18,19,70,678,679,680,681,340,342,682,683],"class_list":["post-62920","post","type-post","status-publish","format-standard","has-post-thumbnail","hentry","category-destacats","category-mon-collegial","tag-cofb","tag-collegi-de-farmaceutics-de-barcelona","tag-formacio","tag-formacio-cofb-2","tag-infeccions-bacterianes","tag-lobul-orella","tag-orella","tag-perforacio","tag-pircing-2","tag-prim","tag-reaccions-allerquiques"],"yoast_head":"<!-- This site is optimized with the Yoast SEO plugin v22.4 - https:\/\/yoast.com\/wordpress\/plugins\/seo\/ -->\n<title>La perforaci\u00f3 del l\u00f2bul de l&#039;orella en l&#039;\u00e0mbit de l&#039;oficina de farm\u00e0cia - Col\u00b7legi de Farmac\u00e8utics de Barcelona<\/title>\n<meta name=\"description\" content=\"El passat 21 d&#039;abril va tenir lloc al COFB &quot;La perforaci\u00f3 del l\u00f2bul de l&#039;orella&quot;, per tal d&#039;aprofundir en els punts m\u00e9s rellevants que afecten la perforaci\u00f3 del l\u00f2bul de l&#039;orella en la farm\u00e0cia.\" \/>\n<meta name=\"robots\" content=\"index, follow, max-snippet:-1, max-image-preview:large, max-video-preview:-1\" \/>\n<link rel=\"canonical\" href=\"https:\/\/novaorg.cofb.net\/2022\/05\/02\/la-perforacio-del-lobul-de-lorella-en-lambit-de-loficina-de-farmacia\/\" \/>\n<meta property=\"og:locale\" content=\"es_ES\" \/>\n<meta property=\"og:type\" content=\"article\" \/>\n<meta property=\"og:title\" content=\"La perforaci\u00f3 del l\u00f2bul de l&#039;orella en l&#039;\u00e0mbit de l&#039;oficina de farm\u00e0cia - Col\u00b7legi de Farmac\u00e8utics de Barcelona\" \/>\n<meta property=\"og:description\" content=\"El passat 21 d&#039;abril va tenir lloc al COFB &quot;La perforaci\u00f3 del l\u00f2bul de l&#039;orella&quot;, per tal d&#039;aprofundir en els punts m\u00e9s rellevants que afecten la perforaci\u00f3 del l\u00f2bul de l&#039;orella en la farm\u00e0cia.\" \/>\n<meta property=\"og:url\" content=\"https:\/\/novaorg.cofb.net\/2022\/05\/02\/la-perforacio-del-lobul-de-lorella-en-lambit-de-loficina-de-farmacia\/\" \/>\n<meta property=\"og:site_name\" content=\"Col\u00b7legi de Farmac\u00e8utics de Barcelona\" \/>\n<meta property=\"article:publisher\" content=\"https:\/\/www.facebook.com\/farmaceuticsbcn\/\" \/>\n<meta property=\"article:published_time\" content=\"2022-05-02T14:52:13+00:00\" \/>\n<meta property=\"article:modified_time\" content=\"2023-09-21T09:15:42+00:00\" \/>\n<meta property=\"og:image\" content=\"https:\/\/novaorg.cofb.net\/wp-content\/uploads\/2023\/07\/COFB_Perforacio-Lobul-Orella_210422_1.jpg\" \/>\n\t<meta property=\"og:image:width\" content=\"1024\" \/>\n\t<meta property=\"og:image:height\" content=\"576\" \/>\n\t<meta property=\"og:image:type\" content=\"image\/jpeg\" \/>\n<meta name=\"author\" content=\"wpAdminCofbOrg\" \/>\n<meta name=\"twitter:card\" content=\"summary_large_image\" \/>\n<meta name=\"twitter:creator\" content=\"@farmaceuticsbcn\" \/>\n<meta name=\"twitter:site\" content=\"@farmaceuticsbcn\" \/>\n<meta name=\"twitter:label1\" content=\"Escrito por\" \/>\n\t<meta name=\"twitter:data1\" content=\"wpAdminCofbOrg\" \/>\n\t<meta name=\"twitter:label2\" content=\"Tiempo de lectura\" \/>\n\t<meta name=\"twitter:data2\" content=\"4 minutos\" \/>\n<script type=\"application\/ld+json\" class=\"yoast-schema-graph\">{\"@context\":\"https:\/\/schema.org\",\"@graph\":[{\"@type\":\"Article\",\"@id\":\"https:\/\/novaorg.cofb.net\/2022\/05\/02\/la-perforacio-del-lobul-de-lorella-en-lambit-de-loficina-de-farmacia\/#article\",\"isPartOf\":{\"@id\":\"https:\/\/novaorg.cofb.net\/2022\/05\/02\/la-perforacio-del-lobul-de-lorella-en-lambit-de-loficina-de-farmacia\/\"},\"author\":{\"name\":\"wpAdminCofbOrg\",\"@id\":\"https:\/\/www.cofb.org\/#\/schema\/person\/22ed7eea88da74b0fa4d3154ad87ffcb\"},\"headline\":\"La perforaci\u00f3 del l\u00f2bul de l&#8217;orella en l&#8217;\u00e0mbit de l&#8217;oficina de farm\u00e0cia\",\"datePublished\":\"2022-05-02T14:52:13+00:00\",\"dateModified\":\"2023-09-21T09:15:42+00:00\",\"mainEntityOfPage\":{\"@id\":\"https:\/\/novaorg.cofb.net\/2022\/05\/02\/la-perforacio-del-lobul-de-lorella-en-lambit-de-loficina-de-farmacia\/\"},\"wordCount\":790,\"commentCount\":0,\"publisher\":{\"@id\":\"https:\/\/www.cofb.org\/#organization\"},\"image\":{\"@id\":\"https:\/\/novaorg.cofb.net\/2022\/05\/02\/la-perforacio-del-lobul-de-lorella-en-lambit-de-loficina-de-farmacia\/#primaryimage\"},\"thumbnailUrl\":\"https:\/\/www.cofb.org\/wp-content\/uploads\/2023\/07\/COFB_Perforacio-Lobul-Orella_210422_1.jpg\",\"keywords\":[\"COFB\",\"Col\u00b7legi de Farmac\u00e8utics de Barcelona\",\"Formaci\u00f3\",\"formaci\u00f3 cofb\",\"infeccions bacterianes\",\"l\u00f2bul orella\",\"orella\",\"perforaci\u00f3\",\"p\u00edrcing\",\"prim\",\"reaccions al\u00b7l\u00e8rquiques\"],\"articleSection\":[\"Destacats\",\"M\u00f3n col\u00b7legial\"],\"inLanguage\":\"es\",\"potentialAction\":[{\"@type\":\"CommentAction\",\"name\":\"Comment\",\"target\":[\"https:\/\/novaorg.cofb.net\/2022\/05\/02\/la-perforacio-del-lobul-de-lorella-en-lambit-de-loficina-de-farmacia\/#respond\"]}]},{\"@type\":\"WebPage\",\"@id\":\"https:\/\/novaorg.cofb.net\/2022\/05\/02\/la-perforacio-del-lobul-de-lorella-en-lambit-de-loficina-de-farmacia\/\",\"url\":\"https:\/\/novaorg.cofb.net\/2022\/05\/02\/la-perforacio-del-lobul-de-lorella-en-lambit-de-loficina-de-farmacia\/\",\"name\":\"La perforaci\u00f3 del l\u00f2bul de l'orella en l'\u00e0mbit de l'oficina de farm\u00e0cia - Col\u00b7legi de Farmac\u00e8utics de Barcelona\",\"isPartOf\":{\"@id\":\"https:\/\/www.cofb.org\/#website\"},\"primaryImageOfPage\":{\"@id\":\"https:\/\/novaorg.cofb.net\/2022\/05\/02\/la-perforacio-del-lobul-de-lorella-en-lambit-de-loficina-de-farmacia\/#primaryimage\"},\"image\":{\"@id\":\"https:\/\/novaorg.cofb.net\/2022\/05\/02\/la-perforacio-del-lobul-de-lorella-en-lambit-de-loficina-de-farmacia\/#primaryimage\"},\"thumbnailUrl\":\"https:\/\/www.cofb.org\/wp-content\/uploads\/2023\/07\/COFB_Perforacio-Lobul-Orella_210422_1.jpg\",\"datePublished\":\"2022-05-02T14:52:13+00:00\",\"dateModified\":\"2023-09-21T09:15:42+00:00\",\"description\":\"El passat 21 d'abril va tenir lloc al COFB \\\"La perforaci\u00f3 del l\u00f2bul de l'orella\\\", per tal d'aprofundir en els punts m\u00e9s rellevants que afecten la perforaci\u00f3 del l\u00f2bul de l'orella en la farm\u00e0cia.\",\"breadcrumb\":{\"@id\":\"https:\/\/novaorg.cofb.net\/2022\/05\/02\/la-perforacio-del-lobul-de-lorella-en-lambit-de-loficina-de-farmacia\/#breadcrumb\"},\"inLanguage\":\"es\",\"potentialAction\":[{\"@type\":\"ReadAction\",\"target\":[\"https:\/\/novaorg.cofb.net\/2022\/05\/02\/la-perforacio-del-lobul-de-lorella-en-lambit-de-loficina-de-farmacia\/\"]}]},{\"@type\":\"ImageObject\",\"inLanguage\":\"es\",\"@id\":\"https:\/\/novaorg.cofb.net\/2022\/05\/02\/la-perforacio-del-lobul-de-lorella-en-lambit-de-loficina-de-farmacia\/#primaryimage\",\"url\":\"https:\/\/www.cofb.org\/wp-content\/uploads\/2023\/07\/COFB_Perforacio-Lobul-Orella_210422_1.jpg\",\"contentUrl\":\"https:\/\/www.cofb.org\/wp-content\/uploads\/2023\/07\/COFB_Perforacio-Lobul-Orella_210422_1.jpg\",\"width\":1024,\"height\":576},{\"@type\":\"BreadcrumbList\",\"@id\":\"https:\/\/novaorg.cofb.net\/2022\/05\/02\/la-perforacio-del-lobul-de-lorella-en-lambit-de-loficina-de-farmacia\/#breadcrumb\",\"itemListElement\":[{\"@type\":\"ListItem\",\"position\":1,\"name\":\"Inici\",\"item\":\"https:\/\/novaorg.cofb.net\/\"},{\"@type\":\"ListItem\",\"position\":2,\"name\":\"La perforaci\u00f3 del l\u00f2bul de l&#8217;orella en l&#8217;\u00e0mbit de l&#8217;oficina de farm\u00e0cia\"}]},{\"@type\":\"WebSite\",\"@id\":\"https:\/\/www.cofb.org\/#website\",\"url\":\"https:\/\/www.cofb.org\/\",\"name\":\"Col\u00b7legi de Farmac\u00e8utics de Barcelona\",\"description\":\"\",\"publisher\":{\"@id\":\"https:\/\/www.cofb.org\/#organization\"},\"potentialAction\":[{\"@type\":\"SearchAction\",\"target\":{\"@type\":\"EntryPoint\",\"urlTemplate\":\"https:\/\/www.cofb.org\/?s={search_term_string}\"},\"query-input\":\"required name=search_term_string\"}],\"inLanguage\":\"es\"},{\"@type\":\"Organization\",\"@id\":\"https:\/\/www.cofb.org\/#organization\",\"name\":\"Col\u00b7legi de Farmac\u00e8utics de Barcelona\",\"url\":\"https:\/\/www.cofb.org\/\",\"logo\":{\"@type\":\"ImageObject\",\"inLanguage\":\"es\",\"@id\":\"https:\/\/www.cofb.org\/#\/schema\/logo\/image\/\",\"url\":\"https:\/\/www.cofb.org\/wp-content\/uploads\/2023\/11\/cropped-Logotip-COFB.png\",\"contentUrl\":\"https:\/\/www.cofb.org\/wp-content\/uploads\/2023\/11\/cropped-Logotip-COFB.png\",\"width\":500,\"height\":105,\"caption\":\"Col\u00b7legi de Farmac\u00e8utics de Barcelona\"},\"image\":{\"@id\":\"https:\/\/www.cofb.org\/#\/schema\/logo\/image\/\"},\"sameAs\":[\"https:\/\/www.facebook.com\/farmaceuticsbcn\/\",\"https:\/\/twitter.com\/farmaceuticsbcn\",\"https:\/\/www.instagram.com\/farmaceuticsbcn\/\",\"https:\/\/www.linkedin.com\/company\/farmaceuticsbcn\/\"]},{\"@type\":\"Person\",\"@id\":\"https:\/\/www.cofb.org\/#\/schema\/person\/22ed7eea88da74b0fa4d3154ad87ffcb\",\"name\":\"wpAdminCofbOrg\",\"image\":{\"@type\":\"ImageObject\",\"inLanguage\":\"es\",\"@id\":\"https:\/\/www.cofb.org\/#\/schema\/person\/image\/\",\"url\":\"https:\/\/secure.gravatar.com\/avatar\/1721b20b3b8ca882c3b56ec6c978c594fff670e40c0718e9190eaeeb76aae7d8?s=96&d=mm&r=g\",\"contentUrl\":\"https:\/\/secure.gravatar.com\/avatar\/1721b20b3b8ca882c3b56ec6c978c594fff670e40c0718e9190eaeeb76aae7d8?s=96&d=mm&r=g\",\"caption\":\"wpAdminCofbOrg\"},\"sameAs\":[\"http:\/\/192.168.64.122\/wordpress\"],\"url\":\"https:\/\/www.cofb.org\/es\/author\/wpadmincofborg\/\"}]}<\/script>\n<!-- \/ Yoast SEO plugin. -->","yoast_head_json":{"title":"La perforaci\u00f3 del l\u00f2bul de l'orella en l'\u00e0mbit de l'oficina de farm\u00e0cia - Col\u00b7legi de Farmac\u00e8utics de Barcelona","description":"El passat 21 d'abril va tenir lloc al COFB \"La perforaci\u00f3 del l\u00f2bul de l'orella\", per tal d'aprofundir en els punts m\u00e9s rellevants que afecten la perforaci\u00f3 del l\u00f2bul de l'orella en la farm\u00e0cia.","robots":{"index":"index","follow":"follow","max-snippet":"max-snippet:-1","max-image-preview":"max-image-preview:large","max-video-preview":"max-video-preview:-1"},"canonical":"https:\/\/novaorg.cofb.net\/2022\/05\/02\/la-perforacio-del-lobul-de-lorella-en-lambit-de-loficina-de-farmacia\/","og_locale":"es_ES","og_type":"article","og_title":"La perforaci\u00f3 del l\u00f2bul de l'orella en l'\u00e0mbit de l'oficina de farm\u00e0cia - Col\u00b7legi de Farmac\u00e8utics de Barcelona","og_description":"El passat 21 d'abril va tenir lloc al COFB \"La perforaci\u00f3 del l\u00f2bul de l'orella\", per tal d'aprofundir en els punts m\u00e9s rellevants que afecten la perforaci\u00f3 del l\u00f2bul de l'orella en la farm\u00e0cia.","og_url":"https:\/\/novaorg.cofb.net\/2022\/05\/02\/la-perforacio-del-lobul-de-lorella-en-lambit-de-loficina-de-farmacia\/","og_site_name":"Col\u00b7legi de Farmac\u00e8utics de Barcelona","article_publisher":"https:\/\/www.facebook.com\/farmaceuticsbcn\/","article_published_time":"2022-05-02T14:52:13+00:00","article_modified_time":"2023-09-21T09:15:42+00:00","og_image":[{"width":1024,"height":576,"url":"https:\/\/novaorg.cofb.net\/wp-content\/uploads\/2023\/07\/COFB_Perforacio-Lobul-Orella_210422_1.jpg","type":"image\/jpeg"}],"author":"wpAdminCofbOrg","twitter_card":"summary_large_image","twitter_creator":"@farmaceuticsbcn","twitter_site":"@farmaceuticsbcn","twitter_misc":{"Escrito por":"wpAdminCofbOrg","Tiempo de lectura":"4 minutos"},"schema":{"@context":"https:\/\/schema.org","@graph":[{"@type":"Article","@id":"https:\/\/novaorg.cofb.net\/2022\/05\/02\/la-perforacio-del-lobul-de-lorella-en-lambit-de-loficina-de-farmacia\/#article","isPartOf":{"@id":"https:\/\/novaorg.cofb.net\/2022\/05\/02\/la-perforacio-del-lobul-de-lorella-en-lambit-de-loficina-de-farmacia\/"},"author":{"name":"wpAdminCofbOrg","@id":"https:\/\/www.cofb.org\/#\/schema\/person\/22ed7eea88da74b0fa4d3154ad87ffcb"},"headline":"La perforaci\u00f3 del l\u00f2bul de l&#8217;orella en l&#8217;\u00e0mbit de l&#8217;oficina de farm\u00e0cia","datePublished":"2022-05-02T14:52:13+00:00","dateModified":"2023-09-21T09:15:42+00:00","mainEntityOfPage":{"@id":"https:\/\/novaorg.cofb.net\/2022\/05\/02\/la-perforacio-del-lobul-de-lorella-en-lambit-de-loficina-de-farmacia\/"},"wordCount":790,"commentCount":0,"publisher":{"@id":"https:\/\/www.cofb.org\/#organization"},"image":{"@id":"https:\/\/novaorg.cofb.net\/2022\/05\/02\/la-perforacio-del-lobul-de-lorella-en-lambit-de-loficina-de-farmacia\/#primaryimage"},"thumbnailUrl":"https:\/\/www.cofb.org\/wp-content\/uploads\/2023\/07\/COFB_Perforacio-Lobul-Orella_210422_1.jpg","keywords":["COFB","Col\u00b7legi de Farmac\u00e8utics de Barcelona","Formaci\u00f3","formaci\u00f3 cofb","infeccions bacterianes","l\u00f2bul orella","orella","perforaci\u00f3","p\u00edrcing","prim","reaccions al\u00b7l\u00e8rquiques"],"articleSection":["Destacats","M\u00f3n col\u00b7legial"],"inLanguage":"es","potentialAction":[{"@type":"CommentAction","name":"Comment","target":["https:\/\/novaorg.cofb.net\/2022\/05\/02\/la-perforacio-del-lobul-de-lorella-en-lambit-de-loficina-de-farmacia\/#respond"]}]},{"@type":"WebPage","@id":"https:\/\/novaorg.cofb.net\/2022\/05\/02\/la-perforacio-del-lobul-de-lorella-en-lambit-de-loficina-de-farmacia\/","url":"https:\/\/novaorg.cofb.net\/2022\/05\/02\/la-perforacio-del-lobul-de-lorella-en-lambit-de-loficina-de-farmacia\/","name":"La perforaci\u00f3 del l\u00f2bul de l'orella en l'\u00e0mbit de l'oficina de farm\u00e0cia - Col\u00b7legi de Farmac\u00e8utics de Barcelona","isPartOf":{"@id":"https:\/\/www.cofb.org\/#website"},"primaryImageOfPage":{"@id":"https:\/\/novaorg.cofb.net\/2022\/05\/02\/la-perforacio-del-lobul-de-lorella-en-lambit-de-loficina-de-farmacia\/#primaryimage"},"image":{"@id":"https:\/\/novaorg.cofb.net\/2022\/05\/02\/la-perforacio-del-lobul-de-lorella-en-lambit-de-loficina-de-farmacia\/#primaryimage"},"thumbnailUrl":"https:\/\/www.cofb.org\/wp-content\/uploads\/2023\/07\/COFB_Perforacio-Lobul-Orella_210422_1.jpg","datePublished":"2022-05-02T14:52:13+00:00","dateModified":"2023-09-21T09:15:42+00:00","description":"El passat 21 d'abril va tenir lloc al COFB \"La perforaci\u00f3 del l\u00f2bul de l'orella\", per tal d'aprofundir en els punts m\u00e9s rellevants que afecten la perforaci\u00f3 del l\u00f2bul de l'orella en la farm\u00e0cia.","breadcrumb":{"@id":"https:\/\/novaorg.cofb.net\/2022\/05\/02\/la-perforacio-del-lobul-de-lorella-en-lambit-de-loficina-de-farmacia\/#breadcrumb"},"inLanguage":"es","potentialAction":[{"@type":"ReadAction","target":["https:\/\/novaorg.cofb.net\/2022\/05\/02\/la-perforacio-del-lobul-de-lorella-en-lambit-de-loficina-de-farmacia\/"]}]},{"@type":"ImageObject","inLanguage":"es","@id":"https:\/\/novaorg.cofb.net\/2022\/05\/02\/la-perforacio-del-lobul-de-lorella-en-lambit-de-loficina-de-farmacia\/#primaryimage","url":"https:\/\/www.cofb.org\/wp-content\/uploads\/2023\/07\/COFB_Perforacio-Lobul-Orella_210422_1.jpg","contentUrl":"https:\/\/www.cofb.org\/wp-content\/uploads\/2023\/07\/COFB_Perforacio-Lobul-Orella_210422_1.jpg","width":1024,"height":576},{"@type":"BreadcrumbList","@id":"https:\/\/novaorg.cofb.net\/2022\/05\/02\/la-perforacio-del-lobul-de-lorella-en-lambit-de-loficina-de-farmacia\/#breadcrumb","itemListElement":[{"@type":"ListItem","position":1,"name":"Inici","item":"https:\/\/novaorg.cofb.net\/"},{"@type":"ListItem","position":2,"name":"La perforaci\u00f3 del l\u00f2bul de l&#8217;orella en l&#8217;\u00e0mbit de l&#8217;oficina de farm\u00e0cia"}]},{"@type":"WebSite","@id":"https:\/\/www.cofb.org\/#website","url":"https:\/\/www.cofb.org\/","name":"Col\u00b7legi de Farmac\u00e8utics de Barcelona","description":"","publisher":{"@id":"https:\/\/www.cofb.org\/#organization"},"potentialAction":[{"@type":"SearchAction","target":{"@type":"EntryPoint","urlTemplate":"https:\/\/www.cofb.org\/?s={search_term_string}"},"query-input":"required name=search_term_string"}],"inLanguage":"es"},{"@type":"Organization","@id":"https:\/\/www.cofb.org\/#organization","name":"Col\u00b7legi de Farmac\u00e8utics de Barcelona","url":"https:\/\/www.cofb.org\/","logo":{"@type":"ImageObject","inLanguage":"es","@id":"https:\/\/www.cofb.org\/#\/schema\/logo\/image\/","url":"https:\/\/www.cofb.org\/wp-content\/uploads\/2023\/11\/cropped-Logotip-COFB.png","contentUrl":"https:\/\/www.cofb.org\/wp-content\/uploads\/2023\/11\/cropped-Logotip-COFB.png","width":500,"height":105,"caption":"Col\u00b7legi de Farmac\u00e8utics de Barcelona"},"image":{"@id":"https:\/\/www.cofb.org\/#\/schema\/logo\/image\/"},"sameAs":["https:\/\/www.facebook.com\/farmaceuticsbcn\/","https:\/\/twitter.com\/farmaceuticsbcn","https:\/\/www.instagram.com\/farmaceuticsbcn\/","https:\/\/www.linkedin.com\/company\/farmaceuticsbcn\/"]},{"@type":"Person","@id":"https:\/\/www.cofb.org\/#\/schema\/person\/22ed7eea88da74b0fa4d3154ad87ffcb","name":"wpAdminCofbOrg","image":{"@type":"ImageObject","inLanguage":"es","@id":"https:\/\/www.cofb.org\/#\/schema\/person\/image\/","url":"https:\/\/secure.gravatar.com\/avatar\/1721b20b3b8ca882c3b56ec6c978c594fff670e40c0718e9190eaeeb76aae7d8?s=96&d=mm&r=g","contentUrl":"https:\/\/secure.gravatar.com\/avatar\/1721b20b3b8ca882c3b56ec6c978c594fff670e40c0718e9190eaeeb76aae7d8?s=96&d=mm&r=g","caption":"wpAdminCofbOrg"},"sameAs":["http:\/\/192.168.64.122\/wordpress"],"url":"https:\/\/www.cofb.org\/es\/author\/wpadmincofborg\/"}]}},"uagb_featured_image_src":{"full":["https:\/\/www.cofb.org\/wp-content\/uploads\/2023\/07\/COFB_Perforacio-Lobul-Orella_210422_1.jpg",1024,576,false],"thumbnail":["https:\/\/www.cofb.org\/wp-content\/uploads\/2023\/07\/COFB_Perforacio-Lobul-Orella_210422_1-150x150.jpg",150,150,true],"medium":["https:\/\/www.cofb.org\/wp-content\/uploads\/2023\/07\/COFB_Perforacio-Lobul-Orella_210422_1-300x169.jpg",300,169,true],"medium_large":["https:\/\/www.cofb.org\/wp-content\/uploads\/2023\/07\/COFB_Perforacio-Lobul-Orella_210422_1-768x432.jpg",768,432,true],"large":["https:\/\/www.cofb.org\/wp-content\/uploads\/2023\/07\/COFB_Perforacio-Lobul-Orella_210422_1.jpg",1024,576,false],"1536x1536":["https:\/\/www.cofb.org\/wp-content\/uploads\/2023\/07\/COFB_Perforacio-Lobul-Orella_210422_1.jpg",1024,576,false],"2048x2048":["https:\/\/www.cofb.org\/wp-content\/uploads\/2023\/07\/COFB_Perforacio-Lobul-Orella_210422_1.jpg",1024,576,false],"trp-custom-language-flag":["https:\/\/www.cofb.org\/wp-content\/uploads\/2023\/07\/COFB_Perforacio-Lobul-Orella_210422_1.jpg",18,10,false]},"uagb_author_info":{"display_name":"wpAdminCofbOrg","author_link":"https:\/\/www.cofb.org\/es\/author\/wpadmincofborg\/"},"uagb_comment_info":0,"uagb_excerpt":"El passat 21 d&#8217;abril va tenir lloc al Col\u00b7legi de Farmac\u00e8utics de Barcelona (COFB) la formaci\u00f3 &#8220;La perforaci\u00f3 del l\u00f2bul de l&#8217;orella&#8221;, patrocinat per Prim. Marta Alcalde, vocal de Dermofarm\u00e0cia i Productes Sanitaris del COFB va ser l&#8217;encarregada de coordinar la sessi\u00f3. La formaci\u00f3, repetida a causa d&#8217;una alta demanda, [&hellip;]","_links":{"self":[{"href":"https:\/\/www.cofb.org\/es\/wp-json\/wp\/v2\/posts\/62920","targetHints":{"allow":["GET"]}}],"collection":[{"href":"https:\/\/www.cofb.org\/es\/wp-json\/wp\/v2\/posts"}],"about":[{"href":"https:\/\/www.cofb.org\/es\/wp-json\/wp\/v2\/types\/post"}],"author":[{"embeddable":true,"href":"https:\/\/www.cofb.org\/es\/wp-json\/wp\/v2\/users\/1"}],"replies":[{"embeddable":true,"href":"https:\/\/www.cofb.org\/es\/wp-json\/wp\/v2\/comments?post=62920"}],"version-history":[{"count":2,"href":"https:\/\/www.cofb.org\/es\/wp-json\/wp\/v2\/posts\/62920\/revisions"}],"predecessor-version":[{"id":68736,"href":"https:\/\/www.cofb.org\/es\/wp-json\/wp\/v2\/posts\/62920\/revisions\/68736"}],"wp:featuredmedia":[{"embeddable":true,"href":"https:\/\/www.cofb.org\/es\/wp-json\/wp\/v2\/media\/67920"}],"wp:attachment":[{"href":"https:\/\/www.cofb.org\/es\/wp-json\/wp\/v2\/media?parent=62920"}],"wp:term":[{"taxonomy":"category","embeddable":true,"href":"https:\/\/www.cofb.org\/es\/wp-json\/wp\/v2\/categories?post=62920"},{"taxonomy":"post_tag","embeddable":true,"href":"https:\/\/www.cofb.org\/es\/wp-json\/wp\/v2\/tags?post=62920"}],"curies":[{"name":"wp","href":"https:\/\/api.w.org\/{rel}","templated":true}]}}