{"id":62841,"date":"2022-05-05T11:38:48","date_gmt":"2022-05-05T09:38:48","guid":{"rendered":"https:\/\/blog.cofb.cat\/?p=62841"},"modified":"2023-10-10T07:18:42","modified_gmt":"2023-10-10T07:18:42","slug":"lherpes-labial-causes-prevencio-i-tractament","status":"publish","type":"post","link":"https:\/\/www.cofb.org\/es\/2022\/05\/05\/lherpes-labial-causes-prevencio-i-tractament\/","title":{"rendered":"El herpes labial: causas, prevenci\u00f3n y tratamiento"},"content":{"rendered":"<p>El<strong>herpes labial<\/strong> simple&nbsp;<strong>es una infecci\u00f3n v\u00edrica<\/strong>&nbsp;caracterizada por la aparici\u00f3n, en primer lugar, de una fase previa con sensaci\u00f3n de&nbsp;<strong>picor, escozor u hormigueo<\/strong>&nbsp;en la piel de los labios o cerca de la boca, seguida de un&nbsp;<strong>enrojecimiento<\/strong>. Como continuaci\u00f3n de este proceso inicial, se forman unas&nbsp;<strong>ves\u00edculas peque\u00f1as y llenas de l\u00edquido claro<\/strong>. A partir de aqu\u00ed, comienza la fase final,&nbsp;<strong>se secan las ves\u00edculas y aparece una corteza amarillenta<\/strong>&nbsp;que, en \u00faltima instancia, cae.<\/p>\n\n\n\n<h2 class=\"wp-block-heading\"><strong>\u00bfCu\u00e1l es el virus que le causa?<\/strong><\/h2>\n\n\n\n<p>El causante del herpes labial generalmente es el\u00a0<strong>virus herpes simple tipo 1 (HSV-1)<\/strong>, y menos com\u00fanmente el\u00a0<strong>virus del herpes simple tipo 2 (HSV-2)<\/strong>. <strong>La infecci\u00f3n es muy contagiosa<\/strong>. Se suele adquirir durante la infancia, aunque no siempre presenta s\u00edntomas, y\u00a0<strong>dura toda la vida.<\/strong><\/p>\n\n\n\n<div class=\"wp-block-uagb-image uagb-block-22195766 wp-block-uagb-image--layout-default wp-block-uagb-image--effect-static wp-block-uagb-image--align-none\"><figure class=\"wp-block-uagb-image__figure\"><img loading=\"lazy\" decoding=\"async\" srcset=\"https:\/\/www.cofb.org\/wp-content\/uploads\/2023\/10\/herpes-labial-1024x683-1.jpg \" sizes=\"auto, (max-width: 480px) 150px\" src=\"https:\/\/www.cofb.org\/wp-content\/uploads\/2023\/10\/herpes-labial-1024x683-1.jpg\" alt=\"\" class=\"uag-image-69047\" width=\"1024\" height=\"683\" title=\"\"\/><\/figure><\/div>\n\n\n\n<p>La v\u00eda de transmisi\u00f3n habitual es el&nbsp;<strong>contacto directo de persona a persona<\/strong>, aunque tambi\u00e9n puede producirse a trav\u00e9s de objetos contaminados como los que se utilizan para comer y beber.<\/p>\n\n\n\n<p>Por lo general, este tipo de lesiones de herpes labial&nbsp;<strong>desaparecen de forma espont\u00e1nea<\/strong>&nbsp;despu\u00e9s de una o dos semanas sin dejar cicatriz,&nbsp;<strong>pero puede reproducirse varias veces a lo largo de la vida<\/strong>&nbsp;de forma m\u00e1s o menos cr\u00f3nica.<\/p>\n\n\n\n<h3 class=\"wp-block-heading\"><strong>\u00bfSe puede reactivar el virus?<\/strong><\/h3>\n\n\n\n<p>Pasada la primera infecci\u00f3n herp\u00e9tica, el virus permanece en el interior de las neuronas en estado latente. Esto permite la posibilidad de una reactivaci\u00f3n cuando se dan las condiciones apropiadas para que se desarrolle y, por tanto, la reaparici\u00f3n de las lesiones locales caracter\u00edsticas.<\/p>\n\n\n\n<p><strong>Hay personas con especial predisposici\u00f3n a presentarlo<\/strong>, y determinadas circunstancias pueden reactivar con mayor facilidad el virus.<\/p>\n\n\n<div class=\"destacat-blog\">\n\n\n<h3 class=\"wp-block-heading\"><strong>Motivos m\u00e1s frecuentes de reactivaci\u00f3n del virus<\/strong><\/h3>\n\n\n\n<ul class=\"wp-block-list\">\n\n<li><strong>Situaciones de estr\u00e9s<\/strong>.<\/li>\n\n\n<li><strong>Fiebre<\/strong> causada por una enfermedad infecciosa.<\/li>\n\n\n<li><strong>Menstruaci\u00f3n<\/strong>.<\/li>\n\n\n<li><strong>Exposici\u00f3n prolongada al sol<\/strong>.<\/li>\n\n<\/ul> <\/div>\n\n\n\n<h2 class=\"wp-block-heading\"><strong>\u00bfCu\u00e1les son los s\u00edntomas?<\/strong><\/h2>\n\n\n\n<p>Los signos y s\u00edntomas pueden ser de car\u00e1cter leve o grave dependiendo de si es el primer brote o se trata de una recurrencia.<\/p>\n\n\n\n<ul class=\"wp-block-list\">\n<li><strong>La primera vez los s\u00edntomas son m\u00e1s graves y pueden aparecer hasta 20 d\u00edas despu\u00e9s de la exposici\u00f3n al virus<\/strong>. Las ves\u00edculas pueden durar varios d\u00edas y tardar de dos a tres semanas en curarse por completo. Adem\u00e1s, en este primer episodio tambi\u00e9n puede aparecer fiebre, dolor en las enc\u00edas, dolor de garganta, dolor de cabeza, dolor musculares y ganglios linf\u00e1ticos inflamados.<\/li>\n\n\n\n<li><strong>Las recurrencias, en cambio, son m\u00e1s leves<\/strong>, aparecen siempre en el mismo sitio y tienden a ser menos extensas que el primer brote.<\/li>\n<\/ul>\n\n\n\n<p>Esta infecci\u00f3n puede ser grave y peligrosa si se presenta en los ojos o cerca de los ojos, o en personas inmunodeprimidas, en las que puede extenderse f\u00e1cilmente la infecci\u00f3n.<\/p>\n\n\n<div class=\"destacat-blog\">\n\n\n<h2 class=\"wp-block-heading\"><strong>\u00bfC\u00f3mo prevenirlo?<\/strong><\/h2>\n\n\n\n<p>Debido a que el herpes labial es provocado por un virus que se encuentra en estado latente en el mismo organismo, la prevenci\u00f3n&nbsp;<strong>no siempre es posible.&nbsp;<\/strong>Pero se pueden adoptar algunas medidas para minimizar los brotes y abreviar la duraci\u00f3n de la erupci\u00f3n y reducir las molestias. Es importante:<\/p>\n\n\n\n<ul class=\"wp-block-list\">\n\n<li><strong>Reducir las situaciones de estr\u00e9s<\/strong>&nbsp;para evitar reapariciones.<\/li>\n\n\n<li><strong>Lavarse a menudo las manos<\/strong> durante una exacerbaci\u00f3n de la infecci\u00f3n, puesto que una higiene adecuada puede eliminar el riesgo de propagar la infecci\u00f3n hacia otras \u00e1reas del cuerpo como, por ejemplo, los ojos.<\/li>\n\n\n<li><strong>Evitar los besos<\/strong> y el <strong>contacto con la piel<\/strong> de las personas cuando existan ves\u00edculas.<\/li>\n\n\n<li><strong>Evitar compartir elementos<\/strong>.<\/li>\n\n\n<li><strong>Uso de pantalla solar total en los labios<\/strong> y alrededores en exposiciones prolongadas en el sol.<\/li>\n\n<\/ul><\/div>\n\n\n\n<h2 class=\"wp-block-heading\"><strong>\u00bfCu\u00e1l es el tratamiento?<\/strong><\/h2>\n\n\n\n<p>El herpes labial&nbsp;<strong>no tiene cuidado<\/strong>. Los s\u00edntomas, como norma general, desaparecen sin tratamiento en el plazo de dos a cuatro semanas aunque existen varios tipos de medicamentos que ayudan a acelerar el proceso de curaci\u00f3n ya disminuir las molestias:<\/p>\n\n\n\n<ul class=\"wp-block-list\">\n<li>Aplicaciones locales de<strong>antis\u00e9pticos&nbsp;<\/strong>y&nbsp;<strong>astringentes<\/strong>.<\/li>\n\n\n\n<li><strong>Pomadas antiv\u00edricas<\/strong>, sobre todo si se inician antes de que se formen las ves\u00edculas.<\/li>\n<\/ul>\n\n\n<div class=\"destacat-blog\">\n\n\n<h3 class=\"wp-block-heading\"><strong>Consejos y recomendaciones<\/strong><\/h3>\n\n\n\n<ul class=\"wp-block-list\">\n<li><strong>El herpes labial simple es una infecci\u00f3n v\u00edrica y cr\u00f3nica<\/strong>.<\/li>\n\n\n\n<li><strong>Lo m\u00e1s adecuado es evitar todos los factores precipitantes<\/strong>&nbsp;si la persona es propensa a presentarlo.<\/li>\n\n\n\n<li><strong>No es frecuente el autocontagio en otras zonas<\/strong>, pero es necesario extremar las precauciones para evitarlo.<\/li>\n<\/ul>\n\n\n\n<p>En caso de sufrir recurrencias muy a menudo,&nbsp;<strong>consulte el problema con el farmac\u00e9utico<\/strong>.<\/p> <\/div>\n\n\n\n<p><strong>Informaci\u00f3n basada en el contenido de la web de salud de Farmaceuticonline:<\/strong><\/p>\n\n\n\n<ul class=\"wp-block-list\">\n<li><a href=\"https:\/\/www.farmaceuticonline.com\/virus-herpes-labial\/\" target=\"_blank\" rel=\"noreferrer noopener\">El herpes labial, un virus muy contagioso<\/a> <\/li>\n<\/ul>\n\n\n\n<p><strong>Otras recomendaciones de inter\u00e9s:<\/strong><\/p>\n\n\n\n<ul class=\"wp-block-list\">\n<li><a href=\"https:\/\/blog.cofb.cat\/que-es-lendometriosi\/\" target=\"_blank\" rel=\"noreferrer noopener\">\u00bfQu\u00e9 es la endometriosis?<\/a><\/li>\n<\/ul>","protected":false},"excerpt":{"rendered":"<p>El herpes labial simple es una infecci\u00f3n v\u00edrica caracterizada por la aparici\u00f3n, en primer lugar, de una fase previa con sensaci\u00f3n de picor, escozor u hormigueo en la piel de los labios o cerca de la boca, seguida de un enrojecimiento. Como continuaci\u00f3n de este proceso inicial, se forman unas ves\u00edculas peque\u00f1as y llenas de l\u00edquido claro. A partir de aqu\u00ed, comienza la [\u2026]<\/p>","protected":false},"author":1,"featured_media":67916,"comment_status":"open","ping_status":"open","sticky":false,"template":"","format":"standard","meta":{"_uag_custom_page_level_css":"","site-sidebar-layout":"default","site-content-layout":"","ast-site-content-layout":"default","site-content-style":"default","site-sidebar-style":"default","ast-global-header-display":"","ast-banner-title-visibility":"","ast-main-header-display":"","ast-hfb-above-header-display":"","ast-hfb-below-header-display":"","ast-hfb-mobile-header-display":"","site-post-title":"","ast-breadcrumbs-content":"","ast-featured-img":"disabled","footer-sml-layout":"","theme-transparent-header-meta":"","adv-header-id-meta":"","stick-header-meta":"","header-above-stick-meta":"","header-main-stick-meta":"","header-below-stick-meta":"","astra-migrate-meta-layouts":"default","ast-page-background-enabled":"default","ast-page-background-meta":{"desktop":{"background-color":"var(--ast-global-color-4)","background-image":"","background-repeat":"repeat","background-position":"center center","background-size":"auto","background-attachment":"scroll","background-type":"","background-media":"","overlay-type":"","overlay-color":"","overlay-opacity":"","overlay-gradient":""},"tablet":{"background-color":"","background-image":"","background-repeat":"repeat","background-position":"center center","background-size":"auto","background-attachment":"scroll","background-type":"","background-media":"","overlay-type":"","overlay-color":"","overlay-opacity":"","overlay-gradient":""},"mobile":{"background-color":"","background-image":"","background-repeat":"repeat","background-position":"center center","background-size":"auto","background-attachment":"scroll","background-type":"","background-media":"","overlay-type":"","overlay-color":"","overlay-opacity":"","overlay-gradient":""}},"ast-content-background-meta":{"desktop":{"background-color":"var(--ast-global-color-5)","background-image":"","background-repeat":"repeat","background-position":"center center","background-size":"auto","background-attachment":"scroll","background-type":"","background-media":"","overlay-type":"","overlay-color":"","overlay-opacity":"","overlay-gradient":""},"tablet":{"background-color":"var(--ast-global-color-5)","background-image":"","background-repeat":"repeat","background-position":"center center","background-size":"auto","background-attachment":"scroll","background-type":"","background-media":"","overlay-type":"","overlay-color":"","overlay-opacity":"","overlay-gradient":""},"mobile":{"background-color":"var(--ast-global-color-5)","background-image":"","background-repeat":"repeat","background-position":"center center","background-size":"auto","background-attachment":"scroll","background-type":"","background-media":"","overlay-type":"","overlay-color":"","overlay-opacity":"","overlay-gradient":""}},"footnotes":""},"categories":[23,47],"tags":[18,19,38,671,672,673,674,675,676,264,63,677],"class_list":["post-62841","post","type-post","status-publish","format-standard","has-post-thumbnail","hentry","category-destacats","category-recomanacions-del-farmaceutic","tag-cofb","tag-collegi-de-farmaceutics-de-barcelona","tag-consells","tag-estres","tag-febre","tag-herpes","tag-herpes-labial","tag-infeccio-virica","tag-mon-collegial","tag-prevencio","tag-tractament","tag-virus"],"yoast_head":"<!-- This site is optimized with the Yoast SEO plugin v22.4 - https:\/\/yoast.com\/wordpress\/plugins\/seo\/ -->\n<title>L&#039;herpes labial: causes, prevenci\u00f3 i tractament - Col\u00b7legi de Farmac\u00e8utics de Barcelona<\/title>\n<meta name=\"description\" content=\"L\u2019herpes\u00a0labial simple\u00a0\u00e9s una infecci\u00f3 v\u00edrica caracteritzada per l\u2019aparici\u00f3, en primer lloc, d\u2019una fase pr\u00e8via amb sensaci\u00f3 de picor.\" \/>\n<meta name=\"robots\" content=\"index, follow, max-snippet:-1, max-image-preview:large, max-video-preview:-1\" \/>\n<link rel=\"canonical\" href=\"https:\/\/novaorg.cofb.net\/2022\/05\/05\/lherpes-labial-causes-prevencio-i-tractament\/\" \/>\n<meta property=\"og:locale\" content=\"es_ES\" \/>\n<meta property=\"og:type\" content=\"article\" \/>\n<meta property=\"og:title\" content=\"L&#039;herpes labial: causes, prevenci\u00f3 i tractament - Col\u00b7legi de Farmac\u00e8utics de Barcelona\" \/>\n<meta property=\"og:description\" content=\"L\u2019herpes\u00a0labial simple\u00a0\u00e9s una infecci\u00f3 v\u00edrica caracteritzada per l\u2019aparici\u00f3, en primer lloc, d\u2019una fase pr\u00e8via amb sensaci\u00f3 de picor.\" \/>\n<meta property=\"og:url\" content=\"https:\/\/novaorg.cofb.net\/2022\/05\/05\/lherpes-labial-causes-prevencio-i-tractament\/\" \/>\n<meta property=\"og:site_name\" content=\"Col\u00b7legi de Farmac\u00e8utics de Barcelona\" \/>\n<meta property=\"article:publisher\" content=\"https:\/\/www.facebook.com\/farmaceuticsbcn\/\" \/>\n<meta property=\"article:published_time\" content=\"2022-05-05T09:38:48+00:00\" \/>\n<meta property=\"article:modified_time\" content=\"2023-10-10T07:18:42+00:00\" \/>\n<meta property=\"og:image\" content=\"https:\/\/novaorg.cofb.net\/wp-content\/uploads\/2023\/07\/herpes-labial-1024x683-1.jpg\" \/>\n\t<meta property=\"og:image:width\" content=\"1024\" \/>\n\t<meta property=\"og:image:height\" content=\"683\" \/>\n\t<meta property=\"og:image:type\" content=\"image\/jpeg\" \/>\n<meta name=\"author\" content=\"wpAdminCofbOrg\" \/>\n<meta name=\"twitter:card\" content=\"summary_large_image\" \/>\n<meta name=\"twitter:creator\" content=\"@farmaceuticsbcn\" \/>\n<meta name=\"twitter:site\" content=\"@farmaceuticsbcn\" \/>\n<meta name=\"twitter:label1\" content=\"Escrito por\" \/>\n\t<meta name=\"twitter:data1\" content=\"wpAdminCofbOrg\" \/>\n\t<meta name=\"twitter:label2\" content=\"Tiempo de lectura\" \/>\n\t<meta name=\"twitter:data2\" content=\"4 minutos\" \/>\n<script type=\"application\/ld+json\" class=\"yoast-schema-graph\">{\"@context\":\"https:\/\/schema.org\",\"@graph\":[{\"@type\":\"Article\",\"@id\":\"https:\/\/novaorg.cofb.net\/2022\/05\/05\/lherpes-labial-causes-prevencio-i-tractament\/#article\",\"isPartOf\":{\"@id\":\"https:\/\/novaorg.cofb.net\/2022\/05\/05\/lherpes-labial-causes-prevencio-i-tractament\/\"},\"author\":{\"name\":\"wpAdminCofbOrg\",\"@id\":\"https:\/\/www.cofb.org\/#\/schema\/person\/22ed7eea88da74b0fa4d3154ad87ffcb\"},\"headline\":\"L&#8217;herpes labial: causes, prevenci\u00f3 i tractament\",\"datePublished\":\"2022-05-05T09:38:48+00:00\",\"dateModified\":\"2023-10-10T07:18:42+00:00\",\"mainEntityOfPage\":{\"@id\":\"https:\/\/novaorg.cofb.net\/2022\/05\/05\/lherpes-labial-causes-prevencio-i-tractament\/\"},\"wordCount\":804,\"commentCount\":0,\"publisher\":{\"@id\":\"https:\/\/www.cofb.org\/#organization\"},\"image\":{\"@id\":\"https:\/\/novaorg.cofb.net\/2022\/05\/05\/lherpes-labial-causes-prevencio-i-tractament\/#primaryimage\"},\"thumbnailUrl\":\"https:\/\/www.cofb.org\/wp-content\/uploads\/2023\/07\/herpes-labial-1024x683-1.jpg\",\"keywords\":[\"COFB\",\"Col\u00b7legi de Farmac\u00e8utics de Barcelona\",\"consells\",\"estr\u00e8s\",\"febre\",\"herpes\",\"herpes labial\",\"infecci\u00f3 v\u00edrica\",\"m\u00f3n col\u00b7legial\",\"prevenci\u00f3\",\"tractament\",\"virus\"],\"articleSection\":[\"Destacats\",\"Recomanacions del farmac\u00e8utic\"],\"inLanguage\":\"es\",\"potentialAction\":[{\"@type\":\"CommentAction\",\"name\":\"Comment\",\"target\":[\"https:\/\/novaorg.cofb.net\/2022\/05\/05\/lherpes-labial-causes-prevencio-i-tractament\/#respond\"]}]},{\"@type\":\"WebPage\",\"@id\":\"https:\/\/novaorg.cofb.net\/2022\/05\/05\/lherpes-labial-causes-prevencio-i-tractament\/\",\"url\":\"https:\/\/novaorg.cofb.net\/2022\/05\/05\/lherpes-labial-causes-prevencio-i-tractament\/\",\"name\":\"L'herpes labial: causes, prevenci\u00f3 i tractament - Col\u00b7legi de Farmac\u00e8utics de Barcelona\",\"isPartOf\":{\"@id\":\"https:\/\/www.cofb.org\/#website\"},\"primaryImageOfPage\":{\"@id\":\"https:\/\/novaorg.cofb.net\/2022\/05\/05\/lherpes-labial-causes-prevencio-i-tractament\/#primaryimage\"},\"image\":{\"@id\":\"https:\/\/novaorg.cofb.net\/2022\/05\/05\/lherpes-labial-causes-prevencio-i-tractament\/#primaryimage\"},\"thumbnailUrl\":\"https:\/\/www.cofb.org\/wp-content\/uploads\/2023\/07\/herpes-labial-1024x683-1.jpg\",\"datePublished\":\"2022-05-05T09:38:48+00:00\",\"dateModified\":\"2023-10-10T07:18:42+00:00\",\"description\":\"L\u2019herpes\u00a0labial simple\u00a0\u00e9s una infecci\u00f3 v\u00edrica caracteritzada per l\u2019aparici\u00f3, en primer lloc, d\u2019una fase pr\u00e8via amb sensaci\u00f3 de picor.\",\"breadcrumb\":{\"@id\":\"https:\/\/novaorg.cofb.net\/2022\/05\/05\/lherpes-labial-causes-prevencio-i-tractament\/#breadcrumb\"},\"inLanguage\":\"es\",\"potentialAction\":[{\"@type\":\"ReadAction\",\"target\":[\"https:\/\/novaorg.cofb.net\/2022\/05\/05\/lherpes-labial-causes-prevencio-i-tractament\/\"]}]},{\"@type\":\"ImageObject\",\"inLanguage\":\"es\",\"@id\":\"https:\/\/novaorg.cofb.net\/2022\/05\/05\/lherpes-labial-causes-prevencio-i-tractament\/#primaryimage\",\"url\":\"https:\/\/www.cofb.org\/wp-content\/uploads\/2023\/07\/herpes-labial-1024x683-1.jpg\",\"contentUrl\":\"https:\/\/www.cofb.org\/wp-content\/uploads\/2023\/07\/herpes-labial-1024x683-1.jpg\",\"width\":1024,\"height\":683},{\"@type\":\"BreadcrumbList\",\"@id\":\"https:\/\/novaorg.cofb.net\/2022\/05\/05\/lherpes-labial-causes-prevencio-i-tractament\/#breadcrumb\",\"itemListElement\":[{\"@type\":\"ListItem\",\"position\":1,\"name\":\"Inici\",\"item\":\"https:\/\/novaorg.cofb.net\/\"},{\"@type\":\"ListItem\",\"position\":2,\"name\":\"L&#8217;herpes labial: causes, prevenci\u00f3 i tractament\"}]},{\"@type\":\"WebSite\",\"@id\":\"https:\/\/www.cofb.org\/#website\",\"url\":\"https:\/\/www.cofb.org\/\",\"name\":\"Col\u00b7legi de Farmac\u00e8utics de Barcelona\",\"description\":\"\",\"publisher\":{\"@id\":\"https:\/\/www.cofb.org\/#organization\"},\"potentialAction\":[{\"@type\":\"SearchAction\",\"target\":{\"@type\":\"EntryPoint\",\"urlTemplate\":\"https:\/\/www.cofb.org\/?s={search_term_string}\"},\"query-input\":\"required name=search_term_string\"}],\"inLanguage\":\"es\"},{\"@type\":\"Organization\",\"@id\":\"https:\/\/www.cofb.org\/#organization\",\"name\":\"Col\u00b7legi de Farmac\u00e8utics de Barcelona\",\"url\":\"https:\/\/www.cofb.org\/\",\"logo\":{\"@type\":\"ImageObject\",\"inLanguage\":\"es\",\"@id\":\"https:\/\/www.cofb.org\/#\/schema\/logo\/image\/\",\"url\":\"https:\/\/www.cofb.org\/wp-content\/uploads\/2023\/11\/cropped-Logotip-COFB.png\",\"contentUrl\":\"https:\/\/www.cofb.org\/wp-content\/uploads\/2023\/11\/cropped-Logotip-COFB.png\",\"width\":500,\"height\":105,\"caption\":\"Col\u00b7legi de Farmac\u00e8utics de Barcelona\"},\"image\":{\"@id\":\"https:\/\/www.cofb.org\/#\/schema\/logo\/image\/\"},\"sameAs\":[\"https:\/\/www.facebook.com\/farmaceuticsbcn\/\",\"https:\/\/twitter.com\/farmaceuticsbcn\",\"https:\/\/www.instagram.com\/farmaceuticsbcn\/\",\"https:\/\/www.linkedin.com\/company\/farmaceuticsbcn\/\"]},{\"@type\":\"Person\",\"@id\":\"https:\/\/www.cofb.org\/#\/schema\/person\/22ed7eea88da74b0fa4d3154ad87ffcb\",\"name\":\"wpAdminCofbOrg\",\"image\":{\"@type\":\"ImageObject\",\"inLanguage\":\"es\",\"@id\":\"https:\/\/www.cofb.org\/#\/schema\/person\/image\/\",\"url\":\"https:\/\/secure.gravatar.com\/avatar\/1721b20b3b8ca882c3b56ec6c978c594fff670e40c0718e9190eaeeb76aae7d8?s=96&d=mm&r=g\",\"contentUrl\":\"https:\/\/secure.gravatar.com\/avatar\/1721b20b3b8ca882c3b56ec6c978c594fff670e40c0718e9190eaeeb76aae7d8?s=96&d=mm&r=g\",\"caption\":\"wpAdminCofbOrg\"},\"sameAs\":[\"http:\/\/192.168.64.122\/wordpress\"],\"url\":\"https:\/\/www.cofb.org\/es\/author\/wpadmincofborg\/\"}]}<\/script>\n<!-- \/ Yoast SEO plugin. -->","yoast_head_json":{"title":"L'herpes labial: causes, prevenci\u00f3 i tractament - Col\u00b7legi de Farmac\u00e8utics de Barcelona","description":"L\u2019herpes\u00a0labial simple\u00a0\u00e9s una infecci\u00f3 v\u00edrica caracteritzada per l\u2019aparici\u00f3, en primer lloc, d\u2019una fase pr\u00e8via amb sensaci\u00f3 de picor.","robots":{"index":"index","follow":"follow","max-snippet":"max-snippet:-1","max-image-preview":"max-image-preview:large","max-video-preview":"max-video-preview:-1"},"canonical":"https:\/\/novaorg.cofb.net\/2022\/05\/05\/lherpes-labial-causes-prevencio-i-tractament\/","og_locale":"es_ES","og_type":"article","og_title":"L'herpes labial: causes, prevenci\u00f3 i tractament - Col\u00b7legi de Farmac\u00e8utics de Barcelona","og_description":"L\u2019herpes\u00a0labial simple\u00a0\u00e9s una infecci\u00f3 v\u00edrica caracteritzada per l\u2019aparici\u00f3, en primer lloc, d\u2019una fase pr\u00e8via amb sensaci\u00f3 de picor.","og_url":"https:\/\/novaorg.cofb.net\/2022\/05\/05\/lherpes-labial-causes-prevencio-i-tractament\/","og_site_name":"Col\u00b7legi de Farmac\u00e8utics de Barcelona","article_publisher":"https:\/\/www.facebook.com\/farmaceuticsbcn\/","article_published_time":"2022-05-05T09:38:48+00:00","article_modified_time":"2023-10-10T07:18:42+00:00","og_image":[{"width":1024,"height":683,"url":"https:\/\/novaorg.cofb.net\/wp-content\/uploads\/2023\/07\/herpes-labial-1024x683-1.jpg","type":"image\/jpeg"}],"author":"wpAdminCofbOrg","twitter_card":"summary_large_image","twitter_creator":"@farmaceuticsbcn","twitter_site":"@farmaceuticsbcn","twitter_misc":{"Escrito por":"wpAdminCofbOrg","Tiempo de lectura":"4 minutos"},"schema":{"@context":"https:\/\/schema.org","@graph":[{"@type":"Article","@id":"https:\/\/novaorg.cofb.net\/2022\/05\/05\/lherpes-labial-causes-prevencio-i-tractament\/#article","isPartOf":{"@id":"https:\/\/novaorg.cofb.net\/2022\/05\/05\/lherpes-labial-causes-prevencio-i-tractament\/"},"author":{"name":"wpAdminCofbOrg","@id":"https:\/\/www.cofb.org\/#\/schema\/person\/22ed7eea88da74b0fa4d3154ad87ffcb"},"headline":"L&#8217;herpes labial: causes, prevenci\u00f3 i tractament","datePublished":"2022-05-05T09:38:48+00:00","dateModified":"2023-10-10T07:18:42+00:00","mainEntityOfPage":{"@id":"https:\/\/novaorg.cofb.net\/2022\/05\/05\/lherpes-labial-causes-prevencio-i-tractament\/"},"wordCount":804,"commentCount":0,"publisher":{"@id":"https:\/\/www.cofb.org\/#organization"},"image":{"@id":"https:\/\/novaorg.cofb.net\/2022\/05\/05\/lherpes-labial-causes-prevencio-i-tractament\/#primaryimage"},"thumbnailUrl":"https:\/\/www.cofb.org\/wp-content\/uploads\/2023\/07\/herpes-labial-1024x683-1.jpg","keywords":["COFB","Col\u00b7legi de Farmac\u00e8utics de Barcelona","consells","estr\u00e8s","febre","herpes","herpes labial","infecci\u00f3 v\u00edrica","m\u00f3n col\u00b7legial","prevenci\u00f3","tractament","virus"],"articleSection":["Destacats","Recomanacions del farmac\u00e8utic"],"inLanguage":"es","potentialAction":[{"@type":"CommentAction","name":"Comment","target":["https:\/\/novaorg.cofb.net\/2022\/05\/05\/lherpes-labial-causes-prevencio-i-tractament\/#respond"]}]},{"@type":"WebPage","@id":"https:\/\/novaorg.cofb.net\/2022\/05\/05\/lherpes-labial-causes-prevencio-i-tractament\/","url":"https:\/\/novaorg.cofb.net\/2022\/05\/05\/lherpes-labial-causes-prevencio-i-tractament\/","name":"L'herpes labial: causes, prevenci\u00f3 i tractament - Col\u00b7legi de Farmac\u00e8utics de Barcelona","isPartOf":{"@id":"https:\/\/www.cofb.org\/#website"},"primaryImageOfPage":{"@id":"https:\/\/novaorg.cofb.net\/2022\/05\/05\/lherpes-labial-causes-prevencio-i-tractament\/#primaryimage"},"image":{"@id":"https:\/\/novaorg.cofb.net\/2022\/05\/05\/lherpes-labial-causes-prevencio-i-tractament\/#primaryimage"},"thumbnailUrl":"https:\/\/www.cofb.org\/wp-content\/uploads\/2023\/07\/herpes-labial-1024x683-1.jpg","datePublished":"2022-05-05T09:38:48+00:00","dateModified":"2023-10-10T07:18:42+00:00","description":"L\u2019herpes\u00a0labial simple\u00a0\u00e9s una infecci\u00f3 v\u00edrica caracteritzada per l\u2019aparici\u00f3, en primer lloc, d\u2019una fase pr\u00e8via amb sensaci\u00f3 de picor.","breadcrumb":{"@id":"https:\/\/novaorg.cofb.net\/2022\/05\/05\/lherpes-labial-causes-prevencio-i-tractament\/#breadcrumb"},"inLanguage":"es","potentialAction":[{"@type":"ReadAction","target":["https:\/\/novaorg.cofb.net\/2022\/05\/05\/lherpes-labial-causes-prevencio-i-tractament\/"]}]},{"@type":"ImageObject","inLanguage":"es","@id":"https:\/\/novaorg.cofb.net\/2022\/05\/05\/lherpes-labial-causes-prevencio-i-tractament\/#primaryimage","url":"https:\/\/www.cofb.org\/wp-content\/uploads\/2023\/07\/herpes-labial-1024x683-1.jpg","contentUrl":"https:\/\/www.cofb.org\/wp-content\/uploads\/2023\/07\/herpes-labial-1024x683-1.jpg","width":1024,"height":683},{"@type":"BreadcrumbList","@id":"https:\/\/novaorg.cofb.net\/2022\/05\/05\/lherpes-labial-causes-prevencio-i-tractament\/#breadcrumb","itemListElement":[{"@type":"ListItem","position":1,"name":"Inici","item":"https:\/\/novaorg.cofb.net\/"},{"@type":"ListItem","position":2,"name":"L&#8217;herpes labial: causes, prevenci\u00f3 i tractament"}]},{"@type":"WebSite","@id":"https:\/\/www.cofb.org\/#website","url":"https:\/\/www.cofb.org\/","name":"Col\u00b7legi de Farmac\u00e8utics de Barcelona","description":"","publisher":{"@id":"https:\/\/www.cofb.org\/#organization"},"potentialAction":[{"@type":"SearchAction","target":{"@type":"EntryPoint","urlTemplate":"https:\/\/www.cofb.org\/?s={search_term_string}"},"query-input":"required name=search_term_string"}],"inLanguage":"es"},{"@type":"Organization","@id":"https:\/\/www.cofb.org\/#organization","name":"Col\u00b7legi de Farmac\u00e8utics de Barcelona","url":"https:\/\/www.cofb.org\/","logo":{"@type":"ImageObject","inLanguage":"es","@id":"https:\/\/www.cofb.org\/#\/schema\/logo\/image\/","url":"https:\/\/www.cofb.org\/wp-content\/uploads\/2023\/11\/cropped-Logotip-COFB.png","contentUrl":"https:\/\/www.cofb.org\/wp-content\/uploads\/2023\/11\/cropped-Logotip-COFB.png","width":500,"height":105,"caption":"Col\u00b7legi de Farmac\u00e8utics de Barcelona"},"image":{"@id":"https:\/\/www.cofb.org\/#\/schema\/logo\/image\/"},"sameAs":["https:\/\/www.facebook.com\/farmaceuticsbcn\/","https:\/\/twitter.com\/farmaceuticsbcn","https:\/\/www.instagram.com\/farmaceuticsbcn\/","https:\/\/www.linkedin.com\/company\/farmaceuticsbcn\/"]},{"@type":"Person","@id":"https:\/\/www.cofb.org\/#\/schema\/person\/22ed7eea88da74b0fa4d3154ad87ffcb","name":"wpAdminCofbOrg","image":{"@type":"ImageObject","inLanguage":"es","@id":"https:\/\/www.cofb.org\/#\/schema\/person\/image\/","url":"https:\/\/secure.gravatar.com\/avatar\/1721b20b3b8ca882c3b56ec6c978c594fff670e40c0718e9190eaeeb76aae7d8?s=96&d=mm&r=g","contentUrl":"https:\/\/secure.gravatar.com\/avatar\/1721b20b3b8ca882c3b56ec6c978c594fff670e40c0718e9190eaeeb76aae7d8?s=96&d=mm&r=g","caption":"wpAdminCofbOrg"},"sameAs":["http:\/\/192.168.64.122\/wordpress"],"url":"https:\/\/www.cofb.org\/es\/author\/wpadmincofborg\/"}]}},"uagb_featured_image_src":{"full":["https:\/\/www.cofb.org\/wp-content\/uploads\/2023\/07\/herpes-labial-1024x683-1.jpg",1024,683,false],"thumbnail":["https:\/\/www.cofb.org\/wp-content\/uploads\/2023\/07\/herpes-labial-1024x683-1-150x150.jpg",150,150,true],"medium":["https:\/\/www.cofb.org\/wp-content\/uploads\/2023\/07\/herpes-labial-1024x683-1-300x200.jpg",300,200,true],"medium_large":["https:\/\/www.cofb.org\/wp-content\/uploads\/2023\/07\/herpes-labial-1024x683-1-768x512.jpg",768,512,true],"large":["https:\/\/www.cofb.org\/wp-content\/uploads\/2023\/07\/herpes-labial-1024x683-1.jpg",1024,683,false],"1536x1536":["https:\/\/www.cofb.org\/wp-content\/uploads\/2023\/07\/herpes-labial-1024x683-1.jpg",1024,683,false],"2048x2048":["https:\/\/www.cofb.org\/wp-content\/uploads\/2023\/07\/herpes-labial-1024x683-1.jpg",1024,683,false],"trp-custom-language-flag":["https:\/\/www.cofb.org\/wp-content\/uploads\/2023\/07\/herpes-labial-1024x683-1.jpg",18,12,false]},"uagb_author_info":{"display_name":"wpAdminCofbOrg","author_link":"https:\/\/www.cofb.org\/es\/author\/wpadmincofborg\/"},"uagb_comment_info":0,"uagb_excerpt":"L\u2019herpes&nbsp;labial simple&nbsp;\u00e9s una infecci\u00f3 v\u00edrica&nbsp;caracteritzada per l\u2019aparici\u00f3, en primer lloc, d\u2019una fase pr\u00e8via amb sensaci\u00f3 de&nbsp;picor, co\u00efssor o formigueig&nbsp;a la pell dels llavis o prop de la boca, seguida d\u2019un&nbsp;envermelliment. Com a continuaci\u00f3 d\u2019aquest proc\u00e9s inicial, es formen unes&nbsp;ves\u00edcules petites i plenes de l\u00edquid clar. A partir d\u2019aqu\u00ed, comen\u00e7a la [&hellip;]","_links":{"self":[{"href":"https:\/\/www.cofb.org\/es\/wp-json\/wp\/v2\/posts\/62841","targetHints":{"allow":["GET"]}}],"collection":[{"href":"https:\/\/www.cofb.org\/es\/wp-json\/wp\/v2\/posts"}],"about":[{"href":"https:\/\/www.cofb.org\/es\/wp-json\/wp\/v2\/types\/post"}],"author":[{"embeddable":true,"href":"https:\/\/www.cofb.org\/es\/wp-json\/wp\/v2\/users\/1"}],"replies":[{"embeddable":true,"href":"https:\/\/www.cofb.org\/es\/wp-json\/wp\/v2\/comments?post=62841"}],"version-history":[{"count":3,"href":"https:\/\/www.cofb.org\/es\/wp-json\/wp\/v2\/posts\/62841\/revisions"}],"predecessor-version":[{"id":69048,"href":"https:\/\/www.cofb.org\/es\/wp-json\/wp\/v2\/posts\/62841\/revisions\/69048"}],"wp:featuredmedia":[{"embeddable":true,"href":"https:\/\/www.cofb.org\/es\/wp-json\/wp\/v2\/media\/67916"}],"wp:attachment":[{"href":"https:\/\/www.cofb.org\/es\/wp-json\/wp\/v2\/media?parent=62841"}],"wp:term":[{"taxonomy":"category","embeddable":true,"href":"https:\/\/www.cofb.org\/es\/wp-json\/wp\/v2\/categories?post=62841"},{"taxonomy":"post_tag","embeddable":true,"href":"https:\/\/www.cofb.org\/es\/wp-json\/wp\/v2\/tags?post=62841"}],"curies":[{"name":"wp","href":"https:\/\/api.w.org\/{rel}","templated":true}]}}