{"id":61948,"date":"2022-03-25T16:43:41","date_gmt":"2022-03-25T14:43:41","guid":{"rendered":"https:\/\/blog.cofb.cat\/?p=61948"},"modified":"2023-10-05T08:15:00","modified_gmt":"2023-10-05T08:15:00","slug":"infarma-madrid-2022-tanca-ledicio-amb-un-gran-exit","status":"publish","type":"post","link":"https:\/\/www.cofb.org\/es\/2022\/03\/25\/infarma-madrid-2022-tanca-ledicio-amb-un-gran-exit\/","title":{"rendered":"Infarma Madrid 2022 cierra la edici\u00f3n con un gran \u00e9xito"},"content":{"rendered":"<p>El pasado <strong>24 de marzo<\/strong> <a href=\"https:\/\/www.infarma.es\/\" target=\"_blank\" rel=\"noreferrer noopener\">Infarma<\/a> -lo <strong>Congreso<\/strong> y <strong>Sal\u00f3n <\/strong>farmac\u00e9utico organizado por los Colegios de Farmac\u00e9uticos de <a href=\"https:\/\/www.cofm.es\/es\/\" target=\"_blank\" rel=\"noreferrer noopener\">Madrid<\/a> y <a href=\"https:\/\/www.cofb.org\/es\/inici\/\" target=\"_blank\" rel=\"noreferrer noopener\">Barcelona<\/a>, junto con <a href=\"https:\/\/www.interalia.es\/en\/\" target=\"_blank\" rel=\"noreferrer noopener\">Interalia<\/a>\u2013 cerr\u00f3 una <strong>edici\u00f3n<\/strong> marcada, nuevamente, por el<strong>\u00e9xito de participaci\u00f3n<\/strong>. <\/p>\n\n\n\n<h2 class=\"wp-block-heading\"><strong>M\u00e1s de 430 empresas y laboratorios y 280 expositores directos<\/strong><\/h2>\n\n\n\n<p>En esta edici\u00f3n, Infarma ha conseguido un <strong>nuevo r\u00e9cord<\/strong> de <strong>participaci\u00f3n empresarial<\/strong>, con<strong> 430 empresas<\/strong> y <strong>laboratorios<\/strong> representadas, y <strong>280 expositores directos<\/strong>, repartidos en una superficie de <strong>m\u00e1s de 32.000 metros <\/strong>cuadrados sucios. <\/p>\n\n\n\n<figure class=\"wp-block-image size-large\"><img decoding=\"async\" src=\"https:\/\/blog.cofb.cat\/wp-content\/uploads\/2022\/03\/Infarma-2022-1024x576.jpg\" alt=\"\" class=\"wp-image-62038\"\/><\/figure>\n\n\n\n<p>Tal y como explicaba <strong>Luis Gonz\u00e1lez<\/strong>, presidente de Infarma y presidente en funciones del Colegio Oficial de Farmac\u00e9uticos de Madrid \u201cel <strong>Congreso<\/strong> y <strong>Sal\u00f3n<\/strong> se supera cada a\u00f1o y <strong>cada edici\u00f3n<\/strong> es m\u00e1s <strong>innovadora <\/strong>y <strong>participativa<\/strong>, <strong>m\u00e1s valiosa<\/strong> para sus participantes y <strong>representativa<\/strong> de la capacidad que tienen los <strong>profesionales <\/strong>de este sector por <strong>desarrollarse<\/strong>, <strong>innovar<\/strong> y <strong>crecer<\/strong>\u201d. Gonz\u00e1lez tambi\u00e9n destac\u00f3 la <strong>buena sinton\u00eda<\/strong> con el COFB a la hora de hacer posible Infarma. Por su parte, <strong>Jordi Casas<\/strong>, presidente del COFB, el \u201c<strong>r\u00e9cord de congresistas y expositores inscritos<\/strong>\u201d en esta edici\u00f3n, un hito de Infarma que \u201cdemuestra todo lo posible gracias a la colaboraci\u00f3n de los tres organizadores\u201d.<\/p>\n\n\n\n<p>M\u00e1s all\u00e1 del n\u00famero de congresistas inscritos, expositores y visitantes, la profesi\u00f3n farmac\u00e9utica ha asumido un especial protagonismo a lo largo de las <strong>m\u00e1s de 80 ponencias <\/strong>presentadas en Infarma y ha intervenido activamente en los debates y <strong>actividades paralelas<\/strong> que se han desarrollado durante el Congreso, como <strong>Infarmainnova<\/strong>, <strong>Iniciativas de \u00e9xito<\/strong> o <strong>Reto\u00c1gora<\/strong>, entre otros espacios abiertos en esta edici\u00f3n.<\/p>\n\n\n\n<h2 class=\"wp-block-heading\"><strong>Presencia activa del COFB en Infarma Madrid 2022<\/strong><\/h2>\n\n\n\n<h3 class=\"wp-block-heading\"><strong>Inauguraci\u00f3n<\/strong><\/h3>\n\n\n\n<p>El pasado 22 de marzo tuvo lugar el acto de inauguraci\u00f3n de Infarma Madrid 2022, con la presencia del consejero de Sanidad de la Comunidad de Madrid, Enrique Ruiz Escudero. Durante los parlamentos, Jordi Casas, presidente del COFB, afirm\u00f3 que &quot;todas las novedades que descubriremos en Infarma son el reflejo que la sociedad ha cambiado y el sector, dos a\u00f1os m\u00e1s tarde, no pod\u00eda quedarse igual&quot;. <\/p>\n\n\n\n<figure class=\"wp-block-image size-large\"><img decoding=\"async\" src=\"https:\/\/blog.cofb.cat\/wp-content\/uploads\/2022\/03\/Inauguracio-1024x548.jpeg\" alt=\"\" class=\"wp-image-62030\"\/><\/figure>\n\n\n\n<p>Esta edici\u00f3n ha vuelto a poner de manifiesto la estrecha colaboraci\u00f3n del Colegio de Farmac\u00e9uticos de Barcelona con el Colegio de Farmac\u00e9uticos de Madrid e Interalia, en la organizaci\u00f3n de Infarma.<br>Adem\u00e1s del trabajo organizativo conjunto, el COFB tuvo presencia activa en diversas actividades del Congreso:<\/p>\n\n\n\n<h3 class=\"wp-block-heading\"><strong>Inauguraci\u00f3n \u201cIniciativas de \u00e9xito\u201d<\/strong><\/h3>\n\n\n\n<p><strong>Guillermo Bagar\u00eda<\/strong>, vocal de Oficina de Farmacia del COFB, particip\u00f3 en la inauguraci\u00f3n de &quot;Iniciativas de \u00e9xito&quot;.<\/p>\n\n\n\n<figure class=\"wp-block-image size-full\"><img decoding=\"async\" src=\"https:\/\/blog.cofb.cat\/wp-content\/uploads\/2022\/03\/Guillermo-Bagaria.jpg\" alt=\"\" class=\"wp-image-62025\"\/><\/figure>\n\n\n\n<p><\/p>\n\n\n\n<h3 class=\"wp-block-heading\"><strong>\u00bfC\u00f3mo puede ayudar la nutrici\u00f3n en el envejecimiento saludable y la movilidad?<\/strong><\/h3>\n\n\n\n<p><strong>Anna Bach-Faig<\/strong>, vocal de Alimentaci\u00f3n y Nutrici\u00f3n del COFB, particip\u00f3 en esta mesa -patrocinada por Nestl\u00e9 Heath Science- sobre la intervenci\u00f3n del farmac\u00e9utico, a trav\u00e9s del consejo alimentario, en el envejecimiento saludable.<\/p>\n\n\n\n<figure class=\"wp-block-image size-full\"><img decoding=\"async\" src=\"https:\/\/blog.cofb.cat\/wp-content\/uploads\/2022\/03\/Envelliment-saludable-Anna-Bach-Faig.jpg\" alt=\"\" class=\"wp-image-62004\"\/><\/figure>\n\n\n<div class=\"destacat-blog\">\n\n\n<h3 class=\"wp-block-heading\"><strong>\u00c1gora Sanitaria, presente en Infarma Madrid 2022<\/strong><\/h3>\n\n\n\n<p>Durante los tres d\u00edas del congreso, en el Aula \u00c1gora, ubicada entre el pabell\u00f3n 1 y 3 del recinto ferial Ifema, los asistentes tuvieron la oportunidad de participar en <strong>12 talleres formativos con contenido cient\u00edfico<\/strong>, combinados con experiencias pr\u00e1cticas a trav\u00e9s de formatos interactivos. Todo ello, la edici\u00f3n en la que \u00c1gora Sanitaria -la plataforma de formaci\u00f3n online de los colegios de farmac\u00e9uticos de Madrid y Barcelona- celebraba 12 a\u00f1os. <\/p>\n\n\n\n<p><\/p>\n\n\n\n<figure class=\"wp-block-image size-large\"><img decoding=\"async\" src=\"https:\/\/blog.cofb.cat\/wp-content\/uploads\/2022\/03\/Agora-Infarma-2022-1024x602.jpg\" alt=\"\" class=\"wp-image-62048\"\/><\/figure>\n\n\n\n<p>Precisamente, una de las conferencias del Aula \u00c1gora fue la de Aina Surroca, secretaria del COFB. Concretamente, Surroca imparti\u00f3 la conferencia <strong>\u201cXerosis: de la ra\u00edz a la superficie\u201d<\/strong>.<\/p> <\/div>\n\n\n\n<h3 class=\"wp-block-heading\"><strong>Uso terap\u00e9utico del cannabis: reivindicaci\u00f3n social vs impacto de salud<\/strong><\/h3>\n\n\n\n<p><strong>Guillermo Bagar\u00eda<\/strong>, vocal de Oficina de Farmacia del COFB y J<strong>osep Allu\u00e9<\/strong>, vocal de Plantas Medicinales participaron en la mesa redonda \u201cUso terap\u00e9utico del cannabis. Reivindicaci\u00f3n social vs impacto de salud\u201d.<\/p>\n\n\n\n<figure class=\"wp-block-image size-large\"><img decoding=\"async\" src=\"https:\/\/blog.cofb.cat\/wp-content\/uploads\/2022\/03\/Guillermo-Bagaria-i-Josep-Allue-COFB-1024x586.jpg\" alt=\"\" class=\"wp-image-62006\"\/><\/figure>\n\n\n\n<h3 class=\"wp-block-heading\"><strong>Digitalizaci\u00f3n en la farmacia comunitaria<\/strong><\/h3>\n\n\n\n<p><strong>Nuria Bosch,<\/strong> vicepresidenta del COFB, particip\u00f3 en la mesa redonda \u201cDigitalizaci\u00f3n en la farmacia comunitaria\u201d, en la que se debatieron futuras soluciones en el \u00e1mbito de la digitalizaci\u00f3n de la oficina de farmacia. La vicepresidenta del COFB, N\u00faria Bosch, apunt\u00f3 que &quot;la farmacia espa\u00f1ola est\u00e1 digitalizada&quot; y que &quot;hay que seguir avanzando y definir qu\u00e9 queremos digitalizar, implicando a las personas al cambio&quot;.<\/p>\n\n\n\n<figure class=\"wp-block-image size-full\"><img decoding=\"async\" src=\"https:\/\/blog.cofb.cat\/wp-content\/uploads\/2022\/03\/Nuria-Bosch-digitalitzacioCOFB.jpg\" alt=\"\" class=\"wp-image-62008\"\/><\/figure>\n\n\n\n<h3 class=\"wp-block-heading\"><strong>Los productos naturales est\u00e1n en la farmacia. \u00a1Conf\u00eda en los expertos en plantas medicinales!<\/strong><\/h3>\n\n\n\n<p><strong>Josep Allu\u00e9<\/strong>, vocal de Plantas Medicinales del COFB, particip\u00f3 en esta mesa redonda en torno a los productos naturales. <\/p>\n\n\n\n<figure class=\"wp-block-image size-large\"><img decoding=\"async\" src=\"https:\/\/blog.cofb.cat\/wp-content\/uploads\/2022\/03\/Josep-Allue-productes-naturals-COFB-1024x768.jpeg\" alt=\"\" class=\"wp-image-62010\"\/><\/figure>\n\n\n\n<h3 class=\"wp-block-heading\"><strong>Actuaciones realizadas desde los colegios profesionales de apoyo a la labor de las farmacias<\/strong><\/h3>\n\n\n\n<p><strong>Marta Roig<\/strong>, vocal del COFB y responsable de la Comisi\u00f3n de Deontolog\u00eda, particip\u00f3 en la mesa redonda \u201cActuaciones realizadas desde los colegios profesionales de apoyo a las farmacias\u201d. Roig present\u00f3 la Gu\u00eda de Autoinspecci\u00f3n del COFB.<\/p>\n\n\n\n<figure class=\"wp-block-image size-large\"><img decoding=\"async\" src=\"https:\/\/blog.cofb.cat\/wp-content\/uploads\/2022\/03\/Marta-Roig-COFB-1024x629.jpg\" alt=\"\" class=\"wp-image-62012\"\/><\/figure>\n\n\n\n<h3 class=\"wp-block-heading\"><strong>Farmacogen\u00e9tica en la farmacia: luces y sombras<\/strong><\/h3>\n\n\n\n<p><strong>Guillermo Bagar\u00eda<\/strong>, vocal de oficina de Farmacia del COFB, particip\u00f3 en la mesa redonda sobre farmacogen\u00e9tica.<\/p>\n\n\n\n<figure class=\"wp-block-image size-full\"><img decoding=\"async\" src=\"https:\/\/blog.cofb.cat\/wp-content\/uploads\/2022\/03\/Guillermo-Bagaria-Oficina-de-Farmacia.jpg\" alt=\"\" class=\"wp-image-62013\"\/><\/figure>\n\n\n\n<h3 class=\"wp-block-heading\"><strong>TARS en la farmacia: experiencias en Espa\u00f1a y Portugal<\/strong><\/h3>\n\n\n\n<p><strong>Aina Surroca<\/strong>, secretaria del COFB, particip\u00f3 en la mesa redonda, junto con <strong>Montse Giron\u00e8s<\/strong>, secretaria del CCFC.<\/p>\n\n\n\n<figure class=\"wp-block-image size-full\"><img decoding=\"async\" src=\"https:\/\/blog.cofb.cat\/wp-content\/uploads\/2022\/03\/Aina-Surroca-secretaria-TAR-COFB.jpg\" alt=\"\" class=\"wp-image-62063\"\/><\/figure>\n\n\n\n<h3 class=\"wp-block-heading\"><strong>Plataforma de screening de mol\u00e9culas antivirales frente al SARS-CoV-2<\/strong><\/h3>\n\n\n\n<p><strong>Marta Gento<\/strong>, vicetesorera del COFB, introdujo la conferencia del dr. Urtzi Garaigorta, investigador del Centro Nacional de Biotecnolog\u00eda (CSIC).<br><\/p>\n\n\n\n<figure class=\"wp-block-image size-large\"><img decoding=\"async\" src=\"https:\/\/blog.cofb.cat\/wp-content\/uploads\/2022\/03\/Marta-Gento-COFB-1024x768.jpeg\" alt=\"\" class=\"wp-image-62022\"\/><\/figure>\n\n\n<div class=\"destacat-blog\">\n\n\n<h2 class=\"wp-block-heading\"><strong>Infarma Solidario recauda m\u00e1s de 25.000\u20ac<\/strong><\/h2>\n\n\n\n<p>Infarma Solidario ha recaudado <strong>25.260\u20ac <\/strong>para la <strong>cl\u00ednica maternoinfantil <\/strong><em>Let Children Have Health<\/em> de Meki, en Etiop\u00eda, gracias a la recaudaci\u00f3n del espect\u00e1culo organizado en el marco de<strong>Infarma Madrid 2022<\/strong> y de los patrocinadores de la quinta edici\u00f3n de Infarma Solidario.<\/p>\n\n\n\n<figure class=\"wp-block-image size-large\"><img decoding=\"async\" src=\"https:\/\/blog.cofb.cat\/wp-content\/uploads\/2022\/03\/Infarma-Solidario-1024x620.jpg\" alt=\"\" class=\"wp-image-62042\"\/><\/figure>\n\n\n\n<p>Este centro, gestionado por la Fundaci\u00f3n Pablo Horstmann, ofrece <strong>asistencia m\u00e9dica gratuita<\/strong> a toda la poblaci\u00f3n infantil ya las mujeres de la localidad et\u00edope desde 2012, atendiendo <strong>m\u00e1s de 15.600 ni\u00f1os<\/strong> y <strong>7.000 mujeres embarazadas<\/strong> al a\u00f1o. Con los fondos recaudados se financiar\u00e1 la compra de medicinas, los <strong>salarios de dos farmac\u00e9uticos<\/strong> y uno <strong>encargado del almac\u00e9n<\/strong> durante un a\u00f1o o la compra de equipos que permitan diagnosticar patolog\u00edas complejas.<\/p>\n\n\n\n<p>La edici\u00f3n de este a\u00f1o de<strong>Infarma Solidario<\/strong> ha contado con los <strong>patrocinios<\/strong> de Cofares, Pierre Fabre, Brill Pharma, Cinfa, Reig Jofre, Farmaconsulting, Cambrass Farma y MediformPlus.<\/p> <\/div>\n\n\n\n<h2 class=\"wp-block-heading\"><strong>Clausura<\/strong><\/h2>\n\n\n\n<p>En la clausura, Jordi Casas apunt\u00f3 que \u201cInfarma refleja la realidad de la farmacia: innovaci\u00f3n, desarrollo profesional y vertiente social. Tomamos el relevo para celebrar Infarma Barcelona 2023 con el reto de igualar esta edici\u00f3n\u201d. <\/p>\n\n\n\n<figure class=\"wp-block-image size-large\"><img decoding=\"async\" src=\"https:\/\/blog.cofb.cat\/wp-content\/uploads\/2022\/03\/0.-Infarma-Madrid-2022-Clausura-1024x508.png\" alt=\"\" class=\"wp-image-62035\"\/><\/figure>\n\n\n\n<h4 class=\"wp-block-heading\"><strong>Infarma Barcelona 2023 ya tiene fechas<\/strong><\/h4>\n\n\n\n<p>El Colegio de Farmac\u00e9uticos de Madrid cedi\u00f3 el testigo al Colegio de Barcelona. Jordi Casas, presidente del COFB, hizo referencia a la pr\u00f3xima cita de Infarma, que se celebrar\u00e1 en la capital catalana. Ser\u00e1 los d\u00edas <strong>14, 15 <\/strong>y<strong> 16 de marzo<\/strong> de 2023. <\/p>\n\n\n\n<figure class=\"wp-block-image size-large\"><img decoding=\"async\" src=\"https:\/\/blog.cofb.cat\/wp-content\/uploads\/2022\/03\/Infarma-Barcelona-2023-1024x551.jpg\" alt=\"\" class=\"wp-image-62052\"\/><\/figure>\n\n\n\n<p>Casas anim\u00f3 a todos los profesionales, congresistas y empresas del sector a reencontrarse, de nuevo, en Fira Barcelona dentro de un a\u00f1o: \u201cNos vemos en Barcelona\u201d, concluy\u00f3. <\/p>","protected":false},"excerpt":{"rendered":"<p>El pasado 24 de marzo Infarma -el Congreso y Sal\u00f3n farmac\u00e9utico organizado por los Colegios de Farmac\u00e9uticos de Madrid y Barcelona, junto a Interalia- cerr\u00f3 una edici\u00f3n marcada, de nuevo, por el \u00e9xito de participaci\u00f3n. M\u00e1s de 430 empresas y laboratorios y 280 expositores directos En esta edici\u00f3n, Infarma ha logrado un [\u2026]<\/p>","protected":false},"author":1,"featured_media":67944,"comment_status":"open","ping_status":"open","sticky":false,"template":"","format":"standard","meta":{"_uag_custom_page_level_css":"","site-sidebar-layout":"default","site-content-layout":"","ast-site-content-layout":"default","site-content-style":"default","site-sidebar-style":"default","ast-global-header-display":"","ast-banner-title-visibility":"","ast-main-header-display":"","ast-hfb-above-header-display":"","ast-hfb-below-header-display":"","ast-hfb-mobile-header-display":"","site-post-title":"","ast-breadcrumbs-content":"","ast-featured-img":"disabled","footer-sml-layout":"","theme-transparent-header-meta":"","adv-header-id-meta":"","stick-header-meta":"","header-above-stick-meta":"","header-main-stick-meta":"","header-below-stick-meta":"","astra-migrate-meta-layouts":"default","ast-page-background-enabled":"default","ast-page-background-meta":{"desktop":{"background-color":"var(--ast-global-color-4)","background-image":"","background-repeat":"repeat","background-position":"center center","background-size":"auto","background-attachment":"scroll","background-type":"","background-media":"","overlay-type":"","overlay-color":"","overlay-opacity":"","overlay-gradient":""},"tablet":{"background-color":"","background-image":"","background-repeat":"repeat","background-position":"center center","background-size":"auto","background-attachment":"scroll","background-type":"","background-media":"","overlay-type":"","overlay-color":"","overlay-opacity":"","overlay-gradient":""},"mobile":{"background-color":"","background-image":"","background-repeat":"repeat","background-position":"center center","background-size":"auto","background-attachment":"scroll","background-type":"","background-media":"","overlay-type":"","overlay-color":"","overlay-opacity":"","overlay-gradient":""}},"ast-content-background-meta":{"desktop":{"background-color":"var(--ast-global-color-5)","background-image":"","background-repeat":"repeat","background-position":"center center","background-size":"auto","background-attachment":"scroll","background-type":"","background-media":"","overlay-type":"","overlay-color":"","overlay-opacity":"","overlay-gradient":""},"tablet":{"background-color":"var(--ast-global-color-5)","background-image":"","background-repeat":"repeat","background-position":"center center","background-size":"auto","background-attachment":"scroll","background-type":"","background-media":"","overlay-type":"","overlay-color":"","overlay-opacity":"","overlay-gradient":""},"mobile":{"background-color":"var(--ast-global-color-5)","background-image":"","background-repeat":"repeat","background-position":"center center","background-size":"auto","background-attachment":"scroll","background-type":"","background-media":"","overlay-type":"","overlay-color":"","overlay-opacity":"","overlay-gradient":""}},"footnotes":""},"categories":[23,114],"tags":[64,19,504,469,90,627,628,53,68,69,70,236,575,76,509,586],"class_list":["post-61948","post","type-post","status-publish","format-standard","has-post-thumbnail","hentry","category-destacats","category-infarma-n","tag-atencio-farmaceutica","tag-collegi-de-farmaceutics-de-barcelona","tag-congres-2","tag-coronavirus","tag-covid-19","tag-debat","tag-exit","tag-farmaceutics","tag-farmacia","tag-farmacia-comunitaria","tag-formacio","tag-infarma-solidario","tag-innovacio","tag-oficina-de-farmacia","tag-salo","tag-solidaritat"],"yoast_head":"<!-- This site is optimized with the Yoast SEO plugin v22.4 - https:\/\/yoast.com\/wordpress\/plugins\/seo\/ -->\n<title>Infarma Madrid 2022 tanca l&#039;edici\u00f3 amb un gran \u00e8xit - Col\u00b7legi de Farmac\u00e8utics de Barcelona<\/title>\n<meta name=\"description\" content=\"El passat 24 de mar\u00e7 Infarma -el Congr\u00e9s i sal\u00f3 farmac\u00e8utic organitzat pels Col\u00b7legis de Farmac\u00e8utics de Madrid i Barcelona, juntament amb Interalia- va tancar una edici\u00f3 marcada, novament, per l&#039;\u00e8xit de participaci\u00f3.\" \/>\n<meta name=\"robots\" content=\"index, follow, max-snippet:-1, max-image-preview:large, max-video-preview:-1\" \/>\n<link rel=\"canonical\" href=\"https:\/\/www.cofb.org\/es\/2022\/03\/25\/infarma-madrid-2022-tanca-ledicio-amb-un-gran-exit\/\" \/>\n<meta property=\"og:locale\" content=\"es_ES\" \/>\n<meta property=\"og:type\" content=\"article\" \/>\n<meta property=\"og:title\" content=\"Infarma Madrid 2022 tanca l&#039;edici\u00f3 amb un gran \u00e8xit - Col\u00b7legi de Farmac\u00e8utics de Barcelona\" \/>\n<meta property=\"og:description\" content=\"El passat 24 de mar\u00e7 Infarma -el Congr\u00e9s i sal\u00f3 farmac\u00e8utic organitzat pels Col\u00b7legis de Farmac\u00e8utics de Madrid i Barcelona, juntament amb Interalia- va tancar una edici\u00f3 marcada, novament, per l&#039;\u00e8xit de participaci\u00f3.\" \/>\n<meta property=\"og:url\" content=\"https:\/\/www.cofb.org\/es\/2022\/03\/25\/infarma-madrid-2022-tanca-ledicio-amb-un-gran-exit\/\" \/>\n<meta property=\"og:site_name\" content=\"Col\u00b7legi de Farmac\u00e8utics de Barcelona\" \/>\n<meta property=\"article:publisher\" content=\"https:\/\/www.facebook.com\/farmaceuticsbcn\/\" \/>\n<meta property=\"article:published_time\" content=\"2022-03-25T14:43:41+00:00\" \/>\n<meta property=\"article:modified_time\" content=\"2023-10-05T08:15:00+00:00\" \/>\n<meta property=\"og:image\" content=\"https:\/\/novaorg.cofb.net\/wp-content\/uploads\/2023\/07\/Infarma-2022-1024x576-1.jpg\" \/>\n\t<meta property=\"og:image:width\" content=\"1024\" \/>\n\t<meta property=\"og:image:height\" content=\"576\" \/>\n\t<meta property=\"og:image:type\" content=\"image\/jpeg\" \/>\n<meta name=\"author\" content=\"wpAdminCofbOrg\" \/>\n<meta name=\"twitter:card\" content=\"summary_large_image\" \/>\n<meta name=\"twitter:creator\" content=\"@farmaceuticsbcn\" \/>\n<meta name=\"twitter:site\" content=\"@farmaceuticsbcn\" \/>\n<meta name=\"twitter:label1\" content=\"Escrito por\" \/>\n\t<meta name=\"twitter:data1\" content=\"wpAdminCofbOrg\" \/>\n\t<meta name=\"twitter:label2\" content=\"Tiempo de lectura\" \/>\n\t<meta name=\"twitter:data2\" content=\"8 minutos\" \/>\n<script type=\"application\/ld+json\" class=\"yoast-schema-graph\">{\"@context\":\"https:\/\/schema.org\",\"@graph\":[{\"@type\":\"Article\",\"@id\":\"https:\/\/www.cofb.org\/2022\/03\/25\/infarma-madrid-2022-tanca-ledicio-amb-un-gran-exit\/#article\",\"isPartOf\":{\"@id\":\"https:\/\/www.cofb.org\/2022\/03\/25\/infarma-madrid-2022-tanca-ledicio-amb-un-gran-exit\/\"},\"author\":{\"name\":\"wpAdminCofbOrg\",\"@id\":\"https:\/\/www.cofb.org\/#\/schema\/person\/22ed7eea88da74b0fa4d3154ad87ffcb\"},\"headline\":\"Infarma Madrid 2022 tanca l&#8217;edici\u00f3 amb un gran \u00e8xit\",\"datePublished\":\"2022-03-25T14:43:41+00:00\",\"dateModified\":\"2023-10-05T08:15:00+00:00\",\"mainEntityOfPage\":{\"@id\":\"https:\/\/www.cofb.org\/2022\/03\/25\/infarma-madrid-2022-tanca-ledicio-amb-un-gran-exit\/\"},\"wordCount\":1178,\"commentCount\":0,\"publisher\":{\"@id\":\"https:\/\/www.cofb.org\/#organization\"},\"image\":{\"@id\":\"https:\/\/www.cofb.org\/2022\/03\/25\/infarma-madrid-2022-tanca-ledicio-amb-un-gran-exit\/#primaryimage\"},\"thumbnailUrl\":\"https:\/\/www.cofb.org\/wp-content\/uploads\/2023\/07\/Infarma-2022-1024x576-1.jpg\",\"keywords\":[\"Atenci\u00f3 farmac\u00e8utica\",\"Col\u00b7legi de Farmac\u00e8utics de Barcelona\",\"Congr\u00e9s\",\"coronavirus\",\"COVID-19\",\"debat\",\"\u00e8xit\",\"farmac\u00e8utics\",\"Farm\u00e0cia\",\"farm\u00e0cia comunit\u00e0ria\",\"Formaci\u00f3\",\"Infarma Solidario\",\"innovaci\u00f3\",\"Oficina de farm\u00e0cia\",\"Sal\u00f3\",\"solidaritat\"],\"articleSection\":[\"Destacats\",\"Infarma Barcelona\"],\"inLanguage\":\"es\",\"potentialAction\":[{\"@type\":\"CommentAction\",\"name\":\"Comment\",\"target\":[\"https:\/\/www.cofb.org\/2022\/03\/25\/infarma-madrid-2022-tanca-ledicio-amb-un-gran-exit\/#respond\"]}]},{\"@type\":\"WebPage\",\"@id\":\"https:\/\/www.cofb.org\/2022\/03\/25\/infarma-madrid-2022-tanca-ledicio-amb-un-gran-exit\/\",\"url\":\"https:\/\/www.cofb.org\/2022\/03\/25\/infarma-madrid-2022-tanca-ledicio-amb-un-gran-exit\/\",\"name\":\"Infarma Madrid 2022 tanca l'edici\u00f3 amb un gran \u00e8xit - Col\u00b7legi de Farmac\u00e8utics de Barcelona\",\"isPartOf\":{\"@id\":\"https:\/\/www.cofb.org\/#website\"},\"primaryImageOfPage\":{\"@id\":\"https:\/\/www.cofb.org\/2022\/03\/25\/infarma-madrid-2022-tanca-ledicio-amb-un-gran-exit\/#primaryimage\"},\"image\":{\"@id\":\"https:\/\/www.cofb.org\/2022\/03\/25\/infarma-madrid-2022-tanca-ledicio-amb-un-gran-exit\/#primaryimage\"},\"thumbnailUrl\":\"https:\/\/www.cofb.org\/wp-content\/uploads\/2023\/07\/Infarma-2022-1024x576-1.jpg\",\"datePublished\":\"2022-03-25T14:43:41+00:00\",\"dateModified\":\"2023-10-05T08:15:00+00:00\",\"description\":\"El passat 24 de mar\u00e7 Infarma -el Congr\u00e9s i sal\u00f3 farmac\u00e8utic organitzat pels Col\u00b7legis de Farmac\u00e8utics de Madrid i Barcelona, juntament amb Interalia- va tancar una edici\u00f3 marcada, novament, per l'\u00e8xit de participaci\u00f3.\",\"breadcrumb\":{\"@id\":\"https:\/\/www.cofb.org\/2022\/03\/25\/infarma-madrid-2022-tanca-ledicio-amb-un-gran-exit\/#breadcrumb\"},\"inLanguage\":\"es\",\"potentialAction\":[{\"@type\":\"ReadAction\",\"target\":[\"https:\/\/www.cofb.org\/2022\/03\/25\/infarma-madrid-2022-tanca-ledicio-amb-un-gran-exit\/\"]}]},{\"@type\":\"ImageObject\",\"inLanguage\":\"es\",\"@id\":\"https:\/\/www.cofb.org\/2022\/03\/25\/infarma-madrid-2022-tanca-ledicio-amb-un-gran-exit\/#primaryimage\",\"url\":\"https:\/\/www.cofb.org\/wp-content\/uploads\/2023\/07\/Infarma-2022-1024x576-1.jpg\",\"contentUrl\":\"https:\/\/www.cofb.org\/wp-content\/uploads\/2023\/07\/Infarma-2022-1024x576-1.jpg\",\"width\":1024,\"height\":576},{\"@type\":\"BreadcrumbList\",\"@id\":\"https:\/\/www.cofb.org\/2022\/03\/25\/infarma-madrid-2022-tanca-ledicio-amb-un-gran-exit\/#breadcrumb\",\"itemListElement\":[{\"@type\":\"ListItem\",\"position\":1,\"name\":\"Inici\",\"item\":\"https:\/\/novaorg.cofb.net\/\"},{\"@type\":\"ListItem\",\"position\":2,\"name\":\"Infarma Madrid 2022 tanca l&#8217;edici\u00f3 amb un gran \u00e8xit\"}]},{\"@type\":\"WebSite\",\"@id\":\"https:\/\/www.cofb.org\/#website\",\"url\":\"https:\/\/www.cofb.org\/\",\"name\":\"Col\u00b7legi de Farmac\u00e8utics de Barcelona\",\"description\":\"\",\"publisher\":{\"@id\":\"https:\/\/www.cofb.org\/#organization\"},\"potentialAction\":[{\"@type\":\"SearchAction\",\"target\":{\"@type\":\"EntryPoint\",\"urlTemplate\":\"https:\/\/www.cofb.org\/?s={search_term_string}\"},\"query-input\":\"required name=search_term_string\"}],\"inLanguage\":\"es\"},{\"@type\":\"Organization\",\"@id\":\"https:\/\/www.cofb.org\/#organization\",\"name\":\"Col\u00b7legi de Farmac\u00e8utics de Barcelona\",\"url\":\"https:\/\/www.cofb.org\/\",\"logo\":{\"@type\":\"ImageObject\",\"inLanguage\":\"es\",\"@id\":\"https:\/\/www.cofb.org\/#\/schema\/logo\/image\/\",\"url\":\"https:\/\/www.cofb.org\/wp-content\/uploads\/2023\/11\/cropped-Logotip-COFB.png\",\"contentUrl\":\"https:\/\/www.cofb.org\/wp-content\/uploads\/2023\/11\/cropped-Logotip-COFB.png\",\"width\":500,\"height\":105,\"caption\":\"Col\u00b7legi de Farmac\u00e8utics de Barcelona\"},\"image\":{\"@id\":\"https:\/\/www.cofb.org\/#\/schema\/logo\/image\/\"},\"sameAs\":[\"https:\/\/www.facebook.com\/farmaceuticsbcn\/\",\"https:\/\/twitter.com\/farmaceuticsbcn\",\"https:\/\/www.instagram.com\/farmaceuticsbcn\/\",\"https:\/\/www.linkedin.com\/company\/farmaceuticsbcn\/\"]},{\"@type\":\"Person\",\"@id\":\"https:\/\/www.cofb.org\/#\/schema\/person\/22ed7eea88da74b0fa4d3154ad87ffcb\",\"name\":\"wpAdminCofbOrg\",\"image\":{\"@type\":\"ImageObject\",\"inLanguage\":\"es\",\"@id\":\"https:\/\/www.cofb.org\/#\/schema\/person\/image\/\",\"url\":\"https:\/\/secure.gravatar.com\/avatar\/1721b20b3b8ca882c3b56ec6c978c594fff670e40c0718e9190eaeeb76aae7d8?s=96&d=mm&r=g\",\"contentUrl\":\"https:\/\/secure.gravatar.com\/avatar\/1721b20b3b8ca882c3b56ec6c978c594fff670e40c0718e9190eaeeb76aae7d8?s=96&d=mm&r=g\",\"caption\":\"wpAdminCofbOrg\"},\"sameAs\":[\"http:\/\/192.168.64.122\/wordpress\"],\"url\":\"https:\/\/www.cofb.org\/es\/author\/wpadmincofborg\/\"}]}<\/script>\n<!-- \/ Yoast SEO plugin. -->","yoast_head_json":{"title":"Infarma Madrid 2022 tanca l'edici\u00f3 amb un gran \u00e8xit - Col\u00b7legi de Farmac\u00e8utics de Barcelona","description":"El passat 24 de mar\u00e7 Infarma -el Congr\u00e9s i sal\u00f3 farmac\u00e8utic organitzat pels Col\u00b7legis de Farmac\u00e8utics de Madrid i Barcelona, juntament amb Interalia- va tancar una edici\u00f3 marcada, novament, per l'\u00e8xit de participaci\u00f3.","robots":{"index":"index","follow":"follow","max-snippet":"max-snippet:-1","max-image-preview":"max-image-preview:large","max-video-preview":"max-video-preview:-1"},"canonical":"https:\/\/www.cofb.org\/es\/2022\/03\/25\/infarma-madrid-2022-tanca-ledicio-amb-un-gran-exit\/","og_locale":"es_ES","og_type":"article","og_title":"Infarma Madrid 2022 tanca l'edici\u00f3 amb un gran \u00e8xit - Col\u00b7legi de Farmac\u00e8utics de Barcelona","og_description":"El passat 24 de mar\u00e7 Infarma -el Congr\u00e9s i sal\u00f3 farmac\u00e8utic organitzat pels Col\u00b7legis de Farmac\u00e8utics de Madrid i Barcelona, juntament amb Interalia- va tancar una edici\u00f3 marcada, novament, per l'\u00e8xit de participaci\u00f3.","og_url":"https:\/\/www.cofb.org\/es\/2022\/03\/25\/infarma-madrid-2022-tanca-ledicio-amb-un-gran-exit\/","og_site_name":"Col\u00b7legi de Farmac\u00e8utics de Barcelona","article_publisher":"https:\/\/www.facebook.com\/farmaceuticsbcn\/","article_published_time":"2022-03-25T14:43:41+00:00","article_modified_time":"2023-10-05T08:15:00+00:00","og_image":[{"width":1024,"height":576,"url":"https:\/\/novaorg.cofb.net\/wp-content\/uploads\/2023\/07\/Infarma-2022-1024x576-1.jpg","type":"image\/jpeg"}],"author":"wpAdminCofbOrg","twitter_card":"summary_large_image","twitter_creator":"@farmaceuticsbcn","twitter_site":"@farmaceuticsbcn","twitter_misc":{"Escrito por":"wpAdminCofbOrg","Tiempo de lectura":"8 minutos"},"schema":{"@context":"https:\/\/schema.org","@graph":[{"@type":"Article","@id":"https:\/\/www.cofb.org\/2022\/03\/25\/infarma-madrid-2022-tanca-ledicio-amb-un-gran-exit\/#article","isPartOf":{"@id":"https:\/\/www.cofb.org\/2022\/03\/25\/infarma-madrid-2022-tanca-ledicio-amb-un-gran-exit\/"},"author":{"name":"wpAdminCofbOrg","@id":"https:\/\/www.cofb.org\/#\/schema\/person\/22ed7eea88da74b0fa4d3154ad87ffcb"},"headline":"Infarma Madrid 2022 tanca l&#8217;edici\u00f3 amb un gran \u00e8xit","datePublished":"2022-03-25T14:43:41+00:00","dateModified":"2023-10-05T08:15:00+00:00","mainEntityOfPage":{"@id":"https:\/\/www.cofb.org\/2022\/03\/25\/infarma-madrid-2022-tanca-ledicio-amb-un-gran-exit\/"},"wordCount":1178,"commentCount":0,"publisher":{"@id":"https:\/\/www.cofb.org\/#organization"},"image":{"@id":"https:\/\/www.cofb.org\/2022\/03\/25\/infarma-madrid-2022-tanca-ledicio-amb-un-gran-exit\/#primaryimage"},"thumbnailUrl":"https:\/\/www.cofb.org\/wp-content\/uploads\/2023\/07\/Infarma-2022-1024x576-1.jpg","keywords":["Atenci\u00f3 farmac\u00e8utica","Col\u00b7legi de Farmac\u00e8utics de Barcelona","Congr\u00e9s","coronavirus","COVID-19","debat","\u00e8xit","farmac\u00e8utics","Farm\u00e0cia","farm\u00e0cia comunit\u00e0ria","Formaci\u00f3","Infarma Solidario","innovaci\u00f3","Oficina de farm\u00e0cia","Sal\u00f3","solidaritat"],"articleSection":["Destacats","Infarma Barcelona"],"inLanguage":"es","potentialAction":[{"@type":"CommentAction","name":"Comment","target":["https:\/\/www.cofb.org\/2022\/03\/25\/infarma-madrid-2022-tanca-ledicio-amb-un-gran-exit\/#respond"]}]},{"@type":"WebPage","@id":"https:\/\/www.cofb.org\/2022\/03\/25\/infarma-madrid-2022-tanca-ledicio-amb-un-gran-exit\/","url":"https:\/\/www.cofb.org\/2022\/03\/25\/infarma-madrid-2022-tanca-ledicio-amb-un-gran-exit\/","name":"Infarma Madrid 2022 tanca l'edici\u00f3 amb un gran \u00e8xit - Col\u00b7legi de Farmac\u00e8utics de Barcelona","isPartOf":{"@id":"https:\/\/www.cofb.org\/#website"},"primaryImageOfPage":{"@id":"https:\/\/www.cofb.org\/2022\/03\/25\/infarma-madrid-2022-tanca-ledicio-amb-un-gran-exit\/#primaryimage"},"image":{"@id":"https:\/\/www.cofb.org\/2022\/03\/25\/infarma-madrid-2022-tanca-ledicio-amb-un-gran-exit\/#primaryimage"},"thumbnailUrl":"https:\/\/www.cofb.org\/wp-content\/uploads\/2023\/07\/Infarma-2022-1024x576-1.jpg","datePublished":"2022-03-25T14:43:41+00:00","dateModified":"2023-10-05T08:15:00+00:00","description":"El passat 24 de mar\u00e7 Infarma -el Congr\u00e9s i sal\u00f3 farmac\u00e8utic organitzat pels Col\u00b7legis de Farmac\u00e8utics de Madrid i Barcelona, juntament amb Interalia- va tancar una edici\u00f3 marcada, novament, per l'\u00e8xit de participaci\u00f3.","breadcrumb":{"@id":"https:\/\/www.cofb.org\/2022\/03\/25\/infarma-madrid-2022-tanca-ledicio-amb-un-gran-exit\/#breadcrumb"},"inLanguage":"es","potentialAction":[{"@type":"ReadAction","target":["https:\/\/www.cofb.org\/2022\/03\/25\/infarma-madrid-2022-tanca-ledicio-amb-un-gran-exit\/"]}]},{"@type":"ImageObject","inLanguage":"es","@id":"https:\/\/www.cofb.org\/2022\/03\/25\/infarma-madrid-2022-tanca-ledicio-amb-un-gran-exit\/#primaryimage","url":"https:\/\/www.cofb.org\/wp-content\/uploads\/2023\/07\/Infarma-2022-1024x576-1.jpg","contentUrl":"https:\/\/www.cofb.org\/wp-content\/uploads\/2023\/07\/Infarma-2022-1024x576-1.jpg","width":1024,"height":576},{"@type":"BreadcrumbList","@id":"https:\/\/www.cofb.org\/2022\/03\/25\/infarma-madrid-2022-tanca-ledicio-amb-un-gran-exit\/#breadcrumb","itemListElement":[{"@type":"ListItem","position":1,"name":"Inici","item":"https:\/\/novaorg.cofb.net\/"},{"@type":"ListItem","position":2,"name":"Infarma Madrid 2022 tanca l&#8217;edici\u00f3 amb un gran \u00e8xit"}]},{"@type":"WebSite","@id":"https:\/\/www.cofb.org\/#website","url":"https:\/\/www.cofb.org\/","name":"Col\u00b7legi de Farmac\u00e8utics de Barcelona","description":"","publisher":{"@id":"https:\/\/www.cofb.org\/#organization"},"potentialAction":[{"@type":"SearchAction","target":{"@type":"EntryPoint","urlTemplate":"https:\/\/www.cofb.org\/?s={search_term_string}"},"query-input":"required name=search_term_string"}],"inLanguage":"es"},{"@type":"Organization","@id":"https:\/\/www.cofb.org\/#organization","name":"Col\u00b7legi de Farmac\u00e8utics de Barcelona","url":"https:\/\/www.cofb.org\/","logo":{"@type":"ImageObject","inLanguage":"es","@id":"https:\/\/www.cofb.org\/#\/schema\/logo\/image\/","url":"https:\/\/www.cofb.org\/wp-content\/uploads\/2023\/11\/cropped-Logotip-COFB.png","contentUrl":"https:\/\/www.cofb.org\/wp-content\/uploads\/2023\/11\/cropped-Logotip-COFB.png","width":500,"height":105,"caption":"Col\u00b7legi de Farmac\u00e8utics de Barcelona"},"image":{"@id":"https:\/\/www.cofb.org\/#\/schema\/logo\/image\/"},"sameAs":["https:\/\/www.facebook.com\/farmaceuticsbcn\/","https:\/\/twitter.com\/farmaceuticsbcn","https:\/\/www.instagram.com\/farmaceuticsbcn\/","https:\/\/www.linkedin.com\/company\/farmaceuticsbcn\/"]},{"@type":"Person","@id":"https:\/\/www.cofb.org\/#\/schema\/person\/22ed7eea88da74b0fa4d3154ad87ffcb","name":"wpAdminCofbOrg","image":{"@type":"ImageObject","inLanguage":"es","@id":"https:\/\/www.cofb.org\/#\/schema\/person\/image\/","url":"https:\/\/secure.gravatar.com\/avatar\/1721b20b3b8ca882c3b56ec6c978c594fff670e40c0718e9190eaeeb76aae7d8?s=96&d=mm&r=g","contentUrl":"https:\/\/secure.gravatar.com\/avatar\/1721b20b3b8ca882c3b56ec6c978c594fff670e40c0718e9190eaeeb76aae7d8?s=96&d=mm&r=g","caption":"wpAdminCofbOrg"},"sameAs":["http:\/\/192.168.64.122\/wordpress"],"url":"https:\/\/www.cofb.org\/es\/author\/wpadmincofborg\/"}]}},"uagb_featured_image_src":{"full":["https:\/\/www.cofb.org\/wp-content\/uploads\/2023\/07\/Infarma-2022-1024x576-1.jpg",1024,576,false],"thumbnail":["https:\/\/www.cofb.org\/wp-content\/uploads\/2023\/07\/Infarma-2022-1024x576-1-150x150.jpg",150,150,true],"medium":["https:\/\/www.cofb.org\/wp-content\/uploads\/2023\/07\/Infarma-2022-1024x576-1-300x169.jpg",300,169,true],"medium_large":["https:\/\/www.cofb.org\/wp-content\/uploads\/2023\/07\/Infarma-2022-1024x576-1-768x432.jpg",768,432,true],"large":["https:\/\/www.cofb.org\/wp-content\/uploads\/2023\/07\/Infarma-2022-1024x576-1.jpg",1024,576,false],"1536x1536":["https:\/\/www.cofb.org\/wp-content\/uploads\/2023\/07\/Infarma-2022-1024x576-1.jpg",1024,576,false],"2048x2048":["https:\/\/www.cofb.org\/wp-content\/uploads\/2023\/07\/Infarma-2022-1024x576-1.jpg",1024,576,false],"trp-custom-language-flag":["https:\/\/www.cofb.org\/wp-content\/uploads\/2023\/07\/Infarma-2022-1024x576-1.jpg",18,10,false]},"uagb_author_info":{"display_name":"wpAdminCofbOrg","author_link":"https:\/\/www.cofb.org\/es\/author\/wpadmincofborg\/"},"uagb_comment_info":0,"uagb_excerpt":"El passat 24 de mar\u00e7 Infarma -el Congr\u00e9s i Sal\u00f3 farmac\u00e8utic organitzat pels Col\u00b7legis de Farmac\u00e8utics de Madrid i Barcelona, juntament amb Interalia&#8211; va tancar una edici\u00f3 marcada, novament, per l&#8217;\u00e8xit de participaci\u00f3. M\u00e9s de 430 empreses i laboratoris i 280 expositors directes En aquesta edici\u00f3, Infarma ha aconseguit un [&hellip;]","_links":{"self":[{"href":"https:\/\/www.cofb.org\/es\/wp-json\/wp\/v2\/posts\/61948","targetHints":{"allow":["GET"]}}],"collection":[{"href":"https:\/\/www.cofb.org\/es\/wp-json\/wp\/v2\/posts"}],"about":[{"href":"https:\/\/www.cofb.org\/es\/wp-json\/wp\/v2\/types\/post"}],"author":[{"embeddable":true,"href":"https:\/\/www.cofb.org\/es\/wp-json\/wp\/v2\/users\/1"}],"replies":[{"embeddable":true,"href":"https:\/\/www.cofb.org\/es\/wp-json\/wp\/v2\/comments?post=61948"}],"version-history":[{"count":2,"href":"https:\/\/www.cofb.org\/es\/wp-json\/wp\/v2\/posts\/61948\/revisions"}],"predecessor-version":[{"id":68745,"href":"https:\/\/www.cofb.org\/es\/wp-json\/wp\/v2\/posts\/61948\/revisions\/68745"}],"wp:featuredmedia":[{"embeddable":true,"href":"https:\/\/www.cofb.org\/es\/wp-json\/wp\/v2\/media\/67944"}],"wp:attachment":[{"href":"https:\/\/www.cofb.org\/es\/wp-json\/wp\/v2\/media?parent=61948"}],"wp:term":[{"taxonomy":"category","embeddable":true,"href":"https:\/\/www.cofb.org\/es\/wp-json\/wp\/v2\/categories?post=61948"},{"taxonomy":"post_tag","embeddable":true,"href":"https:\/\/www.cofb.org\/es\/wp-json\/wp\/v2\/tags?post=61948"}],"curies":[{"name":"wp","href":"https:\/\/api.w.org\/{rel}","templated":true}]}}