{"id":61674,"date":"2022-03-18T15:44:00","date_gmt":"2022-03-18T13:44:00","guid":{"rendered":"https:\/\/blog.cofb.cat\/?p=61674"},"modified":"2023-10-10T07:34:47","modified_gmt":"2023-10-10T07:34:47","slug":"farmaceutics-i-farmaceutiques-aprofundeixen-en-la-fitoterapia-abordant-els-usos-i-aplicacions-dels-olis-essencials-en-pediatria","status":"publish","type":"post","link":"https:\/\/www.cofb.org\/es\/2022\/03\/18\/farmaceutics-i-farmaceutiques-aprofundeixen-en-la-fitoterapia-abordant-els-usos-i-aplicacions-dels-olis-essencials-en-pediatria\/","title":{"rendered":"Farmac\u00e9uticos y farmac\u00e9uticas profundizan en la fitoterapia, abordando los usos y aplicaciones de los aceites esenciales en pediatr\u00eda"},"content":{"rendered":"<p>Los d\u00edas <strong>14 y 15 de marzo<\/strong> tuvo lugar en <strong>Col\u00b7legi de Farmac\u00e8utics de Barcelona (COFB)<\/strong> la <strong>formaci\u00f3n<\/strong> <strong>\u201cFitoterapia, usos y aplicaciones de los aceites esenciales en pediatr\u00eda (Nivel 2)\u201d<\/strong> a cargo del <strong>farmac\u00e9utico<\/strong> <strong>Alfredo Quevedo<\/strong>, graduado en <strong>naturopat\u00eda<\/strong>, especialista en <strong>aceites esenciales<\/strong> y <strong>responsable cient\u00edfico<\/strong> de <a rel=\"noreferrer noopener\" href=\"https:\/\/www.pranarom.es\/\" target=\"_blank\">Pranar\u00f4m<\/a> Espa\u00f1a. <strong>Josep Allu\u00e9<\/strong>, vocal de Plantas Medicinales y Homeopat\u00eda del COFB fue el encargado de coordinar la sesi\u00f3n. <\/p>\n\n\n\n<div class=\"wp-block-uagb-image uagb-block-787c4c3b wp-block-uagb-image--layout-default wp-block-uagb-image--effect-static wp-block-uagb-image--align-none\"><figure class=\"wp-block-uagb-image__figure\"><img loading=\"lazy\" decoding=\"async\" srcset=\"https:\/\/www.cofb.org\/wp-content\/uploads\/2023\/10\/Alfredo-Quevedo.jpg \" sizes=\"auto, (max-width: 480px) 150px\" src=\"https:\/\/www.cofb.org\/wp-content\/uploads\/2023\/10\/Alfredo-Quevedo.jpg\" alt=\"\" class=\"uag-image-69062\" width=\"900\" height=\"507\" title=\"\"\/><\/figure><\/div>\n\n\n\n<p>Cabe destacar que esta <strong>formaci\u00f3n<\/strong> estaba <strong>especialmente dirigida a los farmac\u00e9uticos<\/strong> que hubieran hecho el curso de <strong>&quot;Fitoterapia, usos y aplicaciones de los aceites esenciales&quot;<\/strong> (Nivel 1) o que ya tienen <strong>conocimientos avanzados en aceites esenciales<\/strong>. <\/p>\n\n\n\n<p>Seg\u00fan remarc\u00f3 el <strong>poniente<\/strong>, es muy importante <strong>conocer las aplicaciones de uso de los aceites esenciales <\/strong>en <strong>pediatr\u00eda<\/strong>, as\u00ed como conocer su <strong>manejo<\/strong>, <strong>dosis<\/strong>, <strong>v\u00edas<\/strong>, etc. En este sentido, pues, los <strong>objetivos de la sesi\u00f3n <\/strong>eran los siguientes: por un lado, conocer y saber aplicar los <strong>principales aceites esenciales quimiotipados<\/strong> a usos relacionados a <strong>casos <\/strong>de<strong>infecciones respiratorias<\/strong>, <strong>gastrointestinales<\/strong>, <strong>afecciones de la piel<\/strong>, <strong>trastornos del sue\u00f1o<\/strong> y <strong>hiperactividad<\/strong>, etc. Y, por otro, conseguir las <strong>herramientas necesarias <\/strong>por<strong> asociar las diversas v\u00edas de administraci\u00f3n de los aceites esenciales<\/strong> (t\u00f3pica, oral, difusi\u00f3n, inhalaci\u00f3n, etc.) a la finalidad de conseguir una <strong>actuaci\u00f3n integral<\/strong>. <\/p>\n\n\n<div class=\"destacat-blog\">\n\n\n<h2 class=\"wp-block-heading\"><strong>Programa de la formaci\u00f3n<\/strong><\/h2>\n\n\n\n<p>En el <strong>programa de la formaci\u00f3n<\/strong> se abordaron los siguientes puntos: <\/p>\n\n\n\n<h4 class=\"wp-block-heading\"><strong>Generalidades<\/strong><\/h4>\n\n\n\n<ul class=\"wp-block-list\">\n<li>Recomendaciones generales y precauciones de uso<\/li>\n\n\n\n<li>V\u00edas de administraci\u00f3n, dosis y posolog\u00edas<\/li>\n\n\n\n<li>Familias bioqu\u00edmicas y aceites esenciales desaconsejados<\/li>\n<\/ul>\n\n\n\n<h4 class=\"wp-block-heading\"><strong>Afecciones respiratorias<\/strong><\/h4>\n\n\n\n<ul class=\"wp-block-list\">\n<li>Asma<\/li>\n\n\n\n<li>Resfriado, gripe, amigdalitis, otitis<\/li>\n<\/ul>\n\n\n\n<h4 class=\"wp-block-heading\"><strong>Afecciones bucodentales<\/strong><\/h4>\n\n\n\n<ul class=\"wp-block-list\">\n<li>Aftas<\/li>\n\n\n\n<li>Gingivitis<\/li>\n\n\n\n<li>Dentici\u00f3n<\/li>\n<\/ul>\n\n\n\n<figure class=\"wp-block-image size-large\"><img decoding=\"async\" src=\"https:\/\/blog.cofb.cat\/wp-content\/uploads\/2022\/03\/Fitoterapia-1024x684.jpg\" alt=\"\" class=\"wp-image-61759\"\/><\/figure>\n\n\n\n<h4 class=\"wp-block-heading\"><strong>Afecciones de la piel<\/strong><\/h4>\n\n\n\n<ul class=\"wp-block-list\">\n<li>Costra l\u00e1ctea<\/li>\n\n\n\n<li>Dermatitis at\u00f3pica y eczema<\/li>\n\n\n\n<li>Dermatitis del pa\u00f1al<\/li>\n\n\n\n<li>Hongos, moluscos y piojos<\/li>\n\n\n\n<li>Varicela<\/li>\n<\/ul>\n\n\n\n<h4 class=\"wp-block-heading\"><strong>Afecciones digestivas<\/strong><\/h4>\n\n\n\n<ul class=\"wp-block-list\">\n<li>C\u00f3licos del lactante<\/li>\n\n\n\n<li>Parasitosis intestinal<\/li>\n\n\n\n<li>Estre\u00f1imiento, diarrea, v\u00f3mitos, n\u00e1useas y mareos<\/li>\n<\/ul>\n\n\n\n<h4 class=\"wp-block-heading\"><strong>Trastornos del sistema nervioso<\/strong><\/h4>\n\n\n\n<ul class=\"wp-block-list\">\n\n<li>Hiperactividad<\/li>\n\n\n<li>Nerviosismo<\/li>\n\n\n<li>Trastornos del sue\u00f1o<\/li>\n\n\n<li>Enuresis nocturnas<\/li>\n\n<\/ul> <\/div>\n\n\n\n<p><strong>Alfredo Quevedo<\/strong> se centr\u00f3 en la <strong>posolog\u00eda por edades<\/strong> (de 0 a 12 meses; de 12 a 30 meses; de 30 meses a 6 a\u00f1os y de 6 a 14 a\u00f1os); en las familias bioqu\u00edmicas desaconsejadas y los aceites esenciales desaconsejados, as\u00ed como en las familias bioqu\u00edmicas potencialmente irritantes. A continuaci\u00f3n, fue desglosando el formulario de pediatr\u00eda seg\u00fan lo que constaba en el <strong>programa de la formaci\u00f3n<\/strong>. <\/p>\n\n\n\n<div class=\"wp-block-columns is-layout-flex wp-container-core-columns-is-layout-28f84493 wp-block-columns-is-layout-flex\">\n<div class=\"wp-block-column is-layout-flow wp-block-column-is-layout-flow\"><\/div>\n\n\n\n<div class=\"wp-block-column is-layout-flow wp-block-column-is-layout-flow\"><\/div>\n\n\n\n<div class=\"wp-block-column is-layout-flow wp-block-column-is-layout-flow\">\n<p class=\"has-text-align-right\"><strong>Con el patrocinio de:<\/strong><\/p>\n\n\n\n<figure class=\"wp-block-image alignright is-resized\"><a href=\"https:\/\/www.pranarom.es\/\" target=\"_blank\" rel=\"noopener\"><img decoding=\"async\" src=\"https:\/\/www.pharmacie-ixelles.be\/sites\/www.pharmaciebuyl.be\/files\/uploads\/pranarom-ixelles.png\" alt=\"Aromath\u00e9rapie \u00e0 Ixelles : conseils et produits en un seul lieu\" style=\"width:208px;height:62px\" width=\"208\" height=\"62\"\/><\/a><\/figure>\n<\/div>\n<\/div>","protected":false},"excerpt":{"rendered":"<p>Los d\u00edas 14 y 15 de marzo tuvo lugar en el Colegio de Farmac\u00e9uticos de Barcelona (COFB) la formaci\u00f3n \u201cFitoterapia, usos y aplicaciones de los aceites esenciales en pediatr\u00eda (Nivel 2)\u201d a cargo del farmac\u00e9utico Alfredo Quevedo, graduado en naturopat\u00eda, especialista en aceites esenciales y responsable cient\u00edfico de Pranar\u00f4m Espa\u00f1a. Jos\u00e9 [\u2026]<\/p>","protected":false},"author":1,"featured_media":67950,"comment_status":"open","ping_status":"open","sticky":false,"template":"","format":"standard","meta":{"_uag_custom_page_level_css":"","site-sidebar-layout":"default","site-content-layout":"","ast-site-content-layout":"default","site-content-style":"default","site-sidebar-style":"default","ast-global-header-display":"","ast-banner-title-visibility":"","ast-main-header-display":"","ast-hfb-above-header-display":"","ast-hfb-below-header-display":"","ast-hfb-mobile-header-display":"","site-post-title":"","ast-breadcrumbs-content":"","ast-featured-img":"disabled","footer-sml-layout":"","theme-transparent-header-meta":"","adv-header-id-meta":"","stick-header-meta":"","header-above-stick-meta":"","header-main-stick-meta":"","header-below-stick-meta":"","astra-migrate-meta-layouts":"default","ast-page-background-enabled":"default","ast-page-background-meta":{"desktop":{"background-color":"var(--ast-global-color-4)","background-image":"","background-repeat":"repeat","background-position":"center center","background-size":"auto","background-attachment":"scroll","background-type":"","background-media":"","overlay-type":"","overlay-color":"","overlay-opacity":"","overlay-gradient":""},"tablet":{"background-color":"","background-image":"","background-repeat":"repeat","background-position":"center center","background-size":"auto","background-attachment":"scroll","background-type":"","background-media":"","overlay-type":"","overlay-color":"","overlay-opacity":"","overlay-gradient":""},"mobile":{"background-color":"","background-image":"","background-repeat":"repeat","background-position":"center center","background-size":"auto","background-attachment":"scroll","background-type":"","background-media":"","overlay-type":"","overlay-color":"","overlay-opacity":"","overlay-gradient":""}},"ast-content-background-meta":{"desktop":{"background-color":"var(--ast-global-color-5)","background-image":"","background-repeat":"repeat","background-position":"center center","background-size":"auto","background-attachment":"scroll","background-type":"","background-media":"","overlay-type":"","overlay-color":"","overlay-opacity":"","overlay-gradient":""},"tablet":{"background-color":"var(--ast-global-color-5)","background-image":"","background-repeat":"repeat","background-position":"center center","background-size":"auto","background-attachment":"scroll","background-type":"","background-media":"","overlay-type":"","overlay-color":"","overlay-opacity":"","overlay-gradient":""},"mobile":{"background-color":"var(--ast-global-color-5)","background-image":"","background-repeat":"repeat","background-position":"center center","background-size":"auto","background-attachment":"scroll","background-type":"","background-media":"","overlay-type":"","overlay-color":"","overlay-opacity":"","overlay-gradient":""}},"footnotes":""},"categories":[23,57],"tags":[467,16,64,18,19,502,53,68,69,349,70,606,607,608,609,76,177,610,94],"class_list":["post-61674","post","type-post","status-publish","format-standard","has-post-thumbnail","hentry","category-destacats","category-mon-collegial","tag-activitats-formatives","tag-alimentacio-i-nutricio","tag-atencio-farmaceutica","tag-cofb","tag-collegi-de-farmaceutics-de-barcelona","tag-coneixements","tag-farmaceutics","tag-farmacia","tag-farmacia-comunitaria","tag-fitoterapia","tag-formacio","tag-indicacio-en-pediatria","tag-infancia","tag-infants","tag-naturopatia","tag-oficina-de-farmacia","tag-olis-essencials","tag-pediatria","tag-plantes-medicinals"],"yoast_head":"<!-- This site is optimized with the Yoast SEO plugin v22.4 - https:\/\/yoast.com\/wordpress\/plugins\/seo\/ -->\n<title>Farmac\u00e8utics i farmac\u00e8utiques aprofundeixen en la fitoter\u00e0pia, abordant els usos i aplicacions dels olis essencials en pediatria - Col\u00b7legi de Farmac\u00e8utics de Barcelona<\/title>\n<meta name=\"description\" content=\"Els dies 14 i 15 de mar\u00e7 va tenir lloc al COFB la formaci\u00f3 &quot;Fitoter\u00e0pia, usos i aplicacions dels olis essencials en pediatria&quot;.\" \/>\n<meta name=\"robots\" content=\"index, follow, max-snippet:-1, max-image-preview:large, max-video-preview:-1\" \/>\n<link rel=\"canonical\" href=\"https:\/\/novaorg.cofb.net\/2022\/03\/18\/farmaceutics-i-farmaceutiques-aprofundeixen-en-la-fitoterapia-abordant-els-usos-i-aplicacions-dels-olis-essencials-en-pediatria\/\" \/>\n<meta property=\"og:locale\" content=\"es_ES\" \/>\n<meta property=\"og:type\" content=\"article\" \/>\n<meta property=\"og:title\" content=\"Farmac\u00e8utics i farmac\u00e8utiques aprofundeixen en la fitoter\u00e0pia, abordant els usos i aplicacions dels olis essencials en pediatria - Col\u00b7legi de Farmac\u00e8utics de Barcelona\" \/>\n<meta property=\"og:description\" content=\"Els dies 14 i 15 de mar\u00e7 va tenir lloc al COFB la formaci\u00f3 &quot;Fitoter\u00e0pia, usos i aplicacions dels olis essencials en pediatria&quot;.\" \/>\n<meta property=\"og:url\" content=\"https:\/\/novaorg.cofb.net\/2022\/03\/18\/farmaceutics-i-farmaceutiques-aprofundeixen-en-la-fitoterapia-abordant-els-usos-i-aplicacions-dels-olis-essencials-en-pediatria\/\" \/>\n<meta property=\"og:site_name\" content=\"Col\u00b7legi de Farmac\u00e8utics de Barcelona\" \/>\n<meta property=\"article:publisher\" content=\"https:\/\/www.facebook.com\/farmaceuticsbcn\/\" \/>\n<meta property=\"article:published_time\" content=\"2022-03-18T13:44:00+00:00\" \/>\n<meta property=\"article:modified_time\" content=\"2023-10-10T07:34:47+00:00\" \/>\n<meta property=\"og:image\" content=\"https:\/\/novaorg.cofb.net\/wp-content\/uploads\/2023\/07\/Alfredo-Quevedo.jpg\" \/>\n\t<meta property=\"og:image:width\" content=\"900\" \/>\n\t<meta property=\"og:image:height\" content=\"507\" \/>\n\t<meta property=\"og:image:type\" content=\"image\/jpeg\" \/>\n<meta name=\"author\" content=\"wpAdminCofbOrg\" \/>\n<meta name=\"twitter:card\" content=\"summary_large_image\" \/>\n<meta name=\"twitter:creator\" content=\"@farmaceuticsbcn\" \/>\n<meta name=\"twitter:site\" content=\"@farmaceuticsbcn\" \/>\n<meta name=\"twitter:label1\" content=\"Escrito por\" \/>\n\t<meta name=\"twitter:data1\" content=\"wpAdminCofbOrg\" \/>\n\t<meta name=\"twitter:label2\" content=\"Tiempo de lectura\" \/>\n\t<meta name=\"twitter:data2\" content=\"3 minutos\" \/>\n<script type=\"application\/ld+json\" class=\"yoast-schema-graph\">{\"@context\":\"https:\/\/schema.org\",\"@graph\":[{\"@type\":\"Article\",\"@id\":\"https:\/\/novaorg.cofb.net\/2022\/03\/18\/farmaceutics-i-farmaceutiques-aprofundeixen-en-la-fitoterapia-abordant-els-usos-i-aplicacions-dels-olis-essencials-en-pediatria\/#article\",\"isPartOf\":{\"@id\":\"https:\/\/novaorg.cofb.net\/2022\/03\/18\/farmaceutics-i-farmaceutiques-aprofundeixen-en-la-fitoterapia-abordant-els-usos-i-aplicacions-dels-olis-essencials-en-pediatria\/\"},\"author\":{\"name\":\"wpAdminCofbOrg\",\"@id\":\"https:\/\/www.cofb.org\/#\/schema\/person\/22ed7eea88da74b0fa4d3154ad87ffcb\"},\"headline\":\"Farmac\u00e8utics i farmac\u00e8utiques aprofundeixen en la fitoter\u00e0pia, abordant els usos i aplicacions dels olis essencials en pediatria\",\"datePublished\":\"2022-03-18T13:44:00+00:00\",\"dateModified\":\"2023-10-10T07:34:47+00:00\",\"mainEntityOfPage\":{\"@id\":\"https:\/\/novaorg.cofb.net\/2022\/03\/18\/farmaceutics-i-farmaceutiques-aprofundeixen-en-la-fitoterapia-abordant-els-usos-i-aplicacions-dels-olis-essencials-en-pediatria\/\"},\"wordCount\":403,\"commentCount\":0,\"publisher\":{\"@id\":\"https:\/\/www.cofb.org\/#organization\"},\"image\":{\"@id\":\"https:\/\/novaorg.cofb.net\/2022\/03\/18\/farmaceutics-i-farmaceutiques-aprofundeixen-en-la-fitoterapia-abordant-els-usos-i-aplicacions-dels-olis-essencials-en-pediatria\/#primaryimage\"},\"thumbnailUrl\":\"https:\/\/www.cofb.org\/wp-content\/uploads\/2023\/07\/Alfredo-Quevedo.jpg\",\"keywords\":[\"activitats formatives\",\"Alimentaci\u00f3 i nutrici\u00f3\",\"Atenci\u00f3 farmac\u00e8utica\",\"COFB\",\"Col\u00b7legi de Farmac\u00e8utics de Barcelona\",\"coneixements\",\"farmac\u00e8utics\",\"Farm\u00e0cia\",\"farm\u00e0cia comunit\u00e0ria\",\"Fitoter\u00e0pia\",\"Formaci\u00f3\",\"indicaci\u00f3 en pediatria\",\"inf\u00e0ncia\",\"infants\",\"naturopatia\",\"Oficina de farm\u00e0cia\",\"olis essencials\",\"pediatria\",\"Plantes Medicinals\"],\"articleSection\":[\"Destacats\",\"M\u00f3n col\u00b7legial\"],\"inLanguage\":\"es\",\"potentialAction\":[{\"@type\":\"CommentAction\",\"name\":\"Comment\",\"target\":[\"https:\/\/novaorg.cofb.net\/2022\/03\/18\/farmaceutics-i-farmaceutiques-aprofundeixen-en-la-fitoterapia-abordant-els-usos-i-aplicacions-dels-olis-essencials-en-pediatria\/#respond\"]}]},{\"@type\":\"WebPage\",\"@id\":\"https:\/\/novaorg.cofb.net\/2022\/03\/18\/farmaceutics-i-farmaceutiques-aprofundeixen-en-la-fitoterapia-abordant-els-usos-i-aplicacions-dels-olis-essencials-en-pediatria\/\",\"url\":\"https:\/\/novaorg.cofb.net\/2022\/03\/18\/farmaceutics-i-farmaceutiques-aprofundeixen-en-la-fitoterapia-abordant-els-usos-i-aplicacions-dels-olis-essencials-en-pediatria\/\",\"name\":\"Farmac\u00e8utics i farmac\u00e8utiques aprofundeixen en la fitoter\u00e0pia, abordant els usos i aplicacions dels olis essencials en pediatria - Col\u00b7legi de Farmac\u00e8utics de Barcelona\",\"isPartOf\":{\"@id\":\"https:\/\/www.cofb.org\/#website\"},\"primaryImageOfPage\":{\"@id\":\"https:\/\/novaorg.cofb.net\/2022\/03\/18\/farmaceutics-i-farmaceutiques-aprofundeixen-en-la-fitoterapia-abordant-els-usos-i-aplicacions-dels-olis-essencials-en-pediatria\/#primaryimage\"},\"image\":{\"@id\":\"https:\/\/novaorg.cofb.net\/2022\/03\/18\/farmaceutics-i-farmaceutiques-aprofundeixen-en-la-fitoterapia-abordant-els-usos-i-aplicacions-dels-olis-essencials-en-pediatria\/#primaryimage\"},\"thumbnailUrl\":\"https:\/\/www.cofb.org\/wp-content\/uploads\/2023\/07\/Alfredo-Quevedo.jpg\",\"datePublished\":\"2022-03-18T13:44:00+00:00\",\"dateModified\":\"2023-10-10T07:34:47+00:00\",\"description\":\"Els dies 14 i 15 de mar\u00e7 va tenir lloc al COFB la formaci\u00f3 \\\"Fitoter\u00e0pia, usos i aplicacions dels olis essencials en pediatria\\\".\",\"breadcrumb\":{\"@id\":\"https:\/\/novaorg.cofb.net\/2022\/03\/18\/farmaceutics-i-farmaceutiques-aprofundeixen-en-la-fitoterapia-abordant-els-usos-i-aplicacions-dels-olis-essencials-en-pediatria\/#breadcrumb\"},\"inLanguage\":\"es\",\"potentialAction\":[{\"@type\":\"ReadAction\",\"target\":[\"https:\/\/novaorg.cofb.net\/2022\/03\/18\/farmaceutics-i-farmaceutiques-aprofundeixen-en-la-fitoterapia-abordant-els-usos-i-aplicacions-dels-olis-essencials-en-pediatria\/\"]}]},{\"@type\":\"ImageObject\",\"inLanguage\":\"es\",\"@id\":\"https:\/\/novaorg.cofb.net\/2022\/03\/18\/farmaceutics-i-farmaceutiques-aprofundeixen-en-la-fitoterapia-abordant-els-usos-i-aplicacions-dels-olis-essencials-en-pediatria\/#primaryimage\",\"url\":\"https:\/\/www.cofb.org\/wp-content\/uploads\/2023\/07\/Alfredo-Quevedo.jpg\",\"contentUrl\":\"https:\/\/www.cofb.org\/wp-content\/uploads\/2023\/07\/Alfredo-Quevedo.jpg\",\"width\":900,\"height\":507},{\"@type\":\"BreadcrumbList\",\"@id\":\"https:\/\/novaorg.cofb.net\/2022\/03\/18\/farmaceutics-i-farmaceutiques-aprofundeixen-en-la-fitoterapia-abordant-els-usos-i-aplicacions-dels-olis-essencials-en-pediatria\/#breadcrumb\",\"itemListElement\":[{\"@type\":\"ListItem\",\"position\":1,\"name\":\"Inici\",\"item\":\"https:\/\/novaorg.cofb.net\/\"},{\"@type\":\"ListItem\",\"position\":2,\"name\":\"Farmac\u00e8utics i farmac\u00e8utiques aprofundeixen en la fitoter\u00e0pia, abordant els usos i aplicacions dels olis essencials en pediatria\"}]},{\"@type\":\"WebSite\",\"@id\":\"https:\/\/www.cofb.org\/#website\",\"url\":\"https:\/\/www.cofb.org\/\",\"name\":\"Col\u00b7legi de Farmac\u00e8utics de Barcelona\",\"description\":\"\",\"publisher\":{\"@id\":\"https:\/\/www.cofb.org\/#organization\"},\"potentialAction\":[{\"@type\":\"SearchAction\",\"target\":{\"@type\":\"EntryPoint\",\"urlTemplate\":\"https:\/\/www.cofb.org\/?s={search_term_string}\"},\"query-input\":\"required name=search_term_string\"}],\"inLanguage\":\"es\"},{\"@type\":\"Organization\",\"@id\":\"https:\/\/www.cofb.org\/#organization\",\"name\":\"Col\u00b7legi de Farmac\u00e8utics de Barcelona\",\"url\":\"https:\/\/www.cofb.org\/\",\"logo\":{\"@type\":\"ImageObject\",\"inLanguage\":\"es\",\"@id\":\"https:\/\/www.cofb.org\/#\/schema\/logo\/image\/\",\"url\":\"https:\/\/www.cofb.org\/wp-content\/uploads\/2023\/11\/cropped-Logotip-COFB.png\",\"contentUrl\":\"https:\/\/www.cofb.org\/wp-content\/uploads\/2023\/11\/cropped-Logotip-COFB.png\",\"width\":500,\"height\":105,\"caption\":\"Col\u00b7legi de Farmac\u00e8utics de Barcelona\"},\"image\":{\"@id\":\"https:\/\/www.cofb.org\/#\/schema\/logo\/image\/\"},\"sameAs\":[\"https:\/\/www.facebook.com\/farmaceuticsbcn\/\",\"https:\/\/twitter.com\/farmaceuticsbcn\",\"https:\/\/www.instagram.com\/farmaceuticsbcn\/\",\"https:\/\/www.linkedin.com\/company\/farmaceuticsbcn\/\"]},{\"@type\":\"Person\",\"@id\":\"https:\/\/www.cofb.org\/#\/schema\/person\/22ed7eea88da74b0fa4d3154ad87ffcb\",\"name\":\"wpAdminCofbOrg\",\"image\":{\"@type\":\"ImageObject\",\"inLanguage\":\"es\",\"@id\":\"https:\/\/www.cofb.org\/#\/schema\/person\/image\/\",\"url\":\"https:\/\/secure.gravatar.com\/avatar\/1721b20b3b8ca882c3b56ec6c978c594fff670e40c0718e9190eaeeb76aae7d8?s=96&d=mm&r=g\",\"contentUrl\":\"https:\/\/secure.gravatar.com\/avatar\/1721b20b3b8ca882c3b56ec6c978c594fff670e40c0718e9190eaeeb76aae7d8?s=96&d=mm&r=g\",\"caption\":\"wpAdminCofbOrg\"},\"sameAs\":[\"http:\/\/192.168.64.122\/wordpress\"],\"url\":\"https:\/\/www.cofb.org\/es\/author\/wpadmincofborg\/\"}]}<\/script>\n<!-- \/ Yoast SEO plugin. -->","yoast_head_json":{"title":"Farmac\u00e8utics i farmac\u00e8utiques aprofundeixen en la fitoter\u00e0pia, abordant els usos i aplicacions dels olis essencials en pediatria - Col\u00b7legi de Farmac\u00e8utics de Barcelona","description":"Els dies 14 i 15 de mar\u00e7 va tenir lloc al COFB la formaci\u00f3 \"Fitoter\u00e0pia, usos i aplicacions dels olis essencials en pediatria\".","robots":{"index":"index","follow":"follow","max-snippet":"max-snippet:-1","max-image-preview":"max-image-preview:large","max-video-preview":"max-video-preview:-1"},"canonical":"https:\/\/novaorg.cofb.net\/2022\/03\/18\/farmaceutics-i-farmaceutiques-aprofundeixen-en-la-fitoterapia-abordant-els-usos-i-aplicacions-dels-olis-essencials-en-pediatria\/","og_locale":"es_ES","og_type":"article","og_title":"Farmac\u00e8utics i farmac\u00e8utiques aprofundeixen en la fitoter\u00e0pia, abordant els usos i aplicacions dels olis essencials en pediatria - Col\u00b7legi de Farmac\u00e8utics de Barcelona","og_description":"Els dies 14 i 15 de mar\u00e7 va tenir lloc al COFB la formaci\u00f3 \"Fitoter\u00e0pia, usos i aplicacions dels olis essencials en pediatria\".","og_url":"https:\/\/novaorg.cofb.net\/2022\/03\/18\/farmaceutics-i-farmaceutiques-aprofundeixen-en-la-fitoterapia-abordant-els-usos-i-aplicacions-dels-olis-essencials-en-pediatria\/","og_site_name":"Col\u00b7legi de Farmac\u00e8utics de Barcelona","article_publisher":"https:\/\/www.facebook.com\/farmaceuticsbcn\/","article_published_time":"2022-03-18T13:44:00+00:00","article_modified_time":"2023-10-10T07:34:47+00:00","og_image":[{"width":900,"height":507,"url":"https:\/\/novaorg.cofb.net\/wp-content\/uploads\/2023\/07\/Alfredo-Quevedo.jpg","type":"image\/jpeg"}],"author":"wpAdminCofbOrg","twitter_card":"summary_large_image","twitter_creator":"@farmaceuticsbcn","twitter_site":"@farmaceuticsbcn","twitter_misc":{"Escrito por":"wpAdminCofbOrg","Tiempo de lectura":"3 minutos"},"schema":{"@context":"https:\/\/schema.org","@graph":[{"@type":"Article","@id":"https:\/\/novaorg.cofb.net\/2022\/03\/18\/farmaceutics-i-farmaceutiques-aprofundeixen-en-la-fitoterapia-abordant-els-usos-i-aplicacions-dels-olis-essencials-en-pediatria\/#article","isPartOf":{"@id":"https:\/\/novaorg.cofb.net\/2022\/03\/18\/farmaceutics-i-farmaceutiques-aprofundeixen-en-la-fitoterapia-abordant-els-usos-i-aplicacions-dels-olis-essencials-en-pediatria\/"},"author":{"name":"wpAdminCofbOrg","@id":"https:\/\/www.cofb.org\/#\/schema\/person\/22ed7eea88da74b0fa4d3154ad87ffcb"},"headline":"Farmac\u00e8utics i farmac\u00e8utiques aprofundeixen en la fitoter\u00e0pia, abordant els usos i aplicacions dels olis essencials en pediatria","datePublished":"2022-03-18T13:44:00+00:00","dateModified":"2023-10-10T07:34:47+00:00","mainEntityOfPage":{"@id":"https:\/\/novaorg.cofb.net\/2022\/03\/18\/farmaceutics-i-farmaceutiques-aprofundeixen-en-la-fitoterapia-abordant-els-usos-i-aplicacions-dels-olis-essencials-en-pediatria\/"},"wordCount":403,"commentCount":0,"publisher":{"@id":"https:\/\/www.cofb.org\/#organization"},"image":{"@id":"https:\/\/novaorg.cofb.net\/2022\/03\/18\/farmaceutics-i-farmaceutiques-aprofundeixen-en-la-fitoterapia-abordant-els-usos-i-aplicacions-dels-olis-essencials-en-pediatria\/#primaryimage"},"thumbnailUrl":"https:\/\/www.cofb.org\/wp-content\/uploads\/2023\/07\/Alfredo-Quevedo.jpg","keywords":["activitats formatives","Alimentaci\u00f3 i nutrici\u00f3","Atenci\u00f3 farmac\u00e8utica","COFB","Col\u00b7legi de Farmac\u00e8utics de Barcelona","coneixements","farmac\u00e8utics","Farm\u00e0cia","farm\u00e0cia comunit\u00e0ria","Fitoter\u00e0pia","Formaci\u00f3","indicaci\u00f3 en pediatria","inf\u00e0ncia","infants","naturopatia","Oficina de farm\u00e0cia","olis essencials","pediatria","Plantes Medicinals"],"articleSection":["Destacats","M\u00f3n col\u00b7legial"],"inLanguage":"es","potentialAction":[{"@type":"CommentAction","name":"Comment","target":["https:\/\/novaorg.cofb.net\/2022\/03\/18\/farmaceutics-i-farmaceutiques-aprofundeixen-en-la-fitoterapia-abordant-els-usos-i-aplicacions-dels-olis-essencials-en-pediatria\/#respond"]}]},{"@type":"WebPage","@id":"https:\/\/novaorg.cofb.net\/2022\/03\/18\/farmaceutics-i-farmaceutiques-aprofundeixen-en-la-fitoterapia-abordant-els-usos-i-aplicacions-dels-olis-essencials-en-pediatria\/","url":"https:\/\/novaorg.cofb.net\/2022\/03\/18\/farmaceutics-i-farmaceutiques-aprofundeixen-en-la-fitoterapia-abordant-els-usos-i-aplicacions-dels-olis-essencials-en-pediatria\/","name":"Farmac\u00e8utics i farmac\u00e8utiques aprofundeixen en la fitoter\u00e0pia, abordant els usos i aplicacions dels olis essencials en pediatria - Col\u00b7legi de Farmac\u00e8utics de Barcelona","isPartOf":{"@id":"https:\/\/www.cofb.org\/#website"},"primaryImageOfPage":{"@id":"https:\/\/novaorg.cofb.net\/2022\/03\/18\/farmaceutics-i-farmaceutiques-aprofundeixen-en-la-fitoterapia-abordant-els-usos-i-aplicacions-dels-olis-essencials-en-pediatria\/#primaryimage"},"image":{"@id":"https:\/\/novaorg.cofb.net\/2022\/03\/18\/farmaceutics-i-farmaceutiques-aprofundeixen-en-la-fitoterapia-abordant-els-usos-i-aplicacions-dels-olis-essencials-en-pediatria\/#primaryimage"},"thumbnailUrl":"https:\/\/www.cofb.org\/wp-content\/uploads\/2023\/07\/Alfredo-Quevedo.jpg","datePublished":"2022-03-18T13:44:00+00:00","dateModified":"2023-10-10T07:34:47+00:00","description":"Els dies 14 i 15 de mar\u00e7 va tenir lloc al COFB la formaci\u00f3 \"Fitoter\u00e0pia, usos i aplicacions dels olis essencials en pediatria\".","breadcrumb":{"@id":"https:\/\/novaorg.cofb.net\/2022\/03\/18\/farmaceutics-i-farmaceutiques-aprofundeixen-en-la-fitoterapia-abordant-els-usos-i-aplicacions-dels-olis-essencials-en-pediatria\/#breadcrumb"},"inLanguage":"es","potentialAction":[{"@type":"ReadAction","target":["https:\/\/novaorg.cofb.net\/2022\/03\/18\/farmaceutics-i-farmaceutiques-aprofundeixen-en-la-fitoterapia-abordant-els-usos-i-aplicacions-dels-olis-essencials-en-pediatria\/"]}]},{"@type":"ImageObject","inLanguage":"es","@id":"https:\/\/novaorg.cofb.net\/2022\/03\/18\/farmaceutics-i-farmaceutiques-aprofundeixen-en-la-fitoterapia-abordant-els-usos-i-aplicacions-dels-olis-essencials-en-pediatria\/#primaryimage","url":"https:\/\/www.cofb.org\/wp-content\/uploads\/2023\/07\/Alfredo-Quevedo.jpg","contentUrl":"https:\/\/www.cofb.org\/wp-content\/uploads\/2023\/07\/Alfredo-Quevedo.jpg","width":900,"height":507},{"@type":"BreadcrumbList","@id":"https:\/\/novaorg.cofb.net\/2022\/03\/18\/farmaceutics-i-farmaceutiques-aprofundeixen-en-la-fitoterapia-abordant-els-usos-i-aplicacions-dels-olis-essencials-en-pediatria\/#breadcrumb","itemListElement":[{"@type":"ListItem","position":1,"name":"Inici","item":"https:\/\/novaorg.cofb.net\/"},{"@type":"ListItem","position":2,"name":"Farmac\u00e8utics i farmac\u00e8utiques aprofundeixen en la fitoter\u00e0pia, abordant els usos i aplicacions dels olis essencials en pediatria"}]},{"@type":"WebSite","@id":"https:\/\/www.cofb.org\/#website","url":"https:\/\/www.cofb.org\/","name":"Col\u00b7legi de Farmac\u00e8utics de Barcelona","description":"","publisher":{"@id":"https:\/\/www.cofb.org\/#organization"},"potentialAction":[{"@type":"SearchAction","target":{"@type":"EntryPoint","urlTemplate":"https:\/\/www.cofb.org\/?s={search_term_string}"},"query-input":"required name=search_term_string"}],"inLanguage":"es"},{"@type":"Organization","@id":"https:\/\/www.cofb.org\/#organization","name":"Col\u00b7legi de Farmac\u00e8utics de Barcelona","url":"https:\/\/www.cofb.org\/","logo":{"@type":"ImageObject","inLanguage":"es","@id":"https:\/\/www.cofb.org\/#\/schema\/logo\/image\/","url":"https:\/\/www.cofb.org\/wp-content\/uploads\/2023\/11\/cropped-Logotip-COFB.png","contentUrl":"https:\/\/www.cofb.org\/wp-content\/uploads\/2023\/11\/cropped-Logotip-COFB.png","width":500,"height":105,"caption":"Col\u00b7legi de Farmac\u00e8utics de Barcelona"},"image":{"@id":"https:\/\/www.cofb.org\/#\/schema\/logo\/image\/"},"sameAs":["https:\/\/www.facebook.com\/farmaceuticsbcn\/","https:\/\/twitter.com\/farmaceuticsbcn","https:\/\/www.instagram.com\/farmaceuticsbcn\/","https:\/\/www.linkedin.com\/company\/farmaceuticsbcn\/"]},{"@type":"Person","@id":"https:\/\/www.cofb.org\/#\/schema\/person\/22ed7eea88da74b0fa4d3154ad87ffcb","name":"wpAdminCofbOrg","image":{"@type":"ImageObject","inLanguage":"es","@id":"https:\/\/www.cofb.org\/#\/schema\/person\/image\/","url":"https:\/\/secure.gravatar.com\/avatar\/1721b20b3b8ca882c3b56ec6c978c594fff670e40c0718e9190eaeeb76aae7d8?s=96&d=mm&r=g","contentUrl":"https:\/\/secure.gravatar.com\/avatar\/1721b20b3b8ca882c3b56ec6c978c594fff670e40c0718e9190eaeeb76aae7d8?s=96&d=mm&r=g","caption":"wpAdminCofbOrg"},"sameAs":["http:\/\/192.168.64.122\/wordpress"],"url":"https:\/\/www.cofb.org\/es\/author\/wpadmincofborg\/"}]}},"uagb_featured_image_src":{"full":["https:\/\/www.cofb.org\/wp-content\/uploads\/2023\/07\/Alfredo-Quevedo.jpg",900,507,false],"thumbnail":["https:\/\/www.cofb.org\/wp-content\/uploads\/2023\/07\/Alfredo-Quevedo-150x150.jpg",150,150,true],"medium":["https:\/\/www.cofb.org\/wp-content\/uploads\/2023\/07\/Alfredo-Quevedo-300x169.jpg",300,169,true],"medium_large":["https:\/\/www.cofb.org\/wp-content\/uploads\/2023\/07\/Alfredo-Quevedo-768x433.jpg",768,433,true],"large":["https:\/\/www.cofb.org\/wp-content\/uploads\/2023\/07\/Alfredo-Quevedo.jpg",900,507,false],"1536x1536":["https:\/\/www.cofb.org\/wp-content\/uploads\/2023\/07\/Alfredo-Quevedo.jpg",900,507,false],"2048x2048":["https:\/\/www.cofb.org\/wp-content\/uploads\/2023\/07\/Alfredo-Quevedo.jpg",900,507,false],"trp-custom-language-flag":["https:\/\/www.cofb.org\/wp-content\/uploads\/2023\/07\/Alfredo-Quevedo.jpg",18,10,false]},"uagb_author_info":{"display_name":"wpAdminCofbOrg","author_link":"https:\/\/www.cofb.org\/es\/author\/wpadmincofborg\/"},"uagb_comment_info":0,"uagb_excerpt":"Els dies 14 i 15 de mar\u00e7 va tenir lloc al Col\u00b7legi de Farmac\u00e8utics de Barcelona (COFB) la formaci\u00f3 &#8220;Fitoter\u00e0pia, usos i aplicacions dels olis essencials en pediatria (Nivell 2)&#8221; a c\u00e0rrec del farmac\u00e8utic Alfredo Quevedo, graduat en naturopatia, especialista en olis essencials i responsable cient\u00edfic de Pranar\u00f4m Espanya. Josep [&hellip;]","_links":{"self":[{"href":"https:\/\/www.cofb.org\/es\/wp-json\/wp\/v2\/posts\/61674","targetHints":{"allow":["GET"]}}],"collection":[{"href":"https:\/\/www.cofb.org\/es\/wp-json\/wp\/v2\/posts"}],"about":[{"href":"https:\/\/www.cofb.org\/es\/wp-json\/wp\/v2\/types\/post"}],"author":[{"embeddable":true,"href":"https:\/\/www.cofb.org\/es\/wp-json\/wp\/v2\/users\/1"}],"replies":[{"embeddable":true,"href":"https:\/\/www.cofb.org\/es\/wp-json\/wp\/v2\/comments?post=61674"}],"version-history":[{"count":4,"href":"https:\/\/www.cofb.org\/es\/wp-json\/wp\/v2\/posts\/61674\/revisions"}],"predecessor-version":[{"id":69063,"href":"https:\/\/www.cofb.org\/es\/wp-json\/wp\/v2\/posts\/61674\/revisions\/69063"}],"wp:featuredmedia":[{"embeddable":true,"href":"https:\/\/www.cofb.org\/es\/wp-json\/wp\/v2\/media\/67950"}],"wp:attachment":[{"href":"https:\/\/www.cofb.org\/es\/wp-json\/wp\/v2\/media?parent=61674"}],"wp:term":[{"taxonomy":"category","embeddable":true,"href":"https:\/\/www.cofb.org\/es\/wp-json\/wp\/v2\/categories?post=61674"},{"taxonomy":"post_tag","embeddable":true,"href":"https:\/\/www.cofb.org\/es\/wp-json\/wp\/v2\/tags?post=61674"}],"curies":[{"name":"wp","href":"https:\/\/api.w.org\/{rel}","templated":true}]}}