{"id":61483,"date":"2022-04-22T11:16:00","date_gmt":"2022-04-22T09:16:00","guid":{"rendered":"https:\/\/blog.cofb.cat\/?p=61483"},"modified":"2024-07-04T15:49:29","modified_gmt":"2024-07-04T15:49:29","slug":"marc-infarma-madrid-2022-la-dispensacio-dels-mhda-a-traves-de-les-farmacies-i-lenviament-de-medicaments-a-ucraina-temes-mes-destacats-als-mitjans","status":"publish","type":"post","link":"https:\/\/www.cofb.org\/es\/2022\/04\/22\/marc-infarma-madrid-2022-la-dispensacio-dels-mhda-a-traves-de-les-farmacies-i-lenviament-de-medicaments-a-ucraina-temes-mes-destacats-als-mitjans\/","title":{"rendered":"Marzo: Infarma Madrid 2022, la dispensaci\u00f3n de los MHDA a trav\u00e9s de las farmacias y el env\u00edo de medicamentos a Ucrania, temas m\u00e1s destacados en los medios"},"content":{"rendered":"<p><\/p>\n\n\n\n<h2 class=\"wp-block-heading\"><strong>Infarma Madrid 2022<\/strong><\/h2>\n\n\n\n<h3 class=\"wp-block-heading\"><strong>Repercusiones previas al inicio de Infarma<\/strong><\/h3>\n\n\n\n<p>Previamente a la celebraci\u00f3n de<strong>Infarma<\/strong>, se enviaron varias <strong>notas de prensa<\/strong> a los <strong>medios de comunicaci\u00f3n<\/strong>. Por ejemplo, se anunciaron las actividades programadas en el marco de<strong>\u201dInfarmainnova<\/strong>\u201d y <strong>&quot;Iniciativas de \u00e9xito&quot;<\/strong> <a href=\"https:\/\/www.europapress.es\/nacional\/noticia-infarma-madrid-2022-utilizara-metodo-lego-buscar-soluciones-innovadoras-traves-creatividad-20220228124848.html\" target=\"_blank\" rel=\"noreferrer noopener\">(Europa Press)<\/a> o las relacionadas con<strong> \u00c1gora Sanitaria<\/strong>, que celebraba 12 a\u00f1os formando profesionales sanitarios <a href=\"https:\/\/www.europapress.es\/nacional\/noticia-agora-sanitaria-ofrecera-12-talleres-formativos-dias-celebrar-12-anos-infarma-madrid-20220309134429.html\" target=\"_blank\" rel=\"noreferrer noopener\">(Europa Press)<\/a>. Por otra parte, desde la organizaci\u00f3n de<strong>Infarma<\/strong> se dio a conocer el espacio dedicado a la<strong> recertificaci\u00f3n de competencias<\/strong> que habr\u00eda en el Congreso y Sal\u00f3n <a href=\"https:\/\/revistaacofar.com\/actualidad\/los-farmaceuticos-podran-recertificar-sus-competencias-en-infarma\/\" target=\"_blank\" rel=\"noreferrer noopener\">(Revista Acofar)<\/a>, as\u00ed como la <strong>presentaci\u00f3n<\/strong> de una <strong>plataforma de formaci\u00f3n tutorizada <\/strong><a href=\"https:\/\/www.diariofarma.com\/2022\/03\/11\/el-cofm-presentara-en-infarma-la-plataforma-de-formacion-tutorizada\" target=\"_blank\" rel=\"noreferrer noopener\">(Diariofarma)<\/a><strong>.<\/strong><\/p>\n\n\n\n<p>Todo ello, en una edici\u00f3n en la que se integr\u00f3 la <strong>participaci\u00f3n presencial y digital<\/strong>, con una <strong>apuesta tecnol\u00f3gica clara<\/strong> <a href=\"https:\/\/www.imfarmacias.es\/noticia\/27702\/infarma-madrid-2022-apuesta-por-un-formato-hibrido.html\" target=\"_blank\" rel=\"noreferrer noopener\">(imFarmacias)<\/a>. En este sentido, se retransmitieron en directo <strong>nueve conferencias<\/strong> y <strong>mesas redondas<\/strong> del <strong>programa cient\u00edfico<\/strong>, y tambi\u00e9n el acto de inauguraci\u00f3n. En <strong>Infarma Madrid 2022<\/strong> tampoco falt\u00f3 la <strong>diversi\u00f3n<\/strong>. Unos d\u00edas<strong> antes del congreso<\/strong>, desde<strong>\u00c1gora Sanitaria<\/strong> tambi\u00e9n se dio a conocer que en <strong>Infarma<\/strong> tendr\u00eda lugar <strong>Super\u00c1gora Game<\/strong> <a href=\"https:\/\/www.imfarmacias.es\/noticia\/27747\/superagora-game-marcara-la-diferencia-en-la-forma-de-aprender-en-i.html\" target=\"_blank\" rel=\"noreferrer noopener\">(imFarmacias)<\/a>, uno <strong>concurso dinamizado<\/strong> y conducido por el presentador <strong>Manuel Feij\u00f3o Arag\u00f3n<\/strong>.<\/p>\n\n\n\n<p>Por \u00faltimo, para conocer todos los detalles de la primera edici\u00f3n de<strong>Infarma<\/strong> presencial despu\u00e9s de la pandemia, <a href=\"https:\/\/tevafarmacia.es\/podcast\/podcast-22-infarma-vuelve-al-formato-presencial\" target=\"_blank\" rel=\"noreferrer noopener\">TU<\/a> hizo una entrevista conjunta en <strong>N\u00faria Bosch<\/strong>, vicepresidenta de COFB, y <strong>Manuel Mart\u00ednez del Peral<\/strong>, entonces vicepresidente 1\u00ba en funciones del<strong> <\/strong>COFM.<\/p>\n\n\n\n<figure class=\"wp-block-image size-full\"><img decoding=\"async\" src=\"https:\/\/blog.cofb.cat\/wp-content\/uploads\/2022\/04\/COFB-FarmanaturDiarioFarma-20220421.png\" alt=\"\" class=\"wp-image-63114\"\/><\/figure>\n\n\n\n<h3 class=\"wp-block-heading\"><strong>Impacto en los medios durante y despu\u00e9s de la edici\u00f3n<\/strong><\/h3>\n\n\n\n<p>Un d\u00eda antes de que empezara, se inform\u00f3 a los medios de que <strong>30.000 profesionales<\/strong> y <strong>430 empresas<\/strong> se reencontrar\u00edan en el <strong>Congreso<\/strong> y <strong>Sal\u00f3n del sector farmac\u00e9utico<\/strong> <a href=\"https:\/\/www.diariofarma.com\/2022\/03\/21\/30-000-profesionales-y-430-empresas-se-dan-cita-en-infarma-madrid-2022\" target=\"_blank\" rel=\"noreferrer noopener\">(Diariofarma)<\/a>. Asimismo, el martes 22 de marzo, la <strong>inauguraci\u00f3n<\/strong> de<strong>Infarma<\/strong>, que cont\u00f3 con la participaci\u00f3n del presidente del COFB, <strong>Jordi Casas<\/strong>, ocup\u00f3 un espacio destacado en la prensa especializada (<a href=\"https:\/\/www.imfarmacias.es\/noticia\/27820\/ya-esta-en-marcha-infarma-2022-la-del-reencuentro.html\" target=\"_blank\" rel=\"noreferrer noopener\">imFarmacias<\/a>, <a href=\"https:\/\/revistafarmanatur.com\/noticias\/infarma2022-vuelve-la-feria-los-farmaceuticos-madrid-mas-30-000-asistentes\/\" target=\"_blank\" rel=\"noreferrer noopener\">Farmanaturo<\/a>, <a href=\"https:\/\/www.larazon.es\/salud\/20220322\/jadguvvv6fedliwok6xxu2q6je.html\" target=\"_blank\" rel=\"noreferrer noopener\">E<\/a><a href=\"https:\/\/www.elfarmaceutico.es\/tendencias\/esta-pasando\/noticias\/enrique-ruiz-escudero-inaugura-infarma-madrid-2022_150922_102.html\" target=\"_blank\" rel=\"noreferrer noopener\">l Farmac\u00e9utico<\/a>).<\/p>\n\n\n\n<p>Durante los d\u00edas en que tuvo lugar Infarma, la organizaci\u00f3n envi\u00f3 varias notas de prensa con el contenido de las <strong>mesas redondas<\/strong> que formaban parte del <strong>programa cient\u00edfico<\/strong>. Por su parte, los medios especializados tambi\u00e9n cubrieron algunas como la mesa sobre <strong>digitalizaci\u00f3n en la farmacia comunitaria<\/strong> <a href=\"https:\/\/www.diariofarma.com\/2022\/03\/22\/la-digitalizacion-de-la-farmacia-debe-basar-en-la-fortaleza-de-toda-la-red\" target=\"_blank\" rel=\"noreferrer noopener\">(Diariofarma)<\/a>, con la participaci\u00f3n de <strong>N\u00faria Bosch<\/strong>, vicepresidenta del COFB; la de<strong>envejecimiento saludable<\/strong> <a href=\"https:\/\/www.imfarmacias.es\/noticia\/27833\/el-farmaceutico-figura-clave-para-concienciar-sobre-un-envejecimient.html\" target=\"_blank\" rel=\"noreferrer noopener\">(imFarmacias)<\/a>, con la intervenci\u00f3n de<strong>Anna Bach-Faig<\/strong>, vocal de Alimentaci\u00f3n y Nutrici\u00f3n del COFB; o la mesa sobre <strong>uso terap\u00e9utico del cannabis<\/strong>, con la participaci\u00f3n de <strong>Josep Allu\u00e9<\/strong>, vocal de Plantas Medicinales del COFB, y <strong>Guillermo Bagar\u00eda<\/strong>, vocal de Oficina de Farmacia del COFB <a href=\"https:\/\/www.diariomedico.com\/farmacia\/comunitaria\/congresos\/cannabis-si-pero-seguro-y-siempre-bajo-prescripcion.html\" target=\"_blank\" rel=\"noreferrer noopener\">(Diario M\u00e9dico)<\/a>. <strong>Allu\u00e9<\/strong>, por su parte, tambi\u00e9n particip\u00f3 en otra mesa en torno a los <strong>productos naturales<\/strong> <a href=\"https:\/\/www.diariomedico.com\/farmacia\/comunitaria\/autocuidado\/no-tomaras-el-concepto-natural-en-vano.html\" target=\"_blank\" rel=\"noreferrer noopener\">(Diario M\u00e9dico)<\/a>.<\/p>\n\n\n\n<figure class=\"wp-block-image size-full\"><img decoding=\"async\" src=\"https:\/\/blog.cofb.cat\/wp-content\/uploads\/2022\/04\/COFB-Imfarmaciaseuropapress-20220421.png\" alt=\"\" class=\"wp-image-63115\"\/><\/figure>\n\n\n\n<p>Asimismo, los <strong>medios<\/strong> se refirieron a la sesi\u00f3n sobre<strong> nuevos proyectos de apoyo a las farmacias<\/strong> en el que particip\u00f3 <strong>Marta Roig<\/strong>, vocal del COFB y responsable de la Comisi\u00f3n de Deontolog\u00eda, que present\u00f3 la <strong>Gu\u00eda de Autoinspecci\u00f3n del Col\u00b7legi<\/strong> <a href=\"https:\/\/www.europapress.es\/nacional\/noticia-guia-cofm-autoinspeccion-xarxa-pacients-anulacion-cautelar-nuevos-proyectos-apoyo-farmacias-20220323193303.html\" target=\"_blank\" rel=\"noreferrer noopener\">(Europa Press)<\/a>. Y el<strong>acto de clausura<\/strong>, donde se destac\u00f3 el <strong>gran \u00e9xito de la edici\u00f3n Infarma Madrid 2022<\/strong> y se anunciaron las <strong>fechas de Infarma Barcelona 2023 (14, 15 y 16 de marzo),<\/strong> fue ampliamente recogido por los medios <a href=\"https:\/\/www.elfarmaceutico.es\/tendencias\/esta-pasando\/noticias\/infarma-madrid-2022-cierra-puertas-exito-participacion_150931_102.html\" target=\"_blank\" rel=\"noreferrer noopener\">(El Farmac\u00e9utico<\/a>, <a href=\"https:\/\/www.europapress.es\/nacional\/noticia-infarma-madrid-2022-cierra-puertas-exito-participacion-20220324164642.html\" target=\"_blank\" rel=\"noreferrer noopener\">Europa Press<\/a>, <a href=\"https:\/\/www.diariomedico.com\/farmacia\/comunitaria\/congresos\/infarma-2022-se-clausura-mostrando-al-farmaceutico-como-eje-vertebrador-del-sistema-sanitario.html\" target=\"_blank\" rel=\"noreferrer noopener\">Diario M\u00e9dico<\/a>, <a href=\"https:\/\/www.imfarmacias.es\/noticia\/27859\/barcelona-recoge-el-testigo-de-infarma-2023-que-sera-del-14-al-16-de.html\" target=\"_blank\" rel=\"noreferrer noopener\">imFarmacias<\/a>). Por \u00faltimo, los d\u00edas posteriores al Congreso se envi\u00f3 una nota de prensa <a href=\"https:\/\/revistaacofar.com\/actualidad\/noticias\/una-investigacion-sobre-el-efecto-de-un-suplemento-nutricional-en-la-recuperacion-del-deportista-premiada-en-infarma-madrid-2022\/\" target=\"_blank\" rel=\"noreferrer noopener\">(Revista Acofar)<\/a> sobre la <strong>distinci\u00f3n<\/strong> que Infarma otorg\u00f3 a <strong>tres investigaciones<\/strong>, dos de las cuales estaban relacionadas con la <strong>pandemia<\/strong>.<\/p>\n\n\n\n<h2 class=\"wp-block-heading\"><strong>Dispensaci\u00f3n de la medicaci\u00f3n hospitalaria ambulatoria (MHDA) a trav\u00e9s de las farmacias comunitarias<\/strong><\/h2>\n\n\n\n<p>El pasado <strong>28 de marzo<\/strong>, el <strong>Departament de Salut<\/strong> conjuntamente con el<strong> Consejo de Colegios de Farmac\u00e9uticos de Catalu\u00f1a<\/strong> <strong>(CCFC)<\/strong> enviaron una <a href=\"https:\/\/www.cofb.org\/es\/sala-de-premsa\/notes-premsa\/-\/asset_publisher\/GVZR6OjauRsN\/content\/prop-de-9-600-pacients-cronics-han-retirat-la-seva-medicacio-hospitalaria-a-una-farmacia-de-proximitat\/maximized\/?inheritRedirect=false&amp;redirect=https%3A%2F%2Fwww.cofb.org%2Fca%2Fsala-de-premsa%2Fnotes-premsa%3Fp_p_id%3D101_INSTANCE_GVZR6OjauRsN%26p_p_lifecycle%3D0%26p_p_state%3Dnormal%26p_p_mode%3Dview%26p_p_col_id%3Dcolumn-3%26p_p_col_count%3D1&amp;p_p_state=maximized\" target=\"_blank\" rel=\"noreferrer noopener\">nota de prensa<\/a> donde se explicaba que cerca de <strong>9.600 pacientes cr\u00f3nicos<\/strong> se han beneficiado del <strong>nuevo proceso de dispensaci\u00f3n de la medicaci\u00f3n hospitalaria ambulatoria (MHDA)<\/strong>, que desde hace casi dos a\u00f1os est\u00e1 a disposici\u00f3n de pacientes espec\u00edficos como respuesta a la pandemia de la COVID-19 y se ha ido consolidando en todo el territorio. El proyecto se puso en marcha conjuntamente con el<strong>Hospital del Mar<\/strong>, el <strong>COFB<\/strong>, el <strong>Departament de Salut<\/strong> y la <strong>Gerencia del Medicamento del CatSalut<\/strong>. Lo recogieron los siguientes medios: <a href=\"https:\/\/www.diariomedico.com\/farmacia\/comunitaria\/profesion\/exito-del-programa-de-dispensacion-de-la-medicacion-hospitalaria-ambulatoria-de-cataluna.html\" target=\"_blank\" rel=\"noreferrer noopener\">Diario M\u00e9dico<\/a>, <a href=\"https:\/\/www.actasanitaria.com\/opinion\/dimes-y-diretes\/en-cataluna-9600-pacientes-cronicos-han-retirado-su-medicacion-hospitalaria-en-farmacia-proximidad_2002031_102.html\" target=\"_blank\" rel=\"noreferrer noopener\">Acta Sanitaria<\/a>, <a href=\"https:\/\/www.diariofarma.com\/2022\/03\/28\/casi-10-000-cronicos-han-retirado-su-medicacion-hospitalaria-a-una-farmacia-de-proximidad\" target=\"_blank\" rel=\"noreferrer noopener\">Diariofarma<\/a>, <a href=\"https:\/\/www.diaridegirona.cat\/comarques\/2022\/03\/29\/pandemia-impulsa-els-pacients-cronics-64395941.html\" target=\"_blank\" rel=\"noreferrer noopener\">La Opini\u00f3n de Zamora<\/a>, <a href=\"https:\/\/www.elfarmaceutico.es\/tendencias\/esta-pasando\/noticias\/cerca-9600-pacientes-cronicos-retirado-medicacion-hospitalaria-farmacia-proximidad_150942_102.html\" target=\"_blank\" rel=\"noreferrer noopener\">El Farmac\u00e9utico<\/a>, <a href=\"https:\/\/www.consejosdetufarmaceutico.com\/farmacia\/9-600-pacientes-ya-han-utilizado-el-servicio-de-dispensacion-de-medicacion-hospitalaria-ambulatoria\/\" target=\"_blank\" rel=\"noreferrer noopener\">Consejos de ti farmac\u00e9utico<\/a>.<\/p>\n\n\n\n<figure class=\"wp-block-image size-full\"><img decoding=\"async\" src=\"https:\/\/blog.cofb.cat\/wp-content\/uploads\/2022\/04\/COFB-ElFarmaceuticoCorreoMedico-20220421.png\" alt=\"\" class=\"wp-image-63118\"\/><\/figure>\n\n\n\n<h2 class=\"wp-block-heading\"><strong>Ucrania: Enviar medicamentos s\u00f3lo a trav\u00e9s de canales oficiales<\/strong> <strong>y autorizados<\/strong><\/h2>\n\n\n\n<p>El pasado 4 de marzo, el <strong>Consell de Col\u00b7legis Farmac\u00e8utics de Catalunya (CCFC)<\/strong> envi\u00f3 una <a href=\"https:\/\/www.cofb.org\/es\/sala-de-premsa\/notes-premsa\/-\/asset_publisher\/GVZR6OjauRsN\/content\/el-ccfc-anima-la-ciutadania-a-col-laborar-en-l-enviament-de-medicaments-i-material-sanitari-a-ucraina-realitzant-les-donacions-sempre-a-traves-de-cana\/maximized\/?inheritRedirect=false&amp;redirect=https%3A%2F%2Fwww.cofb.org%2Fsala-de-premsa%2Fnotes-premsa%3Fp_p_id%3D101_INSTANCE_GVZR6OjauRsN%26p_p_lifecycle%3D0%26p_p_state%3Dnormal%26p_p_mode%3Dview%26p_p_col_id%3Dcolumn-3%26p_p_col_count%3D1%26_101_INSTANCE_GVZR6OjauRsN_advancedSearch%3Dfalse%26_101_INSTANCE_GVZR6OjauRsN_keywords%3D%26_101_INSTANCE_GVZR6OjauRsN_delta%3D5%26p_r_p_564233524_resetCur%3Dfalse%26_101_INSTANCE_GVZR6OjauRsN_cur%3D3%26_101_INSTANCE_GVZR6OjauRsN_andOperator%3Dtrue&amp;p_p_state=maximized\" target=\"_blank\" rel=\"noreferrer noopener\">nota de prensa<\/a> en qu\u00e9 <strong>animaba a la poblaci\u00f3n a continuar colaborando en el env\u00edo de medicamentos y material sanitario a Ucrania, realizando las donaciones econ\u00f3micas siempre a trav\u00e9s de canales oficiales y autorizados <\/strong>para asegurar que las ayudas fueran eficientes y llegaran a donde se necesitaran. Tuvo repercusi\u00f3n en los siguientes medios: <a href=\"https:\/\/www.noticiasde.es\/catalunya\/barcelona\/ucrania-farmaceuticos-catalanes-animan-a-colaborar-en-el-envio-de-medicamentos-por-canales-oficiales\/\" target=\"_blank\" rel=\"noreferrer noopener\">Europa Press<\/a>, <a href=\"https:\/\/www.diariofarma.com\/2022\/03\/04\/los-farmaceuticos-de-cataluna-animan-a-que-las-donaciones-a-ucrania-se-realicen-por-canales-oficiales\" target=\"_blank\" rel=\"noreferrer noopener\">Diariofarma<\/a>, <a href=\"https:\/\/www.imfarmacias.es\/noticia\/27587\/el-ccfc-anima-a-la-ciudadania-a-colaborar-con-ucrania-a-traves-de-do.html\" target=\"_blank\" rel=\"noreferrer noopener\">imFarmacias<\/a>, <a href=\"https:\/\/www.ccma.cat\/324\/quina-es-la-millor-manera-dajudar-ucraina-recomanacions-per-canalitzar-la-solidaritat\/noticia\/3150001\/\" target=\"_blank\" rel=\"noreferrer noopener\">324.cat<\/a>, <a href=\"https:\/\/www.ccma.cat\/catradio\/el-mati-de-catalunya-radio\/com-podem-ajudar-els-refugiats-que-arriben-ducraina\/noticia\/3150802\/\" target=\"_blank\" rel=\"noreferrer noopener\">Catalu\u00f1a Radio<\/a>, <a href=\"https:\/\/www.cope.es\/emisoras\/cataluna\/barcelona-provincia\/barcelona\/noticias\/farmaceuticos-catalanes-animan-colaborar-envio-medicamentos-por-canales-oficiales-20220304_1949958\" target=\"_blank\" rel=\"noreferrer noopener\">Cope<\/a>, <a href=\"http:\/\/www.gentedigital.es\/catalunya\/noticia\/3335369\/ucrania--farmaceuticos-catalanes-animan-a-colaborar-en-el-envio-de-medicamentos-por-canales-oficiales\/\" target=\"_blank\" rel=\"noreferrer noopener\">GenteDigital<\/a>, <a href=\"https:\/\/liniaxarxa.cat\/noticies\/com-ajudar-ucraina-des-de-casa-sense-estafes\/\" target=\"_blank\" rel=\"noreferrer noopener\">L\u00ednea<\/a>, <a href=\"https:\/\/revistaacofar.com\/actualidad\/noticias\/los-farmaceuticos-catalanes-recuerdan-la-importancia-de-donar-medicamentos-y-material-sanitario-a-ucrania-a-traves-de-canales-oficiales\/\" target=\"_blank\" rel=\"noreferrer noopener\">Revista Acofar<\/a>.<\/p>\n\n\n\n<h2 class=\"wp-block-heading\"><strong>Actualizaci\u00f3n de \u00c1gora de Nutrici\u00f3n y Salud<\/strong><\/h2>\n\n\n\n<p>El pasado 9 de marzo se envi\u00f3 una <a href=\"https:\/\/www.cofb.org\/es\/web\/guest\/sala-de-premsa\/notes-premsa\/-\/asset_publisher\/GVZR6OjauRsN\/content\/agora-de-nutricio-i-salut-actualitza-el-seu-disseny-amb-nous-continguts-i-formats-per-abordar-el-consell-nutricional-en-adults-i-persones-grans-des-de\/maximized\/?inheritRedirect=false&amp;redirect=https%3A%2F%2Fwww.cofb.org%2Fsala-prensa%2Fnotes-prensa%3Fp_p_id%3D101_INSTANCE_GVZR6OjauRsN%26p_p_lifecycle%3D0%26p_p_state%3Dnormal%26p_p_mode%3Dview%26p_p_col_id%3Dcolumn-3%26p_p_col_count%3D1&amp;p_p_state=maximized\" target=\"_blank\" rel=\"noreferrer noopener\">nota de prensa<\/a> a los <strong>medios especializados <\/strong>para informar que <strong>\u00c1gora de Nutrici\u00f3n y Salud<\/strong> actualizaba su <strong>dise\u00f1o <\/strong>con <strong>nuevos contenidos<\/strong> y <strong>formatos<\/strong> para abordar, desde la farmacia, el <strong>consejo nutricional<\/strong> en <strong>adultos<\/strong> y <strong>personas mayores<\/strong> desde la farmacia. Esta actualizaci\u00f3n, fruto de la renovaci\u00f3n del convenio entre los Colegios de Farmac\u00e9uticos de Madrid y Barcelona \u2013a trav\u00e9s de \u00c1gora Sanitaria\u2013 y Nestl\u00e9 Health Science, lo recogieron los siguientes medios: <a href=\"https:\/\/revistaacofar.com\/actualidad\/noticias\/agora-de-nutricion-y-salud-se-renueva-para-abordar-el-consejo-nutricional-en-adultos-y-mayores\/\" target=\"_blank\" rel=\"noreferrer noopener\">Revista Acofar<\/a>, <a href=\"https:\/\/www.pmfarma.es\/noticias\/33556-agora-de-nutricion-y-salud-actualiza-su-diseno-con-nuevos-contenidos-y-formatos-para-abordar-el-consejo-nutricional-en-adultos-y-mayores-des.html\" target=\"_blank\" rel=\"noreferrer noopener\">PMFarma,<\/a> <a href=\"https:\/\/www.imfarmacias.es\/noticia\/27647\/agora-de-nutricion-y-salud-actualiza-su-diseno-para-abordar-el-cons.html\" target=\"_blank\" rel=\"noreferrer noopener\">imFarmacias<\/a>. <\/p>\n\n\n\n<p>Entre las<strong> principales novedades <\/strong>del 2022, hay una nueva <strong>categor\u00eda formativa<\/strong> sobre <strong>nutrici\u00f3n <\/strong>y <strong>estado de salud<\/strong>, <strong>v\u00eddeos divulgativos <\/strong>que las farmacias podr\u00e1n utilizar en sus <strong>campa\u00f1as de educaci\u00f3n sanitaria<\/strong>, y uno <strong>nuevo impulso<\/strong> en la campa\u00f1a para la promoci\u00f3n de un <strong>envejecimiento saludable<\/strong>. <\/p>\n\n\n\n<figure class=\"wp-block-image size-full\"><img decoding=\"async\" src=\"https:\/\/blog.cofb.cat\/wp-content\/uploads\/2022\/04\/COFB-324Imfarmacias-20220421.png\" alt=\"\" class=\"wp-image-63120\"\/><\/figure>\n\n\n\n<h2 class=\"wp-block-heading\"><strong>Farmacia asistencial<\/strong><\/h2>\n\n\n\n<h3 class=\"wp-block-heading\"><strong>Farmaserveis<\/strong><\/h3>\n\n\n\n<p>A finales de marzo, el medio <a href=\"https:\/\/www.elfarmaceutico.es\/tendencias\/esta-pasando\/cof-barcelona-avanza-consolidar-farmacia-asistencial_150912_102.html\" target=\"_blank\" rel=\"noreferrer noopener\">El Farmac\u00e9utico<\/a> public\u00f3 un reportaje titulado \u201cEl COF de Barcelona avanza para consolidar la farmacia asistencial\u201d, en cuyo marco participaron <strong>Jordi Casas<\/strong>, presidente del COFB; <strong>Cristina Rodr\u00edguez<\/strong>, jefe del Departamento de Formaci\u00f3n y Desarrollo Profesional del COFB; <strong>Merc\u00e8 Sell\u00e9s<\/strong>, farmac\u00e9utica sustituta en la Farmacia Marta de Bol\u00f3s; y <strong>Joaquim Braun<\/strong>, farmac\u00e9utico cotitular de la Farmacia Arbon\u00e9s-Braun. Todos ellos se refirieron a <strong>Farmaserveis<\/strong>, la plataforma asistencial de la red de farmacias de Catalu\u00f1a, <strong>proyecto estrat\u00e9gico<\/strong> por la <strong>integraci\u00f3n de los farmac\u00e9uticos comunitarios<\/strong> con la <strong>resto de agentes<\/strong> <strong>sanitarios.<\/strong><\/p>\n\n\n\n<h3 class=\"wp-block-heading\"><strong>Tests de ant\u00edgenos y farmacias: experiencias sobre la realizaci\u00f3n, registro y notificaci\u00f3n de resultados<\/strong><\/h3>\n\n\n\n<p><strong>Marcel Gili<\/strong>, farmac\u00e9utico comunitario de Abrera y coordinador de las farmacias del Baix Llobregat, particip\u00f3 en un reportaje de <a href=\"https:\/\/www.diariomedico.com\/farmacia\/comunitaria\/politica\/cuando-farmacia-y-administracion-van-de-la-mano.html\" target=\"_blank\" rel=\"noreferrer noopener\">Correo Farmac\u00e9utico<\/a> en los que farmac\u00e9uticos de diferentes Comunidades Aut\u00f3nomas trasladaron sus experiencias en torno a la realizaci\u00f3n, registro y notificaci\u00f3n de resultados de tests de ant\u00edgenos. Gili expuso, entre otros aspectos, que programas como el de<strong> cribado con TAR<\/strong> en el entorno escolar \u201crefuerzan el<strong>apuesta por la farmacia asistencial<\/strong>&#8220;.<\/p>\n\n\n\n<figure class=\"wp-block-image size-full\"><img decoding=\"async\" src=\"https:\/\/blog.cofb.cat\/wp-content\/uploads\/2022\/04\/COFB-ElFarmaceuticoCorreoFarmaceutico-20220421-1.png\" alt=\"\" class=\"wp-image-63132\"\/><\/figure>\n\n\n\n<h3 class=\"wp-block-heading\"><strong>Farmacias centinela<\/strong><\/h3>\n\n\n\n<p><strong>Pilar R\u00edos<\/strong>, secretaria t\u00e9cnica del <strong>Consell de Col\u00b7legis Farmac\u00e8utics de Catalunya (CCFC)<\/strong>, particip\u00f3 en un <strong>reportaje <\/strong>de <a href=\"https:\/\/www.diariomedico.com\/farmacia\/comunitaria\/politica\/coordenadas-fijadas-rumbo-hacia-una-red-nacional-de-farmacias-centinela.html\" target=\"_blank\" rel=\"noreferrer noopener\">Correo Farmac\u00e9utico<\/a> sobre las Comunidades Aut\u00f3nomas que disponen de una <strong>red de farmacias centinela<\/strong>. Concretamente, Rius dio detalles de la red de farmacias centinela en el \u00e1mbito de Catalu\u00f1a, destacando que se percibe que la Administraci\u00f3n est\u00e1 muy satisfecha con el valor que aportan las farmacias y que, gracias al trabajo de todos, la red de farmacias centinela se va optimizando y respondiendo a las diferentes necesidades que aparecen en la sociedad. <\/p>\n\n\n\n<h3 class=\"wp-block-heading\"><strong>La red de farmacias, un punto m\u00e1s de atenci\u00f3n comunitaria dentro del SNS<\/strong><\/h3>\n\n\n\n<p>En el marco del anuario de<a href=\"https:\/\/elglobal.es\/mas\/anuario\/la-red-de-farmacias-un-punto-mas-de-atencion-comunitaria-del-sns\/\" target=\"_blank\" rel=\"noreferrer noopener\">El Global<\/a>, <strong>Jordi Casas<\/strong>, presidente del COFB, public\u00f3 un art\u00edculo de opini\u00f3n titulado <strong>&quot;La red de farmacias, un punto m\u00e1s de atenci\u00f3n comunitaria dentro del SNS&quot;. Casas destac\u00f3 el convenio firmado con CatSalut <\/strong>para el desarrollo de la Atenci\u00f3n farmac\u00e9utica comunitaria en el Sistema p\u00fablico de Salud, as\u00ed como los distintos proyectos impulsados bajo el paraguas de este convenio. <\/p>\n\n\n\n<figure class=\"wp-block-image size-full\"><img decoding=\"async\" src=\"https:\/\/blog.cofb.cat\/wp-content\/uploads\/2022\/04\/COFB-CorreoFarmaceuticoElGlobal-20220421.png\" alt=\"\" class=\"wp-image-63124\"\/><\/figure>\n\n\n\n<h2 class=\"wp-block-heading\"><strong>El COFB como fuente de informaci\u00f3n<\/strong><\/h2>\n\n\n\n<h3 class=\"wp-block-heading\"><strong>Heparina<\/strong><\/h3>\n\n\n\n<p>La responsable del Centro de Informaci\u00f3n del Medicamento del Col\u00b7legi de Farmac\u00e8utics de Barcelona (COFB), <strong>Lorena Rivera<\/strong>, particip\u00f3 en un reportaje de Cu\u00eddate Plus el pasado 7 de marzo, titulado <a href=\"https:\/\/cuidateplus.marca.com\/medicamentos\/2022\/03\/07\/heparina-utiliza-179605.html\" target=\"_blank\" rel=\"noreferrer noopener\">&quot;Heparina: qu\u00e9 es y cu\u00e1ndo se utiliza&quot;<\/a>. Rivera explic\u00f3, entre otras cuestiones, qu\u00e9 es este medicamento, c\u00f3mo y qui\u00e9n lo aplica, y en qu\u00e9 casos es necesario. <\/p>\n\n\n\n<h2 class=\"wp-block-heading\"><strong>Menciones en el COFB<\/strong><\/h2>\n\n\n\n<h3 class=\"wp-block-heading\"><strong>La alimentaci\u00f3n y el riesgo de padecer c\u00e1ncer<\/strong><\/h3>\n\n\n\n<p>La <strong>dieta <\/strong>est\u00e1 directamente relacionada con el <strong>desarrollo de distintos tipos de tumores<\/strong>. Existen muchos tipos de<strong>alimentos<\/strong> que pueden ayudarnos a reducir las posibilidades de padecer c\u00e1ncer. En este sentido, el medio <a href=\"https:\/\/www.alimente.elconfidencial.com\/bienestar\/2022-03-29\/alimentacion-que-reduce-el-cancer_3394225\/\" target=\"_blank\" rel=\"noreferrer noopener\">Alimento +<\/a> recogi\u00f3 una serie de <strong>recomendaciones del COFB<\/strong> para disminuir las posibilidades de desarrollar tumores como evitar el consumo de alcohol, disminuir el consumo de carne roja, reducir la grasa de origen animal, limitar los alimentos conservados en sal y evitar los alimentos quemados. <\/p>\n\n\n\n<figure class=\"wp-block-image size-full\"><img decoding=\"async\" src=\"https:\/\/blog.cofb.cat\/wp-content\/uploads\/2022\/04\/COFB-CuidatePlusAlimente-20220421.png\" alt=\"\" class=\"wp-image-63126\"\/><\/figure>\n\n\n\n<p><\/p>","protected":false},"excerpt":{"rendered":"<p>Infarma Madrid 2022 Repercusiones previas al inicio de Infarma Previamente a la celebraci\u00f3n de Infarma, se enviaron varias notas de prensa a los medios de comunicaci\u00f3n. Por ejemplo, se anunciaron las actividades programadas en el marco de \u201cInfarmainnova\u201d e \u201cIniciativas de \u00e9xito\u201d (Europa Press) o las relacionadas con \u00c1gora Sanitaria, que celebraba 12 [\u2026]<\/p>","protected":false},"author":1,"featured_media":78715,"comment_status":"open","ping_status":"open","sticky":false,"template":"","format":"standard","meta":{"_uag_custom_page_level_css":"","site-sidebar-layout":"default","site-content-layout":"","ast-site-content-layout":"default","site-content-style":"default","site-sidebar-style":"default","ast-global-header-display":"","ast-banner-title-visibility":"","ast-main-header-display":"","ast-hfb-above-header-display":"","ast-hfb-below-header-display":"","ast-hfb-mobile-header-display":"","site-post-title":"","ast-breadcrumbs-content":"","ast-featured-img":"disabled","footer-sml-layout":"","theme-transparent-header-meta":"","adv-header-id-meta":"","stick-header-meta":"","header-above-stick-meta":"","header-main-stick-meta":"","header-below-stick-meta":"","astra-migrate-meta-layouts":"set","ast-page-background-enabled":"default","ast-page-background-meta":{"desktop":{"background-color":"var(--ast-global-color-4)","background-image":"","background-repeat":"repeat","background-position":"center center","background-size":"auto","background-attachment":"scroll","background-type":"","background-media":"","overlay-type":"","overlay-color":"","overlay-opacity":"","overlay-gradient":""},"tablet":{"background-color":"","background-image":"","background-repeat":"repeat","background-position":"center center","background-size":"auto","background-attachment":"scroll","background-type":"","background-media":"","overlay-type":"","overlay-color":"","overlay-opacity":"","overlay-gradient":""},"mobile":{"background-color":"","background-image":"","background-repeat":"repeat","background-position":"center center","background-size":"auto","background-attachment":"scroll","background-type":"","background-media":"","overlay-type":"","overlay-color":"","overlay-opacity":"","overlay-gradient":""}},"ast-content-background-meta":{"desktop":{"background-color":"var(--ast-global-color-5)","background-image":"","background-repeat":"repeat","background-position":"center center","background-size":"auto","background-attachment":"scroll","background-type":"","background-media":"","overlay-type":"","overlay-color":"","overlay-opacity":"","overlay-gradient":""},"tablet":{"background-color":"var(--ast-global-color-5)","background-image":"","background-repeat":"repeat","background-position":"center center","background-size":"auto","background-attachment":"scroll","background-type":"","background-media":"","overlay-type":"","overlay-color":"","overlay-opacity":"","overlay-gradient":""},"mobile":{"background-color":"var(--ast-global-color-5)","background-image":"","background-repeat":"repeat","background-position":"center center","background-size":"auto","background-attachment":"scroll","background-type":"","background-media":"","overlay-type":"","overlay-color":"","overlay-opacity":"","overlay-gradient":""}},"footnotes":""},"categories":[23,32],"tags":[596,467,391,64,18,19,469,53,68,69,70,459,31,597,76,598,599,461],"class_list":["post-61483","post","type-post","status-publish","format-standard","has-post-thumbnail","hentry","category-destacats","category-noticies-farmacia","tag-activitats","tag-activitats-formatives","tag-agora-sanitaria-3","tag-atencio-farmaceutica","tag-cofb","tag-collegi-de-farmaceutics-de-barcelona","tag-coronavirus","tag-farmaceutics","tag-farmacia","tag-farmacia-comunitaria","tag-formacio","tag-mitjans","tag-mitjans-de-comunicacio","tag-notes-de-premsa","tag-oficina-de-farmacia","tag-omicron-2","tag-projecte-pilot-dactuacio-dels-farmaceutics-comunitaris-contra-la-covid-19","tag-repercussions-als-mitjans"],"yoast_head":"<!-- This site is optimized with the Yoast SEO plugin v22.4 - https:\/\/yoast.com\/wordpress\/plugins\/seo\/ -->\n<title>Mar\u00e7: Infarma Madrid 2022, la dispensaci\u00f3 dels MHDA a trav\u00e9s de les farm\u00e0cies i l&#039;enviament de medicaments a Ucra\u00efna, temes m\u00e9s destacats als mitjans - Col\u00b7legi de Farmac\u00e8utics de Barcelona<\/title>\n<meta name=\"robots\" content=\"index, follow, max-snippet:-1, max-image-preview:large, max-video-preview:-1\" \/>\n<link rel=\"canonical\" href=\"https:\/\/www.cofb.org\/es\/2022\/04\/22\/marc-infarma-madrid-2022-la-dispensacio-dels-mhda-a-traves-de-les-farmacies-i-lenviament-de-medicaments-a-ucraina-temes-mes-destacats-als-mitjans\/\" \/>\n<meta property=\"og:locale\" content=\"es_ES\" \/>\n<meta property=\"og:type\" content=\"article\" \/>\n<meta property=\"og:title\" content=\"Mar\u00e7: Infarma Madrid 2022, la dispensaci\u00f3 dels MHDA a trav\u00e9s de les farm\u00e0cies i l&#039;enviament de medicaments a Ucra\u00efna, temes m\u00e9s destacats als mitjans - Col\u00b7legi de Farmac\u00e8utics de Barcelona\" \/>\n<meta property=\"og:description\" content=\"Infarma Madrid 2022 Repercussions pr\u00e8vies a l&#8217;inici d&#8217;Infarma Pr\u00e8viament a la celebraci\u00f3 d\u2019Infarma, es van enviar diverses notes de premsa als mitjans de comunicaci\u00f3. Per exemple, es van anunciar les activitats programades en el marc d\u2019\u201dInfarmainnova\u201d i \u201cIniciatives d\u2019\u00e8xit\u201d (Europa Press) o les relacionades amb \u00c1gora Sanitaria, que celebrava 12 [&hellip;]\" \/>\n<meta property=\"og:url\" content=\"https:\/\/www.cofb.org\/es\/2022\/04\/22\/marc-infarma-madrid-2022-la-dispensacio-dels-mhda-a-traves-de-les-farmacies-i-lenviament-de-medicaments-a-ucraina-temes-mes-destacats-als-mitjans\/\" \/>\n<meta property=\"og:site_name\" content=\"Col\u00b7legi de Farmac\u00e8utics de Barcelona\" \/>\n<meta property=\"article:publisher\" content=\"https:\/\/www.facebook.com\/farmaceuticsbcn\/\" \/>\n<meta property=\"article:published_time\" content=\"2022-04-22T09:16:00+00:00\" \/>\n<meta property=\"article:modified_time\" content=\"2024-07-04T15:49:29+00:00\" \/>\n<meta property=\"og:image\" content=\"https:\/\/www.cofb.org\/wp-content\/uploads\/2022\/04\/Marc-2022.jpg\" \/>\n\t<meta property=\"og:image:width\" content=\"1170\" \/>\n\t<meta property=\"og:image:height\" content=\"580\" \/>\n\t<meta property=\"og:image:type\" content=\"image\/jpeg\" \/>\n<meta name=\"author\" content=\"wpAdminCofbOrg\" \/>\n<meta name=\"twitter:card\" content=\"summary_large_image\" \/>\n<meta name=\"twitter:creator\" content=\"@farmaceuticsbcn\" \/>\n<meta name=\"twitter:site\" content=\"@farmaceuticsbcn\" \/>\n<meta name=\"twitter:label1\" content=\"Escrito por\" \/>\n\t<meta name=\"twitter:data1\" content=\"wpAdminCofbOrg\" \/>\n\t<meta name=\"twitter:label2\" content=\"Tiempo de lectura\" \/>\n\t<meta name=\"twitter:data2\" content=\"10 minutos\" \/>\n<script type=\"application\/ld+json\" class=\"yoast-schema-graph\">{\"@context\":\"https:\/\/schema.org\",\"@graph\":[{\"@type\":\"Article\",\"@id\":\"https:\/\/www.cofb.org\/2022\/04\/22\/marc-infarma-madrid-2022-la-dispensacio-dels-mhda-a-traves-de-les-farmacies-i-lenviament-de-medicaments-a-ucraina-temes-mes-destacats-als-mitjans\/#article\",\"isPartOf\":{\"@id\":\"https:\/\/www.cofb.org\/2022\/04\/22\/marc-infarma-madrid-2022-la-dispensacio-dels-mhda-a-traves-de-les-farmacies-i-lenviament-de-medicaments-a-ucraina-temes-mes-destacats-als-mitjans\/\"},\"author\":{\"name\":\"wpAdminCofbOrg\",\"@id\":\"https:\/\/www.cofb.org\/#\/schema\/person\/22ed7eea88da74b0fa4d3154ad87ffcb\"},\"headline\":\"Mar\u00e7: Infarma Madrid 2022, la dispensaci\u00f3 dels MHDA a trav\u00e9s de les farm\u00e0cies i l&#8217;enviament de medicaments a Ucra\u00efna, temes m\u00e9s destacats als mitjans\",\"datePublished\":\"2022-04-22T09:16:00+00:00\",\"dateModified\":\"2024-07-04T15:49:29+00:00\",\"mainEntityOfPage\":{\"@id\":\"https:\/\/www.cofb.org\/2022\/04\/22\/marc-infarma-madrid-2022-la-dispensacio-dels-mhda-a-traves-de-les-farmacies-i-lenviament-de-medicaments-a-ucraina-temes-mes-destacats-als-mitjans\/\"},\"wordCount\":1591,\"commentCount\":0,\"publisher\":{\"@id\":\"https:\/\/www.cofb.org\/#organization\"},\"image\":{\"@id\":\"https:\/\/www.cofb.org\/2022\/04\/22\/marc-infarma-madrid-2022-la-dispensacio-dels-mhda-a-traves-de-les-farmacies-i-lenviament-de-medicaments-a-ucraina-temes-mes-destacats-als-mitjans\/#primaryimage\"},\"thumbnailUrl\":\"https:\/\/www.cofb.org\/wp-content\/uploads\/2022\/04\/Marc-2022.jpg\",\"keywords\":[\"activitats\",\"activitats formatives\",\"\u00c0gora Sanit\u00e0ria\",\"Atenci\u00f3 farmac\u00e8utica\",\"COFB\",\"Col\u00b7legi de Farmac\u00e8utics de Barcelona\",\"coronavirus\",\"farmac\u00e8utics\",\"Farm\u00e0cia\",\"farm\u00e0cia comunit\u00e0ria\",\"Formaci\u00f3\",\"Mitjans\",\"mitjans de comunicaci\u00f3\",\"notes de premsa\",\"Oficina de farm\u00e0cia\",\"\u00f2micron\",\"projecte pilot d\u2019actuaci\u00f3 dels farmac\u00e8utics comunitaris contra la COVID-19\",\"repercussions als mitjans\"],\"articleSection\":[\"Destacats\",\"Not\u00edcies farm\u00e0cia\"],\"inLanguage\":\"es\",\"potentialAction\":[{\"@type\":\"CommentAction\",\"name\":\"Comment\",\"target\":[\"https:\/\/www.cofb.org\/2022\/04\/22\/marc-infarma-madrid-2022-la-dispensacio-dels-mhda-a-traves-de-les-farmacies-i-lenviament-de-medicaments-a-ucraina-temes-mes-destacats-als-mitjans\/#respond\"]}]},{\"@type\":\"WebPage\",\"@id\":\"https:\/\/www.cofb.org\/2022\/04\/22\/marc-infarma-madrid-2022-la-dispensacio-dels-mhda-a-traves-de-les-farmacies-i-lenviament-de-medicaments-a-ucraina-temes-mes-destacats-als-mitjans\/\",\"url\":\"https:\/\/www.cofb.org\/2022\/04\/22\/marc-infarma-madrid-2022-la-dispensacio-dels-mhda-a-traves-de-les-farmacies-i-lenviament-de-medicaments-a-ucraina-temes-mes-destacats-als-mitjans\/\",\"name\":\"Mar\u00e7: Infarma Madrid 2022, la dispensaci\u00f3 dels MHDA a trav\u00e9s de les farm\u00e0cies i l'enviament de medicaments a Ucra\u00efna, temes m\u00e9s destacats als mitjans - Col\u00b7legi de Farmac\u00e8utics de Barcelona\",\"isPartOf\":{\"@id\":\"https:\/\/www.cofb.org\/#website\"},\"primaryImageOfPage\":{\"@id\":\"https:\/\/www.cofb.org\/2022\/04\/22\/marc-infarma-madrid-2022-la-dispensacio-dels-mhda-a-traves-de-les-farmacies-i-lenviament-de-medicaments-a-ucraina-temes-mes-destacats-als-mitjans\/#primaryimage\"},\"image\":{\"@id\":\"https:\/\/www.cofb.org\/2022\/04\/22\/marc-infarma-madrid-2022-la-dispensacio-dels-mhda-a-traves-de-les-farmacies-i-lenviament-de-medicaments-a-ucraina-temes-mes-destacats-als-mitjans\/#primaryimage\"},\"thumbnailUrl\":\"https:\/\/www.cofb.org\/wp-content\/uploads\/2022\/04\/Marc-2022.jpg\",\"datePublished\":\"2022-04-22T09:16:00+00:00\",\"dateModified\":\"2024-07-04T15:49:29+00:00\",\"breadcrumb\":{\"@id\":\"https:\/\/www.cofb.org\/2022\/04\/22\/marc-infarma-madrid-2022-la-dispensacio-dels-mhda-a-traves-de-les-farmacies-i-lenviament-de-medicaments-a-ucraina-temes-mes-destacats-als-mitjans\/#breadcrumb\"},\"inLanguage\":\"es\",\"potentialAction\":[{\"@type\":\"ReadAction\",\"target\":[\"https:\/\/www.cofb.org\/2022\/04\/22\/marc-infarma-madrid-2022-la-dispensacio-dels-mhda-a-traves-de-les-farmacies-i-lenviament-de-medicaments-a-ucraina-temes-mes-destacats-als-mitjans\/\"]}]},{\"@type\":\"ImageObject\",\"inLanguage\":\"es\",\"@id\":\"https:\/\/www.cofb.org\/2022\/04\/22\/marc-infarma-madrid-2022-la-dispensacio-dels-mhda-a-traves-de-les-farmacies-i-lenviament-de-medicaments-a-ucraina-temes-mes-destacats-als-mitjans\/#primaryimage\",\"url\":\"https:\/\/www.cofb.org\/wp-content\/uploads\/2022\/04\/Marc-2022.jpg\",\"contentUrl\":\"https:\/\/www.cofb.org\/wp-content\/uploads\/2022\/04\/Marc-2022.jpg\",\"width\":1170,\"height\":580},{\"@type\":\"BreadcrumbList\",\"@id\":\"https:\/\/www.cofb.org\/2022\/04\/22\/marc-infarma-madrid-2022-la-dispensacio-dels-mhda-a-traves-de-les-farmacies-i-lenviament-de-medicaments-a-ucraina-temes-mes-destacats-als-mitjans\/#breadcrumb\",\"itemListElement\":[{\"@type\":\"ListItem\",\"position\":1,\"name\":\"Inici\",\"item\":\"https:\/\/novaorg.cofb.net\/\"},{\"@type\":\"ListItem\",\"position\":2,\"name\":\"Mar\u00e7: Infarma Madrid 2022, la dispensaci\u00f3 dels MHDA a trav\u00e9s de les farm\u00e0cies i l&#8217;enviament de medicaments a Ucra\u00efna, temes m\u00e9s destacats als mitjans\"}]},{\"@type\":\"WebSite\",\"@id\":\"https:\/\/www.cofb.org\/#website\",\"url\":\"https:\/\/www.cofb.org\/\",\"name\":\"Col\u00b7legi de Farmac\u00e8utics de Barcelona\",\"description\":\"\",\"publisher\":{\"@id\":\"https:\/\/www.cofb.org\/#organization\"},\"potentialAction\":[{\"@type\":\"SearchAction\",\"target\":{\"@type\":\"EntryPoint\",\"urlTemplate\":\"https:\/\/www.cofb.org\/?s={search_term_string}\"},\"query-input\":\"required name=search_term_string\"}],\"inLanguage\":\"es\"},{\"@type\":\"Organization\",\"@id\":\"https:\/\/www.cofb.org\/#organization\",\"name\":\"Col\u00b7legi de Farmac\u00e8utics de Barcelona\",\"url\":\"https:\/\/www.cofb.org\/\",\"logo\":{\"@type\":\"ImageObject\",\"inLanguage\":\"es\",\"@id\":\"https:\/\/www.cofb.org\/#\/schema\/logo\/image\/\",\"url\":\"https:\/\/www.cofb.org\/wp-content\/uploads\/2023\/11\/cropped-Logotip-COFB.png\",\"contentUrl\":\"https:\/\/www.cofb.org\/wp-content\/uploads\/2023\/11\/cropped-Logotip-COFB.png\",\"width\":500,\"height\":105,\"caption\":\"Col\u00b7legi de Farmac\u00e8utics de Barcelona\"},\"image\":{\"@id\":\"https:\/\/www.cofb.org\/#\/schema\/logo\/image\/\"},\"sameAs\":[\"https:\/\/www.facebook.com\/farmaceuticsbcn\/\",\"https:\/\/twitter.com\/farmaceuticsbcn\",\"https:\/\/www.instagram.com\/farmaceuticsbcn\/\",\"https:\/\/www.linkedin.com\/company\/farmaceuticsbcn\/\"]},{\"@type\":\"Person\",\"@id\":\"https:\/\/www.cofb.org\/#\/schema\/person\/22ed7eea88da74b0fa4d3154ad87ffcb\",\"name\":\"wpAdminCofbOrg\",\"image\":{\"@type\":\"ImageObject\",\"inLanguage\":\"es\",\"@id\":\"https:\/\/www.cofb.org\/#\/schema\/person\/image\/\",\"url\":\"https:\/\/secure.gravatar.com\/avatar\/1721b20b3b8ca882c3b56ec6c978c594fff670e40c0718e9190eaeeb76aae7d8?s=96&d=mm&r=g\",\"contentUrl\":\"https:\/\/secure.gravatar.com\/avatar\/1721b20b3b8ca882c3b56ec6c978c594fff670e40c0718e9190eaeeb76aae7d8?s=96&d=mm&r=g\",\"caption\":\"wpAdminCofbOrg\"},\"sameAs\":[\"http:\/\/192.168.64.122\/wordpress\"],\"url\":\"https:\/\/www.cofb.org\/es\/author\/wpadmincofborg\/\"}]}<\/script>\n<!-- \/ Yoast SEO plugin. -->","yoast_head_json":{"title":"Mar\u00e7: Infarma Madrid 2022, la dispensaci\u00f3 dels MHDA a trav\u00e9s de les farm\u00e0cies i l'enviament de medicaments a Ucra\u00efna, temes m\u00e9s destacats als mitjans - Col\u00b7legi de Farmac\u00e8utics de Barcelona","robots":{"index":"index","follow":"follow","max-snippet":"max-snippet:-1","max-image-preview":"max-image-preview:large","max-video-preview":"max-video-preview:-1"},"canonical":"https:\/\/www.cofb.org\/es\/2022\/04\/22\/marc-infarma-madrid-2022-la-dispensacio-dels-mhda-a-traves-de-les-farmacies-i-lenviament-de-medicaments-a-ucraina-temes-mes-destacats-als-mitjans\/","og_locale":"es_ES","og_type":"article","og_title":"Mar\u00e7: Infarma Madrid 2022, la dispensaci\u00f3 dels MHDA a trav\u00e9s de les farm\u00e0cies i l'enviament de medicaments a Ucra\u00efna, temes m\u00e9s destacats als mitjans - Col\u00b7legi de Farmac\u00e8utics de Barcelona","og_description":"Infarma Madrid 2022 Repercussions pr\u00e8vies a l&#8217;inici d&#8217;Infarma Pr\u00e8viament a la celebraci\u00f3 d\u2019Infarma, es van enviar diverses notes de premsa als mitjans de comunicaci\u00f3. Per exemple, es van anunciar les activitats programades en el marc d\u2019\u201dInfarmainnova\u201d i \u201cIniciatives d\u2019\u00e8xit\u201d (Europa Press) o les relacionades amb \u00c1gora Sanitaria, que celebrava 12 [&hellip;]","og_url":"https:\/\/www.cofb.org\/es\/2022\/04\/22\/marc-infarma-madrid-2022-la-dispensacio-dels-mhda-a-traves-de-les-farmacies-i-lenviament-de-medicaments-a-ucraina-temes-mes-destacats-als-mitjans\/","og_site_name":"Col\u00b7legi de Farmac\u00e8utics de Barcelona","article_publisher":"https:\/\/www.facebook.com\/farmaceuticsbcn\/","article_published_time":"2022-04-22T09:16:00+00:00","article_modified_time":"2024-07-04T15:49:29+00:00","og_image":[{"width":1170,"height":580,"url":"https:\/\/www.cofb.org\/wp-content\/uploads\/2022\/04\/Marc-2022.jpg","type":"image\/jpeg"}],"author":"wpAdminCofbOrg","twitter_card":"summary_large_image","twitter_creator":"@farmaceuticsbcn","twitter_site":"@farmaceuticsbcn","twitter_misc":{"Escrito por":"wpAdminCofbOrg","Tiempo de lectura":"10 minutos"},"schema":{"@context":"https:\/\/schema.org","@graph":[{"@type":"Article","@id":"https:\/\/www.cofb.org\/2022\/04\/22\/marc-infarma-madrid-2022-la-dispensacio-dels-mhda-a-traves-de-les-farmacies-i-lenviament-de-medicaments-a-ucraina-temes-mes-destacats-als-mitjans\/#article","isPartOf":{"@id":"https:\/\/www.cofb.org\/2022\/04\/22\/marc-infarma-madrid-2022-la-dispensacio-dels-mhda-a-traves-de-les-farmacies-i-lenviament-de-medicaments-a-ucraina-temes-mes-destacats-als-mitjans\/"},"author":{"name":"wpAdminCofbOrg","@id":"https:\/\/www.cofb.org\/#\/schema\/person\/22ed7eea88da74b0fa4d3154ad87ffcb"},"headline":"Mar\u00e7: Infarma Madrid 2022, la dispensaci\u00f3 dels MHDA a trav\u00e9s de les farm\u00e0cies i l&#8217;enviament de medicaments a Ucra\u00efna, temes m\u00e9s destacats als mitjans","datePublished":"2022-04-22T09:16:00+00:00","dateModified":"2024-07-04T15:49:29+00:00","mainEntityOfPage":{"@id":"https:\/\/www.cofb.org\/2022\/04\/22\/marc-infarma-madrid-2022-la-dispensacio-dels-mhda-a-traves-de-les-farmacies-i-lenviament-de-medicaments-a-ucraina-temes-mes-destacats-als-mitjans\/"},"wordCount":1591,"commentCount":0,"publisher":{"@id":"https:\/\/www.cofb.org\/#organization"},"image":{"@id":"https:\/\/www.cofb.org\/2022\/04\/22\/marc-infarma-madrid-2022-la-dispensacio-dels-mhda-a-traves-de-les-farmacies-i-lenviament-de-medicaments-a-ucraina-temes-mes-destacats-als-mitjans\/#primaryimage"},"thumbnailUrl":"https:\/\/www.cofb.org\/wp-content\/uploads\/2022\/04\/Marc-2022.jpg","keywords":["activitats","activitats formatives","\u00c0gora Sanit\u00e0ria","Atenci\u00f3 farmac\u00e8utica","COFB","Col\u00b7legi de Farmac\u00e8utics de Barcelona","coronavirus","farmac\u00e8utics","Farm\u00e0cia","farm\u00e0cia comunit\u00e0ria","Formaci\u00f3","Mitjans","mitjans de comunicaci\u00f3","notes de premsa","Oficina de farm\u00e0cia","\u00f2micron","projecte pilot d\u2019actuaci\u00f3 dels farmac\u00e8utics comunitaris contra la COVID-19","repercussions als mitjans"],"articleSection":["Destacats","Not\u00edcies farm\u00e0cia"],"inLanguage":"es","potentialAction":[{"@type":"CommentAction","name":"Comment","target":["https:\/\/www.cofb.org\/2022\/04\/22\/marc-infarma-madrid-2022-la-dispensacio-dels-mhda-a-traves-de-les-farmacies-i-lenviament-de-medicaments-a-ucraina-temes-mes-destacats-als-mitjans\/#respond"]}]},{"@type":"WebPage","@id":"https:\/\/www.cofb.org\/2022\/04\/22\/marc-infarma-madrid-2022-la-dispensacio-dels-mhda-a-traves-de-les-farmacies-i-lenviament-de-medicaments-a-ucraina-temes-mes-destacats-als-mitjans\/","url":"https:\/\/www.cofb.org\/2022\/04\/22\/marc-infarma-madrid-2022-la-dispensacio-dels-mhda-a-traves-de-les-farmacies-i-lenviament-de-medicaments-a-ucraina-temes-mes-destacats-als-mitjans\/","name":"Mar\u00e7: Infarma Madrid 2022, la dispensaci\u00f3 dels MHDA a trav\u00e9s de les farm\u00e0cies i l'enviament de medicaments a Ucra\u00efna, temes m\u00e9s destacats als mitjans - Col\u00b7legi de Farmac\u00e8utics de Barcelona","isPartOf":{"@id":"https:\/\/www.cofb.org\/#website"},"primaryImageOfPage":{"@id":"https:\/\/www.cofb.org\/2022\/04\/22\/marc-infarma-madrid-2022-la-dispensacio-dels-mhda-a-traves-de-les-farmacies-i-lenviament-de-medicaments-a-ucraina-temes-mes-destacats-als-mitjans\/#primaryimage"},"image":{"@id":"https:\/\/www.cofb.org\/2022\/04\/22\/marc-infarma-madrid-2022-la-dispensacio-dels-mhda-a-traves-de-les-farmacies-i-lenviament-de-medicaments-a-ucraina-temes-mes-destacats-als-mitjans\/#primaryimage"},"thumbnailUrl":"https:\/\/www.cofb.org\/wp-content\/uploads\/2022\/04\/Marc-2022.jpg","datePublished":"2022-04-22T09:16:00+00:00","dateModified":"2024-07-04T15:49:29+00:00","breadcrumb":{"@id":"https:\/\/www.cofb.org\/2022\/04\/22\/marc-infarma-madrid-2022-la-dispensacio-dels-mhda-a-traves-de-les-farmacies-i-lenviament-de-medicaments-a-ucraina-temes-mes-destacats-als-mitjans\/#breadcrumb"},"inLanguage":"es","potentialAction":[{"@type":"ReadAction","target":["https:\/\/www.cofb.org\/2022\/04\/22\/marc-infarma-madrid-2022-la-dispensacio-dels-mhda-a-traves-de-les-farmacies-i-lenviament-de-medicaments-a-ucraina-temes-mes-destacats-als-mitjans\/"]}]},{"@type":"ImageObject","inLanguage":"es","@id":"https:\/\/www.cofb.org\/2022\/04\/22\/marc-infarma-madrid-2022-la-dispensacio-dels-mhda-a-traves-de-les-farmacies-i-lenviament-de-medicaments-a-ucraina-temes-mes-destacats-als-mitjans\/#primaryimage","url":"https:\/\/www.cofb.org\/wp-content\/uploads\/2022\/04\/Marc-2022.jpg","contentUrl":"https:\/\/www.cofb.org\/wp-content\/uploads\/2022\/04\/Marc-2022.jpg","width":1170,"height":580},{"@type":"BreadcrumbList","@id":"https:\/\/www.cofb.org\/2022\/04\/22\/marc-infarma-madrid-2022-la-dispensacio-dels-mhda-a-traves-de-les-farmacies-i-lenviament-de-medicaments-a-ucraina-temes-mes-destacats-als-mitjans\/#breadcrumb","itemListElement":[{"@type":"ListItem","position":1,"name":"Inici","item":"https:\/\/novaorg.cofb.net\/"},{"@type":"ListItem","position":2,"name":"Mar\u00e7: Infarma Madrid 2022, la dispensaci\u00f3 dels MHDA a trav\u00e9s de les farm\u00e0cies i l&#8217;enviament de medicaments a Ucra\u00efna, temes m\u00e9s destacats als mitjans"}]},{"@type":"WebSite","@id":"https:\/\/www.cofb.org\/#website","url":"https:\/\/www.cofb.org\/","name":"Col\u00b7legi de Farmac\u00e8utics de Barcelona","description":"","publisher":{"@id":"https:\/\/www.cofb.org\/#organization"},"potentialAction":[{"@type":"SearchAction","target":{"@type":"EntryPoint","urlTemplate":"https:\/\/www.cofb.org\/?s={search_term_string}"},"query-input":"required name=search_term_string"}],"inLanguage":"es"},{"@type":"Organization","@id":"https:\/\/www.cofb.org\/#organization","name":"Col\u00b7legi de Farmac\u00e8utics de Barcelona","url":"https:\/\/www.cofb.org\/","logo":{"@type":"ImageObject","inLanguage":"es","@id":"https:\/\/www.cofb.org\/#\/schema\/logo\/image\/","url":"https:\/\/www.cofb.org\/wp-content\/uploads\/2023\/11\/cropped-Logotip-COFB.png","contentUrl":"https:\/\/www.cofb.org\/wp-content\/uploads\/2023\/11\/cropped-Logotip-COFB.png","width":500,"height":105,"caption":"Col\u00b7legi de Farmac\u00e8utics de Barcelona"},"image":{"@id":"https:\/\/www.cofb.org\/#\/schema\/logo\/image\/"},"sameAs":["https:\/\/www.facebook.com\/farmaceuticsbcn\/","https:\/\/twitter.com\/farmaceuticsbcn","https:\/\/www.instagram.com\/farmaceuticsbcn\/","https:\/\/www.linkedin.com\/company\/farmaceuticsbcn\/"]},{"@type":"Person","@id":"https:\/\/www.cofb.org\/#\/schema\/person\/22ed7eea88da74b0fa4d3154ad87ffcb","name":"wpAdminCofbOrg","image":{"@type":"ImageObject","inLanguage":"es","@id":"https:\/\/www.cofb.org\/#\/schema\/person\/image\/","url":"https:\/\/secure.gravatar.com\/avatar\/1721b20b3b8ca882c3b56ec6c978c594fff670e40c0718e9190eaeeb76aae7d8?s=96&d=mm&r=g","contentUrl":"https:\/\/secure.gravatar.com\/avatar\/1721b20b3b8ca882c3b56ec6c978c594fff670e40c0718e9190eaeeb76aae7d8?s=96&d=mm&r=g","caption":"wpAdminCofbOrg"},"sameAs":["http:\/\/192.168.64.122\/wordpress"],"url":"https:\/\/www.cofb.org\/es\/author\/wpadmincofborg\/"}]}},"uagb_featured_image_src":{"full":["https:\/\/www.cofb.org\/wp-content\/uploads\/2022\/04\/Marc-2022.jpg",1170,580,false],"thumbnail":["https:\/\/www.cofb.org\/wp-content\/uploads\/2022\/04\/Marc-2022-150x150.jpg",150,150,true],"medium":["https:\/\/www.cofb.org\/wp-content\/uploads\/2022\/04\/Marc-2022-300x149.jpg",300,149,true],"medium_large":["https:\/\/www.cofb.org\/wp-content\/uploads\/2022\/04\/Marc-2022-768x381.jpg",768,381,true],"large":["https:\/\/www.cofb.org\/wp-content\/uploads\/2022\/04\/Marc-2022-1024x508.jpg",1024,508,true],"1536x1536":["https:\/\/www.cofb.org\/wp-content\/uploads\/2022\/04\/Marc-2022.jpg",1170,580,false],"2048x2048":["https:\/\/www.cofb.org\/wp-content\/uploads\/2022\/04\/Marc-2022.jpg",1170,580,false],"trp-custom-language-flag":["https:\/\/www.cofb.org\/wp-content\/uploads\/2022\/04\/Marc-2022-18x9.jpg",18,9,true]},"uagb_author_info":{"display_name":"wpAdminCofbOrg","author_link":"https:\/\/www.cofb.org\/es\/author\/wpadmincofborg\/"},"uagb_comment_info":0,"uagb_excerpt":"Infarma Madrid 2022 Repercussions pr\u00e8vies a l&#8217;inici d&#8217;Infarma Pr\u00e8viament a la celebraci\u00f3 d\u2019Infarma, es van enviar diverses notes de premsa als mitjans de comunicaci\u00f3. Per exemple, es van anunciar les activitats programades en el marc d\u2019\u201dInfarmainnova\u201d i \u201cIniciatives d\u2019\u00e8xit\u201d (Europa Press) o les relacionades amb \u00c1gora Sanitaria, que celebrava 12 [&hellip;]","_links":{"self":[{"href":"https:\/\/www.cofb.org\/es\/wp-json\/wp\/v2\/posts\/61483","targetHints":{"allow":["GET"]}}],"collection":[{"href":"https:\/\/www.cofb.org\/es\/wp-json\/wp\/v2\/posts"}],"about":[{"href":"https:\/\/www.cofb.org\/es\/wp-json\/wp\/v2\/types\/post"}],"author":[{"embeddable":true,"href":"https:\/\/www.cofb.org\/es\/wp-json\/wp\/v2\/users\/1"}],"replies":[{"embeddable":true,"href":"https:\/\/www.cofb.org\/es\/wp-json\/wp\/v2\/comments?post=61483"}],"version-history":[{"count":2,"href":"https:\/\/www.cofb.org\/es\/wp-json\/wp\/v2\/posts\/61483\/revisions"}],"predecessor-version":[{"id":78716,"href":"https:\/\/www.cofb.org\/es\/wp-json\/wp\/v2\/posts\/61483\/revisions\/78716"}],"wp:featuredmedia":[{"embeddable":true,"href":"https:\/\/www.cofb.org\/es\/wp-json\/wp\/v2\/media\/78715"}],"wp:attachment":[{"href":"https:\/\/www.cofb.org\/es\/wp-json\/wp\/v2\/media?parent=61483"}],"wp:term":[{"taxonomy":"category","embeddable":true,"href":"https:\/\/www.cofb.org\/es\/wp-json\/wp\/v2\/categories?post=61483"},{"taxonomy":"post_tag","embeddable":true,"href":"https:\/\/www.cofb.org\/es\/wp-json\/wp\/v2\/tags?post=61483"}],"curies":[{"name":"wp","href":"https:\/\/api.w.org\/{rel}","templated":true}]}}