{"id":61360,"date":"2022-03-16T13:44:47","date_gmt":"2022-03-16T11:44:47","guid":{"rendered":"https:\/\/blog.cofb.cat\/?p=61360"},"modified":"2023-10-10T07:36:15","modified_gmt":"2023-10-10T07:36:15","slug":"actuacio-farmaceutica-en-lambit-de-les-ajudes-a-lautonomia-personal","status":"publish","type":"post","link":"https:\/\/www.cofb.org\/es\/2022\/03\/16\/actuacio-farmaceutica-en-lambit-de-les-ajudes-a-lautonomia-personal\/","title":{"rendered":"Actuaci\u00f3n farmac\u00e9utica en el \u00e1mbito de las ayudas a la autonom\u00eda personal"},"content":{"rendered":"<p>Los viernes <strong>4 y 11 de marzo <\/strong>tuvo lugar en <strong>COFB <\/strong>la formaci\u00f3n <strong>&quot;Ayudas a la autonom\u00eda personal&quot;<\/strong>, patrocinada por <a href=\"https:\/\/www.prim.es\/\" target=\"_blank\" rel=\"noreferrer noopener\">Delgado<\/a>, y que ten\u00eda por <strong>objetivos<\/strong> que los asistentes fueran capaces de identificar las <strong>ayudas t\u00e9cnicas<\/strong> que necesita cada usuario en cada momento, poni\u00e9ndose <strong>al d\u00eda de las caracter\u00edsticas <\/strong>y las <strong>funciones de los distintos ap\u00e9ndices utilizables.<\/strong> Tambi\u00e9n se puso el foco en la<strong> recomendaci\u00f3n del producto m\u00e1s adecuado<\/strong> a partir del consejo farmac\u00e9utico<strong>, basado en el dominio de las claves para gestionar la categor\u00eda<\/strong>.  <\/p>\n\n\n\n<figure class=\"wp-block-image aligncenter size-full\"><img decoding=\"async\" src=\"https:\/\/blog.cofb.cat\/wp-content\/uploads\/2022\/03\/COFB_Ajudes-a-lautonomia-personal_2.jpg\" alt=\"En l'\u00e0mbit de l'ortop\u00e8dia, \u00e9s molt important que els farmac\u00e8utics coneguin l'ampli ventall de productes que hi ha al mercat.\" class=\"wp-image-61665\" title=\"En el \u00e1mbito de la ortopedia, es muy importante que los farmac\u00e9uticos conozcan el amplio abanico de productos que existen en el mercado.\"\/><figcaption class=\"wp-element-caption\">En el \u00e1mbito de la ortopedia, es muy importante que los farmac\u00e9uticos conozcan el amplio abanico de productos que existen en el mercado.<\/figcaption><\/figure>\n\n\n\n<p>La <strong>formaci\u00f3n<\/strong>, coordinada por <strong>Elena Palau<\/strong>, vocal de Ortopedia del COFB, estuvo impartida por <strong>Mar\u00eda Luisa Esteso<\/strong>, responsable de <strong>Formaci\u00f3n y Desarrollo <\/strong>de Producto de <a href=\"https:\/\/www.prim.es\/\" target=\"_blank\" rel=\"noreferrer noopener\">Delgado<\/a>.<\/p>\n\n\n\n<p>Ambas sesiones abordaron los siguientes temas: <\/p>\n\n\n\n<ul class=\"wp-block-list\">\n<li>Revisi\u00f3n de las diferentes <strong>ayudas t\u00e9cnicas <\/strong>que tenemos en la farmacia (sedestaci\u00f3n, descanso, hogar e higiene personal).<\/li>\n\n\n\n<li><strong>Perfiles de pacientes <\/strong>a quien podemos recomendar cada producto.<\/li>\n\n\n\n<li><strong>Recomendaciones<\/strong> y <strong>consejos <\/strong>en el momento de la dispensaci\u00f3n.<\/li>\n\n\n\n<li>Conocer <strong>qu\u00e9 productos <\/strong>deben formar parte de un <strong>surtido m\u00ednimo<\/strong>.<\/li>\n<\/ul>\n\n\n\n<h2 class=\"wp-block-heading\"><strong>Primera sesi\u00f3n: Productos de apoyo a la sedestaci\u00f3n<\/strong><\/h2>\n\n\n\n<p>Al principio de la <strong>primera <\/strong>sesi\u00f3n, se expuso la <strong>definici\u00f3n de dependencia<\/strong> seg\u00fan el Consejo de Europa, entendida como \u201cla <strong>necesidad de ayuda <\/strong>o <strong>asistencia <\/strong>por las <strong>actividades de la vida diaria<\/strong>\u201c. Los<strong> factores concurrentes<\/strong> en esta definici\u00f3n, seg\u00fan el <em>Libro Blanco<\/em> de la Discapacidad son: el<strong>existencia de una limitaci\u00f3n f\u00edsica<\/strong>, <strong>ps\u00edquica <\/strong>o<strong> intelectual<\/strong> que disminuye determinadas capacidades de la persona; la <strong>incapacidad de la persona de realizar por s\u00ed misma algunas actividades de la vida diaria<\/strong> y la <strong>necesidad de asistencia o cuidados<\/strong> por parte de un tercero. <\/p>\n\n\n\n<p>Por otra parte, el<strong>Organizaci\u00f3n Mundial de la Salud (OMS) <\/strong>clasifica la <strong>discapacidad <\/strong>en funci\u00f3n de los <strong>tipos siguientes<\/strong>: <em><strong>limitaci\u00f3n de la actividad<\/strong><\/em> (dificultades del individuo por ejecutar actividades); <em><strong>restricci\u00f3n de la participaci\u00f3n<\/strong><\/em> (problemas que el individuo experimenta en la participaci\u00f3n en situaciones vitales sociales o culturales) y <em><strong>barrera <\/strong><\/em>(factores ambientales que condicionan su funcionamiento o crean discapacidad). <\/p>\n\n\n\n<p>Seg\u00fan <strong>datos expuestos<\/strong> por Esteso, el<strong>a\u00f1o 2021<\/strong> la <strong>poblaci\u00f3n espa\u00f1ola<\/strong> de <strong>m\u00e1s de 65 a\u00f1os<\/strong> ascend\u00eda a <strong>9.700.000 <\/strong>aproximadamente. Y tambi\u00e9n destac\u00f3 que en Espa\u00f1a hay aproximadamente <strong>3.500.000 personas<\/strong> con discapacidad o con alguna limitaci\u00f3n que llegar\u00e1 a ser una discapacidad. <\/p>\n\n\n<div class=\"destacat-blog\">\n\n\n<p>La finalidad del<strong>actuaci\u00f3n del profesional farmac\u00e9utico<\/strong> es <strong>mejorar la calidad de vida de los pacientes<\/strong>. Para conseguir este objetivo en ortopedia debe poder diferenciar, clasificar y realizar la elecci\u00f3n id\u00f3nea y las recomendaciones correctas. Tambi\u00e9n es importante que conozca el amplio abanico de productos del mercado, lo que facilita la intervenci\u00f3n y permite elegir las ayudas t\u00e9cnicas m\u00e1s ajustadas a las necesidades del usuario.<\/p> <\/div>\n\n\n\n<h3 class=\"wp-block-heading\"><strong>\u00bfC\u00f3mo realizar la valoraci\u00f3n del usuario?<\/strong><\/h3>\n\n\n\n<p>En el marco de la primera sesi\u00f3n del curso, Esteso tambi\u00e9n habl\u00f3 de la <strong>valoraci\u00f3n del usuario<\/strong>, exponiendo <strong>algunos par\u00e1metros<\/strong> para su valoraci\u00f3n, que nos dan<strong>orientaci\u00f3n del nivel de sus necesidades y el tipo de esta necesidad <\/strong>(ejemplo: desplazarse dentro de casa, vestirse, desvestirse y arreglarse, control de las necesidades, cuidado de su alimentaci\u00f3n, comida y bebida, limpieza y cuidado de la ropa, cuidar del bienestar del resto de la familia\u2026). <\/p>\n\n\n\n<p>En cuanto a la <strong>definici\u00f3n y concepto de producto de soporte<\/strong>, Esteso se refiri\u00f3 a \u201ccualquier producto (incluyendo aparatos, equipos, instrumentos, tecnolog\u00eda y <em>software<\/em>) producido especialmente o disponible en el mercado para prevenir, compensar, aliviar o neutralizar deficiencias, limitaciones de la actividad y restricciones en la participaci\u00f3n\u201d. <\/p>\n\n\n\n<figure class=\"wp-block-image size-large\"><img decoding=\"async\" src=\"https:\/\/blog.cofb.cat\/wp-content\/uploads\/2022\/03\/COFB_Ajudes-a-lautonomia-personal_3_edited-1024x345.jpg\" alt=\"\" class=\"wp-image-61691\"\/><\/figure>\n\n\n\n<p>En relaci\u00f3n con las <strong>sillas de ruedas<\/strong>, Esteso expuso que \u00e9sta debe adaptarse al<strong>usuario <\/strong>y no al contrario. A la hora de elegir una determinada <strong>silla de ruedas<\/strong>, seg\u00fan detall\u00f3, hay que hacer una <strong>valoraci\u00f3n del usuario<\/strong> (nivel de control de tronco, capacidad de autopropulsarse, nivel cognitivo, tipos de piel\u2026); <strong>valoraci\u00f3n de la casa<\/strong> (tipo de suelo, ancho de las paredes y pasillos, posibles desniveles mediante rampas o escaleras; medir la anchura total de la silla y asegurarse de que es apta para moverse dentro de casa\u2026). Y tambi\u00e9n es importante hacer una <strong>valoraci\u00f3n del entorno<\/strong> (posibles desniveles, rampas, distancia hasta el supermercado, farmacia, etc.). <\/p>\n\n\n\n<p>Por \u00faltimo, en la parte final de la primera sesi\u00f3n, Esteso se refiri\u00f3 a los <strong>tipos de sillas de ruedas<\/strong> ya sus accesorios: freno, reposacabezas, reposapi\u00e9s elevable\u2026 Y tambi\u00e9n dedic\u00f3 un espacio a hablar de las almohadas antillagas, uno de los sistemas de prevenci\u00f3n m\u00e1s eficaces para evitar la aparici\u00f3n de \u00falceras por presi\u00f3n. <\/p>\n\n\n\n<h2 class=\"wp-block-heading\"><strong>Segunda sesi\u00f3n: Productos de soporte para la higiene y la vida diaria<\/strong><\/h2>\n\n\n\n<h3 class=\"wp-block-heading\"><strong>Higiene personal<\/strong><\/h3>\n\n\n\n<p>Seg\u00fan explic\u00f3<strong> Extendido<\/strong>, el uso o finalidad de este segundo bloque de productos es facilitar que cualquier persona pueda realizar las <strong>actividades de higiene personal <\/strong>de <strong>modo independiente<\/strong>. Seg\u00fan el <strong>nivel de dependencia<\/strong>, encontramos <strong>diversos tipos de productos <\/strong>como: alzas por el lavabo; ba\u00f1era (mesa y silla giratoria); ducha (taburetes, silla con resposabrazos, etc.), silla con ruedas por la ducha, entre otros.<\/p>\n\n\n\n<div class=\"wp-block-uagb-image uagb-block-3710313f wp-block-uagb-image--layout-default wp-block-uagb-image--effect-static wp-block-uagb-image--align-none\"><figure class=\"wp-block-uagb-image__figure\"><img loading=\"lazy\" decoding=\"async\" srcset=\"https:\/\/www.cofb.org\/wp-content\/uploads\/2023\/10\/COFB_Ajudes-a-lautonomia-personal_1-1024x578-1.jpg \" sizes=\"auto, (max-width: 480px) 150px\" src=\"https:\/\/www.cofb.org\/wp-content\/uploads\/2023\/10\/COFB_Ajudes-a-lautonomia-personal_1-1024x578-1.jpg\" alt=\"\" class=\"uag-image-69064\" width=\"1024\" height=\"578\" title=\"\"\/><\/figure><\/div>\n\n\n\n<p>En relaci\u00f3n con la <strong>valoraci\u00f3n del usuario<\/strong>En este caso, Esteso dijo que hay que tener en cuenta el nivel de control de tronco, estabilidad y movilidad en las extremidades. Tambi\u00e9n las patolog\u00edas neurol\u00f3gicas, vasculares, posibilidad de espasmos, hemiplej\u00eda, intervenciones de cadera, etc. Y destac\u00f3 que tambi\u00e9n hay que tener presente a la hora de realizar una valoraci\u00f3n del hogar: evaluar si hay ba\u00f1era o ducha, ver cu\u00e1l es la altura y la forma del lavabo, etc.<\/p>\n\n\n\n<h3 class=\"wp-block-heading\"><strong>Vida diaria<\/strong><\/h3>\n\n\n\n<p>En cuanto a los <strong>productos de apoyo a la vida diaria<\/strong>, Esteso destac\u00f3, entre otras, las <strong>mesas auxiliares<\/strong>, la<strong>incorporador de la espalda<\/strong> o los conos elevadores de la cama o sill\u00f3n. Tambi\u00e9n habl\u00f3 de aquellos productos de soporte para <strong>comer y beber<\/strong> como los biberones con cuchara o los cuchillos con el mango angulado, etc. Asimismo habl\u00f3 de aquellos productos que pueden ser de utilidad a personas que toman <strong>muchas pastillas<\/strong> as\u00ed como <strong>cuidadores<\/strong>, <strong>personas con mala memoria<\/strong>, etc. Se trata de los trituradores de pastillas, del SPD o de estuches organizados por semanas para guardar la medicaci\u00f3n, etc. En relaci\u00f3n con la <strong>rehabilitaci\u00f3n<\/strong>, Esteso se refiri\u00f3 a las pelotas de rehabilitaci\u00f3n, al ejercitador piernas y brazos, al pedalier, a la manta el\u00e9ctrica ya la compresa de hielo fr\u00edo-calor.<\/p>\n\n\n\n<div class=\"wp-block-columns is-layout-flex wp-container-core-columns-is-layout-28f84493 wp-block-columns-is-layout-flex\">\n<div class=\"wp-block-column is-layout-flow wp-block-column-is-layout-flow\"><\/div>\n\n\n\n<div class=\"wp-block-column is-layout-flow wp-block-column-is-layout-flow\"><\/div>\n\n\n\n<div class=\"wp-block-column is-layout-flow wp-block-column-is-layout-flow\">\n<p class=\"has-text-align-right\"><strong>Con el patrocinio de:<\/strong><\/p>\n\n\n\n<figure class=\"wp-block-image alignright size-full is-resized\"><a href=\"https:\/\/www.prim.es\/\" target=\"_blank\" rel=\"noopener\"><img decoding=\"async\" src=\"https:\/\/blog.cofb.cat\/wp-content\/uploads\/2022\/03\/PRIM.png\" alt=\"\" class=\"wp-image-61361\" style=\"width:136px;height:60px\" width=\"136\" height=\"60\"\/><\/a><\/figure>\n<\/div>\n<\/div>","protected":false},"excerpt":{"rendered":"<p>Los viernes 4 y 11 de marzo tuvo lugar en el COFB la formaci\u00f3n \u201cAyudas a la autonom\u00eda personal\u201d, patrocinada por Prim, y que ten\u00eda por objetivos que los asistentes fueran capaces de identificar las ayudas t\u00e9cnicas que necesita cada usuario en cada momento , poni\u00e9ndose al d\u00eda de las caracter\u00edsticas y las [\u2026]<\/p>","protected":false},"author":1,"featured_media":67954,"comment_status":"open","ping_status":"open","sticky":false,"template":"","format":"standard","meta":{"_uag_custom_page_level_css":"","site-sidebar-layout":"default","site-content-layout":"","ast-site-content-layout":"default","site-content-style":"default","site-sidebar-style":"default","ast-global-header-display":"","ast-banner-title-visibility":"","ast-main-header-display":"","ast-hfb-above-header-display":"","ast-hfb-below-header-display":"","ast-hfb-mobile-header-display":"","site-post-title":"","ast-breadcrumbs-content":"","ast-featured-img":"disabled","footer-sml-layout":"","theme-transparent-header-meta":"","adv-header-id-meta":"","stick-header-meta":"","header-above-stick-meta":"","header-main-stick-meta":"","header-below-stick-meta":"","astra-migrate-meta-layouts":"default","ast-page-background-enabled":"default","ast-page-background-meta":{"desktop":{"background-color":"var(--ast-global-color-4)","background-image":"","background-repeat":"repeat","background-position":"center center","background-size":"auto","background-attachment":"scroll","background-type":"","background-media":"","overlay-type":"","overlay-color":"","overlay-opacity":"","overlay-gradient":""},"tablet":{"background-color":"","background-image":"","background-repeat":"repeat","background-position":"center center","background-size":"auto","background-attachment":"scroll","background-type":"","background-media":"","overlay-type":"","overlay-color":"","overlay-opacity":"","overlay-gradient":""},"mobile":{"background-color":"","background-image":"","background-repeat":"repeat","background-position":"center center","background-size":"auto","background-attachment":"scroll","background-type":"","background-media":"","overlay-type":"","overlay-color":"","overlay-opacity":"","overlay-gradient":""}},"ast-content-background-meta":{"desktop":{"background-color":"var(--ast-global-color-5)","background-image":"","background-repeat":"repeat","background-position":"center center","background-size":"auto","background-attachment":"scroll","background-type":"","background-media":"","overlay-type":"","overlay-color":"","overlay-opacity":"","overlay-gradient":""},"tablet":{"background-color":"var(--ast-global-color-5)","background-image":"","background-repeat":"repeat","background-position":"center center","background-size":"auto","background-attachment":"scroll","background-type":"","background-media":"","overlay-type":"","overlay-color":"","overlay-opacity":"","overlay-gradient":""},"mobile":{"background-color":"var(--ast-global-color-5)","background-image":"","background-repeat":"repeat","background-position":"center center","background-size":"auto","background-attachment":"scroll","background-type":"","background-media":"","overlay-type":"","overlay-color":"","overlay-opacity":"","overlay-gradient":""}},"footnotes":""},"categories":[23,57],"tags":[64,18,19,130,53,24,68,69,70,588,76,103,589,303,590],"class_list":["post-61360","post","type-post","status-publish","format-standard","has-post-thumbnail","hentry","category-destacats","category-mon-collegial","tag-atencio-farmaceutica","tag-cofb","tag-collegi-de-farmaceutics-de-barcelona","tag-dependencia","tag-farmaceutics","tag-farmaceutics-comunitaris","tag-farmacia","tag-farmacia-comunitaria","tag-formacio","tag-higiene-personal","tag-oficina-de-farmacia","tag-ortopedia","tag-persones-dependents","tag-sedestacio","tag-vocalia-dortopedia"],"yoast_head":"<!-- This site is optimized with the Yoast SEO plugin v22.4 - https:\/\/yoast.com\/wordpress\/plugins\/seo\/ -->\n<title>Actuaci\u00f3 farmac\u00e8utica en l&#039;\u00e0mbit de les ajudes a l&#039;autonomia personal - Col\u00b7legi de Farmac\u00e8utics de Barcelona<\/title>\n<meta name=\"description\" content=\"Els divendres 4 i 11 de mar\u00e7 va tenir lloc al COFB la formaci\u00f3 &quot;Ajudes a l&#039;autonomia personal&quot;, patrocinada per Prim.\" \/>\n<meta name=\"robots\" content=\"index, follow, max-snippet:-1, max-image-preview:large, max-video-preview:-1\" \/>\n<link rel=\"canonical\" href=\"https:\/\/novaorg.cofb.net\/2022\/03\/16\/actuacio-farmaceutica-en-lambit-de-les-ajudes-a-lautonomia-personal\/\" \/>\n<meta property=\"og:locale\" content=\"es_ES\" \/>\n<meta property=\"og:type\" content=\"article\" \/>\n<meta property=\"og:title\" content=\"Actuaci\u00f3 farmac\u00e8utica en l&#039;\u00e0mbit de les ajudes a l&#039;autonomia personal - Col\u00b7legi de Farmac\u00e8utics de Barcelona\" \/>\n<meta property=\"og:description\" content=\"Els divendres 4 i 11 de mar\u00e7 va tenir lloc al COFB la formaci\u00f3 &quot;Ajudes a l&#039;autonomia personal&quot;, patrocinada per Prim.\" \/>\n<meta property=\"og:url\" content=\"https:\/\/novaorg.cofb.net\/2022\/03\/16\/actuacio-farmaceutica-en-lambit-de-les-ajudes-a-lautonomia-personal\/\" \/>\n<meta property=\"og:site_name\" content=\"Col\u00b7legi de Farmac\u00e8utics de Barcelona\" \/>\n<meta property=\"article:publisher\" content=\"https:\/\/www.facebook.com\/farmaceuticsbcn\/\" \/>\n<meta property=\"article:published_time\" content=\"2022-03-16T11:44:47+00:00\" \/>\n<meta property=\"article:modified_time\" content=\"2023-10-10T07:36:15+00:00\" \/>\n<meta property=\"og:image\" content=\"https:\/\/novaorg.cofb.net\/wp-content\/uploads\/2023\/07\/COFB_Ajudes-a-lautonomia-personal_2.jpg\" \/>\n\t<meta property=\"og:image:width\" content=\"770\" \/>\n\t<meta property=\"og:image:height\" content=\"435\" \/>\n\t<meta property=\"og:image:type\" content=\"image\/jpeg\" \/>\n<meta name=\"author\" content=\"wpAdminCofbOrg\" \/>\n<meta name=\"twitter:card\" content=\"summary_large_image\" \/>\n<meta name=\"twitter:creator\" content=\"@farmaceuticsbcn\" \/>\n<meta name=\"twitter:site\" content=\"@farmaceuticsbcn\" \/>\n<meta name=\"twitter:label1\" content=\"Escrito por\" \/>\n\t<meta name=\"twitter:data1\" content=\"wpAdminCofbOrg\" \/>\n\t<meta name=\"twitter:label2\" content=\"Tiempo de lectura\" \/>\n\t<meta name=\"twitter:data2\" content=\"6 minutos\" \/>\n<script type=\"application\/ld+json\" class=\"yoast-schema-graph\">{\"@context\":\"https:\/\/schema.org\",\"@graph\":[{\"@type\":\"Article\",\"@id\":\"https:\/\/novaorg.cofb.net\/2022\/03\/16\/actuacio-farmaceutica-en-lambit-de-les-ajudes-a-lautonomia-personal\/#article\",\"isPartOf\":{\"@id\":\"https:\/\/novaorg.cofb.net\/2022\/03\/16\/actuacio-farmaceutica-en-lambit-de-les-ajudes-a-lautonomia-personal\/\"},\"author\":{\"name\":\"wpAdminCofbOrg\",\"@id\":\"https:\/\/www.cofb.org\/#\/schema\/person\/22ed7eea88da74b0fa4d3154ad87ffcb\"},\"headline\":\"Actuaci\u00f3 farmac\u00e8utica en l&#8217;\u00e0mbit de les ajudes a l&#8217;autonomia personal\",\"datePublished\":\"2022-03-16T11:44:47+00:00\",\"dateModified\":\"2023-10-10T07:36:15+00:00\",\"mainEntityOfPage\":{\"@id\":\"https:\/\/novaorg.cofb.net\/2022\/03\/16\/actuacio-farmaceutica-en-lambit-de-les-ajudes-a-lautonomia-personal\/\"},\"wordCount\":1118,\"commentCount\":0,\"publisher\":{\"@id\":\"https:\/\/www.cofb.org\/#organization\"},\"image\":{\"@id\":\"https:\/\/novaorg.cofb.net\/2022\/03\/16\/actuacio-farmaceutica-en-lambit-de-les-ajudes-a-lautonomia-personal\/#primaryimage\"},\"thumbnailUrl\":\"https:\/\/www.cofb.org\/wp-content\/uploads\/2023\/07\/COFB_Ajudes-a-lautonomia-personal_2.jpg\",\"keywords\":[\"Atenci\u00f3 farmac\u00e8utica\",\"COFB\",\"Col\u00b7legi de Farmac\u00e8utics de Barcelona\",\"depend\u00e8ncia\",\"farmac\u00e8utics\",\"farmac\u00e8utics comunitaris\",\"Farm\u00e0cia\",\"farm\u00e0cia comunit\u00e0ria\",\"Formaci\u00f3\",\"higiene personal\",\"Oficina de farm\u00e0cia\",\"Ortop\u00e8dia\",\"persones dependents\",\"sedestaci\u00f3\",\"vocalia d'Ortop\u00e8dia\"],\"articleSection\":[\"Destacats\",\"M\u00f3n col\u00b7legial\"],\"inLanguage\":\"es\",\"potentialAction\":[{\"@type\":\"CommentAction\",\"name\":\"Comment\",\"target\":[\"https:\/\/novaorg.cofb.net\/2022\/03\/16\/actuacio-farmaceutica-en-lambit-de-les-ajudes-a-lautonomia-personal\/#respond\"]}]},{\"@type\":\"WebPage\",\"@id\":\"https:\/\/novaorg.cofb.net\/2022\/03\/16\/actuacio-farmaceutica-en-lambit-de-les-ajudes-a-lautonomia-personal\/\",\"url\":\"https:\/\/novaorg.cofb.net\/2022\/03\/16\/actuacio-farmaceutica-en-lambit-de-les-ajudes-a-lautonomia-personal\/\",\"name\":\"Actuaci\u00f3 farmac\u00e8utica en l'\u00e0mbit de les ajudes a l'autonomia personal - Col\u00b7legi de Farmac\u00e8utics de Barcelona\",\"isPartOf\":{\"@id\":\"https:\/\/www.cofb.org\/#website\"},\"primaryImageOfPage\":{\"@id\":\"https:\/\/novaorg.cofb.net\/2022\/03\/16\/actuacio-farmaceutica-en-lambit-de-les-ajudes-a-lautonomia-personal\/#primaryimage\"},\"image\":{\"@id\":\"https:\/\/novaorg.cofb.net\/2022\/03\/16\/actuacio-farmaceutica-en-lambit-de-les-ajudes-a-lautonomia-personal\/#primaryimage\"},\"thumbnailUrl\":\"https:\/\/www.cofb.org\/wp-content\/uploads\/2023\/07\/COFB_Ajudes-a-lautonomia-personal_2.jpg\",\"datePublished\":\"2022-03-16T11:44:47+00:00\",\"dateModified\":\"2023-10-10T07:36:15+00:00\",\"description\":\"Els divendres 4 i 11 de mar\u00e7 va tenir lloc al COFB la formaci\u00f3 \\\"Ajudes a l'autonomia personal\\\", patrocinada per Prim.\",\"breadcrumb\":{\"@id\":\"https:\/\/novaorg.cofb.net\/2022\/03\/16\/actuacio-farmaceutica-en-lambit-de-les-ajudes-a-lautonomia-personal\/#breadcrumb\"},\"inLanguage\":\"es\",\"potentialAction\":[{\"@type\":\"ReadAction\",\"target\":[\"https:\/\/novaorg.cofb.net\/2022\/03\/16\/actuacio-farmaceutica-en-lambit-de-les-ajudes-a-lautonomia-personal\/\"]}]},{\"@type\":\"ImageObject\",\"inLanguage\":\"es\",\"@id\":\"https:\/\/novaorg.cofb.net\/2022\/03\/16\/actuacio-farmaceutica-en-lambit-de-les-ajudes-a-lautonomia-personal\/#primaryimage\",\"url\":\"https:\/\/www.cofb.org\/wp-content\/uploads\/2023\/07\/COFB_Ajudes-a-lautonomia-personal_2.jpg\",\"contentUrl\":\"https:\/\/www.cofb.org\/wp-content\/uploads\/2023\/07\/COFB_Ajudes-a-lautonomia-personal_2.jpg\",\"width\":770,\"height\":435},{\"@type\":\"BreadcrumbList\",\"@id\":\"https:\/\/novaorg.cofb.net\/2022\/03\/16\/actuacio-farmaceutica-en-lambit-de-les-ajudes-a-lautonomia-personal\/#breadcrumb\",\"itemListElement\":[{\"@type\":\"ListItem\",\"position\":1,\"name\":\"Inici\",\"item\":\"https:\/\/novaorg.cofb.net\/\"},{\"@type\":\"ListItem\",\"position\":2,\"name\":\"Actuaci\u00f3 farmac\u00e8utica en l&#8217;\u00e0mbit de les ajudes a l&#8217;autonomia personal\"}]},{\"@type\":\"WebSite\",\"@id\":\"https:\/\/www.cofb.org\/#website\",\"url\":\"https:\/\/www.cofb.org\/\",\"name\":\"Col\u00b7legi de Farmac\u00e8utics de Barcelona\",\"description\":\"\",\"publisher\":{\"@id\":\"https:\/\/www.cofb.org\/#organization\"},\"potentialAction\":[{\"@type\":\"SearchAction\",\"target\":{\"@type\":\"EntryPoint\",\"urlTemplate\":\"https:\/\/www.cofb.org\/?s={search_term_string}\"},\"query-input\":\"required name=search_term_string\"}],\"inLanguage\":\"es\"},{\"@type\":\"Organization\",\"@id\":\"https:\/\/www.cofb.org\/#organization\",\"name\":\"Col\u00b7legi de Farmac\u00e8utics de Barcelona\",\"url\":\"https:\/\/www.cofb.org\/\",\"logo\":{\"@type\":\"ImageObject\",\"inLanguage\":\"es\",\"@id\":\"https:\/\/www.cofb.org\/#\/schema\/logo\/image\/\",\"url\":\"https:\/\/www.cofb.org\/wp-content\/uploads\/2023\/11\/cropped-Logotip-COFB.png\",\"contentUrl\":\"https:\/\/www.cofb.org\/wp-content\/uploads\/2023\/11\/cropped-Logotip-COFB.png\",\"width\":500,\"height\":105,\"caption\":\"Col\u00b7legi de Farmac\u00e8utics de Barcelona\"},\"image\":{\"@id\":\"https:\/\/www.cofb.org\/#\/schema\/logo\/image\/\"},\"sameAs\":[\"https:\/\/www.facebook.com\/farmaceuticsbcn\/\",\"https:\/\/twitter.com\/farmaceuticsbcn\",\"https:\/\/www.instagram.com\/farmaceuticsbcn\/\",\"https:\/\/www.linkedin.com\/company\/farmaceuticsbcn\/\"]},{\"@type\":\"Person\",\"@id\":\"https:\/\/www.cofb.org\/#\/schema\/person\/22ed7eea88da74b0fa4d3154ad87ffcb\",\"name\":\"wpAdminCofbOrg\",\"image\":{\"@type\":\"ImageObject\",\"inLanguage\":\"es\",\"@id\":\"https:\/\/www.cofb.org\/#\/schema\/person\/image\/\",\"url\":\"https:\/\/secure.gravatar.com\/avatar\/1721b20b3b8ca882c3b56ec6c978c594fff670e40c0718e9190eaeeb76aae7d8?s=96&d=mm&r=g\",\"contentUrl\":\"https:\/\/secure.gravatar.com\/avatar\/1721b20b3b8ca882c3b56ec6c978c594fff670e40c0718e9190eaeeb76aae7d8?s=96&d=mm&r=g\",\"caption\":\"wpAdminCofbOrg\"},\"sameAs\":[\"http:\/\/192.168.64.122\/wordpress\"],\"url\":\"https:\/\/www.cofb.org\/es\/author\/wpadmincofborg\/\"}]}<\/script>\n<!-- \/ Yoast SEO plugin. -->","yoast_head_json":{"title":"Actuaci\u00f3 farmac\u00e8utica en l'\u00e0mbit de les ajudes a l'autonomia personal - Col\u00b7legi de Farmac\u00e8utics de Barcelona","description":"Els divendres 4 i 11 de mar\u00e7 va tenir lloc al COFB la formaci\u00f3 \"Ajudes a l'autonomia personal\", patrocinada per Prim.","robots":{"index":"index","follow":"follow","max-snippet":"max-snippet:-1","max-image-preview":"max-image-preview:large","max-video-preview":"max-video-preview:-1"},"canonical":"https:\/\/novaorg.cofb.net\/2022\/03\/16\/actuacio-farmaceutica-en-lambit-de-les-ajudes-a-lautonomia-personal\/","og_locale":"es_ES","og_type":"article","og_title":"Actuaci\u00f3 farmac\u00e8utica en l'\u00e0mbit de les ajudes a l'autonomia personal - Col\u00b7legi de Farmac\u00e8utics de Barcelona","og_description":"Els divendres 4 i 11 de mar\u00e7 va tenir lloc al COFB la formaci\u00f3 \"Ajudes a l'autonomia personal\", patrocinada per Prim.","og_url":"https:\/\/novaorg.cofb.net\/2022\/03\/16\/actuacio-farmaceutica-en-lambit-de-les-ajudes-a-lautonomia-personal\/","og_site_name":"Col\u00b7legi de Farmac\u00e8utics de Barcelona","article_publisher":"https:\/\/www.facebook.com\/farmaceuticsbcn\/","article_published_time":"2022-03-16T11:44:47+00:00","article_modified_time":"2023-10-10T07:36:15+00:00","og_image":[{"width":770,"height":435,"url":"https:\/\/novaorg.cofb.net\/wp-content\/uploads\/2023\/07\/COFB_Ajudes-a-lautonomia-personal_2.jpg","type":"image\/jpeg"}],"author":"wpAdminCofbOrg","twitter_card":"summary_large_image","twitter_creator":"@farmaceuticsbcn","twitter_site":"@farmaceuticsbcn","twitter_misc":{"Escrito por":"wpAdminCofbOrg","Tiempo de lectura":"6 minutos"},"schema":{"@context":"https:\/\/schema.org","@graph":[{"@type":"Article","@id":"https:\/\/novaorg.cofb.net\/2022\/03\/16\/actuacio-farmaceutica-en-lambit-de-les-ajudes-a-lautonomia-personal\/#article","isPartOf":{"@id":"https:\/\/novaorg.cofb.net\/2022\/03\/16\/actuacio-farmaceutica-en-lambit-de-les-ajudes-a-lautonomia-personal\/"},"author":{"name":"wpAdminCofbOrg","@id":"https:\/\/www.cofb.org\/#\/schema\/person\/22ed7eea88da74b0fa4d3154ad87ffcb"},"headline":"Actuaci\u00f3 farmac\u00e8utica en l&#8217;\u00e0mbit de les ajudes a l&#8217;autonomia personal","datePublished":"2022-03-16T11:44:47+00:00","dateModified":"2023-10-10T07:36:15+00:00","mainEntityOfPage":{"@id":"https:\/\/novaorg.cofb.net\/2022\/03\/16\/actuacio-farmaceutica-en-lambit-de-les-ajudes-a-lautonomia-personal\/"},"wordCount":1118,"commentCount":0,"publisher":{"@id":"https:\/\/www.cofb.org\/#organization"},"image":{"@id":"https:\/\/novaorg.cofb.net\/2022\/03\/16\/actuacio-farmaceutica-en-lambit-de-les-ajudes-a-lautonomia-personal\/#primaryimage"},"thumbnailUrl":"https:\/\/www.cofb.org\/wp-content\/uploads\/2023\/07\/COFB_Ajudes-a-lautonomia-personal_2.jpg","keywords":["Atenci\u00f3 farmac\u00e8utica","COFB","Col\u00b7legi de Farmac\u00e8utics de Barcelona","depend\u00e8ncia","farmac\u00e8utics","farmac\u00e8utics comunitaris","Farm\u00e0cia","farm\u00e0cia comunit\u00e0ria","Formaci\u00f3","higiene personal","Oficina de farm\u00e0cia","Ortop\u00e8dia","persones dependents","sedestaci\u00f3","vocalia d'Ortop\u00e8dia"],"articleSection":["Destacats","M\u00f3n col\u00b7legial"],"inLanguage":"es","potentialAction":[{"@type":"CommentAction","name":"Comment","target":["https:\/\/novaorg.cofb.net\/2022\/03\/16\/actuacio-farmaceutica-en-lambit-de-les-ajudes-a-lautonomia-personal\/#respond"]}]},{"@type":"WebPage","@id":"https:\/\/novaorg.cofb.net\/2022\/03\/16\/actuacio-farmaceutica-en-lambit-de-les-ajudes-a-lautonomia-personal\/","url":"https:\/\/novaorg.cofb.net\/2022\/03\/16\/actuacio-farmaceutica-en-lambit-de-les-ajudes-a-lautonomia-personal\/","name":"Actuaci\u00f3 farmac\u00e8utica en l'\u00e0mbit de les ajudes a l'autonomia personal - Col\u00b7legi de Farmac\u00e8utics de Barcelona","isPartOf":{"@id":"https:\/\/www.cofb.org\/#website"},"primaryImageOfPage":{"@id":"https:\/\/novaorg.cofb.net\/2022\/03\/16\/actuacio-farmaceutica-en-lambit-de-les-ajudes-a-lautonomia-personal\/#primaryimage"},"image":{"@id":"https:\/\/novaorg.cofb.net\/2022\/03\/16\/actuacio-farmaceutica-en-lambit-de-les-ajudes-a-lautonomia-personal\/#primaryimage"},"thumbnailUrl":"https:\/\/www.cofb.org\/wp-content\/uploads\/2023\/07\/COFB_Ajudes-a-lautonomia-personal_2.jpg","datePublished":"2022-03-16T11:44:47+00:00","dateModified":"2023-10-10T07:36:15+00:00","description":"Els divendres 4 i 11 de mar\u00e7 va tenir lloc al COFB la formaci\u00f3 \"Ajudes a l'autonomia personal\", patrocinada per Prim.","breadcrumb":{"@id":"https:\/\/novaorg.cofb.net\/2022\/03\/16\/actuacio-farmaceutica-en-lambit-de-les-ajudes-a-lautonomia-personal\/#breadcrumb"},"inLanguage":"es","potentialAction":[{"@type":"ReadAction","target":["https:\/\/novaorg.cofb.net\/2022\/03\/16\/actuacio-farmaceutica-en-lambit-de-les-ajudes-a-lautonomia-personal\/"]}]},{"@type":"ImageObject","inLanguage":"es","@id":"https:\/\/novaorg.cofb.net\/2022\/03\/16\/actuacio-farmaceutica-en-lambit-de-les-ajudes-a-lautonomia-personal\/#primaryimage","url":"https:\/\/www.cofb.org\/wp-content\/uploads\/2023\/07\/COFB_Ajudes-a-lautonomia-personal_2.jpg","contentUrl":"https:\/\/www.cofb.org\/wp-content\/uploads\/2023\/07\/COFB_Ajudes-a-lautonomia-personal_2.jpg","width":770,"height":435},{"@type":"BreadcrumbList","@id":"https:\/\/novaorg.cofb.net\/2022\/03\/16\/actuacio-farmaceutica-en-lambit-de-les-ajudes-a-lautonomia-personal\/#breadcrumb","itemListElement":[{"@type":"ListItem","position":1,"name":"Inici","item":"https:\/\/novaorg.cofb.net\/"},{"@type":"ListItem","position":2,"name":"Actuaci\u00f3 farmac\u00e8utica en l&#8217;\u00e0mbit de les ajudes a l&#8217;autonomia personal"}]},{"@type":"WebSite","@id":"https:\/\/www.cofb.org\/#website","url":"https:\/\/www.cofb.org\/","name":"Col\u00b7legi de Farmac\u00e8utics de Barcelona","description":"","publisher":{"@id":"https:\/\/www.cofb.org\/#organization"},"potentialAction":[{"@type":"SearchAction","target":{"@type":"EntryPoint","urlTemplate":"https:\/\/www.cofb.org\/?s={search_term_string}"},"query-input":"required name=search_term_string"}],"inLanguage":"es"},{"@type":"Organization","@id":"https:\/\/www.cofb.org\/#organization","name":"Col\u00b7legi de Farmac\u00e8utics de Barcelona","url":"https:\/\/www.cofb.org\/","logo":{"@type":"ImageObject","inLanguage":"es","@id":"https:\/\/www.cofb.org\/#\/schema\/logo\/image\/","url":"https:\/\/www.cofb.org\/wp-content\/uploads\/2023\/11\/cropped-Logotip-COFB.png","contentUrl":"https:\/\/www.cofb.org\/wp-content\/uploads\/2023\/11\/cropped-Logotip-COFB.png","width":500,"height":105,"caption":"Col\u00b7legi de Farmac\u00e8utics de Barcelona"},"image":{"@id":"https:\/\/www.cofb.org\/#\/schema\/logo\/image\/"},"sameAs":["https:\/\/www.facebook.com\/farmaceuticsbcn\/","https:\/\/twitter.com\/farmaceuticsbcn","https:\/\/www.instagram.com\/farmaceuticsbcn\/","https:\/\/www.linkedin.com\/company\/farmaceuticsbcn\/"]},{"@type":"Person","@id":"https:\/\/www.cofb.org\/#\/schema\/person\/22ed7eea88da74b0fa4d3154ad87ffcb","name":"wpAdminCofbOrg","image":{"@type":"ImageObject","inLanguage":"es","@id":"https:\/\/www.cofb.org\/#\/schema\/person\/image\/","url":"https:\/\/secure.gravatar.com\/avatar\/1721b20b3b8ca882c3b56ec6c978c594fff670e40c0718e9190eaeeb76aae7d8?s=96&d=mm&r=g","contentUrl":"https:\/\/secure.gravatar.com\/avatar\/1721b20b3b8ca882c3b56ec6c978c594fff670e40c0718e9190eaeeb76aae7d8?s=96&d=mm&r=g","caption":"wpAdminCofbOrg"},"sameAs":["http:\/\/192.168.64.122\/wordpress"],"url":"https:\/\/www.cofb.org\/es\/author\/wpadmincofborg\/"}]}},"uagb_featured_image_src":{"full":["https:\/\/www.cofb.org\/wp-content\/uploads\/2023\/07\/COFB_Ajudes-a-lautonomia-personal_2.jpg",770,435,false],"thumbnail":["https:\/\/www.cofb.org\/wp-content\/uploads\/2023\/07\/COFB_Ajudes-a-lautonomia-personal_2-150x150.jpg",150,150,true],"medium":["https:\/\/www.cofb.org\/wp-content\/uploads\/2023\/07\/COFB_Ajudes-a-lautonomia-personal_2-300x169.jpg",300,169,true],"medium_large":["https:\/\/www.cofb.org\/wp-content\/uploads\/2023\/07\/COFB_Ajudes-a-lautonomia-personal_2-768x434.jpg",768,434,true],"large":["https:\/\/www.cofb.org\/wp-content\/uploads\/2023\/07\/COFB_Ajudes-a-lautonomia-personal_2.jpg",770,435,false],"1536x1536":["https:\/\/www.cofb.org\/wp-content\/uploads\/2023\/07\/COFB_Ajudes-a-lautonomia-personal_2.jpg",770,435,false],"2048x2048":["https:\/\/www.cofb.org\/wp-content\/uploads\/2023\/07\/COFB_Ajudes-a-lautonomia-personal_2.jpg",770,435,false],"trp-custom-language-flag":["https:\/\/www.cofb.org\/wp-content\/uploads\/2023\/07\/COFB_Ajudes-a-lautonomia-personal_2.jpg",18,10,false]},"uagb_author_info":{"display_name":"wpAdminCofbOrg","author_link":"https:\/\/www.cofb.org\/es\/author\/wpadmincofborg\/"},"uagb_comment_info":0,"uagb_excerpt":"Els divendres 4 i 11 de mar\u00e7 va tenir lloc al COFB la formaci\u00f3 &#8220;Ajudes a l&#8217;autonomia personal&#8221;, patrocinada per Prim, i que tenia per objectius que els assistents fossin capa\u00e7os d&#8217;identificar les ajudes t\u00e8cniques que necessita cada usuari en cada moment, posant-se al dia de les caracter\u00edstiques i les [&hellip;]","_links":{"self":[{"href":"https:\/\/www.cofb.org\/es\/wp-json\/wp\/v2\/posts\/61360","targetHints":{"allow":["GET"]}}],"collection":[{"href":"https:\/\/www.cofb.org\/es\/wp-json\/wp\/v2\/posts"}],"about":[{"href":"https:\/\/www.cofb.org\/es\/wp-json\/wp\/v2\/types\/post"}],"author":[{"embeddable":true,"href":"https:\/\/www.cofb.org\/es\/wp-json\/wp\/v2\/users\/1"}],"replies":[{"embeddable":true,"href":"https:\/\/www.cofb.org\/es\/wp-json\/wp\/v2\/comments?post=61360"}],"version-history":[{"count":3,"href":"https:\/\/www.cofb.org\/es\/wp-json\/wp\/v2\/posts\/61360\/revisions"}],"predecessor-version":[{"id":69065,"href":"https:\/\/www.cofb.org\/es\/wp-json\/wp\/v2\/posts\/61360\/revisions\/69065"}],"wp:featuredmedia":[{"embeddable":true,"href":"https:\/\/www.cofb.org\/es\/wp-json\/wp\/v2\/media\/67954"}],"wp:attachment":[{"href":"https:\/\/www.cofb.org\/es\/wp-json\/wp\/v2\/media?parent=61360"}],"wp:term":[{"taxonomy":"category","embeddable":true,"href":"https:\/\/www.cofb.org\/es\/wp-json\/wp\/v2\/categories?post=61360"},{"taxonomy":"post_tag","embeddable":true,"href":"https:\/\/www.cofb.org\/es\/wp-json\/wp\/v2\/tags?post=61360"}],"curies":[{"name":"wp","href":"https:\/\/api.w.org\/{rel}","templated":true}]}}