{"id":60798,"date":"2022-03-07T15:10:11","date_gmt":"2022-03-07T13:10:11","guid":{"rendered":"https:\/\/blog.cofb.cat\/?p=60798"},"modified":"2023-10-10T07:38:56","modified_gmt":"2023-10-10T07:38:56","slug":"de-la-nutricio-a-la-neurociencia-nova-sessio-del-cicle-trending-topics-en-nutricio","status":"publish","type":"post","link":"https:\/\/www.cofb.org\/es\/2022\/03\/07\/de-la-nutricio-a-la-neurociencia-nova-sessio-del-cicle-trending-topics-en-nutricio\/","title":{"rendered":"De la nutrici\u00f3n a la neurociencia. Nueva sesi\u00f3n del ciclo \u201cTrending topics en nutrici\u00f3n\u201d"},"content":{"rendered":"<p>El pasado 24 de febrero tuvo lugar en el <strong>Col\u00b7legi de Farmac\u00e8utics de Barcelona (COFB) <\/strong>una nueva sesi\u00f3n del ciclo <strong><em>Trending topics<\/em> en nutrici\u00f3n<\/strong> con el t\u00edtulo <strong>&quot;De la nutrici\u00f3n a la neurociencia&quot;<\/strong> con el patrocinio de <a href=\"https:\/\/www.neuraxpharm.com\/\" target=\"_blank\" rel=\"noreferrer noopener\">Neuraxpharm<\/a>. Moderada y coordinada por<strong> Anna Bach-Faig<\/strong>, vocal de Alimentaci\u00f3n y Nutrici\u00f3n del COFB, estuvo impartida por <strong>Rafael de la Torre<\/strong>, director del programa de neurociencias, del<strong>Instituto Hospital del Mar de Investigaciones M\u00e9dicas (IMIM)<\/strong> y profesor de Toxicolog\u00eda del Departamento de Ciencias Experimentales y de la Salud de la Universidad Pompeu Fabra (UPF), y <strong>Aida Serra Maqueda<\/strong>, investigadora s\u00e9nior del<strong>Instituto de Investigaci\u00f3n de IMDEA <em>Food&amp;Health<\/em><\/strong> de Madrid y profesora colaboradora del M\u00e1ster en Nutrici\u00f3n y Salud de la Universidad Abierta de Catalu\u00f1a (UOC). <\/p>\n\n\n\n<h2 class=\"wp-block-heading\"><strong>Nutrici\u00f3n y neurociencia<\/strong><\/h2>\n\n\n\n<p>La <strong>sesi\u00f3n<\/strong> ten\u00eda por <strong>objetivos<\/strong> que los <strong>asistentes<\/strong> entendieran la <strong>importancia<\/strong> de los <strong>compuestos de origen proteico<\/strong> de <strong>poco peso molecular<\/strong> presentes en <strong>materiales vegetales<\/strong> utilizados en las medicinas tradicionales. Asimismo, tambi\u00e9n se quer\u00eda hacer una revisi\u00f3n de algunos hallazgos actuales en relaci\u00f3n con los <strong>propiedades beneficiosas<\/strong> de los <strong>preparados vegetales<\/strong> y el<strong>uso potencial <\/strong>en la <strong>neurociencia<\/strong>.<\/p>\n\n\n\n<figure class=\"wp-block-image size-full\"><img fetchpriority=\"high\" decoding=\"async\" width=\"590\" height=\"337\" src=\"https:\/\/www.cofb.org\/wp-content\/uploads\/2023\/10\/COFB-24_02_2022-De-la-nutricio-a-la-neurociencia-1-1.png\" alt=\"\" class=\"wp-image-69066\" title=\" Rafael de la Torre, director del programa de neurociencias del IMIM, en un momento de su exposici\u00f3n.\" srcset=\"https:\/\/www.cofb.org\/wp-content\/uploads\/2023\/10\/COFB-24_02_2022-De-la-nutricio-a-la-neurociencia-1-1.png 590w, https:\/\/www.cofb.org\/wp-content\/uploads\/2023\/10\/COFB-24_02_2022-De-la-nutricio-a-la-neurociencia-1-1-300x171.png 300w, https:\/\/www.cofb.org\/wp-content\/uploads\/2023\/10\/COFB-24_02_2022-De-la-nutricio-a-la-neurociencia-1-1-18x10.png 18w\" sizes=\"(max-width: 590px) 100vw, 590px\" \/><figcaption class=\"wp-element-caption\"> <strong>Anna Bach-Faig<\/strong>, vocal de Alimentaci\u00f3n y Nutrici\u00f3n del COFB, introdujo la sesi\u00f3n.<\/figcaption><\/figure>\n\n\n\n<p>Por \u00faltimo, a trav\u00e9s de la <strong>conferencia<\/strong>, los asistentes tambi\u00e9n pudieron <strong>aprender el impacto <\/strong>que tienen los fenoles sencillos de la <strong>dieta mediterr\u00e1nea<\/strong>, presentes en el aceite de oliva y en el vino y un polifenol de t\u00e9 verde, la epigalocatequina galado, tanto de forma separada como combinada en la <strong>mejora del rendimiento cognitivo<\/strong> en personas con riesgo de desarrollar <strong>enfermedades neurodegenerativas<\/strong>.  <\/p>\n\n\n\n<p>Los <strong>temas<\/strong> <strong>abordados<\/strong> fueron los siguientes: <\/p>\n\n\n\n<ul class=\"wp-block-list\">\n<li>Las<strong> plantas <\/strong>como&nbsp;<strong>fuente inagotable<\/strong> de compuestos bioactivos: <strong>agentes esenciales<\/strong> de la farmacopea<\/li>\n\n\n\n<li><strong>Uso y efectos<\/strong> de estos <strong>preparados vegetales<\/strong> en la salud y la enfermedad<\/li>\n\n\n\n<li>Calidad, estandarizaci\u00f3n y comercializaci\u00f3n<\/li>\n\n\n\n<li><strong>Impacto cl\u00ednico de los polifenoles <\/strong>de la dieta en la mejora del rendimiento cognitivo<\/li>\n\n\n\n<li><strong>Interacci\u00f3n<\/strong> entre la<strong> nutrici\u00f3n<\/strong> y la <strong>cognici\u00f3n<\/strong> en <strong>diferentes etapas de una enfermedad<\/strong> (des\u00f3rdenes alimenticios, obesidad, enfermedades gen\u00e9ticas y neurodegenerativas)<\/li>\n<\/ul>\n\n\n<div class=\"destacat-blog\">\n\n\n<h2 class=\"wp-block-heading\"><strong>Salud mental y soluciones en alimentaci\u00f3n<\/strong><\/h2>\n\n\n\n<p>A modo introductorio, <strong>Anna Bach-Faig<\/strong>, vocal de Alimentaci\u00f3n y Nutrici\u00f3n del COFB, explic\u00f3 que \u201cen el <strong>campo de la nutrici\u00f3n<\/strong>, nos <strong>debemos actualizar<\/strong> constantemente porque est\u00e1 en constante evoluci\u00f3n. Sabemos que la <strong>investigaci\u00f3n cient\u00edfica <\/strong>quiere analizar <strong>cu\u00e1les deben ser las tendencias <\/strong>porque la<strong> salud de la poblaci\u00f3n <\/strong>mejore. Tambi\u00e9n sabemos que el consumidor tiene el <strong>riesgo de<\/strong> <strong>caer en falsos mitos<\/strong> y comprometer el <strong>su estado de salud<\/strong> e, incluso, el <strong>medio ambiente<\/strong>. Como <strong>profesionales de la salud<\/strong>, debemos estar informados y saber <strong>asesorar al consumidor<\/strong>. <\/p>\n\n\n\n<p>En este sentido, el ciclo <strong><em>trending topics<\/em> en nutrici\u00f3n<\/strong>, busca la novedad, estar informados de los <strong>temas del momento.<\/strong> Y la cuesti\u00f3n de la <strong>salud mental<\/strong> es uno <strong>tema de actualidad<\/strong>, no s\u00f3lo por la pandemia. Es necesario <strong>informar de las soluciones en alimentaci\u00f3n <\/strong>para que sean <strong>saludables<\/strong>, en primer lugar, y tambi\u00e9n el aspecto y la <strong>dimensi\u00f3n de la sostenibilidad<\/strong>. Es decir, nuestra salud ya no puede ir disociada de la <strong>salud del planeta<\/strong> y tambi\u00e9n <strong>asimilar la diversidad<\/strong> que hay en la poblaci\u00f3n, m\u00e1s que nunca. La <strong>variedad <\/strong>que tenemos tanto de<strong>oferta<\/strong> c\u00f3mo de <strong>demanda<\/strong> es indudable\u201d. <\/p> <\/div>\n\n\n\n<h2 class=\"wp-block-heading\"><strong>Nutrici\u00f3n y envejecimiento<\/strong><\/h2>\n\n\n\n<p>En su exposici\u00f3n, el director del programa de neurociencias del IMIM, <strong>Rafael de la Torre<\/strong>, hizo referencia a la <strong>nutrici\u00f3n y el envejecimiento<\/strong> o <strong>c\u00f3mo abordar el envejecimiento <\/strong>desde el punto de vista de la<strong> nutrici\u00f3n<\/strong>. El doctor explic\u00f3 que, con el<strong>edad<\/strong>, hay un <strong>declive cognitivo<\/strong>: cae la <strong>memoria de trabajo<\/strong>, la <strong>memoria a largo plazo<\/strong>, o la <strong>velocidad de procesar la informaci\u00f3n<\/strong>. Y hizo referencia tambi\u00e9n \u201cal <strong>declive cognitivo patol\u00f3gico<\/strong>, aquel que est\u00e1 asociado a la <strong>demencia<\/strong> y, evidentemente, una de las<strong> m\u00e1s prevalentes<\/strong> en nuestro medio es la <strong>enfermedad de Alzheimer<\/strong>&#8220;. <\/p>\n\n\n\n<p>Con la <strong>nutrici\u00f3n<\/strong>, pretendemos retrasar el <strong>declive <\/strong>) <strong>enfermedad. <\/strong>De hecho, destac\u00f3 que \u201clo bueno para el coraz\u00f3n, lo es tambi\u00e9n para el cerebro\u201d. En este sentido, \u201clos <strong>factores de riesgo cardiovascular<\/strong>, la <strong>condici\u00f3n f\u00edsica<\/strong> y la <strong>dieta <\/strong>representan <strong>m\u00e1s de la mitad del riesgo atribuible de enfermedades neurodegenerativas<\/strong>&#8220;<strong> <\/strong>y, de hecho, \u201clos <strong>estudios sobre prevenci\u00f3n <\/strong>de la <strong>demencia<\/strong> muestran <strong>efectos positivos <\/strong>absolutos (reducci\u00f3n del riesgo absoluto del 40%) si se elimina la exposici\u00f3n a factores de riesgo conocidos\u201d. <\/p>\n\n\n\n<figure class=\"wp-block-image size-large\"><img decoding=\"async\" src=\"https:\/\/blog.cofb.cat\/wp-content\/uploads\/2022\/03\/COFB-24_02_2022-De-la-nutricio-a-la-neurociencia_edited-1024x564.jpg\" alt=\"Rafael de la Torre, director del programa de neuroci\u00e8ncies de l'IMIM, en un moment de la seva exposici\u00f3.\" class=\"wp-image-61223\" title=\" Rafael de la Torre, director del programa de neurociencias del IMIM, en un momento de su exposici\u00f3n.\"\/><figcaption class=\"wp-element-caption\"> <strong>Rafael de la Torre<\/strong>, director del programa de neurociencias del IMIM, en un momento de su exposici\u00f3n.<\/figcaption><\/figure>\n\n\n\n<p>Asimismo, el tratamiento de la demencia con <strong>f\u00e1rmacos antiamiloide<\/strong> ha mostrado efectos limitados (4% de reducci\u00f3n del riesgo absoluto) o ning\u00fan efecto conocido. De hecho, seg\u00fan expuso el investigador, modificar los <strong>12 factores de riesgo<\/strong> podr\u00eda <strong>prevenir <\/strong>o <strong>retrasar<\/strong> hasta un 40% de las <strong>demencias<\/strong>: <strong>nivel educativo<\/strong> (menos nivel educativo), <strong>hipertensi\u00f3n<\/strong>, <strong>discapacidad auditiva<\/strong>, <strong>tabaquismo<\/strong>, <strong>obesidad<\/strong>, <strong>depresi\u00f3n<\/strong>,<strong> inactividad f\u00edsica<\/strong>, <strong>diabetes<\/strong>, <strong>contacto social poco frecuente<\/strong>, <strong>consumo excesivo de alcohol<\/strong>, <strong>traumatismo craneal<\/strong> y la <strong>contaminaci\u00f3n<\/strong>. <\/p>\n\n\n\n<h3 class=\"wp-block-heading\"><strong>Estudio Predimed<\/strong><\/h3>\n\n\n\n<p>A continuaci\u00f3n, expuso datos del<strong>estudio Predimed<\/strong>. \u201cLos <strong>resultados<\/strong> de este estudio sugieren que una <strong>dieta mediterr\u00e1nea <\/strong>complementada con <strong>aceite de oliva<\/strong> o <strong>frutos secos<\/strong> puede contrarrestar el <strong>declive cognitivo<\/strong>. La <strong>falta de tratamientos <\/strong>eficaces para el <strong>declive cognitivo<\/strong> y la<strong> demencia<\/strong> apunta a la necesidad de<strong>estrategias preventivas <\/strong>para retrasar el<strong>aparici\u00f3<\/strong> y\/o <strong>minimizar los efectos<\/strong>. Los resultados presentes con la <strong>dieta mediterr\u00e1nea<\/strong> son alentadores, pero son <strong>necesarios estudios adicionales<\/strong>&#8220;.<\/p>\n\n\n\n<h3 class=\"wp-block-heading\"><strong>Papel de los suplementos diet\u00e9ticos<\/strong><\/h3>\n\n\n\n<p>Seg\u00fan expuso el<strong>investigador<\/strong>, actualmente existen varios preparados en el mercado combinando<strong> oligoelementos<\/strong>, <strong>\u00e1cidos grasos insaturados<\/strong>, <strong>vitaminas del grupo B<\/strong>, <strong>\u00e1cido f\u00f3lico<\/strong>, etc. \u201cTe\u00f3ricamente, han sido dise\u00f1ados por <strong>compensar los d\u00e9ficits metab\u00f3licos y vitam\u00ednicos<\/strong> a nivel cerebral y <strong>prevenir el deterioro cognitivo<\/strong> en las etapas m\u00e1s tempranas de la enfermedad de Alzheimer\u201d. Y a\u00f1adi\u00f3 que si se sigue una <strong>buena dieta mediterr\u00e1nea <\/strong>estos suplementos no son necesarios y que, en cualquier caso, no son sustitutivos de una dieta saludable.<\/p>\n\n\n\n<p>Como <strong>idea final<\/strong> destac\u00f3 que la <strong>combinaci\u00f3n de dieta mediterr\u00e1nea <\/strong>(mejor hipocal\u00f3rica para evitar el sobrepeso) con<strong> ejercicio\/actividad f\u00edsica regular<\/strong> y el<strong>entrenamiento cognitivo<\/strong> activo (estimulaci\u00f3n cognitiva, meditaci\u00f3n, etc.) tiene <strong>efectos sin\u00e9rgicos<\/strong>. <\/p>\n\n\n\n<h2 class=\"wp-block-heading\"><strong>Nootr\u00f3picos y salud cognitiva<\/strong><\/h2>\n\n\n\n<p><strong>Aida Serra Maqueda <\/strong>investigadora de la<strong>IMDEA <strong><em>Food&amp;Health<\/em><\/strong> <\/strong> y la <strong>Universidad Abierta de Catalu\u00f1a<\/strong> empez\u00f3 su intervenci\u00f3n haciendo referencia a las estrategias por <strong>preservar la salud cognitiva<\/strong> c\u00f3mo <strong>reducir el estr\u00e9s<\/strong>, <strong>realizar actividad f\u00edsica<\/strong>, <strong>mantener la salud<\/strong> (revisiones peri\u00f3dicas y reducci\u00f3n del riesgo cardiovascular), cuidar la salud del sue\u00f1o, realizar actividad social e intelectual y mantener una dieta saludable. Por lo que respecta a la dieta saludable, Serra explic\u00f3 que una dieta rica en \u00e1cidos grasos buenos (DHA, omegas\u2026) es muy adecuada para la salud cognitiva. <\/p>\n\n\n\n<figure class=\"wp-block-image size-large\"><img decoding=\"async\" src=\"https:\/\/blog.cofb.cat\/wp-content\/uploads\/2022\/03\/COFB-24_02_2022-De-la-nutricio-a-la-neurociencia-2-1024x572.png\" alt=\"Aida Serra Maqueda investigadora de l'iMDEA Food i la UOC, durant la seva intervenci\u00f3.\" class=\"wp-image-61251\" title=\"Aida Serra Maqueda investigadora del iMDEA Food y la UOC, durante su intervenci\u00f3n.\"\/><figcaption class=\"wp-element-caption\"><strong>Aida Serra Maqueda <\/strong>investigadora de la<strong>IMDEA <strong><em>Food&amp;Health<\/em><\/strong> <\/strong> y la <strong>UOC, durante su intervenci\u00f3n.<\/strong> <\/figcaption><\/figure>\n\n\n\n<p><\/p>\n\n\n\n<p>A continuaci\u00f3n, abord\u00f3 las <strong>caracter\u00edsticas de las<\/strong> <strong>plantas con acci\u00f3n nootr\u00f3pica<\/strong>: act\u00faan estimulando el cerebro; mejoran el bienestar emocional; evitan o retrasan los s\u00edntomas de deterioro cognitivo e incrementan la capacidad de concentraci\u00f3n, la atenci\u00f3n y la claridad mental. <\/p>\n\n\n\n<h3 class=\"wp-block-heading\"><strong>La investigaci\u00f3n en nootr\u00f3picos y salud mental<\/strong><\/h3>\n\n\n\n<p>Tal y como expuso Serra, la <strong>investigaci\u00f3n en nootr\u00f3picos<\/strong> y <strong>salud mental<\/strong> es de vital importancia a la hora de identificar compuestos bioactivos, identificar compuestos\/nootropicos; identificar el papel de la matriz en el efecto; determinar cu\u00e1les son los efectos beneficiosos; determinar dosis de duraci\u00f3n y tratamiento e identificar a la poblaci\u00f3n diana (ni\u00f1os, mujeres, adultos, j\u00f3venes, ancianos, determinadas enfermedades\u2026). <\/p>\n\n\n\n<div class=\"wp-block-columns is-layout-flex wp-container-core-columns-is-layout-28f84493 wp-block-columns-is-layout-flex\">\n<div class=\"wp-block-column is-layout-flow wp-block-column-is-layout-flow\"><\/div>\n\n\n\n<div class=\"wp-block-column is-layout-flow wp-block-column-is-layout-flow\"><\/div>\n\n\n\n<div class=\"wp-block-column is-layout-flow wp-block-column-is-layout-flow\">\n<p class=\"has-text-align-right\"><strong>Con el patrocinio de:<\/strong><\/p>\n\n\n\n<figure class=\"wp-block-image alignright size-full\"><a href=\"https:\/\/www.neuraxpharm.com\/\" target=\"_blank\" rel=\"noopener\"><img decoding=\"async\" src=\"https:\/\/blog.cofb.cat\/wp-content\/uploads\/2022\/01\/Neuraxpharm_OK.jpg\" alt=\"\" class=\"wp-image-59821\"\/><\/a><\/figure>\n<\/div>\n<\/div>\n\n\n<div class=\"destacat-blog\">\n\n\n<h2 class=\"wp-block-heading\"><strong>Pr\u00f3ximas sesiones del ciclo <em>Trending Topics <\/em>en Nutrici\u00f3n del curso 2021\/2022<\/strong><\/h2>\n\n\n\n<p>La <strong>investigaci\u00f3n cient\u00edfica<\/strong> en <strong>nutrici\u00f3n<\/strong> y <strong>alimentaci\u00f3n<\/strong> tiene por objetivo saber <strong>cu\u00e1l<\/strong> <strong>debe ser la orientaci\u00f3n en el campo nutricional<\/strong> porque la <strong>salud de la poblaci\u00f3n mejore<\/strong>. El consumidor debe estar <strong>bien informado y asesorado<\/strong> para evitar caer en falsos mitos y seguir dietas restrictivas que estropean el <strong>bienestar de la persona <\/strong>y del <strong>medio ambiente<\/strong>.<\/p>\n\n\n\n<p>En <strong>estas sesiones<\/strong> repasaremos los<em> <strong>trending topics<\/strong><\/em> (temas del momento) en <strong>nutrici\u00f3n <\/strong>y veremos c\u00f3mo afectan al consumidor que, cada vez m\u00e1s, quiere <strong>estar informado <\/strong>para obtener <strong>productos de calidad<\/strong>, <strong>sostenibles<\/strong>, <strong>saludables<\/strong> y asimilar la diversidad de una sociedad en la que la alimentaci\u00f3n es cada d\u00eda m\u00e1s sofisticada.<\/p>\n\n\n\n<figure class=\"wp-block-image size-large\"><img decoding=\"async\" src=\"https:\/\/blog.cofb.cat\/wp-content\/uploads\/2022\/03\/2021-11-18-EST-TW-Trending-topics-en-nutricio-20212022-1-1024x576.png\" alt=\"\" class=\"wp-image-61277\"\/><\/figure>\n\n\n\n<p>Este curso, concretamente, ya se han impartido<strong> 3 sesiones <\/strong>del <strong>ciclo<\/strong> <em><strong>Trending Topics<\/strong><\/em>: \u201cNuevas tendencias en tecnolog\u00eda, nutrici\u00f3n y salud (18 de noviembre)\u201d, \u201cPerfiles Nutricionales y NUTRISCORE (27 de enero)\u201d, \u201cDe la nutrici\u00f3n a la neurociencia (24 de febrero)\u201d.<\/p>\n\n\n\n<h3 class=\"wp-block-heading\"><strong>Pr\u00f3ximas sesiones: <\/strong><\/h3>\n\n\n\n<ul class=\"wp-block-list\">\n<li><strong>Sesi\u00f3n 4:<\/strong> <em>Consumo de alcohol, \u00bftenemos suficientemente clara la recomendaci\u00f3n a trasladar a la poblaci\u00f3n general como profesionales de la salud?<\/em> (28 de abril). M\u00e1s informaci\u00f3n e inscripciones: <a href=\"https:\/\/www.cofb.org\/es\/que-oferim\/farmaceutics\/serveis\/formacio-i-projectes\/activitats\/?p_p_id=webportletLlistatActivitats_WAR_webportletLlistatActivitats_INSTANCE_RuQd0cQLInOb&amp;p_p_lifecycle=0&amp;p_p_state=normal&amp;p_p_mode=view&amp;p_p_col_id=column-3&amp;p_p_col_count=1&amp;_webportletLlistatActivitats_WAR_webportletLlistatActivitats_INSTANCE_RuQd0cQLInOb_strutsAction=%2Fview%2Fdetall&amp;_webportletLlistatActivitats_WAR_webportletLlistatActivitats_INSTANCE_RuQd0cQLInOb_id=3398\" target=\"_blank\" rel=\"noreferrer noopener\">webinar<\/a> o <a href=\"https:\/\/www.cofb.org\/es\/que-oferim\/farmaceutics\/serveis\/formacio-i-projectes\/activitats\/?p_p_id=webportletLlistatActivitats_WAR_webportletLlistatActivitats_INSTANCE_RuQd0cQLInOb&amp;p_p_lifecycle=0&amp;p_p_state=normal&amp;p_p_mode=view&amp;p_p_col_id=column-3&amp;p_p_col_count=1&amp;_webportletLlistatActivitats_WAR_webportletLlistatActivitats_INSTANCE_RuQd0cQLInOb_strutsAction=%2Fview%2Fdetall&amp;_webportletLlistatActivitats_WAR_webportletLlistatActivitats_INSTANCE_RuQd0cQLInOb_id=3401\" target=\"_blank\" rel=\"noreferrer noopener\">presencial<\/a>.<\/li>\n<\/ul>\n\n\n\n<ul class=\"wp-block-list\">\n\n<li><strong>Sesi\u00f3n 5:<\/strong> <em>RealFooding<\/em> y los beneficios de los alimentos no procesados (26 de mayo). M\u00e1s informaci\u00f3n e inscripciones: <a href=\"https:\/\/www.cofb.org\/es\/que-oferim\/farmaceutics\/serveis\/formacio-i-projectes\/activitats\/?p_p_id=webportletLlistatActivitats_WAR_webportletLlistatActivitats_INSTANCE_RuQd0cQLInOb&amp;p_p_lifecycle=0&amp;p_p_state=normal&amp;p_p_mode=view&amp;p_p_col_id=column-3&amp;p_p_col_count=1&amp;_webportletLlistatActivitats_WAR_webportletLlistatActivitats_INSTANCE_RuQd0cQLInOb_strutsAction=%2Fview%2Fdetall&amp;_webportletLlistatActivitats_WAR_webportletLlistatActivitats_INSTANCE_RuQd0cQLInOb_id=3402\" target=\"_blank\" rel=\"noreferrer noopener\">webinar<\/a>.<\/li>\n\n<\/ul> <\/div>","protected":false},"excerpt":{"rendered":"<p>El pasado 24 de febrero tuvo lugar en el Colegio de Farmac\u00e9uticos de Barcelona (COFB) una nueva sesi\u00f3n del ciclo Trending topics en nutrici\u00f3n bajo el t\u00edtulo \u201cDe la nutrici\u00f3n a la neurociencia\u201d con el patrocinio de Neuraxpharm. Moderada y coordinada por Anna Bach-Faig, vocal de Alimentaci\u00f3n y Nutrici\u00f3n del COFB, [\u2026]<\/p>","protected":false},"author":1,"featured_media":67960,"comment_status":"open","ping_status":"open","sticky":false,"template":"","format":"standard","meta":{"_uag_custom_page_level_css":"","site-sidebar-layout":"default","site-content-layout":"","ast-site-content-layout":"default","site-content-style":"default","site-sidebar-style":"default","ast-global-header-display":"","ast-banner-title-visibility":"","ast-main-header-display":"","ast-hfb-above-header-display":"","ast-hfb-below-header-display":"","ast-hfb-mobile-header-display":"","site-post-title":"","ast-breadcrumbs-content":"","ast-featured-img":"disabled","footer-sml-layout":"","theme-transparent-header-meta":"","adv-header-id-meta":"","stick-header-meta":"","header-above-stick-meta":"","header-main-stick-meta":"","header-below-stick-meta":"","astra-migrate-meta-layouts":"default","ast-page-background-enabled":"default","ast-page-background-meta":{"desktop":{"background-color":"var(--ast-global-color-4)","background-image":"","background-repeat":"repeat","background-position":"center center","background-size":"auto","background-attachment":"scroll","background-type":"","background-media":"","overlay-type":"","overlay-color":"","overlay-opacity":"","overlay-gradient":""},"tablet":{"background-color":"","background-image":"","background-repeat":"repeat","background-position":"center center","background-size":"auto","background-attachment":"scroll","background-type":"","background-media":"","overlay-type":"","overlay-color":"","overlay-opacity":"","overlay-gradient":""},"mobile":{"background-color":"","background-image":"","background-repeat":"repeat","background-position":"center center","background-size":"auto","background-attachment":"scroll","background-type":"","background-media":"","overlay-type":"","overlay-color":"","overlay-opacity":"","overlay-gradient":""}},"ast-content-background-meta":{"desktop":{"background-color":"var(--ast-global-color-5)","background-image":"","background-repeat":"repeat","background-position":"center center","background-size":"auto","background-attachment":"scroll","background-type":"","background-media":"","overlay-type":"","overlay-color":"","overlay-opacity":"","overlay-gradient":""},"tablet":{"background-color":"var(--ast-global-color-5)","background-image":"","background-repeat":"repeat","background-position":"center center","background-size":"auto","background-attachment":"scroll","background-type":"","background-media":"","overlay-type":"","overlay-color":"","overlay-opacity":"","overlay-gradient":""},"mobile":{"background-color":"var(--ast-global-color-5)","background-image":"","background-repeat":"repeat","background-position":"center center","background-size":"auto","background-attachment":"scroll","background-type":"","background-media":"","overlay-type":"","overlay-color":"","overlay-opacity":"","overlay-gradient":""}},"footnotes":""},"categories":[23,57],"tags":[559,36,16,560,561,562,18,19,346,520,563,53,68,69,70,564,565,566,567,568,46,483,569,570,97,571,572],"class_list":["post-60798","post","type-post","status-publish","format-standard","has-post-thumbnail","hentry","category-destacats","category-mon-collegial","tag-activitat-fisica","tag-alimentacio","tag-alimentacio-i-nutricio","tag-alimentacio-saludable","tag-aliments","tag-benestar","tag-cofb","tag-collegi-de-farmaceutics-de-barcelona","tag-complements-alimentosos","tag-conferencia","tag-dieta-mediterrania","tag-farmaceutics","tag-farmacia","tag-farmacia-comunitaria","tag-formacio","tag-investigacio-cientifica","tag-investigacio-i-docencia","tag-malaltia-neurodegenerativa","tag-medi-ambient","tag-neurociencia","tag-nutricio","tag-nutrients","tag-productes-saludables","tag-propietats-beneficioses","tag-sostenibilitat","tag-suport-educatiu","tag-trending-topics"],"yoast_head":"<!-- This site is optimized with the Yoast SEO plugin v22.4 - https:\/\/yoast.com\/wordpress\/plugins\/seo\/ -->\n<title>De la nutrici\u00f3 a la neuroci\u00e8ncia. Nova sessi\u00f3 del cicle &quot;Trending topics en nutrici\u00f3&quot; - Col\u00b7legi de Farmac\u00e8utics de Barcelona<\/title>\n<meta name=\"description\" content=\"El 24 de febrer va tenir lloc al COFB una nova tert\u00falia del cicle Trending topics en nutrici\u00f3, titulada &quot;De la nutrici\u00f3 a la neuroci\u00e8ncia&quot;.\" \/>\n<meta name=\"robots\" content=\"index, follow, max-snippet:-1, max-image-preview:large, max-video-preview:-1\" \/>\n<link rel=\"canonical\" href=\"https:\/\/novaorg.cofb.net\/2022\/03\/07\/de-la-nutricio-a-la-neurociencia-nova-sessio-del-cicle-trending-topics-en-nutricio\/\" \/>\n<meta property=\"og:locale\" content=\"es_ES\" \/>\n<meta property=\"og:type\" content=\"article\" \/>\n<meta property=\"og:title\" content=\"De la nutrici\u00f3 a la neuroci\u00e8ncia. Nova sessi\u00f3 del cicle &quot;Trending topics en nutrici\u00f3&quot; - Col\u00b7legi de Farmac\u00e8utics de Barcelona\" \/>\n<meta property=\"og:description\" content=\"El 24 de febrer va tenir lloc al COFB una nova tert\u00falia del cicle Trending topics en nutrici\u00f3, titulada &quot;De la nutrici\u00f3 a la neuroci\u00e8ncia&quot;.\" \/>\n<meta property=\"og:url\" content=\"https:\/\/novaorg.cofb.net\/2022\/03\/07\/de-la-nutricio-a-la-neurociencia-nova-sessio-del-cicle-trending-topics-en-nutricio\/\" \/>\n<meta property=\"og:site_name\" content=\"Col\u00b7legi de Farmac\u00e8utics de Barcelona\" \/>\n<meta property=\"article:publisher\" content=\"https:\/\/www.facebook.com\/farmaceuticsbcn\/\" \/>\n<meta property=\"article:published_time\" content=\"2022-03-07T13:10:11+00:00\" \/>\n<meta property=\"article:modified_time\" content=\"2023-10-10T07:38:56+00:00\" \/>\n<meta property=\"og:image\" content=\"https:\/\/novaorg.cofb.net\/wp-content\/uploads\/2023\/07\/COFB-24_02_2022-De-la-nutricio-a-la-neurociencia-1-1.png\" \/>\n\t<meta property=\"og:image:width\" content=\"590\" \/>\n\t<meta property=\"og:image:height\" content=\"337\" \/>\n\t<meta property=\"og:image:type\" content=\"image\/png\" \/>\n<meta name=\"author\" content=\"wpAdminCofbOrg\" \/>\n<meta name=\"twitter:card\" content=\"summary_large_image\" \/>\n<meta name=\"twitter:creator\" content=\"@farmaceuticsbcn\" \/>\n<meta name=\"twitter:site\" content=\"@farmaceuticsbcn\" \/>\n<meta name=\"twitter:label1\" content=\"Escrito por\" \/>\n\t<meta name=\"twitter:data1\" content=\"wpAdminCofbOrg\" \/>\n\t<meta name=\"twitter:label2\" content=\"Tiempo de lectura\" \/>\n\t<meta name=\"twitter:data2\" content=\"8 minutos\" \/>\n<script type=\"application\/ld+json\" class=\"yoast-schema-graph\">{\"@context\":\"https:\/\/schema.org\",\"@graph\":[{\"@type\":\"Article\",\"@id\":\"https:\/\/novaorg.cofb.net\/2022\/03\/07\/de-la-nutricio-a-la-neurociencia-nova-sessio-del-cicle-trending-topics-en-nutricio\/#article\",\"isPartOf\":{\"@id\":\"https:\/\/novaorg.cofb.net\/2022\/03\/07\/de-la-nutricio-a-la-neurociencia-nova-sessio-del-cicle-trending-topics-en-nutricio\/\"},\"author\":{\"name\":\"wpAdminCofbOrg\",\"@id\":\"https:\/\/www.cofb.org\/#\/schema\/person\/22ed7eea88da74b0fa4d3154ad87ffcb\"},\"headline\":\"De la nutrici\u00f3 a la neuroci\u00e8ncia. Nova sessi\u00f3 del cicle &#8220;Trending topics en nutrici\u00f3&#8221;\",\"datePublished\":\"2022-03-07T13:10:11+00:00\",\"dateModified\":\"2023-10-10T07:38:56+00:00\",\"mainEntityOfPage\":{\"@id\":\"https:\/\/novaorg.cofb.net\/2022\/03\/07\/de-la-nutricio-a-la-neurociencia-nova-sessio-del-cicle-trending-topics-en-nutricio\/\"},\"wordCount\":1523,\"commentCount\":0,\"publisher\":{\"@id\":\"https:\/\/www.cofb.org\/#organization\"},\"image\":{\"@id\":\"https:\/\/novaorg.cofb.net\/2022\/03\/07\/de-la-nutricio-a-la-neurociencia-nova-sessio-del-cicle-trending-topics-en-nutricio\/#primaryimage\"},\"thumbnailUrl\":\"https:\/\/www.cofb.org\/wp-content\/uploads\/2023\/07\/COFB-24_02_2022-De-la-nutricio-a-la-neurociencia-1-1.png\",\"keywords\":[\"activitat f\u00edsica\",\"alimentaci\u00f3\",\"Alimentaci\u00f3 i nutrici\u00f3\",\"alimentaci\u00f3 saludable\",\"aliments\",\"benestar\",\"COFB\",\"Col\u00b7legi de Farmac\u00e8utics de Barcelona\",\"complements alimentosos\",\"confer\u00e8ncia\",\"dieta mediterr\u00e0nia\",\"farmac\u00e8utics\",\"Farm\u00e0cia\",\"farm\u00e0cia comunit\u00e0ria\",\"Formaci\u00f3\",\"investigaci\u00f3 cient\u00edfica\",\"Investigaci\u00f3 i doc\u00e8ncia\",\"malaltia neurodegenerativa\",\"medi ambient\",\"neuroci\u00e8ncia\",\"Nutrici\u00f3\",\"nutrients\",\"productes saludables\",\"propietats beneficioses\",\"sostenibilitat\",\"suport educatiu\",\"trending topics\"],\"articleSection\":[\"Destacats\",\"M\u00f3n col\u00b7legial\"],\"inLanguage\":\"es\",\"potentialAction\":[{\"@type\":\"CommentAction\",\"name\":\"Comment\",\"target\":[\"https:\/\/novaorg.cofb.net\/2022\/03\/07\/de-la-nutricio-a-la-neurociencia-nova-sessio-del-cicle-trending-topics-en-nutricio\/#respond\"]}]},{\"@type\":\"WebPage\",\"@id\":\"https:\/\/novaorg.cofb.net\/2022\/03\/07\/de-la-nutricio-a-la-neurociencia-nova-sessio-del-cicle-trending-topics-en-nutricio\/\",\"url\":\"https:\/\/novaorg.cofb.net\/2022\/03\/07\/de-la-nutricio-a-la-neurociencia-nova-sessio-del-cicle-trending-topics-en-nutricio\/\",\"name\":\"De la nutrici\u00f3 a la neuroci\u00e8ncia. Nova sessi\u00f3 del cicle \\\"Trending topics en nutrici\u00f3\\\" - Col\u00b7legi de Farmac\u00e8utics de Barcelona\",\"isPartOf\":{\"@id\":\"https:\/\/www.cofb.org\/#website\"},\"primaryImageOfPage\":{\"@id\":\"https:\/\/novaorg.cofb.net\/2022\/03\/07\/de-la-nutricio-a-la-neurociencia-nova-sessio-del-cicle-trending-topics-en-nutricio\/#primaryimage\"},\"image\":{\"@id\":\"https:\/\/novaorg.cofb.net\/2022\/03\/07\/de-la-nutricio-a-la-neurociencia-nova-sessio-del-cicle-trending-topics-en-nutricio\/#primaryimage\"},\"thumbnailUrl\":\"https:\/\/www.cofb.org\/wp-content\/uploads\/2023\/07\/COFB-24_02_2022-De-la-nutricio-a-la-neurociencia-1-1.png\",\"datePublished\":\"2022-03-07T13:10:11+00:00\",\"dateModified\":\"2023-10-10T07:38:56+00:00\",\"description\":\"El 24 de febrer va tenir lloc al COFB una nova tert\u00falia del cicle Trending topics en nutrici\u00f3, titulada \\\"De la nutrici\u00f3 a la neuroci\u00e8ncia\\\".\",\"breadcrumb\":{\"@id\":\"https:\/\/novaorg.cofb.net\/2022\/03\/07\/de-la-nutricio-a-la-neurociencia-nova-sessio-del-cicle-trending-topics-en-nutricio\/#breadcrumb\"},\"inLanguage\":\"es\",\"potentialAction\":[{\"@type\":\"ReadAction\",\"target\":[\"https:\/\/novaorg.cofb.net\/2022\/03\/07\/de-la-nutricio-a-la-neurociencia-nova-sessio-del-cicle-trending-topics-en-nutricio\/\"]}]},{\"@type\":\"ImageObject\",\"inLanguage\":\"es\",\"@id\":\"https:\/\/novaorg.cofb.net\/2022\/03\/07\/de-la-nutricio-a-la-neurociencia-nova-sessio-del-cicle-trending-topics-en-nutricio\/#primaryimage\",\"url\":\"https:\/\/www.cofb.org\/wp-content\/uploads\/2023\/07\/COFB-24_02_2022-De-la-nutricio-a-la-neurociencia-1-1.png\",\"contentUrl\":\"https:\/\/www.cofb.org\/wp-content\/uploads\/2023\/07\/COFB-24_02_2022-De-la-nutricio-a-la-neurociencia-1-1.png\",\"width\":590,\"height\":337},{\"@type\":\"BreadcrumbList\",\"@id\":\"https:\/\/novaorg.cofb.net\/2022\/03\/07\/de-la-nutricio-a-la-neurociencia-nova-sessio-del-cicle-trending-topics-en-nutricio\/#breadcrumb\",\"itemListElement\":[{\"@type\":\"ListItem\",\"position\":1,\"name\":\"Inici\",\"item\":\"https:\/\/novaorg.cofb.net\/\"},{\"@type\":\"ListItem\",\"position\":2,\"name\":\"De la nutrici\u00f3 a la neuroci\u00e8ncia. Nova sessi\u00f3 del cicle &#8220;Trending topics en nutrici\u00f3&#8221;\"}]},{\"@type\":\"WebSite\",\"@id\":\"https:\/\/www.cofb.org\/#website\",\"url\":\"https:\/\/www.cofb.org\/\",\"name\":\"Col\u00b7legi de Farmac\u00e8utics de Barcelona\",\"description\":\"\",\"publisher\":{\"@id\":\"https:\/\/www.cofb.org\/#organization\"},\"potentialAction\":[{\"@type\":\"SearchAction\",\"target\":{\"@type\":\"EntryPoint\",\"urlTemplate\":\"https:\/\/www.cofb.org\/?s={search_term_string}\"},\"query-input\":\"required name=search_term_string\"}],\"inLanguage\":\"es\"},{\"@type\":\"Organization\",\"@id\":\"https:\/\/www.cofb.org\/#organization\",\"name\":\"Col\u00b7legi de Farmac\u00e8utics de Barcelona\",\"url\":\"https:\/\/www.cofb.org\/\",\"logo\":{\"@type\":\"ImageObject\",\"inLanguage\":\"es\",\"@id\":\"https:\/\/www.cofb.org\/#\/schema\/logo\/image\/\",\"url\":\"https:\/\/www.cofb.org\/wp-content\/uploads\/2023\/11\/cropped-Logotip-COFB.png\",\"contentUrl\":\"https:\/\/www.cofb.org\/wp-content\/uploads\/2023\/11\/cropped-Logotip-COFB.png\",\"width\":500,\"height\":105,\"caption\":\"Col\u00b7legi de Farmac\u00e8utics de Barcelona\"},\"image\":{\"@id\":\"https:\/\/www.cofb.org\/#\/schema\/logo\/image\/\"},\"sameAs\":[\"https:\/\/www.facebook.com\/farmaceuticsbcn\/\",\"https:\/\/twitter.com\/farmaceuticsbcn\",\"https:\/\/www.instagram.com\/farmaceuticsbcn\/\",\"https:\/\/www.linkedin.com\/company\/farmaceuticsbcn\/\"]},{\"@type\":\"Person\",\"@id\":\"https:\/\/www.cofb.org\/#\/schema\/person\/22ed7eea88da74b0fa4d3154ad87ffcb\",\"name\":\"wpAdminCofbOrg\",\"image\":{\"@type\":\"ImageObject\",\"inLanguage\":\"es\",\"@id\":\"https:\/\/www.cofb.org\/#\/schema\/person\/image\/\",\"url\":\"https:\/\/secure.gravatar.com\/avatar\/1721b20b3b8ca882c3b56ec6c978c594fff670e40c0718e9190eaeeb76aae7d8?s=96&d=mm&r=g\",\"contentUrl\":\"https:\/\/secure.gravatar.com\/avatar\/1721b20b3b8ca882c3b56ec6c978c594fff670e40c0718e9190eaeeb76aae7d8?s=96&d=mm&r=g\",\"caption\":\"wpAdminCofbOrg\"},\"sameAs\":[\"http:\/\/192.168.64.122\/wordpress\"],\"url\":\"https:\/\/www.cofb.org\/es\/author\/wpadmincofborg\/\"}]}<\/script>\n<!-- \/ Yoast SEO plugin. -->","yoast_head_json":{"title":"De la nutrici\u00f3 a la neuroci\u00e8ncia. Nova sessi\u00f3 del cicle \"Trending topics en nutrici\u00f3\" - Col\u00b7legi de Farmac\u00e8utics de Barcelona","description":"El 24 de febrer va tenir lloc al COFB una nova tert\u00falia del cicle Trending topics en nutrici\u00f3, titulada \"De la nutrici\u00f3 a la neuroci\u00e8ncia\".","robots":{"index":"index","follow":"follow","max-snippet":"max-snippet:-1","max-image-preview":"max-image-preview:large","max-video-preview":"max-video-preview:-1"},"canonical":"https:\/\/novaorg.cofb.net\/2022\/03\/07\/de-la-nutricio-a-la-neurociencia-nova-sessio-del-cicle-trending-topics-en-nutricio\/","og_locale":"es_ES","og_type":"article","og_title":"De la nutrici\u00f3 a la neuroci\u00e8ncia. Nova sessi\u00f3 del cicle \"Trending topics en nutrici\u00f3\" - Col\u00b7legi de Farmac\u00e8utics de Barcelona","og_description":"El 24 de febrer va tenir lloc al COFB una nova tert\u00falia del cicle Trending topics en nutrici\u00f3, titulada \"De la nutrici\u00f3 a la neuroci\u00e8ncia\".","og_url":"https:\/\/novaorg.cofb.net\/2022\/03\/07\/de-la-nutricio-a-la-neurociencia-nova-sessio-del-cicle-trending-topics-en-nutricio\/","og_site_name":"Col\u00b7legi de Farmac\u00e8utics de Barcelona","article_publisher":"https:\/\/www.facebook.com\/farmaceuticsbcn\/","article_published_time":"2022-03-07T13:10:11+00:00","article_modified_time":"2023-10-10T07:38:56+00:00","og_image":[{"width":590,"height":337,"url":"https:\/\/novaorg.cofb.net\/wp-content\/uploads\/2023\/07\/COFB-24_02_2022-De-la-nutricio-a-la-neurociencia-1-1.png","type":"image\/png"}],"author":"wpAdminCofbOrg","twitter_card":"summary_large_image","twitter_creator":"@farmaceuticsbcn","twitter_site":"@farmaceuticsbcn","twitter_misc":{"Escrito por":"wpAdminCofbOrg","Tiempo de lectura":"8 minutos"},"schema":{"@context":"https:\/\/schema.org","@graph":[{"@type":"Article","@id":"https:\/\/novaorg.cofb.net\/2022\/03\/07\/de-la-nutricio-a-la-neurociencia-nova-sessio-del-cicle-trending-topics-en-nutricio\/#article","isPartOf":{"@id":"https:\/\/novaorg.cofb.net\/2022\/03\/07\/de-la-nutricio-a-la-neurociencia-nova-sessio-del-cicle-trending-topics-en-nutricio\/"},"author":{"name":"wpAdminCofbOrg","@id":"https:\/\/www.cofb.org\/#\/schema\/person\/22ed7eea88da74b0fa4d3154ad87ffcb"},"headline":"De la nutrici\u00f3 a la neuroci\u00e8ncia. Nova sessi\u00f3 del cicle &#8220;Trending topics en nutrici\u00f3&#8221;","datePublished":"2022-03-07T13:10:11+00:00","dateModified":"2023-10-10T07:38:56+00:00","mainEntityOfPage":{"@id":"https:\/\/novaorg.cofb.net\/2022\/03\/07\/de-la-nutricio-a-la-neurociencia-nova-sessio-del-cicle-trending-topics-en-nutricio\/"},"wordCount":1523,"commentCount":0,"publisher":{"@id":"https:\/\/www.cofb.org\/#organization"},"image":{"@id":"https:\/\/novaorg.cofb.net\/2022\/03\/07\/de-la-nutricio-a-la-neurociencia-nova-sessio-del-cicle-trending-topics-en-nutricio\/#primaryimage"},"thumbnailUrl":"https:\/\/www.cofb.org\/wp-content\/uploads\/2023\/07\/COFB-24_02_2022-De-la-nutricio-a-la-neurociencia-1-1.png","keywords":["activitat f\u00edsica","alimentaci\u00f3","Alimentaci\u00f3 i nutrici\u00f3","alimentaci\u00f3 saludable","aliments","benestar","COFB","Col\u00b7legi de Farmac\u00e8utics de Barcelona","complements alimentosos","confer\u00e8ncia","dieta mediterr\u00e0nia","farmac\u00e8utics","Farm\u00e0cia","farm\u00e0cia comunit\u00e0ria","Formaci\u00f3","investigaci\u00f3 cient\u00edfica","Investigaci\u00f3 i doc\u00e8ncia","malaltia neurodegenerativa","medi ambient","neuroci\u00e8ncia","Nutrici\u00f3","nutrients","productes saludables","propietats beneficioses","sostenibilitat","suport educatiu","trending topics"],"articleSection":["Destacats","M\u00f3n col\u00b7legial"],"inLanguage":"es","potentialAction":[{"@type":"CommentAction","name":"Comment","target":["https:\/\/novaorg.cofb.net\/2022\/03\/07\/de-la-nutricio-a-la-neurociencia-nova-sessio-del-cicle-trending-topics-en-nutricio\/#respond"]}]},{"@type":"WebPage","@id":"https:\/\/novaorg.cofb.net\/2022\/03\/07\/de-la-nutricio-a-la-neurociencia-nova-sessio-del-cicle-trending-topics-en-nutricio\/","url":"https:\/\/novaorg.cofb.net\/2022\/03\/07\/de-la-nutricio-a-la-neurociencia-nova-sessio-del-cicle-trending-topics-en-nutricio\/","name":"De la nutrici\u00f3 a la neuroci\u00e8ncia. Nova sessi\u00f3 del cicle \"Trending topics en nutrici\u00f3\" - Col\u00b7legi de Farmac\u00e8utics de Barcelona","isPartOf":{"@id":"https:\/\/www.cofb.org\/#website"},"primaryImageOfPage":{"@id":"https:\/\/novaorg.cofb.net\/2022\/03\/07\/de-la-nutricio-a-la-neurociencia-nova-sessio-del-cicle-trending-topics-en-nutricio\/#primaryimage"},"image":{"@id":"https:\/\/novaorg.cofb.net\/2022\/03\/07\/de-la-nutricio-a-la-neurociencia-nova-sessio-del-cicle-trending-topics-en-nutricio\/#primaryimage"},"thumbnailUrl":"https:\/\/www.cofb.org\/wp-content\/uploads\/2023\/07\/COFB-24_02_2022-De-la-nutricio-a-la-neurociencia-1-1.png","datePublished":"2022-03-07T13:10:11+00:00","dateModified":"2023-10-10T07:38:56+00:00","description":"El 24 de febrer va tenir lloc al COFB una nova tert\u00falia del cicle Trending topics en nutrici\u00f3, titulada \"De la nutrici\u00f3 a la neuroci\u00e8ncia\".","breadcrumb":{"@id":"https:\/\/novaorg.cofb.net\/2022\/03\/07\/de-la-nutricio-a-la-neurociencia-nova-sessio-del-cicle-trending-topics-en-nutricio\/#breadcrumb"},"inLanguage":"es","potentialAction":[{"@type":"ReadAction","target":["https:\/\/novaorg.cofb.net\/2022\/03\/07\/de-la-nutricio-a-la-neurociencia-nova-sessio-del-cicle-trending-topics-en-nutricio\/"]}]},{"@type":"ImageObject","inLanguage":"es","@id":"https:\/\/novaorg.cofb.net\/2022\/03\/07\/de-la-nutricio-a-la-neurociencia-nova-sessio-del-cicle-trending-topics-en-nutricio\/#primaryimage","url":"https:\/\/www.cofb.org\/wp-content\/uploads\/2023\/07\/COFB-24_02_2022-De-la-nutricio-a-la-neurociencia-1-1.png","contentUrl":"https:\/\/www.cofb.org\/wp-content\/uploads\/2023\/07\/COFB-24_02_2022-De-la-nutricio-a-la-neurociencia-1-1.png","width":590,"height":337},{"@type":"BreadcrumbList","@id":"https:\/\/novaorg.cofb.net\/2022\/03\/07\/de-la-nutricio-a-la-neurociencia-nova-sessio-del-cicle-trending-topics-en-nutricio\/#breadcrumb","itemListElement":[{"@type":"ListItem","position":1,"name":"Inici","item":"https:\/\/novaorg.cofb.net\/"},{"@type":"ListItem","position":2,"name":"De la nutrici\u00f3 a la neuroci\u00e8ncia. Nova sessi\u00f3 del cicle &#8220;Trending topics en nutrici\u00f3&#8221;"}]},{"@type":"WebSite","@id":"https:\/\/www.cofb.org\/#website","url":"https:\/\/www.cofb.org\/","name":"Col\u00b7legi de Farmac\u00e8utics de Barcelona","description":"","publisher":{"@id":"https:\/\/www.cofb.org\/#organization"},"potentialAction":[{"@type":"SearchAction","target":{"@type":"EntryPoint","urlTemplate":"https:\/\/www.cofb.org\/?s={search_term_string}"},"query-input":"required name=search_term_string"}],"inLanguage":"es"},{"@type":"Organization","@id":"https:\/\/www.cofb.org\/#organization","name":"Col\u00b7legi de Farmac\u00e8utics de Barcelona","url":"https:\/\/www.cofb.org\/","logo":{"@type":"ImageObject","inLanguage":"es","@id":"https:\/\/www.cofb.org\/#\/schema\/logo\/image\/","url":"https:\/\/www.cofb.org\/wp-content\/uploads\/2023\/11\/cropped-Logotip-COFB.png","contentUrl":"https:\/\/www.cofb.org\/wp-content\/uploads\/2023\/11\/cropped-Logotip-COFB.png","width":500,"height":105,"caption":"Col\u00b7legi de Farmac\u00e8utics de Barcelona"},"image":{"@id":"https:\/\/www.cofb.org\/#\/schema\/logo\/image\/"},"sameAs":["https:\/\/www.facebook.com\/farmaceuticsbcn\/","https:\/\/twitter.com\/farmaceuticsbcn","https:\/\/www.instagram.com\/farmaceuticsbcn\/","https:\/\/www.linkedin.com\/company\/farmaceuticsbcn\/"]},{"@type":"Person","@id":"https:\/\/www.cofb.org\/#\/schema\/person\/22ed7eea88da74b0fa4d3154ad87ffcb","name":"wpAdminCofbOrg","image":{"@type":"ImageObject","inLanguage":"es","@id":"https:\/\/www.cofb.org\/#\/schema\/person\/image\/","url":"https:\/\/secure.gravatar.com\/avatar\/1721b20b3b8ca882c3b56ec6c978c594fff670e40c0718e9190eaeeb76aae7d8?s=96&d=mm&r=g","contentUrl":"https:\/\/secure.gravatar.com\/avatar\/1721b20b3b8ca882c3b56ec6c978c594fff670e40c0718e9190eaeeb76aae7d8?s=96&d=mm&r=g","caption":"wpAdminCofbOrg"},"sameAs":["http:\/\/192.168.64.122\/wordpress"],"url":"https:\/\/www.cofb.org\/es\/author\/wpadmincofborg\/"}]}},"uagb_featured_image_src":{"full":["https:\/\/www.cofb.org\/wp-content\/uploads\/2023\/07\/COFB-24_02_2022-De-la-nutricio-a-la-neurociencia-1-1.png",590,337,false],"thumbnail":["https:\/\/www.cofb.org\/wp-content\/uploads\/2023\/07\/COFB-24_02_2022-De-la-nutricio-a-la-neurociencia-1-1-150x150.png",150,150,true],"medium":["https:\/\/www.cofb.org\/wp-content\/uploads\/2023\/07\/COFB-24_02_2022-De-la-nutricio-a-la-neurociencia-1-1-300x171.png",300,171,true],"medium_large":["https:\/\/www.cofb.org\/wp-content\/uploads\/2023\/07\/COFB-24_02_2022-De-la-nutricio-a-la-neurociencia-1-1.png",590,337,false],"large":["https:\/\/www.cofb.org\/wp-content\/uploads\/2023\/07\/COFB-24_02_2022-De-la-nutricio-a-la-neurociencia-1-1.png",590,337,false],"1536x1536":["https:\/\/www.cofb.org\/wp-content\/uploads\/2023\/07\/COFB-24_02_2022-De-la-nutricio-a-la-neurociencia-1-1.png",590,337,false],"2048x2048":["https:\/\/www.cofb.org\/wp-content\/uploads\/2023\/07\/COFB-24_02_2022-De-la-nutricio-a-la-neurociencia-1-1.png",590,337,false],"trp-custom-language-flag":["https:\/\/www.cofb.org\/wp-content\/uploads\/2023\/07\/COFB-24_02_2022-De-la-nutricio-a-la-neurociencia-1-1.png",18,10,false]},"uagb_author_info":{"display_name":"wpAdminCofbOrg","author_link":"https:\/\/www.cofb.org\/es\/author\/wpadmincofborg\/"},"uagb_comment_info":0,"uagb_excerpt":"El passat 24 de febrer va tenir lloc al Col\u00b7legi de Farmac\u00e8utics de Barcelona (COFB) una nova sessi\u00f3 del cicle Trending topics en nutrici\u00f3 amb el t\u00edtol &#8220;De la nutrici\u00f3 a la neuroci\u00e8ncia&#8221; amb el patrocini de Neuraxpharm. Moderada i coordinada per Anna Bach-Faig, vocal d&#8217;Alimentaci\u00f3 i Nutrici\u00f3 del COFB, [&hellip;]","_links":{"self":[{"href":"https:\/\/www.cofb.org\/es\/wp-json\/wp\/v2\/posts\/60798","targetHints":{"allow":["GET"]}}],"collection":[{"href":"https:\/\/www.cofb.org\/es\/wp-json\/wp\/v2\/posts"}],"about":[{"href":"https:\/\/www.cofb.org\/es\/wp-json\/wp\/v2\/types\/post"}],"author":[{"embeddable":true,"href":"https:\/\/www.cofb.org\/es\/wp-json\/wp\/v2\/users\/1"}],"replies":[{"embeddable":true,"href":"https:\/\/www.cofb.org\/es\/wp-json\/wp\/v2\/comments?post=60798"}],"version-history":[{"count":4,"href":"https:\/\/www.cofb.org\/es\/wp-json\/wp\/v2\/posts\/60798\/revisions"}],"predecessor-version":[{"id":69068,"href":"https:\/\/www.cofb.org\/es\/wp-json\/wp\/v2\/posts\/60798\/revisions\/69068"}],"wp:featuredmedia":[{"embeddable":true,"href":"https:\/\/www.cofb.org\/es\/wp-json\/wp\/v2\/media\/67960"}],"wp:attachment":[{"href":"https:\/\/www.cofb.org\/es\/wp-json\/wp\/v2\/media?parent=60798"}],"wp:term":[{"taxonomy":"category","embeddable":true,"href":"https:\/\/www.cofb.org\/es\/wp-json\/wp\/v2\/categories?post=60798"},{"taxonomy":"post_tag","embeddable":true,"href":"https:\/\/www.cofb.org\/es\/wp-json\/wp\/v2\/tags?post=60798"}],"curies":[{"name":"wp","href":"https:\/\/api.w.org\/{rel}","templated":true}]}}