{"id":60708,"date":"2022-02-09T09:15:00","date_gmt":"2022-02-09T07:15:00","guid":{"rendered":"https:\/\/blog.cofb.cat\/?p=60708"},"modified":"2023-09-21T09:45:39","modified_gmt":"2023-09-21T09:45:39","slug":"noves-activitats-programades-per-la-seccio-de-fotografia-del-cofb","status":"publish","type":"post","link":"https:\/\/www.cofb.org\/es\/2022\/02\/09\/noves-activitats-programades-per-la-seccio-de-fotografia-del-cofb\/","title":{"rendered":"Nuevas actividades programadas por la secci\u00f3n de fotograf\u00eda del COFB"},"content":{"rendered":"<p>Pr\u00f3ximamente, tendr\u00e1n lugar dos actividades de la <strong>secci\u00f3n de fotograf\u00eda<\/strong> del Colegio de Farmac\u00e9uticos de Barcelona (COFB). Las destacamos a continuaci\u00f3n:<\/p>\n\n\n\n<h2 class=\"wp-block-heading\"><strong>Conferencia: Inspiraci\u00f3n y t\u00e9cnica en la fotograf\u00eda de viajes, a cargo de Oriol Alamany<\/strong><\/h2>\n\n\n\n<p>En <strong>modalidad h\u00edbrida<\/strong>, el pr\u00f3ximo <strong>9 de marzo<\/strong> se impartir\u00e1 la <strong>conferencia<\/strong> <strong>&quot;Inspiraci\u00f3n y t\u00e9cnica en la fotograf\u00eda de viajes&quot;<\/strong>, dirigida a farmac\u00e9uticos, familiares y amigos aficionados a la fotograf\u00eda. <strong>Oriol Alamany<\/strong>, fot\u00f3grafo profesional, ser\u00e1 el encargado de impartir la conferencia. Sus <strong>proyectos fotogr\u00e1ficos<\/strong> tratan sobre el patrimonio natural y cultural en zonas remotas del planeta. Sus fotograf\u00edas y escritos han sido divulgados en multitud de revistas como National Geographic, BBC Wildlife, GEO, Lonely Planet, etc.<\/p>\n\n\n\n<figure class=\"wp-block-image size-large\"><img decoding=\"async\" src=\"https:\/\/blog.cofb.cat\/wp-content\/uploads\/2022\/02\/Camera-1-1024x682.jpg\" alt=\"\" class=\"wp-image-60784\"\/><\/figure>\n\n\n\n<p>Adem\u00e1s, Alamany ha publicado <strong>una docena de libros<\/strong> tales como <strong>&quot;Fotograf\u00eda en tus viajes&quot;<\/strong>, <strong>&quot;Viajar con tu c\u00e1mara&quot;<\/strong> o \u201cFotografiar la naturaleza\u201d. Tambi\u00e9n ha participado en <strong>numerosos programas de radio y televisi\u00f3n<\/strong> y destaca su actividad docente. Actualmente, organiza <strong>viajes fotogr\u00e1ficos<\/strong> a varios destinos del mundo.<\/p>\n\n\n\n<h2 class=\"wp-block-heading\"><strong>Paseo fotogr\u00e1fico por el barrio de Horta<\/strong><\/h2>\n\n\n\n<p>Otra de las<strong> actividades propuestas<\/strong> por la secci\u00f3n de fotograf\u00eda del COFB tendr\u00e1 lugar el pr\u00f3ximo <strong>domingo 13 de marzo<\/strong>. La actividad, que es gratuita, pero requiere inscripci\u00f3n previa, girar\u00e1 en torno al\u201d<em><strong>street photo<\/strong><\/em>\u201c. Se dirige a todos aquellos colegiados que quieren pasar un buen rato haciendo fotos tanto con <strong>c\u00e1mara<\/strong> como con <strong>m\u00f3vil<\/strong> y ver la ciudad de Barcelona con otros ojos.<\/p>\n\n\n\n<h3 class=\"wp-block-heading\"><strong>\u00bfCu\u00e1l ser\u00e1 el recorrido?<\/strong><\/h3>\n\n\n\n<p>En este nuevo paseo se descubrir\u00e1 el<strong>interesante pasado del barrio de Horta de Barcelona<\/strong> (la caminata ser\u00e1 de unos 4 km). El <strong>punto de encuentro<\/strong> ser\u00e1 la <strong>salida de la l\u00ednea 5 del metro<\/strong> (parada Vilapicina) a las 10 h. El recorrido empezar\u00e1 por las <strong>Torres de Agua<\/strong>, la primera la encontraremos en la calle Cartell\u00e0. El agua canalizada procedente de la <strong>Mina de Can Travi<\/strong>, llegaba a la Torre por vasos comunicantes y despu\u00e9s se distribu\u00eda a las casas vecinas.<\/p>\n\n\n\n<figure class=\"wp-block-image size-full\"><img decoding=\"async\" src=\"https:\/\/blog.cofb.cat\/wp-content\/uploads\/2022\/02\/Passejada-fotografica.png\" alt=\"\" class=\"wp-image-60890\"\/><\/figure>\n\n\n\n<p>Posteriormente, el grupo se adentrar\u00e1 por callejones y plazas desde donde se pueden ver las mas\u00edas que hablan del pasado de campesinado, como <strong>Can Gras<\/strong> en la plaza de las Santes Creus y <strong>Can Mariner<\/strong>, una de las mejor conservadas, y tambi\u00e9n una segunda torre de agua en la calle Horta. A continuaci\u00f3n, se llegar\u00e1 al <strong>calle Campoamor<\/strong>, donde destacan una serie de casas de veraneo modernistas, de familias acomodadas de Barcelona y la iglesia de Sant Joan d&#039;Horta. <\/p>\n\n\n\n<p>Al final de esta calle, ya cerca de la Ronda de Dalt, se encuentra la Cruz de T\u00e9rmino del municipio de Horta. De bajada se visitar\u00e1 el <strong>calle Aiguafreda<\/strong>, donde est\u00e1n las casas de las lavanderas con los lavaderos, que hablan de las mujeres que lavaban la ropa a las familias acomodadas. El paseo terminar\u00e1 en la Plaza Ibiza.<\/p>\n\n\n\n<h2 class=\"wp-block-heading\"><strong>Curso: Retrato fotogr\u00e1fico, a cargo del fot\u00f3grafo Nacho Olano<\/strong><\/h2>\n\n\n\n<p>El pr\u00f3ximo s\u00e1bado 26 de marzo, el fot\u00f3grafo Nacho Olano impartir\u00e1 un curso intensivo en su estudio titulado \u201cCurso de retrato fotogr\u00e1fico\u201d en modalidad presencial y un formato eminentemente <strong>pr\u00e1ctico<\/strong>. En la primera parte del curso se explicar\u00e1n y podr\u00e1n verse los diferentes tipos de iluminaci\u00f3n y, por la tarde, durante la segunda parte, cada participante podr\u00e1 practicar el tipo de retrato e iluminaci\u00f3n que desee. Se contar\u00e1 con una modelo para realizar los retratos. Tambi\u00e9n se explicar\u00e1 c\u00f3mo aplicar las diferentes t\u00e9cnicas de iluminaci\u00f3n en casa o en un estudio casero. <\/p>\n\n\n\n<p>As\u00ed pues, el objetivo del curso es <strong>ense\u00f1ar la t\u00e9cnica b\u00e1sica <\/strong>que rodea el <strong>fascinante mundo del retrato<\/strong>, como en <strong>punto de partida<\/strong> para poder evolucionar y que nos ayude a desarrollar la actividad fotogr\u00e1fica y, al mismo tiempo, pasar un buen rato. Hacer fotos <em>in situ<\/em> es la mejor manera de <strong>solucionar las dudas<\/strong> y aprender muchas cosas nuevas, de ah\u00ed que el formato del curso sea totalmente pr\u00e1ctico.<\/p>\n\n\n\n<figure class=\"wp-block-image size-large\"><img decoding=\"async\" src=\"https:\/\/blog.cofb.cat\/wp-content\/uploads\/2022\/02\/Estudi-de-fotografia-1024x683.jpg\" alt=\"\" class=\"wp-image-60786\"\/><\/figure>\n\n\n\n<h3 class=\"wp-block-heading\"><strong>Temas que se abordar\u00e1n en el curso<\/strong><\/h3>\n\n\n\n<p>Durante el <strong>programa<\/strong> de la sesi\u00f3n, se abordar\u00e1n los siguientes temas: tipos de retratos (autorretratos, infantil, oficial, grupal, reportaje, etc.); tipos de encuadre (general, americano, plano corto, etc. y qu\u00e9 aporta cada uno de ellos); tipos de lentes (resultados que se pueden obtener seg\u00fan la lente utilizada); tipos de luz (c\u00f3mo escogerla y medirla para dar un car\u00e1cter u otro al retrato); sistemas y esquemas de iluminaci\u00f3n de estudio (c\u00f3mo improvisar un estudio dom\u00e9stico) y, por \u00faltimo, los modelos. <\/p>\n\n\n<div class=\"destacat-blog\">\n\n\n<h2 class=\"wp-block-heading\"><strong>M\u00e1s informaci\u00f3n e inscripciones<\/strong><\/h2>\n\n\n\n<p>Las inscripciones se pueden realizar a trav\u00e9s de los siguientes enlaces:<\/p>\n\n\n\n<ul class=\"wp-block-list\">\n\n<li><strong>Conferencia: Inspiraci\u00f3n y t\u00e9cnica en la fotograf\u00eda de viajes, a cargo de Oriol Alamany<\/strong>. Accede <a href=\"https:\/\/www.cofb.org\/es\/que-oferim\/farmaceutics\/serveis\/formacio-i-projectes\/activitats\/?p_p_id=webportletLlistatActivitats_WAR_webportletLlistatActivitats_INSTANCE_RuQd0cQLInOb&amp;p_p_lifecycle=0&amp;p_p_state=normal&amp;p_p_mode=view&amp;p_p_col_id=column-3&amp;p_p_col_count=1&amp;_webportletLlistatActivitats_WAR_webportletLlistatActivitats_INSTANCE_RuQd0cQLInOb_strutsAction=%2Fview%2Fdetall&amp;_webportletLlistatActivitats_WAR_webportletLlistatActivitats_INSTANCE_RuQd0cQLInOb_id=3540\" target=\"_blank\" rel=\"noreferrer noopener\">aqu\u00ed<\/a>.<\/li>\n\n\n<li><strong>Paseo fotogr\u00e1fico por el barrio de Horta.<\/strong> Accede <a href=\"https:\/\/www.cofb.org\/es\/que-oferim\/farmaceutics\/serveis\/formacio-i-projectes\/activitats\/?p_p_id=webportletLlistatActivitats_WAR_webportletLlistatActivitats_INSTANCE_RuQd0cQLInOb&amp;p_p_lifecycle=0&amp;p_p_state=normal&amp;p_p_mode=view&amp;p_p_col_id=column-3&amp;p_p_col_count=1&amp;_webportletLlistatActivitats_WAR_webportletLlistatActivitats_INSTANCE_RuQd0cQLInOb_strutsAction=%2Fview%2Fdetall&amp;_webportletLlistatActivitats_WAR_webportletLlistatActivitats_INSTANCE_RuQd0cQLInOb_id=3559\" target=\"_blank\" rel=\"noreferrer noopener\">aqu\u00ed<\/a>.<\/li>\n\n\n<li><strong>Curso de retrato fotogr\u00e1fico, a cargo del fot\u00f3grafo Nacho Olano<\/strong>. Accede <a href=\"https:\/\/www.cofb.org\/es\/que-oferim\/farmaceutics\/serveis\/formacio-i-projectes\/activitats\/?p_p_id=webportletLlistatActivitats_WAR_webportletLlistatActivitats_INSTANCE_RuQd0cQLInOb&amp;p_p_lifecycle=0&amp;p_p_state=normal&amp;p_p_mode=view&amp;p_p_col_id=column-3&amp;p_p_col_count=1&amp;_webportletLlistatActivitats_WAR_webportletLlistatActivitats_INSTANCE_RuQd0cQLInOb_strutsAction=%2Fview%2Fdetall&amp;_webportletLlistatActivitats_WAR_webportletLlistatActivitats_INSTANCE_RuQd0cQLInOb_id=3546\" target=\"_blank\" rel=\"noreferrer noopener\">aqu\u00ed<\/a>.<\/li>\n\n<\/ul> <\/div>\n\n\n\n<p><strong>Otras publicaciones de inter\u00e9s:<\/strong><\/p>\n\n\n\n<ul class=\"wp-block-list\">\n<li><a href=\"https:\/\/blog.cofb.cat\/el-vi-concurs-de-fotografia-del-cofb-ja-te-guanyadors\/\" target=\"_blank\" rel=\"noreferrer noopener\">El VI Concurso de Fotograf\u00eda del COFB ya tiene ganadores (Noviembre 2021)<\/a><\/li>\n<\/ul>","protected":false},"excerpt":{"rendered":"<p>Pr\u00f3ximamente, tendr\u00e1n lugar dos actividades de la secci\u00f3n de fotograf\u00eda del Colegio de Farmac\u00e9uticos de Barcelona (COFB). Las destacamos a continuaci\u00f3n: Conferencia: Inspiraci\u00f3n y t\u00e9cnica en la fotograf\u00eda de viajes, a cargo de Oriol Alamany En modalidad h\u00edbrida, el pr\u00f3ximo 9 de marzo se impartir\u00e1 la conferencia \u201cInspiraci\u00f3n y t\u00e9cnica en la [\u2026]<\/p>","protected":false},"author":1,"featured_media":67981,"comment_status":"open","ping_status":"open","sticky":false,"template":"","format":"standard","meta":{"_uag_custom_page_level_css":"","site-sidebar-layout":"default","site-content-layout":"","ast-site-content-layout":"default","site-content-style":"default","site-sidebar-style":"default","ast-global-header-display":"","ast-banner-title-visibility":"","ast-main-header-display":"","ast-hfb-above-header-display":"","ast-hfb-below-header-display":"","ast-hfb-mobile-header-display":"","site-post-title":"","ast-breadcrumbs-content":"","ast-featured-img":"disabled","footer-sml-layout":"","theme-transparent-header-meta":"","adv-header-id-meta":"","stick-header-meta":"","header-above-stick-meta":"","header-main-stick-meta":"","header-below-stick-meta":"","astra-migrate-meta-layouts":"default","ast-page-background-enabled":"default","ast-page-background-meta":{"desktop":{"background-color":"var(--ast-global-color-4)","background-image":"","background-repeat":"repeat","background-position":"center center","background-size":"auto","background-attachment":"scroll","background-type":"","background-media":"","overlay-type":"","overlay-color":"","overlay-opacity":"","overlay-gradient":""},"tablet":{"background-color":"","background-image":"","background-repeat":"repeat","background-position":"center center","background-size":"auto","background-attachment":"scroll","background-type":"","background-media":"","overlay-type":"","overlay-color":"","overlay-opacity":"","overlay-gradient":""},"mobile":{"background-color":"","background-image":"","background-repeat":"repeat","background-position":"center center","background-size":"auto","background-attachment":"scroll","background-type":"","background-media":"","overlay-type":"","overlay-color":"","overlay-opacity":"","overlay-gradient":""}},"ast-content-background-meta":{"desktop":{"background-color":"var(--ast-global-color-5)","background-image":"","background-repeat":"repeat","background-position":"center center","background-size":"auto","background-attachment":"scroll","background-type":"","background-media":"","overlay-type":"","overlay-color":"","overlay-opacity":"","overlay-gradient":""},"tablet":{"background-color":"var(--ast-global-color-5)","background-image":"","background-repeat":"repeat","background-position":"center center","background-size":"auto","background-attachment":"scroll","background-type":"","background-media":"","overlay-type":"","overlay-color":"","overlay-opacity":"","overlay-gradient":""},"mobile":{"background-color":"var(--ast-global-color-5)","background-image":"","background-repeat":"repeat","background-position":"center center","background-size":"auto","background-attachment":"scroll","background-type":"","background-media":"","overlay-type":"","overlay-color":"","overlay-opacity":"","overlay-gradient":""}},"footnotes":""},"categories":[535],"tags":[64,18,19,520,527,528,529,68,69,530,531,532,533,534,536,537],"class_list":["post-60708","post","type-post","status-publish","format-standard","has-post-thumbnail","hentry","category-seccio-de-fotografia-del-cofb","tag-atencio-farmaceutica","tag-cofb","tag-collegi-de-farmaceutics-de-barcelona","tag-conferencia","tag-curs","tag-curs-de-fotografia","tag-estudi-de-fotografia","tag-farmacia","tag-farmacia-comunitaria","tag-fotografia","tag-fotografies","tag-projectes-fotografics","tag-retrat-fotografic","tag-retrats","tag-seccio-de-fotografia-del-collegi-de-farmaceutics-de-barcelona","tag-viatges-fotografics"],"yoast_head":"<!-- This site is optimized with the Yoast SEO plugin v22.4 - https:\/\/yoast.com\/wordpress\/plugins\/seo\/ -->\n<title>Noves activitats programades per la secci\u00f3 de fotografia del COFB - Col\u00b7legi de Farmac\u00e8utics de Barcelona<\/title>\n<meta name=\"description\" content=\"Pr\u00f2ximament, tindran lloc dues activitats de la secci\u00f3 de fotografia del Col\u00b7legi de Farmac\u00e8utics de Barcelona (COFB).\" \/>\n<meta name=\"robots\" content=\"index, follow, max-snippet:-1, max-image-preview:large, max-video-preview:-1\" \/>\n<link rel=\"canonical\" href=\"https:\/\/novaorg.cofb.net\/2022\/02\/09\/noves-activitats-programades-per-la-seccio-de-fotografia-del-cofb\/\" \/>\n<meta property=\"og:locale\" content=\"es_ES\" \/>\n<meta property=\"og:type\" content=\"article\" \/>\n<meta property=\"og:title\" content=\"Noves activitats programades per la secci\u00f3 de fotografia del COFB - Col\u00b7legi de Farmac\u00e8utics de Barcelona\" \/>\n<meta property=\"og:description\" content=\"Pr\u00f2ximament, tindran lloc dues activitats de la secci\u00f3 de fotografia del Col\u00b7legi de Farmac\u00e8utics de Barcelona (COFB).\" \/>\n<meta property=\"og:url\" content=\"https:\/\/novaorg.cofb.net\/2022\/02\/09\/noves-activitats-programades-per-la-seccio-de-fotografia-del-cofb\/\" \/>\n<meta property=\"og:site_name\" content=\"Col\u00b7legi de Farmac\u00e8utics de Barcelona\" \/>\n<meta property=\"article:publisher\" content=\"https:\/\/www.facebook.com\/farmaceuticsbcn\/\" \/>\n<meta property=\"article:published_time\" content=\"2022-02-09T07:15:00+00:00\" \/>\n<meta property=\"article:modified_time\" content=\"2023-09-21T09:45:39+00:00\" \/>\n<meta property=\"og:image\" content=\"https:\/\/novaorg.cofb.net\/wp-content\/uploads\/2023\/07\/Camera-1-1024x682-1.jpg\" \/>\n\t<meta property=\"og:image:width\" content=\"1024\" \/>\n\t<meta property=\"og:image:height\" content=\"682\" \/>\n\t<meta property=\"og:image:type\" content=\"image\/jpeg\" \/>\n<meta name=\"author\" content=\"wpAdminCofbOrg\" \/>\n<meta name=\"twitter:card\" content=\"summary_large_image\" \/>\n<meta name=\"twitter:creator\" content=\"@farmaceuticsbcn\" \/>\n<meta name=\"twitter:site\" content=\"@farmaceuticsbcn\" \/>\n<meta name=\"twitter:label1\" content=\"Escrito por\" \/>\n\t<meta name=\"twitter:data1\" content=\"wpAdminCofbOrg\" \/>\n\t<meta name=\"twitter:label2\" content=\"Tiempo de lectura\" \/>\n\t<meta name=\"twitter:data2\" content=\"4 minutos\" \/>\n<script type=\"application\/ld+json\" class=\"yoast-schema-graph\">{\"@context\":\"https:\/\/schema.org\",\"@graph\":[{\"@type\":\"Article\",\"@id\":\"https:\/\/novaorg.cofb.net\/2022\/02\/09\/noves-activitats-programades-per-la-seccio-de-fotografia-del-cofb\/#article\",\"isPartOf\":{\"@id\":\"https:\/\/novaorg.cofb.net\/2022\/02\/09\/noves-activitats-programades-per-la-seccio-de-fotografia-del-cofb\/\"},\"author\":{\"name\":\"wpAdminCofbOrg\",\"@id\":\"https:\/\/www.cofb.org\/#\/schema\/person\/22ed7eea88da74b0fa4d3154ad87ffcb\"},\"headline\":\"Noves activitats programades per la secci\u00f3 de fotografia del COFB\",\"datePublished\":\"2022-02-09T07:15:00+00:00\",\"dateModified\":\"2023-09-21T09:45:39+00:00\",\"mainEntityOfPage\":{\"@id\":\"https:\/\/novaorg.cofb.net\/2022\/02\/09\/noves-activitats-programades-per-la-seccio-de-fotografia-del-cofb\/\"},\"wordCount\":858,\"commentCount\":0,\"publisher\":{\"@id\":\"https:\/\/www.cofb.org\/#organization\"},\"image\":{\"@id\":\"https:\/\/novaorg.cofb.net\/2022\/02\/09\/noves-activitats-programades-per-la-seccio-de-fotografia-del-cofb\/#primaryimage\"},\"thumbnailUrl\":\"https:\/\/www.cofb.org\/wp-content\/uploads\/2023\/07\/Camera-1-1024x682-1.jpg\",\"keywords\":[\"Atenci\u00f3 farmac\u00e8utica\",\"COFB\",\"Col\u00b7legi de Farmac\u00e8utics de Barcelona\",\"confer\u00e8ncia\",\"curs\",\"curs de fotografia\",\"estudi de fotografia\",\"Farm\u00e0cia\",\"farm\u00e0cia comunit\u00e0ria\",\"fotografia\",\"fotografies\",\"projectes fotogr\u00e0fics\",\"retrat fotogr\u00e0fic\",\"retrats\",\"Secci\u00f3 de Fotografia del Col\u00b7legi de Farmac\u00e8utics de Barcelona\",\"viatges fotogr\u00e0fics\"],\"articleSection\":[\"Secci\u00f3 de fotografia del COFB\"],\"inLanguage\":\"es\",\"potentialAction\":[{\"@type\":\"CommentAction\",\"name\":\"Comment\",\"target\":[\"https:\/\/novaorg.cofb.net\/2022\/02\/09\/noves-activitats-programades-per-la-seccio-de-fotografia-del-cofb\/#respond\"]}]},{\"@type\":\"WebPage\",\"@id\":\"https:\/\/novaorg.cofb.net\/2022\/02\/09\/noves-activitats-programades-per-la-seccio-de-fotografia-del-cofb\/\",\"url\":\"https:\/\/novaorg.cofb.net\/2022\/02\/09\/noves-activitats-programades-per-la-seccio-de-fotografia-del-cofb\/\",\"name\":\"Noves activitats programades per la secci\u00f3 de fotografia del COFB - Col\u00b7legi de Farmac\u00e8utics de Barcelona\",\"isPartOf\":{\"@id\":\"https:\/\/www.cofb.org\/#website\"},\"primaryImageOfPage\":{\"@id\":\"https:\/\/novaorg.cofb.net\/2022\/02\/09\/noves-activitats-programades-per-la-seccio-de-fotografia-del-cofb\/#primaryimage\"},\"image\":{\"@id\":\"https:\/\/novaorg.cofb.net\/2022\/02\/09\/noves-activitats-programades-per-la-seccio-de-fotografia-del-cofb\/#primaryimage\"},\"thumbnailUrl\":\"https:\/\/www.cofb.org\/wp-content\/uploads\/2023\/07\/Camera-1-1024x682-1.jpg\",\"datePublished\":\"2022-02-09T07:15:00+00:00\",\"dateModified\":\"2023-09-21T09:45:39+00:00\",\"description\":\"Pr\u00f2ximament, tindran lloc dues activitats de la secci\u00f3 de fotografia del Col\u00b7legi de Farmac\u00e8utics de Barcelona (COFB).\",\"breadcrumb\":{\"@id\":\"https:\/\/novaorg.cofb.net\/2022\/02\/09\/noves-activitats-programades-per-la-seccio-de-fotografia-del-cofb\/#breadcrumb\"},\"inLanguage\":\"es\",\"potentialAction\":[{\"@type\":\"ReadAction\",\"target\":[\"https:\/\/novaorg.cofb.net\/2022\/02\/09\/noves-activitats-programades-per-la-seccio-de-fotografia-del-cofb\/\"]}]},{\"@type\":\"ImageObject\",\"inLanguage\":\"es\",\"@id\":\"https:\/\/novaorg.cofb.net\/2022\/02\/09\/noves-activitats-programades-per-la-seccio-de-fotografia-del-cofb\/#primaryimage\",\"url\":\"https:\/\/www.cofb.org\/wp-content\/uploads\/2023\/07\/Camera-1-1024x682-1.jpg\",\"contentUrl\":\"https:\/\/www.cofb.org\/wp-content\/uploads\/2023\/07\/Camera-1-1024x682-1.jpg\",\"width\":1024,\"height\":682},{\"@type\":\"BreadcrumbList\",\"@id\":\"https:\/\/novaorg.cofb.net\/2022\/02\/09\/noves-activitats-programades-per-la-seccio-de-fotografia-del-cofb\/#breadcrumb\",\"itemListElement\":[{\"@type\":\"ListItem\",\"position\":1,\"name\":\"Inici\",\"item\":\"https:\/\/novaorg.cofb.net\/\"},{\"@type\":\"ListItem\",\"position\":2,\"name\":\"Noves activitats programades per la secci\u00f3 de fotografia del COFB\"}]},{\"@type\":\"WebSite\",\"@id\":\"https:\/\/www.cofb.org\/#website\",\"url\":\"https:\/\/www.cofb.org\/\",\"name\":\"Col\u00b7legi de Farmac\u00e8utics de Barcelona\",\"description\":\"\",\"publisher\":{\"@id\":\"https:\/\/www.cofb.org\/#organization\"},\"potentialAction\":[{\"@type\":\"SearchAction\",\"target\":{\"@type\":\"EntryPoint\",\"urlTemplate\":\"https:\/\/www.cofb.org\/?s={search_term_string}\"},\"query-input\":\"required name=search_term_string\"}],\"inLanguage\":\"es\"},{\"@type\":\"Organization\",\"@id\":\"https:\/\/www.cofb.org\/#organization\",\"name\":\"Col\u00b7legi de Farmac\u00e8utics de Barcelona\",\"url\":\"https:\/\/www.cofb.org\/\",\"logo\":{\"@type\":\"ImageObject\",\"inLanguage\":\"es\",\"@id\":\"https:\/\/www.cofb.org\/#\/schema\/logo\/image\/\",\"url\":\"https:\/\/www.cofb.org\/wp-content\/uploads\/2023\/11\/cropped-Logotip-COFB.png\",\"contentUrl\":\"https:\/\/www.cofb.org\/wp-content\/uploads\/2023\/11\/cropped-Logotip-COFB.png\",\"width\":500,\"height\":105,\"caption\":\"Col\u00b7legi de Farmac\u00e8utics de Barcelona\"},\"image\":{\"@id\":\"https:\/\/www.cofb.org\/#\/schema\/logo\/image\/\"},\"sameAs\":[\"https:\/\/www.facebook.com\/farmaceuticsbcn\/\",\"https:\/\/twitter.com\/farmaceuticsbcn\",\"https:\/\/www.instagram.com\/farmaceuticsbcn\/\",\"https:\/\/www.linkedin.com\/company\/farmaceuticsbcn\/\"]},{\"@type\":\"Person\",\"@id\":\"https:\/\/www.cofb.org\/#\/schema\/person\/22ed7eea88da74b0fa4d3154ad87ffcb\",\"name\":\"wpAdminCofbOrg\",\"image\":{\"@type\":\"ImageObject\",\"inLanguage\":\"es\",\"@id\":\"https:\/\/www.cofb.org\/#\/schema\/person\/image\/\",\"url\":\"https:\/\/secure.gravatar.com\/avatar\/1721b20b3b8ca882c3b56ec6c978c594fff670e40c0718e9190eaeeb76aae7d8?s=96&d=mm&r=g\",\"contentUrl\":\"https:\/\/secure.gravatar.com\/avatar\/1721b20b3b8ca882c3b56ec6c978c594fff670e40c0718e9190eaeeb76aae7d8?s=96&d=mm&r=g\",\"caption\":\"wpAdminCofbOrg\"},\"sameAs\":[\"http:\/\/192.168.64.122\/wordpress\"],\"url\":\"https:\/\/www.cofb.org\/es\/author\/wpadmincofborg\/\"}]}<\/script>\n<!-- \/ Yoast SEO plugin. -->","yoast_head_json":{"title":"Noves activitats programades per la secci\u00f3 de fotografia del COFB - Col\u00b7legi de Farmac\u00e8utics de Barcelona","description":"Pr\u00f2ximament, tindran lloc dues activitats de la secci\u00f3 de fotografia del Col\u00b7legi de Farmac\u00e8utics de Barcelona (COFB).","robots":{"index":"index","follow":"follow","max-snippet":"max-snippet:-1","max-image-preview":"max-image-preview:large","max-video-preview":"max-video-preview:-1"},"canonical":"https:\/\/novaorg.cofb.net\/2022\/02\/09\/noves-activitats-programades-per-la-seccio-de-fotografia-del-cofb\/","og_locale":"es_ES","og_type":"article","og_title":"Noves activitats programades per la secci\u00f3 de fotografia del COFB - Col\u00b7legi de Farmac\u00e8utics de Barcelona","og_description":"Pr\u00f2ximament, tindran lloc dues activitats de la secci\u00f3 de fotografia del Col\u00b7legi de Farmac\u00e8utics de Barcelona (COFB).","og_url":"https:\/\/novaorg.cofb.net\/2022\/02\/09\/noves-activitats-programades-per-la-seccio-de-fotografia-del-cofb\/","og_site_name":"Col\u00b7legi de Farmac\u00e8utics de Barcelona","article_publisher":"https:\/\/www.facebook.com\/farmaceuticsbcn\/","article_published_time":"2022-02-09T07:15:00+00:00","article_modified_time":"2023-09-21T09:45:39+00:00","og_image":[{"width":1024,"height":682,"url":"https:\/\/novaorg.cofb.net\/wp-content\/uploads\/2023\/07\/Camera-1-1024x682-1.jpg","type":"image\/jpeg"}],"author":"wpAdminCofbOrg","twitter_card":"summary_large_image","twitter_creator":"@farmaceuticsbcn","twitter_site":"@farmaceuticsbcn","twitter_misc":{"Escrito por":"wpAdminCofbOrg","Tiempo de lectura":"4 minutos"},"schema":{"@context":"https:\/\/schema.org","@graph":[{"@type":"Article","@id":"https:\/\/novaorg.cofb.net\/2022\/02\/09\/noves-activitats-programades-per-la-seccio-de-fotografia-del-cofb\/#article","isPartOf":{"@id":"https:\/\/novaorg.cofb.net\/2022\/02\/09\/noves-activitats-programades-per-la-seccio-de-fotografia-del-cofb\/"},"author":{"name":"wpAdminCofbOrg","@id":"https:\/\/www.cofb.org\/#\/schema\/person\/22ed7eea88da74b0fa4d3154ad87ffcb"},"headline":"Noves activitats programades per la secci\u00f3 de fotografia del COFB","datePublished":"2022-02-09T07:15:00+00:00","dateModified":"2023-09-21T09:45:39+00:00","mainEntityOfPage":{"@id":"https:\/\/novaorg.cofb.net\/2022\/02\/09\/noves-activitats-programades-per-la-seccio-de-fotografia-del-cofb\/"},"wordCount":858,"commentCount":0,"publisher":{"@id":"https:\/\/www.cofb.org\/#organization"},"image":{"@id":"https:\/\/novaorg.cofb.net\/2022\/02\/09\/noves-activitats-programades-per-la-seccio-de-fotografia-del-cofb\/#primaryimage"},"thumbnailUrl":"https:\/\/www.cofb.org\/wp-content\/uploads\/2023\/07\/Camera-1-1024x682-1.jpg","keywords":["Atenci\u00f3 farmac\u00e8utica","COFB","Col\u00b7legi de Farmac\u00e8utics de Barcelona","confer\u00e8ncia","curs","curs de fotografia","estudi de fotografia","Farm\u00e0cia","farm\u00e0cia comunit\u00e0ria","fotografia","fotografies","projectes fotogr\u00e0fics","retrat fotogr\u00e0fic","retrats","Secci\u00f3 de Fotografia del Col\u00b7legi de Farmac\u00e8utics de Barcelona","viatges fotogr\u00e0fics"],"articleSection":["Secci\u00f3 de fotografia del COFB"],"inLanguage":"es","potentialAction":[{"@type":"CommentAction","name":"Comment","target":["https:\/\/novaorg.cofb.net\/2022\/02\/09\/noves-activitats-programades-per-la-seccio-de-fotografia-del-cofb\/#respond"]}]},{"@type":"WebPage","@id":"https:\/\/novaorg.cofb.net\/2022\/02\/09\/noves-activitats-programades-per-la-seccio-de-fotografia-del-cofb\/","url":"https:\/\/novaorg.cofb.net\/2022\/02\/09\/noves-activitats-programades-per-la-seccio-de-fotografia-del-cofb\/","name":"Noves activitats programades per la secci\u00f3 de fotografia del COFB - Col\u00b7legi de Farmac\u00e8utics de Barcelona","isPartOf":{"@id":"https:\/\/www.cofb.org\/#website"},"primaryImageOfPage":{"@id":"https:\/\/novaorg.cofb.net\/2022\/02\/09\/noves-activitats-programades-per-la-seccio-de-fotografia-del-cofb\/#primaryimage"},"image":{"@id":"https:\/\/novaorg.cofb.net\/2022\/02\/09\/noves-activitats-programades-per-la-seccio-de-fotografia-del-cofb\/#primaryimage"},"thumbnailUrl":"https:\/\/www.cofb.org\/wp-content\/uploads\/2023\/07\/Camera-1-1024x682-1.jpg","datePublished":"2022-02-09T07:15:00+00:00","dateModified":"2023-09-21T09:45:39+00:00","description":"Pr\u00f2ximament, tindran lloc dues activitats de la secci\u00f3 de fotografia del Col\u00b7legi de Farmac\u00e8utics de Barcelona (COFB).","breadcrumb":{"@id":"https:\/\/novaorg.cofb.net\/2022\/02\/09\/noves-activitats-programades-per-la-seccio-de-fotografia-del-cofb\/#breadcrumb"},"inLanguage":"es","potentialAction":[{"@type":"ReadAction","target":["https:\/\/novaorg.cofb.net\/2022\/02\/09\/noves-activitats-programades-per-la-seccio-de-fotografia-del-cofb\/"]}]},{"@type":"ImageObject","inLanguage":"es","@id":"https:\/\/novaorg.cofb.net\/2022\/02\/09\/noves-activitats-programades-per-la-seccio-de-fotografia-del-cofb\/#primaryimage","url":"https:\/\/www.cofb.org\/wp-content\/uploads\/2023\/07\/Camera-1-1024x682-1.jpg","contentUrl":"https:\/\/www.cofb.org\/wp-content\/uploads\/2023\/07\/Camera-1-1024x682-1.jpg","width":1024,"height":682},{"@type":"BreadcrumbList","@id":"https:\/\/novaorg.cofb.net\/2022\/02\/09\/noves-activitats-programades-per-la-seccio-de-fotografia-del-cofb\/#breadcrumb","itemListElement":[{"@type":"ListItem","position":1,"name":"Inici","item":"https:\/\/novaorg.cofb.net\/"},{"@type":"ListItem","position":2,"name":"Noves activitats programades per la secci\u00f3 de fotografia del COFB"}]},{"@type":"WebSite","@id":"https:\/\/www.cofb.org\/#website","url":"https:\/\/www.cofb.org\/","name":"Col\u00b7legi de Farmac\u00e8utics de Barcelona","description":"","publisher":{"@id":"https:\/\/www.cofb.org\/#organization"},"potentialAction":[{"@type":"SearchAction","target":{"@type":"EntryPoint","urlTemplate":"https:\/\/www.cofb.org\/?s={search_term_string}"},"query-input":"required name=search_term_string"}],"inLanguage":"es"},{"@type":"Organization","@id":"https:\/\/www.cofb.org\/#organization","name":"Col\u00b7legi de Farmac\u00e8utics de Barcelona","url":"https:\/\/www.cofb.org\/","logo":{"@type":"ImageObject","inLanguage":"es","@id":"https:\/\/www.cofb.org\/#\/schema\/logo\/image\/","url":"https:\/\/www.cofb.org\/wp-content\/uploads\/2023\/11\/cropped-Logotip-COFB.png","contentUrl":"https:\/\/www.cofb.org\/wp-content\/uploads\/2023\/11\/cropped-Logotip-COFB.png","width":500,"height":105,"caption":"Col\u00b7legi de Farmac\u00e8utics de Barcelona"},"image":{"@id":"https:\/\/www.cofb.org\/#\/schema\/logo\/image\/"},"sameAs":["https:\/\/www.facebook.com\/farmaceuticsbcn\/","https:\/\/twitter.com\/farmaceuticsbcn","https:\/\/www.instagram.com\/farmaceuticsbcn\/","https:\/\/www.linkedin.com\/company\/farmaceuticsbcn\/"]},{"@type":"Person","@id":"https:\/\/www.cofb.org\/#\/schema\/person\/22ed7eea88da74b0fa4d3154ad87ffcb","name":"wpAdminCofbOrg","image":{"@type":"ImageObject","inLanguage":"es","@id":"https:\/\/www.cofb.org\/#\/schema\/person\/image\/","url":"https:\/\/secure.gravatar.com\/avatar\/1721b20b3b8ca882c3b56ec6c978c594fff670e40c0718e9190eaeeb76aae7d8?s=96&d=mm&r=g","contentUrl":"https:\/\/secure.gravatar.com\/avatar\/1721b20b3b8ca882c3b56ec6c978c594fff670e40c0718e9190eaeeb76aae7d8?s=96&d=mm&r=g","caption":"wpAdminCofbOrg"},"sameAs":["http:\/\/192.168.64.122\/wordpress"],"url":"https:\/\/www.cofb.org\/es\/author\/wpadmincofborg\/"}]}},"uagb_featured_image_src":{"full":["https:\/\/www.cofb.org\/wp-content\/uploads\/2023\/07\/Camera-1-1024x682-1.jpg",1024,682,false],"thumbnail":["https:\/\/www.cofb.org\/wp-content\/uploads\/2023\/07\/Camera-1-1024x682-1-150x150.jpg",150,150,true],"medium":["https:\/\/www.cofb.org\/wp-content\/uploads\/2023\/07\/Camera-1-1024x682-1-300x200.jpg",300,200,true],"medium_large":["https:\/\/www.cofb.org\/wp-content\/uploads\/2023\/07\/Camera-1-1024x682-1-768x512.jpg",768,512,true],"large":["https:\/\/www.cofb.org\/wp-content\/uploads\/2023\/07\/Camera-1-1024x682-1.jpg",1024,682,false],"1536x1536":["https:\/\/www.cofb.org\/wp-content\/uploads\/2023\/07\/Camera-1-1024x682-1.jpg",1024,682,false],"2048x2048":["https:\/\/www.cofb.org\/wp-content\/uploads\/2023\/07\/Camera-1-1024x682-1.jpg",1024,682,false],"trp-custom-language-flag":["https:\/\/www.cofb.org\/wp-content\/uploads\/2023\/07\/Camera-1-1024x682-1.jpg",18,12,false]},"uagb_author_info":{"display_name":"wpAdminCofbOrg","author_link":"https:\/\/www.cofb.org\/es\/author\/wpadmincofborg\/"},"uagb_comment_info":0,"uagb_excerpt":"Pr\u00f2ximament, tindran lloc dues activitats de la secci\u00f3 de fotografia del Col\u00b7legi de Farmac\u00e8utics de Barcelona (COFB). Les destaquem tot seguit: Confer\u00e8ncia: Inspiraci\u00f3 i t\u00e8cnica en la fotografia de viatges, a c\u00e0rrec d&#8217;Oriol Alamany En modalitat h\u00edbrida, el pr\u00f2xim 9 de mar\u00e7 s&#8217;impartir\u00e0 la confer\u00e8ncia &#8220;Inspiraci\u00f3 i t\u00e8cnica en la [&hellip;]","_links":{"self":[{"href":"https:\/\/www.cofb.org\/es\/wp-json\/wp\/v2\/posts\/60708","targetHints":{"allow":["GET"]}}],"collection":[{"href":"https:\/\/www.cofb.org\/es\/wp-json\/wp\/v2\/posts"}],"about":[{"href":"https:\/\/www.cofb.org\/es\/wp-json\/wp\/v2\/types\/post"}],"author":[{"embeddable":true,"href":"https:\/\/www.cofb.org\/es\/wp-json\/wp\/v2\/users\/1"}],"replies":[{"embeddable":true,"href":"https:\/\/www.cofb.org\/es\/wp-json\/wp\/v2\/comments?post=60708"}],"version-history":[{"count":2,"href":"https:\/\/www.cofb.org\/es\/wp-json\/wp\/v2\/posts\/60708\/revisions"}],"predecessor-version":[{"id":68760,"href":"https:\/\/www.cofb.org\/es\/wp-json\/wp\/v2\/posts\/60708\/revisions\/68760"}],"wp:featuredmedia":[{"embeddable":true,"href":"https:\/\/www.cofb.org\/es\/wp-json\/wp\/v2\/media\/67981"}],"wp:attachment":[{"href":"https:\/\/www.cofb.org\/es\/wp-json\/wp\/v2\/media?parent=60708"}],"wp:term":[{"taxonomy":"category","embeddable":true,"href":"https:\/\/www.cofb.org\/es\/wp-json\/wp\/v2\/categories?post=60708"},{"taxonomy":"post_tag","embeddable":true,"href":"https:\/\/www.cofb.org\/es\/wp-json\/wp\/v2\/tags?post=60708"}],"curies":[{"name":"wp","href":"https:\/\/api.w.org\/{rel}","templated":true}]}}