{"id":60542,"date":"2022-02-22T18:54:58","date_gmt":"2022-02-22T16:54:58","guid":{"rendered":"https:\/\/blog.cofb.cat\/?p=60542"},"modified":"2023-10-10T07:40:38","modified_gmt":"2023-10-10T07:40:38","slug":"atencio-a-pacients-amb-discapacitat-visual-la-farmacia-comunitaria-davant-aquest-collectiu","status":"publish","type":"post","link":"https:\/\/www.cofb.org\/es\/2022\/02\/22\/atencio-a-pacients-amb-discapacitat-visual-la-farmacia-comunitaria-davant-aquest-collectiu\/","title":{"rendered":"Atenci\u00f3n a pacientes con discapacidad visual: La farmacia comunitaria frente a este colectivo"},"content":{"rendered":"<p>El pasado 16 de febrero tuvo lugar en el <strong>Col\u00b7legi de Farmac\u00e8utics de Barcelona (COFB)<\/strong> la <strong>conferencia<\/strong> <strong>\u201cAtenci\u00f3n a pacientes con discapacidad visual. Caracter\u00edsticas, necesidades y capacidades del colectivo\u201d<\/strong>, a cargo de <strong>Manel Mart\u00ed,<\/strong> presidente del<strong>ADVC<\/strong> (el<a href=\"https:\/\/www.b1b2b3.org\/es\/\" target=\"_blank\" rel=\"noreferrer noopener\">Asociaci\u00f3n Discapacidad Visual de Catalu\u00f1a<\/a>, B1+B2+B3). La <strong>conferencia<\/strong> estuvo moderada por <strong>Miquel Recasens<\/strong>, tesorero del COFB. A lo largo de la <strong>conferencia<\/strong>, se dieron a conocer el tipo de <strong>recursos<\/strong> y de <strong>tecnolog\u00eda<\/strong> que utilizan las <strong>personas con discapacidad visual<\/strong>, con el objetivo de ponerla al servicio del <strong>consejo farmac\u00e9utico<\/strong>.<\/p>\n\n\n\n<figure class=\"wp-block-image size-large\"><img decoding=\"async\" src=\"https:\/\/blog.cofb.cat\/wp-content\/uploads\/2022\/02\/COFB-18_02_2022-Conferencia-sobre-discapacitat-visual-1-1024x576.jpg\" alt=\"D'esquerra a dreta: Miquel Recasens, tresorer del COFB, i Manel Mart\u00ed, president ADVC, a l'inici de la confer\u00e8ncia &quot;Atenci\u00f3 a pacients amb discapacitat visual. Caracter\u00edstiques, necessitats i capacitats del col\u00b7lectiu&quot;. \" class=\"wp-image-60812\" title=\"De izquierda a derecha: Miquel Recasens, tesorero del COFB, y Manel Mart\u00ed, presidente ADVC, en el inicio de la conferencia &quot;Atenci\u00f3n a pacientes con discapacidad visual. Caracter\u00edsticas, necesidades y capacidades del colectivo&quot;.\"\/><figcaption class=\"wp-element-caption\">De izquierda a derecha: Miquel Recasens, tesorero del COFB, y Manel Mart\u00ed, presidente ADVC, al inicio de la conferencia \u201cAtenci\u00f3n a pacientes con discapacidad visual. Caracter\u00edsticas, necesidades y capacidades del colectivo\u201d. <\/figcaption><\/figure>\n\n\n\n<p>En el <strong>programa <\/strong>se trataron los siguientes temas: <strong>tipolog\u00eda social de la discapacidad visual<\/strong> (grupos B1, B2 y B3); <strong>psicolog\u00eda de las personas con discapacidad visual<\/strong>; <strong>herramientas t\u00e9cnicas y tecnol\u00f3gicas que utiliza el colectivo<\/strong>;<strong> necesidades y capacidades de las personas con discapacidad visual<\/strong>; <strong>recursos p\u00fablicos y privados<\/strong> a disposici\u00f3n de las <strong>personas<\/strong> <strong>con discapacidad visual<\/strong>; barreras que afectan a este colectivo, <strong>trato id\u00f3neo del farmac\u00e9utico <\/strong>hacia las personas con discapacidad visual y <strong>cambio global <\/strong>en la sociedad. <\/p>\n\n\n\n<h2 class=\"wp-block-heading\"><strong>\u00bfC\u00f3mo tratar a las personas con ceguera o baja visi\u00f3n?<\/strong><\/h2>\n\n\n\n<p><strong>Manel Mart\u00ed<\/strong> comenz\u00f3 su <strong>intervenci\u00f3n<\/strong> &#8220;<strong>agradeciendo el inter\u00e9s<\/strong> para atender la <strong>conferencia<\/strong> sobre las <strong>personas con discapacidad visual<\/strong>. Las <strong>datos<\/strong> son <strong>bastante duras hoy en d\u00eda<\/strong>. En <strong>Catalu\u00f1a<\/strong> puede haber unas <strong>200.000 personas con baja visi\u00f3n<\/strong>. Un colectivo con unas <strong>carencias importantes<\/strong>. Por eso, queremos <strong>mejorar su calidad de vida<\/strong>. Cuando vamos a la <strong>farmacia<\/strong> o en el <strong>m\u00e9dico<\/strong> necesitamos encontrarnos <strong>personas emp\u00e1ticas<\/strong>&#8220;.<\/p>\n\n\n\n<p><strong>Mart\u00ed <\/strong>dio a los asistentes algunos <strong>consejos<\/strong> sobre <strong>c\u00f3mo tratar a las personas con baja visi\u00f3n<\/strong>, a partir de su <strong>experiencia personal<\/strong>. En primer lugar, <strong>Manel Mart\u00ed<\/strong> dej\u00f3 claro que \u201ca las <strong>personas con baja visi\u00f3n<\/strong> no les sabe mal que les pregunten c\u00f3mo tratarlas o que les pidan qu\u00e9 es la baja visi\u00f3n. Tambi\u00e9n explic\u00f3 que a estas personas es necesario <strong>tratarlas con naturalidad<\/strong>, no es necesario <strong>ponerse nervioso<\/strong>. Y, a la hora de indicarlos, es necesario que la persona con dificultad visual se sit\u00fae detr\u00e1s de nosotros, no delante\u201d.  <\/p>\n\n\n\n<figure class=\"wp-block-image size-large\"><img decoding=\"async\" src=\"https:\/\/blog.cofb.cat\/wp-content\/uploads\/2022\/02\/Manel-Marti_president-ADVC-1024x577.png\" alt=\"Manel Mart\u00ed, president de l'Associaci\u00f3 de Discapacitats Visuals de Catalunya (ADVC), en un moment de la seva intervenci\u00f3.\" class=\"wp-image-60810\" title=\"Manel Mart\u00ed, presidente de la Asociaci\u00f3n de Discapacidades Visuales de Catalu\u00f1a (ADVC), en un momento de su intervenci\u00f3n.\"\/><figcaption class=\"wp-element-caption\">Manel Mart\u00ed, presidente de la Asociaci\u00f3n de Discapacidades Visuales de Catalu\u00f1a (ADVC), en un momento de su intervenci\u00f3n. <\/figcaption><\/figure>\n\n\n\n<p>Cuando las <strong>personas con dificultades de visi\u00f3n<\/strong> entran a uno <strong>edificio nuevo<\/strong> \u201cno est\u00e1 mal que les cuenten <strong>qu\u00e9 hay alrededor<\/strong>, que les digan <strong>con qu\u00e9 deben tener cuidado<\/strong> o que les comenten algunos detalles del entorno. Tambi\u00e9n est\u00e1 muy bien utilizar la <strong>t\u00e9cnica del reloj<\/strong> (decirle qu\u00e9 hay a las 12, a las 15, etc.)\u201d, coment\u00f3. \u201cEn caso de que la <strong>persona con discapacidad<\/strong> visual tenga que sentarse en alg\u00fan sitio, ponerle la mano en el lugar donde debe sentarse y, si es una camilla, debemos poner la mano en el lugar donde debe ir su cabeza. La persona con discapacidad comprobar\u00e1 que existe la camilla, la tocar\u00e1 y se estirar\u00e1\u201d.<\/p>\n\n\n<div class=\"destacat-blog\">\n\n\n<p>Las<strong> personas con discapacidad visual<\/strong> requieren una <strong>atenci\u00f3n espec\u00edfica<\/strong> de los <strong>profesionales sanitarios<\/strong>. Saber cu\u00e1les son los <strong>recursos que tienen al alcance<\/strong> y las <strong>barreras que afectan a este colectivo<\/strong> ayudar\u00e1 a <strong>orientar el tipo de atenci\u00f3n <\/strong>a <strong>dispensar a la farmacia<\/strong>.<\/p> <\/div>\n\n\n\n<p>En cuanto al <strong>perro lazarillo<\/strong>, Mart\u00ed detall\u00f3 \u201cque es muy importante que sepamos <strong>que est\u00e1 trabajando<\/strong> y que no le podemos molestar, tocarlo o darle de comer\u201d. Asimismo, Mart\u00ed tambi\u00e9n se centr\u00f3 en el<strong>impacto psicol\u00f3gico<\/strong> que puede provocar la <strong>discapacidad visual<\/strong>: \u201cLa persona, habitualmente, pasar\u00e1 por <strong>varias fases<\/strong>. La <strong>discapacidad visual <\/strong>es uno <strong>choque importante<\/strong>, puedes perder la visi\u00f3n de golpe o puedes ir perdiendo progresivamente\u201d.<\/p>\n\n\n\n<p> <\/p>\n\n\n\n<h2 class=\"wp-block-heading\"><strong>El compromiso social de los farmac\u00e9uticos ante este colectivo<\/strong><\/h2>\n\n\n\n<p>Sobre la intenci\u00f3n de esta sesi\u00f3n, <strong>Miquel Recasens<\/strong>, tesorero del COFB,<strong> <\/strong>explic\u00f3 que el objetivo era abordar \u201cla <strong>problem\u00e1tica<\/strong>, los <strong>recursos<\/strong>, las <strong>posibilidades<\/strong> y la forma a la hora de tratar a un colectivo que nos puede pasar desapercibido como es el de las personas con <strong>discapacidad visual<\/strong>. Las <strong>farmacias<\/strong> tienen una serie de <strong>productos relacionados con el \u00e1mbito visual<\/strong> y reciben <strong>visitas de personas de este colectivo<\/strong>. Por eso, es necesario saber c\u00f3mo atenderlas y corresponderles en relaci\u00f3n con sus necesidades\u201d.<\/p>\n\n\n\n<p><strong>Recasens<\/strong> dese\u00f3 que \u201cel&#039;<strong>exposici\u00f3n<\/strong> haya servido para los asistentes como testigo de su <strong>experiencia personal<\/strong> y tambi\u00e9n como<strong> testimonio del colectivo<\/strong> que realmente se ocupa de ese tipo de cuestiones. Esto ayudar\u00e1 a conocer los <strong>recursos sociales<\/strong> que hay en Catalu\u00f1a, c\u00f3mo debemos comportarnos respecto al colectivo de <strong>discapacidades visuales<\/strong> o las <strong>posibilidades que tienen estas personas de ocupar el tiempo libre<\/strong> y de conocer <strong>las oportunidades <\/strong>que ofrece el ADVC como, por ejemplo, la existencia del <strong>tel\u00e9fono del ojo<\/strong>&#8220;.  <\/p>\n\n\n\n<figure class=\"wp-block-image size-large\"><img decoding=\"async\" src=\"https:\/\/blog.cofb.cat\/wp-content\/uploads\/2022\/02\/COFB-18_02_2022-Conferencia-sobre-discapacitat-visual-2-1024x637.jpg\" alt=\"Miquel Recasens, tresorer del COFB, en una imatge d'arxiu. \" class=\"wp-image-60851\" title=\"Miquel Recasens, tesorero del COFB, en una imagen de archivo. \"\/><figcaption class=\"wp-element-caption\">Miquel Recasens, tesorero del COFB, en una imagen de archivo. <\/figcaption><\/figure>\n\n\n\n<p>Al finalizar la conferencia, el tesorero del COFB hizo una serie de <strong>reflexiones en torno a la sesi\u00f3n<\/strong> que recogemos a continuaci\u00f3n. \u201cEl objetivo era <strong>dar a conocer la asociaci\u00f3n<\/strong> y, a la vez, <strong>dar a conocer la existencia del colectivo de discapacidades visuales<\/strong>. Desde la asociaci\u00f3n se intenta dar servicio, ayuda, asesoramiento psicol\u00f3gico y t\u00e9cnico, etc. Se organizan <strong>diversas actividades<\/strong> y se proporciona <strong>informaci\u00f3n laboral<\/strong>, <strong>fiscal<\/strong>, <strong>pr\u00e1ctica<\/strong>, <strong>econ\u00f3mica<\/strong>, etc. Son ayudas importantes\u201d, expuso. <\/p>\n\n\n\n<p>\u201cDesde un punto de vista del<strong>oficina de farmacia<\/strong> o <strong>colectivo farmac\u00e9utico<\/strong>, \u00bfc\u00f3mo nos vincula esto?\u201d, se pregunt\u00f3. \u201cIncluso, desde un punto de vista estad\u00edstico, existen personas de nuestro colectivo afectadas por este problema. Muy probablemente tambi\u00e9n existen muchas personas vinculadas con el colectivo, ya sea a trav\u00e9s de familiares, amigos, conocidos, etc. que tienen discapacidad visual y por eso dentro de nuestro colectivo pueden haber personas con ese inter\u00e9s. Por ese lado, nos pareci\u00f3 interesante, como una aportaci\u00f3n al colectivo directamente; pero tambi\u00e9n indirectamente por toda <strong>la labor profesional que realizamos en las farmacias, donde recibimos a un colectivo grande de personas entre las cuales hay quienes tienen una discapacidad visual.<\/strong> Debemos saber c\u00f3mo tratarlas\u201d. <\/p>\n\n\n\n<p>Y a\u00f1adi\u00f3: \u201cA los <strong>farmac\u00e9uticos comunitarios, las personas nos explican sus problemas<\/strong>. Si t\u00fa conoces que existen <strong>recursos como el tel\u00e9fono del ul<\/strong>l, o una placa que utilizan las personas con discapacidad visual, etc. son ayudas que puedes ofrecer al usuario\/paciente, adicionales a tu trabajo puramente profesional. Es una <strong>aportaci\u00f3n m\u00e1s social que profesional <\/strong>y, en este sentido, esta aportaci\u00f3n social, es evidente que tiene relaci\u00f3n con la Comisi\u00f3n de <strong>compromiso social<\/strong> del Colegio de Farmac\u00e9uticos. As\u00ed pues, desde este punto de vista nos pareci\u00f3 muy interesante\u201d.  <\/p>\n\n\n<div class=\"destacat-blog\">\n\n\n<h2 class=\"wp-block-heading\"><strong>Tel\u00e9fono del ojo<\/strong><\/h2>\n\n\n\n<p>En relaci\u00f3n con el <strong>tel\u00e9fono del ojo<\/strong> <strong>(900 900 505)<\/strong>, Manel Mart\u00ed explic\u00f3 que es un <strong>tel\u00e9fono gratuito<\/strong>, <strong>an\u00f3nimo<\/strong> (si as\u00ed se desea) y que est\u00e1 disponible &quot;para todos los pacientes que tengan alguna dificultad visual, que puede ser total (B1), severa (B2) o leve (B3)&quot;. El tel\u00e9fono del ojo est\u00e1 pensado para orientar a las personas que puedan tener alguna discapacidad visual en la <strong>soluci\u00f3n de los problemas personales y sociales<\/strong> que les ocasiona su enfermedad, con exclusi\u00f3n de los temas optom\u00e9tricos, oft\u00e1lmicos o m\u00e9dicos. Este tel\u00e9fono pretende dar respuesta a sus inquietudes sobre los recursos a su alcance, los derechos y beneficios que les corresponden, las ayudas t\u00e9cnicas que pueden utilizar, los lugares a los que dirigirse, etc.<\/p> <\/div>\n\n\n\n<p>Miquel Recasens record\u00f3 que la conferencia <strong>\u201cAtenci\u00f3n a pacientes con discapacidad visual. Caracter\u00edsticas, necesidades y capacidades del colectivo\u201d<\/strong> qued\u00f3 registrada y se colgar\u00e1 en la intranet colegial donde quedar\u00e1 a disposici\u00f3n de los colegiados que deseen consultarla.<\/p>\n\n\n\n<div class=\"wp-block-columns is-layout-flex wp-container-core-columns-is-layout-28f84493 wp-block-columns-is-layout-flex\">\n<div class=\"wp-block-column is-layout-flow wp-block-column-is-layout-flow\"><\/div>\n\n\n\n<div class=\"wp-block-column is-layout-flow wp-block-column-is-layout-flow\"><\/div>\n\n\n\n<div class=\"wp-block-column is-layout-flow wp-block-column-is-layout-flow\">\n<p class=\"has-text-align-right\"><strong>Con la colaboraci\u00f3n de:<\/strong><\/p>\n\n\n\n<figure class=\"wp-block-image alignright size-full is-resized\"><a href=\"https:\/\/www.b1b2b3.org\/es\/\" target=\"_blank\" rel=\"noopener\"><img decoding=\"async\" src=\"https:\/\/blog.cofb.cat\/wp-content\/uploads\/2022\/02\/Associacio-discapacitats-visuals.png\" alt=\"\" class=\"wp-image-60569\" style=\"width:333px;height:43px\" width=\"333\" height=\"43\"\/><\/a><\/figure>\n<\/div>\n<\/div>","protected":false},"excerpt":{"rendered":"<p>El pasado 16 de febrero tuvo lugar en el Colegio de Farmac\u00e9uticos de Barcelona (COFB) la conferencia \u201cAtenci\u00f3n a pacientes con discapacidad visual. Caracter\u00edsticas, necesidades y capacidades del colectivo\u201d, a cargo de Manel Mart\u00ed, presidente del ADVC (la Asociaci\u00f3n Discapacidad Visual de Catalu\u00f1a, B1+B2+B3). La conferencia estuvo moderada por Miquel [\u2026]<\/p>","protected":false},"author":1,"featured_media":67970,"comment_status":"open","ping_status":"open","sticky":false,"template":"","format":"standard","meta":{"_uag_custom_page_level_css":"","site-sidebar-layout":"default","site-content-layout":"","ast-site-content-layout":"default","site-content-style":"default","site-sidebar-style":"default","ast-global-header-display":"","ast-banner-title-visibility":"","ast-main-header-display":"","ast-hfb-above-header-display":"","ast-hfb-below-header-display":"","ast-hfb-mobile-header-display":"","site-post-title":"","ast-breadcrumbs-content":"","ast-featured-img":"disabled","footer-sml-layout":"","theme-transparent-header-meta":"","adv-header-id-meta":"","stick-header-meta":"","header-above-stick-meta":"","header-main-stick-meta":"","header-below-stick-meta":"","astra-migrate-meta-layouts":"default","ast-page-background-enabled":"default","ast-page-background-meta":{"desktop":{"background-color":"var(--ast-global-color-4)","background-image":"","background-repeat":"repeat","background-position":"center center","background-size":"auto","background-attachment":"scroll","background-type":"","background-media":"","overlay-type":"","overlay-color":"","overlay-opacity":"","overlay-gradient":""},"tablet":{"background-color":"","background-image":"","background-repeat":"repeat","background-position":"center center","background-size":"auto","background-attachment":"scroll","background-type":"","background-media":"","overlay-type":"","overlay-color":"","overlay-opacity":"","overlay-gradient":""},"mobile":{"background-color":"","background-image":"","background-repeat":"repeat","background-position":"center center","background-size":"auto","background-attachment":"scroll","background-type":"","background-media":"","overlay-type":"","overlay-color":"","overlay-opacity":"","overlay-gradient":""}},"ast-content-background-meta":{"desktop":{"background-color":"var(--ast-global-color-5)","background-image":"","background-repeat":"repeat","background-position":"center center","background-size":"auto","background-attachment":"scroll","background-type":"","background-media":"","overlay-type":"","overlay-color":"","overlay-opacity":"","overlay-gradient":""},"tablet":{"background-color":"var(--ast-global-color-5)","background-image":"","background-repeat":"repeat","background-position":"center center","background-size":"auto","background-attachment":"scroll","background-type":"","background-media":"","overlay-type":"","overlay-color":"","overlay-opacity":"","overlay-gradient":""},"mobile":{"background-color":"var(--ast-global-color-5)","background-image":"","background-repeat":"repeat","background-position":"center center","background-size":"auto","background-attachment":"scroll","background-type":"","background-media":"","overlay-type":"","overlay-color":"","overlay-opacity":"","overlay-gradient":""}},"footnotes":""},"categories":[23,57],"tags":[467,64,518,18,19,519,160,520,521,53,68,69,70,522,76,523,524,525,526],"class_list":["post-60542","post","type-post","status-publish","format-standard","has-post-thumbnail","hentry","category-destacats","category-mon-collegial","tag-activitats-formatives","tag-atencio-farmaceutica","tag-baixa-visio","tag-cofb","tag-collegi-de-farmaceutics-de-barcelona","tag-comissio-de-compromis-social","tag-compromis-social","tag-conferencia","tag-discapacitats-visuals","tag-farmaceutics","tag-farmacia","tag-farmacia-comunitaria","tag-formacio","tag-gos-pigall","tag-oficina-de-farmacia","tag-professionals-sanitaris","tag-qualitat-de-vida","tag-tecnica-del-rellotge","tag-visio"],"yoast_head":"<!-- This site is optimized with the Yoast SEO plugin v22.4 - https:\/\/yoast.com\/wordpress\/plugins\/seo\/ -->\n<title>Atenci\u00f3 a pacients amb discapacitat visual: La farm\u00e0cia comunit\u00e0ria davant aquest col\u00b7lectiu - Col\u00b7legi de Farmac\u00e8utics de Barcelona<\/title>\n<meta name=\"description\" content=\"El passat 16 de febrer va tenir lloc al Col\u00b7legi de Farmac\u00e8utics de Barcelona (COFB) la confer\u00e8ncia &quot;Atenci\u00f3 a pacients amb discapacitat visual. Caracter\u00edstiques, necessitats i capacitats del col\u00b7lectiu&quot;, a c\u00e0rrec de Manel Mart\u00ed, president de l&#039;ADVC (l&#039;Associaci\u00f3 Discapacitat Visual de Catalunya, B1, B2, B3).\" \/>\n<meta name=\"robots\" content=\"index, follow, max-snippet:-1, max-image-preview:large, max-video-preview:-1\" \/>\n<link rel=\"canonical\" href=\"https:\/\/novaorg.cofb.net\/2022\/02\/22\/atencio-a-pacients-amb-discapacitat-visual-la-farmacia-comunitaria-davant-aquest-collectiu\/\" \/>\n<meta property=\"og:locale\" content=\"es_ES\" \/>\n<meta property=\"og:type\" content=\"article\" \/>\n<meta property=\"og:title\" content=\"Atenci\u00f3 a pacients amb discapacitat visual: La farm\u00e0cia comunit\u00e0ria davant aquest col\u00b7lectiu - Col\u00b7legi de Farmac\u00e8utics de Barcelona\" \/>\n<meta property=\"og:description\" content=\"El passat 16 de febrer va tenir lloc al Col\u00b7legi de Farmac\u00e8utics de Barcelona (COFB) la confer\u00e8ncia &quot;Atenci\u00f3 a pacients amb discapacitat visual. Caracter\u00edstiques, necessitats i capacitats del col\u00b7lectiu&quot;, a c\u00e0rrec de Manel Mart\u00ed, president de l&#039;ADVC (l&#039;Associaci\u00f3 Discapacitat Visual de Catalunya, B1, B2, B3).\" \/>\n<meta property=\"og:url\" content=\"https:\/\/novaorg.cofb.net\/2022\/02\/22\/atencio-a-pacients-amb-discapacitat-visual-la-farmacia-comunitaria-davant-aquest-collectiu\/\" \/>\n<meta property=\"og:site_name\" content=\"Col\u00b7legi de Farmac\u00e8utics de Barcelona\" \/>\n<meta property=\"article:publisher\" content=\"https:\/\/www.facebook.com\/farmaceuticsbcn\/\" \/>\n<meta property=\"article:published_time\" content=\"2022-02-22T16:54:58+00:00\" \/>\n<meta property=\"article:modified_time\" content=\"2023-10-10T07:40:38+00:00\" \/>\n<meta property=\"og:image\" content=\"https:\/\/novaorg.cofb.net\/wp-content\/uploads\/2023\/07\/COFB-18_02_2022-Conferencia-sobre-discapacitat-visual-1-1024x576-1.jpg\" \/>\n\t<meta property=\"og:image:width\" content=\"1024\" \/>\n\t<meta property=\"og:image:height\" content=\"576\" \/>\n\t<meta property=\"og:image:type\" content=\"image\/jpeg\" \/>\n<meta name=\"author\" content=\"wpAdminCofbOrg\" \/>\n<meta name=\"twitter:card\" content=\"summary_large_image\" \/>\n<meta name=\"twitter:creator\" content=\"@farmaceuticsbcn\" \/>\n<meta name=\"twitter:site\" content=\"@farmaceuticsbcn\" \/>\n<meta name=\"twitter:label1\" content=\"Escrito por\" \/>\n\t<meta name=\"twitter:data1\" content=\"wpAdminCofbOrg\" \/>\n\t<meta name=\"twitter:label2\" content=\"Tiempo de lectura\" \/>\n\t<meta name=\"twitter:data2\" content=\"7 minutos\" \/>\n<script type=\"application\/ld+json\" class=\"yoast-schema-graph\">{\"@context\":\"https:\/\/schema.org\",\"@graph\":[{\"@type\":\"Article\",\"@id\":\"https:\/\/novaorg.cofb.net\/2022\/02\/22\/atencio-a-pacients-amb-discapacitat-visual-la-farmacia-comunitaria-davant-aquest-collectiu\/#article\",\"isPartOf\":{\"@id\":\"https:\/\/novaorg.cofb.net\/2022\/02\/22\/atencio-a-pacients-amb-discapacitat-visual-la-farmacia-comunitaria-davant-aquest-collectiu\/\"},\"author\":{\"name\":\"wpAdminCofbOrg\",\"@id\":\"https:\/\/www.cofb.org\/#\/schema\/person\/22ed7eea88da74b0fa4d3154ad87ffcb\"},\"headline\":\"Atenci\u00f3 a pacients amb discapacitat visual: La farm\u00e0cia comunit\u00e0ria davant aquest col\u00b7lectiu\",\"datePublished\":\"2022-02-22T16:54:58+00:00\",\"dateModified\":\"2023-10-10T07:40:38+00:00\",\"mainEntityOfPage\":{\"@id\":\"https:\/\/novaorg.cofb.net\/2022\/02\/22\/atencio-a-pacients-amb-discapacitat-visual-la-farmacia-comunitaria-davant-aquest-collectiu\/\"},\"wordCount\":1375,\"commentCount\":0,\"publisher\":{\"@id\":\"https:\/\/www.cofb.org\/#organization\"},\"image\":{\"@id\":\"https:\/\/novaorg.cofb.net\/2022\/02\/22\/atencio-a-pacients-amb-discapacitat-visual-la-farmacia-comunitaria-davant-aquest-collectiu\/#primaryimage\"},\"thumbnailUrl\":\"https:\/\/www.cofb.org\/wp-content\/uploads\/2023\/07\/COFB-18_02_2022-Conferencia-sobre-discapacitat-visual-1-1024x576-1.jpg\",\"keywords\":[\"activitats formatives\",\"Atenci\u00f3 farmac\u00e8utica\",\"baixa visi\u00f3\",\"COFB\",\"Col\u00b7legi de Farmac\u00e8utics de Barcelona\",\"Comissi\u00f3 de Comprom\u00eds Social\",\"comprom\u00eds social\",\"confer\u00e8ncia\",\"discapacitats visuals\",\"farmac\u00e8utics\",\"Farm\u00e0cia\",\"farm\u00e0cia comunit\u00e0ria\",\"Formaci\u00f3\",\"gos pigall\",\"Oficina de farm\u00e0cia\",\"professionals sanitaris\",\"qualitat de vida\",\"t\u00e8cnica del rellotge\",\"visi\u00f3\"],\"articleSection\":[\"Destacats\",\"M\u00f3n col\u00b7legial\"],\"inLanguage\":\"es\",\"potentialAction\":[{\"@type\":\"CommentAction\",\"name\":\"Comment\",\"target\":[\"https:\/\/novaorg.cofb.net\/2022\/02\/22\/atencio-a-pacients-amb-discapacitat-visual-la-farmacia-comunitaria-davant-aquest-collectiu\/#respond\"]}]},{\"@type\":\"WebPage\",\"@id\":\"https:\/\/novaorg.cofb.net\/2022\/02\/22\/atencio-a-pacients-amb-discapacitat-visual-la-farmacia-comunitaria-davant-aquest-collectiu\/\",\"url\":\"https:\/\/novaorg.cofb.net\/2022\/02\/22\/atencio-a-pacients-amb-discapacitat-visual-la-farmacia-comunitaria-davant-aquest-collectiu\/\",\"name\":\"Atenci\u00f3 a pacients amb discapacitat visual: La farm\u00e0cia comunit\u00e0ria davant aquest col\u00b7lectiu - Col\u00b7legi de Farmac\u00e8utics de Barcelona\",\"isPartOf\":{\"@id\":\"https:\/\/www.cofb.org\/#website\"},\"primaryImageOfPage\":{\"@id\":\"https:\/\/novaorg.cofb.net\/2022\/02\/22\/atencio-a-pacients-amb-discapacitat-visual-la-farmacia-comunitaria-davant-aquest-collectiu\/#primaryimage\"},\"image\":{\"@id\":\"https:\/\/novaorg.cofb.net\/2022\/02\/22\/atencio-a-pacients-amb-discapacitat-visual-la-farmacia-comunitaria-davant-aquest-collectiu\/#primaryimage\"},\"thumbnailUrl\":\"https:\/\/www.cofb.org\/wp-content\/uploads\/2023\/07\/COFB-18_02_2022-Conferencia-sobre-discapacitat-visual-1-1024x576-1.jpg\",\"datePublished\":\"2022-02-22T16:54:58+00:00\",\"dateModified\":\"2023-10-10T07:40:38+00:00\",\"description\":\"El passat 16 de febrer va tenir lloc al Col\u00b7legi de Farmac\u00e8utics de Barcelona (COFB) la confer\u00e8ncia \\\"Atenci\u00f3 a pacients amb discapacitat visual. Caracter\u00edstiques, necessitats i capacitats del col\u00b7lectiu\\\", a c\u00e0rrec de Manel Mart\u00ed, president de l'ADVC (l'Associaci\u00f3 Discapacitat Visual de Catalunya, B1, B2, B3).\",\"breadcrumb\":{\"@id\":\"https:\/\/novaorg.cofb.net\/2022\/02\/22\/atencio-a-pacients-amb-discapacitat-visual-la-farmacia-comunitaria-davant-aquest-collectiu\/#breadcrumb\"},\"inLanguage\":\"es\",\"potentialAction\":[{\"@type\":\"ReadAction\",\"target\":[\"https:\/\/novaorg.cofb.net\/2022\/02\/22\/atencio-a-pacients-amb-discapacitat-visual-la-farmacia-comunitaria-davant-aquest-collectiu\/\"]}]},{\"@type\":\"ImageObject\",\"inLanguage\":\"es\",\"@id\":\"https:\/\/novaorg.cofb.net\/2022\/02\/22\/atencio-a-pacients-amb-discapacitat-visual-la-farmacia-comunitaria-davant-aquest-collectiu\/#primaryimage\",\"url\":\"https:\/\/www.cofb.org\/wp-content\/uploads\/2023\/07\/COFB-18_02_2022-Conferencia-sobre-discapacitat-visual-1-1024x576-1.jpg\",\"contentUrl\":\"https:\/\/www.cofb.org\/wp-content\/uploads\/2023\/07\/COFB-18_02_2022-Conferencia-sobre-discapacitat-visual-1-1024x576-1.jpg\",\"width\":1024,\"height\":576},{\"@type\":\"BreadcrumbList\",\"@id\":\"https:\/\/novaorg.cofb.net\/2022\/02\/22\/atencio-a-pacients-amb-discapacitat-visual-la-farmacia-comunitaria-davant-aquest-collectiu\/#breadcrumb\",\"itemListElement\":[{\"@type\":\"ListItem\",\"position\":1,\"name\":\"Inici\",\"item\":\"https:\/\/novaorg.cofb.net\/\"},{\"@type\":\"ListItem\",\"position\":2,\"name\":\"Atenci\u00f3 a pacients amb discapacitat visual: La farm\u00e0cia comunit\u00e0ria davant aquest col\u00b7lectiu\"}]},{\"@type\":\"WebSite\",\"@id\":\"https:\/\/www.cofb.org\/#website\",\"url\":\"https:\/\/www.cofb.org\/\",\"name\":\"Col\u00b7legi de Farmac\u00e8utics de Barcelona\",\"description\":\"\",\"publisher\":{\"@id\":\"https:\/\/www.cofb.org\/#organization\"},\"potentialAction\":[{\"@type\":\"SearchAction\",\"target\":{\"@type\":\"EntryPoint\",\"urlTemplate\":\"https:\/\/www.cofb.org\/?s={search_term_string}\"},\"query-input\":\"required name=search_term_string\"}],\"inLanguage\":\"es\"},{\"@type\":\"Organization\",\"@id\":\"https:\/\/www.cofb.org\/#organization\",\"name\":\"Col\u00b7legi de Farmac\u00e8utics de Barcelona\",\"url\":\"https:\/\/www.cofb.org\/\",\"logo\":{\"@type\":\"ImageObject\",\"inLanguage\":\"es\",\"@id\":\"https:\/\/www.cofb.org\/#\/schema\/logo\/image\/\",\"url\":\"https:\/\/www.cofb.org\/wp-content\/uploads\/2023\/11\/cropped-Logotip-COFB.png\",\"contentUrl\":\"https:\/\/www.cofb.org\/wp-content\/uploads\/2023\/11\/cropped-Logotip-COFB.png\",\"width\":500,\"height\":105,\"caption\":\"Col\u00b7legi de Farmac\u00e8utics de Barcelona\"},\"image\":{\"@id\":\"https:\/\/www.cofb.org\/#\/schema\/logo\/image\/\"},\"sameAs\":[\"https:\/\/www.facebook.com\/farmaceuticsbcn\/\",\"https:\/\/twitter.com\/farmaceuticsbcn\",\"https:\/\/www.instagram.com\/farmaceuticsbcn\/\",\"https:\/\/www.linkedin.com\/company\/farmaceuticsbcn\/\"]},{\"@type\":\"Person\",\"@id\":\"https:\/\/www.cofb.org\/#\/schema\/person\/22ed7eea88da74b0fa4d3154ad87ffcb\",\"name\":\"wpAdminCofbOrg\",\"image\":{\"@type\":\"ImageObject\",\"inLanguage\":\"es\",\"@id\":\"https:\/\/www.cofb.org\/#\/schema\/person\/image\/\",\"url\":\"https:\/\/secure.gravatar.com\/avatar\/1721b20b3b8ca882c3b56ec6c978c594fff670e40c0718e9190eaeeb76aae7d8?s=96&d=mm&r=g\",\"contentUrl\":\"https:\/\/secure.gravatar.com\/avatar\/1721b20b3b8ca882c3b56ec6c978c594fff670e40c0718e9190eaeeb76aae7d8?s=96&d=mm&r=g\",\"caption\":\"wpAdminCofbOrg\"},\"sameAs\":[\"http:\/\/192.168.64.122\/wordpress\"],\"url\":\"https:\/\/www.cofb.org\/es\/author\/wpadmincofborg\/\"}]}<\/script>\n<!-- \/ Yoast SEO plugin. -->","yoast_head_json":{"title":"Atenci\u00f3 a pacients amb discapacitat visual: La farm\u00e0cia comunit\u00e0ria davant aquest col\u00b7lectiu - Col\u00b7legi de Farmac\u00e8utics de Barcelona","description":"El passat 16 de febrer va tenir lloc al Col\u00b7legi de Farmac\u00e8utics de Barcelona (COFB) la confer\u00e8ncia \"Atenci\u00f3 a pacients amb discapacitat visual. Caracter\u00edstiques, necessitats i capacitats del col\u00b7lectiu\", a c\u00e0rrec de Manel Mart\u00ed, president de l'ADVC (l'Associaci\u00f3 Discapacitat Visual de Catalunya, B1, B2, B3).","robots":{"index":"index","follow":"follow","max-snippet":"max-snippet:-1","max-image-preview":"max-image-preview:large","max-video-preview":"max-video-preview:-1"},"canonical":"https:\/\/novaorg.cofb.net\/2022\/02\/22\/atencio-a-pacients-amb-discapacitat-visual-la-farmacia-comunitaria-davant-aquest-collectiu\/","og_locale":"es_ES","og_type":"article","og_title":"Atenci\u00f3 a pacients amb discapacitat visual: La farm\u00e0cia comunit\u00e0ria davant aquest col\u00b7lectiu - Col\u00b7legi de Farmac\u00e8utics de Barcelona","og_description":"El passat 16 de febrer va tenir lloc al Col\u00b7legi de Farmac\u00e8utics de Barcelona (COFB) la confer\u00e8ncia \"Atenci\u00f3 a pacients amb discapacitat visual. Caracter\u00edstiques, necessitats i capacitats del col\u00b7lectiu\", a c\u00e0rrec de Manel Mart\u00ed, president de l'ADVC (l'Associaci\u00f3 Discapacitat Visual de Catalunya, B1, B2, B3).","og_url":"https:\/\/novaorg.cofb.net\/2022\/02\/22\/atencio-a-pacients-amb-discapacitat-visual-la-farmacia-comunitaria-davant-aquest-collectiu\/","og_site_name":"Col\u00b7legi de Farmac\u00e8utics de Barcelona","article_publisher":"https:\/\/www.facebook.com\/farmaceuticsbcn\/","article_published_time":"2022-02-22T16:54:58+00:00","article_modified_time":"2023-10-10T07:40:38+00:00","og_image":[{"width":1024,"height":576,"url":"https:\/\/novaorg.cofb.net\/wp-content\/uploads\/2023\/07\/COFB-18_02_2022-Conferencia-sobre-discapacitat-visual-1-1024x576-1.jpg","type":"image\/jpeg"}],"author":"wpAdminCofbOrg","twitter_card":"summary_large_image","twitter_creator":"@farmaceuticsbcn","twitter_site":"@farmaceuticsbcn","twitter_misc":{"Escrito por":"wpAdminCofbOrg","Tiempo de lectura":"7 minutos"},"schema":{"@context":"https:\/\/schema.org","@graph":[{"@type":"Article","@id":"https:\/\/novaorg.cofb.net\/2022\/02\/22\/atencio-a-pacients-amb-discapacitat-visual-la-farmacia-comunitaria-davant-aquest-collectiu\/#article","isPartOf":{"@id":"https:\/\/novaorg.cofb.net\/2022\/02\/22\/atencio-a-pacients-amb-discapacitat-visual-la-farmacia-comunitaria-davant-aquest-collectiu\/"},"author":{"name":"wpAdminCofbOrg","@id":"https:\/\/www.cofb.org\/#\/schema\/person\/22ed7eea88da74b0fa4d3154ad87ffcb"},"headline":"Atenci\u00f3 a pacients amb discapacitat visual: La farm\u00e0cia comunit\u00e0ria davant aquest col\u00b7lectiu","datePublished":"2022-02-22T16:54:58+00:00","dateModified":"2023-10-10T07:40:38+00:00","mainEntityOfPage":{"@id":"https:\/\/novaorg.cofb.net\/2022\/02\/22\/atencio-a-pacients-amb-discapacitat-visual-la-farmacia-comunitaria-davant-aquest-collectiu\/"},"wordCount":1375,"commentCount":0,"publisher":{"@id":"https:\/\/www.cofb.org\/#organization"},"image":{"@id":"https:\/\/novaorg.cofb.net\/2022\/02\/22\/atencio-a-pacients-amb-discapacitat-visual-la-farmacia-comunitaria-davant-aquest-collectiu\/#primaryimage"},"thumbnailUrl":"https:\/\/www.cofb.org\/wp-content\/uploads\/2023\/07\/COFB-18_02_2022-Conferencia-sobre-discapacitat-visual-1-1024x576-1.jpg","keywords":["activitats formatives","Atenci\u00f3 farmac\u00e8utica","baixa visi\u00f3","COFB","Col\u00b7legi de Farmac\u00e8utics de Barcelona","Comissi\u00f3 de Comprom\u00eds Social","comprom\u00eds social","confer\u00e8ncia","discapacitats visuals","farmac\u00e8utics","Farm\u00e0cia","farm\u00e0cia comunit\u00e0ria","Formaci\u00f3","gos pigall","Oficina de farm\u00e0cia","professionals sanitaris","qualitat de vida","t\u00e8cnica del rellotge","visi\u00f3"],"articleSection":["Destacats","M\u00f3n col\u00b7legial"],"inLanguage":"es","potentialAction":[{"@type":"CommentAction","name":"Comment","target":["https:\/\/novaorg.cofb.net\/2022\/02\/22\/atencio-a-pacients-amb-discapacitat-visual-la-farmacia-comunitaria-davant-aquest-collectiu\/#respond"]}]},{"@type":"WebPage","@id":"https:\/\/novaorg.cofb.net\/2022\/02\/22\/atencio-a-pacients-amb-discapacitat-visual-la-farmacia-comunitaria-davant-aquest-collectiu\/","url":"https:\/\/novaorg.cofb.net\/2022\/02\/22\/atencio-a-pacients-amb-discapacitat-visual-la-farmacia-comunitaria-davant-aquest-collectiu\/","name":"Atenci\u00f3 a pacients amb discapacitat visual: La farm\u00e0cia comunit\u00e0ria davant aquest col\u00b7lectiu - Col\u00b7legi de Farmac\u00e8utics de Barcelona","isPartOf":{"@id":"https:\/\/www.cofb.org\/#website"},"primaryImageOfPage":{"@id":"https:\/\/novaorg.cofb.net\/2022\/02\/22\/atencio-a-pacients-amb-discapacitat-visual-la-farmacia-comunitaria-davant-aquest-collectiu\/#primaryimage"},"image":{"@id":"https:\/\/novaorg.cofb.net\/2022\/02\/22\/atencio-a-pacients-amb-discapacitat-visual-la-farmacia-comunitaria-davant-aquest-collectiu\/#primaryimage"},"thumbnailUrl":"https:\/\/www.cofb.org\/wp-content\/uploads\/2023\/07\/COFB-18_02_2022-Conferencia-sobre-discapacitat-visual-1-1024x576-1.jpg","datePublished":"2022-02-22T16:54:58+00:00","dateModified":"2023-10-10T07:40:38+00:00","description":"El passat 16 de febrer va tenir lloc al Col\u00b7legi de Farmac\u00e8utics de Barcelona (COFB) la confer\u00e8ncia \"Atenci\u00f3 a pacients amb discapacitat visual. Caracter\u00edstiques, necessitats i capacitats del col\u00b7lectiu\", a c\u00e0rrec de Manel Mart\u00ed, president de l'ADVC (l'Associaci\u00f3 Discapacitat Visual de Catalunya, B1, B2, B3).","breadcrumb":{"@id":"https:\/\/novaorg.cofb.net\/2022\/02\/22\/atencio-a-pacients-amb-discapacitat-visual-la-farmacia-comunitaria-davant-aquest-collectiu\/#breadcrumb"},"inLanguage":"es","potentialAction":[{"@type":"ReadAction","target":["https:\/\/novaorg.cofb.net\/2022\/02\/22\/atencio-a-pacients-amb-discapacitat-visual-la-farmacia-comunitaria-davant-aquest-collectiu\/"]}]},{"@type":"ImageObject","inLanguage":"es","@id":"https:\/\/novaorg.cofb.net\/2022\/02\/22\/atencio-a-pacients-amb-discapacitat-visual-la-farmacia-comunitaria-davant-aquest-collectiu\/#primaryimage","url":"https:\/\/www.cofb.org\/wp-content\/uploads\/2023\/07\/COFB-18_02_2022-Conferencia-sobre-discapacitat-visual-1-1024x576-1.jpg","contentUrl":"https:\/\/www.cofb.org\/wp-content\/uploads\/2023\/07\/COFB-18_02_2022-Conferencia-sobre-discapacitat-visual-1-1024x576-1.jpg","width":1024,"height":576},{"@type":"BreadcrumbList","@id":"https:\/\/novaorg.cofb.net\/2022\/02\/22\/atencio-a-pacients-amb-discapacitat-visual-la-farmacia-comunitaria-davant-aquest-collectiu\/#breadcrumb","itemListElement":[{"@type":"ListItem","position":1,"name":"Inici","item":"https:\/\/novaorg.cofb.net\/"},{"@type":"ListItem","position":2,"name":"Atenci\u00f3 a pacients amb discapacitat visual: La farm\u00e0cia comunit\u00e0ria davant aquest col\u00b7lectiu"}]},{"@type":"WebSite","@id":"https:\/\/www.cofb.org\/#website","url":"https:\/\/www.cofb.org\/","name":"Col\u00b7legi de Farmac\u00e8utics de Barcelona","description":"","publisher":{"@id":"https:\/\/www.cofb.org\/#organization"},"potentialAction":[{"@type":"SearchAction","target":{"@type":"EntryPoint","urlTemplate":"https:\/\/www.cofb.org\/?s={search_term_string}"},"query-input":"required name=search_term_string"}],"inLanguage":"es"},{"@type":"Organization","@id":"https:\/\/www.cofb.org\/#organization","name":"Col\u00b7legi de Farmac\u00e8utics de Barcelona","url":"https:\/\/www.cofb.org\/","logo":{"@type":"ImageObject","inLanguage":"es","@id":"https:\/\/www.cofb.org\/#\/schema\/logo\/image\/","url":"https:\/\/www.cofb.org\/wp-content\/uploads\/2023\/11\/cropped-Logotip-COFB.png","contentUrl":"https:\/\/www.cofb.org\/wp-content\/uploads\/2023\/11\/cropped-Logotip-COFB.png","width":500,"height":105,"caption":"Col\u00b7legi de Farmac\u00e8utics de Barcelona"},"image":{"@id":"https:\/\/www.cofb.org\/#\/schema\/logo\/image\/"},"sameAs":["https:\/\/www.facebook.com\/farmaceuticsbcn\/","https:\/\/twitter.com\/farmaceuticsbcn","https:\/\/www.instagram.com\/farmaceuticsbcn\/","https:\/\/www.linkedin.com\/company\/farmaceuticsbcn\/"]},{"@type":"Person","@id":"https:\/\/www.cofb.org\/#\/schema\/person\/22ed7eea88da74b0fa4d3154ad87ffcb","name":"wpAdminCofbOrg","image":{"@type":"ImageObject","inLanguage":"es","@id":"https:\/\/www.cofb.org\/#\/schema\/person\/image\/","url":"https:\/\/secure.gravatar.com\/avatar\/1721b20b3b8ca882c3b56ec6c978c594fff670e40c0718e9190eaeeb76aae7d8?s=96&d=mm&r=g","contentUrl":"https:\/\/secure.gravatar.com\/avatar\/1721b20b3b8ca882c3b56ec6c978c594fff670e40c0718e9190eaeeb76aae7d8?s=96&d=mm&r=g","caption":"wpAdminCofbOrg"},"sameAs":["http:\/\/192.168.64.122\/wordpress"],"url":"https:\/\/www.cofb.org\/es\/author\/wpadmincofborg\/"}]}},"uagb_featured_image_src":{"full":["https:\/\/www.cofb.org\/wp-content\/uploads\/2023\/07\/COFB-18_02_2022-Conferencia-sobre-discapacitat-visual-1-1024x576-1.jpg",1024,576,false],"thumbnail":["https:\/\/www.cofb.org\/wp-content\/uploads\/2023\/07\/COFB-18_02_2022-Conferencia-sobre-discapacitat-visual-1-1024x576-1-150x150.jpg",150,150,true],"medium":["https:\/\/www.cofb.org\/wp-content\/uploads\/2023\/07\/COFB-18_02_2022-Conferencia-sobre-discapacitat-visual-1-1024x576-1-300x169.jpg",300,169,true],"medium_large":["https:\/\/www.cofb.org\/wp-content\/uploads\/2023\/07\/COFB-18_02_2022-Conferencia-sobre-discapacitat-visual-1-1024x576-1-768x432.jpg",768,432,true],"large":["https:\/\/www.cofb.org\/wp-content\/uploads\/2023\/07\/COFB-18_02_2022-Conferencia-sobre-discapacitat-visual-1-1024x576-1.jpg",1024,576,false],"1536x1536":["https:\/\/www.cofb.org\/wp-content\/uploads\/2023\/07\/COFB-18_02_2022-Conferencia-sobre-discapacitat-visual-1-1024x576-1.jpg",1024,576,false],"2048x2048":["https:\/\/www.cofb.org\/wp-content\/uploads\/2023\/07\/COFB-18_02_2022-Conferencia-sobre-discapacitat-visual-1-1024x576-1.jpg",1024,576,false],"trp-custom-language-flag":["https:\/\/www.cofb.org\/wp-content\/uploads\/2023\/07\/COFB-18_02_2022-Conferencia-sobre-discapacitat-visual-1-1024x576-1.jpg",18,10,false]},"uagb_author_info":{"display_name":"wpAdminCofbOrg","author_link":"https:\/\/www.cofb.org\/es\/author\/wpadmincofborg\/"},"uagb_comment_info":0,"uagb_excerpt":"El passat 16 de febrer va tenir lloc al Col\u00b7legi de Farmac\u00e8utics de Barcelona (COFB) la confer\u00e8ncia &#8220;Atenci\u00f3 a pacients amb discapacitat visual. Caracter\u00edstiques, necessitats i capacitats del col\u00b7lectiu&#8221;, a c\u00e0rrec de Manel Mart\u00ed, president de l&#8217;ADVC (l&#8217;Associaci\u00f3 Discapacitat Visual de Catalunya, B1+B2+B3). La confer\u00e8ncia va estar moderada per Miquel [&hellip;]","_links":{"self":[{"href":"https:\/\/www.cofb.org\/es\/wp-json\/wp\/v2\/posts\/60542","targetHints":{"allow":["GET"]}}],"collection":[{"href":"https:\/\/www.cofb.org\/es\/wp-json\/wp\/v2\/posts"}],"about":[{"href":"https:\/\/www.cofb.org\/es\/wp-json\/wp\/v2\/types\/post"}],"author":[{"embeddable":true,"href":"https:\/\/www.cofb.org\/es\/wp-json\/wp\/v2\/users\/1"}],"replies":[{"embeddable":true,"href":"https:\/\/www.cofb.org\/es\/wp-json\/wp\/v2\/comments?post=60542"}],"version-history":[{"count":3,"href":"https:\/\/www.cofb.org\/es\/wp-json\/wp\/v2\/posts\/60542\/revisions"}],"predecessor-version":[{"id":69069,"href":"https:\/\/www.cofb.org\/es\/wp-json\/wp\/v2\/posts\/60542\/revisions\/69069"}],"wp:featuredmedia":[{"embeddable":true,"href":"https:\/\/www.cofb.org\/es\/wp-json\/wp\/v2\/media\/67970"}],"wp:attachment":[{"href":"https:\/\/www.cofb.org\/es\/wp-json\/wp\/v2\/media?parent=60542"}],"wp:term":[{"taxonomy":"category","embeddable":true,"href":"https:\/\/www.cofb.org\/es\/wp-json\/wp\/v2\/categories?post=60542"},{"taxonomy":"post_tag","embeddable":true,"href":"https:\/\/www.cofb.org\/es\/wp-json\/wp\/v2\/tags?post=60542"}],"curies":[{"name":"wp","href":"https:\/\/api.w.org\/{rel}","templated":true}]}}