{"id":60535,"date":"2022-02-17T14:12:56","date_gmt":"2022-02-17T12:12:56","guid":{"rendered":"https:\/\/blog.cofb.cat\/?p=60535"},"modified":"2023-09-21T09:42:50","modified_gmt":"2023-09-21T09:42:50","slug":"circular-farmaceutica-ja-disponible-ledicio-especial-de-beques-i-premis-2021","status":"publish","type":"post","link":"https:\/\/www.cofb.org\/es\/2022\/02\/17\/circular-farmaceutica-ja-disponible-ledicio-especial-de-beques-i-premis-2021\/","title":{"rendered":"Circular farmac\u00e9utica: ya disponible la edici\u00f3n especial de becas y premios 2021"},"content":{"rendered":"<p>Ya se puede acceder al nuevo n\u00famero de <strong>Circular Farmac\u00e9utica<\/strong>, la publicaci\u00f3n cient\u00edfica que edita el Colegio. Esta nueva edici\u00f3n est\u00e1 dedicada a la<a href=\"https:\/\/www.cofb.org\/es\/documents\/10136\/1070698\/Circular80_EspBeques.pdf\/3e6d55b1-3c50-42a1-af93-81793a8e9e96\/\" target=\"_blank\" rel=\"noreferrer noopener\">Especial Becas y Premios&nbsp;<\/a>que otorga el COFB.<\/p>\n\n\n<div class=\"destacat-blog\">\n\n\n<p>\u00c9ste es el contenido del <a href=\"https:\/\/www.cofb.org\/es\/documents\/10136\/1070698\/Circular80_EspBeques.pdf\/3e6d55b1-3c50-42a1-af93-81793a8e9e96\/\" target=\"_blank\" rel=\"noreferrer noopener\">Vuelo. 80. N\u00famero especial 2022 de becas y premios<\/a>:<\/p>\n\n\n\n<figure class=\"wp-block-image aligncenter size-large\"><a href=\"https:\/\/www.cofb.org\/es\/documents\/10136\/1070698\/Circular80_EspBeques.pdf\/3e6d55b1-3c50-42a1-af93-81793a8e9e96\/\" target=\"_blank\" rel=\"noopener\"><img decoding=\"async\" src=\"https:\/\/blog.cofb.cat\/wp-content\/uploads\/2022\/02\/Circular-725x1024.jpg\" alt=\"Circular\" class=\"wp-image-60536\"\/><\/a><\/figure>\n\n\n\n<p><strong>Editorial<\/strong>: M. Rosa Ballester<\/p>\n\n\n\n<p><strong>Beca colegial 2020:<\/strong><\/p>\n\n\n\n<p>B\u00fasqueda avanzada de marcadores s\u00e9ricos pron\u00f3sticos precoces de disfunci\u00f3n\/quiebra org\u00e1nica en pacientes hospitalizados por COVID mediante metabol\u00f3mica High-Throughput.<\/p>\n\n\n\n<p><strong>Premios 2021:<\/strong><\/p>\n\n\n\n<ul class=\"wp-block-list\">\n<li>Establecimiento de las bases de una nueva inmunoterapia por el melanoma: uso de ves\u00edculas extracelulares para encapsular \u00e1cidos nucleicos.<\/li>\n\n\n\n<li>Uso de PCR por la detecci\u00f3n de resistencias en Mycoplasma genitalium y Neisseria gonorrhoeae y diagn\u00f3stico de infecciones vaginales.<\/li>\n\n\n\n<li>B\u00fasqueda de compuestos insulino mim\u00e9ticos en el aceite de oliva.<\/li>\n<\/ul>\n\n\n\n<p id=\"yui_patched_v3_11_0_1_1645010209401_943\"><strong>Premios ex aequo a los trabajos de fin de grado<\/strong>:<\/p>\n\n\n\n<ul class=\"wp-block-list\">\n\n<li>Fibromialgia a trav\u00e9s de la gen\u00e9tica: desarrollo de un algoritmo de diagn\u00f3stico basado en datos de microarrays.<\/li>\n\n\n<li>Optimizaci\u00f3n en la obtenci\u00f3n de hupertacrina-tacrina por el tratamiento de la enfermedad de Alzheimer.<\/li>\n\n<\/ul> <\/div>\n\n\n\n<figure class=\"wp-block-image size-large\"><img decoding=\"async\" src=\"https:\/\/blog.cofb.cat\/wp-content\/uploads\/2022\/03\/BLOG-CIRCULAR_publica_680x453_V2-1024x682.jpg\" alt=\"\" class=\"wp-image-61430\"\/><\/figure>\n\n\n<div class=\"destacat-blog\">\n\n\n<p><a href=\"https:\/\/www.cofb.org\/es\/colegi\/publicacions\/circular-farmaceutica\/\" target=\"_blank\" rel=\"noreferrer noopener\"><strong>Ver n\u00fameros anteriores de Circular Farmac\u00e9utica<\/strong><\/a>&nbsp;(v\u00eda cofb.org \u2013 en formato PDF)<\/p><\/div>","protected":false},"excerpt":{"rendered":"<p>Ya se puede acceder al nuevo n\u00famero de Circular Farmac\u00e9utica, la publicaci\u00f3n cient\u00edfica que edita el Colegio. Esta nueva edici\u00f3n est\u00e1 dedicada a la Especial Becas y Premios que otorga el COFB. \u00c9ste es el contenido del Vuelo. 80. N\u00famero especial 2022 de becas y premios: Editorial: M. Rosa Ballester Beca colegial [\u2026]<\/p>","protected":false},"author":1,"featured_media":67972,"comment_status":"open","ping_status":"open","sticky":false,"template":"","format":"standard","meta":{"_uag_custom_page_level_css":"","site-sidebar-layout":"default","site-content-layout":"","ast-site-content-layout":"default","site-content-style":"default","site-sidebar-style":"default","ast-global-header-display":"","ast-banner-title-visibility":"","ast-main-header-display":"","ast-hfb-above-header-display":"","ast-hfb-below-header-display":"","ast-hfb-mobile-header-display":"","site-post-title":"","ast-breadcrumbs-content":"","ast-featured-img":"disabled","footer-sml-layout":"","theme-transparent-header-meta":"","adv-header-id-meta":"","stick-header-meta":"","header-above-stick-meta":"","header-main-stick-meta":"","header-below-stick-meta":"","astra-migrate-meta-layouts":"default","ast-page-background-enabled":"default","ast-page-background-meta":{"desktop":{"background-color":"var(--ast-global-color-4)","background-image":"","background-repeat":"repeat","background-position":"center center","background-size":"auto","background-attachment":"scroll","background-type":"","background-media":"","overlay-type":"","overlay-color":"","overlay-opacity":"","overlay-gradient":""},"tablet":{"background-color":"","background-image":"","background-repeat":"repeat","background-position":"center center","background-size":"auto","background-attachment":"scroll","background-type":"","background-media":"","overlay-type":"","overlay-color":"","overlay-opacity":"","overlay-gradient":""},"mobile":{"background-color":"","background-image":"","background-repeat":"repeat","background-position":"center center","background-size":"auto","background-attachment":"scroll","background-type":"","background-media":"","overlay-type":"","overlay-color":"","overlay-opacity":"","overlay-gradient":""}},"ast-content-background-meta":{"desktop":{"background-color":"var(--ast-global-color-5)","background-image":"","background-repeat":"repeat","background-position":"center center","background-size":"auto","background-attachment":"scroll","background-type":"","background-media":"","overlay-type":"","overlay-color":"","overlay-opacity":"","overlay-gradient":""},"tablet":{"background-color":"var(--ast-global-color-5)","background-image":"","background-repeat":"repeat","background-position":"center center","background-size":"auto","background-attachment":"scroll","background-type":"","background-media":"","overlay-type":"","overlay-color":"","overlay-opacity":"","overlay-gradient":""},"mobile":{"background-color":"var(--ast-global-color-5)","background-image":"","background-repeat":"repeat","background-position":"center center","background-size":"auto","background-attachment":"scroll","background-type":"","background-media":"","overlay-type":"","overlay-color":"","overlay-opacity":"","overlay-gradient":""}},"footnotes":""},"categories":[23,57],"tags":[512,64,354,513,355,18,90,50,53,68,514,515,71,516,517,359],"class_list":["post-60535","post","type-post","status-publish","format-standard","has-post-thumbnail","hentry","category-destacats","category-mon-collegial","tag-alzheimer","tag-atencio-farmaceutica","tag-beques","tag-beques-collegials","tag-beques-i-premis","tag-cofb","tag-covid-19","tag-diagnostic","tag-farmaceutics","tag-farmacia","tag-fibromialgia","tag-immunoterapia","tag-infeccions","tag-melanoma","tag-pcr","tag-premis"],"yoast_head":"<!-- This site is optimized with the Yoast SEO plugin v22.4 - https:\/\/yoast.com\/wordpress\/plugins\/seo\/ -->\n<title>Circular farmac\u00e8utica: ja disponible l&#039;edici\u00f3 especial de beques i premis 2021 - Col\u00b7legi de Farmac\u00e8utics de Barcelona<\/title>\n<meta name=\"description\" content=\"Ja es pot accedir al nou n\u00famero de Circular Farmac\u00e8utica, la publicaci\u00f3 cient\u00edfica que edita el Col\u00b7legi. Aquesta nova edici\u00f3 est\u00e0 dedicada a\u00a0 l&#039;Especial Beques i Premis\u00a0que atorga el COFB.\" \/>\n<meta name=\"robots\" content=\"index, follow, max-snippet:-1, max-image-preview:large, max-video-preview:-1\" \/>\n<link rel=\"canonical\" href=\"https:\/\/novaorg.cofb.net\/2022\/02\/17\/circular-farmaceutica-ja-disponible-ledicio-especial-de-beques-i-premis-2021\/\" \/>\n<meta property=\"og:locale\" content=\"es_ES\" \/>\n<meta property=\"og:type\" content=\"article\" \/>\n<meta property=\"og:title\" content=\"Circular farmac\u00e8utica: ja disponible l&#039;edici\u00f3 especial de beques i premis 2021 - Col\u00b7legi de Farmac\u00e8utics de Barcelona\" \/>\n<meta property=\"og:description\" content=\"Ja es pot accedir al nou n\u00famero de Circular Farmac\u00e8utica, la publicaci\u00f3 cient\u00edfica que edita el Col\u00b7legi. Aquesta nova edici\u00f3 est\u00e0 dedicada a\u00a0 l&#039;Especial Beques i Premis\u00a0que atorga el COFB.\" \/>\n<meta property=\"og:url\" content=\"https:\/\/novaorg.cofb.net\/2022\/02\/17\/circular-farmaceutica-ja-disponible-ledicio-especial-de-beques-i-premis-2021\/\" \/>\n<meta property=\"og:site_name\" content=\"Col\u00b7legi de Farmac\u00e8utics de Barcelona\" \/>\n<meta property=\"article:publisher\" content=\"https:\/\/www.facebook.com\/farmaceuticsbcn\/\" \/>\n<meta property=\"article:published_time\" content=\"2022-02-17T12:12:56+00:00\" \/>\n<meta property=\"article:modified_time\" content=\"2023-09-21T09:42:50+00:00\" \/>\n<meta property=\"og:image\" content=\"https:\/\/novaorg.cofb.net\/wp-content\/uploads\/2023\/07\/Circular-725x1024-1.jpg\" \/>\n\t<meta property=\"og:image:width\" content=\"725\" \/>\n\t<meta property=\"og:image:height\" content=\"1024\" \/>\n\t<meta property=\"og:image:type\" content=\"image\/jpeg\" \/>\n<meta name=\"author\" content=\"wpAdminCofbOrg\" \/>\n<meta name=\"twitter:card\" content=\"summary_large_image\" \/>\n<meta name=\"twitter:creator\" content=\"@farmaceuticsbcn\" \/>\n<meta name=\"twitter:site\" content=\"@farmaceuticsbcn\" \/>\n<meta name=\"twitter:label1\" content=\"Escrito por\" \/>\n\t<meta name=\"twitter:data1\" content=\"wpAdminCofbOrg\" \/>\n\t<meta name=\"twitter:label2\" content=\"Tiempo de lectura\" \/>\n\t<meta name=\"twitter:data2\" content=\"2 minutos\" \/>\n<script type=\"application\/ld+json\" class=\"yoast-schema-graph\">{\"@context\":\"https:\/\/schema.org\",\"@graph\":[{\"@type\":\"Article\",\"@id\":\"https:\/\/novaorg.cofb.net\/2022\/02\/17\/circular-farmaceutica-ja-disponible-ledicio-especial-de-beques-i-premis-2021\/#article\",\"isPartOf\":{\"@id\":\"https:\/\/novaorg.cofb.net\/2022\/02\/17\/circular-farmaceutica-ja-disponible-ledicio-especial-de-beques-i-premis-2021\/\"},\"author\":{\"name\":\"wpAdminCofbOrg\",\"@id\":\"https:\/\/www.cofb.org\/#\/schema\/person\/22ed7eea88da74b0fa4d3154ad87ffcb\"},\"headline\":\"Circular farmac\u00e8utica: ja disponible l&#8217;edici\u00f3 especial de beques i premis 2021\",\"datePublished\":\"2022-02-17T12:12:56+00:00\",\"dateModified\":\"2023-09-21T09:42:50+00:00\",\"mainEntityOfPage\":{\"@id\":\"https:\/\/novaorg.cofb.net\/2022\/02\/17\/circular-farmaceutica-ja-disponible-ledicio-especial-de-beques-i-premis-2021\/\"},\"wordCount\":208,\"commentCount\":0,\"publisher\":{\"@id\":\"https:\/\/www.cofb.org\/#organization\"},\"image\":{\"@id\":\"https:\/\/novaorg.cofb.net\/2022\/02\/17\/circular-farmaceutica-ja-disponible-ledicio-especial-de-beques-i-premis-2021\/#primaryimage\"},\"thumbnailUrl\":\"https:\/\/www.cofb.org\/wp-content\/uploads\/2023\/07\/Circular-725x1024-1.jpg\",\"keywords\":[\"alzheimer\",\"Atenci\u00f3 farmac\u00e8utica\",\"beques\",\"Beques col\u00b7legials\",\"beques i premis\",\"COFB\",\"COVID-19\",\"diagn\u00f2stic\",\"farmac\u00e8utics\",\"Farm\u00e0cia\",\"fibromi\u00e0lgia\",\"immunoter\u00e0pia\",\"infeccions\",\"melanoma\",\"PCR\",\"Premis\"],\"articleSection\":[\"Destacats\",\"M\u00f3n col\u00b7legial\"],\"inLanguage\":\"es\",\"potentialAction\":[{\"@type\":\"CommentAction\",\"name\":\"Comment\",\"target\":[\"https:\/\/novaorg.cofb.net\/2022\/02\/17\/circular-farmaceutica-ja-disponible-ledicio-especial-de-beques-i-premis-2021\/#respond\"]}]},{\"@type\":\"WebPage\",\"@id\":\"https:\/\/novaorg.cofb.net\/2022\/02\/17\/circular-farmaceutica-ja-disponible-ledicio-especial-de-beques-i-premis-2021\/\",\"url\":\"https:\/\/novaorg.cofb.net\/2022\/02\/17\/circular-farmaceutica-ja-disponible-ledicio-especial-de-beques-i-premis-2021\/\",\"name\":\"Circular farmac\u00e8utica: ja disponible l'edici\u00f3 especial de beques i premis 2021 - Col\u00b7legi de Farmac\u00e8utics de Barcelona\",\"isPartOf\":{\"@id\":\"https:\/\/www.cofb.org\/#website\"},\"primaryImageOfPage\":{\"@id\":\"https:\/\/novaorg.cofb.net\/2022\/02\/17\/circular-farmaceutica-ja-disponible-ledicio-especial-de-beques-i-premis-2021\/#primaryimage\"},\"image\":{\"@id\":\"https:\/\/novaorg.cofb.net\/2022\/02\/17\/circular-farmaceutica-ja-disponible-ledicio-especial-de-beques-i-premis-2021\/#primaryimage\"},\"thumbnailUrl\":\"https:\/\/www.cofb.org\/wp-content\/uploads\/2023\/07\/Circular-725x1024-1.jpg\",\"datePublished\":\"2022-02-17T12:12:56+00:00\",\"dateModified\":\"2023-09-21T09:42:50+00:00\",\"description\":\"Ja es pot accedir al nou n\u00famero de Circular Farmac\u00e8utica, la publicaci\u00f3 cient\u00edfica que edita el Col\u00b7legi. Aquesta nova edici\u00f3 est\u00e0 dedicada a\u00a0 l'Especial Beques i Premis\u00a0que atorga el COFB.\",\"breadcrumb\":{\"@id\":\"https:\/\/novaorg.cofb.net\/2022\/02\/17\/circular-farmaceutica-ja-disponible-ledicio-especial-de-beques-i-premis-2021\/#breadcrumb\"},\"inLanguage\":\"es\",\"potentialAction\":[{\"@type\":\"ReadAction\",\"target\":[\"https:\/\/novaorg.cofb.net\/2022\/02\/17\/circular-farmaceutica-ja-disponible-ledicio-especial-de-beques-i-premis-2021\/\"]}]},{\"@type\":\"ImageObject\",\"inLanguage\":\"es\",\"@id\":\"https:\/\/novaorg.cofb.net\/2022\/02\/17\/circular-farmaceutica-ja-disponible-ledicio-especial-de-beques-i-premis-2021\/#primaryimage\",\"url\":\"https:\/\/www.cofb.org\/wp-content\/uploads\/2023\/07\/Circular-725x1024-1.jpg\",\"contentUrl\":\"https:\/\/www.cofb.org\/wp-content\/uploads\/2023\/07\/Circular-725x1024-1.jpg\",\"width\":725,\"height\":1024},{\"@type\":\"BreadcrumbList\",\"@id\":\"https:\/\/novaorg.cofb.net\/2022\/02\/17\/circular-farmaceutica-ja-disponible-ledicio-especial-de-beques-i-premis-2021\/#breadcrumb\",\"itemListElement\":[{\"@type\":\"ListItem\",\"position\":1,\"name\":\"Inici\",\"item\":\"https:\/\/novaorg.cofb.net\/\"},{\"@type\":\"ListItem\",\"position\":2,\"name\":\"Circular farmac\u00e8utica: ja disponible l&#8217;edici\u00f3 especial de beques i premis 2021\"}]},{\"@type\":\"WebSite\",\"@id\":\"https:\/\/www.cofb.org\/#website\",\"url\":\"https:\/\/www.cofb.org\/\",\"name\":\"Col\u00b7legi de Farmac\u00e8utics de Barcelona\",\"description\":\"\",\"publisher\":{\"@id\":\"https:\/\/www.cofb.org\/#organization\"},\"potentialAction\":[{\"@type\":\"SearchAction\",\"target\":{\"@type\":\"EntryPoint\",\"urlTemplate\":\"https:\/\/www.cofb.org\/?s={search_term_string}\"},\"query-input\":\"required name=search_term_string\"}],\"inLanguage\":\"es\"},{\"@type\":\"Organization\",\"@id\":\"https:\/\/www.cofb.org\/#organization\",\"name\":\"Col\u00b7legi de Farmac\u00e8utics de Barcelona\",\"url\":\"https:\/\/www.cofb.org\/\",\"logo\":{\"@type\":\"ImageObject\",\"inLanguage\":\"es\",\"@id\":\"https:\/\/www.cofb.org\/#\/schema\/logo\/image\/\",\"url\":\"https:\/\/www.cofb.org\/wp-content\/uploads\/2023\/11\/cropped-Logotip-COFB.png\",\"contentUrl\":\"https:\/\/www.cofb.org\/wp-content\/uploads\/2023\/11\/cropped-Logotip-COFB.png\",\"width\":500,\"height\":105,\"caption\":\"Col\u00b7legi de Farmac\u00e8utics de Barcelona\"},\"image\":{\"@id\":\"https:\/\/www.cofb.org\/#\/schema\/logo\/image\/\"},\"sameAs\":[\"https:\/\/www.facebook.com\/farmaceuticsbcn\/\",\"https:\/\/twitter.com\/farmaceuticsbcn\",\"https:\/\/www.instagram.com\/farmaceuticsbcn\/\",\"https:\/\/www.linkedin.com\/company\/farmaceuticsbcn\/\"]},{\"@type\":\"Person\",\"@id\":\"https:\/\/www.cofb.org\/#\/schema\/person\/22ed7eea88da74b0fa4d3154ad87ffcb\",\"name\":\"wpAdminCofbOrg\",\"image\":{\"@type\":\"ImageObject\",\"inLanguage\":\"es\",\"@id\":\"https:\/\/www.cofb.org\/#\/schema\/person\/image\/\",\"url\":\"https:\/\/secure.gravatar.com\/avatar\/1721b20b3b8ca882c3b56ec6c978c594fff670e40c0718e9190eaeeb76aae7d8?s=96&d=mm&r=g\",\"contentUrl\":\"https:\/\/secure.gravatar.com\/avatar\/1721b20b3b8ca882c3b56ec6c978c594fff670e40c0718e9190eaeeb76aae7d8?s=96&d=mm&r=g\",\"caption\":\"wpAdminCofbOrg\"},\"sameAs\":[\"http:\/\/192.168.64.122\/wordpress\"],\"url\":\"https:\/\/www.cofb.org\/es\/author\/wpadmincofborg\/\"}]}<\/script>\n<!-- \/ Yoast SEO plugin. -->","yoast_head_json":{"title":"Circular farmac\u00e8utica: ja disponible l'edici\u00f3 especial de beques i premis 2021 - Col\u00b7legi de Farmac\u00e8utics de Barcelona","description":"Ja es pot accedir al nou n\u00famero de Circular Farmac\u00e8utica, la publicaci\u00f3 cient\u00edfica que edita el Col\u00b7legi. Aquesta nova edici\u00f3 est\u00e0 dedicada a\u00a0 l'Especial Beques i Premis\u00a0que atorga el COFB.","robots":{"index":"index","follow":"follow","max-snippet":"max-snippet:-1","max-image-preview":"max-image-preview:large","max-video-preview":"max-video-preview:-1"},"canonical":"https:\/\/novaorg.cofb.net\/2022\/02\/17\/circular-farmaceutica-ja-disponible-ledicio-especial-de-beques-i-premis-2021\/","og_locale":"es_ES","og_type":"article","og_title":"Circular farmac\u00e8utica: ja disponible l'edici\u00f3 especial de beques i premis 2021 - Col\u00b7legi de Farmac\u00e8utics de Barcelona","og_description":"Ja es pot accedir al nou n\u00famero de Circular Farmac\u00e8utica, la publicaci\u00f3 cient\u00edfica que edita el Col\u00b7legi. Aquesta nova edici\u00f3 est\u00e0 dedicada a\u00a0 l'Especial Beques i Premis\u00a0que atorga el COFB.","og_url":"https:\/\/novaorg.cofb.net\/2022\/02\/17\/circular-farmaceutica-ja-disponible-ledicio-especial-de-beques-i-premis-2021\/","og_site_name":"Col\u00b7legi de Farmac\u00e8utics de Barcelona","article_publisher":"https:\/\/www.facebook.com\/farmaceuticsbcn\/","article_published_time":"2022-02-17T12:12:56+00:00","article_modified_time":"2023-09-21T09:42:50+00:00","og_image":[{"width":725,"height":1024,"url":"https:\/\/novaorg.cofb.net\/wp-content\/uploads\/2023\/07\/Circular-725x1024-1.jpg","type":"image\/jpeg"}],"author":"wpAdminCofbOrg","twitter_card":"summary_large_image","twitter_creator":"@farmaceuticsbcn","twitter_site":"@farmaceuticsbcn","twitter_misc":{"Escrito por":"wpAdminCofbOrg","Tiempo de lectura":"2 minutos"},"schema":{"@context":"https:\/\/schema.org","@graph":[{"@type":"Article","@id":"https:\/\/novaorg.cofb.net\/2022\/02\/17\/circular-farmaceutica-ja-disponible-ledicio-especial-de-beques-i-premis-2021\/#article","isPartOf":{"@id":"https:\/\/novaorg.cofb.net\/2022\/02\/17\/circular-farmaceutica-ja-disponible-ledicio-especial-de-beques-i-premis-2021\/"},"author":{"name":"wpAdminCofbOrg","@id":"https:\/\/www.cofb.org\/#\/schema\/person\/22ed7eea88da74b0fa4d3154ad87ffcb"},"headline":"Circular farmac\u00e8utica: ja disponible l&#8217;edici\u00f3 especial de beques i premis 2021","datePublished":"2022-02-17T12:12:56+00:00","dateModified":"2023-09-21T09:42:50+00:00","mainEntityOfPage":{"@id":"https:\/\/novaorg.cofb.net\/2022\/02\/17\/circular-farmaceutica-ja-disponible-ledicio-especial-de-beques-i-premis-2021\/"},"wordCount":208,"commentCount":0,"publisher":{"@id":"https:\/\/www.cofb.org\/#organization"},"image":{"@id":"https:\/\/novaorg.cofb.net\/2022\/02\/17\/circular-farmaceutica-ja-disponible-ledicio-especial-de-beques-i-premis-2021\/#primaryimage"},"thumbnailUrl":"https:\/\/www.cofb.org\/wp-content\/uploads\/2023\/07\/Circular-725x1024-1.jpg","keywords":["alzheimer","Atenci\u00f3 farmac\u00e8utica","beques","Beques col\u00b7legials","beques i premis","COFB","COVID-19","diagn\u00f2stic","farmac\u00e8utics","Farm\u00e0cia","fibromi\u00e0lgia","immunoter\u00e0pia","infeccions","melanoma","PCR","Premis"],"articleSection":["Destacats","M\u00f3n col\u00b7legial"],"inLanguage":"es","potentialAction":[{"@type":"CommentAction","name":"Comment","target":["https:\/\/novaorg.cofb.net\/2022\/02\/17\/circular-farmaceutica-ja-disponible-ledicio-especial-de-beques-i-premis-2021\/#respond"]}]},{"@type":"WebPage","@id":"https:\/\/novaorg.cofb.net\/2022\/02\/17\/circular-farmaceutica-ja-disponible-ledicio-especial-de-beques-i-premis-2021\/","url":"https:\/\/novaorg.cofb.net\/2022\/02\/17\/circular-farmaceutica-ja-disponible-ledicio-especial-de-beques-i-premis-2021\/","name":"Circular farmac\u00e8utica: ja disponible l'edici\u00f3 especial de beques i premis 2021 - Col\u00b7legi de Farmac\u00e8utics de Barcelona","isPartOf":{"@id":"https:\/\/www.cofb.org\/#website"},"primaryImageOfPage":{"@id":"https:\/\/novaorg.cofb.net\/2022\/02\/17\/circular-farmaceutica-ja-disponible-ledicio-especial-de-beques-i-premis-2021\/#primaryimage"},"image":{"@id":"https:\/\/novaorg.cofb.net\/2022\/02\/17\/circular-farmaceutica-ja-disponible-ledicio-especial-de-beques-i-premis-2021\/#primaryimage"},"thumbnailUrl":"https:\/\/www.cofb.org\/wp-content\/uploads\/2023\/07\/Circular-725x1024-1.jpg","datePublished":"2022-02-17T12:12:56+00:00","dateModified":"2023-09-21T09:42:50+00:00","description":"Ja es pot accedir al nou n\u00famero de Circular Farmac\u00e8utica, la publicaci\u00f3 cient\u00edfica que edita el Col\u00b7legi. Aquesta nova edici\u00f3 est\u00e0 dedicada a\u00a0 l'Especial Beques i Premis\u00a0que atorga el COFB.","breadcrumb":{"@id":"https:\/\/novaorg.cofb.net\/2022\/02\/17\/circular-farmaceutica-ja-disponible-ledicio-especial-de-beques-i-premis-2021\/#breadcrumb"},"inLanguage":"es","potentialAction":[{"@type":"ReadAction","target":["https:\/\/novaorg.cofb.net\/2022\/02\/17\/circular-farmaceutica-ja-disponible-ledicio-especial-de-beques-i-premis-2021\/"]}]},{"@type":"ImageObject","inLanguage":"es","@id":"https:\/\/novaorg.cofb.net\/2022\/02\/17\/circular-farmaceutica-ja-disponible-ledicio-especial-de-beques-i-premis-2021\/#primaryimage","url":"https:\/\/www.cofb.org\/wp-content\/uploads\/2023\/07\/Circular-725x1024-1.jpg","contentUrl":"https:\/\/www.cofb.org\/wp-content\/uploads\/2023\/07\/Circular-725x1024-1.jpg","width":725,"height":1024},{"@type":"BreadcrumbList","@id":"https:\/\/novaorg.cofb.net\/2022\/02\/17\/circular-farmaceutica-ja-disponible-ledicio-especial-de-beques-i-premis-2021\/#breadcrumb","itemListElement":[{"@type":"ListItem","position":1,"name":"Inici","item":"https:\/\/novaorg.cofb.net\/"},{"@type":"ListItem","position":2,"name":"Circular farmac\u00e8utica: ja disponible l&#8217;edici\u00f3 especial de beques i premis 2021"}]},{"@type":"WebSite","@id":"https:\/\/www.cofb.org\/#website","url":"https:\/\/www.cofb.org\/","name":"Col\u00b7legi de Farmac\u00e8utics de Barcelona","description":"","publisher":{"@id":"https:\/\/www.cofb.org\/#organization"},"potentialAction":[{"@type":"SearchAction","target":{"@type":"EntryPoint","urlTemplate":"https:\/\/www.cofb.org\/?s={search_term_string}"},"query-input":"required name=search_term_string"}],"inLanguage":"es"},{"@type":"Organization","@id":"https:\/\/www.cofb.org\/#organization","name":"Col\u00b7legi de Farmac\u00e8utics de Barcelona","url":"https:\/\/www.cofb.org\/","logo":{"@type":"ImageObject","inLanguage":"es","@id":"https:\/\/www.cofb.org\/#\/schema\/logo\/image\/","url":"https:\/\/www.cofb.org\/wp-content\/uploads\/2023\/11\/cropped-Logotip-COFB.png","contentUrl":"https:\/\/www.cofb.org\/wp-content\/uploads\/2023\/11\/cropped-Logotip-COFB.png","width":500,"height":105,"caption":"Col\u00b7legi de Farmac\u00e8utics de Barcelona"},"image":{"@id":"https:\/\/www.cofb.org\/#\/schema\/logo\/image\/"},"sameAs":["https:\/\/www.facebook.com\/farmaceuticsbcn\/","https:\/\/twitter.com\/farmaceuticsbcn","https:\/\/www.instagram.com\/farmaceuticsbcn\/","https:\/\/www.linkedin.com\/company\/farmaceuticsbcn\/"]},{"@type":"Person","@id":"https:\/\/www.cofb.org\/#\/schema\/person\/22ed7eea88da74b0fa4d3154ad87ffcb","name":"wpAdminCofbOrg","image":{"@type":"ImageObject","inLanguage":"es","@id":"https:\/\/www.cofb.org\/#\/schema\/person\/image\/","url":"https:\/\/secure.gravatar.com\/avatar\/1721b20b3b8ca882c3b56ec6c978c594fff670e40c0718e9190eaeeb76aae7d8?s=96&d=mm&r=g","contentUrl":"https:\/\/secure.gravatar.com\/avatar\/1721b20b3b8ca882c3b56ec6c978c594fff670e40c0718e9190eaeeb76aae7d8?s=96&d=mm&r=g","caption":"wpAdminCofbOrg"},"sameAs":["http:\/\/192.168.64.122\/wordpress"],"url":"https:\/\/www.cofb.org\/es\/author\/wpadmincofborg\/"}]}},"uagb_featured_image_src":{"full":["https:\/\/www.cofb.org\/wp-content\/uploads\/2023\/07\/Circular-725x1024-1.jpg",725,1024,false],"thumbnail":["https:\/\/www.cofb.org\/wp-content\/uploads\/2023\/07\/Circular-725x1024-1-150x150.jpg",150,150,true],"medium":["https:\/\/www.cofb.org\/wp-content\/uploads\/2023\/07\/Circular-725x1024-1-212x300.jpg",212,300,true],"medium_large":["https:\/\/www.cofb.org\/wp-content\/uploads\/2023\/07\/Circular-725x1024-1.jpg",725,1024,false],"large":["https:\/\/www.cofb.org\/wp-content\/uploads\/2023\/07\/Circular-725x1024-1.jpg",725,1024,false],"1536x1536":["https:\/\/www.cofb.org\/wp-content\/uploads\/2023\/07\/Circular-725x1024-1.jpg",725,1024,false],"2048x2048":["https:\/\/www.cofb.org\/wp-content\/uploads\/2023\/07\/Circular-725x1024-1.jpg",725,1024,false],"trp-custom-language-flag":["https:\/\/www.cofb.org\/wp-content\/uploads\/2023\/07\/Circular-725x1024-1.jpg",8,12,false]},"uagb_author_info":{"display_name":"wpAdminCofbOrg","author_link":"https:\/\/www.cofb.org\/es\/author\/wpadmincofborg\/"},"uagb_comment_info":0,"uagb_excerpt":"Ja es pot accedir al nou n\u00famero de Circular Farmac\u00e8utica, la publicaci\u00f3 cient\u00edfica que edita el Col\u00b7legi. Aquesta nova edici\u00f3 est\u00e0 dedicada a&nbsp; l&#8217;Especial Beques i Premis&nbsp;que atorga el COFB. Aquest \u00e9s el contingut del Vol. 80. N\u00famero especial 2022 de beques i premis: Editorial: M. Rosa Ballester Beca col\u00b7legial [&hellip;]","_links":{"self":[{"href":"https:\/\/www.cofb.org\/es\/wp-json\/wp\/v2\/posts\/60535","targetHints":{"allow":["GET"]}}],"collection":[{"href":"https:\/\/www.cofb.org\/es\/wp-json\/wp\/v2\/posts"}],"about":[{"href":"https:\/\/www.cofb.org\/es\/wp-json\/wp\/v2\/types\/post"}],"author":[{"embeddable":true,"href":"https:\/\/www.cofb.org\/es\/wp-json\/wp\/v2\/users\/1"}],"replies":[{"embeddable":true,"href":"https:\/\/www.cofb.org\/es\/wp-json\/wp\/v2\/comments?post=60535"}],"version-history":[{"count":3,"href":"https:\/\/www.cofb.org\/es\/wp-json\/wp\/v2\/posts\/60535\/revisions"}],"predecessor-version":[{"id":68756,"href":"https:\/\/www.cofb.org\/es\/wp-json\/wp\/v2\/posts\/60535\/revisions\/68756"}],"wp:featuredmedia":[{"embeddable":true,"href":"https:\/\/www.cofb.org\/es\/wp-json\/wp\/v2\/media\/67972"}],"wp:attachment":[{"href":"https:\/\/www.cofb.org\/es\/wp-json\/wp\/v2\/media?parent=60535"}],"wp:term":[{"taxonomy":"category","embeddable":true,"href":"https:\/\/www.cofb.org\/es\/wp-json\/wp\/v2\/categories?post=60535"},{"taxonomy":"post_tag","embeddable":true,"href":"https:\/\/www.cofb.org\/es\/wp-json\/wp\/v2\/tags?post=60535"}],"curies":[{"name":"wp","href":"https:\/\/api.w.org\/{rel}","templated":true}]}}