{"id":60478,"date":"2022-02-11T13:51:39","date_gmt":"2022-02-11T11:51:39","guid":{"rendered":"https:\/\/blog.cofb.cat\/?p=60478"},"modified":"2023-09-21T09:44:04","modified_gmt":"2023-09-21T09:44:04","slug":"la-farmacia-a-primera-linia-lema-dinfarma-madrid-2022-que-se-celebrara-entre-els-dies-22-i-24-de-marc","status":"publish","type":"post","link":"https:\/\/www.cofb.org\/es\/2022\/02\/11\/la-farmacia-a-primera-linia-lema-dinfarma-madrid-2022-que-se-celebrara-entre-els-dies-22-i-24-de-marc\/","title":{"rendered":"&quot;La farmacia, en primera l\u00ednea&quot;, lema de Infarma Madrid 2022, que se celebrar\u00e1 entre los d\u00edas 22 y 24 de marzo"},"content":{"rendered":"<p>Organizado por los Colegios Oficiales de Farmac\u00e9uticos de Madrid y Barcelona, \u200b\u200ben colaboraci\u00f3n con Interalia, Infarma Madrid 2022 reivindicar\u00e1 el<strong>actuaci\u00f3n sanitaria<\/strong> y el <strong>compromiso personal <\/strong>asumido por los farmac\u00e9uticos espa\u00f1oles durante el<strong>emergencia sanitaria actual<\/strong>.<\/p>\n\n\n\n<figure class=\"wp-block-image size-full\"><img decoding=\"async\" src=\"https:\/\/blog.cofb.cat\/wp-content\/uploads\/2022\/02\/Infarma-2022_Twitter_1024x512.jpg\" alt=\"\" class=\"wp-image-60517\"\/><\/figure>\n\n\n\n<p>El <strong>lema<\/strong> escogido en la edici\u00f3n de este a\u00f1o, que se celebrar\u00e1 del <strong>22 al 24 de marzo<\/strong> en el recinto ferial de Ifema, en Madrid, est\u00e1 <strong>&quot;La farmacia, en primera l\u00ednea&quot;<\/strong>. \u201cM\u00e1s all\u00e1 de la pandemia, el lema de Infarma define tambi\u00e9n una actitud del propio colectivo farmac\u00e9utico de querer ser protagonistas en el futuro a trav\u00e9s del <strong>desarrollo profesional<\/strong> continuado, la <strong>prestaci\u00f3n de nuevos servicios<\/strong> como el<strong>asesoramiento nutricional<\/strong>, la <strong>indicaci\u00f3n farmac\u00e9utica<\/strong>, el <strong>seguimiento farmacoterap\u00e9utico<\/strong> o el<strong>atenci\u00f3n de los colectivos m\u00e1s vulnerables<\/strong>, aspectos de la profesi\u00f3n que tambi\u00e9n tendr\u00e1n cabida en el Congreso\u201d, explica <strong>Luis Gonz\u00e1lez<\/strong>.<\/p>\n\n\n\n<h2 class=\"wp-block-heading\"><strong>Dos a\u00f1os de pandemia que han abierto un camino de desarrollo profesional<\/strong><\/h2>\n\n\n\n<p>Y es que, en los dos \u00faltimos a\u00f1os, no s\u00f3lo han marcado la <strong>trayectoria de los farmac\u00e9uticos en Espa\u00f1a<\/strong>, tambi\u00e9n han abierto un <strong>camino de desarrollo profesional<\/strong> que el Congreso de Infarma se propone analizar. \u201cLos farmac\u00e9uticos hemos marcado metas importantes en la <strong>vacunaci\u00f3n<\/strong>, en la <strong>detecci\u00f3n de contagios<\/strong> o en el<strong>atenci\u00f3n de colectivos vulnerables<\/strong>, por mencionar algunas de las <strong>actuaciones m\u00e1s destacadas<\/strong> en esta crisis, que deben tener continuidad en el futuro. Son contenidos que hemos incorporado al <strong><a href=\"https:\/\/www.infarma.es\/infarma2022\/es\/custom\/programa\" target=\"_blank\" rel=\"noreferrer noopener\">programa cient\u00edfico<\/a><\/strong> de Infarma, porque la red de oficinas de farmacia representa una gran oportunidad para la sociedad y el Sistema Nacional de Salud a la hora de afrontar retos tan urgentes como el envejecimiento, la despoblaci\u00f3n o la prevenci\u00f3n\u201d, se\u00f1ala <strong>Luis Panadero Carlavilla<\/strong>, coordinador del programa cient\u00edfico de Infarma Madrid 2022.<\/p>\n\n\n<div class=\"destacat-blog\">\n\n\n<h2 class=\"wp-block-heading\"><strong>Conferencia inaugural<\/strong><\/h2>\n\n\n\n<p>El doctor <strong>V\u00edctor Vidal Lacosta<\/strong>, m\u00e9dico de Trabajo e inspector de la Seguridad Social, impartir\u00e1, el pr\u00f3ximo <strong>22 de marzo<\/strong>, la conferencia inaugural de Infarma Madrid 2022. <\/p>\n\n\n\n<p>El dr. Vidal abordar\u00e1 la <strong>prevenci\u00f3n<\/strong> del estr\u00e9s del farmac\u00e9utico en el<strong>oficina de farmacia<\/strong> e incidir\u00e1 en la importancia de <strong>reforzar el sistema autoinmune<\/strong> para poder luchar contra una de las <strong>peores consecuencias<\/strong> de la pandemia. Este especialista ofrecer\u00e1 claves para gestionar el impacto de la fatiga pand\u00e9mica y las repercusiones sobre la salud f\u00edsica, as\u00ed como las medidas necesarias para reducir o prevenir la aparici\u00f3n del temido estr\u00e9s cr\u00f3nico, una reacci\u00f3n fisiol\u00f3gica del cuerpo que al prolongarse durante un tiempo debilita el sistema autoinmune y es el origen de m\u00faltiples patolog\u00edas.<\/p> <\/div>\n\n\n\n<p>El programa cient\u00edfico examinar\u00e1, pues, el<strong>experiencia profesional <\/strong>acumulada durante la pandemia y dedicar\u00e1 un espacio en exclusiva a conocer las novedades relacionadas con las nuevas vacunas, los tratamientos antivirales o la evoluci\u00f3n de la variante \u00d2micron. Asimismo, se ofrecer\u00e1n resultados auton\u00f3micos e internacionales de las <strong>pruebas diagn\u00f3sticas<\/strong> realizadas por los farmac\u00e9uticos de oficina de farmacia.<\/p>\n\n\n<div class=\"destacat-blog\">\n\n\n<h2 class=\"wp-block-heading\"><strong>M\u00e1s de 400 laboratorios y empresas estar\u00e1n presentes en &#039;Infarma Madrid 2022&#039;<\/strong><\/h2>\n\n\n\n<p>El Congreso y Sal\u00f3n de la farmacia ultima una edici\u00f3n que recupera los niveles de convocatoria y participaci\u00f3n anteriores a la pandemia. As\u00ed pues, tres pabellones de Ifema acoger\u00e1n la <strong>zona comercial<\/strong> y<strong> congresual<\/strong> de un evento convertido en el <strong>gran escaparate<\/strong> del sector de oficina de farmacia en Espa\u00f1a. <\/p>\n\n\n\n<figure class=\"wp-block-image size-full\"><img decoding=\"async\" src=\"https:\/\/blog.cofb.cat\/wp-content\/uploads\/2022\/02\/Infarma-Salo.jpg\" alt=\"\" class=\"wp-image-60508\"\/><\/figure>\n\n\n\n<p>A pocas semanas de que Infarma Madrid 2022 abra sus puertas el pr\u00f3ximo 22 de marzo, los organizadores est\u00e1n muy satisfechos del nivel de respuesta obtenido del sector. Y es que alrededor de <strong>420 laboratorios y empresas vinculadas a la farmacia<\/strong> y <strong>m\u00e1s de un millar de marcas comerciales<\/strong> estar\u00e1n representadas en una feria consolidada como la cita empresarial de referencia del sector en Espa\u00f1a.<\/p>\n\n\n\n<p>De hecho, la <strong>superficie limpia<\/strong> contratada de stands directos en Infarma supera, por primera vez, a los <strong>10.000 metros cuadrados<\/strong>, que se corresponden a 265 stands expositores directos abiertos en el Sal\u00f3n. Los segmentos de <strong>dermofarmacia<\/strong>, <strong>complementos alimenticios<\/strong> y<strong> nutrici\u00f3n<\/strong>, <strong>comercializaci\u00f3n<\/strong> y <strong>distribuci\u00f3n<\/strong> o <strong>parafarmacia <\/strong>ser\u00e1n los m\u00e1s representados en la feria comercial.<\/p> <\/div>","protected":false},"excerpt":{"rendered":"<p>Organizado por los Colegios Oficiales de Farmac\u00e9uticos de Madrid y Barcelona, \u200b\u200ben colaboraci\u00f3n con Interalia, Infarma Madrid 2022 reivindicar\u00e1 la actuaci\u00f3n sanitaria y el compromiso personal asumido por los farmac\u00e9uticos espa\u00f1oles durante la emergencia sanitaria actual. El lema escogido en la edici\u00f3n de este a\u00f1o, que se celebrar\u00e1 del 22 al 24 de marzo en el recinto ferial de Ifema, en Madrid, [\u2026]<\/p>","protected":false},"author":1,"featured_media":67975,"comment_status":"open","ping_status":"open","sticky":false,"template":"","format":"standard","meta":{"_uag_custom_page_level_css":"","site-sidebar-layout":"default","site-content-layout":"","ast-site-content-layout":"default","site-content-style":"default","site-sidebar-style":"default","ast-global-header-display":"","ast-banner-title-visibility":"","ast-main-header-display":"","ast-hfb-above-header-display":"","ast-hfb-below-header-display":"","ast-hfb-mobile-header-display":"","site-post-title":"","ast-breadcrumbs-content":"","ast-featured-img":"disabled","footer-sml-layout":"","theme-transparent-header-meta":"","adv-header-id-meta":"","stick-header-meta":"","header-above-stick-meta":"","header-main-stick-meta":"","header-below-stick-meta":"","astra-migrate-meta-layouts":"default","ast-page-background-enabled":"default","ast-page-background-meta":{"desktop":{"background-color":"var(--ast-global-color-4)","background-image":"","background-repeat":"repeat","background-position":"center center","background-size":"auto","background-attachment":"scroll","background-type":"","background-media":"","overlay-type":"","overlay-color":"","overlay-opacity":"","overlay-gradient":""},"tablet":{"background-color":"","background-image":"","background-repeat":"repeat","background-position":"center center","background-size":"auto","background-attachment":"scroll","background-type":"","background-media":"","overlay-type":"","overlay-color":"","overlay-opacity":"","overlay-gradient":""},"mobile":{"background-color":"","background-image":"","background-repeat":"repeat","background-position":"center center","background-size":"auto","background-attachment":"scroll","background-type":"","background-media":"","overlay-type":"","overlay-color":"","overlay-opacity":"","overlay-gradient":""}},"ast-content-background-meta":{"desktop":{"background-color":"var(--ast-global-color-5)","background-image":"","background-repeat":"repeat","background-position":"center center","background-size":"auto","background-attachment":"scroll","background-type":"","background-media":"","overlay-type":"","overlay-color":"","overlay-opacity":"","overlay-gradient":""},"tablet":{"background-color":"var(--ast-global-color-5)","background-image":"","background-repeat":"repeat","background-position":"center center","background-size":"auto","background-attachment":"scroll","background-type":"","background-media":"","overlay-type":"","overlay-color":"","overlay-opacity":"","overlay-gradient":""},"mobile":{"background-color":"var(--ast-global-color-5)","background-image":"","background-repeat":"repeat","background-position":"center center","background-size":"auto","background-attachment":"scroll","background-type":"","background-media":"","overlay-type":"","overlay-color":"","overlay-opacity":"","overlay-gradient":""}},"footnotes":""},"categories":[23,114],"tags":[18,110,19,183,502,503,504,187,90,505,506,68,69,70,507,28,508,115,45,76,471,316,318,509,510,511],"class_list":["post-60478","post","type-post","status-publish","format-standard","has-post-thumbnail","hentry","category-destacats","category-infarma-n","tag-cofb","tag-cofm","tag-collegi-de-farmaceutics-de-barcelona","tag-colegio-de-farmaceuticos-de-madrid","tag-coneixements","tag-coneixements-cientifics","tag-congres-2","tag-congres-i-salo","tag-covid-19","tag-crisi-sanitaria","tag-desenvolupament-professional","tag-farmacia","tag-farmacia-comunitaria","tag-formacio","tag-ifema","tag-infarma","tag-infarma-madrid","tag-interalia","tag-medicaments","tag-oficina-de-farmacia","tag-pandemia","tag-prevencio-de-la-malaltia","tag-promocio-de-la-salut","tag-salo","tag-sanitat","tag-saturacio"],"yoast_head":"<!-- This site is optimized with the Yoast SEO plugin v22.4 - https:\/\/yoast.com\/wordpress\/plugins\/seo\/ -->\n<title>&quot;La farm\u00e0cia, a primera l\u00ednia&quot;, lema d&#039;Infarma Madrid 2022, que se celebrar\u00e0 entre els dies 22 i 24 de mar\u00e7 - Col\u00b7legi de Farmac\u00e8utics de Barcelona<\/title>\n<meta name=\"description\" content=\"Organitzat pels Col\u00b7legis Oficials de Farmac\u00e8utics de Madrid i Barcelona, \u200b\u200ben col\u00b7laboraci\u00f3 amb\u00a0Interalia,\u00a0Infarma\u00a0Madrid 2022 reivindicar\u00e0 l&#039;actuaci\u00f3 sanit\u00e0ria i el comprom\u00eds personal assumit pels farmac\u00e8utics espanyols durant l&#039;emerg\u00e8ncia sanit\u00e0ria actual.\" \/>\n<meta name=\"robots\" content=\"index, follow, max-snippet:-1, max-image-preview:large, max-video-preview:-1\" \/>\n<link rel=\"canonical\" href=\"https:\/\/www.cofb.org\/es\/2022\/02\/11\/la-farmacia-a-primera-linia-lema-dinfarma-madrid-2022-que-se-celebrara-entre-els-dies-22-i-24-de-marc\/\" \/>\n<meta property=\"og:locale\" content=\"es_ES\" \/>\n<meta property=\"og:type\" content=\"article\" \/>\n<meta property=\"og:title\" content=\"&quot;La farm\u00e0cia, a primera l\u00ednia&quot;, lema d&#039;Infarma Madrid 2022, que se celebrar\u00e0 entre els dies 22 i 24 de mar\u00e7 - Col\u00b7legi de Farmac\u00e8utics de Barcelona\" \/>\n<meta property=\"og:description\" content=\"Organitzat pels Col\u00b7legis Oficials de Farmac\u00e8utics de Madrid i Barcelona, \u200b\u200ben col\u00b7laboraci\u00f3 amb\u00a0Interalia,\u00a0Infarma\u00a0Madrid 2022 reivindicar\u00e0 l&#039;actuaci\u00f3 sanit\u00e0ria i el comprom\u00eds personal assumit pels farmac\u00e8utics espanyols durant l&#039;emerg\u00e8ncia sanit\u00e0ria actual.\" \/>\n<meta property=\"og:url\" content=\"https:\/\/www.cofb.org\/es\/2022\/02\/11\/la-farmacia-a-primera-linia-lema-dinfarma-madrid-2022-que-se-celebrara-entre-els-dies-22-i-24-de-marc\/\" \/>\n<meta property=\"og:site_name\" content=\"Col\u00b7legi de Farmac\u00e8utics de Barcelona\" \/>\n<meta property=\"article:publisher\" content=\"https:\/\/www.facebook.com\/farmaceuticsbcn\/\" \/>\n<meta property=\"article:published_time\" content=\"2022-02-11T11:51:39+00:00\" \/>\n<meta property=\"article:modified_time\" content=\"2023-09-21T09:44:04+00:00\" \/>\n<meta property=\"og:image\" content=\"https:\/\/novaorg.cofb.net\/wp-content\/uploads\/2023\/07\/Infarma-2022_Twitter_1024x512.jpg\" \/>\n\t<meta property=\"og:image:width\" content=\"1024\" \/>\n\t<meta property=\"og:image:height\" content=\"512\" \/>\n\t<meta property=\"og:image:type\" content=\"image\/jpeg\" \/>\n<meta name=\"author\" content=\"wpAdminCofbOrg\" \/>\n<meta name=\"twitter:card\" content=\"summary_large_image\" \/>\n<meta name=\"twitter:creator\" content=\"@farmaceuticsbcn\" \/>\n<meta name=\"twitter:site\" content=\"@farmaceuticsbcn\" \/>\n<meta name=\"twitter:label1\" content=\"Escrito por\" \/>\n\t<meta name=\"twitter:data1\" content=\"wpAdminCofbOrg\" \/>\n\t<meta name=\"twitter:label2\" content=\"Tiempo de lectura\" \/>\n\t<meta name=\"twitter:data2\" content=\"4 minutos\" \/>\n<script type=\"application\/ld+json\" class=\"yoast-schema-graph\">{\"@context\":\"https:\/\/schema.org\",\"@graph\":[{\"@type\":\"Article\",\"@id\":\"https:\/\/www.cofb.org\/2022\/02\/11\/la-farmacia-a-primera-linia-lema-dinfarma-madrid-2022-que-se-celebrara-entre-els-dies-22-i-24-de-marc\/#article\",\"isPartOf\":{\"@id\":\"https:\/\/www.cofb.org\/2022\/02\/11\/la-farmacia-a-primera-linia-lema-dinfarma-madrid-2022-que-se-celebrara-entre-els-dies-22-i-24-de-marc\/\"},\"author\":{\"name\":\"wpAdminCofbOrg\",\"@id\":\"https:\/\/www.cofb.org\/#\/schema\/person\/22ed7eea88da74b0fa4d3154ad87ffcb\"},\"headline\":\"&#8220;La farm\u00e0cia, a primera l\u00ednia&#8221;, lema d&#8217;Infarma Madrid 2022, que se celebrar\u00e0 entre els dies 22 i 24 de mar\u00e7\",\"datePublished\":\"2022-02-11T11:51:39+00:00\",\"dateModified\":\"2023-09-21T09:44:04+00:00\",\"mainEntityOfPage\":{\"@id\":\"https:\/\/www.cofb.org\/2022\/02\/11\/la-farmacia-a-primera-linia-lema-dinfarma-madrid-2022-que-se-celebrara-entre-els-dies-22-i-24-de-marc\/\"},\"wordCount\":716,\"commentCount\":0,\"publisher\":{\"@id\":\"https:\/\/www.cofb.org\/#organization\"},\"image\":{\"@id\":\"https:\/\/www.cofb.org\/2022\/02\/11\/la-farmacia-a-primera-linia-lema-dinfarma-madrid-2022-que-se-celebrara-entre-els-dies-22-i-24-de-marc\/#primaryimage\"},\"thumbnailUrl\":\"https:\/\/www.cofb.org\/wp-content\/uploads\/2023\/07\/Infarma-2022_Twitter_1024x512.jpg\",\"keywords\":[\"COFB\",\"COFM\",\"Col\u00b7legi de Farmac\u00e8utics de Barcelona\",\"Colegio de Farmac\u00e9uticos de Madrid\",\"coneixements\",\"coneixements cient\u00edfics\",\"Congr\u00e9s\",\"Congr\u00e9s i Sal\u00f3\",\"COVID-19\",\"crisi sanit\u00e0ria\",\"desenvolupament professional\",\"Farm\u00e0cia\",\"farm\u00e0cia comunit\u00e0ria\",\"Formaci\u00f3\",\"Ifema\",\"Infarma\",\"Infarma Madrid\",\"Interalia\",\"medicaments\",\"Oficina de farm\u00e0cia\",\"pand\u00e8mia\",\"prevenci\u00f3 de la malaltia\",\"promoci\u00f3 de la salut\",\"Sal\u00f3\",\"sanitat\",\"saturaci\u00f3\"],\"articleSection\":[\"Destacats\",\"Infarma Barcelona\"],\"inLanguage\":\"es\",\"potentialAction\":[{\"@type\":\"CommentAction\",\"name\":\"Comment\",\"target\":[\"https:\/\/www.cofb.org\/2022\/02\/11\/la-farmacia-a-primera-linia-lema-dinfarma-madrid-2022-que-se-celebrara-entre-els-dies-22-i-24-de-marc\/#respond\"]}]},{\"@type\":\"WebPage\",\"@id\":\"https:\/\/www.cofb.org\/2022\/02\/11\/la-farmacia-a-primera-linia-lema-dinfarma-madrid-2022-que-se-celebrara-entre-els-dies-22-i-24-de-marc\/\",\"url\":\"https:\/\/www.cofb.org\/2022\/02\/11\/la-farmacia-a-primera-linia-lema-dinfarma-madrid-2022-que-se-celebrara-entre-els-dies-22-i-24-de-marc\/\",\"name\":\"\\\"La farm\u00e0cia, a primera l\u00ednia\\\", lema d'Infarma Madrid 2022, que se celebrar\u00e0 entre els dies 22 i 24 de mar\u00e7 - Col\u00b7legi de Farmac\u00e8utics de Barcelona\",\"isPartOf\":{\"@id\":\"https:\/\/www.cofb.org\/#website\"},\"primaryImageOfPage\":{\"@id\":\"https:\/\/www.cofb.org\/2022\/02\/11\/la-farmacia-a-primera-linia-lema-dinfarma-madrid-2022-que-se-celebrara-entre-els-dies-22-i-24-de-marc\/#primaryimage\"},\"image\":{\"@id\":\"https:\/\/www.cofb.org\/2022\/02\/11\/la-farmacia-a-primera-linia-lema-dinfarma-madrid-2022-que-se-celebrara-entre-els-dies-22-i-24-de-marc\/#primaryimage\"},\"thumbnailUrl\":\"https:\/\/www.cofb.org\/wp-content\/uploads\/2023\/07\/Infarma-2022_Twitter_1024x512.jpg\",\"datePublished\":\"2022-02-11T11:51:39+00:00\",\"dateModified\":\"2023-09-21T09:44:04+00:00\",\"description\":\"Organitzat pels Col\u00b7legis Oficials de Farmac\u00e8utics de Madrid i Barcelona, \u200b\u200ben col\u00b7laboraci\u00f3 amb\u00a0Interalia,\u00a0Infarma\u00a0Madrid 2022 reivindicar\u00e0 l'actuaci\u00f3 sanit\u00e0ria i el comprom\u00eds personal assumit pels farmac\u00e8utics espanyols durant l'emerg\u00e8ncia sanit\u00e0ria actual.\",\"breadcrumb\":{\"@id\":\"https:\/\/www.cofb.org\/2022\/02\/11\/la-farmacia-a-primera-linia-lema-dinfarma-madrid-2022-que-se-celebrara-entre-els-dies-22-i-24-de-marc\/#breadcrumb\"},\"inLanguage\":\"es\",\"potentialAction\":[{\"@type\":\"ReadAction\",\"target\":[\"https:\/\/www.cofb.org\/2022\/02\/11\/la-farmacia-a-primera-linia-lema-dinfarma-madrid-2022-que-se-celebrara-entre-els-dies-22-i-24-de-marc\/\"]}]},{\"@type\":\"ImageObject\",\"inLanguage\":\"es\",\"@id\":\"https:\/\/www.cofb.org\/2022\/02\/11\/la-farmacia-a-primera-linia-lema-dinfarma-madrid-2022-que-se-celebrara-entre-els-dies-22-i-24-de-marc\/#primaryimage\",\"url\":\"https:\/\/www.cofb.org\/wp-content\/uploads\/2023\/07\/Infarma-2022_Twitter_1024x512.jpg\",\"contentUrl\":\"https:\/\/www.cofb.org\/wp-content\/uploads\/2023\/07\/Infarma-2022_Twitter_1024x512.jpg\",\"width\":1024,\"height\":512},{\"@type\":\"BreadcrumbList\",\"@id\":\"https:\/\/www.cofb.org\/2022\/02\/11\/la-farmacia-a-primera-linia-lema-dinfarma-madrid-2022-que-se-celebrara-entre-els-dies-22-i-24-de-marc\/#breadcrumb\",\"itemListElement\":[{\"@type\":\"ListItem\",\"position\":1,\"name\":\"Inici\",\"item\":\"https:\/\/novaorg.cofb.net\/\"},{\"@type\":\"ListItem\",\"position\":2,\"name\":\"&#8220;La farm\u00e0cia, a primera l\u00ednia&#8221;, lema d&#8217;Infarma Madrid 2022, que se celebrar\u00e0 entre els dies 22 i 24 de mar\u00e7\"}]},{\"@type\":\"WebSite\",\"@id\":\"https:\/\/www.cofb.org\/#website\",\"url\":\"https:\/\/www.cofb.org\/\",\"name\":\"Col\u00b7legi de Farmac\u00e8utics de Barcelona\",\"description\":\"\",\"publisher\":{\"@id\":\"https:\/\/www.cofb.org\/#organization\"},\"potentialAction\":[{\"@type\":\"SearchAction\",\"target\":{\"@type\":\"EntryPoint\",\"urlTemplate\":\"https:\/\/www.cofb.org\/?s={search_term_string}\"},\"query-input\":\"required name=search_term_string\"}],\"inLanguage\":\"es\"},{\"@type\":\"Organization\",\"@id\":\"https:\/\/www.cofb.org\/#organization\",\"name\":\"Col\u00b7legi de Farmac\u00e8utics de Barcelona\",\"url\":\"https:\/\/www.cofb.org\/\",\"logo\":{\"@type\":\"ImageObject\",\"inLanguage\":\"es\",\"@id\":\"https:\/\/www.cofb.org\/#\/schema\/logo\/image\/\",\"url\":\"https:\/\/www.cofb.org\/wp-content\/uploads\/2023\/11\/cropped-Logotip-COFB.png\",\"contentUrl\":\"https:\/\/www.cofb.org\/wp-content\/uploads\/2023\/11\/cropped-Logotip-COFB.png\",\"width\":500,\"height\":105,\"caption\":\"Col\u00b7legi de Farmac\u00e8utics de Barcelona\"},\"image\":{\"@id\":\"https:\/\/www.cofb.org\/#\/schema\/logo\/image\/\"},\"sameAs\":[\"https:\/\/www.facebook.com\/farmaceuticsbcn\/\",\"https:\/\/twitter.com\/farmaceuticsbcn\",\"https:\/\/www.instagram.com\/farmaceuticsbcn\/\",\"https:\/\/www.linkedin.com\/company\/farmaceuticsbcn\/\"]},{\"@type\":\"Person\",\"@id\":\"https:\/\/www.cofb.org\/#\/schema\/person\/22ed7eea88da74b0fa4d3154ad87ffcb\",\"name\":\"wpAdminCofbOrg\",\"image\":{\"@type\":\"ImageObject\",\"inLanguage\":\"es\",\"@id\":\"https:\/\/www.cofb.org\/#\/schema\/person\/image\/\",\"url\":\"https:\/\/secure.gravatar.com\/avatar\/1721b20b3b8ca882c3b56ec6c978c594fff670e40c0718e9190eaeeb76aae7d8?s=96&d=mm&r=g\",\"contentUrl\":\"https:\/\/secure.gravatar.com\/avatar\/1721b20b3b8ca882c3b56ec6c978c594fff670e40c0718e9190eaeeb76aae7d8?s=96&d=mm&r=g\",\"caption\":\"wpAdminCofbOrg\"},\"sameAs\":[\"http:\/\/192.168.64.122\/wordpress\"],\"url\":\"https:\/\/www.cofb.org\/es\/author\/wpadmincofborg\/\"}]}<\/script>\n<!-- \/ Yoast SEO plugin. -->","yoast_head_json":{"title":"\"La farm\u00e0cia, a primera l\u00ednia\", lema d'Infarma Madrid 2022, que se celebrar\u00e0 entre els dies 22 i 24 de mar\u00e7 - Col\u00b7legi de Farmac\u00e8utics de Barcelona","description":"Organitzat pels Col\u00b7legis Oficials de Farmac\u00e8utics de Madrid i Barcelona, \u200b\u200ben col\u00b7laboraci\u00f3 amb\u00a0Interalia,\u00a0Infarma\u00a0Madrid 2022 reivindicar\u00e0 l'actuaci\u00f3 sanit\u00e0ria i el comprom\u00eds personal assumit pels farmac\u00e8utics espanyols durant l'emerg\u00e8ncia sanit\u00e0ria actual.","robots":{"index":"index","follow":"follow","max-snippet":"max-snippet:-1","max-image-preview":"max-image-preview:large","max-video-preview":"max-video-preview:-1"},"canonical":"https:\/\/www.cofb.org\/es\/2022\/02\/11\/la-farmacia-a-primera-linia-lema-dinfarma-madrid-2022-que-se-celebrara-entre-els-dies-22-i-24-de-marc\/","og_locale":"es_ES","og_type":"article","og_title":"\"La farm\u00e0cia, a primera l\u00ednia\", lema d'Infarma Madrid 2022, que se celebrar\u00e0 entre els dies 22 i 24 de mar\u00e7 - Col\u00b7legi de Farmac\u00e8utics de Barcelona","og_description":"Organitzat pels Col\u00b7legis Oficials de Farmac\u00e8utics de Madrid i Barcelona, \u200b\u200ben col\u00b7laboraci\u00f3 amb\u00a0Interalia,\u00a0Infarma\u00a0Madrid 2022 reivindicar\u00e0 l'actuaci\u00f3 sanit\u00e0ria i el comprom\u00eds personal assumit pels farmac\u00e8utics espanyols durant l'emerg\u00e8ncia sanit\u00e0ria actual.","og_url":"https:\/\/www.cofb.org\/es\/2022\/02\/11\/la-farmacia-a-primera-linia-lema-dinfarma-madrid-2022-que-se-celebrara-entre-els-dies-22-i-24-de-marc\/","og_site_name":"Col\u00b7legi de Farmac\u00e8utics de Barcelona","article_publisher":"https:\/\/www.facebook.com\/farmaceuticsbcn\/","article_published_time":"2022-02-11T11:51:39+00:00","article_modified_time":"2023-09-21T09:44:04+00:00","og_image":[{"width":1024,"height":512,"url":"https:\/\/novaorg.cofb.net\/wp-content\/uploads\/2023\/07\/Infarma-2022_Twitter_1024x512.jpg","type":"image\/jpeg"}],"author":"wpAdminCofbOrg","twitter_card":"summary_large_image","twitter_creator":"@farmaceuticsbcn","twitter_site":"@farmaceuticsbcn","twitter_misc":{"Escrito por":"wpAdminCofbOrg","Tiempo de lectura":"4 minutos"},"schema":{"@context":"https:\/\/schema.org","@graph":[{"@type":"Article","@id":"https:\/\/www.cofb.org\/2022\/02\/11\/la-farmacia-a-primera-linia-lema-dinfarma-madrid-2022-que-se-celebrara-entre-els-dies-22-i-24-de-marc\/#article","isPartOf":{"@id":"https:\/\/www.cofb.org\/2022\/02\/11\/la-farmacia-a-primera-linia-lema-dinfarma-madrid-2022-que-se-celebrara-entre-els-dies-22-i-24-de-marc\/"},"author":{"name":"wpAdminCofbOrg","@id":"https:\/\/www.cofb.org\/#\/schema\/person\/22ed7eea88da74b0fa4d3154ad87ffcb"},"headline":"&#8220;La farm\u00e0cia, a primera l\u00ednia&#8221;, lema d&#8217;Infarma Madrid 2022, que se celebrar\u00e0 entre els dies 22 i 24 de mar\u00e7","datePublished":"2022-02-11T11:51:39+00:00","dateModified":"2023-09-21T09:44:04+00:00","mainEntityOfPage":{"@id":"https:\/\/www.cofb.org\/2022\/02\/11\/la-farmacia-a-primera-linia-lema-dinfarma-madrid-2022-que-se-celebrara-entre-els-dies-22-i-24-de-marc\/"},"wordCount":716,"commentCount":0,"publisher":{"@id":"https:\/\/www.cofb.org\/#organization"},"image":{"@id":"https:\/\/www.cofb.org\/2022\/02\/11\/la-farmacia-a-primera-linia-lema-dinfarma-madrid-2022-que-se-celebrara-entre-els-dies-22-i-24-de-marc\/#primaryimage"},"thumbnailUrl":"https:\/\/www.cofb.org\/wp-content\/uploads\/2023\/07\/Infarma-2022_Twitter_1024x512.jpg","keywords":["COFB","COFM","Col\u00b7legi de Farmac\u00e8utics de Barcelona","Colegio de Farmac\u00e9uticos de Madrid","coneixements","coneixements cient\u00edfics","Congr\u00e9s","Congr\u00e9s i Sal\u00f3","COVID-19","crisi sanit\u00e0ria","desenvolupament professional","Farm\u00e0cia","farm\u00e0cia comunit\u00e0ria","Formaci\u00f3","Ifema","Infarma","Infarma Madrid","Interalia","medicaments","Oficina de farm\u00e0cia","pand\u00e8mia","prevenci\u00f3 de la malaltia","promoci\u00f3 de la salut","Sal\u00f3","sanitat","saturaci\u00f3"],"articleSection":["Destacats","Infarma Barcelona"],"inLanguage":"es","potentialAction":[{"@type":"CommentAction","name":"Comment","target":["https:\/\/www.cofb.org\/2022\/02\/11\/la-farmacia-a-primera-linia-lema-dinfarma-madrid-2022-que-se-celebrara-entre-els-dies-22-i-24-de-marc\/#respond"]}]},{"@type":"WebPage","@id":"https:\/\/www.cofb.org\/2022\/02\/11\/la-farmacia-a-primera-linia-lema-dinfarma-madrid-2022-que-se-celebrara-entre-els-dies-22-i-24-de-marc\/","url":"https:\/\/www.cofb.org\/2022\/02\/11\/la-farmacia-a-primera-linia-lema-dinfarma-madrid-2022-que-se-celebrara-entre-els-dies-22-i-24-de-marc\/","name":"\"La farm\u00e0cia, a primera l\u00ednia\", lema d'Infarma Madrid 2022, que se celebrar\u00e0 entre els dies 22 i 24 de mar\u00e7 - Col\u00b7legi de Farmac\u00e8utics de Barcelona","isPartOf":{"@id":"https:\/\/www.cofb.org\/#website"},"primaryImageOfPage":{"@id":"https:\/\/www.cofb.org\/2022\/02\/11\/la-farmacia-a-primera-linia-lema-dinfarma-madrid-2022-que-se-celebrara-entre-els-dies-22-i-24-de-marc\/#primaryimage"},"image":{"@id":"https:\/\/www.cofb.org\/2022\/02\/11\/la-farmacia-a-primera-linia-lema-dinfarma-madrid-2022-que-se-celebrara-entre-els-dies-22-i-24-de-marc\/#primaryimage"},"thumbnailUrl":"https:\/\/www.cofb.org\/wp-content\/uploads\/2023\/07\/Infarma-2022_Twitter_1024x512.jpg","datePublished":"2022-02-11T11:51:39+00:00","dateModified":"2023-09-21T09:44:04+00:00","description":"Organitzat pels Col\u00b7legis Oficials de Farmac\u00e8utics de Madrid i Barcelona, \u200b\u200ben col\u00b7laboraci\u00f3 amb\u00a0Interalia,\u00a0Infarma\u00a0Madrid 2022 reivindicar\u00e0 l'actuaci\u00f3 sanit\u00e0ria i el comprom\u00eds personal assumit pels farmac\u00e8utics espanyols durant l'emerg\u00e8ncia sanit\u00e0ria actual.","breadcrumb":{"@id":"https:\/\/www.cofb.org\/2022\/02\/11\/la-farmacia-a-primera-linia-lema-dinfarma-madrid-2022-que-se-celebrara-entre-els-dies-22-i-24-de-marc\/#breadcrumb"},"inLanguage":"es","potentialAction":[{"@type":"ReadAction","target":["https:\/\/www.cofb.org\/2022\/02\/11\/la-farmacia-a-primera-linia-lema-dinfarma-madrid-2022-que-se-celebrara-entre-els-dies-22-i-24-de-marc\/"]}]},{"@type":"ImageObject","inLanguage":"es","@id":"https:\/\/www.cofb.org\/2022\/02\/11\/la-farmacia-a-primera-linia-lema-dinfarma-madrid-2022-que-se-celebrara-entre-els-dies-22-i-24-de-marc\/#primaryimage","url":"https:\/\/www.cofb.org\/wp-content\/uploads\/2023\/07\/Infarma-2022_Twitter_1024x512.jpg","contentUrl":"https:\/\/www.cofb.org\/wp-content\/uploads\/2023\/07\/Infarma-2022_Twitter_1024x512.jpg","width":1024,"height":512},{"@type":"BreadcrumbList","@id":"https:\/\/www.cofb.org\/2022\/02\/11\/la-farmacia-a-primera-linia-lema-dinfarma-madrid-2022-que-se-celebrara-entre-els-dies-22-i-24-de-marc\/#breadcrumb","itemListElement":[{"@type":"ListItem","position":1,"name":"Inici","item":"https:\/\/novaorg.cofb.net\/"},{"@type":"ListItem","position":2,"name":"&#8220;La farm\u00e0cia, a primera l\u00ednia&#8221;, lema d&#8217;Infarma Madrid 2022, que se celebrar\u00e0 entre els dies 22 i 24 de mar\u00e7"}]},{"@type":"WebSite","@id":"https:\/\/www.cofb.org\/#website","url":"https:\/\/www.cofb.org\/","name":"Col\u00b7legi de Farmac\u00e8utics de Barcelona","description":"","publisher":{"@id":"https:\/\/www.cofb.org\/#organization"},"potentialAction":[{"@type":"SearchAction","target":{"@type":"EntryPoint","urlTemplate":"https:\/\/www.cofb.org\/?s={search_term_string}"},"query-input":"required name=search_term_string"}],"inLanguage":"es"},{"@type":"Organization","@id":"https:\/\/www.cofb.org\/#organization","name":"Col\u00b7legi de Farmac\u00e8utics de Barcelona","url":"https:\/\/www.cofb.org\/","logo":{"@type":"ImageObject","inLanguage":"es","@id":"https:\/\/www.cofb.org\/#\/schema\/logo\/image\/","url":"https:\/\/www.cofb.org\/wp-content\/uploads\/2023\/11\/cropped-Logotip-COFB.png","contentUrl":"https:\/\/www.cofb.org\/wp-content\/uploads\/2023\/11\/cropped-Logotip-COFB.png","width":500,"height":105,"caption":"Col\u00b7legi de Farmac\u00e8utics de Barcelona"},"image":{"@id":"https:\/\/www.cofb.org\/#\/schema\/logo\/image\/"},"sameAs":["https:\/\/www.facebook.com\/farmaceuticsbcn\/","https:\/\/twitter.com\/farmaceuticsbcn","https:\/\/www.instagram.com\/farmaceuticsbcn\/","https:\/\/www.linkedin.com\/company\/farmaceuticsbcn\/"]},{"@type":"Person","@id":"https:\/\/www.cofb.org\/#\/schema\/person\/22ed7eea88da74b0fa4d3154ad87ffcb","name":"wpAdminCofbOrg","image":{"@type":"ImageObject","inLanguage":"es","@id":"https:\/\/www.cofb.org\/#\/schema\/person\/image\/","url":"https:\/\/secure.gravatar.com\/avatar\/1721b20b3b8ca882c3b56ec6c978c594fff670e40c0718e9190eaeeb76aae7d8?s=96&d=mm&r=g","contentUrl":"https:\/\/secure.gravatar.com\/avatar\/1721b20b3b8ca882c3b56ec6c978c594fff670e40c0718e9190eaeeb76aae7d8?s=96&d=mm&r=g","caption":"wpAdminCofbOrg"},"sameAs":["http:\/\/192.168.64.122\/wordpress"],"url":"https:\/\/www.cofb.org\/es\/author\/wpadmincofborg\/"}]}},"uagb_featured_image_src":{"full":["https:\/\/www.cofb.org\/wp-content\/uploads\/2023\/07\/Infarma-2022_Twitter_1024x512.jpg",1024,512,false],"thumbnail":["https:\/\/www.cofb.org\/wp-content\/uploads\/2023\/07\/Infarma-2022_Twitter_1024x512-150x150.jpg",150,150,true],"medium":["https:\/\/www.cofb.org\/wp-content\/uploads\/2023\/07\/Infarma-2022_Twitter_1024x512-300x150.jpg",300,150,true],"medium_large":["https:\/\/www.cofb.org\/wp-content\/uploads\/2023\/07\/Infarma-2022_Twitter_1024x512-768x384.jpg",768,384,true],"large":["https:\/\/www.cofb.org\/wp-content\/uploads\/2023\/07\/Infarma-2022_Twitter_1024x512.jpg",1024,512,false],"1536x1536":["https:\/\/www.cofb.org\/wp-content\/uploads\/2023\/07\/Infarma-2022_Twitter_1024x512.jpg",1024,512,false],"2048x2048":["https:\/\/www.cofb.org\/wp-content\/uploads\/2023\/07\/Infarma-2022_Twitter_1024x512.jpg",1024,512,false],"trp-custom-language-flag":["https:\/\/www.cofb.org\/wp-content\/uploads\/2023\/07\/Infarma-2022_Twitter_1024x512.jpg",18,9,false]},"uagb_author_info":{"display_name":"wpAdminCofbOrg","author_link":"https:\/\/www.cofb.org\/es\/author\/wpadmincofborg\/"},"uagb_comment_info":0,"uagb_excerpt":"Organitzat pels Col\u00b7legis Oficials de Farmac\u00e8utics de Madrid i Barcelona, \u200b\u200ben col\u00b7laboraci\u00f3 amb&nbsp;Interalia,&nbsp;Infarma&nbsp;Madrid 2022 reivindicar\u00e0 l&#8217;actuaci\u00f3 sanit\u00e0ria i el comprom\u00eds personal assumit pels farmac\u00e8utics espanyols durant l&#8217;emerg\u00e8ncia sanit\u00e0ria actual. El lema escollit en l&#8217;edici\u00f3 d&#8217;enguany, que se celebrar\u00e0 del 22 al 24 de mar\u00e7 al recinte firal d&#8217;Ifema, a Madrid, [&hellip;]","_links":{"self":[{"href":"https:\/\/www.cofb.org\/es\/wp-json\/wp\/v2\/posts\/60478","targetHints":{"allow":["GET"]}}],"collection":[{"href":"https:\/\/www.cofb.org\/es\/wp-json\/wp\/v2\/posts"}],"about":[{"href":"https:\/\/www.cofb.org\/es\/wp-json\/wp\/v2\/types\/post"}],"author":[{"embeddable":true,"href":"https:\/\/www.cofb.org\/es\/wp-json\/wp\/v2\/users\/1"}],"replies":[{"embeddable":true,"href":"https:\/\/www.cofb.org\/es\/wp-json\/wp\/v2\/comments?post=60478"}],"version-history":[{"count":2,"href":"https:\/\/www.cofb.org\/es\/wp-json\/wp\/v2\/posts\/60478\/revisions"}],"predecessor-version":[{"id":68757,"href":"https:\/\/www.cofb.org\/es\/wp-json\/wp\/v2\/posts\/60478\/revisions\/68757"}],"wp:featuredmedia":[{"embeddable":true,"href":"https:\/\/www.cofb.org\/es\/wp-json\/wp\/v2\/media\/67975"}],"wp:attachment":[{"href":"https:\/\/www.cofb.org\/es\/wp-json\/wp\/v2\/media?parent=60478"}],"wp:term":[{"taxonomy":"category","embeddable":true,"href":"https:\/\/www.cofb.org\/es\/wp-json\/wp\/v2\/categories?post=60478"},{"taxonomy":"post_tag","embeddable":true,"href":"https:\/\/www.cofb.org\/es\/wp-json\/wp\/v2\/tags?post=60478"}],"curies":[{"name":"wp","href":"https:\/\/api.w.org\/{rel}","templated":true}]}}