{"id":60411,"date":"2022-02-11T10:47:00","date_gmt":"2022-02-11T08:47:00","guid":{"rendered":"https:\/\/blog.cofb.cat\/?p=60411"},"modified":"2023-09-21T09:44:30","modified_gmt":"2023-09-21T09:44:30","slug":"nova-formacio-sobre-usos-i-aplicacions-dels-olis-essencials-en-la-fitoterapia","status":"publish","type":"post","link":"https:\/\/www.cofb.org\/es\/2022\/02\/11\/nova-formacio-sobre-usos-i-aplicacions-dels-olis-essencials-en-la-fitoterapia\/","title":{"rendered":"Nueva formaci\u00f3n sobre usos y aplicaciones de los aceites esenciales en la fitoterapia"},"content":{"rendered":"<p>El Colegio ha organizado durante los meses de enero y febrero el primer nivel del curso <strong>&quot;Fitoterapia, usos y aplicaciones de los aceites esenciales&quot;<\/strong> <span class=\"has-inline-color has-black-color\">dirigido a farmac\u00e9uticos comunitarios<\/span>. El programa, dividido en siete sesiones, cont\u00f3 con la docencia de<strong>Alfredo Quevedo<\/strong>, farmac\u00e9utico, graduado en naturopat\u00eda, especialista en aceites esenciales y responsable cient\u00edfica de Pranar\u00f4m Espa\u00f1a,&nbsp; <strong>Maite Castro<\/strong>, farmac\u00e9utica, especialista en fitoterapia y aceites esenciales, y responsable t\u00e9cnica de Pranar\u00f4m Espa\u00f1a y <strong>Matilde Garc\u00eda<\/strong>, farmac\u00e9utica titular y especialista en fitoterapia y aceites esenciales. El curso se ha <span class=\"has-inline-color has-black-color\">impartido <\/span>en formato de doble modalidad, presencial y webinar en directo.<\/p>\n\n\n\n<figure class=\"wp-block-image aligncenter size-full\"><img decoding=\"async\" src=\"https:\/\/blog.cofb.cat\/wp-content\/uploads\/2022\/02\/fitoterapia.jpg\" alt=\"Moment d\u2019una de les sessions, impartides a la seu del COFB.\" class=\"wp-image-60444\"\/><figcaption class=\"wp-element-caption\">Momento de una de las sesiones, impartidas en la sede del COFB.<\/figcaption><\/figure>\n\n\n\n<p>El<strong>objetivo<\/strong> de estas siete sesiones eran los siguientes: la profundizaci\u00f3n en los&nbsp;<strong>fundamentos&nbsp;<\/strong>de uso de los&nbsp;<strong>aceites esenciales<\/strong>, su aplicaci\u00f3n<strong>&nbsp;como herramienta fitoterap\u00e9utica,<\/strong>&nbsp;su utilizaci\u00f3n en funci\u00f3n de cada afecci\u00f3n y el conocimiento de las distintas&nbsp;<strong>v\u00edas de administraci\u00f3n<\/strong>&nbsp;y posolog\u00edas, evitando&nbsp;<strong>posibles efectos adversos<\/strong>.<\/p>\n\n\n\n<h2 class=\"wp-block-heading\"><strong>Los contenidos del curso<\/strong><\/h2>\n\n\n\n<p>Durante las diversas sesiones de este programa se abordaron desde los conceptos m\u00e1s generales como los <strong>criterios de calidad<\/strong>, las <strong>v\u00edas de administraci\u00f3n<\/strong> y las <strong>precauciones de uso<\/strong>, hasta las <strong>recomendaciones<\/strong>&nbsp; y <strong>principales aplicaciones pr\u00e1cticas<\/strong> en el caso de infecciones.<\/p>\n\n\n\n<p>El programa, dividido en 7 jornadas, comenz\u00f3 con una introducci\u00f3n en la que se expusieron las definiciones de<strong>aceite esencial<\/strong>, as\u00ed como sus&nbsp;<strong>criterios de calidad<\/strong>. Tambi\u00e9n se abordaron aspectos m\u00e1s en detalle como&nbsp;<strong>aceites esenciales quimiotipados<\/strong>&nbsp;(OEQT), los&nbsp;<strong>m\u00e9todos de an\u00e1lisis<\/strong>, cromatograf\u00eda de gases con espectrometr\u00eda de masas; las&nbsp;<strong>v\u00edas de administraci\u00f3n<\/strong>&nbsp;(t\u00f3pica, oral e inhalada), las&nbsp;<strong>precauciones de utilizaci\u00f3n<\/strong>&nbsp;y&nbsp;<strong>seguridad<\/strong>&nbsp;de los aceites esenciales en grupos espec\u00edficos de poblaci\u00f3n (embarazo, pediatr\u00eda, asm\u00e1ticos, etc.) y el cuadro de uso seguro de los aceites esenciales m\u00e1s comunes.<\/p>\n\n\n\n<p><\/p>\n\n\n<div class=\"destacat-blog\">\n\n\n<h3 class=\"wp-block-heading\"><strong>\u00bfQu\u00e9 son los aceites esenciales?<\/strong><\/h3>\n\n\n\n<p>Los aceites esenciales son <strong>extractos muy concentrados<\/strong> obtenidos casi siempre por <strong>destilaci\u00f3n <\/strong>a partir de <strong>plantas arom\u00e1ticas<\/strong> como la lavanda y el tomillo. Del uso y aplicaci\u00f3n de estos aceites se deriva la actividad fitoterap\u00e9utica de las mol\u00e9culas bioqu\u00edmicas que los componen. Hay <strong>evidencia cient\u00edfica<\/strong> que los <strong>aceites esenciales<\/strong> son <strong>eficaces en campos de actuaci\u00f3n numerosos y variados<\/strong>.<\/p>\n\n\n\n<figure class=\"wp-block-image aligncenter size-full\"><img decoding=\"async\" src=\"https:\/\/blog.cofb.cat\/wp-content\/uploads\/2022\/02\/Fitoterapia-usos-i-aplicacions-dels-olis-essencials_Nivell-1_original.jpg\" alt=\"Olis essencials\" class=\"wp-image-60413\"\/><\/figure>\n\n\n\n<p>Los <strong>aceites esenciales<\/strong> son \u00fatiles para los <strong>trastornos articulares<\/strong>, las <strong>afecciones dermatol\u00f3gicas<\/strong>, los problemas del <strong>sistema nervioso<\/strong>, etc., por eso son una<strong> herramienta valiosa <\/strong>en la <strong>farmacia comunitaria<\/strong>.<\/p> <\/div>\n\n\n\n<p>A lo largo de las 28 horas lectivas del curso, se trataron temas como la <strong>inflamaci\u00f3n y la gesti\u00f3n del dolor<\/strong>, as\u00ed como <strong>el impacto de los aceites esenciales<\/strong> en los sistemas respiratorio, circulatorio, nervioso o digestivo y su utilizaci\u00f3n en dermatolog\u00eda. As\u00ed, se pudo profundizar en los <strong>principales aceites<\/strong> aplicables a cada caso y los alumnos pudieron conocer las diversas monograf\u00edas disponibles con sus <strong>propiedades <\/strong>principales, <strong>indicaciones <\/strong>y <strong>afecciones<\/strong>.<\/p>\n\n\n\n<p>Concretamente, en cuanto al <strong>sistema respiratorio<\/strong>, se hizo referencia a los aceites esenciales antiinfecciosos, los expectorantes mucol\u00edticos y los aceites esenciales antial\u00e9rgicos. A la hora de hablar de la <strong>inflamaci\u00f3n y gesti\u00f3n del dolor<\/strong>, los principales conceptos abordados fueron los aceites esenciales antiinflamatorios, otros aceites esenciales de utilidad en la gesti\u00f3n del dolor, investigaci\u00f3n y publicaciones cient\u00edficas.<\/p>\n\n\n\n<figure class=\"wp-block-image aligncenter size-full\"><img decoding=\"async\" src=\"https:\/\/blog.cofb.cat\/wp-content\/uploads\/2022\/02\/fitoterapia-1.jpg\" alt=\"Matilde Garc\u00eda, farmac\u00e8utica i especialista en fitoter\u00e0pia i olis essencials, en un moment de la seva exposici\u00f3.\" class=\"wp-image-60445\"\/><figcaption class=\"wp-element-caption\">Matilde Garc\u00eda, farmac\u00e9utica y especialista en fitoterapia y aceites esenciales, en un momento de su exposici\u00f3n.<\/figcaption><\/figure>\n\n\n\n<p>Los contenidos dedicados al <strong>sistema circulatorio<\/strong> fueron enfocados a los aceites esenciales que act\u00faan sobre la circulaci\u00f3n venosa y la gesti\u00f3n de las alteraciones de la tensi\u00f3n arterial. La formaci\u00f3n sobre el <strong>sistema digestivo<\/strong> hizo referencia a los aceites esenciales digestivos, antiespasm\u00f3dicos, carminativos y otros aceites esenciales eup\u00e9pticos. Asimismo, tambi\u00e9n se trat\u00f3 la importancia sanitaria de los cuidados depurativos y de los aceites esenciales depurativos.<\/p>\n\n\n\n<p>En relaci\u00f3n con el \u00e1mbito de la <strong>dermatolog\u00eda<\/strong>, se habl\u00f3 de los aceites esenciales en dermatolog\u00eda y, concretamente, de los aceites esenciales antiinflamatorios\/analg\u00e9sicos\/antipruriginosos. Todo ello, sin dejar de lado los aceites esenciales antiinfecciosos en dermatolog\u00eda, los aceites esenciales cicatrizantes, los t\u00f3nicos cut\u00e1neos y los aceites vegetales (el soporte ideal de los OEQT).<\/p>\n\n\n\n<p>Por \u00faltimo, en cuanto al <strong>sistema nervioso<\/strong>, se abord\u00f3 la relaci\u00f3n existente entre la v\u00eda olfativa y el sistema nervioso. Tambi\u00e9n se estudiaron los aceites esenciales relajantes y tonificantes.<\/p>\n\n\n\n<p><\/p>\n\n\n\n<p class=\"has-text-align-right\"><strong>Con la colaboraci\u00f3n de:<\/strong><\/p>\n\n\n\n<figure class=\"wp-block-image alignright\"><a href=\"https:\/\/www.pranarom.com\/es\/home\" target=\"_blank\" rel=\"noreferrer noopener\"><img decoding=\"async\" src=\"https:\/\/blog.cofb.cat\/wp-content\/uploads\/2019\/02\/Captura.png\" alt=\"\" class=\"wp-image-44115\"\/><\/a><\/figure>","protected":false},"excerpt":{"rendered":"<p>El Colegio ha organizado durante los meses de enero y febrero el primer nivel del curso &quot;Fitoterapia, usos y aplicaciones de los aceites esenciales&quot; dirigido a farmac\u00e9uticos comunitarios. El programa, dividido en siete sesiones, cont\u00f3 con la docencia de Alfredo Quevedo, farmac\u00e9utico, graduado en naturopat\u00eda, especialista en aceites esenciales y responsable [\u2026]<\/p>","protected":false},"author":1,"featured_media":67977,"comment_status":"open","ping_status":"open","sticky":false,"template":"","format":"standard","meta":{"_uag_custom_page_level_css":"","site-sidebar-layout":"default","site-content-layout":"","ast-site-content-layout":"default","site-content-style":"default","site-sidebar-style":"default","ast-global-header-display":"","ast-banner-title-visibility":"","ast-main-header-display":"","ast-hfb-above-header-display":"","ast-hfb-below-header-display":"","ast-hfb-mobile-header-display":"","site-post-title":"","ast-breadcrumbs-content":"","ast-featured-img":"disabled","footer-sml-layout":"","theme-transparent-header-meta":"","adv-header-id-meta":"","stick-header-meta":"","header-above-stick-meta":"","header-main-stick-meta":"","header-below-stick-meta":"","astra-migrate-meta-layouts":"default","ast-page-background-enabled":"default","ast-page-background-meta":{"desktop":{"background-color":"var(--ast-global-color-4)","background-image":"","background-repeat":"repeat","background-position":"center center","background-size":"auto","background-attachment":"scroll","background-type":"","background-media":"","overlay-type":"","overlay-color":"","overlay-opacity":"","overlay-gradient":""},"tablet":{"background-color":"","background-image":"","background-repeat":"repeat","background-position":"center center","background-size":"auto","background-attachment":"scroll","background-type":"","background-media":"","overlay-type":"","overlay-color":"","overlay-opacity":"","overlay-gradient":""},"mobile":{"background-color":"","background-image":"","background-repeat":"repeat","background-position":"center center","background-size":"auto","background-attachment":"scroll","background-type":"","background-media":"","overlay-type":"","overlay-color":"","overlay-opacity":"","overlay-gradient":""}},"ast-content-background-meta":{"desktop":{"background-color":"var(--ast-global-color-5)","background-image":"","background-repeat":"repeat","background-position":"center center","background-size":"auto","background-attachment":"scroll","background-type":"","background-media":"","overlay-type":"","overlay-color":"","overlay-opacity":"","overlay-gradient":""},"tablet":{"background-color":"var(--ast-global-color-5)","background-image":"","background-repeat":"repeat","background-position":"center center","background-size":"auto","background-attachment":"scroll","background-type":"","background-media":"","overlay-type":"","overlay-color":"","overlay-opacity":"","overlay-gradient":""},"mobile":{"background-color":"var(--ast-global-color-5)","background-image":"","background-repeat":"repeat","background-position":"center center","background-size":"auto","background-attachment":"scroll","background-type":"","background-media":"","overlay-type":"","overlay-color":"","overlay-opacity":"","overlay-gradient":""}},"footnotes":""},"categories":[23,57],"tags":[18,19,349,70,172,499,174,177,500,501,178,179,180,181,182],"class_list":["post-60411","post","type-post","status-publish","format-standard","has-post-thumbnail","hentry","category-destacats","category-mon-collegial","tag-cofb","tag-collegi-de-farmaceutics-de-barcelona","tag-fitoterapia","tag-formacio","tag-gestio-del-dolor","tag-impacte-olis-essencials","tag-inflamacio","tag-olis-essencials","tag-plantes-aromatiques-2","tag-propietats","tag-sistema-circulatori","tag-sistema-digestiu","tag-sistema-nervios","tag-sistema-respiratori","tag-usos-i-aplicacions-dels-olis-essencials"],"yoast_head":"<!-- This site is optimized with the Yoast SEO plugin v22.4 - https:\/\/yoast.com\/wordpress\/plugins\/seo\/ -->\n<title>Nova formaci\u00f3 sobre usos i aplicacions dels olis essencials en la fitoter\u00e0pia - Col\u00b7legi de Farmac\u00e8utics de Barcelona<\/title>\n<meta name=\"description\" content=\"El Col\u00b7legi ha organitzat durant gener i\u00a0 febrer el primer nivell del curs \u201cFitoter\u00e0pia, usos i aplicacions dels olis essencials\u201c adre\u00e7at a farmac\u00e8utics comunitaris.\" \/>\n<meta name=\"robots\" content=\"index, follow, max-snippet:-1, max-image-preview:large, max-video-preview:-1\" \/>\n<link rel=\"canonical\" href=\"https:\/\/novaorg.cofb.net\/2022\/02\/11\/nova-formacio-sobre-usos-i-aplicacions-dels-olis-essencials-en-la-fitoterapia\/\" \/>\n<meta property=\"og:locale\" content=\"es_ES\" \/>\n<meta property=\"og:type\" content=\"article\" \/>\n<meta property=\"og:title\" content=\"Nova formaci\u00f3 sobre usos i aplicacions dels olis essencials en la fitoter\u00e0pia - Col\u00b7legi de Farmac\u00e8utics de Barcelona\" \/>\n<meta property=\"og:description\" content=\"El Col\u00b7legi ha organitzat durant gener i\u00a0 febrer el primer nivell del curs \u201cFitoter\u00e0pia, usos i aplicacions dels olis essencials\u201c adre\u00e7at a farmac\u00e8utics comunitaris.\" \/>\n<meta property=\"og:url\" content=\"https:\/\/novaorg.cofb.net\/2022\/02\/11\/nova-formacio-sobre-usos-i-aplicacions-dels-olis-essencials-en-la-fitoterapia\/\" \/>\n<meta property=\"og:site_name\" content=\"Col\u00b7legi de Farmac\u00e8utics de Barcelona\" \/>\n<meta property=\"article:publisher\" content=\"https:\/\/www.facebook.com\/farmaceuticsbcn\/\" \/>\n<meta property=\"article:published_time\" content=\"2022-02-11T08:47:00+00:00\" \/>\n<meta property=\"article:modified_time\" content=\"2023-09-21T09:44:30+00:00\" \/>\n<meta property=\"og:image\" content=\"https:\/\/novaorg.cofb.net\/wp-content\/uploads\/2023\/07\/fitoterapia.jpg\" \/>\n\t<meta property=\"og:image:width\" content=\"618\" \/>\n\t<meta property=\"og:image:height\" content=\"347\" \/>\n\t<meta property=\"og:image:type\" content=\"image\/jpeg\" \/>\n<meta name=\"author\" content=\"wpAdminCofbOrg\" \/>\n<meta name=\"twitter:card\" content=\"summary_large_image\" \/>\n<meta name=\"twitter:creator\" content=\"@farmaceuticsbcn\" \/>\n<meta name=\"twitter:site\" content=\"@farmaceuticsbcn\" \/>\n<meta name=\"twitter:label1\" content=\"Escrito por\" \/>\n\t<meta name=\"twitter:data1\" content=\"wpAdminCofbOrg\" \/>\n\t<meta name=\"twitter:label2\" content=\"Tiempo de lectura\" \/>\n\t<meta name=\"twitter:data2\" content=\"4 minutos\" \/>\n<script type=\"application\/ld+json\" class=\"yoast-schema-graph\">{\"@context\":\"https:\/\/schema.org\",\"@graph\":[{\"@type\":\"Article\",\"@id\":\"https:\/\/novaorg.cofb.net\/2022\/02\/11\/nova-formacio-sobre-usos-i-aplicacions-dels-olis-essencials-en-la-fitoterapia\/#article\",\"isPartOf\":{\"@id\":\"https:\/\/novaorg.cofb.net\/2022\/02\/11\/nova-formacio-sobre-usos-i-aplicacions-dels-olis-essencials-en-la-fitoterapia\/\"},\"author\":{\"name\":\"wpAdminCofbOrg\",\"@id\":\"https:\/\/www.cofb.org\/#\/schema\/person\/22ed7eea88da74b0fa4d3154ad87ffcb\"},\"headline\":\"Nova formaci\u00f3 sobre usos i aplicacions dels olis essencials en la fitoter\u00e0pia\",\"datePublished\":\"2022-02-11T08:47:00+00:00\",\"dateModified\":\"2023-09-21T09:44:30+00:00\",\"mainEntityOfPage\":{\"@id\":\"https:\/\/novaorg.cofb.net\/2022\/02\/11\/nova-formacio-sobre-usos-i-aplicacions-dels-olis-essencials-en-la-fitoterapia\/\"},\"wordCount\":796,\"commentCount\":0,\"publisher\":{\"@id\":\"https:\/\/www.cofb.org\/#organization\"},\"image\":{\"@id\":\"https:\/\/novaorg.cofb.net\/2022\/02\/11\/nova-formacio-sobre-usos-i-aplicacions-dels-olis-essencials-en-la-fitoterapia\/#primaryimage\"},\"thumbnailUrl\":\"https:\/\/www.cofb.org\/wp-content\/uploads\/2023\/07\/fitoterapia.jpg\",\"keywords\":[\"COFB\",\"Col\u00b7legi de Farmac\u00e8utics de Barcelona\",\"Fitoter\u00e0pia\",\"Formaci\u00f3\",\"gesti\u00f3 del dolor\",\"impacte olis essencials\",\"inflamaci\u00f3\",\"olis essencials\",\"plantes arom\u00e0tiques\",\"propietats\",\"sistema circulatori\",\"sistema digestiu\",\"sistema nervi\u00f3s\",\"sistema respiratori\",\"usos i aplicacions dels olis essencials\"],\"articleSection\":[\"Destacats\",\"M\u00f3n col\u00b7legial\"],\"inLanguage\":\"es\",\"potentialAction\":[{\"@type\":\"CommentAction\",\"name\":\"Comment\",\"target\":[\"https:\/\/novaorg.cofb.net\/2022\/02\/11\/nova-formacio-sobre-usos-i-aplicacions-dels-olis-essencials-en-la-fitoterapia\/#respond\"]}]},{\"@type\":\"WebPage\",\"@id\":\"https:\/\/novaorg.cofb.net\/2022\/02\/11\/nova-formacio-sobre-usos-i-aplicacions-dels-olis-essencials-en-la-fitoterapia\/\",\"url\":\"https:\/\/novaorg.cofb.net\/2022\/02\/11\/nova-formacio-sobre-usos-i-aplicacions-dels-olis-essencials-en-la-fitoterapia\/\",\"name\":\"Nova formaci\u00f3 sobre usos i aplicacions dels olis essencials en la fitoter\u00e0pia - Col\u00b7legi de Farmac\u00e8utics de Barcelona\",\"isPartOf\":{\"@id\":\"https:\/\/www.cofb.org\/#website\"},\"primaryImageOfPage\":{\"@id\":\"https:\/\/novaorg.cofb.net\/2022\/02\/11\/nova-formacio-sobre-usos-i-aplicacions-dels-olis-essencials-en-la-fitoterapia\/#primaryimage\"},\"image\":{\"@id\":\"https:\/\/novaorg.cofb.net\/2022\/02\/11\/nova-formacio-sobre-usos-i-aplicacions-dels-olis-essencials-en-la-fitoterapia\/#primaryimage\"},\"thumbnailUrl\":\"https:\/\/www.cofb.org\/wp-content\/uploads\/2023\/07\/fitoterapia.jpg\",\"datePublished\":\"2022-02-11T08:47:00+00:00\",\"dateModified\":\"2023-09-21T09:44:30+00:00\",\"description\":\"El Col\u00b7legi ha organitzat durant gener i\u00a0 febrer el primer nivell del curs \u201cFitoter\u00e0pia, usos i aplicacions dels olis essencials\u201c adre\u00e7at a farmac\u00e8utics comunitaris.\",\"breadcrumb\":{\"@id\":\"https:\/\/novaorg.cofb.net\/2022\/02\/11\/nova-formacio-sobre-usos-i-aplicacions-dels-olis-essencials-en-la-fitoterapia\/#breadcrumb\"},\"inLanguage\":\"es\",\"potentialAction\":[{\"@type\":\"ReadAction\",\"target\":[\"https:\/\/novaorg.cofb.net\/2022\/02\/11\/nova-formacio-sobre-usos-i-aplicacions-dels-olis-essencials-en-la-fitoterapia\/\"]}]},{\"@type\":\"ImageObject\",\"inLanguage\":\"es\",\"@id\":\"https:\/\/novaorg.cofb.net\/2022\/02\/11\/nova-formacio-sobre-usos-i-aplicacions-dels-olis-essencials-en-la-fitoterapia\/#primaryimage\",\"url\":\"https:\/\/www.cofb.org\/wp-content\/uploads\/2023\/07\/fitoterapia.jpg\",\"contentUrl\":\"https:\/\/www.cofb.org\/wp-content\/uploads\/2023\/07\/fitoterapia.jpg\",\"width\":618,\"height\":347},{\"@type\":\"BreadcrumbList\",\"@id\":\"https:\/\/novaorg.cofb.net\/2022\/02\/11\/nova-formacio-sobre-usos-i-aplicacions-dels-olis-essencials-en-la-fitoterapia\/#breadcrumb\",\"itemListElement\":[{\"@type\":\"ListItem\",\"position\":1,\"name\":\"Inici\",\"item\":\"https:\/\/novaorg.cofb.net\/\"},{\"@type\":\"ListItem\",\"position\":2,\"name\":\"Nova formaci\u00f3 sobre usos i aplicacions dels olis essencials en la fitoter\u00e0pia\"}]},{\"@type\":\"WebSite\",\"@id\":\"https:\/\/www.cofb.org\/#website\",\"url\":\"https:\/\/www.cofb.org\/\",\"name\":\"Col\u00b7legi de Farmac\u00e8utics de Barcelona\",\"description\":\"\",\"publisher\":{\"@id\":\"https:\/\/www.cofb.org\/#organization\"},\"potentialAction\":[{\"@type\":\"SearchAction\",\"target\":{\"@type\":\"EntryPoint\",\"urlTemplate\":\"https:\/\/www.cofb.org\/?s={search_term_string}\"},\"query-input\":\"required name=search_term_string\"}],\"inLanguage\":\"es\"},{\"@type\":\"Organization\",\"@id\":\"https:\/\/www.cofb.org\/#organization\",\"name\":\"Col\u00b7legi de Farmac\u00e8utics de Barcelona\",\"url\":\"https:\/\/www.cofb.org\/\",\"logo\":{\"@type\":\"ImageObject\",\"inLanguage\":\"es\",\"@id\":\"https:\/\/www.cofb.org\/#\/schema\/logo\/image\/\",\"url\":\"https:\/\/www.cofb.org\/wp-content\/uploads\/2023\/11\/cropped-Logotip-COFB.png\",\"contentUrl\":\"https:\/\/www.cofb.org\/wp-content\/uploads\/2023\/11\/cropped-Logotip-COFB.png\",\"width\":500,\"height\":105,\"caption\":\"Col\u00b7legi de Farmac\u00e8utics de Barcelona\"},\"image\":{\"@id\":\"https:\/\/www.cofb.org\/#\/schema\/logo\/image\/\"},\"sameAs\":[\"https:\/\/www.facebook.com\/farmaceuticsbcn\/\",\"https:\/\/twitter.com\/farmaceuticsbcn\",\"https:\/\/www.instagram.com\/farmaceuticsbcn\/\",\"https:\/\/www.linkedin.com\/company\/farmaceuticsbcn\/\"]},{\"@type\":\"Person\",\"@id\":\"https:\/\/www.cofb.org\/#\/schema\/person\/22ed7eea88da74b0fa4d3154ad87ffcb\",\"name\":\"wpAdminCofbOrg\",\"image\":{\"@type\":\"ImageObject\",\"inLanguage\":\"es\",\"@id\":\"https:\/\/www.cofb.org\/#\/schema\/person\/image\/\",\"url\":\"https:\/\/secure.gravatar.com\/avatar\/1721b20b3b8ca882c3b56ec6c978c594fff670e40c0718e9190eaeeb76aae7d8?s=96&d=mm&r=g\",\"contentUrl\":\"https:\/\/secure.gravatar.com\/avatar\/1721b20b3b8ca882c3b56ec6c978c594fff670e40c0718e9190eaeeb76aae7d8?s=96&d=mm&r=g\",\"caption\":\"wpAdminCofbOrg\"},\"sameAs\":[\"http:\/\/192.168.64.122\/wordpress\"],\"url\":\"https:\/\/www.cofb.org\/es\/author\/wpadmincofborg\/\"}]}<\/script>\n<!-- \/ Yoast SEO plugin. -->","yoast_head_json":{"title":"Nova formaci\u00f3 sobre usos i aplicacions dels olis essencials en la fitoter\u00e0pia - Col\u00b7legi de Farmac\u00e8utics de Barcelona","description":"El Col\u00b7legi ha organitzat durant gener i\u00a0 febrer el primer nivell del curs \u201cFitoter\u00e0pia, usos i aplicacions dels olis essencials\u201c adre\u00e7at a farmac\u00e8utics comunitaris.","robots":{"index":"index","follow":"follow","max-snippet":"max-snippet:-1","max-image-preview":"max-image-preview:large","max-video-preview":"max-video-preview:-1"},"canonical":"https:\/\/novaorg.cofb.net\/2022\/02\/11\/nova-formacio-sobre-usos-i-aplicacions-dels-olis-essencials-en-la-fitoterapia\/","og_locale":"es_ES","og_type":"article","og_title":"Nova formaci\u00f3 sobre usos i aplicacions dels olis essencials en la fitoter\u00e0pia - Col\u00b7legi de Farmac\u00e8utics de Barcelona","og_description":"El Col\u00b7legi ha organitzat durant gener i\u00a0 febrer el primer nivell del curs \u201cFitoter\u00e0pia, usos i aplicacions dels olis essencials\u201c adre\u00e7at a farmac\u00e8utics comunitaris.","og_url":"https:\/\/novaorg.cofb.net\/2022\/02\/11\/nova-formacio-sobre-usos-i-aplicacions-dels-olis-essencials-en-la-fitoterapia\/","og_site_name":"Col\u00b7legi de Farmac\u00e8utics de Barcelona","article_publisher":"https:\/\/www.facebook.com\/farmaceuticsbcn\/","article_published_time":"2022-02-11T08:47:00+00:00","article_modified_time":"2023-09-21T09:44:30+00:00","og_image":[{"width":618,"height":347,"url":"https:\/\/novaorg.cofb.net\/wp-content\/uploads\/2023\/07\/fitoterapia.jpg","type":"image\/jpeg"}],"author":"wpAdminCofbOrg","twitter_card":"summary_large_image","twitter_creator":"@farmaceuticsbcn","twitter_site":"@farmaceuticsbcn","twitter_misc":{"Escrito por":"wpAdminCofbOrg","Tiempo de lectura":"4 minutos"},"schema":{"@context":"https:\/\/schema.org","@graph":[{"@type":"Article","@id":"https:\/\/novaorg.cofb.net\/2022\/02\/11\/nova-formacio-sobre-usos-i-aplicacions-dels-olis-essencials-en-la-fitoterapia\/#article","isPartOf":{"@id":"https:\/\/novaorg.cofb.net\/2022\/02\/11\/nova-formacio-sobre-usos-i-aplicacions-dels-olis-essencials-en-la-fitoterapia\/"},"author":{"name":"wpAdminCofbOrg","@id":"https:\/\/www.cofb.org\/#\/schema\/person\/22ed7eea88da74b0fa4d3154ad87ffcb"},"headline":"Nova formaci\u00f3 sobre usos i aplicacions dels olis essencials en la fitoter\u00e0pia","datePublished":"2022-02-11T08:47:00+00:00","dateModified":"2023-09-21T09:44:30+00:00","mainEntityOfPage":{"@id":"https:\/\/novaorg.cofb.net\/2022\/02\/11\/nova-formacio-sobre-usos-i-aplicacions-dels-olis-essencials-en-la-fitoterapia\/"},"wordCount":796,"commentCount":0,"publisher":{"@id":"https:\/\/www.cofb.org\/#organization"},"image":{"@id":"https:\/\/novaorg.cofb.net\/2022\/02\/11\/nova-formacio-sobre-usos-i-aplicacions-dels-olis-essencials-en-la-fitoterapia\/#primaryimage"},"thumbnailUrl":"https:\/\/www.cofb.org\/wp-content\/uploads\/2023\/07\/fitoterapia.jpg","keywords":["COFB","Col\u00b7legi de Farmac\u00e8utics de Barcelona","Fitoter\u00e0pia","Formaci\u00f3","gesti\u00f3 del dolor","impacte olis essencials","inflamaci\u00f3","olis essencials","plantes arom\u00e0tiques","propietats","sistema circulatori","sistema digestiu","sistema nervi\u00f3s","sistema respiratori","usos i aplicacions dels olis essencials"],"articleSection":["Destacats","M\u00f3n col\u00b7legial"],"inLanguage":"es","potentialAction":[{"@type":"CommentAction","name":"Comment","target":["https:\/\/novaorg.cofb.net\/2022\/02\/11\/nova-formacio-sobre-usos-i-aplicacions-dels-olis-essencials-en-la-fitoterapia\/#respond"]}]},{"@type":"WebPage","@id":"https:\/\/novaorg.cofb.net\/2022\/02\/11\/nova-formacio-sobre-usos-i-aplicacions-dels-olis-essencials-en-la-fitoterapia\/","url":"https:\/\/novaorg.cofb.net\/2022\/02\/11\/nova-formacio-sobre-usos-i-aplicacions-dels-olis-essencials-en-la-fitoterapia\/","name":"Nova formaci\u00f3 sobre usos i aplicacions dels olis essencials en la fitoter\u00e0pia - Col\u00b7legi de Farmac\u00e8utics de Barcelona","isPartOf":{"@id":"https:\/\/www.cofb.org\/#website"},"primaryImageOfPage":{"@id":"https:\/\/novaorg.cofb.net\/2022\/02\/11\/nova-formacio-sobre-usos-i-aplicacions-dels-olis-essencials-en-la-fitoterapia\/#primaryimage"},"image":{"@id":"https:\/\/novaorg.cofb.net\/2022\/02\/11\/nova-formacio-sobre-usos-i-aplicacions-dels-olis-essencials-en-la-fitoterapia\/#primaryimage"},"thumbnailUrl":"https:\/\/www.cofb.org\/wp-content\/uploads\/2023\/07\/fitoterapia.jpg","datePublished":"2022-02-11T08:47:00+00:00","dateModified":"2023-09-21T09:44:30+00:00","description":"El Col\u00b7legi ha organitzat durant gener i\u00a0 febrer el primer nivell del curs \u201cFitoter\u00e0pia, usos i aplicacions dels olis essencials\u201c adre\u00e7at a farmac\u00e8utics comunitaris.","breadcrumb":{"@id":"https:\/\/novaorg.cofb.net\/2022\/02\/11\/nova-formacio-sobre-usos-i-aplicacions-dels-olis-essencials-en-la-fitoterapia\/#breadcrumb"},"inLanguage":"es","potentialAction":[{"@type":"ReadAction","target":["https:\/\/novaorg.cofb.net\/2022\/02\/11\/nova-formacio-sobre-usos-i-aplicacions-dels-olis-essencials-en-la-fitoterapia\/"]}]},{"@type":"ImageObject","inLanguage":"es","@id":"https:\/\/novaorg.cofb.net\/2022\/02\/11\/nova-formacio-sobre-usos-i-aplicacions-dels-olis-essencials-en-la-fitoterapia\/#primaryimage","url":"https:\/\/www.cofb.org\/wp-content\/uploads\/2023\/07\/fitoterapia.jpg","contentUrl":"https:\/\/www.cofb.org\/wp-content\/uploads\/2023\/07\/fitoterapia.jpg","width":618,"height":347},{"@type":"BreadcrumbList","@id":"https:\/\/novaorg.cofb.net\/2022\/02\/11\/nova-formacio-sobre-usos-i-aplicacions-dels-olis-essencials-en-la-fitoterapia\/#breadcrumb","itemListElement":[{"@type":"ListItem","position":1,"name":"Inici","item":"https:\/\/novaorg.cofb.net\/"},{"@type":"ListItem","position":2,"name":"Nova formaci\u00f3 sobre usos i aplicacions dels olis essencials en la fitoter\u00e0pia"}]},{"@type":"WebSite","@id":"https:\/\/www.cofb.org\/#website","url":"https:\/\/www.cofb.org\/","name":"Col\u00b7legi de Farmac\u00e8utics de Barcelona","description":"","publisher":{"@id":"https:\/\/www.cofb.org\/#organization"},"potentialAction":[{"@type":"SearchAction","target":{"@type":"EntryPoint","urlTemplate":"https:\/\/www.cofb.org\/?s={search_term_string}"},"query-input":"required name=search_term_string"}],"inLanguage":"es"},{"@type":"Organization","@id":"https:\/\/www.cofb.org\/#organization","name":"Col\u00b7legi de Farmac\u00e8utics de Barcelona","url":"https:\/\/www.cofb.org\/","logo":{"@type":"ImageObject","inLanguage":"es","@id":"https:\/\/www.cofb.org\/#\/schema\/logo\/image\/","url":"https:\/\/www.cofb.org\/wp-content\/uploads\/2023\/11\/cropped-Logotip-COFB.png","contentUrl":"https:\/\/www.cofb.org\/wp-content\/uploads\/2023\/11\/cropped-Logotip-COFB.png","width":500,"height":105,"caption":"Col\u00b7legi de Farmac\u00e8utics de Barcelona"},"image":{"@id":"https:\/\/www.cofb.org\/#\/schema\/logo\/image\/"},"sameAs":["https:\/\/www.facebook.com\/farmaceuticsbcn\/","https:\/\/twitter.com\/farmaceuticsbcn","https:\/\/www.instagram.com\/farmaceuticsbcn\/","https:\/\/www.linkedin.com\/company\/farmaceuticsbcn\/"]},{"@type":"Person","@id":"https:\/\/www.cofb.org\/#\/schema\/person\/22ed7eea88da74b0fa4d3154ad87ffcb","name":"wpAdminCofbOrg","image":{"@type":"ImageObject","inLanguage":"es","@id":"https:\/\/www.cofb.org\/#\/schema\/person\/image\/","url":"https:\/\/secure.gravatar.com\/avatar\/1721b20b3b8ca882c3b56ec6c978c594fff670e40c0718e9190eaeeb76aae7d8?s=96&d=mm&r=g","contentUrl":"https:\/\/secure.gravatar.com\/avatar\/1721b20b3b8ca882c3b56ec6c978c594fff670e40c0718e9190eaeeb76aae7d8?s=96&d=mm&r=g","caption":"wpAdminCofbOrg"},"sameAs":["http:\/\/192.168.64.122\/wordpress"],"url":"https:\/\/www.cofb.org\/es\/author\/wpadmincofborg\/"}]}},"uagb_featured_image_src":{"full":["https:\/\/www.cofb.org\/wp-content\/uploads\/2023\/07\/fitoterapia.jpg",618,347,false],"thumbnail":["https:\/\/www.cofb.org\/wp-content\/uploads\/2023\/07\/fitoterapia-150x150.jpg",150,150,true],"medium":["https:\/\/www.cofb.org\/wp-content\/uploads\/2023\/07\/fitoterapia-300x168.jpg",300,168,true],"medium_large":["https:\/\/www.cofb.org\/wp-content\/uploads\/2023\/07\/fitoterapia.jpg",618,347,false],"large":["https:\/\/www.cofb.org\/wp-content\/uploads\/2023\/07\/fitoterapia.jpg",618,347,false],"1536x1536":["https:\/\/www.cofb.org\/wp-content\/uploads\/2023\/07\/fitoterapia.jpg",618,347,false],"2048x2048":["https:\/\/www.cofb.org\/wp-content\/uploads\/2023\/07\/fitoterapia.jpg",618,347,false],"trp-custom-language-flag":["https:\/\/www.cofb.org\/wp-content\/uploads\/2023\/07\/fitoterapia.jpg",18,10,false]},"uagb_author_info":{"display_name":"wpAdminCofbOrg","author_link":"https:\/\/www.cofb.org\/es\/author\/wpadmincofborg\/"},"uagb_comment_info":0,"uagb_excerpt":"El Col\u00b7legi ha organitzat durant els mesos de gener i&nbsp; febrer el primer nivell del curs \u201cFitoter\u00e0pia, usos i aplicacions dels olis essencials\u201c adre\u00e7at a farmac\u00e8utics comunitaris. El programa, dividit en set sessions, va comptar amb la doc\u00e8ncia d\u2019Alfredo Quevedo, farmac\u00e8utic, graduat en naturopatia, especialista en olis essencials i responsable [&hellip;]","_links":{"self":[{"href":"https:\/\/www.cofb.org\/es\/wp-json\/wp\/v2\/posts\/60411","targetHints":{"allow":["GET"]}}],"collection":[{"href":"https:\/\/www.cofb.org\/es\/wp-json\/wp\/v2\/posts"}],"about":[{"href":"https:\/\/www.cofb.org\/es\/wp-json\/wp\/v2\/types\/post"}],"author":[{"embeddable":true,"href":"https:\/\/www.cofb.org\/es\/wp-json\/wp\/v2\/users\/1"}],"replies":[{"embeddable":true,"href":"https:\/\/www.cofb.org\/es\/wp-json\/wp\/v2\/comments?post=60411"}],"version-history":[{"count":2,"href":"https:\/\/www.cofb.org\/es\/wp-json\/wp\/v2\/posts\/60411\/revisions"}],"predecessor-version":[{"id":68758,"href":"https:\/\/www.cofb.org\/es\/wp-json\/wp\/v2\/posts\/60411\/revisions\/68758"}],"wp:featuredmedia":[{"embeddable":true,"href":"https:\/\/www.cofb.org\/es\/wp-json\/wp\/v2\/media\/67977"}],"wp:attachment":[{"href":"https:\/\/www.cofb.org\/es\/wp-json\/wp\/v2\/media?parent=60411"}],"wp:term":[{"taxonomy":"category","embeddable":true,"href":"https:\/\/www.cofb.org\/es\/wp-json\/wp\/v2\/categories?post=60411"},{"taxonomy":"post_tag","embeddable":true,"href":"https:\/\/www.cofb.org\/es\/wp-json\/wp\/v2\/tags?post=60411"}],"curies":[{"name":"wp","href":"https:\/\/api.w.org\/{rel}","templated":true}]}}