{"id":60388,"date":"2022-02-07T17:43:25","date_gmt":"2022-02-07T15:43:25","guid":{"rendered":"https:\/\/blog.cofb.cat\/?p=60388"},"modified":"2023-09-21T09:46:08","modified_gmt":"2023-09-21T09:46:08","slug":"laccio-conjunta-entre-salut-i-les-farmacies-ha-permes-realitzar-476-330-tar-financats-des-de-linici-del-segon-trimestre-escolar-adrecats-a-la-comunitat-educativa","status":"publish","type":"post","link":"https:\/\/www.cofb.org\/es\/2022\/02\/07\/laccio-conjunta-entre-salut-i-les-farmacies-ha-permes-realitzar-476-330-tar-financats-des-de-linici-del-segon-trimestre-escolar-adrecats-a-la-comunitat-educativa\/","title":{"rendered":"La acci\u00f3n conjunta entre Salud y las farmacias ha permitido realizar 476.330 TAR financiados, desde el inicio del segundo trimestre escolar, dirigidos a la comunidad educativa"},"content":{"rendered":"<p>En tan s\u00f3lo un mes, del 10 de enero al 6 de febrero, las <strong>farmacias catalanas<\/strong> han supervisado una <strong>media diaria<\/strong> de casi <strong>20.000 test de ant\u00edgenos <\/strong>financiados dirigidos a miembros de la comunidad educativa, habiendo llegado a picos m\u00e1ximos de <strong>m\u00e1s de 35.000 pruebas<\/strong> al d\u00eda. \u00c9ste es el balance inicial de 2022 en relaci\u00f3n al cribado escolar impulsado por el Departamento de Salud, con la colaboraci\u00f3n del Consejo de Colegios de Farmac\u00e9uticos de Catalu\u00f1a.<\/p>\n\n\n\n<figure class=\"wp-block-image size-large\"><img decoding=\"async\" src=\"https:\/\/blog.cofb.cat\/wp-content\/uploads\/2022\/02\/TAR-Escoles-1024x508.png\" alt=\"\" class=\"wp-image-60397\"\/><figcaption class=\"wp-element-caption\">Las farmacias catalanas han supervisado una media diaria de casi 20.000 test de ant\u00edgenos en el \u00faltimo mes.<\/figcaption><\/figure>\n\n\n\n<p>En el marco de este <strong>cribado<\/strong>, puesto en marcha el mes de julio en el<strong>\u00e1mbito del ocio educativo <\/strong>de verano, <strong>m\u00e1s de 1.600 farmacias adheridas<\/strong> en el <strong>programa TAR<\/strong> han supervisado tests de ant\u00edgenos a alumnado y profesorado, financiados por el Servicio Catal\u00e1n de la Salud y sin coste alguno por el usuario. Concretamente, durante el 1r trimestre escolar, las <strong>farmacias catalanas<\/strong> supervisaron 71.515 TAR y detectaron 879 positivos (\u00edndice de positividad del 1,17%). Estas cifras han aumentado exponencialmente en el<strong>inicio del 2\u00ba trimestre<\/strong> (un 560% m\u00e1s de macetas realizadas), coincidiendo con el pico de la sexta ola y la incorporaci\u00f3n del alumnado de<strong>educaci\u00f3n primaria <\/strong>en el programa: del 10 de enero al 6 de febrero, las <strong>farmacias<\/strong> han supervisado<strong> 476.330 TAR<\/strong> y han detectado <strong>34.593 positivos<\/strong> (\u00edndice de positividad de 7.26%).<\/p>\n\n\n\n<p>As\u00ed pues, las <strong>farmacias<\/strong> han colaborado activamente en la estrategia de <strong>Salud P\u00fablica<\/strong>, integr\u00e1ndose en la <strong>red de vigilancia epidemiol\u00f3gica<\/strong>. Los <strong>farmac\u00e9uticos<\/strong>, como profesionales sanitarios, han asumido un firme <strong>compromiso con la salud de las personas<\/strong>, realizando un esfuerzo adicional sin precedentes m\u00e1s all\u00e1 de su labor diaria. &nbsp;<\/p>\n\n\n\n<h2 class=\"wp-block-heading\"><strong>Cambios en los criterios para la realizaci\u00f3n de TAR en las escuelas<\/strong><\/h2>\n\n\n\n<p>Desde el 7 de febrero, dada la <strong>situaci\u00f3n epidemiol\u00f3gica<\/strong> actual ya la decisi\u00f3n de <strong>retirar progresivamente <\/strong>las medidas de control, el Departamento de Salud ha replanteado los criterios para la realizaci\u00f3n de <strong>TAR<\/strong> financiados en las escuelas y, ahora, el Programa se dirigir\u00e1 a:<\/p>\n\n\n\n<p><strong>1. Alumnos de educaci\u00f3n especial<\/strong> <strong>(a partir de 6 a\u00f1os inmunizados y asintom\u00e1ticos)<\/strong>, que hayan tenido un caso positivo dentro de su grupo de convivencia estable (GCE) en el centro educativo o que hayan sido designados como contactos estrechos por los Servicios de vigilancia epidemiol\u00f3gica.<\/p>\n\n\n\n<p>2. <strong>Profesionales docentes de los centros de educaci\u00f3n especial, educaci\u00f3n infantil y educaci\u00f3n primaria inmunizados<\/strong>, que sean <strong>contactos estrechos<\/strong> de un caso positivo, siempre que sean asintom\u00e1ticos y formen parte de un GCE u otros profesionales que hayan sido designados como estrechos contactos por los Servicios de vigilancia epidemiol\u00f3gica.<\/p>\n\n\n\n<p>Las prescripciones electr\u00f3nicas de TAR emitidas para alumnos de primaria, ESO, bachillerato, FP, y otras ense\u00f1anzas que todav\u00eda est\u00e9n activas se podr\u00e1n seguir realizando hasta la fecha de su vigencia. De forma puntual, tambi\u00e9n se podr\u00e1n generar prescripciones manuales siguiendo las indicaciones de los Servicios de vigilancia epidemiol\u00f3gica para cualquier alumno\/a (a partir de 6 a\u00f1os y asintom\u00e1tico) que sea estrecho contacto.<\/p>\n\n\n<div class=\"destacat-blog\">\n\n\n<h2 class=\"wp-block-heading\"><strong>Contin\u00faan en marcha los TAR no financiados por poblaci\u00f3n general y la notificaci\u00f3n de auto test positivos realizados en el domicilio<\/strong><\/h2>\n\n\n\n<p>Aparte de este cribado, las farmacias tambi\u00e9n realizan <strong>test de ant\u00edgenos<\/strong> supervisados, no financiados, dirigidos a la poblaci\u00f3n general. En total, contando las dos modalidades de TAR, desde julio la red de farmacias de Catalu\u00f1a ha realizado <strong>m\u00e1s de 821.492 tests de ant\u00edgenos supervisados<\/strong> y ha detectado <strong>m\u00e1s de 61.454 positivos<\/strong>.<\/p>\n\n\n\n<p>Asimismo, el pasado 3 de enero las farmacias adheridas al <strong>programa TAR <\/strong>empezaron a notificar positivos de los <strong>auto tests<\/strong> realizados en el domicilio. Ya son<strong> m\u00e1s de 311.304 los positivos <\/strong>comunicados al Departamento de Salud desde las <strong>farmacias<\/strong>,<strong> <\/strong>que se traducen en llamadas y consultas evitadas en los Centros de Atenci\u00f3n Primaria. En el momento de registrar lo positivo, los <strong>farmac\u00e9uticos<\/strong> realizan una importante <strong>tarea de educaci\u00f3n sanitaria<\/strong> resolviendo dudas de la poblaci\u00f3n y, por tanto, la farmacia catalana contribuye a la <strong>descongesti\u00f3n<\/strong> del<strong> sistema sanitario.<\/strong><\/p> <\/div>\n\n\n\n<p><\/p>","protected":false},"excerpt":{"rendered":"<p>En tan s\u00f3lo un mes, del 10 de enero al 6 de febrero, las farmacias catalanas han supervisado una media diaria de casi 20.000 tests de ant\u00edgenos financiados dirigidos a miembros de la comunidad educativa, llegando a picos m\u00e1ximos de m\u00e1s de 35.000 pruebas en d\u00eda. \u00c9ste es el balance [\u2026]<\/p>","protected":false},"author":1,"featured_media":67983,"comment_status":"open","ping_status":"open","sticky":false,"template":"","format":"standard","meta":{"_uag_custom_page_level_css":"","site-sidebar-layout":"default","site-content-layout":"","ast-site-content-layout":"default","site-content-style":"default","site-sidebar-style":"default","ast-global-header-display":"","ast-banner-title-visibility":"","ast-main-header-display":"","ast-hfb-above-header-display":"","ast-hfb-below-header-display":"","ast-hfb-mobile-header-display":"","site-post-title":"","ast-breadcrumbs-content":"","ast-featured-img":"disabled","footer-sml-layout":"","theme-transparent-header-meta":"","adv-header-id-meta":"","stick-header-meta":"","header-above-stick-meta":"","header-main-stick-meta":"","header-below-stick-meta":"","astra-migrate-meta-layouts":"default","ast-page-background-enabled":"default","ast-page-background-meta":{"desktop":{"background-color":"var(--ast-global-color-4)","background-image":"","background-repeat":"repeat","background-position":"center center","background-size":"auto","background-attachment":"scroll","background-type":"","background-media":"","overlay-type":"","overlay-color":"","overlay-opacity":"","overlay-gradient":""},"tablet":{"background-color":"","background-image":"","background-repeat":"repeat","background-position":"center center","background-size":"auto","background-attachment":"scroll","background-type":"","background-media":"","overlay-type":"","overlay-color":"","overlay-opacity":"","overlay-gradient":""},"mobile":{"background-color":"","background-image":"","background-repeat":"repeat","background-position":"center center","background-size":"auto","background-attachment":"scroll","background-type":"","background-media":"","overlay-type":"","overlay-color":"","overlay-opacity":"","overlay-gradient":""}},"ast-content-background-meta":{"desktop":{"background-color":"var(--ast-global-color-5)","background-image":"","background-repeat":"repeat","background-position":"center center","background-size":"auto","background-attachment":"scroll","background-type":"","background-media":"","overlay-type":"","overlay-color":"","overlay-opacity":"","overlay-gradient":""},"tablet":{"background-color":"var(--ast-global-color-5)","background-image":"","background-repeat":"repeat","background-position":"center center","background-size":"auto","background-attachment":"scroll","background-type":"","background-media":"","overlay-type":"","overlay-color":"","overlay-opacity":"","overlay-gradient":""},"mobile":{"background-color":"var(--ast-global-color-5)","background-image":"","background-repeat":"repeat","background-position":"center center","background-size":"auto","background-attachment":"scroll","background-type":"","background-media":"","overlay-type":"","overlay-color":"","overlay-opacity":"","overlay-gradient":""}},"footnotes":""},"categories":[23,57],"tags":[64,493,18,19,494,90,53,68,69,70,495,76,262,496,96,497,498],"class_list":["post-60388","post","type-post","status-publish","format-standard","has-post-thumbnail","hentry","category-destacats","category-mon-collegial","tag-atencio-farmaceutica","tag-autotest","tag-cofb","tag-collegi-de-farmaceutics-de-barcelona","tag-covid","tag-covid-19","tag-farmaceutics","tag-farmacia","tag-farmacia-comunitaria","tag-formacio","tag-notificacio-de-positius","tag-oficina-de-farmacia","tag-oficines-de-farmacia","tag-positius","tag-salut-publica","tag-tests-covid","tag-tests-dantigens"],"yoast_head":"<!-- This site is optimized with the Yoast SEO plugin v22.4 - https:\/\/yoast.com\/wordpress\/plugins\/seo\/ -->\n<title>L\u2019acci\u00f3 conjunta entre Salut i les farm\u00e0cies ha perm\u00e8s realitzar 476.330 TAR finan\u00e7ats, des de l\u2019inici del segon trimestre escolar, adre\u00e7ats a la comunitat educativa - Col\u00b7legi de Farmac\u00e8utics de Barcelona<\/title>\n<meta name=\"robots\" content=\"index, follow, max-snippet:-1, max-image-preview:large, max-video-preview:-1\" \/>\n<link rel=\"canonical\" href=\"https:\/\/novaorg.cofb.net\/2022\/02\/07\/laccio-conjunta-entre-salut-i-les-farmacies-ha-permes-realitzar-476-330-tar-financats-des-de-linici-del-segon-trimestre-escolar-adrecats-a-la-comunitat-educativa\/\" \/>\n<meta property=\"og:locale\" content=\"es_ES\" \/>\n<meta property=\"og:type\" content=\"article\" \/>\n<meta property=\"og:title\" content=\"L\u2019acci\u00f3 conjunta entre Salut i les farm\u00e0cies ha perm\u00e8s realitzar 476.330 TAR finan\u00e7ats, des de l\u2019inici del segon trimestre escolar, adre\u00e7ats a la comunitat educativa - Col\u00b7legi de Farmac\u00e8utics de Barcelona\" \/>\n<meta property=\"og:description\" content=\"En tan sols un mes, del 10 de gener al 6 de febrer, les farm\u00e0cies catalanes han supervisat una mitjana di\u00e0ria de gaireb\u00e9 20.000 tests d\u2019ant\u00edgens finan\u00e7ats adre\u00e7ats a membres de la comunitat educativa, havent arribat a pics m\u00e0xims de m\u00e9s de 35.000 proves al dia. Aquest \u00e9s el balan\u00e7 [&hellip;]\" \/>\n<meta property=\"og:url\" content=\"https:\/\/novaorg.cofb.net\/2022\/02\/07\/laccio-conjunta-entre-salut-i-les-farmacies-ha-permes-realitzar-476-330-tar-financats-des-de-linici-del-segon-trimestre-escolar-adrecats-a-la-comunitat-educativa\/\" \/>\n<meta property=\"og:site_name\" content=\"Col\u00b7legi de Farmac\u00e8utics de Barcelona\" \/>\n<meta property=\"article:publisher\" content=\"https:\/\/www.facebook.com\/farmaceuticsbcn\/\" \/>\n<meta property=\"article:published_time\" content=\"2022-02-07T15:43:25+00:00\" \/>\n<meta property=\"article:modified_time\" content=\"2023-09-21T09:46:08+00:00\" \/>\n<meta property=\"og:image\" content=\"https:\/\/novaorg.cofb.net\/wp-content\/uploads\/2023\/07\/TAR-Escoles-1024x508-1.png\" \/>\n\t<meta property=\"og:image:width\" content=\"1024\" \/>\n\t<meta property=\"og:image:height\" content=\"508\" \/>\n\t<meta property=\"og:image:type\" content=\"image\/png\" \/>\n<meta name=\"author\" content=\"wpAdminCofbOrg\" \/>\n<meta name=\"twitter:card\" content=\"summary_large_image\" \/>\n<meta name=\"twitter:creator\" content=\"@farmaceuticsbcn\" \/>\n<meta name=\"twitter:site\" content=\"@farmaceuticsbcn\" \/>\n<meta name=\"twitter:label1\" content=\"Escrito por\" \/>\n\t<meta name=\"twitter:data1\" content=\"wpAdminCofbOrg\" \/>\n\t<meta name=\"twitter:label2\" content=\"Tiempo de lectura\" \/>\n\t<meta name=\"twitter:data2\" content=\"4 minutos\" \/>\n<script type=\"application\/ld+json\" class=\"yoast-schema-graph\">{\"@context\":\"https:\/\/schema.org\",\"@graph\":[{\"@type\":\"Article\",\"@id\":\"https:\/\/novaorg.cofb.net\/2022\/02\/07\/laccio-conjunta-entre-salut-i-les-farmacies-ha-permes-realitzar-476-330-tar-financats-des-de-linici-del-segon-trimestre-escolar-adrecats-a-la-comunitat-educativa\/#article\",\"isPartOf\":{\"@id\":\"https:\/\/novaorg.cofb.net\/2022\/02\/07\/laccio-conjunta-entre-salut-i-les-farmacies-ha-permes-realitzar-476-330-tar-financats-des-de-linici-del-segon-trimestre-escolar-adrecats-a-la-comunitat-educativa\/\"},\"author\":{\"name\":\"wpAdminCofbOrg\",\"@id\":\"https:\/\/www.cofb.org\/#\/schema\/person\/22ed7eea88da74b0fa4d3154ad87ffcb\"},\"headline\":\"L\u2019acci\u00f3 conjunta entre Salut i les farm\u00e0cies ha perm\u00e8s realitzar 476.330 TAR finan\u00e7ats, des de l\u2019inici del segon trimestre escolar, adre\u00e7ats a la comunitat educativa\",\"datePublished\":\"2022-02-07T15:43:25+00:00\",\"dateModified\":\"2023-09-21T09:46:08+00:00\",\"mainEntityOfPage\":{\"@id\":\"https:\/\/novaorg.cofb.net\/2022\/02\/07\/laccio-conjunta-entre-salut-i-les-farmacies-ha-permes-realitzar-476-330-tar-financats-des-de-linici-del-segon-trimestre-escolar-adrecats-a-la-comunitat-educativa\/\"},\"wordCount\":728,\"commentCount\":0,\"publisher\":{\"@id\":\"https:\/\/www.cofb.org\/#organization\"},\"image\":{\"@id\":\"https:\/\/novaorg.cofb.net\/2022\/02\/07\/laccio-conjunta-entre-salut-i-les-farmacies-ha-permes-realitzar-476-330-tar-financats-des-de-linici-del-segon-trimestre-escolar-adrecats-a-la-comunitat-educativa\/#primaryimage\"},\"thumbnailUrl\":\"https:\/\/www.cofb.org\/wp-content\/uploads\/2023\/07\/TAR-Escoles-1024x508-1.png\",\"keywords\":[\"Atenci\u00f3 farmac\u00e8utica\",\"autotest\",\"COFB\",\"Col\u00b7legi de Farmac\u00e8utics de Barcelona\",\"covid\",\"COVID-19\",\"farmac\u00e8utics\",\"Farm\u00e0cia\",\"farm\u00e0cia comunit\u00e0ria\",\"Formaci\u00f3\",\"notificaci\u00f3 de positius\",\"Oficina de farm\u00e0cia\",\"oficines de farm\u00e0cia\",\"positius\",\"Salut p\u00fablica\",\"tests COVID\",\"Tests d'ant\u00edgens\"],\"articleSection\":[\"Destacats\",\"M\u00f3n col\u00b7legial\"],\"inLanguage\":\"es\",\"potentialAction\":[{\"@type\":\"CommentAction\",\"name\":\"Comment\",\"target\":[\"https:\/\/novaorg.cofb.net\/2022\/02\/07\/laccio-conjunta-entre-salut-i-les-farmacies-ha-permes-realitzar-476-330-tar-financats-des-de-linici-del-segon-trimestre-escolar-adrecats-a-la-comunitat-educativa\/#respond\"]}]},{\"@type\":\"WebPage\",\"@id\":\"https:\/\/novaorg.cofb.net\/2022\/02\/07\/laccio-conjunta-entre-salut-i-les-farmacies-ha-permes-realitzar-476-330-tar-financats-des-de-linici-del-segon-trimestre-escolar-adrecats-a-la-comunitat-educativa\/\",\"url\":\"https:\/\/novaorg.cofb.net\/2022\/02\/07\/laccio-conjunta-entre-salut-i-les-farmacies-ha-permes-realitzar-476-330-tar-financats-des-de-linici-del-segon-trimestre-escolar-adrecats-a-la-comunitat-educativa\/\",\"name\":\"L\u2019acci\u00f3 conjunta entre Salut i les farm\u00e0cies ha perm\u00e8s realitzar 476.330 TAR finan\u00e7ats, des de l\u2019inici del segon trimestre escolar, adre\u00e7ats a la comunitat educativa - Col\u00b7legi de Farmac\u00e8utics de Barcelona\",\"isPartOf\":{\"@id\":\"https:\/\/www.cofb.org\/#website\"},\"primaryImageOfPage\":{\"@id\":\"https:\/\/novaorg.cofb.net\/2022\/02\/07\/laccio-conjunta-entre-salut-i-les-farmacies-ha-permes-realitzar-476-330-tar-financats-des-de-linici-del-segon-trimestre-escolar-adrecats-a-la-comunitat-educativa\/#primaryimage\"},\"image\":{\"@id\":\"https:\/\/novaorg.cofb.net\/2022\/02\/07\/laccio-conjunta-entre-salut-i-les-farmacies-ha-permes-realitzar-476-330-tar-financats-des-de-linici-del-segon-trimestre-escolar-adrecats-a-la-comunitat-educativa\/#primaryimage\"},\"thumbnailUrl\":\"https:\/\/www.cofb.org\/wp-content\/uploads\/2023\/07\/TAR-Escoles-1024x508-1.png\",\"datePublished\":\"2022-02-07T15:43:25+00:00\",\"dateModified\":\"2023-09-21T09:46:08+00:00\",\"breadcrumb\":{\"@id\":\"https:\/\/novaorg.cofb.net\/2022\/02\/07\/laccio-conjunta-entre-salut-i-les-farmacies-ha-permes-realitzar-476-330-tar-financats-des-de-linici-del-segon-trimestre-escolar-adrecats-a-la-comunitat-educativa\/#breadcrumb\"},\"inLanguage\":\"es\",\"potentialAction\":[{\"@type\":\"ReadAction\",\"target\":[\"https:\/\/novaorg.cofb.net\/2022\/02\/07\/laccio-conjunta-entre-salut-i-les-farmacies-ha-permes-realitzar-476-330-tar-financats-des-de-linici-del-segon-trimestre-escolar-adrecats-a-la-comunitat-educativa\/\"]}]},{\"@type\":\"ImageObject\",\"inLanguage\":\"es\",\"@id\":\"https:\/\/novaorg.cofb.net\/2022\/02\/07\/laccio-conjunta-entre-salut-i-les-farmacies-ha-permes-realitzar-476-330-tar-financats-des-de-linici-del-segon-trimestre-escolar-adrecats-a-la-comunitat-educativa\/#primaryimage\",\"url\":\"https:\/\/www.cofb.org\/wp-content\/uploads\/2023\/07\/TAR-Escoles-1024x508-1.png\",\"contentUrl\":\"https:\/\/www.cofb.org\/wp-content\/uploads\/2023\/07\/TAR-Escoles-1024x508-1.png\",\"width\":1024,\"height\":508},{\"@type\":\"BreadcrumbList\",\"@id\":\"https:\/\/novaorg.cofb.net\/2022\/02\/07\/laccio-conjunta-entre-salut-i-les-farmacies-ha-permes-realitzar-476-330-tar-financats-des-de-linici-del-segon-trimestre-escolar-adrecats-a-la-comunitat-educativa\/#breadcrumb\",\"itemListElement\":[{\"@type\":\"ListItem\",\"position\":1,\"name\":\"Inici\",\"item\":\"https:\/\/novaorg.cofb.net\/\"},{\"@type\":\"ListItem\",\"position\":2,\"name\":\"L\u2019acci\u00f3 conjunta entre Salut i les farm\u00e0cies ha perm\u00e8s realitzar 476.330 TAR finan\u00e7ats, des de l\u2019inici del segon trimestre escolar, adre\u00e7ats a la comunitat educativa\"}]},{\"@type\":\"WebSite\",\"@id\":\"https:\/\/www.cofb.org\/#website\",\"url\":\"https:\/\/www.cofb.org\/\",\"name\":\"Col\u00b7legi de Farmac\u00e8utics de Barcelona\",\"description\":\"\",\"publisher\":{\"@id\":\"https:\/\/www.cofb.org\/#organization\"},\"potentialAction\":[{\"@type\":\"SearchAction\",\"target\":{\"@type\":\"EntryPoint\",\"urlTemplate\":\"https:\/\/www.cofb.org\/?s={search_term_string}\"},\"query-input\":\"required name=search_term_string\"}],\"inLanguage\":\"es\"},{\"@type\":\"Organization\",\"@id\":\"https:\/\/www.cofb.org\/#organization\",\"name\":\"Col\u00b7legi de Farmac\u00e8utics de Barcelona\",\"url\":\"https:\/\/www.cofb.org\/\",\"logo\":{\"@type\":\"ImageObject\",\"inLanguage\":\"es\",\"@id\":\"https:\/\/www.cofb.org\/#\/schema\/logo\/image\/\",\"url\":\"https:\/\/www.cofb.org\/wp-content\/uploads\/2023\/11\/cropped-Logotip-COFB.png\",\"contentUrl\":\"https:\/\/www.cofb.org\/wp-content\/uploads\/2023\/11\/cropped-Logotip-COFB.png\",\"width\":500,\"height\":105,\"caption\":\"Col\u00b7legi de Farmac\u00e8utics de Barcelona\"},\"image\":{\"@id\":\"https:\/\/www.cofb.org\/#\/schema\/logo\/image\/\"},\"sameAs\":[\"https:\/\/www.facebook.com\/farmaceuticsbcn\/\",\"https:\/\/twitter.com\/farmaceuticsbcn\",\"https:\/\/www.instagram.com\/farmaceuticsbcn\/\",\"https:\/\/www.linkedin.com\/company\/farmaceuticsbcn\/\"]},{\"@type\":\"Person\",\"@id\":\"https:\/\/www.cofb.org\/#\/schema\/person\/22ed7eea88da74b0fa4d3154ad87ffcb\",\"name\":\"wpAdminCofbOrg\",\"image\":{\"@type\":\"ImageObject\",\"inLanguage\":\"es\",\"@id\":\"https:\/\/www.cofb.org\/#\/schema\/person\/image\/\",\"url\":\"https:\/\/secure.gravatar.com\/avatar\/1721b20b3b8ca882c3b56ec6c978c594fff670e40c0718e9190eaeeb76aae7d8?s=96&d=mm&r=g\",\"contentUrl\":\"https:\/\/secure.gravatar.com\/avatar\/1721b20b3b8ca882c3b56ec6c978c594fff670e40c0718e9190eaeeb76aae7d8?s=96&d=mm&r=g\",\"caption\":\"wpAdminCofbOrg\"},\"sameAs\":[\"http:\/\/192.168.64.122\/wordpress\"],\"url\":\"https:\/\/www.cofb.org\/es\/author\/wpadmincofborg\/\"}]}<\/script>\n<!-- \/ Yoast SEO plugin. -->","yoast_head_json":{"title":"L\u2019acci\u00f3 conjunta entre Salut i les farm\u00e0cies ha perm\u00e8s realitzar 476.330 TAR finan\u00e7ats, des de l\u2019inici del segon trimestre escolar, adre\u00e7ats a la comunitat educativa - Col\u00b7legi de Farmac\u00e8utics de Barcelona","robots":{"index":"index","follow":"follow","max-snippet":"max-snippet:-1","max-image-preview":"max-image-preview:large","max-video-preview":"max-video-preview:-1"},"canonical":"https:\/\/novaorg.cofb.net\/2022\/02\/07\/laccio-conjunta-entre-salut-i-les-farmacies-ha-permes-realitzar-476-330-tar-financats-des-de-linici-del-segon-trimestre-escolar-adrecats-a-la-comunitat-educativa\/","og_locale":"es_ES","og_type":"article","og_title":"L\u2019acci\u00f3 conjunta entre Salut i les farm\u00e0cies ha perm\u00e8s realitzar 476.330 TAR finan\u00e7ats, des de l\u2019inici del segon trimestre escolar, adre\u00e7ats a la comunitat educativa - Col\u00b7legi de Farmac\u00e8utics de Barcelona","og_description":"En tan sols un mes, del 10 de gener al 6 de febrer, les farm\u00e0cies catalanes han supervisat una mitjana di\u00e0ria de gaireb\u00e9 20.000 tests d\u2019ant\u00edgens finan\u00e7ats adre\u00e7ats a membres de la comunitat educativa, havent arribat a pics m\u00e0xims de m\u00e9s de 35.000 proves al dia. Aquest \u00e9s el balan\u00e7 [&hellip;]","og_url":"https:\/\/novaorg.cofb.net\/2022\/02\/07\/laccio-conjunta-entre-salut-i-les-farmacies-ha-permes-realitzar-476-330-tar-financats-des-de-linici-del-segon-trimestre-escolar-adrecats-a-la-comunitat-educativa\/","og_site_name":"Col\u00b7legi de Farmac\u00e8utics de Barcelona","article_publisher":"https:\/\/www.facebook.com\/farmaceuticsbcn\/","article_published_time":"2022-02-07T15:43:25+00:00","article_modified_time":"2023-09-21T09:46:08+00:00","og_image":[{"width":1024,"height":508,"url":"https:\/\/novaorg.cofb.net\/wp-content\/uploads\/2023\/07\/TAR-Escoles-1024x508-1.png","type":"image\/png"}],"author":"wpAdminCofbOrg","twitter_card":"summary_large_image","twitter_creator":"@farmaceuticsbcn","twitter_site":"@farmaceuticsbcn","twitter_misc":{"Escrito por":"wpAdminCofbOrg","Tiempo de lectura":"4 minutos"},"schema":{"@context":"https:\/\/schema.org","@graph":[{"@type":"Article","@id":"https:\/\/novaorg.cofb.net\/2022\/02\/07\/laccio-conjunta-entre-salut-i-les-farmacies-ha-permes-realitzar-476-330-tar-financats-des-de-linici-del-segon-trimestre-escolar-adrecats-a-la-comunitat-educativa\/#article","isPartOf":{"@id":"https:\/\/novaorg.cofb.net\/2022\/02\/07\/laccio-conjunta-entre-salut-i-les-farmacies-ha-permes-realitzar-476-330-tar-financats-des-de-linici-del-segon-trimestre-escolar-adrecats-a-la-comunitat-educativa\/"},"author":{"name":"wpAdminCofbOrg","@id":"https:\/\/www.cofb.org\/#\/schema\/person\/22ed7eea88da74b0fa4d3154ad87ffcb"},"headline":"L\u2019acci\u00f3 conjunta entre Salut i les farm\u00e0cies ha perm\u00e8s realitzar 476.330 TAR finan\u00e7ats, des de l\u2019inici del segon trimestre escolar, adre\u00e7ats a la comunitat educativa","datePublished":"2022-02-07T15:43:25+00:00","dateModified":"2023-09-21T09:46:08+00:00","mainEntityOfPage":{"@id":"https:\/\/novaorg.cofb.net\/2022\/02\/07\/laccio-conjunta-entre-salut-i-les-farmacies-ha-permes-realitzar-476-330-tar-financats-des-de-linici-del-segon-trimestre-escolar-adrecats-a-la-comunitat-educativa\/"},"wordCount":728,"commentCount":0,"publisher":{"@id":"https:\/\/www.cofb.org\/#organization"},"image":{"@id":"https:\/\/novaorg.cofb.net\/2022\/02\/07\/laccio-conjunta-entre-salut-i-les-farmacies-ha-permes-realitzar-476-330-tar-financats-des-de-linici-del-segon-trimestre-escolar-adrecats-a-la-comunitat-educativa\/#primaryimage"},"thumbnailUrl":"https:\/\/www.cofb.org\/wp-content\/uploads\/2023\/07\/TAR-Escoles-1024x508-1.png","keywords":["Atenci\u00f3 farmac\u00e8utica","autotest","COFB","Col\u00b7legi de Farmac\u00e8utics de Barcelona","covid","COVID-19","farmac\u00e8utics","Farm\u00e0cia","farm\u00e0cia comunit\u00e0ria","Formaci\u00f3","notificaci\u00f3 de positius","Oficina de farm\u00e0cia","oficines de farm\u00e0cia","positius","Salut p\u00fablica","tests COVID","Tests d'ant\u00edgens"],"articleSection":["Destacats","M\u00f3n col\u00b7legial"],"inLanguage":"es","potentialAction":[{"@type":"CommentAction","name":"Comment","target":["https:\/\/novaorg.cofb.net\/2022\/02\/07\/laccio-conjunta-entre-salut-i-les-farmacies-ha-permes-realitzar-476-330-tar-financats-des-de-linici-del-segon-trimestre-escolar-adrecats-a-la-comunitat-educativa\/#respond"]}]},{"@type":"WebPage","@id":"https:\/\/novaorg.cofb.net\/2022\/02\/07\/laccio-conjunta-entre-salut-i-les-farmacies-ha-permes-realitzar-476-330-tar-financats-des-de-linici-del-segon-trimestre-escolar-adrecats-a-la-comunitat-educativa\/","url":"https:\/\/novaorg.cofb.net\/2022\/02\/07\/laccio-conjunta-entre-salut-i-les-farmacies-ha-permes-realitzar-476-330-tar-financats-des-de-linici-del-segon-trimestre-escolar-adrecats-a-la-comunitat-educativa\/","name":"L\u2019acci\u00f3 conjunta entre Salut i les farm\u00e0cies ha perm\u00e8s realitzar 476.330 TAR finan\u00e7ats, des de l\u2019inici del segon trimestre escolar, adre\u00e7ats a la comunitat educativa - Col\u00b7legi de Farmac\u00e8utics de Barcelona","isPartOf":{"@id":"https:\/\/www.cofb.org\/#website"},"primaryImageOfPage":{"@id":"https:\/\/novaorg.cofb.net\/2022\/02\/07\/laccio-conjunta-entre-salut-i-les-farmacies-ha-permes-realitzar-476-330-tar-financats-des-de-linici-del-segon-trimestre-escolar-adrecats-a-la-comunitat-educativa\/#primaryimage"},"image":{"@id":"https:\/\/novaorg.cofb.net\/2022\/02\/07\/laccio-conjunta-entre-salut-i-les-farmacies-ha-permes-realitzar-476-330-tar-financats-des-de-linici-del-segon-trimestre-escolar-adrecats-a-la-comunitat-educativa\/#primaryimage"},"thumbnailUrl":"https:\/\/www.cofb.org\/wp-content\/uploads\/2023\/07\/TAR-Escoles-1024x508-1.png","datePublished":"2022-02-07T15:43:25+00:00","dateModified":"2023-09-21T09:46:08+00:00","breadcrumb":{"@id":"https:\/\/novaorg.cofb.net\/2022\/02\/07\/laccio-conjunta-entre-salut-i-les-farmacies-ha-permes-realitzar-476-330-tar-financats-des-de-linici-del-segon-trimestre-escolar-adrecats-a-la-comunitat-educativa\/#breadcrumb"},"inLanguage":"es","potentialAction":[{"@type":"ReadAction","target":["https:\/\/novaorg.cofb.net\/2022\/02\/07\/laccio-conjunta-entre-salut-i-les-farmacies-ha-permes-realitzar-476-330-tar-financats-des-de-linici-del-segon-trimestre-escolar-adrecats-a-la-comunitat-educativa\/"]}]},{"@type":"ImageObject","inLanguage":"es","@id":"https:\/\/novaorg.cofb.net\/2022\/02\/07\/laccio-conjunta-entre-salut-i-les-farmacies-ha-permes-realitzar-476-330-tar-financats-des-de-linici-del-segon-trimestre-escolar-adrecats-a-la-comunitat-educativa\/#primaryimage","url":"https:\/\/www.cofb.org\/wp-content\/uploads\/2023\/07\/TAR-Escoles-1024x508-1.png","contentUrl":"https:\/\/www.cofb.org\/wp-content\/uploads\/2023\/07\/TAR-Escoles-1024x508-1.png","width":1024,"height":508},{"@type":"BreadcrumbList","@id":"https:\/\/novaorg.cofb.net\/2022\/02\/07\/laccio-conjunta-entre-salut-i-les-farmacies-ha-permes-realitzar-476-330-tar-financats-des-de-linici-del-segon-trimestre-escolar-adrecats-a-la-comunitat-educativa\/#breadcrumb","itemListElement":[{"@type":"ListItem","position":1,"name":"Inici","item":"https:\/\/novaorg.cofb.net\/"},{"@type":"ListItem","position":2,"name":"L\u2019acci\u00f3 conjunta entre Salut i les farm\u00e0cies ha perm\u00e8s realitzar 476.330 TAR finan\u00e7ats, des de l\u2019inici del segon trimestre escolar, adre\u00e7ats a la comunitat educativa"}]},{"@type":"WebSite","@id":"https:\/\/www.cofb.org\/#website","url":"https:\/\/www.cofb.org\/","name":"Col\u00b7legi de Farmac\u00e8utics de Barcelona","description":"","publisher":{"@id":"https:\/\/www.cofb.org\/#organization"},"potentialAction":[{"@type":"SearchAction","target":{"@type":"EntryPoint","urlTemplate":"https:\/\/www.cofb.org\/?s={search_term_string}"},"query-input":"required name=search_term_string"}],"inLanguage":"es"},{"@type":"Organization","@id":"https:\/\/www.cofb.org\/#organization","name":"Col\u00b7legi de Farmac\u00e8utics de Barcelona","url":"https:\/\/www.cofb.org\/","logo":{"@type":"ImageObject","inLanguage":"es","@id":"https:\/\/www.cofb.org\/#\/schema\/logo\/image\/","url":"https:\/\/www.cofb.org\/wp-content\/uploads\/2023\/11\/cropped-Logotip-COFB.png","contentUrl":"https:\/\/www.cofb.org\/wp-content\/uploads\/2023\/11\/cropped-Logotip-COFB.png","width":500,"height":105,"caption":"Col\u00b7legi de Farmac\u00e8utics de Barcelona"},"image":{"@id":"https:\/\/www.cofb.org\/#\/schema\/logo\/image\/"},"sameAs":["https:\/\/www.facebook.com\/farmaceuticsbcn\/","https:\/\/twitter.com\/farmaceuticsbcn","https:\/\/www.instagram.com\/farmaceuticsbcn\/","https:\/\/www.linkedin.com\/company\/farmaceuticsbcn\/"]},{"@type":"Person","@id":"https:\/\/www.cofb.org\/#\/schema\/person\/22ed7eea88da74b0fa4d3154ad87ffcb","name":"wpAdminCofbOrg","image":{"@type":"ImageObject","inLanguage":"es","@id":"https:\/\/www.cofb.org\/#\/schema\/person\/image\/","url":"https:\/\/secure.gravatar.com\/avatar\/1721b20b3b8ca882c3b56ec6c978c594fff670e40c0718e9190eaeeb76aae7d8?s=96&d=mm&r=g","contentUrl":"https:\/\/secure.gravatar.com\/avatar\/1721b20b3b8ca882c3b56ec6c978c594fff670e40c0718e9190eaeeb76aae7d8?s=96&d=mm&r=g","caption":"wpAdminCofbOrg"},"sameAs":["http:\/\/192.168.64.122\/wordpress"],"url":"https:\/\/www.cofb.org\/es\/author\/wpadmincofborg\/"}]}},"uagb_featured_image_src":{"full":["https:\/\/www.cofb.org\/wp-content\/uploads\/2023\/07\/TAR-Escoles-1024x508-1.png",1024,508,false],"thumbnail":["https:\/\/www.cofb.org\/wp-content\/uploads\/2023\/07\/TAR-Escoles-1024x508-1-150x150.png",150,150,true],"medium":["https:\/\/www.cofb.org\/wp-content\/uploads\/2023\/07\/TAR-Escoles-1024x508-1-300x149.png",300,149,true],"medium_large":["https:\/\/www.cofb.org\/wp-content\/uploads\/2023\/07\/TAR-Escoles-1024x508-1-768x381.png",768,381,true],"large":["https:\/\/www.cofb.org\/wp-content\/uploads\/2023\/07\/TAR-Escoles-1024x508-1.png",1024,508,false],"1536x1536":["https:\/\/www.cofb.org\/wp-content\/uploads\/2023\/07\/TAR-Escoles-1024x508-1.png",1024,508,false],"2048x2048":["https:\/\/www.cofb.org\/wp-content\/uploads\/2023\/07\/TAR-Escoles-1024x508-1.png",1024,508,false],"trp-custom-language-flag":["https:\/\/www.cofb.org\/wp-content\/uploads\/2023\/07\/TAR-Escoles-1024x508-1.png",18,9,false]},"uagb_author_info":{"display_name":"wpAdminCofbOrg","author_link":"https:\/\/www.cofb.org\/es\/author\/wpadmincofborg\/"},"uagb_comment_info":0,"uagb_excerpt":"En tan sols un mes, del 10 de gener al 6 de febrer, les farm\u00e0cies catalanes han supervisat una mitjana di\u00e0ria de gaireb\u00e9 20.000 tests d\u2019ant\u00edgens finan\u00e7ats adre\u00e7ats a membres de la comunitat educativa, havent arribat a pics m\u00e0xims de m\u00e9s de 35.000 proves al dia. Aquest \u00e9s el balan\u00e7 [&hellip;]","_links":{"self":[{"href":"https:\/\/www.cofb.org\/es\/wp-json\/wp\/v2\/posts\/60388","targetHints":{"allow":["GET"]}}],"collection":[{"href":"https:\/\/www.cofb.org\/es\/wp-json\/wp\/v2\/posts"}],"about":[{"href":"https:\/\/www.cofb.org\/es\/wp-json\/wp\/v2\/types\/post"}],"author":[{"embeddable":true,"href":"https:\/\/www.cofb.org\/es\/wp-json\/wp\/v2\/users\/1"}],"replies":[{"embeddable":true,"href":"https:\/\/www.cofb.org\/es\/wp-json\/wp\/v2\/comments?post=60388"}],"version-history":[{"count":2,"href":"https:\/\/www.cofb.org\/es\/wp-json\/wp\/v2\/posts\/60388\/revisions"}],"predecessor-version":[{"id":68761,"href":"https:\/\/www.cofb.org\/es\/wp-json\/wp\/v2\/posts\/60388\/revisions\/68761"}],"wp:featuredmedia":[{"embeddable":true,"href":"https:\/\/www.cofb.org\/es\/wp-json\/wp\/v2\/media\/67983"}],"wp:attachment":[{"href":"https:\/\/www.cofb.org\/es\/wp-json\/wp\/v2\/media?parent=60388"}],"wp:term":[{"taxonomy":"category","embeddable":true,"href":"https:\/\/www.cofb.org\/es\/wp-json\/wp\/v2\/categories?post=60388"},{"taxonomy":"post_tag","embeddable":true,"href":"https:\/\/www.cofb.org\/es\/wp-json\/wp\/v2\/tags?post=60388"}],"curies":[{"name":"wp","href":"https:\/\/api.w.org\/{rel}","templated":true}]}}