{"id":60377,"date":"2022-02-07T12:39:00","date_gmt":"2022-02-07T10:39:00","guid":{"rendered":"https:\/\/blog.cofb.cat\/?p=60377"},"modified":"2023-09-21T09:46:31","modified_gmt":"2023-09-21T09:46:31","slug":"la-farmacia-comunitaria-una-aliada-clau-a-lestrategia-de-salut-publica","status":"publish","type":"post","link":"https:\/\/www.cofb.org\/es\/2022\/02\/07\/la-farmacia-comunitaria-una-aliada-clau-a-lestrategia-de-salut-publica\/","title":{"rendered":"La farmacia comunitaria, una aliada clave en la estrategia de Salud P\u00fablica"},"content":{"rendered":"<p><\/p>\n\n\n\n<h3 class=\"wp-block-heading\" id=\"tw-target-text\"><strong>Art\u00edculo de Jordi Casas, presidente del Colegio Oficial de Farmac\u00e9uticos de Barcelona<\/strong><\/h3>\n\n\n<div class=\"destacat-blog\">\n\n\n<h4 class=\"wp-block-heading\"><strong><em>\u201cNo olvidemos que toda esta actividad se est\u00e1 haciendo en el marco de una sexta ola de la pandemia sin precedentes, donde los farmac\u00e9uticos han asumido este compromiso por responsabilidad social, aun sabiendo que supondr\u00eda una fuerte carga asistencial adicional al trabajo diario \u201d.<\/em><\/strong><\/h4><\/div>\n\n\n\n<p>Cerramos los ojos e imaginamos. Imaginemos que el farmac\u00e9utico se ha convertido en un aliado clave en la estrategia de Salud P\u00fablica de detecci\u00f3n de casos de COVID-19. Imaginemos tambi\u00e9n que la farmacia es un recurso sanitario esencial para descongestionar la sobrecarga de los centros de atenci\u00f3n primaria (CAP). Ahora abrimos los ojos. La realidad no dista tanto de lo que siempre hab\u00edamos imaginado y esto significa que estamos en el camino correcto, <strong>rumbo hacia este concepto de farmacia asistencial e integrada en el Sistema Sanitario<\/strong>, del que hemos hablado tantas veces.<\/p>\n\n\n\n<figure class=\"wp-block-image size-full\"><img decoding=\"async\" src=\"https:\/\/blog.cofb.cat\/wp-content\/uploads\/2022\/02\/dc867b10-edc9-4391-9d8f-a92bd6184dab_16-9-aspect-ratio_800w_0.jpg\" alt=\"TAR supervisat per un farmac\u00e8utic a una membre de la comunitat educativa.\" class=\"wp-image-60386\" title=\"TAR supervisado por un farmac\u00e9utico a una miembro de la comunidad educativa.\"\/><figcaption class=\"wp-element-caption\">TAR supervisado por un farmac\u00e9utico a una miembro de la comunidad educativa. Quique Garc\u00eda \/ EFE<\/figcaption><\/figure>\n\n\n\n<p>Esta pandemia est\u00e1 poniendo las estructuras y profesionales sanitarios al l\u00edmite y esto ha obligado a optimizar todos los recursos disponibles y, en esta l\u00ednea, se cuenta con <strong>la farmacia como establecimiento sanitario <\/strong>para funciones m\u00e1s all\u00e1 de las relacionadas exclusivamente con la prestaci\u00f3n de medicamentos. En el caso de Catalunya, desde julio pasado, tenemos en marcha un proyecto pionero en Espa\u00f1a: el <strong>Programa TAR-OF<\/strong> (Test de Ant\u00edgenes R\u00e1pido en la Oficina de Farmacia). En el marco de esta iniciativa, se ha integrado la actividad de las farmacias en la red de vigilancia epidemiol\u00f3gica <strong>cribando miembros de la comunidad educativa<\/strong> <strong>mediante el uso de tests de ant\u00edgenos supervisados<\/strong>, de forma gratuita - se hace cargo el Servicio Catal\u00e1n de Salud-, y registrando el resultado directamente en la historia cl\u00ednica. Tambi\u00e9n se ofrece la posibilidad de hacer un <strong>test de ant\u00edgenos supervisado de forma no financiada<\/strong>, a petici\u00f3n del usuario. Desde su puesta en marcha, las m\u00e1s de 1.600 farmacias de Catalu\u00f1a participantes en el programa <strong>han supervisado m\u00e1s de 700.000 test de ant\u00edgenos y han detectado m\u00e1s de 50.000 casos positivos<\/strong>.<\/p>\n\n\n\n<p>Y recientemente, desde el 3 de enero, las farmacias catalanas tambi\u00e9n pueden <strong>comunicar los resultados positivos de los test de autodiagn\u00f3stico realizados a domicilio<\/strong> para que queden registrados en la historia cl\u00ednica. En total <strong>se han notificado m\u00e1s de 240.000 positivos en el Departament de Salut <\/strong>por esta v\u00eda adicional, demostrando la proximidad y profesionalidad que ofrece el farmac\u00e9utico comunitario integrado en las estrategias de salud p\u00fablica.<\/p>\n\n\n\n<p>No olvidemos que toda esta actividad se est\u00e1 realizando en el marco de una sexta ola de la pandemia sin precedentes, donde los farmac\u00e9uticos han asumido este compromiso por responsabilidad social, aun sabiendo que supondr\u00eda una fuerte carga asistencial adicional al trabajo diario. Porque <strong>como profesionales sanitarios es lo que mejor sabemos hacer, es lo que queremos hacer, y lo que continuaremos haciendo<\/strong>.<\/p>\n\n\n\n<p><strong>Originalmente publicada en la tribuna del diario <a rel=\"noreferrer noopener\" href=\"https:\/\/www.larazon.es\/salud\/20220204\/gjblfqgckjhm3on5eubhvzwcgm.html\" target=\"_blank\">La Raz\u00f3n<\/a><\/strong><\/p>\n\n\n\n<p><\/p>","protected":false},"excerpt":{"rendered":"<p>Art\u00edculo de Jordi Casas, presidente del Colegio Oficial de Farmac\u00e9uticos de Barcelona \u201cNo olvidemos que toda esta actividad se est\u00e1 realizando en el marco de una sexta ola de la pandemia sin precedentes, donde los farmac\u00e9uticos han asumido este compromiso por responsabilidad social , aun sabiendo que supondr\u00eda una fuerte carga asistencial [\u2026]<\/p>","protected":false},"author":1,"featured_media":67985,"comment_status":"open","ping_status":"open","sticky":false,"template":"","format":"standard","meta":{"_uag_custom_page_level_css":"","site-sidebar-layout":"default","site-content-layout":"","ast-site-content-layout":"default","site-content-style":"default","site-sidebar-style":"default","ast-global-header-display":"","ast-banner-title-visibility":"","ast-main-header-display":"","ast-hfb-above-header-display":"","ast-hfb-below-header-display":"","ast-hfb-mobile-header-display":"","site-post-title":"","ast-breadcrumbs-content":"","ast-featured-img":"disabled","footer-sml-layout":"","theme-transparent-header-meta":"","adv-header-id-meta":"","stick-header-meta":"","header-above-stick-meta":"","header-main-stick-meta":"","header-below-stick-meta":"","astra-migrate-meta-layouts":"default","ast-page-background-enabled":"default","ast-page-background-meta":{"desktop":{"background-color":"var(--ast-global-color-4)","background-image":"","background-repeat":"repeat","background-position":"center center","background-size":"auto","background-attachment":"scroll","background-type":"","background-media":"","overlay-type":"","overlay-color":"","overlay-opacity":"","overlay-gradient":""},"tablet":{"background-color":"","background-image":"","background-repeat":"repeat","background-position":"center center","background-size":"auto","background-attachment":"scroll","background-type":"","background-media":"","overlay-type":"","overlay-color":"","overlay-opacity":"","overlay-gradient":""},"mobile":{"background-color":"","background-image":"","background-repeat":"repeat","background-position":"center center","background-size":"auto","background-attachment":"scroll","background-type":"","background-media":"","overlay-type":"","overlay-color":"","overlay-opacity":"","overlay-gradient":""}},"ast-content-background-meta":{"desktop":{"background-color":"var(--ast-global-color-5)","background-image":"","background-repeat":"repeat","background-position":"center center","background-size":"auto","background-attachment":"scroll","background-type":"","background-media":"","overlay-type":"","overlay-color":"","overlay-opacity":"","overlay-gradient":""},"tablet":{"background-color":"var(--ast-global-color-5)","background-image":"","background-repeat":"repeat","background-position":"center center","background-size":"auto","background-attachment":"scroll","background-type":"","background-media":"","overlay-type":"","overlay-color":"","overlay-opacity":"","overlay-gradient":""},"mobile":{"background-color":"var(--ast-global-color-5)","background-image":"","background-repeat":"repeat","background-position":"center center","background-size":"auto","background-attachment":"scroll","background-type":"","background-media":"","overlay-type":"","overlay-color":"","overlay-opacity":"","overlay-gradient":""}},"footnotes":""},"categories":[23,489],"tags":[64,18,19,90,68,69,247,76,490,96,491,492],"class_list":["post-60377","post","type-post","status-publish","format-standard","has-post-thumbnail","hentry","category-destacats","category-opinions-del-collegi","tag-atencio-farmaceutica","tag-cofb","tag-collegi-de-farmaceutics-de-barcelona","tag-covid-19","tag-farmacia","tag-farmacia-comunitaria","tag-jordi-casas","tag-oficina-de-farmacia","tag-programa-tar","tag-salut-publica","tag-test-autodiagnostic","tag-tests-antigens"],"yoast_head":"<!-- This site is optimized with the Yoast SEO plugin v22.4 - https:\/\/yoast.com\/wordpress\/plugins\/seo\/ -->\n<title>La farm\u00e0cia comunit\u00e0ria, una aliada clau a l&#039;estrat\u00e8gia de Salut P\u00fablica - Col\u00b7legi de Farmac\u00e8utics de Barcelona<\/title>\n<meta name=\"description\" content=\"Tanquem els ulls i imaginem. Imaginem que el farmac\u00e8utic ha esdevingut un aliat clau en l&#039;estrat\u00e8gia de Salut P\u00fablica de detecci\u00f3 de casos de COVID-19...\" \/>\n<meta name=\"robots\" content=\"index, follow, max-snippet:-1, max-image-preview:large, max-video-preview:-1\" \/>\n<link rel=\"canonical\" href=\"https:\/\/novaorg.cofb.net\/2022\/02\/07\/la-farmacia-comunitaria-una-aliada-clau-a-lestrategia-de-salut-publica\/\" \/>\n<meta property=\"og:locale\" content=\"es_ES\" \/>\n<meta property=\"og:type\" content=\"article\" \/>\n<meta property=\"og:title\" content=\"La farm\u00e0cia comunit\u00e0ria, una aliada clau a l&#039;estrat\u00e8gia de Salut P\u00fablica - Col\u00b7legi de Farmac\u00e8utics de Barcelona\" \/>\n<meta property=\"og:description\" content=\"Tanquem els ulls i imaginem. Imaginem que el farmac\u00e8utic ha esdevingut un aliat clau en l&#039;estrat\u00e8gia de Salut P\u00fablica de detecci\u00f3 de casos de COVID-19...\" \/>\n<meta property=\"og:url\" content=\"https:\/\/novaorg.cofb.net\/2022\/02\/07\/la-farmacia-comunitaria-una-aliada-clau-a-lestrategia-de-salut-publica\/\" \/>\n<meta property=\"og:site_name\" content=\"Col\u00b7legi de Farmac\u00e8utics de Barcelona\" \/>\n<meta property=\"article:publisher\" content=\"https:\/\/www.facebook.com\/farmaceuticsbcn\/\" \/>\n<meta property=\"article:published_time\" content=\"2022-02-07T10:39:00+00:00\" \/>\n<meta property=\"article:modified_time\" content=\"2023-09-21T09:46:31+00:00\" \/>\n<meta property=\"og:image\" content=\"https:\/\/novaorg.cofb.net\/wp-content\/uploads\/2023\/07\/dc867b10-edc9-4391-9d8f-a92bd6184dab_16-9-aspect-ratio_800w_0.jpg\" \/>\n\t<meta property=\"og:image:width\" content=\"800\" \/>\n\t<meta property=\"og:image:height\" content=\"450\" \/>\n\t<meta property=\"og:image:type\" content=\"image\/jpeg\" \/>\n<meta name=\"author\" content=\"wpAdminCofbOrg\" \/>\n<meta name=\"twitter:card\" content=\"summary_large_image\" \/>\n<meta name=\"twitter:creator\" content=\"@farmaceuticsbcn\" \/>\n<meta name=\"twitter:site\" content=\"@farmaceuticsbcn\" \/>\n<meta name=\"twitter:label1\" content=\"Escrito por\" \/>\n\t<meta name=\"twitter:data1\" content=\"wpAdminCofbOrg\" \/>\n\t<meta name=\"twitter:label2\" content=\"Tiempo de lectura\" \/>\n\t<meta name=\"twitter:data2\" content=\"3 minutos\" \/>\n<script type=\"application\/ld+json\" class=\"yoast-schema-graph\">{\"@context\":\"https:\/\/schema.org\",\"@graph\":[{\"@type\":\"Article\",\"@id\":\"https:\/\/novaorg.cofb.net\/2022\/02\/07\/la-farmacia-comunitaria-una-aliada-clau-a-lestrategia-de-salut-publica\/#article\",\"isPartOf\":{\"@id\":\"https:\/\/novaorg.cofb.net\/2022\/02\/07\/la-farmacia-comunitaria-una-aliada-clau-a-lestrategia-de-salut-publica\/\"},\"author\":{\"name\":\"wpAdminCofbOrg\",\"@id\":\"https:\/\/www.cofb.org\/#\/schema\/person\/22ed7eea88da74b0fa4d3154ad87ffcb\"},\"headline\":\"La farm\u00e0cia comunit\u00e0ria, una aliada clau a l&#8217;estrat\u00e8gia de Salut P\u00fablica\",\"datePublished\":\"2022-02-07T10:39:00+00:00\",\"dateModified\":\"2023-09-21T09:46:31+00:00\",\"mainEntityOfPage\":{\"@id\":\"https:\/\/novaorg.cofb.net\/2022\/02\/07\/la-farmacia-comunitaria-una-aliada-clau-a-lestrategia-de-salut-publica\/\"},\"wordCount\":554,\"commentCount\":0,\"publisher\":{\"@id\":\"https:\/\/www.cofb.org\/#organization\"},\"image\":{\"@id\":\"https:\/\/novaorg.cofb.net\/2022\/02\/07\/la-farmacia-comunitaria-una-aliada-clau-a-lestrategia-de-salut-publica\/#primaryimage\"},\"thumbnailUrl\":\"https:\/\/www.cofb.org\/wp-content\/uploads\/2023\/07\/dc867b10-edc9-4391-9d8f-a92bd6184dab_16-9-aspect-ratio_800w_0.jpg\",\"keywords\":[\"Atenci\u00f3 farmac\u00e8utica\",\"COFB\",\"Col\u00b7legi de Farmac\u00e8utics de Barcelona\",\"COVID-19\",\"Farm\u00e0cia\",\"farm\u00e0cia comunit\u00e0ria\",\"Jordi Casas\",\"Oficina de farm\u00e0cia\",\"programa TAR\",\"Salut p\u00fablica\",\"test autodiagn\u00f2stic\",\"tests ant\u00edgens\"],\"articleSection\":[\"Destacats\",\"Opinions del Col\u00b7legi\"],\"inLanguage\":\"es\",\"potentialAction\":[{\"@type\":\"CommentAction\",\"name\":\"Comment\",\"target\":[\"https:\/\/novaorg.cofb.net\/2022\/02\/07\/la-farmacia-comunitaria-una-aliada-clau-a-lestrategia-de-salut-publica\/#respond\"]}]},{\"@type\":\"WebPage\",\"@id\":\"https:\/\/novaorg.cofb.net\/2022\/02\/07\/la-farmacia-comunitaria-una-aliada-clau-a-lestrategia-de-salut-publica\/\",\"url\":\"https:\/\/novaorg.cofb.net\/2022\/02\/07\/la-farmacia-comunitaria-una-aliada-clau-a-lestrategia-de-salut-publica\/\",\"name\":\"La farm\u00e0cia comunit\u00e0ria, una aliada clau a l'estrat\u00e8gia de Salut P\u00fablica - Col\u00b7legi de Farmac\u00e8utics de Barcelona\",\"isPartOf\":{\"@id\":\"https:\/\/www.cofb.org\/#website\"},\"primaryImageOfPage\":{\"@id\":\"https:\/\/novaorg.cofb.net\/2022\/02\/07\/la-farmacia-comunitaria-una-aliada-clau-a-lestrategia-de-salut-publica\/#primaryimage\"},\"image\":{\"@id\":\"https:\/\/novaorg.cofb.net\/2022\/02\/07\/la-farmacia-comunitaria-una-aliada-clau-a-lestrategia-de-salut-publica\/#primaryimage\"},\"thumbnailUrl\":\"https:\/\/www.cofb.org\/wp-content\/uploads\/2023\/07\/dc867b10-edc9-4391-9d8f-a92bd6184dab_16-9-aspect-ratio_800w_0.jpg\",\"datePublished\":\"2022-02-07T10:39:00+00:00\",\"dateModified\":\"2023-09-21T09:46:31+00:00\",\"description\":\"Tanquem els ulls i imaginem. Imaginem que el farmac\u00e8utic ha esdevingut un aliat clau en l'estrat\u00e8gia de Salut P\u00fablica de detecci\u00f3 de casos de COVID-19...\",\"breadcrumb\":{\"@id\":\"https:\/\/novaorg.cofb.net\/2022\/02\/07\/la-farmacia-comunitaria-una-aliada-clau-a-lestrategia-de-salut-publica\/#breadcrumb\"},\"inLanguage\":\"es\",\"potentialAction\":[{\"@type\":\"ReadAction\",\"target\":[\"https:\/\/novaorg.cofb.net\/2022\/02\/07\/la-farmacia-comunitaria-una-aliada-clau-a-lestrategia-de-salut-publica\/\"]}]},{\"@type\":\"ImageObject\",\"inLanguage\":\"es\",\"@id\":\"https:\/\/novaorg.cofb.net\/2022\/02\/07\/la-farmacia-comunitaria-una-aliada-clau-a-lestrategia-de-salut-publica\/#primaryimage\",\"url\":\"https:\/\/www.cofb.org\/wp-content\/uploads\/2023\/07\/dc867b10-edc9-4391-9d8f-a92bd6184dab_16-9-aspect-ratio_800w_0.jpg\",\"contentUrl\":\"https:\/\/www.cofb.org\/wp-content\/uploads\/2023\/07\/dc867b10-edc9-4391-9d8f-a92bd6184dab_16-9-aspect-ratio_800w_0.jpg\",\"width\":800,\"height\":450},{\"@type\":\"BreadcrumbList\",\"@id\":\"https:\/\/novaorg.cofb.net\/2022\/02\/07\/la-farmacia-comunitaria-una-aliada-clau-a-lestrategia-de-salut-publica\/#breadcrumb\",\"itemListElement\":[{\"@type\":\"ListItem\",\"position\":1,\"name\":\"Inici\",\"item\":\"https:\/\/novaorg.cofb.net\/\"},{\"@type\":\"ListItem\",\"position\":2,\"name\":\"La farm\u00e0cia comunit\u00e0ria, una aliada clau a l&#8217;estrat\u00e8gia de Salut P\u00fablica\"}]},{\"@type\":\"WebSite\",\"@id\":\"https:\/\/www.cofb.org\/#website\",\"url\":\"https:\/\/www.cofb.org\/\",\"name\":\"Col\u00b7legi de Farmac\u00e8utics de Barcelona\",\"description\":\"\",\"publisher\":{\"@id\":\"https:\/\/www.cofb.org\/#organization\"},\"potentialAction\":[{\"@type\":\"SearchAction\",\"target\":{\"@type\":\"EntryPoint\",\"urlTemplate\":\"https:\/\/www.cofb.org\/?s={search_term_string}\"},\"query-input\":\"required name=search_term_string\"}],\"inLanguage\":\"es\"},{\"@type\":\"Organization\",\"@id\":\"https:\/\/www.cofb.org\/#organization\",\"name\":\"Col\u00b7legi de Farmac\u00e8utics de Barcelona\",\"url\":\"https:\/\/www.cofb.org\/\",\"logo\":{\"@type\":\"ImageObject\",\"inLanguage\":\"es\",\"@id\":\"https:\/\/www.cofb.org\/#\/schema\/logo\/image\/\",\"url\":\"https:\/\/www.cofb.org\/wp-content\/uploads\/2023\/11\/cropped-Logotip-COFB.png\",\"contentUrl\":\"https:\/\/www.cofb.org\/wp-content\/uploads\/2023\/11\/cropped-Logotip-COFB.png\",\"width\":500,\"height\":105,\"caption\":\"Col\u00b7legi de Farmac\u00e8utics de Barcelona\"},\"image\":{\"@id\":\"https:\/\/www.cofb.org\/#\/schema\/logo\/image\/\"},\"sameAs\":[\"https:\/\/www.facebook.com\/farmaceuticsbcn\/\",\"https:\/\/twitter.com\/farmaceuticsbcn\",\"https:\/\/www.instagram.com\/farmaceuticsbcn\/\",\"https:\/\/www.linkedin.com\/company\/farmaceuticsbcn\/\"]},{\"@type\":\"Person\",\"@id\":\"https:\/\/www.cofb.org\/#\/schema\/person\/22ed7eea88da74b0fa4d3154ad87ffcb\",\"name\":\"wpAdminCofbOrg\",\"image\":{\"@type\":\"ImageObject\",\"inLanguage\":\"es\",\"@id\":\"https:\/\/www.cofb.org\/#\/schema\/person\/image\/\",\"url\":\"https:\/\/secure.gravatar.com\/avatar\/1721b20b3b8ca882c3b56ec6c978c594fff670e40c0718e9190eaeeb76aae7d8?s=96&d=mm&r=g\",\"contentUrl\":\"https:\/\/secure.gravatar.com\/avatar\/1721b20b3b8ca882c3b56ec6c978c594fff670e40c0718e9190eaeeb76aae7d8?s=96&d=mm&r=g\",\"caption\":\"wpAdminCofbOrg\"},\"sameAs\":[\"http:\/\/192.168.64.122\/wordpress\"],\"url\":\"https:\/\/www.cofb.org\/es\/author\/wpadmincofborg\/\"}]}<\/script>\n<!-- \/ Yoast SEO plugin. -->","yoast_head_json":{"title":"La farm\u00e0cia comunit\u00e0ria, una aliada clau a l'estrat\u00e8gia de Salut P\u00fablica - Col\u00b7legi de Farmac\u00e8utics de Barcelona","description":"Tanquem els ulls i imaginem. Imaginem que el farmac\u00e8utic ha esdevingut un aliat clau en l'estrat\u00e8gia de Salut P\u00fablica de detecci\u00f3 de casos de COVID-19...","robots":{"index":"index","follow":"follow","max-snippet":"max-snippet:-1","max-image-preview":"max-image-preview:large","max-video-preview":"max-video-preview:-1"},"canonical":"https:\/\/novaorg.cofb.net\/2022\/02\/07\/la-farmacia-comunitaria-una-aliada-clau-a-lestrategia-de-salut-publica\/","og_locale":"es_ES","og_type":"article","og_title":"La farm\u00e0cia comunit\u00e0ria, una aliada clau a l'estrat\u00e8gia de Salut P\u00fablica - Col\u00b7legi de Farmac\u00e8utics de Barcelona","og_description":"Tanquem els ulls i imaginem. Imaginem que el farmac\u00e8utic ha esdevingut un aliat clau en l'estrat\u00e8gia de Salut P\u00fablica de detecci\u00f3 de casos de COVID-19...","og_url":"https:\/\/novaorg.cofb.net\/2022\/02\/07\/la-farmacia-comunitaria-una-aliada-clau-a-lestrategia-de-salut-publica\/","og_site_name":"Col\u00b7legi de Farmac\u00e8utics de Barcelona","article_publisher":"https:\/\/www.facebook.com\/farmaceuticsbcn\/","article_published_time":"2022-02-07T10:39:00+00:00","article_modified_time":"2023-09-21T09:46:31+00:00","og_image":[{"width":800,"height":450,"url":"https:\/\/novaorg.cofb.net\/wp-content\/uploads\/2023\/07\/dc867b10-edc9-4391-9d8f-a92bd6184dab_16-9-aspect-ratio_800w_0.jpg","type":"image\/jpeg"}],"author":"wpAdminCofbOrg","twitter_card":"summary_large_image","twitter_creator":"@farmaceuticsbcn","twitter_site":"@farmaceuticsbcn","twitter_misc":{"Escrito por":"wpAdminCofbOrg","Tiempo de lectura":"3 minutos"},"schema":{"@context":"https:\/\/schema.org","@graph":[{"@type":"Article","@id":"https:\/\/novaorg.cofb.net\/2022\/02\/07\/la-farmacia-comunitaria-una-aliada-clau-a-lestrategia-de-salut-publica\/#article","isPartOf":{"@id":"https:\/\/novaorg.cofb.net\/2022\/02\/07\/la-farmacia-comunitaria-una-aliada-clau-a-lestrategia-de-salut-publica\/"},"author":{"name":"wpAdminCofbOrg","@id":"https:\/\/www.cofb.org\/#\/schema\/person\/22ed7eea88da74b0fa4d3154ad87ffcb"},"headline":"La farm\u00e0cia comunit\u00e0ria, una aliada clau a l&#8217;estrat\u00e8gia de Salut P\u00fablica","datePublished":"2022-02-07T10:39:00+00:00","dateModified":"2023-09-21T09:46:31+00:00","mainEntityOfPage":{"@id":"https:\/\/novaorg.cofb.net\/2022\/02\/07\/la-farmacia-comunitaria-una-aliada-clau-a-lestrategia-de-salut-publica\/"},"wordCount":554,"commentCount":0,"publisher":{"@id":"https:\/\/www.cofb.org\/#organization"},"image":{"@id":"https:\/\/novaorg.cofb.net\/2022\/02\/07\/la-farmacia-comunitaria-una-aliada-clau-a-lestrategia-de-salut-publica\/#primaryimage"},"thumbnailUrl":"https:\/\/www.cofb.org\/wp-content\/uploads\/2023\/07\/dc867b10-edc9-4391-9d8f-a92bd6184dab_16-9-aspect-ratio_800w_0.jpg","keywords":["Atenci\u00f3 farmac\u00e8utica","COFB","Col\u00b7legi de Farmac\u00e8utics de Barcelona","COVID-19","Farm\u00e0cia","farm\u00e0cia comunit\u00e0ria","Jordi Casas","Oficina de farm\u00e0cia","programa TAR","Salut p\u00fablica","test autodiagn\u00f2stic","tests ant\u00edgens"],"articleSection":["Destacats","Opinions del Col\u00b7legi"],"inLanguage":"es","potentialAction":[{"@type":"CommentAction","name":"Comment","target":["https:\/\/novaorg.cofb.net\/2022\/02\/07\/la-farmacia-comunitaria-una-aliada-clau-a-lestrategia-de-salut-publica\/#respond"]}]},{"@type":"WebPage","@id":"https:\/\/novaorg.cofb.net\/2022\/02\/07\/la-farmacia-comunitaria-una-aliada-clau-a-lestrategia-de-salut-publica\/","url":"https:\/\/novaorg.cofb.net\/2022\/02\/07\/la-farmacia-comunitaria-una-aliada-clau-a-lestrategia-de-salut-publica\/","name":"La farm\u00e0cia comunit\u00e0ria, una aliada clau a l'estrat\u00e8gia de Salut P\u00fablica - Col\u00b7legi de Farmac\u00e8utics de Barcelona","isPartOf":{"@id":"https:\/\/www.cofb.org\/#website"},"primaryImageOfPage":{"@id":"https:\/\/novaorg.cofb.net\/2022\/02\/07\/la-farmacia-comunitaria-una-aliada-clau-a-lestrategia-de-salut-publica\/#primaryimage"},"image":{"@id":"https:\/\/novaorg.cofb.net\/2022\/02\/07\/la-farmacia-comunitaria-una-aliada-clau-a-lestrategia-de-salut-publica\/#primaryimage"},"thumbnailUrl":"https:\/\/www.cofb.org\/wp-content\/uploads\/2023\/07\/dc867b10-edc9-4391-9d8f-a92bd6184dab_16-9-aspect-ratio_800w_0.jpg","datePublished":"2022-02-07T10:39:00+00:00","dateModified":"2023-09-21T09:46:31+00:00","description":"Tanquem els ulls i imaginem. Imaginem que el farmac\u00e8utic ha esdevingut un aliat clau en l'estrat\u00e8gia de Salut P\u00fablica de detecci\u00f3 de casos de COVID-19...","breadcrumb":{"@id":"https:\/\/novaorg.cofb.net\/2022\/02\/07\/la-farmacia-comunitaria-una-aliada-clau-a-lestrategia-de-salut-publica\/#breadcrumb"},"inLanguage":"es","potentialAction":[{"@type":"ReadAction","target":["https:\/\/novaorg.cofb.net\/2022\/02\/07\/la-farmacia-comunitaria-una-aliada-clau-a-lestrategia-de-salut-publica\/"]}]},{"@type":"ImageObject","inLanguage":"es","@id":"https:\/\/novaorg.cofb.net\/2022\/02\/07\/la-farmacia-comunitaria-una-aliada-clau-a-lestrategia-de-salut-publica\/#primaryimage","url":"https:\/\/www.cofb.org\/wp-content\/uploads\/2023\/07\/dc867b10-edc9-4391-9d8f-a92bd6184dab_16-9-aspect-ratio_800w_0.jpg","contentUrl":"https:\/\/www.cofb.org\/wp-content\/uploads\/2023\/07\/dc867b10-edc9-4391-9d8f-a92bd6184dab_16-9-aspect-ratio_800w_0.jpg","width":800,"height":450},{"@type":"BreadcrumbList","@id":"https:\/\/novaorg.cofb.net\/2022\/02\/07\/la-farmacia-comunitaria-una-aliada-clau-a-lestrategia-de-salut-publica\/#breadcrumb","itemListElement":[{"@type":"ListItem","position":1,"name":"Inici","item":"https:\/\/novaorg.cofb.net\/"},{"@type":"ListItem","position":2,"name":"La farm\u00e0cia comunit\u00e0ria, una aliada clau a l&#8217;estrat\u00e8gia de Salut P\u00fablica"}]},{"@type":"WebSite","@id":"https:\/\/www.cofb.org\/#website","url":"https:\/\/www.cofb.org\/","name":"Col\u00b7legi de Farmac\u00e8utics de Barcelona","description":"","publisher":{"@id":"https:\/\/www.cofb.org\/#organization"},"potentialAction":[{"@type":"SearchAction","target":{"@type":"EntryPoint","urlTemplate":"https:\/\/www.cofb.org\/?s={search_term_string}"},"query-input":"required name=search_term_string"}],"inLanguage":"es"},{"@type":"Organization","@id":"https:\/\/www.cofb.org\/#organization","name":"Col\u00b7legi de Farmac\u00e8utics de Barcelona","url":"https:\/\/www.cofb.org\/","logo":{"@type":"ImageObject","inLanguage":"es","@id":"https:\/\/www.cofb.org\/#\/schema\/logo\/image\/","url":"https:\/\/www.cofb.org\/wp-content\/uploads\/2023\/11\/cropped-Logotip-COFB.png","contentUrl":"https:\/\/www.cofb.org\/wp-content\/uploads\/2023\/11\/cropped-Logotip-COFB.png","width":500,"height":105,"caption":"Col\u00b7legi de Farmac\u00e8utics de Barcelona"},"image":{"@id":"https:\/\/www.cofb.org\/#\/schema\/logo\/image\/"},"sameAs":["https:\/\/www.facebook.com\/farmaceuticsbcn\/","https:\/\/twitter.com\/farmaceuticsbcn","https:\/\/www.instagram.com\/farmaceuticsbcn\/","https:\/\/www.linkedin.com\/company\/farmaceuticsbcn\/"]},{"@type":"Person","@id":"https:\/\/www.cofb.org\/#\/schema\/person\/22ed7eea88da74b0fa4d3154ad87ffcb","name":"wpAdminCofbOrg","image":{"@type":"ImageObject","inLanguage":"es","@id":"https:\/\/www.cofb.org\/#\/schema\/person\/image\/","url":"https:\/\/secure.gravatar.com\/avatar\/1721b20b3b8ca882c3b56ec6c978c594fff670e40c0718e9190eaeeb76aae7d8?s=96&d=mm&r=g","contentUrl":"https:\/\/secure.gravatar.com\/avatar\/1721b20b3b8ca882c3b56ec6c978c594fff670e40c0718e9190eaeeb76aae7d8?s=96&d=mm&r=g","caption":"wpAdminCofbOrg"},"sameAs":["http:\/\/192.168.64.122\/wordpress"],"url":"https:\/\/www.cofb.org\/es\/author\/wpadmincofborg\/"}]}},"uagb_featured_image_src":{"full":["https:\/\/www.cofb.org\/wp-content\/uploads\/2023\/07\/dc867b10-edc9-4391-9d8f-a92bd6184dab_16-9-aspect-ratio_800w_0.jpg",800,450,false],"thumbnail":["https:\/\/www.cofb.org\/wp-content\/uploads\/2023\/07\/dc867b10-edc9-4391-9d8f-a92bd6184dab_16-9-aspect-ratio_800w_0-150x150.jpg",150,150,true],"medium":["https:\/\/www.cofb.org\/wp-content\/uploads\/2023\/07\/dc867b10-edc9-4391-9d8f-a92bd6184dab_16-9-aspect-ratio_800w_0-300x169.jpg",300,169,true],"medium_large":["https:\/\/www.cofb.org\/wp-content\/uploads\/2023\/07\/dc867b10-edc9-4391-9d8f-a92bd6184dab_16-9-aspect-ratio_800w_0-768x432.jpg",768,432,true],"large":["https:\/\/www.cofb.org\/wp-content\/uploads\/2023\/07\/dc867b10-edc9-4391-9d8f-a92bd6184dab_16-9-aspect-ratio_800w_0.jpg",800,450,false],"1536x1536":["https:\/\/www.cofb.org\/wp-content\/uploads\/2023\/07\/dc867b10-edc9-4391-9d8f-a92bd6184dab_16-9-aspect-ratio_800w_0.jpg",800,450,false],"2048x2048":["https:\/\/www.cofb.org\/wp-content\/uploads\/2023\/07\/dc867b10-edc9-4391-9d8f-a92bd6184dab_16-9-aspect-ratio_800w_0.jpg",800,450,false],"trp-custom-language-flag":["https:\/\/www.cofb.org\/wp-content\/uploads\/2023\/07\/dc867b10-edc9-4391-9d8f-a92bd6184dab_16-9-aspect-ratio_800w_0.jpg",18,10,false]},"uagb_author_info":{"display_name":"wpAdminCofbOrg","author_link":"https:\/\/www.cofb.org\/es\/author\/wpadmincofborg\/"},"uagb_comment_info":0,"uagb_excerpt":"Article de Jordi Casas, president del Col\u00b7legi Oficial de Farmac\u00e8utics de Barcelona &#8220;No oblidem que tota aquesta activitat s&#8217;est\u00e0 fent en el marc d&#8217;una sisena onada de la pand\u00e8mia sense precedents, on els farmac\u00e8utics han assumit aquest comprom\u00eds per responsabilitat social, tot i saber que suposaria una forta c\u00e0rrega assistencial [&hellip;]","_links":{"self":[{"href":"https:\/\/www.cofb.org\/es\/wp-json\/wp\/v2\/posts\/60377","targetHints":{"allow":["GET"]}}],"collection":[{"href":"https:\/\/www.cofb.org\/es\/wp-json\/wp\/v2\/posts"}],"about":[{"href":"https:\/\/www.cofb.org\/es\/wp-json\/wp\/v2\/types\/post"}],"author":[{"embeddable":true,"href":"https:\/\/www.cofb.org\/es\/wp-json\/wp\/v2\/users\/1"}],"replies":[{"embeddable":true,"href":"https:\/\/www.cofb.org\/es\/wp-json\/wp\/v2\/comments?post=60377"}],"version-history":[{"count":2,"href":"https:\/\/www.cofb.org\/es\/wp-json\/wp\/v2\/posts\/60377\/revisions"}],"predecessor-version":[{"id":68762,"href":"https:\/\/www.cofb.org\/es\/wp-json\/wp\/v2\/posts\/60377\/revisions\/68762"}],"wp:featuredmedia":[{"embeddable":true,"href":"https:\/\/www.cofb.org\/es\/wp-json\/wp\/v2\/media\/67985"}],"wp:attachment":[{"href":"https:\/\/www.cofb.org\/es\/wp-json\/wp\/v2\/media?parent=60377"}],"wp:term":[{"taxonomy":"category","embeddable":true,"href":"https:\/\/www.cofb.org\/es\/wp-json\/wp\/v2\/categories?post=60377"},{"taxonomy":"post_tag","embeddable":true,"href":"https:\/\/www.cofb.org\/es\/wp-json\/wp\/v2\/tags?post=60377"}],"curies":[{"name":"wp","href":"https:\/\/api.w.org\/{rel}","templated":true}]}}