{"id":60098,"date":"2022-02-24T14:46:44","date_gmt":"2022-02-24T12:46:44","guid":{"rendered":"https:\/\/blog.cofb.cat\/?p=60098"},"modified":"2023-10-05T08:16:50","modified_gmt":"2023-10-05T08:16:50","slug":"gener-la-notificacio-de-tests-dautodiagnostic-el-cribratge-a-la-comunitat-educativa-i-la-regulacio-del-preu-dels-tests-dantigens-temes-mes-destacats-als-mitjans","status":"publish","type":"post","link":"https:\/\/www.cofb.org\/es\/2022\/02\/24\/gener-la-notificacio-de-tests-dautodiagnostic-el-cribratge-a-la-comunitat-educativa-i-la-regulacio-del-preu-dels-tests-dantigens-temes-mes-destacats-als-mitjans\/","title":{"rendered":"Enero: la notificaci\u00f3n de tests de autodiagn\u00f3stico, el cribado a la comunidad educativa y la regulaci\u00f3n del precio de los tests de ant\u00edgenos, temas m\u00e1s destacados en los medios"},"content":{"rendered":"<p><\/p>\n\n\n\n<h2 class=\"wp-block-heading\"><strong>Tests de ant\u00edgenos en las farmacias<\/strong><\/h2>\n\n\n\n<h3 class=\"wp-block-heading\"><strong>Las farmacias notifican positivos de auto tests realizados a domicilio<\/strong><\/h3>\n\n\n\n<p>El pasado 3 de enero, la directora del Servicio Catal\u00e1n de la Salud (CatSalut), <strong>Gemma Craywinckel<\/strong>, y el presidente del Consejo de Colegios Farmac\u00e9uticos de Catalu\u00f1a (CCFC), <strong>Jordi Casas<\/strong>, comparecieron en rueda de prensa para anunciar que el <strong>resultado positivo de un auto test realizado a domicilio se podr\u00eda comunicar<\/strong> a las <strong>farmacias <\/strong>adheridas al <strong>Programa TAR<\/strong> para que constara en el historial cl\u00ednico del paciente. <\/p>\n\n\n\n<p>La rueda de prensa tuvo un amplio eco. Recogieron sus aspectos m\u00e1s destacados los siguientes medios: <a href=\"https:\/\/www.ccma.cat\/324\/en-directe-els-positius-amb-test-dantigens-es-podran-comunicar-a-la-farmacia\/noticia\/3138046\/\" target=\"_blank\" rel=\"noreferrer noopener\">324.cat<\/a>, <a href=\"https:\/\/beteve.cat\/societat\/salut-nou-protocol-notificar-test-positiu-farmacies\/\" target=\"_blank\" rel=\"noreferrer noopener\">betev\u00e9<\/a>,<a href=\"https:\/\/www.lavanguardia.com\/vida\/20220103\/7965547\/casos-covid-notificaran-farmacias-aliviar-presion-ambulatorios.html\" target=\"_blank\" rel=\"noreferrer noopener\"> La Vanguardia<\/a>, <a href=\"https:\/\/es.ara.cat\/sociedad\/positivos-detectados-casa-tests-rapidos-podran-declarar-telefono-farmacias_1_4229899.html\" target=\"_blank\" rel=\"noreferrer noopener\">Diario Ahora<\/a>, <a href=\"https:\/\/www.elperiodico.cat\/ca\/societat\/20220103\/catalunya-notificar-positius-covid-farmacies-baixes-13053181\" target=\"_blank\" rel=\"noreferrer noopener\">El Peri\u00f3dico<\/a>, <a href=\"https:\/\/www.diarimes.com\/noticies\/actualitat\/catalunya\/2022\/01\/03\/les_persones_amb_test_antigens_positiu_podran_notificar_les_farmacies_115675_3029.html?\" target=\"_blank\" rel=\"noreferrer noopener\">Diario M\u00e1s<\/a>, <a href=\"https:\/\/elmon.cat\/societat\/casos-asimptomatics-comunicar-positius-test-antigens-covid-farmacies-catalunya-348639\/\" target=\"_blank\" rel=\"noreferrer noopener\">El Mundo.es<\/a>, <a href=\"https:\/\/www.consalud.es\/autonomias\/cataluna\/cataluna-positivos-detectados-test-autodiagnostico-notificarse-farmacias_107789_102.html\" target=\"_blank\" rel=\"noreferrer noopener\">Cono Salud<\/a>, <a href=\"https:\/\/www.naciodigital.cat\/noticia\/228871\/positius-que-es-detectin-amb-tests-dantigens-es-podran-notificar-a-les-farmacies\" target=\"_blank\" rel=\"noreferrer noopener\">Naci\u00f3n Digital<\/a>, <a href=\"https:\/\/www.diariomedico.com\/farmacia\/comunitaria\/politica\/cataluna-autoriza-las-farmacias-notificar-positivos-de-covid-19-obtenidos-en-test-de-antigenos.html\" target=\"_blank\" rel=\"noreferrer noopener\">Diario M\u00e9dico<\/a>, <a href=\"https:\/\/www.rac1.cat\/info-rac1\/20220103\/4104033088307\/canvis-notificacio-positius-covid-farmacia-caps-asimptomatics-nou-protocol.html\" target=\"_blank\" rel=\"noreferrer noopener\">RAC1<\/a>, <a href=\"https:\/\/www.cope.es\/actualidad\/sociedad\/noticias\/los-positivos-con-autotest-cataluna-deberan-comunicarlo-las-farmacias-20220103_1708654\" target=\"_blank\" rel=\"noreferrer noopener\">Cope<\/a>, <a href=\"https:\/\/www.redaccionmedica.com\/autonomias\/cataluna\/los-positivos-detectados-con-autotest-podran-notificarse-en-las-farmacias-8048\" target=\"_blank\" rel=\"noreferrer noopener\">Redacci\u00f3n M\u00e9dica<\/a>, El Pa\u00eds (versi\u00f3n papel), El Punt Avui (versi\u00f3n papel), <a href=\"https:\/\/sevilla.abc.es\/espana\/catalunya\/abci-cataluna-permitira-notificar-positivos-covid-detectados-tests-antigenos-desde-farmacias-202201031058_noticia.html\" target=\"_blank\" rel=\"noreferrer noopener\">ABC<\/a>, 20 minutos (versi\u00f3n papel), <a href=\"https:\/\/www.ondacero.es\/emisoras\/catalunya\/noticies\/cataluna-permitira-notificar-farmacias-positivos-detectados-test-antigenos-realizado-casa_2022010361d31ad3192fe40001debf26.html\" target=\"_blank\" rel=\"noreferrer noopener\">Onda Cero<\/a>, entre otros. Al d\u00eda siguiente, el 4 de enero, La Vanguardia publicaba en su portada de la edici\u00f3n en papel la noticia de la notificaci\u00f3n de positivos por parte de las farmacias ante la saturaci\u00f3n de los Centros de Atenci\u00f3n Primaria, y <strong>Enric Sierra<\/strong>, director adjunto, publicaba una editorial titulada <a href=\"https:\/\/www.lavanguardia.com\/encatala\/20220104\/7967087\/les-farmacies-son-utils.html\" target=\"_blank\" rel=\"noreferrer noopener\">&quot;Las farmacias son \u00fatiles&quot;<\/a>. Tambi\u00e9n el Diario Ahora destacaba esta noticia en portada y, en la secci\u00f3n <em>&quot;Las caras del d\u00eda&quot;<\/em>, la labor del presidente del CCFC y del COFB, <strong>Jordi Casas.<\/strong><\/p>\n\n\n\n<figure class=\"wp-block-image size-full\"><img decoding=\"async\" src=\"https:\/\/blog.cofb.cat\/wp-content\/uploads\/2022\/02\/PRIMERA.png\" alt=\"\" class=\"wp-image-60902\"\/><\/figure>\n\n\n\n<p>Asimismo, este anuncio por parte del Departamento de Salud y el CCFC fue recogido por parte de medios locales como <a href=\"https:\/\/www.lamanyana.cat\/els-positius-en-un-test-fet-a-casa-podran-notificar-el-resultat-a-les-farmacies-per-destensar-els-cap\/\" target=\"_blank\" rel=\"noreferrer noopener\">El Ma\u00f1ana<\/a>, El Segre (versi\u00f3n papel), <a href=\"https:\/\/www.larepublica.cat\/minut-a-minut\/les-persones-que-donin-positiu-en-un-test-a-casa-podran-notificar-ho-per-telefon-a-la-farmacia-que-activara-el-circuit\/\" target=\"_blank\" rel=\"noreferrer noopener\">La Rep\u00fablica<\/a>, Regi\u00f3n 7 (versi\u00f3n papel), Diari de Tarragona (versi\u00f3n papel), Heraldo de Arag\u00f3n (versi\u00f3n papel), <a href=\"http:\/\/www.radiobalaguer.cat\/portal\/131\/?EC=ReadArticle&amp;ArticleID=42172\" target=\"_blank\" rel=\"noreferrer noopener\">Radio Balaguer<\/a>, <a href=\"https:\/\/www.elperiodicodecanarias.es\/los-positivos-con-autotest-en-cataluna-deberan-comunicarlo-a-las-farmacias\/\" target=\"_blank\" rel=\"noreferrer noopener\">El Peri\u00f3dico de Canarias<\/a>,  <a href=\"https:\/\/www.latribunadealbacete.es\/noticia\/Z3C8161E8-9A50-2CB6-E17928E0A628CD28\/202201\/los-positivos-en-cataluna-se-comunicaran-en-las-farmacias\" target=\"_blank\" rel=\"noreferrer noopener\">La Tribuna de Albacete<\/a>, <a href=\"https:\/\/radiopremiademar.org\/1-300-farmacies-ja-poden-tramitar-la-comunicacio-de-positius-de-tests-dantigens-fets-a-casa\/\" target=\"_blank\" rel=\"noreferrer noopener\">Radio Premi\u00e0 de Mar<\/a> y <a href=\"https:\/\/lhdigital.cat\/web\/digital-h\/noticia\/societat\/-\/journal_content\/56_INSTANCE_43Th\/11023\/15043825\" target=\"_blank\" rel=\"noreferrer noopener\">L&#039;Hospitalet Digital<\/a>, con declaraciones de <strong>Marta de Bol\u00f3s<\/strong>, coordinadora de las farmacias de L&#039;Hospitalet y El Prat de Llobregat; y medios especializados, como <a href=\"https:\/\/prnoticias.com\/2022\/01\/03\/farmacias-cataluna-notificaran-positivos-covid-baja-laboral\/\" target=\"_blank\" rel=\"noreferrer noopener\">PrNoticias<\/a>, <a href=\"https:\/\/www.elfarmaceutico.es\/tendencias\/esta-pasando\/noticias\/departamento-salud-catalan-farmacias-adheridas-notificar-positivos-test-antigenos_150680_102.html\" target=\"_blank\" rel=\"noreferrer noopener\">El Farmac\u00e9utico<\/a>,  <a href=\"https:\/\/www.actasanitaria.com\/farmacia\/cataluna-habilita-farmacias-notificar-positivos-obtenidos-por-test-antigenos_2000282_102.html\" target=\"_blank\" rel=\"noreferrer noopener\">Acta Sanitaria<\/a>, <a href=\"https:\/\/elglobal.es\/farmacia\/cataluna-tambien-se-apoyara-en-las-farmacias-para-notificar-positivos-de-covid-19\/\" target=\"_blank\" rel=\"noreferrer noopener\">El Global<\/a>, <a href=\"https:\/\/www.diariofarma.com\/2022\/01\/03\/cataluna-permite-que-los-ciudadanos-notifiquen-en-farmacias-los-casos-positivos-de-covid\" target=\"_blank\" rel=\"noreferrer noopener\">Diariofarma<\/a>, <a href=\"https:\/\/www.diariomedico.com\/farmacia\/comunitaria\/politica\/cinco-autonomias-contabilizan-los-positivos-notificados-por-las-farmacias-sin-confirmacion-con-pcr.html\" target=\"_blank\" rel=\"noreferrer noopener\">Diario M\u00e9dico<\/a> y <a href=\"https:\/\/elglobal.es\/farmacia\/el-boom-de-omicron-provoca-que-mas-cc-aa-se-apoyen-en-las-farmacias-para-registrar-positivos\/\" target=\"_blank\" rel=\"noreferrer noopener\">El Global<\/a>.<\/p>\n\n\n\n<p>Para hablar de todo ello, el <strong>presidente del COFB<\/strong> fue entrevistado en el programa <a href=\"https:\/\/api.audioteca.rac1.cat\/embed\/239f49cf-bd0f-447d-8122-bca641e0c792\" target=\"_blank\" rel=\"noreferrer noopener\">\u201cVersi\u00f3n RAC1\u201d<\/a> (a partir del minuto 12:15) y en Informativos de<span class=\"has-inline-color has-pale-pink-color\"><a href=\"https:\/\/www.ondacero.es\/programas\/julia-en-la-onda\/programas-completos\/julia-onda-02012022_2022010361d340e020b19a00012ff531.html\" target=\"_blank\" rel=\"noreferrer noopener\">Onda Cero<\/a> <\/span>(a partir del minuto 43:35), y TV3 emiti\u00f3 declaraciones suyas a <a href=\"https:\/\/www.ccma.cat\/tv3\/alacarta\/telenoticies\/els-positius-detectats-a-casa-es-podran-notificar-a-les-farmacies\/video\/6137360\/\" target=\"_blank\" rel=\"noreferrer noopener\">Telediario<\/a>. Por otro lado, Laura Gom\u00e0 realiz\u00f3 intervenciones en <a href=\"https:\/\/www.rtve.es\/play\/audios\/de-boca-a-orella\/circ-historic-raluy-llenguatge-no-verbal\/6269598\/\" target=\"_blank\" rel=\"noreferrer noopener\">Radio 4 <\/a>(a partir del minuto 27:01) ya <a href=\"https:\/\/www.estelfitxers.com\/audio\/2021-2022\/20220103-14_00ESTELMIGDIA.MP3\" target=\"_blank\" rel=\"noreferrer noopener\">Radio Estel<\/a> (a partir del minuto 24:49), y la vicepresidenta del COFB, <strong>N\u00faria Bosch<\/strong>, en el programa <a href=\"https:\/\/www.ccma.cat\/catradio\/alacarta\/la-tarda-de-catalunya-radio\/el-collegi-de-farmaceutics-disposat-a-collaborar-en-el-registre-de-positius-per-antigens\/audio\/1121208\/\" target=\"_blank\" rel=\"noreferrer noopener\">&quot;La tarde de Catalunya R\u00e0dio&quot;<\/a>. Asimismo, en los d\u00edas posteriores los medios se siguieron haciendo eco del elevado n\u00famero de positivos<strong> <\/strong>comunicados al Departamento de Salud a trav\u00e9s de las farmacias, como es el caso de <a href=\"https:\/\/www.diariomedico.com\/farmacia\/comunitaria\/se-reportan-en-un-solo-dia-21800-test-de-covid-19-positivos-traves-de-farmacias-catalanas.html\" target=\"_blank\" rel=\"noreferrer noopener\">Diario M\u00e9dico<\/a> y <a href=\"https:\/\/www.niusdiario.es\/espana\/catalunya\/farmacias-catalanas-sienten-desbordadas-gran-cantidad-casos-covid-comunicar_18_3266297842.html\" target=\"_blank\" rel=\"noreferrer noopener\">Nidos<\/a>.<\/p>\n\n\n\n<figure class=\"wp-block-image size-large\"><img decoding=\"async\" src=\"https:\/\/blog.cofb.cat\/wp-content\/uploads\/2022\/02\/Copia-de-Plantilla-pantallazos-reculls-2-1024x724.png\" alt=\"\" class=\"wp-image-60908\"\/><\/figure>\n\n\n\n<h3 class=\"wp-block-heading\"><strong>Programa TAR: ampliaci\u00f3n del cribado en la comunidad educativa<\/strong><\/h3>\n\n\n\n<p>El pasado <strong>10 de enero<\/strong> el programa de TV3 <a href=\"https:\/\/www.ccma.cat\/tv3\/alacarta\/tot-es-mou\/tot-es-mou-10012022\/video\/6138188\/\" target=\"_blank\" rel=\"noreferrer noopener\">&quot;Todo se mueve&quot;<\/a> (a partir del minuto 4:50) entrevist\u00f3 a la vicepresidenta del COFB, <strong>N\u00faria Bosch<\/strong>, que se refiri\u00f3 al<strong>ampliaci\u00f3n del cribado en la comunidad educativa<\/strong> en el marco del <strong>programa TAR<\/strong>. \u00c9ste fue, sin duda, el principal cambio con la reanudaci\u00f3n del curso despu\u00e9s de las vacaciones de Navidad. Con la incorporaci\u00f3n de educaci\u00f3n primaria al protocolo y, coincidiendo con la sexta ola, se estaban realizando m\u00e1s tests que nunca hasta el punto de sufrir, de forma puntual, algunos desabastecimientos de TAR en las farmacias.<\/p>\n\n\n\n<p>Hablaron de ello <a href=\"https:\/\/www.lavanguardia.com\/vida\/20220111\/7980863\/positivo-clase-que.html?utm_medium=social&amp;utm_source=twitter&amp;utm_content=vida\" target=\"_blank\" rel=\"noreferrer noopener\">La Vanguardia<\/a>, El Peri\u00f3dico (versi\u00f3n papel, con declaraciones de la vicepresidenta del COFB), <a href=\"https:\/\/beteve.cat\/societat\/antigens-escolars-posen-farmacies-limit-allau-sollicituds-proves\/\" target=\"_blank\" rel=\"noreferrer noopener\">Betev\u00e9<\/a> (con declaraciones de la vicepresidenta del COFB) o <a href=\"https:\/\/www.ccma.cat\/catradio\/alacarta\/el-mati-de-catalunya-radio\/argimon-ens-falten-entre-8000-i-10000-infermeres\/audio\/1122204\/\" target=\"_blank\" rel=\"noreferrer noopener\">Catalu\u00f1a Radio<\/a> (a partir del minuto 4:30), que entrevist\u00f3 al conseller de Salut. El <strong>doctor Argimon<\/strong> aprovech\u00f3 la entrevista para felicitar a los farmac\u00e9uticos a ra\u00edz de todo el trabajo que estaban desarrollando en el marco del cribado.<\/p>\n\n\n\n<figure class=\"wp-block-image size-large\"><img decoding=\"async\" src=\"https:\/\/blog.cofb.cat\/wp-content\/uploads\/2022\/02\/Copia-de-Plantilla-pantallazos-reculls-1-1024x724.png\" alt=\"\" class=\"wp-image-60911\"\/><\/figure>\n\n\n\n<p>Por su parte, <strong>Marta Gento<\/strong>, vicetesorera del COFB, hizo declaraciones a <a href=\"https:\/\/www.ccma.cat\/tv3\/alacarta\/telenoticies\/farmacies-sense-estoc-de-testos-dantigens-per-a-alumnes-i-professors\/video\/6139238\/\" target=\"_blank\" rel=\"noreferrer noopener\">TV3<\/a>, haciendo un llamamiento a la calma, y poniendo \u00e9nfasis en que hab\u00eda que esperar a tener el TAR prescrito antes de ir a las farmacias a hac\u00e9rselo. En la misma l\u00ednea se pronunci\u00f3 <strong>Ariadna Condon<\/strong>, coordinadora de las farmacias del Barcelon\u00e8s Nord, en una entrevista con <a href=\"https:\/\/www.ccma.cat\/tv3\/alacarta\/tot-es-mou\/tot-es-mou-17012022\/video\/6139287\/\" target=\"_blank\" rel=\"noreferrer noopener\">TV3<\/a> (a partir del minuto 16:14). De los tests de ant\u00edgenos realizados en la comunidad educativa tambi\u00e9n hablaron dos farmac\u00e9uticas de Barcelona en el programa <a href=\"https:\/\/www.ccma.cat\/catradio\/alacarta\/la-tarda-de-catalunya-radio\/les-farmacies-en-temps-de-covid-falten-tests-esta-molt-mal-organitzat\/audio\/1122652\/\" target=\"_blank\" rel=\"noreferrer noopener\">La tarde de Catalunya R\u00e0dio<\/a>; <strong>Meritxell Blanchart<\/strong>, coordinadora de las farmacias del Vall\u00e8s Occidental Este, en el Diari de Sabadell (versi\u00f3n papel); el farmac\u00e9utico <strong>Nacho Jan\u00e9<\/strong>, en el programa <a href=\"https:\/\/www.ccma.cat\/tv3\/alacarta\/planta-baixa\/planta-baixa-17012022\/video\/6139179\/\" target=\"_blank\" rel=\"noreferrer noopener\">Planta Baja<\/a> de TV3 (a partir del minuto 6:23), o el farmac\u00e9utico de Granollers <strong>Francisco Bellavista<\/strong> fue entrevistado en <a href=\"https:\/\/votv.alacarta.cat\/granollers\/noticia\/entrevista-a-francesc-bellavista-farmaceutic\" target=\"_blank\" rel=\"noreferrer noopener\">La Red<\/a>.<\/p>\n\n\n\n<figure class=\"wp-block-image size-large\"><img decoding=\"async\" src=\"https:\/\/blog.cofb.cat\/wp-content\/uploads\/2022\/02\/PUNT-IMFAR-1024x724.png\" alt=\"\" class=\"wp-image-60873\"\/><\/figure>\n\n\n\n<h3 class=\"wp-block-heading\"><strong>&quot;Cada 5 segundos, una farmacia catalana realiza un TAR supervisado en la comunidad educativa&quot; <\/strong><\/h3>\n\n\n\n<p>Desde el Consejo de Colegios Farmac\u00e9uticos de Catalu\u00f1a (CCFC), se envi\u00f3 una <a href=\"https:\/\/www.cofb.org\/es\/sala-de-premsa\/notes-premsa\/-\/asset_publisher\/GVZR6OjauRsN\/content\/cada-5-segons-una-farmacia-catalana-realitza-un-test-d-antigens-supervisat-a-un-membre-de-la-comunitat-educativa\/maximized\/?inheritRedirect=false&amp;redirect=https%3A%2F%2Fwww.cofb.org%2Fca%2Fsala-de-premsa%2Fnotes-premsa%3Fp_p_id%3D101_INSTANCE_GVZR6OjauRsN%26p_p_lifecycle%3D0%26p_p_state%3Dnormal%26p_p_mode%3Dview%26p_p_col_id%3Dcolumn-3%26p_p_col_count%3D1&amp;p_p_state=maximized\" target=\"_blank\" rel=\"noreferrer noopener\">nota de prensa<\/a> el pasado 17 de enero para poner en valor la labor llevada a cabo por los farmac\u00e9uticos, especialmente desde la reanudaci\u00f3n del curso escolar: cada 5 segundos, una farmacia catalana estaba realizando un TAR supervisado en la comunidad educativa. Este hecho fue ampliamente recogido tanto por medios generalistas como especializados. Son ejemplos: <a href=\"https:\/\/www.imfarmacias.es\/noticia\/26923\/una-farmacia-catalana-realiza-un-test-de-antigenos-a-la-comunidad-edu.html\" target=\"_blank\" rel=\"noreferrer noopener\">imFarmacias<\/a>, <a href=\"https:\/\/revistaacofar.com\/actualidad\/noticias\/cada-5-segundos-una-farmacia-catalana-realiza-un-test-de-antigenos-supervisado-a-un-miembro-de-la-comunidad-educativa\/\" target=\"_blank\" rel=\"noreferrer noopener\">Revista Acofar<\/a>, <a href=\"https:\/\/www.pmfarma.es\/noticias\/33104-cada-5-segundos-una-farmacia-catalana-realiza-un-test-de-antigenos-supervisado-a-un-miembro-de-la-comunidad-educativa.html\" target=\"_blank\" rel=\"noreferrer noopener\">PmFarma<\/a>, <a href=\"https:\/\/www.diariomedico.com\/farmacia\/comunitaria\/cada-cinco-segundos-una-farmacia-catalana-realiza-un-test-en-el-entorno-educativo.html\" target=\"_blank\" rel=\"noreferrer noopener\">Diario M\u00e9dico<\/a>, <a href=\"https:\/\/www.elfarmaceutico.es\/tendencias\/esta-pasando\/noticias\/farmacia-catalana-test-antigenos-supervisado-miembro-comunidad-educativa_150713_102.html\" target=\"_blank\" rel=\"noreferrer noopener\">El Farmac\u00e9utico<\/a>, <a href=\"https:\/\/www.segre.com\/noticies\/guia\/2022\/01\/17\/les_farmacies_preveuen_solucionar_els_problemes_estoc_antigens_ambit_escolar_durant_aquest_dilluns_158717_1111.html\" target=\"_blank\" rel=\"noreferrer noopener\">Segre<\/a>, <a href=\"https:\/\/www.regio7.cat\/arreu\/catalunya\/2022\/01\/17\/president-covid-19-passaport-pere-aragones-alumnes-61658172.html\" target=\"_blank\" rel=\"noreferrer noopener\">Regi\u00f3n 7<\/a>, <a href=\"https:\/\/www.diariofarma.com\/2022\/01\/17\/las-farmacias-catalanas-detectaron-6-400-positivos-en-la-comunidad-educativa-en-el-inicio-del-ano\" target=\"_blank\" rel=\"noreferrer noopener\">Diariofarma<\/a>, <a href=\"https:\/\/www.vilaweb.cat\/noticies\/farmacies-preveuen-solucionar-problemes-estoc-antigens-escoles-proximes-hores\/\" target=\"_blank\" rel=\"noreferrer noopener\">Vilaweb<\/a>, <a href=\"https:\/\/www.diarimes.com\/noticies\/actualitat\/catalunya\/2022\/01\/17\/les_farmacies_preveuen_solucionar_els_problemes_estoc_antigens_ambit_escolar_durant_aquest_dilluns_116326_3029.html\" target=\"_blank\" rel=\"noreferrer noopener\">Diario M\u00e1s<\/a>, <a href=\"https:\/\/www.elpuntavui.cat\/societat\/article\/14-salut\/2086538-les-farmacies-preveuen-solucionar-els-problemes-d-estoc-d-antigens-en-l-ambit-escolar-durant-aquest-dilluns.html\" target=\"_blank\" rel=\"noreferrer noopener\">El Punt Avui<\/a>.<\/p>\n\n\n\n<figure class=\"wp-block-image size-large\"><img decoding=\"async\" src=\"https:\/\/blog.cofb.cat\/wp-content\/uploads\/2022\/02\/GUILLEM-LA-XARXA-1024x551.png\" alt=\"\" class=\"wp-image-60874\"\/><\/figure>\n\n\n\n<p>Este balance positivo tambi\u00e9n motiv\u00f3 diversas entrevistas a portavoces del COFB. <strong>N\u00faria Bosch<\/strong> fue entrevistada en \u201c<a href=\"https:\/\/www.ccma.cat\/catradio\/alacarta\/la-tarda-de-catalunya-radio\/desgavell-a-les-escoles-i-farmacies-per-lallau-de-casos-de-covid\/audio\/1122532\/\" target=\"_blank\" rel=\"noreferrer noopener\">La Tarde\u201d<\/a> de Catalunya R\u00e0dio, en <a href=\"https:\/\/www.ondacero.es\/emisoras\/catalunya\/noticies\/les-farmacies-deixen-enrere-els-problemes-destoc-tests-dantigens_2022011161ddf1babda5150001c48c67.html\" target=\"_blank\" rel=\"noreferrer noopener\">Onda Cero<\/a>, en el programa <a href=\"https:\/\/www.rtve.es\/play\/audios\/de-boca-a-orella\/contagis-massius-covid-funcio-lobbies\/6296656\/\" target=\"_blank\" rel=\"noreferrer noopener\">&quot;De boca a oreja&quot;<\/a> de Radio 4 (a partir del minuto 26). A su vez, <strong>Jordi Casas<\/strong> particip\u00f3 en \u201c<a href=\"https:\/\/www.ccma.cat\/catradio\/alacarta\/la-nit-dels-ignorants\/jordi-casas-la-xarxa-doficines-de-farmacia-pateix-saturacio\/audio\/1122570\/?ext=SMA_TW_F4_CE24_\" target=\"_blank\" rel=\"noreferrer noopener\">La noche de los ignorantes<\/a>\u201c, de Catalunya R\u00e0dio, donde resalt\u00f3 que las <strong>farmacias<\/strong> segu\u00edan ayudando a los ciudadanos en un momento en que era dif\u00edcil acceder a determinados recursos sanitarios. Y, por su parte, <strong>Guillermo Bagar\u00eda<\/strong>, vocal de Oficina de Farmacia del COFB, fue entrevistado en el programa <a href=\"https:\/\/www.alacarta.cat\/fetamida\/capitol\/fet_a_mida_19012022\" target=\"_blank\" rel=\"noreferrer noopener\">&quot;Hecho a medida&quot;<\/a>, de La Xarxa TV (a partir del minuto 22:50), y en los informativos de Cope Catalunya. <\/p>\n\n\n\n<figure class=\"wp-block-image aligncenter size-full\"><img decoding=\"async\" src=\"https:\/\/blog.cofb.cat\/wp-content\/uploads\/2022\/02\/24.png\" alt=\"\" class=\"wp-image-60875\"\/><\/figure>\n\n\n\n<p>De la labor fundamental de los farmac\u00e9uticos durante la pandemia, con acciones como el <strong>cribado escolar<\/strong>, y otras muchas, tambi\u00e9n habl\u00f3 de ello <strong>Marcel Gili<\/strong>, coordinador de las farmacias del Baix Llobregat norte, que present\u00f3 su libro en el programa <a href=\"https:\/\/www.ccma.cat\/tv3\/alacarta\/tot-es-mou\/josep-corbella-som-molt-a-prop-del-pic\/video\/6139690\/\" target=\"_blank\" rel=\"noreferrer noopener\">Todo se mueve<\/a> de TV3 (a partir del minuto 17:32).<\/p>\n\n\n\n<p>Por \u00faltimo, varios programas se interesaron por las <strong>actualizaciones de datos<\/strong> de tests supervisados. Es el caso del <a href=\"https:\/\/www.ccma.cat\/tv3\/alacarta\/telenoticies\/telenoticies-cap-de-setmana-vespre-23012022\/video\/6140332\/\" target=\"_blank\" rel=\"noreferrer noopener\">TN Noche<\/a> del 23 de enero (a partir del minuto 2:45) o <a href=\"https:\/\/www.ccma.cat\/tv3\/alacarta\/els-matins\/els-matins-24012022\/video\/6140383\/\" target=\"_blank\" rel=\"noreferrer noopener\">Les Matins de TV3<\/a> (a partir del minuto 2:03:34).   <\/p>\n\n\n\n<h3 class=\"wp-block-heading\"><strong>Regulaci\u00f3n del precio de los tests de ant\u00edgenos<\/strong><\/h3>\n\n\n\n<p>A mediados de enero, el gobierno espa\u00f1ol aprob\u00f3 la <strong>regulaci\u00f3n de los tests de ant\u00edgenos<\/strong> y, de esta forma, el precio m\u00e1ximo pas\u00f3 a ser de 2,94 \u20ac. Muchos medios se hicieron eco de esta novedad y dieron a conocer la opini\u00f3n del Colegio Oficial de Farmac\u00e9uticos de Barcelona.<\/p>\n\n\n\n<figure class=\"wp-block-image size-large\"><img decoding=\"async\" src=\"https:\/\/blog.cofb.cat\/wp-content\/uploads\/2022\/02\/Copia-de-Plantilla-pantallazos-reculls-3-1024x724.png\" alt=\"\" class=\"wp-image-60909\"\/><\/figure>\n\n\n\n<p>Antes de que se conociera cu\u00e1l ser\u00eda el precio m\u00e1ximo fijado, los medios ya quisieron recoger una primera valoraci\u00f3n. <strong>Jordi Casas<\/strong>, presidente del CCFC y del COFB, habl\u00f3 del tema en <a href=\"https:\/\/www.rtve.es\/play\/videos\/linformatiu\/10012022\/6280821\/\" target=\"_blank\" rel=\"noreferrer noopener\">el Informativo de TVE<\/a> (a partir de minuto 4:44); <strong>Laura Gom\u00e0<\/strong>, vocal del COFB, en <a href=\"https:\/\/www.radioestel.cat\/app\/uploads\/2022\/01\/2022_01_11-LAURA-GOMA_vocal-Collegi-Farmaceutics-de-Barcelona_RADIOESTEL.mp3\" target=\"_blank\" rel=\"noreferrer noopener\">Radio Estel<\/a>; <strong>Marta Gento<\/strong>, vicetesorera del COFB, en <a href=\"https:\/\/beteve.cat\/societat\/preus-dipars-tests-antigens-que-opinen-clients-regulacio\/\" target=\"_blank\" rel=\"noreferrer noopener\">Betev\u00e9<\/a>; y la coordinadora de las farmacias del Vall\u00e8s Occidental Este, <strong>Meritxell Blanchart<\/strong>, en <a href=\"https:\/\/radiosabadell.fm\/alacarta\/audio\/meritxell-blanchart-farmacies-sha-de-regular-el-preu-dels-testos\" target=\"_blank\" rel=\"noreferrer noopener\">Radio Sabadell<\/a>. El 13 de enero, d\u00eda en que el gobierno espa\u00f1ol aprob\u00f3 la regulaci\u00f3n del precio,<strong><span class=\"has-inline-color has-black-color\"> Jordi C<\/span>asnos<\/strong>, presidente del CCFC y del COFB, va <span class=\"has-inline-color has-black-color\">ser entrevistado por<\/span> <a href=\"https:\/\/www.ccma.cat\/tv3\/alacarta\/telenoticies\/per-que-shan-arribat-a-pagar-a-mes-de-15-euros-els-tests-dantigens\/video\/6138723\/\" target=\"_blank\" rel=\"noreferrer noopener\">TV3<\/a>; <strong>Miquel Recasens<\/strong>, tesorero del COFB, por <a href=\"https:\/\/www.radioestel.cat\/app\/uploads\/2022\/01\/2022_01_13_MIQUELRECASENS_FARMACEUTICS.mp3\" target=\"_blank\" rel=\"noreferrer noopener\">Radio Estel<\/a>; y <strong>Marta Gento<\/strong>, vicetesorera del COFB, por <a href=\"https:\/\/beteve.cat\/societat\/majoristes-test-antigen-preu-reduit-farmacies\/\" target=\"_blank\" rel=\"noreferrer noopener\">Betev\u00e9<\/a>.<\/p>\n\n\n\n<figure class=\"wp-block-image size-large\"><img decoding=\"async\" src=\"https:\/\/blog.cofb.cat\/wp-content\/uploads\/2022\/02\/Copia-de-Plantilla-pantallazos-reculls-1024x724.png\" alt=\"\" class=\"wp-image-60910\"\/><\/figure>\n\n\n\n<p>La medida entr\u00f3 en vigor el 15 de enero y, a partir de ese d\u00eda, los medios tambi\u00e9n quisieron recoger c\u00f3mo se estaba viviendo desde las farmacias. El programa \u201c<a href=\"https:\/\/www.ccma.cat\/catradio\/alacarta\/el-suplement\/aina-surroca-la-regulacio-del-preu-dels-testos-es-una-bona-mesura-pero-arriba-tard\/audio\/1122336\/\" target=\"_blank\" rel=\"noreferrer noopener\">El Suplemento<\/a>\u201d de Catalunya R\u00e0dio va <a href=\"https:\/\/www.ccma.cat\/catradio\/alacarta\/el-suplement\/aina-surroca-la-regulacio-del-preu-dels-testos-es-una-bona-mesura-pero-arriba-tard\/audio\/1122336\/\" target=\"_blank\" rel=\"noreferrer noopener\">entrevistar<\/a> <strong>Aina Surroca<\/strong>, secretaria del COFB; <a href=\"https:\/\/www.ccma.cat\/324\/alta-demanda-de-tests-dantigens-el-primer-dia-que-valen-com-a-maxim-2-94-euros\/noticia\/3139767\/\">TV3<\/a> recogi\u00f3 declaraciones de <strong>Laura Gom\u00e0<\/strong>, vocal del COFB; <a href=\"https:\/\/www.viaempresa.cat\/empresa\/farmacies-antigens_2162401_102.html\" target=\"_blank\" rel=\"noreferrer noopener\">V\u00eda Empresa<\/a>, declaraciones de <strong>Miquel Recasens<\/strong>, tesorero del COFB; y <a href=\"https:\/\/www.rtve.es\/play\/videos\/linformatiu\/15012022\/6292710\/\" target=\"_blank\" rel=\"noreferrer noopener\">TVE<\/a>, declaraciones de la farmac\u00e9utica <strong>Carlota Sangil<\/strong>, de la <strong>farmacia Marta Gento<\/strong> (a partir del minuto 2).  <\/p>\n\n\n\n<h2 class=\"wp-block-heading\"><strong>Tertulia COVD-19 sobre salud mental<\/strong><\/h2>\n\n\n\n<p>El pasado 19 de enero, el <strong>Dr. V\u00edctor P\u00e9rez<\/strong>, director del Instituto de Neuropsiquiatr\u00eda y Adicciones del Hospital del Mar y vocal del patronato de la Fundaci\u00f3n Enfermos Mentales de Catalu\u00f1a, particip\u00f3 en una nueva <strong>tertulia COVID-19<\/strong> del COFB titulada <strong>\u201cSalud mental en tiempo de COVID\u201d<\/strong>. El dr. P\u00e9rez habl\u00f3 del reto que supone la pandemia por la salud mental, tanto en lo que se refiere a la enfermedad en s\u00ed, como por el impacto de las restricciones. En especial, se trataron temas como la afectaci\u00f3n a los pacientes con COVID-19 ya los profesionales sanitarios, la gesti\u00f3n del duelo y los colectivos vulnerables: j\u00f3venes y enfermos mentales.<\/p>\n\n\n\n<p>Desde el Colegio de Farmac\u00e9uticos de Barcelona se envi\u00f3 a los medios de comunicaci\u00f3n una nota de prensa recogiendo los aspectos m\u00e1s relevantes de la conferencia. Se hicieron eco: <a href=\"https:\/\/www.imfarmacias.es\/noticia\/27035\/el-cof-de-barcelona-pone-el-foco-en-la-salud-mental.html\" target=\"_blank\" rel=\"noreferrer noopener\">imFarmacias<\/a>, <a href=\"https:\/\/revistaacofar.com\/actualidad\/noticias\/la-salud-mental-en-tiempos-de-pandemia-nueva-tertulia-covid-19-en-el-cof-de-barcelona\/\" target=\"_blank\" rel=\"noreferrer noopener\">Revista Acofar<\/a>, <a href=\"https:\/\/www.diariofarma.com\/2022\/01\/25\/la-salud-mental-en-tiempos-de-pandemia-a-debate-en-el-cof-de-barcelona\" target=\"_blank\" rel=\"noreferrer noopener\">Diariofarma<\/a>, <a href=\"https:\/\/www.pmfarma.es\/noticias\/33161-la-salud-mental-en-tiempos-de-pandemia-tema-principal-de-una-nueva-tertulia-covid-19-en-el-cof-de-barcelona.html\" target=\"_blank\" rel=\"noreferrer noopener\">PMFarma<\/a> y <a href=\"https:\/\/revistafarmanatur.com\/salud\/la-salud-mental-tiempos-pandemia-tema-principal-una-nueva-tertulia-covid-19-cof-barcelona\/\" target=\"_blank\" rel=\"noreferrer noopener\">Revista Farmanatur<\/a>.<\/p>\n\n\n\n<figure class=\"wp-block-image size-large\"><img decoding=\"async\" src=\"https:\/\/blog.cofb.cat\/wp-content\/uploads\/2022\/02\/diario-farma-farmanatur-1024x724.png\" alt=\"\" class=\"wp-image-60888\"\/><\/figure>\n\n\n\n<h2 class=\"wp-block-heading\"><strong>Infarma Madrid 2022<\/strong><\/h2>\n\n\n\n<p>Durante el mes de enero, <span class=\"has-inline-color has-black-color\">la organizaci\u00f3n de Infarma<\/span> envi\u00f3 una nota de prensa a los medios de comunicaci\u00f3n para informar sobre <strong>la edici\u00f3n de 2022 de Infarma<\/strong>, que se celebrar\u00e1 del 23 al 24 de marzo en Madrid. Esta nueva edici\u00f3n, organizada por los Colegios Oficiales de Farmac\u00e9uticos de Madrid y Barcelona, en colaboraci\u00f3n con Interalia, recupera el <strong>formato presencial<\/strong> y durante tres d\u00edas centrar\u00e1 <strong>la actualidad de la farmacia<\/strong> en Espa\u00f1a.<\/p>\n\n\n\n<p>El doctor <strong>V\u00edctor Vidal Lacosta<\/strong>, m\u00e9dico de Trabajo e inspector de la Seguridad Social, ser\u00e1 el encargado de llevar a cabo la conferencia inaugural de Infarma Madrid 2022, que tratar\u00e1 sobre <strong>el impacto de la fatiga pand\u00e9mica en el farmac\u00e9utico<\/strong>. Adem\u00e1s, esta edici\u00f3n de Infarma contar\u00e1 con una <strong>Sala COVID<\/strong> para analizar la experiencia y todas las novedades relacionadas con la pandemia.<\/p>\n\n\n\n<p>Recogieron esta nota de prensa los siguientes medios: <a href=\"https:\/\/www.diariofarma.com\/2022\/01\/27\/infarma-madrid-2022-abre-sus-puertas-el-22-de-marzo\" target=\"_blank\" rel=\"noreferrer noopener\">Diariofarma<\/a>, <a href=\"https:\/\/www.imfarmacias.es\/noticia\/27078\/el-doctor-victor-vidal-dara-el-pistoletazo-de-salida-a-infarma-madr.html\" target=\"_blank\" rel=\"noreferrer noopener\">imFarmacias<\/a>, <a href=\"https:\/\/www.phmk.es\/farmacia\/infarma-madrid-2022-tendra-una-sala-covid-para-abordar-las-novedades-sobre-la-pandemia-y-la-experiencia-profesional-adquirida-en-este-campo\" target=\"_blank\" rel=\"noreferrer noopener\">PharmaMarket<\/a>, <a href=\"https:\/\/www.elfarmaceutico.es\/tendencias\/esta-pasando\/noticias\/victor-vidal-inspector-seguridad-social-infarma-madrid-2022_150741_102.html\">El <\/a><a href=\"https:\/\/www.elfarmaceutico.es\/tendencias\/esta-pasando\/noticias\/victor-vidal-inspector-seguridad-social-infarma-madrid-2022_150741_102.html\" target=\"_blank\" rel=\"noreferrer noopener\">Farmac\u00e9utico<\/a>, <a href=\"https:\/\/revistaacofar.com\/actualidad\/noticias\/el-doctor-victor-vidal-inaugurara-infarma-madrid-2022\/\">Rev<\/a><a href=\"https:\/\/revistaacofar.com\/actualidad\/noticias\/el-doctor-victor-vidal-inaugurara-infarma-madrid-2022\/\" target=\"_blank\" rel=\"noreferrer noopener\">y<\/a><a href=\"https:\/\/revistaacofar.com\/actualidad\/noticias\/el-doctor-victor-vidal-inaugurara-infarma-madrid-2022\/\">sta Acofar<\/a>, <a href=\"https:\/\/revistafarmanatur.com\/home-izq\/doctor-victor-vidal-inaugurara-infarma-madrid-2022\/\" target=\"_blank\" rel=\"noreferrer noopener\">Revista Farmanatur<\/a>, <a href=\"https:\/\/www.nutrasalud.es\/noticias\/20220128\/infarma-madrid-salon-farmacia-feria#.Yf0So5qZOUl\" target=\"_blank\" rel=\"noreferrer noopener\">Nutrasalud<\/a> y <a href=\"https:\/\/vozlibre.com\/inbox\/doctor-victor-vidal-infarma-madrid-2022-48803\/\" target=\"_blank\" rel=\"noreferrer noopener\">Vozlibre<\/a>.<\/p>\n\n\n\n<figure class=\"wp-block-image size-large\"><img decoding=\"async\" src=\"https:\/\/blog.cofb.cat\/wp-content\/uploads\/2022\/02\/farmaceutico-im-1024x724.png\" alt=\"\" class=\"wp-image-60903\"\/><\/figure>\n\n\n\n<h2 class=\"wp-block-heading\"><strong>El COFB como fuente de informaci\u00f3n<\/strong><\/h2>\n\n\n\n<h3 class=\"wp-block-heading\"><strong>Propiedades del ajo<\/strong><\/h3>\n\n\n\n<p><strong>Anna Bach-Faig<\/strong>, vocal de Alimentaci\u00f3n y Nutrici\u00f3n del COFB, hizo declaraciones en el marco de un reportaje de <a href=\"https:\/\/vidasana.sv\/propiedades-y-beneficios-del-ajo\/\" target=\"_blank\" rel=\"noreferrer noopener\">Vidasana<\/a> sobre las propiedades nutritivas del ajo, que llevaba por t\u00edtulo \u201cPropiedades y beneficios del ajo\u201d.<\/p>\n\n\n\n<p><\/p>\n\n\n\n<p><\/p>","protected":false},"excerpt":{"rendered":"<p>Tests de ant\u00edgenos en las farmacias Las farmacias notifican positivos de auto tests realizados a domicilio El pasado 3 de enero, la directora del Servicio Catal\u00e1n de la Salud (CatSalut), Gemma Craywinckel, y el presidente del Consejo de Colegios Farmac\u00e9uticos de Catalu\u00f1a (CCFC), Jordi Casas, comparecieron en rueda de prensa por [\u2026]<\/p>","protected":false},"author":1,"featured_media":67966,"comment_status":"open","ping_status":"open","sticky":false,"template":"","format":"standard","meta":{"_uag_custom_page_level_css":"","site-sidebar-layout":"default","site-content-layout":"","ast-site-content-layout":"default","site-content-style":"default","site-sidebar-style":"default","ast-global-header-display":"","ast-banner-title-visibility":"","ast-main-header-display":"","ast-hfb-above-header-display":"","ast-hfb-below-header-display":"","ast-hfb-mobile-header-display":"","site-post-title":"","ast-breadcrumbs-content":"","ast-featured-img":"disabled","footer-sml-layout":"","theme-transparent-header-meta":"","adv-header-id-meta":"","stick-header-meta":"","header-above-stick-meta":"","header-main-stick-meta":"","header-below-stick-meta":"","astra-migrate-meta-layouts":"default","ast-page-background-enabled":"default","ast-page-background-meta":{"desktop":{"background-color":"var(--ast-global-color-4)","background-image":"","background-repeat":"repeat","background-position":"center center","background-size":"auto","background-attachment":"scroll","background-type":"","background-media":"","overlay-type":"","overlay-color":"","overlay-opacity":"","overlay-gradient":""},"tablet":{"background-color":"","background-image":"","background-repeat":"repeat","background-position":"center center","background-size":"auto","background-attachment":"scroll","background-type":"","background-media":"","overlay-type":"","overlay-color":"","overlay-opacity":"","overlay-gradient":""},"mobile":{"background-color":"","background-image":"","background-repeat":"repeat","background-position":"center center","background-size":"auto","background-attachment":"scroll","background-type":"","background-media":"","overlay-type":"","overlay-color":"","overlay-opacity":"","overlay-gradient":""}},"ast-content-background-meta":{"desktop":{"background-color":"var(--ast-global-color-5)","background-image":"","background-repeat":"repeat","background-position":"center center","background-size":"auto","background-attachment":"scroll","background-type":"","background-media":"","overlay-type":"","overlay-color":"","overlay-opacity":"","overlay-gradient":""},"tablet":{"background-color":"var(--ast-global-color-5)","background-image":"","background-repeat":"repeat","background-position":"center center","background-size":"auto","background-attachment":"scroll","background-type":"","background-media":"","overlay-type":"","overlay-color":"","overlay-opacity":"","overlay-gradient":""},"mobile":{"background-color":"var(--ast-global-color-5)","background-image":"","background-repeat":"repeat","background-position":"center center","background-size":"auto","background-attachment":"scroll","background-type":"","background-media":"","overlay-type":"","overlay-color":"","overlay-opacity":"","overlay-gradient":""}},"footnotes":""},"categories":[23,32],"tags":[456,64,551,308,552,18,19,553,469,554,68,69,70,555,459,31,495,76,471,556,557,407,462,558],"class_list":["post-60098","post","type-post","status-publish","format-standard","has-post-thumbnail","hentry","category-destacats","category-noticies-farmacia","tag-antigens","tag-atencio-farmaceutica","tag-autodiagnostic","tag-ccfc","tag-centres-datencio-primaria","tag-cofb","tag-collegi-de-farmaceutics-de-barcelona","tag-comunicacio","tag-coronavirus","tag-entrevistes","tag-farmacia","tag-farmacia-comunitaria","tag-formacio","tag-intervencions","tag-mitjans","tag-mitjans-de-comunicacio","tag-notificacio-de-positius","tag-oficina-de-farmacia","tag-pandemia","tag-recursos-sanitaris","tag-repercussions","tag-servei-catala-de-la-salut","tag-tests","tag-tests-rapids"],"yoast_head":"<!-- This site is optimized with the Yoast SEO plugin v22.4 - https:\/\/yoast.com\/wordpress\/plugins\/seo\/ -->\n<title>Gener: la notificaci\u00f3 de tests d&#039;autodiagn\u00f2stic, el cribratge a la comunitat educativa i la regulaci\u00f3 del preu dels tests d&#039;ant\u00edgens, temes m\u00e9s destacats als mitjans - Col\u00b7legi de Farmac\u00e8utics de Barcelona<\/title>\n<meta name=\"description\" content=\"Aquest gener, la notificaci\u00f3 d\u2019auto tests positius, el cribratge a la comunitat educativa i la regulaci\u00f3 del preu dels tests d&#039;ant\u00edgens, temes m\u00e9s destacats als mitjans.\" \/>\n<meta name=\"robots\" content=\"index, follow, max-snippet:-1, max-image-preview:large, max-video-preview:-1\" \/>\n<link rel=\"canonical\" href=\"https:\/\/novaorg.cofb.net\/2022\/02\/24\/gener-la-notificacio-de-tests-dautodiagnostic-el-cribratge-a-la-comunitat-educativa-i-la-regulacio-del-preu-dels-tests-dantigens-temes-mes-destacats-als-mitjans\/\" \/>\n<meta property=\"og:locale\" content=\"es_ES\" \/>\n<meta property=\"og:type\" content=\"article\" \/>\n<meta property=\"og:title\" content=\"Gener: la notificaci\u00f3 de tests d&#039;autodiagn\u00f2stic, el cribratge a la comunitat educativa i la regulaci\u00f3 del preu dels tests d&#039;ant\u00edgens, temes m\u00e9s destacats als mitjans - Col\u00b7legi de Farmac\u00e8utics de Barcelona\" \/>\n<meta property=\"og:description\" content=\"Aquest gener, la notificaci\u00f3 d\u2019auto tests positius, el cribratge a la comunitat educativa i la regulaci\u00f3 del preu dels tests d&#039;ant\u00edgens, temes m\u00e9s destacats als mitjans.\" \/>\n<meta property=\"og:url\" content=\"https:\/\/novaorg.cofb.net\/2022\/02\/24\/gener-la-notificacio-de-tests-dautodiagnostic-el-cribratge-a-la-comunitat-educativa-i-la-regulacio-del-preu-dels-tests-dantigens-temes-mes-destacats-als-mitjans\/\" \/>\n<meta property=\"og:site_name\" content=\"Col\u00b7legi de Farmac\u00e8utics de Barcelona\" \/>\n<meta property=\"article:publisher\" content=\"https:\/\/www.facebook.com\/farmaceuticsbcn\/\" \/>\n<meta property=\"article:published_time\" content=\"2022-02-24T12:46:44+00:00\" \/>\n<meta property=\"article:modified_time\" content=\"2023-10-05T08:16:50+00:00\" \/>\n<meta property=\"og:image\" content=\"https:\/\/novaorg.cofb.net\/wp-content\/uploads\/2023\/07\/PRIMERA.png\" \/>\n\t<meta property=\"og:image:width\" content=\"1000\" \/>\n\t<meta property=\"og:image:height\" content=\"706\" \/>\n\t<meta property=\"og:image:type\" content=\"image\/png\" \/>\n<meta name=\"author\" content=\"wpAdminCofbOrg\" \/>\n<meta name=\"twitter:card\" content=\"summary_large_image\" \/>\n<meta name=\"twitter:creator\" content=\"@farmaceuticsbcn\" \/>\n<meta name=\"twitter:site\" content=\"@farmaceuticsbcn\" \/>\n<meta name=\"twitter:label1\" content=\"Escrito por\" \/>\n\t<meta name=\"twitter:data1\" content=\"wpAdminCofbOrg\" \/>\n\t<meta name=\"twitter:label2\" content=\"Tiempo de lectura\" \/>\n\t<meta name=\"twitter:data2\" content=\"10 minutos\" \/>\n<script type=\"application\/ld+json\" class=\"yoast-schema-graph\">{\"@context\":\"https:\/\/schema.org\",\"@graph\":[{\"@type\":\"Article\",\"@id\":\"https:\/\/novaorg.cofb.net\/2022\/02\/24\/gener-la-notificacio-de-tests-dautodiagnostic-el-cribratge-a-la-comunitat-educativa-i-la-regulacio-del-preu-dels-tests-dantigens-temes-mes-destacats-als-mitjans\/#article\",\"isPartOf\":{\"@id\":\"https:\/\/novaorg.cofb.net\/2022\/02\/24\/gener-la-notificacio-de-tests-dautodiagnostic-el-cribratge-a-la-comunitat-educativa-i-la-regulacio-del-preu-dels-tests-dantigens-temes-mes-destacats-als-mitjans\/\"},\"author\":{\"name\":\"wpAdminCofbOrg\",\"@id\":\"https:\/\/www.cofb.org\/#\/schema\/person\/22ed7eea88da74b0fa4d3154ad87ffcb\"},\"headline\":\"Gener: la notificaci\u00f3 de tests d&#8217;autodiagn\u00f2stic, el cribratge a la comunitat educativa i la regulaci\u00f3 del preu dels tests d&#8217;ant\u00edgens, temes m\u00e9s destacats als mitjans\",\"datePublished\":\"2022-02-24T12:46:44+00:00\",\"dateModified\":\"2023-10-05T08:16:50+00:00\",\"mainEntityOfPage\":{\"@id\":\"https:\/\/novaorg.cofb.net\/2022\/02\/24\/gener-la-notificacio-de-tests-dautodiagnostic-el-cribratge-a-la-comunitat-educativa-i-la-regulacio-del-preu-dels-tests-dantigens-temes-mes-destacats-als-mitjans\/\"},\"wordCount\":1780,\"commentCount\":0,\"publisher\":{\"@id\":\"https:\/\/www.cofb.org\/#organization\"},\"image\":{\"@id\":\"https:\/\/novaorg.cofb.net\/2022\/02\/24\/gener-la-notificacio-de-tests-dautodiagnostic-el-cribratge-a-la-comunitat-educativa-i-la-regulacio-del-preu-dels-tests-dantigens-temes-mes-destacats-als-mitjans\/#primaryimage\"},\"thumbnailUrl\":\"https:\/\/www.cofb.org\/wp-content\/uploads\/2023\/07\/PRIMERA.png\",\"keywords\":[\"ant\u00edgens\",\"Atenci\u00f3 farmac\u00e8utica\",\"autodiagn\u00f2stic\",\"CCFC\",\"Centres d'Atenci\u00f3 Prim\u00e0ria\",\"COFB\",\"Col\u00b7legi de Farmac\u00e8utics de Barcelona\",\"comunicaci\u00f3\",\"coronavirus\",\"entrevistes\",\"Farm\u00e0cia\",\"farm\u00e0cia comunit\u00e0ria\",\"Formaci\u00f3\",\"intervencions\",\"Mitjans\",\"mitjans de comunicaci\u00f3\",\"notificaci\u00f3 de positius\",\"Oficina de farm\u00e0cia\",\"pand\u00e8mia\",\"Recursos sanitaris\",\"repercussions\",\"Servei Catal\u00e0 de la Salut\",\"tests\",\"tests r\u00e0pids\"],\"articleSection\":[\"Destacats\",\"Not\u00edcies farm\u00e0cia\"],\"inLanguage\":\"es\",\"potentialAction\":[{\"@type\":\"CommentAction\",\"name\":\"Comment\",\"target\":[\"https:\/\/novaorg.cofb.net\/2022\/02\/24\/gener-la-notificacio-de-tests-dautodiagnostic-el-cribratge-a-la-comunitat-educativa-i-la-regulacio-del-preu-dels-tests-dantigens-temes-mes-destacats-als-mitjans\/#respond\"]}]},{\"@type\":\"WebPage\",\"@id\":\"https:\/\/novaorg.cofb.net\/2022\/02\/24\/gener-la-notificacio-de-tests-dautodiagnostic-el-cribratge-a-la-comunitat-educativa-i-la-regulacio-del-preu-dels-tests-dantigens-temes-mes-destacats-als-mitjans\/\",\"url\":\"https:\/\/novaorg.cofb.net\/2022\/02\/24\/gener-la-notificacio-de-tests-dautodiagnostic-el-cribratge-a-la-comunitat-educativa-i-la-regulacio-del-preu-dels-tests-dantigens-temes-mes-destacats-als-mitjans\/\",\"name\":\"Gener: la notificaci\u00f3 de tests d'autodiagn\u00f2stic, el cribratge a la comunitat educativa i la regulaci\u00f3 del preu dels tests d'ant\u00edgens, temes m\u00e9s destacats als mitjans - Col\u00b7legi de Farmac\u00e8utics de Barcelona\",\"isPartOf\":{\"@id\":\"https:\/\/www.cofb.org\/#website\"},\"primaryImageOfPage\":{\"@id\":\"https:\/\/novaorg.cofb.net\/2022\/02\/24\/gener-la-notificacio-de-tests-dautodiagnostic-el-cribratge-a-la-comunitat-educativa-i-la-regulacio-del-preu-dels-tests-dantigens-temes-mes-destacats-als-mitjans\/#primaryimage\"},\"image\":{\"@id\":\"https:\/\/novaorg.cofb.net\/2022\/02\/24\/gener-la-notificacio-de-tests-dautodiagnostic-el-cribratge-a-la-comunitat-educativa-i-la-regulacio-del-preu-dels-tests-dantigens-temes-mes-destacats-als-mitjans\/#primaryimage\"},\"thumbnailUrl\":\"https:\/\/www.cofb.org\/wp-content\/uploads\/2023\/07\/PRIMERA.png\",\"datePublished\":\"2022-02-24T12:46:44+00:00\",\"dateModified\":\"2023-10-05T08:16:50+00:00\",\"description\":\"Aquest gener, la notificaci\u00f3 d\u2019auto tests positius, el cribratge a la comunitat educativa i la regulaci\u00f3 del preu dels tests d'ant\u00edgens, temes m\u00e9s destacats als mitjans.\",\"breadcrumb\":{\"@id\":\"https:\/\/novaorg.cofb.net\/2022\/02\/24\/gener-la-notificacio-de-tests-dautodiagnostic-el-cribratge-a-la-comunitat-educativa-i-la-regulacio-del-preu-dels-tests-dantigens-temes-mes-destacats-als-mitjans\/#breadcrumb\"},\"inLanguage\":\"es\",\"potentialAction\":[{\"@type\":\"ReadAction\",\"target\":[\"https:\/\/novaorg.cofb.net\/2022\/02\/24\/gener-la-notificacio-de-tests-dautodiagnostic-el-cribratge-a-la-comunitat-educativa-i-la-regulacio-del-preu-dels-tests-dantigens-temes-mes-destacats-als-mitjans\/\"]}]},{\"@type\":\"ImageObject\",\"inLanguage\":\"es\",\"@id\":\"https:\/\/novaorg.cofb.net\/2022\/02\/24\/gener-la-notificacio-de-tests-dautodiagnostic-el-cribratge-a-la-comunitat-educativa-i-la-regulacio-del-preu-dels-tests-dantigens-temes-mes-destacats-als-mitjans\/#primaryimage\",\"url\":\"https:\/\/www.cofb.org\/wp-content\/uploads\/2023\/07\/PRIMERA.png\",\"contentUrl\":\"https:\/\/www.cofb.org\/wp-content\/uploads\/2023\/07\/PRIMERA.png\",\"width\":1000,\"height\":706},{\"@type\":\"BreadcrumbList\",\"@id\":\"https:\/\/novaorg.cofb.net\/2022\/02\/24\/gener-la-notificacio-de-tests-dautodiagnostic-el-cribratge-a-la-comunitat-educativa-i-la-regulacio-del-preu-dels-tests-dantigens-temes-mes-destacats-als-mitjans\/#breadcrumb\",\"itemListElement\":[{\"@type\":\"ListItem\",\"position\":1,\"name\":\"Inici\",\"item\":\"https:\/\/novaorg.cofb.net\/\"},{\"@type\":\"ListItem\",\"position\":2,\"name\":\"Gener: la notificaci\u00f3 de tests d&#8217;autodiagn\u00f2stic, el cribratge a la comunitat educativa i la regulaci\u00f3 del preu dels tests d&#8217;ant\u00edgens, temes m\u00e9s destacats als mitjans\"}]},{\"@type\":\"WebSite\",\"@id\":\"https:\/\/www.cofb.org\/#website\",\"url\":\"https:\/\/www.cofb.org\/\",\"name\":\"Col\u00b7legi de Farmac\u00e8utics de Barcelona\",\"description\":\"\",\"publisher\":{\"@id\":\"https:\/\/www.cofb.org\/#organization\"},\"potentialAction\":[{\"@type\":\"SearchAction\",\"target\":{\"@type\":\"EntryPoint\",\"urlTemplate\":\"https:\/\/www.cofb.org\/?s={search_term_string}\"},\"query-input\":\"required name=search_term_string\"}],\"inLanguage\":\"es\"},{\"@type\":\"Organization\",\"@id\":\"https:\/\/www.cofb.org\/#organization\",\"name\":\"Col\u00b7legi de Farmac\u00e8utics de Barcelona\",\"url\":\"https:\/\/www.cofb.org\/\",\"logo\":{\"@type\":\"ImageObject\",\"inLanguage\":\"es\",\"@id\":\"https:\/\/www.cofb.org\/#\/schema\/logo\/image\/\",\"url\":\"https:\/\/www.cofb.org\/wp-content\/uploads\/2023\/11\/cropped-Logotip-COFB.png\",\"contentUrl\":\"https:\/\/www.cofb.org\/wp-content\/uploads\/2023\/11\/cropped-Logotip-COFB.png\",\"width\":500,\"height\":105,\"caption\":\"Col\u00b7legi de Farmac\u00e8utics de Barcelona\"},\"image\":{\"@id\":\"https:\/\/www.cofb.org\/#\/schema\/logo\/image\/\"},\"sameAs\":[\"https:\/\/www.facebook.com\/farmaceuticsbcn\/\",\"https:\/\/twitter.com\/farmaceuticsbcn\",\"https:\/\/www.instagram.com\/farmaceuticsbcn\/\",\"https:\/\/www.linkedin.com\/company\/farmaceuticsbcn\/\"]},{\"@type\":\"Person\",\"@id\":\"https:\/\/www.cofb.org\/#\/schema\/person\/22ed7eea88da74b0fa4d3154ad87ffcb\",\"name\":\"wpAdminCofbOrg\",\"image\":{\"@type\":\"ImageObject\",\"inLanguage\":\"es\",\"@id\":\"https:\/\/www.cofb.org\/#\/schema\/person\/image\/\",\"url\":\"https:\/\/secure.gravatar.com\/avatar\/1721b20b3b8ca882c3b56ec6c978c594fff670e40c0718e9190eaeeb76aae7d8?s=96&d=mm&r=g\",\"contentUrl\":\"https:\/\/secure.gravatar.com\/avatar\/1721b20b3b8ca882c3b56ec6c978c594fff670e40c0718e9190eaeeb76aae7d8?s=96&d=mm&r=g\",\"caption\":\"wpAdminCofbOrg\"},\"sameAs\":[\"http:\/\/192.168.64.122\/wordpress\"],\"url\":\"https:\/\/www.cofb.org\/es\/author\/wpadmincofborg\/\"}]}<\/script>\n<!-- \/ Yoast SEO plugin. -->","yoast_head_json":{"title":"Gener: la notificaci\u00f3 de tests d'autodiagn\u00f2stic, el cribratge a la comunitat educativa i la regulaci\u00f3 del preu dels tests d'ant\u00edgens, temes m\u00e9s destacats als mitjans - Col\u00b7legi de Farmac\u00e8utics de Barcelona","description":"Aquest gener, la notificaci\u00f3 d\u2019auto tests positius, el cribratge a la comunitat educativa i la regulaci\u00f3 del preu dels tests d'ant\u00edgens, temes m\u00e9s destacats als mitjans.","robots":{"index":"index","follow":"follow","max-snippet":"max-snippet:-1","max-image-preview":"max-image-preview:large","max-video-preview":"max-video-preview:-1"},"canonical":"https:\/\/novaorg.cofb.net\/2022\/02\/24\/gener-la-notificacio-de-tests-dautodiagnostic-el-cribratge-a-la-comunitat-educativa-i-la-regulacio-del-preu-dels-tests-dantigens-temes-mes-destacats-als-mitjans\/","og_locale":"es_ES","og_type":"article","og_title":"Gener: la notificaci\u00f3 de tests d'autodiagn\u00f2stic, el cribratge a la comunitat educativa i la regulaci\u00f3 del preu dels tests d'ant\u00edgens, temes m\u00e9s destacats als mitjans - Col\u00b7legi de Farmac\u00e8utics de Barcelona","og_description":"Aquest gener, la notificaci\u00f3 d\u2019auto tests positius, el cribratge a la comunitat educativa i la regulaci\u00f3 del preu dels tests d'ant\u00edgens, temes m\u00e9s destacats als mitjans.","og_url":"https:\/\/novaorg.cofb.net\/2022\/02\/24\/gener-la-notificacio-de-tests-dautodiagnostic-el-cribratge-a-la-comunitat-educativa-i-la-regulacio-del-preu-dels-tests-dantigens-temes-mes-destacats-als-mitjans\/","og_site_name":"Col\u00b7legi de Farmac\u00e8utics de Barcelona","article_publisher":"https:\/\/www.facebook.com\/farmaceuticsbcn\/","article_published_time":"2022-02-24T12:46:44+00:00","article_modified_time":"2023-10-05T08:16:50+00:00","og_image":[{"width":1000,"height":706,"url":"https:\/\/novaorg.cofb.net\/wp-content\/uploads\/2023\/07\/PRIMERA.png","type":"image\/png"}],"author":"wpAdminCofbOrg","twitter_card":"summary_large_image","twitter_creator":"@farmaceuticsbcn","twitter_site":"@farmaceuticsbcn","twitter_misc":{"Escrito por":"wpAdminCofbOrg","Tiempo de lectura":"10 minutos"},"schema":{"@context":"https:\/\/schema.org","@graph":[{"@type":"Article","@id":"https:\/\/novaorg.cofb.net\/2022\/02\/24\/gener-la-notificacio-de-tests-dautodiagnostic-el-cribratge-a-la-comunitat-educativa-i-la-regulacio-del-preu-dels-tests-dantigens-temes-mes-destacats-als-mitjans\/#article","isPartOf":{"@id":"https:\/\/novaorg.cofb.net\/2022\/02\/24\/gener-la-notificacio-de-tests-dautodiagnostic-el-cribratge-a-la-comunitat-educativa-i-la-regulacio-del-preu-dels-tests-dantigens-temes-mes-destacats-als-mitjans\/"},"author":{"name":"wpAdminCofbOrg","@id":"https:\/\/www.cofb.org\/#\/schema\/person\/22ed7eea88da74b0fa4d3154ad87ffcb"},"headline":"Gener: la notificaci\u00f3 de tests d&#8217;autodiagn\u00f2stic, el cribratge a la comunitat educativa i la regulaci\u00f3 del preu dels tests d&#8217;ant\u00edgens, temes m\u00e9s destacats als mitjans","datePublished":"2022-02-24T12:46:44+00:00","dateModified":"2023-10-05T08:16:50+00:00","mainEntityOfPage":{"@id":"https:\/\/novaorg.cofb.net\/2022\/02\/24\/gener-la-notificacio-de-tests-dautodiagnostic-el-cribratge-a-la-comunitat-educativa-i-la-regulacio-del-preu-dels-tests-dantigens-temes-mes-destacats-als-mitjans\/"},"wordCount":1780,"commentCount":0,"publisher":{"@id":"https:\/\/www.cofb.org\/#organization"},"image":{"@id":"https:\/\/novaorg.cofb.net\/2022\/02\/24\/gener-la-notificacio-de-tests-dautodiagnostic-el-cribratge-a-la-comunitat-educativa-i-la-regulacio-del-preu-dels-tests-dantigens-temes-mes-destacats-als-mitjans\/#primaryimage"},"thumbnailUrl":"https:\/\/www.cofb.org\/wp-content\/uploads\/2023\/07\/PRIMERA.png","keywords":["ant\u00edgens","Atenci\u00f3 farmac\u00e8utica","autodiagn\u00f2stic","CCFC","Centres d'Atenci\u00f3 Prim\u00e0ria","COFB","Col\u00b7legi de Farmac\u00e8utics de Barcelona","comunicaci\u00f3","coronavirus","entrevistes","Farm\u00e0cia","farm\u00e0cia comunit\u00e0ria","Formaci\u00f3","intervencions","Mitjans","mitjans de comunicaci\u00f3","notificaci\u00f3 de positius","Oficina de farm\u00e0cia","pand\u00e8mia","Recursos sanitaris","repercussions","Servei Catal\u00e0 de la Salut","tests","tests r\u00e0pids"],"articleSection":["Destacats","Not\u00edcies farm\u00e0cia"],"inLanguage":"es","potentialAction":[{"@type":"CommentAction","name":"Comment","target":["https:\/\/novaorg.cofb.net\/2022\/02\/24\/gener-la-notificacio-de-tests-dautodiagnostic-el-cribratge-a-la-comunitat-educativa-i-la-regulacio-del-preu-dels-tests-dantigens-temes-mes-destacats-als-mitjans\/#respond"]}]},{"@type":"WebPage","@id":"https:\/\/novaorg.cofb.net\/2022\/02\/24\/gener-la-notificacio-de-tests-dautodiagnostic-el-cribratge-a-la-comunitat-educativa-i-la-regulacio-del-preu-dels-tests-dantigens-temes-mes-destacats-als-mitjans\/","url":"https:\/\/novaorg.cofb.net\/2022\/02\/24\/gener-la-notificacio-de-tests-dautodiagnostic-el-cribratge-a-la-comunitat-educativa-i-la-regulacio-del-preu-dels-tests-dantigens-temes-mes-destacats-als-mitjans\/","name":"Gener: la notificaci\u00f3 de tests d'autodiagn\u00f2stic, el cribratge a la comunitat educativa i la regulaci\u00f3 del preu dels tests d'ant\u00edgens, temes m\u00e9s destacats als mitjans - Col\u00b7legi de Farmac\u00e8utics de Barcelona","isPartOf":{"@id":"https:\/\/www.cofb.org\/#website"},"primaryImageOfPage":{"@id":"https:\/\/novaorg.cofb.net\/2022\/02\/24\/gener-la-notificacio-de-tests-dautodiagnostic-el-cribratge-a-la-comunitat-educativa-i-la-regulacio-del-preu-dels-tests-dantigens-temes-mes-destacats-als-mitjans\/#primaryimage"},"image":{"@id":"https:\/\/novaorg.cofb.net\/2022\/02\/24\/gener-la-notificacio-de-tests-dautodiagnostic-el-cribratge-a-la-comunitat-educativa-i-la-regulacio-del-preu-dels-tests-dantigens-temes-mes-destacats-als-mitjans\/#primaryimage"},"thumbnailUrl":"https:\/\/www.cofb.org\/wp-content\/uploads\/2023\/07\/PRIMERA.png","datePublished":"2022-02-24T12:46:44+00:00","dateModified":"2023-10-05T08:16:50+00:00","description":"Aquest gener, la notificaci\u00f3 d\u2019auto tests positius, el cribratge a la comunitat educativa i la regulaci\u00f3 del preu dels tests d'ant\u00edgens, temes m\u00e9s destacats als mitjans.","breadcrumb":{"@id":"https:\/\/novaorg.cofb.net\/2022\/02\/24\/gener-la-notificacio-de-tests-dautodiagnostic-el-cribratge-a-la-comunitat-educativa-i-la-regulacio-del-preu-dels-tests-dantigens-temes-mes-destacats-als-mitjans\/#breadcrumb"},"inLanguage":"es","potentialAction":[{"@type":"ReadAction","target":["https:\/\/novaorg.cofb.net\/2022\/02\/24\/gener-la-notificacio-de-tests-dautodiagnostic-el-cribratge-a-la-comunitat-educativa-i-la-regulacio-del-preu-dels-tests-dantigens-temes-mes-destacats-als-mitjans\/"]}]},{"@type":"ImageObject","inLanguage":"es","@id":"https:\/\/novaorg.cofb.net\/2022\/02\/24\/gener-la-notificacio-de-tests-dautodiagnostic-el-cribratge-a-la-comunitat-educativa-i-la-regulacio-del-preu-dels-tests-dantigens-temes-mes-destacats-als-mitjans\/#primaryimage","url":"https:\/\/www.cofb.org\/wp-content\/uploads\/2023\/07\/PRIMERA.png","contentUrl":"https:\/\/www.cofb.org\/wp-content\/uploads\/2023\/07\/PRIMERA.png","width":1000,"height":706},{"@type":"BreadcrumbList","@id":"https:\/\/novaorg.cofb.net\/2022\/02\/24\/gener-la-notificacio-de-tests-dautodiagnostic-el-cribratge-a-la-comunitat-educativa-i-la-regulacio-del-preu-dels-tests-dantigens-temes-mes-destacats-als-mitjans\/#breadcrumb","itemListElement":[{"@type":"ListItem","position":1,"name":"Inici","item":"https:\/\/novaorg.cofb.net\/"},{"@type":"ListItem","position":2,"name":"Gener: la notificaci\u00f3 de tests d&#8217;autodiagn\u00f2stic, el cribratge a la comunitat educativa i la regulaci\u00f3 del preu dels tests d&#8217;ant\u00edgens, temes m\u00e9s destacats als mitjans"}]},{"@type":"WebSite","@id":"https:\/\/www.cofb.org\/#website","url":"https:\/\/www.cofb.org\/","name":"Col\u00b7legi de Farmac\u00e8utics de Barcelona","description":"","publisher":{"@id":"https:\/\/www.cofb.org\/#organization"},"potentialAction":[{"@type":"SearchAction","target":{"@type":"EntryPoint","urlTemplate":"https:\/\/www.cofb.org\/?s={search_term_string}"},"query-input":"required name=search_term_string"}],"inLanguage":"es"},{"@type":"Organization","@id":"https:\/\/www.cofb.org\/#organization","name":"Col\u00b7legi de Farmac\u00e8utics de Barcelona","url":"https:\/\/www.cofb.org\/","logo":{"@type":"ImageObject","inLanguage":"es","@id":"https:\/\/www.cofb.org\/#\/schema\/logo\/image\/","url":"https:\/\/www.cofb.org\/wp-content\/uploads\/2023\/11\/cropped-Logotip-COFB.png","contentUrl":"https:\/\/www.cofb.org\/wp-content\/uploads\/2023\/11\/cropped-Logotip-COFB.png","width":500,"height":105,"caption":"Col\u00b7legi de Farmac\u00e8utics de Barcelona"},"image":{"@id":"https:\/\/www.cofb.org\/#\/schema\/logo\/image\/"},"sameAs":["https:\/\/www.facebook.com\/farmaceuticsbcn\/","https:\/\/twitter.com\/farmaceuticsbcn","https:\/\/www.instagram.com\/farmaceuticsbcn\/","https:\/\/www.linkedin.com\/company\/farmaceuticsbcn\/"]},{"@type":"Person","@id":"https:\/\/www.cofb.org\/#\/schema\/person\/22ed7eea88da74b0fa4d3154ad87ffcb","name":"wpAdminCofbOrg","image":{"@type":"ImageObject","inLanguage":"es","@id":"https:\/\/www.cofb.org\/#\/schema\/person\/image\/","url":"https:\/\/secure.gravatar.com\/avatar\/1721b20b3b8ca882c3b56ec6c978c594fff670e40c0718e9190eaeeb76aae7d8?s=96&d=mm&r=g","contentUrl":"https:\/\/secure.gravatar.com\/avatar\/1721b20b3b8ca882c3b56ec6c978c594fff670e40c0718e9190eaeeb76aae7d8?s=96&d=mm&r=g","caption":"wpAdminCofbOrg"},"sameAs":["http:\/\/192.168.64.122\/wordpress"],"url":"https:\/\/www.cofb.org\/es\/author\/wpadmincofborg\/"}]}},"uagb_featured_image_src":{"full":["https:\/\/www.cofb.org\/wp-content\/uploads\/2023\/07\/PRIMERA.png",1000,706,false],"thumbnail":["https:\/\/www.cofb.org\/wp-content\/uploads\/2023\/07\/PRIMERA-150x150.png",150,150,true],"medium":["https:\/\/www.cofb.org\/wp-content\/uploads\/2023\/07\/PRIMERA-300x212.png",300,212,true],"medium_large":["https:\/\/www.cofb.org\/wp-content\/uploads\/2023\/07\/PRIMERA-768x542.png",768,542,true],"large":["https:\/\/www.cofb.org\/wp-content\/uploads\/2023\/07\/PRIMERA.png",1000,706,false],"1536x1536":["https:\/\/www.cofb.org\/wp-content\/uploads\/2023\/07\/PRIMERA.png",1000,706,false],"2048x2048":["https:\/\/www.cofb.org\/wp-content\/uploads\/2023\/07\/PRIMERA.png",1000,706,false],"trp-custom-language-flag":["https:\/\/www.cofb.org\/wp-content\/uploads\/2023\/07\/PRIMERA.png",18,12,false]},"uagb_author_info":{"display_name":"wpAdminCofbOrg","author_link":"https:\/\/www.cofb.org\/es\/author\/wpadmincofborg\/"},"uagb_comment_info":0,"uagb_excerpt":"Tests d&#8217;ant\u00edgens a les farm\u00e0cies Les farm\u00e0cies notifiquen positius d&#8217;auto tests realitzats a domicili El passat 3 de gener, la directora del Servei Catal\u00e0 de la Salut (CatSalut), Gemma Craywinckel, i el president del Consell de Col\u00b7legis Farmac\u00e8utics de Catalunya (CCFC), Jordi Casas, van compar\u00e8ixer en roda de premsa per [&hellip;]","_links":{"self":[{"href":"https:\/\/www.cofb.org\/es\/wp-json\/wp\/v2\/posts\/60098","targetHints":{"allow":["GET"]}}],"collection":[{"href":"https:\/\/www.cofb.org\/es\/wp-json\/wp\/v2\/posts"}],"about":[{"href":"https:\/\/www.cofb.org\/es\/wp-json\/wp\/v2\/types\/post"}],"author":[{"embeddable":true,"href":"https:\/\/www.cofb.org\/es\/wp-json\/wp\/v2\/users\/1"}],"replies":[{"embeddable":true,"href":"https:\/\/www.cofb.org\/es\/wp-json\/wp\/v2\/comments?post=60098"}],"version-history":[{"count":1,"href":"https:\/\/www.cofb.org\/es\/wp-json\/wp\/v2\/posts\/60098\/revisions"}],"predecessor-version":[{"id":67967,"href":"https:\/\/www.cofb.org\/es\/wp-json\/wp\/v2\/posts\/60098\/revisions\/67967"}],"wp:featuredmedia":[{"embeddable":true,"href":"https:\/\/www.cofb.org\/es\/wp-json\/wp\/v2\/media\/67966"}],"wp:attachment":[{"href":"https:\/\/www.cofb.org\/es\/wp-json\/wp\/v2\/media?parent=60098"}],"wp:term":[{"taxonomy":"category","embeddable":true,"href":"https:\/\/www.cofb.org\/es\/wp-json\/wp\/v2\/categories?post=60098"},{"taxonomy":"post_tag","embeddable":true,"href":"https:\/\/www.cofb.org\/es\/wp-json\/wp\/v2\/tags?post=60098"}],"curies":[{"name":"wp","href":"https:\/\/api.w.org\/{rel}","templated":true}]}}