{"id":59889,"date":"2022-01-31T17:16:41","date_gmt":"2022-01-31T15:16:41","guid":{"rendered":"https:\/\/blog.cofb.cat\/?p=59889"},"modified":"2023-09-21T09:47:09","modified_gmt":"2023-09-21T09:47:09","slug":"circular-farmaceutica-ja-disponible-ledicio-del-tercer-quadrimestre-de-2021","status":"publish","type":"post","link":"https:\/\/www.cofb.org\/es\/2022\/01\/31\/circular-farmaceutica-ja-disponible-ledicio-del-tercer-quadrimestre-de-2021\/","title":{"rendered":"Circular Farmac\u00e9utica: ya disponible la edici\u00f3n del tercer cuatrimestre de 2021"},"content":{"rendered":"<p>Ya se puede acceder a un&nbsp;<strong><a href=\"https:\/\/www.cofb.org\/es\/documents\/10136\/1070698\/Circular79-3.pdf\/64dbf518-fddc-4eec-bd01-90fe9e700a58\/\" target=\"_blank\" rel=\"noreferrer noopener\">nuevo n\u00famero<\/a>&nbsp;de la&nbsp;<a href=\"https:\/\/www.cofb.org\/es\/web\/guest\/colegi\/publicacions\/circular-farmaceutica\/\" target=\"_blank\" rel=\"noreferrer noopener\">Circular Farmac\u00e9utica<\/a><\/strong>, la publicaci\u00f3n cient\u00edfica que edita el<strong>&nbsp;Col\u00b7legi de Farmac\u00e8utics de Barcelona<\/strong>&nbsp;y que recoge art\u00edculos elaborados por profesionales sanitarios de reconocido prestigio para dar a conocer las&nbsp;<strong>novedades terap\u00e9uticas<\/strong>, as\u00ed como contenidos relacionados con la atenci\u00f3n&nbsp;<strong>farmac\u00e9utica y la salud p\u00fablica.&nbsp;<\/strong><\/p>\n\n\n\n<p>En esta nueva edici\u00f3n&nbsp;<strong>destacamos<\/strong>&nbsp;los siguientes temas:<\/p>\n\n\n\n<ul class=\"wp-block-list\">\n<li><strong>Farmacoterap\u00e9utica<strong>:<\/strong> <\/strong>\u00c9xitos y fracasos de los tratamientos activos sist\u00e9micos frente a la COVID-19.<\/li>\n\n\n\n<li><strong><strong>Alimentaci\u00f3n y Nutrici\u00f3n<\/strong><\/strong>: La leche materna, el alimento que protege al beb\u00e9.<\/li>\n\n\n\n<li><strong><strong>Dermofarmacia y Productos Sanitarios:<\/strong>&nbsp;<\/strong>Alopecia frontal fibrosante, una enfermedad emergente.<\/li>\n<\/ul>\n\n\n<div class=\"destacat-blog\">\n\n\n<p>\u00c9ste es el contenido del&nbsp;<a href=\"https:\/\/www.cofb.org\/es\/documents\/10136\/1070698\/Circular79-3.pdf\/64dbf518-fddc-4eec-bd01-90fe9e700a58\/\" target=\"_blank\" rel=\"noreferrer noopener\"><strong>Vuelo. 79, N\u00famero 3, Tercer cuatrimestre 2021:<\/strong><\/a><\/p>\n\n\n\n<figure class=\"wp-block-image aligncenter size-full\"><a href=\"https:\/\/www.cofb.org\/es\/documents\/10136\/1070698\/Circular79-3.pdf\/64dbf518-fddc-4eec-bd01-90fe9e700a58\/\" target=\"_blank\" rel=\"noopener\"><img decoding=\"async\" src=\"https:\/\/blog.cofb.cat\/wp-content\/uploads\/2022\/01\/Circular-Farmaceutica-2.jpg\" alt=\"circular\" class=\"wp-image-59913\"\/><\/a><\/figure>\n\n\n\n<ul class=\"wp-block-list\">\n\n<li><strong>Editorial:<\/strong>&nbsp;Mar\u00eda Rosa Ballester<\/li>\n\n\n<li><strong>Farmacoterap\u00e9utica:<\/strong>&nbsp;Tratamiento domiciliario endovenoso; \u00c9xitos y fracasos de los tratamientos activos sist\u00e9micos frente a la COVID-19<\/li>\n\n\n<li><strong>El CIM informa:<\/strong>&nbsp;Globalizaci\u00f3n, alimentaci\u00f3n y farmacia<\/li>\n\n\n<li><strong>Casos cl\u00ednicos:<\/strong>&nbsp;Asma grave eosinof\u00edlica no controlada<\/li>\n\n\n<li><strong>Salud P\u00fablica&nbsp;<em>[Actualidad COVID-19]<\/em>:&nbsp;<\/strong>&nbsp;Los errores en la gesti\u00f3n de la pandemia de COVID-19 en Catalu\u00f1a<\/li>\n\n\n<li><strong>An\u00e1lisis Cl\u00ednicos:<\/strong>&nbsp;Prueba de sangre oculta en heces para detectar c\u00e1ncer de colon y recto. Datos Catlab 2021<\/li>\n\n\n<li><strong>Alimentaci\u00f3n y Nutrici\u00f3n:<\/strong>&nbsp;\u00bfRespirar o comer? Soporte nutricional en tiempo de COVID-19&nbsp;<em>[Actualidad COVID-19]<\/em>; La leche materna, el alimento que protege al beb\u00e9<\/li>\n\n\n<li><strong>Dermofarmacia y Productos Sanitarios:<\/strong>&nbsp;Alopecia frontal fibrosante, una enfermedad emergente<\/li>\n\n\n<li><strong>Plantas Medicinales:<\/strong>&nbsp;Pr\u00edmulas. Las primeras en primavera<\/li>\n\n\n<li><strong>Farmac\u00e9uticos innovadores<\/strong><\/li>\n\n\n<li><strong>\u00cdndice autores y materias 2021<\/strong><\/li>\n\n<\/ul> <\/div>\n\n\n<div class=\"destacat-blog\">\n\n\n<h2 class=\"wp-block-heading\">\u00bfQuieres publicar en Circular Farmac\u00e9utica?<\/h2>\n\n\n\n<p><\/p>\n\n\n\n<figure class=\"wp-block-image size-full\"><img decoding=\"async\" src=\"https:\/\/blog.cofb.cat\/wp-content\/uploads\/2018\/03\/Publica-a-la-Circular.jpg\" alt=\"\" class=\"wp-image-38118\"\/><\/figure>\n\n\n\n<p><strong>An\u00edmate a reflexionar, pensar, dise\u00f1ar y emprender un estudio, una actividad, una revisi\u00f3n de un nuevo medicamento y valoraremos su publicaci\u00f3n en nuestra revista.<\/strong><\/p>\n\n\n\n<p><strong>Si es de tu inter\u00e9s, contacta con formacio@cofb.net y estudiaremos tu propuesta.<\/strong><\/p> <\/div>\n\n\n\n<p><\/p>","protected":false},"excerpt":{"rendered":"<p>Ya se puede acceder a un nuevo n\u00famero de la Circular Farmac\u00e9utica, la publicaci\u00f3n cient\u00edfica que edita el Colegio de Farmac\u00e9uticos de Barcelona y que recoge art\u00edculos elaborados por profesionales sanitarios de reconocido prestigio para dar a conocer las novedades terap\u00e9uticas, as\u00ed como contenidos relacionados con la atenci\u00f3n farmac\u00e9utica y la salud p\u00fablica. En esta nueva edici\u00f3n destacamos los siguientes [\u2026]<\/p>","protected":false},"author":1,"featured_media":67989,"comment_status":"open","ping_status":"open","sticky":false,"template":"","format":"standard","meta":{"_uag_custom_page_level_css":"","site-sidebar-layout":"default","site-content-layout":"","ast-site-content-layout":"default","site-content-style":"default","site-sidebar-style":"default","ast-global-header-display":"","ast-banner-title-visibility":"","ast-main-header-display":"","ast-hfb-above-header-display":"","ast-hfb-below-header-display":"","ast-hfb-mobile-header-display":"","site-post-title":"","ast-breadcrumbs-content":"","ast-featured-img":"disabled","footer-sml-layout":"","theme-transparent-header-meta":"","adv-header-id-meta":"","stick-header-meta":"","header-above-stick-meta":"","header-main-stick-meta":"","header-below-stick-meta":"","astra-migrate-meta-layouts":"default","ast-page-background-enabled":"default","ast-page-background-meta":{"desktop":{"background-color":"var(--ast-global-color-4)","background-image":"","background-repeat":"repeat","background-position":"center center","background-size":"auto","background-attachment":"scroll","background-type":"","background-media":"","overlay-type":"","overlay-color":"","overlay-opacity":"","overlay-gradient":""},"tablet":{"background-color":"","background-image":"","background-repeat":"repeat","background-position":"center center","background-size":"auto","background-attachment":"scroll","background-type":"","background-media":"","overlay-type":"","overlay-color":"","overlay-opacity":"","overlay-gradient":""},"mobile":{"background-color":"","background-image":"","background-repeat":"repeat","background-position":"center center","background-size":"auto","background-attachment":"scroll","background-type":"","background-media":"","overlay-type":"","overlay-color":"","overlay-opacity":"","overlay-gradient":""}},"ast-content-background-meta":{"desktop":{"background-color":"var(--ast-global-color-5)","background-image":"","background-repeat":"repeat","background-position":"center center","background-size":"auto","background-attachment":"scroll","background-type":"","background-media":"","overlay-type":"","overlay-color":"","overlay-opacity":"","overlay-gradient":""},"tablet":{"background-color":"var(--ast-global-color-5)","background-image":"","background-repeat":"repeat","background-position":"center center","background-size":"auto","background-attachment":"scroll","background-type":"","background-media":"","overlay-type":"","overlay-color":"","overlay-opacity":"","overlay-gradient":""},"mobile":{"background-color":"var(--ast-global-color-5)","background-image":"","background-repeat":"repeat","background-position":"center center","background-size":"auto","background-attachment":"scroll","background-type":"","background-media":"","overlay-type":"","overlay-color":"","overlay-opacity":"","overlay-gradient":""}},"footnotes":""},"categories":[23,57],"tags":[485,36,16,486,86,487,488,89,18,81,91,94,96],"class_list":["post-59889","post","type-post","status-publish","format-standard","has-post-thumbnail","hentry","category-destacats","category-mon-collegial","tag-actualitat-covid-19","tag-alimentacio","tag-alimentacio-i-nutricio","tag-alopecia","tag-analisis-cliniques","tag-asma-greu","tag-cim","tag-circular-farmaceutica","tag-cofb","tag-dermofarmacia","tag-farmacoterapia","tag-plantes-medicinals","tag-salut-publica"],"yoast_head":"<!-- This site is optimized with the Yoast SEO plugin v22.4 - https:\/\/yoast.com\/wordpress\/plugins\/seo\/ -->\n<title>Circular Farmac\u00e8utica: ja disponible l\u2019edici\u00f3 del tercer quadrimestre de 2021 - Col\u00b7legi de Farmac\u00e8utics de Barcelona<\/title>\n<meta name=\"description\" content=\"Ja es pot accedir a un\u00a0nou n\u00famero\u00a0de la\u00a0Circular Farmac\u00e8utica, la publicaci\u00f3 cient\u00edfica\u00a0que edita el\u00a0Col\u00b7legi de Farmac\u00e8utics de Barcelona\u00a0i que recull articles elaborats per professionals sanitaris de reconegut prestigi.\" \/>\n<meta name=\"robots\" content=\"index, follow, max-snippet:-1, max-image-preview:large, max-video-preview:-1\" \/>\n<link rel=\"canonical\" href=\"https:\/\/novaorg.cofb.net\/2022\/01\/31\/circular-farmaceutica-ja-disponible-ledicio-del-tercer-quadrimestre-de-2021\/\" \/>\n<meta property=\"og:locale\" content=\"es_ES\" \/>\n<meta property=\"og:type\" content=\"article\" \/>\n<meta property=\"og:title\" content=\"Circular Farmac\u00e8utica: ja disponible l\u2019edici\u00f3 del tercer quadrimestre de 2021 - Col\u00b7legi de Farmac\u00e8utics de Barcelona\" \/>\n<meta property=\"og:description\" content=\"Ja es pot accedir a un\u00a0nou n\u00famero\u00a0de la\u00a0Circular Farmac\u00e8utica, la publicaci\u00f3 cient\u00edfica\u00a0que edita el\u00a0Col\u00b7legi de Farmac\u00e8utics de Barcelona\u00a0i que recull articles elaborats per professionals sanitaris de reconegut prestigi.\" \/>\n<meta property=\"og:url\" content=\"https:\/\/novaorg.cofb.net\/2022\/01\/31\/circular-farmaceutica-ja-disponible-ledicio-del-tercer-quadrimestre-de-2021\/\" \/>\n<meta property=\"og:site_name\" content=\"Col\u00b7legi de Farmac\u00e8utics de Barcelona\" \/>\n<meta property=\"article:publisher\" content=\"https:\/\/www.facebook.com\/farmaceuticsbcn\/\" \/>\n<meta property=\"article:published_time\" content=\"2022-01-31T15:16:41+00:00\" \/>\n<meta property=\"article:modified_time\" content=\"2023-09-21T09:47:09+00:00\" \/>\n<meta property=\"og:image\" content=\"https:\/\/novaorg.cofb.net\/wp-content\/uploads\/2023\/07\/Circular-Farmaceutica-2.jpg\" \/>\n\t<meta property=\"og:image:width\" content=\"686\" \/>\n\t<meta property=\"og:image:height\" content=\"899\" \/>\n\t<meta property=\"og:image:type\" content=\"image\/jpeg\" \/>\n<meta name=\"author\" content=\"wpAdminCofbOrg\" \/>\n<meta name=\"twitter:card\" content=\"summary_large_image\" \/>\n<meta name=\"twitter:creator\" content=\"@farmaceuticsbcn\" \/>\n<meta name=\"twitter:site\" content=\"@farmaceuticsbcn\" \/>\n<meta name=\"twitter:label1\" content=\"Escrito por\" \/>\n\t<meta name=\"twitter:data1\" content=\"wpAdminCofbOrg\" \/>\n\t<meta name=\"twitter:label2\" content=\"Tiempo de lectura\" \/>\n\t<meta name=\"twitter:data2\" content=\"2 minutos\" \/>\n<script type=\"application\/ld+json\" class=\"yoast-schema-graph\">{\"@context\":\"https:\/\/schema.org\",\"@graph\":[{\"@type\":\"Article\",\"@id\":\"https:\/\/novaorg.cofb.net\/2022\/01\/31\/circular-farmaceutica-ja-disponible-ledicio-del-tercer-quadrimestre-de-2021\/#article\",\"isPartOf\":{\"@id\":\"https:\/\/novaorg.cofb.net\/2022\/01\/31\/circular-farmaceutica-ja-disponible-ledicio-del-tercer-quadrimestre-de-2021\/\"},\"author\":{\"name\":\"wpAdminCofbOrg\",\"@id\":\"https:\/\/www.cofb.org\/#\/schema\/person\/22ed7eea88da74b0fa4d3154ad87ffcb\"},\"headline\":\"Circular Farmac\u00e8utica: ja disponible l\u2019edici\u00f3 del tercer quadrimestre de 2021\",\"datePublished\":\"2022-01-31T15:16:41+00:00\",\"dateModified\":\"2023-09-21T09:47:09+00:00\",\"mainEntityOfPage\":{\"@id\":\"https:\/\/novaorg.cofb.net\/2022\/01\/31\/circular-farmaceutica-ja-disponible-ledicio-del-tercer-quadrimestre-de-2021\/\"},\"wordCount\":339,\"commentCount\":0,\"publisher\":{\"@id\":\"https:\/\/www.cofb.org\/#organization\"},\"image\":{\"@id\":\"https:\/\/novaorg.cofb.net\/2022\/01\/31\/circular-farmaceutica-ja-disponible-ledicio-del-tercer-quadrimestre-de-2021\/#primaryimage\"},\"thumbnailUrl\":\"https:\/\/www.cofb.org\/wp-content\/uploads\/2023\/07\/Circular-Farmaceutica-2.jpg\",\"keywords\":[\"actualitat COVID-19\",\"alimentaci\u00f3\",\"Alimentaci\u00f3 i nutrici\u00f3\",\"alop\u00e8cia\",\"an\u00e0lisis cl\u00edniques\",\"asma greu\",\"CIM\",\"Circular Farmac\u00e8utica\",\"COFB\",\"Dermofarm\u00e0cia\",\"farmacoter\u00e0pia\",\"Plantes Medicinals\",\"Salut p\u00fablica\"],\"articleSection\":[\"Destacats\",\"M\u00f3n col\u00b7legial\"],\"inLanguage\":\"es\",\"potentialAction\":[{\"@type\":\"CommentAction\",\"name\":\"Comment\",\"target\":[\"https:\/\/novaorg.cofb.net\/2022\/01\/31\/circular-farmaceutica-ja-disponible-ledicio-del-tercer-quadrimestre-de-2021\/#respond\"]}]},{\"@type\":\"WebPage\",\"@id\":\"https:\/\/novaorg.cofb.net\/2022\/01\/31\/circular-farmaceutica-ja-disponible-ledicio-del-tercer-quadrimestre-de-2021\/\",\"url\":\"https:\/\/novaorg.cofb.net\/2022\/01\/31\/circular-farmaceutica-ja-disponible-ledicio-del-tercer-quadrimestre-de-2021\/\",\"name\":\"Circular Farmac\u00e8utica: ja disponible l\u2019edici\u00f3 del tercer quadrimestre de 2021 - Col\u00b7legi de Farmac\u00e8utics de Barcelona\",\"isPartOf\":{\"@id\":\"https:\/\/www.cofb.org\/#website\"},\"primaryImageOfPage\":{\"@id\":\"https:\/\/novaorg.cofb.net\/2022\/01\/31\/circular-farmaceutica-ja-disponible-ledicio-del-tercer-quadrimestre-de-2021\/#primaryimage\"},\"image\":{\"@id\":\"https:\/\/novaorg.cofb.net\/2022\/01\/31\/circular-farmaceutica-ja-disponible-ledicio-del-tercer-quadrimestre-de-2021\/#primaryimage\"},\"thumbnailUrl\":\"https:\/\/www.cofb.org\/wp-content\/uploads\/2023\/07\/Circular-Farmaceutica-2.jpg\",\"datePublished\":\"2022-01-31T15:16:41+00:00\",\"dateModified\":\"2023-09-21T09:47:09+00:00\",\"description\":\"Ja es pot accedir a un\u00a0nou n\u00famero\u00a0de la\u00a0Circular Farmac\u00e8utica, la publicaci\u00f3 cient\u00edfica\u00a0que edita el\u00a0Col\u00b7legi de Farmac\u00e8utics de Barcelona\u00a0i que recull articles elaborats per professionals sanitaris de reconegut prestigi.\",\"breadcrumb\":{\"@id\":\"https:\/\/novaorg.cofb.net\/2022\/01\/31\/circular-farmaceutica-ja-disponible-ledicio-del-tercer-quadrimestre-de-2021\/#breadcrumb\"},\"inLanguage\":\"es\",\"potentialAction\":[{\"@type\":\"ReadAction\",\"target\":[\"https:\/\/novaorg.cofb.net\/2022\/01\/31\/circular-farmaceutica-ja-disponible-ledicio-del-tercer-quadrimestre-de-2021\/\"]}]},{\"@type\":\"ImageObject\",\"inLanguage\":\"es\",\"@id\":\"https:\/\/novaorg.cofb.net\/2022\/01\/31\/circular-farmaceutica-ja-disponible-ledicio-del-tercer-quadrimestre-de-2021\/#primaryimage\",\"url\":\"https:\/\/www.cofb.org\/wp-content\/uploads\/2023\/07\/Circular-Farmaceutica-2.jpg\",\"contentUrl\":\"https:\/\/www.cofb.org\/wp-content\/uploads\/2023\/07\/Circular-Farmaceutica-2.jpg\",\"width\":686,\"height\":899},{\"@type\":\"BreadcrumbList\",\"@id\":\"https:\/\/novaorg.cofb.net\/2022\/01\/31\/circular-farmaceutica-ja-disponible-ledicio-del-tercer-quadrimestre-de-2021\/#breadcrumb\",\"itemListElement\":[{\"@type\":\"ListItem\",\"position\":1,\"name\":\"Inici\",\"item\":\"https:\/\/novaorg.cofb.net\/\"},{\"@type\":\"ListItem\",\"position\":2,\"name\":\"Circular Farmac\u00e8utica: ja disponible l\u2019edici\u00f3 del tercer quadrimestre de 2021\"}]},{\"@type\":\"WebSite\",\"@id\":\"https:\/\/www.cofb.org\/#website\",\"url\":\"https:\/\/www.cofb.org\/\",\"name\":\"Col\u00b7legi de Farmac\u00e8utics de Barcelona\",\"description\":\"\",\"publisher\":{\"@id\":\"https:\/\/www.cofb.org\/#organization\"},\"potentialAction\":[{\"@type\":\"SearchAction\",\"target\":{\"@type\":\"EntryPoint\",\"urlTemplate\":\"https:\/\/www.cofb.org\/?s={search_term_string}\"},\"query-input\":\"required name=search_term_string\"}],\"inLanguage\":\"es\"},{\"@type\":\"Organization\",\"@id\":\"https:\/\/www.cofb.org\/#organization\",\"name\":\"Col\u00b7legi de Farmac\u00e8utics de Barcelona\",\"url\":\"https:\/\/www.cofb.org\/\",\"logo\":{\"@type\":\"ImageObject\",\"inLanguage\":\"es\",\"@id\":\"https:\/\/www.cofb.org\/#\/schema\/logo\/image\/\",\"url\":\"https:\/\/www.cofb.org\/wp-content\/uploads\/2023\/11\/cropped-Logotip-COFB.png\",\"contentUrl\":\"https:\/\/www.cofb.org\/wp-content\/uploads\/2023\/11\/cropped-Logotip-COFB.png\",\"width\":500,\"height\":105,\"caption\":\"Col\u00b7legi de Farmac\u00e8utics de Barcelona\"},\"image\":{\"@id\":\"https:\/\/www.cofb.org\/#\/schema\/logo\/image\/\"},\"sameAs\":[\"https:\/\/www.facebook.com\/farmaceuticsbcn\/\",\"https:\/\/twitter.com\/farmaceuticsbcn\",\"https:\/\/www.instagram.com\/farmaceuticsbcn\/\",\"https:\/\/www.linkedin.com\/company\/farmaceuticsbcn\/\"]},{\"@type\":\"Person\",\"@id\":\"https:\/\/www.cofb.org\/#\/schema\/person\/22ed7eea88da74b0fa4d3154ad87ffcb\",\"name\":\"wpAdminCofbOrg\",\"image\":{\"@type\":\"ImageObject\",\"inLanguage\":\"es\",\"@id\":\"https:\/\/www.cofb.org\/#\/schema\/person\/image\/\",\"url\":\"https:\/\/secure.gravatar.com\/avatar\/1721b20b3b8ca882c3b56ec6c978c594fff670e40c0718e9190eaeeb76aae7d8?s=96&d=mm&r=g\",\"contentUrl\":\"https:\/\/secure.gravatar.com\/avatar\/1721b20b3b8ca882c3b56ec6c978c594fff670e40c0718e9190eaeeb76aae7d8?s=96&d=mm&r=g\",\"caption\":\"wpAdminCofbOrg\"},\"sameAs\":[\"http:\/\/192.168.64.122\/wordpress\"],\"url\":\"https:\/\/www.cofb.org\/es\/author\/wpadmincofborg\/\"}]}<\/script>\n<!-- \/ Yoast SEO plugin. -->","yoast_head_json":{"title":"Circular Farmac\u00e8utica: ja disponible l\u2019edici\u00f3 del tercer quadrimestre de 2021 - Col\u00b7legi de Farmac\u00e8utics de Barcelona","description":"Ja es pot accedir a un\u00a0nou n\u00famero\u00a0de la\u00a0Circular Farmac\u00e8utica, la publicaci\u00f3 cient\u00edfica\u00a0que edita el\u00a0Col\u00b7legi de Farmac\u00e8utics de Barcelona\u00a0i que recull articles elaborats per professionals sanitaris de reconegut prestigi.","robots":{"index":"index","follow":"follow","max-snippet":"max-snippet:-1","max-image-preview":"max-image-preview:large","max-video-preview":"max-video-preview:-1"},"canonical":"https:\/\/novaorg.cofb.net\/2022\/01\/31\/circular-farmaceutica-ja-disponible-ledicio-del-tercer-quadrimestre-de-2021\/","og_locale":"es_ES","og_type":"article","og_title":"Circular Farmac\u00e8utica: ja disponible l\u2019edici\u00f3 del tercer quadrimestre de 2021 - Col\u00b7legi de Farmac\u00e8utics de Barcelona","og_description":"Ja es pot accedir a un\u00a0nou n\u00famero\u00a0de la\u00a0Circular Farmac\u00e8utica, la publicaci\u00f3 cient\u00edfica\u00a0que edita el\u00a0Col\u00b7legi de Farmac\u00e8utics de Barcelona\u00a0i que recull articles elaborats per professionals sanitaris de reconegut prestigi.","og_url":"https:\/\/novaorg.cofb.net\/2022\/01\/31\/circular-farmaceutica-ja-disponible-ledicio-del-tercer-quadrimestre-de-2021\/","og_site_name":"Col\u00b7legi de Farmac\u00e8utics de Barcelona","article_publisher":"https:\/\/www.facebook.com\/farmaceuticsbcn\/","article_published_time":"2022-01-31T15:16:41+00:00","article_modified_time":"2023-09-21T09:47:09+00:00","og_image":[{"width":686,"height":899,"url":"https:\/\/novaorg.cofb.net\/wp-content\/uploads\/2023\/07\/Circular-Farmaceutica-2.jpg","type":"image\/jpeg"}],"author":"wpAdminCofbOrg","twitter_card":"summary_large_image","twitter_creator":"@farmaceuticsbcn","twitter_site":"@farmaceuticsbcn","twitter_misc":{"Escrito por":"wpAdminCofbOrg","Tiempo de lectura":"2 minutos"},"schema":{"@context":"https:\/\/schema.org","@graph":[{"@type":"Article","@id":"https:\/\/novaorg.cofb.net\/2022\/01\/31\/circular-farmaceutica-ja-disponible-ledicio-del-tercer-quadrimestre-de-2021\/#article","isPartOf":{"@id":"https:\/\/novaorg.cofb.net\/2022\/01\/31\/circular-farmaceutica-ja-disponible-ledicio-del-tercer-quadrimestre-de-2021\/"},"author":{"name":"wpAdminCofbOrg","@id":"https:\/\/www.cofb.org\/#\/schema\/person\/22ed7eea88da74b0fa4d3154ad87ffcb"},"headline":"Circular Farmac\u00e8utica: ja disponible l\u2019edici\u00f3 del tercer quadrimestre de 2021","datePublished":"2022-01-31T15:16:41+00:00","dateModified":"2023-09-21T09:47:09+00:00","mainEntityOfPage":{"@id":"https:\/\/novaorg.cofb.net\/2022\/01\/31\/circular-farmaceutica-ja-disponible-ledicio-del-tercer-quadrimestre-de-2021\/"},"wordCount":339,"commentCount":0,"publisher":{"@id":"https:\/\/www.cofb.org\/#organization"},"image":{"@id":"https:\/\/novaorg.cofb.net\/2022\/01\/31\/circular-farmaceutica-ja-disponible-ledicio-del-tercer-quadrimestre-de-2021\/#primaryimage"},"thumbnailUrl":"https:\/\/www.cofb.org\/wp-content\/uploads\/2023\/07\/Circular-Farmaceutica-2.jpg","keywords":["actualitat COVID-19","alimentaci\u00f3","Alimentaci\u00f3 i nutrici\u00f3","alop\u00e8cia","an\u00e0lisis cl\u00edniques","asma greu","CIM","Circular Farmac\u00e8utica","COFB","Dermofarm\u00e0cia","farmacoter\u00e0pia","Plantes Medicinals","Salut p\u00fablica"],"articleSection":["Destacats","M\u00f3n col\u00b7legial"],"inLanguage":"es","potentialAction":[{"@type":"CommentAction","name":"Comment","target":["https:\/\/novaorg.cofb.net\/2022\/01\/31\/circular-farmaceutica-ja-disponible-ledicio-del-tercer-quadrimestre-de-2021\/#respond"]}]},{"@type":"WebPage","@id":"https:\/\/novaorg.cofb.net\/2022\/01\/31\/circular-farmaceutica-ja-disponible-ledicio-del-tercer-quadrimestre-de-2021\/","url":"https:\/\/novaorg.cofb.net\/2022\/01\/31\/circular-farmaceutica-ja-disponible-ledicio-del-tercer-quadrimestre-de-2021\/","name":"Circular Farmac\u00e8utica: ja disponible l\u2019edici\u00f3 del tercer quadrimestre de 2021 - Col\u00b7legi de Farmac\u00e8utics de Barcelona","isPartOf":{"@id":"https:\/\/www.cofb.org\/#website"},"primaryImageOfPage":{"@id":"https:\/\/novaorg.cofb.net\/2022\/01\/31\/circular-farmaceutica-ja-disponible-ledicio-del-tercer-quadrimestre-de-2021\/#primaryimage"},"image":{"@id":"https:\/\/novaorg.cofb.net\/2022\/01\/31\/circular-farmaceutica-ja-disponible-ledicio-del-tercer-quadrimestre-de-2021\/#primaryimage"},"thumbnailUrl":"https:\/\/www.cofb.org\/wp-content\/uploads\/2023\/07\/Circular-Farmaceutica-2.jpg","datePublished":"2022-01-31T15:16:41+00:00","dateModified":"2023-09-21T09:47:09+00:00","description":"Ja es pot accedir a un\u00a0nou n\u00famero\u00a0de la\u00a0Circular Farmac\u00e8utica, la publicaci\u00f3 cient\u00edfica\u00a0que edita el\u00a0Col\u00b7legi de Farmac\u00e8utics de Barcelona\u00a0i que recull articles elaborats per professionals sanitaris de reconegut prestigi.","breadcrumb":{"@id":"https:\/\/novaorg.cofb.net\/2022\/01\/31\/circular-farmaceutica-ja-disponible-ledicio-del-tercer-quadrimestre-de-2021\/#breadcrumb"},"inLanguage":"es","potentialAction":[{"@type":"ReadAction","target":["https:\/\/novaorg.cofb.net\/2022\/01\/31\/circular-farmaceutica-ja-disponible-ledicio-del-tercer-quadrimestre-de-2021\/"]}]},{"@type":"ImageObject","inLanguage":"es","@id":"https:\/\/novaorg.cofb.net\/2022\/01\/31\/circular-farmaceutica-ja-disponible-ledicio-del-tercer-quadrimestre-de-2021\/#primaryimage","url":"https:\/\/www.cofb.org\/wp-content\/uploads\/2023\/07\/Circular-Farmaceutica-2.jpg","contentUrl":"https:\/\/www.cofb.org\/wp-content\/uploads\/2023\/07\/Circular-Farmaceutica-2.jpg","width":686,"height":899},{"@type":"BreadcrumbList","@id":"https:\/\/novaorg.cofb.net\/2022\/01\/31\/circular-farmaceutica-ja-disponible-ledicio-del-tercer-quadrimestre-de-2021\/#breadcrumb","itemListElement":[{"@type":"ListItem","position":1,"name":"Inici","item":"https:\/\/novaorg.cofb.net\/"},{"@type":"ListItem","position":2,"name":"Circular Farmac\u00e8utica: ja disponible l\u2019edici\u00f3 del tercer quadrimestre de 2021"}]},{"@type":"WebSite","@id":"https:\/\/www.cofb.org\/#website","url":"https:\/\/www.cofb.org\/","name":"Col\u00b7legi de Farmac\u00e8utics de Barcelona","description":"","publisher":{"@id":"https:\/\/www.cofb.org\/#organization"},"potentialAction":[{"@type":"SearchAction","target":{"@type":"EntryPoint","urlTemplate":"https:\/\/www.cofb.org\/?s={search_term_string}"},"query-input":"required name=search_term_string"}],"inLanguage":"es"},{"@type":"Organization","@id":"https:\/\/www.cofb.org\/#organization","name":"Col\u00b7legi de Farmac\u00e8utics de Barcelona","url":"https:\/\/www.cofb.org\/","logo":{"@type":"ImageObject","inLanguage":"es","@id":"https:\/\/www.cofb.org\/#\/schema\/logo\/image\/","url":"https:\/\/www.cofb.org\/wp-content\/uploads\/2023\/11\/cropped-Logotip-COFB.png","contentUrl":"https:\/\/www.cofb.org\/wp-content\/uploads\/2023\/11\/cropped-Logotip-COFB.png","width":500,"height":105,"caption":"Col\u00b7legi de Farmac\u00e8utics de Barcelona"},"image":{"@id":"https:\/\/www.cofb.org\/#\/schema\/logo\/image\/"},"sameAs":["https:\/\/www.facebook.com\/farmaceuticsbcn\/","https:\/\/twitter.com\/farmaceuticsbcn","https:\/\/www.instagram.com\/farmaceuticsbcn\/","https:\/\/www.linkedin.com\/company\/farmaceuticsbcn\/"]},{"@type":"Person","@id":"https:\/\/www.cofb.org\/#\/schema\/person\/22ed7eea88da74b0fa4d3154ad87ffcb","name":"wpAdminCofbOrg","image":{"@type":"ImageObject","inLanguage":"es","@id":"https:\/\/www.cofb.org\/#\/schema\/person\/image\/","url":"https:\/\/secure.gravatar.com\/avatar\/1721b20b3b8ca882c3b56ec6c978c594fff670e40c0718e9190eaeeb76aae7d8?s=96&d=mm&r=g","contentUrl":"https:\/\/secure.gravatar.com\/avatar\/1721b20b3b8ca882c3b56ec6c978c594fff670e40c0718e9190eaeeb76aae7d8?s=96&d=mm&r=g","caption":"wpAdminCofbOrg"},"sameAs":["http:\/\/192.168.64.122\/wordpress"],"url":"https:\/\/www.cofb.org\/es\/author\/wpadmincofborg\/"}]}},"uagb_featured_image_src":{"full":["https:\/\/www.cofb.org\/wp-content\/uploads\/2023\/07\/Circular-Farmaceutica-2.jpg",686,899,false],"thumbnail":["https:\/\/www.cofb.org\/wp-content\/uploads\/2023\/07\/Circular-Farmaceutica-2-150x150.jpg",150,150,true],"medium":["https:\/\/www.cofb.org\/wp-content\/uploads\/2023\/07\/Circular-Farmaceutica-2-229x300.jpg",229,300,true],"medium_large":["https:\/\/www.cofb.org\/wp-content\/uploads\/2023\/07\/Circular-Farmaceutica-2.jpg",686,899,false],"large":["https:\/\/www.cofb.org\/wp-content\/uploads\/2023\/07\/Circular-Farmaceutica-2.jpg",686,899,false],"1536x1536":["https:\/\/www.cofb.org\/wp-content\/uploads\/2023\/07\/Circular-Farmaceutica-2.jpg",686,899,false],"2048x2048":["https:\/\/www.cofb.org\/wp-content\/uploads\/2023\/07\/Circular-Farmaceutica-2.jpg",686,899,false],"trp-custom-language-flag":["https:\/\/www.cofb.org\/wp-content\/uploads\/2023\/07\/Circular-Farmaceutica-2.jpg",9,12,false]},"uagb_author_info":{"display_name":"wpAdminCofbOrg","author_link":"https:\/\/www.cofb.org\/es\/author\/wpadmincofborg\/"},"uagb_comment_info":0,"uagb_excerpt":"Ja es pot accedir a un&nbsp;nou n\u00famero&nbsp;de la&nbsp;Circular Farmac\u00e8utica, la publicaci\u00f3 cient\u00edfica&nbsp;que edita el&nbsp;Col\u00b7legi de Farmac\u00e8utics de Barcelona&nbsp;i que recull articles elaborats per professionals sanitaris de reconegut prestigi per a donar a con\u00e8ixer les&nbsp;novetats terap\u00e8utiques, aix\u00ed com continguts relacionats amb l\u2019atenci\u00f3&nbsp;farmac\u00e8utica i la salut p\u00fablica.&nbsp; En aquesta nova edici\u00f3&nbsp;destaquem&nbsp;els seg\u00fcents [&hellip;]","_links":{"self":[{"href":"https:\/\/www.cofb.org\/es\/wp-json\/wp\/v2\/posts\/59889","targetHints":{"allow":["GET"]}}],"collection":[{"href":"https:\/\/www.cofb.org\/es\/wp-json\/wp\/v2\/posts"}],"about":[{"href":"https:\/\/www.cofb.org\/es\/wp-json\/wp\/v2\/types\/post"}],"author":[{"embeddable":true,"href":"https:\/\/www.cofb.org\/es\/wp-json\/wp\/v2\/users\/1"}],"replies":[{"embeddable":true,"href":"https:\/\/www.cofb.org\/es\/wp-json\/wp\/v2\/comments?post=59889"}],"version-history":[{"count":4,"href":"https:\/\/www.cofb.org\/es\/wp-json\/wp\/v2\/posts\/59889\/revisions"}],"predecessor-version":[{"id":68763,"href":"https:\/\/www.cofb.org\/es\/wp-json\/wp\/v2\/posts\/59889\/revisions\/68763"}],"wp:featuredmedia":[{"embeddable":true,"href":"https:\/\/www.cofb.org\/es\/wp-json\/wp\/v2\/media\/67989"}],"wp:attachment":[{"href":"https:\/\/www.cofb.org\/es\/wp-json\/wp\/v2\/media?parent=59889"}],"wp:term":[{"taxonomy":"category","embeddable":true,"href":"https:\/\/www.cofb.org\/es\/wp-json\/wp\/v2\/categories?post=59889"},{"taxonomy":"post_tag","embeddable":true,"href":"https:\/\/www.cofb.org\/es\/wp-json\/wp\/v2\/tags?post=59889"}],"curies":[{"name":"wp","href":"https:\/\/api.w.org\/{rel}","templated":true}]}}