{"id":59820,"date":"2022-01-25T13:39:45","date_gmt":"2022-01-25T11:39:45","guid":{"rendered":"https:\/\/blog.cofb.cat\/?p=59820"},"modified":"2023-09-21T09:48:12","modified_gmt":"2023-09-21T09:48:12","slug":"la-salut-mental-en-temps-de-pandemia-tema-principal-duna-nova-tertulia-covid-19-al-cofb","status":"publish","type":"post","link":"https:\/\/www.cofb.org\/es\/2022\/01\/25\/la-salut-mental-en-temps-de-pandemia-tema-principal-duna-nova-tertulia-covid-19-al-cofb\/","title":{"rendered":"La salud mental en tiempos de pandemia, tema principal de una nueva tertulia COVID-19 en el COFB"},"content":{"rendered":"<p>El pasado 19 de enero tuvo lugar en el Colegio de Farmac\u00e9uticos de Barcelona (COFB) una nueva <strong>tertulia COVID-19 <\/strong>titulada <strong>\u201cSalud mental en tiempo de COVID\u201d<\/strong>. Patrocinada por <a href=\"https:\/\/www.neuraxpharm.com\/\" target=\"_blank\" rel=\"noreferrer noopener\">Neuraxpharm<\/a>, estuvo a cargo del dr. V\u00edctor P\u00e9rez, director del Instituto de Neuropsiquiatr\u00eda y Adicciones del Hospital del Mar y vocal del patronato de la Fundaci\u00f3n Enfermos Mentales de Catalu\u00f1a. Adem\u00e1s, en la conferencia tambi\u00e9n intervino <strong>Anna Mitjans<\/strong>, coordinadora de proyectos de la Fundaci\u00f3n Galatea.<\/p>\n\n\n\n<figure class=\"wp-block-image size-large\"><img decoding=\"async\" src=\"https:\/\/blog.cofb.cat\/wp-content\/uploads\/2022\/01\/Tertulia-Salut-Mental-Intro_edited-1024x415.jpg\" alt=\"\" class=\"wp-image-59832\"\/><figcaption class=\"wp-element-caption\">De izquierda a derecha: Anna Mitjans, de la Fundaci\u00f3n Galatea; Aina Surroca, secretaria de la Junta de Gobierno del COFB y el dr. V\u00edctor P\u00e9rez, director del Instituto de Neuropsiquiatr\u00eda y Adicciones del Hospital del Mar.<\/figcaption><\/figure>\n\n\n\n<p><strong>Aina Surroca<\/strong>, secretaria del COFB y responsable de la Comisi\u00f3n Delegada de Formaci\u00f3n Continuada, fue la encargada de<strong>introducir<\/strong> y <strong>moderar la sesi\u00f3n<\/strong>. Al inicio de \u00e9sta, Surroca destac\u00f3 que \u201clas <strong>personas j\u00f3venes<\/strong>, las <strong>personas mayores<\/strong> y las <strong>mujeres<\/strong> son grupos con mayor riesgo de sufrir este <strong>incremento de trastornos mentales<\/strong> provocado por la <strong>pandemia de COVID-19<\/strong>. Y es por eso que quer\u00edamos dar esta conferencia, porque vemos c\u00f3mo crecen la<strong>ansiedad<\/strong> ) <strong>depresi\u00f3n<\/strong>, que se descompensan trastornos graves como la esquizofrenia o los trastornos de conducta alimentaria y las tentativas de suicidio\u201d. Y a\u00f1adi\u00f3 que \u201cen el Estado espa\u00f1ol, <strong>la inversi\u00f3n en salud mental es de un 4%<\/strong>, mientras que la <strong>media de la Uni\u00f3n Europea es del 5,5%<\/strong> e, incluso, hay pa\u00edses que <strong>llegan al 10%<\/strong>\u201d.<\/p>\n\n\n\n<h2 class=\"wp-block-heading\"><strong>La pandemia, un reto importante para la salud mental<\/strong><\/h2>\n\n\n\n<p>El <strong>Dr. P\u00e9rez<\/strong> empez\u00f3 su intervenci\u00f3n recordando que \u201cdesde la Sociedad Espa\u00f1ola de Psiquiatr\u00eda, enseguida nos dimos cuenta de que la pandemia ser\u00eda un <strong>reto muy importante por la salud mental<\/strong> y, de hecho, en estos momentos, est\u00e1 en <strong>centro de todas las miradas<\/strong>. Hemos o\u00eddo lo que es la tristeza, la ansiedad, la depresi\u00f3n, la desesperaci\u00f3n, la sensaci\u00f3n de que no hab\u00eda nada que hacer y, probablemente, esto ha hecho que miremos a la salud mental como algo que debemos cuidar\u201d.<\/p>\n\n\n\n<p>Otro <strong>motivo de preocupaci\u00f3n<\/strong> en relaci\u00f3n con la salud mental ha sido &quot;el impacto de las medidas que se han tomado para tratar de disminuir la pandemia&quot;. Y, sobre todo, durante la primera ola, \u201cc\u00f3mo hacer frente al duelo en una situaci\u00f3n de confinamiento domiciliario, ayudar a los compa\u00f1eros de otras especialidades a poder aguantar la presi\u00f3n y, tambi\u00e9n, c\u00f3mo afectaba a la pandemia a los enfermos mentales graves\u201d.<\/p>\n\n\n<div class=\"destacat-blog\">\n\n\n<h2 class=\"wp-block-heading\"><strong>\u00c1reas m\u00e1s importantes y destacadas para la salud mental<\/strong><\/h2>\n\n\n\n<h3 class=\"wp-block-heading\"><strong>Pacientes<\/strong><\/h3>\n\n\n\n<p>El dr. P\u00e9rez explic\u00f3 que \u201cel <strong>coronavirus<\/strong> es uno <strong>virus neurotr\u00f3fico<\/strong>, que afecta <strong>directamente en el cerebro<\/strong> y, como tal, comporta una serie de sintomatolog\u00eda. La m\u00e1s frecuente es insomnio, ansiedad, d\u00e9ficits de concentraci\u00f3n, problemas de memoria y, posteriormente, los s\u00edntomas de salud mental que m\u00e1s sufren <strong>enfermos COVID-19<\/strong> son la fatiga y los recuerdos traum\u00e1ticos, sobre todo, aquellos que sufrieron situaciones de crisis muy importantes y aquellos que estuvieron en la UCI, que muchas veces terminan con una sintomatolog\u00eda similar a la de <strong>el estr\u00e9s postraum\u00e1tico<\/strong>\u201d. Y a\u00f1adi\u00f3: \u201cTambi\u00e9n existen otros tipos de impactos del virus que est\u00e1n relacionados con la <strong>psicolog\u00eda<\/strong>, como el estigma que la COVID-19 tuvo en los primeros meses, el<strong>aislamiento social<\/strong>, los <strong>problemas socioecon\u00f3micos<\/strong>, la <strong>fatiga<\/strong> o las <strong>secuelas funcionales<\/strong> despu\u00e9s de la infecci\u00f3n, entre otros\u201d.<\/p>\n\n\n\n<h3 class=\"wp-block-heading\"><strong>Duelo<\/strong><\/h3>\n\n\n\n<p>El dr. P\u00e9rez record\u00f3 que \u201cal principio, <strong>se cerraron las visitas a los hospitales<\/strong>, y se ha vuelto hacer en otras oleadas\u201d. \u201cLos enfermos llegaban solos \u2013tras despedirse en casa de las familias- y pod\u00edan morir en el hospital sin que nadie de su familia tuviera acceso a ellos. Con suerte, personal de enfermer\u00eda o trabajadores sociales hac\u00edan una despedida con una tableta o un tel\u00e9fono\u201d, afirm\u00f3.<\/p>\n\n\n\n<p>Todo esto repercute en el concepto de luto de la cultura occidental. Seg\u00fan explic\u00f3 el doctor, el <strong>duelo <\/strong>en tiempo de <strong>COVID-19<\/strong>, sobre todo al principio, fue <strong>traum\u00e1tico<\/strong> por estas caracter\u00edsticas: rapidez, falta de tiempo para asimilar, la sorpresa, la incertidumbre, la impotencia de no poder hacer nada por cambiarlo, el hecho de no poder entender lo que est\u00e1 pasando o la soledad en el momento de la muerte.<\/p>\n\n\n\n<h3 class=\"wp-block-heading\"><strong>Profesionales sanitarios<\/strong><\/h3>\n\n\n\n<p>\u201cDesde el principio nos dimos cuenta de que los <strong>profesionales sanitarios<\/strong> que estaban en primera l\u00ednea lo pasar\u00edan mal\u201d, apunt\u00f3 el dr. P\u00e9rez. Por eso, en hospitales como el Hospital de Mar \u201cofrecimos un servicio de atenci\u00f3n para aquellas personas que, inicialmente, eran trabajadores, familiares y usuarios. Despu\u00e9s se fue centrando espec\u00edficamente en los trabajadores. Una de las cosas que hicimos en la primera ola, que funcion\u00f3 muy bien, fue poner en marcha una cafeter\u00eda con psic\u00f3logos. La gente se acercaba y hablaba con los psic\u00f3logos y sobre todo hablaban entre ellos. La verdad que en esos meses fue espectacular la gente que vino\u201d.<\/p>\n\n\n\n<p>Dentro de este blog, el dr. V\u00edctor P\u00e9rez tambi\u00e9n aport\u00f3 datos del<strong>estudio MINDCOVID<\/strong>, liderado desde el Hospital de la Mar por el dr. Jordi Alonso, cuyo objetivo es estudiar la salud mental de los trabajadores sanitarios y de otros colectivos vulnerables, as\u00ed como los enfermos de la COVID-19 y tambi\u00e9n en una muestra de la poblaci\u00f3n general adulta.<\/p>\n\n\n\n<p>En relaci\u00f3n con el <strong>riesgo de enfermedad<\/strong>, \u201c<strong>pr\u00e1cticamente el 45% de los profesionales<\/strong> que contestaba a la encuesta -tanto en el Hospital de la Mar como en global-, estaba en riesgo de enfermedad mental. Lo m\u00e1s frecuente era la <strong>depresi\u00f3n<\/strong> y los <strong>problemas de ansiedad<\/strong>\u201d. Concretamente, \u201clos <strong>profesionales sanitarios<\/strong> que ten\u00edan m\u00e1s riesgo de <strong>sufrir alg\u00fan trastorno mental<\/strong> eran: las mujeres, formar parte del colectivo de enfermer\u00eda, estar en formaci\u00f3n, profesionales sanitarios que hab\u00edan tenido alguna p\u00e9rdida por COVID-19 y, especialmente, aquellos profesionales sanitarios que estaban en primera l\u00ednea frente al coronavirus\u201d. En relaci\u00f3n con los <strong>factores protectores<\/strong> de<strong>impacto psicol\u00f3gico<\/strong>, se vio que eran los universales: &quot;tener buenas relaciones sociales, poder explicar lo que nos pasa, tener un buen equilibrio entre la raz\u00f3n y las emociones y saber compartimentar el trabajo y la vida familiar y el ocio&quot;.<\/p>\n\n\n\n<figure class=\"wp-block-image size-full\"><img decoding=\"async\" src=\"https:\/\/blog.cofb.cat\/wp-content\/uploads\/2022\/01\/Tertulia-Salut-Mental-Dr.-Victor-Perez_edited-1.jpg\" alt=\"El Dr. V\u00edctor P\u00e9rez va exposar quins professionals sanitaris tenien m\u00e9s risc de patir un trastorn mental, arran de tota la situaci\u00f3 viscuda amb la pand\u00e8mia.\" class=\"wp-image-59833\" title=\"El dr. V\u00edctor P\u00e9rez expuso qu\u00e9 profesionales sanitarios ten\u00edan mayor riesgo de sufrir un trastorno mental, a ra\u00edz de toda la situaci\u00f3n vivida con la pandemia.\"\/><figcaption class=\"wp-element-caption\">El dr. V\u00edctor P\u00e9rez expuso qu\u00e9 profesionales sanitarios ten\u00edan mayor riesgo de sufrir un trastorno mental, a ra\u00edz de toda la situaci\u00f3n vivida con la pandemia.<\/figcaption><\/figure>\n\n\n\n<h3 class=\"wp-block-heading\"><strong>Poblaciones vulnerables: j\u00f3venes y enfermos mentales<\/strong><\/h3>\n\n\n\n<p>Seg\u00fan expuso el dr. P\u00e9rez, \u201cuna de las cosas que hemos aprendido y que deber\u00edamos intentar no volver a hacer es <strong>aislar a los adolescentes<\/strong>. Cerrar las escuelas y lugares de reuni\u00f3n de personas j\u00f3venes nos ha hecho pagar un precio. Sobre todo porque sabemos perfectamente que en gente joven el coronavirus tiene muy pocos riesgos. Y, de hecho, la demostraci\u00f3n m\u00e1s importante de que fue un error es que ha habido un aumento importante de la conducta suicida en los adolescentes\u201d.<\/p>\n\n\n\n<p>Por otra parte, \u201cinicialmente, pensaba que los enfermos mentales, por ser enfermos especialmente fr\u00e1giles, vivir\u00edan muy mal la situaci\u00f3n de la pandemia. Nos equivoc\u00e1bamos. Los datos que obtuvimos eran muy parecidos a los que ya ten\u00edamos de la poblaci\u00f3n general\u201d.<\/p> <\/div>\n\n\n\n<h3 class=\"wp-block-heading\"><strong>Fundaci\u00f3n Galatea: mejora de la salud y el bienestar de los profesionales sanitarios<\/strong><\/h3>\n\n\n\n<p>La Fundaci\u00f3n Galatea se cre\u00f3 en 2001 y se dedica a la mejora de la salud y bienestar de m\u00e9dicos y otros profesionales sanitarios (farmac\u00e9uticos, enfermeras, psic\u00f3logos, odont\u00f3logos, veterinarios, trabajadoras sociales y fisioterapeutas). El Consejo de Colegios Farmac\u00e9uticos de Catalu\u00f1a (CCFC) forma parte del patronato de la Fundaci\u00f3n Galatea, que tiene 3 ejes de acci\u00f3n: <strong>asistencial <\/strong>(atenci\u00f3n psicol\u00f3gica y apoyo emocional), <strong>promoci\u00f3n de la salud<\/strong> y <strong>investigaci\u00f3n<\/strong>.<\/p>\n\n\n\n<p>Anna Mitjans explic\u00f3 que \u201cdesde el inicio de la <strong>pandemia<\/strong>, hemos puesto en marcha <strong>las intervenciones en equipos y organizaciones<\/strong>, para ayudar a los equipos a trabajar de forma m\u00e1s saludable, identificando <strong>factores de dificultad<\/strong> para el ejercicio profesional eficaz y saludable; y aumentar la eficacia colectiva para mejorar las situaciones generadoras de malestar profesional\u201d.<\/p>\n\n\n\n<p>Tambi\u00e9n present\u00f3 datos de un estudio sobre el<strong>impacto de la COVID-19 <\/strong>en la salud, los estilos de vida y las condiciones de trabajo de los profesionales de la salud en Catalu\u00f1a. Y record\u00f3 que todos los colegiados tienen acceso a los servicios que ofrece la Fundaci\u00f3.<\/p>\n\n\n\n<p class=\"has-text-align-right\"><strong>Con el patrocinio de:<\/strong><\/p>\n\n\n\n<figure class=\"wp-block-image alignright size-full\"><a href=\"https:\/\/www.neuraxpharm.com\/\" target=\"_blank\" rel=\"noopener\"><img decoding=\"async\" src=\"https:\/\/blog.cofb.cat\/wp-content\/uploads\/2022\/01\/Neuraxpharm_OK.jpg\" alt=\"\" class=\"wp-image-59821\"\/><\/a><\/figure>","protected":false},"excerpt":{"rendered":"<p>El pasado 19 de enero tuvo lugar en el Colegio de Farmac\u00e9uticos de Barcelona (COFB) una nueva tertulia COVID-19 titulada \u201cSalud mental en tiempo de COVID\u201d. Patrocinada por Neuraxpharm, estuvo a cargo del dr. V\u00edctor P\u00e9rez, director del Instituto de Neuropsiquiatr\u00eda y Adicciones del Hospital de la Mar y [\u2026]<\/p>","protected":false},"author":1,"featured_media":67995,"comment_status":"open","ping_status":"open","sticky":false,"template":"","format":"standard","meta":{"_uag_custom_page_level_css":"","site-sidebar-layout":"default","site-content-layout":"","ast-site-content-layout":"default","site-content-style":"default","site-sidebar-style":"default","ast-global-header-display":"","ast-banner-title-visibility":"","ast-main-header-display":"","ast-hfb-above-header-display":"","ast-hfb-below-header-display":"","ast-hfb-mobile-header-display":"","site-post-title":"","ast-breadcrumbs-content":"","ast-featured-img":"disabled","footer-sml-layout":"","theme-transparent-header-meta":"","adv-header-id-meta":"","stick-header-meta":"","header-above-stick-meta":"","header-main-stick-meta":"","header-below-stick-meta":"","astra-migrate-meta-layouts":"default","ast-page-background-enabled":"default","ast-page-background-meta":{"desktop":{"background-color":"var(--ast-global-color-4)","background-image":"","background-repeat":"repeat","background-position":"center center","background-size":"auto","background-attachment":"scroll","background-type":"","background-media":"","overlay-type":"","overlay-color":"","overlay-opacity":"","overlay-gradient":""},"tablet":{"background-color":"","background-image":"","background-repeat":"repeat","background-position":"center center","background-size":"auto","background-attachment":"scroll","background-type":"","background-media":"","overlay-type":"","overlay-color":"","overlay-opacity":"","overlay-gradient":""},"mobile":{"background-color":"","background-image":"","background-repeat":"repeat","background-position":"center center","background-size":"auto","background-attachment":"scroll","background-type":"","background-media":"","overlay-type":"","overlay-color":"","overlay-opacity":"","overlay-gradient":""}},"ast-content-background-meta":{"desktop":{"background-color":"var(--ast-global-color-5)","background-image":"","background-repeat":"repeat","background-position":"center center","background-size":"auto","background-attachment":"scroll","background-type":"","background-media":"","overlay-type":"","overlay-color":"","overlay-opacity":"","overlay-gradient":""},"tablet":{"background-color":"var(--ast-global-color-5)","background-image":"","background-repeat":"repeat","background-position":"center center","background-size":"auto","background-attachment":"scroll","background-type":"","background-media":"","overlay-type":"","overlay-color":"","overlay-opacity":"","overlay-gradient":""},"mobile":{"background-color":"var(--ast-global-color-5)","background-image":"","background-repeat":"repeat","background-position":"center center","background-size":"auto","background-attachment":"scroll","background-type":"","background-media":"","overlay-type":"","overlay-color":"","overlay-opacity":"","overlay-gradient":""}},"footnotes":""},"categories":[23,57],"tags":[467,468,18,19,469,470,53,24,69,70,76,471,472,473,474],"class_list":["post-59820","post","type-post","status-publish","format-standard","has-post-thumbnail","hentry","category-destacats","category-mon-collegial","tag-activitats-formatives","tag-ansietat","tag-cofb","tag-collegi-de-farmaceutics-de-barcelona","tag-coronavirus","tag-depressio","tag-farmaceutics","tag-farmaceutics-comunitaris","tag-farmacia-comunitaria","tag-formacio","tag-oficina-de-farmacia","tag-pandemia","tag-salut-mental","tag-tertulia-covid-19","tag-trastorns-de-salut-mental"],"yoast_head":"<!-- This site is optimized with the Yoast SEO plugin v22.4 - https:\/\/yoast.com\/wordpress\/plugins\/seo\/ -->\n<title>La salut mental en temps de pand\u00e8mia, tema principal d&#039;una nova tert\u00falia COVID-19 al COFB - Col\u00b7legi de Farmac\u00e8utics de Barcelona<\/title>\n<meta name=\"description\" content=\"El passat 19 de gener va tenir lloc al Col\u00b7legi de Farmac\u00e8utics de Barcelona (COFB) una nova tert\u00falia COVID-19 titulada \u201cSalut mental en temps de COVID\u201d.\" \/>\n<meta name=\"robots\" content=\"index, follow, max-snippet:-1, max-image-preview:large, max-video-preview:-1\" \/>\n<link rel=\"canonical\" href=\"https:\/\/novaorg.cofb.net\/2022\/01\/25\/la-salut-mental-en-temps-de-pandemia-tema-principal-duna-nova-tertulia-covid-19-al-cofb\/\" \/>\n<meta property=\"og:locale\" content=\"es_ES\" \/>\n<meta property=\"og:type\" content=\"article\" \/>\n<meta property=\"og:title\" content=\"La salut mental en temps de pand\u00e8mia, tema principal d&#039;una nova tert\u00falia COVID-19 al COFB - Col\u00b7legi de Farmac\u00e8utics de Barcelona\" \/>\n<meta property=\"og:description\" content=\"El passat 19 de gener va tenir lloc al Col\u00b7legi de Farmac\u00e8utics de Barcelona (COFB) una nova tert\u00falia COVID-19 titulada \u201cSalut mental en temps de COVID\u201d.\" \/>\n<meta property=\"og:url\" content=\"https:\/\/novaorg.cofb.net\/2022\/01\/25\/la-salut-mental-en-temps-de-pandemia-tema-principal-duna-nova-tertulia-covid-19-al-cofb\/\" \/>\n<meta property=\"og:site_name\" content=\"Col\u00b7legi de Farmac\u00e8utics de Barcelona\" \/>\n<meta property=\"article:publisher\" content=\"https:\/\/www.facebook.com\/farmaceuticsbcn\/\" \/>\n<meta property=\"article:published_time\" content=\"2022-01-25T11:39:45+00:00\" \/>\n<meta property=\"article:modified_time\" content=\"2023-09-21T09:48:12+00:00\" \/>\n<meta property=\"og:image\" content=\"https:\/\/novaorg.cofb.net\/wp-content\/uploads\/2023\/07\/Tertulia-Salut-Mental-Intro_edited-1024x415-1.jpg\" \/>\n\t<meta property=\"og:image:width\" content=\"1024\" \/>\n\t<meta property=\"og:image:height\" content=\"415\" \/>\n\t<meta property=\"og:image:type\" content=\"image\/jpeg\" \/>\n<meta name=\"author\" content=\"wpAdminCofbOrg\" \/>\n<meta name=\"twitter:card\" content=\"summary_large_image\" \/>\n<meta name=\"twitter:creator\" content=\"@farmaceuticsbcn\" \/>\n<meta name=\"twitter:site\" content=\"@farmaceuticsbcn\" \/>\n<meta name=\"twitter:label1\" content=\"Escrito por\" \/>\n\t<meta name=\"twitter:data1\" content=\"wpAdminCofbOrg\" \/>\n\t<meta name=\"twitter:label2\" content=\"Tiempo de lectura\" \/>\n\t<meta name=\"twitter:data2\" content=\"7 minutos\" \/>\n<script type=\"application\/ld+json\" class=\"yoast-schema-graph\">{\"@context\":\"https:\/\/schema.org\",\"@graph\":[{\"@type\":\"Article\",\"@id\":\"https:\/\/novaorg.cofb.net\/2022\/01\/25\/la-salut-mental-en-temps-de-pandemia-tema-principal-duna-nova-tertulia-covid-19-al-cofb\/#article\",\"isPartOf\":{\"@id\":\"https:\/\/novaorg.cofb.net\/2022\/01\/25\/la-salut-mental-en-temps-de-pandemia-tema-principal-duna-nova-tertulia-covid-19-al-cofb\/\"},\"author\":{\"name\":\"wpAdminCofbOrg\",\"@id\":\"https:\/\/www.cofb.org\/#\/schema\/person\/22ed7eea88da74b0fa4d3154ad87ffcb\"},\"headline\":\"La salut mental en temps de pand\u00e8mia, tema principal d&#8217;una nova tert\u00falia COVID-19 al COFB\",\"datePublished\":\"2022-01-25T11:39:45+00:00\",\"dateModified\":\"2023-09-21T09:48:12+00:00\",\"mainEntityOfPage\":{\"@id\":\"https:\/\/novaorg.cofb.net\/2022\/01\/25\/la-salut-mental-en-temps-de-pandemia-tema-principal-duna-nova-tertulia-covid-19-al-cofb\/\"},\"wordCount\":1479,\"commentCount\":0,\"publisher\":{\"@id\":\"https:\/\/www.cofb.org\/#organization\"},\"image\":{\"@id\":\"https:\/\/novaorg.cofb.net\/2022\/01\/25\/la-salut-mental-en-temps-de-pandemia-tema-principal-duna-nova-tertulia-covid-19-al-cofb\/#primaryimage\"},\"thumbnailUrl\":\"https:\/\/www.cofb.org\/wp-content\/uploads\/2023\/07\/Tertulia-Salut-Mental-Intro_edited-1024x415-1.jpg\",\"keywords\":[\"activitats formatives\",\"ansietat\",\"COFB\",\"Col\u00b7legi de Farmac\u00e8utics de Barcelona\",\"coronavirus\",\"depressi\u00f3\",\"farmac\u00e8utics\",\"farmac\u00e8utics comunitaris\",\"farm\u00e0cia comunit\u00e0ria\",\"Formaci\u00f3\",\"Oficina de farm\u00e0cia\",\"pand\u00e8mia\",\"salut mental\",\"tert\u00falia COVID-19\",\"trastorns de salut mental\"],\"articleSection\":[\"Destacats\",\"M\u00f3n col\u00b7legial\"],\"inLanguage\":\"es\",\"potentialAction\":[{\"@type\":\"CommentAction\",\"name\":\"Comment\",\"target\":[\"https:\/\/novaorg.cofb.net\/2022\/01\/25\/la-salut-mental-en-temps-de-pandemia-tema-principal-duna-nova-tertulia-covid-19-al-cofb\/#respond\"]}]},{\"@type\":\"WebPage\",\"@id\":\"https:\/\/novaorg.cofb.net\/2022\/01\/25\/la-salut-mental-en-temps-de-pandemia-tema-principal-duna-nova-tertulia-covid-19-al-cofb\/\",\"url\":\"https:\/\/novaorg.cofb.net\/2022\/01\/25\/la-salut-mental-en-temps-de-pandemia-tema-principal-duna-nova-tertulia-covid-19-al-cofb\/\",\"name\":\"La salut mental en temps de pand\u00e8mia, tema principal d'una nova tert\u00falia COVID-19 al COFB - Col\u00b7legi de Farmac\u00e8utics de Barcelona\",\"isPartOf\":{\"@id\":\"https:\/\/www.cofb.org\/#website\"},\"primaryImageOfPage\":{\"@id\":\"https:\/\/novaorg.cofb.net\/2022\/01\/25\/la-salut-mental-en-temps-de-pandemia-tema-principal-duna-nova-tertulia-covid-19-al-cofb\/#primaryimage\"},\"image\":{\"@id\":\"https:\/\/novaorg.cofb.net\/2022\/01\/25\/la-salut-mental-en-temps-de-pandemia-tema-principal-duna-nova-tertulia-covid-19-al-cofb\/#primaryimage\"},\"thumbnailUrl\":\"https:\/\/www.cofb.org\/wp-content\/uploads\/2023\/07\/Tertulia-Salut-Mental-Intro_edited-1024x415-1.jpg\",\"datePublished\":\"2022-01-25T11:39:45+00:00\",\"dateModified\":\"2023-09-21T09:48:12+00:00\",\"description\":\"El passat 19 de gener va tenir lloc al Col\u00b7legi de Farmac\u00e8utics de Barcelona (COFB) una nova tert\u00falia COVID-19 titulada \u201cSalut mental en temps de COVID\u201d.\",\"breadcrumb\":{\"@id\":\"https:\/\/novaorg.cofb.net\/2022\/01\/25\/la-salut-mental-en-temps-de-pandemia-tema-principal-duna-nova-tertulia-covid-19-al-cofb\/#breadcrumb\"},\"inLanguage\":\"es\",\"potentialAction\":[{\"@type\":\"ReadAction\",\"target\":[\"https:\/\/novaorg.cofb.net\/2022\/01\/25\/la-salut-mental-en-temps-de-pandemia-tema-principal-duna-nova-tertulia-covid-19-al-cofb\/\"]}]},{\"@type\":\"ImageObject\",\"inLanguage\":\"es\",\"@id\":\"https:\/\/novaorg.cofb.net\/2022\/01\/25\/la-salut-mental-en-temps-de-pandemia-tema-principal-duna-nova-tertulia-covid-19-al-cofb\/#primaryimage\",\"url\":\"https:\/\/www.cofb.org\/wp-content\/uploads\/2023\/07\/Tertulia-Salut-Mental-Intro_edited-1024x415-1.jpg\",\"contentUrl\":\"https:\/\/www.cofb.org\/wp-content\/uploads\/2023\/07\/Tertulia-Salut-Mental-Intro_edited-1024x415-1.jpg\",\"width\":1024,\"height\":415},{\"@type\":\"BreadcrumbList\",\"@id\":\"https:\/\/novaorg.cofb.net\/2022\/01\/25\/la-salut-mental-en-temps-de-pandemia-tema-principal-duna-nova-tertulia-covid-19-al-cofb\/#breadcrumb\",\"itemListElement\":[{\"@type\":\"ListItem\",\"position\":1,\"name\":\"Inici\",\"item\":\"https:\/\/novaorg.cofb.net\/\"},{\"@type\":\"ListItem\",\"position\":2,\"name\":\"La salut mental en temps de pand\u00e8mia, tema principal d&#8217;una nova tert\u00falia COVID-19 al COFB\"}]},{\"@type\":\"WebSite\",\"@id\":\"https:\/\/www.cofb.org\/#website\",\"url\":\"https:\/\/www.cofb.org\/\",\"name\":\"Col\u00b7legi de Farmac\u00e8utics de Barcelona\",\"description\":\"\",\"publisher\":{\"@id\":\"https:\/\/www.cofb.org\/#organization\"},\"potentialAction\":[{\"@type\":\"SearchAction\",\"target\":{\"@type\":\"EntryPoint\",\"urlTemplate\":\"https:\/\/www.cofb.org\/?s={search_term_string}\"},\"query-input\":\"required name=search_term_string\"}],\"inLanguage\":\"es\"},{\"@type\":\"Organization\",\"@id\":\"https:\/\/www.cofb.org\/#organization\",\"name\":\"Col\u00b7legi de Farmac\u00e8utics de Barcelona\",\"url\":\"https:\/\/www.cofb.org\/\",\"logo\":{\"@type\":\"ImageObject\",\"inLanguage\":\"es\",\"@id\":\"https:\/\/www.cofb.org\/#\/schema\/logo\/image\/\",\"url\":\"https:\/\/www.cofb.org\/wp-content\/uploads\/2023\/11\/cropped-Logotip-COFB.png\",\"contentUrl\":\"https:\/\/www.cofb.org\/wp-content\/uploads\/2023\/11\/cropped-Logotip-COFB.png\",\"width\":500,\"height\":105,\"caption\":\"Col\u00b7legi de Farmac\u00e8utics de Barcelona\"},\"image\":{\"@id\":\"https:\/\/www.cofb.org\/#\/schema\/logo\/image\/\"},\"sameAs\":[\"https:\/\/www.facebook.com\/farmaceuticsbcn\/\",\"https:\/\/twitter.com\/farmaceuticsbcn\",\"https:\/\/www.instagram.com\/farmaceuticsbcn\/\",\"https:\/\/www.linkedin.com\/company\/farmaceuticsbcn\/\"]},{\"@type\":\"Person\",\"@id\":\"https:\/\/www.cofb.org\/#\/schema\/person\/22ed7eea88da74b0fa4d3154ad87ffcb\",\"name\":\"wpAdminCofbOrg\",\"image\":{\"@type\":\"ImageObject\",\"inLanguage\":\"es\",\"@id\":\"https:\/\/www.cofb.org\/#\/schema\/person\/image\/\",\"url\":\"https:\/\/secure.gravatar.com\/avatar\/1721b20b3b8ca882c3b56ec6c978c594fff670e40c0718e9190eaeeb76aae7d8?s=96&d=mm&r=g\",\"contentUrl\":\"https:\/\/secure.gravatar.com\/avatar\/1721b20b3b8ca882c3b56ec6c978c594fff670e40c0718e9190eaeeb76aae7d8?s=96&d=mm&r=g\",\"caption\":\"wpAdminCofbOrg\"},\"sameAs\":[\"http:\/\/192.168.64.122\/wordpress\"],\"url\":\"https:\/\/www.cofb.org\/es\/author\/wpadmincofborg\/\"}]}<\/script>\n<!-- \/ Yoast SEO plugin. -->","yoast_head_json":{"title":"La salut mental en temps de pand\u00e8mia, tema principal d'una nova tert\u00falia COVID-19 al COFB - Col\u00b7legi de Farmac\u00e8utics de Barcelona","description":"El passat 19 de gener va tenir lloc al Col\u00b7legi de Farmac\u00e8utics de Barcelona (COFB) una nova tert\u00falia COVID-19 titulada \u201cSalut mental en temps de COVID\u201d.","robots":{"index":"index","follow":"follow","max-snippet":"max-snippet:-1","max-image-preview":"max-image-preview:large","max-video-preview":"max-video-preview:-1"},"canonical":"https:\/\/novaorg.cofb.net\/2022\/01\/25\/la-salut-mental-en-temps-de-pandemia-tema-principal-duna-nova-tertulia-covid-19-al-cofb\/","og_locale":"es_ES","og_type":"article","og_title":"La salut mental en temps de pand\u00e8mia, tema principal d'una nova tert\u00falia COVID-19 al COFB - Col\u00b7legi de Farmac\u00e8utics de Barcelona","og_description":"El passat 19 de gener va tenir lloc al Col\u00b7legi de Farmac\u00e8utics de Barcelona (COFB) una nova tert\u00falia COVID-19 titulada \u201cSalut mental en temps de COVID\u201d.","og_url":"https:\/\/novaorg.cofb.net\/2022\/01\/25\/la-salut-mental-en-temps-de-pandemia-tema-principal-duna-nova-tertulia-covid-19-al-cofb\/","og_site_name":"Col\u00b7legi de Farmac\u00e8utics de Barcelona","article_publisher":"https:\/\/www.facebook.com\/farmaceuticsbcn\/","article_published_time":"2022-01-25T11:39:45+00:00","article_modified_time":"2023-09-21T09:48:12+00:00","og_image":[{"width":1024,"height":415,"url":"https:\/\/novaorg.cofb.net\/wp-content\/uploads\/2023\/07\/Tertulia-Salut-Mental-Intro_edited-1024x415-1.jpg","type":"image\/jpeg"}],"author":"wpAdminCofbOrg","twitter_card":"summary_large_image","twitter_creator":"@farmaceuticsbcn","twitter_site":"@farmaceuticsbcn","twitter_misc":{"Escrito por":"wpAdminCofbOrg","Tiempo de lectura":"7 minutos"},"schema":{"@context":"https:\/\/schema.org","@graph":[{"@type":"Article","@id":"https:\/\/novaorg.cofb.net\/2022\/01\/25\/la-salut-mental-en-temps-de-pandemia-tema-principal-duna-nova-tertulia-covid-19-al-cofb\/#article","isPartOf":{"@id":"https:\/\/novaorg.cofb.net\/2022\/01\/25\/la-salut-mental-en-temps-de-pandemia-tema-principal-duna-nova-tertulia-covid-19-al-cofb\/"},"author":{"name":"wpAdminCofbOrg","@id":"https:\/\/www.cofb.org\/#\/schema\/person\/22ed7eea88da74b0fa4d3154ad87ffcb"},"headline":"La salut mental en temps de pand\u00e8mia, tema principal d&#8217;una nova tert\u00falia COVID-19 al COFB","datePublished":"2022-01-25T11:39:45+00:00","dateModified":"2023-09-21T09:48:12+00:00","mainEntityOfPage":{"@id":"https:\/\/novaorg.cofb.net\/2022\/01\/25\/la-salut-mental-en-temps-de-pandemia-tema-principal-duna-nova-tertulia-covid-19-al-cofb\/"},"wordCount":1479,"commentCount":0,"publisher":{"@id":"https:\/\/www.cofb.org\/#organization"},"image":{"@id":"https:\/\/novaorg.cofb.net\/2022\/01\/25\/la-salut-mental-en-temps-de-pandemia-tema-principal-duna-nova-tertulia-covid-19-al-cofb\/#primaryimage"},"thumbnailUrl":"https:\/\/www.cofb.org\/wp-content\/uploads\/2023\/07\/Tertulia-Salut-Mental-Intro_edited-1024x415-1.jpg","keywords":["activitats formatives","ansietat","COFB","Col\u00b7legi de Farmac\u00e8utics de Barcelona","coronavirus","depressi\u00f3","farmac\u00e8utics","farmac\u00e8utics comunitaris","farm\u00e0cia comunit\u00e0ria","Formaci\u00f3","Oficina de farm\u00e0cia","pand\u00e8mia","salut mental","tert\u00falia COVID-19","trastorns de salut mental"],"articleSection":["Destacats","M\u00f3n col\u00b7legial"],"inLanguage":"es","potentialAction":[{"@type":"CommentAction","name":"Comment","target":["https:\/\/novaorg.cofb.net\/2022\/01\/25\/la-salut-mental-en-temps-de-pandemia-tema-principal-duna-nova-tertulia-covid-19-al-cofb\/#respond"]}]},{"@type":"WebPage","@id":"https:\/\/novaorg.cofb.net\/2022\/01\/25\/la-salut-mental-en-temps-de-pandemia-tema-principal-duna-nova-tertulia-covid-19-al-cofb\/","url":"https:\/\/novaorg.cofb.net\/2022\/01\/25\/la-salut-mental-en-temps-de-pandemia-tema-principal-duna-nova-tertulia-covid-19-al-cofb\/","name":"La salut mental en temps de pand\u00e8mia, tema principal d'una nova tert\u00falia COVID-19 al COFB - Col\u00b7legi de Farmac\u00e8utics de Barcelona","isPartOf":{"@id":"https:\/\/www.cofb.org\/#website"},"primaryImageOfPage":{"@id":"https:\/\/novaorg.cofb.net\/2022\/01\/25\/la-salut-mental-en-temps-de-pandemia-tema-principal-duna-nova-tertulia-covid-19-al-cofb\/#primaryimage"},"image":{"@id":"https:\/\/novaorg.cofb.net\/2022\/01\/25\/la-salut-mental-en-temps-de-pandemia-tema-principal-duna-nova-tertulia-covid-19-al-cofb\/#primaryimage"},"thumbnailUrl":"https:\/\/www.cofb.org\/wp-content\/uploads\/2023\/07\/Tertulia-Salut-Mental-Intro_edited-1024x415-1.jpg","datePublished":"2022-01-25T11:39:45+00:00","dateModified":"2023-09-21T09:48:12+00:00","description":"El passat 19 de gener va tenir lloc al Col\u00b7legi de Farmac\u00e8utics de Barcelona (COFB) una nova tert\u00falia COVID-19 titulada \u201cSalut mental en temps de COVID\u201d.","breadcrumb":{"@id":"https:\/\/novaorg.cofb.net\/2022\/01\/25\/la-salut-mental-en-temps-de-pandemia-tema-principal-duna-nova-tertulia-covid-19-al-cofb\/#breadcrumb"},"inLanguage":"es","potentialAction":[{"@type":"ReadAction","target":["https:\/\/novaorg.cofb.net\/2022\/01\/25\/la-salut-mental-en-temps-de-pandemia-tema-principal-duna-nova-tertulia-covid-19-al-cofb\/"]}]},{"@type":"ImageObject","inLanguage":"es","@id":"https:\/\/novaorg.cofb.net\/2022\/01\/25\/la-salut-mental-en-temps-de-pandemia-tema-principal-duna-nova-tertulia-covid-19-al-cofb\/#primaryimage","url":"https:\/\/www.cofb.org\/wp-content\/uploads\/2023\/07\/Tertulia-Salut-Mental-Intro_edited-1024x415-1.jpg","contentUrl":"https:\/\/www.cofb.org\/wp-content\/uploads\/2023\/07\/Tertulia-Salut-Mental-Intro_edited-1024x415-1.jpg","width":1024,"height":415},{"@type":"BreadcrumbList","@id":"https:\/\/novaorg.cofb.net\/2022\/01\/25\/la-salut-mental-en-temps-de-pandemia-tema-principal-duna-nova-tertulia-covid-19-al-cofb\/#breadcrumb","itemListElement":[{"@type":"ListItem","position":1,"name":"Inici","item":"https:\/\/novaorg.cofb.net\/"},{"@type":"ListItem","position":2,"name":"La salut mental en temps de pand\u00e8mia, tema principal d&#8217;una nova tert\u00falia COVID-19 al COFB"}]},{"@type":"WebSite","@id":"https:\/\/www.cofb.org\/#website","url":"https:\/\/www.cofb.org\/","name":"Col\u00b7legi de Farmac\u00e8utics de Barcelona","description":"","publisher":{"@id":"https:\/\/www.cofb.org\/#organization"},"potentialAction":[{"@type":"SearchAction","target":{"@type":"EntryPoint","urlTemplate":"https:\/\/www.cofb.org\/?s={search_term_string}"},"query-input":"required name=search_term_string"}],"inLanguage":"es"},{"@type":"Organization","@id":"https:\/\/www.cofb.org\/#organization","name":"Col\u00b7legi de Farmac\u00e8utics de Barcelona","url":"https:\/\/www.cofb.org\/","logo":{"@type":"ImageObject","inLanguage":"es","@id":"https:\/\/www.cofb.org\/#\/schema\/logo\/image\/","url":"https:\/\/www.cofb.org\/wp-content\/uploads\/2023\/11\/cropped-Logotip-COFB.png","contentUrl":"https:\/\/www.cofb.org\/wp-content\/uploads\/2023\/11\/cropped-Logotip-COFB.png","width":500,"height":105,"caption":"Col\u00b7legi de Farmac\u00e8utics de Barcelona"},"image":{"@id":"https:\/\/www.cofb.org\/#\/schema\/logo\/image\/"},"sameAs":["https:\/\/www.facebook.com\/farmaceuticsbcn\/","https:\/\/twitter.com\/farmaceuticsbcn","https:\/\/www.instagram.com\/farmaceuticsbcn\/","https:\/\/www.linkedin.com\/company\/farmaceuticsbcn\/"]},{"@type":"Person","@id":"https:\/\/www.cofb.org\/#\/schema\/person\/22ed7eea88da74b0fa4d3154ad87ffcb","name":"wpAdminCofbOrg","image":{"@type":"ImageObject","inLanguage":"es","@id":"https:\/\/www.cofb.org\/#\/schema\/person\/image\/","url":"https:\/\/secure.gravatar.com\/avatar\/1721b20b3b8ca882c3b56ec6c978c594fff670e40c0718e9190eaeeb76aae7d8?s=96&d=mm&r=g","contentUrl":"https:\/\/secure.gravatar.com\/avatar\/1721b20b3b8ca882c3b56ec6c978c594fff670e40c0718e9190eaeeb76aae7d8?s=96&d=mm&r=g","caption":"wpAdminCofbOrg"},"sameAs":["http:\/\/192.168.64.122\/wordpress"],"url":"https:\/\/www.cofb.org\/es\/author\/wpadmincofborg\/"}]}},"uagb_featured_image_src":{"full":["https:\/\/www.cofb.org\/wp-content\/uploads\/2023\/07\/Tertulia-Salut-Mental-Intro_edited-1024x415-1.jpg",1024,415,false],"thumbnail":["https:\/\/www.cofb.org\/wp-content\/uploads\/2023\/07\/Tertulia-Salut-Mental-Intro_edited-1024x415-1-150x150.jpg",150,150,true],"medium":["https:\/\/www.cofb.org\/wp-content\/uploads\/2023\/07\/Tertulia-Salut-Mental-Intro_edited-1024x415-1-300x122.jpg",300,122,true],"medium_large":["https:\/\/www.cofb.org\/wp-content\/uploads\/2023\/07\/Tertulia-Salut-Mental-Intro_edited-1024x415-1-768x311.jpg",768,311,true],"large":["https:\/\/www.cofb.org\/wp-content\/uploads\/2023\/07\/Tertulia-Salut-Mental-Intro_edited-1024x415-1.jpg",1024,415,false],"1536x1536":["https:\/\/www.cofb.org\/wp-content\/uploads\/2023\/07\/Tertulia-Salut-Mental-Intro_edited-1024x415-1.jpg",1024,415,false],"2048x2048":["https:\/\/www.cofb.org\/wp-content\/uploads\/2023\/07\/Tertulia-Salut-Mental-Intro_edited-1024x415-1.jpg",1024,415,false],"trp-custom-language-flag":["https:\/\/www.cofb.org\/wp-content\/uploads\/2023\/07\/Tertulia-Salut-Mental-Intro_edited-1024x415-1.jpg",18,7,false]},"uagb_author_info":{"display_name":"wpAdminCofbOrg","author_link":"https:\/\/www.cofb.org\/es\/author\/wpadmincofborg\/"},"uagb_comment_info":0,"uagb_excerpt":"El passat 19 de gener va tenir lloc al Col\u00b7legi de Farmac\u00e8utics de Barcelona (COFB) una nova tert\u00falia COVID-19 titulada \u201cSalut mental en temps de COVID\u201d. Patrocinada per Neuraxpharm, va estar a c\u00e0rrec del Dr. V\u00edctor P\u00e9rez, director de l&#8217;Institut de Neuropsiquiatria i Addiccions de l&#8217;Hospital de la Mar i [&hellip;]","_links":{"self":[{"href":"https:\/\/www.cofb.org\/es\/wp-json\/wp\/v2\/posts\/59820","targetHints":{"allow":["GET"]}}],"collection":[{"href":"https:\/\/www.cofb.org\/es\/wp-json\/wp\/v2\/posts"}],"about":[{"href":"https:\/\/www.cofb.org\/es\/wp-json\/wp\/v2\/types\/post"}],"author":[{"embeddable":true,"href":"https:\/\/www.cofb.org\/es\/wp-json\/wp\/v2\/users\/1"}],"replies":[{"embeddable":true,"href":"https:\/\/www.cofb.org\/es\/wp-json\/wp\/v2\/comments?post=59820"}],"version-history":[{"count":3,"href":"https:\/\/www.cofb.org\/es\/wp-json\/wp\/v2\/posts\/59820\/revisions"}],"predecessor-version":[{"id":68765,"href":"https:\/\/www.cofb.org\/es\/wp-json\/wp\/v2\/posts\/59820\/revisions\/68765"}],"wp:featuredmedia":[{"embeddable":true,"href":"https:\/\/www.cofb.org\/es\/wp-json\/wp\/v2\/media\/67995"}],"wp:attachment":[{"href":"https:\/\/www.cofb.org\/es\/wp-json\/wp\/v2\/media?parent=59820"}],"wp:term":[{"taxonomy":"category","embeddable":true,"href":"https:\/\/www.cofb.org\/es\/wp-json\/wp\/v2\/categories?post=59820"},{"taxonomy":"post_tag","embeddable":true,"href":"https:\/\/www.cofb.org\/es\/wp-json\/wp\/v2\/tags?post=59820"}],"curies":[{"name":"wp","href":"https:\/\/api.w.org\/{rel}","templated":true}]}}