{"id":59765,"date":"2022-01-17T16:44:13","date_gmt":"2022-01-17T14:44:13","guid":{"rendered":"https:\/\/blog.cofb.cat\/?p=59765"},"modified":"2023-07-27T13:53:50","modified_gmt":"2023-07-27T13:53:50","slug":"cada-5-segons-una-farmacia-catalana-realitza-un-test-dantigens-supervisat-a-un-membre-de-la-comunitat-educativa","status":"publish","type":"post","link":"https:\/\/www.cofb.org\/es\/2022\/01\/17\/cada-5-segons-una-farmacia-catalana-realitza-un-test-dantigens-supervisat-a-un-membre-de-la-comunitat-educativa\/","title":{"rendered":"Cada 5 segundos, una farmacia catalana realiza un test de ant\u00edgenos supervisado a un miembro de la comunidad educativa"},"content":{"rendered":"<p>S\u00f3lo durante la primera semana desde la reanudaci\u00f3n del <strong>curso escolar en 2022<\/strong>, y despu\u00e9s de que el \u00faltimo cambio de protocolo incorporara tambi\u00e9n a los alumnos de Educaci\u00f3n Primaria, las <a href=\"https:\/\/www.farmaceuticonline.com\/test-dantigens-rapid\/\" target=\"_blank\" rel=\"noreferrer noopener\"><strong>m\u00e1s de 1.600 farmacias catalanas adheridas al programa TAR<\/strong><\/a> <strong>han realizado m\u00e1s de 123.500 tests de ant\u00edgenos supervisados a un miembro del entorno de la comunidad educativa<\/strong>. Esto equivaldr\u00eda a que, desde el 10 de enero, cada 5 segundos, una farmacia catalana ha supervisado un test de ant\u00edgenos del entorno escolar, gracias a los cuales los farmac\u00e9uticos y farmac\u00e9uticas han detectado <strong>m\u00e1s de 6.400 positivos (\u00edndice de positividad del 5,2%)<\/strong> y han ayudado a cortar las cadenas de transmisi\u00f3n.<\/p>\n\n\n\n<figure class=\"wp-block-image size-full\"><img decoding=\"async\" src=\"https:\/\/blog.cofb.cat\/wp-content\/uploads\/2022\/01\/Test-dantigens.png\" alt=\"\" class=\"wp-image-59780\"\/><\/figure>\n\n\n\n<p>Este hecho es una muestra m\u00e1s de <strong>compromiso absoluto de los profesionales farmac\u00e9uticos con el sistema sanitario y la salud de poblaci\u00f3n.<\/strong> Como <strong>agentes de salud que forman parte de este sistema<\/strong>, una vez m\u00e1s <strong>est\u00e1n contribuyendo<\/strong> <strong>a ser parte de la soluci\u00f3n en el control de la pandemia<\/strong>.<\/p>\n\n\n\n<h2 class=\"wp-block-heading\"><strong>Colectivos incluidos en el cribado<\/strong><\/h2>\n\n\n\n<p>En el marco de este cribado, financiado por el Departamento de Salud, pueden realizarse un TAR en la farmacia estos 3 colectivos:<\/p>\n\n\n\n<ol class=\"wp-block-list\">\n<li><strong>Alumnos de ESO, bachillerato, FP, educaci\u00f3n especial (a partir de 6 a\u00f1os) y otras ense\u00f1anzas, inmunizadas y asintom\u00e1ticas<\/strong>, que hayan sido contacto directo con positivos dentro de su grupo de convivencia estable (GCE) en el centro educativo o que hayan sido designados como contactos estrechos por los Servicios de vigilancia epidemiol\u00f3gica.<\/li>\n\n\n\n<li><strong>Alumnos de primaria, inmunizados y no inmunizados, asintom\u00e1ticos<\/strong>, que hayan sido contacto directo con positivos dentro de su grupo de convivencia estable (GCE) en el centro educativo o que hayan sido designados como contactos estrechos por los Servicios de vigilancia epidemiol\u00f3gica.<\/li>\n\n\n\n<li><strong>Profesionales docentes de los centros de educaci\u00f3n especial, educaci\u00f3n infantil y educaci\u00f3n primaria inmunizados<\/strong>, que sean estrechos contactos de un caso positivo, siempre que sean asintom\u00e1ticos y formen parte de un GCE u otros profesionales que hayan sido designados como contactos estrechos por los Servicios de vigilancia epidemiol\u00f3gica.<\/li>\n<\/ol>\n\n\n\n<p>Debido a este alto grado de demanda, es posible que durante esta primera semana algunas farmacias hayan agotado su stock, pero, en cualquier caso, est\u00e1 previsto que el Departamento de Salud proporcione nuevas unidades durante el d\u00eda de hoy. Asimismo, es importante recordar que los usuarios <strong>disponen de 4 d\u00edas para poder realizar la prueba; que, mientras, pueden ir a la escuela; y que cada farmacia adapta el horario y la cantidad de TAR que puede asumir en funci\u00f3n de su capacidad. Las m\u00e1s de 1.600 farmacias que participan se pueden consultar en las webs de los 4 colegios de farmac\u00e9uticos catalanes.<\/strong><\/p>\n\n\n\n<h2 class=\"wp-block-heading\"><strong>M\u00e1s 418.900 test de ant\u00edgenos supervisados y m\u00e1s de 22.200 positivos detectados por las farmacias<\/strong><\/h2>\n\n\n\n<p>Aparte de este cribado, las farmacias tambi\u00e9n realizan tests de ant\u00edgenos supervisados, no financiados, dirigidos a la poblaci\u00f3n general. En total, contando las dos modalidades de TAR, desde julio la red de farmacias de Catalu\u00f1a ha realizado <strong>m\u00e1s de 418.900 test de ant\u00edgenos supervisados<\/strong> y ha detectado <strong>m\u00e1s de 22.200 positivos<\/strong>.<\/p>\n\n\n\n<p>De \u00e9stos, <strong>240.200 se han realizado en el marco de cribados de salud p\u00fablica<\/strong>, con 7.831 positivos detectados, y <strong>178.700 se han realizado en la poblaci\u00f3n general<\/strong>, con 14.385 positivos detectados.<\/p>\n\n\n\n<h2 class=\"wp-block-heading\"><strong>M\u00e1s de 102.700 auto tests positivos realizados en el domicilio notificados a las farmacias<\/strong><\/h2>\n\n\n\n<p>Por otra parte, el pasado 3 de enero las farmacias adheridas al programa TAR empezaron a notificar positivos de los autotestos realizados a domicilio. Ya son <strong>m\u00e1s de 102.700 los positivos comunicados al Departament de Salut desde las farmacias.<\/strong><\/p>\n\n\n\n<p><strong>Esto ha hecho que todas estas notificaciones hayan evitado llamadas a los Centros de Atenci\u00f3n Primaria y, por tanto, una vez m\u00e1s la farmacia catalana contribuye a la descongesti\u00f3n del sistema sanitario.<\/strong> Asimismo, en el momento de atender estas llamadas, los farmac\u00e9uticos realizan una importante <strong>tarea de educaci\u00f3n sanitaria<\/strong>, explicando a la poblaci\u00f3n c\u00f3mo y cu\u00e1ndo deben realizar los tests, ayud\u00e1ndoles a interpretar los resultados adecuadamente, promoviendo la autorresponsabilidad y resolviendo otras cuestiones relacionadas con la COVID-19.<\/p>\n\n\n\n<p>A su vez, todo esto se suma al trabajo del d\u00eda a d\u00eda de la farmacia, en el marco de una 6\u00aa ola donde los farmac\u00e9uticos deben continuar centrando esfuerzos en dispensar los medicamentos y atender a los usuarios con todos los servicios habituales y , a su vez, deben gestionar los equipos, que, como todos los sectores, tambi\u00e9n est\u00e1n sufriendo bajas. Por todo ello, el <strong>trato humano y emp<\/strong>\u00e1tico en la atenci\u00f3n farmac\u00e9utica prestada es <strong>reconocido y muy bien valorado <\/strong>por parte de los pacientes.<\/p>","protected":false},"excerpt":{"rendered":"<p>S\u00f3lo durante la primera semana desde la reanudaci\u00f3n del curso escolar en 2022, y despu\u00e9s de que el \u00faltimo cambio de protocolo incorporara tambi\u00e9n a los alumnos de Educaci\u00f3n Primaria, las m\u00e1s de 1.600 farmacias catalanas adheridas al programa TAR han realizado m\u00e1s de 123.500 tests de ant\u00edgenos supervisados a un miembro de [\u2026]<\/p>","protected":false},"author":1,"featured_media":68000,"comment_status":"open","ping_status":"open","sticky":false,"template":"","format":"standard","meta":{"_uag_custom_page_level_css":"","site-sidebar-layout":"default","site-content-layout":"","ast-site-content-layout":"default","site-content-style":"default","site-sidebar-style":"default","ast-global-header-display":"","ast-banner-title-visibility":"","ast-main-header-display":"","ast-hfb-above-header-display":"","ast-hfb-below-header-display":"","ast-hfb-mobile-header-display":"","site-post-title":"","ast-breadcrumbs-content":"","ast-featured-img":"disabled","footer-sml-layout":"","theme-transparent-header-meta":"","adv-header-id-meta":"","stick-header-meta":"","header-above-stick-meta":"","header-main-stick-meta":"","header-below-stick-meta":"","astra-migrate-meta-layouts":"default","ast-page-background-enabled":"default","ast-page-background-meta":{"desktop":{"background-color":"var(--ast-global-color-4)","background-image":"","background-repeat":"repeat","background-position":"center center","background-size":"auto","background-attachment":"scroll","background-type":"","background-media":"","overlay-type":"","overlay-color":"","overlay-opacity":"","overlay-gradient":""},"tablet":{"background-color":"","background-image":"","background-repeat":"repeat","background-position":"center center","background-size":"auto","background-attachment":"scroll","background-type":"","background-media":"","overlay-type":"","overlay-color":"","overlay-opacity":"","overlay-gradient":""},"mobile":{"background-color":"","background-image":"","background-repeat":"repeat","background-position":"center center","background-size":"auto","background-attachment":"scroll","background-type":"","background-media":"","overlay-type":"","overlay-color":"","overlay-opacity":"","overlay-gradient":""}},"ast-content-background-meta":{"desktop":{"background-color":"var(--ast-global-color-5)","background-image":"","background-repeat":"repeat","background-position":"center center","background-size":"auto","background-attachment":"scroll","background-type":"","background-media":"","overlay-type":"","overlay-color":"","overlay-opacity":"","overlay-gradient":""},"tablet":{"background-color":"var(--ast-global-color-5)","background-image":"","background-repeat":"repeat","background-position":"center center","background-size":"auto","background-attachment":"scroll","background-type":"","background-media":"","overlay-type":"","overlay-color":"","overlay-opacity":"","overlay-gradient":""},"mobile":{"background-color":"var(--ast-global-color-5)","background-image":"","background-repeat":"repeat","background-position":"center center","background-size":"auto","background-attachment":"scroll","background-type":"","background-media":"","overlay-type":"","overlay-color":"","overlay-opacity":"","overlay-gradient":""}},"footnotes":""},"categories":[23,57],"tags":[64,463,18,19,464,458,311,465,53,68,69,76,253,466],"class_list":["post-59765","post","type-post","status-publish","format-standard","has-post-thumbnail","hentry","category-destacats","category-mon-collegial","tag-atencio-farmaceutica","tag-cibratge","tag-cofb","tag-collegi-de-farmaceutics-de-barcelona","tag-comunitat-educativa","tag-cribratge-escolar","tag-departament-de-salut","tag-escoles","tag-farmaceutics","tag-farmacia","tag-farmacia-comunitaria","tag-oficina-de-farmacia","tag-sistema-sanitari","tag-test-dantigens-rapid"],"yoast_head":"<!-- This site is optimized with the Yoast SEO plugin v22.4 - https:\/\/yoast.com\/wordpress\/plugins\/seo\/ -->\n<title>Cada 5 segons, una farm\u00e0cia catalana realitza un test d\u2019ant\u00edgens supervisat a un membre de la comunitat educativa - Col\u00b7legi de Farmac\u00e8utics de Barcelona<\/title>\n<meta name=\"description\" content=\"Nom\u00e9s durant la primera setmana des de la represa del curs escolar el 2022, i despr\u00e9s que el darrer canvi de protocol incorpor\u00e9s tamb\u00e9 els alumnes d\u2019Educaci\u00f3 Prim\u00e0ria, les m\u00e9s de 1.600 farm\u00e0cies catalanes adherides al programa TAR han realitzat m\u00e9s de 123.500 tests d\u2019ant\u00edgens supervisats a un membre de l\u2019entorn de la comunitat educativa.\" \/>\n<meta name=\"robots\" content=\"index, follow, max-snippet:-1, max-image-preview:large, max-video-preview:-1\" \/>\n<link rel=\"canonical\" href=\"https:\/\/novaorg.cofb.net\/2022\/01\/17\/cada-5-segons-una-farmacia-catalana-realitza-un-test-dantigens-supervisat-a-un-membre-de-la-comunitat-educativa\/\" \/>\n<meta property=\"og:locale\" content=\"es_ES\" \/>\n<meta property=\"og:type\" content=\"article\" \/>\n<meta property=\"og:title\" content=\"Cada 5 segons, una farm\u00e0cia catalana realitza un test d\u2019ant\u00edgens supervisat a un membre de la comunitat educativa - Col\u00b7legi de Farmac\u00e8utics de Barcelona\" \/>\n<meta property=\"og:description\" content=\"Nom\u00e9s durant la primera setmana des de la represa del curs escolar el 2022, i despr\u00e9s que el darrer canvi de protocol incorpor\u00e9s tamb\u00e9 els alumnes d\u2019Educaci\u00f3 Prim\u00e0ria, les m\u00e9s de 1.600 farm\u00e0cies catalanes adherides al programa TAR han realitzat m\u00e9s de 123.500 tests d\u2019ant\u00edgens supervisats a un membre de l\u2019entorn de la comunitat educativa.\" \/>\n<meta property=\"og:url\" content=\"https:\/\/novaorg.cofb.net\/2022\/01\/17\/cada-5-segons-una-farmacia-catalana-realitza-un-test-dantigens-supervisat-a-un-membre-de-la-comunitat-educativa\/\" \/>\n<meta property=\"og:site_name\" content=\"Col\u00b7legi de Farmac\u00e8utics de Barcelona\" \/>\n<meta property=\"article:publisher\" content=\"https:\/\/www.facebook.com\/farmaceuticsbcn\/\" \/>\n<meta property=\"article:published_time\" content=\"2022-01-17T14:44:13+00:00\" \/>\n<meta property=\"article:modified_time\" content=\"2023-07-27T13:53:50+00:00\" \/>\n<meta property=\"og:image\" content=\"https:\/\/novaorg.cofb.net\/wp-content\/uploads\/2023\/07\/Test-dantigens.png\" \/>\n\t<meta property=\"og:image:width\" content=\"744\" \/>\n\t<meta property=\"og:image:height\" content=\"482\" \/>\n\t<meta property=\"og:image:type\" content=\"image\/png\" \/>\n<meta name=\"author\" content=\"wpAdminCofbOrg\" \/>\n<meta name=\"twitter:card\" content=\"summary_large_image\" \/>\n<meta name=\"twitter:creator\" content=\"@farmaceuticsbcn\" \/>\n<meta name=\"twitter:site\" content=\"@farmaceuticsbcn\" \/>\n<meta name=\"twitter:label1\" content=\"Escrito por\" \/>\n\t<meta name=\"twitter:data1\" content=\"wpAdminCofbOrg\" \/>\n\t<meta name=\"twitter:label2\" content=\"Tiempo de lectura\" \/>\n\t<meta name=\"twitter:data2\" content=\"4 minutos\" \/>\n<script type=\"application\/ld+json\" class=\"yoast-schema-graph\">{\"@context\":\"https:\/\/schema.org\",\"@graph\":[{\"@type\":\"Article\",\"@id\":\"https:\/\/novaorg.cofb.net\/2022\/01\/17\/cada-5-segons-una-farmacia-catalana-realitza-un-test-dantigens-supervisat-a-un-membre-de-la-comunitat-educativa\/#article\",\"isPartOf\":{\"@id\":\"https:\/\/novaorg.cofb.net\/2022\/01\/17\/cada-5-segons-una-farmacia-catalana-realitza-un-test-dantigens-supervisat-a-un-membre-de-la-comunitat-educativa\/\"},\"author\":{\"name\":\"wpAdminCofbOrg\",\"@id\":\"https:\/\/www.cofb.org\/#\/schema\/person\/22ed7eea88da74b0fa4d3154ad87ffcb\"},\"headline\":\"Cada 5 segons, una farm\u00e0cia catalana realitza un test d\u2019ant\u00edgens supervisat a un membre de la comunitat educativa\",\"datePublished\":\"2022-01-17T14:44:13+00:00\",\"dateModified\":\"2023-07-27T13:53:50+00:00\",\"mainEntityOfPage\":{\"@id\":\"https:\/\/novaorg.cofb.net\/2022\/01\/17\/cada-5-segons-una-farmacia-catalana-realitza-un-test-dantigens-supervisat-a-un-membre-de-la-comunitat-educativa\/\"},\"wordCount\":813,\"commentCount\":0,\"publisher\":{\"@id\":\"https:\/\/www.cofb.org\/#organization\"},\"image\":{\"@id\":\"https:\/\/novaorg.cofb.net\/2022\/01\/17\/cada-5-segons-una-farmacia-catalana-realitza-un-test-dantigens-supervisat-a-un-membre-de-la-comunitat-educativa\/#primaryimage\"},\"thumbnailUrl\":\"https:\/\/www.cofb.org\/wp-content\/uploads\/2023\/07\/Test-dantigens.png\",\"keywords\":[\"Atenci\u00f3 farmac\u00e8utica\",\"cibratge\",\"COFB\",\"Col\u00b7legi de Farmac\u00e8utics de Barcelona\",\"comunitat educativa\",\"cribratge escolar\",\"Departament de Salut\",\"escoles\",\"farmac\u00e8utics\",\"Farm\u00e0cia\",\"farm\u00e0cia comunit\u00e0ria\",\"Oficina de farm\u00e0cia\",\"sistema sanitari\",\"test d&#039;ant\u00edgens r\u00e0pid\"],\"articleSection\":[\"Destacats\",\"M\u00f3n col\u00b7legial\"],\"inLanguage\":\"es\",\"potentialAction\":[{\"@type\":\"CommentAction\",\"name\":\"Comment\",\"target\":[\"https:\/\/novaorg.cofb.net\/2022\/01\/17\/cada-5-segons-una-farmacia-catalana-realitza-un-test-dantigens-supervisat-a-un-membre-de-la-comunitat-educativa\/#respond\"]}]},{\"@type\":\"WebPage\",\"@id\":\"https:\/\/novaorg.cofb.net\/2022\/01\/17\/cada-5-segons-una-farmacia-catalana-realitza-un-test-dantigens-supervisat-a-un-membre-de-la-comunitat-educativa\/\",\"url\":\"https:\/\/novaorg.cofb.net\/2022\/01\/17\/cada-5-segons-una-farmacia-catalana-realitza-un-test-dantigens-supervisat-a-un-membre-de-la-comunitat-educativa\/\",\"name\":\"Cada 5 segons, una farm\u00e0cia catalana realitza un test d\u2019ant\u00edgens supervisat a un membre de la comunitat educativa - Col\u00b7legi de Farmac\u00e8utics de Barcelona\",\"isPartOf\":{\"@id\":\"https:\/\/www.cofb.org\/#website\"},\"primaryImageOfPage\":{\"@id\":\"https:\/\/novaorg.cofb.net\/2022\/01\/17\/cada-5-segons-una-farmacia-catalana-realitza-un-test-dantigens-supervisat-a-un-membre-de-la-comunitat-educativa\/#primaryimage\"},\"image\":{\"@id\":\"https:\/\/novaorg.cofb.net\/2022\/01\/17\/cada-5-segons-una-farmacia-catalana-realitza-un-test-dantigens-supervisat-a-un-membre-de-la-comunitat-educativa\/#primaryimage\"},\"thumbnailUrl\":\"https:\/\/www.cofb.org\/wp-content\/uploads\/2023\/07\/Test-dantigens.png\",\"datePublished\":\"2022-01-17T14:44:13+00:00\",\"dateModified\":\"2023-07-27T13:53:50+00:00\",\"description\":\"Nom\u00e9s durant la primera setmana des de la represa del curs escolar el 2022, i despr\u00e9s que el darrer canvi de protocol incorpor\u00e9s tamb\u00e9 els alumnes d\u2019Educaci\u00f3 Prim\u00e0ria, les m\u00e9s de 1.600 farm\u00e0cies catalanes adherides al programa TAR han realitzat m\u00e9s de 123.500 tests d\u2019ant\u00edgens supervisats a un membre de l\u2019entorn de la comunitat educativa.\",\"breadcrumb\":{\"@id\":\"https:\/\/novaorg.cofb.net\/2022\/01\/17\/cada-5-segons-una-farmacia-catalana-realitza-un-test-dantigens-supervisat-a-un-membre-de-la-comunitat-educativa\/#breadcrumb\"},\"inLanguage\":\"es\",\"potentialAction\":[{\"@type\":\"ReadAction\",\"target\":[\"https:\/\/novaorg.cofb.net\/2022\/01\/17\/cada-5-segons-una-farmacia-catalana-realitza-un-test-dantigens-supervisat-a-un-membre-de-la-comunitat-educativa\/\"]}]},{\"@type\":\"ImageObject\",\"inLanguage\":\"es\",\"@id\":\"https:\/\/novaorg.cofb.net\/2022\/01\/17\/cada-5-segons-una-farmacia-catalana-realitza-un-test-dantigens-supervisat-a-un-membre-de-la-comunitat-educativa\/#primaryimage\",\"url\":\"https:\/\/www.cofb.org\/wp-content\/uploads\/2023\/07\/Test-dantigens.png\",\"contentUrl\":\"https:\/\/www.cofb.org\/wp-content\/uploads\/2023\/07\/Test-dantigens.png\",\"width\":744,\"height\":482},{\"@type\":\"BreadcrumbList\",\"@id\":\"https:\/\/novaorg.cofb.net\/2022\/01\/17\/cada-5-segons-una-farmacia-catalana-realitza-un-test-dantigens-supervisat-a-un-membre-de-la-comunitat-educativa\/#breadcrumb\",\"itemListElement\":[{\"@type\":\"ListItem\",\"position\":1,\"name\":\"Inici\",\"item\":\"https:\/\/novaorg.cofb.net\/\"},{\"@type\":\"ListItem\",\"position\":2,\"name\":\"Cada 5 segons, una farm\u00e0cia catalana realitza un test d\u2019ant\u00edgens supervisat a un membre de la comunitat educativa\"}]},{\"@type\":\"WebSite\",\"@id\":\"https:\/\/www.cofb.org\/#website\",\"url\":\"https:\/\/www.cofb.org\/\",\"name\":\"Col\u00b7legi de Farmac\u00e8utics de Barcelona\",\"description\":\"\",\"publisher\":{\"@id\":\"https:\/\/www.cofb.org\/#organization\"},\"potentialAction\":[{\"@type\":\"SearchAction\",\"target\":{\"@type\":\"EntryPoint\",\"urlTemplate\":\"https:\/\/www.cofb.org\/?s={search_term_string}\"},\"query-input\":\"required name=search_term_string\"}],\"inLanguage\":\"es\"},{\"@type\":\"Organization\",\"@id\":\"https:\/\/www.cofb.org\/#organization\",\"name\":\"Col\u00b7legi de Farmac\u00e8utics de Barcelona\",\"url\":\"https:\/\/www.cofb.org\/\",\"logo\":{\"@type\":\"ImageObject\",\"inLanguage\":\"es\",\"@id\":\"https:\/\/www.cofb.org\/#\/schema\/logo\/image\/\",\"url\":\"https:\/\/www.cofb.org\/wp-content\/uploads\/2023\/11\/cropped-Logotip-COFB.png\",\"contentUrl\":\"https:\/\/www.cofb.org\/wp-content\/uploads\/2023\/11\/cropped-Logotip-COFB.png\",\"width\":500,\"height\":105,\"caption\":\"Col\u00b7legi de Farmac\u00e8utics de Barcelona\"},\"image\":{\"@id\":\"https:\/\/www.cofb.org\/#\/schema\/logo\/image\/\"},\"sameAs\":[\"https:\/\/www.facebook.com\/farmaceuticsbcn\/\",\"https:\/\/twitter.com\/farmaceuticsbcn\",\"https:\/\/www.instagram.com\/farmaceuticsbcn\/\",\"https:\/\/www.linkedin.com\/company\/farmaceuticsbcn\/\"]},{\"@type\":\"Person\",\"@id\":\"https:\/\/www.cofb.org\/#\/schema\/person\/22ed7eea88da74b0fa4d3154ad87ffcb\",\"name\":\"wpAdminCofbOrg\",\"image\":{\"@type\":\"ImageObject\",\"inLanguage\":\"es\",\"@id\":\"https:\/\/www.cofb.org\/#\/schema\/person\/image\/\",\"url\":\"https:\/\/secure.gravatar.com\/avatar\/1721b20b3b8ca882c3b56ec6c978c594fff670e40c0718e9190eaeeb76aae7d8?s=96&d=mm&r=g\",\"contentUrl\":\"https:\/\/secure.gravatar.com\/avatar\/1721b20b3b8ca882c3b56ec6c978c594fff670e40c0718e9190eaeeb76aae7d8?s=96&d=mm&r=g\",\"caption\":\"wpAdminCofbOrg\"},\"sameAs\":[\"http:\/\/192.168.64.122\/wordpress\"],\"url\":\"https:\/\/www.cofb.org\/es\/author\/wpadmincofborg\/\"}]}<\/script>\n<!-- \/ Yoast SEO plugin. -->","yoast_head_json":{"title":"Cada 5 segons, una farm\u00e0cia catalana realitza un test d\u2019ant\u00edgens supervisat a un membre de la comunitat educativa - Col\u00b7legi de Farmac\u00e8utics de Barcelona","description":"Nom\u00e9s durant la primera setmana des de la represa del curs escolar el 2022, i despr\u00e9s que el darrer canvi de protocol incorpor\u00e9s tamb\u00e9 els alumnes d\u2019Educaci\u00f3 Prim\u00e0ria, les m\u00e9s de 1.600 farm\u00e0cies catalanes adherides al programa TAR han realitzat m\u00e9s de 123.500 tests d\u2019ant\u00edgens supervisats a un membre de l\u2019entorn de la comunitat educativa.","robots":{"index":"index","follow":"follow","max-snippet":"max-snippet:-1","max-image-preview":"max-image-preview:large","max-video-preview":"max-video-preview:-1"},"canonical":"https:\/\/novaorg.cofb.net\/2022\/01\/17\/cada-5-segons-una-farmacia-catalana-realitza-un-test-dantigens-supervisat-a-un-membre-de-la-comunitat-educativa\/","og_locale":"es_ES","og_type":"article","og_title":"Cada 5 segons, una farm\u00e0cia catalana realitza un test d\u2019ant\u00edgens supervisat a un membre de la comunitat educativa - Col\u00b7legi de Farmac\u00e8utics de Barcelona","og_description":"Nom\u00e9s durant la primera setmana des de la represa del curs escolar el 2022, i despr\u00e9s que el darrer canvi de protocol incorpor\u00e9s tamb\u00e9 els alumnes d\u2019Educaci\u00f3 Prim\u00e0ria, les m\u00e9s de 1.600 farm\u00e0cies catalanes adherides al programa TAR han realitzat m\u00e9s de 123.500 tests d\u2019ant\u00edgens supervisats a un membre de l\u2019entorn de la comunitat educativa.","og_url":"https:\/\/novaorg.cofb.net\/2022\/01\/17\/cada-5-segons-una-farmacia-catalana-realitza-un-test-dantigens-supervisat-a-un-membre-de-la-comunitat-educativa\/","og_site_name":"Col\u00b7legi de Farmac\u00e8utics de Barcelona","article_publisher":"https:\/\/www.facebook.com\/farmaceuticsbcn\/","article_published_time":"2022-01-17T14:44:13+00:00","article_modified_time":"2023-07-27T13:53:50+00:00","og_image":[{"width":744,"height":482,"url":"https:\/\/novaorg.cofb.net\/wp-content\/uploads\/2023\/07\/Test-dantigens.png","type":"image\/png"}],"author":"wpAdminCofbOrg","twitter_card":"summary_large_image","twitter_creator":"@farmaceuticsbcn","twitter_site":"@farmaceuticsbcn","twitter_misc":{"Escrito por":"wpAdminCofbOrg","Tiempo de lectura":"4 minutos"},"schema":{"@context":"https:\/\/schema.org","@graph":[{"@type":"Article","@id":"https:\/\/novaorg.cofb.net\/2022\/01\/17\/cada-5-segons-una-farmacia-catalana-realitza-un-test-dantigens-supervisat-a-un-membre-de-la-comunitat-educativa\/#article","isPartOf":{"@id":"https:\/\/novaorg.cofb.net\/2022\/01\/17\/cada-5-segons-una-farmacia-catalana-realitza-un-test-dantigens-supervisat-a-un-membre-de-la-comunitat-educativa\/"},"author":{"name":"wpAdminCofbOrg","@id":"https:\/\/www.cofb.org\/#\/schema\/person\/22ed7eea88da74b0fa4d3154ad87ffcb"},"headline":"Cada 5 segons, una farm\u00e0cia catalana realitza un test d\u2019ant\u00edgens supervisat a un membre de la comunitat educativa","datePublished":"2022-01-17T14:44:13+00:00","dateModified":"2023-07-27T13:53:50+00:00","mainEntityOfPage":{"@id":"https:\/\/novaorg.cofb.net\/2022\/01\/17\/cada-5-segons-una-farmacia-catalana-realitza-un-test-dantigens-supervisat-a-un-membre-de-la-comunitat-educativa\/"},"wordCount":813,"commentCount":0,"publisher":{"@id":"https:\/\/www.cofb.org\/#organization"},"image":{"@id":"https:\/\/novaorg.cofb.net\/2022\/01\/17\/cada-5-segons-una-farmacia-catalana-realitza-un-test-dantigens-supervisat-a-un-membre-de-la-comunitat-educativa\/#primaryimage"},"thumbnailUrl":"https:\/\/www.cofb.org\/wp-content\/uploads\/2023\/07\/Test-dantigens.png","keywords":["Atenci\u00f3 farmac\u00e8utica","cibratge","COFB","Col\u00b7legi de Farmac\u00e8utics de Barcelona","comunitat educativa","cribratge escolar","Departament de Salut","escoles","farmac\u00e8utics","Farm\u00e0cia","farm\u00e0cia comunit\u00e0ria","Oficina de farm\u00e0cia","sistema sanitari","test d&#039;ant\u00edgens r\u00e0pid"],"articleSection":["Destacats","M\u00f3n col\u00b7legial"],"inLanguage":"es","potentialAction":[{"@type":"CommentAction","name":"Comment","target":["https:\/\/novaorg.cofb.net\/2022\/01\/17\/cada-5-segons-una-farmacia-catalana-realitza-un-test-dantigens-supervisat-a-un-membre-de-la-comunitat-educativa\/#respond"]}]},{"@type":"WebPage","@id":"https:\/\/novaorg.cofb.net\/2022\/01\/17\/cada-5-segons-una-farmacia-catalana-realitza-un-test-dantigens-supervisat-a-un-membre-de-la-comunitat-educativa\/","url":"https:\/\/novaorg.cofb.net\/2022\/01\/17\/cada-5-segons-una-farmacia-catalana-realitza-un-test-dantigens-supervisat-a-un-membre-de-la-comunitat-educativa\/","name":"Cada 5 segons, una farm\u00e0cia catalana realitza un test d\u2019ant\u00edgens supervisat a un membre de la comunitat educativa - Col\u00b7legi de Farmac\u00e8utics de Barcelona","isPartOf":{"@id":"https:\/\/www.cofb.org\/#website"},"primaryImageOfPage":{"@id":"https:\/\/novaorg.cofb.net\/2022\/01\/17\/cada-5-segons-una-farmacia-catalana-realitza-un-test-dantigens-supervisat-a-un-membre-de-la-comunitat-educativa\/#primaryimage"},"image":{"@id":"https:\/\/novaorg.cofb.net\/2022\/01\/17\/cada-5-segons-una-farmacia-catalana-realitza-un-test-dantigens-supervisat-a-un-membre-de-la-comunitat-educativa\/#primaryimage"},"thumbnailUrl":"https:\/\/www.cofb.org\/wp-content\/uploads\/2023\/07\/Test-dantigens.png","datePublished":"2022-01-17T14:44:13+00:00","dateModified":"2023-07-27T13:53:50+00:00","description":"Nom\u00e9s durant la primera setmana des de la represa del curs escolar el 2022, i despr\u00e9s que el darrer canvi de protocol incorpor\u00e9s tamb\u00e9 els alumnes d\u2019Educaci\u00f3 Prim\u00e0ria, les m\u00e9s de 1.600 farm\u00e0cies catalanes adherides al programa TAR han realitzat m\u00e9s de 123.500 tests d\u2019ant\u00edgens supervisats a un membre de l\u2019entorn de la comunitat educativa.","breadcrumb":{"@id":"https:\/\/novaorg.cofb.net\/2022\/01\/17\/cada-5-segons-una-farmacia-catalana-realitza-un-test-dantigens-supervisat-a-un-membre-de-la-comunitat-educativa\/#breadcrumb"},"inLanguage":"es","potentialAction":[{"@type":"ReadAction","target":["https:\/\/novaorg.cofb.net\/2022\/01\/17\/cada-5-segons-una-farmacia-catalana-realitza-un-test-dantigens-supervisat-a-un-membre-de-la-comunitat-educativa\/"]}]},{"@type":"ImageObject","inLanguage":"es","@id":"https:\/\/novaorg.cofb.net\/2022\/01\/17\/cada-5-segons-una-farmacia-catalana-realitza-un-test-dantigens-supervisat-a-un-membre-de-la-comunitat-educativa\/#primaryimage","url":"https:\/\/www.cofb.org\/wp-content\/uploads\/2023\/07\/Test-dantigens.png","contentUrl":"https:\/\/www.cofb.org\/wp-content\/uploads\/2023\/07\/Test-dantigens.png","width":744,"height":482},{"@type":"BreadcrumbList","@id":"https:\/\/novaorg.cofb.net\/2022\/01\/17\/cada-5-segons-una-farmacia-catalana-realitza-un-test-dantigens-supervisat-a-un-membre-de-la-comunitat-educativa\/#breadcrumb","itemListElement":[{"@type":"ListItem","position":1,"name":"Inici","item":"https:\/\/novaorg.cofb.net\/"},{"@type":"ListItem","position":2,"name":"Cada 5 segons, una farm\u00e0cia catalana realitza un test d\u2019ant\u00edgens supervisat a un membre de la comunitat educativa"}]},{"@type":"WebSite","@id":"https:\/\/www.cofb.org\/#website","url":"https:\/\/www.cofb.org\/","name":"Col\u00b7legi de Farmac\u00e8utics de Barcelona","description":"","publisher":{"@id":"https:\/\/www.cofb.org\/#organization"},"potentialAction":[{"@type":"SearchAction","target":{"@type":"EntryPoint","urlTemplate":"https:\/\/www.cofb.org\/?s={search_term_string}"},"query-input":"required name=search_term_string"}],"inLanguage":"es"},{"@type":"Organization","@id":"https:\/\/www.cofb.org\/#organization","name":"Col\u00b7legi de Farmac\u00e8utics de Barcelona","url":"https:\/\/www.cofb.org\/","logo":{"@type":"ImageObject","inLanguage":"es","@id":"https:\/\/www.cofb.org\/#\/schema\/logo\/image\/","url":"https:\/\/www.cofb.org\/wp-content\/uploads\/2023\/11\/cropped-Logotip-COFB.png","contentUrl":"https:\/\/www.cofb.org\/wp-content\/uploads\/2023\/11\/cropped-Logotip-COFB.png","width":500,"height":105,"caption":"Col\u00b7legi de Farmac\u00e8utics de Barcelona"},"image":{"@id":"https:\/\/www.cofb.org\/#\/schema\/logo\/image\/"},"sameAs":["https:\/\/www.facebook.com\/farmaceuticsbcn\/","https:\/\/twitter.com\/farmaceuticsbcn","https:\/\/www.instagram.com\/farmaceuticsbcn\/","https:\/\/www.linkedin.com\/company\/farmaceuticsbcn\/"]},{"@type":"Person","@id":"https:\/\/www.cofb.org\/#\/schema\/person\/22ed7eea88da74b0fa4d3154ad87ffcb","name":"wpAdminCofbOrg","image":{"@type":"ImageObject","inLanguage":"es","@id":"https:\/\/www.cofb.org\/#\/schema\/person\/image\/","url":"https:\/\/secure.gravatar.com\/avatar\/1721b20b3b8ca882c3b56ec6c978c594fff670e40c0718e9190eaeeb76aae7d8?s=96&d=mm&r=g","contentUrl":"https:\/\/secure.gravatar.com\/avatar\/1721b20b3b8ca882c3b56ec6c978c594fff670e40c0718e9190eaeeb76aae7d8?s=96&d=mm&r=g","caption":"wpAdminCofbOrg"},"sameAs":["http:\/\/192.168.64.122\/wordpress"],"url":"https:\/\/www.cofb.org\/es\/author\/wpadmincofborg\/"}]}},"uagb_featured_image_src":{"full":["https:\/\/www.cofb.org\/wp-content\/uploads\/2023\/07\/Test-dantigens.png",744,482,false],"thumbnail":["https:\/\/www.cofb.org\/wp-content\/uploads\/2023\/07\/Test-dantigens-150x150.png",150,150,true],"medium":["https:\/\/www.cofb.org\/wp-content\/uploads\/2023\/07\/Test-dantigens-300x194.png",300,194,true],"medium_large":["https:\/\/www.cofb.org\/wp-content\/uploads\/2023\/07\/Test-dantigens.png",744,482,false],"large":["https:\/\/www.cofb.org\/wp-content\/uploads\/2023\/07\/Test-dantigens.png",744,482,false],"1536x1536":["https:\/\/www.cofb.org\/wp-content\/uploads\/2023\/07\/Test-dantigens.png",744,482,false],"2048x2048":["https:\/\/www.cofb.org\/wp-content\/uploads\/2023\/07\/Test-dantigens.png",744,482,false],"trp-custom-language-flag":["https:\/\/www.cofb.org\/wp-content\/uploads\/2023\/07\/Test-dantigens.png",18,12,false]},"uagb_author_info":{"display_name":"wpAdminCofbOrg","author_link":"https:\/\/www.cofb.org\/es\/author\/wpadmincofborg\/"},"uagb_comment_info":0,"uagb_excerpt":"Nom\u00e9s durant la primera setmana des de la represa del curs escolar el 2022, i despr\u00e9s que el darrer canvi de protocol incorpor\u00e9s tamb\u00e9 els alumnes d\u2019Educaci\u00f3 Prim\u00e0ria, les m\u00e9s de 1.600 farm\u00e0cies catalanes adherides al programa TAR han realitzat m\u00e9s de 123.500 tests d\u2019ant\u00edgens supervisats a un membre de [&hellip;]","_links":{"self":[{"href":"https:\/\/www.cofb.org\/es\/wp-json\/wp\/v2\/posts\/59765","targetHints":{"allow":["GET"]}}],"collection":[{"href":"https:\/\/www.cofb.org\/es\/wp-json\/wp\/v2\/posts"}],"about":[{"href":"https:\/\/www.cofb.org\/es\/wp-json\/wp\/v2\/types\/post"}],"author":[{"embeddable":true,"href":"https:\/\/www.cofb.org\/es\/wp-json\/wp\/v2\/users\/1"}],"replies":[{"embeddable":true,"href":"https:\/\/www.cofb.org\/es\/wp-json\/wp\/v2\/comments?post=59765"}],"version-history":[{"count":1,"href":"https:\/\/www.cofb.org\/es\/wp-json\/wp\/v2\/posts\/59765\/revisions"}],"predecessor-version":[{"id":68001,"href":"https:\/\/www.cofb.org\/es\/wp-json\/wp\/v2\/posts\/59765\/revisions\/68001"}],"wp:featuredmedia":[{"embeddable":true,"href":"https:\/\/www.cofb.org\/es\/wp-json\/wp\/v2\/media\/68000"}],"wp:attachment":[{"href":"https:\/\/www.cofb.org\/es\/wp-json\/wp\/v2\/media?parent=59765"}],"wp:term":[{"taxonomy":"category","embeddable":true,"href":"https:\/\/www.cofb.org\/es\/wp-json\/wp\/v2\/categories?post=59765"},{"taxonomy":"post_tag","embeddable":true,"href":"https:\/\/www.cofb.org\/es\/wp-json\/wp\/v2\/tags?post=59765"}],"curies":[{"name":"wp","href":"https:\/\/api.w.org\/{rel}","templated":true}]}}