{"id":59630,"date":"2022-01-24T19:23:00","date_gmt":"2022-01-24T17:23:00","guid":{"rendered":"https:\/\/blog.cofb.cat\/?p=59630"},"modified":"2023-07-27T13:53:18","modified_gmt":"2023-07-27T13:53:18","slug":"desembre-laugment-de-la-demanda-de-tests-dantigens-a-les-farmacies-i-les-activitats-formatives-del-cofb-temes-mes-destacats-als-mitjans","status":"publish","type":"post","link":"https:\/\/www.cofb.org\/es\/2022\/01\/24\/desembre-laugment-de-la-demanda-de-tests-dantigens-a-les-farmacies-i-les-activitats-formatives-del-cofb-temes-mes-destacats-als-mitjans\/","title":{"rendered":"Diciembre: El aumento de la demanda de tests de ant\u00edgenos en las farmacias y las actividades formativas del COFB, temas m\u00e1s destacados en los medios"},"content":{"rendered":"<h2 class=\"wp-block-heading\"><strong>Gran aumento de la demanda de tests de ant\u00edgenos en las farmacias, coincidiendo con la sexta ola y las fiestas de Navidad<\/strong><\/h2>\n\n\n\n<h3 class=\"wp-block-heading has-black-color has-text-color\"><strong>Antes de Navidad<\/strong><\/h3>\n\n\n\n<p>Coincidiendo con la <strong>sexta ola<\/strong> y la <strong>proximidad de las fiestas de Navidad<\/strong>, muchos medios se interesaron por la disponibilidad de <strong>test de ant\u00edgenos en las farmacias<\/strong>, as\u00ed como por su<strong> funcionamiento<\/strong>. Justo despu\u00e9s del puente de diciembre, La Vanguardia public\u00f3 un reportaje con <strong>intervenciones de diferentes expertos<\/strong>, entre ellos <strong>Xavier Tejedor<\/strong>, vocal de An\u00e1lisis del COFB. El reportaje de La Vanguardia se titulaba <a href=\"https:\/\/www.lavanguardia.com\/vida\/20211208\/7915193\/test-d-antigens-abans-dels-sopars-nadal-refieu-vos-nomes-dona-positiu.html\" target=\"_blank\" rel=\"noreferrer noopener\">\u201cTest de ant\u00edgenos antes de las cenas de Navidad: f\u00edense s\u00f3lo si da positivo\u201d<\/a> y tambi\u00e9n fue publicado por <a href=\"https:\/\/www.rac1.cat\/societat\/20211210\/4103647124601\/test-antigens-sopars-nadal-empresa-positiu-covid-proves-pandemia.html?utm_source=twitter&amp;utm_medium=social&amp;utm_content=_societat\" target=\"_blank\" rel=\"noreferrer noopener\">RAC1<\/a>. Asimismo, <strong>Tejedor<\/strong> hizo declaraciones en el marco de un<strong> art\u00edculo<\/strong> en RAC1 titulado <a href=\"https:\/\/www.rac1.cat\/societat\/20211213\/4103697297624\/testos-antigens-covid-farmacies-nadal-contagis.html?utm_source=twitter&amp;utm_medium=social&amp;utm_content=rac1_societat\" target=\"_blank\" rel=\"noreferrer noopener\">&quot;Se multiplica por cuatro la venta de macetas de ant\u00edgenos a las puertas de Navidad&quot;<\/a>. Esta informaci\u00f3n, con declaraciones de Tejedor se emiti\u00f3 tambi\u00e9n en el programa <a href=\"https:\/\/api.audioteca.rac1.cat\/embed\/829359e3-33f5-44c6-a214-4f7c9a57aa41\" target=\"_blank\" rel=\"noreferrer noopener\">\u201cEl Mundo en RAC1\u201d<\/a> del pasado 13 de diciembre.<\/p>\n\n\n\n<figure class=\"wp-block-image size-large\"><img decoding=\"async\" src=\"https:\/\/blog.cofb.cat\/wp-content\/uploads\/2022\/01\/LVRAC1-1-2-1024x636.png\" alt=\"\" class=\"wp-image-59810\"\/><\/figure>\n\n\n\n<p>Por otra parte, el <a href=\"https:\/\/www.diaridetarragona.com\/cat-es-mon\/La-venta-de-tests-en-farmacias-se-dispara-20211209-0051.html\" target=\"_blank\" rel=\"noreferrer noopener\">Diario de Tarragona<\/a> se refiri\u00f3 a que desde el COFB se hab\u00eda notado un <strong>incremento muy notable de la demada de TAR<\/strong> durante la primera quincena de mes. Quien tambi\u00e9n lo confirm\u00f3 fue el presidente del Colegio de Farmac\u00e9uticos de Barcelona (COFB) y el Consejo de Colegios Farmac\u00e9uticos de Catalu\u00f1a (CCFC), Jordi Casas, en declaraciones a <strong><a href=\"https:\/\/www.ccma.cat\/tv3\/alacarta\/els-matins\/els-matins-13122021\/video\/6134179\/\" target=\"_blank\" rel=\"noreferrer noopener\">Les Matins de TV3<\/a><\/strong>. Casas tambi\u00e9n explic\u00f3 el <strong>circuito del cribado escolar<\/strong> en el que participan las farmacias.  <\/p>\n\n\n\n<figure class=\"wp-block-image size-large\"><img decoding=\"async\" src=\"https:\/\/blog.cofb.cat\/wp-content\/uploads\/2022\/01\/matins-1024x724.png\" alt=\"\" class=\"wp-image-59800\"\/><\/figure>\n\n\n\n<p>A su vez, <strong>Laura Gom\u00e0<\/strong>, vocal del Colegio de Farmac\u00e9uticos de Barcelona (COFB), atendi\u00f3 una entrevista del programa \u201c<a href=\"https:\/\/play.cadenaser.com\/audio\/370RD010000001820945\/\" target=\"_blank\" rel=\"noreferrer noopener\">El Balc\u00f3n\u201d de Cadena Ser<\/a>, donde habl\u00f3 del<strong>aumento de la demanda de TAR<\/strong>, as\u00ed como de la importancia de seguir las <strong>medidas preventivas <\/strong>para evitar contagios. Asimismo, Gom\u00e0 fue entrevistada por el mismo tema en <a href=\"https:\/\/www.rtve.es\/play\/audios\/de-boca-a-orella\/javier-perez-andujar-vacunacio-menors\/6246030\/\" target=\"_blank\" rel=\"noreferrer noopener\">Radio 4<\/a> (a partir del minuto 29), y varios medios locales tambi\u00e9n aprovecharon para recoger testigos de farmac\u00e9uticos de distintas poblaciones, como en el caso de <a href=\"https:\/\/radiosabadell.fm\/alacarta\/audio\/angel-rodriguez-farmaceutic-no-tenim-antigens-i-no-sabem-quan-arribaran\" target=\"_blank\" rel=\"noreferrer noopener\">Radio Sabadell<\/a>. <a href=\"https:\/\/www.radiocalellatv.cat\/la-proximitat-de-nadal-dispara-la-demanada-de-test-dantigens\/\" target=\"_blank\" rel=\"noreferrer noopener\">Radio Calella<\/a> y <a href=\"https:\/\/www.vallesvisio.cat\/es-disparen-les-vendes-de-test-dantigens-a-les-farmacies-del-baix-valles\/\" target=\"_blank\" rel=\"noreferrer noopener\">Vall\u00e8s Visi\u00f3n<\/a>.<\/p>\n\n\n\n<p>El 14 de diciembre el<strong>Agencia Catalana de Noticias (ACN)<\/strong> public\u00f3 un <strong>teletipo<\/strong> con informaci\u00f3n proporcionada por el COFB, que recogieron los siguientes medios: <a href=\"https:\/\/www.elpuntavui.cat\/societat\/article\/14-salut\/2071504-la-proximitat-del-nadal-i-l-augment-de-la-incidencia-disparen-la-demanda-de-testos-d-antigens-a-les-farmacies.html\" target=\"_blank\" rel=\"noreferrer noopener\">El Punt Avui<\/a>, <a href=\"https:\/\/www.regio7.cat\/arreu-catalunya-espanya-mon\/2021\/12\/14\/nadal-i-l-elevada-incidencia-60637599.html\" target=\"_blank\" rel=\"noreferrer noopener\">Regi\u00f3n 7<\/a>, <a href=\"https:\/\/www.vilaweb.cat\/noticies\/proximitat-nadal-augmenta-incidencia-dispara-demanda-proves-antigens-farmacies\/\" target=\"_blank\" rel=\"noreferrer noopener\">Vilaweb<\/a>, <a href=\"https:\/\/www.lamanyana.cat\/la-proximitat-del-nadal-i-laugment-de-la-incidencia-disparen-la-demanda-de-testos-dantigens-a-les-farmacies\/\" target=\"_blank\" rel=\"noreferrer noopener\">El Ma\u00f1ana<\/a>, y <a href=\"https:\/\/www.eixdiari.cat\/societat\/doc\/98522\/la-proximitat-del-nadal-i-laugment-de-la-incidencia-disparen-la-demanda-de-testos-dantigens-a-les-fa.html\" target=\"_blank\" rel=\"noreferrer noopener\">Eje Diario<\/a>. En el <strong>teletipo <\/strong>se destacaba que la demanda de TAR se hab\u00eda disparado coincidiendo con la <strong>sexta ola<\/strong> y la <strong>proximidad de Navidad<\/strong>. Adem\u00e1s, se incorporaban declaraciones del presidente del COFB y el CCFC en Els Matins de TV3, as\u00ed como datos de los tests de ant\u00edgenos supervisados desde las farmacias (tanto de los <strong>financiados<\/strong>, enmarcados en cribados de salud p\u00fablica y dirigidos a colectivos espec\u00edficos como de los <strong>no financiados<\/strong>, dirigidos a la poblaci\u00f3n general).<\/p>\n\n\n\n<figure class=\"wp-block-image size-large\"><img decoding=\"async\" src=\"https:\/\/blog.cofb.cat\/wp-content\/uploads\/2022\/01\/Copia-de-Plantilla-pantallazos-reculls-1024x724.png\" alt=\"\" class=\"wp-image-59818\"\/><\/figure>\n\n\n\n<p>El d\u00eda 17 de diciembre, el programa <a href=\"https:\/\/www.ccma.cat\/tv3\/alacarta\/tot-es-mou\/quan-trigariem-a-infectar-nos-en-un-sopar-de-nadal-en-un-espai-tancat\/video\/6135084\/\" target=\"_blank\" rel=\"noreferrer noopener\">Todo se mueve de TV3<\/a> (a partir del minuto 8:48) entrevist\u00f3 a la vicepresidenta del<strong> Col\u00b7legi de Farmac\u00e8utics de Barcelona (COFB)<\/strong>, <strong>N\u00faria Bosch<\/strong>, para hablar del funcionamiento de los <strong>test de ant\u00edgenos<\/strong> y de <strong>c\u00f3mo realizarlos correctamente<\/strong>, adem\u00e1s del<strong>aumento de la demanda<\/strong>. Por su parte, <strong>Guillermo Bagar\u00eda<\/strong>, vocal de Oficina de Farmacia del COFB, fue entrevistado en <a href=\"https:\/\/beteve.cat\/btv-noticies-migdia\/btv-noticies-migdia-1949\/\" target=\"_blank\" rel=\"noreferrer noopener\">Betev\u00e9<\/a> (a partir del minuto 9:10) despu\u00e9s de que la demanda de tests de ant\u00edgenos en las farmacias se multiplicara por 20. Bagar\u00eda tambi\u00e9n habl\u00f3 de ello en el<a href=\"https:\/\/lhdigital.cat\/web\/digital-h\/televisio\/veure-video\/-\/journal_content\/56_INSTANCE_ZrP3\/11023\/15041374\" target=\"_blank\" rel=\"noreferrer noopener\">Hospitalet Digital<\/a> y en <a href=\"https:\/\/mynmedia.mynews.es\/noticies\/intelligence\/?dre=INS202112223007&amp;tipus=adjunt&amp;idCarpeta=13819&amp;idArxiu=92628&amp;fromEmail=True&amp;idEnviament=171229\" target=\"_blank\" rel=\"noreferrer noopener\">Radio Estel<\/a> (a partir del minuto 8:15). Bagar\u00eda destac\u00f3 que, \u201cpor encima de los tests, debemos incidir en las <strong>recomendaciones b\u00e1sicas<\/strong>: mascarilla, higiene, distancia y ventilaci\u00f3n\u201d.<\/p>\n\n\n\n<figure class=\"wp-block-image size-large\"><img decoding=\"async\" src=\"https:\/\/blog.cofb.cat\/wp-content\/uploads\/2022\/01\/Copia-de-Plantilla-pantallazos-reculls-1024x724.jpg\" alt=\"\" class=\"wp-image-59797\"\/><\/figure>\n\n\n\n<p>Por otra parte, ante el aumento de la demanda de TAR en las farmacias, N\u00faria Bosch, vicepresidenta del COFB, fue entrevistada en <a href=\"https:\/\/www.ondacero.es\/emisoras\/catalunya\/audios-podcast\/noticies-migdia\/noticies-migdia-20122021_2021122061c0bc4b97e21a0001522d1b.html\" target=\"_blank\" rel=\"noreferrer noopener\">Onda Cero<\/a> (a partir del minuto 12:38) y tambi\u00e9n hizo declaraciones a El Peri\u00f3dico, en el marco de un reportaje titulado \u201cSobrevivir a la Navidad del \u00f3micron\u201d (versi\u00f3n papel). Por otra parte, <a href=\"https:\/\/www.ccma.cat\/catradio\/alacarta\/catalunya-al-dia\/catalunya-al-dia-24122021\/audio\/1120295\/\" target=\"_blank\" rel=\"noreferrer noopener\">Catalu\u00f1a Informaci\u00f3n<\/a> (a partir del minuto 12:17) emiti\u00f3 un reportaje con declaraciones de Jordi Casas, presidente del COFB. El presidente apunt\u00f3 que &quot;es dif\u00edcil, pero la Administraci\u00f3n deber\u00eda intentar regular el precio de los tests de ant\u00edgenos&quot;.<\/p>\n\n\n\n<p>Sobre el <em><strong>boom<\/strong><\/em> de los <strong>test de ant\u00edgenos<\/strong>, tambi\u00e9n recogieron informaci\u00f3n proporcionada por el COFB en torno a los TAR supervisados en las farmacias: <a href=\"https:\/\/www.diariomedico.com\/farmacia\/comunitaria\/las-farmacias-aumentan-sus-pedidos-ante-el-boom-por-los-test-de-antigenos.html\" target=\"_blank\" rel=\"noreferrer noopener\">Diario M\u00e9dico<\/a>, <a href=\"https:\/\/www.larazon.es\/cataluna\/20211220\/blc7ckx6x5ahdah4fztoefvzzi.html\" target=\"_blank\" rel=\"noreferrer noopener\">La Raz\u00f3n<\/a>, <a href=\"https:\/\/www.elpuntavui.cat\/societat\/article\/5-societat\/2074660-s-han-acabat-vagi-venint.html\" target=\"_blank\" rel=\"noreferrer noopener\">El Punt Avui<\/a> y el <a href=\"https:\/\/www.ara.cat\/societat\/celebrar-nadal-segur_1_4218327.html\" target=\"_blank\" rel=\"noreferrer noopener\">Diario Ahora<\/a>. <\/p>\n\n\n\n<h3 class=\"wp-block-heading\"><strong>Despu\u00e9s de Navidad<\/strong><\/h3>\n\n\n\n<p>Despu\u00e9s de Navidad y San Esteban, <a href=\"https:\/\/www.rtve.es\/play\/videos\/linformatiu\/28122021\/6264830\/\" target=\"_blank\" rel=\"noreferrer noopener\">TVE Catalu\u00f1a<\/a> (a partir del minuto 4:14) y <a href=\"https:\/\/www.cope.es\/emisoras\/cataluna\/barcelona-provincia\/barcelona\/la-linterna-cope-catalunya-i-andorra\/noticias\/linterna-cope-catalunya-andorra-desembre-20211229_1703964\" target=\"_blank\" rel=\"noreferrer noopener\">Cope Catalu\u00f1a<\/a> (a partir del minuto 39:15) entrevistaron <strong>Guillermo Bagar\u00eda<\/strong>, vocal de Oficina de Farmacia del COFB, para hablar de la situaci\u00f3n de los tests de ant\u00edgenos en las farmacias, al haber terminado unas de las principales festividades de Navidad. <\/p>\n\n\n\n<p>Por su parte, <a href=\"https:\/\/radiosabadell.fm\/alacarta\/audio\/meritxell-blanchart-farmaceutica-estem-abastint-la-poblacio-amb-els-antigens\" target=\"_blank\" rel=\"noreferrer noopener\">Radio Sabadell<\/a>, <a href=\"https:\/\/www.onamalgrat.cat\/news\/id\/onamalgrat_news_6746\" target=\"_blank\" rel=\"noreferrer noopener\">Ona Malgrat<\/a>, <a href=\"https:\/\/beteve.cat\/btv-noticies-migdia\/btv-noticies-migdia-1949\/\" target=\"_blank\" rel=\"noreferrer noopener\">Betev\u00e9 <\/a>y <a href=\"https:\/\/www.ccma.cat\/tv3\/alacarta\/planta-baixa\/planta-baixa-28122021\/video\/6136630\/\" target=\"_blank\" rel=\"noreferrer noopener\">TV3 <\/a>(a partir del minuto 58:15) tambi\u00e9n recogieron declaraciones de farmac\u00e9uticas de Barcelona sobre la evoluci\u00f3n de los TAR despu\u00e9s de Navidad. <\/p>\n\n\n\n<figure class=\"wp-block-image size-large\"><img decoding=\"async\" src=\"https:\/\/blog.cofb.cat\/wp-content\/uploads\/2022\/01\/tve-1024x724.png\" alt=\"\" class=\"wp-image-59799\"\/><\/figure>\n\n\n\n<h2 class=\"wp-block-heading\"><strong>Tertulia COVID-19 sobre vacunas con la Dra. Magda Campins<\/strong><\/h2>\n\n\n\n<p>El pasado 16 de diciembre, la <strong>Dra. Magda Campins<\/strong> investigadora del <strong>grupo de investigaci\u00f3n<\/strong> de<strong>epidemiolog\u00eda<\/strong> y <strong>Salud P\u00fablica <\/strong>del Vall d&#039;Hebron Instituto de Investigaci\u00f3n (VHIR) y presidenta del Comit\u00e9 Cient\u00edfico Asesor de la COVID-19, particip\u00f3 en la primera Tertulia COVID-19 organizada por el COFB, donde el tema central fueron las <strong>vacunas<\/strong>. <strong>Aina Surroca<\/strong>, secretaria del COFB y responsable de la Comisi\u00f3n Delegada de Formaci\u00f3n fue la encargada de introducir y moderar la sesi\u00f3n. Despu\u00e9s de hacer un&nbsp;<strong>repaso<\/strong>&nbsp;de la&nbsp;<strong>situaci\u00f3n epidemiol\u00f3gica<\/strong>, la doctora resolvi\u00f3 varias preguntas que los colegiados hab\u00edan enviado previamente, clasificadas en <strong>cuatro grandes bloques<\/strong>:&nbsp;<strong>enfermedad<\/strong>,&nbsp;<strong>epidemiolog\u00eda<\/strong>,&nbsp;<strong>vacuna<\/strong>&nbsp;y&nbsp;<strong>restricciones<\/strong>.<\/p>\n\n\n\n<p>Desde el Colegio de Farmac\u00e9uticos de Barcelona (COFB), se envi\u00f3 a los <strong>medios de comunicaci\u00f3n<\/strong> una nota de prensa recogiendo los <strong>aspectos m\u00e1s relevantes<\/strong> de la <strong>conferencia<\/strong>. Se hicieron eco: <a href=\"https:\/\/www.diariofarma.com\/2021\/12\/22\/las-vacunas-abren-el-ciclo-de-tertulias-sobre-el-covid-19-en-el-colegio-de-barcelona\" target=\"_blank\" rel=\"noreferrer noopener\">Diariofarma<\/a>, <a href=\"https:\/\/www.farmaventas.es\/noticias-del-sector\/12382-el-cof-de-barcelona-pone-en-marcha-el-ciclo-de-tertulias-covid-19-con-una-conferencia-sobre-vacunas-impartida-por-la-dra-magda-campins.html\" target=\"_blank\" rel=\"noreferrer noopener\">Farmaventas<\/a>, <a href=\"https:\/\/www.pmfarma.es\/noticias\/32945-el-cof-de-barcelona-pone-en-marcha-el-ciclo-de-tertulias-covid-19-con-una-conferencia-sobre-vacunas.html\" target=\"_blank\" rel=\"noreferrer noopener\">PmFarma<\/a> y <a href=\"https:\/\/www.imfarmacias.es\/noticia\/26635\/el-cof-de-barcelona-inaugura-el-ciclo-de-tertulias-covid19-con-una-co.html\" target=\"_blank\" rel=\"noreferrer noopener\">imFarmacias<\/a>.<\/p>\n\n\n\n<figure class=\"wp-block-image size-large\"><img decoding=\"async\" src=\"https:\/\/blog.cofb.cat\/wp-content\/uploads\/2022\/01\/diariofarmaimfarmacias-1024x724.png\" alt=\"\" class=\"wp-image-59796\"\/><\/figure>\n\n\n\n<h2 class=\"wp-block-heading\"><strong><em>Webinar<\/em> de \u00c1gora Sanitaria y Nestl\u00e9 Health Science sobre nuevos avances en envejecimiento celular<\/strong><\/h2>\n\n\n\n<p>Otra de las actividades formativas del mes de diciembre que tuvo eco en la prensa especializada fue el webinar sobre <strong>nuevos avances en envejecimiento celular,<\/strong> organizado por <strong>\u00c1gora Sanitaria y Nestl\u00e9 Health Science<\/strong>. La formaci\u00f3n cont\u00f3 con las intervenciones del <strong>Dr. Jos\u00e9 Vi\u00f1a<\/strong>, referente en la investigaci\u00f3n sobre envejecimiento que ha trabajado bajo la direcci\u00f3n del Premio Nobel Hans Krebs, y la <strong>Dra. Mar\u00eda Izquierdo<\/strong>, catedr\u00e1tica de nutrici\u00f3n la Facultad de Farmacia y Ciencias de la Alimentaci\u00f3n. Recogieron la nota de prensa: <a href=\"https:\/\/revistafarmanatur.com\/home-drch\/mas-400-inscritos-webinar-agora-sanitaria-nestle-health-science-envejecimiento-celular-papel-la-farmacia\/\" target=\"_blank\" rel=\"noreferrer noopener\">Revista Farmanatur<\/a>, <a href=\"https:\/\/www.actasanitaria.com\/farmacia\/mas-400-inscritos-en-webinar-agora-sanitaria_2000152_102.html\" target=\"_blank\" rel=\"noreferrer noopener\">Acta Sanitaria<\/a>, <a href=\"https:\/\/www.imfarmacias.es\/noticia\/26602\/el-webinar-de-agora-sanitaria-y-nestle-health-science-sobre-nuevos-a.html\" target=\"_blank\" rel=\"noreferrer noopener\">imFarmacias<\/a>, <a href=\"https:\/\/www.farmaventas.es\/noticias-del-sector\/12376-mas-de-400-inscritos-en-el-webinar-de-agora-sanitaria-y-nestle-health-science-sobre-nuevos-avances-en-envejecimiento-celular-y-el-papel-de-la-oficina-de-farmacia.html\" target=\"_blank\" rel=\"noreferrer noopener\">Farmaventas<\/a>, <a href=\"https:\/\/revistaacofar.com\/actualidad\/noticias\/mas-de-400-inscritos-en-el-webinar-de-agora-sanitaria-y-nestle-sobre-el-envejecimiento-celular-y-el-papel-de-la-oficina-de-farmacia\/\" target=\"_blank\" rel=\"noreferrer noopener\">Revista Acofar<\/a> y <a href=\"https:\/\/www.pmfarma.es\/noticias\/32923-mas-de-400-inscritos-en-el-webinar-de-agora-sanitaria-y-nestle-health-science-.html\" target=\"_blank\" rel=\"noreferrer noopener\">PmFarma<\/a>. <\/p>\n\n\n\n<h2 class=\"wp-block-heading\"><strong>Entrevista en Aina Surroca, secretaria del COFB<\/strong><\/h2>\n\n\n\n<p>La secretaria del COFB, <strong>Aina Surroca<\/strong>, fue entrevistada por la web de TEVA. Sus <strong>declaraciones<\/strong> fueron incluidas en una <a href=\"https:\/\/tevafarmacia.es\/desde-la-farmacia\/que-dice-la-farmacia\/cambios-farmacia-paciente-pandemia\" target=\"_blank\" rel=\"noreferrer noopener\">pieza<\/a> sobre los cambios en la farmacia y el paciente durante la <strong>pandemia de la COVID-19<\/strong>. Surroca afirm\u00f3 que, cada vez m\u00e1s, \u201cel paciente va a demandar disponer de<strong>herramientas digitales<\/strong> para que podamos relacionarnos con \u00e9l\u201d.  <\/p>\n\n\n\n<figure class=\"wp-block-image size-large\"><img decoding=\"async\" src=\"https:\/\/blog.cofb.cat\/wp-content\/uploads\/2022\/01\/acta-teva-1-1-1024x620.png\" alt=\"\" class=\"wp-image-59814\"\/><\/figure>\n\n\n\n<h2 class=\"wp-block-heading\"><strong>El COFB como fuente de informaci\u00f3n<\/strong><\/h2>\n\n\n\n<h3 class=\"wp-block-heading\"><strong>Desabastecimiento<\/strong> <strong>de medicamentos<\/strong><\/h3>\n\n\n\n<p><strong>Marta Roig,<\/strong> vocal del COFB, hizo declaraciones en el marco de un reportaje de <a href=\"https:\/\/www.diariomedico.com\/farmacia\/comunitaria\/profesion\/la-farmacia-preparada-para-sortear-posibles-desabastecimientos.html?check_logged_in=1\" target=\"_blank\" rel=\"noreferrer noopener\">Correo Farmac\u00e9utico<\/a> sobre el desabastecimiento de algunos medicamentos, que llevaba por t\u00edtulo &quot;La farmacia, preparada para sortear posibles desabastecimientos&quot;.<\/p>\n\n\n\n<h3 class=\"wp-block-heading\"><strong>Consejos frente a las comidas de Navidad<\/strong><\/h3>\n\n\n\n<p>J<strong>osep Allu\u00e9<\/strong>, vocal de Plantas Medicinales y Homeopat\u00eda del COFB, particip\u00f3 en un art\u00edculo de<a href=\"https:\/\/apoteka.redaccionmedica.com\/como-quitarse-los-kilos-de-mas-tras-las-comidas-navidenas\/\" target=\"_blank\" rel=\"noreferrer noopener\">Apoteka<\/a>, que recogi\u00f3 distintos consejos ante las comidas de Navidad. <\/p>\n\n\n\n<figure class=\"wp-block-image size-large\"><img decoding=\"async\" src=\"https:\/\/blog.cofb.cat\/wp-content\/uploads\/2022\/01\/correo-1024x724.png\" alt=\"\" class=\"wp-image-59802\"\/><\/figure>\n\n\n\n<h2 class=\"wp-block-heading\"><strong>Menciones en el COFB<\/strong><\/h2>\n\n\n\n<h3 class=\"wp-block-heading\"><strong>D\u00eda Mundial del VIH<\/strong><\/h3>\n\n\n\n<p>Coincidiendo con el <strong>D\u00eda Mundial del VIH<\/strong>, la<strong>1 de diciembre<\/strong>, Act\u00faa Vall\u00e8s y el Colegio de Farmac\u00e9uticos de Barcelona impulsaron la campa\u00f1a \u201cLo mejor es saberlo. No lo dejes al azar\u201d por <strong>reducir el estigma hacia el VIH<\/strong> y <strong>fomentar sus pruebas de detecci\u00f3n<\/strong>. Se hicieron eco medios como <a href=\"https:\/\/www.regio7.cat\/bages\/2021\/12\/01\/les-farmacies-bages-presenten-com-60208608.html?utm_source=twitter&amp;utm_medium=social&amp;utm_campaign=dogtrack\" target=\"_blank\" rel=\"noreferrer noopener\">Regi\u00f3n 7<\/a>.<\/p>\n\n\n\n<p>Por otra parte, tambi\u00e9n durante el mes de diciembre, el Diari de Sabadell public\u00f3 un <a href=\"https:\/\/www.diaridesabadell.com\/2021\/12\/11\/en-justa-reciprocitat\/\" target=\"_blank\" rel=\"noreferrer noopener\">art\u00edculo<\/a> titulado \u201cEn justa reciprocidad\u201d de un periodista que agradec\u00eda que en la nota de prensa del D\u00eda Mundial del VIH se hablara de \u201cla necesidad de revisi\u00f3n de la distribuci\u00f3n territorial de las farmacias que ofrecen la prueba r\u00e1pida del VIH in situ, establecida desde del Departamento de Salud en 2009\u201d. Previamente, el periodista hab\u00eda reclamado mayor accesibilidad para hacerse la prueba. <\/p>\n\n\n\n<figure class=\"wp-block-image size-large\"><img decoding=\"async\" src=\"https:\/\/blog.cofb.cat\/wp-content\/uploads\/2022\/01\/regio7-farmaceutico--1024x612.png\" alt=\"\" class=\"wp-image-59812\"\/><\/figure>\n\n\n\n<h3 class=\"wp-block-heading\"><strong>Junta General Ordinaria<\/strong><\/h3>\n\n\n\n<p>El pasado 20 de diciembre tuvo lugar la Junta General Ordinaria del COFB, en la que intervinieron el presidente, <strong>Jordi Casas<\/strong>, la secretaria, <strong>Aina Surroca<\/strong> y el tesorero, <strong>Miquel Recasens<\/strong>. El <strong>medio especializado<\/strong> <a href=\"https:\/\/www.elfarmaceutico.es\/tendencias\/esta-pasando\/noticias\/junta-general-ordinaria-propuesta-presupuestos-2022-cofb_150665_102.html\" target=\"_blank\" rel=\"noreferrer noopener\">El Farmac\u00e9utico<\/a> recogi\u00f3 la cr\u00f3nica del acto.<\/p>\n\n\n\n<h3 class=\"wp-block-heading\"><strong>1.000 n\u00fameros El Global<\/strong><\/h3>\n\n\n\n<p>El medio El Global alcanz\u00f3 la cifra de los <strong>1.000 n\u00fameros<\/strong> publicados. Por eso, el presidente del Colegio de Farmac\u00e9uticos de Barcelona (COFB) y el Consejo de Colegios Farmac\u00e9uticos de Catalu\u00f1a (CCFC), Jordi Casas, lo felicit\u00f3, junto con otras personalidades del mundo sanitario. <\/p>","protected":false},"excerpt":{"rendered":"<p>Gran aumento de la demanda de tests de ant\u00edgenos en las farmacias, coincidiendo con la sexta ola y las fiestas de Navidad Antes de Navidad Coincidiendo con la sexta ola y la proximidad de las fiestas de Navidad, muchos medios se interesaron por la disponibilidad de tests de ant\u00edgenos en las [\u2026]<\/p>","protected":false},"author":1,"featured_media":67998,"comment_status":"open","ping_status":"open","sticky":false,"template":"","format":"standard","meta":{"_uag_custom_page_level_css":"","site-sidebar-layout":"default","site-content-layout":"","ast-site-content-layout":"default","site-content-style":"default","site-sidebar-style":"default","ast-global-header-display":"","ast-banner-title-visibility":"","ast-main-header-display":"","ast-hfb-above-header-display":"","ast-hfb-below-header-display":"","ast-hfb-mobile-header-display":"","site-post-title":"","ast-breadcrumbs-content":"","ast-featured-img":"disabled","footer-sml-layout":"","theme-transparent-header-meta":"","adv-header-id-meta":"","stick-header-meta":"","header-above-stick-meta":"","header-main-stick-meta":"","header-below-stick-meta":"","astra-migrate-meta-layouts":"default","ast-page-background-enabled":"default","ast-page-background-meta":{"desktop":{"background-color":"var(--ast-global-color-4)","background-image":"","background-repeat":"repeat","background-position":"center center","background-size":"auto","background-attachment":"scroll","background-type":"","background-media":"","overlay-type":"","overlay-color":"","overlay-opacity":"","overlay-gradient":""},"tablet":{"background-color":"","background-image":"","background-repeat":"repeat","background-position":"center center","background-size":"auto","background-attachment":"scroll","background-type":"","background-media":"","overlay-type":"","overlay-color":"","overlay-opacity":"","overlay-gradient":""},"mobile":{"background-color":"","background-image":"","background-repeat":"repeat","background-position":"center center","background-size":"auto","background-attachment":"scroll","background-type":"","background-media":"","overlay-type":"","overlay-color":"","overlay-opacity":"","overlay-gradient":""}},"ast-content-background-meta":{"desktop":{"background-color":"var(--ast-global-color-5)","background-image":"","background-repeat":"repeat","background-position":"center center","background-size":"auto","background-attachment":"scroll","background-type":"","background-media":"","overlay-type":"","overlay-color":"","overlay-opacity":"","overlay-gradient":""},"tablet":{"background-color":"var(--ast-global-color-5)","background-image":"","background-repeat":"repeat","background-position":"center center","background-size":"auto","background-attachment":"scroll","background-type":"","background-media":"","overlay-type":"","overlay-color":"","overlay-opacity":"","overlay-gradient":""},"mobile":{"background-color":"var(--ast-global-color-5)","background-image":"","background-repeat":"repeat","background-position":"center center","background-size":"auto","background-attachment":"scroll","background-type":"","background-media":"","overlay-type":"","overlay-color":"","overlay-opacity":"","overlay-gradient":""}},"footnotes":""},"categories":[23,32],"tags":[18,19,458,53,68,70,459,31,76,460,461,462],"class_list":["post-59630","post","type-post","status-publish","format-standard","has-post-thumbnail","hentry","category-destacats","category-noticies-farmacia","tag-cofb","tag-collegi-de-farmaceutics-de-barcelona","tag-cribratge-escolar","tag-farmaceutics","tag-farmacia","tag-formacio","tag-mitjans","tag-mitjans-de-comunicacio","tag-oficina-de-farmacia","tag-recull-de-mitjans","tag-repercussions-als-mitjans","tag-tests"],"yoast_head":"<!-- This site is optimized with the Yoast SEO plugin v22.4 - https:\/\/yoast.com\/wordpress\/plugins\/seo\/ -->\n<title>Desembre: L&#039;augment de la demanda de tests d&#039;ant\u00edgens a les farm\u00e0cies i les activitats formatives del COFB, temes m\u00e9s destacats als mitjans - Col\u00b7legi de Farmac\u00e8utics de Barcelona<\/title>\n<meta name=\"description\" content=\"Desembre: L&#039;augment de la demanda de tests d&#039;ant\u00edgens a les farm\u00e0cies i les activitats formatives del COFB, temes m\u00e9s destacats als mitjans\" \/>\n<meta name=\"robots\" content=\"index, follow, max-snippet:-1, max-image-preview:large, max-video-preview:-1\" \/>\n<link rel=\"canonical\" href=\"https:\/\/novaorg.cofb.net\/2022\/01\/24\/desembre-laugment-de-la-demanda-de-tests-dantigens-a-les-farmacies-i-les-activitats-formatives-del-cofb-temes-mes-destacats-als-mitjans\/\" \/>\n<meta property=\"og:locale\" content=\"es_ES\" \/>\n<meta property=\"og:type\" content=\"article\" \/>\n<meta property=\"og:title\" content=\"Desembre: L&#039;augment de la demanda de tests d&#039;ant\u00edgens a les farm\u00e0cies i les activitats formatives del COFB, temes m\u00e9s destacats als mitjans - Col\u00b7legi de Farmac\u00e8utics de Barcelona\" \/>\n<meta property=\"og:description\" content=\"Desembre: L&#039;augment de la demanda de tests d&#039;ant\u00edgens a les farm\u00e0cies i les activitats formatives del COFB, temes m\u00e9s destacats als mitjans\" \/>\n<meta property=\"og:url\" content=\"https:\/\/novaorg.cofb.net\/2022\/01\/24\/desembre-laugment-de-la-demanda-de-tests-dantigens-a-les-farmacies-i-les-activitats-formatives-del-cofb-temes-mes-destacats-als-mitjans\/\" \/>\n<meta property=\"og:site_name\" content=\"Col\u00b7legi de Farmac\u00e8utics de Barcelona\" \/>\n<meta property=\"article:publisher\" content=\"https:\/\/www.facebook.com\/farmaceuticsbcn\/\" \/>\n<meta property=\"article:published_time\" content=\"2022-01-24T17:23:00+00:00\" \/>\n<meta property=\"article:modified_time\" content=\"2023-07-27T13:53:18+00:00\" \/>\n<meta property=\"og:image\" content=\"https:\/\/novaorg.cofb.net\/wp-content\/uploads\/2023\/07\/LVRAC1-1-2-1024x636-1.png\" \/>\n\t<meta property=\"og:image:width\" content=\"1024\" \/>\n\t<meta property=\"og:image:height\" content=\"636\" \/>\n\t<meta property=\"og:image:type\" content=\"image\/png\" \/>\n<meta name=\"author\" content=\"wpAdminCofbOrg\" \/>\n<meta name=\"twitter:card\" content=\"summary_large_image\" \/>\n<meta name=\"twitter:creator\" content=\"@farmaceuticsbcn\" \/>\n<meta name=\"twitter:site\" content=\"@farmaceuticsbcn\" \/>\n<meta name=\"twitter:label1\" content=\"Escrito por\" \/>\n\t<meta name=\"twitter:data1\" content=\"wpAdminCofbOrg\" \/>\n\t<meta name=\"twitter:label2\" content=\"Tiempo de lectura\" \/>\n\t<meta name=\"twitter:data2\" content=\"9 minutos\" \/>\n<script type=\"application\/ld+json\" class=\"yoast-schema-graph\">{\"@context\":\"https:\/\/schema.org\",\"@graph\":[{\"@type\":\"Article\",\"@id\":\"https:\/\/novaorg.cofb.net\/2022\/01\/24\/desembre-laugment-de-la-demanda-de-tests-dantigens-a-les-farmacies-i-les-activitats-formatives-del-cofb-temes-mes-destacats-als-mitjans\/#article\",\"isPartOf\":{\"@id\":\"https:\/\/novaorg.cofb.net\/2022\/01\/24\/desembre-laugment-de-la-demanda-de-tests-dantigens-a-les-farmacies-i-les-activitats-formatives-del-cofb-temes-mes-destacats-als-mitjans\/\"},\"author\":{\"name\":\"wpAdminCofbOrg\",\"@id\":\"https:\/\/www.cofb.org\/#\/schema\/person\/22ed7eea88da74b0fa4d3154ad87ffcb\"},\"headline\":\"Desembre: L&#8217;augment de la demanda de tests d&#8217;ant\u00edgens a les farm\u00e0cies i les activitats formatives del COFB, temes m\u00e9s destacats als mitjans\",\"datePublished\":\"2022-01-24T17:23:00+00:00\",\"dateModified\":\"2023-07-27T13:53:18+00:00\",\"mainEntityOfPage\":{\"@id\":\"https:\/\/novaorg.cofb.net\/2022\/01\/24\/desembre-laugment-de-la-demanda-de-tests-dantigens-a-les-farmacies-i-les-activitats-formatives-del-cofb-temes-mes-destacats-als-mitjans\/\"},\"wordCount\":1565,\"commentCount\":0,\"publisher\":{\"@id\":\"https:\/\/www.cofb.org\/#organization\"},\"image\":{\"@id\":\"https:\/\/novaorg.cofb.net\/2022\/01\/24\/desembre-laugment-de-la-demanda-de-tests-dantigens-a-les-farmacies-i-les-activitats-formatives-del-cofb-temes-mes-destacats-als-mitjans\/#primaryimage\"},\"thumbnailUrl\":\"https:\/\/www.cofb.org\/wp-content\/uploads\/2023\/07\/LVRAC1-1-2-1024x636-1.png\",\"keywords\":[\"COFB\",\"Col\u00b7legi de Farmac\u00e8utics de Barcelona\",\"cribratge escolar\",\"farmac\u00e8utics\",\"Farm\u00e0cia\",\"Formaci\u00f3\",\"Mitjans\",\"mitjans de comunicaci\u00f3\",\"Oficina de farm\u00e0cia\",\"recull de mitjans\",\"repercussions als mitjans\",\"tests\"],\"articleSection\":[\"Destacats\",\"Not\u00edcies farm\u00e0cia\"],\"inLanguage\":\"es\",\"potentialAction\":[{\"@type\":\"CommentAction\",\"name\":\"Comment\",\"target\":[\"https:\/\/novaorg.cofb.net\/2022\/01\/24\/desembre-laugment-de-la-demanda-de-tests-dantigens-a-les-farmacies-i-les-activitats-formatives-del-cofb-temes-mes-destacats-als-mitjans\/#respond\"]}]},{\"@type\":\"WebPage\",\"@id\":\"https:\/\/novaorg.cofb.net\/2022\/01\/24\/desembre-laugment-de-la-demanda-de-tests-dantigens-a-les-farmacies-i-les-activitats-formatives-del-cofb-temes-mes-destacats-als-mitjans\/\",\"url\":\"https:\/\/novaorg.cofb.net\/2022\/01\/24\/desembre-laugment-de-la-demanda-de-tests-dantigens-a-les-farmacies-i-les-activitats-formatives-del-cofb-temes-mes-destacats-als-mitjans\/\",\"name\":\"Desembre: L'augment de la demanda de tests d'ant\u00edgens a les farm\u00e0cies i les activitats formatives del COFB, temes m\u00e9s destacats als mitjans - Col\u00b7legi de Farmac\u00e8utics de Barcelona\",\"isPartOf\":{\"@id\":\"https:\/\/www.cofb.org\/#website\"},\"primaryImageOfPage\":{\"@id\":\"https:\/\/novaorg.cofb.net\/2022\/01\/24\/desembre-laugment-de-la-demanda-de-tests-dantigens-a-les-farmacies-i-les-activitats-formatives-del-cofb-temes-mes-destacats-als-mitjans\/#primaryimage\"},\"image\":{\"@id\":\"https:\/\/novaorg.cofb.net\/2022\/01\/24\/desembre-laugment-de-la-demanda-de-tests-dantigens-a-les-farmacies-i-les-activitats-formatives-del-cofb-temes-mes-destacats-als-mitjans\/#primaryimage\"},\"thumbnailUrl\":\"https:\/\/www.cofb.org\/wp-content\/uploads\/2023\/07\/LVRAC1-1-2-1024x636-1.png\",\"datePublished\":\"2022-01-24T17:23:00+00:00\",\"dateModified\":\"2023-07-27T13:53:18+00:00\",\"description\":\"Desembre: L'augment de la demanda de tests d'ant\u00edgens a les farm\u00e0cies i les activitats formatives del COFB, temes m\u00e9s destacats als mitjans\",\"breadcrumb\":{\"@id\":\"https:\/\/novaorg.cofb.net\/2022\/01\/24\/desembre-laugment-de-la-demanda-de-tests-dantigens-a-les-farmacies-i-les-activitats-formatives-del-cofb-temes-mes-destacats-als-mitjans\/#breadcrumb\"},\"inLanguage\":\"es\",\"potentialAction\":[{\"@type\":\"ReadAction\",\"target\":[\"https:\/\/novaorg.cofb.net\/2022\/01\/24\/desembre-laugment-de-la-demanda-de-tests-dantigens-a-les-farmacies-i-les-activitats-formatives-del-cofb-temes-mes-destacats-als-mitjans\/\"]}]},{\"@type\":\"ImageObject\",\"inLanguage\":\"es\",\"@id\":\"https:\/\/novaorg.cofb.net\/2022\/01\/24\/desembre-laugment-de-la-demanda-de-tests-dantigens-a-les-farmacies-i-les-activitats-formatives-del-cofb-temes-mes-destacats-als-mitjans\/#primaryimage\",\"url\":\"https:\/\/www.cofb.org\/wp-content\/uploads\/2023\/07\/LVRAC1-1-2-1024x636-1.png\",\"contentUrl\":\"https:\/\/www.cofb.org\/wp-content\/uploads\/2023\/07\/LVRAC1-1-2-1024x636-1.png\",\"width\":1024,\"height\":636},{\"@type\":\"BreadcrumbList\",\"@id\":\"https:\/\/novaorg.cofb.net\/2022\/01\/24\/desembre-laugment-de-la-demanda-de-tests-dantigens-a-les-farmacies-i-les-activitats-formatives-del-cofb-temes-mes-destacats-als-mitjans\/#breadcrumb\",\"itemListElement\":[{\"@type\":\"ListItem\",\"position\":1,\"name\":\"Inici\",\"item\":\"https:\/\/novaorg.cofb.net\/\"},{\"@type\":\"ListItem\",\"position\":2,\"name\":\"Desembre: L&#8217;augment de la demanda de tests d&#8217;ant\u00edgens a les farm\u00e0cies i les activitats formatives del COFB, temes m\u00e9s destacats als mitjans\"}]},{\"@type\":\"WebSite\",\"@id\":\"https:\/\/www.cofb.org\/#website\",\"url\":\"https:\/\/www.cofb.org\/\",\"name\":\"Col\u00b7legi de Farmac\u00e8utics de Barcelona\",\"description\":\"\",\"publisher\":{\"@id\":\"https:\/\/www.cofb.org\/#organization\"},\"potentialAction\":[{\"@type\":\"SearchAction\",\"target\":{\"@type\":\"EntryPoint\",\"urlTemplate\":\"https:\/\/www.cofb.org\/?s={search_term_string}\"},\"query-input\":\"required name=search_term_string\"}],\"inLanguage\":\"es\"},{\"@type\":\"Organization\",\"@id\":\"https:\/\/www.cofb.org\/#organization\",\"name\":\"Col\u00b7legi de Farmac\u00e8utics de Barcelona\",\"url\":\"https:\/\/www.cofb.org\/\",\"logo\":{\"@type\":\"ImageObject\",\"inLanguage\":\"es\",\"@id\":\"https:\/\/www.cofb.org\/#\/schema\/logo\/image\/\",\"url\":\"https:\/\/www.cofb.org\/wp-content\/uploads\/2023\/11\/cropped-Logotip-COFB.png\",\"contentUrl\":\"https:\/\/www.cofb.org\/wp-content\/uploads\/2023\/11\/cropped-Logotip-COFB.png\",\"width\":500,\"height\":105,\"caption\":\"Col\u00b7legi de Farmac\u00e8utics de Barcelona\"},\"image\":{\"@id\":\"https:\/\/www.cofb.org\/#\/schema\/logo\/image\/\"},\"sameAs\":[\"https:\/\/www.facebook.com\/farmaceuticsbcn\/\",\"https:\/\/twitter.com\/farmaceuticsbcn\",\"https:\/\/www.instagram.com\/farmaceuticsbcn\/\",\"https:\/\/www.linkedin.com\/company\/farmaceuticsbcn\/\"]},{\"@type\":\"Person\",\"@id\":\"https:\/\/www.cofb.org\/#\/schema\/person\/22ed7eea88da74b0fa4d3154ad87ffcb\",\"name\":\"wpAdminCofbOrg\",\"image\":{\"@type\":\"ImageObject\",\"inLanguage\":\"es\",\"@id\":\"https:\/\/www.cofb.org\/#\/schema\/person\/image\/\",\"url\":\"https:\/\/secure.gravatar.com\/avatar\/1721b20b3b8ca882c3b56ec6c978c594fff670e40c0718e9190eaeeb76aae7d8?s=96&d=mm&r=g\",\"contentUrl\":\"https:\/\/secure.gravatar.com\/avatar\/1721b20b3b8ca882c3b56ec6c978c594fff670e40c0718e9190eaeeb76aae7d8?s=96&d=mm&r=g\",\"caption\":\"wpAdminCofbOrg\"},\"sameAs\":[\"http:\/\/192.168.64.122\/wordpress\"],\"url\":\"https:\/\/www.cofb.org\/es\/author\/wpadmincofborg\/\"}]}<\/script>\n<!-- \/ Yoast SEO plugin. -->","yoast_head_json":{"title":"Desembre: L'augment de la demanda de tests d'ant\u00edgens a les farm\u00e0cies i les activitats formatives del COFB, temes m\u00e9s destacats als mitjans - Col\u00b7legi de Farmac\u00e8utics de Barcelona","description":"Desembre: L'augment de la demanda de tests d'ant\u00edgens a les farm\u00e0cies i les activitats formatives del COFB, temes m\u00e9s destacats als mitjans","robots":{"index":"index","follow":"follow","max-snippet":"max-snippet:-1","max-image-preview":"max-image-preview:large","max-video-preview":"max-video-preview:-1"},"canonical":"https:\/\/novaorg.cofb.net\/2022\/01\/24\/desembre-laugment-de-la-demanda-de-tests-dantigens-a-les-farmacies-i-les-activitats-formatives-del-cofb-temes-mes-destacats-als-mitjans\/","og_locale":"es_ES","og_type":"article","og_title":"Desembre: L'augment de la demanda de tests d'ant\u00edgens a les farm\u00e0cies i les activitats formatives del COFB, temes m\u00e9s destacats als mitjans - Col\u00b7legi de Farmac\u00e8utics de Barcelona","og_description":"Desembre: L'augment de la demanda de tests d'ant\u00edgens a les farm\u00e0cies i les activitats formatives del COFB, temes m\u00e9s destacats als mitjans","og_url":"https:\/\/novaorg.cofb.net\/2022\/01\/24\/desembre-laugment-de-la-demanda-de-tests-dantigens-a-les-farmacies-i-les-activitats-formatives-del-cofb-temes-mes-destacats-als-mitjans\/","og_site_name":"Col\u00b7legi de Farmac\u00e8utics de Barcelona","article_publisher":"https:\/\/www.facebook.com\/farmaceuticsbcn\/","article_published_time":"2022-01-24T17:23:00+00:00","article_modified_time":"2023-07-27T13:53:18+00:00","og_image":[{"width":1024,"height":636,"url":"https:\/\/novaorg.cofb.net\/wp-content\/uploads\/2023\/07\/LVRAC1-1-2-1024x636-1.png","type":"image\/png"}],"author":"wpAdminCofbOrg","twitter_card":"summary_large_image","twitter_creator":"@farmaceuticsbcn","twitter_site":"@farmaceuticsbcn","twitter_misc":{"Escrito por":"wpAdminCofbOrg","Tiempo de lectura":"9 minutos"},"schema":{"@context":"https:\/\/schema.org","@graph":[{"@type":"Article","@id":"https:\/\/novaorg.cofb.net\/2022\/01\/24\/desembre-laugment-de-la-demanda-de-tests-dantigens-a-les-farmacies-i-les-activitats-formatives-del-cofb-temes-mes-destacats-als-mitjans\/#article","isPartOf":{"@id":"https:\/\/novaorg.cofb.net\/2022\/01\/24\/desembre-laugment-de-la-demanda-de-tests-dantigens-a-les-farmacies-i-les-activitats-formatives-del-cofb-temes-mes-destacats-als-mitjans\/"},"author":{"name":"wpAdminCofbOrg","@id":"https:\/\/www.cofb.org\/#\/schema\/person\/22ed7eea88da74b0fa4d3154ad87ffcb"},"headline":"Desembre: L&#8217;augment de la demanda de tests d&#8217;ant\u00edgens a les farm\u00e0cies i les activitats formatives del COFB, temes m\u00e9s destacats als mitjans","datePublished":"2022-01-24T17:23:00+00:00","dateModified":"2023-07-27T13:53:18+00:00","mainEntityOfPage":{"@id":"https:\/\/novaorg.cofb.net\/2022\/01\/24\/desembre-laugment-de-la-demanda-de-tests-dantigens-a-les-farmacies-i-les-activitats-formatives-del-cofb-temes-mes-destacats-als-mitjans\/"},"wordCount":1565,"commentCount":0,"publisher":{"@id":"https:\/\/www.cofb.org\/#organization"},"image":{"@id":"https:\/\/novaorg.cofb.net\/2022\/01\/24\/desembre-laugment-de-la-demanda-de-tests-dantigens-a-les-farmacies-i-les-activitats-formatives-del-cofb-temes-mes-destacats-als-mitjans\/#primaryimage"},"thumbnailUrl":"https:\/\/www.cofb.org\/wp-content\/uploads\/2023\/07\/LVRAC1-1-2-1024x636-1.png","keywords":["COFB","Col\u00b7legi de Farmac\u00e8utics de Barcelona","cribratge escolar","farmac\u00e8utics","Farm\u00e0cia","Formaci\u00f3","Mitjans","mitjans de comunicaci\u00f3","Oficina de farm\u00e0cia","recull de mitjans","repercussions als mitjans","tests"],"articleSection":["Destacats","Not\u00edcies farm\u00e0cia"],"inLanguage":"es","potentialAction":[{"@type":"CommentAction","name":"Comment","target":["https:\/\/novaorg.cofb.net\/2022\/01\/24\/desembre-laugment-de-la-demanda-de-tests-dantigens-a-les-farmacies-i-les-activitats-formatives-del-cofb-temes-mes-destacats-als-mitjans\/#respond"]}]},{"@type":"WebPage","@id":"https:\/\/novaorg.cofb.net\/2022\/01\/24\/desembre-laugment-de-la-demanda-de-tests-dantigens-a-les-farmacies-i-les-activitats-formatives-del-cofb-temes-mes-destacats-als-mitjans\/","url":"https:\/\/novaorg.cofb.net\/2022\/01\/24\/desembre-laugment-de-la-demanda-de-tests-dantigens-a-les-farmacies-i-les-activitats-formatives-del-cofb-temes-mes-destacats-als-mitjans\/","name":"Desembre: L'augment de la demanda de tests d'ant\u00edgens a les farm\u00e0cies i les activitats formatives del COFB, temes m\u00e9s destacats als mitjans - Col\u00b7legi de Farmac\u00e8utics de Barcelona","isPartOf":{"@id":"https:\/\/www.cofb.org\/#website"},"primaryImageOfPage":{"@id":"https:\/\/novaorg.cofb.net\/2022\/01\/24\/desembre-laugment-de-la-demanda-de-tests-dantigens-a-les-farmacies-i-les-activitats-formatives-del-cofb-temes-mes-destacats-als-mitjans\/#primaryimage"},"image":{"@id":"https:\/\/novaorg.cofb.net\/2022\/01\/24\/desembre-laugment-de-la-demanda-de-tests-dantigens-a-les-farmacies-i-les-activitats-formatives-del-cofb-temes-mes-destacats-als-mitjans\/#primaryimage"},"thumbnailUrl":"https:\/\/www.cofb.org\/wp-content\/uploads\/2023\/07\/LVRAC1-1-2-1024x636-1.png","datePublished":"2022-01-24T17:23:00+00:00","dateModified":"2023-07-27T13:53:18+00:00","description":"Desembre: L'augment de la demanda de tests d'ant\u00edgens a les farm\u00e0cies i les activitats formatives del COFB, temes m\u00e9s destacats als mitjans","breadcrumb":{"@id":"https:\/\/novaorg.cofb.net\/2022\/01\/24\/desembre-laugment-de-la-demanda-de-tests-dantigens-a-les-farmacies-i-les-activitats-formatives-del-cofb-temes-mes-destacats-als-mitjans\/#breadcrumb"},"inLanguage":"es","potentialAction":[{"@type":"ReadAction","target":["https:\/\/novaorg.cofb.net\/2022\/01\/24\/desembre-laugment-de-la-demanda-de-tests-dantigens-a-les-farmacies-i-les-activitats-formatives-del-cofb-temes-mes-destacats-als-mitjans\/"]}]},{"@type":"ImageObject","inLanguage":"es","@id":"https:\/\/novaorg.cofb.net\/2022\/01\/24\/desembre-laugment-de-la-demanda-de-tests-dantigens-a-les-farmacies-i-les-activitats-formatives-del-cofb-temes-mes-destacats-als-mitjans\/#primaryimage","url":"https:\/\/www.cofb.org\/wp-content\/uploads\/2023\/07\/LVRAC1-1-2-1024x636-1.png","contentUrl":"https:\/\/www.cofb.org\/wp-content\/uploads\/2023\/07\/LVRAC1-1-2-1024x636-1.png","width":1024,"height":636},{"@type":"BreadcrumbList","@id":"https:\/\/novaorg.cofb.net\/2022\/01\/24\/desembre-laugment-de-la-demanda-de-tests-dantigens-a-les-farmacies-i-les-activitats-formatives-del-cofb-temes-mes-destacats-als-mitjans\/#breadcrumb","itemListElement":[{"@type":"ListItem","position":1,"name":"Inici","item":"https:\/\/novaorg.cofb.net\/"},{"@type":"ListItem","position":2,"name":"Desembre: L&#8217;augment de la demanda de tests d&#8217;ant\u00edgens a les farm\u00e0cies i les activitats formatives del COFB, temes m\u00e9s destacats als mitjans"}]},{"@type":"WebSite","@id":"https:\/\/www.cofb.org\/#website","url":"https:\/\/www.cofb.org\/","name":"Col\u00b7legi de Farmac\u00e8utics de Barcelona","description":"","publisher":{"@id":"https:\/\/www.cofb.org\/#organization"},"potentialAction":[{"@type":"SearchAction","target":{"@type":"EntryPoint","urlTemplate":"https:\/\/www.cofb.org\/?s={search_term_string}"},"query-input":"required name=search_term_string"}],"inLanguage":"es"},{"@type":"Organization","@id":"https:\/\/www.cofb.org\/#organization","name":"Col\u00b7legi de Farmac\u00e8utics de Barcelona","url":"https:\/\/www.cofb.org\/","logo":{"@type":"ImageObject","inLanguage":"es","@id":"https:\/\/www.cofb.org\/#\/schema\/logo\/image\/","url":"https:\/\/www.cofb.org\/wp-content\/uploads\/2023\/11\/cropped-Logotip-COFB.png","contentUrl":"https:\/\/www.cofb.org\/wp-content\/uploads\/2023\/11\/cropped-Logotip-COFB.png","width":500,"height":105,"caption":"Col\u00b7legi de Farmac\u00e8utics de Barcelona"},"image":{"@id":"https:\/\/www.cofb.org\/#\/schema\/logo\/image\/"},"sameAs":["https:\/\/www.facebook.com\/farmaceuticsbcn\/","https:\/\/twitter.com\/farmaceuticsbcn","https:\/\/www.instagram.com\/farmaceuticsbcn\/","https:\/\/www.linkedin.com\/company\/farmaceuticsbcn\/"]},{"@type":"Person","@id":"https:\/\/www.cofb.org\/#\/schema\/person\/22ed7eea88da74b0fa4d3154ad87ffcb","name":"wpAdminCofbOrg","image":{"@type":"ImageObject","inLanguage":"es","@id":"https:\/\/www.cofb.org\/#\/schema\/person\/image\/","url":"https:\/\/secure.gravatar.com\/avatar\/1721b20b3b8ca882c3b56ec6c978c594fff670e40c0718e9190eaeeb76aae7d8?s=96&d=mm&r=g","contentUrl":"https:\/\/secure.gravatar.com\/avatar\/1721b20b3b8ca882c3b56ec6c978c594fff670e40c0718e9190eaeeb76aae7d8?s=96&d=mm&r=g","caption":"wpAdminCofbOrg"},"sameAs":["http:\/\/192.168.64.122\/wordpress"],"url":"https:\/\/www.cofb.org\/es\/author\/wpadmincofborg\/"}]}},"uagb_featured_image_src":{"full":["https:\/\/www.cofb.org\/wp-content\/uploads\/2023\/07\/LVRAC1-1-2-1024x636-1.png",1024,636,false],"thumbnail":["https:\/\/www.cofb.org\/wp-content\/uploads\/2023\/07\/LVRAC1-1-2-1024x636-1-150x150.png",150,150,true],"medium":["https:\/\/www.cofb.org\/wp-content\/uploads\/2023\/07\/LVRAC1-1-2-1024x636-1-300x186.png",300,186,true],"medium_large":["https:\/\/www.cofb.org\/wp-content\/uploads\/2023\/07\/LVRAC1-1-2-1024x636-1-768x477.png",768,477,true],"large":["https:\/\/www.cofb.org\/wp-content\/uploads\/2023\/07\/LVRAC1-1-2-1024x636-1.png",1024,636,false],"1536x1536":["https:\/\/www.cofb.org\/wp-content\/uploads\/2023\/07\/LVRAC1-1-2-1024x636-1.png",1024,636,false],"2048x2048":["https:\/\/www.cofb.org\/wp-content\/uploads\/2023\/07\/LVRAC1-1-2-1024x636-1.png",1024,636,false],"trp-custom-language-flag":["https:\/\/www.cofb.org\/wp-content\/uploads\/2023\/07\/LVRAC1-1-2-1024x636-1.png",18,12,false]},"uagb_author_info":{"display_name":"wpAdminCofbOrg","author_link":"https:\/\/www.cofb.org\/es\/author\/wpadmincofborg\/"},"uagb_comment_info":0,"uagb_excerpt":"Gran augment de la demanda de tests d\u2019ant\u00edgens a les farm\u00e0cies, coincidint amb la sisena onada i les festes de Nadal Abans de Nadal Coincidint amb la sisena onada i la proximitat de les festes de Nadal, molts mitjans es van interessar per la disponibilitat de tests d&#8217;ant\u00edgens a les [&hellip;]","_links":{"self":[{"href":"https:\/\/www.cofb.org\/es\/wp-json\/wp\/v2\/posts\/59630","targetHints":{"allow":["GET"]}}],"collection":[{"href":"https:\/\/www.cofb.org\/es\/wp-json\/wp\/v2\/posts"}],"about":[{"href":"https:\/\/www.cofb.org\/es\/wp-json\/wp\/v2\/types\/post"}],"author":[{"embeddable":true,"href":"https:\/\/www.cofb.org\/es\/wp-json\/wp\/v2\/users\/1"}],"replies":[{"embeddable":true,"href":"https:\/\/www.cofb.org\/es\/wp-json\/wp\/v2\/comments?post=59630"}],"version-history":[{"count":1,"href":"https:\/\/www.cofb.org\/es\/wp-json\/wp\/v2\/posts\/59630\/revisions"}],"predecessor-version":[{"id":67999,"href":"https:\/\/www.cofb.org\/es\/wp-json\/wp\/v2\/posts\/59630\/revisions\/67999"}],"wp:featuredmedia":[{"embeddable":true,"href":"https:\/\/www.cofb.org\/es\/wp-json\/wp\/v2\/media\/67998"}],"wp:attachment":[{"href":"https:\/\/www.cofb.org\/es\/wp-json\/wp\/v2\/media?parent=59630"}],"wp:term":[{"taxonomy":"category","embeddable":true,"href":"https:\/\/www.cofb.org\/es\/wp-json\/wp\/v2\/categories?post=59630"},{"taxonomy":"post_tag","embeddable":true,"href":"https:\/\/www.cofb.org\/es\/wp-json\/wp\/v2\/tags?post=59630"}],"curies":[{"name":"wp","href":"https:\/\/api.w.org\/{rel}","templated":true}]}}