{"id":59610,"date":"2022-01-04T15:31:56","date_gmt":"2022-01-04T13:31:56","guid":{"rendered":"https:\/\/blog.cofb.cat\/?p=59610"},"modified":"2023-09-21T09:49:06","modified_gmt":"2023-09-21T09:49:06","slug":"salut-habilita-que-les-farmacies-adherides-al-programa-tar-puguin-notificar-els-positius-obtinguts-per-tests-dantigens","status":"publish","type":"post","link":"https:\/\/www.cofb.org\/es\/2022\/01\/04\/salut-habilita-que-les-farmacies-adherides-al-programa-tar-puguin-notificar-els-positius-obtinguts-per-tests-dantigens\/","title":{"rendered":"Salut habilita que las farmacias adheridas al Programa TAR puedan notificar los positivos obtenidos por test de ant\u00edgenos"},"content":{"rendered":"<p>El Departamento de Salud ha a\u00f1adido una<strong> nueva v\u00eda<\/strong> para que las personas que tengan un <strong>resultado positivo<\/strong> de <strong>Covid-19 <\/strong>mediante un test de auto muestra le puedan notificar al sistema de salud. Podr\u00e1n hacerlo a trav\u00e9s de las farmacias que ya estaban autorizadas para realizar tests de ant\u00edgenos supervisados. A partir de ahora, pues, estas mismas farmacias podr\u00e1n comunicar a Salut resultados positivos de los ciudadanos y ciudadanas se hayan hecho el auto test en casa.&nbsp;<\/p>\n\n\n\n<h2 class=\"wp-block-heading\"><strong>\u00bfA qui\u00e9n se dirige esta nueva v\u00eda que cuenta con las farmacias?<\/strong><\/h2>\n\n\n\n<p>Este nuevo canal est\u00e1 dirigido a los positivos por Covid-19 con s\u00edntomas leves o sin s\u00edntomas. Si un infectado o una infectada con este perfil, mediante un test de auto muestra de venta libre, mujer positivo de Covid-19, podr\u00e1 llamar a una de las farmacias adheridas al Programa TAR para que notifiquen su resultado en Salut.<\/p>\n\n\n\n<p>Habr\u00e1 que notificar el resultado positivo al igual que se hac\u00eda hasta ahora en el CAP: identific\u00e1ndose con el CIP o DNI y anotando la marca del TAR. A partir de ah\u00ed, los responsables de la farmacia introducir\u00e1n el resultado positivo en la historia cl\u00ednica del paciente. Seguidamente, la persona recibir\u00e1 un SMS para acceder a la herramienta de rastreo ContacteCovid.cat, donde podr\u00e1 reportar sus contactos estrechos o pedir la baja.<\/p>\n\n\n\n<figure class=\"wp-block-image size-full\"><img decoding=\"async\" src=\"https:\/\/blog.cofb.cat\/wp-content\/uploads\/2022\/01\/Roda-de-premsa_Salut_CCFC.jpg\" alt=\"\" class=\"wp-image-59621\"\/><figcaption class=\"wp-element-caption\">Gemma Craywinckel, directora del Servicio Catal\u00e1n de la Salud y Jordi Casas, presidente del COFB y del CCFC.<\/figcaption><\/figure>\n\n\n\n<h2 class=\"wp-block-heading\"><strong>Declaraciones de Jordi Casas, presidente del COFB y del CCFC, y de Gemma Craywinckel, directora del Servicio Catalal\u00e1n de la Salud<\/strong><\/h2>\n\n\n\n<p>La directora del Servicio Catal\u00e1n de la Salud, Gemma Craywinckel, ha subrayado que esta nueva v\u00eda se a\u00f1ade a los distintos canales que actualmente ya permiten reportar positivos.&nbsp;<strong>\u201cEn el momento actual, nos puede facilitar mucho la recogida de positivos en el sistema sanitario, pero no es una v\u00eda pensada para que tenga una duraci\u00f3n indefinida: es un circuito excepcional para un momento de incidencia muy alta, r\u00e1pido, puesto en marcha para facilitar la vida a la gente y para descongestionar al mismo tiempo los centros de salud de usuarios sin s\u00edntomas, que no deber\u00edan moverse por el sistema\u201d<\/strong>, ha a\u00f1adido. Craywinckel ha reiterado la importancia de&nbsp;<strong>&quot;hacer correctamente el aislamiento, los d\u00edas que toca&quot;<\/strong>&nbsp;y ha recordado los canales de informaci\u00f3n y comunicaci\u00f3n telem\u00e1ticos establecidos, como Canal Salut o Mi Salud.<\/p>\n\n\n\n<p>Por su parte, el presidente del Consejo de Colegios Farmac\u00e9uticos de Catalunya, Jordi Casas, ha recordado que esta iniciativa se enmarca dentro del convenio que se firm\u00f3 hace un a\u00f1o por el que la farmacia se convierte&nbsp;<strong>&quot;un punto de atenci\u00f3n m\u00e1s del sistema de salud a nivel comunitario por su accesibilidad&quot;. &quot;Nos encontramos en una situaci\u00f3n de incidencia muy elevada y entendemos que los farmac\u00e9uticos y farmac\u00e9uticas catalanas, como profesionales sanitarios, debemos colaborar en la descongesti\u00f3n del sistema sanitario&quot;<\/strong>, ha apuntado.<\/p>\n\n\n\n<p>En toda Catalu\u00f1a, existen 1.300 oficinas de farmacias adheridas para realizar tests de ant\u00edgenos supervisados y son las mismas farmacias que, a partir de ahora, podr\u00e1n tambi\u00e9n notificar resultados positivos obtenidos en casa. Se puede consultar en este enlace:&nbsp;<a href=\"https:\/\/canalsalut.gencat.cat\/ca\/salut-a-z\/c\/coronavirus-2019-ncov\/ciutadania\/deteccio-de-casos-i-seguiment-de-contactes\/tar-farmacies\/farmacies-adherides\/\" target=\"_blank\" rel=\"noreferrer noopener\">https:\/\/canalsalut.gencat.cat\/ca\/salut-a-z\/c\/coronavirus-2019-ncov\/ciutadania\/deteccio-de-casos-i-seguiment-de-contactes\/tar-farmacies\/farmacies-adherides\/<\/a><\/p>\n\n\n\n<p>Los resultados de estos tests de auto muestra no sirven para obtener el Certificado Covid digital por normativa de la Uni\u00f3n Europea, sin embargo, quedan registrados en la historia cl\u00ednica del paciente y en Mi Salud.<\/p>\n\n\n<div class=\"destacat-blog\">\n\n\n<h2 class=\"wp-block-heading\"><strong>V\u00edas de contacto para comunicar un resultado positivo<\/strong><\/h2>\n\n\n\n<p>Hay que recordar que sin sintomatolog\u00eda, o con sintomatolog\u00eda leve, no es necesario acudir presencialmente al centro de atenci\u00f3n primaria ni confirmar el positivo con ninguna prueba m\u00e1s. Sino que hay que utilizar las v\u00edas de contacto telem\u00e1ticas: con una eConsulta desde Mi Salud o en el apartado S\u00edntomas de la Covid-19. Ahora, tambi\u00e9n se a\u00f1ade la posibilidad de hacerlo contactando telef\u00f3nicamente con la farmacia e identific\u00e1ndose con el CIP, DNI o Pasaporte. <\/p>\n\n\n\n<p>En todas las v\u00edas de contacto es necesario indicar la <strong>marca del test<\/strong>, y la <strong>fecha <\/strong>en que se ha hecho, y se podr\u00e1 incluir el positivo en el<strong>historial cl\u00ednic<\/strong> o <strong>tramitar la baja<\/strong>. Tambi\u00e9n tendr\u00e1s que reportar tus contactos desde la herramienta ContactoCovid.cat. Recuerde tambi\u00e9n que con un resultado positivo es muy importante hacer un buen aislamiento en casa y no interrumpirlo para realizar ning\u00fan tr\u00e1mite o visita que pueda esperar, tampoco para ponerse la vacuna de recuerdo. Habr\u00e1 que cancelarla y devolverla agendar una vez finalizado el aislamiento.<\/p>\n\n\n\n<figure class=\"wp-block-image size-full\"><img decoding=\"async\" src=\"https:\/\/blog.cofb.cat\/wp-content\/uploads\/2022\/01\/Cartell-registre-positius-farmacies.jpg\" alt=\"\" class=\"wp-image-59627\"\/><\/figure> <\/div>\n\n\n\n<p><strong>M\u00e1s informaci\u00f3n:&nbsp;<\/strong><\/p>\n\n\n\n<p><a href=\"https:\/\/canalsalut.gencat.cat\/web\/.content\/_A-Z\/C\/coronavirus-2019-ncov\/material-divulgatiu\/positiu-test-antigens.pdf\" target=\"_blank\" rel=\"noreferrer noopener\">C\u00f3mo informar de un resultado positivo en un test de ant\u00edgenos r\u00e1pido (TAR) de auto muestra<\/a><\/p>","protected":false},"excerpt":{"rendered":"<p>El Departamento de Salud ha a\u00f1adido una nueva v\u00eda para que las personas que tengan un resultado positivo de Covid-19 mediante un test de auto muestra puedan notificarlo al sistema de salud. Podr\u00e1n hacerlo a trav\u00e9s de las farmacias que ya estaban autorizadas para realizar tests de ant\u00edgenos supervisados. A partir [\u2026]<\/p>","protected":false},"author":1,"featured_media":68002,"comment_status":"open","ping_status":"open","sticky":false,"template":"","format":"standard","meta":{"_uag_custom_page_level_css":"","site-sidebar-layout":"default","site-content-layout":"","ast-site-content-layout":"default","site-content-style":"default","site-sidebar-style":"default","ast-global-header-display":"","ast-banner-title-visibility":"","ast-main-header-display":"","ast-hfb-above-header-display":"","ast-hfb-below-header-display":"","ast-hfb-mobile-header-display":"","site-post-title":"","ast-breadcrumbs-content":"","ast-featured-img":"disabled","footer-sml-layout":"","theme-transparent-header-meta":"","adv-header-id-meta":"","stick-header-meta":"","header-above-stick-meta":"","header-main-stick-meta":"","header-below-stick-meta":"","astra-migrate-meta-layouts":"default","ast-page-background-enabled":"default","ast-page-background-meta":{"desktop":{"background-color":"var(--ast-global-color-4)","background-image":"","background-repeat":"repeat","background-position":"center center","background-size":"auto","background-attachment":"scroll","background-type":"","background-media":"","overlay-type":"","overlay-color":"","overlay-opacity":"","overlay-gradient":""},"tablet":{"background-color":"","background-image":"","background-repeat":"repeat","background-position":"center center","background-size":"auto","background-attachment":"scroll","background-type":"","background-media":"","overlay-type":"","overlay-color":"","overlay-opacity":"","overlay-gradient":""},"mobile":{"background-color":"","background-image":"","background-repeat":"repeat","background-position":"center center","background-size":"auto","background-attachment":"scroll","background-type":"","background-media":"","overlay-type":"","overlay-color":"","overlay-opacity":"","overlay-gradient":""}},"ast-content-background-meta":{"desktop":{"background-color":"var(--ast-global-color-5)","background-image":"","background-repeat":"repeat","background-position":"center center","background-size":"auto","background-attachment":"scroll","background-type":"","background-media":"","overlay-type":"","overlay-color":"","overlay-opacity":"","overlay-gradient":""},"tablet":{"background-color":"var(--ast-global-color-5)","background-image":"","background-repeat":"repeat","background-position":"center center","background-size":"auto","background-attachment":"scroll","background-type":"","background-media":"","overlay-type":"","overlay-color":"","overlay-opacity":"","overlay-gradient":""},"mobile":{"background-color":"var(--ast-global-color-5)","background-image":"","background-repeat":"repeat","background-position":"center center","background-size":"auto","background-attachment":"scroll","background-type":"","background-media":"","overlay-type":"","overlay-color":"","overlay-opacity":"","overlay-gradient":""}},"footnotes":""},"categories":[23,32],"tags":[456,18,19,163,53,24,69,70,76,457],"class_list":["post-59610","post","type-post","status-publish","format-standard","has-post-thumbnail","hentry","category-destacats","category-noticies-farmacia","tag-antigens","tag-cofb","tag-collegi-de-farmaceutics-de-barcelona","tag-consell-de-collegis-farmaceutics-de-catalunya","tag-farmaceutics","tag-farmaceutics-comunitaris","tag-farmacia-comunitaria","tag-formacio","tag-oficina-de-farmacia","tag-test-rapids"],"yoast_head":"<!-- This site is optimized with the Yoast SEO plugin v22.4 - https:\/\/yoast.com\/wordpress\/plugins\/seo\/ -->\n<title>Salut habilita que les farm\u00e0cies adherides al Programa TAR puguin notificar els positius obtinguts per tests d&#039;ant\u00edgens - Col\u00b7legi de Farmac\u00e8utics de Barcelona<\/title>\n<meta name=\"description\" content=\"El Departament de Salut ha afegit una nova via perqu\u00e8 les persones que tinguin un resultat positiu de Covid-19 mitjan\u00e7ant un test d\u2019auto mostra el puguin notificar. Ho podran fer a trav\u00e9s de les farm\u00e0cies que ja estaven autoritzades per realitzar tests d\u2019ant\u00edgens supervisats.\" \/>\n<meta name=\"robots\" content=\"index, follow, max-snippet:-1, max-image-preview:large, max-video-preview:-1\" \/>\n<link rel=\"canonical\" href=\"https:\/\/novaorg.cofb.net\/2022\/01\/04\/salut-habilita-que-les-farmacies-adherides-al-programa-tar-puguin-notificar-els-positius-obtinguts-per-tests-dantigens\/\" \/>\n<meta property=\"og:locale\" content=\"es_ES\" \/>\n<meta property=\"og:type\" content=\"article\" \/>\n<meta property=\"og:title\" content=\"Salut habilita que les farm\u00e0cies adherides al Programa TAR puguin notificar els positius obtinguts per tests d&#039;ant\u00edgens - Col\u00b7legi de Farmac\u00e8utics de Barcelona\" \/>\n<meta property=\"og:description\" content=\"El Departament de Salut ha afegit una nova via perqu\u00e8 les persones que tinguin un resultat positiu de Covid-19 mitjan\u00e7ant un test d\u2019auto mostra el puguin notificar. Ho podran fer a trav\u00e9s de les farm\u00e0cies que ja estaven autoritzades per realitzar tests d\u2019ant\u00edgens supervisats.\" \/>\n<meta property=\"og:url\" content=\"https:\/\/novaorg.cofb.net\/2022\/01\/04\/salut-habilita-que-les-farmacies-adherides-al-programa-tar-puguin-notificar-els-positius-obtinguts-per-tests-dantigens\/\" \/>\n<meta property=\"og:site_name\" content=\"Col\u00b7legi de Farmac\u00e8utics de Barcelona\" \/>\n<meta property=\"article:publisher\" content=\"https:\/\/www.facebook.com\/farmaceuticsbcn\/\" \/>\n<meta property=\"article:published_time\" content=\"2022-01-04T13:31:56+00:00\" \/>\n<meta property=\"article:modified_time\" content=\"2023-09-21T09:49:06+00:00\" \/>\n<meta property=\"og:image\" content=\"https:\/\/novaorg.cofb.net\/wp-content\/uploads\/2023\/07\/Roda-de-premsa_Salut_CCFC.jpg\" \/>\n\t<meta property=\"og:image:width\" content=\"1024\" \/>\n\t<meta property=\"og:image:height\" content=\"768\" \/>\n\t<meta property=\"og:image:type\" content=\"image\/jpeg\" \/>\n<meta name=\"author\" content=\"wpAdminCofbOrg\" \/>\n<meta name=\"twitter:card\" content=\"summary_large_image\" \/>\n<meta name=\"twitter:creator\" content=\"@farmaceuticsbcn\" \/>\n<meta name=\"twitter:site\" content=\"@farmaceuticsbcn\" \/>\n<meta name=\"twitter:label1\" content=\"Escrito por\" \/>\n\t<meta name=\"twitter:data1\" content=\"wpAdminCofbOrg\" \/>\n\t<meta name=\"twitter:label2\" content=\"Tiempo de lectura\" \/>\n\t<meta name=\"twitter:data2\" content=\"4 minutos\" \/>\n<script type=\"application\/ld+json\" class=\"yoast-schema-graph\">{\"@context\":\"https:\/\/schema.org\",\"@graph\":[{\"@type\":\"Article\",\"@id\":\"https:\/\/novaorg.cofb.net\/2022\/01\/04\/salut-habilita-que-les-farmacies-adherides-al-programa-tar-puguin-notificar-els-positius-obtinguts-per-tests-dantigens\/#article\",\"isPartOf\":{\"@id\":\"https:\/\/novaorg.cofb.net\/2022\/01\/04\/salut-habilita-que-les-farmacies-adherides-al-programa-tar-puguin-notificar-els-positius-obtinguts-per-tests-dantigens\/\"},\"author\":{\"name\":\"wpAdminCofbOrg\",\"@id\":\"https:\/\/www.cofb.org\/#\/schema\/person\/22ed7eea88da74b0fa4d3154ad87ffcb\"},\"headline\":\"Salut habilita que les farm\u00e0cies adherides al Programa TAR puguin notificar els positius obtinguts per tests d&#8217;ant\u00edgens\",\"datePublished\":\"2022-01-04T13:31:56+00:00\",\"dateModified\":\"2023-09-21T09:49:06+00:00\",\"mainEntityOfPage\":{\"@id\":\"https:\/\/novaorg.cofb.net\/2022\/01\/04\/salut-habilita-que-les-farmacies-adherides-al-programa-tar-puguin-notificar-els-positius-obtinguts-per-tests-dantigens\/\"},\"wordCount\":828,\"commentCount\":0,\"publisher\":{\"@id\":\"https:\/\/www.cofb.org\/#organization\"},\"image\":{\"@id\":\"https:\/\/novaorg.cofb.net\/2022\/01\/04\/salut-habilita-que-les-farmacies-adherides-al-programa-tar-puguin-notificar-els-positius-obtinguts-per-tests-dantigens\/#primaryimage\"},\"thumbnailUrl\":\"https:\/\/www.cofb.org\/wp-content\/uploads\/2023\/07\/Roda-de-premsa_Salut_CCFC.jpg\",\"keywords\":[\"ant\u00edgens\",\"COFB\",\"Col\u00b7legi de Farmac\u00e8utics de Barcelona\",\"Consell de Col\u00b7legis Farmac\u00e8utics de Catalunya\",\"farmac\u00e8utics\",\"farmac\u00e8utics comunitaris\",\"farm\u00e0cia comunit\u00e0ria\",\"Formaci\u00f3\",\"Oficina de farm\u00e0cia\",\"test r\u00e0pids\"],\"articleSection\":[\"Destacats\",\"Not\u00edcies farm\u00e0cia\"],\"inLanguage\":\"es\",\"potentialAction\":[{\"@type\":\"CommentAction\",\"name\":\"Comment\",\"target\":[\"https:\/\/novaorg.cofb.net\/2022\/01\/04\/salut-habilita-que-les-farmacies-adherides-al-programa-tar-puguin-notificar-els-positius-obtinguts-per-tests-dantigens\/#respond\"]}]},{\"@type\":\"WebPage\",\"@id\":\"https:\/\/novaorg.cofb.net\/2022\/01\/04\/salut-habilita-que-les-farmacies-adherides-al-programa-tar-puguin-notificar-els-positius-obtinguts-per-tests-dantigens\/\",\"url\":\"https:\/\/novaorg.cofb.net\/2022\/01\/04\/salut-habilita-que-les-farmacies-adherides-al-programa-tar-puguin-notificar-els-positius-obtinguts-per-tests-dantigens\/\",\"name\":\"Salut habilita que les farm\u00e0cies adherides al Programa TAR puguin notificar els positius obtinguts per tests d'ant\u00edgens - Col\u00b7legi de Farmac\u00e8utics de Barcelona\",\"isPartOf\":{\"@id\":\"https:\/\/www.cofb.org\/#website\"},\"primaryImageOfPage\":{\"@id\":\"https:\/\/novaorg.cofb.net\/2022\/01\/04\/salut-habilita-que-les-farmacies-adherides-al-programa-tar-puguin-notificar-els-positius-obtinguts-per-tests-dantigens\/#primaryimage\"},\"image\":{\"@id\":\"https:\/\/novaorg.cofb.net\/2022\/01\/04\/salut-habilita-que-les-farmacies-adherides-al-programa-tar-puguin-notificar-els-positius-obtinguts-per-tests-dantigens\/#primaryimage\"},\"thumbnailUrl\":\"https:\/\/www.cofb.org\/wp-content\/uploads\/2023\/07\/Roda-de-premsa_Salut_CCFC.jpg\",\"datePublished\":\"2022-01-04T13:31:56+00:00\",\"dateModified\":\"2023-09-21T09:49:06+00:00\",\"description\":\"El Departament de Salut ha afegit una nova via perqu\u00e8 les persones que tinguin un resultat positiu de Covid-19 mitjan\u00e7ant un test d\u2019auto mostra el puguin notificar. Ho podran fer a trav\u00e9s de les farm\u00e0cies que ja estaven autoritzades per realitzar tests d\u2019ant\u00edgens supervisats.\",\"breadcrumb\":{\"@id\":\"https:\/\/novaorg.cofb.net\/2022\/01\/04\/salut-habilita-que-les-farmacies-adherides-al-programa-tar-puguin-notificar-els-positius-obtinguts-per-tests-dantigens\/#breadcrumb\"},\"inLanguage\":\"es\",\"potentialAction\":[{\"@type\":\"ReadAction\",\"target\":[\"https:\/\/novaorg.cofb.net\/2022\/01\/04\/salut-habilita-que-les-farmacies-adherides-al-programa-tar-puguin-notificar-els-positius-obtinguts-per-tests-dantigens\/\"]}]},{\"@type\":\"ImageObject\",\"inLanguage\":\"es\",\"@id\":\"https:\/\/novaorg.cofb.net\/2022\/01\/04\/salut-habilita-que-les-farmacies-adherides-al-programa-tar-puguin-notificar-els-positius-obtinguts-per-tests-dantigens\/#primaryimage\",\"url\":\"https:\/\/www.cofb.org\/wp-content\/uploads\/2023\/07\/Roda-de-premsa_Salut_CCFC.jpg\",\"contentUrl\":\"https:\/\/www.cofb.org\/wp-content\/uploads\/2023\/07\/Roda-de-premsa_Salut_CCFC.jpg\",\"width\":1024,\"height\":768},{\"@type\":\"BreadcrumbList\",\"@id\":\"https:\/\/novaorg.cofb.net\/2022\/01\/04\/salut-habilita-que-les-farmacies-adherides-al-programa-tar-puguin-notificar-els-positius-obtinguts-per-tests-dantigens\/#breadcrumb\",\"itemListElement\":[{\"@type\":\"ListItem\",\"position\":1,\"name\":\"Inici\",\"item\":\"https:\/\/novaorg.cofb.net\/\"},{\"@type\":\"ListItem\",\"position\":2,\"name\":\"Salut habilita que les farm\u00e0cies adherides al Programa TAR puguin notificar els positius obtinguts per tests d&#8217;ant\u00edgens\"}]},{\"@type\":\"WebSite\",\"@id\":\"https:\/\/www.cofb.org\/#website\",\"url\":\"https:\/\/www.cofb.org\/\",\"name\":\"Col\u00b7legi de Farmac\u00e8utics de Barcelona\",\"description\":\"\",\"publisher\":{\"@id\":\"https:\/\/www.cofb.org\/#organization\"},\"potentialAction\":[{\"@type\":\"SearchAction\",\"target\":{\"@type\":\"EntryPoint\",\"urlTemplate\":\"https:\/\/www.cofb.org\/?s={search_term_string}\"},\"query-input\":\"required name=search_term_string\"}],\"inLanguage\":\"es\"},{\"@type\":\"Organization\",\"@id\":\"https:\/\/www.cofb.org\/#organization\",\"name\":\"Col\u00b7legi de Farmac\u00e8utics de Barcelona\",\"url\":\"https:\/\/www.cofb.org\/\",\"logo\":{\"@type\":\"ImageObject\",\"inLanguage\":\"es\",\"@id\":\"https:\/\/www.cofb.org\/#\/schema\/logo\/image\/\",\"url\":\"https:\/\/www.cofb.org\/wp-content\/uploads\/2023\/11\/cropped-Logotip-COFB.png\",\"contentUrl\":\"https:\/\/www.cofb.org\/wp-content\/uploads\/2023\/11\/cropped-Logotip-COFB.png\",\"width\":500,\"height\":105,\"caption\":\"Col\u00b7legi de Farmac\u00e8utics de Barcelona\"},\"image\":{\"@id\":\"https:\/\/www.cofb.org\/#\/schema\/logo\/image\/\"},\"sameAs\":[\"https:\/\/www.facebook.com\/farmaceuticsbcn\/\",\"https:\/\/twitter.com\/farmaceuticsbcn\",\"https:\/\/www.instagram.com\/farmaceuticsbcn\/\",\"https:\/\/www.linkedin.com\/company\/farmaceuticsbcn\/\"]},{\"@type\":\"Person\",\"@id\":\"https:\/\/www.cofb.org\/#\/schema\/person\/22ed7eea88da74b0fa4d3154ad87ffcb\",\"name\":\"wpAdminCofbOrg\",\"image\":{\"@type\":\"ImageObject\",\"inLanguage\":\"es\",\"@id\":\"https:\/\/www.cofb.org\/#\/schema\/person\/image\/\",\"url\":\"https:\/\/secure.gravatar.com\/avatar\/1721b20b3b8ca882c3b56ec6c978c594fff670e40c0718e9190eaeeb76aae7d8?s=96&d=mm&r=g\",\"contentUrl\":\"https:\/\/secure.gravatar.com\/avatar\/1721b20b3b8ca882c3b56ec6c978c594fff670e40c0718e9190eaeeb76aae7d8?s=96&d=mm&r=g\",\"caption\":\"wpAdminCofbOrg\"},\"sameAs\":[\"http:\/\/192.168.64.122\/wordpress\"],\"url\":\"https:\/\/www.cofb.org\/es\/author\/wpadmincofborg\/\"}]}<\/script>\n<!-- \/ Yoast SEO plugin. -->","yoast_head_json":{"title":"Salut habilita que les farm\u00e0cies adherides al Programa TAR puguin notificar els positius obtinguts per tests d'ant\u00edgens - Col\u00b7legi de Farmac\u00e8utics de Barcelona","description":"El Departament de Salut ha afegit una nova via perqu\u00e8 les persones que tinguin un resultat positiu de Covid-19 mitjan\u00e7ant un test d\u2019auto mostra el puguin notificar. Ho podran fer a trav\u00e9s de les farm\u00e0cies que ja estaven autoritzades per realitzar tests d\u2019ant\u00edgens supervisats.","robots":{"index":"index","follow":"follow","max-snippet":"max-snippet:-1","max-image-preview":"max-image-preview:large","max-video-preview":"max-video-preview:-1"},"canonical":"https:\/\/novaorg.cofb.net\/2022\/01\/04\/salut-habilita-que-les-farmacies-adherides-al-programa-tar-puguin-notificar-els-positius-obtinguts-per-tests-dantigens\/","og_locale":"es_ES","og_type":"article","og_title":"Salut habilita que les farm\u00e0cies adherides al Programa TAR puguin notificar els positius obtinguts per tests d'ant\u00edgens - Col\u00b7legi de Farmac\u00e8utics de Barcelona","og_description":"El Departament de Salut ha afegit una nova via perqu\u00e8 les persones que tinguin un resultat positiu de Covid-19 mitjan\u00e7ant un test d\u2019auto mostra el puguin notificar. Ho podran fer a trav\u00e9s de les farm\u00e0cies que ja estaven autoritzades per realitzar tests d\u2019ant\u00edgens supervisats.","og_url":"https:\/\/novaorg.cofb.net\/2022\/01\/04\/salut-habilita-que-les-farmacies-adherides-al-programa-tar-puguin-notificar-els-positius-obtinguts-per-tests-dantigens\/","og_site_name":"Col\u00b7legi de Farmac\u00e8utics de Barcelona","article_publisher":"https:\/\/www.facebook.com\/farmaceuticsbcn\/","article_published_time":"2022-01-04T13:31:56+00:00","article_modified_time":"2023-09-21T09:49:06+00:00","og_image":[{"width":1024,"height":768,"url":"https:\/\/novaorg.cofb.net\/wp-content\/uploads\/2023\/07\/Roda-de-premsa_Salut_CCFC.jpg","type":"image\/jpeg"}],"author":"wpAdminCofbOrg","twitter_card":"summary_large_image","twitter_creator":"@farmaceuticsbcn","twitter_site":"@farmaceuticsbcn","twitter_misc":{"Escrito por":"wpAdminCofbOrg","Tiempo de lectura":"4 minutos"},"schema":{"@context":"https:\/\/schema.org","@graph":[{"@type":"Article","@id":"https:\/\/novaorg.cofb.net\/2022\/01\/04\/salut-habilita-que-les-farmacies-adherides-al-programa-tar-puguin-notificar-els-positius-obtinguts-per-tests-dantigens\/#article","isPartOf":{"@id":"https:\/\/novaorg.cofb.net\/2022\/01\/04\/salut-habilita-que-les-farmacies-adherides-al-programa-tar-puguin-notificar-els-positius-obtinguts-per-tests-dantigens\/"},"author":{"name":"wpAdminCofbOrg","@id":"https:\/\/www.cofb.org\/#\/schema\/person\/22ed7eea88da74b0fa4d3154ad87ffcb"},"headline":"Salut habilita que les farm\u00e0cies adherides al Programa TAR puguin notificar els positius obtinguts per tests d&#8217;ant\u00edgens","datePublished":"2022-01-04T13:31:56+00:00","dateModified":"2023-09-21T09:49:06+00:00","mainEntityOfPage":{"@id":"https:\/\/novaorg.cofb.net\/2022\/01\/04\/salut-habilita-que-les-farmacies-adherides-al-programa-tar-puguin-notificar-els-positius-obtinguts-per-tests-dantigens\/"},"wordCount":828,"commentCount":0,"publisher":{"@id":"https:\/\/www.cofb.org\/#organization"},"image":{"@id":"https:\/\/novaorg.cofb.net\/2022\/01\/04\/salut-habilita-que-les-farmacies-adherides-al-programa-tar-puguin-notificar-els-positius-obtinguts-per-tests-dantigens\/#primaryimage"},"thumbnailUrl":"https:\/\/www.cofb.org\/wp-content\/uploads\/2023\/07\/Roda-de-premsa_Salut_CCFC.jpg","keywords":["ant\u00edgens","COFB","Col\u00b7legi de Farmac\u00e8utics de Barcelona","Consell de Col\u00b7legis Farmac\u00e8utics de Catalunya","farmac\u00e8utics","farmac\u00e8utics comunitaris","farm\u00e0cia comunit\u00e0ria","Formaci\u00f3","Oficina de farm\u00e0cia","test r\u00e0pids"],"articleSection":["Destacats","Not\u00edcies farm\u00e0cia"],"inLanguage":"es","potentialAction":[{"@type":"CommentAction","name":"Comment","target":["https:\/\/novaorg.cofb.net\/2022\/01\/04\/salut-habilita-que-les-farmacies-adherides-al-programa-tar-puguin-notificar-els-positius-obtinguts-per-tests-dantigens\/#respond"]}]},{"@type":"WebPage","@id":"https:\/\/novaorg.cofb.net\/2022\/01\/04\/salut-habilita-que-les-farmacies-adherides-al-programa-tar-puguin-notificar-els-positius-obtinguts-per-tests-dantigens\/","url":"https:\/\/novaorg.cofb.net\/2022\/01\/04\/salut-habilita-que-les-farmacies-adherides-al-programa-tar-puguin-notificar-els-positius-obtinguts-per-tests-dantigens\/","name":"Salut habilita que les farm\u00e0cies adherides al Programa TAR puguin notificar els positius obtinguts per tests d'ant\u00edgens - Col\u00b7legi de Farmac\u00e8utics de Barcelona","isPartOf":{"@id":"https:\/\/www.cofb.org\/#website"},"primaryImageOfPage":{"@id":"https:\/\/novaorg.cofb.net\/2022\/01\/04\/salut-habilita-que-les-farmacies-adherides-al-programa-tar-puguin-notificar-els-positius-obtinguts-per-tests-dantigens\/#primaryimage"},"image":{"@id":"https:\/\/novaorg.cofb.net\/2022\/01\/04\/salut-habilita-que-les-farmacies-adherides-al-programa-tar-puguin-notificar-els-positius-obtinguts-per-tests-dantigens\/#primaryimage"},"thumbnailUrl":"https:\/\/www.cofb.org\/wp-content\/uploads\/2023\/07\/Roda-de-premsa_Salut_CCFC.jpg","datePublished":"2022-01-04T13:31:56+00:00","dateModified":"2023-09-21T09:49:06+00:00","description":"El Departament de Salut ha afegit una nova via perqu\u00e8 les persones que tinguin un resultat positiu de Covid-19 mitjan\u00e7ant un test d\u2019auto mostra el puguin notificar. Ho podran fer a trav\u00e9s de les farm\u00e0cies que ja estaven autoritzades per realitzar tests d\u2019ant\u00edgens supervisats.","breadcrumb":{"@id":"https:\/\/novaorg.cofb.net\/2022\/01\/04\/salut-habilita-que-les-farmacies-adherides-al-programa-tar-puguin-notificar-els-positius-obtinguts-per-tests-dantigens\/#breadcrumb"},"inLanguage":"es","potentialAction":[{"@type":"ReadAction","target":["https:\/\/novaorg.cofb.net\/2022\/01\/04\/salut-habilita-que-les-farmacies-adherides-al-programa-tar-puguin-notificar-els-positius-obtinguts-per-tests-dantigens\/"]}]},{"@type":"ImageObject","inLanguage":"es","@id":"https:\/\/novaorg.cofb.net\/2022\/01\/04\/salut-habilita-que-les-farmacies-adherides-al-programa-tar-puguin-notificar-els-positius-obtinguts-per-tests-dantigens\/#primaryimage","url":"https:\/\/www.cofb.org\/wp-content\/uploads\/2023\/07\/Roda-de-premsa_Salut_CCFC.jpg","contentUrl":"https:\/\/www.cofb.org\/wp-content\/uploads\/2023\/07\/Roda-de-premsa_Salut_CCFC.jpg","width":1024,"height":768},{"@type":"BreadcrumbList","@id":"https:\/\/novaorg.cofb.net\/2022\/01\/04\/salut-habilita-que-les-farmacies-adherides-al-programa-tar-puguin-notificar-els-positius-obtinguts-per-tests-dantigens\/#breadcrumb","itemListElement":[{"@type":"ListItem","position":1,"name":"Inici","item":"https:\/\/novaorg.cofb.net\/"},{"@type":"ListItem","position":2,"name":"Salut habilita que les farm\u00e0cies adherides al Programa TAR puguin notificar els positius obtinguts per tests d&#8217;ant\u00edgens"}]},{"@type":"WebSite","@id":"https:\/\/www.cofb.org\/#website","url":"https:\/\/www.cofb.org\/","name":"Col\u00b7legi de Farmac\u00e8utics de Barcelona","description":"","publisher":{"@id":"https:\/\/www.cofb.org\/#organization"},"potentialAction":[{"@type":"SearchAction","target":{"@type":"EntryPoint","urlTemplate":"https:\/\/www.cofb.org\/?s={search_term_string}"},"query-input":"required name=search_term_string"}],"inLanguage":"es"},{"@type":"Organization","@id":"https:\/\/www.cofb.org\/#organization","name":"Col\u00b7legi de Farmac\u00e8utics de Barcelona","url":"https:\/\/www.cofb.org\/","logo":{"@type":"ImageObject","inLanguage":"es","@id":"https:\/\/www.cofb.org\/#\/schema\/logo\/image\/","url":"https:\/\/www.cofb.org\/wp-content\/uploads\/2023\/11\/cropped-Logotip-COFB.png","contentUrl":"https:\/\/www.cofb.org\/wp-content\/uploads\/2023\/11\/cropped-Logotip-COFB.png","width":500,"height":105,"caption":"Col\u00b7legi de Farmac\u00e8utics de Barcelona"},"image":{"@id":"https:\/\/www.cofb.org\/#\/schema\/logo\/image\/"},"sameAs":["https:\/\/www.facebook.com\/farmaceuticsbcn\/","https:\/\/twitter.com\/farmaceuticsbcn","https:\/\/www.instagram.com\/farmaceuticsbcn\/","https:\/\/www.linkedin.com\/company\/farmaceuticsbcn\/"]},{"@type":"Person","@id":"https:\/\/www.cofb.org\/#\/schema\/person\/22ed7eea88da74b0fa4d3154ad87ffcb","name":"wpAdminCofbOrg","image":{"@type":"ImageObject","inLanguage":"es","@id":"https:\/\/www.cofb.org\/#\/schema\/person\/image\/","url":"https:\/\/secure.gravatar.com\/avatar\/1721b20b3b8ca882c3b56ec6c978c594fff670e40c0718e9190eaeeb76aae7d8?s=96&d=mm&r=g","contentUrl":"https:\/\/secure.gravatar.com\/avatar\/1721b20b3b8ca882c3b56ec6c978c594fff670e40c0718e9190eaeeb76aae7d8?s=96&d=mm&r=g","caption":"wpAdminCofbOrg"},"sameAs":["http:\/\/192.168.64.122\/wordpress"],"url":"https:\/\/www.cofb.org\/es\/author\/wpadmincofborg\/"}]}},"uagb_featured_image_src":{"full":["https:\/\/www.cofb.org\/wp-content\/uploads\/2023\/07\/Roda-de-premsa_Salut_CCFC.jpg",1024,768,false],"thumbnail":["https:\/\/www.cofb.org\/wp-content\/uploads\/2023\/07\/Roda-de-premsa_Salut_CCFC-150x150.jpg",150,150,true],"medium":["https:\/\/www.cofb.org\/wp-content\/uploads\/2023\/07\/Roda-de-premsa_Salut_CCFC-300x225.jpg",300,225,true],"medium_large":["https:\/\/www.cofb.org\/wp-content\/uploads\/2023\/07\/Roda-de-premsa_Salut_CCFC-768x576.jpg",768,576,true],"large":["https:\/\/www.cofb.org\/wp-content\/uploads\/2023\/07\/Roda-de-premsa_Salut_CCFC.jpg",1024,768,false],"1536x1536":["https:\/\/www.cofb.org\/wp-content\/uploads\/2023\/07\/Roda-de-premsa_Salut_CCFC.jpg",1024,768,false],"2048x2048":["https:\/\/www.cofb.org\/wp-content\/uploads\/2023\/07\/Roda-de-premsa_Salut_CCFC.jpg",1024,768,false],"trp-custom-language-flag":["https:\/\/www.cofb.org\/wp-content\/uploads\/2023\/07\/Roda-de-premsa_Salut_CCFC.jpg",16,12,false]},"uagb_author_info":{"display_name":"wpAdminCofbOrg","author_link":"https:\/\/www.cofb.org\/es\/author\/wpadmincofborg\/"},"uagb_comment_info":0,"uagb_excerpt":"El Departament de Salut ha afegit una nova via perqu\u00e8 les persones que tinguin un resultat positiu de Covid-19 mitjan\u00e7ant un test d\u2019auto mostra el puguin notificar al sistema de salut. Ho podran fer a trav\u00e9s de les farm\u00e0cies que ja estaven autoritzades per realitzar tests d\u2019ant\u00edgens supervisats. A partir [&hellip;]","_links":{"self":[{"href":"https:\/\/www.cofb.org\/es\/wp-json\/wp\/v2\/posts\/59610","targetHints":{"allow":["GET"]}}],"collection":[{"href":"https:\/\/www.cofb.org\/es\/wp-json\/wp\/v2\/posts"}],"about":[{"href":"https:\/\/www.cofb.org\/es\/wp-json\/wp\/v2\/types\/post"}],"author":[{"embeddable":true,"href":"https:\/\/www.cofb.org\/es\/wp-json\/wp\/v2\/users\/1"}],"replies":[{"embeddable":true,"href":"https:\/\/www.cofb.org\/es\/wp-json\/wp\/v2\/comments?post=59610"}],"version-history":[{"count":2,"href":"https:\/\/www.cofb.org\/es\/wp-json\/wp\/v2\/posts\/59610\/revisions"}],"predecessor-version":[{"id":68766,"href":"https:\/\/www.cofb.org\/es\/wp-json\/wp\/v2\/posts\/59610\/revisions\/68766"}],"wp:featuredmedia":[{"embeddable":true,"href":"https:\/\/www.cofb.org\/es\/wp-json\/wp\/v2\/media\/68002"}],"wp:attachment":[{"href":"https:\/\/www.cofb.org\/es\/wp-json\/wp\/v2\/media?parent=59610"}],"wp:term":[{"taxonomy":"category","embeddable":true,"href":"https:\/\/www.cofb.org\/es\/wp-json\/wp\/v2\/categories?post=59610"},{"taxonomy":"post_tag","embeddable":true,"href":"https:\/\/www.cofb.org\/es\/wp-json\/wp\/v2\/tags?post=59610"}],"curies":[{"name":"wp","href":"https:\/\/api.w.org\/{rel}","templated":true}]}}