{"id":59029,"date":"2021-12-14T17:43:11","date_gmt":"2021-12-14T15:43:11","guid":{"rendered":"https:\/\/blog.cofb.cat\/?p=59029"},"modified":"2024-04-05T10:34:37","modified_gmt":"2024-04-05T10:34:37","slug":"farmaceutics-hospitalaris-sactualitzen-en-oncologia-hematologica-al-cofb","status":"publish","type":"post","link":"https:\/\/www.cofb.org\/es\/2021\/12\/14\/farmaceutics-hospitalaris-sactualitzen-en-oncologia-hematologica-al-cofb\/","title":{"rendered":"Farmac\u00e9uticos hospitalarios se actualizan en oncolog\u00eda hematol\u00f3gica en el COFB"},"content":{"rendered":"<p>Durante los meses de noviembre y diciembre tuvo lugar la formaci\u00f3n <strong>&quot;Actualizaci\u00f3n en Oncolog\u00eda Hematol\u00f3gica&quot; <\/strong>dirigida a <strong>farmac\u00e9uticos hospitalarios<\/strong>. Organizado por el Colegio de Farmac\u00e9uticos de Barcelona (COFB), junto con la Sociedad Catalana de Farmacia Cl\u00ednica (SCFC), el curso const\u00f3 de una sesi\u00f3n semanal durante 5 semanas y cont\u00f3 con el patrocinio de <a href=\"https:\/\/www.janssen.com\/es\">Janssen<\/a> y la colaboraci\u00f3n de<a href=\"https:\/\/www.astellas.com\/es\/\">Astellas Pharma<\/a>.<\/p>\n\n\n\n<h2 class=\"wp-block-heading\"><strong>Abordaje transversal y multidisciplinar con expertos de reconocida trayectoria<\/strong><\/h2>\n\n\n\n<p>La formaci\u00f3n se plante\u00f3 desde una <strong>perspectiva multidisciplinar<\/strong>, ya que entre los ponentes hab\u00eda m\u00e9dicos, psic\u00f3logos y farmac\u00e9uticos, todos ellos de <strong>reconocida trayectoria <\/strong>y con una <strong>amplia experiencia<\/strong> dentro de su \u00e1mbito. <\/p>\n\n\n\n<figure class=\"wp-block-image size-large is-resized\"><img fetchpriority=\"high\" decoding=\"async\" src=\"https:\/\/blog.cofb.cat\/wp-content\/uploads\/2021\/12\/COFB-Oncologia-Hematologica-04112021_1-1024x196.png\" alt=\"D'esquerra a dreta: Dr. Albert Alt\u00e9s; Dra. Ana Mar\u00edn i Dr. Carlos Fern\u00e1ndez de Larrea.\" class=\"wp-image-59132\" width=\"840\" height=\"160\" title=\"De izquierda a derecha: dr. Albert Alt\u00e9s; Dra. Ana Mar\u00edn y dr. Carlos Fern\u00e1ndez de Larrea.\"\/><figcaption>De izquierda a derecha: dr. Albert Alt\u00e9s; Dra. Ana Mar\u00edn y dr. Carlos Fern\u00e1ndez de Larrea.<\/figcaption><\/figure>\n\n\n\n<p>La<strong>oncolog\u00eda hematol\u00f3gica<\/strong> se abord\u00f3 desde el <strong>punto de vista terap\u00e9utico<\/strong> (gesti\u00f3n y tratamiento de los c\u00e1nceres hematol\u00f3gicos), <strong>psicol\u00f3gico<\/strong> (apoyo emocional en el tratamiento activo) y <strong>farmac\u00e9utico <\/strong>(educaci\u00f3n sanitaria del paciente en la era de los tratamientos orales). Dentro del primer blog,<strong> Albert Alt\u00e9s<\/strong>, jefe del servicio de Hematolog\u00eda de Althaia y presidente de la Sociedad Catalana de Hematolog\u00eda, abord\u00f3 la <strong>leucemia linfoc\u00edtica cr\u00f3nica<\/strong>; <strong>Ana Mar\u00edn<\/strong>, de la unidad de linfomas del Servicio de Hematolog\u00eda del Hospital Vall d&#039;Hebron, trat\u00f3 el <strong>linfoma de las c\u00e9lulas del manto<\/strong>; y <strong>Carlos Fern\u00e1ndez de Larrera<\/strong>, consultor de la unidad de mieloma y amiloidosis del Servicio de Hematolog\u00eda del Hospital Cl\u00ednic de Barcelona, abord\u00f3 la <strong>enfermedad de Waldenstr\u00f6m<\/strong>. Por otra parte, <strong>Mercedes Gironella<\/strong>, de la unidad de gammapat\u00edas monoclonales del Servicio de Hematolog\u00eda del Hospital Vall d&#039;Hebron, profundiz\u00f3 en el<strong> mieloma m\u00faltiple<\/strong>; y <strong>Ana Garrido<\/strong>, m\u00e9dica adjunta de guardias de Hematolog\u00eda Cl\u00ednica del Servicio de Hematolog\u00eda del Hospital Sant Pau, se centr\u00f3 en la <strong>leucemia mieloide aguda<\/strong>.<\/p>\n\n\n\n<figure class=\"wp-block-image size-full\"><img decoding=\"async\" src=\"https:\/\/blog.cofb.cat\/wp-content\/uploads\/2021\/12\/COFB-Oncologia-Hematologica-04112021_2.png\" alt=\"Primera fila, d'esquerra a dreta: La Dra. Mercedes Gironella i la psic\u00f2loga Judit L\u00f3pez. Segona fila, d'esquerra a dreta: La Dra. Ana Garrido i la farmac\u00e8utica Estela Moreno. \" class=\"wp-image-59133\" title=\"Primera fila, de izquierda a derecha: La Dra. Mercedes Gironella y la psic\u00f3loga Judit L\u00f3pez. Segunda fila, de izquierda a derecha: La Dra. Ana Garrido y la farmac\u00e9utica Estela Moreno. \"\/><figcaption>Primera fila, de izquierda a derecha: La Dra. Mercedes Gironella y la psic\u00f3loga Judit L\u00f3pez. Segunda fila, de izquierda a derecha: La Dra. Ana Garrido y la farmac\u00e9utica Estela Moreno. <\/figcaption><\/figure>\n\n\n\n<p>Asimismo, la <strong>psic\u00f3loga Judit L\u00f3pez<\/strong>, experta en tratamientos psicoemocionales a pacientes oncol\u00f3gicos, se centr\u00f3 en la importancia del <strong>apoyo emocional en el tratamiento activo<\/strong>. Por \u00faltimo, desde el<strong>\u00e1mbito farmac\u00e9utico<\/strong>, <strong>Estela Moreno<\/strong>, farmac\u00e9utica del Hospital Sant Pau y coordinadora del grupo de farmacia oncol\u00f3gica de la Sociedad Espa\u00f1ola de Farmacia Hospitalaria, profundiz\u00f3 en los aspectos clave en el<strong>educaci\u00f3n del paciente<\/strong> en la era de los <strong>tratamientos orales<\/strong>.<\/p>\n\n\n\n<h2 class=\"wp-block-heading\"><strong>Aspectos m\u00e1s relevantes tratados durante el curso<\/strong><\/h2>\n\n\n\n<p>Se realiz\u00f3 una revisi\u00f3n de cada una de las cinco patolog\u00edas, y de las opciones de tratamiento actual y futuras.<\/p>\n\n\n\n<h3 class=\"wp-block-heading\"><strong>Gesti\u00f3n y tratamiento de los c\u00e1nceres hematol\u00f3gicos<\/strong><\/h3>\n\n\n\n<h4 class=\"wp-block-heading\"><strong>Leucemia Linfoc\u00edtica Cr\u00f3nica<\/strong><\/h4>\n\n\n\n<p>En esta patolog\u00eda, la incorporaci\u00f3n de los inhibidores de la tirosina de Bruton y otras combinaciones sin citot\u00f3xicos han cambiado el pron\u00f3stico y mejorado la calidad de vida de los pacientes.<\/p>\n\n\n\n<h4 class=\"wp-block-heading\"><strong>Linfoma del manto<\/strong><\/h4>\n\n\n\n<p>Sobre esta patolog\u00eda est\u00e1 existiendo mucha investigaci\u00f3n y tenemos nuevas dianas para cambiar el pron\u00f3stico y con mejor perfil de efectos secundarios.<\/p>\n\n\n\n<h4 class=\"wp-block-heading\"><strong>Enfermedad de Waldenstr\u00f6m<\/strong><\/h4>\n\n\n\n<p>Es una patolog\u00eda menos frecuente, pero importante, donde tambi\u00e9n los inhibidores de la tirosina de Bruton se han convertido en una importante incorporaci\u00f3n al arsenal terap\u00e9utico.<\/p>\n\n\n\n<h4 class=\"wp-block-heading\"><strong>Mieloma m\u00faltiple<\/strong><\/h4>\n\n\n\n<p>Nuevas combinaciones con nuevas dianas est\u00e1n recientemente aprobadas y comporta un cambio de secuencias de tratamiento del mieloma m\u00faltiple. Las terapias celulares con CAR-T desempe\u00f1an tambi\u00e9n su papel en enfermedad refractaria.<\/p>\n\n\n\n<h4 class=\"wp-block-heading\"><strong>Leucemia mieloide aguda<\/strong><\/h4>\n\n\n\n<p>Los inhibidores de FLT3, IDH, Bcl-2 y Plk son las principales novedades en terapia dirigida. La inmunoterapia tambi\u00e9n desempe\u00f1a su papel en enfermedad refractaria.<\/p>\n\n\n\n<p> <div class=\"destacat-blog\"><\/p>\n\n\n\n<h2 class=\"wp-block-heading\"><strong>La importancia de la formaci\u00f3n en oncolog\u00eda hematol\u00f3gica<\/strong><\/h2>\n\n\n\n<p>En los \u00faltimos a\u00f1os, se han producido <strong>novedades terap\u00e9uticas<\/strong> en los tratamientos contra c\u00e1nceres relacionados con la sangre y se han aplicado nuevas estrategias a los pacientes. El<strong>envejecimiento de la poblaci\u00f3n<\/strong> y una presencia m\u00e1s acusada de este tipo de c\u00e1nceres en el <strong>paciente anciano fr\u00e1gil<\/strong> a\u00f1ade complejidad a la gesti\u00f3n.<\/p>\n\n\n\n<figure class=\"wp-block-image size-large\"><img decoding=\"async\" src=\"https:\/\/blog.cofb.cat\/wp-content\/uploads\/2021\/12\/Oncologia-Hematologica.PNG-1024x575.png\" alt=\"\" class=\"wp-image-59122\"\/><\/figure>\n\n\n\n<p>En este sentido, <strong>David Conde<\/strong>, vocal de Hospitales del Colegio de Farmac\u00e9uticos de Barcelona, explic\u00f3 que \u201cen los \u00faltimos a\u00f1os hemos asistido a <strong>novedades en diferentes patolog\u00edas hematol\u00f3gicas<\/strong>, con <strong>nuevos abordajes <\/strong>tratamientos sist\u00e9micos que, consecuentemente, han cambiado el curso cl\u00ednico de diferentes enfermedades\u201d. \u201cDebido al aumento de <strong>nuevas mol\u00e9culas disponibles<\/strong>, es imprescindible ponerlas en contexto y conocer c\u00f3mo se integran en los protocolos farmacoterap\u00e9uticos de estas patolog\u00edas neopl\u00e1sicas\u201d, detall\u00f3.<\/p>\n\n\n\n<p>Expertos en cada una de las patolog\u00edas ilustraron el <strong>panorama actual en la pr\u00e1ctica cl\u00ednica<\/strong>, haciendo \u00e9nfasis en la <strong>implicaci\u00f3n del farmac\u00e9utico<\/strong>. <\/p>\n\n\n\n<p><\/div><\/p>\n\n\n\n<h3 class=\"wp-block-heading\"><strong>Aspectos clave en la educaci\u00f3n del paciente en la era de los tratamientos orales<\/strong><\/h3>\n\n\n\n<p>Dentro de este blog, la farmac\u00e9utica Estela Moreno hizo una <strong>revisi\u00f3n del papel del farmac\u00e9utico\/a <\/strong>hacia los <strong>nuevos tratamientos hematol\u00f3gicos<\/strong>, la mayor\u00eda de los cuales son orales. Seg\u00fan Conde, \u201ces importante <strong>dedicar tiempo<\/strong> en el<strong>educaci\u00f3n sanitaria del paciente<\/strong> -para que se tome correctamente la medicaci\u00f3n-, en la <strong>revisi\u00f3n de interacciones<\/strong> con la medicaci\u00f3n concomitante y medicina alternativa; y al seguimiento de efectos secundarios. La <strong>comunicaci\u00f3n<\/strong> entre todos los profesionales sanitarios es fundamental\u201d.<\/p>\n\n\n\n<h3 class=\"wp-block-heading\"><strong>Importancia del soporte emocional durante el tratamiento activo<\/strong><\/h3>\n\n\n\n<p>Por lo que respecta al \u00e1mbito emocional, la psic\u00f3loga Judit L\u00f3pez Freixa abord\u00f3 la importancia del apoyo emocional en el tratamiento activo. Desde el punto de vista de Conde, \u201cdesde el <strong>diagn\u00f3stico<\/strong>, hay muchos <strong>impactos a nivel emocional<\/strong> que, a menudo, no se consideran. El<strong>abordaje emocional <\/strong>con <strong>escucha activa<\/strong> e intentando acercarse al paciente son cruciales tambi\u00e9n para motivar al paciente a iniciar o seguir el tratamiento hematoespec\u00edfico. Muchas barreras deben romperse para consolidar el v\u00ednculo profesional-paciente\u201d.<\/p>\n\n\n\n<p><\/p>\n\n\n\n<div class=\"box note\"><\/div>\n\n\n\n<h2 class=\"wp-block-heading\"><strong>Valoraci\u00f3n de David Conde, vocal de Hospitales del COFB<\/strong><\/h2>\n\n\n\n<p>Seg\u00fan David Conde, vocal de Hospitales del COFB, el curso fue \u201cun <strong>\u00e9xito <\/strong>de<strong>asistencia<\/strong>\u201c. Se repasaron, hoy en d\u00eda, \u201clos <strong>esquemas de tratamiento<\/strong> recomendados en <strong>patolog\u00edas hematol\u00f3gicas<\/strong> c\u00f3mo son la <strong>leucemia linfoc\u00edtica cr\u00f3nica<\/strong>, <strong>linfoma del manto<\/strong>,<strong> enfermedad de Waldestr\u00f6m<\/strong>, <strong>mieloma m\u00faltiple<\/strong> y <strong>leucemia mieloide aguda<\/strong>&#8220;.<\/p>\n\n\n\n<figure class=\"wp-block-image size-full\"><img decoding=\"async\" src=\"https:\/\/blog.cofb.cat\/wp-content\/uploads\/2021\/12\/COFB-Oncologia-Hematologica-04112021_3.png\" alt=\"David Conde, vocal d'Hospitals del COFB. \" class=\"wp-image-59135\" title=\"David Conde, vocal de Hospitales del COFB. \"\/><figcaption>David Conde, vocal de Hospitales del COFB. <\/figcaption><\/figure>\n\n\n\n<p>En estas patolog\u00edas, \u201chemos tenido <strong>avances muy importantes<\/strong> en los \u00faltimos tiempos, que hacen necesaria la<strong>actualizaci\u00f3n<\/strong>. Ponentes expertos nos han hecho una degustaci\u00f3n de las futuras terapias prometedoras\u201d. Para finalizar, \u201chemos tenido dos sesiones sobre<strong> apoyo emocional <\/strong>y el <strong>papel del farmac\u00e9utico cl\u00ednic<\/strong> hacia estos tratamientos. Dado que la mayor\u00eda son por v\u00eda oral, es fundamental <strong>conectar emocionalmente con los pacientes<\/strong> y una <strong>buena educaci\u00f3n por parte de farmacia<\/strong>, para cumplir los <strong>objetivos terap\u00e9uticos<\/strong>&#8220;.<\/p>\n\n\n\n<p><\/div><\/p>\n\n\n\n<p class=\"has-text-align-right\">                                                                                                                             <\/p>\n\n\n\n<p class=\"has-text-align-right\">                                                                                                                                                             <strong>Con el patrocinio de:<\/strong><\/p>\n\n\n\n<div class=\"wp-block-image\"><figure class=\"alignright size-full\"><a href=\"https:\/\/www.janssen.com\/es\"><img decoding=\"async\" src=\"https:\/\/blog.cofb.cat\/wp-content\/uploads\/2021\/12\/image.png\" alt=\"\" class=\"wp-image-59031\"\/><\/a><\/figure><\/div>\n\n\n\n<p><\/p>\n\n\n\n<p><\/p>\n\n\n\n<p class=\"has-text-align-right\"> <\/p>\n\n\n\n<p class=\"has-text-align-right\"><strong>Con la colaboraci\u00f3n de<a href=\"https:\/\/www.astellas.com\/es\/\" target=\"_blank\" rel=\"noreferrer noopener\">&#039;Astellas Pharma<\/a>.<\/strong><\/p>\n\n\n\n<p><strong>Otras publicaciones de inter\u00e9s:<\/strong><\/p>\n\n\n\n<ul class=\"wp-block-list\"><li><a href=\"https:\/\/blog.cofb.cat\/actualitzacio-en-el-tractament-del-cancer-de-prostata-nova-formacio-al-cofb-adrecada-a-farmaceutics-hospitalaris-i-datencio-primaria\/\" target=\"_blank\" rel=\"noreferrer noopener\">Actualizaci\u00f3n en el tratamiento del c\u00e1ncer de pr\u00f3stata. Nueva formaci\u00f3n en el COFB dirigida a farmac\u00e9uticos hospitalarios y de Atenci\u00f3n Primaria (Noviembre 2021) <\/a><\/li><li><a href=\"https:\/\/blog.cofb.cat\/cancer-de-prostata-la-farmacia-comunitaria-clau-per-transmetre-informacio-verac\/\" target=\"_blank\" rel=\"noreferrer noopener\">C\u00e1ncer de pr\u00f3stata: la farmacia comunitaria, clave para transmitir informaci\u00f3n veraz (Diciembre 2021)<\/a> <\/li><li><a href=\"https:\/\/blog.cofb.cat\/farmaceutics-dhospital-datencio-primaria-aprofundeixen-immunoterapia-paper-que-juga-loncologia-personalitzada\/\" target=\"_blank\" rel=\"noreferrer noopener\">Farmac\u00e9uticos de Hospital y de Atenci\u00f3n Primaria profundizan en la inmunoterapia y el papel que juega en la oncolog\u00eda personalizada (Diciembre 2020)<\/a><\/li><\/ul>\n\n\n\n<p><\/p>","protected":false},"excerpt":{"rendered":"<p>Durante los meses de noviembre y diciembre tuvo lugar la formaci\u00f3n &quot;Actualizaci\u00f3n en Oncolog\u00eda Hematol\u00f3gica&quot; dirigida a farmac\u00e9uticos hospitalarios. Organizado por el Colegio de Farmac\u00e9uticos de Barcelona (COFB), junto con la Sociedad Catalana de Farmacia Cl\u00ednica (SCFC), el curso const\u00f3 de una sesi\u00f3n semanal durante 5 semanas y cont\u00f3 [\u2026]<\/p>","protected":false},"author":1,"featured_media":78063,"comment_status":"open","ping_status":"open","sticky":false,"template":"","format":"standard","meta":{"_uag_custom_page_level_css":"","site-sidebar-layout":"default","site-content-layout":"","ast-site-content-layout":"default","site-content-style":"default","site-sidebar-style":"default","ast-global-header-display":"","ast-banner-title-visibility":"","ast-main-header-display":"","ast-hfb-above-header-display":"","ast-hfb-below-header-display":"","ast-hfb-mobile-header-display":"","site-post-title":"","ast-breadcrumbs-content":"","ast-featured-img":"disabled","footer-sml-layout":"","theme-transparent-header-meta":"","adv-header-id-meta":"","stick-header-meta":"","header-above-stick-meta":"","header-main-stick-meta":"","header-below-stick-meta":"","astra-migrate-meta-layouts":"set","ast-page-background-enabled":"default","ast-page-background-meta":{"desktop":{"background-color":"var(--ast-global-color-4)","background-image":"","background-repeat":"repeat","background-position":"center center","background-size":"auto","background-attachment":"scroll","background-type":"","background-media":"","overlay-type":"","overlay-color":"","overlay-opacity":"","overlay-gradient":""},"tablet":{"background-color":"","background-image":"","background-repeat":"repeat","background-position":"center center","background-size":"auto","background-attachment":"scroll","background-type":"","background-media":"","overlay-type":"","overlay-color":"","overlay-opacity":"","overlay-gradient":""},"mobile":{"background-color":"","background-image":"","background-repeat":"repeat","background-position":"center center","background-size":"auto","background-attachment":"scroll","background-type":"","background-media":"","overlay-type":"","overlay-color":"","overlay-opacity":"","overlay-gradient":""}},"ast-content-background-meta":{"desktop":{"background-color":"var(--ast-global-color-5)","background-image":"","background-repeat":"repeat","background-position":"center center","background-size":"auto","background-attachment":"scroll","background-type":"","background-media":"","overlay-type":"","overlay-color":"","overlay-opacity":"","overlay-gradient":""},"tablet":{"background-color":"var(--ast-global-color-5)","background-image":"","background-repeat":"repeat","background-position":"center center","background-size":"auto","background-attachment":"scroll","background-type":"","background-media":"","overlay-type":"","overlay-color":"","overlay-opacity":"","overlay-gradient":""},"mobile":{"background-color":"var(--ast-global-color-5)","background-image":"","background-repeat":"repeat","background-position":"center center","background-size":"auto","background-attachment":"scroll","background-type":"","background-media":"","overlay-type":"","overlay-color":"","overlay-opacity":"","overlay-gradient":""}},"footnotes":""},"categories":[23,57],"tags":[467,18,19,53,68,69,70],"class_list":["post-59029","post","type-post","status-publish","format-standard","has-post-thumbnail","hentry","category-destacats","category-mon-collegial","tag-activitats-formatives","tag-cofb","tag-collegi-de-farmaceutics-de-barcelona","tag-farmaceutics","tag-farmacia","tag-farmacia-comunitaria","tag-formacio"],"yoast_head":"<!-- This site is optimized with the Yoast SEO plugin v22.4 - https:\/\/yoast.com\/wordpress\/plugins\/seo\/ -->\n<title>Farmac\u00e8utics hospitalaris s&#039;actualitzen en oncologia hematol\u00f2gica al COFB - Col\u00b7legi de Farmac\u00e8utics de Barcelona<\/title>\n<meta name=\"description\" content=\"Durant els mesos de novembre i desembre va tenir lloc la formaci\u00f3 &quot;Actualitzaci\u00f3 en Oncologia Hematol\u00f2gica&quot; dirigida a farmac\u00e8utics hospitalaris. Organitzat pel Col\u00b7legi de Farmac\u00e8utics de Barcelona (COFB), juntament amb la Societat Catalana de Farm\u00e0cia Cl\u00ednica (SCFC), el curs va constar d&#039;una sessi\u00f3 setmanal durant 5 setmanes i va comptar amb el patrocini de Janssen i la col\u00b7laboraci\u00f3 d&#039;Astellas Pharma.\" \/>\n<meta name=\"robots\" content=\"index, follow, max-snippet:-1, max-image-preview:large, max-video-preview:-1\" \/>\n<link rel=\"canonical\" href=\"https:\/\/novaorg.cofb.net\/2021\/12\/14\/farmaceutics-hospitalaris-sactualitzen-en-oncologia-hematologica-al-cofb\/\" \/>\n<meta property=\"og:locale\" content=\"es_ES\" \/>\n<meta property=\"og:type\" content=\"article\" \/>\n<meta property=\"og:title\" content=\"Farmac\u00e8utics hospitalaris s&#039;actualitzen en oncologia hematol\u00f2gica al COFB - Col\u00b7legi de Farmac\u00e8utics de Barcelona\" \/>\n<meta property=\"og:description\" content=\"Durant els mesos de novembre i desembre va tenir lloc la formaci\u00f3 &quot;Actualitzaci\u00f3 en Oncologia Hematol\u00f2gica&quot; dirigida a farmac\u00e8utics hospitalaris. Organitzat pel Col\u00b7legi de Farmac\u00e8utics de Barcelona (COFB), juntament amb la Societat Catalana de Farm\u00e0cia Cl\u00ednica (SCFC), el curs va constar d&#039;una sessi\u00f3 setmanal durant 5 setmanes i va comptar amb el patrocini de Janssen i la col\u00b7laboraci\u00f3 d&#039;Astellas Pharma.\" \/>\n<meta property=\"og:url\" content=\"https:\/\/novaorg.cofb.net\/2021\/12\/14\/farmaceutics-hospitalaris-sactualitzen-en-oncologia-hematologica-al-cofb\/\" \/>\n<meta property=\"og:site_name\" content=\"Col\u00b7legi de Farmac\u00e8utics de Barcelona\" \/>\n<meta property=\"article:publisher\" content=\"https:\/\/www.facebook.com\/farmaceuticsbcn\/\" \/>\n<meta property=\"article:published_time\" content=\"2021-12-14T15:43:11+00:00\" \/>\n<meta property=\"article:modified_time\" content=\"2024-04-05T10:34:37+00:00\" \/>\n<meta property=\"og:image\" content=\"https:\/\/novaorg.cofb.net\/wp-content\/uploads\/2024\/04\/Oncologia-Hematologica.PNG-1024x575-1.png\" \/>\n\t<meta property=\"og:image:width\" content=\"1024\" \/>\n\t<meta property=\"og:image:height\" content=\"575\" \/>\n\t<meta property=\"og:image:type\" content=\"image\/png\" \/>\n<meta name=\"author\" content=\"wpAdminCofbOrg\" \/>\n<meta name=\"twitter:card\" content=\"summary_large_image\" \/>\n<meta name=\"twitter:creator\" content=\"@farmaceuticsbcn\" \/>\n<meta name=\"twitter:site\" content=\"@farmaceuticsbcn\" \/>\n<meta name=\"twitter:label1\" content=\"Escrito por\" \/>\n\t<meta name=\"twitter:data1\" content=\"wpAdminCofbOrg\" \/>\n\t<meta name=\"twitter:label2\" content=\"Tiempo de lectura\" \/>\n\t<meta name=\"twitter:data2\" content=\"7 minutos\" \/>\n<script type=\"application\/ld+json\" class=\"yoast-schema-graph\">{\"@context\":\"https:\/\/schema.org\",\"@graph\":[{\"@type\":\"Article\",\"@id\":\"https:\/\/novaorg.cofb.net\/2021\/12\/14\/farmaceutics-hospitalaris-sactualitzen-en-oncologia-hematologica-al-cofb\/#article\",\"isPartOf\":{\"@id\":\"https:\/\/novaorg.cofb.net\/2021\/12\/14\/farmaceutics-hospitalaris-sactualitzen-en-oncologia-hematologica-al-cofb\/\"},\"author\":{\"name\":\"wpAdminCofbOrg\",\"@id\":\"https:\/\/www.cofb.org\/#\/schema\/person\/22ed7eea88da74b0fa4d3154ad87ffcb\"},\"headline\":\"Farmac\u00e8utics hospitalaris s&#8217;actualitzen en oncologia hematol\u00f2gica al COFB\",\"datePublished\":\"2021-12-14T15:43:11+00:00\",\"dateModified\":\"2024-04-05T10:34:37+00:00\",\"mainEntityOfPage\":{\"@id\":\"https:\/\/novaorg.cofb.net\/2021\/12\/14\/farmaceutics-hospitalaris-sactualitzen-en-oncologia-hematologica-al-cofb\/\"},\"wordCount\":1266,\"commentCount\":0,\"publisher\":{\"@id\":\"https:\/\/www.cofb.org\/#organization\"},\"image\":{\"@id\":\"https:\/\/novaorg.cofb.net\/2021\/12\/14\/farmaceutics-hospitalaris-sactualitzen-en-oncologia-hematologica-al-cofb\/#primaryimage\"},\"thumbnailUrl\":\"https:\/\/www.cofb.org\/wp-content\/uploads\/2024\/04\/Oncologia-Hematologica.PNG-1024x575-1.png\",\"keywords\":[\"activitats formatives\",\"COFB\",\"Col\u00b7legi de Farmac\u00e8utics de Barcelona\",\"farmac\u00e8utics\",\"Farm\u00e0cia\",\"farm\u00e0cia comunit\u00e0ria\",\"Formaci\u00f3\"],\"articleSection\":[\"Destacats\",\"M\u00f3n col\u00b7legial\"],\"inLanguage\":\"es\",\"potentialAction\":[{\"@type\":\"CommentAction\",\"name\":\"Comment\",\"target\":[\"https:\/\/novaorg.cofb.net\/2021\/12\/14\/farmaceutics-hospitalaris-sactualitzen-en-oncologia-hematologica-al-cofb\/#respond\"]}]},{\"@type\":\"WebPage\",\"@id\":\"https:\/\/novaorg.cofb.net\/2021\/12\/14\/farmaceutics-hospitalaris-sactualitzen-en-oncologia-hematologica-al-cofb\/\",\"url\":\"https:\/\/novaorg.cofb.net\/2021\/12\/14\/farmaceutics-hospitalaris-sactualitzen-en-oncologia-hematologica-al-cofb\/\",\"name\":\"Farmac\u00e8utics hospitalaris s'actualitzen en oncologia hematol\u00f2gica al COFB - Col\u00b7legi de Farmac\u00e8utics de Barcelona\",\"isPartOf\":{\"@id\":\"https:\/\/www.cofb.org\/#website\"},\"primaryImageOfPage\":{\"@id\":\"https:\/\/novaorg.cofb.net\/2021\/12\/14\/farmaceutics-hospitalaris-sactualitzen-en-oncologia-hematologica-al-cofb\/#primaryimage\"},\"image\":{\"@id\":\"https:\/\/novaorg.cofb.net\/2021\/12\/14\/farmaceutics-hospitalaris-sactualitzen-en-oncologia-hematologica-al-cofb\/#primaryimage\"},\"thumbnailUrl\":\"https:\/\/www.cofb.org\/wp-content\/uploads\/2024\/04\/Oncologia-Hematologica.PNG-1024x575-1.png\",\"datePublished\":\"2021-12-14T15:43:11+00:00\",\"dateModified\":\"2024-04-05T10:34:37+00:00\",\"description\":\"Durant els mesos de novembre i desembre va tenir lloc la formaci\u00f3 \\\"Actualitzaci\u00f3 en Oncologia Hematol\u00f2gica\\\" dirigida a farmac\u00e8utics hospitalaris. Organitzat pel Col\u00b7legi de Farmac\u00e8utics de Barcelona (COFB), juntament amb la Societat Catalana de Farm\u00e0cia Cl\u00ednica (SCFC), el curs va constar d'una sessi\u00f3 setmanal durant 5 setmanes i va comptar amb el patrocini de Janssen i la col\u00b7laboraci\u00f3 d'Astellas Pharma.\",\"breadcrumb\":{\"@id\":\"https:\/\/novaorg.cofb.net\/2021\/12\/14\/farmaceutics-hospitalaris-sactualitzen-en-oncologia-hematologica-al-cofb\/#breadcrumb\"},\"inLanguage\":\"es\",\"potentialAction\":[{\"@type\":\"ReadAction\",\"target\":[\"https:\/\/novaorg.cofb.net\/2021\/12\/14\/farmaceutics-hospitalaris-sactualitzen-en-oncologia-hematologica-al-cofb\/\"]}]},{\"@type\":\"ImageObject\",\"inLanguage\":\"es\",\"@id\":\"https:\/\/novaorg.cofb.net\/2021\/12\/14\/farmaceutics-hospitalaris-sactualitzen-en-oncologia-hematologica-al-cofb\/#primaryimage\",\"url\":\"https:\/\/www.cofb.org\/wp-content\/uploads\/2024\/04\/Oncologia-Hematologica.PNG-1024x575-1.png\",\"contentUrl\":\"https:\/\/www.cofb.org\/wp-content\/uploads\/2024\/04\/Oncologia-Hematologica.PNG-1024x575-1.png\",\"width\":1024,\"height\":575},{\"@type\":\"BreadcrumbList\",\"@id\":\"https:\/\/novaorg.cofb.net\/2021\/12\/14\/farmaceutics-hospitalaris-sactualitzen-en-oncologia-hematologica-al-cofb\/#breadcrumb\",\"itemListElement\":[{\"@type\":\"ListItem\",\"position\":1,\"name\":\"Inici\",\"item\":\"https:\/\/novaorg.cofb.net\/\"},{\"@type\":\"ListItem\",\"position\":2,\"name\":\"Farmac\u00e8utics hospitalaris s&#8217;actualitzen en oncologia hematol\u00f2gica al COFB\"}]},{\"@type\":\"WebSite\",\"@id\":\"https:\/\/www.cofb.org\/#website\",\"url\":\"https:\/\/www.cofb.org\/\",\"name\":\"Col\u00b7legi de Farmac\u00e8utics de Barcelona\",\"description\":\"\",\"publisher\":{\"@id\":\"https:\/\/www.cofb.org\/#organization\"},\"potentialAction\":[{\"@type\":\"SearchAction\",\"target\":{\"@type\":\"EntryPoint\",\"urlTemplate\":\"https:\/\/www.cofb.org\/?s={search_term_string}\"},\"query-input\":\"required name=search_term_string\"}],\"inLanguage\":\"es\"},{\"@type\":\"Organization\",\"@id\":\"https:\/\/www.cofb.org\/#organization\",\"name\":\"Col\u00b7legi de Farmac\u00e8utics de Barcelona\",\"url\":\"https:\/\/www.cofb.org\/\",\"logo\":{\"@type\":\"ImageObject\",\"inLanguage\":\"es\",\"@id\":\"https:\/\/www.cofb.org\/#\/schema\/logo\/image\/\",\"url\":\"https:\/\/www.cofb.org\/wp-content\/uploads\/2023\/11\/cropped-Logotip-COFB.png\",\"contentUrl\":\"https:\/\/www.cofb.org\/wp-content\/uploads\/2023\/11\/cropped-Logotip-COFB.png\",\"width\":500,\"height\":105,\"caption\":\"Col\u00b7legi de Farmac\u00e8utics de Barcelona\"},\"image\":{\"@id\":\"https:\/\/www.cofb.org\/#\/schema\/logo\/image\/\"},\"sameAs\":[\"https:\/\/www.facebook.com\/farmaceuticsbcn\/\",\"https:\/\/twitter.com\/farmaceuticsbcn\",\"https:\/\/www.instagram.com\/farmaceuticsbcn\/\",\"https:\/\/www.linkedin.com\/company\/farmaceuticsbcn\/\"]},{\"@type\":\"Person\",\"@id\":\"https:\/\/www.cofb.org\/#\/schema\/person\/22ed7eea88da74b0fa4d3154ad87ffcb\",\"name\":\"wpAdminCofbOrg\",\"image\":{\"@type\":\"ImageObject\",\"inLanguage\":\"es\",\"@id\":\"https:\/\/www.cofb.org\/#\/schema\/person\/image\/\",\"url\":\"https:\/\/secure.gravatar.com\/avatar\/1721b20b3b8ca882c3b56ec6c978c594fff670e40c0718e9190eaeeb76aae7d8?s=96&d=mm&r=g\",\"contentUrl\":\"https:\/\/secure.gravatar.com\/avatar\/1721b20b3b8ca882c3b56ec6c978c594fff670e40c0718e9190eaeeb76aae7d8?s=96&d=mm&r=g\",\"caption\":\"wpAdminCofbOrg\"},\"sameAs\":[\"http:\/\/192.168.64.122\/wordpress\"],\"url\":\"https:\/\/www.cofb.org\/es\/author\/wpadmincofborg\/\"}]}<\/script>\n<!-- \/ Yoast SEO plugin. -->","yoast_head_json":{"title":"Farmac\u00e8utics hospitalaris s'actualitzen en oncologia hematol\u00f2gica al COFB - Col\u00b7legi de Farmac\u00e8utics de Barcelona","description":"Durant els mesos de novembre i desembre va tenir lloc la formaci\u00f3 \"Actualitzaci\u00f3 en Oncologia Hematol\u00f2gica\" dirigida a farmac\u00e8utics hospitalaris. Organitzat pel Col\u00b7legi de Farmac\u00e8utics de Barcelona (COFB), juntament amb la Societat Catalana de Farm\u00e0cia Cl\u00ednica (SCFC), el curs va constar d'una sessi\u00f3 setmanal durant 5 setmanes i va comptar amb el patrocini de Janssen i la col\u00b7laboraci\u00f3 d'Astellas Pharma.","robots":{"index":"index","follow":"follow","max-snippet":"max-snippet:-1","max-image-preview":"max-image-preview:large","max-video-preview":"max-video-preview:-1"},"canonical":"https:\/\/novaorg.cofb.net\/2021\/12\/14\/farmaceutics-hospitalaris-sactualitzen-en-oncologia-hematologica-al-cofb\/","og_locale":"es_ES","og_type":"article","og_title":"Farmac\u00e8utics hospitalaris s'actualitzen en oncologia hematol\u00f2gica al COFB - Col\u00b7legi de Farmac\u00e8utics de Barcelona","og_description":"Durant els mesos de novembre i desembre va tenir lloc la formaci\u00f3 \"Actualitzaci\u00f3 en Oncologia Hematol\u00f2gica\" dirigida a farmac\u00e8utics hospitalaris. Organitzat pel Col\u00b7legi de Farmac\u00e8utics de Barcelona (COFB), juntament amb la Societat Catalana de Farm\u00e0cia Cl\u00ednica (SCFC), el curs va constar d'una sessi\u00f3 setmanal durant 5 setmanes i va comptar amb el patrocini de Janssen i la col\u00b7laboraci\u00f3 d'Astellas Pharma.","og_url":"https:\/\/novaorg.cofb.net\/2021\/12\/14\/farmaceutics-hospitalaris-sactualitzen-en-oncologia-hematologica-al-cofb\/","og_site_name":"Col\u00b7legi de Farmac\u00e8utics de Barcelona","article_publisher":"https:\/\/www.facebook.com\/farmaceuticsbcn\/","article_published_time":"2021-12-14T15:43:11+00:00","article_modified_time":"2024-04-05T10:34:37+00:00","og_image":[{"width":1024,"height":575,"url":"https:\/\/novaorg.cofb.net\/wp-content\/uploads\/2024\/04\/Oncologia-Hematologica.PNG-1024x575-1.png","type":"image\/png"}],"author":"wpAdminCofbOrg","twitter_card":"summary_large_image","twitter_creator":"@farmaceuticsbcn","twitter_site":"@farmaceuticsbcn","twitter_misc":{"Escrito por":"wpAdminCofbOrg","Tiempo de lectura":"7 minutos"},"schema":{"@context":"https:\/\/schema.org","@graph":[{"@type":"Article","@id":"https:\/\/novaorg.cofb.net\/2021\/12\/14\/farmaceutics-hospitalaris-sactualitzen-en-oncologia-hematologica-al-cofb\/#article","isPartOf":{"@id":"https:\/\/novaorg.cofb.net\/2021\/12\/14\/farmaceutics-hospitalaris-sactualitzen-en-oncologia-hematologica-al-cofb\/"},"author":{"name":"wpAdminCofbOrg","@id":"https:\/\/www.cofb.org\/#\/schema\/person\/22ed7eea88da74b0fa4d3154ad87ffcb"},"headline":"Farmac\u00e8utics hospitalaris s&#8217;actualitzen en oncologia hematol\u00f2gica al COFB","datePublished":"2021-12-14T15:43:11+00:00","dateModified":"2024-04-05T10:34:37+00:00","mainEntityOfPage":{"@id":"https:\/\/novaorg.cofb.net\/2021\/12\/14\/farmaceutics-hospitalaris-sactualitzen-en-oncologia-hematologica-al-cofb\/"},"wordCount":1266,"commentCount":0,"publisher":{"@id":"https:\/\/www.cofb.org\/#organization"},"image":{"@id":"https:\/\/novaorg.cofb.net\/2021\/12\/14\/farmaceutics-hospitalaris-sactualitzen-en-oncologia-hematologica-al-cofb\/#primaryimage"},"thumbnailUrl":"https:\/\/www.cofb.org\/wp-content\/uploads\/2024\/04\/Oncologia-Hematologica.PNG-1024x575-1.png","keywords":["activitats formatives","COFB","Col\u00b7legi de Farmac\u00e8utics de Barcelona","farmac\u00e8utics","Farm\u00e0cia","farm\u00e0cia comunit\u00e0ria","Formaci\u00f3"],"articleSection":["Destacats","M\u00f3n col\u00b7legial"],"inLanguage":"es","potentialAction":[{"@type":"CommentAction","name":"Comment","target":["https:\/\/novaorg.cofb.net\/2021\/12\/14\/farmaceutics-hospitalaris-sactualitzen-en-oncologia-hematologica-al-cofb\/#respond"]}]},{"@type":"WebPage","@id":"https:\/\/novaorg.cofb.net\/2021\/12\/14\/farmaceutics-hospitalaris-sactualitzen-en-oncologia-hematologica-al-cofb\/","url":"https:\/\/novaorg.cofb.net\/2021\/12\/14\/farmaceutics-hospitalaris-sactualitzen-en-oncologia-hematologica-al-cofb\/","name":"Farmac\u00e8utics hospitalaris s'actualitzen en oncologia hematol\u00f2gica al COFB - Col\u00b7legi de Farmac\u00e8utics de Barcelona","isPartOf":{"@id":"https:\/\/www.cofb.org\/#website"},"primaryImageOfPage":{"@id":"https:\/\/novaorg.cofb.net\/2021\/12\/14\/farmaceutics-hospitalaris-sactualitzen-en-oncologia-hematologica-al-cofb\/#primaryimage"},"image":{"@id":"https:\/\/novaorg.cofb.net\/2021\/12\/14\/farmaceutics-hospitalaris-sactualitzen-en-oncologia-hematologica-al-cofb\/#primaryimage"},"thumbnailUrl":"https:\/\/www.cofb.org\/wp-content\/uploads\/2024\/04\/Oncologia-Hematologica.PNG-1024x575-1.png","datePublished":"2021-12-14T15:43:11+00:00","dateModified":"2024-04-05T10:34:37+00:00","description":"Durant els mesos de novembre i desembre va tenir lloc la formaci\u00f3 \"Actualitzaci\u00f3 en Oncologia Hematol\u00f2gica\" dirigida a farmac\u00e8utics hospitalaris. Organitzat pel Col\u00b7legi de Farmac\u00e8utics de Barcelona (COFB), juntament amb la Societat Catalana de Farm\u00e0cia Cl\u00ednica (SCFC), el curs va constar d'una sessi\u00f3 setmanal durant 5 setmanes i va comptar amb el patrocini de Janssen i la col\u00b7laboraci\u00f3 d'Astellas Pharma.","breadcrumb":{"@id":"https:\/\/novaorg.cofb.net\/2021\/12\/14\/farmaceutics-hospitalaris-sactualitzen-en-oncologia-hematologica-al-cofb\/#breadcrumb"},"inLanguage":"es","potentialAction":[{"@type":"ReadAction","target":["https:\/\/novaorg.cofb.net\/2021\/12\/14\/farmaceutics-hospitalaris-sactualitzen-en-oncologia-hematologica-al-cofb\/"]}]},{"@type":"ImageObject","inLanguage":"es","@id":"https:\/\/novaorg.cofb.net\/2021\/12\/14\/farmaceutics-hospitalaris-sactualitzen-en-oncologia-hematologica-al-cofb\/#primaryimage","url":"https:\/\/www.cofb.org\/wp-content\/uploads\/2024\/04\/Oncologia-Hematologica.PNG-1024x575-1.png","contentUrl":"https:\/\/www.cofb.org\/wp-content\/uploads\/2024\/04\/Oncologia-Hematologica.PNG-1024x575-1.png","width":1024,"height":575},{"@type":"BreadcrumbList","@id":"https:\/\/novaorg.cofb.net\/2021\/12\/14\/farmaceutics-hospitalaris-sactualitzen-en-oncologia-hematologica-al-cofb\/#breadcrumb","itemListElement":[{"@type":"ListItem","position":1,"name":"Inici","item":"https:\/\/novaorg.cofb.net\/"},{"@type":"ListItem","position":2,"name":"Farmac\u00e8utics hospitalaris s&#8217;actualitzen en oncologia hematol\u00f2gica al COFB"}]},{"@type":"WebSite","@id":"https:\/\/www.cofb.org\/#website","url":"https:\/\/www.cofb.org\/","name":"Col\u00b7legi de Farmac\u00e8utics de Barcelona","description":"","publisher":{"@id":"https:\/\/www.cofb.org\/#organization"},"potentialAction":[{"@type":"SearchAction","target":{"@type":"EntryPoint","urlTemplate":"https:\/\/www.cofb.org\/?s={search_term_string}"},"query-input":"required name=search_term_string"}],"inLanguage":"es"},{"@type":"Organization","@id":"https:\/\/www.cofb.org\/#organization","name":"Col\u00b7legi de Farmac\u00e8utics de Barcelona","url":"https:\/\/www.cofb.org\/","logo":{"@type":"ImageObject","inLanguage":"es","@id":"https:\/\/www.cofb.org\/#\/schema\/logo\/image\/","url":"https:\/\/www.cofb.org\/wp-content\/uploads\/2023\/11\/cropped-Logotip-COFB.png","contentUrl":"https:\/\/www.cofb.org\/wp-content\/uploads\/2023\/11\/cropped-Logotip-COFB.png","width":500,"height":105,"caption":"Col\u00b7legi de Farmac\u00e8utics de Barcelona"},"image":{"@id":"https:\/\/www.cofb.org\/#\/schema\/logo\/image\/"},"sameAs":["https:\/\/www.facebook.com\/farmaceuticsbcn\/","https:\/\/twitter.com\/farmaceuticsbcn","https:\/\/www.instagram.com\/farmaceuticsbcn\/","https:\/\/www.linkedin.com\/company\/farmaceuticsbcn\/"]},{"@type":"Person","@id":"https:\/\/www.cofb.org\/#\/schema\/person\/22ed7eea88da74b0fa4d3154ad87ffcb","name":"wpAdminCofbOrg","image":{"@type":"ImageObject","inLanguage":"es","@id":"https:\/\/www.cofb.org\/#\/schema\/person\/image\/","url":"https:\/\/secure.gravatar.com\/avatar\/1721b20b3b8ca882c3b56ec6c978c594fff670e40c0718e9190eaeeb76aae7d8?s=96&d=mm&r=g","contentUrl":"https:\/\/secure.gravatar.com\/avatar\/1721b20b3b8ca882c3b56ec6c978c594fff670e40c0718e9190eaeeb76aae7d8?s=96&d=mm&r=g","caption":"wpAdminCofbOrg"},"sameAs":["http:\/\/192.168.64.122\/wordpress"],"url":"https:\/\/www.cofb.org\/es\/author\/wpadmincofborg\/"}]}},"uagb_featured_image_src":{"full":["https:\/\/www.cofb.org\/wp-content\/uploads\/2024\/04\/Oncologia-Hematologica.PNG-1024x575-1.png",1024,575,false],"thumbnail":["https:\/\/www.cofb.org\/wp-content\/uploads\/2024\/04\/Oncologia-Hematologica.PNG-1024x575-1-150x150.png",150,150,true],"medium":["https:\/\/www.cofb.org\/wp-content\/uploads\/2024\/04\/Oncologia-Hematologica.PNG-1024x575-1-300x168.png",300,168,true],"medium_large":["https:\/\/www.cofb.org\/wp-content\/uploads\/2024\/04\/Oncologia-Hematologica.PNG-1024x575-1-768x431.png",768,431,true],"large":["https:\/\/www.cofb.org\/wp-content\/uploads\/2024\/04\/Oncologia-Hematologica.PNG-1024x575-1.png",1024,575,false],"1536x1536":["https:\/\/www.cofb.org\/wp-content\/uploads\/2024\/04\/Oncologia-Hematologica.PNG-1024x575-1.png",1024,575,false],"2048x2048":["https:\/\/www.cofb.org\/wp-content\/uploads\/2024\/04\/Oncologia-Hematologica.PNG-1024x575-1.png",1024,575,false],"trp-custom-language-flag":["https:\/\/www.cofb.org\/wp-content\/uploads\/2024\/04\/Oncologia-Hematologica.PNG-1024x575-1-18x10.png",18,10,true]},"uagb_author_info":{"display_name":"wpAdminCofbOrg","author_link":"https:\/\/www.cofb.org\/es\/author\/wpadmincofborg\/"},"uagb_comment_info":0,"uagb_excerpt":"Durant els mesos de novembre i desembre va tenir lloc la formaci\u00f3 &#8220;Actualitzaci\u00f3 en Oncologia Hematol\u00f2gica&#8221; dirigida a farmac\u00e8utics hospitalaris. Organitzat pel Col\u00b7legi de Farmac\u00e8utics de Barcelona (COFB), juntament amb la Societat Catalana de Farm\u00e0cia Cl\u00ednica (SCFC), el curs va constar d&#8217;una sessi\u00f3 setmanal durant 5 setmanes i va comptar [&hellip;]","_links":{"self":[{"href":"https:\/\/www.cofb.org\/es\/wp-json\/wp\/v2\/posts\/59029","targetHints":{"allow":["GET"]}}],"collection":[{"href":"https:\/\/www.cofb.org\/es\/wp-json\/wp\/v2\/posts"}],"about":[{"href":"https:\/\/www.cofb.org\/es\/wp-json\/wp\/v2\/types\/post"}],"author":[{"embeddable":true,"href":"https:\/\/www.cofb.org\/es\/wp-json\/wp\/v2\/users\/1"}],"replies":[{"embeddable":true,"href":"https:\/\/www.cofb.org\/es\/wp-json\/wp\/v2\/comments?post=59029"}],"version-history":[{"count":1,"href":"https:\/\/www.cofb.org\/es\/wp-json\/wp\/v2\/posts\/59029\/revisions"}],"predecessor-version":[{"id":78064,"href":"https:\/\/www.cofb.org\/es\/wp-json\/wp\/v2\/posts\/59029\/revisions\/78064"}],"wp:featuredmedia":[{"embeddable":true,"href":"https:\/\/www.cofb.org\/es\/wp-json\/wp\/v2\/media\/78063"}],"wp:attachment":[{"href":"https:\/\/www.cofb.org\/es\/wp-json\/wp\/v2\/media?parent=59029"}],"wp:term":[{"taxonomy":"category","embeddable":true,"href":"https:\/\/www.cofb.org\/es\/wp-json\/wp\/v2\/categories?post=59029"},{"taxonomy":"post_tag","embeddable":true,"href":"https:\/\/www.cofb.org\/es\/wp-json\/wp\/v2\/tags?post=59029"}],"curies":[{"name":"wp","href":"https:\/\/api.w.org\/{rel}","templated":true}]}}