{"id":58716,"date":"2021-11-25T17:55:49","date_gmt":"2021-11-25T15:55:49","guid":{"rendered":"https:\/\/blog.cofb.cat\/?p=58716"},"modified":"2024-04-05T10:35:38","modified_gmt":"2024-04-05T10:35:38","slug":"dibuixa-la-teva-nadala-i-participa-en-el-xiii-concurs-de-dibuix-infantil-del-cofb","status":"publish","type":"post","link":"https:\/\/www.cofb.org\/es\/2021\/11\/25\/dibuixa-la-teva-nadala-i-participa-en-el-xiii-concurs-de-dibuix-infantil-del-cofb\/","title":{"rendered":"Dibuja tu villancico y participa en el XIII Concurso de Dibujo Infantil del COFB"},"content":{"rendered":"<p>El Colegio de Farmac\u00e9uticos de Barcelona celebra un a\u00f1o m\u00e1s su <strong>Concurso de Dibujo Infantil,<\/strong>&nbsp;dirigido a ni\u00f1os de <strong>4 a 11 a\u00f1os<\/strong>. Se trata de una actividad dirigida a los m\u00e1s peque\u00f1os para que puedan expresar art\u00edsticamente sus emociones y su creatividad.<\/p>\n\n\n\n<figure class=\"wp-block-image size-large\"><img decoding=\"async\" src=\"https:\/\/blog.cofb.cat\/wp-content\/uploads\/2021\/11\/Concurs-Nadal-1-1024x576.png\" alt=\"\" class=\"wp-image-58732\"\/><\/figure>\n\n\n\n<p><br> El Concurso de Dibujo Infantil del COFB se trata de un concurso creativo, con el que los ni\u00f1os pueden expresar sus emociones. En esta decimotercera edici\u00f3n la tem\u00e1tica es \u201c<strong>Dibuja tu villancico<\/strong>\u201c, y tiene tiempo de enviar los dibujos a concursdibuix@cofb.net hasta\u00a0<strong>lunes 13 de diciembre de 2021<\/strong>. Para saber c\u00f3mo participar, puede consultar <strong><a href=\"https:\/\/www.cofb.org\/es\/documents\/10136\/1091470\/BASES+2021.pdf\/8a59ce12-7c14-4f28-b2f5-225d0f0ea878\/\" target=\"_blank\" rel=\"noreferrer noopener\">aqu\u00ed<\/a> <\/strong>las bases del concurso.<\/p>\n\n\n\n<p>Como prevenci\u00f3n por la Covid-19, este a\u00f1o se seguir\u00e1 con la pauta del pasado a\u00f1o. As\u00ed, aunque no habr\u00e1 fiesta, el Colegio convoca<strong> cuatro premios<\/strong>, uno por cada categor\u00eda.<\/p>\n\n\n\n<div class=\"box info\"><\/p>\n\n\n\n<p>Los nombres de los ni\u00f1os ganadores se har\u00e1n p\u00fablicos a trav\u00e9s de los <strong>canales del COFB <\/strong>y los premios se podr\u00e1n pasar a recoger en la sede del COFB. Adem\u00e1s, como es habitual, los dibujos premiados ser\u00e1n los protagonistas de la <strong>postal de Navidad<\/strong> del COFB de este a\u00f1o.<\/p>\n\n\n\n<p><\/div>\n\n\n\n<p><strong>Otras publicaciones de inter\u00e9s:<\/strong><\/p>\n\n\n\n<ul class=\"wp-block-list\"><li><a href=\"https:\/\/blog.cofb.cat\/xii-edicio-concurs-dibuix-infantil-nadal-diferent\/\">&quot;Una Navidad diferente&quot;. XII edici\u00f3n del Concurso de Dibujo Infantil<\/a><\/li><li><a href=\"https:\/\/blog.cofb.cat\/concurs-de-dibuix-infantil-un-nadal-diferent-ja-tenim-guanyadors\/\">Concurso de dibujo infantil \u201cUna Navidad diferente\u201d: \u00a1Ya tenemos ganadores y ganadoras!<\/a><\/li><li><a href=\"https:\/\/blog.cofb.cat\/x-edicio-concurs-dibuix-infantil-cofb-nadal-petit-princep\/\">X edici\u00f3n del Concurso de Dibujo Infantil del COFB: &quot;La Navidad del Peque\u00f1o Pr\u00edncipe&quot;<\/a><\/li><\/ul>","protected":false},"excerpt":{"rendered":"<p>El Colegio de Farmac\u00e9uticos de Barcelona celebra un a\u00f1o m\u00e1s su Concurso de Dibujo Infantil, dirigido a ni\u00f1os de 4 a 11 a\u00f1os. Se trata de una actividad dirigida a los m\u00e1s peque\u00f1os para que puedan expresar art\u00edsticamente sus emociones y su creatividad. El Concurso de Dibujo Infantil del COFB se trata de un concurso [\u2026]<\/p>","protected":false},"author":1,"featured_media":78073,"comment_status":"open","ping_status":"open","sticky":false,"template":"","format":"standard","meta":{"_uag_custom_page_level_css":"","site-sidebar-layout":"default","site-content-layout":"","ast-site-content-layout":"default","site-content-style":"default","site-sidebar-style":"default","ast-global-header-display":"","ast-banner-title-visibility":"","ast-main-header-display":"","ast-hfb-above-header-display":"","ast-hfb-below-header-display":"","ast-hfb-mobile-header-display":"","site-post-title":"","ast-breadcrumbs-content":"","ast-featured-img":"disabled","footer-sml-layout":"","theme-transparent-header-meta":"","adv-header-id-meta":"","stick-header-meta":"","header-above-stick-meta":"","header-main-stick-meta":"","header-below-stick-meta":"","astra-migrate-meta-layouts":"set","ast-page-background-enabled":"default","ast-page-background-meta":{"desktop":{"background-color":"var(--ast-global-color-4)","background-image":"","background-repeat":"repeat","background-position":"center center","background-size":"auto","background-attachment":"scroll","background-type":"","background-media":"","overlay-type":"","overlay-color":"","overlay-opacity":"","overlay-gradient":""},"tablet":{"background-color":"","background-image":"","background-repeat":"repeat","background-position":"center center","background-size":"auto","background-attachment":"scroll","background-type":"","background-media":"","overlay-type":"","overlay-color":"","overlay-opacity":"","overlay-gradient":""},"mobile":{"background-color":"","background-image":"","background-repeat":"repeat","background-position":"center center","background-size":"auto","background-attachment":"scroll","background-type":"","background-media":"","overlay-type":"","overlay-color":"","overlay-opacity":"","overlay-gradient":""}},"ast-content-background-meta":{"desktop":{"background-color":"var(--ast-global-color-5)","background-image":"","background-repeat":"repeat","background-position":"center center","background-size":"auto","background-attachment":"scroll","background-type":"","background-media":"","overlay-type":"","overlay-color":"","overlay-opacity":"","overlay-gradient":""},"tablet":{"background-color":"var(--ast-global-color-5)","background-image":"","background-repeat":"repeat","background-position":"center center","background-size":"auto","background-attachment":"scroll","background-type":"","background-media":"","overlay-type":"","overlay-color":"","overlay-opacity":"","overlay-gradient":""},"mobile":{"background-color":"var(--ast-global-color-5)","background-image":"","background-repeat":"repeat","background-position":"center center","background-size":"auto","background-attachment":"scroll","background-type":"","background-media":"","overlay-type":"","overlay-color":"","overlay-opacity":"","overlay-gradient":""}},"footnotes":""},"categories":[23,57],"tags":[991,3358,996],"class_list":["post-58716","post","type-post","status-publish","format-standard","has-post-thumbnail","hentry","category-destacats","category-mon-collegial","tag-concurs-de-dibuix-infantil-del-collegi-de-farmaceutics-de-barcelona-cofb","tag-concurs-dibuix","tag-nadal"],"yoast_head":"<!-- This site is optimized with the Yoast SEO plugin v22.4 - https:\/\/yoast.com\/wordpress\/plugins\/seo\/ -->\n<title>Dibuixa la teva nadala i participa en el XIII Concurs de Dibuix Infantil del COFB - Col\u00b7legi de Farmac\u00e8utics de Barcelona<\/title>\n<meta name=\"description\" content=\"El Col\u00b7legi de Farmac\u00e8utics de Barcelona celebra un any m\u00e9s el seu Concurs de Dibuix Infantil,\u00a0adre\u00e7at a infants de 4 a 11 anys.\u00a0\" \/>\n<meta name=\"robots\" content=\"index, follow, max-snippet:-1, max-image-preview:large, max-video-preview:-1\" \/>\n<link rel=\"canonical\" href=\"https:\/\/novaorg.cofb.net\/2021\/11\/25\/dibuixa-la-teva-nadala-i-participa-en-el-xiii-concurs-de-dibuix-infantil-del-cofb\/\" \/>\n<meta property=\"og:locale\" content=\"es_ES\" \/>\n<meta property=\"og:type\" content=\"article\" \/>\n<meta property=\"og:title\" content=\"Dibuixa la teva nadala i participa en el XIII Concurs de Dibuix Infantil del COFB - Col\u00b7legi de Farmac\u00e8utics de Barcelona\" \/>\n<meta property=\"og:description\" content=\"El Col\u00b7legi de Farmac\u00e8utics de Barcelona celebra un any m\u00e9s el seu Concurs de Dibuix Infantil,\u00a0adre\u00e7at a infants de 4 a 11 anys.\u00a0\" \/>\n<meta property=\"og:url\" content=\"https:\/\/novaorg.cofb.net\/2021\/11\/25\/dibuixa-la-teva-nadala-i-participa-en-el-xiii-concurs-de-dibuix-infantil-del-cofb\/\" \/>\n<meta property=\"og:site_name\" content=\"Col\u00b7legi de Farmac\u00e8utics de Barcelona\" \/>\n<meta property=\"article:publisher\" content=\"https:\/\/www.facebook.com\/farmaceuticsbcn\/\" \/>\n<meta property=\"article:published_time\" content=\"2021-11-25T15:55:49+00:00\" \/>\n<meta property=\"article:modified_time\" content=\"2024-04-05T10:35:38+00:00\" \/>\n<meta property=\"og:image\" content=\"https:\/\/novaorg.cofb.net\/wp-content\/uploads\/2024\/04\/Concurs-Nadal-1-1024x576-1.png\" \/>\n\t<meta property=\"og:image:width\" content=\"1024\" \/>\n\t<meta property=\"og:image:height\" content=\"576\" \/>\n\t<meta property=\"og:image:type\" content=\"image\/png\" \/>\n<meta name=\"author\" content=\"wpAdminCofbOrg\" \/>\n<meta name=\"twitter:card\" content=\"summary_large_image\" \/>\n<meta name=\"twitter:creator\" content=\"@farmaceuticsbcn\" \/>\n<meta name=\"twitter:site\" content=\"@farmaceuticsbcn\" \/>\n<meta name=\"twitter:label1\" content=\"Escrito por\" \/>\n\t<meta name=\"twitter:data1\" content=\"wpAdminCofbOrg\" \/>\n\t<meta name=\"twitter:label2\" content=\"Tiempo de lectura\" \/>\n\t<meta name=\"twitter:data2\" content=\"2 minutos\" \/>\n<script type=\"application\/ld+json\" class=\"yoast-schema-graph\">{\"@context\":\"https:\/\/schema.org\",\"@graph\":[{\"@type\":\"Article\",\"@id\":\"https:\/\/novaorg.cofb.net\/2021\/11\/25\/dibuixa-la-teva-nadala-i-participa-en-el-xiii-concurs-de-dibuix-infantil-del-cofb\/#article\",\"isPartOf\":{\"@id\":\"https:\/\/novaorg.cofb.net\/2021\/11\/25\/dibuixa-la-teva-nadala-i-participa-en-el-xiii-concurs-de-dibuix-infantil-del-cofb\/\"},\"author\":{\"name\":\"wpAdminCofbOrg\",\"@id\":\"https:\/\/www.cofb.org\/#\/schema\/person\/22ed7eea88da74b0fa4d3154ad87ffcb\"},\"headline\":\"Dibuixa la teva nadala i participa en el XIII Concurs de Dibuix Infantil del COFB\",\"datePublished\":\"2021-11-25T15:55:49+00:00\",\"dateModified\":\"2024-04-05T10:35:38+00:00\",\"mainEntityOfPage\":{\"@id\":\"https:\/\/novaorg.cofb.net\/2021\/11\/25\/dibuixa-la-teva-nadala-i-participa-en-el-xiii-concurs-de-dibuix-infantil-del-cofb\/\"},\"wordCount\":258,\"commentCount\":0,\"publisher\":{\"@id\":\"https:\/\/www.cofb.org\/#organization\"},\"image\":{\"@id\":\"https:\/\/novaorg.cofb.net\/2021\/11\/25\/dibuixa-la-teva-nadala-i-participa-en-el-xiii-concurs-de-dibuix-infantil-del-cofb\/#primaryimage\"},\"thumbnailUrl\":\"https:\/\/www.cofb.org\/wp-content\/uploads\/2024\/04\/Concurs-Nadal-1-1024x576-1.png\",\"keywords\":[\"Concurs de Dibuix Infantil del Col\u00b7legi de Farmac\u00e8utics de Barcelona (COFB)\",\"concurs dibuix\",\"Nadal\"],\"articleSection\":[\"Destacats\",\"M\u00f3n col\u00b7legial\"],\"inLanguage\":\"es\",\"potentialAction\":[{\"@type\":\"CommentAction\",\"name\":\"Comment\",\"target\":[\"https:\/\/novaorg.cofb.net\/2021\/11\/25\/dibuixa-la-teva-nadala-i-participa-en-el-xiii-concurs-de-dibuix-infantil-del-cofb\/#respond\"]}]},{\"@type\":\"WebPage\",\"@id\":\"https:\/\/novaorg.cofb.net\/2021\/11\/25\/dibuixa-la-teva-nadala-i-participa-en-el-xiii-concurs-de-dibuix-infantil-del-cofb\/\",\"url\":\"https:\/\/novaorg.cofb.net\/2021\/11\/25\/dibuixa-la-teva-nadala-i-participa-en-el-xiii-concurs-de-dibuix-infantil-del-cofb\/\",\"name\":\"Dibuixa la teva nadala i participa en el XIII Concurs de Dibuix Infantil del COFB - Col\u00b7legi de Farmac\u00e8utics de Barcelona\",\"isPartOf\":{\"@id\":\"https:\/\/www.cofb.org\/#website\"},\"primaryImageOfPage\":{\"@id\":\"https:\/\/novaorg.cofb.net\/2021\/11\/25\/dibuixa-la-teva-nadala-i-participa-en-el-xiii-concurs-de-dibuix-infantil-del-cofb\/#primaryimage\"},\"image\":{\"@id\":\"https:\/\/novaorg.cofb.net\/2021\/11\/25\/dibuixa-la-teva-nadala-i-participa-en-el-xiii-concurs-de-dibuix-infantil-del-cofb\/#primaryimage\"},\"thumbnailUrl\":\"https:\/\/www.cofb.org\/wp-content\/uploads\/2024\/04\/Concurs-Nadal-1-1024x576-1.png\",\"datePublished\":\"2021-11-25T15:55:49+00:00\",\"dateModified\":\"2024-04-05T10:35:38+00:00\",\"description\":\"El Col\u00b7legi de Farmac\u00e8utics de Barcelona celebra un any m\u00e9s el seu Concurs de Dibuix Infantil,\u00a0adre\u00e7at a infants de 4 a 11 anys.\u00a0\",\"breadcrumb\":{\"@id\":\"https:\/\/novaorg.cofb.net\/2021\/11\/25\/dibuixa-la-teva-nadala-i-participa-en-el-xiii-concurs-de-dibuix-infantil-del-cofb\/#breadcrumb\"},\"inLanguage\":\"es\",\"potentialAction\":[{\"@type\":\"ReadAction\",\"target\":[\"https:\/\/novaorg.cofb.net\/2021\/11\/25\/dibuixa-la-teva-nadala-i-participa-en-el-xiii-concurs-de-dibuix-infantil-del-cofb\/\"]}]},{\"@type\":\"ImageObject\",\"inLanguage\":\"es\",\"@id\":\"https:\/\/novaorg.cofb.net\/2021\/11\/25\/dibuixa-la-teva-nadala-i-participa-en-el-xiii-concurs-de-dibuix-infantil-del-cofb\/#primaryimage\",\"url\":\"https:\/\/www.cofb.org\/wp-content\/uploads\/2024\/04\/Concurs-Nadal-1-1024x576-1.png\",\"contentUrl\":\"https:\/\/www.cofb.org\/wp-content\/uploads\/2024\/04\/Concurs-Nadal-1-1024x576-1.png\",\"width\":1024,\"height\":576},{\"@type\":\"BreadcrumbList\",\"@id\":\"https:\/\/novaorg.cofb.net\/2021\/11\/25\/dibuixa-la-teva-nadala-i-participa-en-el-xiii-concurs-de-dibuix-infantil-del-cofb\/#breadcrumb\",\"itemListElement\":[{\"@type\":\"ListItem\",\"position\":1,\"name\":\"Inici\",\"item\":\"https:\/\/novaorg.cofb.net\/\"},{\"@type\":\"ListItem\",\"position\":2,\"name\":\"Dibuixa la teva nadala i participa en el XIII Concurs de Dibuix Infantil del COFB\"}]},{\"@type\":\"WebSite\",\"@id\":\"https:\/\/www.cofb.org\/#website\",\"url\":\"https:\/\/www.cofb.org\/\",\"name\":\"Col\u00b7legi de Farmac\u00e8utics de Barcelona\",\"description\":\"\",\"publisher\":{\"@id\":\"https:\/\/www.cofb.org\/#organization\"},\"potentialAction\":[{\"@type\":\"SearchAction\",\"target\":{\"@type\":\"EntryPoint\",\"urlTemplate\":\"https:\/\/www.cofb.org\/?s={search_term_string}\"},\"query-input\":\"required name=search_term_string\"}],\"inLanguage\":\"es\"},{\"@type\":\"Organization\",\"@id\":\"https:\/\/www.cofb.org\/#organization\",\"name\":\"Col\u00b7legi de Farmac\u00e8utics de Barcelona\",\"url\":\"https:\/\/www.cofb.org\/\",\"logo\":{\"@type\":\"ImageObject\",\"inLanguage\":\"es\",\"@id\":\"https:\/\/www.cofb.org\/#\/schema\/logo\/image\/\",\"url\":\"https:\/\/www.cofb.org\/wp-content\/uploads\/2023\/11\/cropped-Logotip-COFB.png\",\"contentUrl\":\"https:\/\/www.cofb.org\/wp-content\/uploads\/2023\/11\/cropped-Logotip-COFB.png\",\"width\":500,\"height\":105,\"caption\":\"Col\u00b7legi de Farmac\u00e8utics de Barcelona\"},\"image\":{\"@id\":\"https:\/\/www.cofb.org\/#\/schema\/logo\/image\/\"},\"sameAs\":[\"https:\/\/www.facebook.com\/farmaceuticsbcn\/\",\"https:\/\/twitter.com\/farmaceuticsbcn\",\"https:\/\/www.instagram.com\/farmaceuticsbcn\/\",\"https:\/\/www.linkedin.com\/company\/farmaceuticsbcn\/\"]},{\"@type\":\"Person\",\"@id\":\"https:\/\/www.cofb.org\/#\/schema\/person\/22ed7eea88da74b0fa4d3154ad87ffcb\",\"name\":\"wpAdminCofbOrg\",\"image\":{\"@type\":\"ImageObject\",\"inLanguage\":\"es\",\"@id\":\"https:\/\/www.cofb.org\/#\/schema\/person\/image\/\",\"url\":\"https:\/\/secure.gravatar.com\/avatar\/1721b20b3b8ca882c3b56ec6c978c594fff670e40c0718e9190eaeeb76aae7d8?s=96&d=mm&r=g\",\"contentUrl\":\"https:\/\/secure.gravatar.com\/avatar\/1721b20b3b8ca882c3b56ec6c978c594fff670e40c0718e9190eaeeb76aae7d8?s=96&d=mm&r=g\",\"caption\":\"wpAdminCofbOrg\"},\"sameAs\":[\"http:\/\/192.168.64.122\/wordpress\"],\"url\":\"https:\/\/www.cofb.org\/es\/author\/wpadmincofborg\/\"}]}<\/script>\n<!-- \/ Yoast SEO plugin. -->","yoast_head_json":{"title":"Dibuixa la teva nadala i participa en el XIII Concurs de Dibuix Infantil del COFB - Col\u00b7legi de Farmac\u00e8utics de Barcelona","description":"El Col\u00b7legi de Farmac\u00e8utics de Barcelona celebra un any m\u00e9s el seu Concurs de Dibuix Infantil,\u00a0adre\u00e7at a infants de 4 a 11 anys.\u00a0","robots":{"index":"index","follow":"follow","max-snippet":"max-snippet:-1","max-image-preview":"max-image-preview:large","max-video-preview":"max-video-preview:-1"},"canonical":"https:\/\/novaorg.cofb.net\/2021\/11\/25\/dibuixa-la-teva-nadala-i-participa-en-el-xiii-concurs-de-dibuix-infantil-del-cofb\/","og_locale":"es_ES","og_type":"article","og_title":"Dibuixa la teva nadala i participa en el XIII Concurs de Dibuix Infantil del COFB - Col\u00b7legi de Farmac\u00e8utics de Barcelona","og_description":"El Col\u00b7legi de Farmac\u00e8utics de Barcelona celebra un any m\u00e9s el seu Concurs de Dibuix Infantil,\u00a0adre\u00e7at a infants de 4 a 11 anys.\u00a0","og_url":"https:\/\/novaorg.cofb.net\/2021\/11\/25\/dibuixa-la-teva-nadala-i-participa-en-el-xiii-concurs-de-dibuix-infantil-del-cofb\/","og_site_name":"Col\u00b7legi de Farmac\u00e8utics de Barcelona","article_publisher":"https:\/\/www.facebook.com\/farmaceuticsbcn\/","article_published_time":"2021-11-25T15:55:49+00:00","article_modified_time":"2024-04-05T10:35:38+00:00","og_image":[{"width":1024,"height":576,"url":"https:\/\/novaorg.cofb.net\/wp-content\/uploads\/2024\/04\/Concurs-Nadal-1-1024x576-1.png","type":"image\/png"}],"author":"wpAdminCofbOrg","twitter_card":"summary_large_image","twitter_creator":"@farmaceuticsbcn","twitter_site":"@farmaceuticsbcn","twitter_misc":{"Escrito por":"wpAdminCofbOrg","Tiempo de lectura":"2 minutos"},"schema":{"@context":"https:\/\/schema.org","@graph":[{"@type":"Article","@id":"https:\/\/novaorg.cofb.net\/2021\/11\/25\/dibuixa-la-teva-nadala-i-participa-en-el-xiii-concurs-de-dibuix-infantil-del-cofb\/#article","isPartOf":{"@id":"https:\/\/novaorg.cofb.net\/2021\/11\/25\/dibuixa-la-teva-nadala-i-participa-en-el-xiii-concurs-de-dibuix-infantil-del-cofb\/"},"author":{"name":"wpAdminCofbOrg","@id":"https:\/\/www.cofb.org\/#\/schema\/person\/22ed7eea88da74b0fa4d3154ad87ffcb"},"headline":"Dibuixa la teva nadala i participa en el XIII Concurs de Dibuix Infantil del COFB","datePublished":"2021-11-25T15:55:49+00:00","dateModified":"2024-04-05T10:35:38+00:00","mainEntityOfPage":{"@id":"https:\/\/novaorg.cofb.net\/2021\/11\/25\/dibuixa-la-teva-nadala-i-participa-en-el-xiii-concurs-de-dibuix-infantil-del-cofb\/"},"wordCount":258,"commentCount":0,"publisher":{"@id":"https:\/\/www.cofb.org\/#organization"},"image":{"@id":"https:\/\/novaorg.cofb.net\/2021\/11\/25\/dibuixa-la-teva-nadala-i-participa-en-el-xiii-concurs-de-dibuix-infantil-del-cofb\/#primaryimage"},"thumbnailUrl":"https:\/\/www.cofb.org\/wp-content\/uploads\/2024\/04\/Concurs-Nadal-1-1024x576-1.png","keywords":["Concurs de Dibuix Infantil del Col\u00b7legi de Farmac\u00e8utics de Barcelona (COFB)","concurs dibuix","Nadal"],"articleSection":["Destacats","M\u00f3n col\u00b7legial"],"inLanguage":"es","potentialAction":[{"@type":"CommentAction","name":"Comment","target":["https:\/\/novaorg.cofb.net\/2021\/11\/25\/dibuixa-la-teva-nadala-i-participa-en-el-xiii-concurs-de-dibuix-infantil-del-cofb\/#respond"]}]},{"@type":"WebPage","@id":"https:\/\/novaorg.cofb.net\/2021\/11\/25\/dibuixa-la-teva-nadala-i-participa-en-el-xiii-concurs-de-dibuix-infantil-del-cofb\/","url":"https:\/\/novaorg.cofb.net\/2021\/11\/25\/dibuixa-la-teva-nadala-i-participa-en-el-xiii-concurs-de-dibuix-infantil-del-cofb\/","name":"Dibuixa la teva nadala i participa en el XIII Concurs de Dibuix Infantil del COFB - Col\u00b7legi de Farmac\u00e8utics de Barcelona","isPartOf":{"@id":"https:\/\/www.cofb.org\/#website"},"primaryImageOfPage":{"@id":"https:\/\/novaorg.cofb.net\/2021\/11\/25\/dibuixa-la-teva-nadala-i-participa-en-el-xiii-concurs-de-dibuix-infantil-del-cofb\/#primaryimage"},"image":{"@id":"https:\/\/novaorg.cofb.net\/2021\/11\/25\/dibuixa-la-teva-nadala-i-participa-en-el-xiii-concurs-de-dibuix-infantil-del-cofb\/#primaryimage"},"thumbnailUrl":"https:\/\/www.cofb.org\/wp-content\/uploads\/2024\/04\/Concurs-Nadal-1-1024x576-1.png","datePublished":"2021-11-25T15:55:49+00:00","dateModified":"2024-04-05T10:35:38+00:00","description":"El Col\u00b7legi de Farmac\u00e8utics de Barcelona celebra un any m\u00e9s el seu Concurs de Dibuix Infantil,\u00a0adre\u00e7at a infants de 4 a 11 anys.\u00a0","breadcrumb":{"@id":"https:\/\/novaorg.cofb.net\/2021\/11\/25\/dibuixa-la-teva-nadala-i-participa-en-el-xiii-concurs-de-dibuix-infantil-del-cofb\/#breadcrumb"},"inLanguage":"es","potentialAction":[{"@type":"ReadAction","target":["https:\/\/novaorg.cofb.net\/2021\/11\/25\/dibuixa-la-teva-nadala-i-participa-en-el-xiii-concurs-de-dibuix-infantil-del-cofb\/"]}]},{"@type":"ImageObject","inLanguage":"es","@id":"https:\/\/novaorg.cofb.net\/2021\/11\/25\/dibuixa-la-teva-nadala-i-participa-en-el-xiii-concurs-de-dibuix-infantil-del-cofb\/#primaryimage","url":"https:\/\/www.cofb.org\/wp-content\/uploads\/2024\/04\/Concurs-Nadal-1-1024x576-1.png","contentUrl":"https:\/\/www.cofb.org\/wp-content\/uploads\/2024\/04\/Concurs-Nadal-1-1024x576-1.png","width":1024,"height":576},{"@type":"BreadcrumbList","@id":"https:\/\/novaorg.cofb.net\/2021\/11\/25\/dibuixa-la-teva-nadala-i-participa-en-el-xiii-concurs-de-dibuix-infantil-del-cofb\/#breadcrumb","itemListElement":[{"@type":"ListItem","position":1,"name":"Inici","item":"https:\/\/novaorg.cofb.net\/"},{"@type":"ListItem","position":2,"name":"Dibuixa la teva nadala i participa en el XIII Concurs de Dibuix Infantil del COFB"}]},{"@type":"WebSite","@id":"https:\/\/www.cofb.org\/#website","url":"https:\/\/www.cofb.org\/","name":"Col\u00b7legi de Farmac\u00e8utics de Barcelona","description":"","publisher":{"@id":"https:\/\/www.cofb.org\/#organization"},"potentialAction":[{"@type":"SearchAction","target":{"@type":"EntryPoint","urlTemplate":"https:\/\/www.cofb.org\/?s={search_term_string}"},"query-input":"required name=search_term_string"}],"inLanguage":"es"},{"@type":"Organization","@id":"https:\/\/www.cofb.org\/#organization","name":"Col\u00b7legi de Farmac\u00e8utics de Barcelona","url":"https:\/\/www.cofb.org\/","logo":{"@type":"ImageObject","inLanguage":"es","@id":"https:\/\/www.cofb.org\/#\/schema\/logo\/image\/","url":"https:\/\/www.cofb.org\/wp-content\/uploads\/2023\/11\/cropped-Logotip-COFB.png","contentUrl":"https:\/\/www.cofb.org\/wp-content\/uploads\/2023\/11\/cropped-Logotip-COFB.png","width":500,"height":105,"caption":"Col\u00b7legi de Farmac\u00e8utics de Barcelona"},"image":{"@id":"https:\/\/www.cofb.org\/#\/schema\/logo\/image\/"},"sameAs":["https:\/\/www.facebook.com\/farmaceuticsbcn\/","https:\/\/twitter.com\/farmaceuticsbcn","https:\/\/www.instagram.com\/farmaceuticsbcn\/","https:\/\/www.linkedin.com\/company\/farmaceuticsbcn\/"]},{"@type":"Person","@id":"https:\/\/www.cofb.org\/#\/schema\/person\/22ed7eea88da74b0fa4d3154ad87ffcb","name":"wpAdminCofbOrg","image":{"@type":"ImageObject","inLanguage":"es","@id":"https:\/\/www.cofb.org\/#\/schema\/person\/image\/","url":"https:\/\/secure.gravatar.com\/avatar\/1721b20b3b8ca882c3b56ec6c978c594fff670e40c0718e9190eaeeb76aae7d8?s=96&d=mm&r=g","contentUrl":"https:\/\/secure.gravatar.com\/avatar\/1721b20b3b8ca882c3b56ec6c978c594fff670e40c0718e9190eaeeb76aae7d8?s=96&d=mm&r=g","caption":"wpAdminCofbOrg"},"sameAs":["http:\/\/192.168.64.122\/wordpress"],"url":"https:\/\/www.cofb.org\/es\/author\/wpadmincofborg\/"}]}},"uagb_featured_image_src":{"full":["https:\/\/www.cofb.org\/wp-content\/uploads\/2024\/04\/Concurs-Nadal-1-1024x576-1.png",1024,576,false],"thumbnail":["https:\/\/www.cofb.org\/wp-content\/uploads\/2024\/04\/Concurs-Nadal-1-1024x576-1-150x150.png",150,150,true],"medium":["https:\/\/www.cofb.org\/wp-content\/uploads\/2024\/04\/Concurs-Nadal-1-1024x576-1-300x169.png",300,169,true],"medium_large":["https:\/\/www.cofb.org\/wp-content\/uploads\/2024\/04\/Concurs-Nadal-1-1024x576-1-768x432.png",768,432,true],"large":["https:\/\/www.cofb.org\/wp-content\/uploads\/2024\/04\/Concurs-Nadal-1-1024x576-1.png",1024,576,false],"1536x1536":["https:\/\/www.cofb.org\/wp-content\/uploads\/2024\/04\/Concurs-Nadal-1-1024x576-1.png",1024,576,false],"2048x2048":["https:\/\/www.cofb.org\/wp-content\/uploads\/2024\/04\/Concurs-Nadal-1-1024x576-1.png",1024,576,false],"trp-custom-language-flag":["https:\/\/www.cofb.org\/wp-content\/uploads\/2024\/04\/Concurs-Nadal-1-1024x576-1-18x10.png",18,10,true]},"uagb_author_info":{"display_name":"wpAdminCofbOrg","author_link":"https:\/\/www.cofb.org\/es\/author\/wpadmincofborg\/"},"uagb_comment_info":0,"uagb_excerpt":"El Col\u00b7legi de Farmac\u00e8utics de Barcelona celebra un any m\u00e9s el seu Concurs de Dibuix Infantil,&nbsp;adre\u00e7at a infants de 4 a 11 anys.&nbsp;Es tracta d\u2019una activitat adre\u00e7ada als m\u00e9s petits perqu\u00e8 puguin expressar art\u00edsticament les seves emocions i creativitat. El Concurs de Dibuix Infantil del COFB es tracta d&#8217;un concurs [&hellip;]","_links":{"self":[{"href":"https:\/\/www.cofb.org\/es\/wp-json\/wp\/v2\/posts\/58716","targetHints":{"allow":["GET"]}}],"collection":[{"href":"https:\/\/www.cofb.org\/es\/wp-json\/wp\/v2\/posts"}],"about":[{"href":"https:\/\/www.cofb.org\/es\/wp-json\/wp\/v2\/types\/post"}],"author":[{"embeddable":true,"href":"https:\/\/www.cofb.org\/es\/wp-json\/wp\/v2\/users\/1"}],"replies":[{"embeddable":true,"href":"https:\/\/www.cofb.org\/es\/wp-json\/wp\/v2\/comments?post=58716"}],"version-history":[{"count":1,"href":"https:\/\/www.cofb.org\/es\/wp-json\/wp\/v2\/posts\/58716\/revisions"}],"predecessor-version":[{"id":78074,"href":"https:\/\/www.cofb.org\/es\/wp-json\/wp\/v2\/posts\/58716\/revisions\/78074"}],"wp:featuredmedia":[{"embeddable":true,"href":"https:\/\/www.cofb.org\/es\/wp-json\/wp\/v2\/media\/78073"}],"wp:attachment":[{"href":"https:\/\/www.cofb.org\/es\/wp-json\/wp\/v2\/media?parent=58716"}],"wp:term":[{"taxonomy":"category","embeddable":true,"href":"https:\/\/www.cofb.org\/es\/wp-json\/wp\/v2\/categories?post=58716"},{"taxonomy":"post_tag","embeddable":true,"href":"https:\/\/www.cofb.org\/es\/wp-json\/wp\/v2\/tags?post=58716"}],"curies":[{"name":"wp","href":"https:\/\/api.w.org\/{rel}","templated":true}]}}