{"id":58099,"date":"2021-11-19T15:42:59","date_gmt":"2021-11-19T13:42:59","guid":{"rendered":"https:\/\/blog.cofb.cat\/?p=58099"},"modified":"2024-04-05T10:47:32","modified_gmt":"2024-04-05T10:47:32","slug":"indicadors-per-avaluar-lestat-de-salut-del-nostre-entorn-tema-central-duna-nova-formacio-al-cofb-al-voltant-de-la-salut-comunitaria","status":"publish","type":"post","link":"https:\/\/www.cofb.org\/es\/2021\/11\/19\/indicadors-per-avaluar-lestat-de-salut-del-nostre-entorn-tema-central-duna-nova-formacio-al-cofb-al-voltant-de-la-salut-comunitaria\/","title":{"rendered":"Indicadores para evaluar el estado de salud de nuestro entorno, tema central de una nueva formaci\u00f3n en el COFB en torno a la salud comunitaria"},"content":{"rendered":"<p>El <strong>pasado<\/strong> viernes <strong>12 de noviembre<\/strong> tuvo lugar en <strong>COFB<\/strong> la formaci\u00f3n<strong> &quot;Indicadores para evaluar el estado de salud de nuestro entorno&quot;<\/strong>, que ten\u00eda por <strong>objetivos<\/strong> entender los<strong> indicadores b\u00e1sicos de salud<\/strong> y la <strong>utilidad <\/strong>que tienen<strong> a la hora de realizar un informe<\/strong> referido a la <strong>salud local <\/strong>en un contexto de <strong>salud comunitaria<\/strong> y poder<strong> aplicar los conocimientos aprendidos<\/strong> en la <strong>tarea diaria<\/strong> de la <strong>farmacia<\/strong>.<\/p>\n\n\n\n<figure class=\"wp-block-image size-large\"><img decoding=\"async\" src=\"https:\/\/blog.cofb.cat\/wp-content\/uploads\/2021\/11\/Indicadors-en-salut-3-1024x576.jpg\" alt=\"La farmac\u00e8utica Neus Carrilero en un moment de la seva exposici\u00f3, durant la formaci\u00f3 &quot;Indicadors per avaluar l'estat de salut del nostre entorn&quot;, que va tenir lloc al COFB el passat 12 de novembre. \" class=\"wp-image-58389\" title=\"La farmac\u00e9utica Neus Carrilero en un momento de su exposici\u00f3n, durante la formaci\u00f3n &quot;Indicadores para evaluar el estado de salud de nuestro entorno&quot;, que tuvo lugar en el COFB el pasado 12 de noviembre.\"\/><figcaption>La farmac\u00e9utica Neus Carrilero en un momento de su exposici\u00f3n, durante la formaci\u00f3n \u201cIndicadores para evaluar el estado de salud de nuestro entorno\u201d, que tuvo lugar en el COFB el pasado 12 de noviembre.<\/figcaption><\/figure>\n\n\n\n<p>La <strong>sesi\u00f3n <\/strong>const\u00f3 de una <strong>parte te\u00f3rica<\/strong> y una <strong>parte pr\u00e1ctica<\/strong> para construir el<strong>informe comunitario<\/strong>. Durante la <strong>formaci\u00f3n<\/strong>, se dieron respuesta a las <strong>siguientes preguntas<\/strong>: <em>\u00bfQu\u00e9 entendemos por salud comunitaria y qu\u00e9 implicaciones tiene el farmac\u00e9utico comunitario?<\/em>; <em>\u00bfC\u00f3mo aplicamos e interpretamos los indicadores b\u00e1sicos de salud comunitaria?<\/em>, <em>\u00bfQu\u00e9 es y c\u00f3mo se dise\u00f1a un informe de salud?<\/em>, y por \u00faltimo, <em>\u00bfPor qu\u00e9 debo conocer el estado de salud de mi entorno?<\/em><\/p>\n\n\n\n<p>La<strong> formaci\u00f3n<\/strong>, coordinada por la vocal de<strong>Investigaci\u00f3n y Docencia <\/strong>del <strong>COFB<\/strong>, <strong>Mar\u00eda Rosa Ballester<\/strong>, estuvo impartida por <strong>Nieves Carrilero<\/strong>, farmac\u00e9utica de la Agencia de Calidad y Evaluaci\u00f3n Sanitarias (AQuAS), y <strong>Angelina Gonz\u00e1lez<\/strong>, enfermera del<strong>Ag\u00e8ncia de Salut P\u00fablica de Catalunya <\/strong>(ASPCAT). <\/p>\n\n\n\n<p>En la primera parte de la sesi\u00f3n, Gonz\u00e1lez hizo referencia al concepto de<strong>intersectorialidad<\/strong>, ya que, seg\u00fan el <strong>modelo de determinantes de la salud<\/strong>, la mayor\u00eda de factores est\u00e1n fuera del <strong>sector salud<\/strong>. Por eso, es necesario un<strong> enfoque multisectorial<\/strong>. Tal y como explic\u00f3 la enfermera, el concepto de <strong>salud en todas las pol\u00edticas<\/strong> supone la <strong>integraci\u00f3n<\/strong> entre los distintos sectores. \u00c9sta<strong> intersectorialidad <\/strong>requiere un <strong>mandato pol\u00edtico<\/strong> y uno <strong>proceso participativo<\/strong> con <strong>transparencia<\/strong> y <strong>rendimiento de cuentas<\/strong>. <\/p>\n\n\n\n<h1 class=\"wp-block-heading\"><strong>Salud comunitaria: trabajo en red y principales agentes<\/strong><\/h1>\n\n\n\n<p>Por otra parte, Gonz\u00e1lez tambi\u00e9n abord\u00f3 el <strong>marco conceptual de la salud comunitaria<\/strong>. Dentro de este marco, destacan los <strong>objetivos<\/strong> que se quieren obtener: la <strong>mejora de la salud<\/strong> y el<strong>empoderamiento de la comunidad<\/strong> (que debe poder participar en todo momento). Asimismo, en este <strong>marco conceptual<\/strong> son indispensables el <strong>trabajo en red<\/strong> y la <strong>intervenci\u00f3n comunitaria<\/strong> (con perspectiva de<strong>equidad<\/strong> y basada en el<strong>evidencia<\/strong>). <\/p>\n\n\n\n<p>Los <strong>agentes principales<\/strong> del marco conceptual de la <strong>salud comunitaria<\/strong> ser\u00edan: <strong>proveedores de salud <\/strong>(Salud P\u00fablica, Agencia de Protecci\u00f3n de la Salud (APS), Salud Mental y Drogas, hospital, farmacias); <strong>municipio <\/strong>(Salud, Servicios Sociales, Educaci\u00f3n y otras concejal\u00edas); <strong>Consejo Comarcal<\/strong> y <strong>Diputaci\u00f3<\/strong>, adem\u00e1s de la <strong>comunidad<\/strong>, los <strong>vecinos<\/strong>, las <strong>entidades<\/strong>, las <strong>escuelas<\/strong>, las<strong> asociaciones<\/strong>, etc.<\/p>\n\n\n\n<h1 class=\"wp-block-heading\"><strong>Etapas del proceso de salud comunitaria<\/strong><\/h1>\n\n\n\n<p>A continuaci\u00f3n, Gonz\u00e1lez expuso las distintas <strong>etapas <\/strong>del <strong>proceso de salud comunitaria<\/strong>, que comienza por <strong>establecer alianzas<\/strong>,<strong> conocer<\/strong> las <strong>necesidades<\/strong> y los <strong>activos<\/strong>; contin\u00faa con la <strong>priorizaci\u00f3n<\/strong>, la <strong>planificaci\u00f3n<\/strong> y el<strong>actuaci\u00f3n<\/strong>, y en la \u00faltima etapa encontramos el <strong>seguimiento<\/strong> y el<strong>evaluaci\u00f3n<\/strong>. Todo ello, debemos imaginarlo como un ciclo.<\/p>\n\n\n\n<p>As\u00ed pues, el <strong>seguimiento<\/strong> y el<strong>evaluaci\u00f3n <\/strong>sirve para <strong>asegurar <\/strong>el <strong>correcto funcionamiento<\/strong> de las <strong>intervenciones comunitarias<\/strong>. Uno <strong>plan de seguimiento y evaluaci\u00f3n<\/strong> debe detallar cada paso del <strong>proceso de evaluaci\u00f3n <\/strong>y ayuda a decidir cu\u00e1l es la informaci\u00f3n realmente necesaria. <\/p>\n\n\n\n<figure class=\"wp-block-image size-full\"><img decoding=\"async\" src=\"https:\/\/blog.cofb.cat\/wp-content\/uploads\/2021\/11\/Indicadors-en-salut-1.png\" alt=\"Angelina Gonz\u00e1lez, infermera de l'AQuAS, en un moment de la seva presentaci\u00f3.\" class=\"wp-image-58392\" title=\"Angelina Gonz\u00e1lez, enfermera de de la AQuAS, en un momento de su presentaci\u00f3n.\"\/><figcaption>Angelina Gonz\u00e1lez, enfermera de AQuAS, en un momento de su presentaci\u00f3n.<\/figcaption><\/figure>\n\n\n\n<p>Otra de las cuestiones que abord\u00f3 <strong>Gonz\u00e1lez<\/strong> fue el <strong>diagn\u00f3stico comunitar<\/strong>y, es decir, el estudio que muestra el<strong>estado actual<\/strong> de la <strong>salud de la poblaci\u00f3n <\/strong>de un determinado barrio, distrito o municipio, los problemas m\u00e1s importantes y los factores que influyen en ellos. Desde su punto de vista, debe entenderse como \u201cuno<strong> proceso<\/strong> o un camino, no algo puntual\u201d. <\/p>\n\n\n\n<p>Tambi\u00e9n apunt\u00f3 que en el <strong>diagn\u00f3stico comunitario<\/strong> es importante trabajar las<strong> alianzas<\/strong>, respetando el trabajo ya hecho, los<em> tempos<\/em>, las <strong>necesidades<\/strong> y los objetivos de cada actor, as\u00ed como la <strong>motivaci\u00f3n personal<\/strong>. Todo ello, con una <strong>mirada de equidad<\/strong>, es decir, plante\u00e1ndonos en todo momento si la intervenci\u00f3n llega a quien m\u00e1s la necesita y evaluando con <strong>indicadores de ejes de desigualdades<\/strong>.<\/p>\n\n\n\n<h1 class=\"wp-block-heading\"><strong>Los informes de salud comunitaria<\/strong><\/h1>\n\n\n\n<p>En la segunda parte de la <strong>sesi\u00f3n<\/strong>, la farmac\u00e9utica del AQuAS, <strong>Nieves Carrilero, <\/strong>se centr\u00f3 en los<strong> informes de salud comunitaria<\/strong>. Seg\u00fan explic\u00f3, una herramienta son los <strong>indicadores de salud comunitaria<\/strong> (indicadores b\u00e1sicos de salud para ABS para realizar informes de salud). <\/p>\n\n\n\n<figure class=\"wp-block-image size-full\"><img decoding=\"async\" src=\"https:\/\/blog.cofb.cat\/wp-content\/uploads\/2021\/11\/Indicadors-en-salut-2.png\" alt=\"D'esquerra a dreta: Angelina Gonz\u00e0lez, infermera de l'ASPCAT i Neus Carrilero, farmac\u00e8utica de l'AQuAS.\" class=\"wp-image-58394\" title=\"De izquierda a derecha: Angelina Gonz\u00e1lez, enfermera de la ASPCAT y Neus Carrilero, farmac\u00e9utica de la AQuAS.\"\/><figcaption><em>De izquierda a derecha:<\/em> Angelina Gonz\u00e1lez, enfermera de la ASPCAT y Neus Carrilero, farmac\u00e9utica de la AQuAS.<\/figcaption><\/figure>\n\n\n\n<p>En otras palabras, los <strong>indicadores b\u00e1sicos de salud comunitaria<\/strong> son una <strong>bater\u00eda de indicadores<\/strong> que permiten <strong>conocer el estado de salud de un \u00e1rea peque\u00f1a<\/strong> y permiten a los profesionales realizar un <strong>informe de salud<\/strong> de forma <strong>\u00e1gil<\/strong> y <strong>sistem\u00e1tica<\/strong>. Se trata, adem\u00e1s, de una <strong>herramienta cuantitativa<\/strong> necesaria para desplegar el<strong>orientaci\u00f3n comunitaria<\/strong>, <strong>detectar necesidades<\/strong> y <strong>priorizar<\/strong>. Es fundamental disponer de <strong>datos fiables<\/strong> y<strong> robustas <\/strong>por <strong>\u00e1reas peque\u00f1as<\/strong>, que permitan hacer una <strong>primera aproximaci\u00f3n<\/strong> en el diagn\u00f3stico comunitario. <\/p>\n\n\n\n<p>Algunos de los <strong>puntos fuertes <\/strong>de los <strong>indicadores b\u00e1sicos de salud comunitaria<\/strong> son los siguientes: <\/p>\n\n\n\n<ul class=\"has-black-color has-white-background-color has-text-color has-background wp-block-list\"><li>Se presentan sistem\u00e1ticamente por <strong>sexo<\/strong> y <strong>ABS<\/strong>.<\/li><li>Se actualizan cada dos a\u00f1os, lo que permite el <strong>monitorizaci\u00f3n<\/strong> y el <strong>seguimiento<\/strong>.<\/li><li>Se presentan <strong>estandarizados<\/strong> (comparaci\u00f3n entre ABS, sexo, grupos de edad y con Catalu\u00f1a). <\/li><li><strong>Datos homog\u00e9neos<\/strong>.<\/li><\/ul>\n\n\n\n<p>Los <strong>\u00e1mbitos tem\u00e1ticos<\/strong> de los <strong>indicadores b\u00e1sicos de salud comunitaria<\/strong> son: demogr\u00e1fico, estilos de vida, socioecon\u00f3mico, pr\u00e1cticas preventivas, morbilidad, uso de servicios, mortalidad y entorno f\u00edsico. <\/p>\n\n\n\n<p>La <strong>formaci\u00f3n<\/strong> cerr\u00f3 con un <strong>taller pr\u00e1ctico<\/strong>. <\/p>\n\n\n\n<p><strong>Otras publicaciones de inter\u00e9s:<\/strong><\/p>\n\n\n\n<ul class=\"wp-block-list\"><li><a href=\"https:\/\/blog.cofb.cat\/shan-prendre-decisions-sobre-salut-sessio-formativa-danalisi-decisio-multicriteri-admc\/\">\u00bfC\u00f3mo tomar las decisiones sobre salud? Sesi\u00f3n formativa de an\u00e1lisis de decisi\u00f3n multicriterio (ADMC) (Octubre 2018)<\/a><\/li><\/ul>\n\n\n\n<p><\/p>","protected":false},"excerpt":{"rendered":"<p>El pasado viernes 12 de noviembre tuvo lugar en el COFB la formaci\u00f3n \u201cIndicadores para evaluar el estado de salud de nuestro entorno\u201d, que ten\u00eda por objetivos entender los indicadores b\u00e1sicos de salud y la utilidad que tienen a la hora de realizar un informe referido a la salud local en un [\u2026]<\/p>","protected":false},"author":1,"featured_media":78089,"comment_status":"open","ping_status":"open","sticky":false,"template":"","format":"standard","meta":{"_uag_custom_page_level_css":"","site-sidebar-layout":"default","site-content-layout":"","ast-site-content-layout":"default","site-content-style":"default","site-sidebar-style":"default","ast-global-header-display":"","ast-banner-title-visibility":"","ast-main-header-display":"","ast-hfb-above-header-display":"","ast-hfb-below-header-display":"","ast-hfb-mobile-header-display":"","site-post-title":"","ast-breadcrumbs-content":"","ast-featured-img":"disabled","footer-sml-layout":"","theme-transparent-header-meta":"","adv-header-id-meta":"","stick-header-meta":"","header-above-stick-meta":"","header-main-stick-meta":"","header-below-stick-meta":"","astra-migrate-meta-layouts":"set","ast-page-background-enabled":"default","ast-page-background-meta":{"desktop":{"background-color":"var(--ast-global-color-4)","background-image":"","background-repeat":"repeat","background-position":"center center","background-size":"auto","background-attachment":"scroll","background-type":"","background-media":"","overlay-type":"","overlay-color":"","overlay-opacity":"","overlay-gradient":""},"tablet":{"background-color":"","background-image":"","background-repeat":"repeat","background-position":"center center","background-size":"auto","background-attachment":"scroll","background-type":"","background-media":"","overlay-type":"","overlay-color":"","overlay-opacity":"","overlay-gradient":""},"mobile":{"background-color":"","background-image":"","background-repeat":"repeat","background-position":"center center","background-size":"auto","background-attachment":"scroll","background-type":"","background-media":"","overlay-type":"","overlay-color":"","overlay-opacity":"","overlay-gradient":""}},"ast-content-background-meta":{"desktop":{"background-color":"var(--ast-global-color-5)","background-image":"","background-repeat":"repeat","background-position":"center center","background-size":"auto","background-attachment":"scroll","background-type":"","background-media":"","overlay-type":"","overlay-color":"","overlay-opacity":"","overlay-gradient":""},"tablet":{"background-color":"var(--ast-global-color-5)","background-image":"","background-repeat":"repeat","background-position":"center center","background-size":"auto","background-attachment":"scroll","background-type":"","background-media":"","overlay-type":"","overlay-color":"","overlay-opacity":"","overlay-gradient":""},"mobile":{"background-color":"var(--ast-global-color-5)","background-image":"","background-repeat":"repeat","background-position":"center center","background-size":"auto","background-attachment":"scroll","background-type":"","background-media":"","overlay-type":"","overlay-color":"","overlay-opacity":"","overlay-gradient":""}},"footnotes":""},"categories":[23,57],"tags":[2569,4663,4664,18,19,4665,4666,4667,4668,70,4669,4670,4671,56,565,76,117,4129,4672],"class_list":["post-58099","post","type-post","status-publish","format-standard","has-post-thumbnail","hentry","category-destacats","category-mon-collegial","tag-agencia-de-salut-publica-de-catalunya","tag-aquas","tag-aspcat","tag-cofb","tag-collegi-de-farmaceutics-de-barcelona","tag-determinants-en-salut","tag-entorn","tag-entorn-socioeconomic","tag-farmacia-comunitaria-2","tag-formacio","tag-indicadors","tag-informe-comunitari","tag-informe-de-salut","tag-investigacio","tag-investigacio-i-docencia","tag-oficina-de-farmacia","tag-salut","tag-salut-comunitaria","tag-societat"],"yoast_head":"<!-- This site is optimized with the Yoast SEO plugin v22.4 - https:\/\/yoast.com\/wordpress\/plugins\/seo\/ -->\n<title>Indicadors per avaluar l&#039;estat de salut del nostre entorn, tema central d&#039;una nova formaci\u00f3 al COFB al voltant de la salut comunit\u00e0ria - Col\u00b7legi de Farmac\u00e8utics de Barcelona<\/title>\n<meta name=\"description\" content=\"El passat divendres 12 de novembre va tenir lloc al COFB la formaci\u00f3 &quot;Indicadors per avaluar l&#039;estat de salut del nostre entorn&quot;, que tenia per objectius entendre els indicadors b\u00e0sics de salut i la utilitat que tenen a l&#039;hora de fer un informe referit a la salut local en un context de salut comunit\u00e0ria i poder aplicar els coneixements apresos a la tasca di\u00e0ria de la farm\u00e0cia.\" \/>\n<meta name=\"robots\" content=\"index, follow, max-snippet:-1, max-image-preview:large, max-video-preview:-1\" \/>\n<link rel=\"canonical\" href=\"https:\/\/novaorg.cofb.net\/2021\/11\/19\/indicadors-per-avaluar-lestat-de-salut-del-nostre-entorn-tema-central-duna-nova-formacio-al-cofb-al-voltant-de-la-salut-comunitaria\/\" \/>\n<meta property=\"og:locale\" content=\"es_ES\" \/>\n<meta property=\"og:type\" content=\"article\" \/>\n<meta property=\"og:title\" content=\"Indicadors per avaluar l&#039;estat de salut del nostre entorn, tema central d&#039;una nova formaci\u00f3 al COFB al voltant de la salut comunit\u00e0ria - Col\u00b7legi de Farmac\u00e8utics de Barcelona\" \/>\n<meta property=\"og:description\" content=\"El passat divendres 12 de novembre va tenir lloc al COFB la formaci\u00f3 &quot;Indicadors per avaluar l&#039;estat de salut del nostre entorn&quot;, que tenia per objectius entendre els indicadors b\u00e0sics de salut i la utilitat que tenen a l&#039;hora de fer un informe referit a la salut local en un context de salut comunit\u00e0ria i poder aplicar els coneixements apresos a la tasca di\u00e0ria de la farm\u00e0cia.\" \/>\n<meta property=\"og:url\" content=\"https:\/\/novaorg.cofb.net\/2021\/11\/19\/indicadors-per-avaluar-lestat-de-salut-del-nostre-entorn-tema-central-duna-nova-formacio-al-cofb-al-voltant-de-la-salut-comunitaria\/\" \/>\n<meta property=\"og:site_name\" content=\"Col\u00b7legi de Farmac\u00e8utics de Barcelona\" \/>\n<meta property=\"article:publisher\" content=\"https:\/\/www.facebook.com\/farmaceuticsbcn\/\" \/>\n<meta property=\"article:published_time\" content=\"2021-11-19T13:42:59+00:00\" \/>\n<meta property=\"article:modified_time\" content=\"2024-04-05T10:47:32+00:00\" \/>\n<meta property=\"og:image\" content=\"https:\/\/novaorg.cofb.net\/wp-content\/uploads\/2024\/04\/Indicadors-en-salut-3-1024x576-1.jpeg\" \/>\n\t<meta property=\"og:image:width\" content=\"1024\" \/>\n\t<meta property=\"og:image:height\" content=\"576\" \/>\n\t<meta property=\"og:image:type\" content=\"image\/jpeg\" \/>\n<meta name=\"author\" content=\"wpAdminCofbOrg\" \/>\n<meta name=\"twitter:card\" content=\"summary_large_image\" \/>\n<meta name=\"twitter:creator\" content=\"@farmaceuticsbcn\" \/>\n<meta name=\"twitter:site\" content=\"@farmaceuticsbcn\" \/>\n<meta name=\"twitter:label1\" content=\"Escrito por\" \/>\n\t<meta name=\"twitter:data1\" content=\"wpAdminCofbOrg\" \/>\n\t<meta name=\"twitter:label2\" content=\"Tiempo de lectura\" \/>\n\t<meta name=\"twitter:data2\" content=\"6 minutos\" \/>\n<script type=\"application\/ld+json\" class=\"yoast-schema-graph\">{\"@context\":\"https:\/\/schema.org\",\"@graph\":[{\"@type\":\"Article\",\"@id\":\"https:\/\/novaorg.cofb.net\/2021\/11\/19\/indicadors-per-avaluar-lestat-de-salut-del-nostre-entorn-tema-central-duna-nova-formacio-al-cofb-al-voltant-de-la-salut-comunitaria\/#article\",\"isPartOf\":{\"@id\":\"https:\/\/novaorg.cofb.net\/2021\/11\/19\/indicadors-per-avaluar-lestat-de-salut-del-nostre-entorn-tema-central-duna-nova-formacio-al-cofb-al-voltant-de-la-salut-comunitaria\/\"},\"author\":{\"name\":\"wpAdminCofbOrg\",\"@id\":\"https:\/\/www.cofb.org\/#\/schema\/person\/22ed7eea88da74b0fa4d3154ad87ffcb\"},\"headline\":\"Indicadors per avaluar l&#8217;estat de salut del nostre entorn, tema central d&#8217;una nova formaci\u00f3 al COFB al voltant de la salut comunit\u00e0ria\",\"datePublished\":\"2021-11-19T13:42:59+00:00\",\"dateModified\":\"2024-04-05T10:47:32+00:00\",\"mainEntityOfPage\":{\"@id\":\"https:\/\/novaorg.cofb.net\/2021\/11\/19\/indicadors-per-avaluar-lestat-de-salut-del-nostre-entorn-tema-central-duna-nova-formacio-al-cofb-al-voltant-de-la-salut-comunitaria\/\"},\"wordCount\":1041,\"commentCount\":0,\"publisher\":{\"@id\":\"https:\/\/www.cofb.org\/#organization\"},\"image\":{\"@id\":\"https:\/\/novaorg.cofb.net\/2021\/11\/19\/indicadors-per-avaluar-lestat-de-salut-del-nostre-entorn-tema-central-duna-nova-formacio-al-cofb-al-voltant-de-la-salut-comunitaria\/#primaryimage\"},\"thumbnailUrl\":\"https:\/\/www.cofb.org\/wp-content\/uploads\/2024\/04\/Indicadors-en-salut-3-1024x576-1.jpeg\",\"keywords\":[\"Ag\u00e8ncia de Salut P\u00fablica de Catalunya\",\"AQuAS\",\"ASPCAT\",\"COFB\",\"Col\u00b7legi de Farmac\u00e8utics de Barcelona\",\"determinants en salut\",\"entorn\",\"entorn socioecon\u00f2mic\",\"farm\u00e0cia comunitaria\",\"Formaci\u00f3\",\"indicadors\",\"informe comunitari\",\"informe de salut\",\"Investigaci\u00f3\",\"Investigaci\u00f3 i doc\u00e8ncia\",\"Oficina de farm\u00e0cia\",\"salut\",\"salut comunit\u00e0ria\",\"societat\"],\"articleSection\":[\"Destacats\",\"M\u00f3n col\u00b7legial\"],\"inLanguage\":\"es\",\"potentialAction\":[{\"@type\":\"CommentAction\",\"name\":\"Comment\",\"target\":[\"https:\/\/novaorg.cofb.net\/2021\/11\/19\/indicadors-per-avaluar-lestat-de-salut-del-nostre-entorn-tema-central-duna-nova-formacio-al-cofb-al-voltant-de-la-salut-comunitaria\/#respond\"]}]},{\"@type\":\"WebPage\",\"@id\":\"https:\/\/novaorg.cofb.net\/2021\/11\/19\/indicadors-per-avaluar-lestat-de-salut-del-nostre-entorn-tema-central-duna-nova-formacio-al-cofb-al-voltant-de-la-salut-comunitaria\/\",\"url\":\"https:\/\/novaorg.cofb.net\/2021\/11\/19\/indicadors-per-avaluar-lestat-de-salut-del-nostre-entorn-tema-central-duna-nova-formacio-al-cofb-al-voltant-de-la-salut-comunitaria\/\",\"name\":\"Indicadors per avaluar l'estat de salut del nostre entorn, tema central d'una nova formaci\u00f3 al COFB al voltant de la salut comunit\u00e0ria - Col\u00b7legi de Farmac\u00e8utics de Barcelona\",\"isPartOf\":{\"@id\":\"https:\/\/www.cofb.org\/#website\"},\"primaryImageOfPage\":{\"@id\":\"https:\/\/novaorg.cofb.net\/2021\/11\/19\/indicadors-per-avaluar-lestat-de-salut-del-nostre-entorn-tema-central-duna-nova-formacio-al-cofb-al-voltant-de-la-salut-comunitaria\/#primaryimage\"},\"image\":{\"@id\":\"https:\/\/novaorg.cofb.net\/2021\/11\/19\/indicadors-per-avaluar-lestat-de-salut-del-nostre-entorn-tema-central-duna-nova-formacio-al-cofb-al-voltant-de-la-salut-comunitaria\/#primaryimage\"},\"thumbnailUrl\":\"https:\/\/www.cofb.org\/wp-content\/uploads\/2024\/04\/Indicadors-en-salut-3-1024x576-1.jpeg\",\"datePublished\":\"2021-11-19T13:42:59+00:00\",\"dateModified\":\"2024-04-05T10:47:32+00:00\",\"description\":\"El passat divendres 12 de novembre va tenir lloc al COFB la formaci\u00f3 \\\"Indicadors per avaluar l'estat de salut del nostre entorn\\\", que tenia per objectius entendre els indicadors b\u00e0sics de salut i la utilitat que tenen a l'hora de fer un informe referit a la salut local en un context de salut comunit\u00e0ria i poder aplicar els coneixements apresos a la tasca di\u00e0ria de la farm\u00e0cia.\",\"breadcrumb\":{\"@id\":\"https:\/\/novaorg.cofb.net\/2021\/11\/19\/indicadors-per-avaluar-lestat-de-salut-del-nostre-entorn-tema-central-duna-nova-formacio-al-cofb-al-voltant-de-la-salut-comunitaria\/#breadcrumb\"},\"inLanguage\":\"es\",\"potentialAction\":[{\"@type\":\"ReadAction\",\"target\":[\"https:\/\/novaorg.cofb.net\/2021\/11\/19\/indicadors-per-avaluar-lestat-de-salut-del-nostre-entorn-tema-central-duna-nova-formacio-al-cofb-al-voltant-de-la-salut-comunitaria\/\"]}]},{\"@type\":\"ImageObject\",\"inLanguage\":\"es\",\"@id\":\"https:\/\/novaorg.cofb.net\/2021\/11\/19\/indicadors-per-avaluar-lestat-de-salut-del-nostre-entorn-tema-central-duna-nova-formacio-al-cofb-al-voltant-de-la-salut-comunitaria\/#primaryimage\",\"url\":\"https:\/\/www.cofb.org\/wp-content\/uploads\/2024\/04\/Indicadors-en-salut-3-1024x576-1.jpeg\",\"contentUrl\":\"https:\/\/www.cofb.org\/wp-content\/uploads\/2024\/04\/Indicadors-en-salut-3-1024x576-1.jpeg\",\"width\":1024,\"height\":576},{\"@type\":\"BreadcrumbList\",\"@id\":\"https:\/\/novaorg.cofb.net\/2021\/11\/19\/indicadors-per-avaluar-lestat-de-salut-del-nostre-entorn-tema-central-duna-nova-formacio-al-cofb-al-voltant-de-la-salut-comunitaria\/#breadcrumb\",\"itemListElement\":[{\"@type\":\"ListItem\",\"position\":1,\"name\":\"Inici\",\"item\":\"https:\/\/novaorg.cofb.net\/\"},{\"@type\":\"ListItem\",\"position\":2,\"name\":\"Indicadors per avaluar l&#8217;estat de salut del nostre entorn, tema central d&#8217;una nova formaci\u00f3 al COFB al voltant de la salut comunit\u00e0ria\"}]},{\"@type\":\"WebSite\",\"@id\":\"https:\/\/www.cofb.org\/#website\",\"url\":\"https:\/\/www.cofb.org\/\",\"name\":\"Col\u00b7legi de Farmac\u00e8utics de Barcelona\",\"description\":\"\",\"publisher\":{\"@id\":\"https:\/\/www.cofb.org\/#organization\"},\"potentialAction\":[{\"@type\":\"SearchAction\",\"target\":{\"@type\":\"EntryPoint\",\"urlTemplate\":\"https:\/\/www.cofb.org\/?s={search_term_string}\"},\"query-input\":\"required name=search_term_string\"}],\"inLanguage\":\"es\"},{\"@type\":\"Organization\",\"@id\":\"https:\/\/www.cofb.org\/#organization\",\"name\":\"Col\u00b7legi de Farmac\u00e8utics de Barcelona\",\"url\":\"https:\/\/www.cofb.org\/\",\"logo\":{\"@type\":\"ImageObject\",\"inLanguage\":\"es\",\"@id\":\"https:\/\/www.cofb.org\/#\/schema\/logo\/image\/\",\"url\":\"https:\/\/www.cofb.org\/wp-content\/uploads\/2023\/11\/cropped-Logotip-COFB.png\",\"contentUrl\":\"https:\/\/www.cofb.org\/wp-content\/uploads\/2023\/11\/cropped-Logotip-COFB.png\",\"width\":500,\"height\":105,\"caption\":\"Col\u00b7legi de Farmac\u00e8utics de Barcelona\"},\"image\":{\"@id\":\"https:\/\/www.cofb.org\/#\/schema\/logo\/image\/\"},\"sameAs\":[\"https:\/\/www.facebook.com\/farmaceuticsbcn\/\",\"https:\/\/twitter.com\/farmaceuticsbcn\",\"https:\/\/www.instagram.com\/farmaceuticsbcn\/\",\"https:\/\/www.linkedin.com\/company\/farmaceuticsbcn\/\"]},{\"@type\":\"Person\",\"@id\":\"https:\/\/www.cofb.org\/#\/schema\/person\/22ed7eea88da74b0fa4d3154ad87ffcb\",\"name\":\"wpAdminCofbOrg\",\"image\":{\"@type\":\"ImageObject\",\"inLanguage\":\"es\",\"@id\":\"https:\/\/www.cofb.org\/#\/schema\/person\/image\/\",\"url\":\"https:\/\/secure.gravatar.com\/avatar\/1721b20b3b8ca882c3b56ec6c978c594fff670e40c0718e9190eaeeb76aae7d8?s=96&d=mm&r=g\",\"contentUrl\":\"https:\/\/secure.gravatar.com\/avatar\/1721b20b3b8ca882c3b56ec6c978c594fff670e40c0718e9190eaeeb76aae7d8?s=96&d=mm&r=g\",\"caption\":\"wpAdminCofbOrg\"},\"sameAs\":[\"http:\/\/192.168.64.122\/wordpress\"],\"url\":\"https:\/\/www.cofb.org\/es\/author\/wpadmincofborg\/\"}]}<\/script>\n<!-- \/ Yoast SEO plugin. -->","yoast_head_json":{"title":"Indicadors per avaluar l'estat de salut del nostre entorn, tema central d'una nova formaci\u00f3 al COFB al voltant de la salut comunit\u00e0ria - Col\u00b7legi de Farmac\u00e8utics de Barcelona","description":"El passat divendres 12 de novembre va tenir lloc al COFB la formaci\u00f3 \"Indicadors per avaluar l'estat de salut del nostre entorn\", que tenia per objectius entendre els indicadors b\u00e0sics de salut i la utilitat que tenen a l'hora de fer un informe referit a la salut local en un context de salut comunit\u00e0ria i poder aplicar els coneixements apresos a la tasca di\u00e0ria de la farm\u00e0cia.","robots":{"index":"index","follow":"follow","max-snippet":"max-snippet:-1","max-image-preview":"max-image-preview:large","max-video-preview":"max-video-preview:-1"},"canonical":"https:\/\/novaorg.cofb.net\/2021\/11\/19\/indicadors-per-avaluar-lestat-de-salut-del-nostre-entorn-tema-central-duna-nova-formacio-al-cofb-al-voltant-de-la-salut-comunitaria\/","og_locale":"es_ES","og_type":"article","og_title":"Indicadors per avaluar l'estat de salut del nostre entorn, tema central d'una nova formaci\u00f3 al COFB al voltant de la salut comunit\u00e0ria - Col\u00b7legi de Farmac\u00e8utics de Barcelona","og_description":"El passat divendres 12 de novembre va tenir lloc al COFB la formaci\u00f3 \"Indicadors per avaluar l'estat de salut del nostre entorn\", que tenia per objectius entendre els indicadors b\u00e0sics de salut i la utilitat que tenen a l'hora de fer un informe referit a la salut local en un context de salut comunit\u00e0ria i poder aplicar els coneixements apresos a la tasca di\u00e0ria de la farm\u00e0cia.","og_url":"https:\/\/novaorg.cofb.net\/2021\/11\/19\/indicadors-per-avaluar-lestat-de-salut-del-nostre-entorn-tema-central-duna-nova-formacio-al-cofb-al-voltant-de-la-salut-comunitaria\/","og_site_name":"Col\u00b7legi de Farmac\u00e8utics de Barcelona","article_publisher":"https:\/\/www.facebook.com\/farmaceuticsbcn\/","article_published_time":"2021-11-19T13:42:59+00:00","article_modified_time":"2024-04-05T10:47:32+00:00","og_image":[{"width":1024,"height":576,"url":"https:\/\/novaorg.cofb.net\/wp-content\/uploads\/2024\/04\/Indicadors-en-salut-3-1024x576-1.jpeg","type":"image\/jpeg"}],"author":"wpAdminCofbOrg","twitter_card":"summary_large_image","twitter_creator":"@farmaceuticsbcn","twitter_site":"@farmaceuticsbcn","twitter_misc":{"Escrito por":"wpAdminCofbOrg","Tiempo de lectura":"6 minutos"},"schema":{"@context":"https:\/\/schema.org","@graph":[{"@type":"Article","@id":"https:\/\/novaorg.cofb.net\/2021\/11\/19\/indicadors-per-avaluar-lestat-de-salut-del-nostre-entorn-tema-central-duna-nova-formacio-al-cofb-al-voltant-de-la-salut-comunitaria\/#article","isPartOf":{"@id":"https:\/\/novaorg.cofb.net\/2021\/11\/19\/indicadors-per-avaluar-lestat-de-salut-del-nostre-entorn-tema-central-duna-nova-formacio-al-cofb-al-voltant-de-la-salut-comunitaria\/"},"author":{"name":"wpAdminCofbOrg","@id":"https:\/\/www.cofb.org\/#\/schema\/person\/22ed7eea88da74b0fa4d3154ad87ffcb"},"headline":"Indicadors per avaluar l&#8217;estat de salut del nostre entorn, tema central d&#8217;una nova formaci\u00f3 al COFB al voltant de la salut comunit\u00e0ria","datePublished":"2021-11-19T13:42:59+00:00","dateModified":"2024-04-05T10:47:32+00:00","mainEntityOfPage":{"@id":"https:\/\/novaorg.cofb.net\/2021\/11\/19\/indicadors-per-avaluar-lestat-de-salut-del-nostre-entorn-tema-central-duna-nova-formacio-al-cofb-al-voltant-de-la-salut-comunitaria\/"},"wordCount":1041,"commentCount":0,"publisher":{"@id":"https:\/\/www.cofb.org\/#organization"},"image":{"@id":"https:\/\/novaorg.cofb.net\/2021\/11\/19\/indicadors-per-avaluar-lestat-de-salut-del-nostre-entorn-tema-central-duna-nova-formacio-al-cofb-al-voltant-de-la-salut-comunitaria\/#primaryimage"},"thumbnailUrl":"https:\/\/www.cofb.org\/wp-content\/uploads\/2024\/04\/Indicadors-en-salut-3-1024x576-1.jpeg","keywords":["Ag\u00e8ncia de Salut P\u00fablica de Catalunya","AQuAS","ASPCAT","COFB","Col\u00b7legi de Farmac\u00e8utics de Barcelona","determinants en salut","entorn","entorn socioecon\u00f2mic","farm\u00e0cia comunitaria","Formaci\u00f3","indicadors","informe comunitari","informe de salut","Investigaci\u00f3","Investigaci\u00f3 i doc\u00e8ncia","Oficina de farm\u00e0cia","salut","salut comunit\u00e0ria","societat"],"articleSection":["Destacats","M\u00f3n col\u00b7legial"],"inLanguage":"es","potentialAction":[{"@type":"CommentAction","name":"Comment","target":["https:\/\/novaorg.cofb.net\/2021\/11\/19\/indicadors-per-avaluar-lestat-de-salut-del-nostre-entorn-tema-central-duna-nova-formacio-al-cofb-al-voltant-de-la-salut-comunitaria\/#respond"]}]},{"@type":"WebPage","@id":"https:\/\/novaorg.cofb.net\/2021\/11\/19\/indicadors-per-avaluar-lestat-de-salut-del-nostre-entorn-tema-central-duna-nova-formacio-al-cofb-al-voltant-de-la-salut-comunitaria\/","url":"https:\/\/novaorg.cofb.net\/2021\/11\/19\/indicadors-per-avaluar-lestat-de-salut-del-nostre-entorn-tema-central-duna-nova-formacio-al-cofb-al-voltant-de-la-salut-comunitaria\/","name":"Indicadors per avaluar l'estat de salut del nostre entorn, tema central d'una nova formaci\u00f3 al COFB al voltant de la salut comunit\u00e0ria - Col\u00b7legi de Farmac\u00e8utics de Barcelona","isPartOf":{"@id":"https:\/\/www.cofb.org\/#website"},"primaryImageOfPage":{"@id":"https:\/\/novaorg.cofb.net\/2021\/11\/19\/indicadors-per-avaluar-lestat-de-salut-del-nostre-entorn-tema-central-duna-nova-formacio-al-cofb-al-voltant-de-la-salut-comunitaria\/#primaryimage"},"image":{"@id":"https:\/\/novaorg.cofb.net\/2021\/11\/19\/indicadors-per-avaluar-lestat-de-salut-del-nostre-entorn-tema-central-duna-nova-formacio-al-cofb-al-voltant-de-la-salut-comunitaria\/#primaryimage"},"thumbnailUrl":"https:\/\/www.cofb.org\/wp-content\/uploads\/2024\/04\/Indicadors-en-salut-3-1024x576-1.jpeg","datePublished":"2021-11-19T13:42:59+00:00","dateModified":"2024-04-05T10:47:32+00:00","description":"El passat divendres 12 de novembre va tenir lloc al COFB la formaci\u00f3 \"Indicadors per avaluar l'estat de salut del nostre entorn\", que tenia per objectius entendre els indicadors b\u00e0sics de salut i la utilitat que tenen a l'hora de fer un informe referit a la salut local en un context de salut comunit\u00e0ria i poder aplicar els coneixements apresos a la tasca di\u00e0ria de la farm\u00e0cia.","breadcrumb":{"@id":"https:\/\/novaorg.cofb.net\/2021\/11\/19\/indicadors-per-avaluar-lestat-de-salut-del-nostre-entorn-tema-central-duna-nova-formacio-al-cofb-al-voltant-de-la-salut-comunitaria\/#breadcrumb"},"inLanguage":"es","potentialAction":[{"@type":"ReadAction","target":["https:\/\/novaorg.cofb.net\/2021\/11\/19\/indicadors-per-avaluar-lestat-de-salut-del-nostre-entorn-tema-central-duna-nova-formacio-al-cofb-al-voltant-de-la-salut-comunitaria\/"]}]},{"@type":"ImageObject","inLanguage":"es","@id":"https:\/\/novaorg.cofb.net\/2021\/11\/19\/indicadors-per-avaluar-lestat-de-salut-del-nostre-entorn-tema-central-duna-nova-formacio-al-cofb-al-voltant-de-la-salut-comunitaria\/#primaryimage","url":"https:\/\/www.cofb.org\/wp-content\/uploads\/2024\/04\/Indicadors-en-salut-3-1024x576-1.jpeg","contentUrl":"https:\/\/www.cofb.org\/wp-content\/uploads\/2024\/04\/Indicadors-en-salut-3-1024x576-1.jpeg","width":1024,"height":576},{"@type":"BreadcrumbList","@id":"https:\/\/novaorg.cofb.net\/2021\/11\/19\/indicadors-per-avaluar-lestat-de-salut-del-nostre-entorn-tema-central-duna-nova-formacio-al-cofb-al-voltant-de-la-salut-comunitaria\/#breadcrumb","itemListElement":[{"@type":"ListItem","position":1,"name":"Inici","item":"https:\/\/novaorg.cofb.net\/"},{"@type":"ListItem","position":2,"name":"Indicadors per avaluar l&#8217;estat de salut del nostre entorn, tema central d&#8217;una nova formaci\u00f3 al COFB al voltant de la salut comunit\u00e0ria"}]},{"@type":"WebSite","@id":"https:\/\/www.cofb.org\/#website","url":"https:\/\/www.cofb.org\/","name":"Col\u00b7legi de Farmac\u00e8utics de Barcelona","description":"","publisher":{"@id":"https:\/\/www.cofb.org\/#organization"},"potentialAction":[{"@type":"SearchAction","target":{"@type":"EntryPoint","urlTemplate":"https:\/\/www.cofb.org\/?s={search_term_string}"},"query-input":"required name=search_term_string"}],"inLanguage":"es"},{"@type":"Organization","@id":"https:\/\/www.cofb.org\/#organization","name":"Col\u00b7legi de Farmac\u00e8utics de Barcelona","url":"https:\/\/www.cofb.org\/","logo":{"@type":"ImageObject","inLanguage":"es","@id":"https:\/\/www.cofb.org\/#\/schema\/logo\/image\/","url":"https:\/\/www.cofb.org\/wp-content\/uploads\/2023\/11\/cropped-Logotip-COFB.png","contentUrl":"https:\/\/www.cofb.org\/wp-content\/uploads\/2023\/11\/cropped-Logotip-COFB.png","width":500,"height":105,"caption":"Col\u00b7legi de Farmac\u00e8utics de Barcelona"},"image":{"@id":"https:\/\/www.cofb.org\/#\/schema\/logo\/image\/"},"sameAs":["https:\/\/www.facebook.com\/farmaceuticsbcn\/","https:\/\/twitter.com\/farmaceuticsbcn","https:\/\/www.instagram.com\/farmaceuticsbcn\/","https:\/\/www.linkedin.com\/company\/farmaceuticsbcn\/"]},{"@type":"Person","@id":"https:\/\/www.cofb.org\/#\/schema\/person\/22ed7eea88da74b0fa4d3154ad87ffcb","name":"wpAdminCofbOrg","image":{"@type":"ImageObject","inLanguage":"es","@id":"https:\/\/www.cofb.org\/#\/schema\/person\/image\/","url":"https:\/\/secure.gravatar.com\/avatar\/1721b20b3b8ca882c3b56ec6c978c594fff670e40c0718e9190eaeeb76aae7d8?s=96&d=mm&r=g","contentUrl":"https:\/\/secure.gravatar.com\/avatar\/1721b20b3b8ca882c3b56ec6c978c594fff670e40c0718e9190eaeeb76aae7d8?s=96&d=mm&r=g","caption":"wpAdminCofbOrg"},"sameAs":["http:\/\/192.168.64.122\/wordpress"],"url":"https:\/\/www.cofb.org\/es\/author\/wpadmincofborg\/"}]}},"uagb_featured_image_src":{"full":["https:\/\/www.cofb.org\/wp-content\/uploads\/2024\/04\/Indicadors-en-salut-3-1024x576-1.jpeg",1024,576,false],"thumbnail":["https:\/\/www.cofb.org\/wp-content\/uploads\/2024\/04\/Indicadors-en-salut-3-1024x576-1-150x150.jpeg",150,150,true],"medium":["https:\/\/www.cofb.org\/wp-content\/uploads\/2024\/04\/Indicadors-en-salut-3-1024x576-1-300x169.jpeg",300,169,true],"medium_large":["https:\/\/www.cofb.org\/wp-content\/uploads\/2024\/04\/Indicadors-en-salut-3-1024x576-1-768x432.jpeg",768,432,true],"large":["https:\/\/www.cofb.org\/wp-content\/uploads\/2024\/04\/Indicadors-en-salut-3-1024x576-1.jpeg",1024,576,false],"1536x1536":["https:\/\/www.cofb.org\/wp-content\/uploads\/2024\/04\/Indicadors-en-salut-3-1024x576-1.jpeg",1024,576,false],"2048x2048":["https:\/\/www.cofb.org\/wp-content\/uploads\/2024\/04\/Indicadors-en-salut-3-1024x576-1.jpeg",1024,576,false],"trp-custom-language-flag":["https:\/\/www.cofb.org\/wp-content\/uploads\/2024\/04\/Indicadors-en-salut-3-1024x576-1-18x10.jpeg",18,10,true]},"uagb_author_info":{"display_name":"wpAdminCofbOrg","author_link":"https:\/\/www.cofb.org\/es\/author\/wpadmincofborg\/"},"uagb_comment_info":0,"uagb_excerpt":"El passat divendres 12 de novembre va tenir lloc al COFB la formaci\u00f3 &#8220;Indicadors per avaluar l&#8217;estat de salut del nostre entorn&#8221;, que tenia per objectius entendre els indicadors b\u00e0sics de salut i la utilitat que tenen a l&#8217;hora de fer un informe referit a la salut local en un [&hellip;]","_links":{"self":[{"href":"https:\/\/www.cofb.org\/es\/wp-json\/wp\/v2\/posts\/58099","targetHints":{"allow":["GET"]}}],"collection":[{"href":"https:\/\/www.cofb.org\/es\/wp-json\/wp\/v2\/posts"}],"about":[{"href":"https:\/\/www.cofb.org\/es\/wp-json\/wp\/v2\/types\/post"}],"author":[{"embeddable":true,"href":"https:\/\/www.cofb.org\/es\/wp-json\/wp\/v2\/users\/1"}],"replies":[{"embeddable":true,"href":"https:\/\/www.cofb.org\/es\/wp-json\/wp\/v2\/comments?post=58099"}],"version-history":[{"count":1,"href":"https:\/\/www.cofb.org\/es\/wp-json\/wp\/v2\/posts\/58099\/revisions"}],"predecessor-version":[{"id":78090,"href":"https:\/\/www.cofb.org\/es\/wp-json\/wp\/v2\/posts\/58099\/revisions\/78090"}],"wp:featuredmedia":[{"embeddable":true,"href":"https:\/\/www.cofb.org\/es\/wp-json\/wp\/v2\/media\/78089"}],"wp:attachment":[{"href":"https:\/\/www.cofb.org\/es\/wp-json\/wp\/v2\/media?parent=58099"}],"wp:term":[{"taxonomy":"category","embeddable":true,"href":"https:\/\/www.cofb.org\/es\/wp-json\/wp\/v2\/categories?post=58099"},{"taxonomy":"post_tag","embeddable":true,"href":"https:\/\/www.cofb.org\/es\/wp-json\/wp\/v2\/tags?post=58099"}],"curies":[{"name":"wp","href":"https:\/\/api.w.org\/{rel}","templated":true}]}}