{"id":58077,"date":"2021-11-17T11:54:00","date_gmt":"2021-11-17T09:54:00","guid":{"rendered":"https:\/\/blog.cofb.cat\/?p=58077"},"modified":"2024-04-05T10:47:09","modified_gmt":"2024-04-05T10:47:09","slug":"el-vi-concurs-de-fotografia-del-cofb-ja-te-guanyadors","status":"publish","type":"post","link":"https:\/\/www.cofb.org\/es\/2021\/11\/17\/el-vi-concurs-de-fotografia-del-cofb-ja-te-guanyadors\/","title":{"rendered":"El VI Concurso de Fotograf\u00eda del COFB ya tiene ganadores"},"content":{"rendered":"<p>Ya tenemos los ganadores de la VI edici\u00f3n del Concurso de Fotograf\u00eda del COFB, en el que la&nbsp;<strong>tem\u00e1tica propuesta<\/strong>&nbsp;ha sido \u201c<strong>Desconfinamiento: allegro mi nombre troppo<\/strong>\u201c. Los ganadores de los primeros premios han sido Alfred Roig y Eduard Mas, en las categor\u00edas de color y blanco y negro respectivamente<strong>,<\/strong> que tendr\u00e1n las fotograf\u00edas premiadas expuestas en la sede colegial. <\/p>\n\n\n\n<h1 class=\"wp-block-heading\"><strong>Premio de fotograf\u00eda en color<\/strong><\/h1>\n\n\n\n<p><strong>Alfred Roig<\/strong> fue el ganador de la categor\u00eda de fotograf\u00eda en color con la fotograf\u00eda &quot;Hito&quot;. <\/p>\n\n\n\n<figure class=\"wp-block-image size-large\"><a href=\"https:\/\/blog.cofb.cat\/wp-content\/uploads\/2021\/11\/Hito_color-scaled.jpg\" target=\"_blank\" rel=\"noopener\"><img decoding=\"async\" src=\"https:\/\/blog.cofb.cat\/wp-content\/uploads\/2021\/11\/Hito_color-1024x683.jpg\" alt=\"\" class=\"wp-image-58078\"\/><\/a><figcaption>\u201cHito\u201d \u2013 Alfred Roig, ganador de la categor\u00eda en color<\/figcaption><\/figure>\n\n\n\n<p>En la misma categor\u00eda quedaron finalistas <strong>Juan Soldevila, Eduard Mas, Oscar Capell y Marc Iglesias.<\/strong><\/p>\n\n\n\n<div class=\"wp-block-columns is-layout-flex wp-container-core-columns-is-layout-28f84493 wp-block-columns-is-layout-flex\">\n<div class=\"wp-block-column is-vertically-aligned-center is-layout-flow wp-block-column-is-layout-flow\" style=\"flex-basis:100%\">\n<div class=\"wp-block-columns is-layout-flex wp-container-core-columns-is-layout-28f84493 wp-block-columns-is-layout-flex\">\n<div class=\"wp-block-column is-layout-flow wp-block-column-is-layout-flow\">\n<div class=\"wp-block-image\"><figure class=\"aligncenter size-large is-resized\"><a href=\"https:\/\/blog.cofb.cat\/wp-content\/uploads\/2021\/11\/elmusic-solde-4-1.jpg-1-1-scaled.jpg\" target=\"_blank\" rel=\"noopener\"><img fetchpriority=\"high\" decoding=\"async\" src=\"https:\/\/blog.cofb.cat\/wp-content\/uploads\/2021\/11\/elmusic-solde-4-1.jpg-1-1-1024x806.jpg\" alt=\"\" class=\"wp-image-58136\" width=\"334\" height=\"262\"\/><\/a><figcaption>&quot;El m\u00fasico&quot; \u2013 Juan Soldevila<\/figcaption><\/figure><\/div>\n<\/div>\n\n\n\n<div class=\"wp-block-column is-layout-flow wp-block-column-is-layout-flow\">\n<div class=\"wp-block-image\"><figure class=\"aligncenter size-full is-resized\"><a href=\"https:\/\/blog.cofb.cat\/wp-content\/uploads\/2021\/11\/DesconfinamentAllegroMaNonTroppo-SebastiaoSalgadoDesconfinat-2CC-1-1-1_opt-2.jpg\" target=\"_blank\" rel=\"noopener\"><img decoding=\"async\" src=\"https:\/\/blog.cofb.cat\/wp-content\/uploads\/2021\/11\/DesconfinamentAllegroMaNonTroppo-SebastiaoSalgadoDesconfinat-2CC-1-1-1_opt-2.jpg\" alt=\"\" class=\"wp-image-58137\" width=\"392\" height=\"262\"\/><\/a><figcaption>\u201d Alegr\u00eda e ilusi\u00f3n al salir de la cris\u00e1lida\u201d \u2013 Eduard Mas<\/figcaption><\/figure><\/div>\n\n\n\n<p><\/p>\n<\/div>\n<\/div>\n<\/div>\n<\/div>\n\n\n\n<div class=\"wp-block-columns is-layout-flex wp-container-core-columns-is-layout-28f84493 wp-block-columns-is-layout-flex\">\n<div class=\"wp-block-column is-vertically-aligned-center is-layout-flow wp-block-column-is-layout-flow\" style=\"flex-basis:100%\">\n<div class=\"wp-block-columns is-layout-flex wp-container-core-columns-is-layout-28f84493 wp-block-columns-is-layout-flex\">\n<div class=\"wp-block-column is-layout-flow wp-block-column-is-layout-flow\">\n<div class=\"wp-block-image\"><figure class=\"aligncenter size-large is-resized\"><a href=\"https:\/\/blog.cofb.cat\/wp-content\/uploads\/2021\/11\/Enfrontant-lonada-pandemica-Harlock-1-scaled.jpg\" target=\"_blank\" rel=\"noopener\"><img decoding=\"async\" src=\"https:\/\/blog.cofb.cat\/wp-content\/uploads\/2021\/11\/Enfrontant-lonada-pandemica-Harlock-1-768x1024.jpg\" alt=\"\" class=\"wp-image-58130\" width=\"262\" height=\"349\"\/><\/a><figcaption>\u201cEnfrentando la ola (pand\u00e9mica\u201d \u2013 Oscar Capel<\/figcaption><\/figure><\/div>\n<\/div>\n\n\n\n<div class=\"wp-block-column is-layout-flow wp-block-column-is-layout-flow\">\n<div class=\"wp-block-image\"><figure class=\"aligncenter size-full is-resized\"><a href=\"https:\/\/blog.cofb.cat\/wp-content\/uploads\/2021\/11\/FOTO1-2.jpg\" target=\"_blank\" rel=\"noopener\"><img loading=\"lazy\" decoding=\"async\" src=\"https:\/\/blog.cofb.cat\/wp-content\/uploads\/2021\/11\/FOTO1-2.jpg\" alt=\"\" class=\"wp-image-58131\" width=\"305\" height=\"244\"\/><\/a><figcaption>\u201cFoto 1\u201d \u2013 Marc Iglesias<\/figcaption><\/figure><\/div>\n<\/div>\n<\/div>\n<\/div>\n<\/div>\n\n\n\n<h1 class=\"wp-block-heading\"><strong>Categor\u00eda de fotograf\u00eda en blanco y negro<\/strong><\/h1>\n\n\n\n<p>El premio en la categor\u00eda en blanco y negro se lo ha llevado <strong>Eduard Mas<\/strong>, con la fotograf\u00eda titulada \u201c<strong>Resiliencia\u2026 \u00a1y swing!<\/strong>&#8220;:<\/p>\n\n\n\n<figure class=\"wp-block-image size-large\"><a href=\"https:\/\/blog.cofb.cat\/wp-content\/uploads\/2021\/11\/DesconfinamentAllegroMaNonTroppo-SebastiaoSalgadoDesconfinat-2CBN-1-scaled.jpg\" target=\"_blank\" rel=\"noopener\"><img decoding=\"async\" src=\"https:\/\/blog.cofb.cat\/wp-content\/uploads\/2021\/11\/DesconfinamentAllegroMaNonTroppo-SebastiaoSalgadoDesconfinat-2CBN-1-1024x683.jpg\" alt=\"\" class=\"wp-image-58081\"\/><\/a><figcaption>\u201cResiliencia\u2026 \u00a1y swing!\u201d \u2013 Eduard Mas, ganador en la categor\u00eda blanco y negro<\/figcaption><\/figure>\n\n\n\n<p>En la misma categor\u00eda, los finalistas fueron<strong> Juan Carlos Vivas, Marco Iglesias y Manuel Francisco Mazario<\/strong>.<\/p>\n\n\n\n<div class=\"wp-block-columns is-layout-flex wp-container-core-columns-is-layout-28f84493 wp-block-columns-is-layout-flex\">\n<div class=\"wp-block-column is-layout-flow wp-block-column-is-layout-flow\">\n<figure class=\"wp-block-image size-full\"><a href=\"https:\/\/blog.cofb.cat\/wp-content\/uploads\/2021\/11\/Espais-segurs-2-_-Carlos_opt.jpg\" target=\"_blank\" rel=\"noopener\"><img decoding=\"async\" src=\"https:\/\/blog.cofb.cat\/wp-content\/uploads\/2021\/11\/Espais-segurs-2-_-Carlos_opt.jpg\" alt=\"\" class=\"wp-image-58121\"\/><\/a><figcaption>\u201cEspacios seguros 2\u201d \u2013 Juan Carlos Vivas<\/figcaption><\/figure>\n<\/div>\n\n\n\n<div class=\"wp-block-column is-layout-flow wp-block-column-is-layout-flow\">\n<figure class=\"wp-block-image size-full\"><a href=\"https:\/\/blog.cofb.cat\/wp-content\/uploads\/2021\/11\/FOTO-4_opt.jpg\" target=\"_blank\" rel=\"noopener\"><img decoding=\"async\" src=\"https:\/\/blog.cofb.cat\/wp-content\/uploads\/2021\/11\/FOTO-4_opt.jpg\" alt=\"\" class=\"wp-image-58122\"\/><\/a><figcaption>\u201cFoto 4\u201d \u2013 Marc Iglesias<\/figcaption><\/figure>\n<\/div>\n\n\n\n<div class=\"wp-block-column is-layout-flow wp-block-column-is-layout-flow\">\n<figure class=\"wp-block-image size-full\"><a href=\"https:\/\/blog.cofb.cat\/wp-content\/uploads\/2021\/11\/Retrato-interior-Francesc-Riu-Martell_opt.jpg\" target=\"_blank\" rel=\"noopener\"><img decoding=\"async\" src=\"https:\/\/blog.cofb.cat\/wp-content\/uploads\/2021\/11\/Retrato-interior-Francesc-Riu-Martell_opt.jpg\" alt=\"\" class=\"wp-image-58124\"\/><\/a><figcaption>\u201cRetrato interior\u201d \u2013 Manuel Francisco Mazario<\/figcaption><\/figure>\n<\/div>\n<\/div>\n\n\n\n<h2 class=\"wp-block-heading\"><strong>Participantes de fotograf\u00eda en color<\/strong><\/h2>\n\n\n\n<div class=\"wp-block-group is-layout-flow wp-block-group-is-layout-flow\">\n<div class=\"wp-block-group is-layout-flow wp-block-group-is-layout-flow\">\n<div class=\"wp-block-columns is-layout-flex wp-container-core-columns-is-layout-28f84493 wp-block-columns-is-layout-flex\">\n<div class=\"wp-block-column is-layout-flow wp-block-column-is-layout-flow\" style=\"flex-basis:100%\">\n<div class=\"wp-block-group is-layout-flow wp-block-group-is-layout-flow\">\n<div class=\"wp-block-columns is-layout-flex wp-container-core-columns-is-layout-28f84493 wp-block-columns-is-layout-flex\">\n<div class=\"wp-block-column is-layout-flow wp-block-column-is-layout-flow\">\n<figure class=\"wp-block-image size-large\"><a href=\"https:\/\/blog.cofb.cat\/wp-content\/uploads\/2021\/11\/A-mig-gas-3_-Carlos-1-scaled.jpg\" target=\"_blank\" rel=\"noopener\"><img decoding=\"async\" src=\"https:\/\/blog.cofb.cat\/wp-content\/uploads\/2021\/11\/A-mig-gas-3_-Carlos-1-1024x768.jpg\" alt=\"\" class=\"wp-image-58085\"\/><\/a><figcaption>&quot;A medio gas&quot;<\/figcaption><\/figure>\n\n\n\n<figure class=\"wp-block-image size-full\"><a href=\"https:\/\/blog.cofb.cat\/wp-content\/uploads\/2021\/11\/Hi-ha-llum-Francesc-Riu-Martell_opt.jpg\" target=\"_blank\" rel=\"noopener\"><img decoding=\"async\" src=\"https:\/\/blog.cofb.cat\/wp-content\/uploads\/2021\/11\/Hi-ha-llum-Francesc-Riu-Martell_opt.jpg\" alt=\"\" class=\"wp-image-58159\"\/><\/a><figcaption>&quot;Hay luz&quot;<\/figcaption><\/figure>\n\n\n\n<figure class=\"wp-block-image size-full is-resized\"><a href=\"https:\/\/blog.cofb.cat\/wp-content\/uploads\/2021\/11\/Petit-a-petit_opt.jpg\" target=\"_blank\" rel=\"noopener\"><img loading=\"lazy\" decoding=\"async\" src=\"https:\/\/blog.cofb.cat\/wp-content\/uploads\/2021\/11\/Petit-a-petit_opt.jpg\" alt=\"\" class=\"wp-image-58175\" width=\"154\" height=\"204\"\/><\/a><figcaption>\u201cPeque\u00f1o a peque\u00f1o\u201d<\/figcaption><\/figure>\n\n\n\n<figure class=\"wp-block-image size-full\"><a href=\"https:\/\/blog.cofb.cat\/wp-content\/uploads\/2021\/11\/Redescobrint-la-ciutat-Plantfullnes-1_opt.jpg\" target=\"_blank\" rel=\"noopener\"><img decoding=\"async\" src=\"https:\/\/blog.cofb.cat\/wp-content\/uploads\/2021\/11\/Redescobrint-la-ciutat-Plantfullnes-1_opt.jpg\" alt=\"\" class=\"wp-image-58181\"\/><\/a><figcaption>&quot;Redescubriendo la ciudad 1&quot;<\/figcaption><\/figure>\n\n\n\n<figure class=\"wp-block-image size-full\"><a href=\"https:\/\/blog.cofb.cat\/wp-content\/uploads\/2021\/11\/DesconfinamentAllegroMaNonTroppo-SebastiaoSalgadoDesconfinat-1CC_opt.jpg\" target=\"_blank\" rel=\"noopener\"><img decoding=\"async\" src=\"https:\/\/blog.cofb.cat\/wp-content\/uploads\/2021\/11\/DesconfinamentAllegroMaNonTroppo-SebastiaoSalgadoDesconfinat-1CC_opt.jpg\" alt=\"\" class=\"wp-image-58184\"\/><\/a><figcaption>Sin t\u00edtulo<\/figcaption><\/figure>\n\n\n\n<figure class=\"wp-block-image size-full is-resized\"><a href=\"https:\/\/blog.cofb.cat\/wp-content\/uploads\/2021\/11\/Tornem-al-parc_opt.jpg\" target=\"_blank\" rel=\"noopener\"><img loading=\"lazy\" decoding=\"async\" src=\"https:\/\/blog.cofb.cat\/wp-content\/uploads\/2021\/11\/Tornem-al-parc_opt.jpg\" alt=\"\" class=\"wp-image-58190\" width=\"161\" height=\"214\"\/><\/a><figcaption>\u201cVolvemos al parque\u201d<\/figcaption><\/figure>\n<\/div>\n\n\n\n<div class=\"wp-block-column is-layout-flow wp-block-column-is-layout-flow\">\n<figure class=\"wp-block-image size-large\"><a href=\"https:\/\/blog.cofb.cat\/wp-content\/uploads\/2021\/11\/allegro-ma-non-troppo_Esplufap_color.jpeg\" target=\"_blank\" rel=\"noopener\"><img decoding=\"async\" src=\"https:\/\/blog.cofb.cat\/wp-content\/uploads\/2021\/11\/allegro-ma-non-troppo_Esplufap_color-1024x768.jpeg\" alt=\"\" class=\"wp-image-58088\"\/><\/a><figcaption>Sin t\u00edtulo<\/figcaption><\/figure>\n\n\n\n<figure class=\"wp-block-image size-full\"><a href=\"https:\/\/blog.cofb.cat\/wp-content\/uploads\/2021\/11\/Escenas-cotidianas_opt.jpg\" target=\"_blank\" rel=\"noopener\"><img decoding=\"async\" src=\"https:\/\/blog.cofb.cat\/wp-content\/uploads\/2021\/11\/Escenas-cotidianas_opt.jpg\" alt=\"\" class=\"wp-image-58158\"\/><\/a><figcaption>\u201cEscenas cotidianas. Las cuatro y las seis.\u201d<\/figcaption><\/figure>\n\n\n\n<figure class=\"wp-block-image size-full\"><a href=\"https:\/\/blog.cofb.cat\/wp-content\/uploads\/2021\/11\/Amb-pas-ferm-Oraneta-1342-jpg_opt.jpg\" target=\"_blank\" rel=\"noopener\"><img decoding=\"async\" src=\"https:\/\/blog.cofb.cat\/wp-content\/uploads\/2021\/11\/Amb-pas-ferm-Oraneta-1342-jpg_opt.jpg\" alt=\"\" class=\"wp-image-58176\"\/><\/a><figcaption>&quot;Con paso firme&quot;<\/figcaption><\/figure>\n\n\n\n<figure class=\"wp-block-image size-full\"><a href=\"https:\/\/blog.cofb.cat\/wp-content\/uploads\/2021\/11\/Mare-Terra-Piluqui_Mobil_opt.jpg\" target=\"_blank\" rel=\"noopener\"><img decoding=\"async\" src=\"https:\/\/blog.cofb.cat\/wp-content\/uploads\/2021\/11\/Mare-Terra-Piluqui_Mobil_opt.jpg\" alt=\"\" class=\"wp-image-58177\"\/><\/a><figcaption>&quot;Madre tierra&quot;<\/figcaption><\/figure>\n\n\n\n<figure class=\"wp-block-image size-full is-resized\"><a href=\"https:\/\/blog.cofb.cat\/wp-content\/uploads\/2021\/11\/visites-inesperades_M_C_opt.jpg\" target=\"_blank\" rel=\"noopener\"><img loading=\"lazy\" decoding=\"async\" src=\"https:\/\/blog.cofb.cat\/wp-content\/uploads\/2021\/11\/visites-inesperades_M_C_opt.jpg\" alt=\"\" class=\"wp-image-58183\" width=\"185\" height=\"138\"\/><\/a><figcaption>&quot;Visitas inesperadas&quot;<\/figcaption><\/figure>\n<\/div>\n\n\n\n<div class=\"wp-block-column is-layout-flow wp-block-column-is-layout-flow\">\n<figure class=\"wp-block-image size-large\"><a href=\"https:\/\/blog.cofb.cat\/wp-content\/uploads\/2021\/11\/L\u00b4home-bombolla-1_Carlos-scaled.jpg\" target=\"_blank\" rel=\"noopener\"><img decoding=\"async\" src=\"https:\/\/blog.cofb.cat\/wp-content\/uploads\/2021\/11\/L\u00b4home-bombolla-1_Carlos-768x1024.jpg\" alt=\"\" class=\"wp-image-58086\"\/><\/a><figcaption>&quot;El hombre burbuja&quot;<\/figcaption><\/figure>\n\n\n\n<figure class=\"wp-block-image size-large\"><a href=\"https:\/\/blog.cofb.cat\/wp-content\/uploads\/2021\/11\/La-dualitat-duna-flor-EOS-scaled.jpg\" target=\"_blank\" rel=\"noopener\"><img decoding=\"async\" src=\"https:\/\/blog.cofb.cat\/wp-content\/uploads\/2021\/11\/La-dualitat-duna-flor-EOS-768x1024.jpg\" alt=\"\" class=\"wp-image-58093\"\/><\/a><figcaption>&quot;La dualidad de una flor&quot;<\/figcaption><\/figure>\n\n\n\n<figure class=\"wp-block-image size-full\"><a href=\"https:\/\/blog.cofb.cat\/wp-content\/uploads\/2021\/11\/Redescobrint-la-ciutat-Plantfullnes-2_opt.jpg\" target=\"_blank\" rel=\"noopener\"><img decoding=\"async\" src=\"https:\/\/blog.cofb.cat\/wp-content\/uploads\/2021\/11\/Redescobrint-la-ciutat-Plantfullnes-2_opt.jpg\" alt=\"\" class=\"wp-image-58182\"\/><\/a><figcaption>&quot;Redescubriendo la ciudad 2&quot;<\/figcaption><\/figure>\n\n\n\n<figure class=\"wp-block-image size-full\"><a href=\"https:\/\/blog.cofb.cat\/wp-content\/uploads\/2021\/11\/oci-solde-3_opt.jpg\" target=\"_blank\" rel=\"noopener\"><img decoding=\"async\" src=\"https:\/\/blog.cofb.cat\/wp-content\/uploads\/2021\/11\/oci-solde-3_opt.jpg\" alt=\"\" class=\"wp-image-58187\"\/><\/a><figcaption>\u201cOcio\u201d<\/figcaption><\/figure>\n<\/div>\n\n\n\n<div class=\"wp-block-column is-layout-flow wp-block-column-is-layout-flow\">\n<figure class=\"wp-block-image size-full is-resized\"><a href=\"https:\/\/blog.cofb.cat\/wp-content\/uploads\/2021\/11\/FOTO2_opt.jpg\" target=\"_blank\" rel=\"noopener\"><img loading=\"lazy\" decoding=\"async\" src=\"https:\/\/blog.cofb.cat\/wp-content\/uploads\/2021\/11\/FOTO2_opt.jpg\" alt=\"\" class=\"wp-image-58160\" width=\"187\" height=\"125\"\/><\/a><figcaption>&quot;Foto 2&quot;<\/figcaption><\/figure>\n\n\n\n<figure class=\"wp-block-image size-full\"><a href=\"https:\/\/blog.cofb.cat\/wp-content\/uploads\/2021\/11\/Cervol-camuflat-Mina-1_opt.jpg\" target=\"_blank\" rel=\"noopener\"><img decoding=\"async\" src=\"https:\/\/blog.cofb.cat\/wp-content\/uploads\/2021\/11\/Cervol-camuflat-Mina-1_opt.jpg\" alt=\"\" class=\"wp-image-58173\"\/><\/a><figcaption>\u201cCervo camuflado\u201d<\/figcaption><\/figure>\n\n\n\n<figure class=\"wp-block-image size-full\"><a href=\"https:\/\/blog.cofb.cat\/wp-content\/uploads\/2021\/11\/Porxada-buida-Mina-1_opt.jpg\"><img decoding=\"async\" src=\"https:\/\/blog.cofb.cat\/wp-content\/uploads\/2021\/11\/Porxada-buida-Mina-1_opt.jpg\" alt=\"\" class=\"wp-image-58174\"\/><\/a><figcaption>Porche vac\u00eda<\/figcaption><\/figure>\n\n\n\n<figure class=\"wp-block-image size-full\"><a href=\"https:\/\/blog.cofb.cat\/wp-content\/uploads\/2021\/11\/A-laguait_color_opt.jpg\" target=\"_blank\" rel=\"noopener\"><img decoding=\"async\" src=\"https:\/\/blog.cofb.cat\/wp-content\/uploads\/2021\/11\/A-laguait_color_opt.jpg\" alt=\"\" class=\"wp-image-58179\"\/><\/a><figcaption>\u201cAl acecho\u201d<\/figcaption><\/figure>\n\n\n\n<figure class=\"wp-block-image size-full\"><a href=\"https:\/\/blog.cofb.cat\/wp-content\/uploads\/2021\/11\/Passejar_opt.jpg\" target=\"_blank\" rel=\"noopener\"><img decoding=\"async\" src=\"https:\/\/blog.cofb.cat\/wp-content\/uploads\/2021\/11\/Passejar_opt.jpg\" alt=\"\" class=\"wp-image-58189\"\/><\/a><figcaption>\u201cPasear\u201d<\/figcaption><\/figure>\n<\/div>\n<\/div>\n<\/div>\n<\/div>\n<\/div>\n\n\n\n<div class=\"wp-block-group is-layout-flow wp-block-group-is-layout-flow\">\n<h2 class=\"wp-block-heading\"><strong>Participantes de fotograf\u00eda en blanco y negro<\/strong><\/h2>\n<\/div>\n<\/div>\n<\/div>\n\n\n\n<div class=\"wp-block-columns is-layout-flex wp-container-core-columns-is-layout-28f84493 wp-block-columns-is-layout-flex\">\n<div class=\"wp-block-column is-layout-flow wp-block-column-is-layout-flow\">\n<figure class=\"wp-block-image size-full is-resized\"><a href=\"https:\/\/blog.cofb.cat\/wp-content\/uploads\/2021\/11\/Gris-oscuro-casi-negro_opt.jpg\" target=\"_blank\" rel=\"noopener\"><img loading=\"lazy\" decoding=\"async\" src=\"https:\/\/blog.cofb.cat\/wp-content\/uploads\/2021\/11\/Gris-oscuro-casi-negro_opt.jpg\" alt=\"\" class=\"wp-image-58195\" width=\"184\" height=\"244\"\/><\/a><figcaption>&quot;Gris oscuro casi negro&quot;<\/figcaption><\/figure>\n\n\n\n<figure class=\"wp-block-image size-full is-resized\"><a href=\"https:\/\/blog.cofb.cat\/wp-content\/uploads\/2021\/11\/Diagonal_-pilule_opt.jpg\" target=\"_blank\" rel=\"noopener\"><img loading=\"lazy\" decoding=\"async\" src=\"https:\/\/blog.cofb.cat\/wp-content\/uploads\/2021\/11\/Diagonal_-pilule_opt.jpg\" alt=\"\" class=\"wp-image-58208\" width=\"179\" height=\"269\"\/><\/a><figcaption>&quot;Diagonal&quot;<\/figcaption><\/figure>\n<\/div>\n\n\n\n<div class=\"wp-block-column is-layout-flow wp-block-column-is-layout-flow\">\n<figure class=\"wp-block-image size-full\"><a href=\"https:\/\/blog.cofb.cat\/wp-content\/uploads\/2021\/11\/Escenas-cotidianas_opt-1.jpg\" target=\"_blank\" rel=\"noopener\"><img decoding=\"async\" src=\"https:\/\/blog.cofb.cat\/wp-content\/uploads\/2021\/11\/Escenas-cotidianas_opt-1.jpg\" alt=\"\" class=\"wp-image-58197\"\/><\/a><figcaption>\u201cEscenas cotidianas\u201d<\/figcaption><\/figure>\n\n\n\n<figure class=\"wp-block-image size-full\"><a href=\"https:\/\/blog.cofb.cat\/wp-content\/uploads\/2021\/11\/Erm-Oraneta-2094a-jpg_opt.jpg\" target=\"_blank\" rel=\"noopener\"><img decoding=\"async\" src=\"https:\/\/blog.cofb.cat\/wp-content\/uploads\/2021\/11\/Erm-Oraneta-2094a-jpg_opt.jpg\" alt=\"\" class=\"wp-image-58207\"\/><\/a><figcaption>\u201cErm Oraneta\u201d<\/figcaption><\/figure>\n\n\n\n<figure class=\"wp-block-image size-full\"><a href=\"https:\/\/blog.cofb.cat\/wp-content\/uploads\/2021\/11\/cabrestant_pilule_opt.jpg\" target=\"_blank\" rel=\"noopener\"><img decoding=\"async\" src=\"https:\/\/blog.cofb.cat\/wp-content\/uploads\/2021\/11\/cabrestant_pilule_opt.jpg\" alt=\"\" class=\"wp-image-58209\"\/><\/a><figcaption>\u201cCabrestante\u201d<\/figcaption><\/figure>\n\n\n\n<figure class=\"wp-block-image size-full\"><a href=\"https:\/\/blog.cofb.cat\/wp-content\/uploads\/2021\/11\/solitud-solde-1_opt.jpg\" target=\"_blank\" rel=\"noopener\"><img decoding=\"async\" src=\"https:\/\/blog.cofb.cat\/wp-content\/uploads\/2021\/11\/solitud-solde-1_opt.jpg\" alt=\"\" class=\"wp-image-58215\"\/><\/a><figcaption>&quot;Soledad&quot;<\/figcaption><\/figure>\n<\/div>\n\n\n\n<div class=\"wp-block-column is-layout-flow wp-block-column-is-layout-flow\" style=\"flex-basis:25%\">\n<figure class=\"wp-block-image size-full is-resized\"><a href=\"https:\/\/blog.cofb.cat\/wp-content\/uploads\/2021\/11\/FOTO-3_opt.jpg\" target=\"_blank\" rel=\"noopener\"><img loading=\"lazy\" decoding=\"async\" src=\"https:\/\/blog.cofb.cat\/wp-content\/uploads\/2021\/11\/FOTO-3_opt.jpg\" alt=\"\" class=\"wp-image-58198\" width=\"140\" height=\"222\"\/><\/a><figcaption>&quot;Foto 3&quot;<\/figcaption><\/figure>\n\n\n\n<figure class=\"wp-block-image size-full is-resized\"><a href=\"https:\/\/blog.cofb.cat\/wp-content\/uploads\/2021\/11\/DesconfinamentAllegroMaNonTroppo-SebastiaoSalgadoDesconfinat-1CBN_opt.jpg\" target=\"_blank\" rel=\"noopener\"><img loading=\"lazy\" decoding=\"async\" src=\"https:\/\/blog.cofb.cat\/wp-content\/uploads\/2021\/11\/DesconfinamentAllegroMaNonTroppo-SebastiaoSalgadoDesconfinat-1CBN_opt.jpg\" alt=\"\" class=\"wp-image-58210\" width=\"181\" height=\"121\"\/><\/a><\/figure>\n\n\n\n<figure class=\"wp-block-image size-full is-resized\"><a href=\"https:\/\/blog.cofb.cat\/wp-content\/uploads\/2021\/11\/Flowers_opt.jpg\" target=\"_blank\" rel=\"noopener\"><img loading=\"lazy\" decoding=\"async\" src=\"https:\/\/blog.cofb.cat\/wp-content\/uploads\/2021\/11\/Flowers_opt.jpg\" alt=\"\" class=\"wp-image-58217\" width=\"176\" height=\"234\"\/><\/a><figcaption>\u201cFlowers\u201d<\/figcaption><\/figure>\n<\/div>\n\n\n\n<div class=\"wp-block-column is-layout-flow wp-block-column-is-layout-flow\" style=\"flex-basis:25%\">\n<figure class=\"wp-block-image size-full is-resized\"><a href=\"https:\/\/blog.cofb.cat\/wp-content\/uploads\/2021\/11\/Vull-Llibertat-Oraneta-111148-jpg_opt.jpg\" target=\"_blank\" rel=\"noopener\"><img loading=\"lazy\" decoding=\"async\" src=\"https:\/\/blog.cofb.cat\/wp-content\/uploads\/2021\/11\/Vull-Llibertat-Oraneta-111148-jpg_opt.jpg\" alt=\"\" class=\"wp-image-58204\" width=\"185\" height=\"237\"\/><\/a><figcaption>&quot;Quiero Libertad&quot;<\/figcaption><\/figure>\n\n\n\n<figure class=\"wp-block-image size-full\"><a href=\"https:\/\/blog.cofb.cat\/wp-content\/uploads\/2021\/11\/lasignatura-solde-2_opt.jpg\" target=\"_blank\" rel=\"noopener\"><img decoding=\"async\" src=\"https:\/\/blog.cofb.cat\/wp-content\/uploads\/2021\/11\/lasignatura-solde-2_opt.jpg\" alt=\"\" class=\"wp-image-58212\"\/><\/a><figcaption>&quot;La firma&quot;<\/figcaption><\/figure>\n\n\n\n<figure class=\"wp-block-image size-full is-resized\"><a href=\"https:\/\/blog.cofb.cat\/wp-content\/uploads\/2021\/11\/Vacances_opt.jpg\" target=\"_blank\" rel=\"noopener\"><img loading=\"lazy\" decoding=\"async\" src=\"https:\/\/blog.cofb.cat\/wp-content\/uploads\/2021\/11\/Vacances_opt.jpg\" alt=\"\" class=\"wp-image-58218\" width=\"156\" height=\"207\"\/><\/a><figcaption>&quot;Vacaciones&quot;<\/figcaption><\/figure>\n<\/div>\n<\/div>\n\n\n\n<h1 class=\"wp-block-heading\"><strong>Entrega de premios a los ganadores del VI Concurso de Fotograf\u00eda del COFB <\/strong><\/h1>\n\n\n\n<figure class=\"wp-block-gallery columns-2 is-cropped wp-block-gallery-1 is-layout-flex wp-block-gallery-is-layout-flex\"><ul class=\"blocks-gallery-grid\"><li class=\"blocks-gallery-item\"><figure><a href=\"https:\/\/blog.cofb.cat\/wp-content\/uploads\/2021\/11\/Eduard-Mas.jpg\"><img decoding=\"async\" src=\"https:\/\/blog.cofb.cat\/wp-content\/uploads\/2021\/11\/Eduard-Mas-1024x701.jpg\" alt=\"\" data-id=\"58809\" data-full-url=\"https:\/\/blog.cofb.cat\/wp-content\/uploads\/2021\/11\/Eduard-Mas.jpg\" data-link=\"https:\/\/blog.cofb.cat\/el-vi-concurs-de-fotografia-del-cofb-ja-te-guanyadors\/eduard-mas\/\" class=\"wp-image-58809\"\/><\/a><figcaption class=\"blocks-gallery-item__caption\">Eduard Mas, ganador de la categor\u00eda en blanco y negro<\/figcaption><\/figure><\/li><li class=\"blocks-gallery-item\"><figure><a href=\"https:\/\/blog.cofb.cat\/wp-content\/uploads\/2021\/11\/Alfred_Roig-scaled.jpg\"><img decoding=\"async\" src=\"https:\/\/blog.cofb.cat\/wp-content\/uploads\/2021\/11\/Alfred_Roig-1024x594.jpg\" alt=\"\" data-id=\"58810\" data-full-url=\"https:\/\/blog.cofb.cat\/wp-content\/uploads\/2021\/11\/Alfred_Roig-scaled.jpg\" data-link=\"https:\/\/blog.cofb.cat\/el-vi-concurs-de-fotografia-del-cofb-ja-te-guanyadors\/alfred_roig\/\" class=\"wp-image-58810\"\/><\/a><figcaption class=\"blocks-gallery-item__caption\">Alfred Roig, ganador de la categor\u00eda en color<\/figcaption><\/figure><\/li><\/ul><\/figure>\n\n\n\n<p>Otras publicaciones relacionadas:<\/p>\n\n\n\n<ul class=\"wp-block-list\"><li><a href=\"https:\/\/blog.cofb.cat\/arriba-el-vi-concurs-de-fotografia-del-cofb\/\">Llega el VI Concurso de fotograf\u00eda del COFB<\/a><\/li><li><a href=\"https:\/\/blog.cofb.cat\/la-v-edicio-del-concurs-de-fotografia-ja-te-guanyadors\/\">La V Edici\u00f3n del Concurso de Fotograf\u00eda ya tiene ganadores<\/a><\/li><li><a href=\"https:\/\/blog.cofb.cat\/ja-esta-en-marxa-el-v-concurs-de-fotografia-del-cofb\/\">Ya est\u00e1 en marcha el V Concurso de Fotograf\u00eda del COFB (junio 2020)<\/a><\/li><\/ul>","protected":false},"excerpt":{"rendered":"<p>Ya tenemos a los ganadores de la VI edici\u00f3n del Concurso de Fotograf\u00eda del COFB, en el que la tem\u00e1tica propuesta ha sido \u201cDesconfinamiento: allegro ma nombre troppo\u201c. Los ganadores de los primeros premios han sido Alfred Roig y Eduard Mas, en las categor\u00edas de color y blanco y negro respectivamente, que tendr\u00e1n las fotograf\u00edas [\u2026]<\/p>","protected":false},"author":1,"featured_media":78085,"comment_status":"open","ping_status":"open","sticky":false,"template":"","format":"standard","meta":{"_uag_custom_page_level_css":"","site-sidebar-layout":"default","site-content-layout":"","ast-site-content-layout":"default","site-content-style":"default","site-sidebar-style":"default","ast-global-header-display":"","ast-banner-title-visibility":"","ast-main-header-display":"","ast-hfb-above-header-display":"","ast-hfb-below-header-display":"","ast-hfb-mobile-header-display":"","site-post-title":"","ast-breadcrumbs-content":"","ast-featured-img":"disabled","footer-sml-layout":"","theme-transparent-header-meta":"","adv-header-id-meta":"","stick-header-meta":"","header-above-stick-meta":"","header-main-stick-meta":"","header-below-stick-meta":"","astra-migrate-meta-layouts":"set","ast-page-background-enabled":"default","ast-page-background-meta":{"desktop":{"background-color":"var(--ast-global-color-4)","background-image":"","background-repeat":"repeat","background-position":"center center","background-size":"auto","background-attachment":"scroll","background-type":"","background-media":"","overlay-type":"","overlay-color":"","overlay-opacity":"","overlay-gradient":""},"tablet":{"background-color":"","background-image":"","background-repeat":"repeat","background-position":"center center","background-size":"auto","background-attachment":"scroll","background-type":"","background-media":"","overlay-type":"","overlay-color":"","overlay-opacity":"","overlay-gradient":""},"mobile":{"background-color":"","background-image":"","background-repeat":"repeat","background-position":"center center","background-size":"auto","background-attachment":"scroll","background-type":"","background-media":"","overlay-type":"","overlay-color":"","overlay-opacity":"","overlay-gradient":""}},"ast-content-background-meta":{"desktop":{"background-color":"var(--ast-global-color-5)","background-image":"","background-repeat":"repeat","background-position":"center center","background-size":"auto","background-attachment":"scroll","background-type":"","background-media":"","overlay-type":"","overlay-color":"","overlay-opacity":"","overlay-gradient":""},"tablet":{"background-color":"var(--ast-global-color-5)","background-image":"","background-repeat":"repeat","background-position":"center center","background-size":"auto","background-attachment":"scroll","background-type":"","background-media":"","overlay-type":"","overlay-color":"","overlay-opacity":"","overlay-gradient":""},"mobile":{"background-color":"var(--ast-global-color-5)","background-image":"","background-repeat":"repeat","background-position":"center center","background-size":"auto","background-attachment":"scroll","background-type":"","background-media":"","overlay-type":"","overlay-color":"","overlay-opacity":"","overlay-gradient":""}},"footnotes":""},"categories":[23,535],"tags":[953,888,530,536],"class_list":["post-58077","post","type-post","status-publish","format-standard","has-post-thumbnail","hentry","category-destacats","category-seccio-de-fotografia-del-cofb","tag-concurs-de-fotografia","tag-concurs-fotografic","tag-fotografia","tag-seccio-de-fotografia-del-collegi-de-farmaceutics-de-barcelona"],"yoast_head":"<!-- This site is optimized with the Yoast SEO plugin v22.4 - https:\/\/yoast.com\/wordpress\/plugins\/seo\/ -->\n<title>El VI Concurs de Fotografia del COFB ja t\u00e9 guanyadors - Col\u00b7legi de Farmac\u00e8utics de Barcelona<\/title>\n<meta name=\"robots\" content=\"index, follow, max-snippet:-1, max-image-preview:large, max-video-preview:-1\" \/>\n<link rel=\"canonical\" href=\"https:\/\/novaorg.cofb.net\/2021\/11\/17\/el-vi-concurs-de-fotografia-del-cofb-ja-te-guanyadors\/\" \/>\n<meta property=\"og:locale\" content=\"es_ES\" \/>\n<meta property=\"og:type\" content=\"article\" \/>\n<meta property=\"og:title\" content=\"El VI Concurs de Fotografia del COFB ja t\u00e9 guanyadors - Col\u00b7legi de Farmac\u00e8utics de Barcelona\" \/>\n<meta property=\"og:description\" content=\"Ja tenim els guanyadors de la VI edici\u00f3 del Concurs de Fotografia del COFB, en qu\u00e8 la&nbsp;tem\u00e0tica proposada&nbsp;ha estat &#8220;Desconfinament: allegro ma nom troppo&#8220;. Els guanyadors dels primers premis han estat Alfred Roig i Eduard Mas, en les categories de color i blanc i negre respectivament, que tindran les fotografies [&hellip;]\" \/>\n<meta property=\"og:url\" content=\"https:\/\/novaorg.cofb.net\/2021\/11\/17\/el-vi-concurs-de-fotografia-del-cofb-ja-te-guanyadors\/\" \/>\n<meta property=\"og:site_name\" content=\"Col\u00b7legi de Farmac\u00e8utics de Barcelona\" \/>\n<meta property=\"article:publisher\" content=\"https:\/\/www.facebook.com\/farmaceuticsbcn\/\" \/>\n<meta property=\"article:published_time\" content=\"2021-11-17T09:54:00+00:00\" \/>\n<meta property=\"article:modified_time\" content=\"2024-04-05T10:47:09+00:00\" \/>\n<meta property=\"og:image\" content=\"https:\/\/novaorg.cofb.net\/wp-content\/uploads\/2024\/04\/Hito_color-1024x683-1.jpeg\" \/>\n\t<meta property=\"og:image:width\" content=\"1024\" \/>\n\t<meta property=\"og:image:height\" content=\"683\" \/>\n\t<meta property=\"og:image:type\" content=\"image\/jpeg\" \/>\n<meta name=\"author\" content=\"wpAdminCofbOrg\" \/>\n<meta name=\"twitter:card\" content=\"summary_large_image\" \/>\n<meta name=\"twitter:creator\" content=\"@farmaceuticsbcn\" \/>\n<meta name=\"twitter:site\" content=\"@farmaceuticsbcn\" \/>\n<meta name=\"twitter:label1\" content=\"Escrito por\" \/>\n\t<meta name=\"twitter:data1\" content=\"wpAdminCofbOrg\" \/>\n\t<meta name=\"twitter:label2\" content=\"Tiempo de lectura\" \/>\n\t<meta name=\"twitter:data2\" content=\"11 minutos\" \/>\n<script type=\"application\/ld+json\" class=\"yoast-schema-graph\">{\"@context\":\"https:\/\/schema.org\",\"@graph\":[{\"@type\":\"Article\",\"@id\":\"https:\/\/novaorg.cofb.net\/2021\/11\/17\/el-vi-concurs-de-fotografia-del-cofb-ja-te-guanyadors\/#article\",\"isPartOf\":{\"@id\":\"https:\/\/novaorg.cofb.net\/2021\/11\/17\/el-vi-concurs-de-fotografia-del-cofb-ja-te-guanyadors\/\"},\"author\":{\"name\":\"wpAdminCofbOrg\",\"@id\":\"https:\/\/www.cofb.org\/#\/schema\/person\/22ed7eea88da74b0fa4d3154ad87ffcb\"},\"headline\":\"El VI Concurs de Fotografia del COFB ja t\u00e9 guanyadors\",\"datePublished\":\"2021-11-17T09:54:00+00:00\",\"dateModified\":\"2024-04-05T10:47:09+00:00\",\"mainEntityOfPage\":{\"@id\":\"https:\/\/novaorg.cofb.net\/2021\/11\/17\/el-vi-concurs-de-fotografia-del-cofb-ja-te-guanyadors\/\"},\"wordCount\":378,\"commentCount\":0,\"publisher\":{\"@id\":\"https:\/\/www.cofb.org\/#organization\"},\"image\":{\"@id\":\"https:\/\/novaorg.cofb.net\/2021\/11\/17\/el-vi-concurs-de-fotografia-del-cofb-ja-te-guanyadors\/#primaryimage\"},\"thumbnailUrl\":\"https:\/\/www.cofb.org\/wp-content\/uploads\/2024\/04\/Hito_color-1024x683-1.jpeg\",\"keywords\":[\"concurs de fotografia\",\"concurs fotogr\u00e0fic\",\"fotografia\",\"Secci\u00f3 de Fotografia del Col\u00b7legi de Farmac\u00e8utics de Barcelona\"],\"articleSection\":[\"Destacats\",\"Secci\u00f3 de fotografia del COFB\"],\"inLanguage\":\"es\",\"potentialAction\":[{\"@type\":\"CommentAction\",\"name\":\"Comment\",\"target\":[\"https:\/\/novaorg.cofb.net\/2021\/11\/17\/el-vi-concurs-de-fotografia-del-cofb-ja-te-guanyadors\/#respond\"]}]},{\"@type\":\"WebPage\",\"@id\":\"https:\/\/novaorg.cofb.net\/2021\/11\/17\/el-vi-concurs-de-fotografia-del-cofb-ja-te-guanyadors\/\",\"url\":\"https:\/\/novaorg.cofb.net\/2021\/11\/17\/el-vi-concurs-de-fotografia-del-cofb-ja-te-guanyadors\/\",\"name\":\"El VI Concurs de Fotografia del COFB ja t\u00e9 guanyadors - Col\u00b7legi de Farmac\u00e8utics de Barcelona\",\"isPartOf\":{\"@id\":\"https:\/\/www.cofb.org\/#website\"},\"primaryImageOfPage\":{\"@id\":\"https:\/\/novaorg.cofb.net\/2021\/11\/17\/el-vi-concurs-de-fotografia-del-cofb-ja-te-guanyadors\/#primaryimage\"},\"image\":{\"@id\":\"https:\/\/novaorg.cofb.net\/2021\/11\/17\/el-vi-concurs-de-fotografia-del-cofb-ja-te-guanyadors\/#primaryimage\"},\"thumbnailUrl\":\"https:\/\/www.cofb.org\/wp-content\/uploads\/2024\/04\/Hito_color-1024x683-1.jpeg\",\"datePublished\":\"2021-11-17T09:54:00+00:00\",\"dateModified\":\"2024-04-05T10:47:09+00:00\",\"breadcrumb\":{\"@id\":\"https:\/\/novaorg.cofb.net\/2021\/11\/17\/el-vi-concurs-de-fotografia-del-cofb-ja-te-guanyadors\/#breadcrumb\"},\"inLanguage\":\"es\",\"potentialAction\":[{\"@type\":\"ReadAction\",\"target\":[\"https:\/\/novaorg.cofb.net\/2021\/11\/17\/el-vi-concurs-de-fotografia-del-cofb-ja-te-guanyadors\/\"]}]},{\"@type\":\"ImageObject\",\"inLanguage\":\"es\",\"@id\":\"https:\/\/novaorg.cofb.net\/2021\/11\/17\/el-vi-concurs-de-fotografia-del-cofb-ja-te-guanyadors\/#primaryimage\",\"url\":\"https:\/\/www.cofb.org\/wp-content\/uploads\/2024\/04\/Hito_color-1024x683-1.jpeg\",\"contentUrl\":\"https:\/\/www.cofb.org\/wp-content\/uploads\/2024\/04\/Hito_color-1024x683-1.jpeg\",\"width\":1024,\"height\":683},{\"@type\":\"BreadcrumbList\",\"@id\":\"https:\/\/novaorg.cofb.net\/2021\/11\/17\/el-vi-concurs-de-fotografia-del-cofb-ja-te-guanyadors\/#breadcrumb\",\"itemListElement\":[{\"@type\":\"ListItem\",\"position\":1,\"name\":\"Inici\",\"item\":\"https:\/\/novaorg.cofb.net\/\"},{\"@type\":\"ListItem\",\"position\":2,\"name\":\"El VI Concurs de Fotografia del COFB ja t\u00e9 guanyadors\"}]},{\"@type\":\"WebSite\",\"@id\":\"https:\/\/www.cofb.org\/#website\",\"url\":\"https:\/\/www.cofb.org\/\",\"name\":\"Col\u00b7legi de Farmac\u00e8utics de Barcelona\",\"description\":\"\",\"publisher\":{\"@id\":\"https:\/\/www.cofb.org\/#organization\"},\"potentialAction\":[{\"@type\":\"SearchAction\",\"target\":{\"@type\":\"EntryPoint\",\"urlTemplate\":\"https:\/\/www.cofb.org\/?s={search_term_string}\"},\"query-input\":\"required name=search_term_string\"}],\"inLanguage\":\"es\"},{\"@type\":\"Organization\",\"@id\":\"https:\/\/www.cofb.org\/#organization\",\"name\":\"Col\u00b7legi de Farmac\u00e8utics de Barcelona\",\"url\":\"https:\/\/www.cofb.org\/\",\"logo\":{\"@type\":\"ImageObject\",\"inLanguage\":\"es\",\"@id\":\"https:\/\/www.cofb.org\/#\/schema\/logo\/image\/\",\"url\":\"https:\/\/www.cofb.org\/wp-content\/uploads\/2023\/11\/cropped-Logotip-COFB.png\",\"contentUrl\":\"https:\/\/www.cofb.org\/wp-content\/uploads\/2023\/11\/cropped-Logotip-COFB.png\",\"width\":500,\"height\":105,\"caption\":\"Col\u00b7legi de Farmac\u00e8utics de Barcelona\"},\"image\":{\"@id\":\"https:\/\/www.cofb.org\/#\/schema\/logo\/image\/\"},\"sameAs\":[\"https:\/\/www.facebook.com\/farmaceuticsbcn\/\",\"https:\/\/twitter.com\/farmaceuticsbcn\",\"https:\/\/www.instagram.com\/farmaceuticsbcn\/\",\"https:\/\/www.linkedin.com\/company\/farmaceuticsbcn\/\"]},{\"@type\":\"Person\",\"@id\":\"https:\/\/www.cofb.org\/#\/schema\/person\/22ed7eea88da74b0fa4d3154ad87ffcb\",\"name\":\"wpAdminCofbOrg\",\"image\":{\"@type\":\"ImageObject\",\"inLanguage\":\"es\",\"@id\":\"https:\/\/www.cofb.org\/#\/schema\/person\/image\/\",\"url\":\"https:\/\/secure.gravatar.com\/avatar\/1721b20b3b8ca882c3b56ec6c978c594fff670e40c0718e9190eaeeb76aae7d8?s=96&d=mm&r=g\",\"contentUrl\":\"https:\/\/secure.gravatar.com\/avatar\/1721b20b3b8ca882c3b56ec6c978c594fff670e40c0718e9190eaeeb76aae7d8?s=96&d=mm&r=g\",\"caption\":\"wpAdminCofbOrg\"},\"sameAs\":[\"http:\/\/192.168.64.122\/wordpress\"],\"url\":\"https:\/\/www.cofb.org\/es\/author\/wpadmincofborg\/\"}]}<\/script>\n<!-- \/ Yoast SEO plugin. -->","yoast_head_json":{"title":"El VI Concurs de Fotografia del COFB ja t\u00e9 guanyadors - Col\u00b7legi de Farmac\u00e8utics de Barcelona","robots":{"index":"index","follow":"follow","max-snippet":"max-snippet:-1","max-image-preview":"max-image-preview:large","max-video-preview":"max-video-preview:-1"},"canonical":"https:\/\/novaorg.cofb.net\/2021\/11\/17\/el-vi-concurs-de-fotografia-del-cofb-ja-te-guanyadors\/","og_locale":"es_ES","og_type":"article","og_title":"El VI Concurs de Fotografia del COFB ja t\u00e9 guanyadors - Col\u00b7legi de Farmac\u00e8utics de Barcelona","og_description":"Ja tenim els guanyadors de la VI edici\u00f3 del Concurs de Fotografia del COFB, en qu\u00e8 la&nbsp;tem\u00e0tica proposada&nbsp;ha estat &#8220;Desconfinament: allegro ma nom troppo&#8220;. Els guanyadors dels primers premis han estat Alfred Roig i Eduard Mas, en les categories de color i blanc i negre respectivament, que tindran les fotografies [&hellip;]","og_url":"https:\/\/novaorg.cofb.net\/2021\/11\/17\/el-vi-concurs-de-fotografia-del-cofb-ja-te-guanyadors\/","og_site_name":"Col\u00b7legi de Farmac\u00e8utics de Barcelona","article_publisher":"https:\/\/www.facebook.com\/farmaceuticsbcn\/","article_published_time":"2021-11-17T09:54:00+00:00","article_modified_time":"2024-04-05T10:47:09+00:00","og_image":[{"width":1024,"height":683,"url":"https:\/\/novaorg.cofb.net\/wp-content\/uploads\/2024\/04\/Hito_color-1024x683-1.jpeg","type":"image\/jpeg"}],"author":"wpAdminCofbOrg","twitter_card":"summary_large_image","twitter_creator":"@farmaceuticsbcn","twitter_site":"@farmaceuticsbcn","twitter_misc":{"Escrito por":"wpAdminCofbOrg","Tiempo de lectura":"11 minutos"},"schema":{"@context":"https:\/\/schema.org","@graph":[{"@type":"Article","@id":"https:\/\/novaorg.cofb.net\/2021\/11\/17\/el-vi-concurs-de-fotografia-del-cofb-ja-te-guanyadors\/#article","isPartOf":{"@id":"https:\/\/novaorg.cofb.net\/2021\/11\/17\/el-vi-concurs-de-fotografia-del-cofb-ja-te-guanyadors\/"},"author":{"name":"wpAdminCofbOrg","@id":"https:\/\/www.cofb.org\/#\/schema\/person\/22ed7eea88da74b0fa4d3154ad87ffcb"},"headline":"El VI Concurs de Fotografia del COFB ja t\u00e9 guanyadors","datePublished":"2021-11-17T09:54:00+00:00","dateModified":"2024-04-05T10:47:09+00:00","mainEntityOfPage":{"@id":"https:\/\/novaorg.cofb.net\/2021\/11\/17\/el-vi-concurs-de-fotografia-del-cofb-ja-te-guanyadors\/"},"wordCount":378,"commentCount":0,"publisher":{"@id":"https:\/\/www.cofb.org\/#organization"},"image":{"@id":"https:\/\/novaorg.cofb.net\/2021\/11\/17\/el-vi-concurs-de-fotografia-del-cofb-ja-te-guanyadors\/#primaryimage"},"thumbnailUrl":"https:\/\/www.cofb.org\/wp-content\/uploads\/2024\/04\/Hito_color-1024x683-1.jpeg","keywords":["concurs de fotografia","concurs fotogr\u00e0fic","fotografia","Secci\u00f3 de Fotografia del Col\u00b7legi de Farmac\u00e8utics de Barcelona"],"articleSection":["Destacats","Secci\u00f3 de fotografia del COFB"],"inLanguage":"es","potentialAction":[{"@type":"CommentAction","name":"Comment","target":["https:\/\/novaorg.cofb.net\/2021\/11\/17\/el-vi-concurs-de-fotografia-del-cofb-ja-te-guanyadors\/#respond"]}]},{"@type":"WebPage","@id":"https:\/\/novaorg.cofb.net\/2021\/11\/17\/el-vi-concurs-de-fotografia-del-cofb-ja-te-guanyadors\/","url":"https:\/\/novaorg.cofb.net\/2021\/11\/17\/el-vi-concurs-de-fotografia-del-cofb-ja-te-guanyadors\/","name":"El VI Concurs de Fotografia del COFB ja t\u00e9 guanyadors - Col\u00b7legi de Farmac\u00e8utics de Barcelona","isPartOf":{"@id":"https:\/\/www.cofb.org\/#website"},"primaryImageOfPage":{"@id":"https:\/\/novaorg.cofb.net\/2021\/11\/17\/el-vi-concurs-de-fotografia-del-cofb-ja-te-guanyadors\/#primaryimage"},"image":{"@id":"https:\/\/novaorg.cofb.net\/2021\/11\/17\/el-vi-concurs-de-fotografia-del-cofb-ja-te-guanyadors\/#primaryimage"},"thumbnailUrl":"https:\/\/www.cofb.org\/wp-content\/uploads\/2024\/04\/Hito_color-1024x683-1.jpeg","datePublished":"2021-11-17T09:54:00+00:00","dateModified":"2024-04-05T10:47:09+00:00","breadcrumb":{"@id":"https:\/\/novaorg.cofb.net\/2021\/11\/17\/el-vi-concurs-de-fotografia-del-cofb-ja-te-guanyadors\/#breadcrumb"},"inLanguage":"es","potentialAction":[{"@type":"ReadAction","target":["https:\/\/novaorg.cofb.net\/2021\/11\/17\/el-vi-concurs-de-fotografia-del-cofb-ja-te-guanyadors\/"]}]},{"@type":"ImageObject","inLanguage":"es","@id":"https:\/\/novaorg.cofb.net\/2021\/11\/17\/el-vi-concurs-de-fotografia-del-cofb-ja-te-guanyadors\/#primaryimage","url":"https:\/\/www.cofb.org\/wp-content\/uploads\/2024\/04\/Hito_color-1024x683-1.jpeg","contentUrl":"https:\/\/www.cofb.org\/wp-content\/uploads\/2024\/04\/Hito_color-1024x683-1.jpeg","width":1024,"height":683},{"@type":"BreadcrumbList","@id":"https:\/\/novaorg.cofb.net\/2021\/11\/17\/el-vi-concurs-de-fotografia-del-cofb-ja-te-guanyadors\/#breadcrumb","itemListElement":[{"@type":"ListItem","position":1,"name":"Inici","item":"https:\/\/novaorg.cofb.net\/"},{"@type":"ListItem","position":2,"name":"El VI Concurs de Fotografia del COFB ja t\u00e9 guanyadors"}]},{"@type":"WebSite","@id":"https:\/\/www.cofb.org\/#website","url":"https:\/\/www.cofb.org\/","name":"Col\u00b7legi de Farmac\u00e8utics de Barcelona","description":"","publisher":{"@id":"https:\/\/www.cofb.org\/#organization"},"potentialAction":[{"@type":"SearchAction","target":{"@type":"EntryPoint","urlTemplate":"https:\/\/www.cofb.org\/?s={search_term_string}"},"query-input":"required name=search_term_string"}],"inLanguage":"es"},{"@type":"Organization","@id":"https:\/\/www.cofb.org\/#organization","name":"Col\u00b7legi de Farmac\u00e8utics de Barcelona","url":"https:\/\/www.cofb.org\/","logo":{"@type":"ImageObject","inLanguage":"es","@id":"https:\/\/www.cofb.org\/#\/schema\/logo\/image\/","url":"https:\/\/www.cofb.org\/wp-content\/uploads\/2023\/11\/cropped-Logotip-COFB.png","contentUrl":"https:\/\/www.cofb.org\/wp-content\/uploads\/2023\/11\/cropped-Logotip-COFB.png","width":500,"height":105,"caption":"Col\u00b7legi de Farmac\u00e8utics de Barcelona"},"image":{"@id":"https:\/\/www.cofb.org\/#\/schema\/logo\/image\/"},"sameAs":["https:\/\/www.facebook.com\/farmaceuticsbcn\/","https:\/\/twitter.com\/farmaceuticsbcn","https:\/\/www.instagram.com\/farmaceuticsbcn\/","https:\/\/www.linkedin.com\/company\/farmaceuticsbcn\/"]},{"@type":"Person","@id":"https:\/\/www.cofb.org\/#\/schema\/person\/22ed7eea88da74b0fa4d3154ad87ffcb","name":"wpAdminCofbOrg","image":{"@type":"ImageObject","inLanguage":"es","@id":"https:\/\/www.cofb.org\/#\/schema\/person\/image\/","url":"https:\/\/secure.gravatar.com\/avatar\/1721b20b3b8ca882c3b56ec6c978c594fff670e40c0718e9190eaeeb76aae7d8?s=96&d=mm&r=g","contentUrl":"https:\/\/secure.gravatar.com\/avatar\/1721b20b3b8ca882c3b56ec6c978c594fff670e40c0718e9190eaeeb76aae7d8?s=96&d=mm&r=g","caption":"wpAdminCofbOrg"},"sameAs":["http:\/\/192.168.64.122\/wordpress"],"url":"https:\/\/www.cofb.org\/es\/author\/wpadmincofborg\/"}]}},"uagb_featured_image_src":{"full":["https:\/\/www.cofb.org\/wp-content\/uploads\/2024\/04\/Hito_color-1024x683-1.jpeg",1024,683,false],"thumbnail":["https:\/\/www.cofb.org\/wp-content\/uploads\/2024\/04\/Hito_color-1024x683-1-150x150.jpeg",150,150,true],"medium":["https:\/\/www.cofb.org\/wp-content\/uploads\/2024\/04\/Hito_color-1024x683-1-300x200.jpeg",300,200,true],"medium_large":["https:\/\/www.cofb.org\/wp-content\/uploads\/2024\/04\/Hito_color-1024x683-1-768x512.jpeg",768,512,true],"large":["https:\/\/www.cofb.org\/wp-content\/uploads\/2024\/04\/Hito_color-1024x683-1.jpeg",1024,683,false],"1536x1536":["https:\/\/www.cofb.org\/wp-content\/uploads\/2024\/04\/Hito_color-1024x683-1.jpeg",1024,683,false],"2048x2048":["https:\/\/www.cofb.org\/wp-content\/uploads\/2024\/04\/Hito_color-1024x683-1.jpeg",1024,683,false],"trp-custom-language-flag":["https:\/\/www.cofb.org\/wp-content\/uploads\/2024\/04\/Hito_color-1024x683-1-18x12.jpeg",18,12,true]},"uagb_author_info":{"display_name":"wpAdminCofbOrg","author_link":"https:\/\/www.cofb.org\/es\/author\/wpadmincofborg\/"},"uagb_comment_info":0,"uagb_excerpt":"Ja tenim els guanyadors de la VI edici\u00f3 del Concurs de Fotografia del COFB, en qu\u00e8 la&nbsp;tem\u00e0tica proposada&nbsp;ha estat &#8220;Desconfinament: allegro ma nom troppo&#8220;. Els guanyadors dels primers premis han estat Alfred Roig i Eduard Mas, en les categories de color i blanc i negre respectivament, que tindran les fotografies [&hellip;]","_links":{"self":[{"href":"https:\/\/www.cofb.org\/es\/wp-json\/wp\/v2\/posts\/58077","targetHints":{"allow":["GET"]}}],"collection":[{"href":"https:\/\/www.cofb.org\/es\/wp-json\/wp\/v2\/posts"}],"about":[{"href":"https:\/\/www.cofb.org\/es\/wp-json\/wp\/v2\/types\/post"}],"author":[{"embeddable":true,"href":"https:\/\/www.cofb.org\/es\/wp-json\/wp\/v2\/users\/1"}],"replies":[{"embeddable":true,"href":"https:\/\/www.cofb.org\/es\/wp-json\/wp\/v2\/comments?post=58077"}],"version-history":[{"count":1,"href":"https:\/\/www.cofb.org\/es\/wp-json\/wp\/v2\/posts\/58077\/revisions"}],"predecessor-version":[{"id":78086,"href":"https:\/\/www.cofb.org\/es\/wp-json\/wp\/v2\/posts\/58077\/revisions\/78086"}],"wp:featuredmedia":[{"embeddable":true,"href":"https:\/\/www.cofb.org\/es\/wp-json\/wp\/v2\/media\/78085"}],"wp:attachment":[{"href":"https:\/\/www.cofb.org\/es\/wp-json\/wp\/v2\/media?parent=58077"}],"wp:term":[{"taxonomy":"category","embeddable":true,"href":"https:\/\/www.cofb.org\/es\/wp-json\/wp\/v2\/categories?post=58077"},{"taxonomy":"post_tag","embeddable":true,"href":"https:\/\/www.cofb.org\/es\/wp-json\/wp\/v2\/tags?post=58077"}],"curies":[{"name":"wp","href":"https:\/\/api.w.org\/{rel}","templated":true}]}}