{"id":5793,"date":"2014-03-20T14:44:57","date_gmt":"2014-03-20T13:44:57","guid":{"rendered":"http:\/\/blog.cofb.cat\/?p=5793"},"modified":"2014-03-20T14:44:57","modified_gmt":"2014-03-20T13:44:57","slug":"que-ens-provoca-al%c2%b7lergia-alguns-consells","status":"publish","type":"post","link":"https:\/\/www.cofb.org\/es\/2014\/03\/20\/que-ens-provoca-al%c2%b7lergia-alguns-consells\/","title":{"rendered":"\u00bfQu\u00e9 nos provoca alergia? Algunos consejos"},"content":{"rendered":"<p><img fetchpriority=\"high\" decoding=\"async\" class=\"alignright size-full wp-image-5795\" title=\"sxc.hu\" alt=\"dandelion-1240013-m\" src=\"http:\/\/blog.cofb.cat\/wp-content\/uploads\/2014\/03\/dandelion-1240013-m.jpg\" width=\"300\" height=\"200\" \/>Cuando una persona estornuda en plena primavera suele asociarse m\u00e1s bien con una alergia que con un resfriado. No es de extra\u00f1ar, pues, que esta reacci\u00f3n inmunol\u00f3gica espec\u00edfica del organismo hacia una sustancia normalmente inofensiva sea una de las palabras m\u00e1s pronunciadas durante esta \u00e9poca del a\u00f1o.<\/p>\n<p><strong>Son varios los factores que la provocan, entre ellos el polen, part\u00edculas del polvo, esporas de las flores o de los hongos, determinados alimentos, goma de l\u00e1tex, veneno de insectos y medicamentos. Por otro lado, tambi\u00e9n son variadas las tipolog\u00edas de alergias existentes.<\/strong><\/p>\n<p><strong>La m\u00e1s com\u00fan es la rinitis<\/strong>, una reacci\u00f3n al\u00e9rgica de las membranas de la mucosa nasal cuando entran en contacto con una o m\u00e1s sustancias al\u00e9rgenas. La padecen entre el 5% y el 25% de la poblaci\u00f3n y los s\u00edntomas suelen ser estornudos, secreci\u00f3n nasal acuosa (rinorrea), congesti\u00f3n nasal, picor en los ojos y lagrimeo y picor en nariz y garganta.<\/p>\n<p><strong><span style=\"color: #888888;\">La farmacia dispone actualmente de muchos principios activos para combatir las alergias y el papel del farmac\u00e9utico es de suma importancia a la hora de resolver consultas de los afectados.<\/span><\/strong><\/p>\n<p>Las rinitis<strong> estacionales<\/strong> las tienen personas que son sensibles a los p\u00f3lenes de las plantas que dependen del viento para la polinizaci\u00f3n, ya las esporas de hongos y mohos. En cuanto a las rinitis<strong> cr\u00f3nicas<\/strong>, generalmente las causas son los \u00e1caros, pelos y c\u00e9lulas de descamaci\u00f3n de los animales dom\u00e9sticos y esporas de hongos.<\/p>\n<p>Pero, \u00bfqu\u00e9 hace que no todas las personas sean al\u00e9rgicas? Se puede tener cierta tendencia, aunque la exposici\u00f3n a los al\u00e9rgenos en un momento en el que las defensas del cuerpo est\u00e1n bajas, o durante el embarazo, puede desarrollar la alergia.<\/p>\n<p><strong>Para detectarla el m\u00e9todo m\u00e1s com\u00fan son los test cut\u00e1neos, y aunque no cuida, s\u00ed se pueden controlar los s\u00edntomas <\/strong>y realizar tratamientos como ba\u00f1os salinos, descongestivos, antihistam\u00ednicos, anticolin\u00e9rgicos y corticoides. <strong>Asimismo, tambi\u00e9n es dif\u00edcil prevenirla.<\/strong> Algunos <strong>consejos<\/strong> que se pueden tener en cuenta son cerrar ventanas de casas y coches, evitar estar demasiado rato al aire libre en \u00e9pocas de polinizaci\u00f3n (sobre todo en las horas de la puesta de sol, que es cuando hay m\u00e1s polen en suspensi\u00f3n) y no tener en casa alfombras, almohadas de plumas ni mantas de lana, as\u00ed como evitar tambi\u00e9n los mu\u00f1ecos de peluche a la hora de dormir en el caso de los ni\u00f1os.<\/p>\n<p><span style=\"color: #808080;\"><strong>M\u00e1s informaci\u00f3n en la web de salud del Colegio:\u00a0<span style=\"text-decoration: underline;\"><a href=\"http:\/\/www.farmaceuticonline.com\/\"><span style=\"color: #808080; text-decoration: underline;\">www.farmaceuticonline.com<\/span><\/a><\/span><\/strong><\/span><\/p>","protected":false},"excerpt":{"rendered":"<p>Cuando una persona estornuda en plena primavera suele asociarse m\u00e1s bien con una alergia que con un resfriado. No es de extra\u00f1ar, pues, que esta reacci\u00f3n inmunol\u00f3gica espec\u00edfica del organismo hacia una sustancia normalmente inofensiva sea una de las palabras m\u00e1s pronunciadas durante esta \u00e9poca del a\u00f1o. [\u2026]<\/p>","protected":false},"author":1,"featured_media":5795,"comment_status":"open","ping_status":"open","sticky":false,"template":"","format":"standard","meta":{"_uag_custom_page_level_css":"","site-sidebar-layout":"default","site-content-layout":"","ast-site-content-layout":"default","site-content-style":"default","site-sidebar-style":"default","ast-global-header-display":"","ast-banner-title-visibility":"","ast-main-header-display":"","ast-hfb-above-header-display":"","ast-hfb-below-header-display":"","ast-hfb-mobile-header-display":"","site-post-title":"","ast-breadcrumbs-content":"","ast-featured-img":"disabled","footer-sml-layout":"","theme-transparent-header-meta":"","adv-header-id-meta":"","stick-header-meta":"","header-above-stick-meta":"","header-main-stick-meta":"","header-below-stick-meta":"","astra-migrate-meta-layouts":"default","ast-page-background-enabled":"default","ast-page-background-meta":{"desktop":{"background-color":"var(--ast-global-color-4)","background-image":"","background-repeat":"repeat","background-position":"center center","background-size":"auto","background-attachment":"scroll","background-type":"","background-media":"","overlay-type":"","overlay-color":"","overlay-opacity":"","overlay-gradient":""},"tablet":{"background-color":"","background-image":"","background-repeat":"repeat","background-position":"center center","background-size":"auto","background-attachment":"scroll","background-type":"","background-media":"","overlay-type":"","overlay-color":"","overlay-opacity":"","overlay-gradient":""},"mobile":{"background-color":"","background-image":"","background-repeat":"repeat","background-position":"center center","background-size":"auto","background-attachment":"scroll","background-type":"","background-media":"","overlay-type":"","overlay-color":"","overlay-opacity":"","overlay-gradient":""}},"ast-content-background-meta":{"desktop":{"background-color":"var(--ast-global-color-5)","background-image":"","background-repeat":"repeat","background-position":"center center","background-size":"auto","background-attachment":"scroll","background-type":"","background-media":"","overlay-type":"","overlay-color":"","overlay-opacity":"","overlay-gradient":""},"tablet":{"background-color":"var(--ast-global-color-5)","background-image":"","background-repeat":"repeat","background-position":"center center","background-size":"auto","background-attachment":"scroll","background-type":"","background-media":"","overlay-type":"","overlay-color":"","overlay-opacity":"","overlay-gradient":""},"mobile":{"background-color":"var(--ast-global-color-5)","background-image":"","background-repeat":"repeat","background-position":"center center","background-size":"auto","background-attachment":"scroll","background-type":"","background-media":"","overlay-type":"","overlay-color":"","overlay-opacity":"","overlay-gradient":""}},"footnotes":""},"categories":[47],"tags":[],"class_list":["post-5793","post","type-post","status-publish","format-standard","has-post-thumbnail","hentry","category-recomanacions-del-farmaceutic"],"yoast_head":"<!-- This site is optimized with the Yoast SEO plugin v22.4 - https:\/\/yoast.com\/wordpress\/plugins\/seo\/ -->\n<title>Qu\u00e8 ens provoca al\u00b7l\u00e8rgia? Alguns consells - Col\u00b7legi de Farmac\u00e8utics de Barcelona<\/title>\n<meta name=\"robots\" content=\"index, follow, max-snippet:-1, max-image-preview:large, max-video-preview:-1\" \/>\n<link rel=\"canonical\" href=\"https:\/\/novaorg.cofb.net\/2014\/03\/20\/que-ens-provoca-al\u00b7lergia-alguns-consells\/\" \/>\n<meta property=\"og:locale\" content=\"es_ES\" \/>\n<meta property=\"og:type\" content=\"article\" \/>\n<meta property=\"og:title\" content=\"Qu\u00e8 ens provoca al\u00b7l\u00e8rgia? Alguns consells - Col\u00b7legi de Farmac\u00e8utics de Barcelona\" \/>\n<meta property=\"og:description\" content=\"Quan una persona esternuda en plena primavera s\u2019acostuma a associar m\u00e9s aviat amb una al\u00b7l\u00e8rgia que no pas amb un constipat. No \u00e9s estrany, doncs, que aquesta reacci\u00f3 immunol\u00f2gica espec\u00edfica de l\u2019organisme cap a una subst\u00e0ncia normalment inofensiva sigui una de les paraules m\u00e9s pronunciades durant aquesta \u00e8poca de l\u2019any. [&hellip;]\" \/>\n<meta property=\"og:url\" content=\"https:\/\/novaorg.cofb.net\/2014\/03\/20\/que-ens-provoca-al\u00b7lergia-alguns-consells\/\" \/>\n<meta property=\"og:site_name\" content=\"Col\u00b7legi de Farmac\u00e8utics de Barcelona\" \/>\n<meta property=\"article:publisher\" content=\"https:\/\/www.facebook.com\/farmaceuticsbcn\/\" \/>\n<meta property=\"article:published_time\" content=\"2014-03-20T13:44:57+00:00\" \/>\n<meta name=\"author\" content=\"wpAdminCofbOrg\" \/>\n<meta name=\"twitter:card\" content=\"summary_large_image\" \/>\n<meta name=\"twitter:creator\" content=\"@farmaceuticsbcn\" \/>\n<meta name=\"twitter:site\" content=\"@farmaceuticsbcn\" \/>\n<meta name=\"twitter:label1\" content=\"Escrito por\" \/>\n\t<meta name=\"twitter:data1\" content=\"wpAdminCofbOrg\" \/>\n\t<meta name=\"twitter:label2\" content=\"Tiempo de lectura\" \/>\n\t<meta name=\"twitter:data2\" content=\"2 minutos\" \/>\n<script type=\"application\/ld+json\" class=\"yoast-schema-graph\">{\"@context\":\"https:\/\/schema.org\",\"@graph\":[{\"@type\":\"Article\",\"@id\":\"https:\/\/novaorg.cofb.net\/2014\/03\/20\/que-ens-provoca-al%c2%b7lergia-alguns-consells\/#article\",\"isPartOf\":{\"@id\":\"https:\/\/novaorg.cofb.net\/2014\/03\/20\/que-ens-provoca-al%c2%b7lergia-alguns-consells\/\"},\"author\":{\"name\":\"wpAdminCofbOrg\",\"@id\":\"https:\/\/www.cofb.org\/#\/schema\/person\/22ed7eea88da74b0fa4d3154ad87ffcb\"},\"headline\":\"Qu\u00e8 ens provoca al\u00b7l\u00e8rgia? Alguns consells\",\"datePublished\":\"2014-03-20T13:44:57+00:00\",\"dateModified\":\"2014-03-20T13:44:57+00:00\",\"mainEntityOfPage\":{\"@id\":\"https:\/\/novaorg.cofb.net\/2014\/03\/20\/que-ens-provoca-al%c2%b7lergia-alguns-consells\/\"},\"wordCount\":474,\"commentCount\":0,\"publisher\":{\"@id\":\"https:\/\/www.cofb.org\/#organization\"},\"image\":{\"@id\":\"https:\/\/novaorg.cofb.net\/2014\/03\/20\/que-ens-provoca-al%c2%b7lergia-alguns-consells\/#primaryimage\"},\"thumbnailUrl\":\"\",\"articleSection\":[\"Recomanacions del farmac\u00e8utic\"],\"inLanguage\":\"es\",\"potentialAction\":[{\"@type\":\"CommentAction\",\"name\":\"Comment\",\"target\":[\"https:\/\/novaorg.cofb.net\/2014\/03\/20\/que-ens-provoca-al%c2%b7lergia-alguns-consells\/#respond\"]}]},{\"@type\":\"WebPage\",\"@id\":\"https:\/\/novaorg.cofb.net\/2014\/03\/20\/que-ens-provoca-al%c2%b7lergia-alguns-consells\/\",\"url\":\"https:\/\/novaorg.cofb.net\/2014\/03\/20\/que-ens-provoca-al%c2%b7lergia-alguns-consells\/\",\"name\":\"Qu\u00e8 ens provoca al\u00b7l\u00e8rgia? Alguns consells - Col\u00b7legi de Farmac\u00e8utics de Barcelona\",\"isPartOf\":{\"@id\":\"https:\/\/www.cofb.org\/#website\"},\"primaryImageOfPage\":{\"@id\":\"https:\/\/novaorg.cofb.net\/2014\/03\/20\/que-ens-provoca-al%c2%b7lergia-alguns-consells\/#primaryimage\"},\"image\":{\"@id\":\"https:\/\/novaorg.cofb.net\/2014\/03\/20\/que-ens-provoca-al%c2%b7lergia-alguns-consells\/#primaryimage\"},\"thumbnailUrl\":\"\",\"datePublished\":\"2014-03-20T13:44:57+00:00\",\"dateModified\":\"2014-03-20T13:44:57+00:00\",\"breadcrumb\":{\"@id\":\"https:\/\/novaorg.cofb.net\/2014\/03\/20\/que-ens-provoca-al%c2%b7lergia-alguns-consells\/#breadcrumb\"},\"inLanguage\":\"es\",\"potentialAction\":[{\"@type\":\"ReadAction\",\"target\":[\"https:\/\/novaorg.cofb.net\/2014\/03\/20\/que-ens-provoca-al%c2%b7lergia-alguns-consells\/\"]}]},{\"@type\":\"ImageObject\",\"inLanguage\":\"es\",\"@id\":\"https:\/\/novaorg.cofb.net\/2014\/03\/20\/que-ens-provoca-al%c2%b7lergia-alguns-consells\/#primaryimage\",\"url\":\"\",\"contentUrl\":\"\"},{\"@type\":\"BreadcrumbList\",\"@id\":\"https:\/\/novaorg.cofb.net\/2014\/03\/20\/que-ens-provoca-al%c2%b7lergia-alguns-consells\/#breadcrumb\",\"itemListElement\":[{\"@type\":\"ListItem\",\"position\":1,\"name\":\"Inici\",\"item\":\"https:\/\/novaorg.cofb.net\/\"},{\"@type\":\"ListItem\",\"position\":2,\"name\":\"Qu\u00e8 ens provoca al\u00b7l\u00e8rgia? Alguns consells\"}]},{\"@type\":\"WebSite\",\"@id\":\"https:\/\/www.cofb.org\/#website\",\"url\":\"https:\/\/www.cofb.org\/\",\"name\":\"Col\u00b7legi de Farmac\u00e8utics de Barcelona\",\"description\":\"\",\"publisher\":{\"@id\":\"https:\/\/www.cofb.org\/#organization\"},\"potentialAction\":[{\"@type\":\"SearchAction\",\"target\":{\"@type\":\"EntryPoint\",\"urlTemplate\":\"https:\/\/www.cofb.org\/?s={search_term_string}\"},\"query-input\":\"required name=search_term_string\"}],\"inLanguage\":\"es\"},{\"@type\":\"Organization\",\"@id\":\"https:\/\/www.cofb.org\/#organization\",\"name\":\"Col\u00b7legi de Farmac\u00e8utics de Barcelona\",\"url\":\"https:\/\/www.cofb.org\/\",\"logo\":{\"@type\":\"ImageObject\",\"inLanguage\":\"es\",\"@id\":\"https:\/\/www.cofb.org\/#\/schema\/logo\/image\/\",\"url\":\"https:\/\/www.cofb.org\/wp-content\/uploads\/2023\/11\/cropped-Logotip-COFB.png\",\"contentUrl\":\"https:\/\/www.cofb.org\/wp-content\/uploads\/2023\/11\/cropped-Logotip-COFB.png\",\"width\":500,\"height\":105,\"caption\":\"Col\u00b7legi de Farmac\u00e8utics de Barcelona\"},\"image\":{\"@id\":\"https:\/\/www.cofb.org\/#\/schema\/logo\/image\/\"},\"sameAs\":[\"https:\/\/www.facebook.com\/farmaceuticsbcn\/\",\"https:\/\/twitter.com\/farmaceuticsbcn\",\"https:\/\/www.instagram.com\/farmaceuticsbcn\/\",\"https:\/\/www.linkedin.com\/company\/farmaceuticsbcn\/\"]},{\"@type\":\"Person\",\"@id\":\"https:\/\/www.cofb.org\/#\/schema\/person\/22ed7eea88da74b0fa4d3154ad87ffcb\",\"name\":\"wpAdminCofbOrg\",\"image\":{\"@type\":\"ImageObject\",\"inLanguage\":\"es\",\"@id\":\"https:\/\/www.cofb.org\/#\/schema\/person\/image\/\",\"url\":\"https:\/\/secure.gravatar.com\/avatar\/1721b20b3b8ca882c3b56ec6c978c594fff670e40c0718e9190eaeeb76aae7d8?s=96&d=mm&r=g\",\"contentUrl\":\"https:\/\/secure.gravatar.com\/avatar\/1721b20b3b8ca882c3b56ec6c978c594fff670e40c0718e9190eaeeb76aae7d8?s=96&d=mm&r=g\",\"caption\":\"wpAdminCofbOrg\"},\"sameAs\":[\"http:\/\/192.168.64.122\/wordpress\"],\"url\":\"https:\/\/www.cofb.org\/es\/author\/wpadmincofborg\/\"}]}<\/script>\n<!-- \/ Yoast SEO plugin. -->","yoast_head_json":{"title":"Qu\u00e8 ens provoca al\u00b7l\u00e8rgia? Alguns consells - Col\u00b7legi de Farmac\u00e8utics de Barcelona","robots":{"index":"index","follow":"follow","max-snippet":"max-snippet:-1","max-image-preview":"max-image-preview:large","max-video-preview":"max-video-preview:-1"},"canonical":"https:\/\/novaorg.cofb.net\/2014\/03\/20\/que-ens-provoca-al\u00b7lergia-alguns-consells\/","og_locale":"es_ES","og_type":"article","og_title":"Qu\u00e8 ens provoca al\u00b7l\u00e8rgia? Alguns consells - Col\u00b7legi de Farmac\u00e8utics de Barcelona","og_description":"Quan una persona esternuda en plena primavera s\u2019acostuma a associar m\u00e9s aviat amb una al\u00b7l\u00e8rgia que no pas amb un constipat. No \u00e9s estrany, doncs, que aquesta reacci\u00f3 immunol\u00f2gica espec\u00edfica de l\u2019organisme cap a una subst\u00e0ncia normalment inofensiva sigui una de les paraules m\u00e9s pronunciades durant aquesta \u00e8poca de l\u2019any. [&hellip;]","og_url":"https:\/\/novaorg.cofb.net\/2014\/03\/20\/que-ens-provoca-al\u00b7lergia-alguns-consells\/","og_site_name":"Col\u00b7legi de Farmac\u00e8utics de Barcelona","article_publisher":"https:\/\/www.facebook.com\/farmaceuticsbcn\/","article_published_time":"2014-03-20T13:44:57+00:00","author":"wpAdminCofbOrg","twitter_card":"summary_large_image","twitter_creator":"@farmaceuticsbcn","twitter_site":"@farmaceuticsbcn","twitter_misc":{"Escrito por":"wpAdminCofbOrg","Tiempo de lectura":"2 minutos"},"schema":{"@context":"https:\/\/schema.org","@graph":[{"@type":"Article","@id":"https:\/\/novaorg.cofb.net\/2014\/03\/20\/que-ens-provoca-al%c2%b7lergia-alguns-consells\/#article","isPartOf":{"@id":"https:\/\/novaorg.cofb.net\/2014\/03\/20\/que-ens-provoca-al%c2%b7lergia-alguns-consells\/"},"author":{"name":"wpAdminCofbOrg","@id":"https:\/\/www.cofb.org\/#\/schema\/person\/22ed7eea88da74b0fa4d3154ad87ffcb"},"headline":"Qu\u00e8 ens provoca al\u00b7l\u00e8rgia? Alguns consells","datePublished":"2014-03-20T13:44:57+00:00","dateModified":"2014-03-20T13:44:57+00:00","mainEntityOfPage":{"@id":"https:\/\/novaorg.cofb.net\/2014\/03\/20\/que-ens-provoca-al%c2%b7lergia-alguns-consells\/"},"wordCount":474,"commentCount":0,"publisher":{"@id":"https:\/\/www.cofb.org\/#organization"},"image":{"@id":"https:\/\/novaorg.cofb.net\/2014\/03\/20\/que-ens-provoca-al%c2%b7lergia-alguns-consells\/#primaryimage"},"thumbnailUrl":"","articleSection":["Recomanacions del farmac\u00e8utic"],"inLanguage":"es","potentialAction":[{"@type":"CommentAction","name":"Comment","target":["https:\/\/novaorg.cofb.net\/2014\/03\/20\/que-ens-provoca-al%c2%b7lergia-alguns-consells\/#respond"]}]},{"@type":"WebPage","@id":"https:\/\/novaorg.cofb.net\/2014\/03\/20\/que-ens-provoca-al%c2%b7lergia-alguns-consells\/","url":"https:\/\/novaorg.cofb.net\/2014\/03\/20\/que-ens-provoca-al%c2%b7lergia-alguns-consells\/","name":"Qu\u00e8 ens provoca al\u00b7l\u00e8rgia? Alguns consells - Col\u00b7legi de Farmac\u00e8utics de Barcelona","isPartOf":{"@id":"https:\/\/www.cofb.org\/#website"},"primaryImageOfPage":{"@id":"https:\/\/novaorg.cofb.net\/2014\/03\/20\/que-ens-provoca-al%c2%b7lergia-alguns-consells\/#primaryimage"},"image":{"@id":"https:\/\/novaorg.cofb.net\/2014\/03\/20\/que-ens-provoca-al%c2%b7lergia-alguns-consells\/#primaryimage"},"thumbnailUrl":"","datePublished":"2014-03-20T13:44:57+00:00","dateModified":"2014-03-20T13:44:57+00:00","breadcrumb":{"@id":"https:\/\/novaorg.cofb.net\/2014\/03\/20\/que-ens-provoca-al%c2%b7lergia-alguns-consells\/#breadcrumb"},"inLanguage":"es","potentialAction":[{"@type":"ReadAction","target":["https:\/\/novaorg.cofb.net\/2014\/03\/20\/que-ens-provoca-al%c2%b7lergia-alguns-consells\/"]}]},{"@type":"ImageObject","inLanguage":"es","@id":"https:\/\/novaorg.cofb.net\/2014\/03\/20\/que-ens-provoca-al%c2%b7lergia-alguns-consells\/#primaryimage","url":"","contentUrl":""},{"@type":"BreadcrumbList","@id":"https:\/\/novaorg.cofb.net\/2014\/03\/20\/que-ens-provoca-al%c2%b7lergia-alguns-consells\/#breadcrumb","itemListElement":[{"@type":"ListItem","position":1,"name":"Inici","item":"https:\/\/novaorg.cofb.net\/"},{"@type":"ListItem","position":2,"name":"Qu\u00e8 ens provoca al\u00b7l\u00e8rgia? Alguns consells"}]},{"@type":"WebSite","@id":"https:\/\/www.cofb.org\/#website","url":"https:\/\/www.cofb.org\/","name":"Col\u00b7legi de Farmac\u00e8utics de Barcelona","description":"","publisher":{"@id":"https:\/\/www.cofb.org\/#organization"},"potentialAction":[{"@type":"SearchAction","target":{"@type":"EntryPoint","urlTemplate":"https:\/\/www.cofb.org\/?s={search_term_string}"},"query-input":"required name=search_term_string"}],"inLanguage":"es"},{"@type":"Organization","@id":"https:\/\/www.cofb.org\/#organization","name":"Col\u00b7legi de Farmac\u00e8utics de Barcelona","url":"https:\/\/www.cofb.org\/","logo":{"@type":"ImageObject","inLanguage":"es","@id":"https:\/\/www.cofb.org\/#\/schema\/logo\/image\/","url":"https:\/\/www.cofb.org\/wp-content\/uploads\/2023\/11\/cropped-Logotip-COFB.png","contentUrl":"https:\/\/www.cofb.org\/wp-content\/uploads\/2023\/11\/cropped-Logotip-COFB.png","width":500,"height":105,"caption":"Col\u00b7legi de Farmac\u00e8utics de Barcelona"},"image":{"@id":"https:\/\/www.cofb.org\/#\/schema\/logo\/image\/"},"sameAs":["https:\/\/www.facebook.com\/farmaceuticsbcn\/","https:\/\/twitter.com\/farmaceuticsbcn","https:\/\/www.instagram.com\/farmaceuticsbcn\/","https:\/\/www.linkedin.com\/company\/farmaceuticsbcn\/"]},{"@type":"Person","@id":"https:\/\/www.cofb.org\/#\/schema\/person\/22ed7eea88da74b0fa4d3154ad87ffcb","name":"wpAdminCofbOrg","image":{"@type":"ImageObject","inLanguage":"es","@id":"https:\/\/www.cofb.org\/#\/schema\/person\/image\/","url":"https:\/\/secure.gravatar.com\/avatar\/1721b20b3b8ca882c3b56ec6c978c594fff670e40c0718e9190eaeeb76aae7d8?s=96&d=mm&r=g","contentUrl":"https:\/\/secure.gravatar.com\/avatar\/1721b20b3b8ca882c3b56ec6c978c594fff670e40c0718e9190eaeeb76aae7d8?s=96&d=mm&r=g","caption":"wpAdminCofbOrg"},"sameAs":["http:\/\/192.168.64.122\/wordpress"],"url":"https:\/\/www.cofb.org\/es\/author\/wpadmincofborg\/"}]}},"uagb_featured_image_src":{"full":false,"thumbnail":false,"medium":false,"medium_large":false,"large":false,"1536x1536":false,"2048x2048":false,"trp-custom-language-flag":false},"uagb_author_info":{"display_name":"wpAdminCofbOrg","author_link":"https:\/\/www.cofb.org\/es\/author\/wpadmincofborg\/"},"uagb_comment_info":0,"uagb_excerpt":"Quan una persona esternuda en plena primavera s\u2019acostuma a associar m\u00e9s aviat amb una al\u00b7l\u00e8rgia que no pas amb un constipat. No \u00e9s estrany, doncs, que aquesta reacci\u00f3 immunol\u00f2gica espec\u00edfica de l\u2019organisme cap a una subst\u00e0ncia normalment inofensiva sigui una de les paraules m\u00e9s pronunciades durant aquesta \u00e8poca de l\u2019any. [&hellip;]","_links":{"self":[{"href":"https:\/\/www.cofb.org\/es\/wp-json\/wp\/v2\/posts\/5793","targetHints":{"allow":["GET"]}}],"collection":[{"href":"https:\/\/www.cofb.org\/es\/wp-json\/wp\/v2\/posts"}],"about":[{"href":"https:\/\/www.cofb.org\/es\/wp-json\/wp\/v2\/types\/post"}],"author":[{"embeddable":true,"href":"https:\/\/www.cofb.org\/es\/wp-json\/wp\/v2\/users\/1"}],"replies":[{"embeddable":true,"href":"https:\/\/www.cofb.org\/es\/wp-json\/wp\/v2\/comments?post=5793"}],"version-history":[{"count":0,"href":"https:\/\/www.cofb.org\/es\/wp-json\/wp\/v2\/posts\/5793\/revisions"}],"wp:featuredmedia":[{"embeddable":true,"href":"https:\/\/www.cofb.org\/es\/wp-json\/"}],"wp:attachment":[{"href":"https:\/\/www.cofb.org\/es\/wp-json\/wp\/v2\/media?parent=5793"}],"wp:term":[{"taxonomy":"category","embeddable":true,"href":"https:\/\/www.cofb.org\/es\/wp-json\/wp\/v2\/categories?post=5793"},{"taxonomy":"post_tag","embeddable":true,"href":"https:\/\/www.cofb.org\/es\/wp-json\/wp\/v2\/tags?post=5793"}],"curies":[{"name":"wp","href":"https:\/\/api.w.org\/{rel}","templated":true}]}}