{"id":5767,"date":"2014-03-19T14:16:07","date_gmt":"2014-03-19T13:16:07","guid":{"rendered":"http:\/\/blog.cofb.cat\/?p=5767"},"modified":"2014-03-19T14:16:07","modified_gmt":"2014-03-19T13:16:07","slug":"infarma-2014-agora-impartira-tallers-amb-casos-practics-als-farmaceutics","status":"publish","type":"post","link":"https:\/\/www.cofb.org\/es\/2014\/03\/19\/infarma-2014-agora-impartira-tallers-amb-casos-practics-als-farmaceutics\/","title":{"rendered":"Infarma 2014: \u00c0GORA impartir\u00e1 talleres con casos pr\u00e1cticos en los farmac\u00e9uticos"},"content":{"rendered":"<p style=\"text-align: center;\"><a href=\"http:\/\/www.agorasanitaria.com\/web\/guest\"><img decoding=\"async\" class=\"wp-image-4712 aligncenter\" alt=\"logo agora\" src=\"http:\/\/blog.cofb.cat\/wp-content\/uploads\/2013\/12\/logo-agora.jpg\" width=\"384\" height=\"110\" \/><\/a><\/p>\n<p><b style=\"text-align: center;\">11 talleres formativos relacionados con la labor asistencial del farmac\u00e9utico.<\/b>\u00a0Les impartir\u00e1 la plataforma de formaci\u00f3n online <span style=\"text-decoration: underline;\"><a style=\"text-align: center;\" href=\"http:\/\/www.agorasanitaria.com\/web\/guest\">\u00c1GORA SANITARIA<\/a> <\/span>dentro de<span style=\"text-decoration: underline;\"><a href=\"http:\/\/www.infarma.es\/web\/infarma-2014\" target=\"_blank\" rel=\"noopener\">Infarma Madrid 2014<\/a><\/span> (del 25 al 27 de marzo). Los talleres van dirigidos a los profesionales farmac\u00e9uticos que asistan a esta cita europea de la farmacia.<\/p>\n<p>El contenido se centrar\u00e1 principalmente en <b>casos pr\u00e1cticos<\/b> y las sesiones tendr\u00e1n una duraci\u00f3n de 30 minutos. El uso de inhaladores, dermofarmacia, fitoterapia, homeopat\u00eda y aspectos relacionados con la gesti\u00f3n de la oficina de farmacia son algunos de los temas que se tratar\u00e1n. Farmac\u00e9uticos expertos en cada una de las \u00e1reas y profesores de \u00c0GORA impartir\u00e1n estos talleres.<\/p>\n<p>El objetivo es que los farmac\u00e9uticos comunitarios puedan actualizar conocimientos y acercar m\u00e1s la oferta formativa de \u00c1GORA SANITARIA al colectivo. De hecho, cabe destacar que el n\u00famero de alumnos inscritos en 2013 se dobl\u00f3 respecto al a\u00f1o 2012: un total de 11.275 farmac\u00e9uticos se formaron a trav\u00e9s del portal de cara a realizar una <strong>\u00f3ptima atenci\u00f3n farmac\u00e9utica al paciente<\/strong>.<\/p>\n<p>&nbsp;<\/p>\n<p><span style=\"text-decoration: underline;\"><strong><a href=\"http:\/\/www.agorasanitaria.com\/web\/guest\/oferta-formativa\" target=\"_blank\" rel=\"noopener\">Inscr\u00edbete en los talleres de \u00c1gora en Infarma 2014<\/a><\/strong><\/span><\/p>\n<p><span style=\"text-decoration: underline;\"><b><a href=\"http:\/\/www.infarma.es\/documents\/318930\/011b3f51-fee4-436f-beda-2949a8a7ab60\">Consulta la Nota de prensa<\/a> <\/b><\/span><\/p>","protected":false},"excerpt":{"rendered":"<p>11 talleres formativos relacionados con la labor asistencial del farmac\u00e9utico. Les impartir\u00e1 la plataforma de formaci\u00f3n online \u00c1GORA SANITARIA dentro de Infarma Madrid 2014 (del 25 al 27 de marzo). Los talleres van dirigidos a los profesionales farmac\u00e9uticos que asistan a esta cita europea de la farmacia. El contenido se centrar\u00e1 principalmente en casos [\u2026]<\/p>","protected":false},"author":1,"featured_media":952,"comment_status":"open","ping_status":"open","sticky":false,"template":"","format":"standard","meta":{"_uag_custom_page_level_css":"","site-sidebar-layout":"default","site-content-layout":"","ast-site-content-layout":"default","site-content-style":"default","site-sidebar-style":"default","ast-global-header-display":"","ast-banner-title-visibility":"","ast-main-header-display":"","ast-hfb-above-header-display":"","ast-hfb-below-header-display":"","ast-hfb-mobile-header-display":"","site-post-title":"","ast-breadcrumbs-content":"","ast-featured-img":"disabled","footer-sml-layout":"","theme-transparent-header-meta":"","adv-header-id-meta":"","stick-header-meta":"","header-above-stick-meta":"","header-main-stick-meta":"","header-below-stick-meta":"","astra-migrate-meta-layouts":"default","ast-page-background-enabled":"default","ast-page-background-meta":{"desktop":{"background-color":"var(--ast-global-color-4)","background-image":"","background-repeat":"repeat","background-position":"center center","background-size":"auto","background-attachment":"scroll","background-type":"","background-media":"","overlay-type":"","overlay-color":"","overlay-opacity":"","overlay-gradient":""},"tablet":{"background-color":"","background-image":"","background-repeat":"repeat","background-position":"center center","background-size":"auto","background-attachment":"scroll","background-type":"","background-media":"","overlay-type":"","overlay-color":"","overlay-opacity":"","overlay-gradient":""},"mobile":{"background-color":"","background-image":"","background-repeat":"repeat","background-position":"center center","background-size":"auto","background-attachment":"scroll","background-type":"","background-media":"","overlay-type":"","overlay-color":"","overlay-opacity":"","overlay-gradient":""}},"ast-content-background-meta":{"desktop":{"background-color":"var(--ast-global-color-5)","background-image":"","background-repeat":"repeat","background-position":"center center","background-size":"auto","background-attachment":"scroll","background-type":"","background-media":"","overlay-type":"","overlay-color":"","overlay-opacity":"","overlay-gradient":""},"tablet":{"background-color":"var(--ast-global-color-5)","background-image":"","background-repeat":"repeat","background-position":"center center","background-size":"auto","background-attachment":"scroll","background-type":"","background-media":"","overlay-type":"","overlay-color":"","overlay-opacity":"","overlay-gradient":""},"mobile":{"background-color":"var(--ast-global-color-5)","background-image":"","background-repeat":"repeat","background-position":"center center","background-size":"auto","background-attachment":"scroll","background-type":"","background-media":"","overlay-type":"","overlay-color":"","overlay-opacity":"","overlay-gradient":""}},"footnotes":""},"categories":[32],"tags":[2121,70,28],"class_list":["post-5767","post","type-post","status-publish","format-standard","has-post-thumbnail","hentry","category-noticies-farmacia","tag-congressos","tag-formacio","tag-infarma"],"yoast_head":"<!-- This site is optimized with the Yoast SEO plugin v22.4 - https:\/\/yoast.com\/wordpress\/plugins\/seo\/ -->\n<title>Infarma 2014: \u00c0GORA impartir\u00e0 tallers amb casos pr\u00e0ctics als farmac\u00e8utics - Col\u00b7legi de Farmac\u00e8utics de Barcelona<\/title>\n<meta name=\"robots\" content=\"index, follow, max-snippet:-1, max-image-preview:large, max-video-preview:-1\" \/>\n<link rel=\"canonical\" href=\"https:\/\/novaorg.cofb.net\/2014\/03\/19\/infarma-2014-agora-impartira-tallers-amb-casos-practics-als-farmaceutics\/\" \/>\n<meta property=\"og:locale\" content=\"es_ES\" \/>\n<meta property=\"og:type\" content=\"article\" \/>\n<meta property=\"og:title\" content=\"Infarma 2014: \u00c0GORA impartir\u00e0 tallers amb casos pr\u00e0ctics als farmac\u00e8utics - Col\u00b7legi de Farmac\u00e8utics de Barcelona\" \/>\n<meta property=\"og:description\" content=\"11 tallers formatius relacionats amb la labor assistencial del farmac\u00e8utic.\u00a0Els impartir\u00e0\u00a0la plataforma de formaci\u00f3 online \u00c0GORA SANIT\u00c0RIA dins d\u2019Infarma Madrid 2014 (del 25 al 27 de mar\u00e7). Els tallers van adre\u00e7ats als professionals farmac\u00e8utics que assisteixin a aquesta cita europea de la farm\u00e0cia. El contingut es centrar\u00e0 principalment en casos [&hellip;]\" \/>\n<meta property=\"og:url\" content=\"https:\/\/novaorg.cofb.net\/2014\/03\/19\/infarma-2014-agora-impartira-tallers-amb-casos-practics-als-farmaceutics\/\" \/>\n<meta property=\"og:site_name\" content=\"Col\u00b7legi de Farmac\u00e8utics de Barcelona\" \/>\n<meta property=\"article:publisher\" content=\"https:\/\/www.facebook.com\/farmaceuticsbcn\/\" \/>\n<meta property=\"article:published_time\" content=\"2014-03-19T13:16:07+00:00\" \/>\n<meta name=\"author\" content=\"wpAdminCofbOrg\" \/>\n<meta name=\"twitter:card\" content=\"summary_large_image\" \/>\n<meta name=\"twitter:creator\" content=\"@farmaceuticsbcn\" \/>\n<meta name=\"twitter:site\" content=\"@farmaceuticsbcn\" \/>\n<meta name=\"twitter:label1\" content=\"Escrito por\" \/>\n\t<meta name=\"twitter:data1\" content=\"wpAdminCofbOrg\" \/>\n\t<meta name=\"twitter:label2\" content=\"Tiempo de lectura\" \/>\n\t<meta name=\"twitter:data2\" content=\"1 minuto\" \/>\n<script type=\"application\/ld+json\" class=\"yoast-schema-graph\">{\"@context\":\"https:\/\/schema.org\",\"@graph\":[{\"@type\":\"Article\",\"@id\":\"https:\/\/novaorg.cofb.net\/2014\/03\/19\/infarma-2014-agora-impartira-tallers-amb-casos-practics-als-farmaceutics\/#article\",\"isPartOf\":{\"@id\":\"https:\/\/novaorg.cofb.net\/2014\/03\/19\/infarma-2014-agora-impartira-tallers-amb-casos-practics-als-farmaceutics\/\"},\"author\":{\"name\":\"wpAdminCofbOrg\",\"@id\":\"https:\/\/www.cofb.org\/#\/schema\/person\/22ed7eea88da74b0fa4d3154ad87ffcb\"},\"headline\":\"Infarma 2014: \u00c0GORA impartir\u00e0 tallers amb casos pr\u00e0ctics als farmac\u00e8utics\",\"datePublished\":\"2014-03-19T13:16:07+00:00\",\"dateModified\":\"2014-03-19T13:16:07+00:00\",\"mainEntityOfPage\":{\"@id\":\"https:\/\/novaorg.cofb.net\/2014\/03\/19\/infarma-2014-agora-impartira-tallers-amb-casos-practics-als-farmaceutics\/\"},\"wordCount\":200,\"commentCount\":0,\"publisher\":{\"@id\":\"https:\/\/www.cofb.org\/#organization\"},\"image\":{\"@id\":\"https:\/\/novaorg.cofb.net\/2014\/03\/19\/infarma-2014-agora-impartira-tallers-amb-casos-practics-als-farmaceutics\/#primaryimage\"},\"thumbnailUrl\":\"\",\"keywords\":[\"Congressos\",\"Formaci\u00f3\",\"Infarma\"],\"articleSection\":[\"Not\u00edcies farm\u00e0cia\"],\"inLanguage\":\"es\",\"potentialAction\":[{\"@type\":\"CommentAction\",\"name\":\"Comment\",\"target\":[\"https:\/\/novaorg.cofb.net\/2014\/03\/19\/infarma-2014-agora-impartira-tallers-amb-casos-practics-als-farmaceutics\/#respond\"]}]},{\"@type\":\"WebPage\",\"@id\":\"https:\/\/novaorg.cofb.net\/2014\/03\/19\/infarma-2014-agora-impartira-tallers-amb-casos-practics-als-farmaceutics\/\",\"url\":\"https:\/\/novaorg.cofb.net\/2014\/03\/19\/infarma-2014-agora-impartira-tallers-amb-casos-practics-als-farmaceutics\/\",\"name\":\"Infarma 2014: \u00c0GORA impartir\u00e0 tallers amb casos pr\u00e0ctics als farmac\u00e8utics - Col\u00b7legi de Farmac\u00e8utics de Barcelona\",\"isPartOf\":{\"@id\":\"https:\/\/www.cofb.org\/#website\"},\"primaryImageOfPage\":{\"@id\":\"https:\/\/novaorg.cofb.net\/2014\/03\/19\/infarma-2014-agora-impartira-tallers-amb-casos-practics-als-farmaceutics\/#primaryimage\"},\"image\":{\"@id\":\"https:\/\/novaorg.cofb.net\/2014\/03\/19\/infarma-2014-agora-impartira-tallers-amb-casos-practics-als-farmaceutics\/#primaryimage\"},\"thumbnailUrl\":\"\",\"datePublished\":\"2014-03-19T13:16:07+00:00\",\"dateModified\":\"2014-03-19T13:16:07+00:00\",\"breadcrumb\":{\"@id\":\"https:\/\/novaorg.cofb.net\/2014\/03\/19\/infarma-2014-agora-impartira-tallers-amb-casos-practics-als-farmaceutics\/#breadcrumb\"},\"inLanguage\":\"es\",\"potentialAction\":[{\"@type\":\"ReadAction\",\"target\":[\"https:\/\/novaorg.cofb.net\/2014\/03\/19\/infarma-2014-agora-impartira-tallers-amb-casos-practics-als-farmaceutics\/\"]}]},{\"@type\":\"ImageObject\",\"inLanguage\":\"es\",\"@id\":\"https:\/\/novaorg.cofb.net\/2014\/03\/19\/infarma-2014-agora-impartira-tallers-amb-casos-practics-als-farmaceutics\/#primaryimage\",\"url\":\"\",\"contentUrl\":\"\"},{\"@type\":\"BreadcrumbList\",\"@id\":\"https:\/\/novaorg.cofb.net\/2014\/03\/19\/infarma-2014-agora-impartira-tallers-amb-casos-practics-als-farmaceutics\/#breadcrumb\",\"itemListElement\":[{\"@type\":\"ListItem\",\"position\":1,\"name\":\"Inici\",\"item\":\"https:\/\/novaorg.cofb.net\/\"},{\"@type\":\"ListItem\",\"position\":2,\"name\":\"Infarma 2014: \u00c0GORA impartir\u00e0 tallers amb casos pr\u00e0ctics als farmac\u00e8utics\"}]},{\"@type\":\"WebSite\",\"@id\":\"https:\/\/www.cofb.org\/#website\",\"url\":\"https:\/\/www.cofb.org\/\",\"name\":\"Col\u00b7legi de Farmac\u00e8utics de Barcelona\",\"description\":\"\",\"publisher\":{\"@id\":\"https:\/\/www.cofb.org\/#organization\"},\"potentialAction\":[{\"@type\":\"SearchAction\",\"target\":{\"@type\":\"EntryPoint\",\"urlTemplate\":\"https:\/\/www.cofb.org\/?s={search_term_string}\"},\"query-input\":\"required name=search_term_string\"}],\"inLanguage\":\"es\"},{\"@type\":\"Organization\",\"@id\":\"https:\/\/www.cofb.org\/#organization\",\"name\":\"Col\u00b7legi de Farmac\u00e8utics de Barcelona\",\"url\":\"https:\/\/www.cofb.org\/\",\"logo\":{\"@type\":\"ImageObject\",\"inLanguage\":\"es\",\"@id\":\"https:\/\/www.cofb.org\/#\/schema\/logo\/image\/\",\"url\":\"https:\/\/www.cofb.org\/wp-content\/uploads\/2023\/11\/cropped-Logotip-COFB.png\",\"contentUrl\":\"https:\/\/www.cofb.org\/wp-content\/uploads\/2023\/11\/cropped-Logotip-COFB.png\",\"width\":500,\"height\":105,\"caption\":\"Col\u00b7legi de Farmac\u00e8utics de Barcelona\"},\"image\":{\"@id\":\"https:\/\/www.cofb.org\/#\/schema\/logo\/image\/\"},\"sameAs\":[\"https:\/\/www.facebook.com\/farmaceuticsbcn\/\",\"https:\/\/twitter.com\/farmaceuticsbcn\",\"https:\/\/www.instagram.com\/farmaceuticsbcn\/\",\"https:\/\/www.linkedin.com\/company\/farmaceuticsbcn\/\"]},{\"@type\":\"Person\",\"@id\":\"https:\/\/www.cofb.org\/#\/schema\/person\/22ed7eea88da74b0fa4d3154ad87ffcb\",\"name\":\"wpAdminCofbOrg\",\"image\":{\"@type\":\"ImageObject\",\"inLanguage\":\"es\",\"@id\":\"https:\/\/www.cofb.org\/#\/schema\/person\/image\/\",\"url\":\"https:\/\/secure.gravatar.com\/avatar\/1721b20b3b8ca882c3b56ec6c978c594fff670e40c0718e9190eaeeb76aae7d8?s=96&d=mm&r=g\",\"contentUrl\":\"https:\/\/secure.gravatar.com\/avatar\/1721b20b3b8ca882c3b56ec6c978c594fff670e40c0718e9190eaeeb76aae7d8?s=96&d=mm&r=g\",\"caption\":\"wpAdminCofbOrg\"},\"sameAs\":[\"http:\/\/192.168.64.122\/wordpress\"],\"url\":\"https:\/\/www.cofb.org\/es\/author\/wpadmincofborg\/\"}]}<\/script>\n<!-- \/ Yoast SEO plugin. -->","yoast_head_json":{"title":"Infarma 2014: \u00c0GORA impartir\u00e0 tallers amb casos pr\u00e0ctics als farmac\u00e8utics - Col\u00b7legi de Farmac\u00e8utics de Barcelona","robots":{"index":"index","follow":"follow","max-snippet":"max-snippet:-1","max-image-preview":"max-image-preview:large","max-video-preview":"max-video-preview:-1"},"canonical":"https:\/\/novaorg.cofb.net\/2014\/03\/19\/infarma-2014-agora-impartira-tallers-amb-casos-practics-als-farmaceutics\/","og_locale":"es_ES","og_type":"article","og_title":"Infarma 2014: \u00c0GORA impartir\u00e0 tallers amb casos pr\u00e0ctics als farmac\u00e8utics - Col\u00b7legi de Farmac\u00e8utics de Barcelona","og_description":"11 tallers formatius relacionats amb la labor assistencial del farmac\u00e8utic.\u00a0Els impartir\u00e0\u00a0la plataforma de formaci\u00f3 online \u00c0GORA SANIT\u00c0RIA dins d\u2019Infarma Madrid 2014 (del 25 al 27 de mar\u00e7). Els tallers van adre\u00e7ats als professionals farmac\u00e8utics que assisteixin a aquesta cita europea de la farm\u00e0cia. El contingut es centrar\u00e0 principalment en casos [&hellip;]","og_url":"https:\/\/novaorg.cofb.net\/2014\/03\/19\/infarma-2014-agora-impartira-tallers-amb-casos-practics-als-farmaceutics\/","og_site_name":"Col\u00b7legi de Farmac\u00e8utics de Barcelona","article_publisher":"https:\/\/www.facebook.com\/farmaceuticsbcn\/","article_published_time":"2014-03-19T13:16:07+00:00","author":"wpAdminCofbOrg","twitter_card":"summary_large_image","twitter_creator":"@farmaceuticsbcn","twitter_site":"@farmaceuticsbcn","twitter_misc":{"Escrito por":"wpAdminCofbOrg","Tiempo de lectura":"1 minuto"},"schema":{"@context":"https:\/\/schema.org","@graph":[{"@type":"Article","@id":"https:\/\/novaorg.cofb.net\/2014\/03\/19\/infarma-2014-agora-impartira-tallers-amb-casos-practics-als-farmaceutics\/#article","isPartOf":{"@id":"https:\/\/novaorg.cofb.net\/2014\/03\/19\/infarma-2014-agora-impartira-tallers-amb-casos-practics-als-farmaceutics\/"},"author":{"name":"wpAdminCofbOrg","@id":"https:\/\/www.cofb.org\/#\/schema\/person\/22ed7eea88da74b0fa4d3154ad87ffcb"},"headline":"Infarma 2014: \u00c0GORA impartir\u00e0 tallers amb casos pr\u00e0ctics als farmac\u00e8utics","datePublished":"2014-03-19T13:16:07+00:00","dateModified":"2014-03-19T13:16:07+00:00","mainEntityOfPage":{"@id":"https:\/\/novaorg.cofb.net\/2014\/03\/19\/infarma-2014-agora-impartira-tallers-amb-casos-practics-als-farmaceutics\/"},"wordCount":200,"commentCount":0,"publisher":{"@id":"https:\/\/www.cofb.org\/#organization"},"image":{"@id":"https:\/\/novaorg.cofb.net\/2014\/03\/19\/infarma-2014-agora-impartira-tallers-amb-casos-practics-als-farmaceutics\/#primaryimage"},"thumbnailUrl":"","keywords":["Congressos","Formaci\u00f3","Infarma"],"articleSection":["Not\u00edcies farm\u00e0cia"],"inLanguage":"es","potentialAction":[{"@type":"CommentAction","name":"Comment","target":["https:\/\/novaorg.cofb.net\/2014\/03\/19\/infarma-2014-agora-impartira-tallers-amb-casos-practics-als-farmaceutics\/#respond"]}]},{"@type":"WebPage","@id":"https:\/\/novaorg.cofb.net\/2014\/03\/19\/infarma-2014-agora-impartira-tallers-amb-casos-practics-als-farmaceutics\/","url":"https:\/\/novaorg.cofb.net\/2014\/03\/19\/infarma-2014-agora-impartira-tallers-amb-casos-practics-als-farmaceutics\/","name":"Infarma 2014: \u00c0GORA impartir\u00e0 tallers amb casos pr\u00e0ctics als farmac\u00e8utics - Col\u00b7legi de Farmac\u00e8utics de Barcelona","isPartOf":{"@id":"https:\/\/www.cofb.org\/#website"},"primaryImageOfPage":{"@id":"https:\/\/novaorg.cofb.net\/2014\/03\/19\/infarma-2014-agora-impartira-tallers-amb-casos-practics-als-farmaceutics\/#primaryimage"},"image":{"@id":"https:\/\/novaorg.cofb.net\/2014\/03\/19\/infarma-2014-agora-impartira-tallers-amb-casos-practics-als-farmaceutics\/#primaryimage"},"thumbnailUrl":"","datePublished":"2014-03-19T13:16:07+00:00","dateModified":"2014-03-19T13:16:07+00:00","breadcrumb":{"@id":"https:\/\/novaorg.cofb.net\/2014\/03\/19\/infarma-2014-agora-impartira-tallers-amb-casos-practics-als-farmaceutics\/#breadcrumb"},"inLanguage":"es","potentialAction":[{"@type":"ReadAction","target":["https:\/\/novaorg.cofb.net\/2014\/03\/19\/infarma-2014-agora-impartira-tallers-amb-casos-practics-als-farmaceutics\/"]}]},{"@type":"ImageObject","inLanguage":"es","@id":"https:\/\/novaorg.cofb.net\/2014\/03\/19\/infarma-2014-agora-impartira-tallers-amb-casos-practics-als-farmaceutics\/#primaryimage","url":"","contentUrl":""},{"@type":"BreadcrumbList","@id":"https:\/\/novaorg.cofb.net\/2014\/03\/19\/infarma-2014-agora-impartira-tallers-amb-casos-practics-als-farmaceutics\/#breadcrumb","itemListElement":[{"@type":"ListItem","position":1,"name":"Inici","item":"https:\/\/novaorg.cofb.net\/"},{"@type":"ListItem","position":2,"name":"Infarma 2014: \u00c0GORA impartir\u00e0 tallers amb casos pr\u00e0ctics als farmac\u00e8utics"}]},{"@type":"WebSite","@id":"https:\/\/www.cofb.org\/#website","url":"https:\/\/www.cofb.org\/","name":"Col\u00b7legi de Farmac\u00e8utics de Barcelona","description":"","publisher":{"@id":"https:\/\/www.cofb.org\/#organization"},"potentialAction":[{"@type":"SearchAction","target":{"@type":"EntryPoint","urlTemplate":"https:\/\/www.cofb.org\/?s={search_term_string}"},"query-input":"required name=search_term_string"}],"inLanguage":"es"},{"@type":"Organization","@id":"https:\/\/www.cofb.org\/#organization","name":"Col\u00b7legi de Farmac\u00e8utics de Barcelona","url":"https:\/\/www.cofb.org\/","logo":{"@type":"ImageObject","inLanguage":"es","@id":"https:\/\/www.cofb.org\/#\/schema\/logo\/image\/","url":"https:\/\/www.cofb.org\/wp-content\/uploads\/2023\/11\/cropped-Logotip-COFB.png","contentUrl":"https:\/\/www.cofb.org\/wp-content\/uploads\/2023\/11\/cropped-Logotip-COFB.png","width":500,"height":105,"caption":"Col\u00b7legi de Farmac\u00e8utics de Barcelona"},"image":{"@id":"https:\/\/www.cofb.org\/#\/schema\/logo\/image\/"},"sameAs":["https:\/\/www.facebook.com\/farmaceuticsbcn\/","https:\/\/twitter.com\/farmaceuticsbcn","https:\/\/www.instagram.com\/farmaceuticsbcn\/","https:\/\/www.linkedin.com\/company\/farmaceuticsbcn\/"]},{"@type":"Person","@id":"https:\/\/www.cofb.org\/#\/schema\/person\/22ed7eea88da74b0fa4d3154ad87ffcb","name":"wpAdminCofbOrg","image":{"@type":"ImageObject","inLanguage":"es","@id":"https:\/\/www.cofb.org\/#\/schema\/person\/image\/","url":"https:\/\/secure.gravatar.com\/avatar\/1721b20b3b8ca882c3b56ec6c978c594fff670e40c0718e9190eaeeb76aae7d8?s=96&d=mm&r=g","contentUrl":"https:\/\/secure.gravatar.com\/avatar\/1721b20b3b8ca882c3b56ec6c978c594fff670e40c0718e9190eaeeb76aae7d8?s=96&d=mm&r=g","caption":"wpAdminCofbOrg"},"sameAs":["http:\/\/192.168.64.122\/wordpress"],"url":"https:\/\/www.cofb.org\/es\/author\/wpadmincofborg\/"}]}},"uagb_featured_image_src":{"full":false,"thumbnail":false,"medium":false,"medium_large":false,"large":false,"1536x1536":false,"2048x2048":false,"trp-custom-language-flag":false},"uagb_author_info":{"display_name":"wpAdminCofbOrg","author_link":"https:\/\/www.cofb.org\/es\/author\/wpadmincofborg\/"},"uagb_comment_info":0,"uagb_excerpt":"11 tallers formatius relacionats amb la labor assistencial del farmac\u00e8utic.\u00a0Els impartir\u00e0\u00a0la plataforma de formaci\u00f3 online \u00c0GORA SANIT\u00c0RIA dins d\u2019Infarma Madrid 2014 (del 25 al 27 de mar\u00e7). Els tallers van adre\u00e7ats als professionals farmac\u00e8utics que assisteixin a aquesta cita europea de la farm\u00e0cia. El contingut es centrar\u00e0 principalment en casos [&hellip;]","_links":{"self":[{"href":"https:\/\/www.cofb.org\/es\/wp-json\/wp\/v2\/posts\/5767","targetHints":{"allow":["GET"]}}],"collection":[{"href":"https:\/\/www.cofb.org\/es\/wp-json\/wp\/v2\/posts"}],"about":[{"href":"https:\/\/www.cofb.org\/es\/wp-json\/wp\/v2\/types\/post"}],"author":[{"embeddable":true,"href":"https:\/\/www.cofb.org\/es\/wp-json\/wp\/v2\/users\/1"}],"replies":[{"embeddable":true,"href":"https:\/\/www.cofb.org\/es\/wp-json\/wp\/v2\/comments?post=5767"}],"version-history":[{"count":0,"href":"https:\/\/www.cofb.org\/es\/wp-json\/wp\/v2\/posts\/5767\/revisions"}],"wp:featuredmedia":[{"embeddable":true,"href":"https:\/\/www.cofb.org\/es\/wp-json\/"}],"wp:attachment":[{"href":"https:\/\/www.cofb.org\/es\/wp-json\/wp\/v2\/media?parent=5767"}],"wp:term":[{"taxonomy":"category","embeddable":true,"href":"https:\/\/www.cofb.org\/es\/wp-json\/wp\/v2\/categories?post=5767"},{"taxonomy":"post_tag","embeddable":true,"href":"https:\/\/www.cofb.org\/es\/wp-json\/wp\/v2\/tags?post=5767"}],"curies":[{"name":"wp","href":"https:\/\/api.w.org\/{rel}","templated":true}]}}