{"id":57349,"date":"2021-10-28T14:45:03","date_gmt":"2021-10-28T12:45:03","guid":{"rendered":"https:\/\/blog.cofb.cat\/?p=57349"},"modified":"2024-04-05T10:50:24","modified_gmt":"2024-04-05T10:50:24","slug":"infeccions-viriques-de-la-pell-abordatge-i-consultes-mes-frequents-a-la-farmacia-comunitaria","status":"publish","type":"post","link":"https:\/\/www.cofb.org\/es\/2021\/10\/28\/infeccions-viriques-de-la-pell-abordatge-i-consultes-mes-frequents-a-la-farmacia-comunitaria\/","title":{"rendered":"Infecciones v\u00edricas de la piel: abordaje y consultas m\u00e1s frecuentes en la farmacia comunitaria"},"content":{"rendered":"<p>Los d\u00edas <strong>18 y 20 de octubre<\/strong> tuvo lugar la formaci\u00f3n <strong>&quot;Infecciones v\u00edricas de la piel&quot;<\/strong>, patrocinada por <strong><a href=\"https:\/\/www.vinas.es\/\" target=\"_blank\" rel=\"noreferrer noopener sponsored nofollow\">Laboratorios Vi\u00f1as<\/a><\/strong>. Los docentes del curso fueron <strong>Paqui Moreno<\/strong>, farmac\u00e9utica comunitaria y miembro del <strong>grupo de trabajo<\/strong> de Dermatolog\u00eda de SEFAC y <strong>Miquel Ribera<\/strong>, dermat\u00f3logo y consultor senior del Hospital Parc Taul\u00ed de Sabadell. <strong>Marta Alcalde<\/strong>, vocal de <strong>Dermofarmacia y Productos Sanitarios<\/strong> del COFB fue la encargada de <strong>coordinar<\/strong> y <strong>moderar <\/strong>las sesiones, que fueron mucho <strong>din\u00e1micas<\/strong> y <strong>participativas<\/strong>.<\/p>\n\n\n\n<figure class=\"wp-block-image size-large\"><img decoding=\"async\" src=\"https:\/\/blog.cofb.cat\/wp-content\/uploads\/2021\/10\/IV14-1024x577.png\" alt=\"El Dr. Miquel Ribera, dermat\u00f2leg i consultor s\u00e8nior de l'Hospital Parc Taul\u00ed de Sabadell.\" class=\"wp-image-57512\" title=\"El dr. Miquel Ribera, dermat\u00f3logo y consultor senior del Hospital Parc Taul\u00ed de Sabadell.\"\/><figcaption>El dr. Miquel Ribera, dermat\u00f3logo y consultor senior del Hospital Parc Taul\u00ed de Sabadell.<\/figcaption><\/figure>\n\n\n\n<p>A trav\u00e9s del curso, los <strong>farmac\u00e9uticos <\/strong>pudieron conocer las <strong>caracter\u00edsticas cl\u00ednicas<\/strong> de las <strong>infecciones v\u00edricas<\/strong>, el <strong>tratamiento farmacol\u00f3gico<\/strong> y las medidas <strong>higi\u00e9nicas<\/strong> y <strong>diet\u00e9ticas<\/strong> a tomar. Tambi\u00e9n pudieron distinguir los <strong>criterios de derivaci\u00f3n<\/strong> de cada caso. <\/p>\n\n\n\n<p><\/p>\n\n\n\n<h2 class=\"wp-block-heading\"><strong>Desarrollo de las sesiones<\/strong><\/h2>\n\n\n\n<p>La <strong>formaci\u00f3n<\/strong> fue estructurada en<strong> dos sesiones<\/strong>, con el objetivo de hacer un <strong>repaso de todas las consultas<\/strong> que se pueden presentar en la oficina de farmacia relacionadas con las <strong>infecciones de la piel producidas por virus<\/strong>. <\/p>\n\n\n\n<figure class=\"wp-block-image size-large\"><img decoding=\"async\" src=\"https:\/\/blog.cofb.cat\/wp-content\/uploads\/2021\/10\/IV22-1024x581.png\" alt=\"Paqui Moreno, farmac\u00e8utica comunit\u00e0ria i membre del grup de treball de Dermatologia de SEFAC.\" class=\"wp-image-57508\" title=\"Paqui Moreno, farmac\u00e9utica comunitaria y miembro del grupo de trabajo de Dermatolog\u00eda de SEFAC.\"\/><figcaption>Paqui Moreno, farmac\u00e9utica comunitaria y miembro del grupo de trabajo de Dermatolog\u00eda de SEFAC.<\/figcaption><\/figure>\n\n\n\n<p>El curso se desarroll\u00f3 a partir de <strong>casos pr\u00e1cticos<\/strong> y, a partir de ah\u00ed, en un formato de<strong>entrevista<\/strong>, los dos ponentes -el dermat\u00f3logo <strong>Miquel Ribera<\/strong> y la farmac\u00e9utica <strong>Paqui Moreno<\/strong>-, explicaron todo lo que se debe saber en relaci\u00f3n con estas infecciones: <\/p>\n\n\n\n<ul class=\"wp-block-list\"><li>tipos de virus que las producen y c\u00f3mo act\u00faan <\/li><li>manifestaciones cl\u00ednicas <\/li><li>diagn\u00f3stico diferencial <\/li><li>criterios de derivaci\u00f3n <\/li><li>tratamientos de prescripci\u00f3n y de indicaci\u00f3n farmac\u00e9utica <\/li><li>qu\u00e9 hacer en el momento de la dispensaci\u00f3n en cada caso <\/li><li>medidas de prevenci\u00f3n del contagio  <\/li><li>medidas higi\u00e9nico-diet\u00e9ticas de consejo en el mostrador para mejorar el estado de salud del paciente<\/li><\/ul>\n\n\n\n<p>Las infecciones en las que se profundiz\u00f3 fueron las producidas por el<strong>herpes simple<\/strong>, la <strong>varicela<\/strong>, el<strong>herpes z\u00f3ster, <\/strong>la <strong>enfermedad boca-mano-pie<\/strong>, las<strong> infecciones por el virus del papiloma humano (VPH)<\/strong>, el <strong>Molluscum contagiosum<\/strong>, las <strong>reacciones exantem\u00e1ticas<\/strong> y las <strong>infecciones por retrovirus<\/strong>, haciendo un peque\u00f1o apunte del virus del <strong>VIH<\/strong> y del <strong>SARS-CoV-2<\/strong>.<\/p>\n\n\n\n<div class=\"box note\"><\/p>\n\n\n\n<h2 class=\"wp-block-heading\"><strong>Resoluci\u00f3n de consultas dermatol\u00f3gicas referidas a infecciones v\u00edricas desde la farmacia comunitaria<\/strong><\/h2>\n\n\n\n<p>A menudo, el farmac\u00e9utico debe resolver <strong>consultas dermatol\u00f3gicas<\/strong> referidas a <strong>infecciones v\u00edricas<\/strong> de la <strong>piel<\/strong>. Saber cu\u00e1l es la <strong>fisiopatolog\u00eda<\/strong>, la<strong> sintomatolog\u00eda cl\u00ednica <\/strong>de cada una y poder identificar cu\u00e1ndo presenta los <strong>criterios de derivaci\u00f3n<\/strong> es b\u00e1sico para enfocar el tratamiento de cada caso. <\/p>\n\n\n\n<p>Tambi\u00e9n debe estar al corriente de los <strong>tratamientos farmacol\u00f3gicos<\/strong> y de<strong>indicaci\u00f3n farmac\u00e9utica<\/strong>, de los <strong>consejos de la dispensaci\u00f3n<\/strong>, el seguimiento y cu\u00e1les <strong>medidas higi\u00e9nicas<\/strong> y <strong>diet\u00e9ticas<\/strong> debe recomendar en cada caso. Por todo ello, la formaci\u00f3n <strong>&quot;Infecciones v\u00edricas de la piel&quot;<\/strong> ten\u00eda una gran <strong>aplicaci\u00f3n pr\u00e1ctica<\/strong>.<\/p>\n\n\n\n<p><\/div>\n\n\n\n<p><\/p>\n\n\n\n<h2 class=\"wp-block-heading\"><strong>Valoraci\u00f3n de Marta Alcalde, vocal de Dermofarmacia y Productos Sanitarios del COFB<\/strong><\/h2>\n\n\n\n<p><strong>Marta Alcalde<\/strong>, vocal de Dermofarmacia y Productos Sanitarios del COFB, valor\u00f3 muy positivamente la formaci\u00f3n, ya que \u201cse hizo un repaso de todo lo que el <strong>farmac\u00e9utico comunitario<\/strong> debe conocer sobre las <strong>infecciones v\u00edricas<\/strong>, a fin de <strong>responder correctamente<\/strong> en funci\u00f3n de los <strong>diferentes casos<\/strong> que se encuentre en el mostrador\u201d. <\/p>\n\n\n\n<figure class=\"wp-block-image size-large\"><img decoding=\"async\" src=\"https:\/\/blog.cofb.cat\/wp-content\/uploads\/2021\/10\/IV7_2-1024x556.png\" alt=\"Marta Alcalde, vocal de Dermofarm\u00e0cia i Productes Sanitaris del COFB, en un moment de la formaci\u00f3.\" class=\"wp-image-57507\" title=\"Marta Alcalde, vocal de Dermofarmacia y Productos Sanitarios del COFB, en un momento de la formaci\u00f3n.\"\/><figcaption>Marta Alcalde, vocal de Dermofarmacia y Productos Sanitarios del COFB, en un momento de la formaci\u00f3n.<\/figcaption><\/figure>\n\n\n\n<p>En este sentido, \u201cse hizo mucho \u00e9nfasis en <strong>c\u00f3mo identificar las diferentes lesiones<\/strong> y en qu\u00e9 casos <strong>el farmac\u00e9utico <\/strong>debe <strong>derivar al m\u00e9dico<\/strong> o bien puede intervenir dando alg\u00fan medicamento de<strong>indicaci\u00f3n farmac\u00e9utica<\/strong>. Tambi\u00e9n se ha explicado muy bien<strong> c\u00f3mo deben aplicarse <\/strong>los diferentes tratamientos para favorecer el<strong>adherencia<\/strong>, ya que en muchos casos se trata de <strong>patolog\u00edas que requieren tratamientos largos<\/strong> y <strong>constantes <\/strong>en el tiempo\u201d, expuso.  <\/p>\n\n\n\n<p>Por \u00faltimo, Alcalde tambi\u00e9n puso en valor que durante el curso se \u201cdestac\u00f3 el <strong>papel<\/strong> <strong>de los farmac\u00e9uticos <\/strong>a la hora de <strong>promover h\u00e1bitos saludables<\/strong> que eviten el contagio de estas enfermedades\u201d.<\/p>\n\n\n\n<p class=\"has-text-align-right\"><strong>Con el patrocinio de:<\/strong><\/p>\n\n\n\n<div class=\"wp-block-image is-style-default\"><figure class=\"alignright size-full is-resized\"><a href=\"https:\/\/www.vinas.es\/\"><img decoding=\"async\" src=\"https:\/\/blog.cofb.cat\/wp-content\/uploads\/2021\/10\/image.png\" alt=\"\" class=\"wp-image-57380\" width=\"309\" height=\"92\"\/><\/a><\/figure><\/div>\n\n\n\n<p><\/p>\n\n\n\n<p><\/p>\n\n\n\n<p><\/p>\n\n\n\n<p><strong>Otras publicaciones de inter\u00e9s:<\/strong><\/p>\n\n\n\n<ul class=\"wp-block-list\"><li><a href=\"https:\/\/blog.cofb.cat\/problemes-de-la-pell-en-patologies-no-dermatologiques\/\">Abordaje de los problemas de la piel relacionados con las patolog\u00edas no dermatol\u00f3gicas (Marzo 2019)<\/a><\/li><li><a href=\"https:\/\/blog.cofb.cat\/actualitzant-al-farmaceutic-per-atendre-consultes-frequents-en-dermofarmacia\/\">Actualizando al farmac\u00e9utico para atender consultas frecuentes en dermofarmacia (Noviembre 2017)<\/a><\/li><\/ul>\n\n\n\n<p><\/p>","protected":false},"excerpt":{"rendered":"<p>Los d\u00edas 18 y 20 de octubre tuvo lugar la formaci\u00f3n \u201cInfecciones v\u00edricas de la piel\u201d, patrocinada por Laboratorios Vi\u00f1as. Los docentes del curso fueron Paqui Moreno, farmac\u00e9utica comunitaria y miembro del grupo de trabajo de Dermatolog\u00eda de SEFAC y Miquel Ribera, dermat\u00f3logo y consultor senior del Hospital Parc [\u2026]<\/p>","protected":false},"author":1,"featured_media":78102,"comment_status":"open","ping_status":"open","sticky":false,"template":"","format":"standard","meta":{"_uag_custom_page_level_css":"","site-sidebar-layout":"default","site-content-layout":"","ast-site-content-layout":"default","site-content-style":"default","site-sidebar-style":"default","ast-global-header-display":"","ast-banner-title-visibility":"","ast-main-header-display":"","ast-hfb-above-header-display":"","ast-hfb-below-header-display":"","ast-hfb-mobile-header-display":"","site-post-title":"","ast-breadcrumbs-content":"","ast-featured-img":"disabled","footer-sml-layout":"","theme-transparent-header-meta":"","adv-header-id-meta":"","stick-header-meta":"","header-above-stick-meta":"","header-main-stick-meta":"","header-below-stick-meta":"","astra-migrate-meta-layouts":"set","ast-page-background-enabled":"default","ast-page-background-meta":{"desktop":{"background-color":"var(--ast-global-color-4)","background-image":"","background-repeat":"repeat","background-position":"center center","background-size":"auto","background-attachment":"scroll","background-type":"","background-media":"","overlay-type":"","overlay-color":"","overlay-opacity":"","overlay-gradient":""},"tablet":{"background-color":"","background-image":"","background-repeat":"repeat","background-position":"center center","background-size":"auto","background-attachment":"scroll","background-type":"","background-media":"","overlay-type":"","overlay-color":"","overlay-opacity":"","overlay-gradient":""},"mobile":{"background-color":"","background-image":"","background-repeat":"repeat","background-position":"center center","background-size":"auto","background-attachment":"scroll","background-type":"","background-media":"","overlay-type":"","overlay-color":"","overlay-opacity":"","overlay-gradient":""}},"ast-content-background-meta":{"desktop":{"background-color":"var(--ast-global-color-5)","background-image":"","background-repeat":"repeat","background-position":"center center","background-size":"auto","background-attachment":"scroll","background-type":"","background-media":"","overlay-type":"","overlay-color":"","overlay-opacity":"","overlay-gradient":""},"tablet":{"background-color":"var(--ast-global-color-5)","background-image":"","background-repeat":"repeat","background-position":"center center","background-size":"auto","background-attachment":"scroll","background-type":"","background-media":"","overlay-type":"","overlay-color":"","overlay-opacity":"","overlay-gradient":""},"mobile":{"background-color":"var(--ast-global-color-5)","background-image":"","background-repeat":"repeat","background-position":"center center","background-size":"auto","background-attachment":"scroll","background-type":"","background-media":"","overlay-type":"","overlay-color":"","overlay-opacity":"","overlay-gradient":""}},"footnotes":""},"categories":[23,57],"tags":[18,19,66,3412,469,90,4652,79,81,53,24,69,70,2592,71,4653,4654,76,263,3454,710,78,677],"class_list":["post-57349","post","type-post","status-publish","format-standard","has-post-thumbnail","hentry","category-destacats","category-mon-collegial","tag-cofb","tag-collegi-de-farmaceutics-de-barcelona","tag-consultes-dermatologiques","tag-consultes-frequents","tag-coronavirus","tag-covid-19","tag-dermatoleg","tag-dermatologia","tag-dermofarmacia","tag-farmaceutics","tag-farmaceutics-comunitaris","tag-farmacia-comunitaria","tag-formacio","tag-formulacio-en-dermatologia","tag-infeccions","tag-infeccions-viriques","tag-infeccions-viriques-de-la-pell","tag-oficina-de-farmacia","tag-paper-dels-farmaceutics","tag-patologies-de-la-pell","tag-pell","tag-tractament-farmacologic","tag-virus"],"yoast_head":"<!-- This site is optimized with the Yoast SEO plugin v22.4 - https:\/\/yoast.com\/wordpress\/plugins\/seo\/ -->\n<title>Infeccions v\u00edriques de la pell: abordatge i consultes m\u00e9s freq\u00fcents a la farm\u00e0cia comunit\u00e0ria - Col\u00b7legi de Farmac\u00e8utics de Barcelona<\/title>\n<meta name=\"description\" content=\"Els dies 18 i 20 d&#039;octubre va tenir lloc la formaci\u00f3 &quot;Infeccions v\u00edriques de la pell&quot;, patrocinada per Laboratoris Vi\u00f1as.\" \/>\n<meta name=\"robots\" content=\"index, follow, max-snippet:-1, max-image-preview:large, max-video-preview:-1\" \/>\n<link rel=\"canonical\" href=\"https:\/\/novaorg.cofb.net\/2021\/10\/28\/infeccions-viriques-de-la-pell-abordatge-i-consultes-mes-frequents-a-la-farmacia-comunitaria\/\" \/>\n<meta property=\"og:locale\" content=\"es_ES\" \/>\n<meta property=\"og:type\" content=\"article\" \/>\n<meta property=\"og:title\" content=\"Infeccions v\u00edriques de la pell: abordatge i consultes m\u00e9s freq\u00fcents a la farm\u00e0cia comunit\u00e0ria - Col\u00b7legi de Farmac\u00e8utics de Barcelona\" \/>\n<meta property=\"og:description\" content=\"Els dies 18 i 20 d&#039;octubre va tenir lloc la formaci\u00f3 &quot;Infeccions v\u00edriques de la pell&quot;, patrocinada per Laboratoris Vi\u00f1as.\" \/>\n<meta property=\"og:url\" content=\"https:\/\/novaorg.cofb.net\/2021\/10\/28\/infeccions-viriques-de-la-pell-abordatge-i-consultes-mes-frequents-a-la-farmacia-comunitaria\/\" \/>\n<meta property=\"og:site_name\" content=\"Col\u00b7legi de Farmac\u00e8utics de Barcelona\" \/>\n<meta property=\"article:publisher\" content=\"https:\/\/www.facebook.com\/farmaceuticsbcn\/\" \/>\n<meta property=\"article:published_time\" content=\"2021-10-28T12:45:03+00:00\" \/>\n<meta property=\"article:modified_time\" content=\"2024-04-05T10:50:24+00:00\" \/>\n<meta property=\"og:image\" content=\"https:\/\/novaorg.cofb.net\/wp-content\/uploads\/2024\/04\/IV14-1024x577-1.png\" \/>\n\t<meta property=\"og:image:width\" content=\"1024\" \/>\n\t<meta property=\"og:image:height\" content=\"577\" \/>\n\t<meta property=\"og:image:type\" content=\"image\/png\" \/>\n<meta name=\"author\" content=\"wpAdminCofbOrg\" \/>\n<meta name=\"twitter:card\" content=\"summary_large_image\" \/>\n<meta name=\"twitter:creator\" content=\"@farmaceuticsbcn\" \/>\n<meta name=\"twitter:site\" content=\"@farmaceuticsbcn\" \/>\n<meta name=\"twitter:label1\" content=\"Escrito por\" \/>\n\t<meta name=\"twitter:data1\" content=\"wpAdminCofbOrg\" \/>\n\t<meta name=\"twitter:label2\" content=\"Tiempo de lectura\" \/>\n\t<meta name=\"twitter:data2\" content=\"5 minutos\" \/>\n<script type=\"application\/ld+json\" class=\"yoast-schema-graph\">{\"@context\":\"https:\/\/schema.org\",\"@graph\":[{\"@type\":\"Article\",\"@id\":\"https:\/\/novaorg.cofb.net\/2021\/10\/28\/infeccions-viriques-de-la-pell-abordatge-i-consultes-mes-frequents-a-la-farmacia-comunitaria\/#article\",\"isPartOf\":{\"@id\":\"https:\/\/novaorg.cofb.net\/2021\/10\/28\/infeccions-viriques-de-la-pell-abordatge-i-consultes-mes-frequents-a-la-farmacia-comunitaria\/\"},\"author\":{\"name\":\"wpAdminCofbOrg\",\"@id\":\"https:\/\/www.cofb.org\/#\/schema\/person\/22ed7eea88da74b0fa4d3154ad87ffcb\"},\"headline\":\"Infeccions v\u00edriques de la pell: abordatge i consultes m\u00e9s freq\u00fcents a la farm\u00e0cia comunit\u00e0ria\",\"datePublished\":\"2021-10-28T12:45:03+00:00\",\"dateModified\":\"2024-04-05T10:50:24+00:00\",\"mainEntityOfPage\":{\"@id\":\"https:\/\/novaorg.cofb.net\/2021\/10\/28\/infeccions-viriques-de-la-pell-abordatge-i-consultes-mes-frequents-a-la-farmacia-comunitaria\/\"},\"wordCount\":756,\"commentCount\":0,\"publisher\":{\"@id\":\"https:\/\/www.cofb.org\/#organization\"},\"image\":{\"@id\":\"https:\/\/novaorg.cofb.net\/2021\/10\/28\/infeccions-viriques-de-la-pell-abordatge-i-consultes-mes-frequents-a-la-farmacia-comunitaria\/#primaryimage\"},\"thumbnailUrl\":\"https:\/\/www.cofb.org\/wp-content\/uploads\/2024\/04\/IV14-1024x577-1.png\",\"keywords\":[\"COFB\",\"Col\u00b7legi de Farmac\u00e8utics de Barcelona\",\"consultes dermatol\u00f2giques\",\"consultes freq\u00fcents\",\"coronavirus\",\"COVID-19\",\"dermat\u00f2leg\",\"dermatologia\",\"Dermofarm\u00e0cia\",\"farmac\u00e8utics\",\"farmac\u00e8utics comunitaris\",\"farm\u00e0cia comunit\u00e0ria\",\"Formaci\u00f3\",\"formulaci\u00f3 en dermatologia\",\"infeccions\",\"infeccions v\u00edriques\",\"infeccions v\u00edriques de la pell\",\"Oficina de farm\u00e0cia\",\"paper dels farmac\u00e8utics\",\"patologies de la pell\",\"pell\",\"tractament farmacol\u00f2gic\",\"virus\"],\"articleSection\":[\"Destacats\",\"M\u00f3n col\u00b7legial\"],\"inLanguage\":\"es\",\"potentialAction\":[{\"@type\":\"CommentAction\",\"name\":\"Comment\",\"target\":[\"https:\/\/novaorg.cofb.net\/2021\/10\/28\/infeccions-viriques-de-la-pell-abordatge-i-consultes-mes-frequents-a-la-farmacia-comunitaria\/#respond\"]}]},{\"@type\":\"WebPage\",\"@id\":\"https:\/\/novaorg.cofb.net\/2021\/10\/28\/infeccions-viriques-de-la-pell-abordatge-i-consultes-mes-frequents-a-la-farmacia-comunitaria\/\",\"url\":\"https:\/\/novaorg.cofb.net\/2021\/10\/28\/infeccions-viriques-de-la-pell-abordatge-i-consultes-mes-frequents-a-la-farmacia-comunitaria\/\",\"name\":\"Infeccions v\u00edriques de la pell: abordatge i consultes m\u00e9s freq\u00fcents a la farm\u00e0cia comunit\u00e0ria - Col\u00b7legi de Farmac\u00e8utics de Barcelona\",\"isPartOf\":{\"@id\":\"https:\/\/www.cofb.org\/#website\"},\"primaryImageOfPage\":{\"@id\":\"https:\/\/novaorg.cofb.net\/2021\/10\/28\/infeccions-viriques-de-la-pell-abordatge-i-consultes-mes-frequents-a-la-farmacia-comunitaria\/#primaryimage\"},\"image\":{\"@id\":\"https:\/\/novaorg.cofb.net\/2021\/10\/28\/infeccions-viriques-de-la-pell-abordatge-i-consultes-mes-frequents-a-la-farmacia-comunitaria\/#primaryimage\"},\"thumbnailUrl\":\"https:\/\/www.cofb.org\/wp-content\/uploads\/2024\/04\/IV14-1024x577-1.png\",\"datePublished\":\"2021-10-28T12:45:03+00:00\",\"dateModified\":\"2024-04-05T10:50:24+00:00\",\"description\":\"Els dies 18 i 20 d'octubre va tenir lloc la formaci\u00f3 \\\"Infeccions v\u00edriques de la pell\\\", patrocinada per Laboratoris Vi\u00f1as.\",\"breadcrumb\":{\"@id\":\"https:\/\/novaorg.cofb.net\/2021\/10\/28\/infeccions-viriques-de-la-pell-abordatge-i-consultes-mes-frequents-a-la-farmacia-comunitaria\/#breadcrumb\"},\"inLanguage\":\"es\",\"potentialAction\":[{\"@type\":\"ReadAction\",\"target\":[\"https:\/\/novaorg.cofb.net\/2021\/10\/28\/infeccions-viriques-de-la-pell-abordatge-i-consultes-mes-frequents-a-la-farmacia-comunitaria\/\"]}]},{\"@type\":\"ImageObject\",\"inLanguage\":\"es\",\"@id\":\"https:\/\/novaorg.cofb.net\/2021\/10\/28\/infeccions-viriques-de-la-pell-abordatge-i-consultes-mes-frequents-a-la-farmacia-comunitaria\/#primaryimage\",\"url\":\"https:\/\/www.cofb.org\/wp-content\/uploads\/2024\/04\/IV14-1024x577-1.png\",\"contentUrl\":\"https:\/\/www.cofb.org\/wp-content\/uploads\/2024\/04\/IV14-1024x577-1.png\",\"width\":1024,\"height\":577},{\"@type\":\"BreadcrumbList\",\"@id\":\"https:\/\/novaorg.cofb.net\/2021\/10\/28\/infeccions-viriques-de-la-pell-abordatge-i-consultes-mes-frequents-a-la-farmacia-comunitaria\/#breadcrumb\",\"itemListElement\":[{\"@type\":\"ListItem\",\"position\":1,\"name\":\"Inici\",\"item\":\"https:\/\/novaorg.cofb.net\/\"},{\"@type\":\"ListItem\",\"position\":2,\"name\":\"Infeccions v\u00edriques de la pell: abordatge i consultes m\u00e9s freq\u00fcents a la farm\u00e0cia comunit\u00e0ria\"}]},{\"@type\":\"WebSite\",\"@id\":\"https:\/\/www.cofb.org\/#website\",\"url\":\"https:\/\/www.cofb.org\/\",\"name\":\"Col\u00b7legi de Farmac\u00e8utics de Barcelona\",\"description\":\"\",\"publisher\":{\"@id\":\"https:\/\/www.cofb.org\/#organization\"},\"potentialAction\":[{\"@type\":\"SearchAction\",\"target\":{\"@type\":\"EntryPoint\",\"urlTemplate\":\"https:\/\/www.cofb.org\/?s={search_term_string}\"},\"query-input\":\"required name=search_term_string\"}],\"inLanguage\":\"es\"},{\"@type\":\"Organization\",\"@id\":\"https:\/\/www.cofb.org\/#organization\",\"name\":\"Col\u00b7legi de Farmac\u00e8utics de Barcelona\",\"url\":\"https:\/\/www.cofb.org\/\",\"logo\":{\"@type\":\"ImageObject\",\"inLanguage\":\"es\",\"@id\":\"https:\/\/www.cofb.org\/#\/schema\/logo\/image\/\",\"url\":\"https:\/\/www.cofb.org\/wp-content\/uploads\/2023\/11\/cropped-Logotip-COFB.png\",\"contentUrl\":\"https:\/\/www.cofb.org\/wp-content\/uploads\/2023\/11\/cropped-Logotip-COFB.png\",\"width\":500,\"height\":105,\"caption\":\"Col\u00b7legi de Farmac\u00e8utics de Barcelona\"},\"image\":{\"@id\":\"https:\/\/www.cofb.org\/#\/schema\/logo\/image\/\"},\"sameAs\":[\"https:\/\/www.facebook.com\/farmaceuticsbcn\/\",\"https:\/\/twitter.com\/farmaceuticsbcn\",\"https:\/\/www.instagram.com\/farmaceuticsbcn\/\",\"https:\/\/www.linkedin.com\/company\/farmaceuticsbcn\/\"]},{\"@type\":\"Person\",\"@id\":\"https:\/\/www.cofb.org\/#\/schema\/person\/22ed7eea88da74b0fa4d3154ad87ffcb\",\"name\":\"wpAdminCofbOrg\",\"image\":{\"@type\":\"ImageObject\",\"inLanguage\":\"es\",\"@id\":\"https:\/\/www.cofb.org\/#\/schema\/person\/image\/\",\"url\":\"https:\/\/secure.gravatar.com\/avatar\/1721b20b3b8ca882c3b56ec6c978c594fff670e40c0718e9190eaeeb76aae7d8?s=96&d=mm&r=g\",\"contentUrl\":\"https:\/\/secure.gravatar.com\/avatar\/1721b20b3b8ca882c3b56ec6c978c594fff670e40c0718e9190eaeeb76aae7d8?s=96&d=mm&r=g\",\"caption\":\"wpAdminCofbOrg\"},\"sameAs\":[\"http:\/\/192.168.64.122\/wordpress\"],\"url\":\"https:\/\/www.cofb.org\/es\/author\/wpadmincofborg\/\"}]}<\/script>\n<!-- \/ Yoast SEO plugin. -->","yoast_head_json":{"title":"Infeccions v\u00edriques de la pell: abordatge i consultes m\u00e9s freq\u00fcents a la farm\u00e0cia comunit\u00e0ria - Col\u00b7legi de Farmac\u00e8utics de Barcelona","description":"Els dies 18 i 20 d'octubre va tenir lloc la formaci\u00f3 \"Infeccions v\u00edriques de la pell\", patrocinada per Laboratoris Vi\u00f1as.","robots":{"index":"index","follow":"follow","max-snippet":"max-snippet:-1","max-image-preview":"max-image-preview:large","max-video-preview":"max-video-preview:-1"},"canonical":"https:\/\/novaorg.cofb.net\/2021\/10\/28\/infeccions-viriques-de-la-pell-abordatge-i-consultes-mes-frequents-a-la-farmacia-comunitaria\/","og_locale":"es_ES","og_type":"article","og_title":"Infeccions v\u00edriques de la pell: abordatge i consultes m\u00e9s freq\u00fcents a la farm\u00e0cia comunit\u00e0ria - Col\u00b7legi de Farmac\u00e8utics de Barcelona","og_description":"Els dies 18 i 20 d'octubre va tenir lloc la formaci\u00f3 \"Infeccions v\u00edriques de la pell\", patrocinada per Laboratoris Vi\u00f1as.","og_url":"https:\/\/novaorg.cofb.net\/2021\/10\/28\/infeccions-viriques-de-la-pell-abordatge-i-consultes-mes-frequents-a-la-farmacia-comunitaria\/","og_site_name":"Col\u00b7legi de Farmac\u00e8utics de Barcelona","article_publisher":"https:\/\/www.facebook.com\/farmaceuticsbcn\/","article_published_time":"2021-10-28T12:45:03+00:00","article_modified_time":"2024-04-05T10:50:24+00:00","og_image":[{"width":1024,"height":577,"url":"https:\/\/novaorg.cofb.net\/wp-content\/uploads\/2024\/04\/IV14-1024x577-1.png","type":"image\/png"}],"author":"wpAdminCofbOrg","twitter_card":"summary_large_image","twitter_creator":"@farmaceuticsbcn","twitter_site":"@farmaceuticsbcn","twitter_misc":{"Escrito por":"wpAdminCofbOrg","Tiempo de lectura":"5 minutos"},"schema":{"@context":"https:\/\/schema.org","@graph":[{"@type":"Article","@id":"https:\/\/novaorg.cofb.net\/2021\/10\/28\/infeccions-viriques-de-la-pell-abordatge-i-consultes-mes-frequents-a-la-farmacia-comunitaria\/#article","isPartOf":{"@id":"https:\/\/novaorg.cofb.net\/2021\/10\/28\/infeccions-viriques-de-la-pell-abordatge-i-consultes-mes-frequents-a-la-farmacia-comunitaria\/"},"author":{"name":"wpAdminCofbOrg","@id":"https:\/\/www.cofb.org\/#\/schema\/person\/22ed7eea88da74b0fa4d3154ad87ffcb"},"headline":"Infeccions v\u00edriques de la pell: abordatge i consultes m\u00e9s freq\u00fcents a la farm\u00e0cia comunit\u00e0ria","datePublished":"2021-10-28T12:45:03+00:00","dateModified":"2024-04-05T10:50:24+00:00","mainEntityOfPage":{"@id":"https:\/\/novaorg.cofb.net\/2021\/10\/28\/infeccions-viriques-de-la-pell-abordatge-i-consultes-mes-frequents-a-la-farmacia-comunitaria\/"},"wordCount":756,"commentCount":0,"publisher":{"@id":"https:\/\/www.cofb.org\/#organization"},"image":{"@id":"https:\/\/novaorg.cofb.net\/2021\/10\/28\/infeccions-viriques-de-la-pell-abordatge-i-consultes-mes-frequents-a-la-farmacia-comunitaria\/#primaryimage"},"thumbnailUrl":"https:\/\/www.cofb.org\/wp-content\/uploads\/2024\/04\/IV14-1024x577-1.png","keywords":["COFB","Col\u00b7legi de Farmac\u00e8utics de Barcelona","consultes dermatol\u00f2giques","consultes freq\u00fcents","coronavirus","COVID-19","dermat\u00f2leg","dermatologia","Dermofarm\u00e0cia","farmac\u00e8utics","farmac\u00e8utics comunitaris","farm\u00e0cia comunit\u00e0ria","Formaci\u00f3","formulaci\u00f3 en dermatologia","infeccions","infeccions v\u00edriques","infeccions v\u00edriques de la pell","Oficina de farm\u00e0cia","paper dels farmac\u00e8utics","patologies de la pell","pell","tractament farmacol\u00f2gic","virus"],"articleSection":["Destacats","M\u00f3n col\u00b7legial"],"inLanguage":"es","potentialAction":[{"@type":"CommentAction","name":"Comment","target":["https:\/\/novaorg.cofb.net\/2021\/10\/28\/infeccions-viriques-de-la-pell-abordatge-i-consultes-mes-frequents-a-la-farmacia-comunitaria\/#respond"]}]},{"@type":"WebPage","@id":"https:\/\/novaorg.cofb.net\/2021\/10\/28\/infeccions-viriques-de-la-pell-abordatge-i-consultes-mes-frequents-a-la-farmacia-comunitaria\/","url":"https:\/\/novaorg.cofb.net\/2021\/10\/28\/infeccions-viriques-de-la-pell-abordatge-i-consultes-mes-frequents-a-la-farmacia-comunitaria\/","name":"Infeccions v\u00edriques de la pell: abordatge i consultes m\u00e9s freq\u00fcents a la farm\u00e0cia comunit\u00e0ria - Col\u00b7legi de Farmac\u00e8utics de Barcelona","isPartOf":{"@id":"https:\/\/www.cofb.org\/#website"},"primaryImageOfPage":{"@id":"https:\/\/novaorg.cofb.net\/2021\/10\/28\/infeccions-viriques-de-la-pell-abordatge-i-consultes-mes-frequents-a-la-farmacia-comunitaria\/#primaryimage"},"image":{"@id":"https:\/\/novaorg.cofb.net\/2021\/10\/28\/infeccions-viriques-de-la-pell-abordatge-i-consultes-mes-frequents-a-la-farmacia-comunitaria\/#primaryimage"},"thumbnailUrl":"https:\/\/www.cofb.org\/wp-content\/uploads\/2024\/04\/IV14-1024x577-1.png","datePublished":"2021-10-28T12:45:03+00:00","dateModified":"2024-04-05T10:50:24+00:00","description":"Els dies 18 i 20 d'octubre va tenir lloc la formaci\u00f3 \"Infeccions v\u00edriques de la pell\", patrocinada per Laboratoris Vi\u00f1as.","breadcrumb":{"@id":"https:\/\/novaorg.cofb.net\/2021\/10\/28\/infeccions-viriques-de-la-pell-abordatge-i-consultes-mes-frequents-a-la-farmacia-comunitaria\/#breadcrumb"},"inLanguage":"es","potentialAction":[{"@type":"ReadAction","target":["https:\/\/novaorg.cofb.net\/2021\/10\/28\/infeccions-viriques-de-la-pell-abordatge-i-consultes-mes-frequents-a-la-farmacia-comunitaria\/"]}]},{"@type":"ImageObject","inLanguage":"es","@id":"https:\/\/novaorg.cofb.net\/2021\/10\/28\/infeccions-viriques-de-la-pell-abordatge-i-consultes-mes-frequents-a-la-farmacia-comunitaria\/#primaryimage","url":"https:\/\/www.cofb.org\/wp-content\/uploads\/2024\/04\/IV14-1024x577-1.png","contentUrl":"https:\/\/www.cofb.org\/wp-content\/uploads\/2024\/04\/IV14-1024x577-1.png","width":1024,"height":577},{"@type":"BreadcrumbList","@id":"https:\/\/novaorg.cofb.net\/2021\/10\/28\/infeccions-viriques-de-la-pell-abordatge-i-consultes-mes-frequents-a-la-farmacia-comunitaria\/#breadcrumb","itemListElement":[{"@type":"ListItem","position":1,"name":"Inici","item":"https:\/\/novaorg.cofb.net\/"},{"@type":"ListItem","position":2,"name":"Infeccions v\u00edriques de la pell: abordatge i consultes m\u00e9s freq\u00fcents a la farm\u00e0cia comunit\u00e0ria"}]},{"@type":"WebSite","@id":"https:\/\/www.cofb.org\/#website","url":"https:\/\/www.cofb.org\/","name":"Col\u00b7legi de Farmac\u00e8utics de Barcelona","description":"","publisher":{"@id":"https:\/\/www.cofb.org\/#organization"},"potentialAction":[{"@type":"SearchAction","target":{"@type":"EntryPoint","urlTemplate":"https:\/\/www.cofb.org\/?s={search_term_string}"},"query-input":"required name=search_term_string"}],"inLanguage":"es"},{"@type":"Organization","@id":"https:\/\/www.cofb.org\/#organization","name":"Col\u00b7legi de Farmac\u00e8utics de Barcelona","url":"https:\/\/www.cofb.org\/","logo":{"@type":"ImageObject","inLanguage":"es","@id":"https:\/\/www.cofb.org\/#\/schema\/logo\/image\/","url":"https:\/\/www.cofb.org\/wp-content\/uploads\/2023\/11\/cropped-Logotip-COFB.png","contentUrl":"https:\/\/www.cofb.org\/wp-content\/uploads\/2023\/11\/cropped-Logotip-COFB.png","width":500,"height":105,"caption":"Col\u00b7legi de Farmac\u00e8utics de Barcelona"},"image":{"@id":"https:\/\/www.cofb.org\/#\/schema\/logo\/image\/"},"sameAs":["https:\/\/www.facebook.com\/farmaceuticsbcn\/","https:\/\/twitter.com\/farmaceuticsbcn","https:\/\/www.instagram.com\/farmaceuticsbcn\/","https:\/\/www.linkedin.com\/company\/farmaceuticsbcn\/"]},{"@type":"Person","@id":"https:\/\/www.cofb.org\/#\/schema\/person\/22ed7eea88da74b0fa4d3154ad87ffcb","name":"wpAdminCofbOrg","image":{"@type":"ImageObject","inLanguage":"es","@id":"https:\/\/www.cofb.org\/#\/schema\/person\/image\/","url":"https:\/\/secure.gravatar.com\/avatar\/1721b20b3b8ca882c3b56ec6c978c594fff670e40c0718e9190eaeeb76aae7d8?s=96&d=mm&r=g","contentUrl":"https:\/\/secure.gravatar.com\/avatar\/1721b20b3b8ca882c3b56ec6c978c594fff670e40c0718e9190eaeeb76aae7d8?s=96&d=mm&r=g","caption":"wpAdminCofbOrg"},"sameAs":["http:\/\/192.168.64.122\/wordpress"],"url":"https:\/\/www.cofb.org\/es\/author\/wpadmincofborg\/"}]}},"uagb_featured_image_src":{"full":["https:\/\/www.cofb.org\/wp-content\/uploads\/2024\/04\/IV14-1024x577-1.png",1024,577,false],"thumbnail":["https:\/\/www.cofb.org\/wp-content\/uploads\/2024\/04\/IV14-1024x577-1-150x150.png",150,150,true],"medium":["https:\/\/www.cofb.org\/wp-content\/uploads\/2024\/04\/IV14-1024x577-1-300x169.png",300,169,true],"medium_large":["https:\/\/www.cofb.org\/wp-content\/uploads\/2024\/04\/IV14-1024x577-1-768x433.png",768,433,true],"large":["https:\/\/www.cofb.org\/wp-content\/uploads\/2024\/04\/IV14-1024x577-1.png",1024,577,false],"1536x1536":["https:\/\/www.cofb.org\/wp-content\/uploads\/2024\/04\/IV14-1024x577-1.png",1024,577,false],"2048x2048":["https:\/\/www.cofb.org\/wp-content\/uploads\/2024\/04\/IV14-1024x577-1.png",1024,577,false],"trp-custom-language-flag":["https:\/\/www.cofb.org\/wp-content\/uploads\/2024\/04\/IV14-1024x577-1-18x10.png",18,10,true]},"uagb_author_info":{"display_name":"wpAdminCofbOrg","author_link":"https:\/\/www.cofb.org\/es\/author\/wpadmincofborg\/"},"uagb_comment_info":0,"uagb_excerpt":"Els dies 18 i 20 d&#8217;octubre va tenir lloc la formaci\u00f3 &#8220;Infeccions v\u00edriques de la pell&#8221;, patrocinada per Laboratorios Vi\u00f1as. Els docents del curs van ser Paqui Moreno, farmac\u00e8utica comunit\u00e0ria i membre del grup de treball de Dermatologia de SEFAC i Miquel Ribera, dermat\u00f2leg i consultor s\u00e8nior de l&#8217;Hospital Parc [&hellip;]","_links":{"self":[{"href":"https:\/\/www.cofb.org\/es\/wp-json\/wp\/v2\/posts\/57349","targetHints":{"allow":["GET"]}}],"collection":[{"href":"https:\/\/www.cofb.org\/es\/wp-json\/wp\/v2\/posts"}],"about":[{"href":"https:\/\/www.cofb.org\/es\/wp-json\/wp\/v2\/types\/post"}],"author":[{"embeddable":true,"href":"https:\/\/www.cofb.org\/es\/wp-json\/wp\/v2\/users\/1"}],"replies":[{"embeddable":true,"href":"https:\/\/www.cofb.org\/es\/wp-json\/wp\/v2\/comments?post=57349"}],"version-history":[{"count":1,"href":"https:\/\/www.cofb.org\/es\/wp-json\/wp\/v2\/posts\/57349\/revisions"}],"predecessor-version":[{"id":78105,"href":"https:\/\/www.cofb.org\/es\/wp-json\/wp\/v2\/posts\/57349\/revisions\/78105"}],"wp:featuredmedia":[{"embeddable":true,"href":"https:\/\/www.cofb.org\/es\/wp-json\/wp\/v2\/media\/78102"}],"wp:attachment":[{"href":"https:\/\/www.cofb.org\/es\/wp-json\/wp\/v2\/media?parent=57349"}],"wp:term":[{"taxonomy":"category","embeddable":true,"href":"https:\/\/www.cofb.org\/es\/wp-json\/wp\/v2\/categories?post=57349"},{"taxonomy":"post_tag","embeddable":true,"href":"https:\/\/www.cofb.org\/es\/wp-json\/wp\/v2\/tags?post=57349"}],"curies":[{"name":"wp","href":"https:\/\/api.w.org\/{rel}","templated":true}]}}