{"id":57207,"date":"2021-10-20T16:46:44","date_gmt":"2021-10-20T14:46:44","guid":{"rendered":"https:\/\/blog.cofb.cat\/?p=57207"},"modified":"2024-04-05T10:51:17","modified_gmt":"2024-04-05T10:51:17","slug":"la-microbiota-oral-i-el-seu-paper-en-les-infeccions-de-lorella-i-la-gola-tema-central-duna-nova-formacio-al-cofb","status":"publish","type":"post","link":"https:\/\/www.cofb.org\/es\/2021\/10\/20\/la-microbiota-oral-i-el-seu-paper-en-les-infeccions-de-lorella-i-la-gola-tema-central-duna-nova-formacio-al-cofb\/","title":{"rendered":"La microbiota oral y su papel en las infecciones de la oreja y la garganta, tema central de una nueva formaci\u00f3n en el COFB"},"content":{"rendered":"<p>El pasado <strong>14 de octubre<\/strong> tuvo lugar en <strong>Col\u00b7legi de Farmac\u00e8utics de Barcelona (COFB) <\/strong>la formaci\u00f3n <strong>&quot;Microbiota oral: primera l\u00ednea de defensa ante las infecciones de oreja y de garganta&quot;<\/strong>, a cargo del <strong>Dr. F. Javier Hern\u00e1ndez Calvin<\/strong>, jefe de la Unidad de Otorrinolaringolog\u00eda Pedi\u00e1trica en el Hospital Universitario Quir\u00f3n-Salut Madrid, que cont\u00f3 con el patrocinio de <strong><a href=\"https:\/\/biotical.es\/es\/\" target=\"_blank\" rel=\"noreferrer noopener\">Biotical Health<\/a><\/strong>. La formaci\u00f3n, dirigida a <strong>farmac\u00e9uticos comunitarios<\/strong>, estuvo coordinada por <strong>Anna Bach-Faig<\/strong>, vocal de Alimentaci\u00f3n y Nutrici\u00f3n del COFB.<\/p>\n\n\n\n<figure class=\"wp-block-image size-large\"><img decoding=\"async\" src=\"https:\/\/blog.cofb.cat\/wp-content\/uploads\/2021\/10\/Microbiota-39_copia-1024x466.png\" alt=\"El Dr. F. Javier Hern\u00e1ndez Calv\u00edn i la vocal d'Alimentaci\u00f3 i Nutrici\u00f3 del COFB, Anna Bach-Faig, durant la formaci\u00f3. \" class=\"wp-image-57325\" title=\"El dr. F. Javier Hern\u00e1ndez Calv\u00edn y la vocal de Alimentaci\u00f3n y Nutrici\u00f3n del COFB, Anna Bach-Faig, durante la formaci\u00f3n.\"\/><figcaption>El dr. F. Javier Hern\u00e1ndez Calv\u00edn y la vocal de Alimentaci\u00f3n y Nutrici\u00f3n del COFB, Anna Bach-Faig, durante la formaci\u00f3n. <\/figcaption><\/figure>\n\n\n\n<h1 class=\"wp-block-heading\"><strong>La importancia de la patolog\u00eda del o\u00eddo medio en la infancia<\/strong><\/h1>\n\n\n\n<p>Seg\u00fan explic\u00f3 el <strong>Dr. F. Javier Hern\u00e1ndez Calvin<\/strong>, la <strong>patolog\u00eda del o\u00eddo medio<\/strong> es la <strong>segunda enfermedad m\u00e1s frecuente<\/strong> en la infancia, s\u00f3lo por detr\u00e1s de las <strong>infecciones del tracto respiratorio superior (ITRS)<\/strong>. Entre un 50 y un 85% de los ni\u00f1os tienen un episodio de<strong>otitis media aguda (OMA)<\/strong> hasta los tres a\u00f1os. Y un 30% de los ni\u00f1os menores de 5 a\u00f1os tienen OMA recurrente.<\/p>\n\n\n\n<p>Se trata, adem\u00e1s, de una enfermedad con una <strong>elevada morbilidad<\/strong>, ya que es la <strong>causa m\u00e1s frecuente de prescripci\u00f3n antibi\u00f3tica<\/strong> en menores de cuatro a\u00f1os; la causa m\u00e1s frecuente de <strong>p\u00e9rdida auditiva <\/strong>en la <strong>infancia<\/strong> (plasticidad neuronal) y la causa m\u00e1s frecuente de<strong>indicaci\u00f3n quir\u00fargica <\/strong>en la infancia (tubos de drenaje transtimp\u00e1nicos).<\/p>\n\n\n\n<p><\/p>\n\n\n\n<div class=\"box note\"><\/p>\n\n\n\n<h1 class=\"wp-block-heading\"><strong>Microbiota oral: implicaciones en la salud ORL y papel de los probi\u00f3ticos<\/strong><\/h1>\n\n\n\n<p><\/p>\n\n\n\n<p>La <strong>cavidad oral<\/strong> acoge una de las <strong>comunidades de microorganismos<\/strong> m\u00e1s <strong>varias<\/strong> y <strong>\u00fanicas<\/strong> del cuerpo humano. Se han identificado <strong>m\u00e1s de 700 especies bacterianas<\/strong> en esta zona y la <strong>composici\u00f3n<\/strong> y la<strong> relaci\u00f3n <\/strong>que tienen con la salud, no s\u00f3lo de la <strong>cavidad oral<\/strong>, se ha convertido en un <strong>foco de investigaci\u00f3n intensa<\/strong> en los <strong>\u00faltimos a\u00f1os<\/strong>. Tal como ocurre en el<strong>intestino<\/strong>, la<strong>equilibrio entre los distintos tipos de bacterias<\/strong> se considera fundamental para garantizar una <strong>funci\u00f3n fisiol\u00f3gica adecuada<\/strong> y evitar posibles<strong> procesos patol\u00f3gicos<\/strong>.<\/p>\n\n\n\n<p>Teniendo en cuenta que se trata de un <strong>campo en estudio<\/strong> y <strong>evoluci\u00f3n constante<\/strong>, durante la sesi\u00f3n se hizo un repaso de la <strong>microbiota oral<\/strong>, las <strong>implicaciones que tiene en la salud ORL<\/strong> y el <strong>papel de los probi\u00f3ticos<\/strong> en las enfermedades relacionadas con las <strong>v\u00edas respiratorias altas<\/strong>.<\/p>\n\n\n\n<p><\/div>\n\n\n\n<h1 class=\"wp-block-heading\"><strong>Impacto ambiental en el microbioma del tracto respiratorio superior y la oreja media<\/strong><\/h1>\n\n\n\n<p>Dentro de este blog, el doctor profundiz\u00f3 en el<strong>impacto<\/strong> que pueden tener en el <strong>microbioma del tracto respiratorio superior<\/strong> y el<strong>oreja media <\/strong>los <strong>antibi\u00f3ticos<\/strong>, la <strong>lactancia materna<\/strong>, la <strong>vitamina D<\/strong> y el <strong>tabaco<\/strong>. <\/p>\n\n\n\n<p>En relaci\u00f3n con los <strong>antibi\u00f3ticos<\/strong>, el jefe de la Unidad de Otorrinolaringolog\u00eda Pedi\u00e1trica en el Hospital Universitario Quir\u00f3n-Salut Madrid, se refiri\u00f3 a un estudio que mostraba que el <strong>tratamiento antibi\u00f3tico reciente<\/strong> es el factor inductor m\u00e1s robusto de cambio de la microbiota de la nasofaringe. En el caso del <strong>tabaco<\/strong>, afirm\u00f3 que los ni\u00f1os que viven en un <strong>ambiente tab\u00e1quico<\/strong> tienen un mayor riesgo de otitis media aguda (OMA), pero su relaci\u00f3n con la microbiota de la nasofaringe o de la oreja media no ha sido estudiada. <\/p>\n\n\n\n<figure class=\"wp-block-image size-large\"><img decoding=\"async\" src=\"https:\/\/blog.cofb.cat\/wp-content\/uploads\/2021\/10\/Microbiota-15-1024x452.png\" alt=\"El Dr. F. Javier Hern\u00e1ndez Calv\u00edn va abordar durant la seva intervenci\u00f3 l'administraci\u00f3 de probi\u00f2tics en la inf\u00e0ncia en relaci\u00f3 amb la patologia ORL.\" class=\"wp-image-57329\" title=\"El dr. F. Javier Hern\u00e1ndez Calvin abord\u00f3 durante su intervenci\u00f3n la administraci\u00f3n de probi\u00f3ticos en la infancia en relaci\u00f3n con la patolog\u00eda ORL.\"\/><figcaption>El dr. F. Javier Hern\u00e1ndez Calvin abord\u00f3 durante su intervenci\u00f3n la administraci\u00f3n de probi\u00f3ticos en la infancia en relaci\u00f3n con la patolog\u00eda ORL.<\/figcaption><\/figure>\n\n\n\n<h1 class=\"wp-block-heading\"><strong>Los probi\u00f3ticos<\/strong><\/h1>\n\n\n\n<p>Seg\u00fan, la Organizaci\u00f3n Mundial de la Salud (OMS), los <strong>probi\u00f3ticos<\/strong> son <strong>microorganismos vivos<\/strong> que, <strong>administrados en las cantidades adecuadas<\/strong>, confieren un beneficio para la salud del hu\u00e9sped. <\/p>\n\n\n\n<p>Tal y como expuso el <strong>Dr. F. Javier Hern\u00e1ndez Calvin<\/strong>, hay <strong>3 grandes grupos de probi\u00f3ticos<\/strong>: <strong>fermentos l\u00e1cticos<\/strong>, <strong>bifidobacterias<\/strong> y <strong>levaduras<\/strong>. En cuanto a las <strong>caracter\u00edsticas de un probi\u00f3tico oral ideal<\/strong>, el doctor hizo referencia a:<\/p>\n\n\n\n<ul class=\"wp-block-list\"><li>La<strong>especificidad<\/strong>: Capacidad de colonizaci\u00f3n de los nichos implicados en la patolog\u00eda, reducir la capacidad de invasi\u00f3n de la mucosa por agentes pat\u00f3genos y antagonismo espec\u00edfico (in vitro\/in vivo) frente a estos pat\u00f3genos.<\/li><li>La <strong>seguridad<\/strong><\/li><li>La<strong>estabilidad<\/strong>: Supervivencia de la cepa y persistencia en el tiempo.<\/li><li>La<strong>eficacia demostrada<\/strong> en ensayos controlados. <\/li><\/ul>\n\n\n\n<h1 class=\"wp-block-heading\"><strong>Probi\u00f3ticos e infecciones de repetici\u00f3n<\/strong><\/h1>\n\n\n\n<p>Por \u00faltimo, el doctor hizo referencia al<strong>administraci\u00f3n de probi\u00f3ticos en la infancia<\/strong> en relaci\u00f3n con la <strong>patolog\u00eda ORL<\/strong>. Y explic\u00f3 que pueden aconsejarse en aquellos pacientes con <strong>infecciones de repetici\u00f3n <\/strong>en el tracto respiratorio superior como: otitis media aguda, amigdalitis aguda y rinosinusitis aguda v\u00edrica\/bacteriana. Tambi\u00e9n en aquellos que han tenido un acceso precoz a las <strong>guarder\u00edas<\/strong> o que sufren alteraciones en el<strong>alimentaci\u00f3n<\/strong>. <\/p>\n\n\n\n<figure class=\"wp-block-image size-large\"><img decoding=\"async\" src=\"https:\/\/blog.cofb.cat\/wp-content\/uploads\/2021\/10\/Microbiota_formacio-1-1024x726.jpg\" alt=\"Segons l'OMS, els probi\u00f2tics s\u00f3n microorganismes vius que, administrats en les quantitats adequades, confereixen un benefici per a la salut de l'hoste.\" class=\"wp-image-57336\" title=\"Seg\u00fan la OMS, los probi\u00f3ticos son microorganismos vivos que, administrados en las cantidades adecuadas, confieren un beneficio para la salud del hu\u00e9sped.\"\/><figcaption>Seg\u00fan la OMS, los probi\u00f3ticos son microorganismos vivos que, administrados en las cantidades adecuadas, confieren un beneficio para la salud del hu\u00e9sped.<\/figcaption><\/figure>\n\n\n\n<h1 class=\"wp-block-heading\"><strong>Conclusiones<\/strong><\/h1>\n\n\n\n<p>Como <strong>conclusiones<\/strong> de su intervenci\u00f3n, el doctor expuso que todav\u00eda quedan <strong>cuestiones clave<\/strong> para responder sobre la <strong>din\u00e1mica del microbioma<\/strong> en la <strong>patog\u00e9nesis de la otitis media<\/strong> y que es necesaria una <strong>mejora en la obtenci\u00f3n de muestras<\/strong>. Tambi\u00e9n destac\u00f3 que hacen falta <strong>nuevos estudios<\/strong> para entender c\u00f3mo los <strong>factores ambientales<\/strong> y <strong>gen\u00e9ticos<\/strong> modifican el <strong>desarrollo de la microbiota<\/strong> en el<strong>esfera otorrinolaringol\u00f3gica<\/strong>. <\/p>\n\n\n\n<p class=\"has-text-align-right\"><strong>Con el patrocinio de:<\/strong><\/p>\n\n\n\n<div class=\"wp-block-image\"><figure class=\"alignright size-large is-resized\"><a href=\"https:\/\/biotical.es\/es\/\" target=\"_blank\" rel=\"noopener\"><img decoding=\"async\" src=\"https:\/\/blog.cofb.cat\/wp-content\/uploads\/2021\/10\/biotical-health-Logocolor-1024x565.png\" alt=\"\" class=\"wp-image-57344\" width=\"163\" height=\"90\"\/><\/a><\/figure><\/div>\n\n\n\n<p><\/p>\n\n\n\n<p><\/p>\n\n\n\n<p><\/p>\n\n\n\n<p><strong>Otras publicaciones de inter\u00e9s:<\/strong><\/p>\n\n\n\n<p><\/p>\n\n\n\n<ul class=\"wp-block-list\"><li><a href=\"https:\/\/blog.cofb.cat\/abordant-patologies-otorrinolaringologiques-orl-farmacia\/\">Abordando las patolog\u00edas otorrinolaringol\u00f3gicas (ORL) desde la farmacia (Julio 2019)<\/a><\/li><li><a href=\"https:\/\/blog.cofb.cat\/afecten-medicaments-microbiota-nova-edicio-tertulies-dactualitat\/\">\u00bfC\u00f3mo afectan a los medicamentos a la microbiota? Nueva edici\u00f3n de las tertulias de actualidad (Mayo 2019)<\/a><\/li><li><a href=\"https:\/\/blog.cofb.cat\/ciencia-i-evidencia-dels-probiotics-en-la-infancia\/\">Ciencia y evidencia de los probi\u00f3ticos en la infancia (Marzo 2018)<\/a><\/li><\/ul>\n\n\n\n<p><\/p>\n\n\n\n<p><\/p>\n\n\n\n<p><\/p>","protected":false},"excerpt":{"rendered":"<p>El pasado 14 de octubre tuvo lugar en el Colegio de Farmac\u00e9uticos de Barcelona (COFB) la formaci\u00f3n &quot;Microbiota oral: primera l\u00ednea de defensa ante las infecciones de oreja y de garganta&quot;, a cargo del dr. F. Javier Hern\u00e1ndez Calv\u00edn, jefe de la Unidad de Otorrinolaringolog\u00eda Pedi\u00e1trica en el Hospital Universitario Quir\u00f3n-Salut Madrid, que [...]<\/p>","protected":false},"author":1,"featured_media":78119,"comment_status":"open","ping_status":"open","sticky":false,"template":"","format":"standard","meta":{"_uag_custom_page_level_css":"","site-sidebar-layout":"default","site-content-layout":"","ast-site-content-layout":"default","site-content-style":"default","site-sidebar-style":"default","ast-global-header-display":"","ast-banner-title-visibility":"","ast-main-header-display":"","ast-hfb-above-header-display":"","ast-hfb-below-header-display":"","ast-hfb-mobile-header-display":"","site-post-title":"","ast-breadcrumbs-content":"","ast-featured-img":"disabled","footer-sml-layout":"","theme-transparent-header-meta":"","adv-header-id-meta":"","stick-header-meta":"","header-above-stick-meta":"","header-main-stick-meta":"","header-below-stick-meta":"","astra-migrate-meta-layouts":"set","ast-page-background-enabled":"default","ast-page-background-meta":{"desktop":{"background-color":"var(--ast-global-color-4)","background-image":"","background-repeat":"repeat","background-position":"center center","background-size":"auto","background-attachment":"scroll","background-type":"","background-media":"","overlay-type":"","overlay-color":"","overlay-opacity":"","overlay-gradient":""},"tablet":{"background-color":"","background-image":"","background-repeat":"repeat","background-position":"center center","background-size":"auto","background-attachment":"scroll","background-type":"","background-media":"","overlay-type":"","overlay-color":"","overlay-opacity":"","overlay-gradient":""},"mobile":{"background-color":"","background-image":"","background-repeat":"repeat","background-position":"center center","background-size":"auto","background-attachment":"scroll","background-type":"","background-media":"","overlay-type":"","overlay-color":"","overlay-opacity":"","overlay-gradient":""}},"ast-content-background-meta":{"desktop":{"background-color":"var(--ast-global-color-5)","background-image":"","background-repeat":"repeat","background-position":"center center","background-size":"auto","background-attachment":"scroll","background-type":"","background-media":"","overlay-type":"","overlay-color":"","overlay-opacity":"","overlay-gradient":""},"tablet":{"background-color":"var(--ast-global-color-5)","background-image":"","background-repeat":"repeat","background-position":"center center","background-size":"auto","background-attachment":"scroll","background-type":"","background-media":"","overlay-type":"","overlay-color":"","overlay-opacity":"","overlay-gradient":""},"mobile":{"background-color":"var(--ast-global-color-5)","background-image":"","background-repeat":"repeat","background-position":"center center","background-size":"auto","background-attachment":"scroll","background-type":"","background-media":"","overlay-type":"","overlay-color":"","overlay-opacity":"","overlay-gradient":""}},"footnotes":""},"categories":[23,57],"tags":[36,16,64,18,24,69,70,76,95,3892,117,510,388],"class_list":["post-57207","post","type-post","status-publish","format-standard","has-post-thumbnail","hentry","category-destacats","category-mon-collegial","tag-alimentacio","tag-alimentacio-i-nutricio","tag-atencio-farmaceutica","tag-cofb","tag-farmaceutics-comunitaris","tag-farmacia-comunitaria","tag-formacio","tag-oficina-de-farmacia","tag-probiotics","tag-probiotics-i-prebiotics","tag-salut","tag-sanitat","tag-vocalia-alimentacio-i-nutricio"],"yoast_head":"<!-- This site is optimized with the Yoast SEO plugin v22.4 - https:\/\/yoast.com\/wordpress\/plugins\/seo\/ -->\n<title>La microbiota oral i el seu paper en les infeccions de l&#039;orella i la gola, tema central d&#039;una nova formaci\u00f3 al COFB - Col\u00b7legi de Farmac\u00e8utics de Barcelona<\/title>\n<meta name=\"description\" content=\"El passat 14 d&#039;octubre va tenir lloc al COFB la formaci\u00f3 &quot;Microbiota oral: primera l\u00ednia de defensa davant les infeccions d&#039;orella i de gola&quot;, a c\u00e0rrec del Dr. F. Javier Hern\u00e1ndez Calv\u00edn.\" \/>\n<meta name=\"robots\" content=\"index, follow, max-snippet:-1, max-image-preview:large, max-video-preview:-1\" \/>\n<link rel=\"canonical\" href=\"https:\/\/novaorg.cofb.net\/2021\/10\/20\/la-microbiota-oral-i-el-seu-paper-en-les-infeccions-de-lorella-i-la-gola-tema-central-duna-nova-formacio-al-cofb\/\" \/>\n<meta property=\"og:locale\" content=\"es_ES\" \/>\n<meta property=\"og:type\" content=\"article\" \/>\n<meta property=\"og:title\" content=\"La microbiota oral i el seu paper en les infeccions de l&#039;orella i la gola, tema central d&#039;una nova formaci\u00f3 al COFB - Col\u00b7legi de Farmac\u00e8utics de Barcelona\" \/>\n<meta property=\"og:description\" content=\"El passat 14 d&#039;octubre va tenir lloc al COFB la formaci\u00f3 &quot;Microbiota oral: primera l\u00ednia de defensa davant les infeccions d&#039;orella i de gola&quot;, a c\u00e0rrec del Dr. F. Javier Hern\u00e1ndez Calv\u00edn.\" \/>\n<meta property=\"og:url\" content=\"https:\/\/novaorg.cofb.net\/2021\/10\/20\/la-microbiota-oral-i-el-seu-paper-en-les-infeccions-de-lorella-i-la-gola-tema-central-duna-nova-formacio-al-cofb\/\" \/>\n<meta property=\"og:site_name\" content=\"Col\u00b7legi de Farmac\u00e8utics de Barcelona\" \/>\n<meta property=\"article:publisher\" content=\"https:\/\/www.facebook.com\/farmaceuticsbcn\/\" \/>\n<meta property=\"article:published_time\" content=\"2021-10-20T14:46:44+00:00\" \/>\n<meta property=\"article:modified_time\" content=\"2024-04-05T10:51:17+00:00\" \/>\n<meta property=\"og:image\" content=\"https:\/\/novaorg.cofb.net\/wp-content\/uploads\/2024\/04\/Microbiota-39_copia-1024x466-1.png\" \/>\n\t<meta property=\"og:image:width\" content=\"1024\" \/>\n\t<meta property=\"og:image:height\" content=\"466\" \/>\n\t<meta property=\"og:image:type\" content=\"image\/png\" \/>\n<meta name=\"author\" content=\"wpAdminCofbOrg\" \/>\n<meta name=\"twitter:card\" content=\"summary_large_image\" \/>\n<meta name=\"twitter:creator\" content=\"@farmaceuticsbcn\" \/>\n<meta name=\"twitter:site\" content=\"@farmaceuticsbcn\" \/>\n<meta name=\"twitter:label1\" content=\"Escrito por\" \/>\n\t<meta name=\"twitter:data1\" content=\"wpAdminCofbOrg\" \/>\n\t<meta name=\"twitter:label2\" content=\"Tiempo de lectura\" \/>\n\t<meta name=\"twitter:data2\" content=\"6 minutos\" \/>\n<script type=\"application\/ld+json\" class=\"yoast-schema-graph\">{\"@context\":\"https:\/\/schema.org\",\"@graph\":[{\"@type\":\"Article\",\"@id\":\"https:\/\/novaorg.cofb.net\/2021\/10\/20\/la-microbiota-oral-i-el-seu-paper-en-les-infeccions-de-lorella-i-la-gola-tema-central-duna-nova-formacio-al-cofb\/#article\",\"isPartOf\":{\"@id\":\"https:\/\/novaorg.cofb.net\/2021\/10\/20\/la-microbiota-oral-i-el-seu-paper-en-les-infeccions-de-lorella-i-la-gola-tema-central-duna-nova-formacio-al-cofb\/\"},\"author\":{\"name\":\"wpAdminCofbOrg\",\"@id\":\"https:\/\/www.cofb.org\/#\/schema\/person\/22ed7eea88da74b0fa4d3154ad87ffcb\"},\"headline\":\"La microbiota oral i el seu paper en les infeccions de l&#8217;orella i la gola, tema central d&#8217;una nova formaci\u00f3 al COFB\",\"datePublished\":\"2021-10-20T14:46:44+00:00\",\"dateModified\":\"2024-04-05T10:51:17+00:00\",\"mainEntityOfPage\":{\"@id\":\"https:\/\/novaorg.cofb.net\/2021\/10\/20\/la-microbiota-oral-i-el-seu-paper-en-les-infeccions-de-lorella-i-la-gola-tema-central-duna-nova-formacio-al-cofb\/\"},\"wordCount\":989,\"commentCount\":0,\"publisher\":{\"@id\":\"https:\/\/www.cofb.org\/#organization\"},\"image\":{\"@id\":\"https:\/\/novaorg.cofb.net\/2021\/10\/20\/la-microbiota-oral-i-el-seu-paper-en-les-infeccions-de-lorella-i-la-gola-tema-central-duna-nova-formacio-al-cofb\/#primaryimage\"},\"thumbnailUrl\":\"https:\/\/www.cofb.org\/wp-content\/uploads\/2024\/04\/Microbiota-39_copia-1024x466-1.png\",\"keywords\":[\"alimentaci\u00f3\",\"Alimentaci\u00f3 i nutrici\u00f3\",\"Atenci\u00f3 farmac\u00e8utica\",\"COFB\",\"farmac\u00e8utics comunitaris\",\"farm\u00e0cia comunit\u00e0ria\",\"Formaci\u00f3\",\"Oficina de farm\u00e0cia\",\"probi\u00f2tics\",\"probi\u00f2tics i prebi\u00f2tics\",\"salut\",\"sanitat\",\"vocalia alimentaci\u00f3 i nutrici\u00f3\"],\"articleSection\":[\"Destacats\",\"M\u00f3n col\u00b7legial\"],\"inLanguage\":\"es\",\"potentialAction\":[{\"@type\":\"CommentAction\",\"name\":\"Comment\",\"target\":[\"https:\/\/novaorg.cofb.net\/2021\/10\/20\/la-microbiota-oral-i-el-seu-paper-en-les-infeccions-de-lorella-i-la-gola-tema-central-duna-nova-formacio-al-cofb\/#respond\"]}]},{\"@type\":\"WebPage\",\"@id\":\"https:\/\/novaorg.cofb.net\/2021\/10\/20\/la-microbiota-oral-i-el-seu-paper-en-les-infeccions-de-lorella-i-la-gola-tema-central-duna-nova-formacio-al-cofb\/\",\"url\":\"https:\/\/novaorg.cofb.net\/2021\/10\/20\/la-microbiota-oral-i-el-seu-paper-en-les-infeccions-de-lorella-i-la-gola-tema-central-duna-nova-formacio-al-cofb\/\",\"name\":\"La microbiota oral i el seu paper en les infeccions de l'orella i la gola, tema central d'una nova formaci\u00f3 al COFB - Col\u00b7legi de Farmac\u00e8utics de Barcelona\",\"isPartOf\":{\"@id\":\"https:\/\/www.cofb.org\/#website\"},\"primaryImageOfPage\":{\"@id\":\"https:\/\/novaorg.cofb.net\/2021\/10\/20\/la-microbiota-oral-i-el-seu-paper-en-les-infeccions-de-lorella-i-la-gola-tema-central-duna-nova-formacio-al-cofb\/#primaryimage\"},\"image\":{\"@id\":\"https:\/\/novaorg.cofb.net\/2021\/10\/20\/la-microbiota-oral-i-el-seu-paper-en-les-infeccions-de-lorella-i-la-gola-tema-central-duna-nova-formacio-al-cofb\/#primaryimage\"},\"thumbnailUrl\":\"https:\/\/www.cofb.org\/wp-content\/uploads\/2024\/04\/Microbiota-39_copia-1024x466-1.png\",\"datePublished\":\"2021-10-20T14:46:44+00:00\",\"dateModified\":\"2024-04-05T10:51:17+00:00\",\"description\":\"El passat 14 d'octubre va tenir lloc al COFB la formaci\u00f3 \\\"Microbiota oral: primera l\u00ednia de defensa davant les infeccions d'orella i de gola\\\", a c\u00e0rrec del Dr. F. Javier Hern\u00e1ndez Calv\u00edn.\",\"breadcrumb\":{\"@id\":\"https:\/\/novaorg.cofb.net\/2021\/10\/20\/la-microbiota-oral-i-el-seu-paper-en-les-infeccions-de-lorella-i-la-gola-tema-central-duna-nova-formacio-al-cofb\/#breadcrumb\"},\"inLanguage\":\"es\",\"potentialAction\":[{\"@type\":\"ReadAction\",\"target\":[\"https:\/\/novaorg.cofb.net\/2021\/10\/20\/la-microbiota-oral-i-el-seu-paper-en-les-infeccions-de-lorella-i-la-gola-tema-central-duna-nova-formacio-al-cofb\/\"]}]},{\"@type\":\"ImageObject\",\"inLanguage\":\"es\",\"@id\":\"https:\/\/novaorg.cofb.net\/2021\/10\/20\/la-microbiota-oral-i-el-seu-paper-en-les-infeccions-de-lorella-i-la-gola-tema-central-duna-nova-formacio-al-cofb\/#primaryimage\",\"url\":\"https:\/\/www.cofb.org\/wp-content\/uploads\/2024\/04\/Microbiota-39_copia-1024x466-1.png\",\"contentUrl\":\"https:\/\/www.cofb.org\/wp-content\/uploads\/2024\/04\/Microbiota-39_copia-1024x466-1.png\",\"width\":1024,\"height\":466},{\"@type\":\"BreadcrumbList\",\"@id\":\"https:\/\/novaorg.cofb.net\/2021\/10\/20\/la-microbiota-oral-i-el-seu-paper-en-les-infeccions-de-lorella-i-la-gola-tema-central-duna-nova-formacio-al-cofb\/#breadcrumb\",\"itemListElement\":[{\"@type\":\"ListItem\",\"position\":1,\"name\":\"Inici\",\"item\":\"https:\/\/novaorg.cofb.net\/\"},{\"@type\":\"ListItem\",\"position\":2,\"name\":\"La microbiota oral i el seu paper en les infeccions de l&#8217;orella i la gola, tema central d&#8217;una nova formaci\u00f3 al COFB\"}]},{\"@type\":\"WebSite\",\"@id\":\"https:\/\/www.cofb.org\/#website\",\"url\":\"https:\/\/www.cofb.org\/\",\"name\":\"Col\u00b7legi de Farmac\u00e8utics de Barcelona\",\"description\":\"\",\"publisher\":{\"@id\":\"https:\/\/www.cofb.org\/#organization\"},\"potentialAction\":[{\"@type\":\"SearchAction\",\"target\":{\"@type\":\"EntryPoint\",\"urlTemplate\":\"https:\/\/www.cofb.org\/?s={search_term_string}\"},\"query-input\":\"required name=search_term_string\"}],\"inLanguage\":\"es\"},{\"@type\":\"Organization\",\"@id\":\"https:\/\/www.cofb.org\/#organization\",\"name\":\"Col\u00b7legi de Farmac\u00e8utics de Barcelona\",\"url\":\"https:\/\/www.cofb.org\/\",\"logo\":{\"@type\":\"ImageObject\",\"inLanguage\":\"es\",\"@id\":\"https:\/\/www.cofb.org\/#\/schema\/logo\/image\/\",\"url\":\"https:\/\/www.cofb.org\/wp-content\/uploads\/2023\/11\/cropped-Logotip-COFB.png\",\"contentUrl\":\"https:\/\/www.cofb.org\/wp-content\/uploads\/2023\/11\/cropped-Logotip-COFB.png\",\"width\":500,\"height\":105,\"caption\":\"Col\u00b7legi de Farmac\u00e8utics de Barcelona\"},\"image\":{\"@id\":\"https:\/\/www.cofb.org\/#\/schema\/logo\/image\/\"},\"sameAs\":[\"https:\/\/www.facebook.com\/farmaceuticsbcn\/\",\"https:\/\/twitter.com\/farmaceuticsbcn\",\"https:\/\/www.instagram.com\/farmaceuticsbcn\/\",\"https:\/\/www.linkedin.com\/company\/farmaceuticsbcn\/\"]},{\"@type\":\"Person\",\"@id\":\"https:\/\/www.cofb.org\/#\/schema\/person\/22ed7eea88da74b0fa4d3154ad87ffcb\",\"name\":\"wpAdminCofbOrg\",\"image\":{\"@type\":\"ImageObject\",\"inLanguage\":\"es\",\"@id\":\"https:\/\/www.cofb.org\/#\/schema\/person\/image\/\",\"url\":\"https:\/\/secure.gravatar.com\/avatar\/1721b20b3b8ca882c3b56ec6c978c594fff670e40c0718e9190eaeeb76aae7d8?s=96&d=mm&r=g\",\"contentUrl\":\"https:\/\/secure.gravatar.com\/avatar\/1721b20b3b8ca882c3b56ec6c978c594fff670e40c0718e9190eaeeb76aae7d8?s=96&d=mm&r=g\",\"caption\":\"wpAdminCofbOrg\"},\"sameAs\":[\"http:\/\/192.168.64.122\/wordpress\"],\"url\":\"https:\/\/www.cofb.org\/es\/author\/wpadmincofborg\/\"}]}<\/script>\n<!-- \/ Yoast SEO plugin. -->","yoast_head_json":{"title":"La microbiota oral i el seu paper en les infeccions de l'orella i la gola, tema central d'una nova formaci\u00f3 al COFB - Col\u00b7legi de Farmac\u00e8utics de Barcelona","description":"El passat 14 d'octubre va tenir lloc al COFB la formaci\u00f3 \"Microbiota oral: primera l\u00ednia de defensa davant les infeccions d'orella i de gola\", a c\u00e0rrec del Dr. F. Javier Hern\u00e1ndez Calv\u00edn.","robots":{"index":"index","follow":"follow","max-snippet":"max-snippet:-1","max-image-preview":"max-image-preview:large","max-video-preview":"max-video-preview:-1"},"canonical":"https:\/\/novaorg.cofb.net\/2021\/10\/20\/la-microbiota-oral-i-el-seu-paper-en-les-infeccions-de-lorella-i-la-gola-tema-central-duna-nova-formacio-al-cofb\/","og_locale":"es_ES","og_type":"article","og_title":"La microbiota oral i el seu paper en les infeccions de l'orella i la gola, tema central d'una nova formaci\u00f3 al COFB - Col\u00b7legi de Farmac\u00e8utics de Barcelona","og_description":"El passat 14 d'octubre va tenir lloc al COFB la formaci\u00f3 \"Microbiota oral: primera l\u00ednia de defensa davant les infeccions d'orella i de gola\", a c\u00e0rrec del Dr. F. Javier Hern\u00e1ndez Calv\u00edn.","og_url":"https:\/\/novaorg.cofb.net\/2021\/10\/20\/la-microbiota-oral-i-el-seu-paper-en-les-infeccions-de-lorella-i-la-gola-tema-central-duna-nova-formacio-al-cofb\/","og_site_name":"Col\u00b7legi de Farmac\u00e8utics de Barcelona","article_publisher":"https:\/\/www.facebook.com\/farmaceuticsbcn\/","article_published_time":"2021-10-20T14:46:44+00:00","article_modified_time":"2024-04-05T10:51:17+00:00","og_image":[{"width":1024,"height":466,"url":"https:\/\/novaorg.cofb.net\/wp-content\/uploads\/2024\/04\/Microbiota-39_copia-1024x466-1.png","type":"image\/png"}],"author":"wpAdminCofbOrg","twitter_card":"summary_large_image","twitter_creator":"@farmaceuticsbcn","twitter_site":"@farmaceuticsbcn","twitter_misc":{"Escrito por":"wpAdminCofbOrg","Tiempo de lectura":"6 minutos"},"schema":{"@context":"https:\/\/schema.org","@graph":[{"@type":"Article","@id":"https:\/\/novaorg.cofb.net\/2021\/10\/20\/la-microbiota-oral-i-el-seu-paper-en-les-infeccions-de-lorella-i-la-gola-tema-central-duna-nova-formacio-al-cofb\/#article","isPartOf":{"@id":"https:\/\/novaorg.cofb.net\/2021\/10\/20\/la-microbiota-oral-i-el-seu-paper-en-les-infeccions-de-lorella-i-la-gola-tema-central-duna-nova-formacio-al-cofb\/"},"author":{"name":"wpAdminCofbOrg","@id":"https:\/\/www.cofb.org\/#\/schema\/person\/22ed7eea88da74b0fa4d3154ad87ffcb"},"headline":"La microbiota oral i el seu paper en les infeccions de l&#8217;orella i la gola, tema central d&#8217;una nova formaci\u00f3 al COFB","datePublished":"2021-10-20T14:46:44+00:00","dateModified":"2024-04-05T10:51:17+00:00","mainEntityOfPage":{"@id":"https:\/\/novaorg.cofb.net\/2021\/10\/20\/la-microbiota-oral-i-el-seu-paper-en-les-infeccions-de-lorella-i-la-gola-tema-central-duna-nova-formacio-al-cofb\/"},"wordCount":989,"commentCount":0,"publisher":{"@id":"https:\/\/www.cofb.org\/#organization"},"image":{"@id":"https:\/\/novaorg.cofb.net\/2021\/10\/20\/la-microbiota-oral-i-el-seu-paper-en-les-infeccions-de-lorella-i-la-gola-tema-central-duna-nova-formacio-al-cofb\/#primaryimage"},"thumbnailUrl":"https:\/\/www.cofb.org\/wp-content\/uploads\/2024\/04\/Microbiota-39_copia-1024x466-1.png","keywords":["alimentaci\u00f3","Alimentaci\u00f3 i nutrici\u00f3","Atenci\u00f3 farmac\u00e8utica","COFB","farmac\u00e8utics comunitaris","farm\u00e0cia comunit\u00e0ria","Formaci\u00f3","Oficina de farm\u00e0cia","probi\u00f2tics","probi\u00f2tics i prebi\u00f2tics","salut","sanitat","vocalia alimentaci\u00f3 i nutrici\u00f3"],"articleSection":["Destacats","M\u00f3n col\u00b7legial"],"inLanguage":"es","potentialAction":[{"@type":"CommentAction","name":"Comment","target":["https:\/\/novaorg.cofb.net\/2021\/10\/20\/la-microbiota-oral-i-el-seu-paper-en-les-infeccions-de-lorella-i-la-gola-tema-central-duna-nova-formacio-al-cofb\/#respond"]}]},{"@type":"WebPage","@id":"https:\/\/novaorg.cofb.net\/2021\/10\/20\/la-microbiota-oral-i-el-seu-paper-en-les-infeccions-de-lorella-i-la-gola-tema-central-duna-nova-formacio-al-cofb\/","url":"https:\/\/novaorg.cofb.net\/2021\/10\/20\/la-microbiota-oral-i-el-seu-paper-en-les-infeccions-de-lorella-i-la-gola-tema-central-duna-nova-formacio-al-cofb\/","name":"La microbiota oral i el seu paper en les infeccions de l'orella i la gola, tema central d'una nova formaci\u00f3 al COFB - Col\u00b7legi de Farmac\u00e8utics de Barcelona","isPartOf":{"@id":"https:\/\/www.cofb.org\/#website"},"primaryImageOfPage":{"@id":"https:\/\/novaorg.cofb.net\/2021\/10\/20\/la-microbiota-oral-i-el-seu-paper-en-les-infeccions-de-lorella-i-la-gola-tema-central-duna-nova-formacio-al-cofb\/#primaryimage"},"image":{"@id":"https:\/\/novaorg.cofb.net\/2021\/10\/20\/la-microbiota-oral-i-el-seu-paper-en-les-infeccions-de-lorella-i-la-gola-tema-central-duna-nova-formacio-al-cofb\/#primaryimage"},"thumbnailUrl":"https:\/\/www.cofb.org\/wp-content\/uploads\/2024\/04\/Microbiota-39_copia-1024x466-1.png","datePublished":"2021-10-20T14:46:44+00:00","dateModified":"2024-04-05T10:51:17+00:00","description":"El passat 14 d'octubre va tenir lloc al COFB la formaci\u00f3 \"Microbiota oral: primera l\u00ednia de defensa davant les infeccions d'orella i de gola\", a c\u00e0rrec del Dr. F. Javier Hern\u00e1ndez Calv\u00edn.","breadcrumb":{"@id":"https:\/\/novaorg.cofb.net\/2021\/10\/20\/la-microbiota-oral-i-el-seu-paper-en-les-infeccions-de-lorella-i-la-gola-tema-central-duna-nova-formacio-al-cofb\/#breadcrumb"},"inLanguage":"es","potentialAction":[{"@type":"ReadAction","target":["https:\/\/novaorg.cofb.net\/2021\/10\/20\/la-microbiota-oral-i-el-seu-paper-en-les-infeccions-de-lorella-i-la-gola-tema-central-duna-nova-formacio-al-cofb\/"]}]},{"@type":"ImageObject","inLanguage":"es","@id":"https:\/\/novaorg.cofb.net\/2021\/10\/20\/la-microbiota-oral-i-el-seu-paper-en-les-infeccions-de-lorella-i-la-gola-tema-central-duna-nova-formacio-al-cofb\/#primaryimage","url":"https:\/\/www.cofb.org\/wp-content\/uploads\/2024\/04\/Microbiota-39_copia-1024x466-1.png","contentUrl":"https:\/\/www.cofb.org\/wp-content\/uploads\/2024\/04\/Microbiota-39_copia-1024x466-1.png","width":1024,"height":466},{"@type":"BreadcrumbList","@id":"https:\/\/novaorg.cofb.net\/2021\/10\/20\/la-microbiota-oral-i-el-seu-paper-en-les-infeccions-de-lorella-i-la-gola-tema-central-duna-nova-formacio-al-cofb\/#breadcrumb","itemListElement":[{"@type":"ListItem","position":1,"name":"Inici","item":"https:\/\/novaorg.cofb.net\/"},{"@type":"ListItem","position":2,"name":"La microbiota oral i el seu paper en les infeccions de l&#8217;orella i la gola, tema central d&#8217;una nova formaci\u00f3 al COFB"}]},{"@type":"WebSite","@id":"https:\/\/www.cofb.org\/#website","url":"https:\/\/www.cofb.org\/","name":"Col\u00b7legi de Farmac\u00e8utics de Barcelona","description":"","publisher":{"@id":"https:\/\/www.cofb.org\/#organization"},"potentialAction":[{"@type":"SearchAction","target":{"@type":"EntryPoint","urlTemplate":"https:\/\/www.cofb.org\/?s={search_term_string}"},"query-input":"required name=search_term_string"}],"inLanguage":"es"},{"@type":"Organization","@id":"https:\/\/www.cofb.org\/#organization","name":"Col\u00b7legi de Farmac\u00e8utics de Barcelona","url":"https:\/\/www.cofb.org\/","logo":{"@type":"ImageObject","inLanguage":"es","@id":"https:\/\/www.cofb.org\/#\/schema\/logo\/image\/","url":"https:\/\/www.cofb.org\/wp-content\/uploads\/2023\/11\/cropped-Logotip-COFB.png","contentUrl":"https:\/\/www.cofb.org\/wp-content\/uploads\/2023\/11\/cropped-Logotip-COFB.png","width":500,"height":105,"caption":"Col\u00b7legi de Farmac\u00e8utics de Barcelona"},"image":{"@id":"https:\/\/www.cofb.org\/#\/schema\/logo\/image\/"},"sameAs":["https:\/\/www.facebook.com\/farmaceuticsbcn\/","https:\/\/twitter.com\/farmaceuticsbcn","https:\/\/www.instagram.com\/farmaceuticsbcn\/","https:\/\/www.linkedin.com\/company\/farmaceuticsbcn\/"]},{"@type":"Person","@id":"https:\/\/www.cofb.org\/#\/schema\/person\/22ed7eea88da74b0fa4d3154ad87ffcb","name":"wpAdminCofbOrg","image":{"@type":"ImageObject","inLanguage":"es","@id":"https:\/\/www.cofb.org\/#\/schema\/person\/image\/","url":"https:\/\/secure.gravatar.com\/avatar\/1721b20b3b8ca882c3b56ec6c978c594fff670e40c0718e9190eaeeb76aae7d8?s=96&d=mm&r=g","contentUrl":"https:\/\/secure.gravatar.com\/avatar\/1721b20b3b8ca882c3b56ec6c978c594fff670e40c0718e9190eaeeb76aae7d8?s=96&d=mm&r=g","caption":"wpAdminCofbOrg"},"sameAs":["http:\/\/192.168.64.122\/wordpress"],"url":"https:\/\/www.cofb.org\/es\/author\/wpadmincofborg\/"}]}},"uagb_featured_image_src":{"full":["https:\/\/www.cofb.org\/wp-content\/uploads\/2024\/04\/Microbiota-39_copia-1024x466-1.png",1024,466,false],"thumbnail":["https:\/\/www.cofb.org\/wp-content\/uploads\/2024\/04\/Microbiota-39_copia-1024x466-1-150x150.png",150,150,true],"medium":["https:\/\/www.cofb.org\/wp-content\/uploads\/2024\/04\/Microbiota-39_copia-1024x466-1-300x137.png",300,137,true],"medium_large":["https:\/\/www.cofb.org\/wp-content\/uploads\/2024\/04\/Microbiota-39_copia-1024x466-1-768x350.png",768,350,true],"large":["https:\/\/www.cofb.org\/wp-content\/uploads\/2024\/04\/Microbiota-39_copia-1024x466-1.png",1024,466,false],"1536x1536":["https:\/\/www.cofb.org\/wp-content\/uploads\/2024\/04\/Microbiota-39_copia-1024x466-1.png",1024,466,false],"2048x2048":["https:\/\/www.cofb.org\/wp-content\/uploads\/2024\/04\/Microbiota-39_copia-1024x466-1.png",1024,466,false],"trp-custom-language-flag":["https:\/\/www.cofb.org\/wp-content\/uploads\/2024\/04\/Microbiota-39_copia-1024x466-1-18x8.png",18,8,true]},"uagb_author_info":{"display_name":"wpAdminCofbOrg","author_link":"https:\/\/www.cofb.org\/es\/author\/wpadmincofborg\/"},"uagb_comment_info":0,"uagb_excerpt":"El passat 14 d&#8217;octubre va tenir lloc al Col\u00b7legi de Farmac\u00e8utics de Barcelona (COFB) la formaci\u00f3 &#8220;Microbiota oral: primera l\u00ednia de defensa davant les infeccions d&#8217;orella i de gola&#8221;, a c\u00e0rrec del Dr. F. Javier Hern\u00e1ndez Calv\u00edn, cap de la Unitat d&#8217;Otorrinolaringologia Pedi\u00e0trica a l&#8217;Hospital Universitari Quir\u00f3n-Salut Madrid, que va [&hellip;]","_links":{"self":[{"href":"https:\/\/www.cofb.org\/es\/wp-json\/wp\/v2\/posts\/57207","targetHints":{"allow":["GET"]}}],"collection":[{"href":"https:\/\/www.cofb.org\/es\/wp-json\/wp\/v2\/posts"}],"about":[{"href":"https:\/\/www.cofb.org\/es\/wp-json\/wp\/v2\/types\/post"}],"author":[{"embeddable":true,"href":"https:\/\/www.cofb.org\/es\/wp-json\/wp\/v2\/users\/1"}],"replies":[{"embeddable":true,"href":"https:\/\/www.cofb.org\/es\/wp-json\/wp\/v2\/comments?post=57207"}],"version-history":[{"count":1,"href":"https:\/\/www.cofb.org\/es\/wp-json\/wp\/v2\/posts\/57207\/revisions"}],"predecessor-version":[{"id":78120,"href":"https:\/\/www.cofb.org\/es\/wp-json\/wp\/v2\/posts\/57207\/revisions\/78120"}],"wp:featuredmedia":[{"embeddable":true,"href":"https:\/\/www.cofb.org\/es\/wp-json\/wp\/v2\/media\/78119"}],"wp:attachment":[{"href":"https:\/\/www.cofb.org\/es\/wp-json\/wp\/v2\/media?parent=57207"}],"wp:term":[{"taxonomy":"category","embeddable":true,"href":"https:\/\/www.cofb.org\/es\/wp-json\/wp\/v2\/categories?post=57207"},{"taxonomy":"post_tag","embeddable":true,"href":"https:\/\/www.cofb.org\/es\/wp-json\/wp\/v2\/tags?post=57207"}],"curies":[{"name":"wp","href":"https:\/\/api.w.org\/{rel}","templated":true}]}}