{"id":57138,"date":"2021-10-15T11:38:05","date_gmt":"2021-10-15T09:38:05","guid":{"rendered":"https:\/\/blog.cofb.cat\/?p=57138"},"modified":"2024-04-05T10:51:28","modified_gmt":"2024-04-05T10:51:28","slug":"publicada-la-memoria-2020-del-cofb-repas-de-lactivitat-dun-any-marcat-per-la-covid-19","status":"publish","type":"post","link":"https:\/\/www.cofb.org\/es\/2021\/10\/15\/publicada-la-memoria-2020-del-cofb-repas-de-lactivitat-dun-any-marcat-per-la-covid-19\/","title":{"rendered":"Publicada la Memoria 2020 del COFB. Repaso de la actividad de un a\u00f1o marcado por la COVID-19"},"content":{"rendered":"<p>El 2020 ha sido, sin duda, un a\u00f1o marcado por la<strong> COVID-19<\/strong>, y el <strong>compromiso<\/strong> de los <strong>farmac\u00e9uticos<\/strong> de los <strong>diferentes \u00e1mbitos de ejercicio de la profesi\u00f3n<\/strong>, ha sido clave para <strong>dar respuesta a las necesidades sanitarias y sociales que se han producido<\/strong>. Le invitamos a hacer un repaso de todo lo que hemos conseguido juntos a lo largo del <strong>2020<\/strong> a trav\u00e9s de la <a href=\"https:\/\/www.cofb.org\/es\/fitxers\/memoria-cofb-2020\/\" target=\"_blank\" rel=\"noopener\"><strong>Memoria del COFB<\/strong><\/a>, que est\u00e1 acompa\u00f1ada de un <a href=\"https:\/\/cdn.knightlab.com\/libs\/timeline3\/latest\/embed\/index.html?source=1JwUtDMTEfHzG4VZaXtv2xvzpvridnRXsbMxrngtBujU&amp;font=Default&amp;lang=ca&amp;initial_zoom=1&amp;height=650\" target=\"_blank\" rel=\"noopener\"><em>timeline<\/em> interactivo<\/a> con lo m\u00e1s destacado de cada mes.<\/p>\n<figure id=\"attachment_57153\" aria-describedby=\"caption-attachment-57153\" style=\"width: 634px\" class=\"wp-caption alignnone\"><a href=\"https:\/\/www.cofb.org\/es\/fitxers\/memoria-cofb-2020\/\" target=\"_blank\" rel=\"noopener\"><img fetchpriority=\"high\" decoding=\"async\" class=\"wp-image-57153 size-full\" title=\"Haga clic en la imagen para acceder a la Memoria del COFB 2020. \" src=\"https:\/\/blog.cofb.cat\/wp-content\/uploads\/2021\/10\/Mem\u00f2ria-2020.png\" alt=\"Cliqueu a la imatge per accedir a la Mem\u00f2ria del COFB 2020. \" width=\"634\" height=\"781\"><\/a><figcaption id=\"caption-attachment-57153\" class=\"wp-caption-text\">Haga clic en la imagen para acceder a la Memoria del COFB 2020.<\/figcaption><\/figure>\n<h2><span style=\"color: #008080;\"><strong>Los temas principales de 2020<\/strong><\/span><\/h2>\n<p>Los diferentes proyectos que se han impulsado en el marco de la <strong>COVID-19<\/strong> son uno de los <strong>temas centrales de la Memoria<\/strong>, sin dejar de lado que, en la vertiente m\u00e1s institucional, el 2020 ha estado marcada por la <strong>renovaci\u00f3n de la Junta de Gobierno<\/strong>, y tambi\u00e9n se han puesto en marcha <strong>proyectos estrat\u00e9gicos<\/strong> para la profesi\u00f3n, como <strong>Farmaserveis<\/strong>.<\/p>\n<p>En la Memoria, tambi\u00e9n se recogen, entre otros temas, la<strong> iluminaci\u00f3n de la Torre Gl\u00f2ries<\/strong> con motivo del <strong>D\u00eda Mundial del Farmac\u00e9utico<\/strong> <strong>2020<\/strong>, imagen que ha sido escogida para ilustrar la portada; las principales caracter\u00edsticas del Programa de Formaci\u00f3n Continuada, que se adapt\u00f3 al contexto de la pandemia; la celebraci\u00f3n de los <strong>10 a\u00f1os de \u00c1gora Sanitaria<\/strong>; las Jornadas Digitales <strong>Infarma COVID-19<\/strong>; y el<strong>homenaje en formato virtual<\/strong> a los farmac\u00e9uticos que celebraban 50 y 75 a\u00f1os de colegiaci\u00f3n.<\/p>\n<p>Por otra parte, la <strong>Memoria<\/strong> se hace eco de la amplia repercusi\u00f3n que la <strong>labor de los farmac\u00e9uticos<\/strong> ha tenido en los medios de comunicaci\u00f3n, as\u00ed como el a\u00f1o <strong>lleno de actividad digital<\/strong> por la pandemia. Asimismo, adem\u00e1s de realizar un seguimiento de las cifras m\u00e1s destacadas de la profesi\u00f3n y de los datos de los servicios profesionales, se incluyen las acciones impulsadas en el marco de la profesi\u00f3n <strong>Comisi\u00f3n de Compromiso Social (RSC)<\/strong>, las <strong>becas y premios otorgadas<\/strong> y la<strong>actividad de CoFBServeis<\/strong>.<\/p>\n<div class=\"destacat-blog\">\n<h2><span style=\"color: #008080;\"><strong>El <em>timeline<\/em> interactivo de la memoria del COFB<\/strong><\/span><\/h2>\n<p><iframe src=\"https:\/\/cdn.knightlab.com\/libs\/timeline3\/latest\/embed\/index.html?source=1JwUtDMTEfHzG4VZaXtv2xvzpvridnRXsbMxrngtBujU&amp;font=Default&amp;lang=ca&amp;initial_zoom=1&amp;height=650 \" width=\"100%\" height=\"700\"><span data-mce-type=\"bookmark\" style=\"display: inline-block; width: 0px; overflow: hidden; line-height: 0;\" class=\"mce_SELRES_start\"><\/span><span data-mce-type=\"bookmark\" style=\"display: inline-block; width: 0px; overflow: hidden; line-height: 0;\" class=\"mce_SELRES_start\"><\/span><\/iframe>\n<\/div>\n<h2><span style=\"color: #008080;\"><strong>\u00bfQui\u00e9n mueve el Colegio?&nbsp;<\/strong><strong>Comisiones, departamentos y colegiados<\/strong><\/span><\/h2>\n<p>Por \u00faltimo, la Memoria concluye con el Anexo <strong>\u201c\u00bfQui\u00e9n mueve el Colegio?<\/strong>\u201d, formado por tres apartados: <strong>Comisiones<\/strong>, en el que se desglosan los objetivos de las Comisiones delegadas de la Junta de Gobierno; <strong>Departamentos<\/strong>, donde se exponen las actividades m\u00e1s relevantes llevadas a cabo en 2020 por cada uno de los Departamentos de la instituci\u00f3n; y <strong>Colegiados<\/strong>, dedicado a todos vosotros, los <strong>m\u00e1s de 9.000 colegiados<\/strong> de la provincia de Barcelona.<\/p>\n<p><a href=\"https:\/\/www.cofb.org\/es\/colegio\/publicaciones\/memoria-cofb\/\" target=\"_blank\" rel=\"noopener\"><strong>Acceder a la Memoria 2020 y consultar las publicaciones anteriores<\/strong><\/a> (V\u00eda <a href=\"https:\/\/www.cofb.org\/es\/\" target=\"_blank\" rel=\"noopener\">cofb.org<\/a>)<\/p>\n<p><strong>Otras publicaciones de inter\u00e9s:<\/strong><\/p>\n<ul>\n<li><a href=\"https:\/\/blog.cofb.cat\/publicada-la-memoria-del-cofb-quines-accions-han-estat-mes-rellevants-el-2019\/\" target=\"_blank\" rel=\"noopener\">Publicada la Memoria del COFB: \u00bfqu\u00e9 acciones han sido m\u00e1s relevantes en 2019? (Diciembre 2020)<\/a><\/li>\n<li><a href=\"https:\/\/blog.cofb.cat\/memoria-del-cofb-que-ha-estat-el-mes-destacat-del-2018\/\" target=\"_blank\" rel=\"noopener\">Memoria del COFB: \u00bfqu\u00e9 ha sido lo m\u00e1s destacado de 2018? (Agosto 2019)<\/a><\/li>\n<\/ul>","protected":false},"excerpt":{"rendered":"<p>2020 ha sido, sin duda, un a\u00f1o marcado por la COVID-19, y el compromiso de los farmac\u00e9uticos de los diferentes \u00e1mbitos de ejercicio de la profesi\u00f3n, ha sido clave para dar respuesta a las necesidades sanitarias y sociales que se han producido. Le invitamos a hacer un repaso de todo lo que hemos [\u2026]<\/p>","protected":false},"author":1,"featured_media":78121,"comment_status":"open","ping_status":"open","sticky":false,"template":"","format":"standard","meta":{"_uag_custom_page_level_css":"","site-sidebar-layout":"default","site-content-layout":"","ast-site-content-layout":"default","site-content-style":"default","site-sidebar-style":"default","ast-global-header-display":"","ast-banner-title-visibility":"","ast-main-header-display":"","ast-hfb-above-header-display":"","ast-hfb-below-header-display":"","ast-hfb-mobile-header-display":"","site-post-title":"","ast-breadcrumbs-content":"","ast-featured-img":"disabled","footer-sml-layout":"","theme-transparent-header-meta":"","adv-header-id-meta":"","stick-header-meta":"","header-above-stick-meta":"","header-main-stick-meta":"","header-below-stick-meta":"","astra-migrate-meta-layouts":"set","ast-page-background-enabled":"default","ast-page-background-meta":{"desktop":{"background-color":"var(--ast-global-color-4)","background-image":"","background-repeat":"repeat","background-position":"center center","background-size":"auto","background-attachment":"scroll","background-type":"","background-media":"","overlay-type":"","overlay-color":"","overlay-opacity":"","overlay-gradient":""},"tablet":{"background-color":"","background-image":"","background-repeat":"repeat","background-position":"center center","background-size":"auto","background-attachment":"scroll","background-type":"","background-media":"","overlay-type":"","overlay-color":"","overlay-opacity":"","overlay-gradient":""},"mobile":{"background-color":"","background-image":"","background-repeat":"repeat","background-position":"center center","background-size":"auto","background-attachment":"scroll","background-type":"","background-media":"","overlay-type":"","overlay-color":"","overlay-opacity":"","overlay-gradient":""}},"ast-content-background-meta":{"desktop":{"background-color":"var(--ast-global-color-5)","background-image":"","background-repeat":"repeat","background-position":"center center","background-size":"auto","background-attachment":"scroll","background-type":"","background-media":"","overlay-type":"","overlay-color":"","overlay-opacity":"","overlay-gradient":""},"tablet":{"background-color":"var(--ast-global-color-5)","background-image":"","background-repeat":"repeat","background-position":"center center","background-size":"auto","background-attachment":"scroll","background-type":"","background-media":"","overlay-type":"","overlay-color":"","overlay-opacity":"","overlay-gradient":""},"mobile":{"background-color":"var(--ast-global-color-5)","background-image":"","background-repeat":"repeat","background-position":"center center","background-size":"auto","background-attachment":"scroll","background-type":"","background-media":"","overlay-type":"","overlay-color":"","overlay-opacity":"","overlay-gradient":""}},"footnotes":""},"categories":[23,57],"tags":[4173,596,4188,18,19,692,553,469,90,53,68,69,70,684,3223,4650,4651],"class_list":["post-57138","post","type-post","status-publish","format-standard","has-post-thumbnail","hentry","category-destacats","category-mon-collegial","tag-4173","tag-activitats","tag-activitats-collegials","tag-cofb","tag-collegi-de-farmaceutics-de-barcelona","tag-collegiats","tag-comunicacio","tag-coronavirus","tag-covid-19","tag-farmaceutics","tag-farmacia","tag-farmacia-comunitaria","tag-formacio","tag-memoria","tag-memoria-cofb","tag-memoria-cofb-2020","tag-projectes-covid-19"],"yoast_head":"<!-- This site is optimized with the Yoast SEO plugin v22.4 - https:\/\/yoast.com\/wordpress\/plugins\/seo\/ -->\n<title>Publicada la Mem\u00f2ria 2020 del COFB. Rep\u00e0s de l&#039;activitat d&#039;un any marcat per la COVID-19 - Col\u00b7legi de Farmac\u00e8utics de Barcelona<\/title>\n<meta name=\"description\" content=\"El 2020 ha estat, sens dubte, un any marcat per la COVID-19, i el comprom\u00eds dels farmac\u00e8utics dels diferents \u00e0mbits d\u2019exercici de la professi\u00f3, ha estat clau per donar resposta a les necessitats sanit\u00e0ries i socials que s\u2019han produ\u00eft.\" \/>\n<meta name=\"robots\" content=\"index, follow, max-snippet:-1, max-image-preview:large, max-video-preview:-1\" \/>\n<link rel=\"canonical\" href=\"https:\/\/novaorg.cofb.net\/2021\/10\/15\/publicada-la-memoria-2020-del-cofb-repas-de-lactivitat-dun-any-marcat-per-la-covid-19\/\" \/>\n<meta property=\"og:locale\" content=\"es_ES\" \/>\n<meta property=\"og:type\" content=\"article\" \/>\n<meta property=\"og:title\" content=\"Publicada la Mem\u00f2ria 2020 del COFB. Rep\u00e0s de l&#039;activitat d&#039;un any marcat per la COVID-19 - Col\u00b7legi de Farmac\u00e8utics de Barcelona\" \/>\n<meta property=\"og:description\" content=\"El 2020 ha estat, sens dubte, un any marcat per la COVID-19, i el comprom\u00eds dels farmac\u00e8utics dels diferents \u00e0mbits d\u2019exercici de la professi\u00f3, ha estat clau per donar resposta a les necessitats sanit\u00e0ries i socials que s\u2019han produ\u00eft.\" \/>\n<meta property=\"og:url\" content=\"https:\/\/novaorg.cofb.net\/2021\/10\/15\/publicada-la-memoria-2020-del-cofb-repas-de-lactivitat-dun-any-marcat-per-la-covid-19\/\" \/>\n<meta property=\"og:site_name\" content=\"Col\u00b7legi de Farmac\u00e8utics de Barcelona\" \/>\n<meta property=\"article:publisher\" content=\"https:\/\/www.facebook.com\/farmaceuticsbcn\/\" \/>\n<meta property=\"article:published_time\" content=\"2021-10-15T09:38:05+00:00\" \/>\n<meta property=\"article:modified_time\" content=\"2024-04-05T10:51:28+00:00\" \/>\n<meta property=\"og:image\" content=\"https:\/\/novaorg.cofb.net\/wp-content\/uploads\/2024\/04\/Memoria-2020.png\" \/>\n\t<meta property=\"og:image:width\" content=\"634\" \/>\n\t<meta property=\"og:image:height\" content=\"781\" \/>\n\t<meta property=\"og:image:type\" content=\"image\/png\" \/>\n<meta name=\"author\" content=\"wpAdminCofbOrg\" \/>\n<meta name=\"twitter:card\" content=\"summary_large_image\" \/>\n<meta name=\"twitter:creator\" content=\"@farmaceuticsbcn\" \/>\n<meta name=\"twitter:site\" content=\"@farmaceuticsbcn\" \/>\n<meta name=\"twitter:label1\" content=\"Escrito por\" \/>\n\t<meta name=\"twitter:data1\" content=\"wpAdminCofbOrg\" \/>\n\t<meta name=\"twitter:label2\" content=\"Tiempo de lectura\" \/>\n\t<meta name=\"twitter:data2\" content=\"3 minutos\" \/>\n<script type=\"application\/ld+json\" class=\"yoast-schema-graph\">{\"@context\":\"https:\/\/schema.org\",\"@graph\":[{\"@type\":\"Article\",\"@id\":\"https:\/\/novaorg.cofb.net\/2021\/10\/15\/publicada-la-memoria-2020-del-cofb-repas-de-lactivitat-dun-any-marcat-per-la-covid-19\/#article\",\"isPartOf\":{\"@id\":\"https:\/\/novaorg.cofb.net\/2021\/10\/15\/publicada-la-memoria-2020-del-cofb-repas-de-lactivitat-dun-any-marcat-per-la-covid-19\/\"},\"author\":{\"name\":\"wpAdminCofbOrg\",\"@id\":\"https:\/\/www.cofb.org\/#\/schema\/person\/22ed7eea88da74b0fa4d3154ad87ffcb\"},\"headline\":\"Publicada la Mem\u00f2ria 2020 del COFB. Rep\u00e0s de l&#8217;activitat d&#8217;un any marcat per la COVID-19\",\"datePublished\":\"2021-10-15T09:38:05+00:00\",\"dateModified\":\"2024-04-05T10:51:28+00:00\",\"mainEntityOfPage\":{\"@id\":\"https:\/\/novaorg.cofb.net\/2021\/10\/15\/publicada-la-memoria-2020-del-cofb-repas-de-lactivitat-dun-any-marcat-per-la-covid-19\/\"},\"wordCount\":497,\"commentCount\":0,\"publisher\":{\"@id\":\"https:\/\/www.cofb.org\/#organization\"},\"image\":{\"@id\":\"https:\/\/novaorg.cofb.net\/2021\/10\/15\/publicada-la-memoria-2020-del-cofb-repas-de-lactivitat-dun-any-marcat-per-la-covid-19\/#primaryimage\"},\"thumbnailUrl\":\"https:\/\/www.cofb.org\/wp-content\/uploads\/2024\/04\/Memoria-2020.png\",\"keywords\":[\"2020\",\"activitats\",\"activitats col\u00b7legials\",\"COFB\",\"Col\u00b7legi de Farmac\u00e8utics de Barcelona\",\"col\u00b7legiats\",\"comunicaci\u00f3\",\"coronavirus\",\"COVID-19\",\"farmac\u00e8utics\",\"Farm\u00e0cia\",\"farm\u00e0cia comunit\u00e0ria\",\"Formaci\u00f3\",\"Mem\u00f2ria\",\"Mem\u00f2ria COFB\",\"Mem\u00f2ria COFB 2020\",\"projectes COVID-19\"],\"articleSection\":[\"Destacats\",\"M\u00f3n col\u00b7legial\"],\"inLanguage\":\"es\",\"potentialAction\":[{\"@type\":\"CommentAction\",\"name\":\"Comment\",\"target\":[\"https:\/\/novaorg.cofb.net\/2021\/10\/15\/publicada-la-memoria-2020-del-cofb-repas-de-lactivitat-dun-any-marcat-per-la-covid-19\/#respond\"]}]},{\"@type\":\"WebPage\",\"@id\":\"https:\/\/novaorg.cofb.net\/2021\/10\/15\/publicada-la-memoria-2020-del-cofb-repas-de-lactivitat-dun-any-marcat-per-la-covid-19\/\",\"url\":\"https:\/\/novaorg.cofb.net\/2021\/10\/15\/publicada-la-memoria-2020-del-cofb-repas-de-lactivitat-dun-any-marcat-per-la-covid-19\/\",\"name\":\"Publicada la Mem\u00f2ria 2020 del COFB. Rep\u00e0s de l'activitat d'un any marcat per la COVID-19 - Col\u00b7legi de Farmac\u00e8utics de Barcelona\",\"isPartOf\":{\"@id\":\"https:\/\/www.cofb.org\/#website\"},\"primaryImageOfPage\":{\"@id\":\"https:\/\/novaorg.cofb.net\/2021\/10\/15\/publicada-la-memoria-2020-del-cofb-repas-de-lactivitat-dun-any-marcat-per-la-covid-19\/#primaryimage\"},\"image\":{\"@id\":\"https:\/\/novaorg.cofb.net\/2021\/10\/15\/publicada-la-memoria-2020-del-cofb-repas-de-lactivitat-dun-any-marcat-per-la-covid-19\/#primaryimage\"},\"thumbnailUrl\":\"https:\/\/www.cofb.org\/wp-content\/uploads\/2024\/04\/Memoria-2020.png\",\"datePublished\":\"2021-10-15T09:38:05+00:00\",\"dateModified\":\"2024-04-05T10:51:28+00:00\",\"description\":\"El 2020 ha estat, sens dubte, un any marcat per la COVID-19, i el comprom\u00eds dels farmac\u00e8utics dels diferents \u00e0mbits d\u2019exercici de la professi\u00f3, ha estat clau per donar resposta a les necessitats sanit\u00e0ries i socials que s\u2019han produ\u00eft.\",\"breadcrumb\":{\"@id\":\"https:\/\/novaorg.cofb.net\/2021\/10\/15\/publicada-la-memoria-2020-del-cofb-repas-de-lactivitat-dun-any-marcat-per-la-covid-19\/#breadcrumb\"},\"inLanguage\":\"es\",\"potentialAction\":[{\"@type\":\"ReadAction\",\"target\":[\"https:\/\/novaorg.cofb.net\/2021\/10\/15\/publicada-la-memoria-2020-del-cofb-repas-de-lactivitat-dun-any-marcat-per-la-covid-19\/\"]}]},{\"@type\":\"ImageObject\",\"inLanguage\":\"es\",\"@id\":\"https:\/\/novaorg.cofb.net\/2021\/10\/15\/publicada-la-memoria-2020-del-cofb-repas-de-lactivitat-dun-any-marcat-per-la-covid-19\/#primaryimage\",\"url\":\"https:\/\/www.cofb.org\/wp-content\/uploads\/2024\/04\/Memoria-2020.png\",\"contentUrl\":\"https:\/\/www.cofb.org\/wp-content\/uploads\/2024\/04\/Memoria-2020.png\",\"width\":634,\"height\":781},{\"@type\":\"BreadcrumbList\",\"@id\":\"https:\/\/novaorg.cofb.net\/2021\/10\/15\/publicada-la-memoria-2020-del-cofb-repas-de-lactivitat-dun-any-marcat-per-la-covid-19\/#breadcrumb\",\"itemListElement\":[{\"@type\":\"ListItem\",\"position\":1,\"name\":\"Inici\",\"item\":\"https:\/\/novaorg.cofb.net\/\"},{\"@type\":\"ListItem\",\"position\":2,\"name\":\"Publicada la Mem\u00f2ria 2020 del COFB. Rep\u00e0s de l&#8217;activitat d&#8217;un any marcat per la COVID-19\"}]},{\"@type\":\"WebSite\",\"@id\":\"https:\/\/www.cofb.org\/#website\",\"url\":\"https:\/\/www.cofb.org\/\",\"name\":\"Col\u00b7legi de Farmac\u00e8utics de Barcelona\",\"description\":\"\",\"publisher\":{\"@id\":\"https:\/\/www.cofb.org\/#organization\"},\"potentialAction\":[{\"@type\":\"SearchAction\",\"target\":{\"@type\":\"EntryPoint\",\"urlTemplate\":\"https:\/\/www.cofb.org\/?s={search_term_string}\"},\"query-input\":\"required name=search_term_string\"}],\"inLanguage\":\"es\"},{\"@type\":\"Organization\",\"@id\":\"https:\/\/www.cofb.org\/#organization\",\"name\":\"Col\u00b7legi de Farmac\u00e8utics de Barcelona\",\"url\":\"https:\/\/www.cofb.org\/\",\"logo\":{\"@type\":\"ImageObject\",\"inLanguage\":\"es\",\"@id\":\"https:\/\/www.cofb.org\/#\/schema\/logo\/image\/\",\"url\":\"https:\/\/www.cofb.org\/wp-content\/uploads\/2023\/11\/cropped-Logotip-COFB.png\",\"contentUrl\":\"https:\/\/www.cofb.org\/wp-content\/uploads\/2023\/11\/cropped-Logotip-COFB.png\",\"width\":500,\"height\":105,\"caption\":\"Col\u00b7legi de Farmac\u00e8utics de Barcelona\"},\"image\":{\"@id\":\"https:\/\/www.cofb.org\/#\/schema\/logo\/image\/\"},\"sameAs\":[\"https:\/\/www.facebook.com\/farmaceuticsbcn\/\",\"https:\/\/twitter.com\/farmaceuticsbcn\",\"https:\/\/www.instagram.com\/farmaceuticsbcn\/\",\"https:\/\/www.linkedin.com\/company\/farmaceuticsbcn\/\"]},{\"@type\":\"Person\",\"@id\":\"https:\/\/www.cofb.org\/#\/schema\/person\/22ed7eea88da74b0fa4d3154ad87ffcb\",\"name\":\"wpAdminCofbOrg\",\"image\":{\"@type\":\"ImageObject\",\"inLanguage\":\"es\",\"@id\":\"https:\/\/www.cofb.org\/#\/schema\/person\/image\/\",\"url\":\"https:\/\/secure.gravatar.com\/avatar\/1721b20b3b8ca882c3b56ec6c978c594fff670e40c0718e9190eaeeb76aae7d8?s=96&d=mm&r=g\",\"contentUrl\":\"https:\/\/secure.gravatar.com\/avatar\/1721b20b3b8ca882c3b56ec6c978c594fff670e40c0718e9190eaeeb76aae7d8?s=96&d=mm&r=g\",\"caption\":\"wpAdminCofbOrg\"},\"sameAs\":[\"http:\/\/192.168.64.122\/wordpress\"],\"url\":\"https:\/\/www.cofb.org\/es\/author\/wpadmincofborg\/\"}]}<\/script>\n<!-- \/ Yoast SEO plugin. -->","yoast_head_json":{"title":"Publicada la Mem\u00f2ria 2020 del COFB. Rep\u00e0s de l'activitat d'un any marcat per la COVID-19 - Col\u00b7legi de Farmac\u00e8utics de Barcelona","description":"El 2020 ha estat, sens dubte, un any marcat per la COVID-19, i el comprom\u00eds dels farmac\u00e8utics dels diferents \u00e0mbits d\u2019exercici de la professi\u00f3, ha estat clau per donar resposta a les necessitats sanit\u00e0ries i socials que s\u2019han produ\u00eft.","robots":{"index":"index","follow":"follow","max-snippet":"max-snippet:-1","max-image-preview":"max-image-preview:large","max-video-preview":"max-video-preview:-1"},"canonical":"https:\/\/novaorg.cofb.net\/2021\/10\/15\/publicada-la-memoria-2020-del-cofb-repas-de-lactivitat-dun-any-marcat-per-la-covid-19\/","og_locale":"es_ES","og_type":"article","og_title":"Publicada la Mem\u00f2ria 2020 del COFB. Rep\u00e0s de l'activitat d'un any marcat per la COVID-19 - Col\u00b7legi de Farmac\u00e8utics de Barcelona","og_description":"El 2020 ha estat, sens dubte, un any marcat per la COVID-19, i el comprom\u00eds dels farmac\u00e8utics dels diferents \u00e0mbits d\u2019exercici de la professi\u00f3, ha estat clau per donar resposta a les necessitats sanit\u00e0ries i socials que s\u2019han produ\u00eft.","og_url":"https:\/\/novaorg.cofb.net\/2021\/10\/15\/publicada-la-memoria-2020-del-cofb-repas-de-lactivitat-dun-any-marcat-per-la-covid-19\/","og_site_name":"Col\u00b7legi de Farmac\u00e8utics de Barcelona","article_publisher":"https:\/\/www.facebook.com\/farmaceuticsbcn\/","article_published_time":"2021-10-15T09:38:05+00:00","article_modified_time":"2024-04-05T10:51:28+00:00","og_image":[{"width":634,"height":781,"url":"https:\/\/novaorg.cofb.net\/wp-content\/uploads\/2024\/04\/Memoria-2020.png","type":"image\/png"}],"author":"wpAdminCofbOrg","twitter_card":"summary_large_image","twitter_creator":"@farmaceuticsbcn","twitter_site":"@farmaceuticsbcn","twitter_misc":{"Escrito por":"wpAdminCofbOrg","Tiempo de lectura":"3 minutos"},"schema":{"@context":"https:\/\/schema.org","@graph":[{"@type":"Article","@id":"https:\/\/novaorg.cofb.net\/2021\/10\/15\/publicada-la-memoria-2020-del-cofb-repas-de-lactivitat-dun-any-marcat-per-la-covid-19\/#article","isPartOf":{"@id":"https:\/\/novaorg.cofb.net\/2021\/10\/15\/publicada-la-memoria-2020-del-cofb-repas-de-lactivitat-dun-any-marcat-per-la-covid-19\/"},"author":{"name":"wpAdminCofbOrg","@id":"https:\/\/www.cofb.org\/#\/schema\/person\/22ed7eea88da74b0fa4d3154ad87ffcb"},"headline":"Publicada la Mem\u00f2ria 2020 del COFB. Rep\u00e0s de l&#8217;activitat d&#8217;un any marcat per la COVID-19","datePublished":"2021-10-15T09:38:05+00:00","dateModified":"2024-04-05T10:51:28+00:00","mainEntityOfPage":{"@id":"https:\/\/novaorg.cofb.net\/2021\/10\/15\/publicada-la-memoria-2020-del-cofb-repas-de-lactivitat-dun-any-marcat-per-la-covid-19\/"},"wordCount":497,"commentCount":0,"publisher":{"@id":"https:\/\/www.cofb.org\/#organization"},"image":{"@id":"https:\/\/novaorg.cofb.net\/2021\/10\/15\/publicada-la-memoria-2020-del-cofb-repas-de-lactivitat-dun-any-marcat-per-la-covid-19\/#primaryimage"},"thumbnailUrl":"https:\/\/www.cofb.org\/wp-content\/uploads\/2024\/04\/Memoria-2020.png","keywords":["2020","activitats","activitats col\u00b7legials","COFB","Col\u00b7legi de Farmac\u00e8utics de Barcelona","col\u00b7legiats","comunicaci\u00f3","coronavirus","COVID-19","farmac\u00e8utics","Farm\u00e0cia","farm\u00e0cia comunit\u00e0ria","Formaci\u00f3","Mem\u00f2ria","Mem\u00f2ria COFB","Mem\u00f2ria COFB 2020","projectes COVID-19"],"articleSection":["Destacats","M\u00f3n col\u00b7legial"],"inLanguage":"es","potentialAction":[{"@type":"CommentAction","name":"Comment","target":["https:\/\/novaorg.cofb.net\/2021\/10\/15\/publicada-la-memoria-2020-del-cofb-repas-de-lactivitat-dun-any-marcat-per-la-covid-19\/#respond"]}]},{"@type":"WebPage","@id":"https:\/\/novaorg.cofb.net\/2021\/10\/15\/publicada-la-memoria-2020-del-cofb-repas-de-lactivitat-dun-any-marcat-per-la-covid-19\/","url":"https:\/\/novaorg.cofb.net\/2021\/10\/15\/publicada-la-memoria-2020-del-cofb-repas-de-lactivitat-dun-any-marcat-per-la-covid-19\/","name":"Publicada la Mem\u00f2ria 2020 del COFB. Rep\u00e0s de l'activitat d'un any marcat per la COVID-19 - Col\u00b7legi de Farmac\u00e8utics de Barcelona","isPartOf":{"@id":"https:\/\/www.cofb.org\/#website"},"primaryImageOfPage":{"@id":"https:\/\/novaorg.cofb.net\/2021\/10\/15\/publicada-la-memoria-2020-del-cofb-repas-de-lactivitat-dun-any-marcat-per-la-covid-19\/#primaryimage"},"image":{"@id":"https:\/\/novaorg.cofb.net\/2021\/10\/15\/publicada-la-memoria-2020-del-cofb-repas-de-lactivitat-dun-any-marcat-per-la-covid-19\/#primaryimage"},"thumbnailUrl":"https:\/\/www.cofb.org\/wp-content\/uploads\/2024\/04\/Memoria-2020.png","datePublished":"2021-10-15T09:38:05+00:00","dateModified":"2024-04-05T10:51:28+00:00","description":"El 2020 ha estat, sens dubte, un any marcat per la COVID-19, i el comprom\u00eds dels farmac\u00e8utics dels diferents \u00e0mbits d\u2019exercici de la professi\u00f3, ha estat clau per donar resposta a les necessitats sanit\u00e0ries i socials que s\u2019han produ\u00eft.","breadcrumb":{"@id":"https:\/\/novaorg.cofb.net\/2021\/10\/15\/publicada-la-memoria-2020-del-cofb-repas-de-lactivitat-dun-any-marcat-per-la-covid-19\/#breadcrumb"},"inLanguage":"es","potentialAction":[{"@type":"ReadAction","target":["https:\/\/novaorg.cofb.net\/2021\/10\/15\/publicada-la-memoria-2020-del-cofb-repas-de-lactivitat-dun-any-marcat-per-la-covid-19\/"]}]},{"@type":"ImageObject","inLanguage":"es","@id":"https:\/\/novaorg.cofb.net\/2021\/10\/15\/publicada-la-memoria-2020-del-cofb-repas-de-lactivitat-dun-any-marcat-per-la-covid-19\/#primaryimage","url":"https:\/\/www.cofb.org\/wp-content\/uploads\/2024\/04\/Memoria-2020.png","contentUrl":"https:\/\/www.cofb.org\/wp-content\/uploads\/2024\/04\/Memoria-2020.png","width":634,"height":781},{"@type":"BreadcrumbList","@id":"https:\/\/novaorg.cofb.net\/2021\/10\/15\/publicada-la-memoria-2020-del-cofb-repas-de-lactivitat-dun-any-marcat-per-la-covid-19\/#breadcrumb","itemListElement":[{"@type":"ListItem","position":1,"name":"Inici","item":"https:\/\/novaorg.cofb.net\/"},{"@type":"ListItem","position":2,"name":"Publicada la Mem\u00f2ria 2020 del COFB. Rep\u00e0s de l&#8217;activitat d&#8217;un any marcat per la COVID-19"}]},{"@type":"WebSite","@id":"https:\/\/www.cofb.org\/#website","url":"https:\/\/www.cofb.org\/","name":"Col\u00b7legi de Farmac\u00e8utics de Barcelona","description":"","publisher":{"@id":"https:\/\/www.cofb.org\/#organization"},"potentialAction":[{"@type":"SearchAction","target":{"@type":"EntryPoint","urlTemplate":"https:\/\/www.cofb.org\/?s={search_term_string}"},"query-input":"required name=search_term_string"}],"inLanguage":"es"},{"@type":"Organization","@id":"https:\/\/www.cofb.org\/#organization","name":"Col\u00b7legi de Farmac\u00e8utics de Barcelona","url":"https:\/\/www.cofb.org\/","logo":{"@type":"ImageObject","inLanguage":"es","@id":"https:\/\/www.cofb.org\/#\/schema\/logo\/image\/","url":"https:\/\/www.cofb.org\/wp-content\/uploads\/2023\/11\/cropped-Logotip-COFB.png","contentUrl":"https:\/\/www.cofb.org\/wp-content\/uploads\/2023\/11\/cropped-Logotip-COFB.png","width":500,"height":105,"caption":"Col\u00b7legi de Farmac\u00e8utics de Barcelona"},"image":{"@id":"https:\/\/www.cofb.org\/#\/schema\/logo\/image\/"},"sameAs":["https:\/\/www.facebook.com\/farmaceuticsbcn\/","https:\/\/twitter.com\/farmaceuticsbcn","https:\/\/www.instagram.com\/farmaceuticsbcn\/","https:\/\/www.linkedin.com\/company\/farmaceuticsbcn\/"]},{"@type":"Person","@id":"https:\/\/www.cofb.org\/#\/schema\/person\/22ed7eea88da74b0fa4d3154ad87ffcb","name":"wpAdminCofbOrg","image":{"@type":"ImageObject","inLanguage":"es","@id":"https:\/\/www.cofb.org\/#\/schema\/person\/image\/","url":"https:\/\/secure.gravatar.com\/avatar\/1721b20b3b8ca882c3b56ec6c978c594fff670e40c0718e9190eaeeb76aae7d8?s=96&d=mm&r=g","contentUrl":"https:\/\/secure.gravatar.com\/avatar\/1721b20b3b8ca882c3b56ec6c978c594fff670e40c0718e9190eaeeb76aae7d8?s=96&d=mm&r=g","caption":"wpAdminCofbOrg"},"sameAs":["http:\/\/192.168.64.122\/wordpress"],"url":"https:\/\/www.cofb.org\/es\/author\/wpadmincofborg\/"}]}},"uagb_featured_image_src":{"full":["https:\/\/www.cofb.org\/wp-content\/uploads\/2024\/04\/Memoria-2020.png",634,781,false],"thumbnail":["https:\/\/www.cofb.org\/wp-content\/uploads\/2024\/04\/Memoria-2020-150x150.png",150,150,true],"medium":["https:\/\/www.cofb.org\/wp-content\/uploads\/2024\/04\/Memoria-2020-244x300.png",244,300,true],"medium_large":["https:\/\/www.cofb.org\/wp-content\/uploads\/2024\/04\/Memoria-2020.png",634,781,false],"large":["https:\/\/www.cofb.org\/wp-content\/uploads\/2024\/04\/Memoria-2020.png",634,781,false],"1536x1536":["https:\/\/www.cofb.org\/wp-content\/uploads\/2024\/04\/Memoria-2020.png",634,781,false],"2048x2048":["https:\/\/www.cofb.org\/wp-content\/uploads\/2024\/04\/Memoria-2020.png",634,781,false],"trp-custom-language-flag":["https:\/\/www.cofb.org\/wp-content\/uploads\/2024\/04\/Memoria-2020-10x12.png",10,12,true]},"uagb_author_info":{"display_name":"wpAdminCofbOrg","author_link":"https:\/\/www.cofb.org\/es\/author\/wpadmincofborg\/"},"uagb_comment_info":0,"uagb_excerpt":"El 2020 ha estat, sens dubte, un any marcat per la COVID-19, i el comprom\u00eds dels farmac\u00e8utics dels diferents \u00e0mbits d\u2019exercici de la professi\u00f3, ha estat clau per donar resposta a les necessitats sanit\u00e0ries i socials que s\u2019han produ\u00eft. Us convidem a fer un rep\u00e0s de tot el que hem [&hellip;]","_links":{"self":[{"href":"https:\/\/www.cofb.org\/es\/wp-json\/wp\/v2\/posts\/57138","targetHints":{"allow":["GET"]}}],"collection":[{"href":"https:\/\/www.cofb.org\/es\/wp-json\/wp\/v2\/posts"}],"about":[{"href":"https:\/\/www.cofb.org\/es\/wp-json\/wp\/v2\/types\/post"}],"author":[{"embeddable":true,"href":"https:\/\/www.cofb.org\/es\/wp-json\/wp\/v2\/users\/1"}],"replies":[{"embeddable":true,"href":"https:\/\/www.cofb.org\/es\/wp-json\/wp\/v2\/comments?post=57138"}],"version-history":[{"count":1,"href":"https:\/\/www.cofb.org\/es\/wp-json\/wp\/v2\/posts\/57138\/revisions"}],"predecessor-version":[{"id":78122,"href":"https:\/\/www.cofb.org\/es\/wp-json\/wp\/v2\/posts\/57138\/revisions\/78122"}],"wp:featuredmedia":[{"embeddable":true,"href":"https:\/\/www.cofb.org\/es\/wp-json\/wp\/v2\/media\/78121"}],"wp:attachment":[{"href":"https:\/\/www.cofb.org\/es\/wp-json\/wp\/v2\/media?parent=57138"}],"wp:term":[{"taxonomy":"category","embeddable":true,"href":"https:\/\/www.cofb.org\/es\/wp-json\/wp\/v2\/categories?post=57138"},{"taxonomy":"post_tag","embeddable":true,"href":"https:\/\/www.cofb.org\/es\/wp-json\/wp\/v2\/tags?post=57138"}],"curies":[{"name":"wp","href":"https:\/\/api.w.org\/{rel}","templated":true}]}}