{"id":57018,"date":"2021-10-08T11:33:36","date_gmt":"2021-10-08T09:33:36","guid":{"rendered":"https:\/\/blog.cofb.cat\/?p=57018"},"modified":"2024-04-05T10:51:56","modified_gmt":"2024-04-05T10:51:56","slug":"cofb-inaugura-xvii-edicio-mgof-nova-modalitat-hibrida-facilitant-formacio-larea-gestio-farmaceutics-daltres-comunitats-autonomes","status":"publish","type":"post","link":"https:\/\/www.cofb.org\/es\/2021\/10\/08\/cofb-inaugura-xvii-edicio-mgof-nova-modalitat-hibrida-facilitant-formacio-larea-gestio-farmaceutics-daltres-comunitats-autonomes\/","title":{"rendered":"El COFB inaugura la XVII edici\u00f3n del MGOF con la nueva modalidad h\u00edbrida, facilitando la formaci\u00f3n en el \u00e1rea de gesti\u00f3n a farmac\u00e9uticos\/as de otras Comunidades Aut\u00f3nomas"},"content":{"rendered":"<p>El pasado <strong>5 de octubre<\/strong> tuvo lugar <strong>la inauguraci\u00f3n<\/strong> de la <strong>XVII edici\u00f3n del M\u00e1ster de Gesti\u00f3n de la Oficina de Farmacia (MGOF)<\/strong>. Durante el acto, el presidente del COFB, <strong>Jordi Casas<\/strong>, resalt\u00f3 como la <strong>pandemia<\/strong> provocada por la <strong>COVID-19<\/strong> ha cambiado el<strong>ejercicio de la profesi\u00f3n<\/strong>: \u201cNuestro trabajo, como en <strong>farmac\u00e9uticos<\/strong>, va <strong>evolucionando<\/strong> constantemente. Lo hemos podido ver especialmente en el \u00faltimo a\u00f1o y medio, durante la pandemia, cuando <strong>la Farmacia ha demostrado estar preparada para dar respuesta a las necesidades de la sociedad desde una vertiente m\u00e1s asistencial\u201d<\/strong>.<\/p>\n<figure id=\"attachment_57065\" aria-describedby=\"caption-attachment-57065\" style=\"width: 620px\" class=\"wp-caption aligncenter\"><img fetchpriority=\"high\" decoding=\"async\" class=\"wp-image-57065 size-large\" title=\"Un momento de la inauguraci\u00f3n de la XVII edici\u00f3n del MGOF. De izquierda a derecha: Cristina Rodr\u00edguez, Aina Surroca, Jordi Casas, Juan Carlos Serra y M\u00f3nica Gallach.\" src=\"https:\/\/blog.cofb.cat\/wp-content\/uploads\/2021\/10\/Inauguraci\u00f3n-MGOF-Octubre-2021-1024x682.jpg\" alt=\"Un moment de la inauguraci\u00f3 de la XVII edici\u00f3 del MGOF. D'esquerra a dreta: Cristina Rodr\u00edguez, Aina Surroca, Jordi Casas, Juan Carlos Serra i M\u00f3nica Gallach.\" width=\"620\" height=\"413\" \/><figcaption id=\"caption-attachment-57065\" class=\"wp-caption-text\">Un momento de la inauguraci\u00f3n de la XVII edici\u00f3n del MGOF. De izquierda a derecha: Cristina Rodr\u00edguez, Aina Surroca, Jordi Casas, Juan Carlos Serra y M\u00f3nica Gallach.<\/figcaption><\/figure>\n<h1><span style=\"color: #008080;\"><strong>&quot;El desarrollo profesional no es posible si detr\u00e1s no hay una estructura organizativa o infraestructura en las farmacias que lo permita&quot;<\/strong><\/span><\/h1>\n<p>En este sentido, Casas remarc\u00f3 que &quot;algunos proyectos que hemos puesto en marcha en el \u00faltimo a\u00f1o ser\u00edan impensables hace diez a\u00f1os&quot;. De hecho, \u201cen febrero firmamos un convenio con el CatSalut de desarrollo del<strong>atenci\u00f3n farmac\u00e9utica comunitaria <\/strong>en el <strong>sistema p\u00fablico de salud<\/strong>. A partir de ah\u00ed, han venido muchos proyectos como el <strong>entrega de proximidad de los medicamentos hospitalarios de dispensaci\u00f3n ambulatoria (MHDA)<\/strong> o los <strong>cribados con test de ant\u00edgenos<\/strong>, que forman parte del<strong>estrategia de cribado <\/strong>con <strong>Salud P\u00fablica<\/strong>. Obviamente, todo este desarrollo profesional no es posible si detr\u00e1s no hay una <strong>estructura organizativa<\/strong> o <strong>infraestructura en las farmacias<\/strong> que lo permita\u201d.<\/p>\n<p>En definitiva, seg\u00fan expuso el presidente del COFB, \u201cel <strong>vertiente asistencial<\/strong> y la <strong>gesti\u00f3n<\/strong> deben estar compensadas y es necesario irse formado en cada una de ellas. El <strong>Programa de Formaci\u00f3n Continua<\/strong> del COFB intenta dar respuesta a ambas partes y el <strong>paradigma de la formaci\u00f3n en el \u00e1mbito m\u00e1s empresarial y de gesti\u00f3n es el M\u00e1ster de Gesti\u00f3n de la Oficina de Farmacia (MGOF)<\/strong>\u201d.<\/p>\n<p>Durante el<strong>acto de inauguraci\u00f3n <\/strong>tambi\u00e9n estuvieron presentes <strong>Aina Surroca<\/strong>, secretaria del COFB y responsable de la Comisi\u00f3n Delegada de Formaci\u00f3n Continua; <strong>Juan Carlos Serra<\/strong>, director del MGOF; y <strong>Cristina Rodr\u00edguez<\/strong> y <strong>M\u00f3nica Gallach<\/strong>, coordinadoras del M\u00e1ster y miembros del Departamento de Formaci\u00f3n y Desarrollo Profesional del COFB.<\/p>\n<div class=\"destacat-blog\">\n<h1><span style=\"color: #008080;\"><strong>Modalidad h\u00edbrida por primera vez<\/strong><\/span><\/h1>\n<p>Tal y como se anunci\u00f3 el pasado mes de junio, esta edici\u00f3n del <strong>M\u00e1ster de Gesti\u00f3n de la Oficina de Farmacia<\/strong> se impartir\u00e1 por <strong>primera vez<\/strong> con una <strong>modalidad h\u00edbrida<\/strong> -presencial y virtual-, para facilitar que farmac\u00e9uticos de otras Comunidades Aut\u00f3nomas puedan realizarlo y, de esta forma, recibir una formaci\u00f3n de \u00e9xito despu\u00e9s de 17 a\u00f1os alcanz\u00e1ndolo. En cualquier caso, <strong>tanto en el formato presencial<\/strong> como en el <strong>virtual<\/strong>, los participantes obtendr\u00e1n la <strong>misma formaci\u00f3n te\u00f3rica, participativa y din\u00e1mica<\/strong>.<\/p>\n<\/div>\n<h1><span style=\"color: #008080;\"><strong>Los 3 m\u00f3dulos del M\u00e1ster de Gesti\u00f3n de la Oficina de Farmacia<\/strong><\/span><\/h1>\n<p>El <strong>M\u00e1ster<\/strong> persigue que los alumnos desarrollen las <strong>competencias necesarias<\/strong> para mejorar la <strong>gesti\u00f3n de la oficina de farmacia<\/strong>. Para ello, consta de <strong>3 blogs -Finanzas y Fiscalidad, Gesti\u00f3n de Personas y Marketing-<\/strong>, que los alumnos tienen la opci\u00f3n de cursar por separado en funci\u00f3n de sus intereses y disponibilidad. Asimismo, se trabaja con <strong>ejemplos, ejercicios, casos<\/strong> y otros recursos para que la aplicaci\u00f3n de los <strong>conocimientos adquiridos<\/strong> sea inmediata. En cada edici\u00f3n, se fomenta la <strong>capacidad de reflexi\u00f3n<\/strong>, el <strong>trabajo cooperativo<\/strong> y la <strong>transmisi\u00f3n de conocimientos<\/strong>.<\/p>\n<figure id=\"attachment_57069\" aria-describedby=\"caption-attachment-57069\" style=\"width: 620px\" class=\"wp-caption aligncenter\"><a href=\"https:\/\/farmaceutics.cofb.net\/documents\/10186\/8137487\/Cataleg_digital+MGOF_2021-2022_interactiu_CAT_WEB.pdf\/46f871ba-79e2-4e16-b3fb-c2f78cceda0f\" target=\"_blank\" rel=\"noopener\"><img decoding=\"async\" class=\"wp-image-57069 size-large\" title=\"Puede consultar el programa del MGOF 2021-2022 haciendo clic en la imagen.\" src=\"https:\/\/blog.cofb.cat\/wp-content\/uploads\/2021\/10\/MGOF-2021-1024x747.png\" alt=\"Podeu consultar el programa del MGOF 2021-2022 fent clic a la imatge.\" width=\"620\" height=\"452\" \/><\/a><figcaption id=\"caption-attachment-57069\" class=\"wp-caption-text\">Puede consultar el programa del MGOF 2021-2022 haciendo clic en la imagen.<\/figcaption><\/figure>\n<p>Como en otras ediciones, el MGOF contar\u00e1 con <strong>conferencias<\/strong> y <strong>casos de \u00e9xito<\/strong> de antiguos estudiantes del M\u00e1ster, con el objetivo de aportar sus <strong>experiencias<\/strong> y <strong>impresiones<\/strong>. Adem\u00e1s, continuar\u00e1n en marcha los <strong>Foro MGOF<\/strong>, uno <strong>ciclo de conferencias<\/strong> de temas relacionados con la <strong>gesti\u00f3n de la farmacia<\/strong> y espacio de <strong>reflexi\u00f3n conjunta<\/strong>.<\/p>\n<h1><span style=\"color: #008080;\"><strong>\u00bfQu\u00e9 destacan los alumnos de la anterior edici\u00f3n?<\/strong><\/span><\/h1>\n<p>Participantes de anteriores ediciones destacan que el <strong>M\u00e1ster<\/strong> resulta <strong>muy \u00fatil<\/strong> para adquirir conocimientos que despu\u00e9s son totalmente <strong>aplicables<\/strong> en el<strong>oficina de farmacia <\/strong>y que permiten adaptarse al mundo actual. Por otra parte, tambi\u00e9n resaltan todos los <strong>conocimientos<\/strong> que se pueden adquirir a trav\u00e9s del<strong>experiencia de profesores <\/strong>y <strong>ponentes<\/strong> que imparten el <strong>MGOF<\/strong>.<\/p>\n<p><strong>Otras publicaciones de inter\u00e9s:<\/strong><\/p>\n<ul>\n<li><a href=\"https:\/\/blog.cofb.cat\/el-cof-de-barcelona-clausura-la-xvi-edicio-del-master-de-gestio-de-loficina-de-farmacia-i-anuncia-una-proxima-edicio-en-modalitat-hibrida\/\" target=\"_blank\" rel=\"noopener\">El COF de Barcelona clausura la XVI edici\u00f3n del M\u00e1ster de Gesti\u00f3n de la Oficina de Farmacia y anuncia una pr\u00f3xima edici\u00f3n en modalidad h\u00edbrida (Junio 2021)<\/a><\/li>\n<li><a href=\"https:\/\/blog.cofb.cat\/inauguracio-mgof-lequilibri-vessant-assistencial-gestio-clau-oficines-farmacia\/\" target=\"_blank\" rel=\"noopener\">Inauguraci\u00f3n del MGOF: \u201cEl equilibrio entre la vertiente asistencial y la de gesti\u00f3n es clave en las oficinas de farmacia\u201d (Noviembre 2020)<\/a><\/li>\n<\/ul>","protected":false},"excerpt":{"rendered":"<p>El pasado 5 de octubre tuvo lugar la inauguraci\u00f3n de la XVII edici\u00f3n del M\u00e1ster de Gesti\u00f3n de la Oficina de Farmacia (MGOF). Durante el acto, el presidente del COFB, Jordi Casas, resalt\u00f3 c\u00f3mo la pandemia provocada por la COVID-19 ha cambiado el ejercicio de la profesi\u00f3n: \u201cNuestro trabajo, como [\u2026]<\/p>","protected":false},"author":1,"featured_media":78127,"comment_status":"open","ping_status":"open","sticky":false,"template":"","format":"standard","meta":{"_uag_custom_page_level_css":"","site-sidebar-layout":"default","site-content-layout":"","ast-site-content-layout":"default","site-content-style":"default","site-sidebar-style":"default","ast-global-header-display":"","ast-banner-title-visibility":"","ast-main-header-display":"","ast-hfb-above-header-display":"","ast-hfb-below-header-display":"","ast-hfb-mobile-header-display":"","site-post-title":"","ast-breadcrumbs-content":"","ast-featured-img":"disabled","footer-sml-layout":"","theme-transparent-header-meta":"","adv-header-id-meta":"","stick-header-meta":"","header-above-stick-meta":"","header-main-stick-meta":"","header-below-stick-meta":"","astra-migrate-meta-layouts":"set","ast-page-background-enabled":"default","ast-page-background-meta":{"desktop":{"background-color":"var(--ast-global-color-4)","background-image":"","background-repeat":"repeat","background-position":"center center","background-size":"auto","background-attachment":"scroll","background-type":"","background-media":"","overlay-type":"","overlay-color":"","overlay-opacity":"","overlay-gradient":""},"tablet":{"background-color":"","background-image":"","background-repeat":"repeat","background-position":"center center","background-size":"auto","background-attachment":"scroll","background-type":"","background-media":"","overlay-type":"","overlay-color":"","overlay-opacity":"","overlay-gradient":""},"mobile":{"background-color":"","background-image":"","background-repeat":"repeat","background-position":"center center","background-size":"auto","background-attachment":"scroll","background-type":"","background-media":"","overlay-type":"","overlay-color":"","overlay-opacity":"","overlay-gradient":""}},"ast-content-background-meta":{"desktop":{"background-color":"var(--ast-global-color-5)","background-image":"","background-repeat":"repeat","background-position":"center center","background-size":"auto","background-attachment":"scroll","background-type":"","background-media":"","overlay-type":"","overlay-color":"","overlay-opacity":"","overlay-gradient":""},"tablet":{"background-color":"var(--ast-global-color-5)","background-image":"","background-repeat":"repeat","background-position":"center center","background-size":"auto","background-attachment":"scroll","background-type":"","background-media":"","overlay-type":"","overlay-color":"","overlay-opacity":"","overlay-gradient":""},"mobile":{"background-color":"var(--ast-global-color-5)","background-image":"","background-repeat":"repeat","background-position":"center center","background-size":"auto","background-attachment":"scroll","background-type":"","background-media":"","overlay-type":"","overlay-color":"","overlay-opacity":"","overlay-gradient":""}},"footnotes":""},"categories":[23,57],"tags":[4639,24,69,70,737,4392,2889,876,877,646,76,637,4640],"class_list":["post-57018","post","type-post","status-publish","format-standard","has-post-thumbnail","hentry","category-destacats","category-mon-collegial","tag-assitencial","tag-farmaceutics-comunitaris","tag-farmacia-comunitaria","tag-formacio","tag-gestio","tag-inauguracio-mgof","tag-master","tag-master-de-gestio-de-loficina-de-farmacia","tag-mgof","tag-modalitat-hibrida","tag-oficina-de-farmacia","tag-programa-de-formacio-continuada","tag-vessant-empresarial"],"yoast_head":"<!-- This site is optimized with the Yoast SEO plugin v22.4 - https:\/\/yoast.com\/wordpress\/plugins\/seo\/ -->\n<title>El COFB inaugura la XVII edici\u00f3 del MGOF amb la nova modalitat h\u00edbrida, facilitant la formaci\u00f3 en l&#039;\u00e0rea de gesti\u00f3 a farmac\u00e8utics\/es d&#039;altres Comunitats Aut\u00f2nomes - Col\u00b7legi de Farmac\u00e8utics de Barcelona<\/title>\n<meta name=\"description\" content=\"El passat 5 d&#039;octubre va tenir lloc la inauguraci\u00f3 de la XVII edici\u00f3 del M\u00e0ster de Gesti\u00f3 de l&#039;Oficina de Farm\u00e0cia (MGOF).\" \/>\n<meta name=\"robots\" content=\"index, follow, max-snippet:-1, max-image-preview:large, max-video-preview:-1\" \/>\n<link rel=\"canonical\" href=\"https:\/\/novaorg.cofb.net\/2021\/10\/08\/cofb-inaugura-xvii-edicio-mgof-nova-modalitat-hibrida-facilitant-formacio-larea-gestio-farmaceutics-daltres-comunitats-autonomes\/\" \/>\n<meta property=\"og:locale\" content=\"es_ES\" \/>\n<meta property=\"og:type\" content=\"article\" \/>\n<meta property=\"og:title\" content=\"El COFB inaugura la XVII edici\u00f3 del MGOF amb la nova modalitat h\u00edbrida, facilitant la formaci\u00f3 en l&#039;\u00e0rea de gesti\u00f3 a farmac\u00e8utics\/es d&#039;altres Comunitats Aut\u00f2nomes - Col\u00b7legi de Farmac\u00e8utics de Barcelona\" \/>\n<meta property=\"og:description\" content=\"El passat 5 d&#039;octubre va tenir lloc la inauguraci\u00f3 de la XVII edici\u00f3 del M\u00e0ster de Gesti\u00f3 de l&#039;Oficina de Farm\u00e0cia (MGOF).\" \/>\n<meta property=\"og:url\" content=\"https:\/\/novaorg.cofb.net\/2021\/10\/08\/cofb-inaugura-xvii-edicio-mgof-nova-modalitat-hibrida-facilitant-formacio-larea-gestio-farmaceutics-daltres-comunitats-autonomes\/\" \/>\n<meta property=\"og:site_name\" content=\"Col\u00b7legi de Farmac\u00e8utics de Barcelona\" \/>\n<meta property=\"article:publisher\" content=\"https:\/\/www.facebook.com\/farmaceuticsbcn\/\" \/>\n<meta property=\"article:published_time\" content=\"2021-10-08T09:33:36+00:00\" \/>\n<meta property=\"article:modified_time\" content=\"2024-04-05T10:51:56+00:00\" \/>\n<meta property=\"og:image\" content=\"https:\/\/novaorg.cofb.net\/wp-content\/uploads\/2024\/04\/Inauguracion-MGOF-Octubre-2021-1024x682-1.jpeg\" \/>\n\t<meta property=\"og:image:width\" content=\"1024\" \/>\n\t<meta property=\"og:image:height\" content=\"682\" \/>\n\t<meta property=\"og:image:type\" content=\"image\/jpeg\" \/>\n<meta name=\"author\" content=\"wpAdminCofbOrg\" \/>\n<meta name=\"twitter:card\" content=\"summary_large_image\" \/>\n<meta name=\"twitter:creator\" content=\"@farmaceuticsbcn\" \/>\n<meta name=\"twitter:site\" content=\"@farmaceuticsbcn\" \/>\n<meta name=\"twitter:label1\" content=\"Escrito por\" \/>\n\t<meta name=\"twitter:data1\" content=\"wpAdminCofbOrg\" \/>\n\t<meta name=\"twitter:label2\" content=\"Tiempo de lectura\" \/>\n\t<meta name=\"twitter:data2\" content=\"5 minutos\" \/>\n<script type=\"application\/ld+json\" class=\"yoast-schema-graph\">{\"@context\":\"https:\/\/schema.org\",\"@graph\":[{\"@type\":\"Article\",\"@id\":\"https:\/\/novaorg.cofb.net\/2021\/10\/08\/cofb-inaugura-xvii-edicio-mgof-nova-modalitat-hibrida-facilitant-formacio-larea-gestio-farmaceutics-daltres-comunitats-autonomes\/#article\",\"isPartOf\":{\"@id\":\"https:\/\/novaorg.cofb.net\/2021\/10\/08\/cofb-inaugura-xvii-edicio-mgof-nova-modalitat-hibrida-facilitant-formacio-larea-gestio-farmaceutics-daltres-comunitats-autonomes\/\"},\"author\":{\"name\":\"wpAdminCofbOrg\",\"@id\":\"https:\/\/www.cofb.org\/#\/schema\/person\/22ed7eea88da74b0fa4d3154ad87ffcb\"},\"headline\":\"El COFB inaugura la XVII edici\u00f3 del MGOF amb la nova modalitat h\u00edbrida, facilitant la formaci\u00f3 en l&#8217;\u00e0rea de gesti\u00f3 a farmac\u00e8utics\/es d&#8217;altres Comunitats Aut\u00f2nomes\",\"datePublished\":\"2021-10-08T09:33:36+00:00\",\"dateModified\":\"2024-04-05T10:51:56+00:00\",\"mainEntityOfPage\":{\"@id\":\"https:\/\/novaorg.cofb.net\/2021\/10\/08\/cofb-inaugura-xvii-edicio-mgof-nova-modalitat-hibrida-facilitant-formacio-larea-gestio-farmaceutics-daltres-comunitats-autonomes\/\"},\"wordCount\":839,\"commentCount\":0,\"publisher\":{\"@id\":\"https:\/\/www.cofb.org\/#organization\"},\"image\":{\"@id\":\"https:\/\/novaorg.cofb.net\/2021\/10\/08\/cofb-inaugura-xvii-edicio-mgof-nova-modalitat-hibrida-facilitant-formacio-larea-gestio-farmaceutics-daltres-comunitats-autonomes\/#primaryimage\"},\"thumbnailUrl\":\"https:\/\/www.cofb.org\/wp-content\/uploads\/2024\/04\/Inauguracion-MGOF-Octubre-2021-1024x682-1.jpeg\",\"keywords\":[\"assitencial\",\"farmac\u00e8utics comunitaris\",\"farm\u00e0cia comunit\u00e0ria\",\"Formaci\u00f3\",\"gesti\u00f3\",\"inauguraci\u00f3 MGOF\",\"m\u00e0ster\",\"master de gestio de l'oficina de farmacia\",\"MGOF\",\"modalitat h\u00edbrida\",\"Oficina de farm\u00e0cia\",\"programa de formaci\u00f3 continuada\",\"vessant empresarial\"],\"articleSection\":[\"Destacats\",\"M\u00f3n col\u00b7legial\"],\"inLanguage\":\"es\",\"potentialAction\":[{\"@type\":\"CommentAction\",\"name\":\"Comment\",\"target\":[\"https:\/\/novaorg.cofb.net\/2021\/10\/08\/cofb-inaugura-xvii-edicio-mgof-nova-modalitat-hibrida-facilitant-formacio-larea-gestio-farmaceutics-daltres-comunitats-autonomes\/#respond\"]}]},{\"@type\":\"WebPage\",\"@id\":\"https:\/\/novaorg.cofb.net\/2021\/10\/08\/cofb-inaugura-xvii-edicio-mgof-nova-modalitat-hibrida-facilitant-formacio-larea-gestio-farmaceutics-daltres-comunitats-autonomes\/\",\"url\":\"https:\/\/novaorg.cofb.net\/2021\/10\/08\/cofb-inaugura-xvii-edicio-mgof-nova-modalitat-hibrida-facilitant-formacio-larea-gestio-farmaceutics-daltres-comunitats-autonomes\/\",\"name\":\"El COFB inaugura la XVII edici\u00f3 del MGOF amb la nova modalitat h\u00edbrida, facilitant la formaci\u00f3 en l'\u00e0rea de gesti\u00f3 a farmac\u00e8utics\/es d'altres Comunitats Aut\u00f2nomes - Col\u00b7legi de Farmac\u00e8utics de Barcelona\",\"isPartOf\":{\"@id\":\"https:\/\/www.cofb.org\/#website\"},\"primaryImageOfPage\":{\"@id\":\"https:\/\/novaorg.cofb.net\/2021\/10\/08\/cofb-inaugura-xvii-edicio-mgof-nova-modalitat-hibrida-facilitant-formacio-larea-gestio-farmaceutics-daltres-comunitats-autonomes\/#primaryimage\"},\"image\":{\"@id\":\"https:\/\/novaorg.cofb.net\/2021\/10\/08\/cofb-inaugura-xvii-edicio-mgof-nova-modalitat-hibrida-facilitant-formacio-larea-gestio-farmaceutics-daltres-comunitats-autonomes\/#primaryimage\"},\"thumbnailUrl\":\"https:\/\/www.cofb.org\/wp-content\/uploads\/2024\/04\/Inauguracion-MGOF-Octubre-2021-1024x682-1.jpeg\",\"datePublished\":\"2021-10-08T09:33:36+00:00\",\"dateModified\":\"2024-04-05T10:51:56+00:00\",\"description\":\"El passat 5 d'octubre va tenir lloc la inauguraci\u00f3 de la XVII edici\u00f3 del M\u00e0ster de Gesti\u00f3 de l'Oficina de Farm\u00e0cia (MGOF).\",\"breadcrumb\":{\"@id\":\"https:\/\/novaorg.cofb.net\/2021\/10\/08\/cofb-inaugura-xvii-edicio-mgof-nova-modalitat-hibrida-facilitant-formacio-larea-gestio-farmaceutics-daltres-comunitats-autonomes\/#breadcrumb\"},\"inLanguage\":\"es\",\"potentialAction\":[{\"@type\":\"ReadAction\",\"target\":[\"https:\/\/novaorg.cofb.net\/2021\/10\/08\/cofb-inaugura-xvii-edicio-mgof-nova-modalitat-hibrida-facilitant-formacio-larea-gestio-farmaceutics-daltres-comunitats-autonomes\/\"]}]},{\"@type\":\"ImageObject\",\"inLanguage\":\"es\",\"@id\":\"https:\/\/novaorg.cofb.net\/2021\/10\/08\/cofb-inaugura-xvii-edicio-mgof-nova-modalitat-hibrida-facilitant-formacio-larea-gestio-farmaceutics-daltres-comunitats-autonomes\/#primaryimage\",\"url\":\"https:\/\/www.cofb.org\/wp-content\/uploads\/2024\/04\/Inauguracion-MGOF-Octubre-2021-1024x682-1.jpeg\",\"contentUrl\":\"https:\/\/www.cofb.org\/wp-content\/uploads\/2024\/04\/Inauguracion-MGOF-Octubre-2021-1024x682-1.jpeg\",\"width\":1024,\"height\":682},{\"@type\":\"BreadcrumbList\",\"@id\":\"https:\/\/novaorg.cofb.net\/2021\/10\/08\/cofb-inaugura-xvii-edicio-mgof-nova-modalitat-hibrida-facilitant-formacio-larea-gestio-farmaceutics-daltres-comunitats-autonomes\/#breadcrumb\",\"itemListElement\":[{\"@type\":\"ListItem\",\"position\":1,\"name\":\"Inici\",\"item\":\"https:\/\/novaorg.cofb.net\/\"},{\"@type\":\"ListItem\",\"position\":2,\"name\":\"El COFB inaugura la XVII edici\u00f3 del MGOF amb la nova modalitat h\u00edbrida, facilitant la formaci\u00f3 en l&#8217;\u00e0rea de gesti\u00f3 a farmac\u00e8utics\/es d&#8217;altres Comunitats Aut\u00f2nomes\"}]},{\"@type\":\"WebSite\",\"@id\":\"https:\/\/www.cofb.org\/#website\",\"url\":\"https:\/\/www.cofb.org\/\",\"name\":\"Col\u00b7legi de Farmac\u00e8utics de Barcelona\",\"description\":\"\",\"publisher\":{\"@id\":\"https:\/\/www.cofb.org\/#organization\"},\"potentialAction\":[{\"@type\":\"SearchAction\",\"target\":{\"@type\":\"EntryPoint\",\"urlTemplate\":\"https:\/\/www.cofb.org\/?s={search_term_string}\"},\"query-input\":\"required name=search_term_string\"}],\"inLanguage\":\"es\"},{\"@type\":\"Organization\",\"@id\":\"https:\/\/www.cofb.org\/#organization\",\"name\":\"Col\u00b7legi de Farmac\u00e8utics de Barcelona\",\"url\":\"https:\/\/www.cofb.org\/\",\"logo\":{\"@type\":\"ImageObject\",\"inLanguage\":\"es\",\"@id\":\"https:\/\/www.cofb.org\/#\/schema\/logo\/image\/\",\"url\":\"https:\/\/www.cofb.org\/wp-content\/uploads\/2023\/11\/cropped-Logotip-COFB.png\",\"contentUrl\":\"https:\/\/www.cofb.org\/wp-content\/uploads\/2023\/11\/cropped-Logotip-COFB.png\",\"width\":500,\"height\":105,\"caption\":\"Col\u00b7legi de Farmac\u00e8utics de Barcelona\"},\"image\":{\"@id\":\"https:\/\/www.cofb.org\/#\/schema\/logo\/image\/\"},\"sameAs\":[\"https:\/\/www.facebook.com\/farmaceuticsbcn\/\",\"https:\/\/twitter.com\/farmaceuticsbcn\",\"https:\/\/www.instagram.com\/farmaceuticsbcn\/\",\"https:\/\/www.linkedin.com\/company\/farmaceuticsbcn\/\"]},{\"@type\":\"Person\",\"@id\":\"https:\/\/www.cofb.org\/#\/schema\/person\/22ed7eea88da74b0fa4d3154ad87ffcb\",\"name\":\"wpAdminCofbOrg\",\"image\":{\"@type\":\"ImageObject\",\"inLanguage\":\"es\",\"@id\":\"https:\/\/www.cofb.org\/#\/schema\/person\/image\/\",\"url\":\"https:\/\/secure.gravatar.com\/avatar\/1721b20b3b8ca882c3b56ec6c978c594fff670e40c0718e9190eaeeb76aae7d8?s=96&d=mm&r=g\",\"contentUrl\":\"https:\/\/secure.gravatar.com\/avatar\/1721b20b3b8ca882c3b56ec6c978c594fff670e40c0718e9190eaeeb76aae7d8?s=96&d=mm&r=g\",\"caption\":\"wpAdminCofbOrg\"},\"sameAs\":[\"http:\/\/192.168.64.122\/wordpress\"],\"url\":\"https:\/\/www.cofb.org\/es\/author\/wpadmincofborg\/\"}]}<\/script>\n<!-- \/ Yoast SEO plugin. -->","yoast_head_json":{"title":"El COFB inaugura la XVII edici\u00f3 del MGOF amb la nova modalitat h\u00edbrida, facilitant la formaci\u00f3 en l'\u00e0rea de gesti\u00f3 a farmac\u00e8utics\/es d'altres Comunitats Aut\u00f2nomes - Col\u00b7legi de Farmac\u00e8utics de Barcelona","description":"El passat 5 d'octubre va tenir lloc la inauguraci\u00f3 de la XVII edici\u00f3 del M\u00e0ster de Gesti\u00f3 de l'Oficina de Farm\u00e0cia (MGOF).","robots":{"index":"index","follow":"follow","max-snippet":"max-snippet:-1","max-image-preview":"max-image-preview:large","max-video-preview":"max-video-preview:-1"},"canonical":"https:\/\/novaorg.cofb.net\/2021\/10\/08\/cofb-inaugura-xvii-edicio-mgof-nova-modalitat-hibrida-facilitant-formacio-larea-gestio-farmaceutics-daltres-comunitats-autonomes\/","og_locale":"es_ES","og_type":"article","og_title":"El COFB inaugura la XVII edici\u00f3 del MGOF amb la nova modalitat h\u00edbrida, facilitant la formaci\u00f3 en l'\u00e0rea de gesti\u00f3 a farmac\u00e8utics\/es d'altres Comunitats Aut\u00f2nomes - Col\u00b7legi de Farmac\u00e8utics de Barcelona","og_description":"El passat 5 d'octubre va tenir lloc la inauguraci\u00f3 de la XVII edici\u00f3 del M\u00e0ster de Gesti\u00f3 de l'Oficina de Farm\u00e0cia (MGOF).","og_url":"https:\/\/novaorg.cofb.net\/2021\/10\/08\/cofb-inaugura-xvii-edicio-mgof-nova-modalitat-hibrida-facilitant-formacio-larea-gestio-farmaceutics-daltres-comunitats-autonomes\/","og_site_name":"Col\u00b7legi de Farmac\u00e8utics de Barcelona","article_publisher":"https:\/\/www.facebook.com\/farmaceuticsbcn\/","article_published_time":"2021-10-08T09:33:36+00:00","article_modified_time":"2024-04-05T10:51:56+00:00","og_image":[{"width":1024,"height":682,"url":"https:\/\/novaorg.cofb.net\/wp-content\/uploads\/2024\/04\/Inauguracion-MGOF-Octubre-2021-1024x682-1.jpeg","type":"image\/jpeg"}],"author":"wpAdminCofbOrg","twitter_card":"summary_large_image","twitter_creator":"@farmaceuticsbcn","twitter_site":"@farmaceuticsbcn","twitter_misc":{"Escrito por":"wpAdminCofbOrg","Tiempo de lectura":"5 minutos"},"schema":{"@context":"https:\/\/schema.org","@graph":[{"@type":"Article","@id":"https:\/\/novaorg.cofb.net\/2021\/10\/08\/cofb-inaugura-xvii-edicio-mgof-nova-modalitat-hibrida-facilitant-formacio-larea-gestio-farmaceutics-daltres-comunitats-autonomes\/#article","isPartOf":{"@id":"https:\/\/novaorg.cofb.net\/2021\/10\/08\/cofb-inaugura-xvii-edicio-mgof-nova-modalitat-hibrida-facilitant-formacio-larea-gestio-farmaceutics-daltres-comunitats-autonomes\/"},"author":{"name":"wpAdminCofbOrg","@id":"https:\/\/www.cofb.org\/#\/schema\/person\/22ed7eea88da74b0fa4d3154ad87ffcb"},"headline":"El COFB inaugura la XVII edici\u00f3 del MGOF amb la nova modalitat h\u00edbrida, facilitant la formaci\u00f3 en l&#8217;\u00e0rea de gesti\u00f3 a farmac\u00e8utics\/es d&#8217;altres Comunitats Aut\u00f2nomes","datePublished":"2021-10-08T09:33:36+00:00","dateModified":"2024-04-05T10:51:56+00:00","mainEntityOfPage":{"@id":"https:\/\/novaorg.cofb.net\/2021\/10\/08\/cofb-inaugura-xvii-edicio-mgof-nova-modalitat-hibrida-facilitant-formacio-larea-gestio-farmaceutics-daltres-comunitats-autonomes\/"},"wordCount":839,"commentCount":0,"publisher":{"@id":"https:\/\/www.cofb.org\/#organization"},"image":{"@id":"https:\/\/novaorg.cofb.net\/2021\/10\/08\/cofb-inaugura-xvii-edicio-mgof-nova-modalitat-hibrida-facilitant-formacio-larea-gestio-farmaceutics-daltres-comunitats-autonomes\/#primaryimage"},"thumbnailUrl":"https:\/\/www.cofb.org\/wp-content\/uploads\/2024\/04\/Inauguracion-MGOF-Octubre-2021-1024x682-1.jpeg","keywords":["assitencial","farmac\u00e8utics comunitaris","farm\u00e0cia comunit\u00e0ria","Formaci\u00f3","gesti\u00f3","inauguraci\u00f3 MGOF","m\u00e0ster","master de gestio de l'oficina de farmacia","MGOF","modalitat h\u00edbrida","Oficina de farm\u00e0cia","programa de formaci\u00f3 continuada","vessant empresarial"],"articleSection":["Destacats","M\u00f3n col\u00b7legial"],"inLanguage":"es","potentialAction":[{"@type":"CommentAction","name":"Comment","target":["https:\/\/novaorg.cofb.net\/2021\/10\/08\/cofb-inaugura-xvii-edicio-mgof-nova-modalitat-hibrida-facilitant-formacio-larea-gestio-farmaceutics-daltres-comunitats-autonomes\/#respond"]}]},{"@type":"WebPage","@id":"https:\/\/novaorg.cofb.net\/2021\/10\/08\/cofb-inaugura-xvii-edicio-mgof-nova-modalitat-hibrida-facilitant-formacio-larea-gestio-farmaceutics-daltres-comunitats-autonomes\/","url":"https:\/\/novaorg.cofb.net\/2021\/10\/08\/cofb-inaugura-xvii-edicio-mgof-nova-modalitat-hibrida-facilitant-formacio-larea-gestio-farmaceutics-daltres-comunitats-autonomes\/","name":"El COFB inaugura la XVII edici\u00f3 del MGOF amb la nova modalitat h\u00edbrida, facilitant la formaci\u00f3 en l'\u00e0rea de gesti\u00f3 a farmac\u00e8utics\/es d'altres Comunitats Aut\u00f2nomes - Col\u00b7legi de Farmac\u00e8utics de Barcelona","isPartOf":{"@id":"https:\/\/www.cofb.org\/#website"},"primaryImageOfPage":{"@id":"https:\/\/novaorg.cofb.net\/2021\/10\/08\/cofb-inaugura-xvii-edicio-mgof-nova-modalitat-hibrida-facilitant-formacio-larea-gestio-farmaceutics-daltres-comunitats-autonomes\/#primaryimage"},"image":{"@id":"https:\/\/novaorg.cofb.net\/2021\/10\/08\/cofb-inaugura-xvii-edicio-mgof-nova-modalitat-hibrida-facilitant-formacio-larea-gestio-farmaceutics-daltres-comunitats-autonomes\/#primaryimage"},"thumbnailUrl":"https:\/\/www.cofb.org\/wp-content\/uploads\/2024\/04\/Inauguracion-MGOF-Octubre-2021-1024x682-1.jpeg","datePublished":"2021-10-08T09:33:36+00:00","dateModified":"2024-04-05T10:51:56+00:00","description":"El passat 5 d'octubre va tenir lloc la inauguraci\u00f3 de la XVII edici\u00f3 del M\u00e0ster de Gesti\u00f3 de l'Oficina de Farm\u00e0cia (MGOF).","breadcrumb":{"@id":"https:\/\/novaorg.cofb.net\/2021\/10\/08\/cofb-inaugura-xvii-edicio-mgof-nova-modalitat-hibrida-facilitant-formacio-larea-gestio-farmaceutics-daltres-comunitats-autonomes\/#breadcrumb"},"inLanguage":"es","potentialAction":[{"@type":"ReadAction","target":["https:\/\/novaorg.cofb.net\/2021\/10\/08\/cofb-inaugura-xvii-edicio-mgof-nova-modalitat-hibrida-facilitant-formacio-larea-gestio-farmaceutics-daltres-comunitats-autonomes\/"]}]},{"@type":"ImageObject","inLanguage":"es","@id":"https:\/\/novaorg.cofb.net\/2021\/10\/08\/cofb-inaugura-xvii-edicio-mgof-nova-modalitat-hibrida-facilitant-formacio-larea-gestio-farmaceutics-daltres-comunitats-autonomes\/#primaryimage","url":"https:\/\/www.cofb.org\/wp-content\/uploads\/2024\/04\/Inauguracion-MGOF-Octubre-2021-1024x682-1.jpeg","contentUrl":"https:\/\/www.cofb.org\/wp-content\/uploads\/2024\/04\/Inauguracion-MGOF-Octubre-2021-1024x682-1.jpeg","width":1024,"height":682},{"@type":"BreadcrumbList","@id":"https:\/\/novaorg.cofb.net\/2021\/10\/08\/cofb-inaugura-xvii-edicio-mgof-nova-modalitat-hibrida-facilitant-formacio-larea-gestio-farmaceutics-daltres-comunitats-autonomes\/#breadcrumb","itemListElement":[{"@type":"ListItem","position":1,"name":"Inici","item":"https:\/\/novaorg.cofb.net\/"},{"@type":"ListItem","position":2,"name":"El COFB inaugura la XVII edici\u00f3 del MGOF amb la nova modalitat h\u00edbrida, facilitant la formaci\u00f3 en l&#8217;\u00e0rea de gesti\u00f3 a farmac\u00e8utics\/es d&#8217;altres Comunitats Aut\u00f2nomes"}]},{"@type":"WebSite","@id":"https:\/\/www.cofb.org\/#website","url":"https:\/\/www.cofb.org\/","name":"Col\u00b7legi de Farmac\u00e8utics de Barcelona","description":"","publisher":{"@id":"https:\/\/www.cofb.org\/#organization"},"potentialAction":[{"@type":"SearchAction","target":{"@type":"EntryPoint","urlTemplate":"https:\/\/www.cofb.org\/?s={search_term_string}"},"query-input":"required name=search_term_string"}],"inLanguage":"es"},{"@type":"Organization","@id":"https:\/\/www.cofb.org\/#organization","name":"Col\u00b7legi de Farmac\u00e8utics de Barcelona","url":"https:\/\/www.cofb.org\/","logo":{"@type":"ImageObject","inLanguage":"es","@id":"https:\/\/www.cofb.org\/#\/schema\/logo\/image\/","url":"https:\/\/www.cofb.org\/wp-content\/uploads\/2023\/11\/cropped-Logotip-COFB.png","contentUrl":"https:\/\/www.cofb.org\/wp-content\/uploads\/2023\/11\/cropped-Logotip-COFB.png","width":500,"height":105,"caption":"Col\u00b7legi de Farmac\u00e8utics de Barcelona"},"image":{"@id":"https:\/\/www.cofb.org\/#\/schema\/logo\/image\/"},"sameAs":["https:\/\/www.facebook.com\/farmaceuticsbcn\/","https:\/\/twitter.com\/farmaceuticsbcn","https:\/\/www.instagram.com\/farmaceuticsbcn\/","https:\/\/www.linkedin.com\/company\/farmaceuticsbcn\/"]},{"@type":"Person","@id":"https:\/\/www.cofb.org\/#\/schema\/person\/22ed7eea88da74b0fa4d3154ad87ffcb","name":"wpAdminCofbOrg","image":{"@type":"ImageObject","inLanguage":"es","@id":"https:\/\/www.cofb.org\/#\/schema\/person\/image\/","url":"https:\/\/secure.gravatar.com\/avatar\/1721b20b3b8ca882c3b56ec6c978c594fff670e40c0718e9190eaeeb76aae7d8?s=96&d=mm&r=g","contentUrl":"https:\/\/secure.gravatar.com\/avatar\/1721b20b3b8ca882c3b56ec6c978c594fff670e40c0718e9190eaeeb76aae7d8?s=96&d=mm&r=g","caption":"wpAdminCofbOrg"},"sameAs":["http:\/\/192.168.64.122\/wordpress"],"url":"https:\/\/www.cofb.org\/es\/author\/wpadmincofborg\/"}]}},"uagb_featured_image_src":{"full":["https:\/\/www.cofb.org\/wp-content\/uploads\/2024\/04\/Inauguracion-MGOF-Octubre-2021-1024x682-1.jpeg",1024,682,false],"thumbnail":["https:\/\/www.cofb.org\/wp-content\/uploads\/2024\/04\/Inauguracion-MGOF-Octubre-2021-1024x682-1-150x150.jpeg",150,150,true],"medium":["https:\/\/www.cofb.org\/wp-content\/uploads\/2024\/04\/Inauguracion-MGOF-Octubre-2021-1024x682-1-300x200.jpeg",300,200,true],"medium_large":["https:\/\/www.cofb.org\/wp-content\/uploads\/2024\/04\/Inauguracion-MGOF-Octubre-2021-1024x682-1-768x512.jpeg",768,512,true],"large":["https:\/\/www.cofb.org\/wp-content\/uploads\/2024\/04\/Inauguracion-MGOF-Octubre-2021-1024x682-1.jpeg",1024,682,false],"1536x1536":["https:\/\/www.cofb.org\/wp-content\/uploads\/2024\/04\/Inauguracion-MGOF-Octubre-2021-1024x682-1.jpeg",1024,682,false],"2048x2048":["https:\/\/www.cofb.org\/wp-content\/uploads\/2024\/04\/Inauguracion-MGOF-Octubre-2021-1024x682-1.jpeg",1024,682,false],"trp-custom-language-flag":["https:\/\/www.cofb.org\/wp-content\/uploads\/2024\/04\/Inauguracion-MGOF-Octubre-2021-1024x682-1-18x12.jpeg",18,12,true]},"uagb_author_info":{"display_name":"wpAdminCofbOrg","author_link":"https:\/\/www.cofb.org\/es\/author\/wpadmincofborg\/"},"uagb_comment_info":0,"uagb_excerpt":"El passat 5 d&#8217;octubre va tenir lloc la inauguraci\u00f3 de la XVII edici\u00f3 del M\u00e0ster de Gesti\u00f3 de l&#8217;Oficina de Farm\u00e0cia (MGOF). Durant l&#8217;acte, el president del COFB, Jordi Casas, va ressaltar com la pand\u00e8mia provocada per la COVID-19 ha canviat l&#8217;exercici de la professi\u00f3: \u201cLa nostra feina, com a [&hellip;]","_links":{"self":[{"href":"https:\/\/www.cofb.org\/es\/wp-json\/wp\/v2\/posts\/57018","targetHints":{"allow":["GET"]}}],"collection":[{"href":"https:\/\/www.cofb.org\/es\/wp-json\/wp\/v2\/posts"}],"about":[{"href":"https:\/\/www.cofb.org\/es\/wp-json\/wp\/v2\/types\/post"}],"author":[{"embeddable":true,"href":"https:\/\/www.cofb.org\/es\/wp-json\/wp\/v2\/users\/1"}],"replies":[{"embeddable":true,"href":"https:\/\/www.cofb.org\/es\/wp-json\/wp\/v2\/comments?post=57018"}],"version-history":[{"count":1,"href":"https:\/\/www.cofb.org\/es\/wp-json\/wp\/v2\/posts\/57018\/revisions"}],"predecessor-version":[{"id":78128,"href":"https:\/\/www.cofb.org\/es\/wp-json\/wp\/v2\/posts\/57018\/revisions\/78128"}],"wp:featuredmedia":[{"embeddable":true,"href":"https:\/\/www.cofb.org\/es\/wp-json\/wp\/v2\/media\/78127"}],"wp:attachment":[{"href":"https:\/\/www.cofb.org\/es\/wp-json\/wp\/v2\/media?parent=57018"}],"wp:term":[{"taxonomy":"category","embeddable":true,"href":"https:\/\/www.cofb.org\/es\/wp-json\/wp\/v2\/categories?post=57018"},{"taxonomy":"post_tag","embeddable":true,"href":"https:\/\/www.cofb.org\/es\/wp-json\/wp\/v2\/tags?post=57018"}],"curies":[{"name":"wp","href":"https:\/\/api.w.org\/{rel}","templated":true}]}}