{"id":56990,"date":"2021-10-06T17:01:55","date_gmt":"2021-10-06T15:01:55","guid":{"rendered":"https:\/\/blog.cofb.cat\/?p=56990"},"modified":"2024-04-05T10:52:15","modified_gmt":"2024-04-05T10:52:15","slug":"conseller-salut-josep-maria-argimon-inaugura-programa-formacio-continuada-2021-2022-cofb","status":"publish","type":"post","link":"https:\/\/www.cofb.org\/es\/2021\/10\/06\/conseller-salut-josep-maria-argimon-inaugura-programa-formacio-continuada-2021-2022-cofb\/","title":{"rendered":"El consejero de Salud, Josep Maria Argimon, inaugura el Programa de Formaci\u00f3n Continuada 2021-2022 del COFB"},"content":{"rendered":"<p>El <strong>consejero<\/strong> de Salud de la Generalidad de Catalu\u00f1a, <strong>Josep Maria Argimon<\/strong>, inaugur\u00f3 ayer, en la sede del <strong>Col\u00b7legi de Farmac\u00e8utics de Barcelona (COFB)<\/strong>, el <a href=\"https:\/\/farmaceutics.cofb.net\/group\/guest\/cataleg\" target=\"_blank\" rel=\"noopener\"><strong>Programa de Formaci\u00f3n Continuada 2021-2022 (<em>exclusivo colegiados<\/em>)<\/strong><\/a> \u00a0de la instituci\u00f3n. Lo hizo en el marco de la <strong>conferencia<\/strong> titulada <strong>\u201cFuturo del Sistema Sanitario Catal\u00e1n: \u00bfd\u00f3nde estamos los farmac\u00e9uticos?\u201d, <\/strong>donde traslad\u00f3, entre otros aspectos, su agradecimiento a los farmac\u00e9uticos: \u201cLas <strong>farmacias comunitarias <\/strong>ha sido <strong>abiertas en todo momento<\/strong> y esto es de agradecer porque <strong>en el momento en que alguien tiene un problema de salud<\/strong>, muchas veces, <strong>el sitio que tiene m\u00e1s cerca es la oficina de farmacia\u201d.<\/strong><\/p>\n<figure id=\"attachment_57005\" aria-describedby=\"caption-attachment-57005\" style=\"width: 620px\" class=\"wp-caption aligncenter\"><img fetchpriority=\"high\" decoding=\"async\" class=\"wp-image-57005 size-large\" title=\"De izquierda a derecha: Jordi Casas, presidente del COFB; Josep Maria Argimon, consejero de Salud de la Generalitat y Aina Surroca, secretaria y responsable de la Comisi\u00f3n Delegada de Formaci\u00f3n Continuada del COFB. \" src=\"https:\/\/blog.cofb.cat\/wp-content\/uploads\/2021\/10\/cofb.211005-60-1024x683.jpg\" alt=\"D'esquerra a dreta: Jordi Casas, president del COFB; Josep Maria Argimon, conseller de Salut de la Generalitat i Aina Surroca, secret\u00e0ria i responsable de la Comissi\u00f3 Delegada de Formaci\u00f3 Continuada del COFB. \" width=\"620\" height=\"414\" \/><figcaption id=\"caption-attachment-57005\" class=\"wp-caption-text\">De izquierda a derecha: Jordi Casas, presidente del COFB; Josep Maria Argimon, consejero de Salud de la Generalitat y Aina Surroca, secretaria y responsable de la Comisi\u00f3n Delegada de Formaci\u00f3n Continuada del COFB.<\/figcaption><\/figure>\n<p>Por otra parte, refiri\u00e9ndose al <strong>cribado de actividades de ocio<\/strong> que se puso en marcha de julio a septiembre desde <strong>m\u00e1s de 1.300 farmacias comunitarias de Catalu\u00f1a, <\/strong>afirm\u00f3: &quot;En el momento en que pedimos toda la colaboraci\u00f3n de los farmac\u00e9uticos, la encontramos&quot;. El Consejero tambi\u00e9n expuso que proyectos como el <strong>entrega<\/strong> de la <strong>medicaci\u00f3n hospitalaria de dispensaci\u00f3n ambulatoria (MHDA)<\/strong> desde las <strong>farmacias comunitarias<\/strong> o los diversos cribados que se han llevado a cabo \u201cson <strong>un paso m\u00e1s<\/strong> en la <strong>incorporaci\u00f3n de la oficina de farmacia<\/strong> en toda la<strong>atenci\u00f3n sanitaria<\/strong>\u201d. En este sentido, y con la mirada puesta en el futuro el Consejero de Salud afirm\u00f3 que \u201c<strong>el convenio firmado con el CatSalut<\/strong> permite proyectar un <strong>papel a\u00fan m\u00e1s activo<\/strong> de las <strong>oficinas de farmacia<\/strong> <strong>en el sistema sanitario\u201d.<\/strong><\/p>\n<h1><span style=\"color: #008080;\"><strong>&quot;La capilaridad de la red de farmacias ha sido una herramienta de gran utilidad durante la pandemia&quot;<\/strong><\/span><\/h1>\n<p>A su vez, <strong>Jordi Casas<\/strong>, presidente del COFB, explic\u00f3 que la pandemia ha puesto de manifiesto que es necesario <strong>sistema sanitario<\/strong> cuente con todos los profesionales que tiene a su alcance. \u201cLa<strong> red de farmacias <\/strong>no puede trabajar de forma<strong> aislada del sistema<\/strong>. De la misma forma, el sistema de salud no se entender\u00eda sin hacer uso de todos los recursos que tiene y de todos los profesionales\u201d, afirm\u00f3. Y, destacando el papel de los farmac\u00e9uticos durante la pandemia, a\u00f1adi\u00f3: \u201cLa <strong>capilaridad<\/strong> de la <strong>red de farmacias<\/strong> ha sido una herramienta de <strong>gran utilidad<\/strong> durante la pandemia y, concretamente, la labor de los farmac\u00e9uticos ha sido clave para atender <strong>pacientes cr\u00f3nicos<\/strong>, contribuir a <strong>descongestionar los Centros de Atenci\u00f3n Primaria<\/strong> y ser parte de la soluci\u00f3n para <strong>cortar cadenas de contagio<\/strong>\u201d.<\/p>\n<figure id=\"attachment_57002\" aria-describedby=\"caption-attachment-57002\" style=\"width: 620px\" class=\"wp-caption aligncenter\"><img decoding=\"async\" class=\"wp-image-57002 size-large\" title=\"El consejero de Salud, Josep Maria Argimon, durante un momento de su intervenci\u00f3n. \" src=\"https:\/\/blog.cofb.cat\/wp-content\/uploads\/2021\/10\/J.M.-Argimon-conseller-de-Salut-1024x683.jpg\" alt=\"El conseller de Salut, Josep Maria Argimon, durant un moment de la seva intervenci\u00f3. \" width=\"620\" height=\"414\" \/><figcaption id=\"caption-attachment-57002\" class=\"wp-caption-text\">El consejero de Salud, Josep Maria Argimon, durante un momento de su intervenci\u00f3n.<\/figcaption><\/figure>\n<h1><span style=\"color: #008080;\"><strong>M\u00e1s de 150 actividades programadas, apostando decididamente por la metodolog\u00eda h\u00edbrida<\/strong><\/span><\/h1>\n<p>La secretaria y responsable de la Comisi\u00f3n Delegada de Formaci\u00f3n Continuada del COFB, <strong>Aina Surroca,<\/strong> present\u00f3 el <strong>Programa de Formaci\u00f3n Continua 21\/22<\/strong>, recogiendo algunos de los aspectos m\u00e1s destacados y las principales novedades. \u201cPor nosotros, <strong>fomentar la parte de formaci\u00f3n continuada<\/strong> es tambi\u00e9n <strong>asegurar que nuestros colegiados<\/strong> tienen una <strong>adquisici\u00f3n continua de conocimientos<\/strong> en todos los \u00e1mbitos de ejercicio\u201d, afirm\u00f3 Surroca. Asimismo, destac\u00f3 que en las <strong>m\u00e1s de 150 actividades<\/strong> previstas, encontraremos <strong>4 modalidades: 100% presenciales, 100% en <em>streaming<\/em>, modelo h\u00edbrido (presencial \/ <em>streaming<\/em>) y 100% online a trav\u00e9s de \u00c1gora Sanitaria.\u00a0<\/strong>Como en anteriores ocasiones, muchas de estas actividades se llevan a cabo con la <strong>colaboraci\u00f3n<\/strong> y el apoyo de la <strong>industria farmac\u00e9utica<\/strong> que, como un actor m\u00e1s del sector salud, apuesta por la <strong>formaci\u00f3n de los farmac\u00e9uticos<\/strong> de los distintos \u00e1mbitos.<\/p>\n<div class=\"destacat-blog\">\n<h1><strong><span style=\"color: #008080;\">Actividades formativas m\u00e1s destacadas del curso acad\u00e9mico 2021-2022<\/span><\/strong><\/h1>\n<p>M\u00e1s all\u00e1 de las formaciones relacionadas con servicios profesionales o los M\u00e1sters de Gesti\u00f3n de la Oficina de Farmacia y de Ortopedia, <strong>las actividades formativas m\u00e1s destacadas del actual curso acad\u00e9mico son las siguientes:<\/strong><\/p>\n<h3><span style=\"color: #008080;\"><strong>Tertulias de actualidad<\/strong><\/span><\/h3>\n<p>Durante el curso <strong>2021-2022,<\/strong> habr\u00e1 uno <strong>ciclo <\/strong>de <strong>tertulias de actualidad,<\/strong> en el que se abordar\u00e1n 6 sesiones relacionadas, respectivamente, con <strong>la terapia inhalada<\/strong> (10 de noviembre); la <strong>importancia del sue\u00f1o <\/strong>en el mantenimiento de la salud (19 de enero); los <strong>efectos de la contaminaci\u00f3n ambiental sobre la salud humana<\/strong> (16 de marzo); el<strong>Alzheimer y aducanumab<\/strong> (20 de abril), el crecimiento de los <strong>trastornos de conducta alimentaria<\/strong> en tiempo de pandemia (11 de mayo) y c\u00f3mo ser\u00e1n los <strong>f\u00e1rmacos del futuro<\/strong> (15 de junio). La novedad de este curso acad\u00e9mico es que <strong>el farmac\u00e9utico podr\u00e1 inscribirse en el ciclo completo,<\/strong> en vez de hacerlo individualmente por cada sesi\u00f3n.<\/p>\n<h3><span style=\"color: #008080;\"><strong>Tertulias COVID-19<\/strong><\/span><\/h3>\n<p>Este a\u00f1o, la <strong>COVID-19<\/strong> volver\u00e1 a ser un tema destacado del programa formativo. Se programar\u00e1n conferencias que tratar\u00e1n <strong>temas<\/strong> como la <strong>salud mental<\/strong>, la <strong>vacunaci\u00f3n <\/strong>o las <strong>secuelas<\/strong> que deja la enfermedad. De momento, ya est\u00e1 programada <strong>\u201cVacunas COVID-19. \u00bfQu\u00e9 hemos hecho hasta ahora y qu\u00e9 nos queda por hacer?\u201d <\/strong>(15 de diciembre), a cargo de Magda Campins, jefe del Servicio de Medicina Preventiva y Epidemiolog\u00eda del Hospital Vall d&#039;Hebron, y Daniel Prieto Alhambra, catedr\u00e1tico de Farmacoepidemiolog\u00eda de la Universidad de Oxford<\/p>\n<p><img decoding=\"async\" class=\"aligncenter size-large wp-image-57001\" src=\"https:\/\/blog.cofb.cat\/wp-content\/uploads\/2021\/10\/Inauguraci\u00f3-PFC-21_22-1024x512.jpg\" alt=\"\" width=\"620\" height=\"310\" \/><\/p>\n<h3><span style=\"color: #008080;\"><strong><em>Trending topics<\/em><\/strong><strong> en Nutrici\u00f3n <\/strong><\/span><\/h3>\n<p>Despu\u00e9s del<strong>\u00e9xito de asistencia<\/strong> en el ciclo <strong>\u201c<em>Trending topics<\/em> en Nutrici\u00f3n\u201d<\/strong> del curso pasado, este a\u00f1o se vuelven a programar <strong>5 nuevas conferencias<\/strong> con contenidos totalmente diferentes y que profundizan en las <strong>\u00faltimas tendencias en nutrici\u00f3n<\/strong>. As\u00ed, por ejemplo, se abordar\u00e1n las <strong>nuevas tendencias<\/strong> en <strong>tecnolog\u00eda, nutrici\u00f3n y salud <\/strong>(18 de noviembre); los <strong>perfiles nutricionales<\/strong> y el <strong>NUTRISCORE <\/strong>(27 de enero); de la <strong>nutrici\u00f3n a la neurociencia<\/strong> (24 de febrero), el <strong>consumo de alcohol <\/strong>y la<strong> recomendaci\u00f3n a realizar a la poblaci\u00f3n general<\/strong> (28 de abril) o el <strong><em>RealFooding<\/em> y los beneficios de los alimentos no procesados<\/strong> (26 de mayo). De la misma forma que se ha hecho con las tertulias de actualidad, <strong>el farmac\u00e9utico tambi\u00e9n podr\u00e1 inscribirse en el ciclo completo.<\/strong><\/p>\n<h3><span style=\"color: #008080;\"><strong>Colaboraci\u00f3n entre \u00e1mbitos de ejercicio e instituciones<\/strong><\/span><\/h3>\n<p>Como en ediciones anteriores, se incluyen <strong>formaciones interdisciplinarias<\/strong>, que refuerzan la colaboraci\u00f3n entre los <strong>farmac\u00e9uticos de diferentes \u00e1mbitos de ejercicio<\/strong> y que implican <strong>varios profesionales sanitarios<\/strong>. Muchas de ellas organizadas conjuntamente con otras instituciones. Son ejemplos las formaciones \u201c<strong>Actualizaci\u00f3n en el tratamiento del c\u00e1ncer de pr\u00f3stata\u201d<\/strong> (28 de octubre), dirigida a farmac\u00e9uticos de hospitales y centros de Atenci\u00f3n Primaria y organizada conjuntamente con la Sociedad Catalana de Farmacia Cl\u00ednica (SCFC); o <strong>&quot;Introducci\u00f3n a la bio\u00e9tica&quot;<\/strong> (14, 16, 21, 28 y 30 de marzo), cinco sesiones dirigidas a farmac\u00e9uticos que trabajan en el \u00e1mbito de la oficina de farmacia, el hospital, la atenci\u00f3n primaria, la investigaci\u00f3n, la industria farmac\u00e9utica y tambi\u00e9n en responsabilidades de direcci\u00f3n u otras funciones que impliquen la toma de decisiones en el marco de la \u00e9tica.<\/p>\n<p>Asimismo, tambi\u00e9n encontramos formaciones impartidas por profesionales de diferentes \u00e1mbitos de la salud, como <strong>&quot;Infecciones v\u00edricas de la piel&quot; <\/strong>(18 y 20 de octubre) o <strong>&quot;Actualizaci\u00f3n en oncolog\u00eda hematol\u00f3gica&quot; <\/strong>(4, 11, 18, 25 de noviembre y 2 de diciembre de 2021), organizado conjuntamente con la Sociedad Catalana de Farmacia Cl\u00ednica.<\/p>\n<figure id=\"attachment_57010\" aria-describedby=\"caption-attachment-57010\" style=\"width: 673px\" class=\"wp-caption aligncenter\"><a href=\"https:\/\/farmaceutics.cofb.net\/group\/guest\/cataleg\" target=\"_blank\" rel=\"noopener\"><img loading=\"lazy\" decoding=\"async\" class=\"wp-image-57010 size-full\" title=\"Acceso al cat\u00e1logo digital del Programa de Formaci\u00f3n Continua 2021-2022 (exclusivo colegiados). \" src=\"https:\/\/blog.cofb.cat\/wp-content\/uploads\/2021\/10\/FC21_22.jpg\" alt=\"Acc\u00e9s al cat\u00e0leg digital del Programa de Formaci\u00f3 Continuada 2021-2022 (exclusiu col\u00b7legiats). \" width=\"673\" height=\"460\" \/><\/a><figcaption id=\"caption-attachment-57010\" class=\"wp-caption-text\">Acceso al cat\u00e1logo digital del Programa de Formaci\u00f3n Continua 2021-2022 (exclusivo colegiados).<\/figcaption><\/figure>\n<h3><span style=\"color: #008080;\"><strong>M\u00e1s contenido en el \u00e1rea de Investigaci\u00f3n y Docencia<\/strong><\/span><\/h3>\n<p>El Programa de Formaci\u00f3n Continuada 2021-2022 dota de <strong>m\u00e1s contenido<\/strong> el \u00e1rea de<strong>Investigaci\u00f3n y Docencia<\/strong> con el objetivo de fomentar la capacidad investigadora de los farmac\u00e9uticos y de <strong>proporcionarles herramientas <\/strong>que les sirvan para el ejercicio de su profesi\u00f3n. Son ejemplos las formaciones <strong>&quot;Indicadores para evaluar el estado de salud de nuestro entorno&quot;<\/strong> (12 de noviembre), o <strong>&quot;C\u00f3mo redactar art\u00edculos cient\u00edficos&quot;<\/strong> (17 de noviembre).<\/p>\n<h3><span style=\"color: #008080;\"><strong>\u00c1gora Sanitaria<\/strong><\/span><\/h3>\n<p>El <strong>portal de formaci\u00f3n online<\/strong> de los <strong>Colegios de Farmac\u00e9uticos de Barcelona y Madrid, <a href=\"https:\/\/www.agorasanitaria.com\/\" target=\"_blank\" rel=\"noopener\">\u00c1gora Sanitaria<\/a>, <\/strong>continuar\u00e1 ofreciendo una <strong>amplia oferta formativa. <\/strong>Se consolida la apuesta por nuevos formatos y la adaptaci\u00f3n a la evoluci\u00f3n de la tecnolog\u00eda y los nuevos h\u00e1bitos de seguimiento de la formaci\u00f3n online. Se incorporan <strong>metodolog\u00edas centradas en la gamificaci\u00f3n<\/strong> y se da a\u00fan mayor relevancia a los formatos sincr\u00f3nicos y en directo para que la comunicaci\u00f3n entre tutores y alumnos sea m\u00e1s predominante.<\/p>\n<p>En cuanto a los <strong>contenidos<\/strong>, se mantiene un cat\u00e1logo que combina el<strong>actualizaci\u00f3n farmacol\u00f3gica <\/strong>y la formaci\u00f3n sobre el<strong>abordaje de las consultas m\u00e1s frecuentes<\/strong>, con especial atenci\u00f3n al<strong> paciente cr\u00f3nico<\/strong> y <strong>novedades relacionadas con la persona con patolog\u00eda compleja<\/strong>, con programas formativos enfocados que permiten a los profesionales ganar seguridad y confianza ante las <strong>consultas por sintomatolog\u00eda menor<\/strong>. Por \u00faltimo, tambi\u00e9n se renueva el<strong>apuesta por la formaci\u00f3n <\/strong>en el<strong>alimentaci\u00f3n del adulto <\/strong>y la <strong>personas mayores<\/strong> en la que focalizar\u00e1 la <strong>relaci\u00f3n entre medicamentos y nutrientes. <\/strong>Todo ello, sin dejar de lado <strong>los recursos y consejos sobre el envejecimiento activo<\/strong>, el <strong>control de peso<\/strong> y la <strong>disfagia<\/strong>.<\/p>\n<\/div>\n<p><strong>Otras publicaciones de inter\u00e9s:<\/strong><\/p>\n<ul>\n<li><a href=\"https:\/\/blog.cofb.cat\/collegi-presenta-programa-formacio-continuada-2020-21-adaptat-context-covid-19\/\" target=\"_blank\" rel=\"noopener\">El Colegio presenta el programa de formaci\u00f3n continuada 2020-21, adaptado al contexto de la COVID-19 (Octubre 2020)<\/a><\/li>\n<li><a href=\"https:\/\/blog.cofb.cat\/formacio-continuada-temps-covid-19\/\" target=\"_blank\" rel=\"noopener\">La Formaci\u00f3n Continuada en tiempo de COVID-19 (Mayo 2020)<\/a><\/li>\n<\/ul>","protected":false},"excerpt":{"rendered":"<p>El consejero de Salud de la Generalidad de Catalu\u00f1a, Josep Maria Argimon, inaugur\u00f3 ayer, en la sede del Colegio de Farmac\u00e9uticos de Barcelona (COFB), el Programa de Formaci\u00f3n Continua 2021-2022 (exclusivo colegiados) de la instituci\u00f3n . Lo hizo en el marco de la conferencia titulada \u201cFutur del Sistema Sanitari Catal\u00e0: [\u2026]<\/p>","protected":false},"author":1,"featured_media":78129,"comment_status":"open","ping_status":"open","sticky":false,"template":"","format":"standard","meta":{"_uag_custom_page_level_css":"","site-sidebar-layout":"default","site-content-layout":"","ast-site-content-layout":"default","site-content-style":"default","site-sidebar-style":"default","ast-global-header-display":"","ast-banner-title-visibility":"","ast-main-header-display":"","ast-hfb-above-header-display":"","ast-hfb-below-header-display":"","ast-hfb-mobile-header-display":"","site-post-title":"","ast-breadcrumbs-content":"","ast-featured-img":"disabled","footer-sml-layout":"","theme-transparent-header-meta":"","adv-header-id-meta":"","stick-header-meta":"","header-above-stick-meta":"","header-main-stick-meta":"","header-below-stick-meta":"","astra-migrate-meta-layouts":"set","ast-page-background-enabled":"default","ast-page-background-meta":{"desktop":{"background-color":"var(--ast-global-color-4)","background-image":"","background-repeat":"repeat","background-position":"center center","background-size":"auto","background-attachment":"scroll","background-type":"","background-media":"","overlay-type":"","overlay-color":"","overlay-opacity":"","overlay-gradient":""},"tablet":{"background-color":"","background-image":"","background-repeat":"repeat","background-position":"center center","background-size":"auto","background-attachment":"scroll","background-type":"","background-media":"","overlay-type":"","overlay-color":"","overlay-opacity":"","overlay-gradient":""},"mobile":{"background-color":"","background-image":"","background-repeat":"repeat","background-position":"center center","background-size":"auto","background-attachment":"scroll","background-type":"","background-media":"","overlay-type":"","overlay-color":"","overlay-opacity":"","overlay-gradient":""}},"ast-content-background-meta":{"desktop":{"background-color":"var(--ast-global-color-5)","background-image":"","background-repeat":"repeat","background-position":"center center","background-size":"auto","background-attachment":"scroll","background-type":"","background-media":"","overlay-type":"","overlay-color":"","overlay-opacity":"","overlay-gradient":""},"tablet":{"background-color":"var(--ast-global-color-5)","background-image":"","background-repeat":"repeat","background-position":"center center","background-size":"auto","background-attachment":"scroll","background-type":"","background-media":"","overlay-type":"","overlay-color":"","overlay-opacity":"","overlay-gradient":""},"mobile":{"background-color":"var(--ast-global-color-5)","background-image":"","background-repeat":"repeat","background-position":"center center","background-size":"auto","background-attachment":"scroll","background-type":"","background-media":"","overlay-type":"","overlay-color":"","overlay-opacity":"","overlay-gradient":""}},"footnotes":""},"categories":[23,57],"tags":[4634,3127,109,2136,18,19,502,2407,90,311,68,69,70,300,565,4635,46,76,4636,3284,117,510,4637,4638,572,937],"class_list":["post-56990","post","type-post","status-publish","format-standard","has-post-thumbnail","hentry","category-destacats","category-mon-collegial","tag-2021-2022","tag-actualitzacio","tag-agora-sanitaria","tag-ambits-dexercici","tag-cofb","tag-collegi-de-farmaceutics-de-barcelona","tag-coneixements","tag-conseller-de-salut","tag-covid-19","tag-departament-de-salut","tag-farmacia","tag-farmacia-comunitaria","tag-formacio","tag-formacio-continuada","tag-investigacio-i-docencia","tag-josep-maria-argimon","tag-nutricio","tag-oficina-de-farmacia","tag-presentacio-programa-formatiu","tag-programa-formatiu","tag-salut","tag-sanitat","tag-tertulies-covid-19","tag-transversalitat","tag-trending-topics","tag-trending-topics-en-nutricio"],"yoast_head":"<!-- This site is optimized with the Yoast SEO plugin v22.4 - https:\/\/yoast.com\/wordpress\/plugins\/seo\/ -->\n<title>El conseller de Salut, Josep Maria Argimon, inaugura el Programa de Formaci\u00f3 Continuada 2021-2022 del COFB - Col\u00b7legi de Farmac\u00e8utics de Barcelona<\/title>\n<meta name=\"description\" content=\"El conseller de Salut de la Generalitat de Catalunya, Josep Maria Argimon, va inaugurar ahir, a la seu del Col\u00b7legi de Farmac\u00e8utics de Barcelona (COFB), el Programa de Formaci\u00f3 Continuada 2021-2022 de la instituci\u00f3. Ho va fer amb la confer\u00e8ncia titulada \u201cFutur del Sistema Sanitari Catal\u00e0: on som els farmac\u00e8utics?\" \/>\n<meta name=\"robots\" content=\"index, follow, max-snippet:-1, max-image-preview:large, max-video-preview:-1\" \/>\n<link rel=\"canonical\" href=\"https:\/\/novaorg.cofb.net\/2021\/10\/06\/conseller-salut-josep-maria-argimon-inaugura-programa-formacio-continuada-2021-2022-cofb\/\" \/>\n<meta property=\"og:locale\" content=\"es_ES\" \/>\n<meta property=\"og:type\" content=\"article\" \/>\n<meta property=\"og:title\" content=\"El conseller de Salut, Josep Maria Argimon, inaugura el Programa de Formaci\u00f3 Continuada 2021-2022 del COFB - Col\u00b7legi de Farmac\u00e8utics de Barcelona\" \/>\n<meta property=\"og:description\" content=\"El conseller de Salut de la Generalitat de Catalunya, Josep Maria Argimon, va inaugurar ahir, a la seu del Col\u00b7legi de Farmac\u00e8utics de Barcelona (COFB), el Programa de Formaci\u00f3 Continuada 2021-2022 de la instituci\u00f3. Ho va fer amb la confer\u00e8ncia titulada \u201cFutur del Sistema Sanitari Catal\u00e0: on som els farmac\u00e8utics?\" \/>\n<meta property=\"og:url\" content=\"https:\/\/novaorg.cofb.net\/2021\/10\/06\/conseller-salut-josep-maria-argimon-inaugura-programa-formacio-continuada-2021-2022-cofb\/\" \/>\n<meta property=\"og:site_name\" content=\"Col\u00b7legi de Farmac\u00e8utics de Barcelona\" \/>\n<meta property=\"article:publisher\" content=\"https:\/\/www.facebook.com\/farmaceuticsbcn\/\" \/>\n<meta property=\"article:published_time\" content=\"2021-10-06T15:01:55+00:00\" \/>\n<meta property=\"article:modified_time\" content=\"2024-04-05T10:52:15+00:00\" \/>\n<meta property=\"og:image\" content=\"https:\/\/novaorg.cofb.net\/wp-content\/uploads\/2024\/04\/cofb.211005-60-1024x683-1.jpg\" \/>\n\t<meta property=\"og:image:width\" content=\"1024\" \/>\n\t<meta property=\"og:image:height\" content=\"683\" \/>\n\t<meta property=\"og:image:type\" content=\"image\/jpeg\" \/>\n<meta name=\"author\" content=\"wpAdminCofbOrg\" \/>\n<meta name=\"twitter:card\" content=\"summary_large_image\" \/>\n<meta name=\"twitter:creator\" content=\"@farmaceuticsbcn\" \/>\n<meta name=\"twitter:site\" content=\"@farmaceuticsbcn\" \/>\n<meta name=\"twitter:label1\" content=\"Escrito por\" \/>\n\t<meta name=\"twitter:data1\" content=\"wpAdminCofbOrg\" \/>\n\t<meta name=\"twitter:label2\" content=\"Tiempo de lectura\" \/>\n\t<meta name=\"twitter:data2\" content=\"9 minutos\" \/>\n<script type=\"application\/ld+json\" class=\"yoast-schema-graph\">{\"@context\":\"https:\/\/schema.org\",\"@graph\":[{\"@type\":\"Article\",\"@id\":\"https:\/\/novaorg.cofb.net\/2021\/10\/06\/conseller-salut-josep-maria-argimon-inaugura-programa-formacio-continuada-2021-2022-cofb\/#article\",\"isPartOf\":{\"@id\":\"https:\/\/novaorg.cofb.net\/2021\/10\/06\/conseller-salut-josep-maria-argimon-inaugura-programa-formacio-continuada-2021-2022-cofb\/\"},\"author\":{\"name\":\"wpAdminCofbOrg\",\"@id\":\"https:\/\/www.cofb.org\/#\/schema\/person\/22ed7eea88da74b0fa4d3154ad87ffcb\"},\"headline\":\"El conseller de Salut, Josep Maria Argimon, inaugura el Programa de Formaci\u00f3 Continuada 2021-2022 del COFB\",\"datePublished\":\"2021-10-06T15:01:55+00:00\",\"dateModified\":\"2024-04-05T10:52:15+00:00\",\"mainEntityOfPage\":{\"@id\":\"https:\/\/novaorg.cofb.net\/2021\/10\/06\/conseller-salut-josep-maria-argimon-inaugura-programa-formacio-continuada-2021-2022-cofb\/\"},\"wordCount\":1578,\"commentCount\":0,\"publisher\":{\"@id\":\"https:\/\/www.cofb.org\/#organization\"},\"image\":{\"@id\":\"https:\/\/novaorg.cofb.net\/2021\/10\/06\/conseller-salut-josep-maria-argimon-inaugura-programa-formacio-continuada-2021-2022-cofb\/#primaryimage\"},\"thumbnailUrl\":\"https:\/\/www.cofb.org\/wp-content\/uploads\/2024\/04\/cofb.211005-60-1024x683-1.jpg\",\"keywords\":[\"2021-2022\",\"actualitzaci\u00f3\",\"\u00c1gora Sanitaria\",\"\u00e0mbits d'exercici\",\"COFB\",\"Col\u00b7legi de Farmac\u00e8utics de Barcelona\",\"coneixements\",\"conseller de salut\",\"COVID-19\",\"Departament de Salut\",\"Farm\u00e0cia\",\"farm\u00e0cia comunit\u00e0ria\",\"Formaci\u00f3\",\"formaci\u00f3 continuada\",\"Investigaci\u00f3 i doc\u00e8ncia\",\"Josep Maria Argimon\",\"Nutrici\u00f3\",\"Oficina de farm\u00e0cia\",\"presentaci\u00f3 programa formatiu\",\"programa formatiu\",\"salut\",\"sanitat\",\"tert\u00falies COVID-19\",\"transversalitat\",\"trending topics\",\"Trending topics en nutrici\u00f3\"],\"articleSection\":[\"Destacats\",\"M\u00f3n col\u00b7legial\"],\"inLanguage\":\"es\",\"potentialAction\":[{\"@type\":\"CommentAction\",\"name\":\"Comment\",\"target\":[\"https:\/\/novaorg.cofb.net\/2021\/10\/06\/conseller-salut-josep-maria-argimon-inaugura-programa-formacio-continuada-2021-2022-cofb\/#respond\"]}]},{\"@type\":\"WebPage\",\"@id\":\"https:\/\/novaorg.cofb.net\/2021\/10\/06\/conseller-salut-josep-maria-argimon-inaugura-programa-formacio-continuada-2021-2022-cofb\/\",\"url\":\"https:\/\/novaorg.cofb.net\/2021\/10\/06\/conseller-salut-josep-maria-argimon-inaugura-programa-formacio-continuada-2021-2022-cofb\/\",\"name\":\"El conseller de Salut, Josep Maria Argimon, inaugura el Programa de Formaci\u00f3 Continuada 2021-2022 del COFB - Col\u00b7legi de Farmac\u00e8utics de Barcelona\",\"isPartOf\":{\"@id\":\"https:\/\/www.cofb.org\/#website\"},\"primaryImageOfPage\":{\"@id\":\"https:\/\/novaorg.cofb.net\/2021\/10\/06\/conseller-salut-josep-maria-argimon-inaugura-programa-formacio-continuada-2021-2022-cofb\/#primaryimage\"},\"image\":{\"@id\":\"https:\/\/novaorg.cofb.net\/2021\/10\/06\/conseller-salut-josep-maria-argimon-inaugura-programa-formacio-continuada-2021-2022-cofb\/#primaryimage\"},\"thumbnailUrl\":\"https:\/\/www.cofb.org\/wp-content\/uploads\/2024\/04\/cofb.211005-60-1024x683-1.jpg\",\"datePublished\":\"2021-10-06T15:01:55+00:00\",\"dateModified\":\"2024-04-05T10:52:15+00:00\",\"description\":\"El conseller de Salut de la Generalitat de Catalunya, Josep Maria Argimon, va inaugurar ahir, a la seu del Col\u00b7legi de Farmac\u00e8utics de Barcelona (COFB), el Programa de Formaci\u00f3 Continuada 2021-2022 de la instituci\u00f3. Ho va fer amb la confer\u00e8ncia titulada \u201cFutur del Sistema Sanitari Catal\u00e0: on som els farmac\u00e8utics?\",\"breadcrumb\":{\"@id\":\"https:\/\/novaorg.cofb.net\/2021\/10\/06\/conseller-salut-josep-maria-argimon-inaugura-programa-formacio-continuada-2021-2022-cofb\/#breadcrumb\"},\"inLanguage\":\"es\",\"potentialAction\":[{\"@type\":\"ReadAction\",\"target\":[\"https:\/\/novaorg.cofb.net\/2021\/10\/06\/conseller-salut-josep-maria-argimon-inaugura-programa-formacio-continuada-2021-2022-cofb\/\"]}]},{\"@type\":\"ImageObject\",\"inLanguage\":\"es\",\"@id\":\"https:\/\/novaorg.cofb.net\/2021\/10\/06\/conseller-salut-josep-maria-argimon-inaugura-programa-formacio-continuada-2021-2022-cofb\/#primaryimage\",\"url\":\"https:\/\/www.cofb.org\/wp-content\/uploads\/2024\/04\/cofb.211005-60-1024x683-1.jpg\",\"contentUrl\":\"https:\/\/www.cofb.org\/wp-content\/uploads\/2024\/04\/cofb.211005-60-1024x683-1.jpg\",\"width\":1024,\"height\":683},{\"@type\":\"BreadcrumbList\",\"@id\":\"https:\/\/novaorg.cofb.net\/2021\/10\/06\/conseller-salut-josep-maria-argimon-inaugura-programa-formacio-continuada-2021-2022-cofb\/#breadcrumb\",\"itemListElement\":[{\"@type\":\"ListItem\",\"position\":1,\"name\":\"Inici\",\"item\":\"https:\/\/novaorg.cofb.net\/\"},{\"@type\":\"ListItem\",\"position\":2,\"name\":\"El conseller de Salut, Josep Maria Argimon, inaugura el Programa de Formaci\u00f3 Continuada 2021-2022 del COFB\"}]},{\"@type\":\"WebSite\",\"@id\":\"https:\/\/www.cofb.org\/#website\",\"url\":\"https:\/\/www.cofb.org\/\",\"name\":\"Col\u00b7legi de Farmac\u00e8utics de Barcelona\",\"description\":\"\",\"publisher\":{\"@id\":\"https:\/\/www.cofb.org\/#organization\"},\"potentialAction\":[{\"@type\":\"SearchAction\",\"target\":{\"@type\":\"EntryPoint\",\"urlTemplate\":\"https:\/\/www.cofb.org\/?s={search_term_string}\"},\"query-input\":\"required name=search_term_string\"}],\"inLanguage\":\"es\"},{\"@type\":\"Organization\",\"@id\":\"https:\/\/www.cofb.org\/#organization\",\"name\":\"Col\u00b7legi de Farmac\u00e8utics de Barcelona\",\"url\":\"https:\/\/www.cofb.org\/\",\"logo\":{\"@type\":\"ImageObject\",\"inLanguage\":\"es\",\"@id\":\"https:\/\/www.cofb.org\/#\/schema\/logo\/image\/\",\"url\":\"https:\/\/www.cofb.org\/wp-content\/uploads\/2023\/11\/cropped-Logotip-COFB.png\",\"contentUrl\":\"https:\/\/www.cofb.org\/wp-content\/uploads\/2023\/11\/cropped-Logotip-COFB.png\",\"width\":500,\"height\":105,\"caption\":\"Col\u00b7legi de Farmac\u00e8utics de Barcelona\"},\"image\":{\"@id\":\"https:\/\/www.cofb.org\/#\/schema\/logo\/image\/\"},\"sameAs\":[\"https:\/\/www.facebook.com\/farmaceuticsbcn\/\",\"https:\/\/twitter.com\/farmaceuticsbcn\",\"https:\/\/www.instagram.com\/farmaceuticsbcn\/\",\"https:\/\/www.linkedin.com\/company\/farmaceuticsbcn\/\"]},{\"@type\":\"Person\",\"@id\":\"https:\/\/www.cofb.org\/#\/schema\/person\/22ed7eea88da74b0fa4d3154ad87ffcb\",\"name\":\"wpAdminCofbOrg\",\"image\":{\"@type\":\"ImageObject\",\"inLanguage\":\"es\",\"@id\":\"https:\/\/www.cofb.org\/#\/schema\/person\/image\/\",\"url\":\"https:\/\/secure.gravatar.com\/avatar\/1721b20b3b8ca882c3b56ec6c978c594fff670e40c0718e9190eaeeb76aae7d8?s=96&d=mm&r=g\",\"contentUrl\":\"https:\/\/secure.gravatar.com\/avatar\/1721b20b3b8ca882c3b56ec6c978c594fff670e40c0718e9190eaeeb76aae7d8?s=96&d=mm&r=g\",\"caption\":\"wpAdminCofbOrg\"},\"sameAs\":[\"http:\/\/192.168.64.122\/wordpress\"],\"url\":\"https:\/\/www.cofb.org\/es\/author\/wpadmincofborg\/\"}]}<\/script>\n<!-- \/ Yoast SEO plugin. -->","yoast_head_json":{"title":"El conseller de Salut, Josep Maria Argimon, inaugura el Programa de Formaci\u00f3 Continuada 2021-2022 del COFB - Col\u00b7legi de Farmac\u00e8utics de Barcelona","description":"El conseller de Salut de la Generalitat de Catalunya, Josep Maria Argimon, va inaugurar ahir, a la seu del Col\u00b7legi de Farmac\u00e8utics de Barcelona (COFB), el Programa de Formaci\u00f3 Continuada 2021-2022 de la instituci\u00f3. Ho va fer amb la confer\u00e8ncia titulada \u201cFutur del Sistema Sanitari Catal\u00e0: on som els farmac\u00e8utics?","robots":{"index":"index","follow":"follow","max-snippet":"max-snippet:-1","max-image-preview":"max-image-preview:large","max-video-preview":"max-video-preview:-1"},"canonical":"https:\/\/novaorg.cofb.net\/2021\/10\/06\/conseller-salut-josep-maria-argimon-inaugura-programa-formacio-continuada-2021-2022-cofb\/","og_locale":"es_ES","og_type":"article","og_title":"El conseller de Salut, Josep Maria Argimon, inaugura el Programa de Formaci\u00f3 Continuada 2021-2022 del COFB - Col\u00b7legi de Farmac\u00e8utics de Barcelona","og_description":"El conseller de Salut de la Generalitat de Catalunya, Josep Maria Argimon, va inaugurar ahir, a la seu del Col\u00b7legi de Farmac\u00e8utics de Barcelona (COFB), el Programa de Formaci\u00f3 Continuada 2021-2022 de la instituci\u00f3. Ho va fer amb la confer\u00e8ncia titulada \u201cFutur del Sistema Sanitari Catal\u00e0: on som els farmac\u00e8utics?","og_url":"https:\/\/novaorg.cofb.net\/2021\/10\/06\/conseller-salut-josep-maria-argimon-inaugura-programa-formacio-continuada-2021-2022-cofb\/","og_site_name":"Col\u00b7legi de Farmac\u00e8utics de Barcelona","article_publisher":"https:\/\/www.facebook.com\/farmaceuticsbcn\/","article_published_time":"2021-10-06T15:01:55+00:00","article_modified_time":"2024-04-05T10:52:15+00:00","og_image":[{"width":1024,"height":683,"url":"https:\/\/novaorg.cofb.net\/wp-content\/uploads\/2024\/04\/cofb.211005-60-1024x683-1.jpg","type":"image\/jpeg"}],"author":"wpAdminCofbOrg","twitter_card":"summary_large_image","twitter_creator":"@farmaceuticsbcn","twitter_site":"@farmaceuticsbcn","twitter_misc":{"Escrito por":"wpAdminCofbOrg","Tiempo de lectura":"9 minutos"},"schema":{"@context":"https:\/\/schema.org","@graph":[{"@type":"Article","@id":"https:\/\/novaorg.cofb.net\/2021\/10\/06\/conseller-salut-josep-maria-argimon-inaugura-programa-formacio-continuada-2021-2022-cofb\/#article","isPartOf":{"@id":"https:\/\/novaorg.cofb.net\/2021\/10\/06\/conseller-salut-josep-maria-argimon-inaugura-programa-formacio-continuada-2021-2022-cofb\/"},"author":{"name":"wpAdminCofbOrg","@id":"https:\/\/www.cofb.org\/#\/schema\/person\/22ed7eea88da74b0fa4d3154ad87ffcb"},"headline":"El conseller de Salut, Josep Maria Argimon, inaugura el Programa de Formaci\u00f3 Continuada 2021-2022 del COFB","datePublished":"2021-10-06T15:01:55+00:00","dateModified":"2024-04-05T10:52:15+00:00","mainEntityOfPage":{"@id":"https:\/\/novaorg.cofb.net\/2021\/10\/06\/conseller-salut-josep-maria-argimon-inaugura-programa-formacio-continuada-2021-2022-cofb\/"},"wordCount":1578,"commentCount":0,"publisher":{"@id":"https:\/\/www.cofb.org\/#organization"},"image":{"@id":"https:\/\/novaorg.cofb.net\/2021\/10\/06\/conseller-salut-josep-maria-argimon-inaugura-programa-formacio-continuada-2021-2022-cofb\/#primaryimage"},"thumbnailUrl":"https:\/\/www.cofb.org\/wp-content\/uploads\/2024\/04\/cofb.211005-60-1024x683-1.jpg","keywords":["2021-2022","actualitzaci\u00f3","\u00c1gora Sanitaria","\u00e0mbits d'exercici","COFB","Col\u00b7legi de Farmac\u00e8utics de Barcelona","coneixements","conseller de salut","COVID-19","Departament de Salut","Farm\u00e0cia","farm\u00e0cia comunit\u00e0ria","Formaci\u00f3","formaci\u00f3 continuada","Investigaci\u00f3 i doc\u00e8ncia","Josep Maria Argimon","Nutrici\u00f3","Oficina de farm\u00e0cia","presentaci\u00f3 programa formatiu","programa formatiu","salut","sanitat","tert\u00falies COVID-19","transversalitat","trending topics","Trending topics en nutrici\u00f3"],"articleSection":["Destacats","M\u00f3n col\u00b7legial"],"inLanguage":"es","potentialAction":[{"@type":"CommentAction","name":"Comment","target":["https:\/\/novaorg.cofb.net\/2021\/10\/06\/conseller-salut-josep-maria-argimon-inaugura-programa-formacio-continuada-2021-2022-cofb\/#respond"]}]},{"@type":"WebPage","@id":"https:\/\/novaorg.cofb.net\/2021\/10\/06\/conseller-salut-josep-maria-argimon-inaugura-programa-formacio-continuada-2021-2022-cofb\/","url":"https:\/\/novaorg.cofb.net\/2021\/10\/06\/conseller-salut-josep-maria-argimon-inaugura-programa-formacio-continuada-2021-2022-cofb\/","name":"El conseller de Salut, Josep Maria Argimon, inaugura el Programa de Formaci\u00f3 Continuada 2021-2022 del COFB - Col\u00b7legi de Farmac\u00e8utics de Barcelona","isPartOf":{"@id":"https:\/\/www.cofb.org\/#website"},"primaryImageOfPage":{"@id":"https:\/\/novaorg.cofb.net\/2021\/10\/06\/conseller-salut-josep-maria-argimon-inaugura-programa-formacio-continuada-2021-2022-cofb\/#primaryimage"},"image":{"@id":"https:\/\/novaorg.cofb.net\/2021\/10\/06\/conseller-salut-josep-maria-argimon-inaugura-programa-formacio-continuada-2021-2022-cofb\/#primaryimage"},"thumbnailUrl":"https:\/\/www.cofb.org\/wp-content\/uploads\/2024\/04\/cofb.211005-60-1024x683-1.jpg","datePublished":"2021-10-06T15:01:55+00:00","dateModified":"2024-04-05T10:52:15+00:00","description":"El conseller de Salut de la Generalitat de Catalunya, Josep Maria Argimon, va inaugurar ahir, a la seu del Col\u00b7legi de Farmac\u00e8utics de Barcelona (COFB), el Programa de Formaci\u00f3 Continuada 2021-2022 de la instituci\u00f3. Ho va fer amb la confer\u00e8ncia titulada \u201cFutur del Sistema Sanitari Catal\u00e0: on som els farmac\u00e8utics?","breadcrumb":{"@id":"https:\/\/novaorg.cofb.net\/2021\/10\/06\/conseller-salut-josep-maria-argimon-inaugura-programa-formacio-continuada-2021-2022-cofb\/#breadcrumb"},"inLanguage":"es","potentialAction":[{"@type":"ReadAction","target":["https:\/\/novaorg.cofb.net\/2021\/10\/06\/conseller-salut-josep-maria-argimon-inaugura-programa-formacio-continuada-2021-2022-cofb\/"]}]},{"@type":"ImageObject","inLanguage":"es","@id":"https:\/\/novaorg.cofb.net\/2021\/10\/06\/conseller-salut-josep-maria-argimon-inaugura-programa-formacio-continuada-2021-2022-cofb\/#primaryimage","url":"https:\/\/www.cofb.org\/wp-content\/uploads\/2024\/04\/cofb.211005-60-1024x683-1.jpg","contentUrl":"https:\/\/www.cofb.org\/wp-content\/uploads\/2024\/04\/cofb.211005-60-1024x683-1.jpg","width":1024,"height":683},{"@type":"BreadcrumbList","@id":"https:\/\/novaorg.cofb.net\/2021\/10\/06\/conseller-salut-josep-maria-argimon-inaugura-programa-formacio-continuada-2021-2022-cofb\/#breadcrumb","itemListElement":[{"@type":"ListItem","position":1,"name":"Inici","item":"https:\/\/novaorg.cofb.net\/"},{"@type":"ListItem","position":2,"name":"El conseller de Salut, Josep Maria Argimon, inaugura el Programa de Formaci\u00f3 Continuada 2021-2022 del COFB"}]},{"@type":"WebSite","@id":"https:\/\/www.cofb.org\/#website","url":"https:\/\/www.cofb.org\/","name":"Col\u00b7legi de Farmac\u00e8utics de Barcelona","description":"","publisher":{"@id":"https:\/\/www.cofb.org\/#organization"},"potentialAction":[{"@type":"SearchAction","target":{"@type":"EntryPoint","urlTemplate":"https:\/\/www.cofb.org\/?s={search_term_string}"},"query-input":"required name=search_term_string"}],"inLanguage":"es"},{"@type":"Organization","@id":"https:\/\/www.cofb.org\/#organization","name":"Col\u00b7legi de Farmac\u00e8utics de Barcelona","url":"https:\/\/www.cofb.org\/","logo":{"@type":"ImageObject","inLanguage":"es","@id":"https:\/\/www.cofb.org\/#\/schema\/logo\/image\/","url":"https:\/\/www.cofb.org\/wp-content\/uploads\/2023\/11\/cropped-Logotip-COFB.png","contentUrl":"https:\/\/www.cofb.org\/wp-content\/uploads\/2023\/11\/cropped-Logotip-COFB.png","width":500,"height":105,"caption":"Col\u00b7legi de Farmac\u00e8utics de Barcelona"},"image":{"@id":"https:\/\/www.cofb.org\/#\/schema\/logo\/image\/"},"sameAs":["https:\/\/www.facebook.com\/farmaceuticsbcn\/","https:\/\/twitter.com\/farmaceuticsbcn","https:\/\/www.instagram.com\/farmaceuticsbcn\/","https:\/\/www.linkedin.com\/company\/farmaceuticsbcn\/"]},{"@type":"Person","@id":"https:\/\/www.cofb.org\/#\/schema\/person\/22ed7eea88da74b0fa4d3154ad87ffcb","name":"wpAdminCofbOrg","image":{"@type":"ImageObject","inLanguage":"es","@id":"https:\/\/www.cofb.org\/#\/schema\/person\/image\/","url":"https:\/\/secure.gravatar.com\/avatar\/1721b20b3b8ca882c3b56ec6c978c594fff670e40c0718e9190eaeeb76aae7d8?s=96&d=mm&r=g","contentUrl":"https:\/\/secure.gravatar.com\/avatar\/1721b20b3b8ca882c3b56ec6c978c594fff670e40c0718e9190eaeeb76aae7d8?s=96&d=mm&r=g","caption":"wpAdminCofbOrg"},"sameAs":["http:\/\/192.168.64.122\/wordpress"],"url":"https:\/\/www.cofb.org\/es\/author\/wpadmincofborg\/"}]}},"uagb_featured_image_src":{"full":["https:\/\/www.cofb.org\/wp-content\/uploads\/2024\/04\/cofb.211005-60-1024x683-1.jpg",1024,683,false],"thumbnail":["https:\/\/www.cofb.org\/wp-content\/uploads\/2024\/04\/cofb.211005-60-1024x683-1-150x150.jpg",150,150,true],"medium":["https:\/\/www.cofb.org\/wp-content\/uploads\/2024\/04\/cofb.211005-60-1024x683-1-300x200.jpg",300,200,true],"medium_large":["https:\/\/www.cofb.org\/wp-content\/uploads\/2024\/04\/cofb.211005-60-1024x683-1-768x512.jpg",768,512,true],"large":["https:\/\/www.cofb.org\/wp-content\/uploads\/2024\/04\/cofb.211005-60-1024x683-1.jpg",1024,683,false],"1536x1536":["https:\/\/www.cofb.org\/wp-content\/uploads\/2024\/04\/cofb.211005-60-1024x683-1.jpg",1024,683,false],"2048x2048":["https:\/\/www.cofb.org\/wp-content\/uploads\/2024\/04\/cofb.211005-60-1024x683-1.jpg",1024,683,false],"trp-custom-language-flag":["https:\/\/www.cofb.org\/wp-content\/uploads\/2024\/04\/cofb.211005-60-1024x683-1-18x12.jpg",18,12,true]},"uagb_author_info":{"display_name":"wpAdminCofbOrg","author_link":"https:\/\/www.cofb.org\/es\/author\/wpadmincofborg\/"},"uagb_comment_info":0,"uagb_excerpt":"El conseller de Salut de la Generalitat de Catalunya, Josep Maria Argimon, va inaugurar ahir, a la seu del Col\u00b7legi de Farmac\u00e8utics de Barcelona (COFB), el Programa de Formaci\u00f3 Continuada 2021-2022\u00a0(exclusiu col\u00b7legiats) \u00a0de la instituci\u00f3. Ho va fer en el marc de la confer\u00e8ncia titulada \u201cFutur del Sistema Sanitari Catal\u00e0: [&hellip;]","_links":{"self":[{"href":"https:\/\/www.cofb.org\/es\/wp-json\/wp\/v2\/posts\/56990","targetHints":{"allow":["GET"]}}],"collection":[{"href":"https:\/\/www.cofb.org\/es\/wp-json\/wp\/v2\/posts"}],"about":[{"href":"https:\/\/www.cofb.org\/es\/wp-json\/wp\/v2\/types\/post"}],"author":[{"embeddable":true,"href":"https:\/\/www.cofb.org\/es\/wp-json\/wp\/v2\/users\/1"}],"replies":[{"embeddable":true,"href":"https:\/\/www.cofb.org\/es\/wp-json\/wp\/v2\/comments?post=56990"}],"version-history":[{"count":1,"href":"https:\/\/www.cofb.org\/es\/wp-json\/wp\/v2\/posts\/56990\/revisions"}],"predecessor-version":[{"id":78130,"href":"https:\/\/www.cofb.org\/es\/wp-json\/wp\/v2\/posts\/56990\/revisions\/78130"}],"wp:featuredmedia":[{"embeddable":true,"href":"https:\/\/www.cofb.org\/es\/wp-json\/wp\/v2\/media\/78129"}],"wp:attachment":[{"href":"https:\/\/www.cofb.org\/es\/wp-json\/wp\/v2\/media?parent=56990"}],"wp:term":[{"taxonomy":"category","embeddable":true,"href":"https:\/\/www.cofb.org\/es\/wp-json\/wp\/v2\/categories?post=56990"},{"taxonomy":"post_tag","embeddable":true,"href":"https:\/\/www.cofb.org\/es\/wp-json\/wp\/v2\/tags?post=56990"}],"curies":[{"name":"wp","href":"https:\/\/api.w.org\/{rel}","templated":true}]}}