{"id":56853,"date":"2021-10-22T10:02:09","date_gmt":"2021-10-22T08:02:09","guid":{"rendered":"https:\/\/blog.cofb.cat\/?p=56853"},"modified":"2024-04-05T10:51:04","modified_gmt":"2024-04-05T10:51:04","slug":"setembre-el-cribratge-escolar-des-de-les-farmacies-i-la-illuminacio-de-la-torre-glories-amb-motiu-del-dia-mundial-del-farmaceutic-temes-mes-destacats-als-mitjans","status":"publish","type":"post","link":"https:\/\/www.cofb.org\/es\/2021\/10\/22\/setembre-el-cribratge-escolar-des-de-les-farmacies-i-la-illuminacio-de-la-torre-glories-amb-motiu-del-dia-mundial-del-farmaceutic-temes-mes-destacats-als-mitjans\/","title":{"rendered":"Septiembre: El cribado escolar desde las farmacias y la iluminaci\u00f3n de la Torre Gl\u00f2ries, con motivo del D\u00eda Mundial del Farmac\u00e9utico, temas m\u00e1s destacados en los medios"},"content":{"rendered":"<h1><\/h1>\n<h1><span style=\"color: #008080;\"><strong>Cribado escolar: test de ant\u00edgenos r\u00e1pidos desde las farmacias comunitarias<\/strong><\/span><\/h1>\n<p>Coincidiendo con el<strong>inicio del curso escolar<\/strong>, la semana del <strong>13 de septiembre<\/strong>\u00a0se puso en marcha un <strong>nuevo cribado dirigido a alumnado y profesorado, impulsado por los Departamentos de Salud y Educaci\u00f3n,<\/strong>\u00a0en colaboraci\u00f3n con el <strong>Consejo de Colegios Farmac\u00e9uticos de Catalu\u00f1a.\u00a0<\/strong><\/p>\n<p>Varios <strong>medios<\/strong> se hicieron eco de \u00e9ste <strong>nuevo cribado,\u00a0<\/strong>que cuenta con la participaci\u00f3n de\u00a0<strong>m\u00e1s de 1.400 farmacias comunitarias<\/strong>\u00a0catalanas y, previamente al inicio del <strong>curso escolar<\/strong>, ya se empezaron a referir en varios art\u00edculos al cambio de protocolo respecto al curso pasado ante casos de positivos por COVID-19 en los centros educativos. Los medios destacaban, entre otros aspectos, la <strong>incorporaci\u00f3n de las farmacias<\/strong>, \u201ccon una operativa que modulara la presi\u00f3n asistencial de los Centros de Atenci\u00f3n Primaria\u201d. Se hicieron eco: <a href=\"https:\/\/www.elperiodico.com\/es\/sociedad\/20210903\/catalunya-volvera-test-contactos-positivos-12041080\" target=\"_blank\" rel=\"noopener\">El Peri\u00f3dico<\/a>, 324.cat\u00a0<a href=\"https:\/\/www.ccma.cat\/324\/tornen-a-fer-proves-als-contactes-estrets-de-positius-despres-de-2-mesos-sense-ferne\/noticia\/3116254\/\" target=\"_blank\" rel=\"noopener\">(1)<\/a> y <a href=\"https:\/\/www.ccma.cat\/324\/guia-del-curs-escolar-20212022-tot-el-que-has-de-saber-del-retorn-a-les-aules\/noticia\/3116773\/\" target=\"_blank\" rel=\"noopener\">(2)<\/a>\u00a0<a href=\"https:\/\/www.ara.cat\/societat\/salut-recupera-rastreig-contactes-tambe-escoles_1_4104706.html\" target=\"_blank\" rel=\"noopener\">Diario Ahora<\/a>, <a href=\"https:\/\/www.elnacional.cat\/ca\/salut\/salut-torna-tests-contactes-estrets-positius-covid-19_641774_102.html\" target=\"_blank\" rel=\"noopener\">El Nacional.cat<\/a>, <a href=\"https:\/\/www.elpuntavui.cat\/societat\/article\/14-salut\/2023512-salut-repren-els-tests-de-covid-19-als-contactes-d-un-positiu.html\" target=\"_blank\" rel=\"noopener\">El Punt Avui<\/a>,\u00a0 <a href=\"https:\/\/www.diarimes.com\/noticies\/actualitat\/catalunya\/2021\/09\/03\/salut_torna_fer_proves_als_contactes_estrets_poblacio_general_entorn_escolar_tant_si_estan_vacunats_com_si_no_110086_3029.html\" target=\"_blank\" rel=\"noopener\">Diario M\u00e1s<\/a>, <a href=\"https:\/\/www.diariomedico.com\/farmacia\/comunitaria\/politica\/las-farmacias-de-cataluna-haran-test-escolares-que-hayan-sido-contactos-estrechos-de-positivos.html\" target=\"_blank\" rel=\"noopener\">Diario M\u00e9dico<\/a>.<\/p>\n<p><img fetchpriority=\"high\" decoding=\"async\" class=\"aligncenter size-large wp-image-57346\" src=\"https:\/\/blog.cofb.cat\/wp-content\/uploads\/2021\/10\/Plantilles-recull-18-1024x724.png\" alt=\"\" width=\"620\" height=\"438\" \/><\/p>\n<p>Este \u00faltimo medio, unos d\u00edas m\u00e1s tarde, public\u00f3 otra <a href=\"https:\/\/www.diariomedico.com\/farmacia\/comunitaria\/politica\/las-farmacias-catalanas-preparadas-para-realizar-los-cribados-escolares.html\" target=\"_blank\" rel=\"noopener\">pieza<\/a>, en las que inclu\u00eda declaraciones de la vicepresidenta del COFB, N\u00faria Bosch. Bosch explicaba que \u201cdesde el inicio de la pandemia pusimos de manifiesto la <strong>importancia de contar con la red de farmacias<\/strong> y de su red de <strong>distribuci\u00f3n<\/strong>, ya que con su profesionalidad y proximidad se pod\u00eda llegar a m\u00e1s sitios para hacer cribados\u201d.<\/p>\n<h2><span style=\"color: #000000;\"><strong>Rueda de prensa de Salud y Educaci\u00f3n<\/strong><\/span><\/h2>\n<p>A finales de la primera semana de curso, los medios volvieron a referirse al cribado. <a href=\"https:\/\/www.ccma.cat\/catradio\/alacarta\/el-mati-de-catalunya-radio\/el-mati-de-catalunya-radio-de-8-a-9-h-17092021\/audio\/1110252\/\" target=\"_blank\" rel=\"noopener\">Catalu\u00f1a Radio<\/a> (a partir del minuto 40:52) destac\u00f3 los <strong>3 circuitos establecidos por Salut i Educaci\u00f3 en caso de contagio en el aula, uno de los cuales es el que cuenta con la participaci\u00f3n de las farmacias.<\/strong> Tanto el portal <a href=\"https:\/\/www.ccma.cat\/324\/salut-i-educacio-expectants-a-linici-del-curs-la-variant-delta-canvia-lescenari\/noticia\/3118599\/\" target=\"_blank\" rel=\"noopener\">324.cat<\/a>\u00a0c\u00f3mo <a href=\"https:\/\/www.lavanguardia.com\/vida\/20210917\/7726921\/8-catalanes-menores-12-anos-esta-inmunizado.html\" target=\"_blank\" rel=\"noopener\">La Vanguardia<\/a>\u00a0y el <a href=\"https:\/\/www.ara.cat\/societat\/primera-setmana-curs-acaba-meitat-grups-confinats-l-any-passat_1_4118207.html\" target=\"_blank\" rel=\"noopener\">Diario Ahora<\/a>, recogieron lo m\u00e1s destacado de la rueda de prensa conjunta de Salud y Educaci\u00f3n, en la que se hac\u00eda referencia al cribado.<\/p>\n<p><img decoding=\"async\" class=\"aligncenter size-large wp-image-57347\" src=\"https:\/\/blog.cofb.cat\/wp-content\/uploads\/2021\/10\/Plantilles-recull-19-1024x724.png\" alt=\"\" width=\"620\" height=\"438\" \/><\/p>\n<h2><span style=\"color: #000000;\"><strong>El cribado, en cifras<\/strong><\/span><\/h2>\n<p>Por \u00faltimo, a finales de septiembre, <a href=\"https:\/\/www.diariomedico.com\/farmacia\/comunitaria\/politica\/las-farmacias-de-murcia-supervisaran-los-test-covid-de-un-festival-de-musica.html\" target=\"_blank\" rel=\"noopener\">Diario M\u00e9dico<\/a> se volvi\u00f3 a interesar por el <strong>cribado escolar<\/strong> en t\u00e9rminos de <strong>tests realizados<\/strong> y <strong>positivos detectados<\/strong>. La informaci\u00f3n proporcionada por el COFB en este sentido fue la siguiente (con fecha de 29\/09): desde el 16 de septiembre se hab\u00edan realizado m\u00e1s de <strong>2.700<\/strong> <strong>tests supervisados<\/strong> en las farmacias catalanas, de los que<strong> 9<\/strong> hab\u00edan sido <strong>positivos.<\/strong><\/p>\n<h1><span style=\"color: #008080;\"><strong>D\u00eda Mundial del Farmac\u00e9utico 2021: La Torre Gl\u00f2ries vuelve a iluminarse de verde <\/strong><\/span><\/h1>\n<p>El pasado <strong>22 de septiembre,<\/strong> el <strong>COFB<\/strong> envi\u00f3 una <a href=\"https:\/\/www.cofb.org\/es\/web\/guest\/sala-de-premsa\/notes-premsa\/-\/asset_publisher\/GVZR6OjauRsN\/content\/la-torre-glories-de-barcelona-es-torna-a-il-luminar-de-verd-la-nit-d-avui-22-de-setembre-amb-motiu-de-les-celebracions-del-dia-mundial-del-farmaceutic\/maximized\/?inheritRedirect=false&amp;redirect=https%3A%2F%2Fwww.cofb.org%2Fes%2Fsala-prensa%2Fnotes-prensa%3Fp_p_id%3D101_INSTANCE_GVZR6OjauRsN%26p_p_lifecycle%3D0%26p_p_state%3Dnormal%26p_p_mode%3Dview%26p_p_col_id%3Dcolumn-3%26p_p_col_count%3D1&amp;p_p_state=maximized\" target=\"_blank\" rel=\"noopener\">nota de prensa<\/a> con motivo del <strong>D\u00eda Mundial del Farmac\u00e9utico. <\/strong>En la nota se detallaban algunas de las acciones impulsadas desde el COFB para conmemorar este D\u00eda Mundial, como la iluminaci\u00f3n de verde de la\u00a0<strong>Torre Gl\u00f2ries de Barcelona<\/strong>.<strong>\u00a0<\/strong>\u00c9sta\u00a0<strong>iniciativa<\/strong>, impulsada a nivel estatal por el Consejo General de Colegios Farmac\u00e9uticos, se repiti\u00f3 despu\u00e9s del\u00a0<strong>gran \u00e9xito del a\u00f1o pasado,<\/strong>\u00a0en el que cerca de\u00a0<strong>100 edificios en todo el Estado\u00a0<\/strong>se te\u00f1ieron de\u00a0<strong>color verde para homenajear el papel clave de los farmac\u00e9uticos durante la pandemia<\/strong>.<\/p>\n<p>Los medios que se hicieron eco de esta noticia fueron:\u00a0<a href=\"https:\/\/www.consalud.es\/actualidad-grafica\/mundial-farmaceutico-torre-glories-barcelona-ilumina-verde_102628_102.html\" target=\"_blank\" rel=\"noopener\">ConSalud<\/a>, <a href=\"https:\/\/www.elfarmaceutico.es\/tendencias\/esta-pasando\/noticias\/torre-glories-barcelona-iluminacion-verde-dia-mundial-farmaceutico_150343_102.html\" target=\"_blank\" rel=\"noopener\">El Farmac\u00e9utico<\/a>, <a href=\"https:\/\/www.farmaventas.es\/noticias-del-sector\/12060-la-torre-glories-de-barcelona-se-vuelve-a-iluminar-de-verde-la-noche-de-hoy-22-de-septiembre-con-motivo-de-las-celebraciones-del-dia-mundial-del-farmaceutico.html\" target=\"_blank\" rel=\"noopener\">Farmaventas<\/a>, <a href=\"https:\/\/www.imfarmacias.es\/noticia\/25393\/la-torre-glories-de-barcelona-se-vuelve-a-iluminar-de-verde-en-homena.html\" target=\"_blank\" rel=\"noopener\">ImFarmacias<\/a>, <a href=\"https:\/\/elglobal.es\/farmacia\/la-torre-glories-de-barcelona-inaugura-las-iluminaciones-por-el-dia-mundial-del-farmaceutico\/\" target=\"_blank\" rel=\"noopener\">El Global<\/a>, <a href=\"https:\/\/revistaacofar.com\/actualidad\/noticias\/la-torre-glories-de-barcelona-se-vuelve-a-iluminar-con-motivo-del-dia-mundial-del-farmaceutico\/\" target=\"_blank\" rel=\"noopener\">Acofar,<\/a>\u00a0<a href=\"http:\/\/www.pmfarma.es\/noticias\/32208-la-torre-glories-de-barcelona-se-vuelve-a-iluminar-de-verde-con-motivo-de-las-celebraciones-del-dia-mundial-del-farmaceutico.html\" target=\"_blank\" rel=\"noopener\">PM Farma<\/a>\u00a0y\u00a0<a href=\"https:\/\/www.metropoliabierta.com\/vivir-en-barcelona\/torre-glories-iluminada-verde-farmacia_44310_102.html\" target=\"_blank\" rel=\"noopener\">Metr\u00f3polis Abierta<\/a>.<\/p>\n<p><img decoding=\"async\" class=\"aligncenter size-large wp-image-57352\" src=\"https:\/\/blog.cofb.cat\/wp-content\/uploads\/2021\/10\/Plantilles-recull-20-1024x724.png\" alt=\"\" width=\"620\" height=\"438\" \/><\/p>\n<h1><strong><span style=\"color: #008080;\">Menciones en el COFB <\/span><\/strong><\/h1>\n<h2><strong><span style=\"color: #000000;\">Jornadas SEFAC: Con la participaci\u00f3n de Jordi Casas, presidente del COFB, y Guillermo Bagar\u00eda, vocal de Oficina de Farmacia del COFB<\/span><\/strong><\/h2>\n<p>El pasado <strong>30 de septiembre,<\/strong>\u00a0tuvo lugar en Barcelona las Jornadas SEFAC 2021 bajo el lema &quot;Farmac\u00e9uticos comunitarios: sanitarios, cl\u00ednicos y asistenciales&quot;. La inauguraci\u00f3n corri\u00f3 a cargo de <strong>Gemma Craywinkel<\/strong>, directora del CatSalut;\u00a0<strong>Vicente J. Biaxauli<\/strong>, presidente de SEFAC; <strong>Ignacio Jan\u00e9<\/strong>, presidente de SEFAC Catalu\u00f1a; y\u00a0<strong>Jordi Casas<\/strong>, presidente del COFB. Asimismo,\u00a0<strong>Guillermo Bagar\u00eda<\/strong>, vocal de Oficina de Farmacia del COFB, particip\u00f3 en la mesa redonda \u201cLa farmacia comunitaria como centro sanitario: debilidades, amenazas, fortalezas y oportunidades\u201d.<\/p>\n<p>Los medios que hicieron referencia a las Jornadas fueron\u00a0<a href=\"https:\/\/www.elfarmaceutico.es\/tendencias\/esta-pasando\/noticias\/sefac-debate-en-barcelona-sobre-debilidades-fortalezas-farmacia_150388_102.html\" target=\"_blank\" rel=\"noopener\">El Farmac\u00e9utico<\/a>,\u00a0<a href=\"https:\/\/www.imfarmacias.es\/noticia\/25527\/jornada-sefac-debilidades-oportunidades-y-fortalezas-de-las-farmacia.html\" target=\"_blank\" rel=\"noopener\">ImFarmacias<\/a>, <a href=\"https:\/\/www.pmfarma.es\/noticias\/32285-reforzar-la-labor-clinica-y-asistencial-con-una-actitud-proactiva-y-mejorar-la-formacion-digital-aspectos-esenciales-para-que-las-farmacias.html\" target=\"_blank\" rel=\"noopener\">PmFarma<\/a>, <a href=\"https:\/\/www.diariofarma.com\/2021\/10\/01\/sefac-centra-el-exito-del-futuro-de-las-farmacias-en-la-digitalizacion-y-la-labor-clinica-y-asistencial\" target=\"_blank\" rel=\"noopener\">Diariofarma<\/a> y\u00a0<a href=\"https:\/\/revistafarmanatur.com\/formacion\/reforzar-la-labor-asistencial-mejorar-la-formacion-digital-esencial-las-farmacias-encaren-futuro-exito\/\" target=\"_blank\" rel=\"noopener\">Farmanaturo.<\/a><\/p>\n<p><img loading=\"lazy\" decoding=\"async\" class=\"aligncenter size-large wp-image-57353\" src=\"https:\/\/blog.cofb.cat\/wp-content\/uploads\/2021\/10\/Plantilles-recull-21-1024x724.png\" alt=\"\" width=\"620\" height=\"438\" \/><\/p>\n<h2><span style=\"color: #000000;\"><strong>Entrevista a Anna Font, coordinadora de las farmacias del Vall\u00e8s Oriental<\/strong><\/span><\/h2>\n<p>El pasado 10 de septiembre el diario <strong>El 9 Nuevo<\/strong> hizo una entrevista en <strong>Anna Font<\/strong>, farmac\u00e9utica comunitaria y coordinadora de las farmacias del Vall\u00e8s Oriental. En la entrevista, Font hizo referencia a la labor de los farmac\u00e9uticos durante la pandemia: \u201cHemos tenido y seguimos teniendo un <strong>papel primordial<\/strong>, pero estamos poco reconocidos. Hemos hecho muchas cosas, y a\u00fan podr\u00edamos haber hecho m\u00e1s\u201d.<\/p>\n<p>La coordinadora del COFB en el Vall\u00e8s Oriental tambi\u00e9n destac\u00f3 algunos proyectos que se han impulsado en colaboraci\u00f3n con el CatSalut, como <strong>\u00a1YO DIGO!<\/strong>, en cuyo marco las farmacias se convierten en punto de derivaci\u00f3n, informaci\u00f3n y concienciaci\u00f3n sobre la COVID-19.<\/p>\n<h2><span style=\"color: #000000;\"><strong>Infecciones v\u00edricas de la piel<\/strong><\/span><\/h2>\n<p>El pasado 29 de septiembre,<strong> Laboratorios Vi\u00f1as<\/strong> public\u00f3 una nota de prensa sobre el curso del COFB que patrocina, titulado \u201c<strong>Infecciones v\u00edricas de la piel<\/strong>\u201c. El objetivo principal de la formaci\u00f3n es dar a conocer las <strong>caracter\u00edsticas cl\u00ednicas de las infecciones v\u00edricas<\/strong>, su <strong>tratamiento farmacol\u00f3gico<\/strong>y las <strong>medidas higi\u00e9nicas y diet\u00e9ticas<\/strong> que deben tomarse para poder distinguir los<strong> criterios de dispensaci\u00f3n, seguimiento <\/strong>y <strong>derivaci\u00f3n de cada caso<\/strong>.<\/p>\n<p>El curso, basado en <strong>casos pr\u00e1cticos<\/strong> para facilitar la interacci\u00f3n entre ponentes y asistentes, se celebrar\u00e1 los pr\u00f3ximos <strong>18 y 20 de octubre en formato h\u00edbrido<\/strong> (presencial y <em>streaming<\/em>). Lo recogen medios especializados como <a href=\"https:\/\/revistafarmanatur.com\/home-drch\/infecciones-viricas-la-piel-primera-formacion-dermatologia-del-cofb-patrocinada-laboratorios-vinas\/\" target=\"_blank\" rel=\"noopener\">Farmanaturo<\/a>, <a href=\"https:\/\/www.farmaventas.es\/noticias-del-sector\/12085-infecciones-viricas-de-la-piel-primera-formacion-en-dermatologia-del-cofb-patrocinada-por-laboratorios-vinas.html\" target=\"_blank\" rel=\"noopener\">Farmaventas<\/a> y <a href=\"https:\/\/www.imfarmacias.es\/noticia\/25492\/laboratorios-vinas-impulsa-la-formacion-dermatologica-con-el-patroc.html\" target=\"_blank\" rel=\"noopener\">ImFarmacias<\/a>.<\/p>\n<p><span style=\"color: #ff6600;\"><img loading=\"lazy\" decoding=\"async\" class=\"aligncenter size-large wp-image-57354\" src=\"https:\/\/blog.cofb.cat\/wp-content\/uploads\/2021\/10\/Plantilles-recull-22-1024x724.png\" alt=\"\" width=\"620\" height=\"438\" \/><\/span><\/p>\n<h2><span style=\"color: #000000;\"><strong>Tests de autodiagn\u00f3stico para detectar infecciones de transmisi\u00f3n sexual<\/strong><\/span><\/h2>\n<p>El 29 de septiembre se public\u00f3 en <strong>Blog Dexeus Mujer<\/strong>, un espacio de informaci\u00f3n de actualidad sobre temas de salud femenina, un art\u00edculo titulado\u00a0<a href=\"https:\/\/www.dexeus.com\/blog\/sexualidad-y-pareja\/test-de-autodiagnostico-de-infecciones-de-transmision-sexual\/\" target=\"_blank\" rel=\"noopener\">\u00bfSabes que existen test de autodiagn\u00f3stico de infecciones de transmisi\u00f3n sexual?<\/a>, en la que se informaba de los <strong>test de autodiagn\u00f3stico que sirven para detectar infecciones de transmisi\u00f3n sexual<\/strong>. A trav\u00e9s de informaci\u00f3n proporcionada por la Vocal\u00eda de Oficina de Farmacia del COFB, profundizaban en aspectos como qu\u00e9 tests de autodiagn\u00f3stico se pueden adquirir en las farmacias, en qu\u00e9 casos est\u00e1 indicado realizarse estas pruebas o cu\u00e1nto tiempo se puede tardar en obtener los resultados.<\/p>\n<p><strong>Otras publicaciones de inter\u00e9s:<\/strong><\/p>\n<ul>\n<li><a href=\"https:\/\/blog.cofb.cat\/agost-els-tests-dantigens-a-les-farmacies-per-detectar-casos-de-covid-19-i-el-paper-dels-farmaceutics-en-la-seva-supervisio-tema-mes-destacat-als-mitjans\/\" target=\"_blank\" rel=\"noopener\">Agosto: Los test de ant\u00edgenos en las farmacias para detectar casos de COVID-19 y el papel de los farmac\u00e9uticos en su supervisi\u00f3n, tema m\u00e1s destacado en los medios (Septiembre 2021)<\/a><\/li>\n<li><a href=\"https:\/\/blog.cofb.cat\/juliol-tests-dantigens-recepta-farmacies-cribratge-als-professionals-participants-lleure-educatiu-destiu-temes-mes-destacats-als-mitjans\/\" target=\"_blank\" rel=\"noopener\">Julio: Los test de ant\u00edgenos sin receta en las farmacias y el cribado a los profesionales y participantes del ocio educativo de verano, temas m\u00e1s destacados en los medios (Agosto 2021)<\/a><\/li>\n<li><a href=\"https:\/\/blog.cofb.cat\/juny-infarma-virtual-2021-lextensio-farmaserveis-catalunya-cloenda-xvi-edicio-mgof-temes-mes-destacats-als-mitjans\/\" target=\"_blank\" rel=\"noopener\">Junio: Infarma Virtual 2021, la extensi\u00f3n de Farmaserveis en toda Catalu\u00f1a y la clausura de la XVI edici\u00f3n del MGOF, temas m\u00e1s destacados en los medios (Julio 2021)<\/a><\/li>\n<\/ul>","protected":false},"excerpt":{"rendered":"<p>Cribado escolar: test de ant\u00edgenos r\u00e1pidos desde las farmacias comunitarias Coincidiendo con el inicio del curso escolar, la semana del 13 de septiembre se puso en marcha un nuevo cribado dirigido a alumnado y profesorado, impulsado por los Departamentos de Salud y Educaci\u00f3n, en colaboraci\u00f3n con el Consejo de Colegios Farmac\u00e9uticos de Catalu\u00f1a. [\u2026]<\/p>","protected":false},"author":1,"featured_media":78117,"comment_status":"open","ping_status":"open","sticky":false,"template":"","format":"standard","meta":{"_uag_custom_page_level_css":"","site-sidebar-layout":"default","site-content-layout":"","ast-site-content-layout":"default","site-content-style":"default","site-sidebar-style":"default","ast-global-header-display":"","ast-banner-title-visibility":"","ast-main-header-display":"","ast-hfb-above-header-display":"","ast-hfb-below-header-display":"","ast-hfb-mobile-header-display":"","site-post-title":"","ast-breadcrumbs-content":"","ast-featured-img":"disabled","footer-sml-layout":"","theme-transparent-header-meta":"","adv-header-id-meta":"","stick-header-meta":"","header-above-stick-meta":"","header-main-stick-meta":"","header-below-stick-meta":"","astra-migrate-meta-layouts":"set","ast-page-background-enabled":"default","ast-page-background-meta":{"desktop":{"background-color":"var(--ast-global-color-4)","background-image":"","background-repeat":"repeat","background-position":"center center","background-size":"auto","background-attachment":"scroll","background-type":"","background-media":"","overlay-type":"","overlay-color":"","overlay-opacity":"","overlay-gradient":""},"tablet":{"background-color":"","background-image":"","background-repeat":"repeat","background-position":"center center","background-size":"auto","background-attachment":"scroll","background-type":"","background-media":"","overlay-type":"","overlay-color":"","overlay-opacity":"","overlay-gradient":""},"mobile":{"background-color":"","background-image":"","background-repeat":"repeat","background-position":"center center","background-size":"auto","background-attachment":"scroll","background-type":"","background-media":"","overlay-type":"","overlay-color":"","overlay-opacity":"","overlay-gradient":""}},"ast-content-background-meta":{"desktop":{"background-color":"var(--ast-global-color-5)","background-image":"","background-repeat":"repeat","background-position":"center center","background-size":"auto","background-attachment":"scroll","background-type":"","background-media":"","overlay-type":"","overlay-color":"","overlay-opacity":"","overlay-gradient":""},"tablet":{"background-color":"var(--ast-global-color-5)","background-image":"","background-repeat":"repeat","background-position":"center center","background-size":"auto","background-attachment":"scroll","background-type":"","background-media":"","overlay-type":"","overlay-color":"","overlay-opacity":"","overlay-gradient":""},"mobile":{"background-color":"var(--ast-global-color-5)","background-image":"","background-repeat":"repeat","background-position":"center center","background-size":"auto","background-attachment":"scroll","background-type":"","background-media":"","overlay-type":"","overlay-color":"","overlay-opacity":"","overlay-gradient":""}},"footnotes":""},"categories":[23,32],"tags":[4644,18,19,3295,469,90,728,458,4618,916,3252,4645,2134,465,53,68,69,4633,4646,459,264,4647,4648,557,461,117,510,4649,4622,4498,4312],"class_list":["post-56853","post","type-post","status-publish","format-standard","has-post-thumbnail","hentry","category-destacats","category-noticies-farmacia","tag-alumnat","tag-cofb","tag-collegi-de-farmaceutics-de-barcelona","tag-contagi","tag-coronavirus","tag-covid-19","tag-cribratge","tag-cribratge-escolar","tag-deteccio","tag-dia-mundial-del-farmaceutic","tag-dmf","tag-dmf2021","tag-entrevista","tag-escoles","tag-farmaceutics","tag-farmacia","tag-farmacia-comunitaria","tag-illuminacio-torre-glories","tag-mestres","tag-mitjans","tag-prevencio","tag-primaria","tag-professorat","tag-repercussions","tag-repercussions-als-mitjans","tag-salut","tag-sanitat","tag-secundaria","tag-tar","tag-test-antigens","tag-torre-glories"],"yoast_head":"<!-- This site is optimized with the Yoast SEO plugin v22.4 - https:\/\/yoast.com\/wordpress\/plugins\/seo\/ -->\n<title>Setembre: El cribratge escolar des de les farm\u00e0cies i la il\u00b7luminaci\u00f3 de la Torre Gl\u00f2ries, amb motiu del Dia Mundial del Farmac\u00e8utic, temes m\u00e9s destacats als mitjans - Col\u00b7legi de Farmac\u00e8utics de Barcelona<\/title>\n<meta name=\"description\" content=\"Coincidint amb l&#039;inici del curs escolar, la setmana del 13 de setembre, es va posar en marxa un nou cribratge per part dels Departaments de Salut i Educaci\u00f3, que compta amb la participaci\u00f3 de m\u00e9s de 1.400 farm\u00e0cies comunit\u00e0ries catalanes.\" \/>\n<meta name=\"robots\" content=\"index, follow, max-snippet:-1, max-image-preview:large, max-video-preview:-1\" \/>\n<link rel=\"canonical\" href=\"https:\/\/novaorg.cofb.net\/2021\/10\/22\/setembre-el-cribratge-escolar-des-de-les-farmacies-i-la-illuminacio-de-la-torre-glories-amb-motiu-del-dia-mundial-del-farmaceutic-temes-mes-destacats-als-mitjans\/\" \/>\n<meta property=\"og:locale\" content=\"es_ES\" \/>\n<meta property=\"og:type\" content=\"article\" \/>\n<meta property=\"og:title\" content=\"Setembre: El cribratge escolar des de les farm\u00e0cies i la il\u00b7luminaci\u00f3 de la Torre Gl\u00f2ries, amb motiu del Dia Mundial del Farmac\u00e8utic, temes m\u00e9s destacats als mitjans - Col\u00b7legi de Farmac\u00e8utics de Barcelona\" \/>\n<meta property=\"og:description\" content=\"Coincidint amb l&#039;inici del curs escolar, la setmana del 13 de setembre, es va posar en marxa un nou cribratge per part dels Departaments de Salut i Educaci\u00f3, que compta amb la participaci\u00f3 de m\u00e9s de 1.400 farm\u00e0cies comunit\u00e0ries catalanes.\" \/>\n<meta property=\"og:url\" content=\"https:\/\/novaorg.cofb.net\/2021\/10\/22\/setembre-el-cribratge-escolar-des-de-les-farmacies-i-la-illuminacio-de-la-torre-glories-amb-motiu-del-dia-mundial-del-farmaceutic-temes-mes-destacats-als-mitjans\/\" \/>\n<meta property=\"og:site_name\" content=\"Col\u00b7legi de Farmac\u00e8utics de Barcelona\" \/>\n<meta property=\"article:publisher\" content=\"https:\/\/www.facebook.com\/farmaceuticsbcn\/\" \/>\n<meta property=\"article:published_time\" content=\"2021-10-22T08:02:09+00:00\" \/>\n<meta property=\"article:modified_time\" content=\"2024-04-05T10:51:04+00:00\" \/>\n<meta property=\"og:image\" content=\"https:\/\/novaorg.cofb.net\/wp-content\/uploads\/2024\/04\/Plantilles-recull-18-1024x724-1.png\" \/>\n\t<meta property=\"og:image:width\" content=\"1024\" \/>\n\t<meta property=\"og:image:height\" content=\"724\" \/>\n\t<meta property=\"og:image:type\" content=\"image\/png\" \/>\n<meta name=\"author\" content=\"wpAdminCofbOrg\" \/>\n<meta name=\"twitter:card\" content=\"summary_large_image\" \/>\n<meta name=\"twitter:creator\" content=\"@farmaceuticsbcn\" \/>\n<meta name=\"twitter:site\" content=\"@farmaceuticsbcn\" \/>\n<meta name=\"twitter:label1\" content=\"Escrito por\" \/>\n\t<meta name=\"twitter:data1\" content=\"wpAdminCofbOrg\" \/>\n\t<meta name=\"twitter:label2\" content=\"Tiempo de lectura\" \/>\n\t<meta name=\"twitter:data2\" content=\"7 minutos\" \/>\n<script type=\"application\/ld+json\" class=\"yoast-schema-graph\">{\"@context\":\"https:\/\/schema.org\",\"@graph\":[{\"@type\":\"Article\",\"@id\":\"https:\/\/novaorg.cofb.net\/2021\/10\/22\/setembre-el-cribratge-escolar-des-de-les-farmacies-i-la-illuminacio-de-la-torre-glories-amb-motiu-del-dia-mundial-del-farmaceutic-temes-mes-destacats-als-mitjans\/#article\",\"isPartOf\":{\"@id\":\"https:\/\/novaorg.cofb.net\/2021\/10\/22\/setembre-el-cribratge-escolar-des-de-les-farmacies-i-la-illuminacio-de-la-torre-glories-amb-motiu-del-dia-mundial-del-farmaceutic-temes-mes-destacats-als-mitjans\/\"},\"author\":{\"name\":\"wpAdminCofbOrg\",\"@id\":\"https:\/\/www.cofb.org\/#\/schema\/person\/22ed7eea88da74b0fa4d3154ad87ffcb\"},\"headline\":\"Setembre: El cribratge escolar des de les farm\u00e0cies i la il\u00b7luminaci\u00f3 de la Torre Gl\u00f2ries, amb motiu del Dia Mundial del Farmac\u00e8utic, temes m\u00e9s destacats als mitjans\",\"datePublished\":\"2021-10-22T08:02:09+00:00\",\"dateModified\":\"2024-04-05T10:51:04+00:00\",\"mainEntityOfPage\":{\"@id\":\"https:\/\/novaorg.cofb.net\/2021\/10\/22\/setembre-el-cribratge-escolar-des-de-les-farmacies-i-la-illuminacio-de-la-torre-glories-amb-motiu-del-dia-mundial-del-farmaceutic-temes-mes-destacats-als-mitjans\/\"},\"wordCount\":1191,\"commentCount\":0,\"publisher\":{\"@id\":\"https:\/\/www.cofb.org\/#organization\"},\"image\":{\"@id\":\"https:\/\/novaorg.cofb.net\/2021\/10\/22\/setembre-el-cribratge-escolar-des-de-les-farmacies-i-la-illuminacio-de-la-torre-glories-amb-motiu-del-dia-mundial-del-farmaceutic-temes-mes-destacats-als-mitjans\/#primaryimage\"},\"thumbnailUrl\":\"https:\/\/www.cofb.org\/wp-content\/uploads\/2024\/04\/Plantilles-recull-18-1024x724-1.png\",\"keywords\":[\"alumnat\",\"COFB\",\"Col\u00b7legi de Farmac\u00e8utics de Barcelona\",\"contagi\",\"coronavirus\",\"COVID-19\",\"cribratge\",\"cribratge escolar\",\"detecci\u00f3\",\"Dia Mundial del Farmac\u00e8utic\",\"DMF\",\"DMF2021\",\"entrevista\",\"escoles\",\"farmac\u00e8utics\",\"Farm\u00e0cia\",\"farm\u00e0cia comunit\u00e0ria\",\"il\u00b7luminaci\u00f3 Torre Gl\u00f2ries\",\"mestres\",\"Mitjans\",\"prevenci\u00f3\",\"prim\u00e0ria\",\"professorat\",\"repercussions\",\"repercussions als mitjans\",\"salut\",\"sanitat\",\"secund\u00e0ria\",\"TAR\",\"test ant\u00edgens\",\"Torre Gl\u00f2ries\"],\"articleSection\":[\"Destacats\",\"Not\u00edcies farm\u00e0cia\"],\"inLanguage\":\"es\",\"potentialAction\":[{\"@type\":\"CommentAction\",\"name\":\"Comment\",\"target\":[\"https:\/\/novaorg.cofb.net\/2021\/10\/22\/setembre-el-cribratge-escolar-des-de-les-farmacies-i-la-illuminacio-de-la-torre-glories-amb-motiu-del-dia-mundial-del-farmaceutic-temes-mes-destacats-als-mitjans\/#respond\"]}]},{\"@type\":\"WebPage\",\"@id\":\"https:\/\/novaorg.cofb.net\/2021\/10\/22\/setembre-el-cribratge-escolar-des-de-les-farmacies-i-la-illuminacio-de-la-torre-glories-amb-motiu-del-dia-mundial-del-farmaceutic-temes-mes-destacats-als-mitjans\/\",\"url\":\"https:\/\/novaorg.cofb.net\/2021\/10\/22\/setembre-el-cribratge-escolar-des-de-les-farmacies-i-la-illuminacio-de-la-torre-glories-amb-motiu-del-dia-mundial-del-farmaceutic-temes-mes-destacats-als-mitjans\/\",\"name\":\"Setembre: El cribratge escolar des de les farm\u00e0cies i la il\u00b7luminaci\u00f3 de la Torre Gl\u00f2ries, amb motiu del Dia Mundial del Farmac\u00e8utic, temes m\u00e9s destacats als mitjans - Col\u00b7legi de Farmac\u00e8utics de Barcelona\",\"isPartOf\":{\"@id\":\"https:\/\/www.cofb.org\/#website\"},\"primaryImageOfPage\":{\"@id\":\"https:\/\/novaorg.cofb.net\/2021\/10\/22\/setembre-el-cribratge-escolar-des-de-les-farmacies-i-la-illuminacio-de-la-torre-glories-amb-motiu-del-dia-mundial-del-farmaceutic-temes-mes-destacats-als-mitjans\/#primaryimage\"},\"image\":{\"@id\":\"https:\/\/novaorg.cofb.net\/2021\/10\/22\/setembre-el-cribratge-escolar-des-de-les-farmacies-i-la-illuminacio-de-la-torre-glories-amb-motiu-del-dia-mundial-del-farmaceutic-temes-mes-destacats-als-mitjans\/#primaryimage\"},\"thumbnailUrl\":\"https:\/\/www.cofb.org\/wp-content\/uploads\/2024\/04\/Plantilles-recull-18-1024x724-1.png\",\"datePublished\":\"2021-10-22T08:02:09+00:00\",\"dateModified\":\"2024-04-05T10:51:04+00:00\",\"description\":\"Coincidint amb l'inici del curs escolar, la setmana del 13 de setembre, es va posar en marxa un nou cribratge per part dels Departaments de Salut i Educaci\u00f3, que compta amb la participaci\u00f3 de m\u00e9s de 1.400 farm\u00e0cies comunit\u00e0ries catalanes.\",\"breadcrumb\":{\"@id\":\"https:\/\/novaorg.cofb.net\/2021\/10\/22\/setembre-el-cribratge-escolar-des-de-les-farmacies-i-la-illuminacio-de-la-torre-glories-amb-motiu-del-dia-mundial-del-farmaceutic-temes-mes-destacats-als-mitjans\/#breadcrumb\"},\"inLanguage\":\"es\",\"potentialAction\":[{\"@type\":\"ReadAction\",\"target\":[\"https:\/\/novaorg.cofb.net\/2021\/10\/22\/setembre-el-cribratge-escolar-des-de-les-farmacies-i-la-illuminacio-de-la-torre-glories-amb-motiu-del-dia-mundial-del-farmaceutic-temes-mes-destacats-als-mitjans\/\"]}]},{\"@type\":\"ImageObject\",\"inLanguage\":\"es\",\"@id\":\"https:\/\/novaorg.cofb.net\/2021\/10\/22\/setembre-el-cribratge-escolar-des-de-les-farmacies-i-la-illuminacio-de-la-torre-glories-amb-motiu-del-dia-mundial-del-farmaceutic-temes-mes-destacats-als-mitjans\/#primaryimage\",\"url\":\"https:\/\/www.cofb.org\/wp-content\/uploads\/2024\/04\/Plantilles-recull-18-1024x724-1.png\",\"contentUrl\":\"https:\/\/www.cofb.org\/wp-content\/uploads\/2024\/04\/Plantilles-recull-18-1024x724-1.png\",\"width\":1024,\"height\":724},{\"@type\":\"BreadcrumbList\",\"@id\":\"https:\/\/novaorg.cofb.net\/2021\/10\/22\/setembre-el-cribratge-escolar-des-de-les-farmacies-i-la-illuminacio-de-la-torre-glories-amb-motiu-del-dia-mundial-del-farmaceutic-temes-mes-destacats-als-mitjans\/#breadcrumb\",\"itemListElement\":[{\"@type\":\"ListItem\",\"position\":1,\"name\":\"Inici\",\"item\":\"https:\/\/novaorg.cofb.net\/\"},{\"@type\":\"ListItem\",\"position\":2,\"name\":\"Setembre: El cribratge escolar des de les farm\u00e0cies i la il\u00b7luminaci\u00f3 de la Torre Gl\u00f2ries, amb motiu del Dia Mundial del Farmac\u00e8utic, temes m\u00e9s destacats als mitjans\"}]},{\"@type\":\"WebSite\",\"@id\":\"https:\/\/www.cofb.org\/#website\",\"url\":\"https:\/\/www.cofb.org\/\",\"name\":\"Col\u00b7legi de Farmac\u00e8utics de Barcelona\",\"description\":\"\",\"publisher\":{\"@id\":\"https:\/\/www.cofb.org\/#organization\"},\"potentialAction\":[{\"@type\":\"SearchAction\",\"target\":{\"@type\":\"EntryPoint\",\"urlTemplate\":\"https:\/\/www.cofb.org\/?s={search_term_string}\"},\"query-input\":\"required name=search_term_string\"}],\"inLanguage\":\"es\"},{\"@type\":\"Organization\",\"@id\":\"https:\/\/www.cofb.org\/#organization\",\"name\":\"Col\u00b7legi de Farmac\u00e8utics de Barcelona\",\"url\":\"https:\/\/www.cofb.org\/\",\"logo\":{\"@type\":\"ImageObject\",\"inLanguage\":\"es\",\"@id\":\"https:\/\/www.cofb.org\/#\/schema\/logo\/image\/\",\"url\":\"https:\/\/www.cofb.org\/wp-content\/uploads\/2023\/11\/cropped-Logotip-COFB.png\",\"contentUrl\":\"https:\/\/www.cofb.org\/wp-content\/uploads\/2023\/11\/cropped-Logotip-COFB.png\",\"width\":500,\"height\":105,\"caption\":\"Col\u00b7legi de Farmac\u00e8utics de Barcelona\"},\"image\":{\"@id\":\"https:\/\/www.cofb.org\/#\/schema\/logo\/image\/\"},\"sameAs\":[\"https:\/\/www.facebook.com\/farmaceuticsbcn\/\",\"https:\/\/twitter.com\/farmaceuticsbcn\",\"https:\/\/www.instagram.com\/farmaceuticsbcn\/\",\"https:\/\/www.linkedin.com\/company\/farmaceuticsbcn\/\"]},{\"@type\":\"Person\",\"@id\":\"https:\/\/www.cofb.org\/#\/schema\/person\/22ed7eea88da74b0fa4d3154ad87ffcb\",\"name\":\"wpAdminCofbOrg\",\"image\":{\"@type\":\"ImageObject\",\"inLanguage\":\"es\",\"@id\":\"https:\/\/www.cofb.org\/#\/schema\/person\/image\/\",\"url\":\"https:\/\/secure.gravatar.com\/avatar\/1721b20b3b8ca882c3b56ec6c978c594fff670e40c0718e9190eaeeb76aae7d8?s=96&d=mm&r=g\",\"contentUrl\":\"https:\/\/secure.gravatar.com\/avatar\/1721b20b3b8ca882c3b56ec6c978c594fff670e40c0718e9190eaeeb76aae7d8?s=96&d=mm&r=g\",\"caption\":\"wpAdminCofbOrg\"},\"sameAs\":[\"http:\/\/192.168.64.122\/wordpress\"],\"url\":\"https:\/\/www.cofb.org\/es\/author\/wpadmincofborg\/\"}]}<\/script>\n<!-- \/ Yoast SEO plugin. -->","yoast_head_json":{"title":"Setembre: El cribratge escolar des de les farm\u00e0cies i la il\u00b7luminaci\u00f3 de la Torre Gl\u00f2ries, amb motiu del Dia Mundial del Farmac\u00e8utic, temes m\u00e9s destacats als mitjans - Col\u00b7legi de Farmac\u00e8utics de Barcelona","description":"Coincidint amb l'inici del curs escolar, la setmana del 13 de setembre, es va posar en marxa un nou cribratge per part dels Departaments de Salut i Educaci\u00f3, que compta amb la participaci\u00f3 de m\u00e9s de 1.400 farm\u00e0cies comunit\u00e0ries catalanes.","robots":{"index":"index","follow":"follow","max-snippet":"max-snippet:-1","max-image-preview":"max-image-preview:large","max-video-preview":"max-video-preview:-1"},"canonical":"https:\/\/novaorg.cofb.net\/2021\/10\/22\/setembre-el-cribratge-escolar-des-de-les-farmacies-i-la-illuminacio-de-la-torre-glories-amb-motiu-del-dia-mundial-del-farmaceutic-temes-mes-destacats-als-mitjans\/","og_locale":"es_ES","og_type":"article","og_title":"Setembre: El cribratge escolar des de les farm\u00e0cies i la il\u00b7luminaci\u00f3 de la Torre Gl\u00f2ries, amb motiu del Dia Mundial del Farmac\u00e8utic, temes m\u00e9s destacats als mitjans - Col\u00b7legi de Farmac\u00e8utics de Barcelona","og_description":"Coincidint amb l'inici del curs escolar, la setmana del 13 de setembre, es va posar en marxa un nou cribratge per part dels Departaments de Salut i Educaci\u00f3, que compta amb la participaci\u00f3 de m\u00e9s de 1.400 farm\u00e0cies comunit\u00e0ries catalanes.","og_url":"https:\/\/novaorg.cofb.net\/2021\/10\/22\/setembre-el-cribratge-escolar-des-de-les-farmacies-i-la-illuminacio-de-la-torre-glories-amb-motiu-del-dia-mundial-del-farmaceutic-temes-mes-destacats-als-mitjans\/","og_site_name":"Col\u00b7legi de Farmac\u00e8utics de Barcelona","article_publisher":"https:\/\/www.facebook.com\/farmaceuticsbcn\/","article_published_time":"2021-10-22T08:02:09+00:00","article_modified_time":"2024-04-05T10:51:04+00:00","og_image":[{"width":1024,"height":724,"url":"https:\/\/novaorg.cofb.net\/wp-content\/uploads\/2024\/04\/Plantilles-recull-18-1024x724-1.png","type":"image\/png"}],"author":"wpAdminCofbOrg","twitter_card":"summary_large_image","twitter_creator":"@farmaceuticsbcn","twitter_site":"@farmaceuticsbcn","twitter_misc":{"Escrito por":"wpAdminCofbOrg","Tiempo de lectura":"7 minutos"},"schema":{"@context":"https:\/\/schema.org","@graph":[{"@type":"Article","@id":"https:\/\/novaorg.cofb.net\/2021\/10\/22\/setembre-el-cribratge-escolar-des-de-les-farmacies-i-la-illuminacio-de-la-torre-glories-amb-motiu-del-dia-mundial-del-farmaceutic-temes-mes-destacats-als-mitjans\/#article","isPartOf":{"@id":"https:\/\/novaorg.cofb.net\/2021\/10\/22\/setembre-el-cribratge-escolar-des-de-les-farmacies-i-la-illuminacio-de-la-torre-glories-amb-motiu-del-dia-mundial-del-farmaceutic-temes-mes-destacats-als-mitjans\/"},"author":{"name":"wpAdminCofbOrg","@id":"https:\/\/www.cofb.org\/#\/schema\/person\/22ed7eea88da74b0fa4d3154ad87ffcb"},"headline":"Setembre: El cribratge escolar des de les farm\u00e0cies i la il\u00b7luminaci\u00f3 de la Torre Gl\u00f2ries, amb motiu del Dia Mundial del Farmac\u00e8utic, temes m\u00e9s destacats als mitjans","datePublished":"2021-10-22T08:02:09+00:00","dateModified":"2024-04-05T10:51:04+00:00","mainEntityOfPage":{"@id":"https:\/\/novaorg.cofb.net\/2021\/10\/22\/setembre-el-cribratge-escolar-des-de-les-farmacies-i-la-illuminacio-de-la-torre-glories-amb-motiu-del-dia-mundial-del-farmaceutic-temes-mes-destacats-als-mitjans\/"},"wordCount":1191,"commentCount":0,"publisher":{"@id":"https:\/\/www.cofb.org\/#organization"},"image":{"@id":"https:\/\/novaorg.cofb.net\/2021\/10\/22\/setembre-el-cribratge-escolar-des-de-les-farmacies-i-la-illuminacio-de-la-torre-glories-amb-motiu-del-dia-mundial-del-farmaceutic-temes-mes-destacats-als-mitjans\/#primaryimage"},"thumbnailUrl":"https:\/\/www.cofb.org\/wp-content\/uploads\/2024\/04\/Plantilles-recull-18-1024x724-1.png","keywords":["alumnat","COFB","Col\u00b7legi de Farmac\u00e8utics de Barcelona","contagi","coronavirus","COVID-19","cribratge","cribratge escolar","detecci\u00f3","Dia Mundial del Farmac\u00e8utic","DMF","DMF2021","entrevista","escoles","farmac\u00e8utics","Farm\u00e0cia","farm\u00e0cia comunit\u00e0ria","il\u00b7luminaci\u00f3 Torre Gl\u00f2ries","mestres","Mitjans","prevenci\u00f3","prim\u00e0ria","professorat","repercussions","repercussions als mitjans","salut","sanitat","secund\u00e0ria","TAR","test ant\u00edgens","Torre Gl\u00f2ries"],"articleSection":["Destacats","Not\u00edcies farm\u00e0cia"],"inLanguage":"es","potentialAction":[{"@type":"CommentAction","name":"Comment","target":["https:\/\/novaorg.cofb.net\/2021\/10\/22\/setembre-el-cribratge-escolar-des-de-les-farmacies-i-la-illuminacio-de-la-torre-glories-amb-motiu-del-dia-mundial-del-farmaceutic-temes-mes-destacats-als-mitjans\/#respond"]}]},{"@type":"WebPage","@id":"https:\/\/novaorg.cofb.net\/2021\/10\/22\/setembre-el-cribratge-escolar-des-de-les-farmacies-i-la-illuminacio-de-la-torre-glories-amb-motiu-del-dia-mundial-del-farmaceutic-temes-mes-destacats-als-mitjans\/","url":"https:\/\/novaorg.cofb.net\/2021\/10\/22\/setembre-el-cribratge-escolar-des-de-les-farmacies-i-la-illuminacio-de-la-torre-glories-amb-motiu-del-dia-mundial-del-farmaceutic-temes-mes-destacats-als-mitjans\/","name":"Setembre: El cribratge escolar des de les farm\u00e0cies i la il\u00b7luminaci\u00f3 de la Torre Gl\u00f2ries, amb motiu del Dia Mundial del Farmac\u00e8utic, temes m\u00e9s destacats als mitjans - Col\u00b7legi de Farmac\u00e8utics de Barcelona","isPartOf":{"@id":"https:\/\/www.cofb.org\/#website"},"primaryImageOfPage":{"@id":"https:\/\/novaorg.cofb.net\/2021\/10\/22\/setembre-el-cribratge-escolar-des-de-les-farmacies-i-la-illuminacio-de-la-torre-glories-amb-motiu-del-dia-mundial-del-farmaceutic-temes-mes-destacats-als-mitjans\/#primaryimage"},"image":{"@id":"https:\/\/novaorg.cofb.net\/2021\/10\/22\/setembre-el-cribratge-escolar-des-de-les-farmacies-i-la-illuminacio-de-la-torre-glories-amb-motiu-del-dia-mundial-del-farmaceutic-temes-mes-destacats-als-mitjans\/#primaryimage"},"thumbnailUrl":"https:\/\/www.cofb.org\/wp-content\/uploads\/2024\/04\/Plantilles-recull-18-1024x724-1.png","datePublished":"2021-10-22T08:02:09+00:00","dateModified":"2024-04-05T10:51:04+00:00","description":"Coincidint amb l'inici del curs escolar, la setmana del 13 de setembre, es va posar en marxa un nou cribratge per part dels Departaments de Salut i Educaci\u00f3, que compta amb la participaci\u00f3 de m\u00e9s de 1.400 farm\u00e0cies comunit\u00e0ries catalanes.","breadcrumb":{"@id":"https:\/\/novaorg.cofb.net\/2021\/10\/22\/setembre-el-cribratge-escolar-des-de-les-farmacies-i-la-illuminacio-de-la-torre-glories-amb-motiu-del-dia-mundial-del-farmaceutic-temes-mes-destacats-als-mitjans\/#breadcrumb"},"inLanguage":"es","potentialAction":[{"@type":"ReadAction","target":["https:\/\/novaorg.cofb.net\/2021\/10\/22\/setembre-el-cribratge-escolar-des-de-les-farmacies-i-la-illuminacio-de-la-torre-glories-amb-motiu-del-dia-mundial-del-farmaceutic-temes-mes-destacats-als-mitjans\/"]}]},{"@type":"ImageObject","inLanguage":"es","@id":"https:\/\/novaorg.cofb.net\/2021\/10\/22\/setembre-el-cribratge-escolar-des-de-les-farmacies-i-la-illuminacio-de-la-torre-glories-amb-motiu-del-dia-mundial-del-farmaceutic-temes-mes-destacats-als-mitjans\/#primaryimage","url":"https:\/\/www.cofb.org\/wp-content\/uploads\/2024\/04\/Plantilles-recull-18-1024x724-1.png","contentUrl":"https:\/\/www.cofb.org\/wp-content\/uploads\/2024\/04\/Plantilles-recull-18-1024x724-1.png","width":1024,"height":724},{"@type":"BreadcrumbList","@id":"https:\/\/novaorg.cofb.net\/2021\/10\/22\/setembre-el-cribratge-escolar-des-de-les-farmacies-i-la-illuminacio-de-la-torre-glories-amb-motiu-del-dia-mundial-del-farmaceutic-temes-mes-destacats-als-mitjans\/#breadcrumb","itemListElement":[{"@type":"ListItem","position":1,"name":"Inici","item":"https:\/\/novaorg.cofb.net\/"},{"@type":"ListItem","position":2,"name":"Setembre: El cribratge escolar des de les farm\u00e0cies i la il\u00b7luminaci\u00f3 de la Torre Gl\u00f2ries, amb motiu del Dia Mundial del Farmac\u00e8utic, temes m\u00e9s destacats als mitjans"}]},{"@type":"WebSite","@id":"https:\/\/www.cofb.org\/#website","url":"https:\/\/www.cofb.org\/","name":"Col\u00b7legi de Farmac\u00e8utics de Barcelona","description":"","publisher":{"@id":"https:\/\/www.cofb.org\/#organization"},"potentialAction":[{"@type":"SearchAction","target":{"@type":"EntryPoint","urlTemplate":"https:\/\/www.cofb.org\/?s={search_term_string}"},"query-input":"required name=search_term_string"}],"inLanguage":"es"},{"@type":"Organization","@id":"https:\/\/www.cofb.org\/#organization","name":"Col\u00b7legi de Farmac\u00e8utics de Barcelona","url":"https:\/\/www.cofb.org\/","logo":{"@type":"ImageObject","inLanguage":"es","@id":"https:\/\/www.cofb.org\/#\/schema\/logo\/image\/","url":"https:\/\/www.cofb.org\/wp-content\/uploads\/2023\/11\/cropped-Logotip-COFB.png","contentUrl":"https:\/\/www.cofb.org\/wp-content\/uploads\/2023\/11\/cropped-Logotip-COFB.png","width":500,"height":105,"caption":"Col\u00b7legi de Farmac\u00e8utics de Barcelona"},"image":{"@id":"https:\/\/www.cofb.org\/#\/schema\/logo\/image\/"},"sameAs":["https:\/\/www.facebook.com\/farmaceuticsbcn\/","https:\/\/twitter.com\/farmaceuticsbcn","https:\/\/www.instagram.com\/farmaceuticsbcn\/","https:\/\/www.linkedin.com\/company\/farmaceuticsbcn\/"]},{"@type":"Person","@id":"https:\/\/www.cofb.org\/#\/schema\/person\/22ed7eea88da74b0fa4d3154ad87ffcb","name":"wpAdminCofbOrg","image":{"@type":"ImageObject","inLanguage":"es","@id":"https:\/\/www.cofb.org\/#\/schema\/person\/image\/","url":"https:\/\/secure.gravatar.com\/avatar\/1721b20b3b8ca882c3b56ec6c978c594fff670e40c0718e9190eaeeb76aae7d8?s=96&d=mm&r=g","contentUrl":"https:\/\/secure.gravatar.com\/avatar\/1721b20b3b8ca882c3b56ec6c978c594fff670e40c0718e9190eaeeb76aae7d8?s=96&d=mm&r=g","caption":"wpAdminCofbOrg"},"sameAs":["http:\/\/192.168.64.122\/wordpress"],"url":"https:\/\/www.cofb.org\/es\/author\/wpadmincofborg\/"}]}},"uagb_featured_image_src":{"full":["https:\/\/www.cofb.org\/wp-content\/uploads\/2024\/04\/Plantilles-recull-18-1024x724-1.png",1024,724,false],"thumbnail":["https:\/\/www.cofb.org\/wp-content\/uploads\/2024\/04\/Plantilles-recull-18-1024x724-1-150x150.png",150,150,true],"medium":["https:\/\/www.cofb.org\/wp-content\/uploads\/2024\/04\/Plantilles-recull-18-1024x724-1-300x212.png",300,212,true],"medium_large":["https:\/\/www.cofb.org\/wp-content\/uploads\/2024\/04\/Plantilles-recull-18-1024x724-1-768x543.png",768,543,true],"large":["https:\/\/www.cofb.org\/wp-content\/uploads\/2024\/04\/Plantilles-recull-18-1024x724-1.png",1024,724,false],"1536x1536":["https:\/\/www.cofb.org\/wp-content\/uploads\/2024\/04\/Plantilles-recull-18-1024x724-1.png",1024,724,false],"2048x2048":["https:\/\/www.cofb.org\/wp-content\/uploads\/2024\/04\/Plantilles-recull-18-1024x724-1.png",1024,724,false],"trp-custom-language-flag":["https:\/\/www.cofb.org\/wp-content\/uploads\/2024\/04\/Plantilles-recull-18-1024x724-1-18x12.png",18,12,true]},"uagb_author_info":{"display_name":"wpAdminCofbOrg","author_link":"https:\/\/www.cofb.org\/es\/author\/wpadmincofborg\/"},"uagb_comment_info":0,"uagb_excerpt":"Cribratge escolar: tests d&#8217;ant\u00edgens r\u00e0pids des de les farm\u00e0cies comunit\u00e0ries Coincidint amb l&#8217;inici del curs escolar, la setmana del 13 de setembre\u00a0es va posar en marxa un nou cribratge adre\u00e7at a alumnat i professorat, impulsat pels Departaments de Salut i Educaci\u00f3,\u00a0en col\u00b7laboraci\u00f3 amb el Consell de Col\u00b7legis Farmac\u00e8utics de Catalunya.\u00a0 [&hellip;]","_links":{"self":[{"href":"https:\/\/www.cofb.org\/es\/wp-json\/wp\/v2\/posts\/56853","targetHints":{"allow":["GET"]}}],"collection":[{"href":"https:\/\/www.cofb.org\/es\/wp-json\/wp\/v2\/posts"}],"about":[{"href":"https:\/\/www.cofb.org\/es\/wp-json\/wp\/v2\/types\/post"}],"author":[{"embeddable":true,"href":"https:\/\/www.cofb.org\/es\/wp-json\/wp\/v2\/users\/1"}],"replies":[{"embeddable":true,"href":"https:\/\/www.cofb.org\/es\/wp-json\/wp\/v2\/comments?post=56853"}],"version-history":[{"count":1,"href":"https:\/\/www.cofb.org\/es\/wp-json\/wp\/v2\/posts\/56853\/revisions"}],"predecessor-version":[{"id":78118,"href":"https:\/\/www.cofb.org\/es\/wp-json\/wp\/v2\/posts\/56853\/revisions\/78118"}],"wp:featuredmedia":[{"embeddable":true,"href":"https:\/\/www.cofb.org\/es\/wp-json\/wp\/v2\/media\/78117"}],"wp:attachment":[{"href":"https:\/\/www.cofb.org\/es\/wp-json\/wp\/v2\/media?parent=56853"}],"wp:term":[{"taxonomy":"category","embeddable":true,"href":"https:\/\/www.cofb.org\/es\/wp-json\/wp\/v2\/categories?post=56853"},{"taxonomy":"post_tag","embeddable":true,"href":"https:\/\/www.cofb.org\/es\/wp-json\/wp\/v2\/tags?post=56853"}],"curies":[{"name":"wp","href":"https:\/\/api.w.org\/{rel}","templated":true}]}}