{"id":56852,"date":"2021-10-11T16:33:33","date_gmt":"2021-10-11T14:33:33","guid":{"rendered":"https:\/\/blog.cofb.cat\/?p=56852"},"modified":"2024-04-05T10:51:47","modified_gmt":"2024-04-05T10:51:47","slug":"abordatge-salut-cartilag-articular-duna-visio-360o","status":"publish","type":"post","link":"https:\/\/www.cofb.org\/es\/2021\/10\/11\/abordatge-salut-cartilag-articular-duna-visio-360o\/","title":{"rendered":"Abordaje de la salud del cart\u00edlago articular desde una visi\u00f3n 360\u00ba"},"content":{"rendered":"<p>El pasado 29 de septiembre tuvo lugar en el Colegio de Farmac\u00e9uticos de Barcelona (COFB) en formato webinar la formaci\u00f3n\u00a0<strong>&quot;Visi\u00f3n 360\u00ba de la salud del cart\u00edlago articular&quot;<\/strong>, centrada en dar a conocer las principales afecciones del cart\u00edlago articular y la forma de abordarlo desde la oficina de farmacia.<\/p>\n<figure id=\"attachment_56856\" aria-describedby=\"caption-attachment-56856\" style=\"width: 620px\" class=\"wp-caption aligncenter\"><img fetchpriority=\"high\" decoding=\"async\" class=\"wp-image-56856 size-large\" title=\"Josep Allu\u00e9, vocal de Plantas Medicinales y Homeopat\u00eda del COFB introduce a la ponente Mar\u00eda Jos\u00e9 Alonso, farmac\u00e9utica comunitaria, miembro de las vocal\u00edas de Plantas Medicinales y Homeopat\u00eda y de Alimentaci\u00f3n del COFB.\" src=\"https:\/\/blog.cofb.cat\/wp-content\/uploads\/2021\/09\/IMG_20210929_140340_edited-1024x580.jpg\" alt=\"Josep Allu\u00e9, vocal de Plantes Medicinals i Homeopatia del COFB introdueix a la ponent Mar\u00eda Jos\u00e9 Alonso,\u00a0farmac\u00e8utica comunit\u00e0ria,\u00a0 membre de les vocalies de Plantes Medicinals i Homeopatia i d'Alimentaci\u00f3 del COFB.\" width=\"620\" height=\"351\" \/><figcaption id=\"caption-attachment-56856\" class=\"wp-caption-text\">Josep Allu\u00e9, vocal de Plantas Medicinales y Homeopat\u00eda del COFB introduce a la ponente Mar\u00eda Jos\u00e9 Alonso, farmac\u00e9utica comunitaria, miembro de las vocal\u00edas de Plantas Medicinales y Homeopat\u00eda y de Alimentaci\u00f3n del COFB.<\/figcaption><\/figure>\n<p>La formaci\u00f3n, moderada por <strong>Josep Allu\u00e9<\/strong>, vocal de Plantas Medicinales y Homeopat\u00eda del COFB, corri\u00f3 a cargo de <strong>Mar\u00eda Jos\u00e9 Alonso<\/strong>, farmac\u00e9utica comunitaria, miembro de las vocal\u00edas de Plantas Medicinales y Homeopat\u00eda (de la que estuvo anteriormente vocal) y de Alimentaci\u00f3n del COFB, y de\u00a0<strong>Carmen Porcar<\/strong>, m\u00e9dico especialista en Medicina de la Educaci\u00f3n F\u00edsica y el Deporte, m\u00e9dico adjunta del CAR Sant Cugat del Vall\u00e8s y profesora del grado de Ciencias de la Educaci\u00f3n F\u00edsica y el Deporte de la Escola Universit\u00e0ria Blanquerna.<\/p>\n<div class=\"box note\"><\/p>\n<p>El <strong>cart\u00edlago articular<\/strong> es el tejido que recubre las superficies \u00f3seas que forman parte de las articulaciones, \u00e9ste y el l\u00edquido intraarticular hacen que los huesos se deslicen unos sobre otros sin pr\u00e1cticamente fricci\u00f3n.<\/p>\n<p>A lo largo de la vida y de forma natural se produce un desgaste de este cart\u00edlago por motivos de edad, pero existen otros que pueden acelerar este deterioro como, la actividad f\u00edsica de impacto o los movimientos repetitivos. En esta sesi\u00f3n las dos ponentes incidieron especialmente en la<strong> salud del cart\u00edlago, en c\u00f3mo el deporte puede afectar a este tejido y qu\u00e9 opciones de indicaci\u00f3n farmac\u00e9utica se pueden ofrecer.<\/strong><\/p>\n<p><\/div>\n<figure id=\"attachment_56866\" aria-describedby=\"caption-attachment-56866\" style=\"width: 620px\" class=\"wp-caption aligncenter\"><img decoding=\"async\" class=\"wp-image-56866 size-large\" title=\"Carmen Porcar, m\u00e9dico especialista en Medicina de la Educaci\u00f3n F\u00edsica y el Deporte, m\u00e9dico adjunta del CAR Sant Cugat del Vall\u00e8s, profesora del grado de Ciencias de la Educaci\u00f3n F\u00edsica y el Deporte, Escola Universit\u00e0ria Blanquerna.\" src=\"https:\/\/blog.cofb.cat\/wp-content\/uploads\/2021\/09\/Porcar-5-1024x403.png\" alt=\"Carmen Porcar, metge especialista en Medicina de l'Educaci\u00f3 F\u00edsica i l\u2019Esport, metge adjunta del CAR Sant Cugat del Vall\u00e8s, professora del grau de Ci\u00e8ncies de l\u2019Educaci\u00f3 F\u00edsica i l\u2019Esport, Escola Universit\u00e0ria Blanquerna.\" width=\"620\" height=\"244\" \/><figcaption id=\"caption-attachment-56866\" class=\"wp-caption-text\">Carmen Porcar, m\u00e9dico especialista en Medicina de la Educaci\u00f3n F\u00edsica y el Deporte, m\u00e9dico adjunta del CAR Sant Cugat del Vall\u00e8s, profesora del grado de Ciencias de la Educaci\u00f3n F\u00edsica y el Deporte, Escola Universit\u00e0ria Blanquerna.<\/figcaption><\/figure>\n<h1><strong><span style=\"color: #008080;\">Factores de riesgo asociados a la lesi\u00f3n del cart\u00edlago y la artrosis articular<\/span><\/strong><\/h1>\n<p>La Dra. Carmen Porcar comenz\u00f3 la ponencia hablando sobre las <strong>diferentes funciones del cart\u00edlago articular y de su composici\u00f3n<\/strong>, destacando los diversos factores de riesgo asociados a la lesi\u00f3n de \u00e9ste y la artrosis articular. Los factores gen\u00e9ticos, la edad, el sexo, la nutrici\u00f3n, el sobrepeso y la obesidad o el sedentarismo pueden ser factores que predispongan el hecho de sufrir una enfermedad articular.<\/p>\n<p>Por otra parte, tambi\u00e9n explic\u00f3 que existen dos tipos de lesiones del cart\u00edlago articular, por un lado la <strong>lesi\u00f3n aguda<\/strong> (relacionada con los traumatismos agudos) y la <strong>lesi\u00f3n cr\u00f3nica<\/strong> (dolor de larga duraci\u00f3n por el desgaste progresivo del cart\u00edlago).<\/p>\n<h1><strong><span style=\"color: #008080;\">Prevenci\u00f3n de lesiones en el deporte<\/span><\/strong><\/h1>\n<p>Seguidamente, Porcar habl\u00f3 sobre las prevenciones que se pueden seguir para evitar lesiones haciendo deporte, destacando la necesidad de establecer <strong>fases en las sesiones de entrenamiento<\/strong>: fase de calentamiento, fase principal y enfriamiento. Se\u00f1al\u00f3 que \u201cpara prevenir las lesiones es necesario respetar los tiempos de recuperaci\u00f3n y de descanso, es aquello a lo que se le llama entrenamiento invisible\u201d.<\/p>\n<h1><strong><span style=\"color: #008080;\">Las consultas m\u00e1s frecuentes en la oficina de farmacia<\/span><\/strong><\/h1>\n<p>La farmac\u00e9utica comunitaria Mar\u00eda Jos\u00e9 Alonso abord\u00f3 la tem\u00e1tica <strong>desde el \u00e1mbito de la oficina de farmacia<\/strong>, centr\u00e1ndose en los principales <strong>grupos de poblaci\u00f3n consultante<\/strong>: personas que practican deporte, personas con dolores osteomusculares, personas con artrosis diagnosticada, entre otros.<\/p>\n<figure id=\"attachment_56956\" aria-describedby=\"caption-attachment-56956\" style=\"width: 950px\" class=\"wp-caption aligncenter\"><img decoding=\"async\" class=\"wp-image-56956 size-full\" title=\"Mar\u00eda Jos\u00e9 Alonso, farmac\u00e9utica comunitaria, miembro de las vocal\u00edas de Plantas Medicinales y Homeopat\u00eda y de Alimentaci\u00f3n del COFB.\" src=\"https:\/\/blog.cofb.cat\/wp-content\/uploads\/2021\/10\/Captura.png\" alt=\"Mar\u00eda Jos\u00e9 Alonso,\u00a0farmac\u00e8utica comunit\u00e0ria, membre de les vocalies de Plantes Medicinals i Homeopatia i d'Alimentaci\u00f3 del COFB.\" width=\"950\" height=\"540\" \/><figcaption id=\"caption-attachment-56956\" class=\"wp-caption-text\">Mar\u00eda Jos\u00e9 Alonso, farmac\u00e9utica comunitaria, miembro de las vocal\u00edas de Plantas Medicinales y Homeopat\u00eda y de Alimentaci\u00f3n del COFB.<\/figcaption><\/figure>\n<p>Posteriormente, ya modo de cierre, destac\u00f3 la necesidad de <strong>hacer preguntas al paciente para saber cu\u00e1l es su historial m\u00e9dico y sus pr\u00e1cticas habituales<\/strong>, puesto que focalizar las preguntas permite ofrecer una buena respuesta. As\u00ed, Alonso destac\u00f3 que \u201chay que fijarnos en diferentes aspectos: paciente, s\u00edntomas, tiempo, acciones, medicamentos, alergias y enfermedades, ya partir de aqu\u00ed hay que realizar una valoraci\u00f3n de la sintomatolog\u00eda articular, y, si se procede, derivar al paciente al m\u00e9dico.\u201d<\/p>\n<p style=\"text-align: right;\"><strong>Con el patrocinio de:<\/strong><\/p>\n<p><a href=\"https:\/\/www.alchemlife.es\/\"><img loading=\"lazy\" decoding=\"async\" class=\"alignright wp-image-56962\" src=\"https:\/\/blog.cofb.cat\/wp-content\/uploads\/2021\/10\/Logo-alchemlife.png\" alt=\"\" width=\"208\" height=\"48\" \/><\/a><\/p>\n<p>&nbsp;<\/p>\n<p><strong>Otras publicaciones de inter\u00e9s:<\/strong><\/p>\n<ul>\n<li><a href=\"https:\/\/blog.cofb.cat\/el-cof-de-barcelona-i-la-universitat-de-barcelona-presenten-la-vii-edicio-del-master-dortopedia-per-a-farmaceutics-que-oferira-per-primer-cop-una-modalitat-hibrida\/\">El COF de Barcelona y la Universidad de Barcelona presentan la VII Edici\u00f3n del M\u00e1ster de Ortopedia para Farmac\u00e9uticos, que ofrecer\u00e1 por primera vez una modalidad h\u00edbrida<\/a><\/li>\n<li><a href=\"https:\/\/blog.cofb.cat\/aprofundint-patologies-lextremitat-inferior-solucions-ortesis\/\">Profundizando en las patolog\u00edas de la extremidad inferior y las soluciones con ortesis<\/a><\/li>\n<li><a href=\"https:\/\/blog.cofb.cat\/abordatge-tractament-dolor-cronic-moderat-intens-no-oncologic-farmacia-comunitaria\/\">Abordaje y tratamiento del dolor cr\u00f3nico moderado-intenso no oncol\u00f3gico desde la farmacia comunitaria<\/a><\/li>\n<\/ul>","protected":false},"excerpt":{"rendered":"<p>El pasado 29 de septiembre tuvo lugar en el Colegio de Farmac\u00e9uticos de Barcelona (COFB) en formato webinar la formaci\u00f3n \u201cVisi\u00f3n 360\u00ba de la salud del cart\u00edlago articular\u201d, centrada en dar a conocer las principales afecciones del cart\u00edlago articular y la forma de abordarlo desde la oficina de farmacia. La formaci\u00f3n, moderada por Josep [\u2026]<\/p>","protected":false},"author":1,"featured_media":78125,"comment_status":"open","ping_status":"open","sticky":false,"template":"","format":"standard","meta":{"_uag_custom_page_level_css":"","site-sidebar-layout":"default","site-content-layout":"","ast-site-content-layout":"default","site-content-style":"default","site-sidebar-style":"default","ast-global-header-display":"","ast-banner-title-visibility":"","ast-main-header-display":"","ast-hfb-above-header-display":"","ast-hfb-below-header-display":"","ast-hfb-mobile-header-display":"","site-post-title":"","ast-breadcrumbs-content":"","ast-featured-img":"disabled","footer-sml-layout":"","theme-transparent-header-meta":"","adv-header-id-meta":"","stick-header-meta":"","header-above-stick-meta":"","header-main-stick-meta":"","header-below-stick-meta":"","astra-migrate-meta-layouts":"set","ast-page-background-enabled":"default","ast-page-background-meta":{"desktop":{"background-color":"var(--ast-global-color-4)","background-image":"","background-repeat":"repeat","background-position":"center center","background-size":"auto","background-attachment":"scroll","background-type":"","background-media":"","overlay-type":"","overlay-color":"","overlay-opacity":"","overlay-gradient":""},"tablet":{"background-color":"","background-image":"","background-repeat":"repeat","background-position":"center center","background-size":"auto","background-attachment":"scroll","background-type":"","background-media":"","overlay-type":"","overlay-color":"","overlay-opacity":"","overlay-gradient":""},"mobile":{"background-color":"","background-image":"","background-repeat":"repeat","background-position":"center center","background-size":"auto","background-attachment":"scroll","background-type":"","background-media":"","overlay-type":"","overlay-color":"","overlay-opacity":"","overlay-gradient":""}},"ast-content-background-meta":{"desktop":{"background-color":"var(--ast-global-color-5)","background-image":"","background-repeat":"repeat","background-position":"center center","background-size":"auto","background-attachment":"scroll","background-type":"","background-media":"","overlay-type":"","overlay-color":"","overlay-opacity":"","overlay-gradient":""},"tablet":{"background-color":"var(--ast-global-color-5)","background-image":"","background-repeat":"repeat","background-position":"center center","background-size":"auto","background-attachment":"scroll","background-type":"","background-media":"","overlay-type":"","overlay-color":"","overlay-opacity":"","overlay-gradient":""},"mobile":{"background-color":"var(--ast-global-color-5)","background-image":"","background-repeat":"repeat","background-position":"center center","background-size":"auto","background-attachment":"scroll","background-type":"","background-media":"","overlay-type":"","overlay-color":"","overlay-opacity":"","overlay-gradient":""}},"footnotes":""},"categories":[23,57],"tags":[4643,3412,70,3146,3147,76,290,637],"class_list":["post-56852","post","type-post","status-publish","format-standard","has-post-thumbnail","hentry","category-destacats","category-mon-collegial","tag-cartilag","tag-consultes-frequents","tag-formacio","tag-lesions","tag-lesions-esportives","tag-oficina-de-farmacia","tag-pacient","tag-programa-de-formacio-continuada"],"yoast_head":"<!-- This site is optimized with the Yoast SEO plugin v22.4 - https:\/\/yoast.com\/wordpress\/plugins\/seo\/ -->\n<title>Visi\u00f3 360\u00ba de la salut del cart\u00edlag articular<\/title>\n<meta name=\"description\" content=\"El passat 29 de setembre va tenir\u00a0lloc al Col\u00b7legi de Farmac\u00e8utics de Barcelona (COFB) la formaci\u00f3\u00a0\u201cVisi\u00f3 360\u00ba de la salut del cart\u00edlag articular&quot;\u00a0impartida a trav\u00e9s de\u00a0metodologia de webinar en directe, \u00e9s a dir, que l&#039;activitat es desenvolupa a trav\u00e9s de les aules virtuals del COFB.\" \/>\n<meta name=\"robots\" content=\"index, follow, max-snippet:-1, max-image-preview:large, max-video-preview:-1\" \/>\n<link rel=\"canonical\" href=\"https:\/\/novaorg.cofb.net\/2021\/10\/11\/abordatge-salut-cartilag-articular-duna-visio-360o\/\" \/>\n<meta property=\"og:locale\" content=\"es_ES\" \/>\n<meta property=\"og:type\" content=\"article\" \/>\n<meta property=\"og:title\" content=\"Visi\u00f3 360\u00ba de la salut del cart\u00edlag articular\" \/>\n<meta property=\"og:description\" content=\"El passat 29 de setembre va tenir\u00a0lloc al Col\u00b7legi de Farmac\u00e8utics de Barcelona (COFB) la formaci\u00f3\u00a0\u201cVisi\u00f3 360\u00ba de la salut del cart\u00edlag articular&quot;\u00a0impartida a trav\u00e9s de\u00a0metodologia de webinar en directe, \u00e9s a dir, que l&#039;activitat es desenvolupa a trav\u00e9s de les aules virtuals del COFB.\" \/>\n<meta property=\"og:url\" content=\"https:\/\/novaorg.cofb.net\/2021\/10\/11\/abordatge-salut-cartilag-articular-duna-visio-360o\/\" \/>\n<meta property=\"og:site_name\" content=\"Col\u00b7legi de Farmac\u00e8utics de Barcelona\" \/>\n<meta property=\"article:publisher\" content=\"https:\/\/www.facebook.com\/farmaceuticsbcn\/\" \/>\n<meta property=\"article:published_time\" content=\"2021-10-11T14:33:33+00:00\" \/>\n<meta property=\"article:modified_time\" content=\"2024-04-05T10:51:47+00:00\" \/>\n<meta property=\"og:image\" content=\"https:\/\/novaorg.cofb.net\/wp-content\/uploads\/2024\/04\/IMG_20210929_140340_edited-1024x580-1.jpeg\" \/>\n\t<meta property=\"og:image:width\" content=\"1024\" \/>\n\t<meta property=\"og:image:height\" content=\"580\" \/>\n\t<meta property=\"og:image:type\" content=\"image\/jpeg\" \/>\n<meta name=\"author\" content=\"wpAdminCofbOrg\" \/>\n<meta name=\"twitter:card\" content=\"summary_large_image\" \/>\n<meta name=\"twitter:creator\" content=\"@farmaceuticsbcn\" \/>\n<meta name=\"twitter:site\" content=\"@farmaceuticsbcn\" \/>\n<meta name=\"twitter:label1\" content=\"Escrito por\" \/>\n\t<meta name=\"twitter:data1\" content=\"wpAdminCofbOrg\" \/>\n\t<meta name=\"twitter:label2\" content=\"Tiempo de lectura\" \/>\n\t<meta name=\"twitter:data2\" content=\"5 minutos\" \/>\n<script type=\"application\/ld+json\" class=\"yoast-schema-graph\">{\"@context\":\"https:\/\/schema.org\",\"@graph\":[{\"@type\":\"Article\",\"@id\":\"https:\/\/novaorg.cofb.net\/2021\/10\/11\/abordatge-salut-cartilag-articular-duna-visio-360o\/#article\",\"isPartOf\":{\"@id\":\"https:\/\/novaorg.cofb.net\/2021\/10\/11\/abordatge-salut-cartilag-articular-duna-visio-360o\/\"},\"author\":{\"name\":\"wpAdminCofbOrg\",\"@id\":\"https:\/\/www.cofb.org\/#\/schema\/person\/22ed7eea88da74b0fa4d3154ad87ffcb\"},\"headline\":\"Abordatge de la salut del cart\u00edlag articular des d&#8217;una visi\u00f3 360\u00ba\",\"datePublished\":\"2021-10-11T14:33:33+00:00\",\"dateModified\":\"2024-04-05T10:51:47+00:00\",\"mainEntityOfPage\":{\"@id\":\"https:\/\/novaorg.cofb.net\/2021\/10\/11\/abordatge-salut-cartilag-articular-duna-visio-360o\/\"},\"wordCount\":812,\"commentCount\":0,\"publisher\":{\"@id\":\"https:\/\/www.cofb.org\/#organization\"},\"image\":{\"@id\":\"https:\/\/novaorg.cofb.net\/2021\/10\/11\/abordatge-salut-cartilag-articular-duna-visio-360o\/#primaryimage\"},\"thumbnailUrl\":\"https:\/\/www.cofb.org\/wp-content\/uploads\/2024\/04\/IMG_20210929_140340_edited-1024x580-1.jpeg\",\"keywords\":[\"cart\u00edlag\",\"consultes freq\u00fcents\",\"Formaci\u00f3\",\"lesions\",\"lesions esportives\",\"Oficina de farm\u00e0cia\",\"pacient\",\"programa de formaci\u00f3 continuada\"],\"articleSection\":[\"Destacats\",\"M\u00f3n col\u00b7legial\"],\"inLanguage\":\"es\",\"potentialAction\":[{\"@type\":\"CommentAction\",\"name\":\"Comment\",\"target\":[\"https:\/\/novaorg.cofb.net\/2021\/10\/11\/abordatge-salut-cartilag-articular-duna-visio-360o\/#respond\"]}]},{\"@type\":\"WebPage\",\"@id\":\"https:\/\/novaorg.cofb.net\/2021\/10\/11\/abordatge-salut-cartilag-articular-duna-visio-360o\/\",\"url\":\"https:\/\/novaorg.cofb.net\/2021\/10\/11\/abordatge-salut-cartilag-articular-duna-visio-360o\/\",\"name\":\"Visi\u00f3 360\u00ba de la salut del cart\u00edlag articular\",\"isPartOf\":{\"@id\":\"https:\/\/www.cofb.org\/#website\"},\"primaryImageOfPage\":{\"@id\":\"https:\/\/novaorg.cofb.net\/2021\/10\/11\/abordatge-salut-cartilag-articular-duna-visio-360o\/#primaryimage\"},\"image\":{\"@id\":\"https:\/\/novaorg.cofb.net\/2021\/10\/11\/abordatge-salut-cartilag-articular-duna-visio-360o\/#primaryimage\"},\"thumbnailUrl\":\"https:\/\/www.cofb.org\/wp-content\/uploads\/2024\/04\/IMG_20210929_140340_edited-1024x580-1.jpeg\",\"datePublished\":\"2021-10-11T14:33:33+00:00\",\"dateModified\":\"2024-04-05T10:51:47+00:00\",\"description\":\"El passat 29 de setembre va tenir\u00a0lloc al Col\u00b7legi de Farmac\u00e8utics de Barcelona (COFB) la formaci\u00f3\u00a0\u201cVisi\u00f3 360\u00ba de la salut del cart\u00edlag articular\\\"\u00a0impartida a trav\u00e9s de\u00a0metodologia de webinar en directe, \u00e9s a dir, que l'activitat es desenvolupa a trav\u00e9s de les aules virtuals del COFB.\",\"breadcrumb\":{\"@id\":\"https:\/\/novaorg.cofb.net\/2021\/10\/11\/abordatge-salut-cartilag-articular-duna-visio-360o\/#breadcrumb\"},\"inLanguage\":\"es\",\"potentialAction\":[{\"@type\":\"ReadAction\",\"target\":[\"https:\/\/novaorg.cofb.net\/2021\/10\/11\/abordatge-salut-cartilag-articular-duna-visio-360o\/\"]}]},{\"@type\":\"ImageObject\",\"inLanguage\":\"es\",\"@id\":\"https:\/\/novaorg.cofb.net\/2021\/10\/11\/abordatge-salut-cartilag-articular-duna-visio-360o\/#primaryimage\",\"url\":\"https:\/\/www.cofb.org\/wp-content\/uploads\/2024\/04\/IMG_20210929_140340_edited-1024x580-1.jpeg\",\"contentUrl\":\"https:\/\/www.cofb.org\/wp-content\/uploads\/2024\/04\/IMG_20210929_140340_edited-1024x580-1.jpeg\",\"width\":1024,\"height\":580},{\"@type\":\"BreadcrumbList\",\"@id\":\"https:\/\/novaorg.cofb.net\/2021\/10\/11\/abordatge-salut-cartilag-articular-duna-visio-360o\/#breadcrumb\",\"itemListElement\":[{\"@type\":\"ListItem\",\"position\":1,\"name\":\"Inici\",\"item\":\"https:\/\/novaorg.cofb.net\/\"},{\"@type\":\"ListItem\",\"position\":2,\"name\":\"Abordatge de la salut del cart\u00edlag articular des d&#8217;una visi\u00f3 360\u00ba\"}]},{\"@type\":\"WebSite\",\"@id\":\"https:\/\/www.cofb.org\/#website\",\"url\":\"https:\/\/www.cofb.org\/\",\"name\":\"Col\u00b7legi de Farmac\u00e8utics de Barcelona\",\"description\":\"\",\"publisher\":{\"@id\":\"https:\/\/www.cofb.org\/#organization\"},\"potentialAction\":[{\"@type\":\"SearchAction\",\"target\":{\"@type\":\"EntryPoint\",\"urlTemplate\":\"https:\/\/www.cofb.org\/?s={search_term_string}\"},\"query-input\":\"required name=search_term_string\"}],\"inLanguage\":\"es\"},{\"@type\":\"Organization\",\"@id\":\"https:\/\/www.cofb.org\/#organization\",\"name\":\"Col\u00b7legi de Farmac\u00e8utics de Barcelona\",\"url\":\"https:\/\/www.cofb.org\/\",\"logo\":{\"@type\":\"ImageObject\",\"inLanguage\":\"es\",\"@id\":\"https:\/\/www.cofb.org\/#\/schema\/logo\/image\/\",\"url\":\"https:\/\/www.cofb.org\/wp-content\/uploads\/2023\/11\/cropped-Logotip-COFB.png\",\"contentUrl\":\"https:\/\/www.cofb.org\/wp-content\/uploads\/2023\/11\/cropped-Logotip-COFB.png\",\"width\":500,\"height\":105,\"caption\":\"Col\u00b7legi de Farmac\u00e8utics de Barcelona\"},\"image\":{\"@id\":\"https:\/\/www.cofb.org\/#\/schema\/logo\/image\/\"},\"sameAs\":[\"https:\/\/www.facebook.com\/farmaceuticsbcn\/\",\"https:\/\/twitter.com\/farmaceuticsbcn\",\"https:\/\/www.instagram.com\/farmaceuticsbcn\/\",\"https:\/\/www.linkedin.com\/company\/farmaceuticsbcn\/\"]},{\"@type\":\"Person\",\"@id\":\"https:\/\/www.cofb.org\/#\/schema\/person\/22ed7eea88da74b0fa4d3154ad87ffcb\",\"name\":\"wpAdminCofbOrg\",\"image\":{\"@type\":\"ImageObject\",\"inLanguage\":\"es\",\"@id\":\"https:\/\/www.cofb.org\/#\/schema\/person\/image\/\",\"url\":\"https:\/\/secure.gravatar.com\/avatar\/1721b20b3b8ca882c3b56ec6c978c594fff670e40c0718e9190eaeeb76aae7d8?s=96&d=mm&r=g\",\"contentUrl\":\"https:\/\/secure.gravatar.com\/avatar\/1721b20b3b8ca882c3b56ec6c978c594fff670e40c0718e9190eaeeb76aae7d8?s=96&d=mm&r=g\",\"caption\":\"wpAdminCofbOrg\"},\"sameAs\":[\"http:\/\/192.168.64.122\/wordpress\"],\"url\":\"https:\/\/www.cofb.org\/es\/author\/wpadmincofborg\/\"}]}<\/script>\n<!-- \/ Yoast SEO plugin. -->","yoast_head_json":{"title":"Visi\u00f3 360\u00ba de la salut del cart\u00edlag articular","description":"El passat 29 de setembre va tenir\u00a0lloc al Col\u00b7legi de Farmac\u00e8utics de Barcelona (COFB) la formaci\u00f3\u00a0\u201cVisi\u00f3 360\u00ba de la salut del cart\u00edlag articular\"\u00a0impartida a trav\u00e9s de\u00a0metodologia de webinar en directe, \u00e9s a dir, que l'activitat es desenvolupa a trav\u00e9s de les aules virtuals del COFB.","robots":{"index":"index","follow":"follow","max-snippet":"max-snippet:-1","max-image-preview":"max-image-preview:large","max-video-preview":"max-video-preview:-1"},"canonical":"https:\/\/novaorg.cofb.net\/2021\/10\/11\/abordatge-salut-cartilag-articular-duna-visio-360o\/","og_locale":"es_ES","og_type":"article","og_title":"Visi\u00f3 360\u00ba de la salut del cart\u00edlag articular","og_description":"El passat 29 de setembre va tenir\u00a0lloc al Col\u00b7legi de Farmac\u00e8utics de Barcelona (COFB) la formaci\u00f3\u00a0\u201cVisi\u00f3 360\u00ba de la salut del cart\u00edlag articular\"\u00a0impartida a trav\u00e9s de\u00a0metodologia de webinar en directe, \u00e9s a dir, que l'activitat es desenvolupa a trav\u00e9s de les aules virtuals del COFB.","og_url":"https:\/\/novaorg.cofb.net\/2021\/10\/11\/abordatge-salut-cartilag-articular-duna-visio-360o\/","og_site_name":"Col\u00b7legi de Farmac\u00e8utics de Barcelona","article_publisher":"https:\/\/www.facebook.com\/farmaceuticsbcn\/","article_published_time":"2021-10-11T14:33:33+00:00","article_modified_time":"2024-04-05T10:51:47+00:00","og_image":[{"width":1024,"height":580,"url":"https:\/\/novaorg.cofb.net\/wp-content\/uploads\/2024\/04\/IMG_20210929_140340_edited-1024x580-1.jpeg","type":"image\/jpeg"}],"author":"wpAdminCofbOrg","twitter_card":"summary_large_image","twitter_creator":"@farmaceuticsbcn","twitter_site":"@farmaceuticsbcn","twitter_misc":{"Escrito por":"wpAdminCofbOrg","Tiempo de lectura":"5 minutos"},"schema":{"@context":"https:\/\/schema.org","@graph":[{"@type":"Article","@id":"https:\/\/novaorg.cofb.net\/2021\/10\/11\/abordatge-salut-cartilag-articular-duna-visio-360o\/#article","isPartOf":{"@id":"https:\/\/novaorg.cofb.net\/2021\/10\/11\/abordatge-salut-cartilag-articular-duna-visio-360o\/"},"author":{"name":"wpAdminCofbOrg","@id":"https:\/\/www.cofb.org\/#\/schema\/person\/22ed7eea88da74b0fa4d3154ad87ffcb"},"headline":"Abordatge de la salut del cart\u00edlag articular des d&#8217;una visi\u00f3 360\u00ba","datePublished":"2021-10-11T14:33:33+00:00","dateModified":"2024-04-05T10:51:47+00:00","mainEntityOfPage":{"@id":"https:\/\/novaorg.cofb.net\/2021\/10\/11\/abordatge-salut-cartilag-articular-duna-visio-360o\/"},"wordCount":812,"commentCount":0,"publisher":{"@id":"https:\/\/www.cofb.org\/#organization"},"image":{"@id":"https:\/\/novaorg.cofb.net\/2021\/10\/11\/abordatge-salut-cartilag-articular-duna-visio-360o\/#primaryimage"},"thumbnailUrl":"https:\/\/www.cofb.org\/wp-content\/uploads\/2024\/04\/IMG_20210929_140340_edited-1024x580-1.jpeg","keywords":["cart\u00edlag","consultes freq\u00fcents","Formaci\u00f3","lesions","lesions esportives","Oficina de farm\u00e0cia","pacient","programa de formaci\u00f3 continuada"],"articleSection":["Destacats","M\u00f3n col\u00b7legial"],"inLanguage":"es","potentialAction":[{"@type":"CommentAction","name":"Comment","target":["https:\/\/novaorg.cofb.net\/2021\/10\/11\/abordatge-salut-cartilag-articular-duna-visio-360o\/#respond"]}]},{"@type":"WebPage","@id":"https:\/\/novaorg.cofb.net\/2021\/10\/11\/abordatge-salut-cartilag-articular-duna-visio-360o\/","url":"https:\/\/novaorg.cofb.net\/2021\/10\/11\/abordatge-salut-cartilag-articular-duna-visio-360o\/","name":"Visi\u00f3 360\u00ba de la salut del cart\u00edlag articular","isPartOf":{"@id":"https:\/\/www.cofb.org\/#website"},"primaryImageOfPage":{"@id":"https:\/\/novaorg.cofb.net\/2021\/10\/11\/abordatge-salut-cartilag-articular-duna-visio-360o\/#primaryimage"},"image":{"@id":"https:\/\/novaorg.cofb.net\/2021\/10\/11\/abordatge-salut-cartilag-articular-duna-visio-360o\/#primaryimage"},"thumbnailUrl":"https:\/\/www.cofb.org\/wp-content\/uploads\/2024\/04\/IMG_20210929_140340_edited-1024x580-1.jpeg","datePublished":"2021-10-11T14:33:33+00:00","dateModified":"2024-04-05T10:51:47+00:00","description":"El passat 29 de setembre va tenir\u00a0lloc al Col\u00b7legi de Farmac\u00e8utics de Barcelona (COFB) la formaci\u00f3\u00a0\u201cVisi\u00f3 360\u00ba de la salut del cart\u00edlag articular\"\u00a0impartida a trav\u00e9s de\u00a0metodologia de webinar en directe, \u00e9s a dir, que l'activitat es desenvolupa a trav\u00e9s de les aules virtuals del COFB.","breadcrumb":{"@id":"https:\/\/novaorg.cofb.net\/2021\/10\/11\/abordatge-salut-cartilag-articular-duna-visio-360o\/#breadcrumb"},"inLanguage":"es","potentialAction":[{"@type":"ReadAction","target":["https:\/\/novaorg.cofb.net\/2021\/10\/11\/abordatge-salut-cartilag-articular-duna-visio-360o\/"]}]},{"@type":"ImageObject","inLanguage":"es","@id":"https:\/\/novaorg.cofb.net\/2021\/10\/11\/abordatge-salut-cartilag-articular-duna-visio-360o\/#primaryimage","url":"https:\/\/www.cofb.org\/wp-content\/uploads\/2024\/04\/IMG_20210929_140340_edited-1024x580-1.jpeg","contentUrl":"https:\/\/www.cofb.org\/wp-content\/uploads\/2024\/04\/IMG_20210929_140340_edited-1024x580-1.jpeg","width":1024,"height":580},{"@type":"BreadcrumbList","@id":"https:\/\/novaorg.cofb.net\/2021\/10\/11\/abordatge-salut-cartilag-articular-duna-visio-360o\/#breadcrumb","itemListElement":[{"@type":"ListItem","position":1,"name":"Inici","item":"https:\/\/novaorg.cofb.net\/"},{"@type":"ListItem","position":2,"name":"Abordatge de la salut del cart\u00edlag articular des d&#8217;una visi\u00f3 360\u00ba"}]},{"@type":"WebSite","@id":"https:\/\/www.cofb.org\/#website","url":"https:\/\/www.cofb.org\/","name":"Col\u00b7legi de Farmac\u00e8utics de Barcelona","description":"","publisher":{"@id":"https:\/\/www.cofb.org\/#organization"},"potentialAction":[{"@type":"SearchAction","target":{"@type":"EntryPoint","urlTemplate":"https:\/\/www.cofb.org\/?s={search_term_string}"},"query-input":"required name=search_term_string"}],"inLanguage":"es"},{"@type":"Organization","@id":"https:\/\/www.cofb.org\/#organization","name":"Col\u00b7legi de Farmac\u00e8utics de Barcelona","url":"https:\/\/www.cofb.org\/","logo":{"@type":"ImageObject","inLanguage":"es","@id":"https:\/\/www.cofb.org\/#\/schema\/logo\/image\/","url":"https:\/\/www.cofb.org\/wp-content\/uploads\/2023\/11\/cropped-Logotip-COFB.png","contentUrl":"https:\/\/www.cofb.org\/wp-content\/uploads\/2023\/11\/cropped-Logotip-COFB.png","width":500,"height":105,"caption":"Col\u00b7legi de Farmac\u00e8utics de Barcelona"},"image":{"@id":"https:\/\/www.cofb.org\/#\/schema\/logo\/image\/"},"sameAs":["https:\/\/www.facebook.com\/farmaceuticsbcn\/","https:\/\/twitter.com\/farmaceuticsbcn","https:\/\/www.instagram.com\/farmaceuticsbcn\/","https:\/\/www.linkedin.com\/company\/farmaceuticsbcn\/"]},{"@type":"Person","@id":"https:\/\/www.cofb.org\/#\/schema\/person\/22ed7eea88da74b0fa4d3154ad87ffcb","name":"wpAdminCofbOrg","image":{"@type":"ImageObject","inLanguage":"es","@id":"https:\/\/www.cofb.org\/#\/schema\/person\/image\/","url":"https:\/\/secure.gravatar.com\/avatar\/1721b20b3b8ca882c3b56ec6c978c594fff670e40c0718e9190eaeeb76aae7d8?s=96&d=mm&r=g","contentUrl":"https:\/\/secure.gravatar.com\/avatar\/1721b20b3b8ca882c3b56ec6c978c594fff670e40c0718e9190eaeeb76aae7d8?s=96&d=mm&r=g","caption":"wpAdminCofbOrg"},"sameAs":["http:\/\/192.168.64.122\/wordpress"],"url":"https:\/\/www.cofb.org\/es\/author\/wpadmincofborg\/"}]}},"uagb_featured_image_src":{"full":["https:\/\/www.cofb.org\/wp-content\/uploads\/2024\/04\/IMG_20210929_140340_edited-1024x580-1.jpeg",1024,580,false],"thumbnail":["https:\/\/www.cofb.org\/wp-content\/uploads\/2024\/04\/IMG_20210929_140340_edited-1024x580-1-150x150.jpeg",150,150,true],"medium":["https:\/\/www.cofb.org\/wp-content\/uploads\/2024\/04\/IMG_20210929_140340_edited-1024x580-1-300x170.jpeg",300,170,true],"medium_large":["https:\/\/www.cofb.org\/wp-content\/uploads\/2024\/04\/IMG_20210929_140340_edited-1024x580-1-768x435.jpeg",768,435,true],"large":["https:\/\/www.cofb.org\/wp-content\/uploads\/2024\/04\/IMG_20210929_140340_edited-1024x580-1.jpeg",1024,580,false],"1536x1536":["https:\/\/www.cofb.org\/wp-content\/uploads\/2024\/04\/IMG_20210929_140340_edited-1024x580-1.jpeg",1024,580,false],"2048x2048":["https:\/\/www.cofb.org\/wp-content\/uploads\/2024\/04\/IMG_20210929_140340_edited-1024x580-1.jpeg",1024,580,false],"trp-custom-language-flag":["https:\/\/www.cofb.org\/wp-content\/uploads\/2024\/04\/IMG_20210929_140340_edited-1024x580-1-18x10.jpeg",18,10,true]},"uagb_author_info":{"display_name":"wpAdminCofbOrg","author_link":"https:\/\/www.cofb.org\/es\/author\/wpadmincofborg\/"},"uagb_comment_info":0,"uagb_excerpt":"El passat 29 de setembre va tenir\u00a0lloc al Col\u00b7legi de Farmac\u00e8utics de Barcelona (COFB) en format webinar la formaci\u00f3\u00a0\u201cVisi\u00f3 360\u00ba de la salut del cart\u00edlag articular&#8221;, centrada a donar a con\u00e8ixer\u00a0\u00a0les principals afeccions del cart\u00edlag articular i la forma d&#8217;abordar-ho des de l&#8217;oficina de farm\u00e0cia. La formaci\u00f3, moderada per Josep [&hellip;]","_links":{"self":[{"href":"https:\/\/www.cofb.org\/es\/wp-json\/wp\/v2\/posts\/56852","targetHints":{"allow":["GET"]}}],"collection":[{"href":"https:\/\/www.cofb.org\/es\/wp-json\/wp\/v2\/posts"}],"about":[{"href":"https:\/\/www.cofb.org\/es\/wp-json\/wp\/v2\/types\/post"}],"author":[{"embeddable":true,"href":"https:\/\/www.cofb.org\/es\/wp-json\/wp\/v2\/users\/1"}],"replies":[{"embeddable":true,"href":"https:\/\/www.cofb.org\/es\/wp-json\/wp\/v2\/comments?post=56852"}],"version-history":[{"count":1,"href":"https:\/\/www.cofb.org\/es\/wp-json\/wp\/v2\/posts\/56852\/revisions"}],"predecessor-version":[{"id":78126,"href":"https:\/\/www.cofb.org\/es\/wp-json\/wp\/v2\/posts\/56852\/revisions\/78126"}],"wp:featuredmedia":[{"embeddable":true,"href":"https:\/\/www.cofb.org\/es\/wp-json\/wp\/v2\/media\/78125"}],"wp:attachment":[{"href":"https:\/\/www.cofb.org\/es\/wp-json\/wp\/v2\/media?parent=56852"}],"wp:term":[{"taxonomy":"category","embeddable":true,"href":"https:\/\/www.cofb.org\/es\/wp-json\/wp\/v2\/categories?post=56852"},{"taxonomy":"post_tag","embeddable":true,"href":"https:\/\/www.cofb.org\/es\/wp-json\/wp\/v2\/tags?post=56852"}],"curies":[{"name":"wp","href":"https:\/\/api.w.org\/{rel}","templated":true}]}}