{"id":56783,"date":"2021-10-13T13:55:27","date_gmt":"2021-10-13T11:55:27","guid":{"rendered":"https:\/\/blog.cofb.cat\/?p=56783"},"modified":"2024-04-05T10:51:38","modified_gmt":"2024-04-05T10:51:38","slug":"lactualitzacio-dels-coneixements-sobre-alopecia-clau-resoldre-consultes-frequents-loficina-farmacia","status":"publish","type":"post","link":"https:\/\/www.cofb.org\/es\/2021\/10\/13\/lactualitzacio-dels-coneixements-sobre-alopecia-clau-resoldre-consultes-frequents-loficina-farmacia\/","title":{"rendered":"La actualizaci\u00f3n de los conocimientos sobre alopecia, clave para resolver consultas frecuentes en la oficina de farmacia"},"content":{"rendered":"<p>Los d\u00edas <strong>28 de septiembre<\/strong> y <strong>5 de octubre<\/strong> se imparti\u00f3 a trav\u00e9s de las <strong>aulas virtuales<\/strong> del\u00a0<strong>Col\u00b7legi de Farmac\u00e8utics de Barcelona (COFB)<\/strong> la formaci\u00f3n <strong>&quot;Actuaci\u00f3n farmac\u00e9utica en alopecia&quot;<\/strong>. Debido a que la\u00a0<strong>ca\u00edda del cabello<\/strong> es una de las <strong>manifestaciones cl\u00ednicas<\/strong> que m\u00e1s <strong>consultas<\/strong> genera en la <strong>farmacia comunitaria<\/strong>\u00a0-y en muchos casos est\u00e1 asociada a uno <strong>cambio de estaci\u00f3n<\/strong>\u00a0(<strong>oto\u00f1o<\/strong> y\u00a0<strong>primavera)<\/strong>-,<strong>\u00a0<\/strong>la <strong>formaci\u00f3n<\/strong> quer\u00eda <strong>dar herramientas a los farmac\u00e9uticos<\/strong> para que estuvieran preparados ante este tipo de\u00a0<strong>consultas<\/strong>.<\/p>\n<p>En este sentido, pues, los <strong>objetivos<\/strong> del curso consist\u00edan en <strong>promover un abordaje de la alopecia<\/strong> a trav\u00e9s del <strong>consejo farmac\u00e9utico<\/strong> y entender los <strong>puntos clave<\/strong>\u00a0para poner en marcha una <strong>acci\u00f3n estrat\u00e9gica<\/strong> de la <strong>categor\u00eda capilar<\/strong>.<\/p>\n<p>El <strong>programa de la formaci\u00f3n<\/strong> incluy\u00f3 los <strong>temas siguientes<\/strong>: <strong>fisiolog\u00eda del sistema capilar<\/strong>, tipos de<strong>alopecias<\/strong>,<strong> tratamientos m\u00e9dicos y farmacol\u00f3gicos<\/strong>, <strong>tratamientos cosm\u00e9ticos<\/strong>, <strong>casos pr\u00e1cticos<\/strong> y <strong>categor\u00eda capilar<\/strong> en la farmacia.<\/p>\n<h1><span style=\"color: #008080;\"><strong>Primera sesi\u00f3n: Fisiolog\u00eda del sistema capilar y tipos de alopecias<\/strong><\/span><\/h1>\n<p>Durante la <strong>primera sesi\u00f3n<\/strong> de la formaci\u00f3n, la <strong>Dra. Serrano<\/strong>, especialista en <strong>dermatolog\u00eda m\u00e9dica<\/strong> y <strong>quir\u00fargica y venereolog\u00eda<\/strong>, miembro del grupo de <strong>Tricolog\u00eda<\/strong> del<strong>Asociaci\u00f3n Espa\u00f1ola de Dermatolog\u00eda y Venereolog\u00eda (AEDV)<\/strong> expuso algunos datos sobre las consultas que mayoritariamente atienden las <strong>oficinas de farmacia<\/strong>.<\/p>\n<figure id=\"attachment_57118\" aria-describedby=\"caption-attachment-57118\" style=\"width: 620px\" class=\"wp-caption aligncenter\"><img fetchpriority=\"high\" decoding=\"async\" class=\"wp-image-57118 size-large\" title=\"La primera sesi\u00f3n cont\u00f3 con la conferencia de la Dra. Serrano, especialista en dermatolog\u00eda m\u00e9dica y quir\u00fargica y venereolog\u00eda.\" src=\"https:\/\/blog.cofb.cat\/wp-content\/uploads\/2021\/10\/Serrano-1024x584.jpg\" alt=\"La primera sessi\u00f3 va comptar amb la confer\u00e8ncia de la Dra. Serrano, especialista en dermatologia m\u00e8dica i quir\u00fargica i venereologia.\" width=\"620\" height=\"354\" \/><figcaption id=\"caption-attachment-57118\" class=\"wp-caption-text\">La primera sesi\u00f3n cont\u00f3 con la conferencia de la Dra. Serrano, especialista en dermatolog\u00eda m\u00e9dica y quir\u00fargica y venereolog\u00eda.<\/figcaption><\/figure>\n<p>Por otra parte, la dermat\u00f3loga tambi\u00e9n hizo un repaso de todos los <strong>tipos de alopecias<\/strong> que existen, <strong>cicatriciales<\/strong> y no <strong>cicatriciales<\/strong>, y explic\u00f3 detalladamente las diferencias entre cada una de ellas y los tratamientos que mejores resultados est\u00e1n dando en la actualidad. La doctora remarc\u00f3 en qu\u00e9 alopecias se puede actuar directamente desde la farmacia y en qu\u00e9 casos se necesita un <strong>diagn\u00f3stico<\/strong> y <strong>tratamiento m\u00e1s especializado<\/strong>.<\/p>\n<h1><span style=\"color: #008080;\"><strong>Segunda sesi\u00f3n: Tratamientos cosm\u00e9ticos, casos pr\u00e1cticos y categor\u00eda capilar en la farmacia<\/strong><\/span><\/h1>\n<p>El segundo d\u00eda, la farmac\u00e9utica <strong>Pilar Bruna<\/strong> cont\u00f3 con diferentes <strong>casos pr\u00e1cticos<\/strong> la forma m\u00e1s adecuada de actuar en cada tipo de consulta. Detall\u00f3 en qu\u00e9 casos se pueden recomendar <strong>productos dermocosm\u00e9ticos<\/strong> y <strong>nutricosm\u00e9ticos<\/strong>, en qu\u00e9 casos es necesario <strong>hacer una derivaci\u00f3n<\/strong> y en qu\u00e9 casos se puede hacer un <strong>seguimiento de los tratamientos prescritos por el m\u00e9dico<\/strong> y c\u00f3mo realizarlo. Tambi\u00e9n hizo una <strong>descripci\u00f3n detallada<\/strong> de los diferentes <strong>tipos de productos dermocosm\u00e9ticos<\/strong> que hay en la farmacia para recomendar y los <strong>principios activos<\/strong> m\u00e1s habituales en cada uno de ellos.<\/p>\n<figure id=\"attachment_57125\" aria-describedby=\"caption-attachment-57125\" style=\"width: 620px\" class=\"wp-caption aligncenter\"><img decoding=\"async\" class=\"wp-image-57125 size-large\" title=\"La farmac\u00e9utica Pilar Bruna en un momento de la segunda sesi\u00f3n de la formaci\u00f3n. \" src=\"https:\/\/blog.cofb.cat\/wp-content\/uploads\/2021\/10\/Pilar-Bruna_-Formaci\u00f3-alop\u00e8cia-1024x508.jpg\" alt=\"La farmac\u00e8utica Pilar Bruna en un moment de la segona sessi\u00f3 de la formaci\u00f3. \" width=\"620\" height=\"308\" \/><figcaption id=\"caption-attachment-57125\" class=\"wp-caption-text\">La farmac\u00e9utica Pilar Bruna en un momento de la segunda sesi\u00f3n de la formaci\u00f3n.<\/figcaption><\/figure>\n<p>Posteriormente, <strong>Diego Azanza<\/strong>, experto en mercado capilar y jefe de producto Dercos, abord\u00f3 la situaci\u00f3n del mercado capilar post-COVID y las <strong>tendencias de consumo<\/strong> de los consumidores actuales, y <strong>Ana Rodr\u00edguez<\/strong>, experta en an\u00e1lisis de sell out de Laboratorios Vichy explic\u00f3 <strong>c\u00f3mo trabajar la categor\u00eda capilar en la oficina de farmacia<\/strong>, c\u00f3mo potenciarla y lo m\u00e1s importante c\u00f3mo medir la eficacia de las acciones realizadas para ver si son eficientes y ayudan a subir la rentabilidad de la categor\u00eda.<\/p>\n<div class=\"destacat-blog\">\n<h2><span style=\"color: #008080;\"><strong>Protocolo de actuaci\u00f3n farmac\u00e9utica en alopecia<\/strong><\/span><\/h2>\n<p>En primer lugar, es necesario obtener <strong>informaci\u00f3n del paciente o usuario<\/strong> que llega a la <strong>farmacia<\/strong>: motivo de la <strong>consulta<\/strong>, <strong>antecedentes familiares<\/strong>, <strong>afecciones<\/strong> y <strong>patolog\u00edas<\/strong>, <strong>alergias<\/strong>, <strong>h\u00e1bitos<\/strong> y <strong>estilo de vida<\/strong>, etc. Una vez recopilada esta informaci\u00f3n, es necesario realizar una <strong>valoraci\u00f3n del cabello<\/strong>, es decir, una <strong>an\u00e1lisis capilar<\/strong> a trav\u00e9s de una<strong> inspecci\u00f3n <\/strong>(ver el modelo de patr\u00f3n de ca\u00edda: difusa, en placas, progresiva) y una\u00a0<strong>exploraci\u00f3n del cuero cabelludo<\/strong>.<\/p>\n<p>A continuaci\u00f3n, se realiza un <strong>test de evoluci\u00f3n<\/strong> (fotograf\u00eda) y se valora si es necesario\u00a0<strong>derivar al paciente al m\u00e9dico<\/strong>. Por \u00faltimo, se elabora un <strong>plan de actuaci\u00f3n<\/strong> que puede incluir la <strong>recomendaci\u00f3n de productos cosm\u00e9ticos y<\/strong>\u00a0<strong>medidas higi\u00e9nicas<\/strong> y <strong>nutricionales<\/strong> as\u00ed como la dispensaci\u00f3n de<strong>EFP<\/strong> (Especialidad Farmac\u00e9utica Publicitaria).<\/p>\n<\/div>\n<div class=\"box note\"><\/div>\n<h1><span style=\"color: #008080;\"><strong>Valoraci\u00f3n de Marta Alcalde, vocal de Dermofarmacia y Productos Sanitarios<\/strong><\/span><\/h1>\n<p><strong>Marta Alcalde<\/strong>, vocal de Dermofarmacia y Productos Sanitarios del COFB, valor\u00f3 muy positivamente la formaci\u00f3n, en la que se hizo \u201cuna <strong>revisi\u00f3n de los distintos tipos de alopecias<\/strong>, los <strong>tratamientos de prescripci\u00f3n m\u00e9dica<\/strong> que se est\u00e1n indicando actualmente desde la <strong>consulta dermatol\u00f3gica<\/strong> y cu\u00e1l es el <strong>papel del farmac\u00e9utico<\/strong> en cada caso\u201d.<\/p>\n<p>Desde su punto de vista, \u201ces muy importante que los <strong>farmac\u00e9uticos comunitarios<\/strong> est\u00e9n al d\u00eda de los <strong>tratamientos farmacol\u00f3gicos<\/strong> [de la alopecia] porque tienen un <strong>papel clave<\/strong>\u00a0en su seguimiento y, sobre todo, a la hora de favorecer<strong>adherencia de los pacientes<\/strong> a \u00e9stos. Hay que recordar que, en muchos casos, son largos tratamientos en el tiempo y que pueden generar muchas incomodidades y dudas\u201d.<\/p>\n<\/div>\n<p style=\"text-align: right;\"><strong>Con el patrocinio de:<\/strong><\/p>\n<p style=\"text-align: right;\"><a href=\"https:\/\/www.vichy.es\/\" target=\"_blank\" rel=\"noopener\"><img decoding=\"async\" class=\"wp-image-56928 alignright\" src=\"https:\/\/blog.cofb.cat\/wp-content\/uploads\/2021\/10\/Vichy.png\" alt=\"\" width=\"134\" height=\"67\" \/><\/a><\/p>\n<p>&nbsp;<\/p>\n<p>&nbsp;<\/p>\n<p><strong>Otras publicaciones de inter\u00e9s:<\/strong><\/p>\n<ul>\n<li><a href=\"https:\/\/blog.cofb.cat\/salut-i-bellesa-capillar-la-importancia-del-consell-farmaceutic\/\" target=\"_blank\" rel=\"noopener\">Salud y belleza capilar: la importancia del consejo farmac\u00e9utico (Abril 2019)<\/a><\/li>\n<li><a href=\"https:\/\/blog.cofb.cat\/tendencies-en-lambit-de-la-dermofarmacia-cura-facial-i-capillar\/\" target=\"_blank\" rel=\"noopener\">Tendencias en el \u00e1mbito de la dermofarmacia: cuidado facial y capilar (Septiembre 2018)<\/a><\/li>\n<li><a href=\"https:\/\/blog.cofb.cat\/antienvelliment-dels-cabells-primer-tema-del-forum-dermoexpert-20172018\/\" target=\"_blank\" rel=\"noopener\">Antienvejecimiento del cabello. Primer tema del Foro Dermoexpert 2017\/2018 (Diciembre 2017)<\/a><\/li>\n<li><a href=\"https:\/\/blog.cofb.cat\/dermofarmacia-consells-i-recomanacions-actius-polivalents-i-nanoparticules-naturals-i-alteracions-del-cuir-cabellut\/\" target=\"_blank\" rel=\"noopener\">Dermofarmacia: consejos y recomendaciones, activos polivalentes y nanopart\u00edculas naturales, y alteraciones del cuero cabelludo (Agosto 2016)<\/a><\/li>\n<\/ul>","protected":false},"excerpt":{"rendered":"<p>Los d\u00edas 28 de septiembre y 5 de octubre se imparti\u00f3 a trav\u00e9s de las aulas virtuales del Colegio de Farmac\u00e9uticos de Barcelona (COFB) la formaci\u00f3n &quot;Actuaci\u00f3n farmac\u00e9utica en alopecia&quot;. Dado que la ca\u00edda del cabello es una de las manifestaciones cl\u00ednicas que m\u00e1s consultas genera en la farmacia comunitaria -y en muchos [\u2026]<\/p>","protected":false},"author":1,"featured_media":78123,"comment_status":"open","ping_status":"open","sticky":false,"template":"","format":"standard","meta":{"_uag_custom_page_level_css":"","site-sidebar-layout":"default","site-content-layout":"","ast-site-content-layout":"default","site-content-style":"default","site-sidebar-style":"default","ast-global-header-display":"","ast-banner-title-visibility":"","ast-main-header-display":"","ast-hfb-above-header-display":"","ast-hfb-below-header-display":"","ast-hfb-mobile-header-display":"","site-post-title":"","ast-breadcrumbs-content":"","ast-featured-img":"disabled","footer-sml-layout":"","theme-transparent-header-meta":"","adv-header-id-meta":"","stick-header-meta":"","header-above-stick-meta":"","header-main-stick-meta":"","header-below-stick-meta":"","astra-migrate-meta-layouts":"set","ast-page-background-enabled":"default","ast-page-background-meta":{"desktop":{"background-color":"var(--ast-global-color-4)","background-image":"","background-repeat":"repeat","background-position":"center center","background-size":"auto","background-attachment":"scroll","background-type":"","background-media":"","overlay-type":"","overlay-color":"","overlay-opacity":"","overlay-gradient":""},"tablet":{"background-color":"","background-image":"","background-repeat":"repeat","background-position":"center center","background-size":"auto","background-attachment":"scroll","background-type":"","background-media":"","overlay-type":"","overlay-color":"","overlay-opacity":"","overlay-gradient":""},"mobile":{"background-color":"","background-image":"","background-repeat":"repeat","background-position":"center center","background-size":"auto","background-attachment":"scroll","background-type":"","background-media":"","overlay-type":"","overlay-color":"","overlay-opacity":"","overlay-gradient":""}},"ast-content-background-meta":{"desktop":{"background-color":"var(--ast-global-color-5)","background-image":"","background-repeat":"repeat","background-position":"center center","background-size":"auto","background-attachment":"scroll","background-type":"","background-media":"","overlay-type":"","overlay-color":"","overlay-opacity":"","overlay-gradient":""},"tablet":{"background-color":"var(--ast-global-color-5)","background-image":"","background-repeat":"repeat","background-position":"center center","background-size":"auto","background-attachment":"scroll","background-type":"","background-media":"","overlay-type":"","overlay-color":"","overlay-opacity":"","overlay-gradient":""},"mobile":{"background-color":"var(--ast-global-color-5)","background-image":"","background-repeat":"repeat","background-position":"center center","background-size":"auto","background-attachment":"scroll","background-type":"","background-media":"","overlay-type":"","overlay-color":"","overlay-opacity":"","overlay-gradient":""}},"footnotes":""},"categories":[23,57],"tags":[486,64,4642,18,19,37,81,4164,707,665,53,171,69,70,300,667,76,637,117,510],"class_list":["post-56783","post","type-post","status-publish","format-standard","has-post-thumbnail","hentry","category-destacats","category-mon-collegial","tag-alopecia","tag-atencio-farmaceutica","tag-categoria-capillar","tag-cofb","tag-collegi-de-farmaceutics-de-barcelona","tag-consell-farmaceutic","tag-dermofarmacia","tag-edat","tag-envelliment","tag-estil-de-vida","tag-farmaceutics","tag-farmaceutiques","tag-farmacia-comunitaria","tag-formacio","tag-formacio-continuada","tag-habits","tag-oficina-de-farmacia","tag-programa-de-formacio-continuada","tag-salut","tag-sanitat"],"yoast_head":"<!-- This site is optimized with the Yoast SEO plugin v22.4 - https:\/\/yoast.com\/wordpress\/plugins\/seo\/ -->\n<title>L&#039;actualitzaci\u00f3 dels coneixements sobre alop\u00e8cia, clau per resoldre consultes freq\u00fcents a l&#039;oficina de farm\u00e0cia - Col\u00b7legi de Farmac\u00e8utics de Barcelona<\/title>\n<meta name=\"description\" content=\"Els dies 28 de setembre i 5 d&#039;octubre es va impartir a trav\u00e9s de les aules virtuals del\u00a0Col\u00b7legi de Farmac\u00e8utics de Barcelona (COFB) la formaci\u00f3 &quot;Actuaci\u00f3 farmac\u00e8utica en alop\u00e8cia&quot;.\" \/>\n<meta name=\"robots\" content=\"index, follow, max-snippet:-1, max-image-preview:large, max-video-preview:-1\" \/>\n<link rel=\"canonical\" href=\"https:\/\/novaorg.cofb.net\/2021\/10\/13\/lactualitzacio-dels-coneixements-sobre-alopecia-clau-resoldre-consultes-frequents-loficina-farmacia\/\" \/>\n<meta property=\"og:locale\" content=\"es_ES\" \/>\n<meta property=\"og:type\" content=\"article\" \/>\n<meta property=\"og:title\" content=\"L&#039;actualitzaci\u00f3 dels coneixements sobre alop\u00e8cia, clau per resoldre consultes freq\u00fcents a l&#039;oficina de farm\u00e0cia - Col\u00b7legi de Farmac\u00e8utics de Barcelona\" \/>\n<meta property=\"og:description\" content=\"Els dies 28 de setembre i 5 d&#039;octubre es va impartir a trav\u00e9s de les aules virtuals del\u00a0Col\u00b7legi de Farmac\u00e8utics de Barcelona (COFB) la formaci\u00f3 &quot;Actuaci\u00f3 farmac\u00e8utica en alop\u00e8cia&quot;.\" \/>\n<meta property=\"og:url\" content=\"https:\/\/novaorg.cofb.net\/2021\/10\/13\/lactualitzacio-dels-coneixements-sobre-alopecia-clau-resoldre-consultes-frequents-loficina-farmacia\/\" \/>\n<meta property=\"og:site_name\" content=\"Col\u00b7legi de Farmac\u00e8utics de Barcelona\" \/>\n<meta property=\"article:publisher\" content=\"https:\/\/www.facebook.com\/farmaceuticsbcn\/\" \/>\n<meta property=\"article:published_time\" content=\"2021-10-13T11:55:27+00:00\" \/>\n<meta property=\"article:modified_time\" content=\"2024-04-05T10:51:38+00:00\" \/>\n<meta property=\"og:image\" content=\"https:\/\/novaorg.cofb.net\/wp-content\/uploads\/2024\/04\/Serrano-1024x584-1.jpeg\" \/>\n\t<meta property=\"og:image:width\" content=\"1024\" \/>\n\t<meta property=\"og:image:height\" content=\"584\" \/>\n\t<meta property=\"og:image:type\" content=\"image\/jpeg\" \/>\n<meta name=\"author\" content=\"wpAdminCofbOrg\" \/>\n<meta name=\"twitter:card\" content=\"summary_large_image\" \/>\n<meta name=\"twitter:creator\" content=\"@farmaceuticsbcn\" \/>\n<meta name=\"twitter:site\" content=\"@farmaceuticsbcn\" \/>\n<meta name=\"twitter:label1\" content=\"Escrito por\" \/>\n\t<meta name=\"twitter:data1\" content=\"wpAdminCofbOrg\" \/>\n\t<meta name=\"twitter:label2\" content=\"Tiempo de lectura\" \/>\n\t<meta name=\"twitter:data2\" content=\"6 minutos\" \/>\n<script type=\"application\/ld+json\" class=\"yoast-schema-graph\">{\"@context\":\"https:\/\/schema.org\",\"@graph\":[{\"@type\":\"Article\",\"@id\":\"https:\/\/novaorg.cofb.net\/2021\/10\/13\/lactualitzacio-dels-coneixements-sobre-alopecia-clau-resoldre-consultes-frequents-loficina-farmacia\/#article\",\"isPartOf\":{\"@id\":\"https:\/\/novaorg.cofb.net\/2021\/10\/13\/lactualitzacio-dels-coneixements-sobre-alopecia-clau-resoldre-consultes-frequents-loficina-farmacia\/\"},\"author\":{\"name\":\"wpAdminCofbOrg\",\"@id\":\"https:\/\/www.cofb.org\/#\/schema\/person\/22ed7eea88da74b0fa4d3154ad87ffcb\"},\"headline\":\"L&#8217;actualitzaci\u00f3 dels coneixements sobre alop\u00e8cia, clau per resoldre consultes freq\u00fcents a l&#8217;oficina de farm\u00e0cia\",\"datePublished\":\"2021-10-13T11:55:27+00:00\",\"dateModified\":\"2024-04-05T10:51:38+00:00\",\"mainEntityOfPage\":{\"@id\":\"https:\/\/novaorg.cofb.net\/2021\/10\/13\/lactualitzacio-dels-coneixements-sobre-alopecia-clau-resoldre-consultes-frequents-loficina-farmacia\/\"},\"wordCount\":938,\"commentCount\":0,\"publisher\":{\"@id\":\"https:\/\/www.cofb.org\/#organization\"},\"image\":{\"@id\":\"https:\/\/novaorg.cofb.net\/2021\/10\/13\/lactualitzacio-dels-coneixements-sobre-alopecia-clau-resoldre-consultes-frequents-loficina-farmacia\/#primaryimage\"},\"thumbnailUrl\":\"https:\/\/www.cofb.org\/wp-content\/uploads\/2024\/04\/Serrano-1024x584-1.jpeg\",\"keywords\":[\"alop\u00e8cia\",\"Atenci\u00f3 farmac\u00e8utica\",\"categoria capil\u00b7lar\",\"COFB\",\"Col\u00b7legi de Farmac\u00e8utics de Barcelona\",\"consell farmac\u00e8utic\",\"Dermofarm\u00e0cia\",\"edat\",\"envelliment\",\"estil de vida\",\"farmac\u00e8utics\",\"farmac\u00e8utiques\",\"farm\u00e0cia comunit\u00e0ria\",\"Formaci\u00f3\",\"formaci\u00f3 continuada\",\"h\u00e0bits\",\"Oficina de farm\u00e0cia\",\"programa de formaci\u00f3 continuada\",\"salut\",\"sanitat\"],\"articleSection\":[\"Destacats\",\"M\u00f3n col\u00b7legial\"],\"inLanguage\":\"es\",\"potentialAction\":[{\"@type\":\"CommentAction\",\"name\":\"Comment\",\"target\":[\"https:\/\/novaorg.cofb.net\/2021\/10\/13\/lactualitzacio-dels-coneixements-sobre-alopecia-clau-resoldre-consultes-frequents-loficina-farmacia\/#respond\"]}]},{\"@type\":\"WebPage\",\"@id\":\"https:\/\/novaorg.cofb.net\/2021\/10\/13\/lactualitzacio-dels-coneixements-sobre-alopecia-clau-resoldre-consultes-frequents-loficina-farmacia\/\",\"url\":\"https:\/\/novaorg.cofb.net\/2021\/10\/13\/lactualitzacio-dels-coneixements-sobre-alopecia-clau-resoldre-consultes-frequents-loficina-farmacia\/\",\"name\":\"L'actualitzaci\u00f3 dels coneixements sobre alop\u00e8cia, clau per resoldre consultes freq\u00fcents a l'oficina de farm\u00e0cia - Col\u00b7legi de Farmac\u00e8utics de Barcelona\",\"isPartOf\":{\"@id\":\"https:\/\/www.cofb.org\/#website\"},\"primaryImageOfPage\":{\"@id\":\"https:\/\/novaorg.cofb.net\/2021\/10\/13\/lactualitzacio-dels-coneixements-sobre-alopecia-clau-resoldre-consultes-frequents-loficina-farmacia\/#primaryimage\"},\"image\":{\"@id\":\"https:\/\/novaorg.cofb.net\/2021\/10\/13\/lactualitzacio-dels-coneixements-sobre-alopecia-clau-resoldre-consultes-frequents-loficina-farmacia\/#primaryimage\"},\"thumbnailUrl\":\"https:\/\/www.cofb.org\/wp-content\/uploads\/2024\/04\/Serrano-1024x584-1.jpeg\",\"datePublished\":\"2021-10-13T11:55:27+00:00\",\"dateModified\":\"2024-04-05T10:51:38+00:00\",\"description\":\"Els dies 28 de setembre i 5 d'octubre es va impartir a trav\u00e9s de les aules virtuals del\u00a0Col\u00b7legi de Farmac\u00e8utics de Barcelona (COFB) la formaci\u00f3 \\\"Actuaci\u00f3 farmac\u00e8utica en alop\u00e8cia\\\".\",\"breadcrumb\":{\"@id\":\"https:\/\/novaorg.cofb.net\/2021\/10\/13\/lactualitzacio-dels-coneixements-sobre-alopecia-clau-resoldre-consultes-frequents-loficina-farmacia\/#breadcrumb\"},\"inLanguage\":\"es\",\"potentialAction\":[{\"@type\":\"ReadAction\",\"target\":[\"https:\/\/novaorg.cofb.net\/2021\/10\/13\/lactualitzacio-dels-coneixements-sobre-alopecia-clau-resoldre-consultes-frequents-loficina-farmacia\/\"]}]},{\"@type\":\"ImageObject\",\"inLanguage\":\"es\",\"@id\":\"https:\/\/novaorg.cofb.net\/2021\/10\/13\/lactualitzacio-dels-coneixements-sobre-alopecia-clau-resoldre-consultes-frequents-loficina-farmacia\/#primaryimage\",\"url\":\"https:\/\/www.cofb.org\/wp-content\/uploads\/2024\/04\/Serrano-1024x584-1.jpeg\",\"contentUrl\":\"https:\/\/www.cofb.org\/wp-content\/uploads\/2024\/04\/Serrano-1024x584-1.jpeg\",\"width\":1024,\"height\":584},{\"@type\":\"BreadcrumbList\",\"@id\":\"https:\/\/novaorg.cofb.net\/2021\/10\/13\/lactualitzacio-dels-coneixements-sobre-alopecia-clau-resoldre-consultes-frequents-loficina-farmacia\/#breadcrumb\",\"itemListElement\":[{\"@type\":\"ListItem\",\"position\":1,\"name\":\"Inici\",\"item\":\"https:\/\/novaorg.cofb.net\/\"},{\"@type\":\"ListItem\",\"position\":2,\"name\":\"L&#8217;actualitzaci\u00f3 dels coneixements sobre alop\u00e8cia, clau per resoldre consultes freq\u00fcents a l&#8217;oficina de farm\u00e0cia\"}]},{\"@type\":\"WebSite\",\"@id\":\"https:\/\/www.cofb.org\/#website\",\"url\":\"https:\/\/www.cofb.org\/\",\"name\":\"Col\u00b7legi de Farmac\u00e8utics de Barcelona\",\"description\":\"\",\"publisher\":{\"@id\":\"https:\/\/www.cofb.org\/#organization\"},\"potentialAction\":[{\"@type\":\"SearchAction\",\"target\":{\"@type\":\"EntryPoint\",\"urlTemplate\":\"https:\/\/www.cofb.org\/?s={search_term_string}\"},\"query-input\":\"required name=search_term_string\"}],\"inLanguage\":\"es\"},{\"@type\":\"Organization\",\"@id\":\"https:\/\/www.cofb.org\/#organization\",\"name\":\"Col\u00b7legi de Farmac\u00e8utics de Barcelona\",\"url\":\"https:\/\/www.cofb.org\/\",\"logo\":{\"@type\":\"ImageObject\",\"inLanguage\":\"es\",\"@id\":\"https:\/\/www.cofb.org\/#\/schema\/logo\/image\/\",\"url\":\"https:\/\/www.cofb.org\/wp-content\/uploads\/2023\/11\/cropped-Logotip-COFB.png\",\"contentUrl\":\"https:\/\/www.cofb.org\/wp-content\/uploads\/2023\/11\/cropped-Logotip-COFB.png\",\"width\":500,\"height\":105,\"caption\":\"Col\u00b7legi de Farmac\u00e8utics de Barcelona\"},\"image\":{\"@id\":\"https:\/\/www.cofb.org\/#\/schema\/logo\/image\/\"},\"sameAs\":[\"https:\/\/www.facebook.com\/farmaceuticsbcn\/\",\"https:\/\/twitter.com\/farmaceuticsbcn\",\"https:\/\/www.instagram.com\/farmaceuticsbcn\/\",\"https:\/\/www.linkedin.com\/company\/farmaceuticsbcn\/\"]},{\"@type\":\"Person\",\"@id\":\"https:\/\/www.cofb.org\/#\/schema\/person\/22ed7eea88da74b0fa4d3154ad87ffcb\",\"name\":\"wpAdminCofbOrg\",\"image\":{\"@type\":\"ImageObject\",\"inLanguage\":\"es\",\"@id\":\"https:\/\/www.cofb.org\/#\/schema\/person\/image\/\",\"url\":\"https:\/\/secure.gravatar.com\/avatar\/1721b20b3b8ca882c3b56ec6c978c594fff670e40c0718e9190eaeeb76aae7d8?s=96&d=mm&r=g\",\"contentUrl\":\"https:\/\/secure.gravatar.com\/avatar\/1721b20b3b8ca882c3b56ec6c978c594fff670e40c0718e9190eaeeb76aae7d8?s=96&d=mm&r=g\",\"caption\":\"wpAdminCofbOrg\"},\"sameAs\":[\"http:\/\/192.168.64.122\/wordpress\"],\"url\":\"https:\/\/www.cofb.org\/es\/author\/wpadmincofborg\/\"}]}<\/script>\n<!-- \/ Yoast SEO plugin. -->","yoast_head_json":{"title":"L'actualitzaci\u00f3 dels coneixements sobre alop\u00e8cia, clau per resoldre consultes freq\u00fcents a l'oficina de farm\u00e0cia - Col\u00b7legi de Farmac\u00e8utics de Barcelona","description":"Els dies 28 de setembre i 5 d'octubre es va impartir a trav\u00e9s de les aules virtuals del\u00a0Col\u00b7legi de Farmac\u00e8utics de Barcelona (COFB) la formaci\u00f3 \"Actuaci\u00f3 farmac\u00e8utica en alop\u00e8cia\".","robots":{"index":"index","follow":"follow","max-snippet":"max-snippet:-1","max-image-preview":"max-image-preview:large","max-video-preview":"max-video-preview:-1"},"canonical":"https:\/\/novaorg.cofb.net\/2021\/10\/13\/lactualitzacio-dels-coneixements-sobre-alopecia-clau-resoldre-consultes-frequents-loficina-farmacia\/","og_locale":"es_ES","og_type":"article","og_title":"L'actualitzaci\u00f3 dels coneixements sobre alop\u00e8cia, clau per resoldre consultes freq\u00fcents a l'oficina de farm\u00e0cia - Col\u00b7legi de Farmac\u00e8utics de Barcelona","og_description":"Els dies 28 de setembre i 5 d'octubre es va impartir a trav\u00e9s de les aules virtuals del\u00a0Col\u00b7legi de Farmac\u00e8utics de Barcelona (COFB) la formaci\u00f3 \"Actuaci\u00f3 farmac\u00e8utica en alop\u00e8cia\".","og_url":"https:\/\/novaorg.cofb.net\/2021\/10\/13\/lactualitzacio-dels-coneixements-sobre-alopecia-clau-resoldre-consultes-frequents-loficina-farmacia\/","og_site_name":"Col\u00b7legi de Farmac\u00e8utics de Barcelona","article_publisher":"https:\/\/www.facebook.com\/farmaceuticsbcn\/","article_published_time":"2021-10-13T11:55:27+00:00","article_modified_time":"2024-04-05T10:51:38+00:00","og_image":[{"width":1024,"height":584,"url":"https:\/\/novaorg.cofb.net\/wp-content\/uploads\/2024\/04\/Serrano-1024x584-1.jpeg","type":"image\/jpeg"}],"author":"wpAdminCofbOrg","twitter_card":"summary_large_image","twitter_creator":"@farmaceuticsbcn","twitter_site":"@farmaceuticsbcn","twitter_misc":{"Escrito por":"wpAdminCofbOrg","Tiempo de lectura":"6 minutos"},"schema":{"@context":"https:\/\/schema.org","@graph":[{"@type":"Article","@id":"https:\/\/novaorg.cofb.net\/2021\/10\/13\/lactualitzacio-dels-coneixements-sobre-alopecia-clau-resoldre-consultes-frequents-loficina-farmacia\/#article","isPartOf":{"@id":"https:\/\/novaorg.cofb.net\/2021\/10\/13\/lactualitzacio-dels-coneixements-sobre-alopecia-clau-resoldre-consultes-frequents-loficina-farmacia\/"},"author":{"name":"wpAdminCofbOrg","@id":"https:\/\/www.cofb.org\/#\/schema\/person\/22ed7eea88da74b0fa4d3154ad87ffcb"},"headline":"L&#8217;actualitzaci\u00f3 dels coneixements sobre alop\u00e8cia, clau per resoldre consultes freq\u00fcents a l&#8217;oficina de farm\u00e0cia","datePublished":"2021-10-13T11:55:27+00:00","dateModified":"2024-04-05T10:51:38+00:00","mainEntityOfPage":{"@id":"https:\/\/novaorg.cofb.net\/2021\/10\/13\/lactualitzacio-dels-coneixements-sobre-alopecia-clau-resoldre-consultes-frequents-loficina-farmacia\/"},"wordCount":938,"commentCount":0,"publisher":{"@id":"https:\/\/www.cofb.org\/#organization"},"image":{"@id":"https:\/\/novaorg.cofb.net\/2021\/10\/13\/lactualitzacio-dels-coneixements-sobre-alopecia-clau-resoldre-consultes-frequents-loficina-farmacia\/#primaryimage"},"thumbnailUrl":"https:\/\/www.cofb.org\/wp-content\/uploads\/2024\/04\/Serrano-1024x584-1.jpeg","keywords":["alop\u00e8cia","Atenci\u00f3 farmac\u00e8utica","categoria capil\u00b7lar","COFB","Col\u00b7legi de Farmac\u00e8utics de Barcelona","consell farmac\u00e8utic","Dermofarm\u00e0cia","edat","envelliment","estil de vida","farmac\u00e8utics","farmac\u00e8utiques","farm\u00e0cia comunit\u00e0ria","Formaci\u00f3","formaci\u00f3 continuada","h\u00e0bits","Oficina de farm\u00e0cia","programa de formaci\u00f3 continuada","salut","sanitat"],"articleSection":["Destacats","M\u00f3n col\u00b7legial"],"inLanguage":"es","potentialAction":[{"@type":"CommentAction","name":"Comment","target":["https:\/\/novaorg.cofb.net\/2021\/10\/13\/lactualitzacio-dels-coneixements-sobre-alopecia-clau-resoldre-consultes-frequents-loficina-farmacia\/#respond"]}]},{"@type":"WebPage","@id":"https:\/\/novaorg.cofb.net\/2021\/10\/13\/lactualitzacio-dels-coneixements-sobre-alopecia-clau-resoldre-consultes-frequents-loficina-farmacia\/","url":"https:\/\/novaorg.cofb.net\/2021\/10\/13\/lactualitzacio-dels-coneixements-sobre-alopecia-clau-resoldre-consultes-frequents-loficina-farmacia\/","name":"L'actualitzaci\u00f3 dels coneixements sobre alop\u00e8cia, clau per resoldre consultes freq\u00fcents a l'oficina de farm\u00e0cia - Col\u00b7legi de Farmac\u00e8utics de Barcelona","isPartOf":{"@id":"https:\/\/www.cofb.org\/#website"},"primaryImageOfPage":{"@id":"https:\/\/novaorg.cofb.net\/2021\/10\/13\/lactualitzacio-dels-coneixements-sobre-alopecia-clau-resoldre-consultes-frequents-loficina-farmacia\/#primaryimage"},"image":{"@id":"https:\/\/novaorg.cofb.net\/2021\/10\/13\/lactualitzacio-dels-coneixements-sobre-alopecia-clau-resoldre-consultes-frequents-loficina-farmacia\/#primaryimage"},"thumbnailUrl":"https:\/\/www.cofb.org\/wp-content\/uploads\/2024\/04\/Serrano-1024x584-1.jpeg","datePublished":"2021-10-13T11:55:27+00:00","dateModified":"2024-04-05T10:51:38+00:00","description":"Els dies 28 de setembre i 5 d'octubre es va impartir a trav\u00e9s de les aules virtuals del\u00a0Col\u00b7legi de Farmac\u00e8utics de Barcelona (COFB) la formaci\u00f3 \"Actuaci\u00f3 farmac\u00e8utica en alop\u00e8cia\".","breadcrumb":{"@id":"https:\/\/novaorg.cofb.net\/2021\/10\/13\/lactualitzacio-dels-coneixements-sobre-alopecia-clau-resoldre-consultes-frequents-loficina-farmacia\/#breadcrumb"},"inLanguage":"es","potentialAction":[{"@type":"ReadAction","target":["https:\/\/novaorg.cofb.net\/2021\/10\/13\/lactualitzacio-dels-coneixements-sobre-alopecia-clau-resoldre-consultes-frequents-loficina-farmacia\/"]}]},{"@type":"ImageObject","inLanguage":"es","@id":"https:\/\/novaorg.cofb.net\/2021\/10\/13\/lactualitzacio-dels-coneixements-sobre-alopecia-clau-resoldre-consultes-frequents-loficina-farmacia\/#primaryimage","url":"https:\/\/www.cofb.org\/wp-content\/uploads\/2024\/04\/Serrano-1024x584-1.jpeg","contentUrl":"https:\/\/www.cofb.org\/wp-content\/uploads\/2024\/04\/Serrano-1024x584-1.jpeg","width":1024,"height":584},{"@type":"BreadcrumbList","@id":"https:\/\/novaorg.cofb.net\/2021\/10\/13\/lactualitzacio-dels-coneixements-sobre-alopecia-clau-resoldre-consultes-frequents-loficina-farmacia\/#breadcrumb","itemListElement":[{"@type":"ListItem","position":1,"name":"Inici","item":"https:\/\/novaorg.cofb.net\/"},{"@type":"ListItem","position":2,"name":"L&#8217;actualitzaci\u00f3 dels coneixements sobre alop\u00e8cia, clau per resoldre consultes freq\u00fcents a l&#8217;oficina de farm\u00e0cia"}]},{"@type":"WebSite","@id":"https:\/\/www.cofb.org\/#website","url":"https:\/\/www.cofb.org\/","name":"Col\u00b7legi de Farmac\u00e8utics de Barcelona","description":"","publisher":{"@id":"https:\/\/www.cofb.org\/#organization"},"potentialAction":[{"@type":"SearchAction","target":{"@type":"EntryPoint","urlTemplate":"https:\/\/www.cofb.org\/?s={search_term_string}"},"query-input":"required name=search_term_string"}],"inLanguage":"es"},{"@type":"Organization","@id":"https:\/\/www.cofb.org\/#organization","name":"Col\u00b7legi de Farmac\u00e8utics de Barcelona","url":"https:\/\/www.cofb.org\/","logo":{"@type":"ImageObject","inLanguage":"es","@id":"https:\/\/www.cofb.org\/#\/schema\/logo\/image\/","url":"https:\/\/www.cofb.org\/wp-content\/uploads\/2023\/11\/cropped-Logotip-COFB.png","contentUrl":"https:\/\/www.cofb.org\/wp-content\/uploads\/2023\/11\/cropped-Logotip-COFB.png","width":500,"height":105,"caption":"Col\u00b7legi de Farmac\u00e8utics de Barcelona"},"image":{"@id":"https:\/\/www.cofb.org\/#\/schema\/logo\/image\/"},"sameAs":["https:\/\/www.facebook.com\/farmaceuticsbcn\/","https:\/\/twitter.com\/farmaceuticsbcn","https:\/\/www.instagram.com\/farmaceuticsbcn\/","https:\/\/www.linkedin.com\/company\/farmaceuticsbcn\/"]},{"@type":"Person","@id":"https:\/\/www.cofb.org\/#\/schema\/person\/22ed7eea88da74b0fa4d3154ad87ffcb","name":"wpAdminCofbOrg","image":{"@type":"ImageObject","inLanguage":"es","@id":"https:\/\/www.cofb.org\/#\/schema\/person\/image\/","url":"https:\/\/secure.gravatar.com\/avatar\/1721b20b3b8ca882c3b56ec6c978c594fff670e40c0718e9190eaeeb76aae7d8?s=96&d=mm&r=g","contentUrl":"https:\/\/secure.gravatar.com\/avatar\/1721b20b3b8ca882c3b56ec6c978c594fff670e40c0718e9190eaeeb76aae7d8?s=96&d=mm&r=g","caption":"wpAdminCofbOrg"},"sameAs":["http:\/\/192.168.64.122\/wordpress"],"url":"https:\/\/www.cofb.org\/es\/author\/wpadmincofborg\/"}]}},"uagb_featured_image_src":{"full":["https:\/\/www.cofb.org\/wp-content\/uploads\/2024\/04\/Serrano-1024x584-1.jpeg",1024,584,false],"thumbnail":["https:\/\/www.cofb.org\/wp-content\/uploads\/2024\/04\/Serrano-1024x584-1-150x150.jpeg",150,150,true],"medium":["https:\/\/www.cofb.org\/wp-content\/uploads\/2024\/04\/Serrano-1024x584-1-300x171.jpeg",300,171,true],"medium_large":["https:\/\/www.cofb.org\/wp-content\/uploads\/2024\/04\/Serrano-1024x584-1-768x438.jpeg",768,438,true],"large":["https:\/\/www.cofb.org\/wp-content\/uploads\/2024\/04\/Serrano-1024x584-1.jpeg",1024,584,false],"1536x1536":["https:\/\/www.cofb.org\/wp-content\/uploads\/2024\/04\/Serrano-1024x584-1.jpeg",1024,584,false],"2048x2048":["https:\/\/www.cofb.org\/wp-content\/uploads\/2024\/04\/Serrano-1024x584-1.jpeg",1024,584,false],"trp-custom-language-flag":["https:\/\/www.cofb.org\/wp-content\/uploads\/2024\/04\/Serrano-1024x584-1-18x10.jpeg",18,10,true]},"uagb_author_info":{"display_name":"wpAdminCofbOrg","author_link":"https:\/\/www.cofb.org\/es\/author\/wpadmincofborg\/"},"uagb_comment_info":0,"uagb_excerpt":"Els dies 28 de setembre i 5 d&#8217;octubre es va impartir a trav\u00e9s de les aules virtuals del\u00a0Col\u00b7legi de Farmac\u00e8utics de Barcelona (COFB) la formaci\u00f3 &#8220;Actuaci\u00f3 farmac\u00e8utica en alop\u00e8cia&#8221;. Com que la\u00a0caiguda del cabell \u00e9s una de les manifestacions cl\u00edniques que m\u00e9s consultes genera a la farm\u00e0cia comunit\u00e0ria\u00a0-i en molts [&hellip;]","_links":{"self":[{"href":"https:\/\/www.cofb.org\/es\/wp-json\/wp\/v2\/posts\/56783","targetHints":{"allow":["GET"]}}],"collection":[{"href":"https:\/\/www.cofb.org\/es\/wp-json\/wp\/v2\/posts"}],"about":[{"href":"https:\/\/www.cofb.org\/es\/wp-json\/wp\/v2\/types\/post"}],"author":[{"embeddable":true,"href":"https:\/\/www.cofb.org\/es\/wp-json\/wp\/v2\/users\/1"}],"replies":[{"embeddable":true,"href":"https:\/\/www.cofb.org\/es\/wp-json\/wp\/v2\/comments?post=56783"}],"version-history":[{"count":1,"href":"https:\/\/www.cofb.org\/es\/wp-json\/wp\/v2\/posts\/56783\/revisions"}],"predecessor-version":[{"id":78124,"href":"https:\/\/www.cofb.org\/es\/wp-json\/wp\/v2\/posts\/56783\/revisions\/78124"}],"wp:featuredmedia":[{"embeddable":true,"href":"https:\/\/www.cofb.org\/es\/wp-json\/wp\/v2\/media\/78123"}],"wp:attachment":[{"href":"https:\/\/www.cofb.org\/es\/wp-json\/wp\/v2\/media?parent=56783"}],"wp:term":[{"taxonomy":"category","embeddable":true,"href":"https:\/\/www.cofb.org\/es\/wp-json\/wp\/v2\/categories?post=56783"},{"taxonomy":"post_tag","embeddable":true,"href":"https:\/\/www.cofb.org\/es\/wp-json\/wp\/v2\/tags?post=56783"}],"curies":[{"name":"wp","href":"https:\/\/api.w.org\/{rel}","templated":true}]}}