{"id":56670,"date":"2021-10-05T10:33:50","date_gmt":"2021-10-05T08:33:50","guid":{"rendered":"https:\/\/blog.cofb.cat\/?p=56670"},"modified":"2021-10-05T10:33:50","modified_gmt":"2021-10-05T08:33:50","slug":"actualitzacio-clinica-patologia-cardiovascular-aprofundint-cardiopatia-isquemica","status":"publish","type":"post","link":"https:\/\/www.cofb.org\/es\/2021\/10\/05\/actualitzacio-clinica-patologia-cardiovascular-aprofundint-cardiopatia-isquemica\/","title":{"rendered":"Actualizaci\u00f3n cl\u00ednica en patolog\u00eda cardiovascular: profundizando en la cardiopat\u00eda isqu\u00e9mica"},"content":{"rendered":"<p>Los pasados <strong>20, 22 <\/strong>y<strong> 29 <\/strong>de septiembre tuvo lugar la <strong>formaci\u00f3n<\/strong>\u00a0<strong>&quot;Actualizaci\u00f3n cl\u00ednica en patolog\u00eda cardiovascular: cardiopat\u00eda isqu\u00e9mica&quot;<\/strong>, organizada conjuntamente con <strong>SEFAP<\/strong> y con el patrocinio de <strong>Menarini<\/strong>. Impartida en el COFB con\u00a0<strong>modalidad h\u00edbrida, <\/strong>la <strong>formaci\u00f3n<\/strong>\u00a0ten\u00eda por <strong>objetivos<\/strong> potenciar el <strong>papel cl\u00ednico del farmac\u00e9utico de Atenci\u00f3n Primaria (FAP)<\/strong> con los <strong>fundamentos b\u00e1sicos<\/strong> del conocimiento de la <strong>fisiopatolog\u00eda<\/strong>, la <strong>prevenci\u00f3n<\/strong> y el <strong>tratamiento farmacol\u00f3gico de la patolog\u00eda isqu\u00e9mica<\/strong>. Por otra parte, tambi\u00e9n se quer\u00edan dar <strong>herramientas para mejorar el soporte<\/strong> a los <strong>equipos<\/strong> de<strong>Atenci\u00f3n Primaria<\/strong> a la hora de resolver <strong>consultas farmacoterap\u00e9uticas<\/strong>, <strong>sesiones formativas<\/strong> o <strong>revisar la medicaci\u00f3n<\/strong> en pacientes que presentan estas <strong>patolog\u00edas<\/strong>.<\/p>\n<p>La<strong>equipo docente<\/strong> estuvo formado por <strong>Xavier Garcia-Moll<\/strong>, m\u00e9dico especialista en <strong>cardiolog\u00eda<\/strong>, jefe de la <strong>Unidad de Hospitalizaci\u00f3n<\/strong> del Hospital de la Santa Cruz y San Pablo; <strong>M. \u00c0ngels Hortelano<\/strong>, m\u00e9dica especializada en <strong>medicina familiar y comunitaria<\/strong> y <strong>Gemma Rodr\u00edguez<\/strong>, farmac\u00e9utica de<strong>Atenci\u00f3n Primaria<\/strong> del<strong>Instituto Catal\u00e1n de la Salud<\/strong>.<\/p>\n<div class=\"destacat-blog\">\n<h2><span style=\"color: #008080;\"><strong>Metodolog\u00eda de la formaci\u00f3n<\/strong><\/span><\/h2>\n<p>A trav\u00e9s de<strong> sesiones te\u00f3rico-pr\u00e1cticas,\u00a0<\/strong>el primer d\u00eda de la formaci\u00f3n se present\u00f3 un caso y uno <strong>modelo de informe de revisi\u00f3n de la medicaci\u00f3n<\/strong> que, con el conocimiento adquirido en las sesiones te\u00f3ricas y la experiencia propia, los alumnos tuvieron que <strong>resolver individualmente<\/strong>. En la \u00faltima sesi\u00f3n, hubo la <strong>resoluci\u00f3n grupal<\/strong>, aplicando los\u00a0<strong>conceptos impartidos<\/strong> en la actividad, con <strong>enfoque pr\u00e1ctico<\/strong> y <strong>desarrollo interactivo<\/strong>.<\/p>\n<\/div>\n<h2><span style=\"color: #008080;\"><strong>Sesi\u00f3n 1: Riesgo cardiovascular<\/strong><\/span><\/h2>\n<p><span style=\"color: #000000;\">En la primera sesi\u00f3n, la\u00a0<\/span><strong style=\"color: #000000;\">Dra. M. \u00c0ngels Hortelano<\/strong><span style=\"color: #000000;\">, m\u00e9dica especializada en medicina familiar y comunitaria del ICS, abord\u00f3 la <\/span><strong style=\"color: #000000;\">fisiopatolog\u00eda<\/strong><span style=\"color: #000000;\"> de la <\/span><strong style=\"color: #000000;\">enfermedad isqu\u00e9mica coronaria<\/strong><span style=\"color: #000000;\">,<\/span><strong style=\"color: #000000;\">\u00a0<\/strong><span style=\"color: #000000;\">el control de los factores de <\/span><strong style=\"color: #000000;\">riesgo cardiovascular<\/strong><span style=\"color: #000000;\"> y el <\/span><strong style=\"color: #000000;\">circuito c\u00f3digo IAM<\/strong><span style=\"color: #000000;\">\u00a0(atenci\u00f3n de emergencia a la enfermedad cardiovascular) desde el punto de vista del<\/span><strong style=\"color: #000000;\">Atenci\u00f3n Primaria<\/strong><span style=\"color: #000000;\">.\u00a0<\/span><span style=\"color: #000000;\">La <strong>Dra. Hortelano<\/strong> defini\u00f3 el\u00a0<strong>riesgo cardiovascular <\/strong>como la <strong>probabilidad<\/strong> que tiene un individuo de presentar<strong> una enfermedad cardiovascular <\/strong>en un plazo definido, por lo general, 10 a\u00f1os. El <strong>riesgo cardiovascular<\/strong> est\u00e1 determinado por el<strong>efecto multiplicador<\/strong> que tienen los factores de <strong>riesgo cardiovascular<\/strong>. Las <strong>enfermedades<\/strong> incluidas dentro del concepto <strong>&quot;riesgo cardiovascular&quot;<\/strong> son la <strong>cardiopat\u00eda isqu\u00e9mica<\/strong> y la <strong>enfermedad cerebrovascular<\/strong>.\u00a0<\/span><\/p>\n<figure id=\"attachment_56894\" aria-describedby=\"caption-attachment-56894\" style=\"width: 620px\" class=\"wp-caption aligncenter\"><img fetchpriority=\"high\" decoding=\"async\" class=\"wp-image-56894 size-large\" title=\"Un momento de la primera sesi\u00f3n de la formaci\u00f3n &quot;Actualizaci\u00f3n cl\u00ednica en patolog\u00eda cardiovascular: cardiopat\u00eda isqu\u00e9mica&quot;, que fue impartida por la Dra. M. \u00c0ngels Hortelano.\" src=\"https:\/\/blog.cofb.cat\/wp-content\/uploads\/2021\/10\/Dra.-Hortelano-1024x513.jpg\" alt=\"Un moment de la primera sessi\u00f3 de la formaci\u00f3 &quot;Actualitzaci\u00f3 cl\u00ednica en patologia cardiovascular: cardiopatia isqu\u00e8mica&quot;, que va ser impartida per la Dra. M. \u00c0ngels Hortelano.\" width=\"620\" height=\"311\" \/><figcaption id=\"caption-attachment-56894\" class=\"wp-caption-text\">Un momento de la primera sesi\u00f3n de la formaci\u00f3n &quot;Actualizaci\u00f3n cl\u00ednica en patolog\u00eda cardiovascular: cardiopat\u00eda isqu\u00e9mica&quot;, que fue impartida por la Dra. M. \u00c0ngels Hortelano.<\/figcaption><\/figure>\n<p>En cuanto a los <strong>factores de riesgo cardiovascular<\/strong>, la doctora los defini\u00f3 como <strong>caracter\u00edsticas, exposiciones, h\u00e1bitos de vida o enfermedades<\/strong> que <strong>aumentan la probabilidad de padecer una enfermedad cardiovascular<\/strong>, promoviendo el desarrollo y la progresi\u00f3n de la arteriosclerosis. Algunos de los factores de riesgo cardiovascular causales pueden ser el <strong>tabaco<\/strong>, la <strong>presi\u00f3n arterial<\/strong> elevada, la <strong><em>diabetes mellitus<\/em><\/strong>, la<strong>edad avanzada<\/strong> y el <strong>colesterol s\u00e9rico total<\/strong> y el <strong>colesterol-LDL<\/strong> elevados. El <strong>riesgo cardiovascular<\/strong> tiene como utilidad m\u00e1s importante establecer las <strong>prioridades de prevenci\u00f3n cardiovascular<\/strong> y <strong>decidir la intensidad de la intervenci\u00f3n<\/strong> y la <strong>introducci\u00f3n o no de f\u00e1rmacos<\/strong>. El <strong>riesgo cardiovascular<\/strong> es la probabilidad de sufrir una <strong>enfermedad coronaria<\/strong> y <strong>cerebrovascular<\/strong>. Y, finalmente, el <strong>riesgo coronario<\/strong> es la probabilidad de <strong>sufrir una enfermedad coronaria<\/strong>.<\/p>\n<h3><strong><span style=\"color: #008080;\">Factores de riesgo cardiovascular<\/span><\/strong><\/h3>\n<p>La doctora Hortelano puso el foco en algunos de los\u00a0<strong>factores de riesgo cardiovascular<\/strong> como el<strong>obesidad<\/strong> o el <strong>tabaquismo<\/strong>. Y, en el caso del<strong>obesidad<\/strong>, record\u00f3 que la <strong>prevalencia<\/strong> de \u00e9sta aumenta con el<strong>edad<\/strong>, tanto en hombres como en mujeres, y en aquellos grupos de <strong>menor nivel cultural<\/strong> y de <strong>zonas rurales<\/strong>. Algunas de las <strong>principales enfermedades asociadas a la obesidad<\/strong> son: diabetes, hipertensi\u00f3n arterial, cardiopat\u00eda isqu\u00e9mica, alteraciones osteoarticulares, apneas del sue\u00f1o\u2026<\/p>\n<p>En cuanto al <strong>tabaco<\/strong>, la doctora destac\u00f3 que amplifica el<strong>efecto de los dem\u00e1s<\/strong> <strong>factores de riesgo cardiovascular<\/strong> y <strong>acelera el desarrollo de arteriosclerosis<\/strong>. Dentro de este blog, la m\u00e9dica repas\u00f3 los <strong>beneficios de dejar de fumar.<\/strong><\/p>\n<h3><span style=\"color: #008080;\"><strong>C\u00f3digo infarto<\/strong><\/span><\/h3>\n<p>Ya en la parte final de su intervenci\u00f3n, la Dra. Hortelano se refiri\u00f3 al <a href=\"https:\/\/canalsalut.gencat.cat\/ca\/salut-a-z\/i\/infart-agut-de-miocardi\/codi-infart\/\" target=\"_blank\" rel=\"noopener\"><strong>c\u00f3digo infarto<\/strong><\/a>, que consiste en el<strong>activaci\u00f3n de un conjunto de dispositivos asistenciales<\/strong> encaminados a atender a las personas que presentan <strong>s\u00edntomas de un posible infarto<\/strong>.<\/p>\n<h2><span style=\"color: #008080;\"><strong>Sesi\u00f3n 2: Dolor tor\u00e1cico, diagn\u00f3stico diferencial<\/strong><\/span><\/h2>\n<p>El <strong>Dr. Xavier Garcia-Moll<\/strong>, m\u00e9dico especialista en <strong>cardiolog\u00eda<\/strong>, jefe de la <strong>Unidad de Hospitalizaci\u00f3n<\/strong> del<strong>Hospital de Santa Cruz y San Pablo<\/strong> empez\u00f3 su intervenci\u00f3n hablando del <strong>dolor tor\u00e1cico<\/strong>\u00a0y sus caracter\u00edsticas. Tambi\u00e9n se refiri\u00f3 a <strong>el algoritmo para el abordaje del dolor tor\u00e1cico en urgencias<\/strong>, que tiene por objetivo establecer una <strong>orientaci\u00f3n diagn\u00f3stica<\/strong> en el menor tiempo posible.<\/p>\n<figure id=\"attachment_56848\" aria-describedby=\"caption-attachment-56848\" style=\"width: 620px\" class=\"wp-caption aligncenter\"><img decoding=\"async\" class=\"wp-image-56848 size-large\" title=\"El dr. Xavier Garcia-Moll, m\u00e9dico especialista en cardiolog\u00eda, impartiendo la segunda sesi\u00f3n de la formaci\u00f3n.\" src=\"https:\/\/blog.cofb.cat\/wp-content\/uploads\/2021\/09\/Xavier-Garcia-Moll-1-1024x577.png\" alt=\"El Dr. Xavier Garcia-Moll, metge especialista en cardiologia, impartint la segona sessi\u00f3 de la formaci\u00f3.\" width=\"620\" height=\"349\" \/><figcaption id=\"caption-attachment-56848\" class=\"wp-caption-text\">El dr. Xavier Garcia-Moll, m\u00e9dico especialista en cardiolog\u00eda, impartiendo la segunda sesi\u00f3n de la formaci\u00f3n.<\/figcaption><\/figure>\n<p>Como <strong>puntos clave<\/strong> de su intervenci\u00f3n, el <strong>Dr. Garcia-Moll<\/strong> destac\u00f3 que el <strong>dolor tor\u00e1cico<\/strong> es una <strong>patolog\u00eda prevalente en urgencias<\/strong> y que el hecho de <strong>protocolizar su atenci\u00f3n<\/strong> <strong>disminuye ingresos inadecuados y altas inadecuadas<\/strong> en el menor tiempo posible. Por otra parte, tambi\u00e9n remarc\u00f3 que la <strong>colaboraci\u00f3n entre servicios<\/strong> (generalmente, <strong>Cardiolog\u00eda<\/strong> y <strong>Urgencias<\/strong>) es fundamental. Todo ello, sin dejar de lado que la <strong>formaci\u00f3n del personal<\/strong> es una <strong>parte importante<\/strong> para el<strong>eficiencia<\/strong> y <strong>implicaci\u00f3n en el proceso<\/strong>.<\/p>\n<h2><span style=\"color: #008080;\"><strong>Sesi\u00f3n 3: Caso pr\u00e1ctico<\/strong><\/span><\/h2>\n<p>En el marco de la <strong>tercera sesi\u00f3n<\/strong>, <strong>Gemma Rodr\u00edguez<\/strong>, farmac\u00e9utica de<strong>Atenci\u00f3n Primaria<\/strong> y la <strong>Dra. M. \u00c0ngels Hortelano<\/strong>, <strong>m\u00e9dica especializada<\/strong> en <strong>medicina familiar<\/strong> y <strong>comunitaria<\/strong> hicieron la<strong> presentaci\u00f3n<\/strong> y la <strong>resoluci\u00f3n de un caso cl\u00ednico<\/strong>. En el caso se presentaba la situaci\u00f3n de un paciente de 62 a\u00f1os con <strong>4 factores de riesgo cardiovascular<\/strong>. Por eso se le recomienda <strong>tratamiento farmacol\u00f3gico<\/strong>, y algunas medidas de estilo de vida saludable como la reducci\u00f3n de sal en la dieta, entre otros.<\/p>\n<figure id=\"attachment_56841\" aria-describedby=\"caption-attachment-56841\" style=\"width: 620px\" class=\"wp-caption aligncenter\"><img decoding=\"async\" class=\"wp-image-56841 size-large\" title=\"La farmac\u00e9utica de Atenci\u00f3n Primaria, Gemma Rodr\u00edguez, y la doctora M. \u00c0ngels Hortelano, especializada en medicina familiar y comunitaria.\" src=\"https:\/\/blog.cofb.cat\/wp-content\/uploads\/2021\/09\/Sessi\u00f3-3-19-1024x572.png\" alt=\"La farmac\u00e8utica d'Atenci\u00f3 Prim\u00e0ria, Gemma Rodr\u00edguez, i la doctora M. \u00c0ngels Hortelano, especialitzada en medicina familiar i comunit\u00e0ria.\" width=\"620\" height=\"346\" \/><figcaption id=\"caption-attachment-56841\" class=\"wp-caption-text\">La farmac\u00e9utica de Atenci\u00f3n Primaria, Gemma Rodr\u00edguez, y la doctora M. \u00c0ngels Hortelano, especializada en medicina familiar y comunitaria.<\/figcaption><\/figure>\n<p>En el caso cl\u00ednico tambi\u00e9n se repas\u00f3 el <strong>c\u00f3digo IAM<\/strong> y se afianz\u00f3 la <strong>importancia <\/strong>de <strong>cuidar nuestro coraz\u00f3n. <\/strong>Hay medidas higi\u00e9nico-diet\u00e9ticas que pueden ayudarnos como: evitar el tabaco, mantener un peso normal o reducir los niveles de estr\u00e9s y ansiedad.<\/p>\n<div class=\"box note\"><\/div>\n<h2><span style=\"color: #008080;\"><strong>Valoraci\u00f3n de la vocal de Atenci\u00f3n Primaria del COFB<\/strong><\/span><\/h2>\n<p>Roser Vall\u00e8s, vocal de Atenci\u00f3n Primaria del COFB, explica que \u201ccada vez, es m\u00e1s importante que la figura del <strong>farmac\u00e9utico de Atenci\u00f3n Primaria (FAP)<\/strong> est\u00e9 m\u00e1s integrada en la actividad asistencial del equipo de atenci\u00f3n primaria y que se potencie su rol cl\u00ednico de apoyo en las decisiones farmacoterap\u00e9uticas\u201d.<\/p>\n<p>Desde su punto de vista, \u201cpara poder desarrollar correctamente esta tarea, es fundamental que el FAP adquiera conocimiento de <strong>fisiopatolog\u00eda<\/strong> y <strong>valoraci\u00f3n cl\u00ednica<\/strong> de las diferentes patolog\u00edas m\u00e1s prevalentes en la atenci\u00f3n primaria. Con este objetivo, se ha llevado a cabo esta actividad formativa de <strong>revisi\u00f3n de la cardiopat\u00eda isqu\u00e9mica<\/strong>&#8220;.<\/p>\n<p>Vall\u00e8s tambi\u00e9n destaca que a trav\u00e9s de formaciones como \u00e9sta \u201cse ofrece la oportunidad de aplicar los mismos criterios a la hora de proporcionar <strong>consejo farmacoterap\u00e9utico<\/strong> tanto en el \u00e1mbito del<strong><span> <\/span>atenci\u00f3n primaria<\/strong> como en el \u00e1mbito<strong>\u00a0comunitario<\/strong> a trav\u00e9s de las <strong>oficinas de farmacia<\/strong>&#8220;.<\/p>\n<\/div>\n<p style=\"text-align: right;\"><strong>Actividad organizada conjuntamente con:<\/strong><\/p>\n<p style=\"text-align: right;\"><a href=\"https:\/\/www.sefap.org\/\" target=\"_blank\" rel=\"noopener\"><img loading=\"lazy\" decoding=\"async\" class=\"wp-image-56682 alignright\" src=\"https:\/\/blog.cofb.cat\/wp-content\/uploads\/2021\/09\/SEFAP.png\" alt=\"\" width=\"155\" height=\"40\" \/><\/a><\/p>\n<p>&nbsp;<\/p>\n<p>&nbsp;<\/p>\n<p style=\"text-align: right;\"><strong>Con el patrocinio de:\u00a0<\/strong><\/p>\n<p style=\"text-align: right;\"><a href=\"https:\/\/www.menarini.es\/\" target=\"_blank\" rel=\"noopener\"><img loading=\"lazy\" decoding=\"async\" class=\"wp-image-56674 alignright\" src=\"https:\/\/blog.cofb.cat\/wp-content\/uploads\/2021\/09\/Grupo-Menarini.png\" alt=\"\" width=\"157\" height=\"53\" \/><\/a><\/p>\n<p>&nbsp;<\/p>\n<p>&nbsp;<\/p>\n<p><strong>Otras publicaciones de inter\u00e9s:<\/strong><\/p>\n<ul>\n<li><a href=\"https:\/\/blog.cofb.cat\/coordinacio-latencio-primaria-professionals-dels-centres-sociosanitaris-clau-latencio-residencial-temps-covid-19\/\" target=\"_blank\" rel=\"noopener\">La coordinaci\u00f3n entre la Atenci\u00f3n Primaria y los profesionales de los centros sociosanitarios, clave en la atenci\u00f3n residencial en tiempo de COVID-19 (Octubre 2020)<\/a><\/li>\n<li><a href=\"https:\/\/blog.cofb.cat\/abordatge-cardiodiabesitat-gestio-integral-latencio-centrada-pacient\/\" target=\"_blank\" rel=\"noopener\">Abordaje de la cardiodiabesidad desde la gesti\u00f3n integral y la atenci\u00f3n centrada en el paciente (Abril 2019)<\/a><\/li>\n<\/ul>","protected":false},"excerpt":{"rendered":"<p>Los pasados 20, 22 y 29 de septiembre tuvo lugar la formaci\u00f3n &quot;Actualizaci\u00f3n cl\u00ednica en patolog\u00eda cardiovascular: cardiopat\u00eda isqu\u00e9mica&quot;, organizada conjuntamente con SEFAP y con el patrocinio de Menarini. Impartida en el COFB con modalidad h\u00edbrida, la formaci\u00f3n ten\u00eda por objetivos potenciar el papel cl\u00ednico del farmac\u00e9utico de Atenci\u00f3n Primaria (FAP) con los fundamentos b\u00e1sicos del [\u2026]<\/p>","protected":false},"author":1,"featured_media":56894,"comment_status":"open","ping_status":"open","sticky":false,"template":"","format":"standard","meta":{"_uag_custom_page_level_css":"","site-sidebar-layout":"default","site-content-layout":"","ast-site-content-layout":"default","site-content-style":"default","site-sidebar-style":"default","ast-global-header-display":"","ast-banner-title-visibility":"","ast-main-header-display":"","ast-hfb-above-header-display":"","ast-hfb-below-header-display":"","ast-hfb-mobile-header-display":"","site-post-title":"","ast-breadcrumbs-content":"","ast-featured-img":"disabled","footer-sml-layout":"","theme-transparent-header-meta":"","adv-header-id-meta":"","stick-header-meta":"","header-above-stick-meta":"","header-main-stick-meta":"","header-below-stick-meta":"","astra-migrate-meta-layouts":"default","ast-page-background-enabled":"default","ast-page-background-meta":{"desktop":{"background-color":"var(--ast-global-color-4)","background-image":"","background-repeat":"repeat","background-position":"center center","background-size":"auto","background-attachment":"scroll","background-type":"","background-media":"","overlay-type":"","overlay-color":"","overlay-opacity":"","overlay-gradient":""},"tablet":{"background-color":"","background-image":"","background-repeat":"repeat","background-position":"center center","background-size":"auto","background-attachment":"scroll","background-type":"","background-media":"","overlay-type":"","overlay-color":"","overlay-opacity":"","overlay-gradient":""},"mobile":{"background-color":"","background-image":"","background-repeat":"repeat","background-position":"center center","background-size":"auto","background-attachment":"scroll","background-type":"","background-media":"","overlay-type":"","overlay-color":"","overlay-opacity":"","overlay-gradient":""}},"ast-content-background-meta":{"desktop":{"background-color":"var(--ast-global-color-5)","background-image":"","background-repeat":"repeat","background-position":"center center","background-size":"auto","background-attachment":"scroll","background-type":"","background-media":"","overlay-type":"","overlay-color":"","overlay-opacity":"","overlay-gradient":""},"tablet":{"background-color":"var(--ast-global-color-5)","background-image":"","background-repeat":"repeat","background-position":"center center","background-size":"auto","background-attachment":"scroll","background-type":"","background-media":"","overlay-type":"","overlay-color":"","overlay-opacity":"","overlay-gradient":""},"mobile":{"background-color":"var(--ast-global-color-5)","background-image":"","background-repeat":"repeat","background-position":"center center","background-size":"auto","background-attachment":"scroll","background-type":"","background-media":"","overlay-type":"","overlay-color":"","overlay-opacity":"","overlay-gradient":""}},"footnotes":""},"categories":[23,57],"tags":[467,4624,64,938,3472,4625,2179,18,19,4626,197,4627,68,69,480,70,4628,4629,4630,3734,59,4380],"class_list":["post-56670","post","type-post","status-publish","format-standard","has-post-thumbnail","hentry","category-destacats","category-mon-collegial","tag-activitats-formatives","tag-ambits-assistencials","tag-atencio-farmaceutica","tag-atencio-primaria","tag-cardiologia","tag-codi-iam","tag-codi-infart","tag-cofb","tag-collegi-de-farmaceutics-de-barcelona","tag-cor","tag-diabetis","tag-farmaceutics-atencio-primaria","tag-farmacia","tag-farmacia-comunitaria","tag-farmacia-hospitalaria","tag-formacio","tag-infart","tag-infart-agut-de-miocardi","tag-interdisciplinarietat","tag-metodologia","tag-pacients","tag-sefap"],"yoast_head":"<!-- This site is optimized with the Yoast SEO plugin v22.4 - https:\/\/yoast.com\/wordpress\/plugins\/seo\/ -->\n<title>Actualitzaci\u00f3 cl\u00ednica en patologia cardiovascular: aprofundint en la cardiopatia isqu\u00e8mica - Col\u00b7legi de Farmac\u00e8utics de Barcelona<\/title>\n<meta name=\"description\" content=\"Els passats 20, 22 i 29 de setembre de 2021 va tenir lloc la formaci\u00f3\u00a0&quot;Actualitzaci\u00f3 cl\u00ednica en patologia cardiovascular: cardiopatia isqu\u00e8mica&quot; que es va impartir en modalitat h\u00edbrida.\" \/>\n<meta name=\"robots\" content=\"index, follow, max-snippet:-1, max-image-preview:large, max-video-preview:-1\" \/>\n<link rel=\"canonical\" href=\"https:\/\/novaorg.cofb.net\/2021\/10\/05\/actualitzacio-clinica-patologia-cardiovascular-aprofundint-cardiopatia-isquemica\/\" \/>\n<meta property=\"og:locale\" content=\"es_ES\" \/>\n<meta property=\"og:type\" content=\"article\" \/>\n<meta property=\"og:title\" content=\"Actualitzaci\u00f3 cl\u00ednica en patologia cardiovascular: aprofundint en la cardiopatia isqu\u00e8mica - Col\u00b7legi de Farmac\u00e8utics de Barcelona\" \/>\n<meta property=\"og:description\" content=\"Els passats 20, 22 i 29 de setembre de 2021 va tenir lloc la formaci\u00f3\u00a0&quot;Actualitzaci\u00f3 cl\u00ednica en patologia cardiovascular: cardiopatia isqu\u00e8mica&quot; que es va impartir en modalitat h\u00edbrida.\" \/>\n<meta property=\"og:url\" content=\"https:\/\/novaorg.cofb.net\/2021\/10\/05\/actualitzacio-clinica-patologia-cardiovascular-aprofundint-cardiopatia-isquemica\/\" \/>\n<meta property=\"og:site_name\" content=\"Col\u00b7legi de Farmac\u00e8utics de Barcelona\" \/>\n<meta property=\"article:publisher\" content=\"https:\/\/www.facebook.com\/farmaceuticsbcn\/\" \/>\n<meta property=\"article:published_time\" content=\"2021-10-05T08:33:50+00:00\" \/>\n<meta name=\"author\" content=\"wpAdminCofbOrg\" \/>\n<meta name=\"twitter:card\" content=\"summary_large_image\" \/>\n<meta name=\"twitter:creator\" content=\"@farmaceuticsbcn\" \/>\n<meta name=\"twitter:site\" content=\"@farmaceuticsbcn\" \/>\n<meta name=\"twitter:label1\" content=\"Escrito por\" \/>\n\t<meta name=\"twitter:data1\" content=\"wpAdminCofbOrg\" \/>\n\t<meta name=\"twitter:label2\" content=\"Tiempo de lectura\" \/>\n\t<meta name=\"twitter:data2\" content=\"6 minutos\" \/>\n<script type=\"application\/ld+json\" class=\"yoast-schema-graph\">{\"@context\":\"https:\/\/schema.org\",\"@graph\":[{\"@type\":\"Article\",\"@id\":\"https:\/\/novaorg.cofb.net\/2021\/10\/05\/actualitzacio-clinica-patologia-cardiovascular-aprofundint-cardiopatia-isquemica\/#article\",\"isPartOf\":{\"@id\":\"https:\/\/novaorg.cofb.net\/2021\/10\/05\/actualitzacio-clinica-patologia-cardiovascular-aprofundint-cardiopatia-isquemica\/\"},\"author\":{\"name\":\"wpAdminCofbOrg\",\"@id\":\"https:\/\/www.cofb.org\/#\/schema\/person\/22ed7eea88da74b0fa4d3154ad87ffcb\"},\"headline\":\"Actualitzaci\u00f3 cl\u00ednica en patologia cardiovascular: aprofundint en la cardiopatia isqu\u00e8mica\",\"datePublished\":\"2021-10-05T08:33:50+00:00\",\"dateModified\":\"2021-10-05T08:33:50+00:00\",\"mainEntityOfPage\":{\"@id\":\"https:\/\/novaorg.cofb.net\/2021\/10\/05\/actualitzacio-clinica-patologia-cardiovascular-aprofundint-cardiopatia-isquemica\/\"},\"wordCount\":1316,\"commentCount\":0,\"publisher\":{\"@id\":\"https:\/\/www.cofb.org\/#organization\"},\"image\":{\"@id\":\"https:\/\/novaorg.cofb.net\/2021\/10\/05\/actualitzacio-clinica-patologia-cardiovascular-aprofundint-cardiopatia-isquemica\/#primaryimage\"},\"thumbnailUrl\":\"\",\"keywords\":[\"activitats formatives\",\"\u00e0mbits assistencials\",\"Atenci\u00f3 farmac\u00e8utica\",\"Atenci\u00f3 prim\u00e0ria\",\"cardiologia\",\"codi IAM\",\"codi infart\",\"COFB\",\"Col\u00b7legi de Farmac\u00e8utics de Barcelona\",\"cor\",\"diabetis\",\"farmac\u00e8utics Atenci\u00f3 Prim\u00e0ria\",\"Farm\u00e0cia\",\"farm\u00e0cia comunit\u00e0ria\",\"farm\u00e0cia hospital\u00e0ria\",\"Formaci\u00f3\",\"infart\",\"infart agut de miocardi\",\"interdisciplinarietat\",\"metodologia\",\"pacients\",\"SEFAP\"],\"articleSection\":[\"Destacats\",\"M\u00f3n col\u00b7legial\"],\"inLanguage\":\"es\",\"potentialAction\":[{\"@type\":\"CommentAction\",\"name\":\"Comment\",\"target\":[\"https:\/\/novaorg.cofb.net\/2021\/10\/05\/actualitzacio-clinica-patologia-cardiovascular-aprofundint-cardiopatia-isquemica\/#respond\"]}]},{\"@type\":\"WebPage\",\"@id\":\"https:\/\/novaorg.cofb.net\/2021\/10\/05\/actualitzacio-clinica-patologia-cardiovascular-aprofundint-cardiopatia-isquemica\/\",\"url\":\"https:\/\/novaorg.cofb.net\/2021\/10\/05\/actualitzacio-clinica-patologia-cardiovascular-aprofundint-cardiopatia-isquemica\/\",\"name\":\"Actualitzaci\u00f3 cl\u00ednica en patologia cardiovascular: aprofundint en la cardiopatia isqu\u00e8mica - Col\u00b7legi de Farmac\u00e8utics de Barcelona\",\"isPartOf\":{\"@id\":\"https:\/\/www.cofb.org\/#website\"},\"primaryImageOfPage\":{\"@id\":\"https:\/\/novaorg.cofb.net\/2021\/10\/05\/actualitzacio-clinica-patologia-cardiovascular-aprofundint-cardiopatia-isquemica\/#primaryimage\"},\"image\":{\"@id\":\"https:\/\/novaorg.cofb.net\/2021\/10\/05\/actualitzacio-clinica-patologia-cardiovascular-aprofundint-cardiopatia-isquemica\/#primaryimage\"},\"thumbnailUrl\":\"\",\"datePublished\":\"2021-10-05T08:33:50+00:00\",\"dateModified\":\"2021-10-05T08:33:50+00:00\",\"description\":\"Els passats 20, 22 i 29 de setembre de 2021 va tenir lloc la formaci\u00f3\u00a0\\\"Actualitzaci\u00f3 cl\u00ednica en patologia cardiovascular: cardiopatia isqu\u00e8mica\\\" que es va impartir en modalitat h\u00edbrida.\",\"breadcrumb\":{\"@id\":\"https:\/\/novaorg.cofb.net\/2021\/10\/05\/actualitzacio-clinica-patologia-cardiovascular-aprofundint-cardiopatia-isquemica\/#breadcrumb\"},\"inLanguage\":\"es\",\"potentialAction\":[{\"@type\":\"ReadAction\",\"target\":[\"https:\/\/novaorg.cofb.net\/2021\/10\/05\/actualitzacio-clinica-patologia-cardiovascular-aprofundint-cardiopatia-isquemica\/\"]}]},{\"@type\":\"ImageObject\",\"inLanguage\":\"es\",\"@id\":\"https:\/\/novaorg.cofb.net\/2021\/10\/05\/actualitzacio-clinica-patologia-cardiovascular-aprofundint-cardiopatia-isquemica\/#primaryimage\",\"url\":\"\",\"contentUrl\":\"\"},{\"@type\":\"BreadcrumbList\",\"@id\":\"https:\/\/novaorg.cofb.net\/2021\/10\/05\/actualitzacio-clinica-patologia-cardiovascular-aprofundint-cardiopatia-isquemica\/#breadcrumb\",\"itemListElement\":[{\"@type\":\"ListItem\",\"position\":1,\"name\":\"Inici\",\"item\":\"https:\/\/novaorg.cofb.net\/\"},{\"@type\":\"ListItem\",\"position\":2,\"name\":\"Actualitzaci\u00f3 cl\u00ednica en patologia cardiovascular: aprofundint en la cardiopatia isqu\u00e8mica\"}]},{\"@type\":\"WebSite\",\"@id\":\"https:\/\/www.cofb.org\/#website\",\"url\":\"https:\/\/www.cofb.org\/\",\"name\":\"Col\u00b7legi de Farmac\u00e8utics de Barcelona\",\"description\":\"\",\"publisher\":{\"@id\":\"https:\/\/www.cofb.org\/#organization\"},\"potentialAction\":[{\"@type\":\"SearchAction\",\"target\":{\"@type\":\"EntryPoint\",\"urlTemplate\":\"https:\/\/www.cofb.org\/?s={search_term_string}\"},\"query-input\":\"required name=search_term_string\"}],\"inLanguage\":\"es\"},{\"@type\":\"Organization\",\"@id\":\"https:\/\/www.cofb.org\/#organization\",\"name\":\"Col\u00b7legi de Farmac\u00e8utics de Barcelona\",\"url\":\"https:\/\/www.cofb.org\/\",\"logo\":{\"@type\":\"ImageObject\",\"inLanguage\":\"es\",\"@id\":\"https:\/\/www.cofb.org\/#\/schema\/logo\/image\/\",\"url\":\"https:\/\/www.cofb.org\/wp-content\/uploads\/2023\/11\/cropped-Logotip-COFB.png\",\"contentUrl\":\"https:\/\/www.cofb.org\/wp-content\/uploads\/2023\/11\/cropped-Logotip-COFB.png\",\"width\":500,\"height\":105,\"caption\":\"Col\u00b7legi de Farmac\u00e8utics de Barcelona\"},\"image\":{\"@id\":\"https:\/\/www.cofb.org\/#\/schema\/logo\/image\/\"},\"sameAs\":[\"https:\/\/www.facebook.com\/farmaceuticsbcn\/\",\"https:\/\/twitter.com\/farmaceuticsbcn\",\"https:\/\/www.instagram.com\/farmaceuticsbcn\/\",\"https:\/\/www.linkedin.com\/company\/farmaceuticsbcn\/\"]},{\"@type\":\"Person\",\"@id\":\"https:\/\/www.cofb.org\/#\/schema\/person\/22ed7eea88da74b0fa4d3154ad87ffcb\",\"name\":\"wpAdminCofbOrg\",\"image\":{\"@type\":\"ImageObject\",\"inLanguage\":\"es\",\"@id\":\"https:\/\/www.cofb.org\/#\/schema\/person\/image\/\",\"url\":\"https:\/\/secure.gravatar.com\/avatar\/1721b20b3b8ca882c3b56ec6c978c594fff670e40c0718e9190eaeeb76aae7d8?s=96&d=mm&r=g\",\"contentUrl\":\"https:\/\/secure.gravatar.com\/avatar\/1721b20b3b8ca882c3b56ec6c978c594fff670e40c0718e9190eaeeb76aae7d8?s=96&d=mm&r=g\",\"caption\":\"wpAdminCofbOrg\"},\"sameAs\":[\"http:\/\/192.168.64.122\/wordpress\"],\"url\":\"https:\/\/www.cofb.org\/es\/author\/wpadmincofborg\/\"}]}<\/script>\n<!-- \/ Yoast SEO plugin. -->","yoast_head_json":{"title":"Actualitzaci\u00f3 cl\u00ednica en patologia cardiovascular: aprofundint en la cardiopatia isqu\u00e8mica - Col\u00b7legi de Farmac\u00e8utics de Barcelona","description":"Els passats 20, 22 i 29 de setembre de 2021 va tenir lloc la formaci\u00f3\u00a0\"Actualitzaci\u00f3 cl\u00ednica en patologia cardiovascular: cardiopatia isqu\u00e8mica\" que es va impartir en modalitat h\u00edbrida.","robots":{"index":"index","follow":"follow","max-snippet":"max-snippet:-1","max-image-preview":"max-image-preview:large","max-video-preview":"max-video-preview:-1"},"canonical":"https:\/\/novaorg.cofb.net\/2021\/10\/05\/actualitzacio-clinica-patologia-cardiovascular-aprofundint-cardiopatia-isquemica\/","og_locale":"es_ES","og_type":"article","og_title":"Actualitzaci\u00f3 cl\u00ednica en patologia cardiovascular: aprofundint en la cardiopatia isqu\u00e8mica - Col\u00b7legi de Farmac\u00e8utics de Barcelona","og_description":"Els passats 20, 22 i 29 de setembre de 2021 va tenir lloc la formaci\u00f3\u00a0\"Actualitzaci\u00f3 cl\u00ednica en patologia cardiovascular: cardiopatia isqu\u00e8mica\" que es va impartir en modalitat h\u00edbrida.","og_url":"https:\/\/novaorg.cofb.net\/2021\/10\/05\/actualitzacio-clinica-patologia-cardiovascular-aprofundint-cardiopatia-isquemica\/","og_site_name":"Col\u00b7legi de Farmac\u00e8utics de Barcelona","article_publisher":"https:\/\/www.facebook.com\/farmaceuticsbcn\/","article_published_time":"2021-10-05T08:33:50+00:00","author":"wpAdminCofbOrg","twitter_card":"summary_large_image","twitter_creator":"@farmaceuticsbcn","twitter_site":"@farmaceuticsbcn","twitter_misc":{"Escrito por":"wpAdminCofbOrg","Tiempo de lectura":"6 minutos"},"schema":{"@context":"https:\/\/schema.org","@graph":[{"@type":"Article","@id":"https:\/\/novaorg.cofb.net\/2021\/10\/05\/actualitzacio-clinica-patologia-cardiovascular-aprofundint-cardiopatia-isquemica\/#article","isPartOf":{"@id":"https:\/\/novaorg.cofb.net\/2021\/10\/05\/actualitzacio-clinica-patologia-cardiovascular-aprofundint-cardiopatia-isquemica\/"},"author":{"name":"wpAdminCofbOrg","@id":"https:\/\/www.cofb.org\/#\/schema\/person\/22ed7eea88da74b0fa4d3154ad87ffcb"},"headline":"Actualitzaci\u00f3 cl\u00ednica en patologia cardiovascular: aprofundint en la cardiopatia isqu\u00e8mica","datePublished":"2021-10-05T08:33:50+00:00","dateModified":"2021-10-05T08:33:50+00:00","mainEntityOfPage":{"@id":"https:\/\/novaorg.cofb.net\/2021\/10\/05\/actualitzacio-clinica-patologia-cardiovascular-aprofundint-cardiopatia-isquemica\/"},"wordCount":1316,"commentCount":0,"publisher":{"@id":"https:\/\/www.cofb.org\/#organization"},"image":{"@id":"https:\/\/novaorg.cofb.net\/2021\/10\/05\/actualitzacio-clinica-patologia-cardiovascular-aprofundint-cardiopatia-isquemica\/#primaryimage"},"thumbnailUrl":"","keywords":["activitats formatives","\u00e0mbits assistencials","Atenci\u00f3 farmac\u00e8utica","Atenci\u00f3 prim\u00e0ria","cardiologia","codi IAM","codi infart","COFB","Col\u00b7legi de Farmac\u00e8utics de Barcelona","cor","diabetis","farmac\u00e8utics Atenci\u00f3 Prim\u00e0ria","Farm\u00e0cia","farm\u00e0cia comunit\u00e0ria","farm\u00e0cia hospital\u00e0ria","Formaci\u00f3","infart","infart agut de miocardi","interdisciplinarietat","metodologia","pacients","SEFAP"],"articleSection":["Destacats","M\u00f3n col\u00b7legial"],"inLanguage":"es","potentialAction":[{"@type":"CommentAction","name":"Comment","target":["https:\/\/novaorg.cofb.net\/2021\/10\/05\/actualitzacio-clinica-patologia-cardiovascular-aprofundint-cardiopatia-isquemica\/#respond"]}]},{"@type":"WebPage","@id":"https:\/\/novaorg.cofb.net\/2021\/10\/05\/actualitzacio-clinica-patologia-cardiovascular-aprofundint-cardiopatia-isquemica\/","url":"https:\/\/novaorg.cofb.net\/2021\/10\/05\/actualitzacio-clinica-patologia-cardiovascular-aprofundint-cardiopatia-isquemica\/","name":"Actualitzaci\u00f3 cl\u00ednica en patologia cardiovascular: aprofundint en la cardiopatia isqu\u00e8mica - Col\u00b7legi de Farmac\u00e8utics de Barcelona","isPartOf":{"@id":"https:\/\/www.cofb.org\/#website"},"primaryImageOfPage":{"@id":"https:\/\/novaorg.cofb.net\/2021\/10\/05\/actualitzacio-clinica-patologia-cardiovascular-aprofundint-cardiopatia-isquemica\/#primaryimage"},"image":{"@id":"https:\/\/novaorg.cofb.net\/2021\/10\/05\/actualitzacio-clinica-patologia-cardiovascular-aprofundint-cardiopatia-isquemica\/#primaryimage"},"thumbnailUrl":"","datePublished":"2021-10-05T08:33:50+00:00","dateModified":"2021-10-05T08:33:50+00:00","description":"Els passats 20, 22 i 29 de setembre de 2021 va tenir lloc la formaci\u00f3\u00a0\"Actualitzaci\u00f3 cl\u00ednica en patologia cardiovascular: cardiopatia isqu\u00e8mica\" que es va impartir en modalitat h\u00edbrida.","breadcrumb":{"@id":"https:\/\/novaorg.cofb.net\/2021\/10\/05\/actualitzacio-clinica-patologia-cardiovascular-aprofundint-cardiopatia-isquemica\/#breadcrumb"},"inLanguage":"es","potentialAction":[{"@type":"ReadAction","target":["https:\/\/novaorg.cofb.net\/2021\/10\/05\/actualitzacio-clinica-patologia-cardiovascular-aprofundint-cardiopatia-isquemica\/"]}]},{"@type":"ImageObject","inLanguage":"es","@id":"https:\/\/novaorg.cofb.net\/2021\/10\/05\/actualitzacio-clinica-patologia-cardiovascular-aprofundint-cardiopatia-isquemica\/#primaryimage","url":"","contentUrl":""},{"@type":"BreadcrumbList","@id":"https:\/\/novaorg.cofb.net\/2021\/10\/05\/actualitzacio-clinica-patologia-cardiovascular-aprofundint-cardiopatia-isquemica\/#breadcrumb","itemListElement":[{"@type":"ListItem","position":1,"name":"Inici","item":"https:\/\/novaorg.cofb.net\/"},{"@type":"ListItem","position":2,"name":"Actualitzaci\u00f3 cl\u00ednica en patologia cardiovascular: aprofundint en la cardiopatia isqu\u00e8mica"}]},{"@type":"WebSite","@id":"https:\/\/www.cofb.org\/#website","url":"https:\/\/www.cofb.org\/","name":"Col\u00b7legi de Farmac\u00e8utics de Barcelona","description":"","publisher":{"@id":"https:\/\/www.cofb.org\/#organization"},"potentialAction":[{"@type":"SearchAction","target":{"@type":"EntryPoint","urlTemplate":"https:\/\/www.cofb.org\/?s={search_term_string}"},"query-input":"required name=search_term_string"}],"inLanguage":"es"},{"@type":"Organization","@id":"https:\/\/www.cofb.org\/#organization","name":"Col\u00b7legi de Farmac\u00e8utics de Barcelona","url":"https:\/\/www.cofb.org\/","logo":{"@type":"ImageObject","inLanguage":"es","@id":"https:\/\/www.cofb.org\/#\/schema\/logo\/image\/","url":"https:\/\/www.cofb.org\/wp-content\/uploads\/2023\/11\/cropped-Logotip-COFB.png","contentUrl":"https:\/\/www.cofb.org\/wp-content\/uploads\/2023\/11\/cropped-Logotip-COFB.png","width":500,"height":105,"caption":"Col\u00b7legi de Farmac\u00e8utics de Barcelona"},"image":{"@id":"https:\/\/www.cofb.org\/#\/schema\/logo\/image\/"},"sameAs":["https:\/\/www.facebook.com\/farmaceuticsbcn\/","https:\/\/twitter.com\/farmaceuticsbcn","https:\/\/www.instagram.com\/farmaceuticsbcn\/","https:\/\/www.linkedin.com\/company\/farmaceuticsbcn\/"]},{"@type":"Person","@id":"https:\/\/www.cofb.org\/#\/schema\/person\/22ed7eea88da74b0fa4d3154ad87ffcb","name":"wpAdminCofbOrg","image":{"@type":"ImageObject","inLanguage":"es","@id":"https:\/\/www.cofb.org\/#\/schema\/person\/image\/","url":"https:\/\/secure.gravatar.com\/avatar\/1721b20b3b8ca882c3b56ec6c978c594fff670e40c0718e9190eaeeb76aae7d8?s=96&d=mm&r=g","contentUrl":"https:\/\/secure.gravatar.com\/avatar\/1721b20b3b8ca882c3b56ec6c978c594fff670e40c0718e9190eaeeb76aae7d8?s=96&d=mm&r=g","caption":"wpAdminCofbOrg"},"sameAs":["http:\/\/192.168.64.122\/wordpress"],"url":"https:\/\/www.cofb.org\/es\/author\/wpadmincofborg\/"}]}},"uagb_featured_image_src":{"full":false,"thumbnail":false,"medium":false,"medium_large":false,"large":false,"1536x1536":false,"2048x2048":false,"trp-custom-language-flag":false},"uagb_author_info":{"display_name":"wpAdminCofbOrg","author_link":"https:\/\/www.cofb.org\/es\/author\/wpadmincofborg\/"},"uagb_comment_info":0,"uagb_excerpt":"Els passats 20, 22 i 29 de setembre\u00a0va tenir lloc la formaci\u00f3\u00a0&#8220;Actualitzaci\u00f3 cl\u00ednica en patologia cardiovascular: cardiopatia isqu\u00e8mica&#8221;, organitzada conjuntament amb SEFAP i amb el patrocini de Menarini.\u00a0Impartida al COFB amb\u00a0modalitat h\u00edbrida, la formaci\u00f3\u00a0tenia per objectius potenciar el paper cl\u00ednic del farmac\u00e8utic d&#8217;Atenci\u00f3 Prim\u00e0ria (FAP) amb els fonaments b\u00e0sics del [&hellip;]","_links":{"self":[{"href":"https:\/\/www.cofb.org\/es\/wp-json\/wp\/v2\/posts\/56670","targetHints":{"allow":["GET"]}}],"collection":[{"href":"https:\/\/www.cofb.org\/es\/wp-json\/wp\/v2\/posts"}],"about":[{"href":"https:\/\/www.cofb.org\/es\/wp-json\/wp\/v2\/types\/post"}],"author":[{"embeddable":true,"href":"https:\/\/www.cofb.org\/es\/wp-json\/wp\/v2\/users\/1"}],"replies":[{"embeddable":true,"href":"https:\/\/www.cofb.org\/es\/wp-json\/wp\/v2\/comments?post=56670"}],"version-history":[{"count":0,"href":"https:\/\/www.cofb.org\/es\/wp-json\/wp\/v2\/posts\/56670\/revisions"}],"wp:featuredmedia":[{"embeddable":true,"href":"https:\/\/www.cofb.org\/es\/wp-json\/"}],"wp:attachment":[{"href":"https:\/\/www.cofb.org\/es\/wp-json\/wp\/v2\/media?parent=56670"}],"wp:term":[{"taxonomy":"category","embeddable":true,"href":"https:\/\/www.cofb.org\/es\/wp-json\/wp\/v2\/categories?post=56670"},{"taxonomy":"post_tag","embeddable":true,"href":"https:\/\/www.cofb.org\/es\/wp-json\/wp\/v2\/tags?post=56670"}],"curies":[{"name":"wp","href":"https:\/\/api.w.org\/{rel}","templated":true}]}}