{"id":5665,"date":"2014-03-13T15:44:12","date_gmt":"2014-03-13T14:44:12","guid":{"rendered":"http:\/\/blog.cofb.cat\/?p=5665"},"modified":"2014-03-13T15:44:12","modified_gmt":"2014-03-13T14:44:12","slug":"molt-per-aportar","status":"publish","type":"post","link":"https:\/\/www.cofb.org\/es\/2014\/03\/13\/molt-per-aportar\/","title":{"rendered":"Mucho por aportar"},"content":{"rendered":"<p><a href=\"http:\/\/blog.cofb.cat\/wp-content\/uploads\/2014\/03\/jordidedalmases.jpg\"><img fetchpriority=\"high\" decoding=\"async\" class=\"wp-image-5669 alignright\" alt=\"jordidedalmases\" src=\"http:\/\/blog.cofb.cat\/wp-content\/uploads\/2014\/03\/jordidedalmases.jpg\" width=\"315\" height=\"204\" \/><\/a><strong>Jordi de Dalmases, presidente del Colegio de Farmac\u00e9uticos de Barcelona.<\/strong><\/p>\n<p><span style=\"color: #888888;\"><em><strong>&quot;Tenemos mucho que ofrecer, entre otras cosas porque configuramos la red asistencial m\u00e1s extensa y cercana al ciudadano, una red que adem\u00e1s est\u00e1 conectada gracias a la implantaci\u00f3n de la receta electr\u00f3nica&quot;<\/strong><\/em><\/span><\/p>\n<p>Todos hemos experimentado alguna vez la extra\u00f1eza que se siente cuando te despiertas en un sitio nuevo justo antes de tomar la conciencia suficiente como para recordar por qu\u00e9 est\u00e1s all\u00ed. Por un instante s\u00f3lo sabes que ha cambiado el escenario y el desconcierto provoca que te cueste reaccionar. Algo as\u00ed nos ha ocurrido en la farmacia. En el mundo farmac\u00e9utico, la universalizaci\u00f3n de la sanidad p\u00fablica ha ido introduciendo cambios progresivos para hacer econ\u00f3micamente viables las m\u00e1s altas expectativas marcadas para la salud y la sanidad de nuestros ciudadanos. Sistemas de precios de referencia, pol\u00edticas de gen\u00e9ricos, direcci\u00f3n por objetivos tambi\u00e9n aplicados a la prescripci\u00f3n de f\u00e1rmacos y un largo etc\u00e9tera de medidas utilizadas en todos los pa\u00edses del mundo desarrollado.<\/p>\n<p><strong>A estas medidas introducidas en la \u00faltima d\u00e9cada se une la crisis econ\u00f3mica, que en nuestro caso ha provocado que adem\u00e1s tuvi\u00e9ramos que incluir entre nuestras preocupaciones prioritarias algo tan b\u00e1sico como cobrar por nuestro trabajo<\/strong>. Pero incluso cuando todo esto haya ocurrido, incluso cuando recuperemos la rutina del cobro mensual sin necesidad de luchar por ello, comprobaremos que nuestro entorno no es lo mismo que cuando nos venci\u00f3 el sue\u00f1o. De hecho, lo sabemos ya, no estamos en el mismo sitio y hay que despertar.<\/p>\n<p>Una de las primeras preocupaciones por abordar ser\u00e1 la sostenibilidad econ\u00f3mica de nuestra actividad. En Espa\u00f1a el precio medio de la receta ha ca\u00eddo m\u00e1s de un 20% en los \u00faltimos tres a\u00f1os, acompa\u00f1ado de una ca\u00edda del n\u00famero de recetas prescritas en torno al 10%. Ante esta realidad es imprescindible reabrir los debates que iniciamos en tiempos de menor urgencia en torno a los modelos de retribuci\u00f3n. Si los farmac\u00e9uticos queremos seguir teniendo un rol sanitario en el nuevo escenario debemos plantearnos cu\u00e1l ser\u00e1 el entorno econ\u00f3mico que nos permitir\u00e1 desarrollar nuestra profesi\u00f3n.<\/p>\n<p>Una de las opciones contempladas es ligar la remuneraci\u00f3n de forma mixta al coste del f\u00e1rmaco para sostener el circuito econ\u00f3mico que transcurre en nuestras farmacias y, por otra parte, sufragando la gesti\u00f3n del conocimiento que supone la dispensaci\u00f3n. Estos sistemas mixtos se est\u00e1n probando en todo nuestro entorno, por lo que pronto tendremos resultados para el an\u00e1lisis.<\/p>\n<p><strong>Pero, m\u00e1s all\u00e1 del contexto econ\u00f3mico, nuestra profesi\u00f3n debe abordar un nuevo cambio de ciclo<\/strong>. En t\u00e9rminos de sanidad p\u00fablica, hace unos a\u00f1os la preocupaci\u00f3n primordial era tener una respuesta para las crisis agudas: un ictus, un edema, un infarto de miocardio\u2026; ahora algunas de las palabras m\u00e1s repetidas en el debate son cronicidad y polimedicaci\u00f3n. El foco est\u00e1 puesto en la prevenci\u00f3n, en la promoci\u00f3n de la salud y en la asistencia a la cronicidad y PRM que origina la polimedicaci\u00f3n. Y en estos tres \u00e1mbitos tenemos mucho que ofrecer, entre otras cosas porque configuramos la red asistencial m\u00e1s extensa y cercana al ciudadano, una red que adem\u00e1s est\u00e1 conectada gracias a la implantaci\u00f3n de la receta electr\u00f3nica y que configurar\u00e1 una estructura de alta utilidad y eficiencia que deberemos rentabilizar desde el punto de vista sanitario y econ\u00f3mico.<\/p>\n<p>Tenemos ya claros ejemplos de \u00e9xito en las oportunidades que la sanidad y la salud p\u00fablica nos ofrecer\u00e1n: es el caso de programas como el de detecci\u00f3n precoz del c\u00e1ncer de colon o el del seguimiento farmacoterap\u00e9utico a cr\u00f3nicos y polimedicados que se est\u00e1n llevando a cabo desde las farmacias catalanas. \u00c9stas y otras iniciativas desarrolladas en el resto de Espa\u00f1a han demostrado ser \u00fatiles para los pacientes y coste-efectivas por el SNS y son una muestra de nuestra inquietud como colectivo de formar parte del nuevo marco que se visualiza.<\/p>\n<p>Para aquellos que nos encontramos asumiendo responsabilidades en la profesi\u00f3n, <strong>es importante encontrar la combinaci\u00f3n id\u00f3nea de las tres l\u00edneas de actuaci\u00f3n marcadas -la sostenibilidad econ\u00f3mica, los nuevos roles y nuestra fuerza como red asistencial-<\/strong>, para dejar a los futuros farmac\u00e9uticos un entorno de ejercicio que se siga basando en un modelo planificado y pensado para responder a la necesidades de la sociedad y que permita la independencia como hasta ahora, garantizando que lo que prevalece en nuestras farmacias es siempre el criterio profesional.<\/p>\n<p>&nbsp;<\/p>\n<p>[<span style=\"text-decoration: underline;\"><a href=\"http:\/\/www.correofarmaceutico.com\/2014\/03\/10\/opinion-participacion\/tribunas\/mucho-aportar\" target=\"_blank\" rel=\"noopener\">Art\u00edculo publicado en Correo Farmac\u00e9utico, secci\u00f3n TRIBUNA<\/a><\/span> (Semana 10-16 marzo de 2014)]<\/p>","protected":false},"excerpt":{"rendered":"<p>Jordi de Dalmases, presidente del Colegio de Farmac\u00e9uticos de Barcelona. \u201cTenemos mucho que ofrecer, entre otras cosas porque configuramos la red asistencial m\u00e1s extensa y cercana al ciudadano, una red que adem\u00e1s est\u00e1 conectada gracias a la implantaci\u00f3n de la receta electr\u00f3nica\u201d Todos hemos experimentado alguna vez la extra\u00f1eza que [\u2026]<\/p>","protected":false},"author":1,"featured_media":5669,"comment_status":"open","ping_status":"open","sticky":false,"template":"","format":"standard","meta":{"_uag_custom_page_level_css":"","site-sidebar-layout":"default","site-content-layout":"","ast-site-content-layout":"default","site-content-style":"default","site-sidebar-style":"default","ast-global-header-display":"","ast-banner-title-visibility":"","ast-main-header-display":"","ast-hfb-above-header-display":"","ast-hfb-below-header-display":"","ast-hfb-mobile-header-display":"","site-post-title":"","ast-breadcrumbs-content":"","ast-featured-img":"disabled","footer-sml-layout":"","theme-transparent-header-meta":"","adv-header-id-meta":"","stick-header-meta":"","header-above-stick-meta":"","header-main-stick-meta":"","header-below-stick-meta":"","astra-migrate-meta-layouts":"default","ast-page-background-enabled":"default","ast-page-background-meta":{"desktop":{"background-color":"var(--ast-global-color-4)","background-image":"","background-repeat":"repeat","background-position":"center center","background-size":"auto","background-attachment":"scroll","background-type":"","background-media":"","overlay-type":"","overlay-color":"","overlay-opacity":"","overlay-gradient":""},"tablet":{"background-color":"","background-image":"","background-repeat":"repeat","background-position":"center center","background-size":"auto","background-attachment":"scroll","background-type":"","background-media":"","overlay-type":"","overlay-color":"","overlay-opacity":"","overlay-gradient":""},"mobile":{"background-color":"","background-image":"","background-repeat":"repeat","background-position":"center center","background-size":"auto","background-attachment":"scroll","background-type":"","background-media":"","overlay-type":"","overlay-color":"","overlay-opacity":"","overlay-gradient":""}},"ast-content-background-meta":{"desktop":{"background-color":"var(--ast-global-color-5)","background-image":"","background-repeat":"repeat","background-position":"center center","background-size":"auto","background-attachment":"scroll","background-type":"","background-media":"","overlay-type":"","overlay-color":"","overlay-opacity":"","overlay-gradient":""},"tablet":{"background-color":"var(--ast-global-color-5)","background-image":"","background-repeat":"repeat","background-position":"center center","background-size":"auto","background-attachment":"scroll","background-type":"","background-media":"","overlay-type":"","overlay-color":"","overlay-opacity":"","overlay-gradient":""},"mobile":{"background-color":"var(--ast-global-color-5)","background-image":"","background-repeat":"repeat","background-position":"center center","background-size":"auto","background-attachment":"scroll","background-type":"","background-media":"","overlay-type":"","overlay-color":"","overlay-opacity":"","overlay-gradient":""}},"footnotes":""},"categories":[489],"tags":[],"class_list":["post-5665","post","type-post","status-publish","format-standard","has-post-thumbnail","hentry","category-opinions-del-collegi"],"yoast_head":"<!-- This site is optimized with the Yoast SEO plugin v22.4 - https:\/\/yoast.com\/wordpress\/plugins\/seo\/ -->\n<title>Molt per aportar - Col\u00b7legi de Farmac\u00e8utics de Barcelona<\/title>\n<meta name=\"robots\" content=\"index, follow, max-snippet:-1, max-image-preview:large, max-video-preview:-1\" \/>\n<link rel=\"canonical\" href=\"https:\/\/novaorg.cofb.net\/2014\/03\/13\/molt-per-aportar\/\" \/>\n<meta property=\"og:locale\" content=\"es_ES\" \/>\n<meta property=\"og:type\" content=\"article\" \/>\n<meta property=\"og:title\" content=\"Molt per aportar - Col\u00b7legi de Farmac\u00e8utics de Barcelona\" \/>\n<meta property=\"og:description\" content=\"Jordi de Dalmases, president del Col\u00b7legi de Farmac\u00e8utics de Barcelona. &#8220;Tenim molt per oferir, entre altres coses perqu\u00e8 configurem la xarxa assistencial m\u00e9s extensa i propera al ciutad\u00e0, una xarxa que a m\u00e9s est\u00e0 connectada gr\u00e0cies a la implantaci\u00f3 de la recepta electr\u00f2nica&#8221; Tots hem experimentat alguna vegada l&#8217;estranyesa que [&hellip;]\" \/>\n<meta property=\"og:url\" content=\"https:\/\/novaorg.cofb.net\/2014\/03\/13\/molt-per-aportar\/\" \/>\n<meta property=\"og:site_name\" content=\"Col\u00b7legi de Farmac\u00e8utics de Barcelona\" \/>\n<meta property=\"article:publisher\" content=\"https:\/\/www.facebook.com\/farmaceuticsbcn\/\" \/>\n<meta property=\"article:published_time\" content=\"2014-03-13T14:44:12+00:00\" \/>\n<meta name=\"author\" content=\"wpAdminCofbOrg\" \/>\n<meta name=\"twitter:card\" content=\"summary_large_image\" \/>\n<meta name=\"twitter:creator\" content=\"@farmaceuticsbcn\" \/>\n<meta name=\"twitter:site\" content=\"@farmaceuticsbcn\" \/>\n<meta name=\"twitter:label1\" content=\"Escrito por\" \/>\n\t<meta name=\"twitter:data1\" content=\"wpAdminCofbOrg\" \/>\n\t<meta name=\"twitter:label2\" content=\"Tiempo de lectura\" \/>\n\t<meta name=\"twitter:data2\" content=\"4 minutos\" \/>\n<script type=\"application\/ld+json\" class=\"yoast-schema-graph\">{\"@context\":\"https:\/\/schema.org\",\"@graph\":[{\"@type\":\"Article\",\"@id\":\"https:\/\/novaorg.cofb.net\/2014\/03\/13\/molt-per-aportar\/#article\",\"isPartOf\":{\"@id\":\"https:\/\/novaorg.cofb.net\/2014\/03\/13\/molt-per-aportar\/\"},\"author\":{\"name\":\"wpAdminCofbOrg\",\"@id\":\"https:\/\/www.cofb.org\/#\/schema\/person\/22ed7eea88da74b0fa4d3154ad87ffcb\"},\"headline\":\"Molt per aportar\",\"datePublished\":\"2014-03-13T14:44:12+00:00\",\"dateModified\":\"2014-03-13T14:44:12+00:00\",\"mainEntityOfPage\":{\"@id\":\"https:\/\/novaorg.cofb.net\/2014\/03\/13\/molt-per-aportar\/\"},\"wordCount\":827,\"commentCount\":1,\"publisher\":{\"@id\":\"https:\/\/www.cofb.org\/#organization\"},\"image\":{\"@id\":\"https:\/\/novaorg.cofb.net\/2014\/03\/13\/molt-per-aportar\/#primaryimage\"},\"thumbnailUrl\":\"\",\"articleSection\":[\"Opinions del Col\u00b7legi\"],\"inLanguage\":\"es\",\"potentialAction\":[{\"@type\":\"CommentAction\",\"name\":\"Comment\",\"target\":[\"https:\/\/novaorg.cofb.net\/2014\/03\/13\/molt-per-aportar\/#respond\"]}]},{\"@type\":\"WebPage\",\"@id\":\"https:\/\/novaorg.cofb.net\/2014\/03\/13\/molt-per-aportar\/\",\"url\":\"https:\/\/novaorg.cofb.net\/2014\/03\/13\/molt-per-aportar\/\",\"name\":\"Molt per aportar - Col\u00b7legi de Farmac\u00e8utics de Barcelona\",\"isPartOf\":{\"@id\":\"https:\/\/www.cofb.org\/#website\"},\"primaryImageOfPage\":{\"@id\":\"https:\/\/novaorg.cofb.net\/2014\/03\/13\/molt-per-aportar\/#primaryimage\"},\"image\":{\"@id\":\"https:\/\/novaorg.cofb.net\/2014\/03\/13\/molt-per-aportar\/#primaryimage\"},\"thumbnailUrl\":\"\",\"datePublished\":\"2014-03-13T14:44:12+00:00\",\"dateModified\":\"2014-03-13T14:44:12+00:00\",\"breadcrumb\":{\"@id\":\"https:\/\/novaorg.cofb.net\/2014\/03\/13\/molt-per-aportar\/#breadcrumb\"},\"inLanguage\":\"es\",\"potentialAction\":[{\"@type\":\"ReadAction\",\"target\":[\"https:\/\/novaorg.cofb.net\/2014\/03\/13\/molt-per-aportar\/\"]}]},{\"@type\":\"ImageObject\",\"inLanguage\":\"es\",\"@id\":\"https:\/\/novaorg.cofb.net\/2014\/03\/13\/molt-per-aportar\/#primaryimage\",\"url\":\"\",\"contentUrl\":\"\"},{\"@type\":\"BreadcrumbList\",\"@id\":\"https:\/\/novaorg.cofb.net\/2014\/03\/13\/molt-per-aportar\/#breadcrumb\",\"itemListElement\":[{\"@type\":\"ListItem\",\"position\":1,\"name\":\"Inici\",\"item\":\"https:\/\/novaorg.cofb.net\/\"},{\"@type\":\"ListItem\",\"position\":2,\"name\":\"Molt per aportar\"}]},{\"@type\":\"WebSite\",\"@id\":\"https:\/\/www.cofb.org\/#website\",\"url\":\"https:\/\/www.cofb.org\/\",\"name\":\"Col\u00b7legi de Farmac\u00e8utics de Barcelona\",\"description\":\"\",\"publisher\":{\"@id\":\"https:\/\/www.cofb.org\/#organization\"},\"potentialAction\":[{\"@type\":\"SearchAction\",\"target\":{\"@type\":\"EntryPoint\",\"urlTemplate\":\"https:\/\/www.cofb.org\/?s={search_term_string}\"},\"query-input\":\"required name=search_term_string\"}],\"inLanguage\":\"es\"},{\"@type\":\"Organization\",\"@id\":\"https:\/\/www.cofb.org\/#organization\",\"name\":\"Col\u00b7legi de Farmac\u00e8utics de Barcelona\",\"url\":\"https:\/\/www.cofb.org\/\",\"logo\":{\"@type\":\"ImageObject\",\"inLanguage\":\"es\",\"@id\":\"https:\/\/www.cofb.org\/#\/schema\/logo\/image\/\",\"url\":\"https:\/\/www.cofb.org\/wp-content\/uploads\/2023\/11\/cropped-Logotip-COFB.png\",\"contentUrl\":\"https:\/\/www.cofb.org\/wp-content\/uploads\/2023\/11\/cropped-Logotip-COFB.png\",\"width\":500,\"height\":105,\"caption\":\"Col\u00b7legi de Farmac\u00e8utics de Barcelona\"},\"image\":{\"@id\":\"https:\/\/www.cofb.org\/#\/schema\/logo\/image\/\"},\"sameAs\":[\"https:\/\/www.facebook.com\/farmaceuticsbcn\/\",\"https:\/\/twitter.com\/farmaceuticsbcn\",\"https:\/\/www.instagram.com\/farmaceuticsbcn\/\",\"https:\/\/www.linkedin.com\/company\/farmaceuticsbcn\/\"]},{\"@type\":\"Person\",\"@id\":\"https:\/\/www.cofb.org\/#\/schema\/person\/22ed7eea88da74b0fa4d3154ad87ffcb\",\"name\":\"wpAdminCofbOrg\",\"image\":{\"@type\":\"ImageObject\",\"inLanguage\":\"es\",\"@id\":\"https:\/\/www.cofb.org\/#\/schema\/person\/image\/\",\"url\":\"https:\/\/secure.gravatar.com\/avatar\/1721b20b3b8ca882c3b56ec6c978c594fff670e40c0718e9190eaeeb76aae7d8?s=96&d=mm&r=g\",\"contentUrl\":\"https:\/\/secure.gravatar.com\/avatar\/1721b20b3b8ca882c3b56ec6c978c594fff670e40c0718e9190eaeeb76aae7d8?s=96&d=mm&r=g\",\"caption\":\"wpAdminCofbOrg\"},\"sameAs\":[\"http:\/\/192.168.64.122\/wordpress\"],\"url\":\"https:\/\/www.cofb.org\/es\/author\/wpadmincofborg\/\"}]}<\/script>\n<!-- \/ Yoast SEO plugin. -->","yoast_head_json":{"title":"Molt per aportar - Col\u00b7legi de Farmac\u00e8utics de Barcelona","robots":{"index":"index","follow":"follow","max-snippet":"max-snippet:-1","max-image-preview":"max-image-preview:large","max-video-preview":"max-video-preview:-1"},"canonical":"https:\/\/novaorg.cofb.net\/2014\/03\/13\/molt-per-aportar\/","og_locale":"es_ES","og_type":"article","og_title":"Molt per aportar - Col\u00b7legi de Farmac\u00e8utics de Barcelona","og_description":"Jordi de Dalmases, president del Col\u00b7legi de Farmac\u00e8utics de Barcelona. &#8220;Tenim molt per oferir, entre altres coses perqu\u00e8 configurem la xarxa assistencial m\u00e9s extensa i propera al ciutad\u00e0, una xarxa que a m\u00e9s est\u00e0 connectada gr\u00e0cies a la implantaci\u00f3 de la recepta electr\u00f2nica&#8221; Tots hem experimentat alguna vegada l&#8217;estranyesa que [&hellip;]","og_url":"https:\/\/novaorg.cofb.net\/2014\/03\/13\/molt-per-aportar\/","og_site_name":"Col\u00b7legi de Farmac\u00e8utics de Barcelona","article_publisher":"https:\/\/www.facebook.com\/farmaceuticsbcn\/","article_published_time":"2014-03-13T14:44:12+00:00","author":"wpAdminCofbOrg","twitter_card":"summary_large_image","twitter_creator":"@farmaceuticsbcn","twitter_site":"@farmaceuticsbcn","twitter_misc":{"Escrito por":"wpAdminCofbOrg","Tiempo de lectura":"4 minutos"},"schema":{"@context":"https:\/\/schema.org","@graph":[{"@type":"Article","@id":"https:\/\/novaorg.cofb.net\/2014\/03\/13\/molt-per-aportar\/#article","isPartOf":{"@id":"https:\/\/novaorg.cofb.net\/2014\/03\/13\/molt-per-aportar\/"},"author":{"name":"wpAdminCofbOrg","@id":"https:\/\/www.cofb.org\/#\/schema\/person\/22ed7eea88da74b0fa4d3154ad87ffcb"},"headline":"Molt per aportar","datePublished":"2014-03-13T14:44:12+00:00","dateModified":"2014-03-13T14:44:12+00:00","mainEntityOfPage":{"@id":"https:\/\/novaorg.cofb.net\/2014\/03\/13\/molt-per-aportar\/"},"wordCount":827,"commentCount":1,"publisher":{"@id":"https:\/\/www.cofb.org\/#organization"},"image":{"@id":"https:\/\/novaorg.cofb.net\/2014\/03\/13\/molt-per-aportar\/#primaryimage"},"thumbnailUrl":"","articleSection":["Opinions del Col\u00b7legi"],"inLanguage":"es","potentialAction":[{"@type":"CommentAction","name":"Comment","target":["https:\/\/novaorg.cofb.net\/2014\/03\/13\/molt-per-aportar\/#respond"]}]},{"@type":"WebPage","@id":"https:\/\/novaorg.cofb.net\/2014\/03\/13\/molt-per-aportar\/","url":"https:\/\/novaorg.cofb.net\/2014\/03\/13\/molt-per-aportar\/","name":"Molt per aportar - Col\u00b7legi de Farmac\u00e8utics de Barcelona","isPartOf":{"@id":"https:\/\/www.cofb.org\/#website"},"primaryImageOfPage":{"@id":"https:\/\/novaorg.cofb.net\/2014\/03\/13\/molt-per-aportar\/#primaryimage"},"image":{"@id":"https:\/\/novaorg.cofb.net\/2014\/03\/13\/molt-per-aportar\/#primaryimage"},"thumbnailUrl":"","datePublished":"2014-03-13T14:44:12+00:00","dateModified":"2014-03-13T14:44:12+00:00","breadcrumb":{"@id":"https:\/\/novaorg.cofb.net\/2014\/03\/13\/molt-per-aportar\/#breadcrumb"},"inLanguage":"es","potentialAction":[{"@type":"ReadAction","target":["https:\/\/novaorg.cofb.net\/2014\/03\/13\/molt-per-aportar\/"]}]},{"@type":"ImageObject","inLanguage":"es","@id":"https:\/\/novaorg.cofb.net\/2014\/03\/13\/molt-per-aportar\/#primaryimage","url":"","contentUrl":""},{"@type":"BreadcrumbList","@id":"https:\/\/novaorg.cofb.net\/2014\/03\/13\/molt-per-aportar\/#breadcrumb","itemListElement":[{"@type":"ListItem","position":1,"name":"Inici","item":"https:\/\/novaorg.cofb.net\/"},{"@type":"ListItem","position":2,"name":"Molt per aportar"}]},{"@type":"WebSite","@id":"https:\/\/www.cofb.org\/#website","url":"https:\/\/www.cofb.org\/","name":"Col\u00b7legi de Farmac\u00e8utics de Barcelona","description":"","publisher":{"@id":"https:\/\/www.cofb.org\/#organization"},"potentialAction":[{"@type":"SearchAction","target":{"@type":"EntryPoint","urlTemplate":"https:\/\/www.cofb.org\/?s={search_term_string}"},"query-input":"required name=search_term_string"}],"inLanguage":"es"},{"@type":"Organization","@id":"https:\/\/www.cofb.org\/#organization","name":"Col\u00b7legi de Farmac\u00e8utics de Barcelona","url":"https:\/\/www.cofb.org\/","logo":{"@type":"ImageObject","inLanguage":"es","@id":"https:\/\/www.cofb.org\/#\/schema\/logo\/image\/","url":"https:\/\/www.cofb.org\/wp-content\/uploads\/2023\/11\/cropped-Logotip-COFB.png","contentUrl":"https:\/\/www.cofb.org\/wp-content\/uploads\/2023\/11\/cropped-Logotip-COFB.png","width":500,"height":105,"caption":"Col\u00b7legi de Farmac\u00e8utics de Barcelona"},"image":{"@id":"https:\/\/www.cofb.org\/#\/schema\/logo\/image\/"},"sameAs":["https:\/\/www.facebook.com\/farmaceuticsbcn\/","https:\/\/twitter.com\/farmaceuticsbcn","https:\/\/www.instagram.com\/farmaceuticsbcn\/","https:\/\/www.linkedin.com\/company\/farmaceuticsbcn\/"]},{"@type":"Person","@id":"https:\/\/www.cofb.org\/#\/schema\/person\/22ed7eea88da74b0fa4d3154ad87ffcb","name":"wpAdminCofbOrg","image":{"@type":"ImageObject","inLanguage":"es","@id":"https:\/\/www.cofb.org\/#\/schema\/person\/image\/","url":"https:\/\/secure.gravatar.com\/avatar\/1721b20b3b8ca882c3b56ec6c978c594fff670e40c0718e9190eaeeb76aae7d8?s=96&d=mm&r=g","contentUrl":"https:\/\/secure.gravatar.com\/avatar\/1721b20b3b8ca882c3b56ec6c978c594fff670e40c0718e9190eaeeb76aae7d8?s=96&d=mm&r=g","caption":"wpAdminCofbOrg"},"sameAs":["http:\/\/192.168.64.122\/wordpress"],"url":"https:\/\/www.cofb.org\/es\/author\/wpadmincofborg\/"}]}},"uagb_featured_image_src":{"full":false,"thumbnail":false,"medium":false,"medium_large":false,"large":false,"1536x1536":false,"2048x2048":false,"trp-custom-language-flag":false},"uagb_author_info":{"display_name":"wpAdminCofbOrg","author_link":"https:\/\/www.cofb.org\/es\/author\/wpadmincofborg\/"},"uagb_comment_info":1,"uagb_excerpt":"Jordi de Dalmases, president del Col\u00b7legi de Farmac\u00e8utics de Barcelona. &#8220;Tenim molt per oferir, entre altres coses perqu\u00e8 configurem la xarxa assistencial m\u00e9s extensa i propera al ciutad\u00e0, una xarxa que a m\u00e9s est\u00e0 connectada gr\u00e0cies a la implantaci\u00f3 de la recepta electr\u00f2nica&#8221; Tots hem experimentat alguna vegada l&#8217;estranyesa que [&hellip;]","_links":{"self":[{"href":"https:\/\/www.cofb.org\/es\/wp-json\/wp\/v2\/posts\/5665","targetHints":{"allow":["GET"]}}],"collection":[{"href":"https:\/\/www.cofb.org\/es\/wp-json\/wp\/v2\/posts"}],"about":[{"href":"https:\/\/www.cofb.org\/es\/wp-json\/wp\/v2\/types\/post"}],"author":[{"embeddable":true,"href":"https:\/\/www.cofb.org\/es\/wp-json\/wp\/v2\/users\/1"}],"replies":[{"embeddable":true,"href":"https:\/\/www.cofb.org\/es\/wp-json\/wp\/v2\/comments?post=5665"}],"version-history":[{"count":0,"href":"https:\/\/www.cofb.org\/es\/wp-json\/wp\/v2\/posts\/5665\/revisions"}],"wp:featuredmedia":[{"embeddable":true,"href":"https:\/\/www.cofb.org\/es\/wp-json\/"}],"wp:attachment":[{"href":"https:\/\/www.cofb.org\/es\/wp-json\/wp\/v2\/media?parent=5665"}],"wp:term":[{"taxonomy":"category","embeddable":true,"href":"https:\/\/www.cofb.org\/es\/wp-json\/wp\/v2\/categories?post=5665"},{"taxonomy":"post_tag","embeddable":true,"href":"https:\/\/www.cofb.org\/es\/wp-json\/wp\/v2\/tags?post=5665"}],"curies":[{"name":"wp","href":"https:\/\/api.w.org\/{rel}","templated":true}]}}